{"id":945,"date":"2024-02-26T03:14:06","date_gmt":"2024-02-26T02:14:06","guid":{"rendered":"https:\/\/www.tribunal-nature.org\/blog\/ne-manquez-pas-cela-justice-gerard-depardieu-vise-par-une-nouvelle-plainte-pour-agression-sexuelle\/"},"modified":"2024-02-26T03:14:06","modified_gmt":"2024-02-26T02:14:06","slug":"ne-manquez-pas-cela-justice-gerard-depardieu-vise-par-une-nouvelle-plainte-pour-agression-sexuelle","status":"publish","type":"post","link":"https:\/\/www.tribunal-nature.org\/blog\/ne-manquez-pas-cela-justice-gerard-depardieu-vise-par-une-nouvelle-plainte-pour-agression-sexuelle\/","title":{"rendered":"Ne manquez pas cela  : Justice. G\u00e9rard Depardieu vis\u00e9 par une nouvelle plainte pour agression sexuelle"},"content":{"rendered":"<div>\n<p>Un fois de plus, ce site va vous divulguer un papier qui se propage sur internet. Le propos est \u00abla justice\u00bb.<\/p>\n<p>Son titre suggestif (Justice. G\u00e9rard Depardieu vis\u00e9 par une nouvelle plainte pour agression sexuelle) est \u00e9vocateur.<\/p>\n<p>L\u2019\u00e9ditorialiste (annonc\u00e9 sous la signature  d\u2019anonymat<br \/>\n) est positivement connu pour plusieurs autres \u00e9ditoriaux qu\u2019il a publi\u00e9s sur le web.<\/p>\n<p>Vous pouvez donc faire confiance aux r\u00e9v\u00e9lations qu\u2019il donne.<\/p>\n<p>Texte d\u2019origine  : <\/p>\n<div>\n<p>Une d\u00e9coratrice a d\u00e9pos\u00e9 plainte vendredi, pour une agression sexuelle pr\u00e9sum\u00e9e sur un tournage en 2021, visant G\u00e9rard Depardieu, d\u00e9j\u00e0 mis en cause pour des accusations de violences sexuelles, a indiqu\u00e9 dimanche l\u2019avocate Me Carine Durrieu-Diebolt.<\/p>\n<p>Celle-ci, qui d\u00e9fend d\u00e9j\u00e0 l\u2019actrice Charlotte Arnould, victime pr\u00e9sum\u00e9e d\u2019un viol qui a entra\u00een\u00e9 en d\u00e9cembre 2020 la mise en examen de G\u00e9rard Depardieu, a confirm\u00e9 l\u2019information de<i> Mediapart<\/i> selon laquelle elle avait transmis au parquet de Paris vendredi par recommand\u00e9, samedi par mail, cette nouvelle plainte pour des faits d\u2019agression sexuelle, harc\u00e8lement sexuel et outrages sexistes.<\/p>\n<h2>\u00ab\u00a0Attrap\u00e9e avec brutalit\u00e9\u00a0\u00bb<\/h2>\n<p>Sollicit\u00e9s, le parquet de Paris n\u2019a pu confirmer le d\u00e9p\u00f4t de plainte et les conseils de G\u00e9rard Depardieu n\u2019ont pas comment\u00e9 dans l\u2019imm\u00e9diat l\u2019ensemble des faits relat\u00e9s par le site d\u2019investigation.<\/p>\n<p>D\u2019apr\u00e8s Me Durrieu-Diebolt, les faits remontent \u00e0 2021 et ne sont pas prescrits. Ils se seraient produits \u00e0 Paris pendant le tournage du film \u00ab Les volets verts \u00bb, r\u00e9alis\u00e9 par Jean Becker. La femme d\u00e9non\u00e7ant ces faits, pr\u00e9nomm\u00e9e Am\u00e9lie et \u00e2g\u00e9e de 53 ans, \u00e9tait d\u00e9coratrice ensembli\u00e8re sur le tournage.<\/p>\n<\/div>\n<div>\n<p>D\u2019apr\u00e8s son r\u00e9cit \u00e0 <i>Mediapart<\/i>, l\u2019acteur de Cyrano de Bergerac aurait tenu de nombreux propos graveleux pendant le tournage \u00e0 Paris, le 10 septembre 2021, puis ult\u00e9rieurement l\u2019aurait \u00ab attrap\u00e9e avec brutalit\u00e9 \u00bb et lui aurait \u00ab p\u00e9tri la taille, le ventre, en remontant jusqu\u2019\u00e0 ses seins \u00bb.\u00a0L\u2019agression d\u00e9nonc\u00e9e aurait \u00e9t\u00e9 interrompue par les gardes du corps de l\u2019acteur.<\/p>\n<h2>Une autre femme l\u2019accuse<\/h2>\n<p>D\u2019apr\u00e8s <i>Mediapart<\/i>, une autre femme, Sarah, \u00e2g\u00e9e de 33 ans et troisi\u00e8me assistante r\u00e9alisatrice sur ce m\u00eame tournage, accuse G\u00e9rard Depardieu de lui avoir touch\u00e9 \u00e0 deux reprises \u00ab la poitrine et les fesses \u00bb le 31 ao\u00fbt 2021, toujours \u00e0 Paris.<\/p>\n<p>Le site d\u2019investigation affirme aussi que la com\u00e9dienne Anouk Grinberg, qui avait d\u00e9nonc\u00e9 dans la presse le comportement de G\u00e9rard Depardieu avec les femmes, a d\u00e9pos\u00e9 plainte en diffamation contre Me B\u00e9atrice Achille Geissmann, avocate de l\u2019acteur avec Me Christian Saint-Palais, pour des propos de d\u00e9cembre sur France 5.<\/p>\n<p>Outre sa mise en examen pour des faits pr\u00e9sum\u00e9s remontant \u00e0 ao\u00fbt 2018, G\u00e9rard Depardieu fait l\u2019objet d\u2019une enqu\u00eate pr\u00e9liminaire \u00e0 Paris, r\u00e9v\u00e9l\u00e9e par le <i>Courrier de l\u2019Ouest<\/i>, pour des agressions sexuelles en 2014 d\u00e9nonc\u00e9es par une assistante sur un tournage alors \u00e2g\u00e9e de 24 ans.<\/p>\n<p>Une autre plainte pour agression sexuelle d\u00e9pos\u00e9e par la com\u00e9dienne H\u00e9l\u00e8ne Darras pour des faits remontant \u00e0 2007, a \u00e9t\u00e9 class\u00e9e fin d\u00e9cembre pour prescription.\u00a0<\/p>\n<p>Par ailleurs, en Espagne, une journaliste et \u00e9crivaine, Ruth Baza, a d\u00e9pos\u00e9 une plainte mi-d\u00e9cembre aupr\u00e8s de la police espagnole pour un viol qui aurait eu lieu en octobre 1995 \u00e0 Paris.<\/p>\n<\/div>\n<p>A lire sur un th\u00e8me \u00e9quivalent:<\/p>\n<p>Appel \u00e0 la justice de l\u2019\u00c9tat\/Avertissement,<a target=\"_blank\" rel=\"nofollow\" href=\"https:\/\/www.tribunal-nature.org\/blog\/goto\/https:\/\/fr.wikisource.org\/wiki\/Appel_%C3%A0_la_justice_de_l%E2%80%99%C3%89tat\/Avertissement\"  target=\"_blank\" rel=\"noopener noreferrer nofollow\">Le livre <\/a><span><\/span>.<\/p>\n<p>Histoire du droit p\u00e9nal en Europe,<a target=\"_blank\" rel=\"nofollow\" href=\"https:\/\/www.tribunal-nature.org\/blog\/goto\/https:\/\/booknode.com\/histoire_du_droit_penal_en_europe_035024\"  target=\"_blank\" rel=\"noopener noreferrer nofollow\">Le livre <\/a><span><\/span>.<\/p>\n<p>Photographie\/Personnalit\u00e9s\/V\/Michel Vanden Eeckhoudt,<a target=\"_blank\" rel=\"nofollow\" href=\"https:\/\/www.tribunal-nature.org\/blog\/goto\/https:\/\/fr.wikibooks.org\/wiki\/Photographie\/Personnalit%C3%A9s\/V\/Michel_Vanden_Eeckhoudt\"  target=\"_blank\" rel=\"noopener noreferrer nofollow\">Le livre <\/a><span><\/span>.<\/p>\n<\/div>\n","protected":false},"excerpt":{"rendered":"<p>Un fois de plus, ce site va vous divulguer un papier qui se propage sur internet. Le propos est \u00abla&#8230;<\/p>\n","protected":false},"author":3,"featured_media":0,"comment_status":"closed","ping_status":"closed","sticky":false,"template":"","format":"standard","meta":{"footnotes":""},"categories":[2],"tags":[],"class_list":["post-945","post","type-post","status-publish","format-standard","hentry","category-droit-de-lenvironnement","wpcat-2-id"],"yoast_head":"<!-- This site is optimized with the Yoast SEO plugin v27.5 - https:\/\/yoast.com\/product\/yoast-seo-wordpress\/ -->\n<title>Ne manquez pas cela : Justice. G\u00e9rard Depardieu vis\u00e9 par une nouvelle plainte pour agression sexuelle - TRIBUNAL-NATURE<\/title>\n<meta name=\"description\" content=\"Ne manquez pas cela : Justice. G\u00e9rard Depardieu vis\u00e9 par une nouvelle plainte pour agression sexuelle article de TRIBUNAL-NATURE\" \/>\n<meta name=\"robots\" content=\"index, follow, max-snippet:-1, max-image-preview:large, max-video-preview:-1\" \/>\n<link rel=\"canonical\" href=\"https:\/\/www.tribunal-nature.org\/blog\/ne-manquez-pas-cela-justice-gerard-depardieu-vise-par-une-nouvelle-plainte-pour-agression-sexuelle\/\" \/>\n<meta property=\"og:locale\" content=\"fr_FR\" \/>\n<meta property=\"og:type\" content=\"article\" \/>\n<meta property=\"og:title\" content=\"Ne manquez pas cela : Justice. G\u00e9rard Depardieu vis\u00e9 par une nouvelle plainte pour agression sexuelle - TRIBUNAL-NATURE\" \/>\n<meta property=\"og:description\" content=\"Ne manquez pas cela : Justice. G\u00e9rard Depardieu vis\u00e9 par une nouvelle plainte pour agression sexuelle article de TRIBUNAL-NATURE\" \/>\n<meta property=\"og:url\" content=\"https:\/\/www.tribunal-nature.org\/blog\/ne-manquez-pas-cela-justice-gerard-depardieu-vise-par-une-nouvelle-plainte-pour-agression-sexuelle\/\" \/>\n<meta property=\"og:site_name\" content=\"TRIBUNAL-NATURE\" \/>\n<meta property=\"article:published_time\" content=\"2024-02-26T02:14:06+00:00\" \/>\n<meta name=\"author\" content=\"Isabelle LOUBEAU\" \/>\n<meta name=\"twitter:card\" content=\"summary_large_image\" \/>\n<meta name=\"twitter:label1\" content=\"\u00c9crit par\" \/>\n\t<meta name=\"twitter:data1\" content=\"Isabelle LOUBEAU\" \/>\n\t<meta name=\"twitter:label2\" content=\"Dur\u00e9e de lecture estim\u00e9e\" \/>\n\t<meta name=\"twitter:data2\" content=\"3 minutes\" \/>\n<script type=\"application\/ld+json\" class=\"yoast-schema-graph\">{\"@context\":\"https:\\\/\\\/schema.org\",\"@graph\":[{\"@type\":\"Article\",\"@id\":\"https:\\\/\\\/www.tribunal-nature.org\\\/blog\\\/ne-manquez-pas-cela-justice-gerard-depardieu-vise-par-une-nouvelle-plainte-pour-agression-sexuelle\\\/#article\",\"isPartOf\":{\"@id\":\"https:\\\/\\\/www.tribunal-nature.org\\\/blog\\\/ne-manquez-pas-cela-justice-gerard-depardieu-vise-par-une-nouvelle-plainte-pour-agression-sexuelle\\\/\"},\"author\":{\"name\":\"Isabelle LOUBEAU\",\"@id\":\"https:\\\/\\\/www.tribunal-nature.org\\\/blog\\\/#\\\/schema\\\/person\\\/55761caf7544da6b05b60523f2a0855f\"},\"headline\":\"Ne manquez pas cela : Justice. G\u00e9rard Depardieu vis\u00e9 par une nouvelle plainte pour agression sexuelle\",\"datePublished\":\"2024-02-26T02:14:06+00:00\",\"mainEntityOfPage\":{\"@id\":\"https:\\\/\\\/www.tribunal-nature.org\\\/blog\\\/ne-manquez-pas-cela-justice-gerard-depardieu-vise-par-une-nouvelle-plainte-pour-agression-sexuelle\\\/\"},\"wordCount\":625,\"publisher\":{\"@id\":\"https:\\\/\\\/www.tribunal-nature.org\\\/blog\\\/#organization\"},\"articleSection\":[\"Droit De L'Environnement:\"],\"inLanguage\":\"fr-FR\"},{\"@type\":\"WebPage\",\"@id\":\"https:\\\/\\\/www.tribunal-nature.org\\\/blog\\\/ne-manquez-pas-cela-justice-gerard-depardieu-vise-par-une-nouvelle-plainte-pour-agression-sexuelle\\\/\",\"url\":\"https:\\\/\\\/www.tribunal-nature.org\\\/blog\\\/ne-manquez-pas-cela-justice-gerard-depardieu-vise-par-une-nouvelle-plainte-pour-agression-sexuelle\\\/\",\"name\":\"Ne manquez pas cela : Justice. G\u00e9rard Depardieu vis\u00e9 par une nouvelle plainte pour agression sexuelle - TRIBUNAL-NATURE\",\"isPartOf\":{\"@id\":\"https:\\\/\\\/www.tribunal-nature.org\\\/blog\\\/#website\"},\"datePublished\":\"2024-02-26T02:14:06+00:00\",\"description\":\"Ne manquez pas cela : Justice. G\u00e9rard Depardieu vis\u00e9 par une nouvelle plainte pour agression sexuelle article de TRIBUNAL-NATURE\",\"breadcrumb\":{\"@id\":\"https:\\\/\\\/www.tribunal-nature.org\\\/blog\\\/ne-manquez-pas-cela-justice-gerard-depardieu-vise-par-une-nouvelle-plainte-pour-agression-sexuelle\\\/#breadcrumb\"},\"inLanguage\":\"fr-FR\",\"potentialAction\":[{\"@type\":\"ReadAction\",\"target\":[\"https:\\\/\\\/www.tribunal-nature.org\\\/blog\\\/ne-manquez-pas-cela-justice-gerard-depardieu-vise-par-une-nouvelle-plainte-pour-agression-sexuelle\\\/\"]}]},{\"@type\":\"BreadcrumbList\",\"@id\":\"https:\\\/\\\/www.tribunal-nature.org\\\/blog\\\/ne-manquez-pas-cela-justice-gerard-depardieu-vise-par-une-nouvelle-plainte-pour-agression-sexuelle\\\/#breadcrumb\",\"itemListElement\":[{\"@type\":\"ListItem\",\"position\":1,\"name\":\"Accueil\",\"item\":\"https:\\\/\\\/www.tribunal-nature.org\\\/blog\\\/\"},{\"@type\":\"ListItem\",\"position\":2,\"name\":\"Ne manquez pas cela : Justice. G\u00e9rard Depardieu vis\u00e9 par une nouvelle plainte pour agression sexuelle\"}]},{\"@type\":\"WebSite\",\"@id\":\"https:\\\/\\\/www.tribunal-nature.org\\\/blog\\\/#website\",\"url\":\"https:\\\/\\\/www.tribunal-nature.org\\\/blog\\\/\",\"name\":\"TRIBUNAL-NATURE\",\"description\":\"Droit De L&#039;Environnement.\",\"publisher\":{\"@id\":\"https:\\\/\\\/www.tribunal-nature.org\\\/blog\\\/#organization\"},\"potentialAction\":[{\"@type\":\"SearchAction\",\"target\":{\"@type\":\"EntryPoint\",\"urlTemplate\":\"https:\\\/\\\/www.tribunal-nature.org\\\/blog\\\/?s={search_term_string}\"},\"query-input\":{\"@type\":\"PropertyValueSpecification\",\"valueRequired\":true,\"valueName\":\"search_term_string\"}}],\"inLanguage\":\"fr-FR\"},{\"@type\":\"Organization\",\"@id\":\"https:\\\/\\\/www.tribunal-nature.org\\\/blog\\\/#organization\",\"name\":\"tribunal-nature\",\"url\":\"https:\\\/\\\/www.tribunal-nature.org\\\/blog\\\/\",\"logo\":{\"@type\":\"ImageObject\",\"inLanguage\":\"fr-FR\",\"@id\":\"https:\\\/\\\/www.tribunal-nature.org\\\/blog\\\/#\\\/schema\\\/logo\\\/image\\\/\",\"url\":\"https:\\\/\\\/www.tribunal-nature.org\\\/blog\\\/wp-content\\\/uploads\\\/2022\\\/05\\\/logo-2.png\",\"contentUrl\":\"https:\\\/\\\/www.tribunal-nature.org\\\/blog\\\/wp-content\\\/uploads\\\/2022\\\/05\\\/logo-2.png\",\"width\":180,\"height\":180,\"caption\":\"tribunal-nature\"},\"image\":{\"@id\":\"https:\\\/\\\/www.tribunal-nature.org\\\/blog\\\/#\\\/schema\\\/logo\\\/image\\\/\"}},{\"@type\":\"Person\",\"@id\":\"https:\\\/\\\/www.tribunal-nature.org\\\/blog\\\/#\\\/schema\\\/person\\\/55761caf7544da6b05b60523f2a0855f\",\"name\":\"Isabelle LOUBEAU\",\"image\":{\"@type\":\"ImageObject\",\"inLanguage\":\"fr-FR\",\"@id\":\"https:\\\/\\\/secure.gravatar.com\\\/avatar\\\/b6912620aca78633bf5d50400888815d3b38a1118e82b94050843f411f3f5972?s=96&d=mm&r=g\",\"url\":\"https:\\\/\\\/secure.gravatar.com\\\/avatar\\\/b6912620aca78633bf5d50400888815d3b38a1118e82b94050843f411f3f5972?s=96&d=mm&r=g\",\"contentUrl\":\"https:\\\/\\\/secure.gravatar.com\\\/avatar\\\/b6912620aca78633bf5d50400888815d3b38a1118e82b94050843f411f3f5972?s=96&d=mm&r=g\",\"caption\":\"Isabelle LOUBEAU\"},\"url\":\"https:\\\/\\\/www.tribunal-nature.org\\\/blog\\\/author\\\/ureisabelle\\\/\"}]}<\/script>\n<!-- \/ Yoast SEO plugin. -->","yoast_head_json":{"title":"Ne manquez pas cela : Justice. G\u00e9rard Depardieu vis\u00e9 par une nouvelle plainte pour agression sexuelle - TRIBUNAL-NATURE","description":"Ne manquez pas cela : Justice. G\u00e9rard Depardieu vis\u00e9 par une nouvelle plainte pour agression sexuelle article de TRIBUNAL-NATURE","robots":{"index":"index","follow":"follow","max-snippet":"max-snippet:-1","max-image-preview":"max-image-preview:large","max-video-preview":"max-video-preview:-1"},"canonical":"https:\/\/www.tribunal-nature.org\/blog\/ne-manquez-pas-cela-justice-gerard-depardieu-vise-par-une-nouvelle-plainte-pour-agression-sexuelle\/","og_locale":"fr_FR","og_type":"article","og_title":"Ne manquez pas cela : Justice. G\u00e9rard Depardieu vis\u00e9 par une nouvelle plainte pour agression sexuelle - TRIBUNAL-NATURE","og_description":"Ne manquez pas cela : Justice. G\u00e9rard Depardieu vis\u00e9 par une nouvelle plainte pour agression sexuelle article de TRIBUNAL-NATURE","og_url":"https:\/\/www.tribunal-nature.org\/blog\/ne-manquez-pas-cela-justice-gerard-depardieu-vise-par-une-nouvelle-plainte-pour-agression-sexuelle\/","og_site_name":"TRIBUNAL-NATURE","article_published_time":"2024-02-26T02:14:06+00:00","author":"Isabelle LOUBEAU","twitter_card":"summary_large_image","twitter_misc":{"\u00c9crit par":"Isabelle LOUBEAU","Dur\u00e9e de lecture estim\u00e9e":"3 minutes"},"schema":{"@context":"https:\/\/schema.org","@graph":[{"@type":"Article","@id":"https:\/\/www.tribunal-nature.org\/blog\/ne-manquez-pas-cela-justice-gerard-depardieu-vise-par-une-nouvelle-plainte-pour-agression-sexuelle\/#article","isPartOf":{"@id":"https:\/\/www.tribunal-nature.org\/blog\/ne-manquez-pas-cela-justice-gerard-depardieu-vise-par-une-nouvelle-plainte-pour-agression-sexuelle\/"},"author":{"name":"Isabelle LOUBEAU","@id":"https:\/\/www.tribunal-nature.org\/blog\/#\/schema\/person\/55761caf7544da6b05b60523f2a0855f"},"headline":"Ne manquez pas cela : Justice. G\u00e9rard Depardieu vis\u00e9 par une nouvelle plainte pour agression sexuelle","datePublished":"2024-02-26T02:14:06+00:00","mainEntityOfPage":{"@id":"https:\/\/www.tribunal-nature.org\/blog\/ne-manquez-pas-cela-justice-gerard-depardieu-vise-par-une-nouvelle-plainte-pour-agression-sexuelle\/"},"wordCount":625,"publisher":{"@id":"https:\/\/www.tribunal-nature.org\/blog\/#organization"},"articleSection":["Droit De L'Environnement:"],"inLanguage":"fr-FR"},{"@type":"WebPage","@id":"https:\/\/www.tribunal-nature.org\/blog\/ne-manquez-pas-cela-justice-gerard-depardieu-vise-par-une-nouvelle-plainte-pour-agression-sexuelle\/","url":"https:\/\/www.tribunal-nature.org\/blog\/ne-manquez-pas-cela-justice-gerard-depardieu-vise-par-une-nouvelle-plainte-pour-agression-sexuelle\/","name":"Ne manquez pas cela : Justice. G\u00e9rard Depardieu vis\u00e9 par une nouvelle plainte pour agression sexuelle - TRIBUNAL-NATURE","isPartOf":{"@id":"https:\/\/www.tribunal-nature.org\/blog\/#website"},"datePublished":"2024-02-26T02:14:06+00:00","description":"Ne manquez pas cela : Justice. G\u00e9rard Depardieu vis\u00e9 par une nouvelle plainte pour agression sexuelle article de TRIBUNAL-NATURE","breadcrumb":{"@id":"https:\/\/www.tribunal-nature.org\/blog\/ne-manquez-pas-cela-justice-gerard-depardieu-vise-par-une-nouvelle-plainte-pour-agression-sexuelle\/#breadcrumb"},"inLanguage":"fr-FR","potentialAction":[{"@type":"ReadAction","target":["https:\/\/www.tribunal-nature.org\/blog\/ne-manquez-pas-cela-justice-gerard-depardieu-vise-par-une-nouvelle-plainte-pour-agression-sexuelle\/"]}]},{"@type":"BreadcrumbList","@id":"https:\/\/www.tribunal-nature.org\/blog\/ne-manquez-pas-cela-justice-gerard-depardieu-vise-par-une-nouvelle-plainte-pour-agression-sexuelle\/#breadcrumb","itemListElement":[{"@type":"ListItem","position":1,"name":"Accueil","item":"https:\/\/www.tribunal-nature.org\/blog\/"},{"@type":"ListItem","position":2,"name":"Ne manquez pas cela : Justice. G\u00e9rard Depardieu vis\u00e9 par une nouvelle plainte pour agression sexuelle"}]},{"@type":"WebSite","@id":"https:\/\/www.tribunal-nature.org\/blog\/#website","url":"https:\/\/www.tribunal-nature.org\/blog\/","name":"TRIBUNAL-NATURE","description":"Droit De L&#039;Environnement.","publisher":{"@id":"https:\/\/www.tribunal-nature.org\/blog\/#organization"},"potentialAction":[{"@type":"SearchAction","target":{"@type":"EntryPoint","urlTemplate":"https:\/\/www.tribunal-nature.org\/blog\/?s={search_term_string}"},"query-input":{"@type":"PropertyValueSpecification","valueRequired":true,"valueName":"search_term_string"}}],"inLanguage":"fr-FR"},{"@type":"Organization","@id":"https:\/\/www.tribunal-nature.org\/blog\/#organization","name":"tribunal-nature","url":"https:\/\/www.tribunal-nature.org\/blog\/","logo":{"@type":"ImageObject","inLanguage":"fr-FR","@id":"https:\/\/www.tribunal-nature.org\/blog\/#\/schema\/logo\/image\/","url":"https:\/\/www.tribunal-nature.org\/blog\/wp-content\/uploads\/2022\/05\/logo-2.png","contentUrl":"https:\/\/www.tribunal-nature.org\/blog\/wp-content\/uploads\/2022\/05\/logo-2.png","width":180,"height":180,"caption":"tribunal-nature"},"image":{"@id":"https:\/\/www.tribunal-nature.org\/blog\/#\/schema\/logo\/image\/"}},{"@type":"Person","@id":"https:\/\/www.tribunal-nature.org\/blog\/#\/schema\/person\/55761caf7544da6b05b60523f2a0855f","name":"Isabelle LOUBEAU","image":{"@type":"ImageObject","inLanguage":"fr-FR","@id":"https:\/\/secure.gravatar.com\/avatar\/b6912620aca78633bf5d50400888815d3b38a1118e82b94050843f411f3f5972?s=96&d=mm&r=g","url":"https:\/\/secure.gravatar.com\/avatar\/b6912620aca78633bf5d50400888815d3b38a1118e82b94050843f411f3f5972?s=96&d=mm&r=g","contentUrl":"https:\/\/secure.gravatar.com\/avatar\/b6912620aca78633bf5d50400888815d3b38a1118e82b94050843f411f3f5972?s=96&d=mm&r=g","caption":"Isabelle LOUBEAU"},"url":"https:\/\/www.tribunal-nature.org\/blog\/author\/ureisabelle\/"}]}},"_links":{"self":[{"href":"https:\/\/www.tribunal-nature.org\/blog\/wp-json\/wp\/v2\/posts\/945","targetHints":{"allow":["GET"]}}],"collection":[{"href":"https:\/\/www.tribunal-nature.org\/blog\/wp-json\/wp\/v2\/posts"}],"about":[{"href":"https:\/\/www.tribunal-nature.org\/blog\/wp-json\/wp\/v2\/types\/post"}],"author":[{"embeddable":true,"href":"https:\/\/www.tribunal-nature.org\/blog\/wp-json\/wp\/v2\/users\/3"}],"replies":[{"embeddable":true,"href":"https:\/\/www.tribunal-nature.org\/blog\/wp-json\/wp\/v2\/comments?post=945"}],"version-history":[{"count":0,"href":"https:\/\/www.tribunal-nature.org\/blog\/wp-json\/wp\/v2\/posts\/945\/revisions"}],"wp:attachment":[{"href":"https:\/\/www.tribunal-nature.org\/blog\/wp-json\/wp\/v2\/media?parent=945"}],"wp:term":[{"taxonomy":"category","embeddable":true,"href":"https:\/\/www.tribunal-nature.org\/blog\/wp-json\/wp\/v2\/categories?post=945"},{"taxonomy":"post_tag","embeddable":true,"href":"https:\/\/www.tribunal-nature.org\/blog\/wp-json\/wp\/v2\/tags?post=945"}],"curies":[{"name":"wp","href":"https:\/\/api.w.org\/{rel}","templated":true}]}}