{"id":938,"date":"2024-02-22T03:05:48","date_gmt":"2024-02-22T02:05:48","guid":{"rendered":"https:\/\/www.tribunal-nature.org\/blog\/sur-le-web-au-tribunal-les-robins-des-bois-de-lenergie-nassument-pas\/"},"modified":"2024-02-22T03:05:48","modified_gmt":"2024-02-22T02:05:48","slug":"sur-le-web-au-tribunal-les-robins-des-bois-de-lenergie-nassument-pas","status":"publish","type":"post","link":"https:\/\/www.tribunal-nature.org\/blog\/sur-le-web-au-tribunal-les-robins-des-bois-de-lenergie-nassument-pas\/","title":{"rendered":"Sur le web  : Au tribunal, \u00ab\u00a0les Robins des bois\u00a0de l\u2019\u00e9nergie\u00a0\u00bb n\u2019assument pas"},"content":{"rendered":"<div>\n<p>Fid\u00e8le \u00e0 sa mission, ce blog va porter \u00e0 votre connaissance un article qui a \u00e9t\u00e9 relev\u00e9 sur le web. La th\u00e9matique est \u00abla justice\u00bb.<\/p>\n<p>Son titre  (Au tribunal, \u00ab\u00a0les Robins des bois\u00a0de l\u2019\u00e9nergie\u00a0\u00bb n\u2019assument pas) est parlant.<\/p>\n<p> Pr\u00e9sent\u00e9 sous le nom \u00abd\u2019anonymat<br \/>\n\u00bb, l\u2019auteur est reconnu comme quelqu\u2019un de s\u00e9rieux pour d\u2019autres articles qu\u2019il a publi\u00e9s sur internet.<\/p>\n<p>Vous pouvez en cons\u00e9quence vous fier aux informations qu\u2019il publie.<\/p>\n<p>Voil\u00e0 ll\u2019article en question : <\/p>\n<div layout=\"desktop\">\n<p>L\u2019affaire figure entre une histoire d\u2019agression sexuelle et une autre de violence \u00e0 l\u2019entr\u00e9e de la 11e chambre du tribunal correctionnel de Marseille. \u00ab\u00a0Vol aggrav\u00e9 par trois circonstances\u00a0\u00bb et \u00ab\u00a0complicit\u00e9 de vol aggrav\u00e9\u00a0\u00bb au pr\u00e9judice d\u2019Enedis, filiale d\u2019EDF charg\u00e9e du r\u00e9seau de distribution d\u2019\u00e9lectricit\u00e9 en France, \u00e9nonce le document \u00e9pingl\u00e9 \u00e0 l\u2019entr\u00e9e de la salle. Les pr\u00e9venus, Renaud H., Jean-Philippe A. et Mathias R. sont tous syndiqu\u00e9s \u00e0 la CGT et c\u2019est sous les vivats d\u2019une centaine de leur camarades venus les soutenir qu\u2019ils ont mont\u00e9 les marches du palais de justice.<\/p>\n<p>Dans la salle d\u2019audience, l\u2019ambiance est plus feutr\u00e9e, et la revendication collective des op\u00e9rations \u00ab\u00a0Robins des bois de l\u2019\u00e9nergie\u00a0\u00bb laisse place aux d\u00e9n\u00e9gations individuelles, du moins pour ceux qui n\u2019ont pas craqu\u00e9 lors de la garde \u00e0 vue cons\u00e9cutive leur interpellation le 13\u00a0mars 2023, dans une France au climax du conflit sur les retraites et marqu\u00e9e par une hausse fulgurante des tarifs de l\u2019\u00e9nergie.<\/p>\n<h2>Des Robins des bois mal masqu\u00e9s<\/h2>\n<p>\u00ab\u00a0J\u2019\u00e9tais dans un \u00e9tat second\u00a0\u00bb, a tent\u00e9 Jean-Philippe A., accus\u00e9 de deux s\u00e9ries de d\u00e9gradations et de vols sur des tableaux \u00e9lectriques, les 27\u00a0janvier et 3\u00a0f\u00e9vrier 2023, pour justifier son revirement. Cet employ\u00e9 d\u2019Enedis de 39 ans, pull gris et lunette de vue, avait balanc\u00e9 lors de son s\u00e9jour au commissariat nord le nom des deux autres pr\u00e9venus. \u00ab\u00a0Les policiers sont venus me chercher \u00e0 6 heures du matin. Je n\u2019ai pas relu le proc\u00e8s-verbal d\u2019audition. Les policiers m\u2019ont dit\u00a0: \u00ab\u00a0tu signes et tu sors\u00a0\u00bb. J\u2019\u00e9tais dans un \u00e9tat second\u00a0\u00bb, r\u00e9p\u00e8te-t-il.<\/p>\n<p>S\u2019il reconna\u00eet la d\u00e9gradation de 52 concentrateurs et le vol de modems et de cartes SIM dans des tableaux \u00e9lectriques des quartiers nord, emp\u00eachant ainsi les coupures d\u2019\u00e9lectricit\u00e9 \u00e0 distance, notamment pour impay\u00e9s, il ne reconna\u00eet en revanche plus ses complices suspect\u00e9s \u00e0 l\u2019audience. \u00ab\u00a0Le tribunal appr\u00e9ciera\u00a0\u00bb, a souffl\u00e9 \u00e0 plusieurs reprises la pr\u00e9sidente Mandana Samii, visiblement agac\u00e9e de ce peu convaincant changement de version.<\/p>\n<figure class=\"c-media\" role=\"group\">\n<p><iframe width=\"100%\" height=\"100%\" src=\"https:\/\/www.ultimedia.com\/deliver\/generic\/iframe\/mdtk\/01357940\/zone\/1\/src\/ql3puqu\/showtitle\/1\/\" frameborder=\"0\" scrolling=\"no\" marginwidth=\"0\" marginheight=\"0\" hspace=\"0\" vspace=\"0\" webkitallowfullscreen=\"true\" mozallowfullscreen=\"true\" allowfullscreen=\"\" allow=\"autoplay\" referrerpolicy=\"no-referrer-when-downgrade\"><\/iframe><\/p>\n<\/figure>\n<p>Ses coll\u00e8gues Mathias R., 26 ans, \u00e0 qui l\u2019on reproche une seule de ces deux s\u00e9ries de d\u00e9gradations et Renaud H. secr\u00e9taire d\u00e9partemental de la section \u00e9nergie de la CGT pr\u00e9sent\u00e9 comme l\u2019instigateur de ces actions dans ce dossier, ont, eux, continu\u00e9 \u00e0 nier. \u00ab\u00a0Je ne me reconnais pas sur les photos\u00a0\u00bb, s\u2019est content\u00e9 de commenter Mathias R., alors que des images de vid\u00e9osurveillance de la ville de Marseille et d\u2019Enedis r\u00e9quisitionn\u00e9es par les enqu\u00eateurs le situent sur place et que son t\u00e9l\u00e9phone \u00e9tait coup\u00e9 aux heures des d\u00e9gradations d\u2019apr\u00e8s les fadettes, sugg\u00e9rant une pr\u00e9paration de l\u2019action.<\/p>\n<h2>\u00ab\u00a0D\u00e9passer par la base\u00a0\u00bb\u00a0?<\/h2>\n<p>Le responsable CGT, qui serait pour l\u2019accusation le commanditaire de ces actions en fournissant notamment les cl\u00e9s de v\u00e9hicules employ\u00e9s pour celles-ci, selon un relev\u00e9 du logiciel interne qui enregistre les attributions de voitures d\u2019intervention, a lui aussi r\u00e9fut\u00e9 toute implication et refus\u00e9 de \u00ab\u00a0condamner les actions\u00a0\u00bb comme le lui demandait prestement un assesseur. \u00ab\u00a0Il y avait des agents qui voulaient entreprendre des actions bien plus graves. Comme animateur syndical, on essaye de canaliser cette col\u00e8re. Donc si vous pensez que qu\u2019on a \u00e9t\u00e9 d\u00e9pass\u00e9 par notre base, on peut dire oui\u00a0\u00bb, a expliqu\u00e9 Renaud H., 42 ans.<\/p>\n<p>Une d\u00e9fense somme toute baroque, entre d\u00e9n\u00e9gations et revirements, qui semble agacer plus qu\u2019elle ne convainc \u00e0 l\u2019audience. L\u2019enjeu est pourtant important\u00a0: le pr\u00e9judice est estim\u00e9 \u00e0 65.000 euros, plus 5.000 euros de pr\u00e9judice moral. Pour les faits de vol aggrav\u00e9 par trois circonstances, la peine pr\u00e9vue peut aller jusqu\u2019\u00e0 dix ans de prison et 150.000 euros d\u2019amende.<\/p>\n<p>Dans ses r\u00e9quisitions, le procureur a charg\u00e9 les pr\u00e9venus, \u00ab\u00a0libres d\u2019adopter le mode de d\u00e9fense qu\u2019il leur pla\u00eet\u00a0\u00bb et demand\u00e9 six mois avec sursis contre Jean-Philippe A., dix mois avec sursis pour Renaud H. et deux, toujours avec sursis, contre Mathias R. Dans ses plaidoiries, la d\u00e9fense a d\u2019abord rappel\u00e9 les b\u00e9n\u00e9fices records r\u00e9alis\u00e9s par la fili\u00e8re \u00e9nerg\u00e9tique fran\u00e7aise en\u00a02023 et le contexte d\u2019un dialogue social impossible malgr\u00e9 des manifestations monstres. Cela avant de battre en br\u00e8che les aveux de Jean-Philippe A., qui n\u2019avait pas \u00e9t\u00e9 assist\u00e9 d\u2019un avocat, d\u00e9non\u00e7ant en substance un dossier \u00ab\u00a0mont\u00e9\u00a0\u00bb par les policiers, des conditions en garde \u00e0 vue indignes et de r\u00e9clamer, sur cette base, la relaxe pour tous. Le jugement a \u00e9t\u00e9 mis en d\u00e9lib\u00e9r\u00e9 au 20\u00a0mars prochain.<\/p>\n<\/div>\n<p>Parutions:<\/p>\n<p>Au cr\u00e9puscule de la justice p\u00e9nale,<a target=\"_blank\" rel=\"nofollow\" href=\"https:\/\/www.tribunal-nature.org\/blog\/goto\/https:\/\/www.kobo.com\/fr\/fr\/ebook\/au-crepuscule-de-la-justice-penale-1\"  target=\"_blank\" rel=\"noopener noreferrer nofollow\">A voir et \u00e0 lire. <\/a><span><\/span>.<\/p>\n<p>Justice,<a target=\"_blank\" rel=\"nofollow\" href=\"https:\/\/www.tribunal-nature.org\/blog\/goto\/https:\/\/www.kobo.com\/fr\/fr\/ebook\/justice-133\"  target=\"_blank\" rel=\"noopener noreferrer nofollow\">A voir et \u00e0 lire. <\/a><span><\/span>.<\/p>\n<p>Sociologie des institutions\/Les institutions administratives\/La sociologie du conseil d\u2019\u00e9tat,<a target=\"_blank\" rel=\"nofollow\" href=\"https:\/\/www.tribunal-nature.org\/blog\/goto\/https:\/\/fr.wikibooks.org\/wiki\/Sociologie_des_institutions\/Les_institutions_administratives\/La_sociologie_du_conseil_d%27%C3%A9tat\"  target=\"_blank\" rel=\"noopener noreferrer nofollow\">Le livre <\/a><span><\/span>.<\/p>\n<\/div>\n","protected":false},"excerpt":{"rendered":"<p>Fid\u00e8le \u00e0 sa mission, ce blog va porter \u00e0 votre connaissance un article qui a \u00e9t\u00e9 relev\u00e9 sur le web&#8230;.<\/p>\n","protected":false},"author":3,"featured_media":0,"comment_status":"closed","ping_status":"closed","sticky":false,"template":"","format":"standard","meta":{"footnotes":""},"categories":[2],"tags":[],"class_list":["post-938","post","type-post","status-publish","format-standard","hentry","category-droit-de-lenvironnement","wpcat-2-id"],"yoast_head":"<!-- This site is optimized with the Yoast SEO plugin v27.5 - https:\/\/yoast.com\/product\/yoast-seo-wordpress\/ -->\n<title>Sur le web : Au tribunal, \u00ab\u00a0les Robins des bois\u00a0de l\u2019\u00e9nergie\u00a0\u00bb n\u2019assument pas - TRIBUNAL-NATURE<\/title>\n<meta name=\"description\" content=\"Sur le web : Au tribunal, \u00ab\u00a0les Robins des bois\u00a0de l\u2019\u00e9nergie\u00a0\u00bb n\u2019assument pas article de TRIBUNAL-NATURE\" \/>\n<meta name=\"robots\" content=\"index, follow, max-snippet:-1, max-image-preview:large, max-video-preview:-1\" \/>\n<link rel=\"canonical\" href=\"https:\/\/www.tribunal-nature.org\/blog\/sur-le-web-au-tribunal-les-robins-des-bois-de-lenergie-nassument-pas\/\" \/>\n<meta property=\"og:locale\" content=\"fr_FR\" \/>\n<meta property=\"og:type\" content=\"article\" \/>\n<meta property=\"og:title\" content=\"Sur le web : Au tribunal, \u00ab\u00a0les Robins des bois\u00a0de l\u2019\u00e9nergie\u00a0\u00bb n\u2019assument pas - TRIBUNAL-NATURE\" \/>\n<meta property=\"og:description\" content=\"Sur le web : Au tribunal, \u00ab\u00a0les Robins des bois\u00a0de l\u2019\u00e9nergie\u00a0\u00bb n\u2019assument pas article de TRIBUNAL-NATURE\" \/>\n<meta property=\"og:url\" content=\"https:\/\/www.tribunal-nature.org\/blog\/sur-le-web-au-tribunal-les-robins-des-bois-de-lenergie-nassument-pas\/\" \/>\n<meta property=\"og:site_name\" content=\"TRIBUNAL-NATURE\" \/>\n<meta property=\"article:published_time\" content=\"2024-02-22T02:05:48+00:00\" \/>\n<meta name=\"author\" content=\"Isabelle LOUBEAU\" \/>\n<meta name=\"twitter:card\" content=\"summary_large_image\" \/>\n<meta name=\"twitter:label1\" content=\"\u00c9crit par\" \/>\n\t<meta name=\"twitter:data1\" content=\"Isabelle LOUBEAU\" \/>\n\t<meta name=\"twitter:label2\" content=\"Dur\u00e9e de lecture estim\u00e9e\" \/>\n\t<meta name=\"twitter:data2\" content=\"5 minutes\" \/>\n<script type=\"application\/ld+json\" class=\"yoast-schema-graph\">{\"@context\":\"https:\\\/\\\/schema.org\",\"@graph\":[{\"@type\":\"Article\",\"@id\":\"https:\\\/\\\/www.tribunal-nature.org\\\/blog\\\/sur-le-web-au-tribunal-les-robins-des-bois-de-lenergie-nassument-pas\\\/#article\",\"isPartOf\":{\"@id\":\"https:\\\/\\\/www.tribunal-nature.org\\\/blog\\\/sur-le-web-au-tribunal-les-robins-des-bois-de-lenergie-nassument-pas\\\/\"},\"author\":{\"name\":\"Isabelle LOUBEAU\",\"@id\":\"https:\\\/\\\/www.tribunal-nature.org\\\/blog\\\/#\\\/schema\\\/person\\\/55761caf7544da6b05b60523f2a0855f\"},\"headline\":\"Sur le web : Au tribunal, \u00ab\u00a0les Robins des bois\u00a0de l\u2019\u00e9nergie\u00a0\u00bb n\u2019assument pas\",\"datePublished\":\"2024-02-22T02:05:48+00:00\",\"mainEntityOfPage\":{\"@id\":\"https:\\\/\\\/www.tribunal-nature.org\\\/blog\\\/sur-le-web-au-tribunal-les-robins-des-bois-de-lenergie-nassument-pas\\\/\"},\"wordCount\":931,\"publisher\":{\"@id\":\"https:\\\/\\\/www.tribunal-nature.org\\\/blog\\\/#organization\"},\"articleSection\":[\"Droit De L'Environnement:\"],\"inLanguage\":\"fr-FR\"},{\"@type\":\"WebPage\",\"@id\":\"https:\\\/\\\/www.tribunal-nature.org\\\/blog\\\/sur-le-web-au-tribunal-les-robins-des-bois-de-lenergie-nassument-pas\\\/\",\"url\":\"https:\\\/\\\/www.tribunal-nature.org\\\/blog\\\/sur-le-web-au-tribunal-les-robins-des-bois-de-lenergie-nassument-pas\\\/\",\"name\":\"Sur le web : Au tribunal, \u00ab\u00a0les Robins des bois\u00a0de l\u2019\u00e9nergie\u00a0\u00bb n\u2019assument pas - TRIBUNAL-NATURE\",\"isPartOf\":{\"@id\":\"https:\\\/\\\/www.tribunal-nature.org\\\/blog\\\/#website\"},\"datePublished\":\"2024-02-22T02:05:48+00:00\",\"description\":\"Sur le web : Au tribunal, \u00ab\u00a0les Robins des bois\u00a0de l\u2019\u00e9nergie\u00a0\u00bb n\u2019assument pas article de TRIBUNAL-NATURE\",\"breadcrumb\":{\"@id\":\"https:\\\/\\\/www.tribunal-nature.org\\\/blog\\\/sur-le-web-au-tribunal-les-robins-des-bois-de-lenergie-nassument-pas\\\/#breadcrumb\"},\"inLanguage\":\"fr-FR\",\"potentialAction\":[{\"@type\":\"ReadAction\",\"target\":[\"https:\\\/\\\/www.tribunal-nature.org\\\/blog\\\/sur-le-web-au-tribunal-les-robins-des-bois-de-lenergie-nassument-pas\\\/\"]}]},{\"@type\":\"BreadcrumbList\",\"@id\":\"https:\\\/\\\/www.tribunal-nature.org\\\/blog\\\/sur-le-web-au-tribunal-les-robins-des-bois-de-lenergie-nassument-pas\\\/#breadcrumb\",\"itemListElement\":[{\"@type\":\"ListItem\",\"position\":1,\"name\":\"Accueil\",\"item\":\"https:\\\/\\\/www.tribunal-nature.org\\\/blog\\\/\"},{\"@type\":\"ListItem\",\"position\":2,\"name\":\"Sur le web : Au tribunal, \u00ab\u00a0les Robins des bois\u00a0de l\u2019\u00e9nergie\u00a0\u00bb n\u2019assument pas\"}]},{\"@type\":\"WebSite\",\"@id\":\"https:\\\/\\\/www.tribunal-nature.org\\\/blog\\\/#website\",\"url\":\"https:\\\/\\\/www.tribunal-nature.org\\\/blog\\\/\",\"name\":\"TRIBUNAL-NATURE\",\"description\":\"Droit De L&#039;Environnement.\",\"publisher\":{\"@id\":\"https:\\\/\\\/www.tribunal-nature.org\\\/blog\\\/#organization\"},\"potentialAction\":[{\"@type\":\"SearchAction\",\"target\":{\"@type\":\"EntryPoint\",\"urlTemplate\":\"https:\\\/\\\/www.tribunal-nature.org\\\/blog\\\/?s={search_term_string}\"},\"query-input\":{\"@type\":\"PropertyValueSpecification\",\"valueRequired\":true,\"valueName\":\"search_term_string\"}}],\"inLanguage\":\"fr-FR\"},{\"@type\":\"Organization\",\"@id\":\"https:\\\/\\\/www.tribunal-nature.org\\\/blog\\\/#organization\",\"name\":\"tribunal-nature\",\"url\":\"https:\\\/\\\/www.tribunal-nature.org\\\/blog\\\/\",\"logo\":{\"@type\":\"ImageObject\",\"inLanguage\":\"fr-FR\",\"@id\":\"https:\\\/\\\/www.tribunal-nature.org\\\/blog\\\/#\\\/schema\\\/logo\\\/image\\\/\",\"url\":\"https:\\\/\\\/www.tribunal-nature.org\\\/blog\\\/wp-content\\\/uploads\\\/2022\\\/05\\\/logo-2.png\",\"contentUrl\":\"https:\\\/\\\/www.tribunal-nature.org\\\/blog\\\/wp-content\\\/uploads\\\/2022\\\/05\\\/logo-2.png\",\"width\":180,\"height\":180,\"caption\":\"tribunal-nature\"},\"image\":{\"@id\":\"https:\\\/\\\/www.tribunal-nature.org\\\/blog\\\/#\\\/schema\\\/logo\\\/image\\\/\"}},{\"@type\":\"Person\",\"@id\":\"https:\\\/\\\/www.tribunal-nature.org\\\/blog\\\/#\\\/schema\\\/person\\\/55761caf7544da6b05b60523f2a0855f\",\"name\":\"Isabelle LOUBEAU\",\"image\":{\"@type\":\"ImageObject\",\"inLanguage\":\"fr-FR\",\"@id\":\"https:\\\/\\\/secure.gravatar.com\\\/avatar\\\/b6912620aca78633bf5d50400888815d3b38a1118e82b94050843f411f3f5972?s=96&d=mm&r=g\",\"url\":\"https:\\\/\\\/secure.gravatar.com\\\/avatar\\\/b6912620aca78633bf5d50400888815d3b38a1118e82b94050843f411f3f5972?s=96&d=mm&r=g\",\"contentUrl\":\"https:\\\/\\\/secure.gravatar.com\\\/avatar\\\/b6912620aca78633bf5d50400888815d3b38a1118e82b94050843f411f3f5972?s=96&d=mm&r=g\",\"caption\":\"Isabelle LOUBEAU\"},\"url\":\"https:\\\/\\\/www.tribunal-nature.org\\\/blog\\\/author\\\/ureisabelle\\\/\"}]}<\/script>\n<!-- \/ Yoast SEO plugin. -->","yoast_head_json":{"title":"Sur le web : Au tribunal, \u00ab\u00a0les Robins des bois\u00a0de l\u2019\u00e9nergie\u00a0\u00bb n\u2019assument pas - TRIBUNAL-NATURE","description":"Sur le web : Au tribunal, \u00ab\u00a0les Robins des bois\u00a0de l\u2019\u00e9nergie\u00a0\u00bb n\u2019assument pas article de TRIBUNAL-NATURE","robots":{"index":"index","follow":"follow","max-snippet":"max-snippet:-1","max-image-preview":"max-image-preview:large","max-video-preview":"max-video-preview:-1"},"canonical":"https:\/\/www.tribunal-nature.org\/blog\/sur-le-web-au-tribunal-les-robins-des-bois-de-lenergie-nassument-pas\/","og_locale":"fr_FR","og_type":"article","og_title":"Sur le web : Au tribunal, \u00ab\u00a0les Robins des bois\u00a0de l\u2019\u00e9nergie\u00a0\u00bb n\u2019assument pas - TRIBUNAL-NATURE","og_description":"Sur le web : Au tribunal, \u00ab\u00a0les Robins des bois\u00a0de l\u2019\u00e9nergie\u00a0\u00bb n\u2019assument pas article de TRIBUNAL-NATURE","og_url":"https:\/\/www.tribunal-nature.org\/blog\/sur-le-web-au-tribunal-les-robins-des-bois-de-lenergie-nassument-pas\/","og_site_name":"TRIBUNAL-NATURE","article_published_time":"2024-02-22T02:05:48+00:00","author":"Isabelle LOUBEAU","twitter_card":"summary_large_image","twitter_misc":{"\u00c9crit par":"Isabelle LOUBEAU","Dur\u00e9e de lecture estim\u00e9e":"5 minutes"},"schema":{"@context":"https:\/\/schema.org","@graph":[{"@type":"Article","@id":"https:\/\/www.tribunal-nature.org\/blog\/sur-le-web-au-tribunal-les-robins-des-bois-de-lenergie-nassument-pas\/#article","isPartOf":{"@id":"https:\/\/www.tribunal-nature.org\/blog\/sur-le-web-au-tribunal-les-robins-des-bois-de-lenergie-nassument-pas\/"},"author":{"name":"Isabelle LOUBEAU","@id":"https:\/\/www.tribunal-nature.org\/blog\/#\/schema\/person\/55761caf7544da6b05b60523f2a0855f"},"headline":"Sur le web : Au tribunal, \u00ab\u00a0les Robins des bois\u00a0de l\u2019\u00e9nergie\u00a0\u00bb n\u2019assument pas","datePublished":"2024-02-22T02:05:48+00:00","mainEntityOfPage":{"@id":"https:\/\/www.tribunal-nature.org\/blog\/sur-le-web-au-tribunal-les-robins-des-bois-de-lenergie-nassument-pas\/"},"wordCount":931,"publisher":{"@id":"https:\/\/www.tribunal-nature.org\/blog\/#organization"},"articleSection":["Droit De L'Environnement:"],"inLanguage":"fr-FR"},{"@type":"WebPage","@id":"https:\/\/www.tribunal-nature.org\/blog\/sur-le-web-au-tribunal-les-robins-des-bois-de-lenergie-nassument-pas\/","url":"https:\/\/www.tribunal-nature.org\/blog\/sur-le-web-au-tribunal-les-robins-des-bois-de-lenergie-nassument-pas\/","name":"Sur le web : Au tribunal, \u00ab\u00a0les Robins des bois\u00a0de l\u2019\u00e9nergie\u00a0\u00bb n\u2019assument pas - TRIBUNAL-NATURE","isPartOf":{"@id":"https:\/\/www.tribunal-nature.org\/blog\/#website"},"datePublished":"2024-02-22T02:05:48+00:00","description":"Sur le web : Au tribunal, \u00ab\u00a0les Robins des bois\u00a0de l\u2019\u00e9nergie\u00a0\u00bb n\u2019assument pas article de TRIBUNAL-NATURE","breadcrumb":{"@id":"https:\/\/www.tribunal-nature.org\/blog\/sur-le-web-au-tribunal-les-robins-des-bois-de-lenergie-nassument-pas\/#breadcrumb"},"inLanguage":"fr-FR","potentialAction":[{"@type":"ReadAction","target":["https:\/\/www.tribunal-nature.org\/blog\/sur-le-web-au-tribunal-les-robins-des-bois-de-lenergie-nassument-pas\/"]}]},{"@type":"BreadcrumbList","@id":"https:\/\/www.tribunal-nature.org\/blog\/sur-le-web-au-tribunal-les-robins-des-bois-de-lenergie-nassument-pas\/#breadcrumb","itemListElement":[{"@type":"ListItem","position":1,"name":"Accueil","item":"https:\/\/www.tribunal-nature.org\/blog\/"},{"@type":"ListItem","position":2,"name":"Sur le web : Au tribunal, \u00ab\u00a0les Robins des bois\u00a0de l\u2019\u00e9nergie\u00a0\u00bb n\u2019assument pas"}]},{"@type":"WebSite","@id":"https:\/\/www.tribunal-nature.org\/blog\/#website","url":"https:\/\/www.tribunal-nature.org\/blog\/","name":"TRIBUNAL-NATURE","description":"Droit De L&#039;Environnement.","publisher":{"@id":"https:\/\/www.tribunal-nature.org\/blog\/#organization"},"potentialAction":[{"@type":"SearchAction","target":{"@type":"EntryPoint","urlTemplate":"https:\/\/www.tribunal-nature.org\/blog\/?s={search_term_string}"},"query-input":{"@type":"PropertyValueSpecification","valueRequired":true,"valueName":"search_term_string"}}],"inLanguage":"fr-FR"},{"@type":"Organization","@id":"https:\/\/www.tribunal-nature.org\/blog\/#organization","name":"tribunal-nature","url":"https:\/\/www.tribunal-nature.org\/blog\/","logo":{"@type":"ImageObject","inLanguage":"fr-FR","@id":"https:\/\/www.tribunal-nature.org\/blog\/#\/schema\/logo\/image\/","url":"https:\/\/www.tribunal-nature.org\/blog\/wp-content\/uploads\/2022\/05\/logo-2.png","contentUrl":"https:\/\/www.tribunal-nature.org\/blog\/wp-content\/uploads\/2022\/05\/logo-2.png","width":180,"height":180,"caption":"tribunal-nature"},"image":{"@id":"https:\/\/www.tribunal-nature.org\/blog\/#\/schema\/logo\/image\/"}},{"@type":"Person","@id":"https:\/\/www.tribunal-nature.org\/blog\/#\/schema\/person\/55761caf7544da6b05b60523f2a0855f","name":"Isabelle LOUBEAU","image":{"@type":"ImageObject","inLanguage":"fr-FR","@id":"https:\/\/secure.gravatar.com\/avatar\/b6912620aca78633bf5d50400888815d3b38a1118e82b94050843f411f3f5972?s=96&d=mm&r=g","url":"https:\/\/secure.gravatar.com\/avatar\/b6912620aca78633bf5d50400888815d3b38a1118e82b94050843f411f3f5972?s=96&d=mm&r=g","contentUrl":"https:\/\/secure.gravatar.com\/avatar\/b6912620aca78633bf5d50400888815d3b38a1118e82b94050843f411f3f5972?s=96&d=mm&r=g","caption":"Isabelle LOUBEAU"},"url":"https:\/\/www.tribunal-nature.org\/blog\/author\/ureisabelle\/"}]}},"_links":{"self":[{"href":"https:\/\/www.tribunal-nature.org\/blog\/wp-json\/wp\/v2\/posts\/938","targetHints":{"allow":["GET"]}}],"collection":[{"href":"https:\/\/www.tribunal-nature.org\/blog\/wp-json\/wp\/v2\/posts"}],"about":[{"href":"https:\/\/www.tribunal-nature.org\/blog\/wp-json\/wp\/v2\/types\/post"}],"author":[{"embeddable":true,"href":"https:\/\/www.tribunal-nature.org\/blog\/wp-json\/wp\/v2\/users\/3"}],"replies":[{"embeddable":true,"href":"https:\/\/www.tribunal-nature.org\/blog\/wp-json\/wp\/v2\/comments?post=938"}],"version-history":[{"count":0,"href":"https:\/\/www.tribunal-nature.org\/blog\/wp-json\/wp\/v2\/posts\/938\/revisions"}],"wp:attachment":[{"href":"https:\/\/www.tribunal-nature.org\/blog\/wp-json\/wp\/v2\/media?parent=938"}],"wp:term":[{"taxonomy":"category","embeddable":true,"href":"https:\/\/www.tribunal-nature.org\/blog\/wp-json\/wp\/v2\/categories?post=938"},{"taxonomy":"post_tag","embeddable":true,"href":"https:\/\/www.tribunal-nature.org\/blog\/wp-json\/wp\/v2\/tags?post=938"}],"curies":[{"name":"wp","href":"https:\/\/api.w.org\/{rel}","templated":true}]}}