{"id":935,"date":"2024-02-18T18:15:03","date_gmt":"2024-02-18T17:15:03","guid":{"rendered":"https:\/\/www.tribunal-nature.org\/blog\/cours-sur-les-normes-des-droits-de-lhomme-dans-les-conflits-et-les-catastrophes-programmes-de-formation-biicl-appel-a-propositions-sur-le-changement-climatique-et-la-migration\/"},"modified":"2024-02-18T18:15:03","modified_gmt":"2024-02-18T17:15:03","slug":"cours-sur-les-normes-des-droits-de-lhomme-dans-les-conflits-et-les-catastrophes-programmes-de-formation-biicl-appel-a-propositions-sur-le-changement-climatique-et-la-migration","status":"publish","type":"post","link":"https:\/\/www.tribunal-nature.org\/blog\/cours-sur-les-normes-des-droits-de-lhomme-dans-les-conflits-et-les-catastrophes-programmes-de-formation-biicl-appel-a-propositions-sur-le-changement-climatique-et-la-migration\/","title":{"rendered":"Cours sur les normes des droits de l\u2019homme dans les conflits et les catastrophes\u00a0;  Programmes de formation BIICL\u00a0;  Appel \u00e0 propositions sur le changement climatique et la migration\u00a0;  Conf\u00e9rence sur l\u2019Ukraine au-del\u00e0 de l\u2019agression\u00a0;  Acad\u00e9mie des Droits de l\u2019Homme et du Droit Humanitaire \u2013 EJIL : Parlez !"},"content":{"rendered":"<div>\n<div>\n<p style=\"text-align: justify;\"><b>1. Cours sur les normes europ\u00e9ennes et internationales des droits de l\u2019homme dans les conflits et les catastrophes\u00a0: \u00c9cole d\u2019\u00e9tudes avanc\u00e9es Sant\u2019Anna. <\/b>La premi\u00e8re \u00e9dition du cours intensif \u00ab Normes europ\u00e9ennes et internationales des droits de l\u2019homme dans les conflits et les catastrophes \u00bb (EIHRSCaD) aura lieu \u00e0 Pise du 8 au 12 juillet 2024. Les candidatures sont d\u00e9sormais ouvertes, avec une date limite fix\u00e9e au 15 mai (1<sup>St<\/sup> tour) et le 12 juin (2<sup>sd<\/sup> rond).  Le cours, organis\u00e9 dans le cadre d\u2019une chaire Jean Monnet, se concentrera sur le r\u00f4le des droits de l\u2019homme dans la pr\u00e9vention et la r\u00e9ponse aux catastrophes naturelles et technologiques et aux conflits arm\u00e9s, en vue de promouvoir une approche humanitaire plus sensible aux droits de l\u2019homme. assistance dans ces contextes.  Le cours est destin\u00e9 aux \u00e9tudiants dipl\u00f4m\u00e9s et postuniversitaires, aux chercheurs et autres universitaires, ainsi qu\u2019aux praticiens travaillant dans le domaine de l\u2019aide humanitaire ou aux organisations nationales et internationales, ONG et autres acteurs actifs dans ce domaine.  Plus d\u2019informations sur le cours et la proc\u00e9dure de candidature peuvent \u00eatre trouv\u00e9es ici.<\/p>\n<p style=\"font-weight: 400; text-align: justify;\"><strong>2. Programme de formation BIICL\u00a0: printemps 2024<\/strong>.  Le British Institute of International and Comparative Law (BIICL) a lanc\u00e9 son programme de cours de courte dur\u00e9e pour le printemps 2024. Le programme accepte d\u00e9sormais les r\u00e9servations et couvrira le droit international public, le droit du changement climatique, le droit du commerce international et le contexte de la guerre en Ukraine. .  Des cours suppl\u00e9mentaires, y compris le programme de cours d\u2019automne, seront \u00e9galement disponibles sur r\u00e9servation sous peu.  Chaque cours est organis\u00e9 et dispens\u00e9 par des experts de la propre \u00e9quipe de BIICL en collaboration avec des partenaires externes, combinant expertise acad\u00e9mique et exp\u00e9rience pratique dans ces domaines du droit.  Des r\u00e9ductions pour les r\u00e9servations de groupe et les membres individuels du BIICL sont \u00e9galement disponibles.  Un nombre limit\u00e9 de bourses sont disponibles \u2013 des termes et conditions s\u2019appliquent.  Plus d\u2019informations peuvent \u00eatre trouv\u00e9es sur le site Web du BIICL.<span id=\"more-467020\"><\/span><\/p>\n<p style=\"font-weight: 400; text-align: justify;\"><strong>3. Appel \u00e0 communications : Symposium sur le changement climatique et la migration.<\/strong> Ce symposium se tiendra le 2 mai 2024 \u00e0 la facult\u00e9 de droit du Trinity College de Dublin (Long Room Hub).  Le symposium vise \u00e0 d\u00e9velopper une perspective nuanc\u00e9e et multidisciplinaire sur ces questions juridiques.  Situ\u00e9 dans un contexte plus large de justice climatique, le symposium rassemblera des chercheurs de toutes disciplines, notamment le droit, la g\u00e9ographie, les sciences politiques et la sociologie.  La date limite de soumission des r\u00e9sum\u00e9s (jusqu\u2019\u00e0 500 mots) et d\u2019un court CV est le 28 f\u00e9vrier 2024. L\u2019appel \u00e0 communications est disponible ici.<\/p>\n<p style=\"font-weight: 400; text-align: justify;\"><strong>4. L\u2019Ukraine au-del\u00e0 de l\u2019agression\u00a0: r\u00e9ponses juridiques \u00e0 l\u2019invasion russe en 2022 et \u00e0 ses cons\u00e9quences.<\/strong> Le 21 f\u00e9vrier 2024\u00a0;  De 14h00 \u00e0 17h30 (GMT), le Human Rights Law Center et le Nottingham Center for (notre blog d\u2019information) and Security organiseront une conf\u00e9rence pr\u00e9sentant un large \u00e9ventail de recherches li\u00e9es \u00e0 la guerre de la Russie contre l\u2019Ukraine, examin\u00e9es dans le cadre du droit international.  Alors que nous approchons du deuxi\u00e8me anniversaire de l\u2019invasion \u00e0 grande \u00e9chelle de l\u2019Ukraine par la Russie, cet \u00e9v\u00e9nement constitue un moment opportun pour une r\u00e9flexion critique sur le r\u00f4le et l\u2019efficacit\u00e9 du droit international dans la r\u00e9solution de ce conflit.  Un discours d\u2019ouverture sera prononc\u00e9 par le juge Mykola Gnatovskyy, juge \u00e0 la Cour europ\u00e9enne des droits de l\u2019homme au titre de l\u2019Ukraine, suivi d\u2019une pr\u00e9sentation de Maksym Demydenko des archives de guerre d\u2019Ukraine.  Il y aura \u00e9galement des pr\u00e9sentations d\u2019un certain nombre d\u2019intervenants sur divers sujets li\u00e9s au conflit, notamment ses racines historiques, la crise actuelle des r\u00e9fugi\u00e9s, les pr\u00e9tendues justifications de la guerre, les dommages caus\u00e9s aux civils et le droit international humanitaire, les r\u00e9ponses internationales au conflit, les efforts de responsabilisation, responsabilit\u00e9 l\u00e9gale, et plus encore.  L\u2019\u00e9v\u00e9nement aura lieu en personne et en ligne.  Tous les d\u00e9tails et inscription gratuite disponibles ici.<\/p>\n<p style=\"text-align: justify;\"><strong>5. Acad\u00e9mie des droits de l\u2019homme et du droit humanitaire de l\u2019American University Washington College of Law.<\/strong>  L\u2019Acad\u00e9mie des droits de l\u2019homme et du droit humanitaire de l\u2019American University Washington College of Law, aux \u00c9tats-Unis, organise son programme d\u2019\u00e9tudes avanc\u00e9es sur les droits de l\u2019homme et le droit humanitaire du 27 mai au 14 juin 2024. Les inscriptions sont d\u00e9sormais ouvertes avec une date limite fix\u00e9e au 1er mai. , 2024 Le programme propose 17 cours en anglais et en espagnol dispens\u00e9s par plus de 40 universitaires dans le domaine des droits de l\u2019homme et du droit humanitaire.  Les professeurs comprennent des rapporteurs sp\u00e9ciaux des Nations Unies, des commissaires, des juges et d\u2019autres membres de la Commission et de la Cour interam\u00e9ricaines des droits de l\u2019homme, des juges de tribunaux internationaux comme la CIJ et le TPIY, ainsi que des professeurs du monde entier.  Le cours accueille \u00e9galement plus de 110 participants venus de plus de 25 pays \u00e0 travers le monde, tous avec diff\u00e9rents niveaux et domaines d\u2019exp\u00e9rience professionnelle dans le domaine des droits de l\u2019homme.  La date limite pour postuler au Programme est le 1er mai 2024. Retrouvez ici toutes les informations sur le Programme d\u2019\u00e9tudes avanc\u00e9es en droits de l\u2019homme et droit humanitaire.  Informations sur les cours ici.  Appliquer ici.  Informations compl\u00e9mentaires ici ou par email \u00e0 <span id=\"emob-uenpnqrzl@jpy.nzrevpna.rqh-47\">hracademy {at} wcl.american(.)edu<\/span>. <\/p>\n<div class=\"printfriendly pf-button pf-button-content pf-alignright\"><img decoding=\"async\" class=\"pf-button-img lazyload\" src=\"https:\/\/www.tribunal-nature.org\/blog\/wp-content\/uploads\/2024\/02\/1685703873_856_Thomas-Buergenthal-RIP-E28093-EJIL-Parlez-1.png\" alt=\"Version imprimable, PDF et e-mail\" style=\"width: 110px;height: 30px;\"><noscript><img decoding=\"async\" class=\"pf-button-img lazyload\" src=\"https:\/\/www.tribunal-nature.org\/blog\/wp-content\/uploads\/2024\/02\/1685703873_856_Thomas-Buergenthal-RIP-E28093-EJIL-Parlez-1.png\" alt=\"Version imprimable, PDF et e-mail\" style=\"width: 110px;height: 30px;\"><\/noscript><\/div>\n<\/div>\n<\/div>\n","protected":false},"excerpt":{"rendered":"<p>1. Cours sur les normes europ\u00e9ennes et internationales des droits de l\u2019homme dans les conflits et les catastrophes\u00a0: \u00c9cole d\u2019\u00e9tudes&#8230;<\/p>\n","protected":false},"author":3,"featured_media":936,"comment_status":"closed","ping_status":"closed","sticky":false,"template":"","format":"standard","meta":{"footnotes":""},"categories":[2],"tags":[],"class_list":["post-935","post","type-post","status-publish","format-standard","has-post-thumbnail","hentry","category-droit-de-lenvironnement","wpcat-2-id"],"yoast_head":"<!-- This site is optimized with the Yoast SEO plugin v27.5 - https:\/\/yoast.com\/product\/yoast-seo-wordpress\/ -->\n<title>Cours sur les normes des droits de l\u2019homme dans les conflits et les catastrophes\u00a0; Programmes de formation BIICL\u00a0; Appel \u00e0 propositions sur le changement climatique et la migration\u00a0; Conf\u00e9rence sur l\u2019Ukraine au-del\u00e0 de l\u2019agression\u00a0; Acad\u00e9mie des Droits de l\u2019Homme et du Droit Humanitaire \u2013 EJIL : Parlez ! - TRIBUNAL-NATURE<\/title>\n<meta name=\"description\" content=\"Cours sur les normes des droits de l\u2019homme dans les conflits et les catastrophes\u00a0; Programmes de formation BIICL\u00a0; Appel \u00e0 propositions sur le changement climatique et la migration\u00a0; Conf\u00e9rence sur l\u2019Ukraine au-del\u00e0 de l\u2019agression\u00a0; Acad\u00e9mie des Droits de l\u2019Homme et du Droit Humanitaire \u2013 EJIL : Parlez ! article de TRIBUNAL-NATURE\" \/>\n<meta name=\"robots\" content=\"index, follow, max-snippet:-1, max-image-preview:large, max-video-preview:-1\" \/>\n<link rel=\"canonical\" href=\"https:\/\/www.tribunal-nature.org\/blog\/cours-sur-les-normes-des-droits-de-lhomme-dans-les-conflits-et-les-catastrophes-programmes-de-formation-biicl-appel-a-propositions-sur-le-changement-climatique-et-la-migration\/\" \/>\n<meta property=\"og:locale\" content=\"fr_FR\" \/>\n<meta property=\"og:type\" content=\"article\" \/>\n<meta property=\"og:title\" content=\"Cours sur les normes des droits de l\u2019homme dans les conflits et les catastrophes\u00a0; Programmes de formation BIICL\u00a0; Appel \u00e0 propositions sur le changement climatique et la migration\u00a0; Conf\u00e9rence sur l\u2019Ukraine au-del\u00e0 de l\u2019agression\u00a0; Acad\u00e9mie des Droits de l\u2019Homme et du Droit Humanitaire \u2013 EJIL : Parlez ! - TRIBUNAL-NATURE\" \/>\n<meta property=\"og:description\" content=\"Cours sur les normes des droits de l\u2019homme dans les conflits et les catastrophes\u00a0; Programmes de formation BIICL\u00a0; Appel \u00e0 propositions sur le changement climatique et la migration\u00a0; Conf\u00e9rence sur l\u2019Ukraine au-del\u00e0 de l\u2019agression\u00a0; Acad\u00e9mie des Droits de l\u2019Homme et du Droit Humanitaire \u2013 EJIL : Parlez ! article de TRIBUNAL-NATURE\" \/>\n<meta property=\"og:url\" content=\"https:\/\/www.tribunal-nature.org\/blog\/cours-sur-les-normes-des-droits-de-lhomme-dans-les-conflits-et-les-catastrophes-programmes-de-formation-biicl-appel-a-propositions-sur-le-changement-climatique-et-la-migration\/\" \/>\n<meta property=\"og:site_name\" content=\"TRIBUNAL-NATURE\" \/>\n<meta property=\"article:published_time\" content=\"2024-02-18T17:15:03+00:00\" \/>\n<meta property=\"og:image\" content=\"https:\/\/www.tribunal-nature.org\/blog\/wp-content\/uploads\/2024\/02\/1685703873_856_Thomas-Buergenthal-RIP-E28093-EJIL-Parlez-1.png\" \/>\n<meta name=\"author\" content=\"Isabelle LOUBEAU\" \/>\n<meta name=\"twitter:card\" content=\"summary_large_image\" \/>\n<meta name=\"twitter:label1\" content=\"\u00c9crit par\" \/>\n\t<meta name=\"twitter:data1\" content=\"Isabelle LOUBEAU\" \/>\n\t<meta name=\"twitter:label2\" content=\"Dur\u00e9e de lecture estim\u00e9e\" \/>\n\t<meta name=\"twitter:data2\" content=\"5 minutes\" \/>\n<script type=\"application\/ld+json\" class=\"yoast-schema-graph\">{\"@context\":\"https:\\\/\\\/schema.org\",\"@graph\":[{\"@type\":\"Article\",\"@id\":\"https:\\\/\\\/www.tribunal-nature.org\\\/blog\\\/cours-sur-les-normes-des-droits-de-lhomme-dans-les-conflits-et-les-catastrophes-programmes-de-formation-biicl-appel-a-propositions-sur-le-changement-climatique-et-la-migration\\\/#article\",\"isPartOf\":{\"@id\":\"https:\\\/\\\/www.tribunal-nature.org\\\/blog\\\/cours-sur-les-normes-des-droits-de-lhomme-dans-les-conflits-et-les-catastrophes-programmes-de-formation-biicl-appel-a-propositions-sur-le-changement-climatique-et-la-migration\\\/\"},\"author\":{\"name\":\"Isabelle LOUBEAU\",\"@id\":\"https:\\\/\\\/www.tribunal-nature.org\\\/blog\\\/#\\\/schema\\\/person\\\/55761caf7544da6b05b60523f2a0855f\"},\"headline\":\"Cours sur les normes des droits de l\u2019homme dans les conflits et les catastrophes\u00a0; Programmes de formation BIICL\u00a0; Appel \u00e0 propositions sur le changement climatique et la migration\u00a0; Conf\u00e9rence sur l\u2019Ukraine au-del\u00e0 de l\u2019agression\u00a0; Acad\u00e9mie des Droits de l\u2019Homme et du Droit Humanitaire \u2013 EJIL : Parlez !\",\"datePublished\":\"2024-02-18T17:15:03+00:00\",\"mainEntityOfPage\":{\"@id\":\"https:\\\/\\\/www.tribunal-nature.org\\\/blog\\\/cours-sur-les-normes-des-droits-de-lhomme-dans-les-conflits-et-les-catastrophes-programmes-de-formation-biicl-appel-a-propositions-sur-le-changement-climatique-et-la-migration\\\/\"},\"wordCount\":978,\"publisher\":{\"@id\":\"https:\\\/\\\/www.tribunal-nature.org\\\/blog\\\/#organization\"},\"image\":{\"@id\":\"https:\\\/\\\/www.tribunal-nature.org\\\/blog\\\/cours-sur-les-normes-des-droits-de-lhomme-dans-les-conflits-et-les-catastrophes-programmes-de-formation-biicl-appel-a-propositions-sur-le-changement-climatique-et-la-migration\\\/#primaryimage\"},\"thumbnailUrl\":\"https:\\\/\\\/www.tribunal-nature.org\\\/blog\\\/wp-content\\\/uploads\\\/2024\\\/02\\\/1685703873_856_Thomas-Buergenthal-RIP-E28093-EJIL-Parlez-1.png\",\"articleSection\":[\"Droit De L'Environnement:\"],\"inLanguage\":\"fr-FR\"},{\"@type\":\"WebPage\",\"@id\":\"https:\\\/\\\/www.tribunal-nature.org\\\/blog\\\/cours-sur-les-normes-des-droits-de-lhomme-dans-les-conflits-et-les-catastrophes-programmes-de-formation-biicl-appel-a-propositions-sur-le-changement-climatique-et-la-migration\\\/\",\"url\":\"https:\\\/\\\/www.tribunal-nature.org\\\/blog\\\/cours-sur-les-normes-des-droits-de-lhomme-dans-les-conflits-et-les-catastrophes-programmes-de-formation-biicl-appel-a-propositions-sur-le-changement-climatique-et-la-migration\\\/\",\"name\":\"Cours sur les normes des droits de l\u2019homme dans les conflits et les catastrophes\u00a0; Programmes de formation BIICL\u00a0; Appel \u00e0 propositions sur le changement climatique et la migration\u00a0; Conf\u00e9rence sur l\u2019Ukraine au-del\u00e0 de l\u2019agression\u00a0; Acad\u00e9mie des Droits de l\u2019Homme et du Droit Humanitaire \u2013 EJIL : Parlez ! - TRIBUNAL-NATURE\",\"isPartOf\":{\"@id\":\"https:\\\/\\\/www.tribunal-nature.org\\\/blog\\\/#website\"},\"primaryImageOfPage\":{\"@id\":\"https:\\\/\\\/www.tribunal-nature.org\\\/blog\\\/cours-sur-les-normes-des-droits-de-lhomme-dans-les-conflits-et-les-catastrophes-programmes-de-formation-biicl-appel-a-propositions-sur-le-changement-climatique-et-la-migration\\\/#primaryimage\"},\"image\":{\"@id\":\"https:\\\/\\\/www.tribunal-nature.org\\\/blog\\\/cours-sur-les-normes-des-droits-de-lhomme-dans-les-conflits-et-les-catastrophes-programmes-de-formation-biicl-appel-a-propositions-sur-le-changement-climatique-et-la-migration\\\/#primaryimage\"},\"thumbnailUrl\":\"https:\\\/\\\/www.tribunal-nature.org\\\/blog\\\/wp-content\\\/uploads\\\/2024\\\/02\\\/1685703873_856_Thomas-Buergenthal-RIP-E28093-EJIL-Parlez-1.png\",\"datePublished\":\"2024-02-18T17:15:03+00:00\",\"description\":\"Cours sur les normes des droits de l\u2019homme dans les conflits et les catastrophes\u00a0; Programmes de formation BIICL\u00a0; Appel \u00e0 propositions sur le changement climatique et la migration\u00a0; Conf\u00e9rence sur l\u2019Ukraine au-del\u00e0 de l\u2019agression\u00a0; Acad\u00e9mie des Droits de l\u2019Homme et du Droit Humanitaire \u2013 EJIL : Parlez ! article de TRIBUNAL-NATURE\",\"breadcrumb\":{\"@id\":\"https:\\\/\\\/www.tribunal-nature.org\\\/blog\\\/cours-sur-les-normes-des-droits-de-lhomme-dans-les-conflits-et-les-catastrophes-programmes-de-formation-biicl-appel-a-propositions-sur-le-changement-climatique-et-la-migration\\\/#breadcrumb\"},\"inLanguage\":\"fr-FR\",\"potentialAction\":[{\"@type\":\"ReadAction\",\"target\":[\"https:\\\/\\\/www.tribunal-nature.org\\\/blog\\\/cours-sur-les-normes-des-droits-de-lhomme-dans-les-conflits-et-les-catastrophes-programmes-de-formation-biicl-appel-a-propositions-sur-le-changement-climatique-et-la-migration\\\/\"]}]},{\"@type\":\"ImageObject\",\"inLanguage\":\"fr-FR\",\"@id\":\"https:\\\/\\\/www.tribunal-nature.org\\\/blog\\\/cours-sur-les-normes-des-droits-de-lhomme-dans-les-conflits-et-les-catastrophes-programmes-de-formation-biicl-appel-a-propositions-sur-le-changement-climatique-et-la-migration\\\/#primaryimage\",\"url\":\"https:\\\/\\\/www.tribunal-nature.org\\\/blog\\\/wp-content\\\/uploads\\\/2024\\\/02\\\/1685703873_856_Thomas-Buergenthal-RIP-E28093-EJIL-Parlez-1.png\",\"contentUrl\":\"https:\\\/\\\/www.tribunal-nature.org\\\/blog\\\/wp-content\\\/uploads\\\/2024\\\/02\\\/1685703873_856_Thomas-Buergenthal-RIP-E28093-EJIL-Parlez-1.png\",\"width\":110,\"height\":30,\"caption\":\"1685703873 856 Thomas Buergenthal RIP E28093 EJIL Parlez 1\"},{\"@type\":\"BreadcrumbList\",\"@id\":\"https:\\\/\\\/www.tribunal-nature.org\\\/blog\\\/cours-sur-les-normes-des-droits-de-lhomme-dans-les-conflits-et-les-catastrophes-programmes-de-formation-biicl-appel-a-propositions-sur-le-changement-climatique-et-la-migration\\\/#breadcrumb\",\"itemListElement\":[{\"@type\":\"ListItem\",\"position\":1,\"name\":\"Accueil\",\"item\":\"https:\\\/\\\/www.tribunal-nature.org\\\/blog\\\/\"},{\"@type\":\"ListItem\",\"position\":2,\"name\":\"Cours sur les normes des droits de l\u2019homme dans les conflits et les catastrophes\u00a0; Programmes de formation BIICL\u00a0; Appel \u00e0 propositions sur le changement climatique et la migration\u00a0; Conf\u00e9rence sur l\u2019Ukraine au-del\u00e0 de l\u2019agression\u00a0; Acad\u00e9mie des Droits de l\u2019Homme et du Droit Humanitaire \u2013 EJIL : Parlez !\"}]},{\"@type\":\"WebSite\",\"@id\":\"https:\\\/\\\/www.tribunal-nature.org\\\/blog\\\/#website\",\"url\":\"https:\\\/\\\/www.tribunal-nature.org\\\/blog\\\/\",\"name\":\"TRIBUNAL-NATURE\",\"description\":\"Droit De L&#039;Environnement.\",\"publisher\":{\"@id\":\"https:\\\/\\\/www.tribunal-nature.org\\\/blog\\\/#organization\"},\"potentialAction\":[{\"@type\":\"SearchAction\",\"target\":{\"@type\":\"EntryPoint\",\"urlTemplate\":\"https:\\\/\\\/www.tribunal-nature.org\\\/blog\\\/?s={search_term_string}\"},\"query-input\":{\"@type\":\"PropertyValueSpecification\",\"valueRequired\":true,\"valueName\":\"search_term_string\"}}],\"inLanguage\":\"fr-FR\"},{\"@type\":\"Organization\",\"@id\":\"https:\\\/\\\/www.tribunal-nature.org\\\/blog\\\/#organization\",\"name\":\"tribunal-nature\",\"url\":\"https:\\\/\\\/www.tribunal-nature.org\\\/blog\\\/\",\"logo\":{\"@type\":\"ImageObject\",\"inLanguage\":\"fr-FR\",\"@id\":\"https:\\\/\\\/www.tribunal-nature.org\\\/blog\\\/#\\\/schema\\\/logo\\\/image\\\/\",\"url\":\"https:\\\/\\\/www.tribunal-nature.org\\\/blog\\\/wp-content\\\/uploads\\\/2022\\\/05\\\/logo-2.png\",\"contentUrl\":\"https:\\\/\\\/www.tribunal-nature.org\\\/blog\\\/wp-content\\\/uploads\\\/2022\\\/05\\\/logo-2.png\",\"width\":180,\"height\":180,\"caption\":\"tribunal-nature\"},\"image\":{\"@id\":\"https:\\\/\\\/www.tribunal-nature.org\\\/blog\\\/#\\\/schema\\\/logo\\\/image\\\/\"}},{\"@type\":\"Person\",\"@id\":\"https:\\\/\\\/www.tribunal-nature.org\\\/blog\\\/#\\\/schema\\\/person\\\/55761caf7544da6b05b60523f2a0855f\",\"name\":\"Isabelle LOUBEAU\",\"image\":{\"@type\":\"ImageObject\",\"inLanguage\":\"fr-FR\",\"@id\":\"https:\\\/\\\/secure.gravatar.com\\\/avatar\\\/b6912620aca78633bf5d50400888815d3b38a1118e82b94050843f411f3f5972?s=96&d=mm&r=g\",\"url\":\"https:\\\/\\\/secure.gravatar.com\\\/avatar\\\/b6912620aca78633bf5d50400888815d3b38a1118e82b94050843f411f3f5972?s=96&d=mm&r=g\",\"contentUrl\":\"https:\\\/\\\/secure.gravatar.com\\\/avatar\\\/b6912620aca78633bf5d50400888815d3b38a1118e82b94050843f411f3f5972?s=96&d=mm&r=g\",\"caption\":\"Isabelle LOUBEAU\"},\"url\":\"https:\\\/\\\/www.tribunal-nature.org\\\/blog\\\/author\\\/ureisabelle\\\/\"}]}<\/script>\n<!-- \/ Yoast SEO plugin. -->","yoast_head_json":{"title":"Cours sur les normes des droits de l\u2019homme dans les conflits et les catastrophes\u00a0; Programmes de formation BIICL\u00a0; Appel \u00e0 propositions sur le changement climatique et la migration\u00a0; Conf\u00e9rence sur l\u2019Ukraine au-del\u00e0 de l\u2019agression\u00a0; Acad\u00e9mie des Droits de l\u2019Homme et du Droit Humanitaire \u2013 EJIL : Parlez ! - TRIBUNAL-NATURE","description":"Cours sur les normes des droits de l\u2019homme dans les conflits et les catastrophes\u00a0; Programmes de formation BIICL\u00a0; Appel \u00e0 propositions sur le changement climatique et la migration\u00a0; Conf\u00e9rence sur l\u2019Ukraine au-del\u00e0 de l\u2019agression\u00a0; Acad\u00e9mie des Droits de l\u2019Homme et du Droit Humanitaire \u2013 EJIL : Parlez ! article de TRIBUNAL-NATURE","robots":{"index":"index","follow":"follow","max-snippet":"max-snippet:-1","max-image-preview":"max-image-preview:large","max-video-preview":"max-video-preview:-1"},"canonical":"https:\/\/www.tribunal-nature.org\/blog\/cours-sur-les-normes-des-droits-de-lhomme-dans-les-conflits-et-les-catastrophes-programmes-de-formation-biicl-appel-a-propositions-sur-le-changement-climatique-et-la-migration\/","og_locale":"fr_FR","og_type":"article","og_title":"Cours sur les normes des droits de l\u2019homme dans les conflits et les catastrophes\u00a0; Programmes de formation BIICL\u00a0; Appel \u00e0 propositions sur le changement climatique et la migration\u00a0; Conf\u00e9rence sur l\u2019Ukraine au-del\u00e0 de l\u2019agression\u00a0; Acad\u00e9mie des Droits de l\u2019Homme et du Droit Humanitaire \u2013 EJIL : Parlez ! - TRIBUNAL-NATURE","og_description":"Cours sur les normes des droits de l\u2019homme dans les conflits et les catastrophes\u00a0; Programmes de formation BIICL\u00a0; Appel \u00e0 propositions sur le changement climatique et la migration\u00a0; Conf\u00e9rence sur l\u2019Ukraine au-del\u00e0 de l\u2019agression\u00a0; Acad\u00e9mie des Droits de l\u2019Homme et du Droit Humanitaire \u2013 EJIL : Parlez ! article de TRIBUNAL-NATURE","og_url":"https:\/\/www.tribunal-nature.org\/blog\/cours-sur-les-normes-des-droits-de-lhomme-dans-les-conflits-et-les-catastrophes-programmes-de-formation-biicl-appel-a-propositions-sur-le-changement-climatique-et-la-migration\/","og_site_name":"TRIBUNAL-NATURE","article_published_time":"2024-02-18T17:15:03+00:00","og_image":[{"url":"https:\/\/www.tribunal-nature.org\/blog\/wp-content\/uploads\/2024\/02\/1685703873_856_Thomas-Buergenthal-RIP-E28093-EJIL-Parlez-1.png","type":"","width":"","height":""}],"author":"Isabelle LOUBEAU","twitter_card":"summary_large_image","twitter_misc":{"\u00c9crit par":"Isabelle LOUBEAU","Dur\u00e9e de lecture estim\u00e9e":"5 minutes"},"schema":{"@context":"https:\/\/schema.org","@graph":[{"@type":"Article","@id":"https:\/\/www.tribunal-nature.org\/blog\/cours-sur-les-normes-des-droits-de-lhomme-dans-les-conflits-et-les-catastrophes-programmes-de-formation-biicl-appel-a-propositions-sur-le-changement-climatique-et-la-migration\/#article","isPartOf":{"@id":"https:\/\/www.tribunal-nature.org\/blog\/cours-sur-les-normes-des-droits-de-lhomme-dans-les-conflits-et-les-catastrophes-programmes-de-formation-biicl-appel-a-propositions-sur-le-changement-climatique-et-la-migration\/"},"author":{"name":"Isabelle LOUBEAU","@id":"https:\/\/www.tribunal-nature.org\/blog\/#\/schema\/person\/55761caf7544da6b05b60523f2a0855f"},"headline":"Cours sur les normes des droits de l\u2019homme dans les conflits et les catastrophes\u00a0; Programmes de formation BIICL\u00a0; Appel \u00e0 propositions sur le changement climatique et la migration\u00a0; Conf\u00e9rence sur l\u2019Ukraine au-del\u00e0 de l\u2019agression\u00a0; Acad\u00e9mie des Droits de l\u2019Homme et du Droit Humanitaire \u2013 EJIL : Parlez !","datePublished":"2024-02-18T17:15:03+00:00","mainEntityOfPage":{"@id":"https:\/\/www.tribunal-nature.org\/blog\/cours-sur-les-normes-des-droits-de-lhomme-dans-les-conflits-et-les-catastrophes-programmes-de-formation-biicl-appel-a-propositions-sur-le-changement-climatique-et-la-migration\/"},"wordCount":978,"publisher":{"@id":"https:\/\/www.tribunal-nature.org\/blog\/#organization"},"image":{"@id":"https:\/\/www.tribunal-nature.org\/blog\/cours-sur-les-normes-des-droits-de-lhomme-dans-les-conflits-et-les-catastrophes-programmes-de-formation-biicl-appel-a-propositions-sur-le-changement-climatique-et-la-migration\/#primaryimage"},"thumbnailUrl":"https:\/\/www.tribunal-nature.org\/blog\/wp-content\/uploads\/2024\/02\/1685703873_856_Thomas-Buergenthal-RIP-E28093-EJIL-Parlez-1.png","articleSection":["Droit De L'Environnement:"],"inLanguage":"fr-FR"},{"@type":"WebPage","@id":"https:\/\/www.tribunal-nature.org\/blog\/cours-sur-les-normes-des-droits-de-lhomme-dans-les-conflits-et-les-catastrophes-programmes-de-formation-biicl-appel-a-propositions-sur-le-changement-climatique-et-la-migration\/","url":"https:\/\/www.tribunal-nature.org\/blog\/cours-sur-les-normes-des-droits-de-lhomme-dans-les-conflits-et-les-catastrophes-programmes-de-formation-biicl-appel-a-propositions-sur-le-changement-climatique-et-la-migration\/","name":"Cours sur les normes des droits de l\u2019homme dans les conflits et les catastrophes\u00a0; Programmes de formation BIICL\u00a0; Appel \u00e0 propositions sur le changement climatique et la migration\u00a0; Conf\u00e9rence sur l\u2019Ukraine au-del\u00e0 de l\u2019agression\u00a0; Acad\u00e9mie des Droits de l\u2019Homme et du Droit Humanitaire \u2013 EJIL : Parlez ! - TRIBUNAL-NATURE","isPartOf":{"@id":"https:\/\/www.tribunal-nature.org\/blog\/#website"},"primaryImageOfPage":{"@id":"https:\/\/www.tribunal-nature.org\/blog\/cours-sur-les-normes-des-droits-de-lhomme-dans-les-conflits-et-les-catastrophes-programmes-de-formation-biicl-appel-a-propositions-sur-le-changement-climatique-et-la-migration\/#primaryimage"},"image":{"@id":"https:\/\/www.tribunal-nature.org\/blog\/cours-sur-les-normes-des-droits-de-lhomme-dans-les-conflits-et-les-catastrophes-programmes-de-formation-biicl-appel-a-propositions-sur-le-changement-climatique-et-la-migration\/#primaryimage"},"thumbnailUrl":"https:\/\/www.tribunal-nature.org\/blog\/wp-content\/uploads\/2024\/02\/1685703873_856_Thomas-Buergenthal-RIP-E28093-EJIL-Parlez-1.png","datePublished":"2024-02-18T17:15:03+00:00","description":"Cours sur les normes des droits de l\u2019homme dans les conflits et les catastrophes\u00a0; Programmes de formation BIICL\u00a0; Appel \u00e0 propositions sur le changement climatique et la migration\u00a0; Conf\u00e9rence sur l\u2019Ukraine au-del\u00e0 de l\u2019agression\u00a0; Acad\u00e9mie des Droits de l\u2019Homme et du Droit Humanitaire \u2013 EJIL : Parlez ! article de TRIBUNAL-NATURE","breadcrumb":{"@id":"https:\/\/www.tribunal-nature.org\/blog\/cours-sur-les-normes-des-droits-de-lhomme-dans-les-conflits-et-les-catastrophes-programmes-de-formation-biicl-appel-a-propositions-sur-le-changement-climatique-et-la-migration\/#breadcrumb"},"inLanguage":"fr-FR","potentialAction":[{"@type":"ReadAction","target":["https:\/\/www.tribunal-nature.org\/blog\/cours-sur-les-normes-des-droits-de-lhomme-dans-les-conflits-et-les-catastrophes-programmes-de-formation-biicl-appel-a-propositions-sur-le-changement-climatique-et-la-migration\/"]}]},{"@type":"ImageObject","inLanguage":"fr-FR","@id":"https:\/\/www.tribunal-nature.org\/blog\/cours-sur-les-normes-des-droits-de-lhomme-dans-les-conflits-et-les-catastrophes-programmes-de-formation-biicl-appel-a-propositions-sur-le-changement-climatique-et-la-migration\/#primaryimage","url":"https:\/\/www.tribunal-nature.org\/blog\/wp-content\/uploads\/2024\/02\/1685703873_856_Thomas-Buergenthal-RIP-E28093-EJIL-Parlez-1.png","contentUrl":"https:\/\/www.tribunal-nature.org\/blog\/wp-content\/uploads\/2024\/02\/1685703873_856_Thomas-Buergenthal-RIP-E28093-EJIL-Parlez-1.png","width":110,"height":30,"caption":"1685703873 856 Thomas Buergenthal RIP E28093 EJIL Parlez 1"},{"@type":"BreadcrumbList","@id":"https:\/\/www.tribunal-nature.org\/blog\/cours-sur-les-normes-des-droits-de-lhomme-dans-les-conflits-et-les-catastrophes-programmes-de-formation-biicl-appel-a-propositions-sur-le-changement-climatique-et-la-migration\/#breadcrumb","itemListElement":[{"@type":"ListItem","position":1,"name":"Accueil","item":"https:\/\/www.tribunal-nature.org\/blog\/"},{"@type":"ListItem","position":2,"name":"Cours sur les normes des droits de l\u2019homme dans les conflits et les catastrophes\u00a0; Programmes de formation BIICL\u00a0; Appel \u00e0 propositions sur le changement climatique et la migration\u00a0; Conf\u00e9rence sur l\u2019Ukraine au-del\u00e0 de l\u2019agression\u00a0; Acad\u00e9mie des Droits de l\u2019Homme et du Droit Humanitaire \u2013 EJIL : Parlez !"}]},{"@type":"WebSite","@id":"https:\/\/www.tribunal-nature.org\/blog\/#website","url":"https:\/\/www.tribunal-nature.org\/blog\/","name":"TRIBUNAL-NATURE","description":"Droit De L&#039;Environnement.","publisher":{"@id":"https:\/\/www.tribunal-nature.org\/blog\/#organization"},"potentialAction":[{"@type":"SearchAction","target":{"@type":"EntryPoint","urlTemplate":"https:\/\/www.tribunal-nature.org\/blog\/?s={search_term_string}"},"query-input":{"@type":"PropertyValueSpecification","valueRequired":true,"valueName":"search_term_string"}}],"inLanguage":"fr-FR"},{"@type":"Organization","@id":"https:\/\/www.tribunal-nature.org\/blog\/#organization","name":"tribunal-nature","url":"https:\/\/www.tribunal-nature.org\/blog\/","logo":{"@type":"ImageObject","inLanguage":"fr-FR","@id":"https:\/\/www.tribunal-nature.org\/blog\/#\/schema\/logo\/image\/","url":"https:\/\/www.tribunal-nature.org\/blog\/wp-content\/uploads\/2022\/05\/logo-2.png","contentUrl":"https:\/\/www.tribunal-nature.org\/blog\/wp-content\/uploads\/2022\/05\/logo-2.png","width":180,"height":180,"caption":"tribunal-nature"},"image":{"@id":"https:\/\/www.tribunal-nature.org\/blog\/#\/schema\/logo\/image\/"}},{"@type":"Person","@id":"https:\/\/www.tribunal-nature.org\/blog\/#\/schema\/person\/55761caf7544da6b05b60523f2a0855f","name":"Isabelle LOUBEAU","image":{"@type":"ImageObject","inLanguage":"fr-FR","@id":"https:\/\/secure.gravatar.com\/avatar\/b6912620aca78633bf5d50400888815d3b38a1118e82b94050843f411f3f5972?s=96&d=mm&r=g","url":"https:\/\/secure.gravatar.com\/avatar\/b6912620aca78633bf5d50400888815d3b38a1118e82b94050843f411f3f5972?s=96&d=mm&r=g","contentUrl":"https:\/\/secure.gravatar.com\/avatar\/b6912620aca78633bf5d50400888815d3b38a1118e82b94050843f411f3f5972?s=96&d=mm&r=g","caption":"Isabelle LOUBEAU"},"url":"https:\/\/www.tribunal-nature.org\/blog\/author\/ureisabelle\/"}]}},"_links":{"self":[{"href":"https:\/\/www.tribunal-nature.org\/blog\/wp-json\/wp\/v2\/posts\/935","targetHints":{"allow":["GET"]}}],"collection":[{"href":"https:\/\/www.tribunal-nature.org\/blog\/wp-json\/wp\/v2\/posts"}],"about":[{"href":"https:\/\/www.tribunal-nature.org\/blog\/wp-json\/wp\/v2\/types\/post"}],"author":[{"embeddable":true,"href":"https:\/\/www.tribunal-nature.org\/blog\/wp-json\/wp\/v2\/users\/3"}],"replies":[{"embeddable":true,"href":"https:\/\/www.tribunal-nature.org\/blog\/wp-json\/wp\/v2\/comments?post=935"}],"version-history":[{"count":0,"href":"https:\/\/www.tribunal-nature.org\/blog\/wp-json\/wp\/v2\/posts\/935\/revisions"}],"wp:featuredmedia":[{"embeddable":true,"href":"https:\/\/www.tribunal-nature.org\/blog\/wp-json\/wp\/v2\/media\/936"}],"wp:attachment":[{"href":"https:\/\/www.tribunal-nature.org\/blog\/wp-json\/wp\/v2\/media?parent=935"}],"wp:term":[{"taxonomy":"category","embeddable":true,"href":"https:\/\/www.tribunal-nature.org\/blog\/wp-json\/wp\/v2\/categories?post=935"},{"taxonomy":"post_tag","embeddable":true,"href":"https:\/\/www.tribunal-nature.org\/blog\/wp-json\/wp\/v2\/tags?post=935"}],"curies":[{"name":"wp","href":"https:\/\/api.w.org\/{rel}","templated":true}]}}