{"id":926,"date":"2024-02-11T06:29:12","date_gmt":"2024-02-11T05:29:12","guid":{"rendered":"https:\/\/www.tribunal-nature.org\/blog\/revue-de-presse-internet-lavocat-antoine-vey-vise-par-une-enquete-pour-harcelement-moral-au-travail\/"},"modified":"2024-02-11T06:29:12","modified_gmt":"2024-02-11T05:29:12","slug":"revue-de-presse-internet-lavocat-antoine-vey-vise-par-une-enquete-pour-harcelement-moral-au-travail","status":"publish","type":"post","link":"https:\/\/www.tribunal-nature.org\/blog\/revue-de-presse-internet-lavocat-antoine-vey-vise-par-une-enquete-pour-harcelement-moral-au-travail\/","title":{"rendered":"Revue de presse internet  : L\u2019avocat Antoine Vey vis\u00e9 par une enqu\u00eate pour harc\u00e8lement moral au travail"},"content":{"rendered":"<div>\n<p>En enqu\u00eatant sur le web notre \u00e9quipe a d\u00e9couvert un texte qui va vous interpeller. Sa th\u00e9matique est \u00ab\u00a0la justice\u00a0\u00bb.<\/p>\n<p>Son titre  (L\u2019avocat Antoine Vey vis\u00e9 par une enqu\u00eate pour harc\u00e8lement moral au travail) parle de lui-m\u00eame.<\/p>\n<p> Pr\u00e9sent\u00e9 sous la signature \u00abd\u2019anonymat<br \/>\n\u00bb, l\u2019\u00e9crivain est positivement connu.<\/p>\n<p>L\u2019article peut par cons\u00e9quent \u00eatre pris au s\u00e9rieux.<\/p>\n<p>Voici ll\u2019article  : <\/p>\n<div wp_automatic_readability=\"104.64144011756\">\n<p><?xml encoding=\"UTF-8\"???><\/p>\n<p>Antoine Vey, avocat et ancien associ\u00e9 d\u2019\u00c9ric Dupond-Moretti, est vis\u00e9 par une enqu\u00eate pr\u00e9liminaire pour harc\u00e8lement moral au travail, a indiqu\u00e9 \u00e0 l\u2019<em>AFP<\/em> une source proche de l\u2019enqu\u00eate, confirmant une information de  <em>Lib\u00e9ration<\/em> .<\/p>\n<p>Une plainte d\u2019une ancienne collaboratrice<\/p>\n<p>Le quotidien annon\u00e7ait hier qu\u2019en plus d\u2019une enqu\u00eate ordinale, l\u2019avocat est d\u00e9sormais vis\u00e9 par une enqu\u00eate p\u00e9nale. Celle-ci est confi\u00e9e \u00e0 la Brigade de r\u00e9pression de la d\u00e9linquance contre la personne (BRDP) de la police judiciaire de Paris. Elle fait suite \u00e0 la plainte d\u2019une ancienne collaboratrice, pour des faits de 2017 et 2018.<\/p>\n<p>La plaignante, qui a requis l\u2019anonymat, a d\u00e9nonc\u00e9 le comportement <strong>\u00ab\u00a0toxique\u00a0\u00bb<\/strong> de l\u2019avocat aupr\u00e8s de l\u2019AFP. <strong>\u00ab\u00a0Dans un cabinet, les horaires \u00e0 rallonge, c\u2019est classique. Le probl\u00e8me c\u2019\u00e9tait l\u2019ambiance si d\u00e9l\u00e9t\u00e8re\u00a0: on \u00e9tait toujours en faute, Antoine passait son temps \u00e0 nous manipuler, \u00e0 donner des ordres puis des contre-ordres, \u00e0 hurler\u00a0\u00bb<\/strong>, a elle assur\u00e9.<\/p>\n<p><strong>\u00ab\u00a0Je n\u2019en pouvais tellement plus que j\u2019ai donn\u00e9 ma d\u00e9mission au bout de neuf mois\u00a0\u00bb<\/strong>, a-t-elle ajout\u00e9. S\u2019en suivent <strong>\u00ab\u00a0trois ans de d\u00e9pression extr\u00eamement profonde\u00a0\u00bb<\/strong> qu\u2019elle impute \u00e0 ces conditions de travail.<\/p>\n<p>Antoine Vey conteste<\/p>\n<p>Cette plainte <strong>\u00ab\u00a0d\u00e9pos\u00e9e cinq ans apr\u00e8s que la personne a quitt\u00e9 le cabinet n\u2019a strictement aucun fondement\u00a0\u00bb<\/strong>, a r\u00e9agi Me Antoine Vey aupr\u00e8s de l\u2019AFP.<\/p>\n<p>Le seul but de celle-ci <strong>\u00ab\u00a0est d\u2019alimenter une campagne m\u00e9diatique, savamment orchestr\u00e9e, visant \u00e0 nuire \u00e0 mon activit\u00e9 et \u00e0 mon cabinet\u00a0\u00bb<\/strong>, a fustig\u00e9 l\u2019avocat. <strong>\u00ab\u00a0Je ne me laisserai pas faire, ce d\u2019autant plus que cette action vient d\u2019une cons\u0153ur \u00e0 laquelle j\u2019ai tendu la main, notamment en l\u2019embauchant au cabinet, lorsqu\u2019elle traversait une p\u00e9riode tragique\u00a0\u00bb<\/strong>, a-t-il ajout\u00e9.<\/p>\n<p>Une longue enqu\u00eate de <em>Lib\u00e9ration<\/em>\u00a0au printemps dernier<\/p>\n<p>Au printemps 2023,  <em>Lib\u00e9ration<\/em>  avait recueilli dans une longue enqu\u00eate le t\u00e9moignage d\u2019une vingtaine de collaborateurs ou d\u2019anciens collaborateurs de l\u2019avocat, pr\u00e9sent\u00e9s comme <q>\u00a0un tourbillon de moqueries, de brimades, d\u2019injonctions \u2013 tr\u00e8s souvent contradictoires -, d\u2019humiliations.\u00a0<\/q><\/p>\n<p>Le quotidien \u00e9voquait \u00e9galement des cas de harc\u00e8lement sexuel et notamment des <q>\u00a0mains sur les cuisses impos\u00e9es\u00a0<\/q> \u00e0 une ex-collaboratrice. Ces <q>\u00a0comportements ont sap\u00e9 la confiance professionnelle et fragilis\u00e9 la sant\u00e9\u00a0<\/q> des victimes, d\u2019apr\u00e8s <em>Lib\u00e9ration<\/em>.<\/p>\n<p>Quant \u00e0 l\u2019enqu\u00eate d\u00e9ontologique, selon une source proche \u00e0 l\u2019AFP, elle a d\u00e9bouch\u00e9, fin d\u00e9cembre, sur une proc\u00e9dure disciplinaire dont les conclusions n\u2019ont pas encore \u00e9t\u00e9 rendues. Contact\u00e9, l\u2019Ordre n\u2019a pas souhait\u00e9 s\u2019exprimer.<\/p>\n<p>\t\t\t<input type=\"hidden\" id=\"_videoStepMinifiedScript+16\" value=\"2346\"><input type=\"hidden\" id=\"_videoStepScriptTypeV1\" class=\"videoStepScriptType\" value=\"19\"><\/p>\n<p>\u00a0<\/p>\n<\/div>\n<p><script type=\"didomi\/javascript\" data-purposes=\"reseauxso-W9PmELXP\">\n\t\t!function(f,b,e,v,n,t,s)\n\t\tif(f.fbq)return;n=f.fbq=function()n.callMethod?\n\t\t\t\tn.callMethod.apply(n,arguments):n.queue.push(arguments);\n\t\t\tif(!f._fbq)f._fbq=n;n.push=n;n.loaded=!0;n.version='2.0';\n\t\t\tn.queue=[];t=b.createElement(e);t.async=!0;\n\t\t\tt.src=v;s=b.getElementsByTagName(e)[0];\n\t\t\ts.parentNode.insertBefore(t,s)(window, document,'script',\n\t\t\t\t'\n\t\tfbq('init', '962745590906133');\n\t\tfbq('track', 'PageView');\n\t<\/script><\/p>\n<p>Ce objet r\u00e9pond \u00e0 vos recherches vous appr\u00e9cierez pareillement ces ouvrages:<\/p>\n<p>Dictionnaire amoureux de la justice,<a target=\"_blank\" rel=\"nofollow\" href=\"https:\/\/www.tribunal-nature.org\/blog\/goto\/https:\/\/www.kobo.com\/fr\/fr\/ebook\/dictionnaire-amoureux-de-la-justice\"  target=\"_blank\" rel=\"noopener noreferrer nofollow\">Clicker Ici <\/a><span><\/span>.<\/p>\n<p>L\u00e9vinas,<a target=\"_blank\" rel=\"nofollow\" href=\"https:\/\/www.tribunal-nature.org\/blog\/goto\/https:\/\/www.kobo.com\/fr\/fr\/ebook\/levinas-5\"  target=\"_blank\" rel=\"noopener noreferrer nofollow\">Le livre <\/a><span><\/span>.<\/p>\n<p>Valeurs et justice,<a target=\"_blank\" rel=\"nofollow\" href=\"https:\/\/www.tribunal-nature.org\/blog\/goto\/https:\/\/www.kobo.com\/fr\/fr\/ebook\/valeurs-et-justice\"  target=\"_blank\" rel=\"noopener noreferrer nofollow\">Clicker Ici <\/a><span><\/span>. Disponible dans toutes les bonnes biblioth\u00e8ques de votre d\u00e9partement.<\/p>\n<\/div>\n","protected":false},"excerpt":{"rendered":"<p>En enqu\u00eatant sur le web notre \u00e9quipe a d\u00e9couvert un texte qui va vous interpeller. Sa th\u00e9matique est \u00ab\u00a0la justice\u00a0\u00bb&#8230;.<\/p>\n","protected":false},"author":3,"featured_media":0,"comment_status":"closed","ping_status":"closed","sticky":false,"template":"","format":"standard","meta":{"footnotes":""},"categories":[2],"tags":[],"class_list":["post-926","post","type-post","status-publish","format-standard","hentry","category-droit-de-lenvironnement","wpcat-2-id"],"yoast_head":"<!-- This site is optimized with the Yoast SEO plugin v27.5 - https:\/\/yoast.com\/product\/yoast-seo-wordpress\/ -->\n<title>Revue de presse internet : L\u2019avocat Antoine Vey vis\u00e9 par une enqu\u00eate pour harc\u00e8lement moral au travail - TRIBUNAL-NATURE<\/title>\n<meta name=\"description\" content=\"Revue de presse internet : L\u2019avocat Antoine Vey vis\u00e9 par une enqu\u00eate pour harc\u00e8lement moral au travail article de TRIBUNAL-NATURE\" \/>\n<meta name=\"robots\" content=\"index, follow, max-snippet:-1, max-image-preview:large, max-video-preview:-1\" \/>\n<link rel=\"canonical\" href=\"https:\/\/www.tribunal-nature.org\/blog\/revue-de-presse-internet-lavocat-antoine-vey-vise-par-une-enquete-pour-harcelement-moral-au-travail\/\" \/>\n<meta property=\"og:locale\" content=\"fr_FR\" \/>\n<meta property=\"og:type\" content=\"article\" \/>\n<meta property=\"og:title\" content=\"Revue de presse internet : L\u2019avocat Antoine Vey vis\u00e9 par une enqu\u00eate pour harc\u00e8lement moral au travail - TRIBUNAL-NATURE\" \/>\n<meta property=\"og:description\" content=\"Revue de presse internet : L\u2019avocat Antoine Vey vis\u00e9 par une enqu\u00eate pour harc\u00e8lement moral au travail article de TRIBUNAL-NATURE\" \/>\n<meta property=\"og:url\" content=\"https:\/\/www.tribunal-nature.org\/blog\/revue-de-presse-internet-lavocat-antoine-vey-vise-par-une-enquete-pour-harcelement-moral-au-travail\/\" \/>\n<meta property=\"og:site_name\" content=\"TRIBUNAL-NATURE\" \/>\n<meta property=\"article:published_time\" content=\"2024-02-11T05:29:12+00:00\" \/>\n<meta name=\"author\" content=\"Isabelle LOUBEAU\" \/>\n<meta name=\"twitter:card\" content=\"summary_large_image\" \/>\n<meta name=\"twitter:label1\" content=\"\u00c9crit par\" \/>\n\t<meta name=\"twitter:data1\" content=\"Isabelle LOUBEAU\" \/>\n\t<meta name=\"twitter:label2\" content=\"Dur\u00e9e de lecture estim\u00e9e\" \/>\n\t<meta name=\"twitter:data2\" content=\"3 minutes\" \/>\n<script type=\"application\/ld+json\" class=\"yoast-schema-graph\">{\"@context\":\"https:\\\/\\\/schema.org\",\"@graph\":[{\"@type\":\"Article\",\"@id\":\"https:\\\/\\\/www.tribunal-nature.org\\\/blog\\\/revue-de-presse-internet-lavocat-antoine-vey-vise-par-une-enquete-pour-harcelement-moral-au-travail\\\/#article\",\"isPartOf\":{\"@id\":\"https:\\\/\\\/www.tribunal-nature.org\\\/blog\\\/revue-de-presse-internet-lavocat-antoine-vey-vise-par-une-enquete-pour-harcelement-moral-au-travail\\\/\"},\"author\":{\"name\":\"Isabelle LOUBEAU\",\"@id\":\"https:\\\/\\\/www.tribunal-nature.org\\\/blog\\\/#\\\/schema\\\/person\\\/55761caf7544da6b05b60523f2a0855f\"},\"headline\":\"Revue de presse internet : L\u2019avocat Antoine Vey vis\u00e9 par une enqu\u00eate pour harc\u00e8lement moral au travail\",\"datePublished\":\"2024-02-11T05:29:12+00:00\",\"mainEntityOfPage\":{\"@id\":\"https:\\\/\\\/www.tribunal-nature.org\\\/blog\\\/revue-de-presse-internet-lavocat-antoine-vey-vise-par-une-enquete-pour-harcelement-moral-au-travail\\\/\"},\"wordCount\":573,\"publisher\":{\"@id\":\"https:\\\/\\\/www.tribunal-nature.org\\\/blog\\\/#organization\"},\"articleSection\":[\"Droit De L'Environnement:\"],\"inLanguage\":\"fr-FR\"},{\"@type\":\"WebPage\",\"@id\":\"https:\\\/\\\/www.tribunal-nature.org\\\/blog\\\/revue-de-presse-internet-lavocat-antoine-vey-vise-par-une-enquete-pour-harcelement-moral-au-travail\\\/\",\"url\":\"https:\\\/\\\/www.tribunal-nature.org\\\/blog\\\/revue-de-presse-internet-lavocat-antoine-vey-vise-par-une-enquete-pour-harcelement-moral-au-travail\\\/\",\"name\":\"Revue de presse internet : L\u2019avocat Antoine Vey vis\u00e9 par une enqu\u00eate pour harc\u00e8lement moral au travail - TRIBUNAL-NATURE\",\"isPartOf\":{\"@id\":\"https:\\\/\\\/www.tribunal-nature.org\\\/blog\\\/#website\"},\"datePublished\":\"2024-02-11T05:29:12+00:00\",\"description\":\"Revue de presse internet : L\u2019avocat Antoine Vey vis\u00e9 par une enqu\u00eate pour harc\u00e8lement moral au travail article de TRIBUNAL-NATURE\",\"breadcrumb\":{\"@id\":\"https:\\\/\\\/www.tribunal-nature.org\\\/blog\\\/revue-de-presse-internet-lavocat-antoine-vey-vise-par-une-enquete-pour-harcelement-moral-au-travail\\\/#breadcrumb\"},\"inLanguage\":\"fr-FR\",\"potentialAction\":[{\"@type\":\"ReadAction\",\"target\":[\"https:\\\/\\\/www.tribunal-nature.org\\\/blog\\\/revue-de-presse-internet-lavocat-antoine-vey-vise-par-une-enquete-pour-harcelement-moral-au-travail\\\/\"]}]},{\"@type\":\"BreadcrumbList\",\"@id\":\"https:\\\/\\\/www.tribunal-nature.org\\\/blog\\\/revue-de-presse-internet-lavocat-antoine-vey-vise-par-une-enquete-pour-harcelement-moral-au-travail\\\/#breadcrumb\",\"itemListElement\":[{\"@type\":\"ListItem\",\"position\":1,\"name\":\"Accueil\",\"item\":\"https:\\\/\\\/www.tribunal-nature.org\\\/blog\\\/\"},{\"@type\":\"ListItem\",\"position\":2,\"name\":\"Revue de presse internet : L\u2019avocat Antoine Vey vis\u00e9 par une enqu\u00eate pour harc\u00e8lement moral au travail\"}]},{\"@type\":\"WebSite\",\"@id\":\"https:\\\/\\\/www.tribunal-nature.org\\\/blog\\\/#website\",\"url\":\"https:\\\/\\\/www.tribunal-nature.org\\\/blog\\\/\",\"name\":\"TRIBUNAL-NATURE\",\"description\":\"Droit De L&#039;Environnement.\",\"publisher\":{\"@id\":\"https:\\\/\\\/www.tribunal-nature.org\\\/blog\\\/#organization\"},\"potentialAction\":[{\"@type\":\"SearchAction\",\"target\":{\"@type\":\"EntryPoint\",\"urlTemplate\":\"https:\\\/\\\/www.tribunal-nature.org\\\/blog\\\/?s={search_term_string}\"},\"query-input\":{\"@type\":\"PropertyValueSpecification\",\"valueRequired\":true,\"valueName\":\"search_term_string\"}}],\"inLanguage\":\"fr-FR\"},{\"@type\":\"Organization\",\"@id\":\"https:\\\/\\\/www.tribunal-nature.org\\\/blog\\\/#organization\",\"name\":\"tribunal-nature\",\"url\":\"https:\\\/\\\/www.tribunal-nature.org\\\/blog\\\/\",\"logo\":{\"@type\":\"ImageObject\",\"inLanguage\":\"fr-FR\",\"@id\":\"https:\\\/\\\/www.tribunal-nature.org\\\/blog\\\/#\\\/schema\\\/logo\\\/image\\\/\",\"url\":\"https:\\\/\\\/www.tribunal-nature.org\\\/blog\\\/wp-content\\\/uploads\\\/2022\\\/05\\\/logo-2.png\",\"contentUrl\":\"https:\\\/\\\/www.tribunal-nature.org\\\/blog\\\/wp-content\\\/uploads\\\/2022\\\/05\\\/logo-2.png\",\"width\":180,\"height\":180,\"caption\":\"tribunal-nature\"},\"image\":{\"@id\":\"https:\\\/\\\/www.tribunal-nature.org\\\/blog\\\/#\\\/schema\\\/logo\\\/image\\\/\"}},{\"@type\":\"Person\",\"@id\":\"https:\\\/\\\/www.tribunal-nature.org\\\/blog\\\/#\\\/schema\\\/person\\\/55761caf7544da6b05b60523f2a0855f\",\"name\":\"Isabelle LOUBEAU\",\"image\":{\"@type\":\"ImageObject\",\"inLanguage\":\"fr-FR\",\"@id\":\"https:\\\/\\\/secure.gravatar.com\\\/avatar\\\/b6912620aca78633bf5d50400888815d3b38a1118e82b94050843f411f3f5972?s=96&d=mm&r=g\",\"url\":\"https:\\\/\\\/secure.gravatar.com\\\/avatar\\\/b6912620aca78633bf5d50400888815d3b38a1118e82b94050843f411f3f5972?s=96&d=mm&r=g\",\"contentUrl\":\"https:\\\/\\\/secure.gravatar.com\\\/avatar\\\/b6912620aca78633bf5d50400888815d3b38a1118e82b94050843f411f3f5972?s=96&d=mm&r=g\",\"caption\":\"Isabelle LOUBEAU\"},\"url\":\"https:\\\/\\\/www.tribunal-nature.org\\\/blog\\\/author\\\/ureisabelle\\\/\"}]}<\/script>\n<!-- \/ Yoast SEO plugin. -->","yoast_head_json":{"title":"Revue de presse internet : L\u2019avocat Antoine Vey vis\u00e9 par une enqu\u00eate pour harc\u00e8lement moral au travail - TRIBUNAL-NATURE","description":"Revue de presse internet : L\u2019avocat Antoine Vey vis\u00e9 par une enqu\u00eate pour harc\u00e8lement moral au travail article de TRIBUNAL-NATURE","robots":{"index":"index","follow":"follow","max-snippet":"max-snippet:-1","max-image-preview":"max-image-preview:large","max-video-preview":"max-video-preview:-1"},"canonical":"https:\/\/www.tribunal-nature.org\/blog\/revue-de-presse-internet-lavocat-antoine-vey-vise-par-une-enquete-pour-harcelement-moral-au-travail\/","og_locale":"fr_FR","og_type":"article","og_title":"Revue de presse internet : L\u2019avocat Antoine Vey vis\u00e9 par une enqu\u00eate pour harc\u00e8lement moral au travail - TRIBUNAL-NATURE","og_description":"Revue de presse internet : L\u2019avocat Antoine Vey vis\u00e9 par une enqu\u00eate pour harc\u00e8lement moral au travail article de TRIBUNAL-NATURE","og_url":"https:\/\/www.tribunal-nature.org\/blog\/revue-de-presse-internet-lavocat-antoine-vey-vise-par-une-enquete-pour-harcelement-moral-au-travail\/","og_site_name":"TRIBUNAL-NATURE","article_published_time":"2024-02-11T05:29:12+00:00","author":"Isabelle LOUBEAU","twitter_card":"summary_large_image","twitter_misc":{"\u00c9crit par":"Isabelle LOUBEAU","Dur\u00e9e de lecture estim\u00e9e":"3 minutes"},"schema":{"@context":"https:\/\/schema.org","@graph":[{"@type":"Article","@id":"https:\/\/www.tribunal-nature.org\/blog\/revue-de-presse-internet-lavocat-antoine-vey-vise-par-une-enquete-pour-harcelement-moral-au-travail\/#article","isPartOf":{"@id":"https:\/\/www.tribunal-nature.org\/blog\/revue-de-presse-internet-lavocat-antoine-vey-vise-par-une-enquete-pour-harcelement-moral-au-travail\/"},"author":{"name":"Isabelle LOUBEAU","@id":"https:\/\/www.tribunal-nature.org\/blog\/#\/schema\/person\/55761caf7544da6b05b60523f2a0855f"},"headline":"Revue de presse internet : L\u2019avocat Antoine Vey vis\u00e9 par une enqu\u00eate pour harc\u00e8lement moral au travail","datePublished":"2024-02-11T05:29:12+00:00","mainEntityOfPage":{"@id":"https:\/\/www.tribunal-nature.org\/blog\/revue-de-presse-internet-lavocat-antoine-vey-vise-par-une-enquete-pour-harcelement-moral-au-travail\/"},"wordCount":573,"publisher":{"@id":"https:\/\/www.tribunal-nature.org\/blog\/#organization"},"articleSection":["Droit De L'Environnement:"],"inLanguage":"fr-FR"},{"@type":"WebPage","@id":"https:\/\/www.tribunal-nature.org\/blog\/revue-de-presse-internet-lavocat-antoine-vey-vise-par-une-enquete-pour-harcelement-moral-au-travail\/","url":"https:\/\/www.tribunal-nature.org\/blog\/revue-de-presse-internet-lavocat-antoine-vey-vise-par-une-enquete-pour-harcelement-moral-au-travail\/","name":"Revue de presse internet : L\u2019avocat Antoine Vey vis\u00e9 par une enqu\u00eate pour harc\u00e8lement moral au travail - TRIBUNAL-NATURE","isPartOf":{"@id":"https:\/\/www.tribunal-nature.org\/blog\/#website"},"datePublished":"2024-02-11T05:29:12+00:00","description":"Revue de presse internet : L\u2019avocat Antoine Vey vis\u00e9 par une enqu\u00eate pour harc\u00e8lement moral au travail article de TRIBUNAL-NATURE","breadcrumb":{"@id":"https:\/\/www.tribunal-nature.org\/blog\/revue-de-presse-internet-lavocat-antoine-vey-vise-par-une-enquete-pour-harcelement-moral-au-travail\/#breadcrumb"},"inLanguage":"fr-FR","potentialAction":[{"@type":"ReadAction","target":["https:\/\/www.tribunal-nature.org\/blog\/revue-de-presse-internet-lavocat-antoine-vey-vise-par-une-enquete-pour-harcelement-moral-au-travail\/"]}]},{"@type":"BreadcrumbList","@id":"https:\/\/www.tribunal-nature.org\/blog\/revue-de-presse-internet-lavocat-antoine-vey-vise-par-une-enquete-pour-harcelement-moral-au-travail\/#breadcrumb","itemListElement":[{"@type":"ListItem","position":1,"name":"Accueil","item":"https:\/\/www.tribunal-nature.org\/blog\/"},{"@type":"ListItem","position":2,"name":"Revue de presse internet : L\u2019avocat Antoine Vey vis\u00e9 par une enqu\u00eate pour harc\u00e8lement moral au travail"}]},{"@type":"WebSite","@id":"https:\/\/www.tribunal-nature.org\/blog\/#website","url":"https:\/\/www.tribunal-nature.org\/blog\/","name":"TRIBUNAL-NATURE","description":"Droit De L&#039;Environnement.","publisher":{"@id":"https:\/\/www.tribunal-nature.org\/blog\/#organization"},"potentialAction":[{"@type":"SearchAction","target":{"@type":"EntryPoint","urlTemplate":"https:\/\/www.tribunal-nature.org\/blog\/?s={search_term_string}"},"query-input":{"@type":"PropertyValueSpecification","valueRequired":true,"valueName":"search_term_string"}}],"inLanguage":"fr-FR"},{"@type":"Organization","@id":"https:\/\/www.tribunal-nature.org\/blog\/#organization","name":"tribunal-nature","url":"https:\/\/www.tribunal-nature.org\/blog\/","logo":{"@type":"ImageObject","inLanguage":"fr-FR","@id":"https:\/\/www.tribunal-nature.org\/blog\/#\/schema\/logo\/image\/","url":"https:\/\/www.tribunal-nature.org\/blog\/wp-content\/uploads\/2022\/05\/logo-2.png","contentUrl":"https:\/\/www.tribunal-nature.org\/blog\/wp-content\/uploads\/2022\/05\/logo-2.png","width":180,"height":180,"caption":"tribunal-nature"},"image":{"@id":"https:\/\/www.tribunal-nature.org\/blog\/#\/schema\/logo\/image\/"}},{"@type":"Person","@id":"https:\/\/www.tribunal-nature.org\/blog\/#\/schema\/person\/55761caf7544da6b05b60523f2a0855f","name":"Isabelle LOUBEAU","image":{"@type":"ImageObject","inLanguage":"fr-FR","@id":"https:\/\/secure.gravatar.com\/avatar\/b6912620aca78633bf5d50400888815d3b38a1118e82b94050843f411f3f5972?s=96&d=mm&r=g","url":"https:\/\/secure.gravatar.com\/avatar\/b6912620aca78633bf5d50400888815d3b38a1118e82b94050843f411f3f5972?s=96&d=mm&r=g","contentUrl":"https:\/\/secure.gravatar.com\/avatar\/b6912620aca78633bf5d50400888815d3b38a1118e82b94050843f411f3f5972?s=96&d=mm&r=g","caption":"Isabelle LOUBEAU"},"url":"https:\/\/www.tribunal-nature.org\/blog\/author\/ureisabelle\/"}]}},"_links":{"self":[{"href":"https:\/\/www.tribunal-nature.org\/blog\/wp-json\/wp\/v2\/posts\/926","targetHints":{"allow":["GET"]}}],"collection":[{"href":"https:\/\/www.tribunal-nature.org\/blog\/wp-json\/wp\/v2\/posts"}],"about":[{"href":"https:\/\/www.tribunal-nature.org\/blog\/wp-json\/wp\/v2\/types\/post"}],"author":[{"embeddable":true,"href":"https:\/\/www.tribunal-nature.org\/blog\/wp-json\/wp\/v2\/users\/3"}],"replies":[{"embeddable":true,"href":"https:\/\/www.tribunal-nature.org\/blog\/wp-json\/wp\/v2\/comments?post=926"}],"version-history":[{"count":0,"href":"https:\/\/www.tribunal-nature.org\/blog\/wp-json\/wp\/v2\/posts\/926\/revisions"}],"wp:attachment":[{"href":"https:\/\/www.tribunal-nature.org\/blog\/wp-json\/wp\/v2\/media?parent=926"}],"wp:term":[{"taxonomy":"category","embeddable":true,"href":"https:\/\/www.tribunal-nature.org\/blog\/wp-json\/wp\/v2\/categories?post=926"},{"taxonomy":"post_tag","embeddable":true,"href":"https:\/\/www.tribunal-nature.org\/blog\/wp-json\/wp\/v2\/tags?post=926"}],"curies":[{"name":"wp","href":"https:\/\/api.w.org\/{rel}","templated":true}]}}