{"id":924,"date":"2024-02-07T15:06:36","date_gmt":"2024-02-07T14:06:36","guid":{"rendered":"https:\/\/www.tribunal-nature.org\/blog\/information-pour-les-passionnes-leurope-ouvre-le-bal-dune-reglementation-de-lintelligence-artificielle-quoi-comment-on-en-parle-avec-un-avocat-specialise\/"},"modified":"2024-02-07T15:06:36","modified_gmt":"2024-02-07T14:06:36","slug":"information-pour-les-passionnes-leurope-ouvre-le-bal-dune-reglementation-de-lintelligence-artificielle-quoi-comment-on-en-parle-avec-un-avocat-specialise","status":"publish","type":"post","link":"https:\/\/www.tribunal-nature.org\/blog\/information-pour-les-passionnes-leurope-ouvre-le-bal-dune-reglementation-de-lintelligence-artificielle-quoi-comment-on-en-parle-avec-un-avocat-specialise\/","title":{"rendered":"Information pour les passionn\u00e9s  : L\u2019Europe ouvre le bal d\u2019une r\u00e9glementation de l\u2019intelligence artificielle. Quoi? Comment? On en parle avec un avocat sp\u00e9cialis\u00e9"},"content":{"rendered":"<div>\n<p>Voil\u00e0 qui va vous s\u00e9duire : Un  nouvel \u00e9ditorial que notre \u00e9quipe vient de remarquer sur le web et que nous vous proposons ci-dessous. Le sujet est \u00ab\u00a0la justice\u00a0\u00bb.<\/p>\n<p>Son titre  (L\u2019Europe ouvre le bal d\u2019une r\u00e9glementation de l\u2019intelligence artificielle. Quoi? Comment? On en parle avec un avocat sp\u00e9cialis\u00e9) est parlant.<\/p>\n<p> Identifi\u00e9 sous la signature \u00abd\u2019anonymat<br \/>\n\u00bb, le journaliste est positivement connu pour plusieurs autres textes qu\u2019il a publi\u00e9s sur internet.<\/p>\n<p>Les informations concern\u00e9es sont par cons\u00e9quent per\u00e7ues valables.<\/p>\n<p>La date de publication est 2024-02-07 01:00:00.<\/p>\n<p>Voici lle \u00ab\u00a0papier\u00a0\u00bb mentionn\u00e9 : <\/p>\n<div id=\"article-teaser\" data-poool-mode=\"custom\">\n<p><em>\u00ab\u00a0De la m\u00eame fa\u00e7on que l\u2019Europe a donn\u00e9 le \u201cla\u201d avec la r\u00e9glementation sur la protection des donn\u00e9es, la RGPD, le Parlement europ\u00e9en et les \u00c9tats membres de l\u2019UE ont travaill\u00e9 de concert pendant pr\u00e8s de quatre ans pour proposer une r\u00e9glementation sur l\u2019usage de l\u2019intelligence artificielle en France.\u00a0\u00bb<\/em> Georgie Courtois, avocat associ\u00e9 au cabinet Fleurance \u00e0 Paris, sp\u00e9cialis\u00e9 en nouvelles technologies et intelligence artificielle, nous \u00e9claire sur cette r\u00e9glementation.<\/p>\n<p><strong>Peut-on r\u00e9ellement r\u00e9glementer l\u2019usage de l\u2019intelligence artificielle?<\/strong><\/p>\n<p>C\u2019est l\u2019id\u00e9e. Donner un cadre. Prot\u00e9ger. Cette r\u00e9glementation, nomm\u00e9e AI Act pour Artificial Intelligence Act, a \u00e9t\u00e9 adopt\u00e9e en d\u00e9cembre dernier. Le texte fixe des r\u00e8gles pour savoir comment d\u00e9velopper l\u2019IA. O\u00f9 aller. O\u00f9 ne pas aller. Toute entreprise hors de la zone Euro qui souhaite intervenir sur le territoire europ\u00e9en avec une technologie bas\u00e9e sur l\u2019IA devra respecter cette r\u00e9glementation. Le texte est structur\u00e9 en fonction du risque que repr\u00e9sente l\u2019IA. Un risque inacceptable par exemple: les syst\u00e8mes de notation de la population, la reconnaissance des \u00e9motions, la manipulation pour contr\u00f4ler le libre arbitre\u2026 <\/p>\n<p>Un risque \u00e9lev\u00e9, et l\u00e0 il faudra r\u00e9aliser une \u00e9tude d\u2019impact pour valider la technologie: on parle de la reconnaissance faciale, de l\u2019identification biom\u00e9trique\u2026 Le texte est \u00e0 la fois technique et politique parce qu\u2019il est question de la protection du citoyen europ\u00e9en.<\/p>\n<p><strong>Les autres pays vont-ils suivre?<\/strong><\/p>\n<p>Ils vont devoir s\u2019adapter. Se plier aux r\u00e8gles europ\u00e9ennes. Que ce soit les Chinois ou les Am\u00e9ricains, ils le feront. Ils ne peuvent pas se passer d\u2019un march\u00e9 aussi \u00e9conomiquement porteur en termes d\u2019innovations que celui de l\u2019Europe.<\/p>\n<p><strong>Est-ce que cela ne va pas freiner l\u2019innovation?<\/strong><\/p>\n<p>Je dirais que non. Que beaucoup d\u2019\u00e9l\u00e9ments permettent de pr\u00e9server l\u2019innovation. Notamment la mise en place de \u00ab\u00a0sandbox\u00a0\u00bb, bacs \u00e0 sable r\u00e8glementaires encadrant les tests en situation r\u00e9elle et surtout, les recherches sont autoris\u00e9es sans \u00eatres soumises \u00e0 r\u00e9glementation. C\u2019est en France par exemple qu\u2019a \u00e9t\u00e9 d\u00e9velopp\u00e9e Mistral AI, un concurrent d\u2019OpenAI et de ChatGPT [en mieux car adaptable sur ordinateurs grand public. La startup est valoris\u00e9e \u00e0 2 Mds$, ndlr].<\/p>\n<p><strong>Faut-il avoir peur\u2005? Car, quand on r\u00e9glemente, c\u2019est que des d\u00e9bordements sont \u00e0 craindre?<\/strong><\/p>\n<p>Bill Gates ou Elon Musk ont en t\u00eate la perte de contr\u00f4le de l\u2019IA. Ce serait de la science-fiction\u2005! Je pr\u00e9f\u00e8re la version optimiste et dire qu\u2019il y a de tr\u00e8s bons r\u00e9sultats avec les IA et qu\u2019il ne faut pas oublier qu\u2019elles ne sont pas intelligentes. Elles ne se d\u00e9veloppent pas par elles-m\u00eames. Les IA g\u00e9n\u00e9ratives, elles, feront l\u2019objet d\u2019une gouvernance particuli\u00e8re. Le risque va \u00eatre la multiplication des proc\u00e9dures en propri\u00e9t\u00e9 intellectuelle et droits d\u2019auteur. Car toute IA doit \u00eatre nourrie et il va falloir \u00eatre transparents sur les sources. Ensuite, si vous parlez de la peur de d\u00e9truire des emplois, en effet, probablement que certaines t\u00e2ches seront remplac\u00e9es. Mais c\u2019est d\u00e9j\u00e0 le cas, comme dans toute r\u00e9volution technologique. C\u2019est l\u2019occasion de se recentrer sur la vraie valeur ajout\u00e9e de l\u2019humain\u2005: l\u2019intelligence fine.<\/p>\n<\/div>\n<p>Ce th\u00e8me vous a fascin\u00e9 vous appr\u00e9cierez pareillement ces ouvrages:<\/p>\n<p>\u00c9tude historique sur l\u2019organisation de la justice dans l\u2019antiquit\u00e9 et les temps modernes\/01,<a target=\"_blank\" rel=\"nofollow\" href=\"https:\/\/www.tribunal-nature.org\/blog\/goto\/https:\/\/fr.wikisource.org\/wiki\/%C3%89tude_historique_sur_l%E2%80%99organisation_de_la_justice_dans_l%E2%80%99antiquit%C3%A9_et_les_temps_modernes\/01\"  target=\"_blank\" rel=\"noopener noreferrer nofollow\">(la couverture) <\/a><span><\/span>. Disponible \u00e0 l\u2019achat sur les plateformes Amazon, Fnac, Cultura \u2026.<\/p>\n<p>Libert\u00e9s et s\u00fbret\u00e9 dans un monde dangereux,<a target=\"_blank\" rel=\"nofollow\" href=\"https:\/\/www.tribunal-nature.org\/blog\/goto\/https:\/\/booknode.com\/libertes_et_surete_dans_un_monde_dangereux_03066545\"  target=\"_blank\" rel=\"noopener noreferrer nofollow\">Le livre <\/a><span><\/span>. Disponible dans toutes les bonnes librairies.<\/p>\n<p>Photographie\/Soci\u00e9t\u00e9s et Organisations\/\u00c9diteurs de cartes postales\/H.L.M.,<a target=\"_blank\" rel=\"nofollow\" href=\"https:\/\/www.tribunal-nature.org\/blog\/goto\/https:\/\/fr.wikibooks.org\/wiki\/Photographie\/Soci%C3%A9t%C3%A9s_et_Organisations\/%C3%89diteurs_de_cartes_postales\/H.L.M.\"  target=\"_blank\" rel=\"noopener noreferrer nofollow\">Ouvrage <\/a><span><\/span>.<\/p>\n<\/div>\n","protected":false},"excerpt":{"rendered":"<p>Voil\u00e0 qui va vous s\u00e9duire : Un nouvel \u00e9ditorial que notre \u00e9quipe vient de remarquer sur le web et que&#8230;<\/p>\n","protected":false},"author":3,"featured_media":0,"comment_status":"closed","ping_status":"closed","sticky":false,"template":"","format":"standard","meta":{"footnotes":""},"categories":[2],"tags":[],"class_list":["post-924","post","type-post","status-publish","format-standard","hentry","category-droit-de-lenvironnement","wpcat-2-id"],"yoast_head":"<!-- This site is optimized with the Yoast SEO plugin v27.5 - https:\/\/yoast.com\/product\/yoast-seo-wordpress\/ -->\n<title>Information pour les passionn\u00e9s : L\u2019Europe ouvre le bal d\u2019une r\u00e9glementation de l\u2019intelligence artificielle. Quoi? Comment? On en parle avec un avocat sp\u00e9cialis\u00e9 - TRIBUNAL-NATURE<\/title>\n<meta name=\"description\" content=\"Information pour les passionn\u00e9s : L\u2019Europe ouvre le bal d\u2019une r\u00e9glementation de l\u2019intelligence artificielle. Quoi? Comment? On en parle avec un avocat sp\u00e9cialis\u00e9 article de TRIBUNAL-NATURE\" \/>\n<meta name=\"robots\" content=\"index, follow, max-snippet:-1, max-image-preview:large, max-video-preview:-1\" \/>\n<link rel=\"canonical\" href=\"https:\/\/www.tribunal-nature.org\/blog\/information-pour-les-passionnes-leurope-ouvre-le-bal-dune-reglementation-de-lintelligence-artificielle-quoi-comment-on-en-parle-avec-un-avocat-specialise\/\" \/>\n<meta property=\"og:locale\" content=\"fr_FR\" \/>\n<meta property=\"og:type\" content=\"article\" \/>\n<meta property=\"og:title\" content=\"Information pour les passionn\u00e9s : L\u2019Europe ouvre le bal d\u2019une r\u00e9glementation de l\u2019intelligence artificielle. Quoi? Comment? On en parle avec un avocat sp\u00e9cialis\u00e9 - TRIBUNAL-NATURE\" \/>\n<meta property=\"og:description\" content=\"Information pour les passionn\u00e9s : L\u2019Europe ouvre le bal d\u2019une r\u00e9glementation de l\u2019intelligence artificielle. Quoi? Comment? On en parle avec un avocat sp\u00e9cialis\u00e9 article de TRIBUNAL-NATURE\" \/>\n<meta property=\"og:url\" content=\"https:\/\/www.tribunal-nature.org\/blog\/information-pour-les-passionnes-leurope-ouvre-le-bal-dune-reglementation-de-lintelligence-artificielle-quoi-comment-on-en-parle-avec-un-avocat-specialise\/\" \/>\n<meta property=\"og:site_name\" content=\"TRIBUNAL-NATURE\" \/>\n<meta property=\"article:published_time\" content=\"2024-02-07T14:06:36+00:00\" \/>\n<meta name=\"author\" content=\"Isabelle LOUBEAU\" \/>\n<meta name=\"twitter:card\" content=\"summary_large_image\" \/>\n<meta name=\"twitter:label1\" content=\"\u00c9crit par\" \/>\n\t<meta name=\"twitter:data1\" content=\"Isabelle LOUBEAU\" \/>\n\t<meta name=\"twitter:label2\" content=\"Dur\u00e9e de lecture estim\u00e9e\" \/>\n\t<meta name=\"twitter:data2\" content=\"4 minutes\" \/>\n<script type=\"application\/ld+json\" class=\"yoast-schema-graph\">{\"@context\":\"https:\\\/\\\/schema.org\",\"@graph\":[{\"@type\":\"Article\",\"@id\":\"https:\\\/\\\/www.tribunal-nature.org\\\/blog\\\/information-pour-les-passionnes-leurope-ouvre-le-bal-dune-reglementation-de-lintelligence-artificielle-quoi-comment-on-en-parle-avec-un-avocat-specialise\\\/#article\",\"isPartOf\":{\"@id\":\"https:\\\/\\\/www.tribunal-nature.org\\\/blog\\\/information-pour-les-passionnes-leurope-ouvre-le-bal-dune-reglementation-de-lintelligence-artificielle-quoi-comment-on-en-parle-avec-un-avocat-specialise\\\/\"},\"author\":{\"name\":\"Isabelle LOUBEAU\",\"@id\":\"https:\\\/\\\/www.tribunal-nature.org\\\/blog\\\/#\\\/schema\\\/person\\\/55761caf7544da6b05b60523f2a0855f\"},\"headline\":\"Information pour les passionn\u00e9s : L\u2019Europe ouvre le bal d\u2019une r\u00e9glementation de l\u2019intelligence artificielle. Quoi? Comment? On en parle avec un avocat sp\u00e9cialis\u00e9\",\"datePublished\":\"2024-02-07T14:06:36+00:00\",\"mainEntityOfPage\":{\"@id\":\"https:\\\/\\\/www.tribunal-nature.org\\\/blog\\\/information-pour-les-passionnes-leurope-ouvre-le-bal-dune-reglementation-de-lintelligence-artificielle-quoi-comment-on-en-parle-avec-un-avocat-specialise\\\/\"},\"wordCount\":774,\"publisher\":{\"@id\":\"https:\\\/\\\/www.tribunal-nature.org\\\/blog\\\/#organization\"},\"articleSection\":[\"Droit De L'Environnement:\"],\"inLanguage\":\"fr-FR\"},{\"@type\":\"WebPage\",\"@id\":\"https:\\\/\\\/www.tribunal-nature.org\\\/blog\\\/information-pour-les-passionnes-leurope-ouvre-le-bal-dune-reglementation-de-lintelligence-artificielle-quoi-comment-on-en-parle-avec-un-avocat-specialise\\\/\",\"url\":\"https:\\\/\\\/www.tribunal-nature.org\\\/blog\\\/information-pour-les-passionnes-leurope-ouvre-le-bal-dune-reglementation-de-lintelligence-artificielle-quoi-comment-on-en-parle-avec-un-avocat-specialise\\\/\",\"name\":\"Information pour les passionn\u00e9s : L\u2019Europe ouvre le bal d\u2019une r\u00e9glementation de l\u2019intelligence artificielle. Quoi? Comment? On en parle avec un avocat sp\u00e9cialis\u00e9 - TRIBUNAL-NATURE\",\"isPartOf\":{\"@id\":\"https:\\\/\\\/www.tribunal-nature.org\\\/blog\\\/#website\"},\"datePublished\":\"2024-02-07T14:06:36+00:00\",\"description\":\"Information pour les passionn\u00e9s : L\u2019Europe ouvre le bal d\u2019une r\u00e9glementation de l\u2019intelligence artificielle. Quoi? Comment? On en parle avec un avocat sp\u00e9cialis\u00e9 article de TRIBUNAL-NATURE\",\"breadcrumb\":{\"@id\":\"https:\\\/\\\/www.tribunal-nature.org\\\/blog\\\/information-pour-les-passionnes-leurope-ouvre-le-bal-dune-reglementation-de-lintelligence-artificielle-quoi-comment-on-en-parle-avec-un-avocat-specialise\\\/#breadcrumb\"},\"inLanguage\":\"fr-FR\",\"potentialAction\":[{\"@type\":\"ReadAction\",\"target\":[\"https:\\\/\\\/www.tribunal-nature.org\\\/blog\\\/information-pour-les-passionnes-leurope-ouvre-le-bal-dune-reglementation-de-lintelligence-artificielle-quoi-comment-on-en-parle-avec-un-avocat-specialise\\\/\"]}]},{\"@type\":\"BreadcrumbList\",\"@id\":\"https:\\\/\\\/www.tribunal-nature.org\\\/blog\\\/information-pour-les-passionnes-leurope-ouvre-le-bal-dune-reglementation-de-lintelligence-artificielle-quoi-comment-on-en-parle-avec-un-avocat-specialise\\\/#breadcrumb\",\"itemListElement\":[{\"@type\":\"ListItem\",\"position\":1,\"name\":\"Accueil\",\"item\":\"https:\\\/\\\/www.tribunal-nature.org\\\/blog\\\/\"},{\"@type\":\"ListItem\",\"position\":2,\"name\":\"Information pour les passionn\u00e9s : L\u2019Europe ouvre le bal d\u2019une r\u00e9glementation de l\u2019intelligence artificielle. Quoi? Comment? On en parle avec un avocat sp\u00e9cialis\u00e9\"}]},{\"@type\":\"WebSite\",\"@id\":\"https:\\\/\\\/www.tribunal-nature.org\\\/blog\\\/#website\",\"url\":\"https:\\\/\\\/www.tribunal-nature.org\\\/blog\\\/\",\"name\":\"TRIBUNAL-NATURE\",\"description\":\"Droit De L&#039;Environnement.\",\"publisher\":{\"@id\":\"https:\\\/\\\/www.tribunal-nature.org\\\/blog\\\/#organization\"},\"potentialAction\":[{\"@type\":\"SearchAction\",\"target\":{\"@type\":\"EntryPoint\",\"urlTemplate\":\"https:\\\/\\\/www.tribunal-nature.org\\\/blog\\\/?s={search_term_string}\"},\"query-input\":{\"@type\":\"PropertyValueSpecification\",\"valueRequired\":true,\"valueName\":\"search_term_string\"}}],\"inLanguage\":\"fr-FR\"},{\"@type\":\"Organization\",\"@id\":\"https:\\\/\\\/www.tribunal-nature.org\\\/blog\\\/#organization\",\"name\":\"tribunal-nature\",\"url\":\"https:\\\/\\\/www.tribunal-nature.org\\\/blog\\\/\",\"logo\":{\"@type\":\"ImageObject\",\"inLanguage\":\"fr-FR\",\"@id\":\"https:\\\/\\\/www.tribunal-nature.org\\\/blog\\\/#\\\/schema\\\/logo\\\/image\\\/\",\"url\":\"https:\\\/\\\/www.tribunal-nature.org\\\/blog\\\/wp-content\\\/uploads\\\/2022\\\/05\\\/logo-2.png\",\"contentUrl\":\"https:\\\/\\\/www.tribunal-nature.org\\\/blog\\\/wp-content\\\/uploads\\\/2022\\\/05\\\/logo-2.png\",\"width\":180,\"height\":180,\"caption\":\"tribunal-nature\"},\"image\":{\"@id\":\"https:\\\/\\\/www.tribunal-nature.org\\\/blog\\\/#\\\/schema\\\/logo\\\/image\\\/\"}},{\"@type\":\"Person\",\"@id\":\"https:\\\/\\\/www.tribunal-nature.org\\\/blog\\\/#\\\/schema\\\/person\\\/55761caf7544da6b05b60523f2a0855f\",\"name\":\"Isabelle LOUBEAU\",\"image\":{\"@type\":\"ImageObject\",\"inLanguage\":\"fr-FR\",\"@id\":\"https:\\\/\\\/secure.gravatar.com\\\/avatar\\\/b6912620aca78633bf5d50400888815d3b38a1118e82b94050843f411f3f5972?s=96&d=mm&r=g\",\"url\":\"https:\\\/\\\/secure.gravatar.com\\\/avatar\\\/b6912620aca78633bf5d50400888815d3b38a1118e82b94050843f411f3f5972?s=96&d=mm&r=g\",\"contentUrl\":\"https:\\\/\\\/secure.gravatar.com\\\/avatar\\\/b6912620aca78633bf5d50400888815d3b38a1118e82b94050843f411f3f5972?s=96&d=mm&r=g\",\"caption\":\"Isabelle LOUBEAU\"},\"url\":\"https:\\\/\\\/www.tribunal-nature.org\\\/blog\\\/author\\\/ureisabelle\\\/\"}]}<\/script>\n<!-- \/ Yoast SEO plugin. -->","yoast_head_json":{"title":"Information pour les passionn\u00e9s : L\u2019Europe ouvre le bal d\u2019une r\u00e9glementation de l\u2019intelligence artificielle. Quoi? Comment? On en parle avec un avocat sp\u00e9cialis\u00e9 - TRIBUNAL-NATURE","description":"Information pour les passionn\u00e9s : L\u2019Europe ouvre le bal d\u2019une r\u00e9glementation de l\u2019intelligence artificielle. Quoi? Comment? On en parle avec un avocat sp\u00e9cialis\u00e9 article de TRIBUNAL-NATURE","robots":{"index":"index","follow":"follow","max-snippet":"max-snippet:-1","max-image-preview":"max-image-preview:large","max-video-preview":"max-video-preview:-1"},"canonical":"https:\/\/www.tribunal-nature.org\/blog\/information-pour-les-passionnes-leurope-ouvre-le-bal-dune-reglementation-de-lintelligence-artificielle-quoi-comment-on-en-parle-avec-un-avocat-specialise\/","og_locale":"fr_FR","og_type":"article","og_title":"Information pour les passionn\u00e9s : L\u2019Europe ouvre le bal d\u2019une r\u00e9glementation de l\u2019intelligence artificielle. Quoi? Comment? On en parle avec un avocat sp\u00e9cialis\u00e9 - TRIBUNAL-NATURE","og_description":"Information pour les passionn\u00e9s : L\u2019Europe ouvre le bal d\u2019une r\u00e9glementation de l\u2019intelligence artificielle. Quoi? Comment? On en parle avec un avocat sp\u00e9cialis\u00e9 article de TRIBUNAL-NATURE","og_url":"https:\/\/www.tribunal-nature.org\/blog\/information-pour-les-passionnes-leurope-ouvre-le-bal-dune-reglementation-de-lintelligence-artificielle-quoi-comment-on-en-parle-avec-un-avocat-specialise\/","og_site_name":"TRIBUNAL-NATURE","article_published_time":"2024-02-07T14:06:36+00:00","author":"Isabelle LOUBEAU","twitter_card":"summary_large_image","twitter_misc":{"\u00c9crit par":"Isabelle LOUBEAU","Dur\u00e9e de lecture estim\u00e9e":"4 minutes"},"schema":{"@context":"https:\/\/schema.org","@graph":[{"@type":"Article","@id":"https:\/\/www.tribunal-nature.org\/blog\/information-pour-les-passionnes-leurope-ouvre-le-bal-dune-reglementation-de-lintelligence-artificielle-quoi-comment-on-en-parle-avec-un-avocat-specialise\/#article","isPartOf":{"@id":"https:\/\/www.tribunal-nature.org\/blog\/information-pour-les-passionnes-leurope-ouvre-le-bal-dune-reglementation-de-lintelligence-artificielle-quoi-comment-on-en-parle-avec-un-avocat-specialise\/"},"author":{"name":"Isabelle LOUBEAU","@id":"https:\/\/www.tribunal-nature.org\/blog\/#\/schema\/person\/55761caf7544da6b05b60523f2a0855f"},"headline":"Information pour les passionn\u00e9s : L\u2019Europe ouvre le bal d\u2019une r\u00e9glementation de l\u2019intelligence artificielle. Quoi? Comment? On en parle avec un avocat sp\u00e9cialis\u00e9","datePublished":"2024-02-07T14:06:36+00:00","mainEntityOfPage":{"@id":"https:\/\/www.tribunal-nature.org\/blog\/information-pour-les-passionnes-leurope-ouvre-le-bal-dune-reglementation-de-lintelligence-artificielle-quoi-comment-on-en-parle-avec-un-avocat-specialise\/"},"wordCount":774,"publisher":{"@id":"https:\/\/www.tribunal-nature.org\/blog\/#organization"},"articleSection":["Droit De L'Environnement:"],"inLanguage":"fr-FR"},{"@type":"WebPage","@id":"https:\/\/www.tribunal-nature.org\/blog\/information-pour-les-passionnes-leurope-ouvre-le-bal-dune-reglementation-de-lintelligence-artificielle-quoi-comment-on-en-parle-avec-un-avocat-specialise\/","url":"https:\/\/www.tribunal-nature.org\/blog\/information-pour-les-passionnes-leurope-ouvre-le-bal-dune-reglementation-de-lintelligence-artificielle-quoi-comment-on-en-parle-avec-un-avocat-specialise\/","name":"Information pour les passionn\u00e9s : L\u2019Europe ouvre le bal d\u2019une r\u00e9glementation de l\u2019intelligence artificielle. Quoi? Comment? On en parle avec un avocat sp\u00e9cialis\u00e9 - TRIBUNAL-NATURE","isPartOf":{"@id":"https:\/\/www.tribunal-nature.org\/blog\/#website"},"datePublished":"2024-02-07T14:06:36+00:00","description":"Information pour les passionn\u00e9s : L\u2019Europe ouvre le bal d\u2019une r\u00e9glementation de l\u2019intelligence artificielle. Quoi? Comment? On en parle avec un avocat sp\u00e9cialis\u00e9 article de TRIBUNAL-NATURE","breadcrumb":{"@id":"https:\/\/www.tribunal-nature.org\/blog\/information-pour-les-passionnes-leurope-ouvre-le-bal-dune-reglementation-de-lintelligence-artificielle-quoi-comment-on-en-parle-avec-un-avocat-specialise\/#breadcrumb"},"inLanguage":"fr-FR","potentialAction":[{"@type":"ReadAction","target":["https:\/\/www.tribunal-nature.org\/blog\/information-pour-les-passionnes-leurope-ouvre-le-bal-dune-reglementation-de-lintelligence-artificielle-quoi-comment-on-en-parle-avec-un-avocat-specialise\/"]}]},{"@type":"BreadcrumbList","@id":"https:\/\/www.tribunal-nature.org\/blog\/information-pour-les-passionnes-leurope-ouvre-le-bal-dune-reglementation-de-lintelligence-artificielle-quoi-comment-on-en-parle-avec-un-avocat-specialise\/#breadcrumb","itemListElement":[{"@type":"ListItem","position":1,"name":"Accueil","item":"https:\/\/www.tribunal-nature.org\/blog\/"},{"@type":"ListItem","position":2,"name":"Information pour les passionn\u00e9s : L\u2019Europe ouvre le bal d\u2019une r\u00e9glementation de l\u2019intelligence artificielle. Quoi? Comment? On en parle avec un avocat sp\u00e9cialis\u00e9"}]},{"@type":"WebSite","@id":"https:\/\/www.tribunal-nature.org\/blog\/#website","url":"https:\/\/www.tribunal-nature.org\/blog\/","name":"TRIBUNAL-NATURE","description":"Droit De L&#039;Environnement.","publisher":{"@id":"https:\/\/www.tribunal-nature.org\/blog\/#organization"},"potentialAction":[{"@type":"SearchAction","target":{"@type":"EntryPoint","urlTemplate":"https:\/\/www.tribunal-nature.org\/blog\/?s={search_term_string}"},"query-input":{"@type":"PropertyValueSpecification","valueRequired":true,"valueName":"search_term_string"}}],"inLanguage":"fr-FR"},{"@type":"Organization","@id":"https:\/\/www.tribunal-nature.org\/blog\/#organization","name":"tribunal-nature","url":"https:\/\/www.tribunal-nature.org\/blog\/","logo":{"@type":"ImageObject","inLanguage":"fr-FR","@id":"https:\/\/www.tribunal-nature.org\/blog\/#\/schema\/logo\/image\/","url":"https:\/\/www.tribunal-nature.org\/blog\/wp-content\/uploads\/2022\/05\/logo-2.png","contentUrl":"https:\/\/www.tribunal-nature.org\/blog\/wp-content\/uploads\/2022\/05\/logo-2.png","width":180,"height":180,"caption":"tribunal-nature"},"image":{"@id":"https:\/\/www.tribunal-nature.org\/blog\/#\/schema\/logo\/image\/"}},{"@type":"Person","@id":"https:\/\/www.tribunal-nature.org\/blog\/#\/schema\/person\/55761caf7544da6b05b60523f2a0855f","name":"Isabelle LOUBEAU","image":{"@type":"ImageObject","inLanguage":"fr-FR","@id":"https:\/\/secure.gravatar.com\/avatar\/b6912620aca78633bf5d50400888815d3b38a1118e82b94050843f411f3f5972?s=96&d=mm&r=g","url":"https:\/\/secure.gravatar.com\/avatar\/b6912620aca78633bf5d50400888815d3b38a1118e82b94050843f411f3f5972?s=96&d=mm&r=g","contentUrl":"https:\/\/secure.gravatar.com\/avatar\/b6912620aca78633bf5d50400888815d3b38a1118e82b94050843f411f3f5972?s=96&d=mm&r=g","caption":"Isabelle LOUBEAU"},"url":"https:\/\/www.tribunal-nature.org\/blog\/author\/ureisabelle\/"}]}},"_links":{"self":[{"href":"https:\/\/www.tribunal-nature.org\/blog\/wp-json\/wp\/v2\/posts\/924","targetHints":{"allow":["GET"]}}],"collection":[{"href":"https:\/\/www.tribunal-nature.org\/blog\/wp-json\/wp\/v2\/posts"}],"about":[{"href":"https:\/\/www.tribunal-nature.org\/blog\/wp-json\/wp\/v2\/types\/post"}],"author":[{"embeddable":true,"href":"https:\/\/www.tribunal-nature.org\/blog\/wp-json\/wp\/v2\/users\/3"}],"replies":[{"embeddable":true,"href":"https:\/\/www.tribunal-nature.org\/blog\/wp-json\/wp\/v2\/comments?post=924"}],"version-history":[{"count":0,"href":"https:\/\/www.tribunal-nature.org\/blog\/wp-json\/wp\/v2\/posts\/924\/revisions"}],"wp:attachment":[{"href":"https:\/\/www.tribunal-nature.org\/blog\/wp-json\/wp\/v2\/media?parent=924"}],"wp:term":[{"taxonomy":"category","embeddable":true,"href":"https:\/\/www.tribunal-nature.org\/blog\/wp-json\/wp\/v2\/categories?post=924"},{"taxonomy":"post_tag","embeddable":true,"href":"https:\/\/www.tribunal-nature.org\/blog\/wp-json\/wp\/v2\/tags?post=924"}],"curies":[{"name":"wp","href":"https:\/\/api.w.org\/{rel}","templated":true}]}}