{"id":906,"date":"2024-01-26T06:17:57","date_gmt":"2024-01-26T05:17:57","guid":{"rendered":"https:\/\/www.tribunal-nature.org\/blog\/revue-de-presse-web-cet-enfant-a-des-blessures-et-on-est-incapable-de-dire-ce-quil-sest-passe\/"},"modified":"2024-01-26T06:17:57","modified_gmt":"2024-01-26T05:17:57","slug":"revue-de-presse-web-cet-enfant-a-des-blessures-et-on-est-incapable-de-dire-ce-quil-sest-passe","status":"publish","type":"post","link":"https:\/\/www.tribunal-nature.org\/blog\/revue-de-presse-web-cet-enfant-a-des-blessures-et-on-est-incapable-de-dire-ce-quil-sest-passe\/","title":{"rendered":"Revue de presse web  : \u00ab\u00a0Cet enfant a des blessures et on est incapable de dire ce qu\u2019il s\u2019est pass\u00e9\u00a0\u00bb"},"content":{"rendered":"<div>\n<p>Cet encart de quelques lignes ayant pour th\u00e9matique \u00ab\u00a0la justice\u00a0\u00bb circule sur internet, nous avons d\u00e9cid\u00e9 de vous le signaler ci-dessous.<\/p>\n<p>Le titre  (\u00ab\u00a0Cet enfant a des blessures et on est incapable de dire ce qu\u2019il s\u2019est pass\u00e9\u00a0\u00bb) parle de lui-m\u00eame.<\/p>\n<p>Sachez que le journaliste (annonc\u00e9 sous le nom  d\u2019anonymat<br \/>\n) est connu et fiable.<\/p>\n<div>\n<p>\u00ab\u00a0Le tribunal en est convaincu\u00a0: il y a eu maltraitance sur Math\u00e9o (1). Mais en l\u2019absence de possibilit\u00e9 de pouvoir imputer les faits, la loi nous oblige \u00e0 relaxer\u00a0\u00bb, d\u00e9clare le pr\u00e9sident du tribunal correctionnel Benoit Verliat, en toute fin de proc\u00e8s, jeudi 25\u00a0janvier. Durant plus de trois heures, il a eu devant lui les jeunes parents de Math\u00e9o.<\/p>\n<p>Une certitude \u00e9merge tr\u00e8s t\u00f4t au cours de l\u2019audience\u00a0: Math\u00e9o pr\u00e9sente de multiples blessures et elles sont dues \u00e0\u2026<\/p>\n<\/div>\n<div>\n<p>\u00ab\u00a0Le tribunal en est convaincu\u00a0: il y a eu maltraitance sur Math\u00e9o (1). Mais en l\u2019absence de possibilit\u00e9 de pouvoir imputer les faits, la loi nous oblige \u00e0 relaxer\u00a0\u00bb, d\u00e9clare le pr\u00e9sident du tribunal correctionnel Benoit Verliat, en toute fin de proc\u00e8s, jeudi 25\u00a0janvier. Durant plus de trois heures, il a eu devant lui les jeunes parents de Math\u00e9o.<\/p>\n<p>Une certitude \u00e9merge tr\u00e8s t\u00f4t au cours de l\u2019audience\u00a0: Math\u00e9o pr\u00e9sente de multiples blessures et elles sont dues \u00e0 une tierce personne. \u00c0 quelques semaines d\u2019existence, il n\u2019a pas pu seul se casser le coude, se fracturer le cr\u00e2ne, s\u2019occasionner des bleus de dates diff\u00e9rentes dans le dos ou sur le ventre. Les m\u00e9decins de l\u2019h\u00f4pital, qui ont fait le signalement le 18\u00a0janvier 2022, sont formels\u00a0: il est victime de maltraitance.<\/p>\n<p>L\u2019attention des enqu\u00eateurs et de la justice se concentre sur les deux parents, la famille vivant en \u00ab\u00a0vase clos\u00a0\u00bb. Mais tout au long de la proc\u00e9dure d\u2019instruction et devant le tribunal, les deux parents contestent avoir fait tomber ou frapper leur nourrisson. Ils ne s\u2019incriminent pas non plus l\u2019un l\u2019autre. \u00ab\u00a0Cet enfant ne s\u2019est pas bless\u00e9 par l\u2019op\u00e9ration du Saint-Esprit\u00a0\u00bb, commence \u00e0 s\u2019agacer le pr\u00e9sident.<\/p>\n<h2 class=\"article-subtitle\">Sursis requis contre la m\u00e8re<\/h2>\n<p>Il multiplie les questions, rejoint par ses assesseurs, \u00e0 l\u2019encontre des deux parents \u00e0 l\u2019aspect juv\u00e9nile malgr\u00e9 leurs 25\u00a0ans. Aucun ne justifie les blessures. Les tentatives d\u2019explication des ascendants ont \u00e9t\u00e9 balay\u00e9es. Non, les blessures ne sont pas dues \u00e0 un choc \u00ab\u00a0l\u00e9ger\u00a0\u00bb lors du bain contre la baignoire en plastique. Rien \u00e0 voir non plus avec cette sc\u00e8ne o\u00f9 le p\u00e8re a cogn\u00e9 son coude avec le petit dans les bras ou celle o\u00f9 la m\u00e8re a pos\u00e9 le nourrisson un peu fortement sur la table de radiologie.<\/p>\n<p>Certains SMS \u00e9chang\u00e9s juste apr\u00e8s l\u2019admission de Math\u00e9o \u00e0 l\u2019h\u00f4pital posent question au tribunal. \u00ab\u00a0C\u2019est ma faute si on en est l\u00e0. Merci de ce que tu as fait\u00a0\u00bb, \u00e9crit la m\u00e8re au p\u00e8re. \u00ab\u00a0Il faut qu\u2019on ait le m\u00eame discours.\u00a0\u00bb, dit un autre message. \u00ab\u00a0On dit quoi\u00a0? Qu\u2019on l\u2019a fait tomber ou\u2026\u00a0?\u00a0\u00bb, demande le p\u00e8re.<\/p>\n<p>Ce dernier ne sait pas pourquoi il a envoy\u00e9 \u00e7a. Il a aussi envoy\u00e9 un SMS disant \u00ab\u00a0on n\u2019a rien \u00e0 se reprocher\u00a0\u00bb, rappelle son avocat, Me Paul Gosseaume. Expertis\u00e9 comme \u00ab\u00a0influen\u00e7able\u00a0\u00bb ou \u00ab\u00a0manipulable\u00a0\u00bb, le p\u00e8re r\u00e9fute prot\u00e9ger sa compagne. C\u2019est pourtant l\u2019avis du minist\u00e8re public qui consid\u00e8re qu\u2019il a \u00ab\u00a0suivi\u00a0\u00bb. Mais c\u2019est lui qui a insist\u00e9 pour aller \u00e0 l\u2019h\u00f4pital.<\/p>\n<p>La procureure Marie Hirigoyen a requis la relaxe \u00e0 son endroit, consid\u00e9rant que la m\u00e8re est responsable des violences. Elle a requis deux ans de sursis probatoire \u00e0 son encontre.<\/p>\n<h2 class=\"article-subtitle\">D\u00e9pression post-partum<\/h2>\n<p>En janvier 2022, deux mois apr\u00e8s la naissance de son enfant, elle est en pleine d\u00e9pression post-partum. Les \u00e9changes \u00e9crits avec son compagnon illustrent un \u00e9puisement et parfois un agacement. C\u2019est l\u00e0 le \u00ab\u00a0mobile\u00a0\u00bb pour le minist\u00e8re public. \u00ab\u00a0Il ne peut y avoir d\u2019autres personnes\u00a0\u00bb.<\/p>\n<p>Mais la m\u00e8re conteste. \u00ab\u00a0Je n\u2019ai pas \u00e9t\u00e9 violente avec l\u2019enfant. Je n\u2019ai pas touch\u00e9 Math\u00e9o.\u00a0\u00bb Il n\u2019est pas tomb\u00e9, n\u2019a subi aucun accident, avance-t-elle. Elle a aussi \u00e9t\u00e9 interrog\u00e9e sur une absence de geste de r\u00e9confort alors que le nourrisson pleurait \u00e0 l\u2019h\u00f4pital\u00a0: \u00ab\u00a0Je ne suis pas \u00e0 l\u2019aise avec les enfants. Je ne sais pas comment m\u2019y prendre, comment le porter, comment le rassurer.\u00a0\u00bb \u00ab\u00a0Ce n\u2019est pas parce qu\u2019elle souffre de d\u00e9pression qu\u2019elle est maltraitante\u00a0\u00bb, argumente Me Anna Raina, l\u2019avocate de la m\u00e8re.<\/p>\n<blockquote>\n<p>C\u2019est soit le p\u00e8re, soit la m\u00e8re. L\u2019un des deux ment\u00a0\u00bb<\/p>\n<\/blockquote>\n<p>Ainsi, \u00e0 l\u2019issue des prises de parole, Me Anna Raina pointe \u00ab\u00a0l\u2019impasse\u00a0\u00bb dans laquelle se retrouve le tribunal.  \u00ab\u00a0C\u2019est soit le p\u00e8re, soit la m\u00e8re. L\u2019un des deux ment\u00a0\u00bb. Mais comme le soulignent les deux avocats de la d\u00e9fense, les magistrats ne sont pas capables de d\u00e9terminer qui est l\u2019auteur des violences, si elles sont volontaires, et le doute doit profiter aux pr\u00e9venus.<\/p>\n<h2 class=\"article-subtitle\">Enfant troubl\u00e9<\/h2>\n<p>\u00ab\u00a0Cet enfant a des blessures et on est incapable de dire ce qu\u2019il s\u2019est pass\u00e9\u00a0\u00bb, a constat\u00e9 le pr\u00e9sident, au cours de l\u2019audience. C\u2019est la sensation qui restera \u00e0 l\u2019issue du proc\u00e8s.<\/p>\n<p>De son c\u00f4t\u00e9, Math\u00e9o a \u00e9t\u00e9 plac\u00e9 et \u00e9loign\u00e9 de ses parents au moment du signalement. Les parents, qui sont s\u00e9par\u00e9s aujourd\u2019hui, le voient dans le cadre de visites m\u00e9diatis\u00e9es. Il a aujourd\u2019hui un peu plus de 2 ans et pr\u00e9sente une \u00ab\u00a0\u00e9volution pas si favorable\u00a0\u00bb rapporte son avocate, Me H\u00e9lo\u00efse B\u00e9gu\u00e9, pour l\u2019administrateur ad hoc. \u00ab\u00a0Il a des difficult\u00e9s avec le toucher, le lien, la communication. On ne sait pas si c\u2019est li\u00e9 aux violences car il y a aussi une suspicion de troubles autistiques.\u00a0\u00bb<\/p>\n<p>Un projet est en cours de r\u00e9alisation pour remettre Math\u00e9o \u00e0 ses grands-parents, les parents du p\u00e8re.<\/p>\n<p>(1) Le pr\u00e9nom a \u00e9t\u00e9 chang\u00e9.<\/p>\n<\/div>\n<p>Parutions sur le m\u00eame propos:<\/p>\n<p>Entre Bible et Coran\/Attributs et noms du Dieu unique,<a target=\"_blank\" rel=\"nofollow\" href=\"https:\/\/www.tribunal-nature.org\/blog\/goto\/https:\/\/fr.wikibooks.org\/wiki\/Entre_Bible_et_Coran\/Attributs_et_noms_du_Dieu_unique\"  target=\"_blank\" rel=\"noopener noreferrer nofollow\">(la couverture) <\/a><span><\/span>.<\/p>\n<p>Institutions juridictionnelles et proc\u00e8s,<a target=\"_blank\" rel=\"nofollow\" href=\"https:\/\/www.tribunal-nature.org\/blog\/goto\/https:\/\/booknode.com\/institutions_juridictionnelles_et_proces_047800\"  target=\"_blank\" rel=\"noopener noreferrer nofollow\">A voir et \u00e0 lire. <\/a><span><\/span>.<\/p>\n<p>Philosophie\/Morale,<a target=\"_blank\" rel=\"nofollow\" href=\"https:\/\/www.tribunal-nature.org\/blog\/goto\/https:\/\/fr.wikibooks.org\/wiki\/Philosophie\/Morale\"  target=\"_blank\" rel=\"noopener noreferrer nofollow\">Le livre <\/a><span><\/span>.<\/p>\n<\/div>\n","protected":false},"excerpt":{"rendered":"<p>Cet encart de quelques lignes ayant pour th\u00e9matique \u00ab\u00a0la justice\u00a0\u00bb circule sur internet, nous avons d\u00e9cid\u00e9 de vous le signaler&#8230;<\/p>\n","protected":false},"author":3,"featured_media":0,"comment_status":"closed","ping_status":"closed","sticky":false,"template":"","format":"standard","meta":{"footnotes":""},"categories":[2],"tags":[],"class_list":["post-906","post","type-post","status-publish","format-standard","hentry","category-droit-de-lenvironnement","wpcat-2-id"],"yoast_head":"<!-- This site is optimized with the Yoast SEO plugin v27.5 - https:\/\/yoast.com\/product\/yoast-seo-wordpress\/ -->\n<title>Revue de presse web : \u00ab\u00a0Cet enfant a des blessures et on est incapable de dire ce qu\u2019il s\u2019est pass\u00e9\u00a0\u00bb - TRIBUNAL-NATURE<\/title>\n<meta name=\"description\" content=\"Revue de presse web : \u00ab\u00a0Cet enfant a des blessures et on est incapable de dire ce qu\u2019il s\u2019est pass\u00e9\u00a0\u00bb article de TRIBUNAL-NATURE\" \/>\n<meta name=\"robots\" content=\"index, follow, max-snippet:-1, max-image-preview:large, max-video-preview:-1\" \/>\n<link rel=\"canonical\" href=\"https:\/\/www.tribunal-nature.org\/blog\/revue-de-presse-web-cet-enfant-a-des-blessures-et-on-est-incapable-de-dire-ce-quil-sest-passe\/\" \/>\n<meta property=\"og:locale\" content=\"fr_FR\" \/>\n<meta property=\"og:type\" content=\"article\" \/>\n<meta property=\"og:title\" content=\"Revue de presse web : \u00ab\u00a0Cet enfant a des blessures et on est incapable de dire ce qu\u2019il s\u2019est pass\u00e9\u00a0\u00bb - TRIBUNAL-NATURE\" \/>\n<meta property=\"og:description\" content=\"Revue de presse web : \u00ab\u00a0Cet enfant a des blessures et on est incapable de dire ce qu\u2019il s\u2019est pass\u00e9\u00a0\u00bb article de TRIBUNAL-NATURE\" \/>\n<meta property=\"og:url\" content=\"https:\/\/www.tribunal-nature.org\/blog\/revue-de-presse-web-cet-enfant-a-des-blessures-et-on-est-incapable-de-dire-ce-quil-sest-passe\/\" \/>\n<meta property=\"og:site_name\" content=\"TRIBUNAL-NATURE\" \/>\n<meta property=\"article:published_time\" content=\"2024-01-26T05:17:57+00:00\" \/>\n<meta name=\"author\" content=\"Isabelle LOUBEAU\" \/>\n<meta name=\"twitter:card\" content=\"summary_large_image\" \/>\n<meta name=\"twitter:label1\" content=\"\u00c9crit par\" \/>\n\t<meta name=\"twitter:data1\" content=\"Isabelle LOUBEAU\" \/>\n\t<meta name=\"twitter:label2\" content=\"Dur\u00e9e de lecture estim\u00e9e\" \/>\n\t<meta name=\"twitter:data2\" content=\"5 minutes\" \/>\n<script type=\"application\/ld+json\" class=\"yoast-schema-graph\">{\"@context\":\"https:\\\/\\\/schema.org\",\"@graph\":[{\"@type\":\"Article\",\"@id\":\"https:\\\/\\\/www.tribunal-nature.org\\\/blog\\\/revue-de-presse-web-cet-enfant-a-des-blessures-et-on-est-incapable-de-dire-ce-quil-sest-passe\\\/#article\",\"isPartOf\":{\"@id\":\"https:\\\/\\\/www.tribunal-nature.org\\\/blog\\\/revue-de-presse-web-cet-enfant-a-des-blessures-et-on-est-incapable-de-dire-ce-quil-sest-passe\\\/\"},\"author\":{\"name\":\"Isabelle LOUBEAU\",\"@id\":\"https:\\\/\\\/www.tribunal-nature.org\\\/blog\\\/#\\\/schema\\\/person\\\/55761caf7544da6b05b60523f2a0855f\"},\"headline\":\"Revue de presse web : \u00ab\u00a0Cet enfant a des blessures et on est incapable de dire ce qu\u2019il s\u2019est pass\u00e9\u00a0\u00bb\",\"datePublished\":\"2024-01-26T05:17:57+00:00\",\"mainEntityOfPage\":{\"@id\":\"https:\\\/\\\/www.tribunal-nature.org\\\/blog\\\/revue-de-presse-web-cet-enfant-a-des-blessures-et-on-est-incapable-de-dire-ce-quil-sest-passe\\\/\"},\"wordCount\":1095,\"publisher\":{\"@id\":\"https:\\\/\\\/www.tribunal-nature.org\\\/blog\\\/#organization\"},\"articleSection\":[\"Droit De L'Environnement:\"],\"inLanguage\":\"fr-FR\"},{\"@type\":\"WebPage\",\"@id\":\"https:\\\/\\\/www.tribunal-nature.org\\\/blog\\\/revue-de-presse-web-cet-enfant-a-des-blessures-et-on-est-incapable-de-dire-ce-quil-sest-passe\\\/\",\"url\":\"https:\\\/\\\/www.tribunal-nature.org\\\/blog\\\/revue-de-presse-web-cet-enfant-a-des-blessures-et-on-est-incapable-de-dire-ce-quil-sest-passe\\\/\",\"name\":\"Revue de presse web : \u00ab\u00a0Cet enfant a des blessures et on est incapable de dire ce qu\u2019il s\u2019est pass\u00e9\u00a0\u00bb - TRIBUNAL-NATURE\",\"isPartOf\":{\"@id\":\"https:\\\/\\\/www.tribunal-nature.org\\\/blog\\\/#website\"},\"datePublished\":\"2024-01-26T05:17:57+00:00\",\"description\":\"Revue de presse web : \u00ab\u00a0Cet enfant a des blessures et on est incapable de dire ce qu\u2019il s\u2019est pass\u00e9\u00a0\u00bb article de TRIBUNAL-NATURE\",\"breadcrumb\":{\"@id\":\"https:\\\/\\\/www.tribunal-nature.org\\\/blog\\\/revue-de-presse-web-cet-enfant-a-des-blessures-et-on-est-incapable-de-dire-ce-quil-sest-passe\\\/#breadcrumb\"},\"inLanguage\":\"fr-FR\",\"potentialAction\":[{\"@type\":\"ReadAction\",\"target\":[\"https:\\\/\\\/www.tribunal-nature.org\\\/blog\\\/revue-de-presse-web-cet-enfant-a-des-blessures-et-on-est-incapable-de-dire-ce-quil-sest-passe\\\/\"]}]},{\"@type\":\"BreadcrumbList\",\"@id\":\"https:\\\/\\\/www.tribunal-nature.org\\\/blog\\\/revue-de-presse-web-cet-enfant-a-des-blessures-et-on-est-incapable-de-dire-ce-quil-sest-passe\\\/#breadcrumb\",\"itemListElement\":[{\"@type\":\"ListItem\",\"position\":1,\"name\":\"Accueil\",\"item\":\"https:\\\/\\\/www.tribunal-nature.org\\\/blog\\\/\"},{\"@type\":\"ListItem\",\"position\":2,\"name\":\"Revue de presse web : \u00ab\u00a0Cet enfant a des blessures et on est incapable de dire ce qu\u2019il s\u2019est pass\u00e9\u00a0\u00bb\"}]},{\"@type\":\"WebSite\",\"@id\":\"https:\\\/\\\/www.tribunal-nature.org\\\/blog\\\/#website\",\"url\":\"https:\\\/\\\/www.tribunal-nature.org\\\/blog\\\/\",\"name\":\"TRIBUNAL-NATURE\",\"description\":\"Droit De L&#039;Environnement.\",\"publisher\":{\"@id\":\"https:\\\/\\\/www.tribunal-nature.org\\\/blog\\\/#organization\"},\"potentialAction\":[{\"@type\":\"SearchAction\",\"target\":{\"@type\":\"EntryPoint\",\"urlTemplate\":\"https:\\\/\\\/www.tribunal-nature.org\\\/blog\\\/?s={search_term_string}\"},\"query-input\":{\"@type\":\"PropertyValueSpecification\",\"valueRequired\":true,\"valueName\":\"search_term_string\"}}],\"inLanguage\":\"fr-FR\"},{\"@type\":\"Organization\",\"@id\":\"https:\\\/\\\/www.tribunal-nature.org\\\/blog\\\/#organization\",\"name\":\"tribunal-nature\",\"url\":\"https:\\\/\\\/www.tribunal-nature.org\\\/blog\\\/\",\"logo\":{\"@type\":\"ImageObject\",\"inLanguage\":\"fr-FR\",\"@id\":\"https:\\\/\\\/www.tribunal-nature.org\\\/blog\\\/#\\\/schema\\\/logo\\\/image\\\/\",\"url\":\"https:\\\/\\\/www.tribunal-nature.org\\\/blog\\\/wp-content\\\/uploads\\\/2022\\\/05\\\/logo-2.png\",\"contentUrl\":\"https:\\\/\\\/www.tribunal-nature.org\\\/blog\\\/wp-content\\\/uploads\\\/2022\\\/05\\\/logo-2.png\",\"width\":180,\"height\":180,\"caption\":\"tribunal-nature\"},\"image\":{\"@id\":\"https:\\\/\\\/www.tribunal-nature.org\\\/blog\\\/#\\\/schema\\\/logo\\\/image\\\/\"}},{\"@type\":\"Person\",\"@id\":\"https:\\\/\\\/www.tribunal-nature.org\\\/blog\\\/#\\\/schema\\\/person\\\/55761caf7544da6b05b60523f2a0855f\",\"name\":\"Isabelle LOUBEAU\",\"image\":{\"@type\":\"ImageObject\",\"inLanguage\":\"fr-FR\",\"@id\":\"https:\\\/\\\/secure.gravatar.com\\\/avatar\\\/b6912620aca78633bf5d50400888815d3b38a1118e82b94050843f411f3f5972?s=96&d=mm&r=g\",\"url\":\"https:\\\/\\\/secure.gravatar.com\\\/avatar\\\/b6912620aca78633bf5d50400888815d3b38a1118e82b94050843f411f3f5972?s=96&d=mm&r=g\",\"contentUrl\":\"https:\\\/\\\/secure.gravatar.com\\\/avatar\\\/b6912620aca78633bf5d50400888815d3b38a1118e82b94050843f411f3f5972?s=96&d=mm&r=g\",\"caption\":\"Isabelle LOUBEAU\"},\"url\":\"https:\\\/\\\/www.tribunal-nature.org\\\/blog\\\/author\\\/ureisabelle\\\/\"}]}<\/script>\n<!-- \/ Yoast SEO plugin. -->","yoast_head_json":{"title":"Revue de presse web : \u00ab\u00a0Cet enfant a des blessures et on est incapable de dire ce qu\u2019il s\u2019est pass\u00e9\u00a0\u00bb - TRIBUNAL-NATURE","description":"Revue de presse web : \u00ab\u00a0Cet enfant a des blessures et on est incapable de dire ce qu\u2019il s\u2019est pass\u00e9\u00a0\u00bb article de TRIBUNAL-NATURE","robots":{"index":"index","follow":"follow","max-snippet":"max-snippet:-1","max-image-preview":"max-image-preview:large","max-video-preview":"max-video-preview:-1"},"canonical":"https:\/\/www.tribunal-nature.org\/blog\/revue-de-presse-web-cet-enfant-a-des-blessures-et-on-est-incapable-de-dire-ce-quil-sest-passe\/","og_locale":"fr_FR","og_type":"article","og_title":"Revue de presse web : \u00ab\u00a0Cet enfant a des blessures et on est incapable de dire ce qu\u2019il s\u2019est pass\u00e9\u00a0\u00bb - TRIBUNAL-NATURE","og_description":"Revue de presse web : \u00ab\u00a0Cet enfant a des blessures et on est incapable de dire ce qu\u2019il s\u2019est pass\u00e9\u00a0\u00bb article de TRIBUNAL-NATURE","og_url":"https:\/\/www.tribunal-nature.org\/blog\/revue-de-presse-web-cet-enfant-a-des-blessures-et-on-est-incapable-de-dire-ce-quil-sest-passe\/","og_site_name":"TRIBUNAL-NATURE","article_published_time":"2024-01-26T05:17:57+00:00","author":"Isabelle LOUBEAU","twitter_card":"summary_large_image","twitter_misc":{"\u00c9crit par":"Isabelle LOUBEAU","Dur\u00e9e de lecture estim\u00e9e":"5 minutes"},"schema":{"@context":"https:\/\/schema.org","@graph":[{"@type":"Article","@id":"https:\/\/www.tribunal-nature.org\/blog\/revue-de-presse-web-cet-enfant-a-des-blessures-et-on-est-incapable-de-dire-ce-quil-sest-passe\/#article","isPartOf":{"@id":"https:\/\/www.tribunal-nature.org\/blog\/revue-de-presse-web-cet-enfant-a-des-blessures-et-on-est-incapable-de-dire-ce-quil-sest-passe\/"},"author":{"name":"Isabelle LOUBEAU","@id":"https:\/\/www.tribunal-nature.org\/blog\/#\/schema\/person\/55761caf7544da6b05b60523f2a0855f"},"headline":"Revue de presse web : \u00ab\u00a0Cet enfant a des blessures et on est incapable de dire ce qu\u2019il s\u2019est pass\u00e9\u00a0\u00bb","datePublished":"2024-01-26T05:17:57+00:00","mainEntityOfPage":{"@id":"https:\/\/www.tribunal-nature.org\/blog\/revue-de-presse-web-cet-enfant-a-des-blessures-et-on-est-incapable-de-dire-ce-quil-sest-passe\/"},"wordCount":1095,"publisher":{"@id":"https:\/\/www.tribunal-nature.org\/blog\/#organization"},"articleSection":["Droit De L'Environnement:"],"inLanguage":"fr-FR"},{"@type":"WebPage","@id":"https:\/\/www.tribunal-nature.org\/blog\/revue-de-presse-web-cet-enfant-a-des-blessures-et-on-est-incapable-de-dire-ce-quil-sest-passe\/","url":"https:\/\/www.tribunal-nature.org\/blog\/revue-de-presse-web-cet-enfant-a-des-blessures-et-on-est-incapable-de-dire-ce-quil-sest-passe\/","name":"Revue de presse web : \u00ab\u00a0Cet enfant a des blessures et on est incapable de dire ce qu\u2019il s\u2019est pass\u00e9\u00a0\u00bb - TRIBUNAL-NATURE","isPartOf":{"@id":"https:\/\/www.tribunal-nature.org\/blog\/#website"},"datePublished":"2024-01-26T05:17:57+00:00","description":"Revue de presse web : \u00ab\u00a0Cet enfant a des blessures et on est incapable de dire ce qu\u2019il s\u2019est pass\u00e9\u00a0\u00bb article de TRIBUNAL-NATURE","breadcrumb":{"@id":"https:\/\/www.tribunal-nature.org\/blog\/revue-de-presse-web-cet-enfant-a-des-blessures-et-on-est-incapable-de-dire-ce-quil-sest-passe\/#breadcrumb"},"inLanguage":"fr-FR","potentialAction":[{"@type":"ReadAction","target":["https:\/\/www.tribunal-nature.org\/blog\/revue-de-presse-web-cet-enfant-a-des-blessures-et-on-est-incapable-de-dire-ce-quil-sest-passe\/"]}]},{"@type":"BreadcrumbList","@id":"https:\/\/www.tribunal-nature.org\/blog\/revue-de-presse-web-cet-enfant-a-des-blessures-et-on-est-incapable-de-dire-ce-quil-sest-passe\/#breadcrumb","itemListElement":[{"@type":"ListItem","position":1,"name":"Accueil","item":"https:\/\/www.tribunal-nature.org\/blog\/"},{"@type":"ListItem","position":2,"name":"Revue de presse web : \u00ab\u00a0Cet enfant a des blessures et on est incapable de dire ce qu\u2019il s\u2019est pass\u00e9\u00a0\u00bb"}]},{"@type":"WebSite","@id":"https:\/\/www.tribunal-nature.org\/blog\/#website","url":"https:\/\/www.tribunal-nature.org\/blog\/","name":"TRIBUNAL-NATURE","description":"Droit De L&#039;Environnement.","publisher":{"@id":"https:\/\/www.tribunal-nature.org\/blog\/#organization"},"potentialAction":[{"@type":"SearchAction","target":{"@type":"EntryPoint","urlTemplate":"https:\/\/www.tribunal-nature.org\/blog\/?s={search_term_string}"},"query-input":{"@type":"PropertyValueSpecification","valueRequired":true,"valueName":"search_term_string"}}],"inLanguage":"fr-FR"},{"@type":"Organization","@id":"https:\/\/www.tribunal-nature.org\/blog\/#organization","name":"tribunal-nature","url":"https:\/\/www.tribunal-nature.org\/blog\/","logo":{"@type":"ImageObject","inLanguage":"fr-FR","@id":"https:\/\/www.tribunal-nature.org\/blog\/#\/schema\/logo\/image\/","url":"https:\/\/www.tribunal-nature.org\/blog\/wp-content\/uploads\/2022\/05\/logo-2.png","contentUrl":"https:\/\/www.tribunal-nature.org\/blog\/wp-content\/uploads\/2022\/05\/logo-2.png","width":180,"height":180,"caption":"tribunal-nature"},"image":{"@id":"https:\/\/www.tribunal-nature.org\/blog\/#\/schema\/logo\/image\/"}},{"@type":"Person","@id":"https:\/\/www.tribunal-nature.org\/blog\/#\/schema\/person\/55761caf7544da6b05b60523f2a0855f","name":"Isabelle LOUBEAU","image":{"@type":"ImageObject","inLanguage":"fr-FR","@id":"https:\/\/secure.gravatar.com\/avatar\/b6912620aca78633bf5d50400888815d3b38a1118e82b94050843f411f3f5972?s=96&d=mm&r=g","url":"https:\/\/secure.gravatar.com\/avatar\/b6912620aca78633bf5d50400888815d3b38a1118e82b94050843f411f3f5972?s=96&d=mm&r=g","contentUrl":"https:\/\/secure.gravatar.com\/avatar\/b6912620aca78633bf5d50400888815d3b38a1118e82b94050843f411f3f5972?s=96&d=mm&r=g","caption":"Isabelle LOUBEAU"},"url":"https:\/\/www.tribunal-nature.org\/blog\/author\/ureisabelle\/"}]}},"_links":{"self":[{"href":"https:\/\/www.tribunal-nature.org\/blog\/wp-json\/wp\/v2\/posts\/906","targetHints":{"allow":["GET"]}}],"collection":[{"href":"https:\/\/www.tribunal-nature.org\/blog\/wp-json\/wp\/v2\/posts"}],"about":[{"href":"https:\/\/www.tribunal-nature.org\/blog\/wp-json\/wp\/v2\/types\/post"}],"author":[{"embeddable":true,"href":"https:\/\/www.tribunal-nature.org\/blog\/wp-json\/wp\/v2\/users\/3"}],"replies":[{"embeddable":true,"href":"https:\/\/www.tribunal-nature.org\/blog\/wp-json\/wp\/v2\/comments?post=906"}],"version-history":[{"count":0,"href":"https:\/\/www.tribunal-nature.org\/blog\/wp-json\/wp\/v2\/posts\/906\/revisions"}],"wp:attachment":[{"href":"https:\/\/www.tribunal-nature.org\/blog\/wp-json\/wp\/v2\/media?parent=906"}],"wp:term":[{"taxonomy":"category","embeddable":true,"href":"https:\/\/www.tribunal-nature.org\/blog\/wp-json\/wp\/v2\/categories?post=906"},{"taxonomy":"post_tag","embeddable":true,"href":"https:\/\/www.tribunal-nature.org\/blog\/wp-json\/wp\/v2\/tags?post=906"}],"curies":[{"name":"wp","href":"https:\/\/api.w.org\/{rel}","templated":true}]}}