{"id":894,"date":"2024-01-16T00:55:09","date_gmt":"2024-01-15T23:55:09","guid":{"rendered":"https:\/\/www.tribunal-nature.org\/blog\/a-voir-lavocat-de-lacteur-assure-que-son-discernement-nest-en-aucun-cas-aboli\/"},"modified":"2024-01-16T00:55:09","modified_gmt":"2024-01-15T23:55:09","slug":"a-voir-lavocat-de-lacteur-assure-que-son-discernement-nest-en-aucun-cas-aboli","status":"publish","type":"post","link":"https:\/\/www.tribunal-nature.org\/blog\/a-voir-lavocat-de-lacteur-assure-que-son-discernement-nest-en-aucun-cas-aboli\/","title":{"rendered":"A voir   : l\u2019avocat de l\u2019acteur assure que son discernement \u00ab\u00a0n\u2019est en aucun cas aboli\u00a0\u00bb"},"content":{"rendered":"<div>\n<p>Sur cette publication, un nouvel encart qui va allonger notre revue de presse sur \u00ab\u00a0la justice\u00a0\u00bb.<\/p>\n<p>Son titre suggestif (l\u2019avocat de l\u2019acteur assure que son discernement \u00ab\u00a0n\u2019est en aucun cas aboli\u00a0\u00bb) condense tout l\u2019\u00e9ditorial.<\/p>\n<p>Le chroniqueur (pr\u00e9sent\u00e9 sous la signature  d\u2019anonymat<br \/>\n) est reconnu comme quelqu\u2019un de s\u00e9rieux pour plusieurs autres \u00e9ditoriaux qu\u2019il a publi\u00e9s sur le web.<\/p>\n<p>Il n\u2019y a pas de raison de ne pas croire du s\u00e9rieux de ces informations.<\/p>\n<p>Le texte a \u00e9t\u00e9 \u00e9dit\u00e9 \u00e0 une date not\u00e9e 2024-01-15 12:47:00.<\/p>\n<div>\n<p>Deux jours apr\u00e8s une premi\u00e8re expertise m\u00e9dicale d\u2019Alain Delon, contest\u00e9e par son fils Anthony, Me Christophe Ayela a assur\u00e9 que l\u2019acteur avait \u00ab\u00a0r\u00e9pondu aux questions du m\u00e9decin-expert\u00a0\u00bb.<\/p>\n<p>Les deux camps continuent de s\u2019affronter. Ce lundi 15 janvier, l\u2019avocat d\u2019Alain Delon, Me Christophe Ayela, a annonc\u00e9 dans un communiqu\u00e9 que l\u2019acteur de 88 ans avait \u00ab\u00a0r\u00e9pondu aux questions\u00a0\u00bb du m\u00e9decin en charge de sa premi\u00e8re expertise m\u00e9dicale samedi apr\u00e8s-midi \u00e0 Douchy.<\/p>\n<blockquote class=\"embed embed_quote\">\n<p><span>Selon lui, la visite a permis de confirmer que \u00ab\u00a0son discernement n\u2019est en aucun cas aboli, contrairement aux accusations calomnieuses dont il est m\u00e9diatiquement l\u2019objet\u00a0\u00bb et aux affirmations de ses fils Anthony et Alain-Fabien.<\/span><\/p>\n<\/blockquote>\n<h2 class=\"subheading\">Des r\u00e9sultats pas encore d\u00e9voil\u00e9s par le parquet<\/h2>\n<p>Dimanche soir, BFMTV r\u00e9v\u00e9lait qu\u2019un m\u00e9decin, mandat\u00e9 par le procureur de Montargis, s\u2019\u00e9tait d\u00e9plac\u00e9 au domicile de l\u2019acteur <strong>pour \u00e9valuer son \u00e9tat de sant\u00e9<\/strong>.<\/p>\n<p>Sans que l\u2019on ne connaisse \u00e0 ce stade les r\u00e9sultats de cette expertise m\u00e9dicale, la justice n\u2019ayant pas communiqu\u00e9 officiellement dessus, ni aux m\u00e9dias, ni aux diff\u00e9rentes parties, l\u2019avocate d\u2019Anthony Delon et de l\u2019acteur, Me Laurence Bedossa, a contest\u00e9 cette visite.\u00a0Elle a remis en question la r\u00e9gularit\u00e9 de l\u2019acte m\u00e9dical pratiqu\u00e9.<\/p>\n<blockquote class=\"embed embed_quote\">\n<p><span>\u00ab\u00a0L\u2019expertise est en train en ce moment de se d\u00e9rouler \u00e0 Douchy en la pr\u00e9sence unique d\u2019Anouchka Delon qui r\u00e9pond en lieu et place aux questions pos\u00e9es \u00e0 Monsieur Alain Delon\u00a0\u00bb, a-t-elle \u00e9crit dans un courrier au procureur de Montargis.<\/span><\/p>\n<\/blockquote>\n<div class=\"embed episode_embed\">\n<div class=\"episode_embed_col_left\"><picture><source media=\"(min-width: 992px)\"><source media=\"(min-width: 641px)\"><img decoding=\"async\" src=\"https:\/\/www.tribunal-nature.org\/blog\/wp-content\/uploads\/2024\/01\/Sur-internet-lavocat-de-Cedric-Jubillar-reclame-la-fin.png\" alt=\"Plaintes, enregistrement... Quand la famille Delon lave son linge sale en public\" title=\"Plaintes, enregistrement... Quand la famille Delon lave son linge sale en public\"><\/source><\/source><\/picture><\/div>\n<div class=\"episode_embed_col_right\">\n<div class=\"podcast_wrapper_infos\" data-audio-src=\"https:\/\/altice.simplecastaudio.com\/bfb6c6be-eeaf-454f-884e-13f3561bb06d\/episodes\/d19bafea-9de1-478e-ae05-aa7bc6d76811\/audio\/128\/default.mp3?awCollectionId=bfb6c6be-eeaf-454f-884e-13f3561bb06d&amp;awEpisodeId=d19bafea-9de1-478e-ae05-aa7bc6d76811&amp;category=News&amp;episode_published_at=2024-01-08T16%3A43%3A38&amp;episode_title=Plaintes%2C+enregistrement...+Quand+la+famille+Delon+lave+son+linge+sale+en+public&amp;network=228028218708&amp;podcast_title=Le+titre+%C3%A0+la+une\" data-img-src=\"https:\/\/images.bfmtv.com\/4VSE_IxUck7EtQ5FVT6i4Yl-sM4=\/0x0:0x0\/180x0\/podcast\/podcasts\/principale-15_1.png\" data-title=\"Plaintes, enregistrement... Quand la famille Delon lave son linge sale en public\" data-id=\"202401080705\" data-podcast-nom=\"Le titre \u00e0 la une\"><span class=\"episode_embed_titre podcast_title_container\">Plaintes, enregistrement\u2026 Quand la famille Delon lave son linge sale en public<\/span><\/div>\n<\/div>\n<\/div>\n<p>D\u2019apr\u00e8s Me Christophe Ayela, sa cons\u0153ur a contre-attaqu\u00e9, \u00ab\u00a0r\u00e9alisant que le rapport du m\u00e9decin-expert viendrait tr\u00e8s probablement contredire leurs propos\u00a0\u00bb. \u00ab\u00a0Alain Delon a souhait\u00e9 que seule Anouchka Delon assiste \u00e0 cet examen, ce que ses deux fr\u00e8res ont accept\u00e9 sans manifester la moindre opposition (\u2026) Ils persistent ainsi dans leur volont\u00e9 d\u2019alimenter la pol\u00e9mique qu\u2019ils ont eux m\u00eame lanc\u00e9e, et qu\u2019ils ne cessent de nourrir\u00a0\u00bb, a-t-il ajout\u00e9.<\/p>\n<h2 class=\"subheading\">La reprise d\u2019un traitement au centre des d\u00e9bats<\/h2>\n<p>Cette expertise m\u00e9dicale a \u00e9t\u00e9 mandat\u00e9e par le parquet apr\u00e8s un courrier envoy\u00e9 par Christophe Ayela, assurant avoir re\u00e7u une \u00ab\u00a0lettre alarmante\u00a0\u00bb du m\u00e9decin traitant suisse de l\u2019acteur sur son <strong>\u00e9tat de sant\u00e9<\/strong>.<\/p>\n<p>Deux camps s\u2019opposent donc: les deux fils de l\u2019acteur, Anthony et Alain-Fabien, demandent que leur p\u00e8re soit soign\u00e9 en France, tandis que sa fille <strong>Anouchka souhaite qu\u2019il reste en Suisse<\/strong>.<\/p>\n<p>\u00ab\u00a0Le plus important est qu\u2019Alain Delon puisse de toute urgence b\u00e9n\u00e9ficier d\u2019un avis m\u00e9dical \u00e9clair\u00e9 sur la reprise de son traitement\u00a0\u00bb, a \u00e9crit ce lundi Christophe Ayela dans son communiqu\u00e9, souhaitant m\u00eame que le procureur \u00ab\u00a0nomme un deuxi\u00e8me expert sp\u00e9cialis\u00e9 dans le traitement de la pathologie\u00a0\u00bb dont souffre son client.<\/p>\n<p>Il a \u00e9galement demand\u00e9 au parquet de se prononcer sur \u00ab\u00a0les cons\u00e9quences potentiellement dramatiques de l\u2019arr\u00eat du traitement d\u00e9cid\u00e9 par ses deux fils sans aucun avis m\u00e9dical, et contre la volont\u00e9 non seulement de leur s\u0153ur, mais \u00e9galement d\u2019Alain Delon lui-m\u00eame, d\u2019apr\u00e8s un \u00e9l\u00e9ment cl\u00e9 qui vient d\u2019\u00eatre port\u00e9 \u00e0 [s]a connaissance\u00a0\u00bb.<\/p>\n<p>Un signalement a effectivement \u00e9t\u00e9 transmis la semaine derni\u00e8re \u00e0 la justice par Christophe Ayela pour \u00ab\u00a0mise en danger\u00a0\u00bb d\u2019Alain Delon, tandis que Laurence Bedossa a demand\u00e9 au procureur de la R\u00e9publique du tribunal de Montargis (Loiret) qu\u2019il proc\u00e8de \u00ab\u00a0\u00e0 l\u2019ouverture d\u2019une proc\u00e9dure de mise sous protection judiciaire\u00a0\u00bb de l\u2019acteur.<\/p>\n<div class=\"block_signature_parent\" id=\"block_signature_parent\">\n<div class=\"block_signature signature_marque\">\n<p><span class=\"author_name\">Matthias Tesson et Th\u00e9o Putavy<\/span><\/p>\n<\/div>\n<\/div>\n<\/div>\n<p>Bibliographie :<\/p>\n<p>Arnaques : le manuel anti-fraude,<a target=\"_blank\" rel=\"nofollow\" href=\"https:\/\/www.tribunal-nature.org\/blog\/goto\/https:\/\/booknode.com\/arnaques_le_manuel_anti_fraude_028248\"  target=\"_blank\" rel=\"noopener noreferrer nofollow\">Le livre <\/a><span><\/span>. Disponible dans toutes les bonnes librairies.<\/p>\n<p>La justice r\u00e9paratrice,<a target=\"_blank\" rel=\"nofollow\" href=\"https:\/\/www.tribunal-nature.org\/blog\/goto\/https:\/\/www.kobo.com\/fr\/fr\/ebook\/la-justice-reparatrice\"  target=\"_blank\" rel=\"noopener noreferrer nofollow\">Le livre <\/a><span><\/span>. Disponible dans toutes les bonnes librairies.<\/p>\n<p>Photographie\/Personnalit\u00e9s\/M\/F\u00e9lix-Jacques Antoine Moulin,<a target=\"_blank\" rel=\"nofollow\" href=\"https:\/\/www.tribunal-nature.org\/blog\/goto\/https:\/\/fr.wikibooks.org\/wiki\/Photographie\/Personnalit%C3%A9s\/M\/F%C3%A9lix-Jacques_Antoine_Moulin\"  target=\"_blank\" rel=\"noopener noreferrer nofollow\">A voir et \u00e0 lire. <\/a><span><\/span>.<\/p>\n<\/div>\n","protected":false},"excerpt":{"rendered":"<p>Sur cette publication, un nouvel encart qui va allonger notre revue de presse sur \u00ab\u00a0la justice\u00a0\u00bb. Son titre suggestif (l\u2019avocat&#8230;<\/p>\n","protected":false},"author":3,"featured_media":895,"comment_status":"closed","ping_status":"closed","sticky":false,"template":"","format":"standard","meta":{"footnotes":""},"categories":[2],"tags":[],"class_list":["post-894","post","type-post","status-publish","format-standard","has-post-thumbnail","hentry","category-droit-de-lenvironnement","wpcat-2-id"],"yoast_head":"<!-- This site is optimized with the Yoast SEO plugin v27.5 - https:\/\/yoast.com\/product\/yoast-seo-wordpress\/ -->\n<title>A voir  : l\u2019avocat de l\u2019acteur assure que son discernement \u00ab\u00a0n\u2019est en aucun cas aboli\u00a0\u00bb - TRIBUNAL-NATURE<\/title>\n<meta name=\"description\" content=\"A voir  : l\u2019avocat de l\u2019acteur assure que son discernement \u00ab\u00a0n\u2019est en aucun cas aboli\u00a0\u00bb article de TRIBUNAL-NATURE\" \/>\n<meta name=\"robots\" content=\"index, follow, max-snippet:-1, max-image-preview:large, max-video-preview:-1\" \/>\n<link rel=\"canonical\" href=\"https:\/\/www.tribunal-nature.org\/blog\/a-voir-lavocat-de-lacteur-assure-que-son-discernement-nest-en-aucun-cas-aboli\/\" \/>\n<meta property=\"og:locale\" content=\"fr_FR\" \/>\n<meta property=\"og:type\" content=\"article\" \/>\n<meta property=\"og:title\" content=\"A voir  : l\u2019avocat de l\u2019acteur assure que son discernement \u00ab\u00a0n\u2019est en aucun cas aboli\u00a0\u00bb - TRIBUNAL-NATURE\" \/>\n<meta property=\"og:description\" content=\"A voir  : l\u2019avocat de l\u2019acteur assure que son discernement \u00ab\u00a0n\u2019est en aucun cas aboli\u00a0\u00bb article de TRIBUNAL-NATURE\" \/>\n<meta property=\"og:url\" content=\"https:\/\/www.tribunal-nature.org\/blog\/a-voir-lavocat-de-lacteur-assure-que-son-discernement-nest-en-aucun-cas-aboli\/\" \/>\n<meta property=\"og:site_name\" content=\"TRIBUNAL-NATURE\" \/>\n<meta property=\"article:published_time\" content=\"2024-01-15T23:55:09+00:00\" \/>\n<meta property=\"og:image\" content=\"https:\/\/www.tribunal-nature.org\/blog\/wp-content\/uploads\/2024\/01\/Sur-internet-lavocat-de-Cedric-Jubillar-reclame-la-fin.png\" \/>\n<meta name=\"author\" content=\"Isabelle LOUBEAU\" \/>\n<meta name=\"twitter:card\" content=\"summary_large_image\" \/>\n<meta name=\"twitter:label1\" content=\"\u00c9crit par\" \/>\n\t<meta name=\"twitter:data1\" content=\"Isabelle LOUBEAU\" \/>\n\t<meta name=\"twitter:label2\" content=\"Dur\u00e9e de lecture estim\u00e9e\" \/>\n\t<meta name=\"twitter:data2\" content=\"4 minutes\" \/>\n<script type=\"application\/ld+json\" class=\"yoast-schema-graph\">{\"@context\":\"https:\\\/\\\/schema.org\",\"@graph\":[{\"@type\":\"Article\",\"@id\":\"https:\\\/\\\/www.tribunal-nature.org\\\/blog\\\/a-voir-lavocat-de-lacteur-assure-que-son-discernement-nest-en-aucun-cas-aboli\\\/#article\",\"isPartOf\":{\"@id\":\"https:\\\/\\\/www.tribunal-nature.org\\\/blog\\\/a-voir-lavocat-de-lacteur-assure-que-son-discernement-nest-en-aucun-cas-aboli\\\/\"},\"author\":{\"name\":\"Isabelle LOUBEAU\",\"@id\":\"https:\\\/\\\/www.tribunal-nature.org\\\/blog\\\/#\\\/schema\\\/person\\\/55761caf7544da6b05b60523f2a0855f\"},\"headline\":\"A voir : l\u2019avocat de l\u2019acteur assure que son discernement \u00ab\u00a0n\u2019est en aucun cas aboli\u00a0\u00bb\",\"datePublished\":\"2024-01-15T23:55:09+00:00\",\"mainEntityOfPage\":{\"@id\":\"https:\\\/\\\/www.tribunal-nature.org\\\/blog\\\/a-voir-lavocat-de-lacteur-assure-que-son-discernement-nest-en-aucun-cas-aboli\\\/\"},\"wordCount\":777,\"publisher\":{\"@id\":\"https:\\\/\\\/www.tribunal-nature.org\\\/blog\\\/#organization\"},\"image\":{\"@id\":\"https:\\\/\\\/www.tribunal-nature.org\\\/blog\\\/a-voir-lavocat-de-lacteur-assure-que-son-discernement-nest-en-aucun-cas-aboli\\\/#primaryimage\"},\"thumbnailUrl\":\"https:\\\/\\\/www.tribunal-nature.org\\\/blog\\\/wp-content\\\/uploads\\\/2024\\\/01\\\/Sur-internet-lavocat-de-Cedric-Jubillar-reclame-la-fin.png\",\"articleSection\":[\"Droit De L'Environnement:\"],\"inLanguage\":\"fr-FR\"},{\"@type\":\"WebPage\",\"@id\":\"https:\\\/\\\/www.tribunal-nature.org\\\/blog\\\/a-voir-lavocat-de-lacteur-assure-que-son-discernement-nest-en-aucun-cas-aboli\\\/\",\"url\":\"https:\\\/\\\/www.tribunal-nature.org\\\/blog\\\/a-voir-lavocat-de-lacteur-assure-que-son-discernement-nest-en-aucun-cas-aboli\\\/\",\"name\":\"A voir : l\u2019avocat de l\u2019acteur assure que son discernement \u00ab\u00a0n\u2019est en aucun cas aboli\u00a0\u00bb - TRIBUNAL-NATURE\",\"isPartOf\":{\"@id\":\"https:\\\/\\\/www.tribunal-nature.org\\\/blog\\\/#website\"},\"primaryImageOfPage\":{\"@id\":\"https:\\\/\\\/www.tribunal-nature.org\\\/blog\\\/a-voir-lavocat-de-lacteur-assure-que-son-discernement-nest-en-aucun-cas-aboli\\\/#primaryimage\"},\"image\":{\"@id\":\"https:\\\/\\\/www.tribunal-nature.org\\\/blog\\\/a-voir-lavocat-de-lacteur-assure-que-son-discernement-nest-en-aucun-cas-aboli\\\/#primaryimage\"},\"thumbnailUrl\":\"https:\\\/\\\/www.tribunal-nature.org\\\/blog\\\/wp-content\\\/uploads\\\/2024\\\/01\\\/Sur-internet-lavocat-de-Cedric-Jubillar-reclame-la-fin.png\",\"datePublished\":\"2024-01-15T23:55:09+00:00\",\"description\":\"A voir : l\u2019avocat de l\u2019acteur assure que son discernement \u00ab\u00a0n\u2019est en aucun cas aboli\u00a0\u00bb article de TRIBUNAL-NATURE\",\"breadcrumb\":{\"@id\":\"https:\\\/\\\/www.tribunal-nature.org\\\/blog\\\/a-voir-lavocat-de-lacteur-assure-que-son-discernement-nest-en-aucun-cas-aboli\\\/#breadcrumb\"},\"inLanguage\":\"fr-FR\",\"potentialAction\":[{\"@type\":\"ReadAction\",\"target\":[\"https:\\\/\\\/www.tribunal-nature.org\\\/blog\\\/a-voir-lavocat-de-lacteur-assure-que-son-discernement-nest-en-aucun-cas-aboli\\\/\"]}]},{\"@type\":\"ImageObject\",\"inLanguage\":\"fr-FR\",\"@id\":\"https:\\\/\\\/www.tribunal-nature.org\\\/blog\\\/a-voir-lavocat-de-lacteur-assure-que-son-discernement-nest-en-aucun-cas-aboli\\\/#primaryimage\",\"url\":\"https:\\\/\\\/www.tribunal-nature.org\\\/blog\\\/wp-content\\\/uploads\\\/2024\\\/01\\\/Sur-internet-lavocat-de-Cedric-Jubillar-reclame-la-fin.png\",\"contentUrl\":\"https:\\\/\\\/www.tribunal-nature.org\\\/blog\\\/wp-content\\\/uploads\\\/2024\\\/01\\\/Sur-internet-lavocat-de-Cedric-Jubillar-reclame-la-fin.png\",\"width\":130,\"height\":130,\"caption\":\"Sur internet lavocat de Cedric Jubillar reclame la fin\"},{\"@type\":\"BreadcrumbList\",\"@id\":\"https:\\\/\\\/www.tribunal-nature.org\\\/blog\\\/a-voir-lavocat-de-lacteur-assure-que-son-discernement-nest-en-aucun-cas-aboli\\\/#breadcrumb\",\"itemListElement\":[{\"@type\":\"ListItem\",\"position\":1,\"name\":\"Accueil\",\"item\":\"https:\\\/\\\/www.tribunal-nature.org\\\/blog\\\/\"},{\"@type\":\"ListItem\",\"position\":2,\"name\":\"A voir : l\u2019avocat de l\u2019acteur assure que son discernement \u00ab\u00a0n\u2019est en aucun cas aboli\u00a0\u00bb\"}]},{\"@type\":\"WebSite\",\"@id\":\"https:\\\/\\\/www.tribunal-nature.org\\\/blog\\\/#website\",\"url\":\"https:\\\/\\\/www.tribunal-nature.org\\\/blog\\\/\",\"name\":\"TRIBUNAL-NATURE\",\"description\":\"Droit De L&#039;Environnement.\",\"publisher\":{\"@id\":\"https:\\\/\\\/www.tribunal-nature.org\\\/blog\\\/#organization\"},\"potentialAction\":[{\"@type\":\"SearchAction\",\"target\":{\"@type\":\"EntryPoint\",\"urlTemplate\":\"https:\\\/\\\/www.tribunal-nature.org\\\/blog\\\/?s={search_term_string}\"},\"query-input\":{\"@type\":\"PropertyValueSpecification\",\"valueRequired\":true,\"valueName\":\"search_term_string\"}}],\"inLanguage\":\"fr-FR\"},{\"@type\":\"Organization\",\"@id\":\"https:\\\/\\\/www.tribunal-nature.org\\\/blog\\\/#organization\",\"name\":\"tribunal-nature\",\"url\":\"https:\\\/\\\/www.tribunal-nature.org\\\/blog\\\/\",\"logo\":{\"@type\":\"ImageObject\",\"inLanguage\":\"fr-FR\",\"@id\":\"https:\\\/\\\/www.tribunal-nature.org\\\/blog\\\/#\\\/schema\\\/logo\\\/image\\\/\",\"url\":\"https:\\\/\\\/www.tribunal-nature.org\\\/blog\\\/wp-content\\\/uploads\\\/2022\\\/05\\\/logo-2.png\",\"contentUrl\":\"https:\\\/\\\/www.tribunal-nature.org\\\/blog\\\/wp-content\\\/uploads\\\/2022\\\/05\\\/logo-2.png\",\"width\":180,\"height\":180,\"caption\":\"tribunal-nature\"},\"image\":{\"@id\":\"https:\\\/\\\/www.tribunal-nature.org\\\/blog\\\/#\\\/schema\\\/logo\\\/image\\\/\"}},{\"@type\":\"Person\",\"@id\":\"https:\\\/\\\/www.tribunal-nature.org\\\/blog\\\/#\\\/schema\\\/person\\\/55761caf7544da6b05b60523f2a0855f\",\"name\":\"Isabelle LOUBEAU\",\"image\":{\"@type\":\"ImageObject\",\"inLanguage\":\"fr-FR\",\"@id\":\"https:\\\/\\\/secure.gravatar.com\\\/avatar\\\/b6912620aca78633bf5d50400888815d3b38a1118e82b94050843f411f3f5972?s=96&d=mm&r=g\",\"url\":\"https:\\\/\\\/secure.gravatar.com\\\/avatar\\\/b6912620aca78633bf5d50400888815d3b38a1118e82b94050843f411f3f5972?s=96&d=mm&r=g\",\"contentUrl\":\"https:\\\/\\\/secure.gravatar.com\\\/avatar\\\/b6912620aca78633bf5d50400888815d3b38a1118e82b94050843f411f3f5972?s=96&d=mm&r=g\",\"caption\":\"Isabelle LOUBEAU\"},\"url\":\"https:\\\/\\\/www.tribunal-nature.org\\\/blog\\\/author\\\/ureisabelle\\\/\"}]}<\/script>\n<!-- \/ Yoast SEO plugin. -->","yoast_head_json":{"title":"A voir  : l\u2019avocat de l\u2019acteur assure que son discernement \u00ab\u00a0n\u2019est en aucun cas aboli\u00a0\u00bb - TRIBUNAL-NATURE","description":"A voir  : l\u2019avocat de l\u2019acteur assure que son discernement \u00ab\u00a0n\u2019est en aucun cas aboli\u00a0\u00bb article de TRIBUNAL-NATURE","robots":{"index":"index","follow":"follow","max-snippet":"max-snippet:-1","max-image-preview":"max-image-preview:large","max-video-preview":"max-video-preview:-1"},"canonical":"https:\/\/www.tribunal-nature.org\/blog\/a-voir-lavocat-de-lacteur-assure-que-son-discernement-nest-en-aucun-cas-aboli\/","og_locale":"fr_FR","og_type":"article","og_title":"A voir  : l\u2019avocat de l\u2019acteur assure que son discernement \u00ab\u00a0n\u2019est en aucun cas aboli\u00a0\u00bb - TRIBUNAL-NATURE","og_description":"A voir  : l\u2019avocat de l\u2019acteur assure que son discernement \u00ab\u00a0n\u2019est en aucun cas aboli\u00a0\u00bb article de TRIBUNAL-NATURE","og_url":"https:\/\/www.tribunal-nature.org\/blog\/a-voir-lavocat-de-lacteur-assure-que-son-discernement-nest-en-aucun-cas-aboli\/","og_site_name":"TRIBUNAL-NATURE","article_published_time":"2024-01-15T23:55:09+00:00","og_image":[{"url":"https:\/\/www.tribunal-nature.org\/blog\/wp-content\/uploads\/2024\/01\/Sur-internet-lavocat-de-Cedric-Jubillar-reclame-la-fin.png","type":"","width":"","height":""}],"author":"Isabelle LOUBEAU","twitter_card":"summary_large_image","twitter_misc":{"\u00c9crit par":"Isabelle LOUBEAU","Dur\u00e9e de lecture estim\u00e9e":"4 minutes"},"schema":{"@context":"https:\/\/schema.org","@graph":[{"@type":"Article","@id":"https:\/\/www.tribunal-nature.org\/blog\/a-voir-lavocat-de-lacteur-assure-que-son-discernement-nest-en-aucun-cas-aboli\/#article","isPartOf":{"@id":"https:\/\/www.tribunal-nature.org\/blog\/a-voir-lavocat-de-lacteur-assure-que-son-discernement-nest-en-aucun-cas-aboli\/"},"author":{"name":"Isabelle LOUBEAU","@id":"https:\/\/www.tribunal-nature.org\/blog\/#\/schema\/person\/55761caf7544da6b05b60523f2a0855f"},"headline":"A voir : l\u2019avocat de l\u2019acteur assure que son discernement \u00ab\u00a0n\u2019est en aucun cas aboli\u00a0\u00bb","datePublished":"2024-01-15T23:55:09+00:00","mainEntityOfPage":{"@id":"https:\/\/www.tribunal-nature.org\/blog\/a-voir-lavocat-de-lacteur-assure-que-son-discernement-nest-en-aucun-cas-aboli\/"},"wordCount":777,"publisher":{"@id":"https:\/\/www.tribunal-nature.org\/blog\/#organization"},"image":{"@id":"https:\/\/www.tribunal-nature.org\/blog\/a-voir-lavocat-de-lacteur-assure-que-son-discernement-nest-en-aucun-cas-aboli\/#primaryimage"},"thumbnailUrl":"https:\/\/www.tribunal-nature.org\/blog\/wp-content\/uploads\/2024\/01\/Sur-internet-lavocat-de-Cedric-Jubillar-reclame-la-fin.png","articleSection":["Droit De L'Environnement:"],"inLanguage":"fr-FR"},{"@type":"WebPage","@id":"https:\/\/www.tribunal-nature.org\/blog\/a-voir-lavocat-de-lacteur-assure-que-son-discernement-nest-en-aucun-cas-aboli\/","url":"https:\/\/www.tribunal-nature.org\/blog\/a-voir-lavocat-de-lacteur-assure-que-son-discernement-nest-en-aucun-cas-aboli\/","name":"A voir : l\u2019avocat de l\u2019acteur assure que son discernement \u00ab\u00a0n\u2019est en aucun cas aboli\u00a0\u00bb - TRIBUNAL-NATURE","isPartOf":{"@id":"https:\/\/www.tribunal-nature.org\/blog\/#website"},"primaryImageOfPage":{"@id":"https:\/\/www.tribunal-nature.org\/blog\/a-voir-lavocat-de-lacteur-assure-que-son-discernement-nest-en-aucun-cas-aboli\/#primaryimage"},"image":{"@id":"https:\/\/www.tribunal-nature.org\/blog\/a-voir-lavocat-de-lacteur-assure-que-son-discernement-nest-en-aucun-cas-aboli\/#primaryimage"},"thumbnailUrl":"https:\/\/www.tribunal-nature.org\/blog\/wp-content\/uploads\/2024\/01\/Sur-internet-lavocat-de-Cedric-Jubillar-reclame-la-fin.png","datePublished":"2024-01-15T23:55:09+00:00","description":"A voir : l\u2019avocat de l\u2019acteur assure que son discernement \u00ab\u00a0n\u2019est en aucun cas aboli\u00a0\u00bb article de TRIBUNAL-NATURE","breadcrumb":{"@id":"https:\/\/www.tribunal-nature.org\/blog\/a-voir-lavocat-de-lacteur-assure-que-son-discernement-nest-en-aucun-cas-aboli\/#breadcrumb"},"inLanguage":"fr-FR","potentialAction":[{"@type":"ReadAction","target":["https:\/\/www.tribunal-nature.org\/blog\/a-voir-lavocat-de-lacteur-assure-que-son-discernement-nest-en-aucun-cas-aboli\/"]}]},{"@type":"ImageObject","inLanguage":"fr-FR","@id":"https:\/\/www.tribunal-nature.org\/blog\/a-voir-lavocat-de-lacteur-assure-que-son-discernement-nest-en-aucun-cas-aboli\/#primaryimage","url":"https:\/\/www.tribunal-nature.org\/blog\/wp-content\/uploads\/2024\/01\/Sur-internet-lavocat-de-Cedric-Jubillar-reclame-la-fin.png","contentUrl":"https:\/\/www.tribunal-nature.org\/blog\/wp-content\/uploads\/2024\/01\/Sur-internet-lavocat-de-Cedric-Jubillar-reclame-la-fin.png","width":130,"height":130,"caption":"Sur internet lavocat de Cedric Jubillar reclame la fin"},{"@type":"BreadcrumbList","@id":"https:\/\/www.tribunal-nature.org\/blog\/a-voir-lavocat-de-lacteur-assure-que-son-discernement-nest-en-aucun-cas-aboli\/#breadcrumb","itemListElement":[{"@type":"ListItem","position":1,"name":"Accueil","item":"https:\/\/www.tribunal-nature.org\/blog\/"},{"@type":"ListItem","position":2,"name":"A voir : l\u2019avocat de l\u2019acteur assure que son discernement \u00ab\u00a0n\u2019est en aucun cas aboli\u00a0\u00bb"}]},{"@type":"WebSite","@id":"https:\/\/www.tribunal-nature.org\/blog\/#website","url":"https:\/\/www.tribunal-nature.org\/blog\/","name":"TRIBUNAL-NATURE","description":"Droit De L&#039;Environnement.","publisher":{"@id":"https:\/\/www.tribunal-nature.org\/blog\/#organization"},"potentialAction":[{"@type":"SearchAction","target":{"@type":"EntryPoint","urlTemplate":"https:\/\/www.tribunal-nature.org\/blog\/?s={search_term_string}"},"query-input":{"@type":"PropertyValueSpecification","valueRequired":true,"valueName":"search_term_string"}}],"inLanguage":"fr-FR"},{"@type":"Organization","@id":"https:\/\/www.tribunal-nature.org\/blog\/#organization","name":"tribunal-nature","url":"https:\/\/www.tribunal-nature.org\/blog\/","logo":{"@type":"ImageObject","inLanguage":"fr-FR","@id":"https:\/\/www.tribunal-nature.org\/blog\/#\/schema\/logo\/image\/","url":"https:\/\/www.tribunal-nature.org\/blog\/wp-content\/uploads\/2022\/05\/logo-2.png","contentUrl":"https:\/\/www.tribunal-nature.org\/blog\/wp-content\/uploads\/2022\/05\/logo-2.png","width":180,"height":180,"caption":"tribunal-nature"},"image":{"@id":"https:\/\/www.tribunal-nature.org\/blog\/#\/schema\/logo\/image\/"}},{"@type":"Person","@id":"https:\/\/www.tribunal-nature.org\/blog\/#\/schema\/person\/55761caf7544da6b05b60523f2a0855f","name":"Isabelle LOUBEAU","image":{"@type":"ImageObject","inLanguage":"fr-FR","@id":"https:\/\/secure.gravatar.com\/avatar\/b6912620aca78633bf5d50400888815d3b38a1118e82b94050843f411f3f5972?s=96&d=mm&r=g","url":"https:\/\/secure.gravatar.com\/avatar\/b6912620aca78633bf5d50400888815d3b38a1118e82b94050843f411f3f5972?s=96&d=mm&r=g","contentUrl":"https:\/\/secure.gravatar.com\/avatar\/b6912620aca78633bf5d50400888815d3b38a1118e82b94050843f411f3f5972?s=96&d=mm&r=g","caption":"Isabelle LOUBEAU"},"url":"https:\/\/www.tribunal-nature.org\/blog\/author\/ureisabelle\/"}]}},"_links":{"self":[{"href":"https:\/\/www.tribunal-nature.org\/blog\/wp-json\/wp\/v2\/posts\/894","targetHints":{"allow":["GET"]}}],"collection":[{"href":"https:\/\/www.tribunal-nature.org\/blog\/wp-json\/wp\/v2\/posts"}],"about":[{"href":"https:\/\/www.tribunal-nature.org\/blog\/wp-json\/wp\/v2\/types\/post"}],"author":[{"embeddable":true,"href":"https:\/\/www.tribunal-nature.org\/blog\/wp-json\/wp\/v2\/users\/3"}],"replies":[{"embeddable":true,"href":"https:\/\/www.tribunal-nature.org\/blog\/wp-json\/wp\/v2\/comments?post=894"}],"version-history":[{"count":0,"href":"https:\/\/www.tribunal-nature.org\/blog\/wp-json\/wp\/v2\/posts\/894\/revisions"}],"wp:featuredmedia":[{"embeddable":true,"href":"https:\/\/www.tribunal-nature.org\/blog\/wp-json\/wp\/v2\/media\/895"}],"wp:attachment":[{"href":"https:\/\/www.tribunal-nature.org\/blog\/wp-json\/wp\/v2\/media?parent=894"}],"wp:term":[{"taxonomy":"category","embeddable":true,"href":"https:\/\/www.tribunal-nature.org\/blog\/wp-json\/wp\/v2\/categories?post=894"},{"taxonomy":"post_tag","embeddable":true,"href":"https:\/\/www.tribunal-nature.org\/blog\/wp-json\/wp\/v2\/tags?post=894"}],"curies":[{"name":"wp","href":"https:\/\/api.w.org\/{rel}","templated":true}]}}