{"id":869,"date":"2023-12-18T12:18:03","date_gmt":"2023-12-18T11:18:03","guid":{"rendered":"https:\/\/www.tribunal-nature.org\/blog\/a-retenir-voix-emblematique-de-france-inter-et-president-du-tribunal-des-flagrants-delires-claude-villers-est-mort-liberation\/"},"modified":"2023-12-18T12:18:03","modified_gmt":"2023-12-18T11:18:03","slug":"a-retenir-voix-emblematique-de-france-inter-et-president-du-tribunal-des-flagrants-delires-claude-villers-est-mort-liberation","status":"publish","type":"post","link":"https:\/\/www.tribunal-nature.org\/blog\/a-retenir-voix-emblematique-de-france-inter-et-president-du-tribunal-des-flagrants-delires-claude-villers-est-mort-liberation\/","title":{"rendered":"A retenir   : Voix embl\u00e9matique de France Inter et pr\u00e9sident du \u00abTribunal des flagrants d\u00e9lires\u00bb, Claude Villers est mort \u2013 Lib\u00e9ration"},"content":{"rendered":"<div>\n<p>Voici un article que notre staff est heureuse de r\u00e9v\u00e9ler ici sur notre site.  La th\u00e9matique est \u00ab\u00a0la justice\u00a0\u00bb.<br \/>\nLe titre  (Voix embl\u00e9matique de France Inter et pr\u00e9sident du \u00abTribunal des flagrants d\u00e9lires\u00bb, Claude Villers est mort \u2013 Lib\u00e9ration) en dit long.<\/p>\n<p> Annonc\u00e9 sous le nom \u00abd\u2019anonymat<br \/>\n\u00bb, l\u2019auteur est reconnu comme quelqu\u2019un de s\u00e9rieux pour plusieurs autres encarts qu\u2019il a publi\u00e9s sur internet.<\/p>\n<p>Les r\u00e9v\u00e9lations communiqu\u00e9es sont en cons\u00e9quence r\u00e9put\u00e9es conformes.<\/p>\n<p>Sachez que la date d\u2019\u00e9dition est 2023-12-17 23:52:00.<\/p>\n<p>Texte  : <\/p>\n<div><span class=\"TypologyArticle__BlockSubHeadline-sc-1vro4tp-4 bHYlQv\">Nasillarde et limpide, sa voix \u00e9tait reconnaissable entre toutes. Celui qui fut le plus jeune journaliste de France avant de devenir le pr\u00e9sident du \u00abTribunal des flagrants d\u00e9lires\u00bb s\u2019est \u00e9teint \u00e0 79 ans. <\/span><\/div>\n<div id=\"\">\n<p class=\"article_link\"><i>\u00abL\u2019esprit de France Inter ? C\u2019\u00e9tait lui.\u00bb<\/i> Salu\u00e9 par la directrice de la radio publique, Ad\u00e8le Van Reeth, Claude Villers, pr\u00e9sident de la c\u00e9l\u00e8bre \u00e9mission satirique du <i>Tribunal des flagrants d\u00e9lires<\/i> \u00e0 la voix reconnaissable entre toutes, est mort samedi 16 d\u00e9cembre \u00e0 79 ans.<\/p>\n<p class=\"article_link\">Il est mort dans un centre de convalescence de Mussidan, en Dordogne, o\u00f9 il s\u00e9journait apr\u00e8s avoir subi plusieurs op\u00e9rations, selon <i>Sud-Ouest.<\/i> Il vivait non loin \u00e0 Pessac-sur-Dordogne, en Gironde, pr\u00e9cise le journal.<\/p>\n<p class=\"article_link\"><i>\u00abJournaliste, auteur, animateur, producteur, il aura exerc\u00e9 dans tous les registres\u00bb, <\/i>d\u00e9crit sur son site France Inter, radio o\u00f9 il aura pass\u00e9 <i>\u00abplus de quarante ann\u00e9es au micro\u00bb. <\/i>L\u2019homme restera connu pour sa prestation dans l\u2019\u00e9mission le <i>Tribunal des flagrants d\u00e9lires<\/i>, qu\u2019il pr\u00e9senta entre 1980 et 1983, aux c\u00f4t\u00e9s de ses complices humoristes Pierre Desproges et Luis Rego.<\/p>\n<p class=\"article_link\">Claude Villers devient <i>\u00able plus jeune journaliste <\/i><i>de France en 1962 en obtenant, l\u2019ann\u00e9e de ses 18 ans, sa premi\u00e8re carte de presse\u00bb, <\/i>d\u00e9veloppe la station. Il se souviendra, aupr\u00e8s de l\u2019AFP en 2004, avoir v\u00e9cu plein de vies avant le journalisme, d\u00e9butant tr\u00e8s jeune comme catcheur, sous le pseudonyme de <i>\u00abl\u2019homme au masque de soie\u00bb.<\/i> Pr\u00e9c\u00e9demment, il avait abandonn\u00e9 un emploi au Cr\u00e9dit Lyonnais apr\u00e8s s\u2019\u00eatre enfui de chez ses parents \u00e0 14 ans.<\/p>\n<p class=\"article_link\">A France Inter, il fera partie de l\u2019aventure du <i>Pop Club<\/i>, o\u00f9 il fait \u00e9quipe avec Jos\u00e9 Artur, qu\u2019il appelait son<i> \u00abma\u00eetre en radio\u00bb. <\/i>Ce ne sera que la premi\u00e8re d\u2019une s\u00e9rie d\u2019\u00e9missions, de <i>Marche ou r\u00eave<\/i> jusqu\u2019\u00e0 <i>Je vous \u00e9cris du plus lointain de mes r\u00eaves,<\/i> pour la plupart rest\u00e9es dans les m\u00e9moires. Mais il y aura aussi un s\u00e9jour am\u00e9ricain, dans les bureaux de France Inter \u00e0 New York, qu\u2019il occupera de 1968 \u00e0 1971. Et c\u2019est le <i>Tribunal des flagrants d\u00e9lires<\/i> qui marquera durablement les esprits.<\/p>\n<p class=\"article_link\">La directrice de France Inter, Ad\u00e8le Van Reeth, a salu\u00e9 sa m\u00e9moire sur ses r\u00e9seaux sociaux : <i>\u00abLe <\/i>Tribunal des flagrants d\u00e9lires<i> ? C\u2019\u00e9tait lui. La satire, l\u2019humour, l\u2019intelligence, la voix\u2026 C\u2019\u00e9tait lui.\u00bb \u00abL\u2019esprit de France Inter ? C\u2019\u00e9tait lui ! Claude Villers vient de nous quitter. Nous continuerons \u00e0 ch\u00e9rir son h\u00e9ritage\u00bb, <\/i>a conclu la dirigeante.<\/p>\n<\/div>\n<p>Ouvrages sur le m\u00eame propos:<\/p>\n<p>Dictionnaire amoureux de la justice,<a target=\"_blank\" rel=\"nofollow\" href=\"https:\/\/www.tribunal-nature.org\/blog\/goto\/https:\/\/booknode.com\/dictionnaire_amoureux_de_la_justice_030632\"  target=\"_blank\" rel=\"noopener noreferrer nofollow\">Le livre <\/a><span><\/span>.<\/p>\n<p>La Justice en France,<a target=\"_blank\" rel=\"nofollow\" href=\"https:\/\/www.tribunal-nature.org\/blog\/goto\/https:\/\/www.kobo.com\/fr\/fr\/ebook\/la-justice-en-france\"  target=\"_blank\" rel=\"noopener noreferrer nofollow\">A voir et \u00e0 lire. <\/a><span><\/span>. Disponible sur internet.<\/p>\n<p>Valeurs et justice,<a target=\"_blank\" rel=\"nofollow\" href=\"https:\/\/www.tribunal-nature.org\/blog\/goto\/https:\/\/www.kobo.com\/fr\/fr\/ebook\/valeurs-et-justice\"  target=\"_blank\" rel=\"noopener noreferrer nofollow\">A voir et \u00e0 lire. <\/a><span><\/span>. Disponible sur internet.<\/p>\n<\/div>\n","protected":false},"excerpt":{"rendered":"<p>Voici un article que notre staff est heureuse de r\u00e9v\u00e9ler ici sur notre site. La th\u00e9matique est \u00ab\u00a0la justice\u00a0\u00bb. Le&#8230;<\/p>\n","protected":false},"author":3,"featured_media":0,"comment_status":"closed","ping_status":"closed","sticky":false,"template":"","format":"standard","meta":{"footnotes":""},"categories":[2],"tags":[],"class_list":["post-869","post","type-post","status-publish","format-standard","hentry","category-droit-de-lenvironnement","wpcat-2-id"],"yoast_head":"<!-- This site is optimized with the Yoast SEO plugin v27.5 - https:\/\/yoast.com\/product\/yoast-seo-wordpress\/ -->\n<title>A retenir  : Voix embl\u00e9matique de France Inter et pr\u00e9sident du \u00abTribunal des flagrants d\u00e9lires\u00bb, Claude Villers est mort \u2013 Lib\u00e9ration - TRIBUNAL-NATURE<\/title>\n<meta name=\"description\" content=\"A retenir  : Voix embl\u00e9matique de France Inter et pr\u00e9sident du \u00abTribunal des flagrants d\u00e9lires\u00bb, Claude Villers est mort \u2013 Lib\u00e9ration article de TRIBUNAL-NATURE\" \/>\n<meta name=\"robots\" content=\"index, follow, max-snippet:-1, max-image-preview:large, max-video-preview:-1\" \/>\n<link rel=\"canonical\" href=\"https:\/\/www.tribunal-nature.org\/blog\/a-retenir-voix-emblematique-de-france-inter-et-president-du-tribunal-des-flagrants-delires-claude-villers-est-mort-liberation\/\" \/>\n<meta property=\"og:locale\" content=\"fr_FR\" \/>\n<meta property=\"og:type\" content=\"article\" \/>\n<meta property=\"og:title\" content=\"A retenir  : Voix embl\u00e9matique de France Inter et pr\u00e9sident du \u00abTribunal des flagrants d\u00e9lires\u00bb, Claude Villers est mort \u2013 Lib\u00e9ration - TRIBUNAL-NATURE\" \/>\n<meta property=\"og:description\" content=\"A retenir  : Voix embl\u00e9matique de France Inter et pr\u00e9sident du \u00abTribunal des flagrants d\u00e9lires\u00bb, Claude Villers est mort \u2013 Lib\u00e9ration article de TRIBUNAL-NATURE\" \/>\n<meta property=\"og:url\" content=\"https:\/\/www.tribunal-nature.org\/blog\/a-retenir-voix-emblematique-de-france-inter-et-president-du-tribunal-des-flagrants-delires-claude-villers-est-mort-liberation\/\" \/>\n<meta property=\"og:site_name\" content=\"TRIBUNAL-NATURE\" \/>\n<meta property=\"article:published_time\" content=\"2023-12-18T11:18:03+00:00\" \/>\n<meta name=\"author\" content=\"Isabelle LOUBEAU\" \/>\n<meta name=\"twitter:card\" content=\"summary_large_image\" \/>\n<meta name=\"twitter:label1\" content=\"\u00c9crit par\" \/>\n\t<meta name=\"twitter:data1\" content=\"Isabelle LOUBEAU\" \/>\n\t<meta name=\"twitter:label2\" content=\"Dur\u00e9e de lecture estim\u00e9e\" \/>\n\t<meta name=\"twitter:data2\" content=\"3 minutes\" \/>\n<script type=\"application\/ld+json\" class=\"yoast-schema-graph\">{\"@context\":\"https:\\\/\\\/schema.org\",\"@graph\":[{\"@type\":\"Article\",\"@id\":\"https:\\\/\\\/www.tribunal-nature.org\\\/blog\\\/a-retenir-voix-emblematique-de-france-inter-et-president-du-tribunal-des-flagrants-delires-claude-villers-est-mort-liberation\\\/#article\",\"isPartOf\":{\"@id\":\"https:\\\/\\\/www.tribunal-nature.org\\\/blog\\\/a-retenir-voix-emblematique-de-france-inter-et-president-du-tribunal-des-flagrants-delires-claude-villers-est-mort-liberation\\\/\"},\"author\":{\"name\":\"Isabelle LOUBEAU\",\"@id\":\"https:\\\/\\\/www.tribunal-nature.org\\\/blog\\\/#\\\/schema\\\/person\\\/55761caf7544da6b05b60523f2a0855f\"},\"headline\":\"A retenir : Voix embl\u00e9matique de France Inter et pr\u00e9sident du \u00abTribunal des flagrants d\u00e9lires\u00bb, Claude Villers est mort \u2013 Lib\u00e9ration\",\"datePublished\":\"2023-12-18T11:18:03+00:00\",\"mainEntityOfPage\":{\"@id\":\"https:\\\/\\\/www.tribunal-nature.org\\\/blog\\\/a-retenir-voix-emblematique-de-france-inter-et-president-du-tribunal-des-flagrants-delires-claude-villers-est-mort-liberation\\\/\"},\"wordCount\":589,\"publisher\":{\"@id\":\"https:\\\/\\\/www.tribunal-nature.org\\\/blog\\\/#organization\"},\"articleSection\":[\"Droit De L'Environnement:\"],\"inLanguage\":\"fr-FR\"},{\"@type\":\"WebPage\",\"@id\":\"https:\\\/\\\/www.tribunal-nature.org\\\/blog\\\/a-retenir-voix-emblematique-de-france-inter-et-president-du-tribunal-des-flagrants-delires-claude-villers-est-mort-liberation\\\/\",\"url\":\"https:\\\/\\\/www.tribunal-nature.org\\\/blog\\\/a-retenir-voix-emblematique-de-france-inter-et-president-du-tribunal-des-flagrants-delires-claude-villers-est-mort-liberation\\\/\",\"name\":\"A retenir : Voix embl\u00e9matique de France Inter et pr\u00e9sident du \u00abTribunal des flagrants d\u00e9lires\u00bb, Claude Villers est mort \u2013 Lib\u00e9ration - TRIBUNAL-NATURE\",\"isPartOf\":{\"@id\":\"https:\\\/\\\/www.tribunal-nature.org\\\/blog\\\/#website\"},\"datePublished\":\"2023-12-18T11:18:03+00:00\",\"description\":\"A retenir : Voix embl\u00e9matique de France Inter et pr\u00e9sident du \u00abTribunal des flagrants d\u00e9lires\u00bb, Claude Villers est mort \u2013 Lib\u00e9ration article de TRIBUNAL-NATURE\",\"breadcrumb\":{\"@id\":\"https:\\\/\\\/www.tribunal-nature.org\\\/blog\\\/a-retenir-voix-emblematique-de-france-inter-et-president-du-tribunal-des-flagrants-delires-claude-villers-est-mort-liberation\\\/#breadcrumb\"},\"inLanguage\":\"fr-FR\",\"potentialAction\":[{\"@type\":\"ReadAction\",\"target\":[\"https:\\\/\\\/www.tribunal-nature.org\\\/blog\\\/a-retenir-voix-emblematique-de-france-inter-et-president-du-tribunal-des-flagrants-delires-claude-villers-est-mort-liberation\\\/\"]}]},{\"@type\":\"BreadcrumbList\",\"@id\":\"https:\\\/\\\/www.tribunal-nature.org\\\/blog\\\/a-retenir-voix-emblematique-de-france-inter-et-president-du-tribunal-des-flagrants-delires-claude-villers-est-mort-liberation\\\/#breadcrumb\",\"itemListElement\":[{\"@type\":\"ListItem\",\"position\":1,\"name\":\"Accueil\",\"item\":\"https:\\\/\\\/www.tribunal-nature.org\\\/blog\\\/\"},{\"@type\":\"ListItem\",\"position\":2,\"name\":\"A retenir : Voix embl\u00e9matique de France Inter et pr\u00e9sident du \u00abTribunal des flagrants d\u00e9lires\u00bb, Claude Villers est mort \u2013 Lib\u00e9ration\"}]},{\"@type\":\"WebSite\",\"@id\":\"https:\\\/\\\/www.tribunal-nature.org\\\/blog\\\/#website\",\"url\":\"https:\\\/\\\/www.tribunal-nature.org\\\/blog\\\/\",\"name\":\"TRIBUNAL-NATURE\",\"description\":\"Droit De L&#039;Environnement.\",\"publisher\":{\"@id\":\"https:\\\/\\\/www.tribunal-nature.org\\\/blog\\\/#organization\"},\"potentialAction\":[{\"@type\":\"SearchAction\",\"target\":{\"@type\":\"EntryPoint\",\"urlTemplate\":\"https:\\\/\\\/www.tribunal-nature.org\\\/blog\\\/?s={search_term_string}\"},\"query-input\":{\"@type\":\"PropertyValueSpecification\",\"valueRequired\":true,\"valueName\":\"search_term_string\"}}],\"inLanguage\":\"fr-FR\"},{\"@type\":\"Organization\",\"@id\":\"https:\\\/\\\/www.tribunal-nature.org\\\/blog\\\/#organization\",\"name\":\"tribunal-nature\",\"url\":\"https:\\\/\\\/www.tribunal-nature.org\\\/blog\\\/\",\"logo\":{\"@type\":\"ImageObject\",\"inLanguage\":\"fr-FR\",\"@id\":\"https:\\\/\\\/www.tribunal-nature.org\\\/blog\\\/#\\\/schema\\\/logo\\\/image\\\/\",\"url\":\"https:\\\/\\\/www.tribunal-nature.org\\\/blog\\\/wp-content\\\/uploads\\\/2022\\\/05\\\/logo-2.png\",\"contentUrl\":\"https:\\\/\\\/www.tribunal-nature.org\\\/blog\\\/wp-content\\\/uploads\\\/2022\\\/05\\\/logo-2.png\",\"width\":180,\"height\":180,\"caption\":\"tribunal-nature\"},\"image\":{\"@id\":\"https:\\\/\\\/www.tribunal-nature.org\\\/blog\\\/#\\\/schema\\\/logo\\\/image\\\/\"}},{\"@type\":\"Person\",\"@id\":\"https:\\\/\\\/www.tribunal-nature.org\\\/blog\\\/#\\\/schema\\\/person\\\/55761caf7544da6b05b60523f2a0855f\",\"name\":\"Isabelle LOUBEAU\",\"image\":{\"@type\":\"ImageObject\",\"inLanguage\":\"fr-FR\",\"@id\":\"https:\\\/\\\/secure.gravatar.com\\\/avatar\\\/b6912620aca78633bf5d50400888815d3b38a1118e82b94050843f411f3f5972?s=96&d=mm&r=g\",\"url\":\"https:\\\/\\\/secure.gravatar.com\\\/avatar\\\/b6912620aca78633bf5d50400888815d3b38a1118e82b94050843f411f3f5972?s=96&d=mm&r=g\",\"contentUrl\":\"https:\\\/\\\/secure.gravatar.com\\\/avatar\\\/b6912620aca78633bf5d50400888815d3b38a1118e82b94050843f411f3f5972?s=96&d=mm&r=g\",\"caption\":\"Isabelle LOUBEAU\"},\"url\":\"https:\\\/\\\/www.tribunal-nature.org\\\/blog\\\/author\\\/ureisabelle\\\/\"}]}<\/script>\n<!-- \/ Yoast SEO plugin. -->","yoast_head_json":{"title":"A retenir  : Voix embl\u00e9matique de France Inter et pr\u00e9sident du \u00abTribunal des flagrants d\u00e9lires\u00bb, Claude Villers est mort \u2013 Lib\u00e9ration - TRIBUNAL-NATURE","description":"A retenir  : Voix embl\u00e9matique de France Inter et pr\u00e9sident du \u00abTribunal des flagrants d\u00e9lires\u00bb, Claude Villers est mort \u2013 Lib\u00e9ration article de TRIBUNAL-NATURE","robots":{"index":"index","follow":"follow","max-snippet":"max-snippet:-1","max-image-preview":"max-image-preview:large","max-video-preview":"max-video-preview:-1"},"canonical":"https:\/\/www.tribunal-nature.org\/blog\/a-retenir-voix-emblematique-de-france-inter-et-president-du-tribunal-des-flagrants-delires-claude-villers-est-mort-liberation\/","og_locale":"fr_FR","og_type":"article","og_title":"A retenir  : Voix embl\u00e9matique de France Inter et pr\u00e9sident du \u00abTribunal des flagrants d\u00e9lires\u00bb, Claude Villers est mort \u2013 Lib\u00e9ration - TRIBUNAL-NATURE","og_description":"A retenir  : Voix embl\u00e9matique de France Inter et pr\u00e9sident du \u00abTribunal des flagrants d\u00e9lires\u00bb, Claude Villers est mort \u2013 Lib\u00e9ration article de TRIBUNAL-NATURE","og_url":"https:\/\/www.tribunal-nature.org\/blog\/a-retenir-voix-emblematique-de-france-inter-et-president-du-tribunal-des-flagrants-delires-claude-villers-est-mort-liberation\/","og_site_name":"TRIBUNAL-NATURE","article_published_time":"2023-12-18T11:18:03+00:00","author":"Isabelle LOUBEAU","twitter_card":"summary_large_image","twitter_misc":{"\u00c9crit par":"Isabelle LOUBEAU","Dur\u00e9e de lecture estim\u00e9e":"3 minutes"},"schema":{"@context":"https:\/\/schema.org","@graph":[{"@type":"Article","@id":"https:\/\/www.tribunal-nature.org\/blog\/a-retenir-voix-emblematique-de-france-inter-et-president-du-tribunal-des-flagrants-delires-claude-villers-est-mort-liberation\/#article","isPartOf":{"@id":"https:\/\/www.tribunal-nature.org\/blog\/a-retenir-voix-emblematique-de-france-inter-et-president-du-tribunal-des-flagrants-delires-claude-villers-est-mort-liberation\/"},"author":{"name":"Isabelle LOUBEAU","@id":"https:\/\/www.tribunal-nature.org\/blog\/#\/schema\/person\/55761caf7544da6b05b60523f2a0855f"},"headline":"A retenir : Voix embl\u00e9matique de France Inter et pr\u00e9sident du \u00abTribunal des flagrants d\u00e9lires\u00bb, Claude Villers est mort \u2013 Lib\u00e9ration","datePublished":"2023-12-18T11:18:03+00:00","mainEntityOfPage":{"@id":"https:\/\/www.tribunal-nature.org\/blog\/a-retenir-voix-emblematique-de-france-inter-et-president-du-tribunal-des-flagrants-delires-claude-villers-est-mort-liberation\/"},"wordCount":589,"publisher":{"@id":"https:\/\/www.tribunal-nature.org\/blog\/#organization"},"articleSection":["Droit De L'Environnement:"],"inLanguage":"fr-FR"},{"@type":"WebPage","@id":"https:\/\/www.tribunal-nature.org\/blog\/a-retenir-voix-emblematique-de-france-inter-et-president-du-tribunal-des-flagrants-delires-claude-villers-est-mort-liberation\/","url":"https:\/\/www.tribunal-nature.org\/blog\/a-retenir-voix-emblematique-de-france-inter-et-president-du-tribunal-des-flagrants-delires-claude-villers-est-mort-liberation\/","name":"A retenir : Voix embl\u00e9matique de France Inter et pr\u00e9sident du \u00abTribunal des flagrants d\u00e9lires\u00bb, Claude Villers est mort \u2013 Lib\u00e9ration - TRIBUNAL-NATURE","isPartOf":{"@id":"https:\/\/www.tribunal-nature.org\/blog\/#website"},"datePublished":"2023-12-18T11:18:03+00:00","description":"A retenir : Voix embl\u00e9matique de France Inter et pr\u00e9sident du \u00abTribunal des flagrants d\u00e9lires\u00bb, Claude Villers est mort \u2013 Lib\u00e9ration article de TRIBUNAL-NATURE","breadcrumb":{"@id":"https:\/\/www.tribunal-nature.org\/blog\/a-retenir-voix-emblematique-de-france-inter-et-president-du-tribunal-des-flagrants-delires-claude-villers-est-mort-liberation\/#breadcrumb"},"inLanguage":"fr-FR","potentialAction":[{"@type":"ReadAction","target":["https:\/\/www.tribunal-nature.org\/blog\/a-retenir-voix-emblematique-de-france-inter-et-president-du-tribunal-des-flagrants-delires-claude-villers-est-mort-liberation\/"]}]},{"@type":"BreadcrumbList","@id":"https:\/\/www.tribunal-nature.org\/blog\/a-retenir-voix-emblematique-de-france-inter-et-president-du-tribunal-des-flagrants-delires-claude-villers-est-mort-liberation\/#breadcrumb","itemListElement":[{"@type":"ListItem","position":1,"name":"Accueil","item":"https:\/\/www.tribunal-nature.org\/blog\/"},{"@type":"ListItem","position":2,"name":"A retenir : Voix embl\u00e9matique de France Inter et pr\u00e9sident du \u00abTribunal des flagrants d\u00e9lires\u00bb, Claude Villers est mort \u2013 Lib\u00e9ration"}]},{"@type":"WebSite","@id":"https:\/\/www.tribunal-nature.org\/blog\/#website","url":"https:\/\/www.tribunal-nature.org\/blog\/","name":"TRIBUNAL-NATURE","description":"Droit De L&#039;Environnement.","publisher":{"@id":"https:\/\/www.tribunal-nature.org\/blog\/#organization"},"potentialAction":[{"@type":"SearchAction","target":{"@type":"EntryPoint","urlTemplate":"https:\/\/www.tribunal-nature.org\/blog\/?s={search_term_string}"},"query-input":{"@type":"PropertyValueSpecification","valueRequired":true,"valueName":"search_term_string"}}],"inLanguage":"fr-FR"},{"@type":"Organization","@id":"https:\/\/www.tribunal-nature.org\/blog\/#organization","name":"tribunal-nature","url":"https:\/\/www.tribunal-nature.org\/blog\/","logo":{"@type":"ImageObject","inLanguage":"fr-FR","@id":"https:\/\/www.tribunal-nature.org\/blog\/#\/schema\/logo\/image\/","url":"https:\/\/www.tribunal-nature.org\/blog\/wp-content\/uploads\/2022\/05\/logo-2.png","contentUrl":"https:\/\/www.tribunal-nature.org\/blog\/wp-content\/uploads\/2022\/05\/logo-2.png","width":180,"height":180,"caption":"tribunal-nature"},"image":{"@id":"https:\/\/www.tribunal-nature.org\/blog\/#\/schema\/logo\/image\/"}},{"@type":"Person","@id":"https:\/\/www.tribunal-nature.org\/blog\/#\/schema\/person\/55761caf7544da6b05b60523f2a0855f","name":"Isabelle LOUBEAU","image":{"@type":"ImageObject","inLanguage":"fr-FR","@id":"https:\/\/secure.gravatar.com\/avatar\/b6912620aca78633bf5d50400888815d3b38a1118e82b94050843f411f3f5972?s=96&d=mm&r=g","url":"https:\/\/secure.gravatar.com\/avatar\/b6912620aca78633bf5d50400888815d3b38a1118e82b94050843f411f3f5972?s=96&d=mm&r=g","contentUrl":"https:\/\/secure.gravatar.com\/avatar\/b6912620aca78633bf5d50400888815d3b38a1118e82b94050843f411f3f5972?s=96&d=mm&r=g","caption":"Isabelle LOUBEAU"},"url":"https:\/\/www.tribunal-nature.org\/blog\/author\/ureisabelle\/"}]}},"_links":{"self":[{"href":"https:\/\/www.tribunal-nature.org\/blog\/wp-json\/wp\/v2\/posts\/869","targetHints":{"allow":["GET"]}}],"collection":[{"href":"https:\/\/www.tribunal-nature.org\/blog\/wp-json\/wp\/v2\/posts"}],"about":[{"href":"https:\/\/www.tribunal-nature.org\/blog\/wp-json\/wp\/v2\/types\/post"}],"author":[{"embeddable":true,"href":"https:\/\/www.tribunal-nature.org\/blog\/wp-json\/wp\/v2\/users\/3"}],"replies":[{"embeddable":true,"href":"https:\/\/www.tribunal-nature.org\/blog\/wp-json\/wp\/v2\/comments?post=869"}],"version-history":[{"count":0,"href":"https:\/\/www.tribunal-nature.org\/blog\/wp-json\/wp\/v2\/posts\/869\/revisions"}],"wp:attachment":[{"href":"https:\/\/www.tribunal-nature.org\/blog\/wp-json\/wp\/v2\/media?parent=869"}],"wp:term":[{"taxonomy":"category","embeddable":true,"href":"https:\/\/www.tribunal-nature.org\/blog\/wp-json\/wp\/v2\/categories?post=869"},{"taxonomy":"post_tag","embeddable":true,"href":"https:\/\/www.tribunal-nature.org\/blog\/wp-json\/wp\/v2\/tags?post=869"}],"curies":[{"name":"wp","href":"https:\/\/api.w.org\/{rel}","templated":true}]}}