{"id":856,"date":"2023-12-06T22:02:32","date_gmt":"2023-12-06T21:02:32","guid":{"rendered":"https:\/\/www.tribunal-nature.org\/blog\/sur-le-web-arrete-avec-une-faucille-a-la-sortie-du-tribunal-de-perigueux-ou-il-venait-detre-juge\/"},"modified":"2023-12-06T22:02:32","modified_gmt":"2023-12-06T21:02:32","slug":"sur-le-web-arrete-avec-une-faucille-a-la-sortie-du-tribunal-de-perigueux-ou-il-venait-detre-juge","status":"publish","type":"post","link":"https:\/\/www.tribunal-nature.org\/blog\/sur-le-web-arrete-avec-une-faucille-a-la-sortie-du-tribunal-de-perigueux-ou-il-venait-detre-juge\/","title":{"rendered":"Sur le web  : Arr\u00eat\u00e9 avec une faucille \u00e0 la sortie du tribunal de P\u00e9rigueux o\u00f9 il venait d\u2019\u00eatre jug\u00e9"},"content":{"rendered":"<div>\n<p>Voici les \u00ab bonnes pages \u00bb d\u2019un \u00ab papier journalistique \u00bb que je viens de rep\u00e9rer sur internet. Le th\u00e8me va v\u00e9ritablement vous satisfaire. Car le propos est \u00ab\u00a0la justice\u00a0\u00bb.<\/p>\n<p>Son titre saisissant (Arr\u00eat\u00e9 avec une faucille \u00e0 la sortie du tribunal de P\u00e9rigueux o\u00f9 il venait d\u2019\u00eatre jug\u00e9) est parlant.<\/p>\n<p>L\u2019\u00e9ditorialiste (annonc\u00e9 sous le nom  d\u2019anonymat<br \/>\n) est reconnu comme quelqu\u2019un de s\u00e9rieux pour plusieurs autres \u00e9ditoriaux qu\u2019il a publi\u00e9s sur internet.<\/p>\n<p>Cet \u00e9ditorial peut donc \u00eatre pris au s\u00e9rieux.<\/p>\n<div>\n<p>Ce mercredi 6\u00a0d\u00e9cembre, vers 17 heures, \u00e0 P\u00e9rigueux (Dordogne), un homme de 34\u00a0ans, dont le casier judiciaire comporte d\u00e9j\u00e0 33\u00a0mentions, a \u00e9t\u00e9 arr\u00eat\u00e9 \u00e0 la sortie\u2026<\/p>\n<\/div>\n<div>\n<p>Ce mercredi 6\u00a0d\u00e9cembre, vers 17 heures, \u00e0 P\u00e9rigueux (Dordogne), un homme de 34\u00a0ans, dont le casier judiciaire comporte d\u00e9j\u00e0 33\u00a0mentions, a \u00e9t\u00e9 arr\u00eat\u00e9 \u00e0 la sortie du tribunal correctionnel en possession d\u2019une petite faucille. Il s\u2019en serait servi pour tenter d\u2019\u00e9chapper \u00e0 la patrouille de police qui a proc\u00e9d\u00e9 \u00e0 son interpellation, blessant au passage l\u2019un des agents.<\/p>\n<p>Au moment des faits, le trentenaire venait tout juste de compara\u00eetre au palais de justice pour des vols en r\u00e9union commis le 2\u00a0janvier 2023. Ce jour-l\u00e0, lui et son complice \u00e9taient partis sans payer d\u2019un supermarch\u00e9 de Tr\u00e9lissac avec un chariot contenant du champagne, du foie gras et des produits typiques des f\u00eates de fin d\u2019ann\u00e9e pour une valeur de 1\u00a0000\u00a0euros.<\/p>\n<h2 class=\"article-subtitle\">Prison ferme<\/h2>\n<p>Il lui \u00e9tait \u00e9galement reproch\u00e9 d\u2019avoir pris le volant, en \u00e9tat d\u2019ivresse et sans permis de conduire, pour se rendre sur les lieux. Pour ces faits, le pr\u00e9venu a \u00e9t\u00e9 relax\u00e9. Son avocate a mis en avant le fait qu\u2019il n\u2019avait pas \u00e9t\u00e9 formellement identifi\u00e9 en train de conduire la voiture.<\/p>\n<p>Le tribunal a condamn\u00e9 cet homme pour les faits de vol \u00e0 quatre mois de prison ferme \u00e0 effectuer sous bracelet \u00e9lectronique. Il \u00e9tait plac\u00e9 en garde \u00e0 vue au commissariat de police de P\u00e9rigueux quand la sanction est tomb\u00e9e.<\/p>\n<\/div>\n<p>Publications:<\/p>\n<p>Crime, justice et lieux communs,<a target=\"_blank\" rel=\"nofollow\" href=\"https:\/\/www.tribunal-nature.org\/blog\/goto\/https:\/\/booknode.com\/crime_justice_et_lieux_communs_02256013\"  target=\"_blank\" rel=\"noopener noreferrer nofollow\">Le livre <\/a><span><\/span>.<\/p>\n<p>Justice,<a target=\"_blank\" rel=\"nofollow\" href=\"https:\/\/www.tribunal-nature.org\/blog\/goto\/https:\/\/www.kobo.com\/fr\/fr\/ebook\/justice-133\"  target=\"_blank\" rel=\"noopener noreferrer nofollow\">A voir et \u00e0 lire. <\/a><span><\/span>.<\/p>\n<p>Soit je gagne, soit j\u2019apprends,<a target=\"_blank\" rel=\"nofollow\" href=\"https:\/\/www.tribunal-nature.org\/blog\/goto\/https:\/\/booknode.com\/soit_je_gagne_soit_japprends_03374794\"  target=\"_blank\" rel=\"noopener noreferrer nofollow\">Le livre <\/a><span><\/span>.<\/p>\n<\/div>\n","protected":false},"excerpt":{"rendered":"<p>Voici les \u00ab bonnes pages \u00bb d\u2019un \u00ab papier journalistique \u00bb que je viens de rep\u00e9rer sur internet. Le th\u00e8me&#8230;<\/p>\n","protected":false},"author":3,"featured_media":0,"comment_status":"closed","ping_status":"closed","sticky":false,"template":"","format":"standard","meta":{"footnotes":""},"categories":[2],"tags":[],"class_list":["post-856","post","type-post","status-publish","format-standard","hentry","category-droit-de-lenvironnement","wpcat-2-id"],"yoast_head":"<!-- This site is optimized with the Yoast SEO plugin v27.5 - https:\/\/yoast.com\/product\/yoast-seo-wordpress\/ -->\n<title>Sur le web : Arr\u00eat\u00e9 avec une faucille \u00e0 la sortie du tribunal de P\u00e9rigueux o\u00f9 il venait d\u2019\u00eatre jug\u00e9 - TRIBUNAL-NATURE<\/title>\n<meta name=\"description\" content=\"Sur le web : Arr\u00eat\u00e9 avec une faucille \u00e0 la sortie du tribunal de P\u00e9rigueux o\u00f9 il venait d\u2019\u00eatre jug\u00e9 article de TRIBUNAL-NATURE\" \/>\n<meta name=\"robots\" content=\"index, follow, max-snippet:-1, max-image-preview:large, max-video-preview:-1\" \/>\n<link rel=\"canonical\" href=\"https:\/\/www.tribunal-nature.org\/blog\/sur-le-web-arrete-avec-une-faucille-a-la-sortie-du-tribunal-de-perigueux-ou-il-venait-detre-juge\/\" \/>\n<meta property=\"og:locale\" content=\"fr_FR\" \/>\n<meta property=\"og:type\" content=\"article\" \/>\n<meta property=\"og:title\" content=\"Sur le web : Arr\u00eat\u00e9 avec une faucille \u00e0 la sortie du tribunal de P\u00e9rigueux o\u00f9 il venait d\u2019\u00eatre jug\u00e9 - TRIBUNAL-NATURE\" \/>\n<meta property=\"og:description\" content=\"Sur le web : Arr\u00eat\u00e9 avec une faucille \u00e0 la sortie du tribunal de P\u00e9rigueux o\u00f9 il venait d\u2019\u00eatre jug\u00e9 article de TRIBUNAL-NATURE\" \/>\n<meta property=\"og:url\" content=\"https:\/\/www.tribunal-nature.org\/blog\/sur-le-web-arrete-avec-une-faucille-a-la-sortie-du-tribunal-de-perigueux-ou-il-venait-detre-juge\/\" \/>\n<meta property=\"og:site_name\" content=\"TRIBUNAL-NATURE\" \/>\n<meta property=\"article:published_time\" content=\"2023-12-06T21:02:32+00:00\" \/>\n<meta name=\"author\" content=\"Isabelle LOUBEAU\" \/>\n<meta name=\"twitter:card\" content=\"summary_large_image\" \/>\n<meta name=\"twitter:label1\" content=\"\u00c9crit par\" \/>\n\t<meta name=\"twitter:data1\" content=\"Isabelle LOUBEAU\" \/>\n\t<meta name=\"twitter:label2\" content=\"Dur\u00e9e de lecture estim\u00e9e\" \/>\n\t<meta name=\"twitter:data2\" content=\"2 minutes\" \/>\n<script type=\"application\/ld+json\" class=\"yoast-schema-graph\">{\"@context\":\"https:\\\/\\\/schema.org\",\"@graph\":[{\"@type\":\"Article\",\"@id\":\"https:\\\/\\\/www.tribunal-nature.org\\\/blog\\\/sur-le-web-arrete-avec-une-faucille-a-la-sortie-du-tribunal-de-perigueux-ou-il-venait-detre-juge\\\/#article\",\"isPartOf\":{\"@id\":\"https:\\\/\\\/www.tribunal-nature.org\\\/blog\\\/sur-le-web-arrete-avec-une-faucille-a-la-sortie-du-tribunal-de-perigueux-ou-il-venait-detre-juge\\\/\"},\"author\":{\"name\":\"Isabelle LOUBEAU\",\"@id\":\"https:\\\/\\\/www.tribunal-nature.org\\\/blog\\\/#\\\/schema\\\/person\\\/55761caf7544da6b05b60523f2a0855f\"},\"headline\":\"Sur le web : Arr\u00eat\u00e9 avec une faucille \u00e0 la sortie du tribunal de P\u00e9rigueux o\u00f9 il venait d\u2019\u00eatre jug\u00e9\",\"datePublished\":\"2023-12-06T21:02:32+00:00\",\"mainEntityOfPage\":{\"@id\":\"https:\\\/\\\/www.tribunal-nature.org\\\/blog\\\/sur-le-web-arrete-avec-une-faucille-a-la-sortie-du-tribunal-de-perigueux-ou-il-venait-detre-juge\\\/\"},\"wordCount\":384,\"publisher\":{\"@id\":\"https:\\\/\\\/www.tribunal-nature.org\\\/blog\\\/#organization\"},\"articleSection\":[\"Droit De L'Environnement:\"],\"inLanguage\":\"fr-FR\"},{\"@type\":\"WebPage\",\"@id\":\"https:\\\/\\\/www.tribunal-nature.org\\\/blog\\\/sur-le-web-arrete-avec-une-faucille-a-la-sortie-du-tribunal-de-perigueux-ou-il-venait-detre-juge\\\/\",\"url\":\"https:\\\/\\\/www.tribunal-nature.org\\\/blog\\\/sur-le-web-arrete-avec-une-faucille-a-la-sortie-du-tribunal-de-perigueux-ou-il-venait-detre-juge\\\/\",\"name\":\"Sur le web : Arr\u00eat\u00e9 avec une faucille \u00e0 la sortie du tribunal de P\u00e9rigueux o\u00f9 il venait d\u2019\u00eatre jug\u00e9 - TRIBUNAL-NATURE\",\"isPartOf\":{\"@id\":\"https:\\\/\\\/www.tribunal-nature.org\\\/blog\\\/#website\"},\"datePublished\":\"2023-12-06T21:02:32+00:00\",\"description\":\"Sur le web : Arr\u00eat\u00e9 avec une faucille \u00e0 la sortie du tribunal de P\u00e9rigueux o\u00f9 il venait d\u2019\u00eatre jug\u00e9 article de TRIBUNAL-NATURE\",\"breadcrumb\":{\"@id\":\"https:\\\/\\\/www.tribunal-nature.org\\\/blog\\\/sur-le-web-arrete-avec-une-faucille-a-la-sortie-du-tribunal-de-perigueux-ou-il-venait-detre-juge\\\/#breadcrumb\"},\"inLanguage\":\"fr-FR\",\"potentialAction\":[{\"@type\":\"ReadAction\",\"target\":[\"https:\\\/\\\/www.tribunal-nature.org\\\/blog\\\/sur-le-web-arrete-avec-une-faucille-a-la-sortie-du-tribunal-de-perigueux-ou-il-venait-detre-juge\\\/\"]}]},{\"@type\":\"BreadcrumbList\",\"@id\":\"https:\\\/\\\/www.tribunal-nature.org\\\/blog\\\/sur-le-web-arrete-avec-une-faucille-a-la-sortie-du-tribunal-de-perigueux-ou-il-venait-detre-juge\\\/#breadcrumb\",\"itemListElement\":[{\"@type\":\"ListItem\",\"position\":1,\"name\":\"Accueil\",\"item\":\"https:\\\/\\\/www.tribunal-nature.org\\\/blog\\\/\"},{\"@type\":\"ListItem\",\"position\":2,\"name\":\"Sur le web : Arr\u00eat\u00e9 avec une faucille \u00e0 la sortie du tribunal de P\u00e9rigueux o\u00f9 il venait d\u2019\u00eatre jug\u00e9\"}]},{\"@type\":\"WebSite\",\"@id\":\"https:\\\/\\\/www.tribunal-nature.org\\\/blog\\\/#website\",\"url\":\"https:\\\/\\\/www.tribunal-nature.org\\\/blog\\\/\",\"name\":\"TRIBUNAL-NATURE\",\"description\":\"Droit De L&#039;Environnement.\",\"publisher\":{\"@id\":\"https:\\\/\\\/www.tribunal-nature.org\\\/blog\\\/#organization\"},\"potentialAction\":[{\"@type\":\"SearchAction\",\"target\":{\"@type\":\"EntryPoint\",\"urlTemplate\":\"https:\\\/\\\/www.tribunal-nature.org\\\/blog\\\/?s={search_term_string}\"},\"query-input\":{\"@type\":\"PropertyValueSpecification\",\"valueRequired\":true,\"valueName\":\"search_term_string\"}}],\"inLanguage\":\"fr-FR\"},{\"@type\":\"Organization\",\"@id\":\"https:\\\/\\\/www.tribunal-nature.org\\\/blog\\\/#organization\",\"name\":\"tribunal-nature\",\"url\":\"https:\\\/\\\/www.tribunal-nature.org\\\/blog\\\/\",\"logo\":{\"@type\":\"ImageObject\",\"inLanguage\":\"fr-FR\",\"@id\":\"https:\\\/\\\/www.tribunal-nature.org\\\/blog\\\/#\\\/schema\\\/logo\\\/image\\\/\",\"url\":\"https:\\\/\\\/www.tribunal-nature.org\\\/blog\\\/wp-content\\\/uploads\\\/2022\\\/05\\\/logo-2.png\",\"contentUrl\":\"https:\\\/\\\/www.tribunal-nature.org\\\/blog\\\/wp-content\\\/uploads\\\/2022\\\/05\\\/logo-2.png\",\"width\":180,\"height\":180,\"caption\":\"tribunal-nature\"},\"image\":{\"@id\":\"https:\\\/\\\/www.tribunal-nature.org\\\/blog\\\/#\\\/schema\\\/logo\\\/image\\\/\"}},{\"@type\":\"Person\",\"@id\":\"https:\\\/\\\/www.tribunal-nature.org\\\/blog\\\/#\\\/schema\\\/person\\\/55761caf7544da6b05b60523f2a0855f\",\"name\":\"Isabelle LOUBEAU\",\"image\":{\"@type\":\"ImageObject\",\"inLanguage\":\"fr-FR\",\"@id\":\"https:\\\/\\\/secure.gravatar.com\\\/avatar\\\/b6912620aca78633bf5d50400888815d3b38a1118e82b94050843f411f3f5972?s=96&d=mm&r=g\",\"url\":\"https:\\\/\\\/secure.gravatar.com\\\/avatar\\\/b6912620aca78633bf5d50400888815d3b38a1118e82b94050843f411f3f5972?s=96&d=mm&r=g\",\"contentUrl\":\"https:\\\/\\\/secure.gravatar.com\\\/avatar\\\/b6912620aca78633bf5d50400888815d3b38a1118e82b94050843f411f3f5972?s=96&d=mm&r=g\",\"caption\":\"Isabelle LOUBEAU\"},\"url\":\"https:\\\/\\\/www.tribunal-nature.org\\\/blog\\\/author\\\/ureisabelle\\\/\"}]}<\/script>\n<!-- \/ Yoast SEO plugin. -->","yoast_head_json":{"title":"Sur le web : Arr\u00eat\u00e9 avec une faucille \u00e0 la sortie du tribunal de P\u00e9rigueux o\u00f9 il venait d\u2019\u00eatre jug\u00e9 - TRIBUNAL-NATURE","description":"Sur le web : Arr\u00eat\u00e9 avec une faucille \u00e0 la sortie du tribunal de P\u00e9rigueux o\u00f9 il venait d\u2019\u00eatre jug\u00e9 article de TRIBUNAL-NATURE","robots":{"index":"index","follow":"follow","max-snippet":"max-snippet:-1","max-image-preview":"max-image-preview:large","max-video-preview":"max-video-preview:-1"},"canonical":"https:\/\/www.tribunal-nature.org\/blog\/sur-le-web-arrete-avec-une-faucille-a-la-sortie-du-tribunal-de-perigueux-ou-il-venait-detre-juge\/","og_locale":"fr_FR","og_type":"article","og_title":"Sur le web : Arr\u00eat\u00e9 avec une faucille \u00e0 la sortie du tribunal de P\u00e9rigueux o\u00f9 il venait d\u2019\u00eatre jug\u00e9 - TRIBUNAL-NATURE","og_description":"Sur le web : Arr\u00eat\u00e9 avec une faucille \u00e0 la sortie du tribunal de P\u00e9rigueux o\u00f9 il venait d\u2019\u00eatre jug\u00e9 article de TRIBUNAL-NATURE","og_url":"https:\/\/www.tribunal-nature.org\/blog\/sur-le-web-arrete-avec-une-faucille-a-la-sortie-du-tribunal-de-perigueux-ou-il-venait-detre-juge\/","og_site_name":"TRIBUNAL-NATURE","article_published_time":"2023-12-06T21:02:32+00:00","author":"Isabelle LOUBEAU","twitter_card":"summary_large_image","twitter_misc":{"\u00c9crit par":"Isabelle LOUBEAU","Dur\u00e9e de lecture estim\u00e9e":"2 minutes"},"schema":{"@context":"https:\/\/schema.org","@graph":[{"@type":"Article","@id":"https:\/\/www.tribunal-nature.org\/blog\/sur-le-web-arrete-avec-une-faucille-a-la-sortie-du-tribunal-de-perigueux-ou-il-venait-detre-juge\/#article","isPartOf":{"@id":"https:\/\/www.tribunal-nature.org\/blog\/sur-le-web-arrete-avec-une-faucille-a-la-sortie-du-tribunal-de-perigueux-ou-il-venait-detre-juge\/"},"author":{"name":"Isabelle LOUBEAU","@id":"https:\/\/www.tribunal-nature.org\/blog\/#\/schema\/person\/55761caf7544da6b05b60523f2a0855f"},"headline":"Sur le web : Arr\u00eat\u00e9 avec une faucille \u00e0 la sortie du tribunal de P\u00e9rigueux o\u00f9 il venait d\u2019\u00eatre jug\u00e9","datePublished":"2023-12-06T21:02:32+00:00","mainEntityOfPage":{"@id":"https:\/\/www.tribunal-nature.org\/blog\/sur-le-web-arrete-avec-une-faucille-a-la-sortie-du-tribunal-de-perigueux-ou-il-venait-detre-juge\/"},"wordCount":384,"publisher":{"@id":"https:\/\/www.tribunal-nature.org\/blog\/#organization"},"articleSection":["Droit De L'Environnement:"],"inLanguage":"fr-FR"},{"@type":"WebPage","@id":"https:\/\/www.tribunal-nature.org\/blog\/sur-le-web-arrete-avec-une-faucille-a-la-sortie-du-tribunal-de-perigueux-ou-il-venait-detre-juge\/","url":"https:\/\/www.tribunal-nature.org\/blog\/sur-le-web-arrete-avec-une-faucille-a-la-sortie-du-tribunal-de-perigueux-ou-il-venait-detre-juge\/","name":"Sur le web : Arr\u00eat\u00e9 avec une faucille \u00e0 la sortie du tribunal de P\u00e9rigueux o\u00f9 il venait d\u2019\u00eatre jug\u00e9 - TRIBUNAL-NATURE","isPartOf":{"@id":"https:\/\/www.tribunal-nature.org\/blog\/#website"},"datePublished":"2023-12-06T21:02:32+00:00","description":"Sur le web : Arr\u00eat\u00e9 avec une faucille \u00e0 la sortie du tribunal de P\u00e9rigueux o\u00f9 il venait d\u2019\u00eatre jug\u00e9 article de TRIBUNAL-NATURE","breadcrumb":{"@id":"https:\/\/www.tribunal-nature.org\/blog\/sur-le-web-arrete-avec-une-faucille-a-la-sortie-du-tribunal-de-perigueux-ou-il-venait-detre-juge\/#breadcrumb"},"inLanguage":"fr-FR","potentialAction":[{"@type":"ReadAction","target":["https:\/\/www.tribunal-nature.org\/blog\/sur-le-web-arrete-avec-une-faucille-a-la-sortie-du-tribunal-de-perigueux-ou-il-venait-detre-juge\/"]}]},{"@type":"BreadcrumbList","@id":"https:\/\/www.tribunal-nature.org\/blog\/sur-le-web-arrete-avec-une-faucille-a-la-sortie-du-tribunal-de-perigueux-ou-il-venait-detre-juge\/#breadcrumb","itemListElement":[{"@type":"ListItem","position":1,"name":"Accueil","item":"https:\/\/www.tribunal-nature.org\/blog\/"},{"@type":"ListItem","position":2,"name":"Sur le web : Arr\u00eat\u00e9 avec une faucille \u00e0 la sortie du tribunal de P\u00e9rigueux o\u00f9 il venait d\u2019\u00eatre jug\u00e9"}]},{"@type":"WebSite","@id":"https:\/\/www.tribunal-nature.org\/blog\/#website","url":"https:\/\/www.tribunal-nature.org\/blog\/","name":"TRIBUNAL-NATURE","description":"Droit De L&#039;Environnement.","publisher":{"@id":"https:\/\/www.tribunal-nature.org\/blog\/#organization"},"potentialAction":[{"@type":"SearchAction","target":{"@type":"EntryPoint","urlTemplate":"https:\/\/www.tribunal-nature.org\/blog\/?s={search_term_string}"},"query-input":{"@type":"PropertyValueSpecification","valueRequired":true,"valueName":"search_term_string"}}],"inLanguage":"fr-FR"},{"@type":"Organization","@id":"https:\/\/www.tribunal-nature.org\/blog\/#organization","name":"tribunal-nature","url":"https:\/\/www.tribunal-nature.org\/blog\/","logo":{"@type":"ImageObject","inLanguage":"fr-FR","@id":"https:\/\/www.tribunal-nature.org\/blog\/#\/schema\/logo\/image\/","url":"https:\/\/www.tribunal-nature.org\/blog\/wp-content\/uploads\/2022\/05\/logo-2.png","contentUrl":"https:\/\/www.tribunal-nature.org\/blog\/wp-content\/uploads\/2022\/05\/logo-2.png","width":180,"height":180,"caption":"tribunal-nature"},"image":{"@id":"https:\/\/www.tribunal-nature.org\/blog\/#\/schema\/logo\/image\/"}},{"@type":"Person","@id":"https:\/\/www.tribunal-nature.org\/blog\/#\/schema\/person\/55761caf7544da6b05b60523f2a0855f","name":"Isabelle LOUBEAU","image":{"@type":"ImageObject","inLanguage":"fr-FR","@id":"https:\/\/secure.gravatar.com\/avatar\/b6912620aca78633bf5d50400888815d3b38a1118e82b94050843f411f3f5972?s=96&d=mm&r=g","url":"https:\/\/secure.gravatar.com\/avatar\/b6912620aca78633bf5d50400888815d3b38a1118e82b94050843f411f3f5972?s=96&d=mm&r=g","contentUrl":"https:\/\/secure.gravatar.com\/avatar\/b6912620aca78633bf5d50400888815d3b38a1118e82b94050843f411f3f5972?s=96&d=mm&r=g","caption":"Isabelle LOUBEAU"},"url":"https:\/\/www.tribunal-nature.org\/blog\/author\/ureisabelle\/"}]}},"_links":{"self":[{"href":"https:\/\/www.tribunal-nature.org\/blog\/wp-json\/wp\/v2\/posts\/856","targetHints":{"allow":["GET"]}}],"collection":[{"href":"https:\/\/www.tribunal-nature.org\/blog\/wp-json\/wp\/v2\/posts"}],"about":[{"href":"https:\/\/www.tribunal-nature.org\/blog\/wp-json\/wp\/v2\/types\/post"}],"author":[{"embeddable":true,"href":"https:\/\/www.tribunal-nature.org\/blog\/wp-json\/wp\/v2\/users\/3"}],"replies":[{"embeddable":true,"href":"https:\/\/www.tribunal-nature.org\/blog\/wp-json\/wp\/v2\/comments?post=856"}],"version-history":[{"count":0,"href":"https:\/\/www.tribunal-nature.org\/blog\/wp-json\/wp\/v2\/posts\/856\/revisions"}],"wp:attachment":[{"href":"https:\/\/www.tribunal-nature.org\/blog\/wp-json\/wp\/v2\/media?parent=856"}],"wp:term":[{"taxonomy":"category","embeddable":true,"href":"https:\/\/www.tribunal-nature.org\/blog\/wp-json\/wp\/v2\/categories?post=856"},{"taxonomy":"post_tag","embeddable":true,"href":"https:\/\/www.tribunal-nature.org\/blog\/wp-json\/wp\/v2\/tags?post=856"}],"curies":[{"name":"wp","href":"https:\/\/api.w.org\/{rel}","templated":true}]}}