{"id":836,"date":"2023-11-15T12:53:54","date_gmt":"2023-11-15T11:53:54","guid":{"rendered":"https:\/\/www.tribunal-nature.org\/blog\/a-decouvrir-forum-des-metiers-au-tribunal-de-compiegne-on-a-envie-que-des-jeunes-du-territoire-embrassent-une-carriere-juridique\/"},"modified":"2023-11-15T12:53:54","modified_gmt":"2023-11-15T11:53:54","slug":"a-decouvrir-forum-des-metiers-au-tribunal-de-compiegne-on-a-envie-que-des-jeunes-du-territoire-embrassent-une-carriere-juridique","status":"publish","type":"post","link":"https:\/\/www.tribunal-nature.org\/blog\/a-decouvrir-forum-des-metiers-au-tribunal-de-compiegne-on-a-envie-que-des-jeunes-du-territoire-embrassent-une-carriere-juridique\/","title":{"rendered":"A d\u00e9couvrir   : Forum des m\u00e9tiers au tribunal de Compi\u00e8gne : \u00ab On a envie que des jeunes du territoire embrassent une carri\u00e8re juridique"},"content":{"rendered":"<div>\n<p>Voil\u00e0 un post que nous sommes heureux de divulguer ici sur notre blog.  La th\u00e9matique est \u00ab\u00a0la justice\u00a0\u00bb.<br \/>\nSon titre s\u00e9duisant (Forum des m\u00e9tiers au tribunal de Compi\u00e8gne : \u00ab On a envie que des jeunes du territoire embrassent une carri\u00e8re juridique) est sans d\u00e9tour.<\/p>\n<p>Sachez que l\u2019\u00e9ditorialiste (annonc\u00e9 sous le nom  d\u2019anonymat<br \/>\n) est reconnu comme quelqu\u2019un de s\u00e9rieux.<\/p>\n<p>Les infos publi\u00e9es sont par cons\u00e9quent per\u00e7ues conformes.<\/p>\n<p>L\u2019article a \u00e9t\u00e9 publi\u00e9 \u00e0 une date mentionn\u00e9e 2023-11-14 23:48:00.<\/p>\n<p>Ce samedi 18 novembre 2023, le tribunal de Compi\u00e8gne reconduit son forum regroupant tous les m\u00e9tiers de la justice. Ce secteur du droit ne se limite pas aux professions d\u2019avocat, greffier ou magistrat \u2026<\/p>\n<p>Bibliographie :<\/p>\n<p>De la justice dans la R\u00e9volution et dans l\u2019\u00c9glise\/Sixi\u00e8me \u00c9tude,<a target=\"_blank\" rel=\"nofollow\" href=\"https:\/\/www.tribunal-nature.org\/blog\/goto\/https:\/\/fr.wikisource.org\/wiki\/De_la_justice_dans_la_R%C3%A9volution_et_dans_l%E2%80%99%C3%89glise\/Sixi%C3%A8me_%C3%89tude\"  target=\"_blank\" rel=\"noopener noreferrer nofollow\">Le livre <\/a><span><\/span>. Disponible dans toutes les bonnes librairies.<\/p>\n<p>La Cour d\u2019assises,<a target=\"_blank\" rel=\"nofollow\" href=\"https:\/\/www.tribunal-nature.org\/blog\/goto\/https:\/\/www.kobo.com\/fr\/fr\/ebook\/la-cour-d-assises-2\"  target=\"_blank\" rel=\"noopener noreferrer nofollow\">Ouvrage <\/a><span><\/span>.<\/p>\n<p>S\u00e9ries t\u00e9l\u00e9 : visions de la justice,<a target=\"_blank\" rel=\"nofollow\" href=\"https:\/\/www.tribunal-nature.org\/blog\/goto\/https:\/\/www.kobo.com\/fr\/fr\/ebook\/series-tele-visions-de-la-justice\"  target=\"_blank\" rel=\"noopener noreferrer nofollow\">Clicker Ici <\/a><span><\/span>. Disponible dans toutes les bonnes biblioth\u00e8ques de votre d\u00e9partement.<\/p>\n<\/div>\n","protected":false},"excerpt":{"rendered":"<p>Voil\u00e0 un post que nous sommes heureux de divulguer ici sur notre blog. La th\u00e9matique est \u00ab\u00a0la justice\u00a0\u00bb. Son titre&#8230;<\/p>\n","protected":false},"author":3,"featured_media":0,"comment_status":"closed","ping_status":"closed","sticky":false,"template":"","format":"standard","meta":{"footnotes":""},"categories":[2],"tags":[],"class_list":["post-836","post","type-post","status-publish","format-standard","hentry","category-droit-de-lenvironnement","wpcat-2-id"],"yoast_head":"<!-- This site is optimized with the Yoast SEO plugin v27.5 - https:\/\/yoast.com\/product\/yoast-seo-wordpress\/ -->\n<title>A d\u00e9couvrir  : Forum des m\u00e9tiers au tribunal de Compi\u00e8gne : \u00ab On a envie que des jeunes du territoire embrassent une carri\u00e8re juridique - TRIBUNAL-NATURE<\/title>\n<meta name=\"description\" content=\"A d\u00e9couvrir  : Forum des m\u00e9tiers au tribunal de Compi\u00e8gne : \u00ab On a envie que des jeunes du territoire embrassent une carri\u00e8re juridique article de TRIBUNAL-NATURE\" \/>\n<meta name=\"robots\" content=\"index, follow, max-snippet:-1, max-image-preview:large, max-video-preview:-1\" \/>\n<link rel=\"canonical\" href=\"https:\/\/www.tribunal-nature.org\/blog\/a-decouvrir-forum-des-metiers-au-tribunal-de-compiegne-on-a-envie-que-des-jeunes-du-territoire-embrassent-une-carriere-juridique\/\" \/>\n<meta property=\"og:locale\" content=\"fr_FR\" \/>\n<meta property=\"og:type\" content=\"article\" \/>\n<meta property=\"og:title\" content=\"A d\u00e9couvrir  : Forum des m\u00e9tiers au tribunal de Compi\u00e8gne : \u00ab On a envie que des jeunes du territoire embrassent une carri\u00e8re juridique - TRIBUNAL-NATURE\" \/>\n<meta property=\"og:description\" content=\"A d\u00e9couvrir  : Forum des m\u00e9tiers au tribunal de Compi\u00e8gne : \u00ab On a envie que des jeunes du territoire embrassent une carri\u00e8re juridique article de TRIBUNAL-NATURE\" \/>\n<meta property=\"og:url\" content=\"https:\/\/www.tribunal-nature.org\/blog\/a-decouvrir-forum-des-metiers-au-tribunal-de-compiegne-on-a-envie-que-des-jeunes-du-territoire-embrassent-une-carriere-juridique\/\" \/>\n<meta property=\"og:site_name\" content=\"TRIBUNAL-NATURE\" \/>\n<meta property=\"article:published_time\" content=\"2023-11-15T11:53:54+00:00\" \/>\n<meta name=\"author\" content=\"Isabelle LOUBEAU\" \/>\n<meta name=\"twitter:card\" content=\"summary_large_image\" \/>\n<meta name=\"twitter:label1\" content=\"\u00c9crit par\" \/>\n\t<meta name=\"twitter:data1\" content=\"Isabelle LOUBEAU\" \/>\n\t<meta name=\"twitter:label2\" content=\"Dur\u00e9e de lecture estim\u00e9e\" \/>\n\t<meta name=\"twitter:data2\" content=\"1 minute\" \/>\n<script type=\"application\/ld+json\" class=\"yoast-schema-graph\">{\"@context\":\"https:\\\/\\\/schema.org\",\"@graph\":[{\"@type\":\"Article\",\"@id\":\"https:\\\/\\\/www.tribunal-nature.org\\\/blog\\\/a-decouvrir-forum-des-metiers-au-tribunal-de-compiegne-on-a-envie-que-des-jeunes-du-territoire-embrassent-une-carriere-juridique\\\/#article\",\"isPartOf\":{\"@id\":\"https:\\\/\\\/www.tribunal-nature.org\\\/blog\\\/a-decouvrir-forum-des-metiers-au-tribunal-de-compiegne-on-a-envie-que-des-jeunes-du-territoire-embrassent-une-carriere-juridique\\\/\"},\"author\":{\"name\":\"Isabelle LOUBEAU\",\"@id\":\"https:\\\/\\\/www.tribunal-nature.org\\\/blog\\\/#\\\/schema\\\/person\\\/55761caf7544da6b05b60523f2a0855f\"},\"headline\":\"A d\u00e9couvrir : Forum des m\u00e9tiers au tribunal de Compi\u00e8gne : \u00ab On a envie que des jeunes du territoire embrassent une carri\u00e8re juridique\",\"datePublished\":\"2023-11-15T11:53:54+00:00\",\"mainEntityOfPage\":{\"@id\":\"https:\\\/\\\/www.tribunal-nature.org\\\/blog\\\/a-decouvrir-forum-des-metiers-au-tribunal-de-compiegne-on-a-envie-que-des-jeunes-du-territoire-embrassent-une-carriere-juridique\\\/\"},\"wordCount\":197,\"publisher\":{\"@id\":\"https:\\\/\\\/www.tribunal-nature.org\\\/blog\\\/#organization\"},\"articleSection\":[\"Droit De L'Environnement:\"],\"inLanguage\":\"fr-FR\"},{\"@type\":\"WebPage\",\"@id\":\"https:\\\/\\\/www.tribunal-nature.org\\\/blog\\\/a-decouvrir-forum-des-metiers-au-tribunal-de-compiegne-on-a-envie-que-des-jeunes-du-territoire-embrassent-une-carriere-juridique\\\/\",\"url\":\"https:\\\/\\\/www.tribunal-nature.org\\\/blog\\\/a-decouvrir-forum-des-metiers-au-tribunal-de-compiegne-on-a-envie-que-des-jeunes-du-territoire-embrassent-une-carriere-juridique\\\/\",\"name\":\"A d\u00e9couvrir : Forum des m\u00e9tiers au tribunal de Compi\u00e8gne : \u00ab On a envie que des jeunes du territoire embrassent une carri\u00e8re juridique - TRIBUNAL-NATURE\",\"isPartOf\":{\"@id\":\"https:\\\/\\\/www.tribunal-nature.org\\\/blog\\\/#website\"},\"datePublished\":\"2023-11-15T11:53:54+00:00\",\"description\":\"A d\u00e9couvrir : Forum des m\u00e9tiers au tribunal de Compi\u00e8gne : \u00ab On a envie que des jeunes du territoire embrassent une carri\u00e8re juridique article de TRIBUNAL-NATURE\",\"breadcrumb\":{\"@id\":\"https:\\\/\\\/www.tribunal-nature.org\\\/blog\\\/a-decouvrir-forum-des-metiers-au-tribunal-de-compiegne-on-a-envie-que-des-jeunes-du-territoire-embrassent-une-carriere-juridique\\\/#breadcrumb\"},\"inLanguage\":\"fr-FR\",\"potentialAction\":[{\"@type\":\"ReadAction\",\"target\":[\"https:\\\/\\\/www.tribunal-nature.org\\\/blog\\\/a-decouvrir-forum-des-metiers-au-tribunal-de-compiegne-on-a-envie-que-des-jeunes-du-territoire-embrassent-une-carriere-juridique\\\/\"]}]},{\"@type\":\"BreadcrumbList\",\"@id\":\"https:\\\/\\\/www.tribunal-nature.org\\\/blog\\\/a-decouvrir-forum-des-metiers-au-tribunal-de-compiegne-on-a-envie-que-des-jeunes-du-territoire-embrassent-une-carriere-juridique\\\/#breadcrumb\",\"itemListElement\":[{\"@type\":\"ListItem\",\"position\":1,\"name\":\"Accueil\",\"item\":\"https:\\\/\\\/www.tribunal-nature.org\\\/blog\\\/\"},{\"@type\":\"ListItem\",\"position\":2,\"name\":\"A d\u00e9couvrir : Forum des m\u00e9tiers au tribunal de Compi\u00e8gne : \u00ab On a envie que des jeunes du territoire embrassent une carri\u00e8re juridique\"}]},{\"@type\":\"WebSite\",\"@id\":\"https:\\\/\\\/www.tribunal-nature.org\\\/blog\\\/#website\",\"url\":\"https:\\\/\\\/www.tribunal-nature.org\\\/blog\\\/\",\"name\":\"TRIBUNAL-NATURE\",\"description\":\"Droit De L&#039;Environnement.\",\"publisher\":{\"@id\":\"https:\\\/\\\/www.tribunal-nature.org\\\/blog\\\/#organization\"},\"potentialAction\":[{\"@type\":\"SearchAction\",\"target\":{\"@type\":\"EntryPoint\",\"urlTemplate\":\"https:\\\/\\\/www.tribunal-nature.org\\\/blog\\\/?s={search_term_string}\"},\"query-input\":{\"@type\":\"PropertyValueSpecification\",\"valueRequired\":true,\"valueName\":\"search_term_string\"}}],\"inLanguage\":\"fr-FR\"},{\"@type\":\"Organization\",\"@id\":\"https:\\\/\\\/www.tribunal-nature.org\\\/blog\\\/#organization\",\"name\":\"tribunal-nature\",\"url\":\"https:\\\/\\\/www.tribunal-nature.org\\\/blog\\\/\",\"logo\":{\"@type\":\"ImageObject\",\"inLanguage\":\"fr-FR\",\"@id\":\"https:\\\/\\\/www.tribunal-nature.org\\\/blog\\\/#\\\/schema\\\/logo\\\/image\\\/\",\"url\":\"https:\\\/\\\/www.tribunal-nature.org\\\/blog\\\/wp-content\\\/uploads\\\/2022\\\/05\\\/logo-2.png\",\"contentUrl\":\"https:\\\/\\\/www.tribunal-nature.org\\\/blog\\\/wp-content\\\/uploads\\\/2022\\\/05\\\/logo-2.png\",\"width\":180,\"height\":180,\"caption\":\"tribunal-nature\"},\"image\":{\"@id\":\"https:\\\/\\\/www.tribunal-nature.org\\\/blog\\\/#\\\/schema\\\/logo\\\/image\\\/\"}},{\"@type\":\"Person\",\"@id\":\"https:\\\/\\\/www.tribunal-nature.org\\\/blog\\\/#\\\/schema\\\/person\\\/55761caf7544da6b05b60523f2a0855f\",\"name\":\"Isabelle LOUBEAU\",\"image\":{\"@type\":\"ImageObject\",\"inLanguage\":\"fr-FR\",\"@id\":\"https:\\\/\\\/secure.gravatar.com\\\/avatar\\\/b6912620aca78633bf5d50400888815d3b38a1118e82b94050843f411f3f5972?s=96&d=mm&r=g\",\"url\":\"https:\\\/\\\/secure.gravatar.com\\\/avatar\\\/b6912620aca78633bf5d50400888815d3b38a1118e82b94050843f411f3f5972?s=96&d=mm&r=g\",\"contentUrl\":\"https:\\\/\\\/secure.gravatar.com\\\/avatar\\\/b6912620aca78633bf5d50400888815d3b38a1118e82b94050843f411f3f5972?s=96&d=mm&r=g\",\"caption\":\"Isabelle LOUBEAU\"},\"url\":\"https:\\\/\\\/www.tribunal-nature.org\\\/blog\\\/author\\\/ureisabelle\\\/\"}]}<\/script>\n<!-- \/ Yoast SEO plugin. -->","yoast_head_json":{"title":"A d\u00e9couvrir  : Forum des m\u00e9tiers au tribunal de Compi\u00e8gne : \u00ab On a envie que des jeunes du territoire embrassent une carri\u00e8re juridique - TRIBUNAL-NATURE","description":"A d\u00e9couvrir  : Forum des m\u00e9tiers au tribunal de Compi\u00e8gne : \u00ab On a envie que des jeunes du territoire embrassent une carri\u00e8re juridique article de TRIBUNAL-NATURE","robots":{"index":"index","follow":"follow","max-snippet":"max-snippet:-1","max-image-preview":"max-image-preview:large","max-video-preview":"max-video-preview:-1"},"canonical":"https:\/\/www.tribunal-nature.org\/blog\/a-decouvrir-forum-des-metiers-au-tribunal-de-compiegne-on-a-envie-que-des-jeunes-du-territoire-embrassent-une-carriere-juridique\/","og_locale":"fr_FR","og_type":"article","og_title":"A d\u00e9couvrir  : Forum des m\u00e9tiers au tribunal de Compi\u00e8gne : \u00ab On a envie que des jeunes du territoire embrassent une carri\u00e8re juridique - TRIBUNAL-NATURE","og_description":"A d\u00e9couvrir  : Forum des m\u00e9tiers au tribunal de Compi\u00e8gne : \u00ab On a envie que des jeunes du territoire embrassent une carri\u00e8re juridique article de TRIBUNAL-NATURE","og_url":"https:\/\/www.tribunal-nature.org\/blog\/a-decouvrir-forum-des-metiers-au-tribunal-de-compiegne-on-a-envie-que-des-jeunes-du-territoire-embrassent-une-carriere-juridique\/","og_site_name":"TRIBUNAL-NATURE","article_published_time":"2023-11-15T11:53:54+00:00","author":"Isabelle LOUBEAU","twitter_card":"summary_large_image","twitter_misc":{"\u00c9crit par":"Isabelle LOUBEAU","Dur\u00e9e de lecture estim\u00e9e":"1 minute"},"schema":{"@context":"https:\/\/schema.org","@graph":[{"@type":"Article","@id":"https:\/\/www.tribunal-nature.org\/blog\/a-decouvrir-forum-des-metiers-au-tribunal-de-compiegne-on-a-envie-que-des-jeunes-du-territoire-embrassent-une-carriere-juridique\/#article","isPartOf":{"@id":"https:\/\/www.tribunal-nature.org\/blog\/a-decouvrir-forum-des-metiers-au-tribunal-de-compiegne-on-a-envie-que-des-jeunes-du-territoire-embrassent-une-carriere-juridique\/"},"author":{"name":"Isabelle LOUBEAU","@id":"https:\/\/www.tribunal-nature.org\/blog\/#\/schema\/person\/55761caf7544da6b05b60523f2a0855f"},"headline":"A d\u00e9couvrir : Forum des m\u00e9tiers au tribunal de Compi\u00e8gne : \u00ab On a envie que des jeunes du territoire embrassent une carri\u00e8re juridique","datePublished":"2023-11-15T11:53:54+00:00","mainEntityOfPage":{"@id":"https:\/\/www.tribunal-nature.org\/blog\/a-decouvrir-forum-des-metiers-au-tribunal-de-compiegne-on-a-envie-que-des-jeunes-du-territoire-embrassent-une-carriere-juridique\/"},"wordCount":197,"publisher":{"@id":"https:\/\/www.tribunal-nature.org\/blog\/#organization"},"articleSection":["Droit De L'Environnement:"],"inLanguage":"fr-FR"},{"@type":"WebPage","@id":"https:\/\/www.tribunal-nature.org\/blog\/a-decouvrir-forum-des-metiers-au-tribunal-de-compiegne-on-a-envie-que-des-jeunes-du-territoire-embrassent-une-carriere-juridique\/","url":"https:\/\/www.tribunal-nature.org\/blog\/a-decouvrir-forum-des-metiers-au-tribunal-de-compiegne-on-a-envie-que-des-jeunes-du-territoire-embrassent-une-carriere-juridique\/","name":"A d\u00e9couvrir : Forum des m\u00e9tiers au tribunal de Compi\u00e8gne : \u00ab On a envie que des jeunes du territoire embrassent une carri\u00e8re juridique - TRIBUNAL-NATURE","isPartOf":{"@id":"https:\/\/www.tribunal-nature.org\/blog\/#website"},"datePublished":"2023-11-15T11:53:54+00:00","description":"A d\u00e9couvrir : Forum des m\u00e9tiers au tribunal de Compi\u00e8gne : \u00ab On a envie que des jeunes du territoire embrassent une carri\u00e8re juridique article de TRIBUNAL-NATURE","breadcrumb":{"@id":"https:\/\/www.tribunal-nature.org\/blog\/a-decouvrir-forum-des-metiers-au-tribunal-de-compiegne-on-a-envie-que-des-jeunes-du-territoire-embrassent-une-carriere-juridique\/#breadcrumb"},"inLanguage":"fr-FR","potentialAction":[{"@type":"ReadAction","target":["https:\/\/www.tribunal-nature.org\/blog\/a-decouvrir-forum-des-metiers-au-tribunal-de-compiegne-on-a-envie-que-des-jeunes-du-territoire-embrassent-une-carriere-juridique\/"]}]},{"@type":"BreadcrumbList","@id":"https:\/\/www.tribunal-nature.org\/blog\/a-decouvrir-forum-des-metiers-au-tribunal-de-compiegne-on-a-envie-que-des-jeunes-du-territoire-embrassent-une-carriere-juridique\/#breadcrumb","itemListElement":[{"@type":"ListItem","position":1,"name":"Accueil","item":"https:\/\/www.tribunal-nature.org\/blog\/"},{"@type":"ListItem","position":2,"name":"A d\u00e9couvrir : Forum des m\u00e9tiers au tribunal de Compi\u00e8gne : \u00ab On a envie que des jeunes du territoire embrassent une carri\u00e8re juridique"}]},{"@type":"WebSite","@id":"https:\/\/www.tribunal-nature.org\/blog\/#website","url":"https:\/\/www.tribunal-nature.org\/blog\/","name":"TRIBUNAL-NATURE","description":"Droit De L&#039;Environnement.","publisher":{"@id":"https:\/\/www.tribunal-nature.org\/blog\/#organization"},"potentialAction":[{"@type":"SearchAction","target":{"@type":"EntryPoint","urlTemplate":"https:\/\/www.tribunal-nature.org\/blog\/?s={search_term_string}"},"query-input":{"@type":"PropertyValueSpecification","valueRequired":true,"valueName":"search_term_string"}}],"inLanguage":"fr-FR"},{"@type":"Organization","@id":"https:\/\/www.tribunal-nature.org\/blog\/#organization","name":"tribunal-nature","url":"https:\/\/www.tribunal-nature.org\/blog\/","logo":{"@type":"ImageObject","inLanguage":"fr-FR","@id":"https:\/\/www.tribunal-nature.org\/blog\/#\/schema\/logo\/image\/","url":"https:\/\/www.tribunal-nature.org\/blog\/wp-content\/uploads\/2022\/05\/logo-2.png","contentUrl":"https:\/\/www.tribunal-nature.org\/blog\/wp-content\/uploads\/2022\/05\/logo-2.png","width":180,"height":180,"caption":"tribunal-nature"},"image":{"@id":"https:\/\/www.tribunal-nature.org\/blog\/#\/schema\/logo\/image\/"}},{"@type":"Person","@id":"https:\/\/www.tribunal-nature.org\/blog\/#\/schema\/person\/55761caf7544da6b05b60523f2a0855f","name":"Isabelle LOUBEAU","image":{"@type":"ImageObject","inLanguage":"fr-FR","@id":"https:\/\/secure.gravatar.com\/avatar\/b6912620aca78633bf5d50400888815d3b38a1118e82b94050843f411f3f5972?s=96&d=mm&r=g","url":"https:\/\/secure.gravatar.com\/avatar\/b6912620aca78633bf5d50400888815d3b38a1118e82b94050843f411f3f5972?s=96&d=mm&r=g","contentUrl":"https:\/\/secure.gravatar.com\/avatar\/b6912620aca78633bf5d50400888815d3b38a1118e82b94050843f411f3f5972?s=96&d=mm&r=g","caption":"Isabelle LOUBEAU"},"url":"https:\/\/www.tribunal-nature.org\/blog\/author\/ureisabelle\/"}]}},"_links":{"self":[{"href":"https:\/\/www.tribunal-nature.org\/blog\/wp-json\/wp\/v2\/posts\/836","targetHints":{"allow":["GET"]}}],"collection":[{"href":"https:\/\/www.tribunal-nature.org\/blog\/wp-json\/wp\/v2\/posts"}],"about":[{"href":"https:\/\/www.tribunal-nature.org\/blog\/wp-json\/wp\/v2\/types\/post"}],"author":[{"embeddable":true,"href":"https:\/\/www.tribunal-nature.org\/blog\/wp-json\/wp\/v2\/users\/3"}],"replies":[{"embeddable":true,"href":"https:\/\/www.tribunal-nature.org\/blog\/wp-json\/wp\/v2\/comments?post=836"}],"version-history":[{"count":0,"href":"https:\/\/www.tribunal-nature.org\/blog\/wp-json\/wp\/v2\/posts\/836\/revisions"}],"wp:attachment":[{"href":"https:\/\/www.tribunal-nature.org\/blog\/wp-json\/wp\/v2\/media?parent=836"}],"wp:term":[{"taxonomy":"category","embeddable":true,"href":"https:\/\/www.tribunal-nature.org\/blog\/wp-json\/wp\/v2\/categories?post=836"},{"taxonomy":"post_tag","embeddable":true,"href":"https:\/\/www.tribunal-nature.org\/blog\/wp-json\/wp\/v2\/tags?post=836"}],"curies":[{"name":"wp","href":"https:\/\/api.w.org\/{rel}","templated":true}]}}