{"id":832,"date":"2023-11-10T09:21:07","date_gmt":"2023-11-10T08:21:07","guid":{"rendered":"https:\/\/www.tribunal-nature.org\/blog\/ca-se-propage-sur-le-web-violences-armes-evasion-deux-gersois-juges-et-condamnes-par-le-tribunal-correctionnel-dauch\/"},"modified":"2023-11-10T09:21:07","modified_gmt":"2023-11-10T08:21:07","slug":"ca-se-propage-sur-le-web-violences-armes-evasion-deux-gersois-juges-et-condamnes-par-le-tribunal-correctionnel-dauch","status":"publish","type":"post","link":"https:\/\/www.tribunal-nature.org\/blog\/ca-se-propage-sur-le-web-violences-armes-evasion-deux-gersois-juges-et-condamnes-par-le-tribunal-correctionnel-dauch\/","title":{"rendered":"Ca se propage sur le web  : Violences, armes, \u00e9vasion : deux Gersois jug\u00e9s et condamn\u00e9s par le tribunal correctionnel d\u2019Auch"},"content":{"rendered":"<div>\n<p>Voil\u00e0 un texte que nous sommes heureux de r\u00e9v\u00e9ler ici sur notre blog.  Le th\u00e8me est \u00ab\u00a0la justice\u00a0\u00bb.<br \/>\nSon titre troublant (Violences, armes, \u00e9vasion : deux Gersois jug\u00e9s et condamn\u00e9s par le tribunal correctionnel d\u2019Auch) parle de lui-m\u00eame.<\/p>\n<p>Sachez que l\u2019\u00e9ditorialiste (pr\u00e9sent\u00e9 sous la signature  d\u2019anonymat<br \/>\n) est connu et fiable pour plusieurs autres \u00e9ditoriaux qu\u2019il a publi\u00e9s sur internet.<\/p>\n<p>Il n\u2019y a aucune raison de ne pas croire du s\u00e9rieux de ces informations.<\/p>\n<p>Sachez que la date de publication est 2023-11-09 23:31:00.<\/p>\n<p>\n                                                                    <span class=\"article-full__chapo-label hide-on-small-only\">l\u2019essentiel<\/span><br \/>\n                                                                Deux hommes ont \u00e9t\u00e9 condamn\u00e9s, ce jeudi 9 novembre, \u00e0 15 mois de prison et 4 mois avec sursis probatoire, par le tribunal d\u2019Auch. Ce, apr\u00e8s des violences perp\u00e9tr\u00e9es suite \u00e0 un ap\u00e9ro qui a d\u00e9g\u00e9n\u00e9r\u00e9 \u00e0 L\u2019Isle-Jourdain.\n                            <\/p>\n<div rel=\"js-article-content\" data-state=\"fixed-height\" data-selection=\"disabled\">\n<p>L\u2019ap\u00e9ro battait son plein dans cet appartement situ\u00e9 \u00e0 L\u2019Isle-Jourdain, mais tr\u00e8s vite, les choses d\u00e9g\u00e9n\u00e8rent. Nous sommes le 16 mai 2021, Pierre* est victime de violences de la part de deux individus. Traumatisme cr\u00e2nien, fracture, contusion : il b\u00e9n\u00e9ficie \u00e0 la suite de cela de 10 jours d\u2019incapacit\u00e9 totale de travail. Deux ans apr\u00e8s les faits, ses deux agresseurs comparaissent devant le tribunal correctionnel d\u2019Auch.<\/p>\n<p><!-- Pub DFP Position [outstream] --><\/p>\n<p>Tout commence lors de la rencontre entre Romain*, Maxime* et Pierre. Ce dernier va proposer aux deux premiers du cannabis \u00e0 la vente. Le rendez-vous est fix\u00e9 chez Romain, dans son appartement. Il ne conna\u00eet pas Pierre. Entre les quatre murs, il est environ midi lorsqu\u2019un ap\u00e9ro est organis\u00e9. Le vendeur de stup\u00e9fiants se pr\u00e9sente au domicile et est invit\u00e9 \u00e0 prendre un verre. Mais rien ne va se passer comme pr\u00e9vu. L\u2019alcool, le cannabis et la coca\u00efne sont de la partie.<\/p>\n<p><!-- Pub DFP Position [article] --><\/p>\n<p>Maxime expliquera plus tard, lors d\u2019une audition que Pierre a sorti son sexe et lui aurait fait du \u00ab\u00a0rentre-dedans\u00a0\u00bb. Un comportement qui passe mal aupr\u00e8s de l\u2019homme qui va gifler Pierre. Peu de temps apr\u00e8s, Romain arrive dans la pi\u00e8ce, les \u00e9v\u00e9nements vont prendre de l\u2019ampleur tandis que l\u2019invit\u00e9 adopte toujours un comportement inappropri\u00e9 aux yeux de l\u2019h\u00f4te.<\/p>\n<p>Celui-ci va prendre en photo la fille de Romain, \u00e9galement pr\u00e9sente dans l\u2019appartement. Un geste que l\u2019homme n\u2019appr\u00e9cie pas du tout. Il frappe Pierre au visage d\u2019un coup-de-poing avant de lui arracher le t\u00e9l\u00e9phone des mains pour tenter de supprimer l\u2019image. Le fr\u00e8re de Romain, pr\u00e9sent sur place, s\u00e9pare les deux hommes.<\/p>\n<h2 class=\"txt-int\">Des armes retrouv\u00e9es et une cavale de plusieurs mois<\/h2>\n<p>En audition, la victime indique avoir \u00e9galement re\u00e7u un coup de crosse de fusil de chasse dans le visage. Chose que Romain d\u00e9ment. Il sera \u00e9galement poursuivi pour d\u00e9tention d\u2019armes non d\u00e9clar\u00e9es de cat\u00e9gorie C, B et munitions. \u00ab\u00a0Toutes les d\u00e9clarations de la victime sont fausses\u00a0\u00bb, affirme-t-il lors de l\u2019audience. Interpell\u00e9, interrog\u00e9 et plac\u00e9 en garde \u00e0 vue, Romain ne nie aucunement les coups port\u00e9s et sera finalement plac\u00e9 en d\u00e9tention provisoire avant d\u2019\u00eatre lib\u00e9r\u00e9 et mis sous bracelet \u00e9lectronique.<\/p>\n<p>C\u2019est sans compter sur des menaces de mort qu\u2019il aurait re\u00e7u de la victime et qui le conduiront \u00e0 sectionner son bracelet. Un mandat d\u2019arr\u00eat sera \u00e9mis \u00e0 son encontre, il est consid\u00e9r\u00e9 comme \u201c\u00e9vad\u00e9\u201d durant pas loin de deux ans avant d\u2019\u00eatre retrouv\u00e9 et finalement interpell\u00e9. Pour son acolyte, qui ne nie pas les gifles et\u00a0\u00e9galement poursuivi dans cette affaire, six mois de prison avec sursis probatoire sont requis contre 18 mois ferme pour Romain.<\/p>\n<blockquote>\n<p>\u00ab\u00a0J\u2019ai \u00e9t\u00e9 un peu b\u00eate, je n\u2019aurais pas d\u00fb faire \u00e7a\u00a0\u00bb \u2013 Maxime<\/p>\n<\/blockquote>\n<p>Au final, Maxime a \u00e9cop\u00e9 de 4 mois de prison avec un sursis probatoire. Romain a \u00e9t\u00e9 condamn\u00e9 quant \u00e0 lui \u00e0 15 mois de prison ferme avec maintien en d\u00e9tention. Cependant, en ayant d\u00e9j\u00e0 pass\u00e9 plusieurs mois (environ 14, NDLR) en d\u00e9tention ou sous bracelet, hors cavale, il ne devrait pas passer longtemps sous les barreaux.<\/p>\n<footer class=\"txt-note\">*Les pr\u00e9noms ont \u00e9t\u00e9 modifi\u00e9s.<\/footer>\n<\/div>\n<p>Bibliographie :<\/p>\n<p>Fragment sur la justice\/\u00c9dition Garnier,<a target=\"_blank\" rel=\"nofollow\" href=\"https:\/\/www.tribunal-nature.org\/blog\/goto\/https:\/\/fr.wikisource.org\/wiki\/Fragment_sur_la_justice\/%C3%89dition_Garnier\"  target=\"_blank\" rel=\"noopener noreferrer nofollow\">A voir et \u00e0 lire. <\/a><span><\/span>.<\/p>\n<p>Histoire du droit priv\u00e9 allemand\/L\u2019\u00e9cole historique et la marche vers l\u2019unit\u00e9,<a target=\"_blank\" rel=\"nofollow\" href=\"https:\/\/www.tribunal-nature.org\/blog\/goto\/https:\/\/fr.wikibooks.org\/wiki\/Histoire_du_droit_priv%C3%A9_allemand\/L%27%C3%A9cole_historique_et_la_marche_vers_l%27unit%C3%A9\"  target=\"_blank\" rel=\"noopener noreferrer nofollow\">Ouvrage <\/a><span><\/span>. A emprunter en biblioth\u00e8que.<\/p>\n<p>Une Justice politique,<a target=\"_blank\" rel=\"nofollow\" href=\"https:\/\/www.tribunal-nature.org\/blog\/goto\/https:\/\/www.kobo.com\/fr\/fr\/ebook\/une-justice-politique\"  target=\"_blank\" rel=\"noopener noreferrer nofollow\">Ouvrage <\/a><span><\/span>.<\/p>\n<\/div>\n","protected":false},"excerpt":{"rendered":"<p>Voil\u00e0 un texte que nous sommes heureux de r\u00e9v\u00e9ler ici sur notre blog. Le th\u00e8me est \u00ab\u00a0la justice\u00a0\u00bb. Son titre&#8230;<\/p>\n","protected":false},"author":3,"featured_media":0,"comment_status":"closed","ping_status":"closed","sticky":false,"template":"","format":"standard","meta":{"footnotes":""},"categories":[2],"tags":[],"class_list":["post-832","post","type-post","status-publish","format-standard","hentry","category-droit-de-lenvironnement","wpcat-2-id"],"yoast_head":"<!-- This site is optimized with the Yoast SEO plugin v27.5 - https:\/\/yoast.com\/product\/yoast-seo-wordpress\/ -->\n<title>Ca se propage sur le web : Violences, armes, \u00e9vasion : deux Gersois jug\u00e9s et condamn\u00e9s par le tribunal correctionnel d\u2019Auch - TRIBUNAL-NATURE<\/title>\n<meta name=\"description\" content=\"Ca se propage sur le web : Violences, armes, \u00e9vasion : deux Gersois jug\u00e9s et condamn\u00e9s par le tribunal correctionnel d\u2019Auch article de TRIBUNAL-NATURE\" \/>\n<meta name=\"robots\" content=\"index, follow, max-snippet:-1, max-image-preview:large, max-video-preview:-1\" \/>\n<link rel=\"canonical\" href=\"https:\/\/www.tribunal-nature.org\/blog\/ca-se-propage-sur-le-web-violences-armes-evasion-deux-gersois-juges-et-condamnes-par-le-tribunal-correctionnel-dauch\/\" \/>\n<meta property=\"og:locale\" content=\"fr_FR\" \/>\n<meta property=\"og:type\" content=\"article\" \/>\n<meta property=\"og:title\" content=\"Ca se propage sur le web : Violences, armes, \u00e9vasion : deux Gersois jug\u00e9s et condamn\u00e9s par le tribunal correctionnel d\u2019Auch - TRIBUNAL-NATURE\" \/>\n<meta property=\"og:description\" content=\"Ca se propage sur le web : Violences, armes, \u00e9vasion : deux Gersois jug\u00e9s et condamn\u00e9s par le tribunal correctionnel d\u2019Auch article de TRIBUNAL-NATURE\" \/>\n<meta property=\"og:url\" content=\"https:\/\/www.tribunal-nature.org\/blog\/ca-se-propage-sur-le-web-violences-armes-evasion-deux-gersois-juges-et-condamnes-par-le-tribunal-correctionnel-dauch\/\" \/>\n<meta property=\"og:site_name\" content=\"TRIBUNAL-NATURE\" \/>\n<meta property=\"article:published_time\" content=\"2023-11-10T08:21:07+00:00\" \/>\n<meta name=\"author\" content=\"Isabelle LOUBEAU\" \/>\n<meta name=\"twitter:card\" content=\"summary_large_image\" \/>\n<meta name=\"twitter:label1\" content=\"\u00c9crit par\" \/>\n\t<meta name=\"twitter:data1\" content=\"Isabelle LOUBEAU\" \/>\n\t<meta name=\"twitter:label2\" content=\"Dur\u00e9e de lecture estim\u00e9e\" \/>\n\t<meta name=\"twitter:data2\" content=\"4 minutes\" \/>\n<script type=\"application\/ld+json\" class=\"yoast-schema-graph\">{\"@context\":\"https:\\\/\\\/schema.org\",\"@graph\":[{\"@type\":\"Article\",\"@id\":\"https:\\\/\\\/www.tribunal-nature.org\\\/blog\\\/ca-se-propage-sur-le-web-violences-armes-evasion-deux-gersois-juges-et-condamnes-par-le-tribunal-correctionnel-dauch\\\/#article\",\"isPartOf\":{\"@id\":\"https:\\\/\\\/www.tribunal-nature.org\\\/blog\\\/ca-se-propage-sur-le-web-violences-armes-evasion-deux-gersois-juges-et-condamnes-par-le-tribunal-correctionnel-dauch\\\/\"},\"author\":{\"name\":\"Isabelle LOUBEAU\",\"@id\":\"https:\\\/\\\/www.tribunal-nature.org\\\/blog\\\/#\\\/schema\\\/person\\\/55761caf7544da6b05b60523f2a0855f\"},\"headline\":\"Ca se propage sur le web : Violences, armes, \u00e9vasion : deux Gersois jug\u00e9s et condamn\u00e9s par le tribunal correctionnel d\u2019Auch\",\"datePublished\":\"2023-11-10T08:21:07+00:00\",\"mainEntityOfPage\":{\"@id\":\"https:\\\/\\\/www.tribunal-nature.org\\\/blog\\\/ca-se-propage-sur-le-web-violences-armes-evasion-deux-gersois-juges-et-condamnes-par-le-tribunal-correctionnel-dauch\\\/\"},\"wordCount\":749,\"publisher\":{\"@id\":\"https:\\\/\\\/www.tribunal-nature.org\\\/blog\\\/#organization\"},\"articleSection\":[\"Droit De L'Environnement:\"],\"inLanguage\":\"fr-FR\"},{\"@type\":\"WebPage\",\"@id\":\"https:\\\/\\\/www.tribunal-nature.org\\\/blog\\\/ca-se-propage-sur-le-web-violences-armes-evasion-deux-gersois-juges-et-condamnes-par-le-tribunal-correctionnel-dauch\\\/\",\"url\":\"https:\\\/\\\/www.tribunal-nature.org\\\/blog\\\/ca-se-propage-sur-le-web-violences-armes-evasion-deux-gersois-juges-et-condamnes-par-le-tribunal-correctionnel-dauch\\\/\",\"name\":\"Ca se propage sur le web : Violences, armes, \u00e9vasion : deux Gersois jug\u00e9s et condamn\u00e9s par le tribunal correctionnel d\u2019Auch - TRIBUNAL-NATURE\",\"isPartOf\":{\"@id\":\"https:\\\/\\\/www.tribunal-nature.org\\\/blog\\\/#website\"},\"datePublished\":\"2023-11-10T08:21:07+00:00\",\"description\":\"Ca se propage sur le web : Violences, armes, \u00e9vasion : deux Gersois jug\u00e9s et condamn\u00e9s par le tribunal correctionnel d\u2019Auch article de TRIBUNAL-NATURE\",\"breadcrumb\":{\"@id\":\"https:\\\/\\\/www.tribunal-nature.org\\\/blog\\\/ca-se-propage-sur-le-web-violences-armes-evasion-deux-gersois-juges-et-condamnes-par-le-tribunal-correctionnel-dauch\\\/#breadcrumb\"},\"inLanguage\":\"fr-FR\",\"potentialAction\":[{\"@type\":\"ReadAction\",\"target\":[\"https:\\\/\\\/www.tribunal-nature.org\\\/blog\\\/ca-se-propage-sur-le-web-violences-armes-evasion-deux-gersois-juges-et-condamnes-par-le-tribunal-correctionnel-dauch\\\/\"]}]},{\"@type\":\"BreadcrumbList\",\"@id\":\"https:\\\/\\\/www.tribunal-nature.org\\\/blog\\\/ca-se-propage-sur-le-web-violences-armes-evasion-deux-gersois-juges-et-condamnes-par-le-tribunal-correctionnel-dauch\\\/#breadcrumb\",\"itemListElement\":[{\"@type\":\"ListItem\",\"position\":1,\"name\":\"Accueil\",\"item\":\"https:\\\/\\\/www.tribunal-nature.org\\\/blog\\\/\"},{\"@type\":\"ListItem\",\"position\":2,\"name\":\"Ca se propage sur le web : Violences, armes, \u00e9vasion : deux Gersois jug\u00e9s et condamn\u00e9s par le tribunal correctionnel d\u2019Auch\"}]},{\"@type\":\"WebSite\",\"@id\":\"https:\\\/\\\/www.tribunal-nature.org\\\/blog\\\/#website\",\"url\":\"https:\\\/\\\/www.tribunal-nature.org\\\/blog\\\/\",\"name\":\"TRIBUNAL-NATURE\",\"description\":\"Droit De L&#039;Environnement.\",\"publisher\":{\"@id\":\"https:\\\/\\\/www.tribunal-nature.org\\\/blog\\\/#organization\"},\"potentialAction\":[{\"@type\":\"SearchAction\",\"target\":{\"@type\":\"EntryPoint\",\"urlTemplate\":\"https:\\\/\\\/www.tribunal-nature.org\\\/blog\\\/?s={search_term_string}\"},\"query-input\":{\"@type\":\"PropertyValueSpecification\",\"valueRequired\":true,\"valueName\":\"search_term_string\"}}],\"inLanguage\":\"fr-FR\"},{\"@type\":\"Organization\",\"@id\":\"https:\\\/\\\/www.tribunal-nature.org\\\/blog\\\/#organization\",\"name\":\"tribunal-nature\",\"url\":\"https:\\\/\\\/www.tribunal-nature.org\\\/blog\\\/\",\"logo\":{\"@type\":\"ImageObject\",\"inLanguage\":\"fr-FR\",\"@id\":\"https:\\\/\\\/www.tribunal-nature.org\\\/blog\\\/#\\\/schema\\\/logo\\\/image\\\/\",\"url\":\"https:\\\/\\\/www.tribunal-nature.org\\\/blog\\\/wp-content\\\/uploads\\\/2022\\\/05\\\/logo-2.png\",\"contentUrl\":\"https:\\\/\\\/www.tribunal-nature.org\\\/blog\\\/wp-content\\\/uploads\\\/2022\\\/05\\\/logo-2.png\",\"width\":180,\"height\":180,\"caption\":\"tribunal-nature\"},\"image\":{\"@id\":\"https:\\\/\\\/www.tribunal-nature.org\\\/blog\\\/#\\\/schema\\\/logo\\\/image\\\/\"}},{\"@type\":\"Person\",\"@id\":\"https:\\\/\\\/www.tribunal-nature.org\\\/blog\\\/#\\\/schema\\\/person\\\/55761caf7544da6b05b60523f2a0855f\",\"name\":\"Isabelle LOUBEAU\",\"image\":{\"@type\":\"ImageObject\",\"inLanguage\":\"fr-FR\",\"@id\":\"https:\\\/\\\/secure.gravatar.com\\\/avatar\\\/b6912620aca78633bf5d50400888815d3b38a1118e82b94050843f411f3f5972?s=96&d=mm&r=g\",\"url\":\"https:\\\/\\\/secure.gravatar.com\\\/avatar\\\/b6912620aca78633bf5d50400888815d3b38a1118e82b94050843f411f3f5972?s=96&d=mm&r=g\",\"contentUrl\":\"https:\\\/\\\/secure.gravatar.com\\\/avatar\\\/b6912620aca78633bf5d50400888815d3b38a1118e82b94050843f411f3f5972?s=96&d=mm&r=g\",\"caption\":\"Isabelle LOUBEAU\"},\"url\":\"https:\\\/\\\/www.tribunal-nature.org\\\/blog\\\/author\\\/ureisabelle\\\/\"}]}<\/script>\n<!-- \/ Yoast SEO plugin. -->","yoast_head_json":{"title":"Ca se propage sur le web : Violences, armes, \u00e9vasion : deux Gersois jug\u00e9s et condamn\u00e9s par le tribunal correctionnel d\u2019Auch - TRIBUNAL-NATURE","description":"Ca se propage sur le web : Violences, armes, \u00e9vasion : deux Gersois jug\u00e9s et condamn\u00e9s par le tribunal correctionnel d\u2019Auch article de TRIBUNAL-NATURE","robots":{"index":"index","follow":"follow","max-snippet":"max-snippet:-1","max-image-preview":"max-image-preview:large","max-video-preview":"max-video-preview:-1"},"canonical":"https:\/\/www.tribunal-nature.org\/blog\/ca-se-propage-sur-le-web-violences-armes-evasion-deux-gersois-juges-et-condamnes-par-le-tribunal-correctionnel-dauch\/","og_locale":"fr_FR","og_type":"article","og_title":"Ca se propage sur le web : Violences, armes, \u00e9vasion : deux Gersois jug\u00e9s et condamn\u00e9s par le tribunal correctionnel d\u2019Auch - TRIBUNAL-NATURE","og_description":"Ca se propage sur le web : Violences, armes, \u00e9vasion : deux Gersois jug\u00e9s et condamn\u00e9s par le tribunal correctionnel d\u2019Auch article de TRIBUNAL-NATURE","og_url":"https:\/\/www.tribunal-nature.org\/blog\/ca-se-propage-sur-le-web-violences-armes-evasion-deux-gersois-juges-et-condamnes-par-le-tribunal-correctionnel-dauch\/","og_site_name":"TRIBUNAL-NATURE","article_published_time":"2023-11-10T08:21:07+00:00","author":"Isabelle LOUBEAU","twitter_card":"summary_large_image","twitter_misc":{"\u00c9crit par":"Isabelle LOUBEAU","Dur\u00e9e de lecture estim\u00e9e":"4 minutes"},"schema":{"@context":"https:\/\/schema.org","@graph":[{"@type":"Article","@id":"https:\/\/www.tribunal-nature.org\/blog\/ca-se-propage-sur-le-web-violences-armes-evasion-deux-gersois-juges-et-condamnes-par-le-tribunal-correctionnel-dauch\/#article","isPartOf":{"@id":"https:\/\/www.tribunal-nature.org\/blog\/ca-se-propage-sur-le-web-violences-armes-evasion-deux-gersois-juges-et-condamnes-par-le-tribunal-correctionnel-dauch\/"},"author":{"name":"Isabelle LOUBEAU","@id":"https:\/\/www.tribunal-nature.org\/blog\/#\/schema\/person\/55761caf7544da6b05b60523f2a0855f"},"headline":"Ca se propage sur le web : Violences, armes, \u00e9vasion : deux Gersois jug\u00e9s et condamn\u00e9s par le tribunal correctionnel d\u2019Auch","datePublished":"2023-11-10T08:21:07+00:00","mainEntityOfPage":{"@id":"https:\/\/www.tribunal-nature.org\/blog\/ca-se-propage-sur-le-web-violences-armes-evasion-deux-gersois-juges-et-condamnes-par-le-tribunal-correctionnel-dauch\/"},"wordCount":749,"publisher":{"@id":"https:\/\/www.tribunal-nature.org\/blog\/#organization"},"articleSection":["Droit De L'Environnement:"],"inLanguage":"fr-FR"},{"@type":"WebPage","@id":"https:\/\/www.tribunal-nature.org\/blog\/ca-se-propage-sur-le-web-violences-armes-evasion-deux-gersois-juges-et-condamnes-par-le-tribunal-correctionnel-dauch\/","url":"https:\/\/www.tribunal-nature.org\/blog\/ca-se-propage-sur-le-web-violences-armes-evasion-deux-gersois-juges-et-condamnes-par-le-tribunal-correctionnel-dauch\/","name":"Ca se propage sur le web : Violences, armes, \u00e9vasion : deux Gersois jug\u00e9s et condamn\u00e9s par le tribunal correctionnel d\u2019Auch - TRIBUNAL-NATURE","isPartOf":{"@id":"https:\/\/www.tribunal-nature.org\/blog\/#website"},"datePublished":"2023-11-10T08:21:07+00:00","description":"Ca se propage sur le web : Violences, armes, \u00e9vasion : deux Gersois jug\u00e9s et condamn\u00e9s par le tribunal correctionnel d\u2019Auch article de TRIBUNAL-NATURE","breadcrumb":{"@id":"https:\/\/www.tribunal-nature.org\/blog\/ca-se-propage-sur-le-web-violences-armes-evasion-deux-gersois-juges-et-condamnes-par-le-tribunal-correctionnel-dauch\/#breadcrumb"},"inLanguage":"fr-FR","potentialAction":[{"@type":"ReadAction","target":["https:\/\/www.tribunal-nature.org\/blog\/ca-se-propage-sur-le-web-violences-armes-evasion-deux-gersois-juges-et-condamnes-par-le-tribunal-correctionnel-dauch\/"]}]},{"@type":"BreadcrumbList","@id":"https:\/\/www.tribunal-nature.org\/blog\/ca-se-propage-sur-le-web-violences-armes-evasion-deux-gersois-juges-et-condamnes-par-le-tribunal-correctionnel-dauch\/#breadcrumb","itemListElement":[{"@type":"ListItem","position":1,"name":"Accueil","item":"https:\/\/www.tribunal-nature.org\/blog\/"},{"@type":"ListItem","position":2,"name":"Ca se propage sur le web : Violences, armes, \u00e9vasion : deux Gersois jug\u00e9s et condamn\u00e9s par le tribunal correctionnel d\u2019Auch"}]},{"@type":"WebSite","@id":"https:\/\/www.tribunal-nature.org\/blog\/#website","url":"https:\/\/www.tribunal-nature.org\/blog\/","name":"TRIBUNAL-NATURE","description":"Droit De L&#039;Environnement.","publisher":{"@id":"https:\/\/www.tribunal-nature.org\/blog\/#organization"},"potentialAction":[{"@type":"SearchAction","target":{"@type":"EntryPoint","urlTemplate":"https:\/\/www.tribunal-nature.org\/blog\/?s={search_term_string}"},"query-input":{"@type":"PropertyValueSpecification","valueRequired":true,"valueName":"search_term_string"}}],"inLanguage":"fr-FR"},{"@type":"Organization","@id":"https:\/\/www.tribunal-nature.org\/blog\/#organization","name":"tribunal-nature","url":"https:\/\/www.tribunal-nature.org\/blog\/","logo":{"@type":"ImageObject","inLanguage":"fr-FR","@id":"https:\/\/www.tribunal-nature.org\/blog\/#\/schema\/logo\/image\/","url":"https:\/\/www.tribunal-nature.org\/blog\/wp-content\/uploads\/2022\/05\/logo-2.png","contentUrl":"https:\/\/www.tribunal-nature.org\/blog\/wp-content\/uploads\/2022\/05\/logo-2.png","width":180,"height":180,"caption":"tribunal-nature"},"image":{"@id":"https:\/\/www.tribunal-nature.org\/blog\/#\/schema\/logo\/image\/"}},{"@type":"Person","@id":"https:\/\/www.tribunal-nature.org\/blog\/#\/schema\/person\/55761caf7544da6b05b60523f2a0855f","name":"Isabelle LOUBEAU","image":{"@type":"ImageObject","inLanguage":"fr-FR","@id":"https:\/\/secure.gravatar.com\/avatar\/b6912620aca78633bf5d50400888815d3b38a1118e82b94050843f411f3f5972?s=96&d=mm&r=g","url":"https:\/\/secure.gravatar.com\/avatar\/b6912620aca78633bf5d50400888815d3b38a1118e82b94050843f411f3f5972?s=96&d=mm&r=g","contentUrl":"https:\/\/secure.gravatar.com\/avatar\/b6912620aca78633bf5d50400888815d3b38a1118e82b94050843f411f3f5972?s=96&d=mm&r=g","caption":"Isabelle LOUBEAU"},"url":"https:\/\/www.tribunal-nature.org\/blog\/author\/ureisabelle\/"}]}},"_links":{"self":[{"href":"https:\/\/www.tribunal-nature.org\/blog\/wp-json\/wp\/v2\/posts\/832","targetHints":{"allow":["GET"]}}],"collection":[{"href":"https:\/\/www.tribunal-nature.org\/blog\/wp-json\/wp\/v2\/posts"}],"about":[{"href":"https:\/\/www.tribunal-nature.org\/blog\/wp-json\/wp\/v2\/types\/post"}],"author":[{"embeddable":true,"href":"https:\/\/www.tribunal-nature.org\/blog\/wp-json\/wp\/v2\/users\/3"}],"replies":[{"embeddable":true,"href":"https:\/\/www.tribunal-nature.org\/blog\/wp-json\/wp\/v2\/comments?post=832"}],"version-history":[{"count":0,"href":"https:\/\/www.tribunal-nature.org\/blog\/wp-json\/wp\/v2\/posts\/832\/revisions"}],"wp:attachment":[{"href":"https:\/\/www.tribunal-nature.org\/blog\/wp-json\/wp\/v2\/media?parent=832"}],"wp:term":[{"taxonomy":"category","embeddable":true,"href":"https:\/\/www.tribunal-nature.org\/blog\/wp-json\/wp\/v2\/categories?post=832"},{"taxonomy":"post_tag","embeddable":true,"href":"https:\/\/www.tribunal-nature.org\/blog\/wp-json\/wp\/v2\/tags?post=832"}],"curies":[{"name":"wp","href":"https:\/\/api.w.org\/{rel}","templated":true}]}}