{"id":800,"date":"2023-10-16T21:11:33","date_gmt":"2023-10-16T19:11:33","guid":{"rendered":"https:\/\/www.tribunal-nature.org\/blog\/vous-aimerez-cet-ecrit-doj-launches-hate-crime-probe-into-killing-of-muslim-boy\/"},"modified":"2023-10-16T21:11:33","modified_gmt":"2023-10-16T19:11:33","slug":"vous-aimerez-cet-ecrit-doj-launches-hate-crime-probe-into-killing-of-muslim-boy","status":"publish","type":"post","link":"https:\/\/www.tribunal-nature.org\/blog\/vous-aimerez-cet-ecrit-doj-launches-hate-crime-probe-into-killing-of-muslim-boy\/","title":{"rendered":"Vous aimerez cet \u00e9crit  : DOJ Launches Hate Crime Probe Into Killing Of Muslim Boy"},"content":{"rendered":"<div><img width=\"580\" height=\"723\" src=\"https:\/\/www.tribunal-nature.org\/blog\/wp-content\/uploads\/2023\/10\/Vous-aimerez-cet-ecrit-DOJ-Launches-Hate-Crime-Probe.png\" class=\"attachment-large size-large wp-post-image\" alt=\"Vous-aimerez-cet-ecrit-DOJ-Launches-Hate-Crime-Probe\" decoding=\"async\" style=\"float:left; margin:0 15px 15px 0;\" srcset=\"https:\/\/www.tribunal-nature.org\/blog\/wp-content\/uploads\/2023\/10\/Vous-aimerez-cet-ecrit-DOJ-Launches-Hate-Crime-Probe.png 711w, https:\/\/www.site.cdcl.xyz\/wp-content\/uploads\/2023\/10\/Vous-aimerez-cet-ecrit-DOJ-Launches-Hate-Crime-Probe-241x300.png 241w\" sizes=\"(max-width: 580px) 100vw, 580px\"><\/p>\n<p>Voil\u00e0 qui va vous plaire : Un  nouveau post que nous venons de voir sur internet et que nous vous reproduisons ci-dessous. Le sujet est \u00ab\u00a0la justice\u00a0\u00bb.<\/p>\n<p>Son titre  (DOJ Launches Hate Crime Probe Into Killing Of Muslim Boy) est parlant.<\/p>\n<p>Sachez que le journaliste (identifi\u00e9 sous le nom  d\u2019anonymat<br \/>\n) est reconnu comme quelqu\u2019un de s\u00e9rieux.<\/p>\n<p>Vous pouvez par cons\u00e9quent faire confiance aux r\u00e9v\u00e9lations qu\u2019il \u00e9dite.<\/p>\n<p>L\u2019article en question : <\/p>\n<div id=\"\">\n<div class=\"primary-cli cli cli-text \">\n<p><span style=\"font-weight: 400;\">The Justice Department has launched a hate crime investigation into the brutal killing of a 6-year-old Palestinian American boy and the serious wounding of his mother in Illinois over the weekend.<\/span><\/p>\n<\/div>\n<div class=\"primary-cli cli cli-text \">\n<p><span style=\"font-weight: 400;\">Local police arrested a white man who was the Muslim family\u2019s landlord on murder and hate crime charges related to the stabbing of Wadea Al-Fayoume and his 32-year-old mother, Hanaan Shahin, in their home in the Chicago suburb of Plainfield on Saturday.<\/span><\/p>\n<\/div>\n<div class=\"primary-cli cli cli-text \">\n<p><span style=\"font-weight: 400;\">The landlord, 71-year-old Joseph Czuba, is accused of stabbing Wadea 26 times. Czuba also allegedly stabbed Shahin over a dozen times, and officials have said that she is in serious condition but expected to survive.<\/span><\/p>\n<\/div>\n<div class=\"primary-cli cli cli-text \">\n<p><span style=\"font-weight: 400;\">Text messages Shahin reportedly sent from the hospital to her son\u2019s father described Czuba as having shouted, \u201cYou Muslims must die!\u201d before he attacked her with a serrated military-style knife, according to CAIR-Chicago. Plainfield police also said that the mother and son \u201cwere targeted by the suspect due to them being Muslim and the ongoing Middle Eastern conflict involving Hamas and the Israelis.\u201d <\/span><\/p>\n<\/div>\n<div class=\"primary-cli cli cli-text \">\n<p><span style=\"font-weight: 400;\">On Monday, U.S. Attorney General Merrick Garland said that he was \u201cheartbroken\u201d by the \u201cabhorrent killing\u201d of Wadea and vowed that the Justice Department would investigate the events leading to the attack on the family.<\/span><\/p>\n<\/div>\n<div class=\"primary-cli cli cli-text \">\n<p><span style=\"font-weight: 400;\">\u201cThis incident cannot help but further raise the fears of Muslim, Arab and Palestinian communities in our country with regard to hate-fueled violence,\u201d Garland said. \u201cThe Department of Justice is focused on protecting the safety and the civil rights of every person in this country. We will use every legal authority at our disposal to bring to justice those who perpetrate illegal acts of hate.\u201d<\/span><\/p>\n<\/div>\n<div class=\"primary-cli cli cli-text \">\n<p><span style=\"font-weight: 400;\">\u201cNo one in the United States of America should have to live in fear of violence because of how they worship or where they or their family come from.\u201d<\/span><\/p>\n<\/div>\n<figure class=\"cli cli-image js-no-inject\">\n<div class=\"img-sized\"><picture><source type=\"image\/webp\"><\/source><img decoding=\"async\" class=\"img-sized__img portrait\" loading=\"lazy\" alt=\"Wadea Al-Fayoume celebrated his sixth birthday earlier this month. The Justice Department has launched a hate crime probe into the boy's killing. \" width=\"720\" height=\"897\" src=\"https:\/\/www.tribunal-nature.org\/blog\/wp-content\/uploads\/2023\/10\/On-revient-sur-leditorial-DOJ-Launches-Hate-Crime-Probe.png\"><\/picture><\/div>\n<div class=\"cli-image__source-wrapper\"><figcaption class=\"cli-image__caption caption-cli\">Wadea Al-Fayoume celebrated his sixth birthday earlier this month. The Justice Department has launched a hate crime probe into the boy\u2019s killing. <\/figcaption><\/div>\n<\/figure>\n<div class=\"primary-cli cli cli-text \">\n<p><span style=\"font-weight: 400;\">Wadea\u2019s parents emigrated from the occupied West Bank about a dozen years ago. They rented the ground floor of a house belonging to Czuba for two years. Wadea, who turned 6 earlier this month, will be buried on Monday after a funeral prayer at a mosque.<\/span><\/p>\n<\/div>\n<div class=\"primary-cli cli cli-text \">\n<p><span style=\"font-weight: 400;\">On Sunday, Illinois Gov. J.B. Pritzker (D) <a target=\"_blank\" rel=\"nofollow\" href=\"https:\/\/www.tribunal-nature.org\/blog\/goto\/https:\/\/twitter.com\/GovPritzker\/status\/1713678763613974613\" rel=\"nofollow noopener\" target=\"_blank\"  role=\"link\" class=\" js-entry-link cet-external-link\" data-vars-item-name=\"called the attack on Wadea and his mother a hate crime\" data-vars-item-type=\"text\" data-vars-unit-name=\"652d61b5e4b00565b62101e0\" data-vars-unit-type=\"buzz_body\" data-vars-target-content-id=\"https:\/\/twitter.com\/GovPritzker\/status\/1713678763613974613\" data-vars-target-content-type=\"url\" data-vars-type=\"web_external_link\" data-vars-subunit-name=\"article_body\" data-vars-subunit-type=\"component\" data-vars-position-in-subunit=\"2\">called the attack on Wadea and his mother a hate crime<\/a>, adding that the murder of a child \u201cin the name of bigotry is nothing short of evil.\u201d<\/span><\/p>\n<\/div>\n<div class=\"primary-cli cli cli-text \">\n<p><span style=\"font-weight: 400;\">The attack comes amid an increase in hate speech and dehumanizing language from right-wing Israeli officials and some American politicians toward Palestinians and Muslims after Hamas militants launched a deadly assault on Israel earlier this month. Israel has since launched a counterattack on Gaza that has led human rights activists and groups to warn of ethnic cleansing. <\/span><\/p>\n<\/div>\n<div class=\"primary-cli cli cli-text \">\n<p><span style=\"font-weight: 400;\">Over the weekend, GOP presidential candidate and Florida Gov. Ron DeSantis falsely claimed that all Palestinians are antisemitic and would promote \u201canti-Americanism\u201d if the U.S. took in fleeing Gazans as refugees. Israeli President Isaac Herzog justified bombing Palestinian civilians by claiming all residents of Gaza are responsible for the violence in the region. Israel\u2019s defense minister said Israel was fighting \u201chuman animals,\u201d and Sen. Tom Cotton (R-Ark.) said Israel should \u201cbounce the rubble\u201d in Gaza.<\/span><\/p>\n<\/div>\n<div class=\"primary-cli cli cli-text \">\n<p><span style=\"font-weight: 400;\">\u201cWe welcome the federal hate crime investigation and hope this tragic case will remind public officials and commentators why they must end dehumanizing anti-Muslim, anti-Palestinian bigotry when speaking out about the ongoing violence in the Middle East,\u201d CAIR National Deputy Director Edward Ahmed Mitchell said on Monday.<\/span><\/p>\n<\/div>\n<div class=\"primary-cli cli cli-text \">\n<p><span style=\"font-weight: 400;\">\u201cMedia outlets, political leaders and major corporations have spent more than a week ignoring the suffering of the Palestinian people, justifying war crimes against Palestinians, and spreading inflammatory propaganda and misinformation aimed at Muslims and Palestinians here in America,\u201d he continued. \u201cThis must end. Now.\u201d<\/span><\/p>\n<\/div>\n<div class=\"primary-cli cli cli-text \">\n<p><span style=\"font-weight: 400;\">President Joe Biden himself has contributed to the spread of potential misinformation regarding the violence and has repeatedly proclaimed the U.S. government\u2019s unwavering support of Israel in its counterattack. Biden was also delayed in acknowledging the humanitarian crisis in Gaza and the violence that Palestinians have been experiencing.<\/span><\/p>\n<\/div>\n<div class=\"primary-cli cli cli-text \">\n<p><span style=\"font-weight: 400;\">On Sunday, Biden said that he was \u201cshocked and sickened\u201d by Wadea\u2019s killing and that Americans \u201cmust come together and reject Islamophobia and all forms of bigotry and hatred.\u201d<\/span><\/p>\n<\/div>\n<div class=\"primary-cli cli cli-text \">\n<p><span style=\"font-weight: 400;\">\u201cThe child\u2019s Palestinian Muslim family came to America seeking what we all seek \u2013 a refuge to live, learn and pray in peace,\u201d Biden said. \u201cThis horrific act of hate has no place in America, and stands against our fundamental values: freedom from fear for how we pray, what we believe, and who we are.\u201d<\/span><\/p>\n<\/div>\n<\/div>\n<p><script async src=\"\/\/platform.twitter.com\/widgets.js\" charset=\"utf-8\"><\/script><script type=\"text\/plain\" class=\"optanon-category-C0001-C0002-C0003-C0004-C0005\">\n  !function(f,b,e,v,n,t,s)if(f.fbq)return;n=f.fbq=function()n.callMethod?\n      n.callMethod.apply(n,arguments):n.queue.push(arguments);if(!f._fbq)f._fbq=n;\n      n.push=n;n.loaded=!0;n.version='2.0';n.queue=[];t=b.createElement(e);t.async=!0;\n      t.src=v;s=b.getElementsByTagName(e)[0];\n      s.parentNode.insertBefore(t,s)(window,document,'script','\n  fbq('init', '1621685564716533');\n  fbq('track', \"PageView\");\n  var _fbPartnerID = null;\n  if (_fbPartnerID !== null) \n    fbq('init', _fbPartnerID + '');\n    fbq('track', \"PageView\");\n<\/script><\/p>\n<p>A lire:<\/p>\n<p>Dictionnaire administratif et historique des rues de Paris et de ses monuments\/Justice (place du Palais-de-),<a target=\"_blank\" rel=\"nofollow\" href=\"https:\/\/www.tribunal-nature.org\/blog\/goto\/https:\/\/fr.wikisource.org\/wiki\/Dictionnaire_administratif_et_historique_des_rues_de_Paris_et_de_ses_monuments\/Justice_(place_du_Palais-de-)\"  target=\"_blank\" rel=\"noopener noreferrer nofollow\">(la couverture) <\/a><span><\/span>. Disponible \u00e0 l\u2019achat sur les plateformes Amazon, Fnac, Cultura \u2026.<\/p>\n<p>Liens dangereux,<a target=\"_blank\" rel=\"nofollow\" href=\"https:\/\/www.tribunal-nature.org\/blog\/goto\/https:\/\/www.kobo.com\/fr\/fr\/ebook\/liens-dangereux\"  target=\"_blank\" rel=\"noopener noreferrer nofollow\">A voir et \u00e0 lire. <\/a><span><\/span>.<\/p>\n<p>Syst\u00e8mes juridiques communautaires\/Les actes de droit d\u00e9riv\u00e9 dans les autres piliers de l\u2019Union europ\u00e9enne,<a target=\"_blank\" rel=\"nofollow\" href=\"https:\/\/www.tribunal-nature.org\/blog\/goto\/https:\/\/fr.wikibooks.org\/wiki\/Syst%C3%A8mes_juridiques_communautaires\/Les_actes_de_droit_d%C3%A9riv%C3%A9_dans_les_autres_piliers_de_l%27Union_europ%C3%A9enne\"  target=\"_blank\" rel=\"noopener noreferrer nofollow\">Le livre <\/a><span><\/span>.<\/p>\n<\/div>\n","protected":false},"excerpt":{"rendered":"<p>Voil\u00e0 qui va vous plaire : Un nouveau post que nous venons de voir sur internet et que nous vous&#8230;<\/p>\n","protected":false},"author":3,"featured_media":801,"comment_status":"closed","ping_status":"closed","sticky":false,"template":"","format":"standard","meta":{"footnotes":""},"categories":[2],"tags":[],"class_list":["post-800","post","type-post","status-publish","format-standard","has-post-thumbnail","hentry","category-droit-de-lenvironnement","wpcat-2-id"],"yoast_head":"<!-- This site is optimized with the Yoast SEO plugin v27.5 - https:\/\/yoast.com\/product\/yoast-seo-wordpress\/ -->\n<title>Vous aimerez cet \u00e9crit : DOJ Launches Hate Crime Probe Into Killing Of Muslim Boy - TRIBUNAL-NATURE<\/title>\n<meta name=\"description\" content=\"Vous aimerez cet \u00e9crit : DOJ Launches Hate Crime Probe Into Killing Of Muslim Boy article de TRIBUNAL-NATURE\" \/>\n<meta name=\"robots\" content=\"index, follow, max-snippet:-1, max-image-preview:large, max-video-preview:-1\" \/>\n<link rel=\"canonical\" href=\"https:\/\/www.tribunal-nature.org\/blog\/vous-aimerez-cet-ecrit-doj-launches-hate-crime-probe-into-killing-of-muslim-boy\/\" \/>\n<meta property=\"og:locale\" content=\"fr_FR\" \/>\n<meta property=\"og:type\" content=\"article\" \/>\n<meta property=\"og:title\" content=\"Vous aimerez cet \u00e9crit : DOJ Launches Hate Crime Probe Into Killing Of Muslim Boy - TRIBUNAL-NATURE\" \/>\n<meta property=\"og:description\" content=\"Vous aimerez cet \u00e9crit : DOJ Launches Hate Crime Probe Into Killing Of Muslim Boy article de TRIBUNAL-NATURE\" \/>\n<meta property=\"og:url\" content=\"https:\/\/www.tribunal-nature.org\/blog\/vous-aimerez-cet-ecrit-doj-launches-hate-crime-probe-into-killing-of-muslim-boy\/\" \/>\n<meta property=\"og:site_name\" content=\"TRIBUNAL-NATURE\" \/>\n<meta property=\"article:published_time\" content=\"2023-10-16T19:11:33+00:00\" \/>\n<meta property=\"og:image\" content=\"https:\/\/www.tribunal-nature.org\/blog\/wp-content\/uploads\/2023\/10\/Vous-aimerez-cet-ecrit-DOJ-Launches-Hate-Crime-Probe.png\" \/>\n<meta name=\"author\" content=\"Isabelle LOUBEAU\" \/>\n<meta name=\"twitter:card\" content=\"summary_large_image\" \/>\n<meta name=\"twitter:label1\" content=\"\u00c9crit par\" \/>\n\t<meta name=\"twitter:data1\" content=\"Isabelle LOUBEAU\" \/>\n\t<meta name=\"twitter:label2\" content=\"Dur\u00e9e de lecture estim\u00e9e\" \/>\n\t<meta name=\"twitter:data2\" content=\"5 minutes\" \/>\n<script type=\"application\/ld+json\" class=\"yoast-schema-graph\">{\"@context\":\"https:\\\/\\\/schema.org\",\"@graph\":[{\"@type\":\"Article\",\"@id\":\"https:\\\/\\\/www.tribunal-nature.org\\\/blog\\\/vous-aimerez-cet-ecrit-doj-launches-hate-crime-probe-into-killing-of-muslim-boy\\\/#article\",\"isPartOf\":{\"@id\":\"https:\\\/\\\/www.tribunal-nature.org\\\/blog\\\/vous-aimerez-cet-ecrit-doj-launches-hate-crime-probe-into-killing-of-muslim-boy\\\/\"},\"author\":{\"name\":\"Isabelle LOUBEAU\",\"@id\":\"https:\\\/\\\/www.tribunal-nature.org\\\/blog\\\/#\\\/schema\\\/person\\\/55761caf7544da6b05b60523f2a0855f\"},\"headline\":\"Vous aimerez cet \u00e9crit : DOJ Launches Hate Crime Probe Into Killing Of Muslim Boy\",\"datePublished\":\"2023-10-16T19:11:33+00:00\",\"mainEntityOfPage\":{\"@id\":\"https:\\\/\\\/www.tribunal-nature.org\\\/blog\\\/vous-aimerez-cet-ecrit-doj-launches-hate-crime-probe-into-killing-of-muslim-boy\\\/\"},\"wordCount\":914,\"publisher\":{\"@id\":\"https:\\\/\\\/www.tribunal-nature.org\\\/blog\\\/#organization\"},\"image\":{\"@id\":\"https:\\\/\\\/www.tribunal-nature.org\\\/blog\\\/vous-aimerez-cet-ecrit-doj-launches-hate-crime-probe-into-killing-of-muslim-boy\\\/#primaryimage\"},\"thumbnailUrl\":\"https:\\\/\\\/www.tribunal-nature.org\\\/blog\\\/wp-content\\\/uploads\\\/2023\\\/10\\\/Vous-aimerez-cet-ecrit-DOJ-Launches-Hate-Crime-Probe.png\",\"articleSection\":[\"Droit De L'Environnement:\"],\"inLanguage\":\"fr-FR\"},{\"@type\":\"WebPage\",\"@id\":\"https:\\\/\\\/www.tribunal-nature.org\\\/blog\\\/vous-aimerez-cet-ecrit-doj-launches-hate-crime-probe-into-killing-of-muslim-boy\\\/\",\"url\":\"https:\\\/\\\/www.tribunal-nature.org\\\/blog\\\/vous-aimerez-cet-ecrit-doj-launches-hate-crime-probe-into-killing-of-muslim-boy\\\/\",\"name\":\"Vous aimerez cet \u00e9crit : DOJ Launches Hate Crime Probe Into Killing Of Muslim Boy - TRIBUNAL-NATURE\",\"isPartOf\":{\"@id\":\"https:\\\/\\\/www.tribunal-nature.org\\\/blog\\\/#website\"},\"primaryImageOfPage\":{\"@id\":\"https:\\\/\\\/www.tribunal-nature.org\\\/blog\\\/vous-aimerez-cet-ecrit-doj-launches-hate-crime-probe-into-killing-of-muslim-boy\\\/#primaryimage\"},\"image\":{\"@id\":\"https:\\\/\\\/www.tribunal-nature.org\\\/blog\\\/vous-aimerez-cet-ecrit-doj-launches-hate-crime-probe-into-killing-of-muslim-boy\\\/#primaryimage\"},\"thumbnailUrl\":\"https:\\\/\\\/www.tribunal-nature.org\\\/blog\\\/wp-content\\\/uploads\\\/2023\\\/10\\\/Vous-aimerez-cet-ecrit-DOJ-Launches-Hate-Crime-Probe.png\",\"datePublished\":\"2023-10-16T19:11:33+00:00\",\"description\":\"Vous aimerez cet \u00e9crit : DOJ Launches Hate Crime Probe Into Killing Of Muslim Boy article de TRIBUNAL-NATURE\",\"breadcrumb\":{\"@id\":\"https:\\\/\\\/www.tribunal-nature.org\\\/blog\\\/vous-aimerez-cet-ecrit-doj-launches-hate-crime-probe-into-killing-of-muslim-boy\\\/#breadcrumb\"},\"inLanguage\":\"fr-FR\",\"potentialAction\":[{\"@type\":\"ReadAction\",\"target\":[\"https:\\\/\\\/www.tribunal-nature.org\\\/blog\\\/vous-aimerez-cet-ecrit-doj-launches-hate-crime-probe-into-killing-of-muslim-boy\\\/\"]}]},{\"@type\":\"ImageObject\",\"inLanguage\":\"fr-FR\",\"@id\":\"https:\\\/\\\/www.tribunal-nature.org\\\/blog\\\/vous-aimerez-cet-ecrit-doj-launches-hate-crime-probe-into-killing-of-muslim-boy\\\/#primaryimage\",\"url\":\"https:\\\/\\\/www.tribunal-nature.org\\\/blog\\\/wp-content\\\/uploads\\\/2023\\\/10\\\/Vous-aimerez-cet-ecrit-DOJ-Launches-Hate-Crime-Probe.png\",\"contentUrl\":\"https:\\\/\\\/www.tribunal-nature.org\\\/blog\\\/wp-content\\\/uploads\\\/2023\\\/10\\\/Vous-aimerez-cet-ecrit-DOJ-Launches-Hate-Crime-Probe.png\",\"width\":711,\"height\":886,\"caption\":\"Vous aimerez cet ecrit DOJ Launches Hate Crime Probe\"},{\"@type\":\"BreadcrumbList\",\"@id\":\"https:\\\/\\\/www.tribunal-nature.org\\\/blog\\\/vous-aimerez-cet-ecrit-doj-launches-hate-crime-probe-into-killing-of-muslim-boy\\\/#breadcrumb\",\"itemListElement\":[{\"@type\":\"ListItem\",\"position\":1,\"name\":\"Accueil\",\"item\":\"https:\\\/\\\/www.tribunal-nature.org\\\/blog\\\/\"},{\"@type\":\"ListItem\",\"position\":2,\"name\":\"Vous aimerez cet \u00e9crit : DOJ Launches Hate Crime Probe Into Killing Of Muslim Boy\"}]},{\"@type\":\"WebSite\",\"@id\":\"https:\\\/\\\/www.tribunal-nature.org\\\/blog\\\/#website\",\"url\":\"https:\\\/\\\/www.tribunal-nature.org\\\/blog\\\/\",\"name\":\"TRIBUNAL-NATURE\",\"description\":\"Droit De L&#039;Environnement.\",\"publisher\":{\"@id\":\"https:\\\/\\\/www.tribunal-nature.org\\\/blog\\\/#organization\"},\"potentialAction\":[{\"@type\":\"SearchAction\",\"target\":{\"@type\":\"EntryPoint\",\"urlTemplate\":\"https:\\\/\\\/www.tribunal-nature.org\\\/blog\\\/?s={search_term_string}\"},\"query-input\":{\"@type\":\"PropertyValueSpecification\",\"valueRequired\":true,\"valueName\":\"search_term_string\"}}],\"inLanguage\":\"fr-FR\"},{\"@type\":\"Organization\",\"@id\":\"https:\\\/\\\/www.tribunal-nature.org\\\/blog\\\/#organization\",\"name\":\"tribunal-nature\",\"url\":\"https:\\\/\\\/www.tribunal-nature.org\\\/blog\\\/\",\"logo\":{\"@type\":\"ImageObject\",\"inLanguage\":\"fr-FR\",\"@id\":\"https:\\\/\\\/www.tribunal-nature.org\\\/blog\\\/#\\\/schema\\\/logo\\\/image\\\/\",\"url\":\"https:\\\/\\\/www.tribunal-nature.org\\\/blog\\\/wp-content\\\/uploads\\\/2022\\\/05\\\/logo-2.png\",\"contentUrl\":\"https:\\\/\\\/www.tribunal-nature.org\\\/blog\\\/wp-content\\\/uploads\\\/2022\\\/05\\\/logo-2.png\",\"width\":180,\"height\":180,\"caption\":\"tribunal-nature\"},\"image\":{\"@id\":\"https:\\\/\\\/www.tribunal-nature.org\\\/blog\\\/#\\\/schema\\\/logo\\\/image\\\/\"}},{\"@type\":\"Person\",\"@id\":\"https:\\\/\\\/www.tribunal-nature.org\\\/blog\\\/#\\\/schema\\\/person\\\/55761caf7544da6b05b60523f2a0855f\",\"name\":\"Isabelle LOUBEAU\",\"image\":{\"@type\":\"ImageObject\",\"inLanguage\":\"fr-FR\",\"@id\":\"https:\\\/\\\/secure.gravatar.com\\\/avatar\\\/b6912620aca78633bf5d50400888815d3b38a1118e82b94050843f411f3f5972?s=96&d=mm&r=g\",\"url\":\"https:\\\/\\\/secure.gravatar.com\\\/avatar\\\/b6912620aca78633bf5d50400888815d3b38a1118e82b94050843f411f3f5972?s=96&d=mm&r=g\",\"contentUrl\":\"https:\\\/\\\/secure.gravatar.com\\\/avatar\\\/b6912620aca78633bf5d50400888815d3b38a1118e82b94050843f411f3f5972?s=96&d=mm&r=g\",\"caption\":\"Isabelle LOUBEAU\"},\"url\":\"https:\\\/\\\/www.tribunal-nature.org\\\/blog\\\/author\\\/ureisabelle\\\/\"}]}<\/script>\n<!-- \/ Yoast SEO plugin. -->","yoast_head_json":{"title":"Vous aimerez cet \u00e9crit : DOJ Launches Hate Crime Probe Into Killing Of Muslim Boy - TRIBUNAL-NATURE","description":"Vous aimerez cet \u00e9crit : DOJ Launches Hate Crime Probe Into Killing Of Muslim Boy article de TRIBUNAL-NATURE","robots":{"index":"index","follow":"follow","max-snippet":"max-snippet:-1","max-image-preview":"max-image-preview:large","max-video-preview":"max-video-preview:-1"},"canonical":"https:\/\/www.tribunal-nature.org\/blog\/vous-aimerez-cet-ecrit-doj-launches-hate-crime-probe-into-killing-of-muslim-boy\/","og_locale":"fr_FR","og_type":"article","og_title":"Vous aimerez cet \u00e9crit : DOJ Launches Hate Crime Probe Into Killing Of Muslim Boy - TRIBUNAL-NATURE","og_description":"Vous aimerez cet \u00e9crit : DOJ Launches Hate Crime Probe Into Killing Of Muslim Boy article de TRIBUNAL-NATURE","og_url":"https:\/\/www.tribunal-nature.org\/blog\/vous-aimerez-cet-ecrit-doj-launches-hate-crime-probe-into-killing-of-muslim-boy\/","og_site_name":"TRIBUNAL-NATURE","article_published_time":"2023-10-16T19:11:33+00:00","og_image":[{"url":"https:\/\/www.tribunal-nature.org\/blog\/wp-content\/uploads\/2023\/10\/Vous-aimerez-cet-ecrit-DOJ-Launches-Hate-Crime-Probe.png","type":"","width":"","height":""}],"author":"Isabelle LOUBEAU","twitter_card":"summary_large_image","twitter_misc":{"\u00c9crit par":"Isabelle LOUBEAU","Dur\u00e9e de lecture estim\u00e9e":"5 minutes"},"schema":{"@context":"https:\/\/schema.org","@graph":[{"@type":"Article","@id":"https:\/\/www.tribunal-nature.org\/blog\/vous-aimerez-cet-ecrit-doj-launches-hate-crime-probe-into-killing-of-muslim-boy\/#article","isPartOf":{"@id":"https:\/\/www.tribunal-nature.org\/blog\/vous-aimerez-cet-ecrit-doj-launches-hate-crime-probe-into-killing-of-muslim-boy\/"},"author":{"name":"Isabelle LOUBEAU","@id":"https:\/\/www.tribunal-nature.org\/blog\/#\/schema\/person\/55761caf7544da6b05b60523f2a0855f"},"headline":"Vous aimerez cet \u00e9crit : DOJ Launches Hate Crime Probe Into Killing Of Muslim Boy","datePublished":"2023-10-16T19:11:33+00:00","mainEntityOfPage":{"@id":"https:\/\/www.tribunal-nature.org\/blog\/vous-aimerez-cet-ecrit-doj-launches-hate-crime-probe-into-killing-of-muslim-boy\/"},"wordCount":914,"publisher":{"@id":"https:\/\/www.tribunal-nature.org\/blog\/#organization"},"image":{"@id":"https:\/\/www.tribunal-nature.org\/blog\/vous-aimerez-cet-ecrit-doj-launches-hate-crime-probe-into-killing-of-muslim-boy\/#primaryimage"},"thumbnailUrl":"https:\/\/www.tribunal-nature.org\/blog\/wp-content\/uploads\/2023\/10\/Vous-aimerez-cet-ecrit-DOJ-Launches-Hate-Crime-Probe.png","articleSection":["Droit De L'Environnement:"],"inLanguage":"fr-FR"},{"@type":"WebPage","@id":"https:\/\/www.tribunal-nature.org\/blog\/vous-aimerez-cet-ecrit-doj-launches-hate-crime-probe-into-killing-of-muslim-boy\/","url":"https:\/\/www.tribunal-nature.org\/blog\/vous-aimerez-cet-ecrit-doj-launches-hate-crime-probe-into-killing-of-muslim-boy\/","name":"Vous aimerez cet \u00e9crit : DOJ Launches Hate Crime Probe Into Killing Of Muslim Boy - TRIBUNAL-NATURE","isPartOf":{"@id":"https:\/\/www.tribunal-nature.org\/blog\/#website"},"primaryImageOfPage":{"@id":"https:\/\/www.tribunal-nature.org\/blog\/vous-aimerez-cet-ecrit-doj-launches-hate-crime-probe-into-killing-of-muslim-boy\/#primaryimage"},"image":{"@id":"https:\/\/www.tribunal-nature.org\/blog\/vous-aimerez-cet-ecrit-doj-launches-hate-crime-probe-into-killing-of-muslim-boy\/#primaryimage"},"thumbnailUrl":"https:\/\/www.tribunal-nature.org\/blog\/wp-content\/uploads\/2023\/10\/Vous-aimerez-cet-ecrit-DOJ-Launches-Hate-Crime-Probe.png","datePublished":"2023-10-16T19:11:33+00:00","description":"Vous aimerez cet \u00e9crit : DOJ Launches Hate Crime Probe Into Killing Of Muslim Boy article de TRIBUNAL-NATURE","breadcrumb":{"@id":"https:\/\/www.tribunal-nature.org\/blog\/vous-aimerez-cet-ecrit-doj-launches-hate-crime-probe-into-killing-of-muslim-boy\/#breadcrumb"},"inLanguage":"fr-FR","potentialAction":[{"@type":"ReadAction","target":["https:\/\/www.tribunal-nature.org\/blog\/vous-aimerez-cet-ecrit-doj-launches-hate-crime-probe-into-killing-of-muslim-boy\/"]}]},{"@type":"ImageObject","inLanguage":"fr-FR","@id":"https:\/\/www.tribunal-nature.org\/blog\/vous-aimerez-cet-ecrit-doj-launches-hate-crime-probe-into-killing-of-muslim-boy\/#primaryimage","url":"https:\/\/www.tribunal-nature.org\/blog\/wp-content\/uploads\/2023\/10\/Vous-aimerez-cet-ecrit-DOJ-Launches-Hate-Crime-Probe.png","contentUrl":"https:\/\/www.tribunal-nature.org\/blog\/wp-content\/uploads\/2023\/10\/Vous-aimerez-cet-ecrit-DOJ-Launches-Hate-Crime-Probe.png","width":711,"height":886,"caption":"Vous aimerez cet ecrit DOJ Launches Hate Crime Probe"},{"@type":"BreadcrumbList","@id":"https:\/\/www.tribunal-nature.org\/blog\/vous-aimerez-cet-ecrit-doj-launches-hate-crime-probe-into-killing-of-muslim-boy\/#breadcrumb","itemListElement":[{"@type":"ListItem","position":1,"name":"Accueil","item":"https:\/\/www.tribunal-nature.org\/blog\/"},{"@type":"ListItem","position":2,"name":"Vous aimerez cet \u00e9crit : DOJ Launches Hate Crime Probe Into Killing Of Muslim Boy"}]},{"@type":"WebSite","@id":"https:\/\/www.tribunal-nature.org\/blog\/#website","url":"https:\/\/www.tribunal-nature.org\/blog\/","name":"TRIBUNAL-NATURE","description":"Droit De L&#039;Environnement.","publisher":{"@id":"https:\/\/www.tribunal-nature.org\/blog\/#organization"},"potentialAction":[{"@type":"SearchAction","target":{"@type":"EntryPoint","urlTemplate":"https:\/\/www.tribunal-nature.org\/blog\/?s={search_term_string}"},"query-input":{"@type":"PropertyValueSpecification","valueRequired":true,"valueName":"search_term_string"}}],"inLanguage":"fr-FR"},{"@type":"Organization","@id":"https:\/\/www.tribunal-nature.org\/blog\/#organization","name":"tribunal-nature","url":"https:\/\/www.tribunal-nature.org\/blog\/","logo":{"@type":"ImageObject","inLanguage":"fr-FR","@id":"https:\/\/www.tribunal-nature.org\/blog\/#\/schema\/logo\/image\/","url":"https:\/\/www.tribunal-nature.org\/blog\/wp-content\/uploads\/2022\/05\/logo-2.png","contentUrl":"https:\/\/www.tribunal-nature.org\/blog\/wp-content\/uploads\/2022\/05\/logo-2.png","width":180,"height":180,"caption":"tribunal-nature"},"image":{"@id":"https:\/\/www.tribunal-nature.org\/blog\/#\/schema\/logo\/image\/"}},{"@type":"Person","@id":"https:\/\/www.tribunal-nature.org\/blog\/#\/schema\/person\/55761caf7544da6b05b60523f2a0855f","name":"Isabelle LOUBEAU","image":{"@type":"ImageObject","inLanguage":"fr-FR","@id":"https:\/\/secure.gravatar.com\/avatar\/b6912620aca78633bf5d50400888815d3b38a1118e82b94050843f411f3f5972?s=96&d=mm&r=g","url":"https:\/\/secure.gravatar.com\/avatar\/b6912620aca78633bf5d50400888815d3b38a1118e82b94050843f411f3f5972?s=96&d=mm&r=g","contentUrl":"https:\/\/secure.gravatar.com\/avatar\/b6912620aca78633bf5d50400888815d3b38a1118e82b94050843f411f3f5972?s=96&d=mm&r=g","caption":"Isabelle LOUBEAU"},"url":"https:\/\/www.tribunal-nature.org\/blog\/author\/ureisabelle\/"}]}},"_links":{"self":[{"href":"https:\/\/www.tribunal-nature.org\/blog\/wp-json\/wp\/v2\/posts\/800","targetHints":{"allow":["GET"]}}],"collection":[{"href":"https:\/\/www.tribunal-nature.org\/blog\/wp-json\/wp\/v2\/posts"}],"about":[{"href":"https:\/\/www.tribunal-nature.org\/blog\/wp-json\/wp\/v2\/types\/post"}],"author":[{"embeddable":true,"href":"https:\/\/www.tribunal-nature.org\/blog\/wp-json\/wp\/v2\/users\/3"}],"replies":[{"embeddable":true,"href":"https:\/\/www.tribunal-nature.org\/blog\/wp-json\/wp\/v2\/comments?post=800"}],"version-history":[{"count":0,"href":"https:\/\/www.tribunal-nature.org\/blog\/wp-json\/wp\/v2\/posts\/800\/revisions"}],"wp:featuredmedia":[{"embeddable":true,"href":"https:\/\/www.tribunal-nature.org\/blog\/wp-json\/wp\/v2\/media\/801"}],"wp:attachment":[{"href":"https:\/\/www.tribunal-nature.org\/blog\/wp-json\/wp\/v2\/media?parent=800"}],"wp:term":[{"taxonomy":"category","embeddable":true,"href":"https:\/\/www.tribunal-nature.org\/blog\/wp-json\/wp\/v2\/categories?post=800"},{"taxonomy":"post_tag","embeddable":true,"href":"https:\/\/www.tribunal-nature.org\/blog\/wp-json\/wp\/v2\/tags?post=800"}],"curies":[{"name":"wp","href":"https:\/\/api.w.org\/{rel}","templated":true}]}}