{"id":798,"date":"2023-10-16T12:11:44","date_gmt":"2023-10-16T10:11:44","guid":{"rendered":"https:\/\/www.tribunal-nature.org\/blog\/conference-de-droit-de-la-fao-2023-reflexions-juridiques-sur-leau-cest-la-vie-leau-cest-la-nourriture-ne-laisser-personne-de-cote-soci\/"},"modified":"2023-10-16T12:11:44","modified_gmt":"2023-10-16T10:11:44","slug":"conference-de-droit-de-la-fao-2023-reflexions-juridiques-sur-leau-cest-la-vie-leau-cest-la-nourriture-ne-laisser-personne-de-cote-soci","status":"publish","type":"post","link":"https:\/\/www.tribunal-nature.org\/blog\/conference-de-droit-de-la-fao-2023-reflexions-juridiques-sur-leau-cest-la-vie-leau-cest-la-nourriture-ne-laisser-personne-de-cote-soci\/","title":{"rendered":"Conf\u00e9rence de droit de la FAO 2023 |  R\u00e9flexions juridiques sur \u00ab L\u2019eau c\u2019est la vie, l\u2019eau c\u2019est la nourriture.  Ne laisser personne de c\u00f4t\u00e9 \u00bb \u2013 Soci\u00e9t\u00e9 europ\u00e9enne de droit international"},"content":{"rendered":"<div><img width=\"580\" height=\"283\" src=\"https:\/\/www.tribunal-nature.org\/blog\/wp-content\/uploads\/2023\/10\/Conference-de-droit-de-la-FAO-2023-Reflexions-juridiques-1024x499-1.png\" class=\"attachment-large size-large wp-post-image\" alt=\"Conference-de-droit-de-la-FAO-2023-Reflexions-juridiques\" decoding=\"async\" style=\"float:left; margin:0 15px 15px 0;\" srcset=\"https:\/\/www.tribunal-nature.org\/blog\/wp-content\/uploads\/2023\/10\/Conference-de-droit-de-la-FAO-2023-Reflexions-juridiques-1024x499-1.png 1024w, https:\/\/www.site.cdcl.xyz\/wp-content\/uploads\/2023\/10\/Conference-de-droit-de-la-FAO-2023-Reflexions-juridiques-300x146.png 300w, https:\/\/www.site.cdcl.xyz\/wp-content\/uploads\/2023\/10\/Conference-de-droit-de-la-FAO-2023-Reflexions-juridiques-768x374.png 768w, https:\/\/www.tribunal-nature.org\/blog\/wp-content\/uploads\/2023\/10\/Conference-de-droit-de-la-FAO-2023-Reflexions-juridiques.png 1071w\" sizes=\"(max-width: 580px) 100vw, 580px\"><\/p>\n<div>\n<p>L\u2019Organisation des Nations Unies pour l\u2019alimentation et l\u2019agriculture (FAO) est heureuse d\u2019annoncer son prochain <strong>Conf\u00e9rence de droit de la FAO 2023\u00a0: R\u00e9flexions juridiques sur <em>\u00ab L\u2019eau c\u2019est la vie, l\u2019eau c\u2019est la nourriture.  Ne laissez personne de c\u00f4t\u00e9 \u00bb<\/em><\/strong>.  Il sera livr\u00e9 par<strong> Juge Maria Teresa Infante Caffi<\/strong> sur <strong>Mardi 31 octobre 2023 de 14h00 \u00e0 15h30 CET<\/strong>.<\/p>\n<p>Dans le cadre des \u00e9v\u00e9nements parall\u00e8les du <strong>#Journ\u00e9eMondialeDe L\u2019Alimentation<\/strong> c\u00e9l\u00e9brations, cette conf\u00e9rence est la deuxi\u00e8me d\u2019une s\u00e9rie de conf\u00e9rences annuelles sur le droit.  L\u2019objectif est de fournir un forum dans lequel les experts peuvent r\u00e9fl\u00e9chir et partager leurs r\u00e9flexions sur les aspects juridiques du mandat de la FAO, y compris du point de vue du droit international public g\u00e9n\u00e9ral.<\/p>\n<p>La conf\u00e9rence sera dispens\u00e9e virtuellement en anglais, avec interpr\u00e9tation en espagnol et en fran\u00e7ais et se terminera par une s\u00e9ance de questions et r\u00e9ponses (Q&amp;A).<\/p>\n<p>De plus amples informations sur l\u2019\u00e9v\u00e9nement sont disponibles ici.<\/p>\n<p>Veuillez nous rejoindre pour le <strong>Conf\u00e9rence de droit de la FAO 2023<\/strong>en utilisant le lien suivant pour vous inscrire: <\/p>\n<p><img decoding=\"async\" class=\"wp-image-36677 size-full aligncenter\" src=\"https:\/\/www.tribunal-nature.org\/blog\/wp-content\/uploads\/2023\/10\/Conference-de-droit-de-la-FAO-2023-Reflexions-juridiques.png\" alt=\"Conference-de-droit-de-la-FAO-2023-Reflexions-juridiques\" width=\"1071\" height=\"522\"><\/p>\n<\/div>\n<\/div>\n","protected":false},"excerpt":{"rendered":"<p>L\u2019Organisation des Nations Unies pour l\u2019alimentation et l\u2019agriculture (FAO) est heureuse d\u2019annoncer son prochain Conf\u00e9rence de droit de la FAO&#8230;<\/p>\n","protected":false},"author":3,"featured_media":799,"comment_status":"closed","ping_status":"closed","sticky":false,"template":"","format":"standard","meta":{"footnotes":""},"categories":[2],"tags":[],"class_list":["post-798","post","type-post","status-publish","format-standard","has-post-thumbnail","hentry","category-droit-de-lenvironnement","wpcat-2-id"],"yoast_head":"<!-- This site is optimized with the Yoast SEO plugin v27.5 - https:\/\/yoast.com\/product\/yoast-seo-wordpress\/ -->\n<title>Conf\u00e9rence de droit de la FAO 2023 | R\u00e9flexions juridiques sur \u00ab L\u2019eau c\u2019est la vie, l\u2019eau c\u2019est la nourriture. Ne laisser personne de c\u00f4t\u00e9 \u00bb \u2013 Soci\u00e9t\u00e9 europ\u00e9enne de droit international - TRIBUNAL-NATURE<\/title>\n<meta name=\"description\" content=\"Conf\u00e9rence de droit de la FAO 2023 | R\u00e9flexions juridiques sur \u00ab L\u2019eau c\u2019est la vie, l\u2019eau c\u2019est la nourriture. Ne laisser personne de c\u00f4t\u00e9 \u00bb \u2013 Soci\u00e9t\u00e9 europ\u00e9enne de droit international article de TRIBUNAL-NATURE\" \/>\n<meta name=\"robots\" content=\"index, follow, max-snippet:-1, max-image-preview:large, max-video-preview:-1\" \/>\n<link rel=\"canonical\" href=\"https:\/\/www.tribunal-nature.org\/blog\/conference-de-droit-de-la-fao-2023-reflexions-juridiques-sur-leau-cest-la-vie-leau-cest-la-nourriture-ne-laisser-personne-de-cote-soci\/\" \/>\n<meta property=\"og:locale\" content=\"fr_FR\" \/>\n<meta property=\"og:type\" content=\"article\" \/>\n<meta property=\"og:title\" content=\"Conf\u00e9rence de droit de la FAO 2023 | R\u00e9flexions juridiques sur \u00ab L\u2019eau c\u2019est la vie, l\u2019eau c\u2019est la nourriture. Ne laisser personne de c\u00f4t\u00e9 \u00bb \u2013 Soci\u00e9t\u00e9 europ\u00e9enne de droit international - TRIBUNAL-NATURE\" \/>\n<meta property=\"og:description\" content=\"Conf\u00e9rence de droit de la FAO 2023 | R\u00e9flexions juridiques sur \u00ab L\u2019eau c\u2019est la vie, l\u2019eau c\u2019est la nourriture. Ne laisser personne de c\u00f4t\u00e9 \u00bb \u2013 Soci\u00e9t\u00e9 europ\u00e9enne de droit international article de TRIBUNAL-NATURE\" \/>\n<meta property=\"og:url\" content=\"https:\/\/www.tribunal-nature.org\/blog\/conference-de-droit-de-la-fao-2023-reflexions-juridiques-sur-leau-cest-la-vie-leau-cest-la-nourriture-ne-laisser-personne-de-cote-soci\/\" \/>\n<meta property=\"og:site_name\" content=\"TRIBUNAL-NATURE\" \/>\n<meta property=\"article:published_time\" content=\"2023-10-16T10:11:44+00:00\" \/>\n<meta property=\"og:image\" content=\"https:\/\/www.tribunal-nature.org\/blog\/wp-content\/uploads\/2023\/10\/Conference-de-droit-de-la-FAO-2023-Reflexions-juridiques-1024x499-1.png\" \/>\n<meta name=\"author\" content=\"Isabelle LOUBEAU\" \/>\n<meta name=\"twitter:card\" content=\"summary_large_image\" \/>\n<meta name=\"twitter:label1\" content=\"\u00c9crit par\" \/>\n\t<meta name=\"twitter:data1\" content=\"Isabelle LOUBEAU\" \/>\n\t<meta name=\"twitter:label2\" content=\"Dur\u00e9e de lecture estim\u00e9e\" \/>\n\t<meta name=\"twitter:data2\" content=\"1 minute\" \/>\n<script type=\"application\/ld+json\" class=\"yoast-schema-graph\">{\"@context\":\"https:\\\/\\\/schema.org\",\"@graph\":[{\"@type\":\"Article\",\"@id\":\"https:\\\/\\\/www.tribunal-nature.org\\\/blog\\\/conference-de-droit-de-la-fao-2023-reflexions-juridiques-sur-leau-cest-la-vie-leau-cest-la-nourriture-ne-laisser-personne-de-cote-soci\\\/#article\",\"isPartOf\":{\"@id\":\"https:\\\/\\\/www.tribunal-nature.org\\\/blog\\\/conference-de-droit-de-la-fao-2023-reflexions-juridiques-sur-leau-cest-la-vie-leau-cest-la-nourriture-ne-laisser-personne-de-cote-soci\\\/\"},\"author\":{\"name\":\"Isabelle LOUBEAU\",\"@id\":\"https:\\\/\\\/www.tribunal-nature.org\\\/blog\\\/#\\\/schema\\\/person\\\/55761caf7544da6b05b60523f2a0855f\"},\"headline\":\"Conf\u00e9rence de droit de la FAO 2023 | R\u00e9flexions juridiques sur \u00ab L\u2019eau c\u2019est la vie, l\u2019eau c\u2019est la nourriture. Ne laisser personne de c\u00f4t\u00e9 \u00bb \u2013 Soci\u00e9t\u00e9 europ\u00e9enne de droit international\",\"datePublished\":\"2023-10-16T10:11:44+00:00\",\"mainEntityOfPage\":{\"@id\":\"https:\\\/\\\/www.tribunal-nature.org\\\/blog\\\/conference-de-droit-de-la-fao-2023-reflexions-juridiques-sur-leau-cest-la-vie-leau-cest-la-nourriture-ne-laisser-personne-de-cote-soci\\\/\"},\"wordCount\":239,\"publisher\":{\"@id\":\"https:\\\/\\\/www.tribunal-nature.org\\\/blog\\\/#organization\"},\"image\":{\"@id\":\"https:\\\/\\\/www.tribunal-nature.org\\\/blog\\\/conference-de-droit-de-la-fao-2023-reflexions-juridiques-sur-leau-cest-la-vie-leau-cest-la-nourriture-ne-laisser-personne-de-cote-soci\\\/#primaryimage\"},\"thumbnailUrl\":\"https:\\\/\\\/www.tribunal-nature.org\\\/blog\\\/wp-content\\\/uploads\\\/2023\\\/10\\\/Conference-de-droit-de-la-FAO-2023-Reflexions-juridiques-1024x499-1.png\",\"articleSection\":[\"Droit De L'Environnement:\"],\"inLanguage\":\"fr-FR\"},{\"@type\":\"WebPage\",\"@id\":\"https:\\\/\\\/www.tribunal-nature.org\\\/blog\\\/conference-de-droit-de-la-fao-2023-reflexions-juridiques-sur-leau-cest-la-vie-leau-cest-la-nourriture-ne-laisser-personne-de-cote-soci\\\/\",\"url\":\"https:\\\/\\\/www.tribunal-nature.org\\\/blog\\\/conference-de-droit-de-la-fao-2023-reflexions-juridiques-sur-leau-cest-la-vie-leau-cest-la-nourriture-ne-laisser-personne-de-cote-soci\\\/\",\"name\":\"Conf\u00e9rence de droit de la FAO 2023 | R\u00e9flexions juridiques sur \u00ab L\u2019eau c\u2019est la vie, l\u2019eau c\u2019est la nourriture. Ne laisser personne de c\u00f4t\u00e9 \u00bb \u2013 Soci\u00e9t\u00e9 europ\u00e9enne de droit international - TRIBUNAL-NATURE\",\"isPartOf\":{\"@id\":\"https:\\\/\\\/www.tribunal-nature.org\\\/blog\\\/#website\"},\"primaryImageOfPage\":{\"@id\":\"https:\\\/\\\/www.tribunal-nature.org\\\/blog\\\/conference-de-droit-de-la-fao-2023-reflexions-juridiques-sur-leau-cest-la-vie-leau-cest-la-nourriture-ne-laisser-personne-de-cote-soci\\\/#primaryimage\"},\"image\":{\"@id\":\"https:\\\/\\\/www.tribunal-nature.org\\\/blog\\\/conference-de-droit-de-la-fao-2023-reflexions-juridiques-sur-leau-cest-la-vie-leau-cest-la-nourriture-ne-laisser-personne-de-cote-soci\\\/#primaryimage\"},\"thumbnailUrl\":\"https:\\\/\\\/www.tribunal-nature.org\\\/blog\\\/wp-content\\\/uploads\\\/2023\\\/10\\\/Conference-de-droit-de-la-FAO-2023-Reflexions-juridiques-1024x499-1.png\",\"datePublished\":\"2023-10-16T10:11:44+00:00\",\"description\":\"Conf\u00e9rence de droit de la FAO 2023 | R\u00e9flexions juridiques sur \u00ab L\u2019eau c\u2019est la vie, l\u2019eau c\u2019est la nourriture. Ne laisser personne de c\u00f4t\u00e9 \u00bb \u2013 Soci\u00e9t\u00e9 europ\u00e9enne de droit international article de TRIBUNAL-NATURE\",\"breadcrumb\":{\"@id\":\"https:\\\/\\\/www.tribunal-nature.org\\\/blog\\\/conference-de-droit-de-la-fao-2023-reflexions-juridiques-sur-leau-cest-la-vie-leau-cest-la-nourriture-ne-laisser-personne-de-cote-soci\\\/#breadcrumb\"},\"inLanguage\":\"fr-FR\",\"potentialAction\":[{\"@type\":\"ReadAction\",\"target\":[\"https:\\\/\\\/www.tribunal-nature.org\\\/blog\\\/conference-de-droit-de-la-fao-2023-reflexions-juridiques-sur-leau-cest-la-vie-leau-cest-la-nourriture-ne-laisser-personne-de-cote-soci\\\/\"]}]},{\"@type\":\"ImageObject\",\"inLanguage\":\"fr-FR\",\"@id\":\"https:\\\/\\\/www.tribunal-nature.org\\\/blog\\\/conference-de-droit-de-la-fao-2023-reflexions-juridiques-sur-leau-cest-la-vie-leau-cest-la-nourriture-ne-laisser-personne-de-cote-soci\\\/#primaryimage\",\"url\":\"https:\\\/\\\/www.tribunal-nature.org\\\/blog\\\/wp-content\\\/uploads\\\/2023\\\/10\\\/Conference-de-droit-de-la-FAO-2023-Reflexions-juridiques-1024x499-1.png\",\"contentUrl\":\"https:\\\/\\\/www.tribunal-nature.org\\\/blog\\\/wp-content\\\/uploads\\\/2023\\\/10\\\/Conference-de-droit-de-la-FAO-2023-Reflexions-juridiques-1024x499-1.png\",\"width\":1024,\"height\":499,\"caption\":\"Conference de droit de la FAO 2023 Reflexions juridiques 1024x499 1\"},{\"@type\":\"BreadcrumbList\",\"@id\":\"https:\\\/\\\/www.tribunal-nature.org\\\/blog\\\/conference-de-droit-de-la-fao-2023-reflexions-juridiques-sur-leau-cest-la-vie-leau-cest-la-nourriture-ne-laisser-personne-de-cote-soci\\\/#breadcrumb\",\"itemListElement\":[{\"@type\":\"ListItem\",\"position\":1,\"name\":\"Accueil\",\"item\":\"https:\\\/\\\/www.tribunal-nature.org\\\/blog\\\/\"},{\"@type\":\"ListItem\",\"position\":2,\"name\":\"Conf\u00e9rence de droit de la FAO 2023 | R\u00e9flexions juridiques sur \u00ab L\u2019eau c\u2019est la vie, l\u2019eau c\u2019est la nourriture. Ne laisser personne de c\u00f4t\u00e9 \u00bb \u2013 Soci\u00e9t\u00e9 europ\u00e9enne de droit international\"}]},{\"@type\":\"WebSite\",\"@id\":\"https:\\\/\\\/www.tribunal-nature.org\\\/blog\\\/#website\",\"url\":\"https:\\\/\\\/www.tribunal-nature.org\\\/blog\\\/\",\"name\":\"TRIBUNAL-NATURE\",\"description\":\"Droit De L&#039;Environnement.\",\"publisher\":{\"@id\":\"https:\\\/\\\/www.tribunal-nature.org\\\/blog\\\/#organization\"},\"potentialAction\":[{\"@type\":\"SearchAction\",\"target\":{\"@type\":\"EntryPoint\",\"urlTemplate\":\"https:\\\/\\\/www.tribunal-nature.org\\\/blog\\\/?s={search_term_string}\"},\"query-input\":{\"@type\":\"PropertyValueSpecification\",\"valueRequired\":true,\"valueName\":\"search_term_string\"}}],\"inLanguage\":\"fr-FR\"},{\"@type\":\"Organization\",\"@id\":\"https:\\\/\\\/www.tribunal-nature.org\\\/blog\\\/#organization\",\"name\":\"tribunal-nature\",\"url\":\"https:\\\/\\\/www.tribunal-nature.org\\\/blog\\\/\",\"logo\":{\"@type\":\"ImageObject\",\"inLanguage\":\"fr-FR\",\"@id\":\"https:\\\/\\\/www.tribunal-nature.org\\\/blog\\\/#\\\/schema\\\/logo\\\/image\\\/\",\"url\":\"https:\\\/\\\/www.tribunal-nature.org\\\/blog\\\/wp-content\\\/uploads\\\/2022\\\/05\\\/logo-2.png\",\"contentUrl\":\"https:\\\/\\\/www.tribunal-nature.org\\\/blog\\\/wp-content\\\/uploads\\\/2022\\\/05\\\/logo-2.png\",\"width\":180,\"height\":180,\"caption\":\"tribunal-nature\"},\"image\":{\"@id\":\"https:\\\/\\\/www.tribunal-nature.org\\\/blog\\\/#\\\/schema\\\/logo\\\/image\\\/\"}},{\"@type\":\"Person\",\"@id\":\"https:\\\/\\\/www.tribunal-nature.org\\\/blog\\\/#\\\/schema\\\/person\\\/55761caf7544da6b05b60523f2a0855f\",\"name\":\"Isabelle LOUBEAU\",\"image\":{\"@type\":\"ImageObject\",\"inLanguage\":\"fr-FR\",\"@id\":\"https:\\\/\\\/secure.gravatar.com\\\/avatar\\\/b6912620aca78633bf5d50400888815d3b38a1118e82b94050843f411f3f5972?s=96&d=mm&r=g\",\"url\":\"https:\\\/\\\/secure.gravatar.com\\\/avatar\\\/b6912620aca78633bf5d50400888815d3b38a1118e82b94050843f411f3f5972?s=96&d=mm&r=g\",\"contentUrl\":\"https:\\\/\\\/secure.gravatar.com\\\/avatar\\\/b6912620aca78633bf5d50400888815d3b38a1118e82b94050843f411f3f5972?s=96&d=mm&r=g\",\"caption\":\"Isabelle LOUBEAU\"},\"url\":\"https:\\\/\\\/www.tribunal-nature.org\\\/blog\\\/author\\\/ureisabelle\\\/\"}]}<\/script>\n<!-- \/ Yoast SEO plugin. -->","yoast_head_json":{"title":"Conf\u00e9rence de droit de la FAO 2023 | R\u00e9flexions juridiques sur \u00ab L\u2019eau c\u2019est la vie, l\u2019eau c\u2019est la nourriture. Ne laisser personne de c\u00f4t\u00e9 \u00bb \u2013 Soci\u00e9t\u00e9 europ\u00e9enne de droit international - TRIBUNAL-NATURE","description":"Conf\u00e9rence de droit de la FAO 2023 | R\u00e9flexions juridiques sur \u00ab L\u2019eau c\u2019est la vie, l\u2019eau c\u2019est la nourriture. Ne laisser personne de c\u00f4t\u00e9 \u00bb \u2013 Soci\u00e9t\u00e9 europ\u00e9enne de droit international article de TRIBUNAL-NATURE","robots":{"index":"index","follow":"follow","max-snippet":"max-snippet:-1","max-image-preview":"max-image-preview:large","max-video-preview":"max-video-preview:-1"},"canonical":"https:\/\/www.tribunal-nature.org\/blog\/conference-de-droit-de-la-fao-2023-reflexions-juridiques-sur-leau-cest-la-vie-leau-cest-la-nourriture-ne-laisser-personne-de-cote-soci\/","og_locale":"fr_FR","og_type":"article","og_title":"Conf\u00e9rence de droit de la FAO 2023 | R\u00e9flexions juridiques sur \u00ab L\u2019eau c\u2019est la vie, l\u2019eau c\u2019est la nourriture. Ne laisser personne de c\u00f4t\u00e9 \u00bb \u2013 Soci\u00e9t\u00e9 europ\u00e9enne de droit international - TRIBUNAL-NATURE","og_description":"Conf\u00e9rence de droit de la FAO 2023 | R\u00e9flexions juridiques sur \u00ab L\u2019eau c\u2019est la vie, l\u2019eau c\u2019est la nourriture. Ne laisser personne de c\u00f4t\u00e9 \u00bb \u2013 Soci\u00e9t\u00e9 europ\u00e9enne de droit international article de TRIBUNAL-NATURE","og_url":"https:\/\/www.tribunal-nature.org\/blog\/conference-de-droit-de-la-fao-2023-reflexions-juridiques-sur-leau-cest-la-vie-leau-cest-la-nourriture-ne-laisser-personne-de-cote-soci\/","og_site_name":"TRIBUNAL-NATURE","article_published_time":"2023-10-16T10:11:44+00:00","og_image":[{"url":"https:\/\/www.tribunal-nature.org\/blog\/wp-content\/uploads\/2023\/10\/Conference-de-droit-de-la-FAO-2023-Reflexions-juridiques-1024x499-1.png","type":"","width":"","height":""}],"author":"Isabelle LOUBEAU","twitter_card":"summary_large_image","twitter_misc":{"\u00c9crit par":"Isabelle LOUBEAU","Dur\u00e9e de lecture estim\u00e9e":"1 minute"},"schema":{"@context":"https:\/\/schema.org","@graph":[{"@type":"Article","@id":"https:\/\/www.tribunal-nature.org\/blog\/conference-de-droit-de-la-fao-2023-reflexions-juridiques-sur-leau-cest-la-vie-leau-cest-la-nourriture-ne-laisser-personne-de-cote-soci\/#article","isPartOf":{"@id":"https:\/\/www.tribunal-nature.org\/blog\/conference-de-droit-de-la-fao-2023-reflexions-juridiques-sur-leau-cest-la-vie-leau-cest-la-nourriture-ne-laisser-personne-de-cote-soci\/"},"author":{"name":"Isabelle LOUBEAU","@id":"https:\/\/www.tribunal-nature.org\/blog\/#\/schema\/person\/55761caf7544da6b05b60523f2a0855f"},"headline":"Conf\u00e9rence de droit de la FAO 2023 | R\u00e9flexions juridiques sur \u00ab L\u2019eau c\u2019est la vie, l\u2019eau c\u2019est la nourriture. Ne laisser personne de c\u00f4t\u00e9 \u00bb \u2013 Soci\u00e9t\u00e9 europ\u00e9enne de droit international","datePublished":"2023-10-16T10:11:44+00:00","mainEntityOfPage":{"@id":"https:\/\/www.tribunal-nature.org\/blog\/conference-de-droit-de-la-fao-2023-reflexions-juridiques-sur-leau-cest-la-vie-leau-cest-la-nourriture-ne-laisser-personne-de-cote-soci\/"},"wordCount":239,"publisher":{"@id":"https:\/\/www.tribunal-nature.org\/blog\/#organization"},"image":{"@id":"https:\/\/www.tribunal-nature.org\/blog\/conference-de-droit-de-la-fao-2023-reflexions-juridiques-sur-leau-cest-la-vie-leau-cest-la-nourriture-ne-laisser-personne-de-cote-soci\/#primaryimage"},"thumbnailUrl":"https:\/\/www.tribunal-nature.org\/blog\/wp-content\/uploads\/2023\/10\/Conference-de-droit-de-la-FAO-2023-Reflexions-juridiques-1024x499-1.png","articleSection":["Droit De L'Environnement:"],"inLanguage":"fr-FR"},{"@type":"WebPage","@id":"https:\/\/www.tribunal-nature.org\/blog\/conference-de-droit-de-la-fao-2023-reflexions-juridiques-sur-leau-cest-la-vie-leau-cest-la-nourriture-ne-laisser-personne-de-cote-soci\/","url":"https:\/\/www.tribunal-nature.org\/blog\/conference-de-droit-de-la-fao-2023-reflexions-juridiques-sur-leau-cest-la-vie-leau-cest-la-nourriture-ne-laisser-personne-de-cote-soci\/","name":"Conf\u00e9rence de droit de la FAO 2023 | R\u00e9flexions juridiques sur \u00ab L\u2019eau c\u2019est la vie, l\u2019eau c\u2019est la nourriture. Ne laisser personne de c\u00f4t\u00e9 \u00bb \u2013 Soci\u00e9t\u00e9 europ\u00e9enne de droit international - TRIBUNAL-NATURE","isPartOf":{"@id":"https:\/\/www.tribunal-nature.org\/blog\/#website"},"primaryImageOfPage":{"@id":"https:\/\/www.tribunal-nature.org\/blog\/conference-de-droit-de-la-fao-2023-reflexions-juridiques-sur-leau-cest-la-vie-leau-cest-la-nourriture-ne-laisser-personne-de-cote-soci\/#primaryimage"},"image":{"@id":"https:\/\/www.tribunal-nature.org\/blog\/conference-de-droit-de-la-fao-2023-reflexions-juridiques-sur-leau-cest-la-vie-leau-cest-la-nourriture-ne-laisser-personne-de-cote-soci\/#primaryimage"},"thumbnailUrl":"https:\/\/www.tribunal-nature.org\/blog\/wp-content\/uploads\/2023\/10\/Conference-de-droit-de-la-FAO-2023-Reflexions-juridiques-1024x499-1.png","datePublished":"2023-10-16T10:11:44+00:00","description":"Conf\u00e9rence de droit de la FAO 2023 | R\u00e9flexions juridiques sur \u00ab L\u2019eau c\u2019est la vie, l\u2019eau c\u2019est la nourriture. Ne laisser personne de c\u00f4t\u00e9 \u00bb \u2013 Soci\u00e9t\u00e9 europ\u00e9enne de droit international article de TRIBUNAL-NATURE","breadcrumb":{"@id":"https:\/\/www.tribunal-nature.org\/blog\/conference-de-droit-de-la-fao-2023-reflexions-juridiques-sur-leau-cest-la-vie-leau-cest-la-nourriture-ne-laisser-personne-de-cote-soci\/#breadcrumb"},"inLanguage":"fr-FR","potentialAction":[{"@type":"ReadAction","target":["https:\/\/www.tribunal-nature.org\/blog\/conference-de-droit-de-la-fao-2023-reflexions-juridiques-sur-leau-cest-la-vie-leau-cest-la-nourriture-ne-laisser-personne-de-cote-soci\/"]}]},{"@type":"ImageObject","inLanguage":"fr-FR","@id":"https:\/\/www.tribunal-nature.org\/blog\/conference-de-droit-de-la-fao-2023-reflexions-juridiques-sur-leau-cest-la-vie-leau-cest-la-nourriture-ne-laisser-personne-de-cote-soci\/#primaryimage","url":"https:\/\/www.tribunal-nature.org\/blog\/wp-content\/uploads\/2023\/10\/Conference-de-droit-de-la-FAO-2023-Reflexions-juridiques-1024x499-1.png","contentUrl":"https:\/\/www.tribunal-nature.org\/blog\/wp-content\/uploads\/2023\/10\/Conference-de-droit-de-la-FAO-2023-Reflexions-juridiques-1024x499-1.png","width":1024,"height":499,"caption":"Conference de droit de la FAO 2023 Reflexions juridiques 1024x499 1"},{"@type":"BreadcrumbList","@id":"https:\/\/www.tribunal-nature.org\/blog\/conference-de-droit-de-la-fao-2023-reflexions-juridiques-sur-leau-cest-la-vie-leau-cest-la-nourriture-ne-laisser-personne-de-cote-soci\/#breadcrumb","itemListElement":[{"@type":"ListItem","position":1,"name":"Accueil","item":"https:\/\/www.tribunal-nature.org\/blog\/"},{"@type":"ListItem","position":2,"name":"Conf\u00e9rence de droit de la FAO 2023 | R\u00e9flexions juridiques sur \u00ab L\u2019eau c\u2019est la vie, l\u2019eau c\u2019est la nourriture. Ne laisser personne de c\u00f4t\u00e9 \u00bb \u2013 Soci\u00e9t\u00e9 europ\u00e9enne de droit international"}]},{"@type":"WebSite","@id":"https:\/\/www.tribunal-nature.org\/blog\/#website","url":"https:\/\/www.tribunal-nature.org\/blog\/","name":"TRIBUNAL-NATURE","description":"Droit De L&#039;Environnement.","publisher":{"@id":"https:\/\/www.tribunal-nature.org\/blog\/#organization"},"potentialAction":[{"@type":"SearchAction","target":{"@type":"EntryPoint","urlTemplate":"https:\/\/www.tribunal-nature.org\/blog\/?s={search_term_string}"},"query-input":{"@type":"PropertyValueSpecification","valueRequired":true,"valueName":"search_term_string"}}],"inLanguage":"fr-FR"},{"@type":"Organization","@id":"https:\/\/www.tribunal-nature.org\/blog\/#organization","name":"tribunal-nature","url":"https:\/\/www.tribunal-nature.org\/blog\/","logo":{"@type":"ImageObject","inLanguage":"fr-FR","@id":"https:\/\/www.tribunal-nature.org\/blog\/#\/schema\/logo\/image\/","url":"https:\/\/www.tribunal-nature.org\/blog\/wp-content\/uploads\/2022\/05\/logo-2.png","contentUrl":"https:\/\/www.tribunal-nature.org\/blog\/wp-content\/uploads\/2022\/05\/logo-2.png","width":180,"height":180,"caption":"tribunal-nature"},"image":{"@id":"https:\/\/www.tribunal-nature.org\/blog\/#\/schema\/logo\/image\/"}},{"@type":"Person","@id":"https:\/\/www.tribunal-nature.org\/blog\/#\/schema\/person\/55761caf7544da6b05b60523f2a0855f","name":"Isabelle LOUBEAU","image":{"@type":"ImageObject","inLanguage":"fr-FR","@id":"https:\/\/secure.gravatar.com\/avatar\/b6912620aca78633bf5d50400888815d3b38a1118e82b94050843f411f3f5972?s=96&d=mm&r=g","url":"https:\/\/secure.gravatar.com\/avatar\/b6912620aca78633bf5d50400888815d3b38a1118e82b94050843f411f3f5972?s=96&d=mm&r=g","contentUrl":"https:\/\/secure.gravatar.com\/avatar\/b6912620aca78633bf5d50400888815d3b38a1118e82b94050843f411f3f5972?s=96&d=mm&r=g","caption":"Isabelle LOUBEAU"},"url":"https:\/\/www.tribunal-nature.org\/blog\/author\/ureisabelle\/"}]}},"_links":{"self":[{"href":"https:\/\/www.tribunal-nature.org\/blog\/wp-json\/wp\/v2\/posts\/798","targetHints":{"allow":["GET"]}}],"collection":[{"href":"https:\/\/www.tribunal-nature.org\/blog\/wp-json\/wp\/v2\/posts"}],"about":[{"href":"https:\/\/www.tribunal-nature.org\/blog\/wp-json\/wp\/v2\/types\/post"}],"author":[{"embeddable":true,"href":"https:\/\/www.tribunal-nature.org\/blog\/wp-json\/wp\/v2\/users\/3"}],"replies":[{"embeddable":true,"href":"https:\/\/www.tribunal-nature.org\/blog\/wp-json\/wp\/v2\/comments?post=798"}],"version-history":[{"count":0,"href":"https:\/\/www.tribunal-nature.org\/blog\/wp-json\/wp\/v2\/posts\/798\/revisions"}],"wp:featuredmedia":[{"embeddable":true,"href":"https:\/\/www.tribunal-nature.org\/blog\/wp-json\/wp\/v2\/media\/799"}],"wp:attachment":[{"href":"https:\/\/www.tribunal-nature.org\/blog\/wp-json\/wp\/v2\/media?parent=798"}],"wp:term":[{"taxonomy":"category","embeddable":true,"href":"https:\/\/www.tribunal-nature.org\/blog\/wp-json\/wp\/v2\/categories?post=798"},{"taxonomy":"post_tag","embeddable":true,"href":"https:\/\/www.tribunal-nature.org\/blog\/wp-json\/wp\/v2\/tags?post=798"}],"curies":[{"name":"wp","href":"https:\/\/api.w.org\/{rel}","templated":true}]}}