{"id":792,"date":"2023-10-12T18:09:08","date_gmt":"2023-10-12T16:09:08","guid":{"rendered":"https:\/\/www.tribunal-nature.org\/blog\/information-toute-fraiche-appartements-squattes-menaces-et-violences-a-annemasse-un-duo-descrocs-rattrape-par-la-justice\/"},"modified":"2023-10-12T18:09:08","modified_gmt":"2023-10-12T16:09:08","slug":"information-toute-fraiche-appartements-squattes-menaces-et-violences-a-annemasse-un-duo-descrocs-rattrape-par-la-justice","status":"publish","type":"post","link":"https:\/\/www.tribunal-nature.org\/blog\/information-toute-fraiche-appartements-squattes-menaces-et-violences-a-annemasse-un-duo-descrocs-rattrape-par-la-justice\/","title":{"rendered":"Information toute fraiche : Appartements squatt\u00e9s, menaces et violences\u2026 \u00c0 Annemasse, un duo d\u2019escrocs rattrap\u00e9 par la justice"},"content":{"rendered":"<div>\n<p>Ce post ayant pour th\u00e9matique \u00ab\u00a0la justice\u00a0\u00bb se propage sur le web, nous avons projet\u00e9 de vous le livrer plus bas.<\/p>\n<p>Le titre troublant (Appartements squatt\u00e9s, menaces et violences\u2026 \u00c0 Annemasse, un duo d\u2019escrocs rattrap\u00e9 par la justice) parle de lui-m\u00eame.<\/p>\n<p>L\u2019\u00e9crivain (identifi\u00e9 sous le nom  d\u2019anonymat<br \/>\n) est connu et fiable.<\/p>\n<p>Vous pouvez par cons\u00e9quent donner du cr\u00e9dit \u00e0 cette parution.<\/p>\n<p>Au sein de la r\u00e9sidence du Clos Greffier, une propri\u00e9taire et un faux gardien font r\u00e9gner le chaos en s\u2019appropriant les logements de leurs voisins et en les louant. Ils seront jug\u00e9s au mois de mars.<\/p>\n<div data-agora-base-url=\"https:\/\/connect.lefigaro.fr\" data-component=\"fig-content-body\" data-context=\"was @visible\" data-id=\"bGVmaWdhcm8uZnJfXzk3MDU0OWZmLTY4ZDAtMTFlZS04Mjk0LWEwMzY5ZjZmN2JjOF9fTmV3c0ZsYXNo\" data-module=\"fig-body\" data-premium=\"false\">\n<p class=\"fig-paragraph\"><em>\u00abC\u2019est un premier pas\u00bb<\/em> encourageant salue Christelle Comb\u00e9pine, <em>\u00abun soulagement\u00bb<\/em> souffle m\u00eame Nicolas Sauvage, tous deux propri\u00e9taires d\u2019un appartement dans la r\u00e9sidence du Clos Greffier \u00e0 Annemasse. Ce jeudi matin, l\u2019homme et la femme qui leur font vivre un calvaire depuis de longs mois ont \u00e9t\u00e9 pr\u00e9sent\u00e9s au parquet de Thonon-les-Bains \u00e0 l\u2019issue de 48 heures de garde \u00e0 vue.<\/p>\n<p class=\"fig-paragraph\">Ils seront jug\u00e9s au mois de mars pour avoir organis\u00e9 une vaste escroquerie au sein de cet immeuble o\u00f9 ils sont eux-m\u00eames propri\u00e9taires de logements, a fait savoir le procureur de la R\u00e9publique, Bruno Badr\u00e9, au<em> Figaro<\/em>. Et d\u2019ajouter\u00a0: <em>\u00abDans la perspective de cette audience, ils ont \u00e9t\u00e9 plac\u00e9s sous contr\u00f4le judiciaire avec une interdiction d\u2019entrer en contact avec les victimes. L\u2019un des mis en cause est \u00e9galement interdit de para\u00eetre sur les lieux des faits.\u00bb<\/em><\/p>\n<h2 class=\"fig-body-heading\" id=\"subhead-4c386263-a89b-434a-ad0b-427d67dbe6d2\">Nouvelles serrures, nouveaux locataires<\/h2>\n<p class=\"fig-paragraph\">Christelle Comb\u00e9pine est la premi\u00e8re propri\u00e9taire l\u00e9s\u00e9e \u00e0 avoir signal\u00e9 l\u2019affaire \u00e0 la justice, apr\u00e8s que son locataire a \u00e9t\u00e9 d\u00e9log\u00e9 sans aucune explication au d\u00e9but du mois de septembre. <em>\u00abQuand il est rentr\u00e9 de week-end, la serrure de l<\/em>\u2019<em>appartement avait \u00e9t\u00e9 chang\u00e9e et de nouveaux locataires avaient pris possession des lieux. Sur la porte, un mot lui \u00e9tait destin\u00e9: \u2019Venez r\u00e9cup\u00e9rer vos meubles chez le gardien\u2019\u00bb<\/em>, raconte la propri\u00e9taire du bien au <em>Figaro<\/em>.<\/p>\n<p class=\"fig-paragraph\">M\u00e9dus\u00e9e, Christelle Comb\u00e9pine s\u2019est rendue sur place et s\u2019est retrouv\u00e9e confront\u00e9e \u00e0 un homme pr\u00e9tendant \u00eatre le d\u00e9tenteur de son logement. Au terme de longues et houleuses n\u00e9gociations, Christelle a obtenu le d\u00e9part des squatteurs. <em>\u00abMais l\u2019homme m\u2019a pouss\u00e9e dans les escaliers, alors j\u2019ai port\u00e9 plainte pour violences\u00bb<\/em>, d\u00e9taille-t-elle.<\/p>\n<blockquote class=\"fig-quote \n<p>     \"><\/p>\n<p>\n    <svg xmlns=\"http:\/\/www.w3.org\/2000\/svg\" aria-hidden=\"true\" width=\"32\" height=\"32\" viewbox=\"0 0 48 48\" class=\"fig-quote__svg\">\n        <use href=\"#fig-svg__quote\"><\/use>\n    <\/svg><\/p>\n<p class=\"fig-quote__text\">\u00ab La serrure a \u00e9t\u00e9 chang\u00e9e et des gens que je ne connaissais se sont install\u00e9s chez moi.\u00a0\u00bb<\/p>\n<p>            <cite class=\"fig-quote__credit\">Nicolas Sauvage, propri\u00e9taire d\u2019un appartement squatt\u00e9.<\/cite>\n    <\/p>\n<\/blockquote>\n<p class=\"fig-paragraph\">Apr\u00e8s ce premier incident, trois autres propri\u00e9taires ont d\u00e9couvert qu\u2019ils \u00e9taient eux aussi victimes de squatteurs. C\u2019est le cas de Nicolas Sauvage qui avait mis en vente l\u2019appartement dont il avait h\u00e9rit\u00e9 \u00e0 la mort de son p\u00e8re. <em>\u00abLa serrure a \u00e9t\u00e9 chang\u00e9e et des gens que je ne connaissais s<\/em>\u2019y<em> sont install\u00e9s\u00bb<\/em>, nous explique-t-il, d\u00e9pit\u00e9 par cet abus qui l\u2019emp\u00eache encore de vendre son bien.<\/p>\n<p class=\"fig-paragraph\">Qui se cache derri\u00e8re ces man\u0153uvres frauduleuses\u00a0? Pour les propri\u00e9taires comme pour le pr\u00e9sident du syndic officiel de l\u2019immeuble, cela ne fait aucun doute\u00a0: il s\u2019agit de deux autres propri\u00e9taires, Naziha A. et son<em> \u00abhomme de main qui se fait passer pour le gardien\u00bb,<\/em> r\u00e9sume Nicolas Sauvage.<\/p>\n<h2 class=\"fig-body-heading\" id=\"subhead-c6e41345-f35a-4f18-b221-80a214d44a9a\">Une situation \u00ablunaire\u00bb<\/h2>\n<p class=\"fig-paragraph\">Naziha A. s\u2019est install\u00e9e au Clos Greffier en 2010. <em>\u00ab\u00c0 son arriv\u00e9e, elle a fait virer le syndic professionnel et en a plac\u00e9 un v\u00e9reux. Ensemble, ils ont d\u00e9tourn\u00e9 l\u2019argent de la copropri\u00e9t\u00e9\u00bb<\/em>, affirme au <em>Figaro <\/em>Florian de Larue, le directeur du nouveau syndic de copropri\u00e9t\u00e9 de l\u2019immeuble, IBG, depuis six ans. Selon nos informations, l\u2019ancien syndic \u2013 attaqu\u00e9 en justice par Florian de Larue \u2013 a \u00e9t\u00e9 condamn\u00e9 \u00e0 rembourser 25.000 euros \u00e0 la copropri\u00e9t\u00e9. Quant \u00e0 Naziha A., cette derni\u00e8re a \u00e9t\u00e9 sanctionn\u00e9e pour ne pas avoir pay\u00e9 ses charges.<\/p>\n<p class=\"fig-paragraph\"><em>\u00abDepuis qu\u2019on les a attaqu\u00e9s en justice, ils se vengent et \u00e7a va crescendo\u00bb<\/em>, d\u00e9plore le directeur d\u2019IBG. Faux proc\u00e8s-verbaux de syndic, fausses assembl\u00e9es g\u00e9n\u00e9rales \u2026 <em>\u00abIls se sont mis en t\u00eate que tous les appartements leur appartenaient et que, \u00e0 ce titre, ils pouvaient en faire ce qu\u2019ils voulaient. Idem pour les parties communes\u00bb<\/em>, poursuit-il. Le duo a install\u00e9 une porte verrouill\u00e9e au milieu d\u2019un couloir pour emp\u00eacher l\u2019acc\u00e8s au dernier \u00e9tage de la r\u00e9sidence, appos\u00e9 des cadenas sur des sorties de secours et dispos\u00e9 des cam\u00e9ras de surveillance sans autorisation. <em>\u00abIls ont m\u00eame mis les compteurs d\u2019\u00e9nergie de leurs voisins \u00e0 leurs noms afin d\u2019avoir des factures et ainsi faire croire qu\u2019ils sont les vrais propri\u00e9taires des appartements des autres et les louer\u00bb<\/em>, peste Florian de Larue. <em>\u00abC\u2019est lunaire.\u00bb<\/em><\/p>\n<p class=\"fig-paragraph\">Tout l\u2019enjeu de l\u2019enqu\u00eate ouverte pour <em>\u00abescroquerie par la mise \u00e0 disposition lucrative d\u2019un bien immobilier appartenant \u00e0 autrui et violation de domicile\u00bb <\/em>est de d\u00e9terminer les responsabilit\u00e9s de chacun. <em>\u00abOutre ces propri\u00e9taires qui s\u2019approprient les lieux, leurs locataires sont-ils complices ou l\u00e9s\u00e9s\u00a0?\u00bb<\/em>, interroge l\u2019avocat de Christelle Comb\u00e9pine, Me C\u00e9dric Huissoud. Les investigations se poursuivent mais, selon l\u2019avocat, <em>\u00abdes \u00e9l\u00e9ments tendent \u00e0 d\u00e9montrer qu\u2019ils agissent tous de concert et de mauvaise foi\u00bb<\/em>, l\u2019un des appartements \u00e9tant squatt\u00e9 par une personne ayant le m\u00eame nom de famille de Naziha A.<\/p>\n<h2 class=\"fig-body-heading\" id=\"subhead-fa09fa4c-9327-4f7d-a569-f78a2335ab3e\">\u00abGuerre de territoire\u00bb<\/h2>\n<p class=\"fig-paragraph\">Depuis la r\u00e9v\u00e9lation de l\u2019affaire dans les m\u00e9dias, la situation s\u2019est crisp\u00e9e au point que Christelle Comb\u00e9pine a \u00e9t\u00e9 victime d\u2019une nouvelle agression physique fin septembre, alors qu\u2019elle tentait une \u00e9ni\u00e8me fois d\u2019\u00e9tablir le dialogue avec ses pers\u00e9cuteurs.<\/p>\n<blockquote class=\"fig-quote \n<p>     \"><\/p>\n<p>\n    <svg xmlns=\"http:\/\/www.w3.org\/2000\/svg\" aria-hidden=\"true\" width=\"32\" height=\"32\" viewbox=\"0 0 48 48\" class=\"fig-quote__svg\">\n        <use href=\"#fig-svg__quote\"><\/use>\n    <\/svg><\/p>\n<p class=\"fig-quote__text\">\u00ab Je re\u00e7ois des menaces, je ne dors plus la nuit\u2026\u00a0\u00bb<\/p>\n<p>            <cite class=\"fig-quote__credit\">Christelle Comb\u00e9pine, propri\u00e9taire d\u2019un appartement dans la r\u00e9sidence.<\/cite>\n    <\/p>\n<\/blockquote>\n<p class=\"fig-paragraph\"><em>\u00abOn m\u2019a fait tomber, j\u2019ai \u00e9t\u00e9 tra\u00een\u00e9e dans un appartement et pass\u00e9e \u00e0 tabac\u00bb<\/em>, d\u00e9peint-elle. <em>\u00abJe re\u00e7ois des menaces, je ne dors plus la nuit\u2026\u00bb <\/em>Elle compare le combat qu\u2019elle m\u00e8ne \u00e0 une v\u00e9ritable <em>\u00abguerre de territoire\u00bb<\/em> tant la lutte est rude entre les deux camps.<\/p>\n<p class=\"fig-paragraph\">Ainsi, le 3 octobre, la police est intervenue dans l\u2019immeuble accompagn\u00e9e d\u2019un huissier, et a rendu aux r\u00e9sidents l\u2019acc\u00e8s \u00e0 ses parties communes. <em>\u00abMais deux jours plus tard, Naziha A. avait r\u00e9install\u00e9 ses cadenas et repris possession de la loge pour son faux gardien\u00bb<\/em>, se d\u00e9sole Christelle qui a mis en place une <em>\u00abteam de surveillance\u00bb<\/em>, constitu\u00e9e de plusieurs propri\u00e9taires. Ensemble, ils s\u2019assurent que leurs logements ne sont pas confi\u00e9s ill\u00e9galement \u00e0 d\u2019autres pendant leur absence.<\/p>\n<p class=\"fig-paragraph\"><em>\u00abCette femme est compl\u00e8tement perturb\u00e9e, elle n\u2019a pas de limite\u00bb<\/em>, s\u2019inqui\u00e8te le directeur du syndic qui r\u00e9clame une sanction p\u00e9nale stricte. Convoqu\u00e9 devant le tribunal correctionnel, le duo d\u2019escrocs devra r\u00e9pondre de ses actes au mois de mars, mais les squatteurs qu\u2019ils ont plac\u00e9s dans les appartements de la r\u00e9sidence y demeurent encore ce jeudi. Mais pour combien de temps\u00a0? Contact\u00e9e, la pr\u00e9fecture de Haute-Savoie n\u2019a pas encore r\u00e9pondu \u00e0 nos sollicitations.<\/p>\n<figure class=\"fig-media fig-media--type-vid\" data-media-type=\"VID\" data-media-id=\"fba6583c-6355-11ee-9e44-42010a05f012\">\n<p>\u00a0\u00bb<br \/>\n        data-script=\u00a0\u00bb<br \/>\n    &gt;<\/p>\n<\/figure>\n<\/div>\n<p>A lire sur un propos proche:<\/p>\n<p>Grec ancien\/Dieux\/Dic\u00e9,<a target=\"_blank\" rel=\"nofollow\" href=\"https:\/\/www.tribunal-nature.org\/blog\/goto\/https:\/\/fr.wikibooks.org\/wiki\/Grec_ancien\/Dieux\/Dic%C3%A9\"  target=\"_blank\" rel=\"noopener noreferrer nofollow\">Le livre <\/a><span><\/span>.<\/p>\n<p>Justice populaire,<a target=\"_blank\" rel=\"nofollow\" href=\"https:\/\/www.tribunal-nature.org\/blog\/goto\/https:\/\/fr.wikisource.org\/wiki\/Justice_populaire\"  target=\"_blank\" rel=\"noopener noreferrer nofollow\">Ouvrage <\/a><span><\/span>.<\/p>\n<p>Vous perdez la t\u00eate Elisabeth !,<a target=\"_blank\" rel=\"nofollow\" href=\"https:\/\/www.tribunal-nature.org\/blog\/goto\/https:\/\/booknode.com\/vous_perdez_la_tete_elisabeth_03357711\"  target=\"_blank\" rel=\"noopener noreferrer nofollow\">Ouvrage <\/a><span><\/span>.<\/p>\n<\/div>\n","protected":false},"excerpt":{"rendered":"<p>Ce post ayant pour th\u00e9matique \u00ab\u00a0la justice\u00a0\u00bb se propage sur le web, nous avons projet\u00e9 de vous le livrer plus&#8230;<\/p>\n","protected":false},"author":3,"featured_media":0,"comment_status":"closed","ping_status":"closed","sticky":false,"template":"","format":"standard","meta":{"footnotes":""},"categories":[2],"tags":[],"class_list":["post-792","post","type-post","status-publish","format-standard","hentry","category-droit-de-lenvironnement","wpcat-2-id"],"yoast_head":"<!-- This site is optimized with the Yoast SEO plugin v27.5 - https:\/\/yoast.com\/product\/yoast-seo-wordpress\/ -->\n<title>Information toute fraiche : Appartements squatt\u00e9s, menaces et violences\u2026 \u00c0 Annemasse, un duo d\u2019escrocs rattrap\u00e9 par la justice - TRIBUNAL-NATURE<\/title>\n<meta name=\"description\" content=\"Information toute fraiche : Appartements squatt\u00e9s, menaces et violences\u2026 \u00c0 Annemasse, un duo d\u2019escrocs rattrap\u00e9 par la justice article de TRIBUNAL-NATURE\" \/>\n<meta name=\"robots\" content=\"index, follow, max-snippet:-1, max-image-preview:large, max-video-preview:-1\" \/>\n<link rel=\"canonical\" href=\"https:\/\/www.tribunal-nature.org\/blog\/information-toute-fraiche-appartements-squattes-menaces-et-violences-a-annemasse-un-duo-descrocs-rattrape-par-la-justice\/\" \/>\n<meta property=\"og:locale\" content=\"fr_FR\" \/>\n<meta property=\"og:type\" content=\"article\" \/>\n<meta property=\"og:title\" content=\"Information toute fraiche : Appartements squatt\u00e9s, menaces et violences\u2026 \u00c0 Annemasse, un duo d\u2019escrocs rattrap\u00e9 par la justice - TRIBUNAL-NATURE\" \/>\n<meta property=\"og:description\" content=\"Information toute fraiche : Appartements squatt\u00e9s, menaces et violences\u2026 \u00c0 Annemasse, un duo d\u2019escrocs rattrap\u00e9 par la justice article de TRIBUNAL-NATURE\" \/>\n<meta property=\"og:url\" content=\"https:\/\/www.tribunal-nature.org\/blog\/information-toute-fraiche-appartements-squattes-menaces-et-violences-a-annemasse-un-duo-descrocs-rattrape-par-la-justice\/\" \/>\n<meta property=\"og:site_name\" content=\"TRIBUNAL-NATURE\" \/>\n<meta property=\"article:published_time\" content=\"2023-10-12T16:09:08+00:00\" \/>\n<meta name=\"author\" content=\"Isabelle LOUBEAU\" \/>\n<meta name=\"twitter:card\" content=\"summary_large_image\" \/>\n<meta name=\"twitter:label1\" content=\"\u00c9crit par\" \/>\n\t<meta name=\"twitter:data1\" content=\"Isabelle LOUBEAU\" \/>\n\t<meta name=\"twitter:label2\" content=\"Dur\u00e9e de lecture estim\u00e9e\" \/>\n\t<meta name=\"twitter:data2\" content=\"6 minutes\" \/>\n<script type=\"application\/ld+json\" class=\"yoast-schema-graph\">{\"@context\":\"https:\\\/\\\/schema.org\",\"@graph\":[{\"@type\":\"Article\",\"@id\":\"https:\\\/\\\/www.tribunal-nature.org\\\/blog\\\/information-toute-fraiche-appartements-squattes-menaces-et-violences-a-annemasse-un-duo-descrocs-rattrape-par-la-justice\\\/#article\",\"isPartOf\":{\"@id\":\"https:\\\/\\\/www.tribunal-nature.org\\\/blog\\\/information-toute-fraiche-appartements-squattes-menaces-et-violences-a-annemasse-un-duo-descrocs-rattrape-par-la-justice\\\/\"},\"author\":{\"name\":\"Isabelle LOUBEAU\",\"@id\":\"https:\\\/\\\/www.tribunal-nature.org\\\/blog\\\/#\\\/schema\\\/person\\\/55761caf7544da6b05b60523f2a0855f\"},\"headline\":\"Information toute fraiche : Appartements squatt\u00e9s, menaces et violences\u2026 \u00c0 Annemasse, un duo d\u2019escrocs rattrap\u00e9 par la justice\",\"datePublished\":\"2023-10-12T16:09:08+00:00\",\"mainEntityOfPage\":{\"@id\":\"https:\\\/\\\/www.tribunal-nature.org\\\/blog\\\/information-toute-fraiche-appartements-squattes-menaces-et-violences-a-annemasse-un-duo-descrocs-rattrape-par-la-justice\\\/\"},\"wordCount\":1277,\"publisher\":{\"@id\":\"https:\\\/\\\/www.tribunal-nature.org\\\/blog\\\/#organization\"},\"articleSection\":[\"Droit De L'Environnement:\"],\"inLanguage\":\"fr-FR\"},{\"@type\":\"WebPage\",\"@id\":\"https:\\\/\\\/www.tribunal-nature.org\\\/blog\\\/information-toute-fraiche-appartements-squattes-menaces-et-violences-a-annemasse-un-duo-descrocs-rattrape-par-la-justice\\\/\",\"url\":\"https:\\\/\\\/www.tribunal-nature.org\\\/blog\\\/information-toute-fraiche-appartements-squattes-menaces-et-violences-a-annemasse-un-duo-descrocs-rattrape-par-la-justice\\\/\",\"name\":\"Information toute fraiche : Appartements squatt\u00e9s, menaces et violences\u2026 \u00c0 Annemasse, un duo d\u2019escrocs rattrap\u00e9 par la justice - TRIBUNAL-NATURE\",\"isPartOf\":{\"@id\":\"https:\\\/\\\/www.tribunal-nature.org\\\/blog\\\/#website\"},\"datePublished\":\"2023-10-12T16:09:08+00:00\",\"description\":\"Information toute fraiche : Appartements squatt\u00e9s, menaces et violences\u2026 \u00c0 Annemasse, un duo d\u2019escrocs rattrap\u00e9 par la justice article de TRIBUNAL-NATURE\",\"breadcrumb\":{\"@id\":\"https:\\\/\\\/www.tribunal-nature.org\\\/blog\\\/information-toute-fraiche-appartements-squattes-menaces-et-violences-a-annemasse-un-duo-descrocs-rattrape-par-la-justice\\\/#breadcrumb\"},\"inLanguage\":\"fr-FR\",\"potentialAction\":[{\"@type\":\"ReadAction\",\"target\":[\"https:\\\/\\\/www.tribunal-nature.org\\\/blog\\\/information-toute-fraiche-appartements-squattes-menaces-et-violences-a-annemasse-un-duo-descrocs-rattrape-par-la-justice\\\/\"]}]},{\"@type\":\"BreadcrumbList\",\"@id\":\"https:\\\/\\\/www.tribunal-nature.org\\\/blog\\\/information-toute-fraiche-appartements-squattes-menaces-et-violences-a-annemasse-un-duo-descrocs-rattrape-par-la-justice\\\/#breadcrumb\",\"itemListElement\":[{\"@type\":\"ListItem\",\"position\":1,\"name\":\"Accueil\",\"item\":\"https:\\\/\\\/www.tribunal-nature.org\\\/blog\\\/\"},{\"@type\":\"ListItem\",\"position\":2,\"name\":\"Information toute fraiche : Appartements squatt\u00e9s, menaces et violences\u2026 \u00c0 Annemasse, un duo d\u2019escrocs rattrap\u00e9 par la justice\"}]},{\"@type\":\"WebSite\",\"@id\":\"https:\\\/\\\/www.tribunal-nature.org\\\/blog\\\/#website\",\"url\":\"https:\\\/\\\/www.tribunal-nature.org\\\/blog\\\/\",\"name\":\"TRIBUNAL-NATURE\",\"description\":\"Droit De L&#039;Environnement.\",\"publisher\":{\"@id\":\"https:\\\/\\\/www.tribunal-nature.org\\\/blog\\\/#organization\"},\"potentialAction\":[{\"@type\":\"SearchAction\",\"target\":{\"@type\":\"EntryPoint\",\"urlTemplate\":\"https:\\\/\\\/www.tribunal-nature.org\\\/blog\\\/?s={search_term_string}\"},\"query-input\":{\"@type\":\"PropertyValueSpecification\",\"valueRequired\":true,\"valueName\":\"search_term_string\"}}],\"inLanguage\":\"fr-FR\"},{\"@type\":\"Organization\",\"@id\":\"https:\\\/\\\/www.tribunal-nature.org\\\/blog\\\/#organization\",\"name\":\"tribunal-nature\",\"url\":\"https:\\\/\\\/www.tribunal-nature.org\\\/blog\\\/\",\"logo\":{\"@type\":\"ImageObject\",\"inLanguage\":\"fr-FR\",\"@id\":\"https:\\\/\\\/www.tribunal-nature.org\\\/blog\\\/#\\\/schema\\\/logo\\\/image\\\/\",\"url\":\"https:\\\/\\\/www.tribunal-nature.org\\\/blog\\\/wp-content\\\/uploads\\\/2022\\\/05\\\/logo-2.png\",\"contentUrl\":\"https:\\\/\\\/www.tribunal-nature.org\\\/blog\\\/wp-content\\\/uploads\\\/2022\\\/05\\\/logo-2.png\",\"width\":180,\"height\":180,\"caption\":\"tribunal-nature\"},\"image\":{\"@id\":\"https:\\\/\\\/www.tribunal-nature.org\\\/blog\\\/#\\\/schema\\\/logo\\\/image\\\/\"}},{\"@type\":\"Person\",\"@id\":\"https:\\\/\\\/www.tribunal-nature.org\\\/blog\\\/#\\\/schema\\\/person\\\/55761caf7544da6b05b60523f2a0855f\",\"name\":\"Isabelle LOUBEAU\",\"image\":{\"@type\":\"ImageObject\",\"inLanguage\":\"fr-FR\",\"@id\":\"https:\\\/\\\/secure.gravatar.com\\\/avatar\\\/b6912620aca78633bf5d50400888815d3b38a1118e82b94050843f411f3f5972?s=96&d=mm&r=g\",\"url\":\"https:\\\/\\\/secure.gravatar.com\\\/avatar\\\/b6912620aca78633bf5d50400888815d3b38a1118e82b94050843f411f3f5972?s=96&d=mm&r=g\",\"contentUrl\":\"https:\\\/\\\/secure.gravatar.com\\\/avatar\\\/b6912620aca78633bf5d50400888815d3b38a1118e82b94050843f411f3f5972?s=96&d=mm&r=g\",\"caption\":\"Isabelle LOUBEAU\"},\"url\":\"https:\\\/\\\/www.tribunal-nature.org\\\/blog\\\/author\\\/ureisabelle\\\/\"}]}<\/script>\n<!-- \/ Yoast SEO plugin. -->","yoast_head_json":{"title":"Information toute fraiche : Appartements squatt\u00e9s, menaces et violences\u2026 \u00c0 Annemasse, un duo d\u2019escrocs rattrap\u00e9 par la justice - TRIBUNAL-NATURE","description":"Information toute fraiche : Appartements squatt\u00e9s, menaces et violences\u2026 \u00c0 Annemasse, un duo d\u2019escrocs rattrap\u00e9 par la justice article de TRIBUNAL-NATURE","robots":{"index":"index","follow":"follow","max-snippet":"max-snippet:-1","max-image-preview":"max-image-preview:large","max-video-preview":"max-video-preview:-1"},"canonical":"https:\/\/www.tribunal-nature.org\/blog\/information-toute-fraiche-appartements-squattes-menaces-et-violences-a-annemasse-un-duo-descrocs-rattrape-par-la-justice\/","og_locale":"fr_FR","og_type":"article","og_title":"Information toute fraiche : Appartements squatt\u00e9s, menaces et violences\u2026 \u00c0 Annemasse, un duo d\u2019escrocs rattrap\u00e9 par la justice - TRIBUNAL-NATURE","og_description":"Information toute fraiche : Appartements squatt\u00e9s, menaces et violences\u2026 \u00c0 Annemasse, un duo d\u2019escrocs rattrap\u00e9 par la justice article de TRIBUNAL-NATURE","og_url":"https:\/\/www.tribunal-nature.org\/blog\/information-toute-fraiche-appartements-squattes-menaces-et-violences-a-annemasse-un-duo-descrocs-rattrape-par-la-justice\/","og_site_name":"TRIBUNAL-NATURE","article_published_time":"2023-10-12T16:09:08+00:00","author":"Isabelle LOUBEAU","twitter_card":"summary_large_image","twitter_misc":{"\u00c9crit par":"Isabelle LOUBEAU","Dur\u00e9e de lecture estim\u00e9e":"6 minutes"},"schema":{"@context":"https:\/\/schema.org","@graph":[{"@type":"Article","@id":"https:\/\/www.tribunal-nature.org\/blog\/information-toute-fraiche-appartements-squattes-menaces-et-violences-a-annemasse-un-duo-descrocs-rattrape-par-la-justice\/#article","isPartOf":{"@id":"https:\/\/www.tribunal-nature.org\/blog\/information-toute-fraiche-appartements-squattes-menaces-et-violences-a-annemasse-un-duo-descrocs-rattrape-par-la-justice\/"},"author":{"name":"Isabelle LOUBEAU","@id":"https:\/\/www.tribunal-nature.org\/blog\/#\/schema\/person\/55761caf7544da6b05b60523f2a0855f"},"headline":"Information toute fraiche : Appartements squatt\u00e9s, menaces et violences\u2026 \u00c0 Annemasse, un duo d\u2019escrocs rattrap\u00e9 par la justice","datePublished":"2023-10-12T16:09:08+00:00","mainEntityOfPage":{"@id":"https:\/\/www.tribunal-nature.org\/blog\/information-toute-fraiche-appartements-squattes-menaces-et-violences-a-annemasse-un-duo-descrocs-rattrape-par-la-justice\/"},"wordCount":1277,"publisher":{"@id":"https:\/\/www.tribunal-nature.org\/blog\/#organization"},"articleSection":["Droit De L'Environnement:"],"inLanguage":"fr-FR"},{"@type":"WebPage","@id":"https:\/\/www.tribunal-nature.org\/blog\/information-toute-fraiche-appartements-squattes-menaces-et-violences-a-annemasse-un-duo-descrocs-rattrape-par-la-justice\/","url":"https:\/\/www.tribunal-nature.org\/blog\/information-toute-fraiche-appartements-squattes-menaces-et-violences-a-annemasse-un-duo-descrocs-rattrape-par-la-justice\/","name":"Information toute fraiche : Appartements squatt\u00e9s, menaces et violences\u2026 \u00c0 Annemasse, un duo d\u2019escrocs rattrap\u00e9 par la justice - TRIBUNAL-NATURE","isPartOf":{"@id":"https:\/\/www.tribunal-nature.org\/blog\/#website"},"datePublished":"2023-10-12T16:09:08+00:00","description":"Information toute fraiche : Appartements squatt\u00e9s, menaces et violences\u2026 \u00c0 Annemasse, un duo d\u2019escrocs rattrap\u00e9 par la justice article de TRIBUNAL-NATURE","breadcrumb":{"@id":"https:\/\/www.tribunal-nature.org\/blog\/information-toute-fraiche-appartements-squattes-menaces-et-violences-a-annemasse-un-duo-descrocs-rattrape-par-la-justice\/#breadcrumb"},"inLanguage":"fr-FR","potentialAction":[{"@type":"ReadAction","target":["https:\/\/www.tribunal-nature.org\/blog\/information-toute-fraiche-appartements-squattes-menaces-et-violences-a-annemasse-un-duo-descrocs-rattrape-par-la-justice\/"]}]},{"@type":"BreadcrumbList","@id":"https:\/\/www.tribunal-nature.org\/blog\/information-toute-fraiche-appartements-squattes-menaces-et-violences-a-annemasse-un-duo-descrocs-rattrape-par-la-justice\/#breadcrumb","itemListElement":[{"@type":"ListItem","position":1,"name":"Accueil","item":"https:\/\/www.tribunal-nature.org\/blog\/"},{"@type":"ListItem","position":2,"name":"Information toute fraiche : Appartements squatt\u00e9s, menaces et violences\u2026 \u00c0 Annemasse, un duo d\u2019escrocs rattrap\u00e9 par la justice"}]},{"@type":"WebSite","@id":"https:\/\/www.tribunal-nature.org\/blog\/#website","url":"https:\/\/www.tribunal-nature.org\/blog\/","name":"TRIBUNAL-NATURE","description":"Droit De L&#039;Environnement.","publisher":{"@id":"https:\/\/www.tribunal-nature.org\/blog\/#organization"},"potentialAction":[{"@type":"SearchAction","target":{"@type":"EntryPoint","urlTemplate":"https:\/\/www.tribunal-nature.org\/blog\/?s={search_term_string}"},"query-input":{"@type":"PropertyValueSpecification","valueRequired":true,"valueName":"search_term_string"}}],"inLanguage":"fr-FR"},{"@type":"Organization","@id":"https:\/\/www.tribunal-nature.org\/blog\/#organization","name":"tribunal-nature","url":"https:\/\/www.tribunal-nature.org\/blog\/","logo":{"@type":"ImageObject","inLanguage":"fr-FR","@id":"https:\/\/www.tribunal-nature.org\/blog\/#\/schema\/logo\/image\/","url":"https:\/\/www.tribunal-nature.org\/blog\/wp-content\/uploads\/2022\/05\/logo-2.png","contentUrl":"https:\/\/www.tribunal-nature.org\/blog\/wp-content\/uploads\/2022\/05\/logo-2.png","width":180,"height":180,"caption":"tribunal-nature"},"image":{"@id":"https:\/\/www.tribunal-nature.org\/blog\/#\/schema\/logo\/image\/"}},{"@type":"Person","@id":"https:\/\/www.tribunal-nature.org\/blog\/#\/schema\/person\/55761caf7544da6b05b60523f2a0855f","name":"Isabelle LOUBEAU","image":{"@type":"ImageObject","inLanguage":"fr-FR","@id":"https:\/\/secure.gravatar.com\/avatar\/b6912620aca78633bf5d50400888815d3b38a1118e82b94050843f411f3f5972?s=96&d=mm&r=g","url":"https:\/\/secure.gravatar.com\/avatar\/b6912620aca78633bf5d50400888815d3b38a1118e82b94050843f411f3f5972?s=96&d=mm&r=g","contentUrl":"https:\/\/secure.gravatar.com\/avatar\/b6912620aca78633bf5d50400888815d3b38a1118e82b94050843f411f3f5972?s=96&d=mm&r=g","caption":"Isabelle LOUBEAU"},"url":"https:\/\/www.tribunal-nature.org\/blog\/author\/ureisabelle\/"}]}},"_links":{"self":[{"href":"https:\/\/www.tribunal-nature.org\/blog\/wp-json\/wp\/v2\/posts\/792","targetHints":{"allow":["GET"]}}],"collection":[{"href":"https:\/\/www.tribunal-nature.org\/blog\/wp-json\/wp\/v2\/posts"}],"about":[{"href":"https:\/\/www.tribunal-nature.org\/blog\/wp-json\/wp\/v2\/types\/post"}],"author":[{"embeddable":true,"href":"https:\/\/www.tribunal-nature.org\/blog\/wp-json\/wp\/v2\/users\/3"}],"replies":[{"embeddable":true,"href":"https:\/\/www.tribunal-nature.org\/blog\/wp-json\/wp\/v2\/comments?post=792"}],"version-history":[{"count":0,"href":"https:\/\/www.tribunal-nature.org\/blog\/wp-json\/wp\/v2\/posts\/792\/revisions"}],"wp:attachment":[{"href":"https:\/\/www.tribunal-nature.org\/blog\/wp-json\/wp\/v2\/media?parent=792"}],"wp:term":[{"taxonomy":"category","embeddable":true,"href":"https:\/\/www.tribunal-nature.org\/blog\/wp-json\/wp\/v2\/categories?post=792"},{"taxonomy":"post_tag","embeddable":true,"href":"https:\/\/www.tribunal-nature.org\/blog\/wp-json\/wp\/v2\/tags?post=792"}],"curies":[{"name":"wp","href":"https:\/\/api.w.org\/{rel}","templated":true}]}}