{"id":623,"date":"2023-09-21T07:42:25","date_gmt":"2023-09-21T05:42:25","guid":{"rendered":"https:\/\/www.tribunal-nature.org\/blog\/ceci-circule-sur-internet-deces-dune-enfant-au-chu-de-brest-lautopsie-na-pas-livre-dapport-majeur-a-lenquete-selon-l\/"},"modified":"2023-09-21T07:42:25","modified_gmt":"2023-09-21T05:42:25","slug":"ceci-circule-sur-internet-deces-dune-enfant-au-chu-de-brest-lautopsie-na-pas-livre-dapport-majeur-a-lenquete-selon-l","status":"publish","type":"post","link":"https:\/\/www.tribunal-nature.org\/blog\/ceci-circule-sur-internet-deces-dune-enfant-au-chu-de-brest-lautopsie-na-pas-livre-dapport-majeur-a-lenquete-selon-l\/","title":{"rendered":"Ceci circule sur internet  : D\u00e9c\u00e8s d\u2019une enfant au CHU de Brest\u00a0: \u00ab\u00a0L\u2019autopsie n\u2019a pas livr\u00e9 d\u2019apport majeur \u00e0 l\u2019enqu\u00eate\u00a0\u00bb selon l\u2019avocat de la famille"},"content":{"rendered":"<div>\n<p>Cet article ayant pour th\u00e9matique \u00ab\u00a0la justice\u00a0\u00bb a \u00e9t\u00e9 not\u00e9 sur internet, nous avons d\u00e9cid\u00e9 de vous le exposer d\u00e8s \u00e0 pr\u00e9sent.<\/p>\n<p>Le titre suggestif (D\u00e9c\u00e8s d\u2019une enfant au CHU de Brest\u00a0: \u00ab\u00a0L\u2019autopsie n\u2019a pas livr\u00e9 d\u2019apport majeur \u00e0 l\u2019enqu\u00eate\u00a0\u00bb selon l\u2019avocat de la famille) est parlant.<\/p>\n<p> Identifi\u00e9 sous la signature \u00abd\u2019anonymat<br \/>\n\u00bb, le journaliste est reconnu comme quelqu\u2019un de s\u00e9rieux pour plusieurs autres articles qu\u2019il a publi\u00e9s sur le web.<\/p>\n<p>Ce post peut donc \u00eatre pris au s\u00e9rieux.<\/p>\n<p>La date de parution est 2023-09-20 10:45:00.<\/p>\n<p>Texte dont il s\u2019agit : <\/p>\n<div>\n<p>L\u2019enqu\u00eate ouverte par le parquet de Brest, pour homicide involontaire se poursuit, suite au d\u00e9c\u00e8s de Lilou, onze ans, le 3 ao\u00fbt 2023, au CHU de Brest. L\u2019enfant, scolaris\u00e9e \u00e0 Cl\u00e9der (29) devait \u00eatre op\u00e9r\u00e9e d\u2019une scoliose, le 1er ao\u00fbt dernier, mais sa trach\u00e9e aurait \u00e9t\u00e9 accidentellement perfor\u00e9e au moment de son anesth\u00e9sie. Transf\u00e9r\u00e9e en r\u00e9animation, elle n\u2019a pas surv\u00e9cu.<\/p>\n<\/div>\n<div>\n<p>Dans le cadre de l\u2019enqu\u00eate provoqu\u00e9e par le d\u00e9p\u00f4t de plainte des parents, une autopsie a \u00e9t\u00e9 r\u00e9alis\u00e9e sur le corps de l\u2019enfant, au sein de l\u2019institut m\u00e9dico-l\u00e9gal de Lorient. Selon Vincent Sehier, avocat de la famille, les conclusions du rapport d\u2019autopsie n\u2019apportent \u00ab\u00a0pas d\u2019\u00e9l\u00e9ment majeur\u00a0\u00bb au dossier. \u00ab\u00a0On va continuer nos investigations\u00a0: j\u2019attends les \u00e9l\u00e9ments du dossier par le CHU de Brest, et on va tr\u00e8s certainement saisir la CCI (Commission de conciliation et d\u2019indemnisation des accidents m\u00e9dicaux) dans les prochains jours\u00a0\u00bb, annonce le conseil.<\/p>\n<\/div>\n<div>\n<p>Sollicit\u00e9 ce mercredi 20 septembre, le CHU n\u2019a pas souhait\u00e9 commenter cette affaire. Quant au parquet de Brest, il estime \u00ab\u00a0pr\u00e9matur\u00e9 de communiquer\u00a0\u00bb sur le rapport d\u2019autopsie.<\/p>\n<\/div>\n<p>A lire sur le m\u00eame th\u00e8me:<\/p>\n<p>Grec ancien\/Dieux\/Th\u00e9mis,<a target=\"_blank\" rel=\"nofollow\" href=\"https:\/\/www.tribunal-nature.org\/blog\/goto\/https:\/\/fr.wikibooks.org\/wiki\/Grec_ancien\/Dieux\/Th%C3%A9mis\"  target=\"_blank\" rel=\"noopener noreferrer nofollow\">(la couverture) <\/a><span><\/span>. Disponible \u00e0 l\u2019achat sur les plateformes Amazon, Fnac, Cultura \u2026.<\/p>\n<p>La prise en charge p\u00e9nitentiaire des auteurs d\u2019agressions sexuelles : \u00e9tat des lieux et analyse de nouvelles pratiques,<a target=\"_blank\" rel=\"nofollow\" href=\"https:\/\/www.tribunal-nature.org\/blog\/goto\/https:\/\/booknode.com\/la_prise_en_charge_penitentiaire_des_auteurs_dagressions_sexuelles_etat_des_lieux_et_analyse_de_nouvelles_pratiques_049278\"  target=\"_blank\" rel=\"noopener noreferrer nofollow\">Le livre <\/a><span><\/span>. Ouvrage de r\u00e9f\u00e9rence.<\/p>\n<p>Pr\u00e9cis d\u2019\u00e9pist\u00e9mologie\/Applications,<a target=\"_blank\" rel=\"nofollow\" href=\"https:\/\/www.tribunal-nature.org\/blog\/goto\/https:\/\/fr.wikibooks.org\/wiki\/Pr%C3%A9cis_d%27%C3%A9pist%C3%A9mologie\/Applications\"  target=\"_blank\" rel=\"noopener noreferrer nofollow\">(la couverture) <\/a><span><\/span>.<\/p>\n<\/div>\n","protected":false},"excerpt":{"rendered":"<p>Cet article ayant pour th\u00e9matique \u00ab\u00a0la justice\u00a0\u00bb a \u00e9t\u00e9 not\u00e9 sur internet, nous avons d\u00e9cid\u00e9 de vous le exposer d\u00e8s&#8230;<\/p>\n","protected":false},"author":3,"featured_media":631,"comment_status":"closed","ping_status":"closed","sticky":false,"template":"","format":"standard","meta":{"footnotes":""},"categories":[2],"tags":[],"class_list":["post-623","post","type-post","status-publish","format-standard","has-post-thumbnail","hentry","category-droit-de-lenvironnement","wpcat-2-id"],"yoast_head":"<!-- This site is optimized with the Yoast SEO plugin v27.5 - https:\/\/yoast.com\/product\/yoast-seo-wordpress\/ -->\n<title>Ceci circule sur internet : D\u00e9c\u00e8s d\u2019une enfant au CHU de Brest\u00a0: \u00ab\u00a0L\u2019autopsie n\u2019a pas livr\u00e9 d\u2019apport majeur \u00e0 l\u2019enqu\u00eate\u00a0\u00bb selon l\u2019avocat de la famille - TRIBUNAL-NATURE<\/title>\n<meta name=\"description\" content=\"Ceci circule sur internet : D\u00e9c\u00e8s d\u2019une enfant au CHU de Brest\u00a0: \u00ab\u00a0L\u2019autopsie n\u2019a pas livr\u00e9 d\u2019apport majeur \u00e0 l\u2019enqu\u00eate\u00a0\u00bb selon l\u2019avocat de la famille article de TRIBUNAL-NATURE\" \/>\n<meta name=\"robots\" content=\"index, follow, max-snippet:-1, max-image-preview:large, max-video-preview:-1\" \/>\n<link rel=\"canonical\" href=\"https:\/\/www.tribunal-nature.org\/blog\/ceci-circule-sur-internet-deces-dune-enfant-au-chu-de-brest-lautopsie-na-pas-livre-dapport-majeur-a-lenquete-selon-l\/\" \/>\n<meta property=\"og:locale\" content=\"fr_FR\" \/>\n<meta property=\"og:type\" content=\"article\" \/>\n<meta property=\"og:title\" content=\"Ceci circule sur internet : D\u00e9c\u00e8s d\u2019une enfant au CHU de Brest\u00a0: \u00ab\u00a0L\u2019autopsie n\u2019a pas livr\u00e9 d\u2019apport majeur \u00e0 l\u2019enqu\u00eate\u00a0\u00bb selon l\u2019avocat de la famille - TRIBUNAL-NATURE\" \/>\n<meta property=\"og:description\" content=\"Ceci circule sur internet : D\u00e9c\u00e8s d\u2019une enfant au CHU de Brest\u00a0: \u00ab\u00a0L\u2019autopsie n\u2019a pas livr\u00e9 d\u2019apport majeur \u00e0 l\u2019enqu\u00eate\u00a0\u00bb selon l\u2019avocat de la famille article de TRIBUNAL-NATURE\" \/>\n<meta property=\"og:url\" content=\"https:\/\/www.tribunal-nature.org\/blog\/ceci-circule-sur-internet-deces-dune-enfant-au-chu-de-brest-lautopsie-na-pas-livre-dapport-majeur-a-lenquete-selon-l\/\" \/>\n<meta property=\"og:site_name\" content=\"TRIBUNAL-NATURE\" \/>\n<meta property=\"article:published_time\" content=\"2023-09-21T05:42:25+00:00\" \/>\n<meta name=\"author\" content=\"Isabelle LOUBEAU\" \/>\n<meta name=\"twitter:card\" content=\"summary_large_image\" \/>\n<meta name=\"twitter:label1\" content=\"\u00c9crit par\" \/>\n\t<meta name=\"twitter:data1\" content=\"Isabelle LOUBEAU\" \/>\n\t<meta name=\"twitter:label2\" content=\"Dur\u00e9e de lecture estim\u00e9e\" \/>\n\t<meta name=\"twitter:data2\" content=\"2 minutes\" \/>\n<script type=\"application\/ld+json\" class=\"yoast-schema-graph\">{\"@context\":\"https:\\\/\\\/schema.org\",\"@graph\":[{\"@type\":\"Article\",\"@id\":\"https:\\\/\\\/www.tribunal-nature.org\\\/blog\\\/ceci-circule-sur-internet-deces-dune-enfant-au-chu-de-brest-lautopsie-na-pas-livre-dapport-majeur-a-lenquete-selon-l\\\/#article\",\"isPartOf\":{\"@id\":\"https:\\\/\\\/www.tribunal-nature.org\\\/blog\\\/ceci-circule-sur-internet-deces-dune-enfant-au-chu-de-brest-lautopsie-na-pas-livre-dapport-majeur-a-lenquete-selon-l\\\/\"},\"author\":{\"name\":\"Isabelle LOUBEAU\",\"@id\":\"https:\\\/\\\/www.tribunal-nature.org\\\/blog\\\/#\\\/schema\\\/person\\\/55761caf7544da6b05b60523f2a0855f\"},\"headline\":\"Ceci circule sur internet : D\u00e9c\u00e8s d\u2019une enfant au CHU de Brest\u00a0: \u00ab\u00a0L\u2019autopsie n\u2019a pas livr\u00e9 d\u2019apport majeur \u00e0 l\u2019enqu\u00eate\u00a0\u00bb selon l\u2019avocat de la famille\",\"datePublished\":\"2023-09-21T05:42:25+00:00\",\"mainEntityOfPage\":{\"@id\":\"https:\\\/\\\/www.tribunal-nature.org\\\/blog\\\/ceci-circule-sur-internet-deces-dune-enfant-au-chu-de-brest-lautopsie-na-pas-livre-dapport-majeur-a-lenquete-selon-l\\\/\"},\"wordCount\":408,\"publisher\":{\"@id\":\"https:\\\/\\\/www.tribunal-nature.org\\\/blog\\\/#organization\"},\"image\":{\"@id\":\"https:\\\/\\\/www.tribunal-nature.org\\\/blog\\\/ceci-circule-sur-internet-deces-dune-enfant-au-chu-de-brest-lautopsie-na-pas-livre-dapport-majeur-a-lenquete-selon-l\\\/#primaryimage\"},\"thumbnailUrl\":\"https:\\\/\\\/www.tribunal-nature.org\\\/blog\\\/wp-content\\\/uploads\\\/2023\\\/09\\\/sur-le.jpg\",\"articleSection\":[\"Droit De L'Environnement:\"],\"inLanguage\":\"fr-FR\"},{\"@type\":\"WebPage\",\"@id\":\"https:\\\/\\\/www.tribunal-nature.org\\\/blog\\\/ceci-circule-sur-internet-deces-dune-enfant-au-chu-de-brest-lautopsie-na-pas-livre-dapport-majeur-a-lenquete-selon-l\\\/\",\"url\":\"https:\\\/\\\/www.tribunal-nature.org\\\/blog\\\/ceci-circule-sur-internet-deces-dune-enfant-au-chu-de-brest-lautopsie-na-pas-livre-dapport-majeur-a-lenquete-selon-l\\\/\",\"name\":\"Ceci circule sur internet : D\u00e9c\u00e8s d\u2019une enfant au CHU de Brest\u00a0: \u00ab\u00a0L\u2019autopsie n\u2019a pas livr\u00e9 d\u2019apport majeur \u00e0 l\u2019enqu\u00eate\u00a0\u00bb selon l\u2019avocat de la famille - TRIBUNAL-NATURE\",\"isPartOf\":{\"@id\":\"https:\\\/\\\/www.tribunal-nature.org\\\/blog\\\/#website\"},\"primaryImageOfPage\":{\"@id\":\"https:\\\/\\\/www.tribunal-nature.org\\\/blog\\\/ceci-circule-sur-internet-deces-dune-enfant-au-chu-de-brest-lautopsie-na-pas-livre-dapport-majeur-a-lenquete-selon-l\\\/#primaryimage\"},\"image\":{\"@id\":\"https:\\\/\\\/www.tribunal-nature.org\\\/blog\\\/ceci-circule-sur-internet-deces-dune-enfant-au-chu-de-brest-lautopsie-na-pas-livre-dapport-majeur-a-lenquete-selon-l\\\/#primaryimage\"},\"thumbnailUrl\":\"https:\\\/\\\/www.tribunal-nature.org\\\/blog\\\/wp-content\\\/uploads\\\/2023\\\/09\\\/sur-le.jpg\",\"datePublished\":\"2023-09-21T05:42:25+00:00\",\"description\":\"Ceci circule sur internet : D\u00e9c\u00e8s d\u2019une enfant au CHU de Brest\u00a0: \u00ab\u00a0L\u2019autopsie n\u2019a pas livr\u00e9 d\u2019apport majeur \u00e0 l\u2019enqu\u00eate\u00a0\u00bb selon l\u2019avocat de la famille article de TRIBUNAL-NATURE\",\"breadcrumb\":{\"@id\":\"https:\\\/\\\/www.tribunal-nature.org\\\/blog\\\/ceci-circule-sur-internet-deces-dune-enfant-au-chu-de-brest-lautopsie-na-pas-livre-dapport-majeur-a-lenquete-selon-l\\\/#breadcrumb\"},\"inLanguage\":\"fr-FR\",\"potentialAction\":[{\"@type\":\"ReadAction\",\"target\":[\"https:\\\/\\\/www.tribunal-nature.org\\\/blog\\\/ceci-circule-sur-internet-deces-dune-enfant-au-chu-de-brest-lautopsie-na-pas-livre-dapport-majeur-a-lenquete-selon-l\\\/\"]}]},{\"@type\":\"ImageObject\",\"inLanguage\":\"fr-FR\",\"@id\":\"https:\\\/\\\/www.tribunal-nature.org\\\/blog\\\/ceci-circule-sur-internet-deces-dune-enfant-au-chu-de-brest-lautopsie-na-pas-livre-dapport-majeur-a-lenquete-selon-l\\\/#primaryimage\",\"url\":\"https:\\\/\\\/www.tribunal-nature.org\\\/blog\\\/wp-content\\\/uploads\\\/2023\\\/09\\\/sur-le.jpg\",\"contentUrl\":\"https:\\\/\\\/www.tribunal-nature.org\\\/blog\\\/wp-content\\\/uploads\\\/2023\\\/09\\\/sur-le.jpg\",\"width\":800,\"height\":450,\"caption\":\"sur le\"},{\"@type\":\"BreadcrumbList\",\"@id\":\"https:\\\/\\\/www.tribunal-nature.org\\\/blog\\\/ceci-circule-sur-internet-deces-dune-enfant-au-chu-de-brest-lautopsie-na-pas-livre-dapport-majeur-a-lenquete-selon-l\\\/#breadcrumb\",\"itemListElement\":[{\"@type\":\"ListItem\",\"position\":1,\"name\":\"Accueil\",\"item\":\"https:\\\/\\\/www.tribunal-nature.org\\\/blog\\\/\"},{\"@type\":\"ListItem\",\"position\":2,\"name\":\"Ceci circule sur internet : D\u00e9c\u00e8s d\u2019une enfant au CHU de Brest\u00a0: \u00ab\u00a0L\u2019autopsie n\u2019a pas livr\u00e9 d\u2019apport majeur \u00e0 l\u2019enqu\u00eate\u00a0\u00bb selon l\u2019avocat de la famille\"}]},{\"@type\":\"WebSite\",\"@id\":\"https:\\\/\\\/www.tribunal-nature.org\\\/blog\\\/#website\",\"url\":\"https:\\\/\\\/www.tribunal-nature.org\\\/blog\\\/\",\"name\":\"TRIBUNAL-NATURE\",\"description\":\"Droit De L&#039;Environnement.\",\"publisher\":{\"@id\":\"https:\\\/\\\/www.tribunal-nature.org\\\/blog\\\/#organization\"},\"potentialAction\":[{\"@type\":\"SearchAction\",\"target\":{\"@type\":\"EntryPoint\",\"urlTemplate\":\"https:\\\/\\\/www.tribunal-nature.org\\\/blog\\\/?s={search_term_string}\"},\"query-input\":{\"@type\":\"PropertyValueSpecification\",\"valueRequired\":true,\"valueName\":\"search_term_string\"}}],\"inLanguage\":\"fr-FR\"},{\"@type\":\"Organization\",\"@id\":\"https:\\\/\\\/www.tribunal-nature.org\\\/blog\\\/#organization\",\"name\":\"tribunal-nature\",\"url\":\"https:\\\/\\\/www.tribunal-nature.org\\\/blog\\\/\",\"logo\":{\"@type\":\"ImageObject\",\"inLanguage\":\"fr-FR\",\"@id\":\"https:\\\/\\\/www.tribunal-nature.org\\\/blog\\\/#\\\/schema\\\/logo\\\/image\\\/\",\"url\":\"https:\\\/\\\/www.tribunal-nature.org\\\/blog\\\/wp-content\\\/uploads\\\/2022\\\/05\\\/logo-2.png\",\"contentUrl\":\"https:\\\/\\\/www.tribunal-nature.org\\\/blog\\\/wp-content\\\/uploads\\\/2022\\\/05\\\/logo-2.png\",\"width\":180,\"height\":180,\"caption\":\"tribunal-nature\"},\"image\":{\"@id\":\"https:\\\/\\\/www.tribunal-nature.org\\\/blog\\\/#\\\/schema\\\/logo\\\/image\\\/\"}},{\"@type\":\"Person\",\"@id\":\"https:\\\/\\\/www.tribunal-nature.org\\\/blog\\\/#\\\/schema\\\/person\\\/55761caf7544da6b05b60523f2a0855f\",\"name\":\"Isabelle LOUBEAU\",\"image\":{\"@type\":\"ImageObject\",\"inLanguage\":\"fr-FR\",\"@id\":\"https:\\\/\\\/secure.gravatar.com\\\/avatar\\\/b6912620aca78633bf5d50400888815d3b38a1118e82b94050843f411f3f5972?s=96&d=mm&r=g\",\"url\":\"https:\\\/\\\/secure.gravatar.com\\\/avatar\\\/b6912620aca78633bf5d50400888815d3b38a1118e82b94050843f411f3f5972?s=96&d=mm&r=g\",\"contentUrl\":\"https:\\\/\\\/secure.gravatar.com\\\/avatar\\\/b6912620aca78633bf5d50400888815d3b38a1118e82b94050843f411f3f5972?s=96&d=mm&r=g\",\"caption\":\"Isabelle LOUBEAU\"},\"url\":\"https:\\\/\\\/www.tribunal-nature.org\\\/blog\\\/author\\\/ureisabelle\\\/\"}]}<\/script>\n<!-- \/ Yoast SEO plugin. -->","yoast_head_json":{"title":"Ceci circule sur internet : D\u00e9c\u00e8s d\u2019une enfant au CHU de Brest\u00a0: \u00ab\u00a0L\u2019autopsie n\u2019a pas livr\u00e9 d\u2019apport majeur \u00e0 l\u2019enqu\u00eate\u00a0\u00bb selon l\u2019avocat de la famille - TRIBUNAL-NATURE","description":"Ceci circule sur internet : D\u00e9c\u00e8s d\u2019une enfant au CHU de Brest\u00a0: \u00ab\u00a0L\u2019autopsie n\u2019a pas livr\u00e9 d\u2019apport majeur \u00e0 l\u2019enqu\u00eate\u00a0\u00bb selon l\u2019avocat de la famille article de TRIBUNAL-NATURE","robots":{"index":"index","follow":"follow","max-snippet":"max-snippet:-1","max-image-preview":"max-image-preview:large","max-video-preview":"max-video-preview:-1"},"canonical":"https:\/\/www.tribunal-nature.org\/blog\/ceci-circule-sur-internet-deces-dune-enfant-au-chu-de-brest-lautopsie-na-pas-livre-dapport-majeur-a-lenquete-selon-l\/","og_locale":"fr_FR","og_type":"article","og_title":"Ceci circule sur internet : D\u00e9c\u00e8s d\u2019une enfant au CHU de Brest\u00a0: \u00ab\u00a0L\u2019autopsie n\u2019a pas livr\u00e9 d\u2019apport majeur \u00e0 l\u2019enqu\u00eate\u00a0\u00bb selon l\u2019avocat de la famille - TRIBUNAL-NATURE","og_description":"Ceci circule sur internet : D\u00e9c\u00e8s d\u2019une enfant au CHU de Brest\u00a0: \u00ab\u00a0L\u2019autopsie n\u2019a pas livr\u00e9 d\u2019apport majeur \u00e0 l\u2019enqu\u00eate\u00a0\u00bb selon l\u2019avocat de la famille article de TRIBUNAL-NATURE","og_url":"https:\/\/www.tribunal-nature.org\/blog\/ceci-circule-sur-internet-deces-dune-enfant-au-chu-de-brest-lautopsie-na-pas-livre-dapport-majeur-a-lenquete-selon-l\/","og_site_name":"TRIBUNAL-NATURE","article_published_time":"2023-09-21T05:42:25+00:00","author":"Isabelle LOUBEAU","twitter_card":"summary_large_image","twitter_misc":{"\u00c9crit par":"Isabelle LOUBEAU","Dur\u00e9e de lecture estim\u00e9e":"2 minutes"},"schema":{"@context":"https:\/\/schema.org","@graph":[{"@type":"Article","@id":"https:\/\/www.tribunal-nature.org\/blog\/ceci-circule-sur-internet-deces-dune-enfant-au-chu-de-brest-lautopsie-na-pas-livre-dapport-majeur-a-lenquete-selon-l\/#article","isPartOf":{"@id":"https:\/\/www.tribunal-nature.org\/blog\/ceci-circule-sur-internet-deces-dune-enfant-au-chu-de-brest-lautopsie-na-pas-livre-dapport-majeur-a-lenquete-selon-l\/"},"author":{"name":"Isabelle LOUBEAU","@id":"https:\/\/www.tribunal-nature.org\/blog\/#\/schema\/person\/55761caf7544da6b05b60523f2a0855f"},"headline":"Ceci circule sur internet : D\u00e9c\u00e8s d\u2019une enfant au CHU de Brest\u00a0: \u00ab\u00a0L\u2019autopsie n\u2019a pas livr\u00e9 d\u2019apport majeur \u00e0 l\u2019enqu\u00eate\u00a0\u00bb selon l\u2019avocat de la famille","datePublished":"2023-09-21T05:42:25+00:00","mainEntityOfPage":{"@id":"https:\/\/www.tribunal-nature.org\/blog\/ceci-circule-sur-internet-deces-dune-enfant-au-chu-de-brest-lautopsie-na-pas-livre-dapport-majeur-a-lenquete-selon-l\/"},"wordCount":408,"publisher":{"@id":"https:\/\/www.tribunal-nature.org\/blog\/#organization"},"image":{"@id":"https:\/\/www.tribunal-nature.org\/blog\/ceci-circule-sur-internet-deces-dune-enfant-au-chu-de-brest-lautopsie-na-pas-livre-dapport-majeur-a-lenquete-selon-l\/#primaryimage"},"thumbnailUrl":"https:\/\/www.tribunal-nature.org\/blog\/wp-content\/uploads\/2023\/09\/sur-le.jpg","articleSection":["Droit De L'Environnement:"],"inLanguage":"fr-FR"},{"@type":"WebPage","@id":"https:\/\/www.tribunal-nature.org\/blog\/ceci-circule-sur-internet-deces-dune-enfant-au-chu-de-brest-lautopsie-na-pas-livre-dapport-majeur-a-lenquete-selon-l\/","url":"https:\/\/www.tribunal-nature.org\/blog\/ceci-circule-sur-internet-deces-dune-enfant-au-chu-de-brest-lautopsie-na-pas-livre-dapport-majeur-a-lenquete-selon-l\/","name":"Ceci circule sur internet : D\u00e9c\u00e8s d\u2019une enfant au CHU de Brest\u00a0: \u00ab\u00a0L\u2019autopsie n\u2019a pas livr\u00e9 d\u2019apport majeur \u00e0 l\u2019enqu\u00eate\u00a0\u00bb selon l\u2019avocat de la famille - TRIBUNAL-NATURE","isPartOf":{"@id":"https:\/\/www.tribunal-nature.org\/blog\/#website"},"primaryImageOfPage":{"@id":"https:\/\/www.tribunal-nature.org\/blog\/ceci-circule-sur-internet-deces-dune-enfant-au-chu-de-brest-lautopsie-na-pas-livre-dapport-majeur-a-lenquete-selon-l\/#primaryimage"},"image":{"@id":"https:\/\/www.tribunal-nature.org\/blog\/ceci-circule-sur-internet-deces-dune-enfant-au-chu-de-brest-lautopsie-na-pas-livre-dapport-majeur-a-lenquete-selon-l\/#primaryimage"},"thumbnailUrl":"https:\/\/www.tribunal-nature.org\/blog\/wp-content\/uploads\/2023\/09\/sur-le.jpg","datePublished":"2023-09-21T05:42:25+00:00","description":"Ceci circule sur internet : D\u00e9c\u00e8s d\u2019une enfant au CHU de Brest\u00a0: \u00ab\u00a0L\u2019autopsie n\u2019a pas livr\u00e9 d\u2019apport majeur \u00e0 l\u2019enqu\u00eate\u00a0\u00bb selon l\u2019avocat de la famille article de TRIBUNAL-NATURE","breadcrumb":{"@id":"https:\/\/www.tribunal-nature.org\/blog\/ceci-circule-sur-internet-deces-dune-enfant-au-chu-de-brest-lautopsie-na-pas-livre-dapport-majeur-a-lenquete-selon-l\/#breadcrumb"},"inLanguage":"fr-FR","potentialAction":[{"@type":"ReadAction","target":["https:\/\/www.tribunal-nature.org\/blog\/ceci-circule-sur-internet-deces-dune-enfant-au-chu-de-brest-lautopsie-na-pas-livre-dapport-majeur-a-lenquete-selon-l\/"]}]},{"@type":"ImageObject","inLanguage":"fr-FR","@id":"https:\/\/www.tribunal-nature.org\/blog\/ceci-circule-sur-internet-deces-dune-enfant-au-chu-de-brest-lautopsie-na-pas-livre-dapport-majeur-a-lenquete-selon-l\/#primaryimage","url":"https:\/\/www.tribunal-nature.org\/blog\/wp-content\/uploads\/2023\/09\/sur-le.jpg","contentUrl":"https:\/\/www.tribunal-nature.org\/blog\/wp-content\/uploads\/2023\/09\/sur-le.jpg","width":800,"height":450,"caption":"sur le"},{"@type":"BreadcrumbList","@id":"https:\/\/www.tribunal-nature.org\/blog\/ceci-circule-sur-internet-deces-dune-enfant-au-chu-de-brest-lautopsie-na-pas-livre-dapport-majeur-a-lenquete-selon-l\/#breadcrumb","itemListElement":[{"@type":"ListItem","position":1,"name":"Accueil","item":"https:\/\/www.tribunal-nature.org\/blog\/"},{"@type":"ListItem","position":2,"name":"Ceci circule sur internet : D\u00e9c\u00e8s d\u2019une enfant au CHU de Brest\u00a0: \u00ab\u00a0L\u2019autopsie n\u2019a pas livr\u00e9 d\u2019apport majeur \u00e0 l\u2019enqu\u00eate\u00a0\u00bb selon l\u2019avocat de la famille"}]},{"@type":"WebSite","@id":"https:\/\/www.tribunal-nature.org\/blog\/#website","url":"https:\/\/www.tribunal-nature.org\/blog\/","name":"TRIBUNAL-NATURE","description":"Droit De L&#039;Environnement.","publisher":{"@id":"https:\/\/www.tribunal-nature.org\/blog\/#organization"},"potentialAction":[{"@type":"SearchAction","target":{"@type":"EntryPoint","urlTemplate":"https:\/\/www.tribunal-nature.org\/blog\/?s={search_term_string}"},"query-input":{"@type":"PropertyValueSpecification","valueRequired":true,"valueName":"search_term_string"}}],"inLanguage":"fr-FR"},{"@type":"Organization","@id":"https:\/\/www.tribunal-nature.org\/blog\/#organization","name":"tribunal-nature","url":"https:\/\/www.tribunal-nature.org\/blog\/","logo":{"@type":"ImageObject","inLanguage":"fr-FR","@id":"https:\/\/www.tribunal-nature.org\/blog\/#\/schema\/logo\/image\/","url":"https:\/\/www.tribunal-nature.org\/blog\/wp-content\/uploads\/2022\/05\/logo-2.png","contentUrl":"https:\/\/www.tribunal-nature.org\/blog\/wp-content\/uploads\/2022\/05\/logo-2.png","width":180,"height":180,"caption":"tribunal-nature"},"image":{"@id":"https:\/\/www.tribunal-nature.org\/blog\/#\/schema\/logo\/image\/"}},{"@type":"Person","@id":"https:\/\/www.tribunal-nature.org\/blog\/#\/schema\/person\/55761caf7544da6b05b60523f2a0855f","name":"Isabelle LOUBEAU","image":{"@type":"ImageObject","inLanguage":"fr-FR","@id":"https:\/\/secure.gravatar.com\/avatar\/b6912620aca78633bf5d50400888815d3b38a1118e82b94050843f411f3f5972?s=96&d=mm&r=g","url":"https:\/\/secure.gravatar.com\/avatar\/b6912620aca78633bf5d50400888815d3b38a1118e82b94050843f411f3f5972?s=96&d=mm&r=g","contentUrl":"https:\/\/secure.gravatar.com\/avatar\/b6912620aca78633bf5d50400888815d3b38a1118e82b94050843f411f3f5972?s=96&d=mm&r=g","caption":"Isabelle LOUBEAU"},"url":"https:\/\/www.tribunal-nature.org\/blog\/author\/ureisabelle\/"}]}},"_links":{"self":[{"href":"https:\/\/www.tribunal-nature.org\/blog\/wp-json\/wp\/v2\/posts\/623","targetHints":{"allow":["GET"]}}],"collection":[{"href":"https:\/\/www.tribunal-nature.org\/blog\/wp-json\/wp\/v2\/posts"}],"about":[{"href":"https:\/\/www.tribunal-nature.org\/blog\/wp-json\/wp\/v2\/types\/post"}],"author":[{"embeddable":true,"href":"https:\/\/www.tribunal-nature.org\/blog\/wp-json\/wp\/v2\/users\/3"}],"replies":[{"embeddable":true,"href":"https:\/\/www.tribunal-nature.org\/blog\/wp-json\/wp\/v2\/comments?post=623"}],"version-history":[{"count":0,"href":"https:\/\/www.tribunal-nature.org\/blog\/wp-json\/wp\/v2\/posts\/623\/revisions"}],"wp:featuredmedia":[{"embeddable":true,"href":"https:\/\/www.tribunal-nature.org\/blog\/wp-json\/wp\/v2\/media\/631"}],"wp:attachment":[{"href":"https:\/\/www.tribunal-nature.org\/blog\/wp-json\/wp\/v2\/media?parent=623"}],"wp:term":[{"taxonomy":"category","embeddable":true,"href":"https:\/\/www.tribunal-nature.org\/blog\/wp-json\/wp\/v2\/categories?post=623"},{"taxonomy":"post_tag","embeddable":true,"href":"https:\/\/www.tribunal-nature.org\/blog\/wp-json\/wp\/v2\/tags?post=623"}],"curies":[{"name":"wp","href":"https:\/\/api.w.org\/{rel}","templated":true}]}}