{"id":618,"date":"2023-09-19T18:03:59","date_gmt":"2023-09-19T16:03:59","guid":{"rendered":"https:\/\/www.tribunal-nature.org\/blog\/cela-se-propage-sur-le-web-tweet-contre-karim-benzema-damien-rieu-candidat-reconquete-aux-legislatives-2022-dans-les-alpes-maritimes-relaxe-par-le-tribunal\/"},"modified":"2023-09-19T18:03:59","modified_gmt":"2023-09-19T16:03:59","slug":"cela-se-propage-sur-le-web-tweet-contre-karim-benzema-damien-rieu-candidat-reconquete-aux-legislatives-2022-dans-les-alpes-maritimes-relaxe-par-le-tribunal","status":"publish","type":"post","link":"https:\/\/www.tribunal-nature.org\/blog\/cela-se-propage-sur-le-web-tweet-contre-karim-benzema-damien-rieu-candidat-reconquete-aux-legislatives-2022-dans-les-alpes-maritimes-relaxe-par-le-tribunal\/","title":{"rendered":"Cela se propage sur le web  : Tweet contre Karim Benzema: Damien Rieu, candidat Reconqu\u00eate aux l\u00e9gislatives 2022 dans les Alpes-Maritimes relax\u00e9 par le tribunal"},"content":{"rendered":"<div>\n<p>Nos r\u00e9dacteurs ont remarqu\u00e9 un \u00e9ditorial sur internet dont la th\u00e9matique est \u00abla justice\u00bb.<\/p>\n<p>Le titre troublant (Tweet contre Karim Benzema: Damien Rieu, candidat Reconqu\u00eate aux l\u00e9gislatives 2022 dans les Alpes-Maritimes relax\u00e9 par le tribunal) est \u00e9vocateur.<\/p>\n<p>Le chroniqueur (identifi\u00e9 sous la signature  d\u2019anonymat<br \/>\n) est positivement connu.<\/p>\n<p>La fiabilit\u00e9 est par cons\u00e9quent importante concernant ce texte.<\/p>\n<p>Sachez que la date de parution est 2023-09-19 09:28:00.<\/p>\n<div id=\"article-teaser\" data-poool-mode=\"custom\">\n<p>La justice a tranch\u00e9.\u00a0Jug\u00e9 pour diffamation envers le footballeur Karim Benzema, le militant d\u2019extr\u00eame droite Damien Lef\u00e8vre, plus connu sous le pseudo Damien Rieu, a \u00e9t\u00e9 relax\u00e9 mardi 19 septembre, par le tribunal correctionnel de Lyon.<\/p>\n<p>Le pol\u00e9miste de 32 ans, candidat malheureux de Reconqu\u00eate aux l\u00e9gislatives 2022 \u00e0 Nice, avait diffus\u00e9 en 2020 un tweet pr\u00e9sentant un montage photo du joueur pointant un doigt au ciel \u00e0 c\u00f4t\u00e9 de combattants islamistes en armes. <em>\u00ab\u00a0Je crois que Benzema veut nous passer un message\u00a0\u00bb<\/em>, avait-il ajout\u00e9.<\/p>\n<h2 class=\"title9\"><strong>\u00ab\u00a0Ce message, m\u00eame diffamatoire dans les termes, pouvait b\u00e9n\u00e9ficier de la bonne foi\u00a0\u00bb<\/strong><\/h2>\n<p><strong>Le tribunal correctionnel de Lyon a estim\u00e9 que ce message, m\u00eame diffamatoire dans les termes, pouvait b\u00e9n\u00e9ficier de la bonne foi, ce qui entra\u00eene la relaxe en mati\u00e8re de presse.<\/strong><\/p>\n<p>Pour son avocat, Pierre-Vincent Lambert, la <em>\u00ab\u00a0base factuelle\u00a0\u00bb<\/em> de la d\u00e9cision est \u00e0 chercher du c\u00f4t\u00e9 du \u00ab\u00a0like\u00a0\u00bb que Karim Benzema avait post\u00e9 sur Twitter en faveur d\u2019un sportif du Daguestan, qui avait qualifi\u00e9 des caricaturistes <em>\u00ab\u00a0d\u2019ennemis de l\u2019islam\u00a0\u00bb.<\/em><\/p>\n<p><em>\u00ab\u00a0Je viens de GAGNER mon proc\u00e8s face \u00e0 @Benzema et ses compromissions islamistes\u00a0\u00bb,<\/em> a r\u00e9agi le militant sur X (anciennement Twitter). <em>\u00ab\u00a0Le tribunal a reconnu que j\u2019avais parfaitement le droit de d\u00e9noncer les ambigu\u00eft\u00e9s islamiques du Ballon d\u2019Or\u00a0\u00bb<\/em>, a-t-il ajout\u00e9.<\/p>\n<p><em>\u00ab\u00a0Accorder la bonne foi \u00e0 Damien Rieu, c\u2019est une aberration\u00a0\u00bb<\/em>, a pour sa part r\u00e9agi l\u2019avocat du joueur, Sylvain Cormier, \u00e0 la sortie du palais de justice.\u00a0<em>\u00ab\u00a0On a le droit de se moquer de Karim Benzema, (\u2026) d\u2019avoir une opinion diff\u00e9rente de la sienne, mais de l\u2019associer \u00e0 un terroriste, \u00e7a, on n\u2019a pas le droit\u00a0\u00bb<\/em>, avait-il lanc\u00e9 lors de l\u2019audience en juin.<\/p>\n<p>Insinuer une proximit\u00e9 entre le footballeur et des djihadistes \u00ab\u00a0constitue une insulte \u00e0 l\u2019\u00e9gard de ceux qui luttent contre le terrorisme islamiste, et de ceux qui en ont souffert dans leur chair\u00a0\u00bb, avait \u00e9galement estim\u00e9 le procureur, Alain Grellet, qui avait requis 10.000 euros d\u2019amende.<\/p>\n<\/div>\n<p>Ce sujet r\u00e9pond \u00e0 vos recherches vous aimerez tout autant ces parutions:<\/p>\n<p>De la justice dans la R\u00e9volution et dans l\u2019\u00c9glise\/Table analytique,<a target=\"_blank\" rel=\"nofollow\" href=\"https:\/\/www.tribunal-nature.org\/blog\/goto\/https:\/\/fr.wikisource.org\/wiki\/De_la_justice_dans_la_R%C3%A9volution_et_dans_l%E2%80%99%C3%89glise\/Table_analytique\"  target=\"_blank\" rel=\"noopener noreferrer nofollow\">Clicker Ici <\/a><span><\/span>.<\/p>\n<p>La Justice en France,<a target=\"_blank\" rel=\"nofollow\" href=\"https:\/\/www.tribunal-nature.org\/blog\/goto\/https:\/\/www.kobo.com\/fr\/fr\/ebook\/la-justice-en-france\"  target=\"_blank\" rel=\"noopener noreferrer nofollow\">A voir et \u00e0 lire. <\/a><span><\/span>. Disponible sur internet.<\/p>\n<p>Prison et r\u00e9cidive : des peines de plus en plus longues, la soci\u00e9t\u00e9 est-elle vraiment mieux prot\u00e9g\u00e9e ?,<a target=\"_blank\" rel=\"nofollow\" href=\"https:\/\/www.tribunal-nature.org\/blog\/goto\/https:\/\/booknode.com\/prison_et_recidive_des_peines_de_plus_en_plus_longues_la_societe_est_elle_vraiment_mieux_protegee_049220\"  target=\"_blank\" rel=\"noopener noreferrer nofollow\">A voir et \u00e0 lire. <\/a><span><\/span>.<\/p>\n<\/div>\n","protected":false},"excerpt":{"rendered":"<p>Nos r\u00e9dacteurs ont remarqu\u00e9 un \u00e9ditorial sur internet dont la th\u00e9matique est \u00abla justice\u00bb. Le titre troublant (Tweet contre Karim&#8230;<\/p>\n","protected":false},"author":3,"featured_media":632,"comment_status":"closed","ping_status":"closed","sticky":false,"template":"","format":"standard","meta":{"footnotes":""},"categories":[2],"tags":[],"class_list":["post-618","post","type-post","status-publish","format-standard","has-post-thumbnail","hentry","category-droit-de-lenvironnement","wpcat-2-id"],"yoast_head":"<!-- This site is optimized with the Yoast SEO plugin v27.5 - https:\/\/yoast.com\/product\/yoast-seo-wordpress\/ -->\n<title>Cela se propage sur le web : Tweet contre Karim Benzema: Damien Rieu, candidat Reconqu\u00eate aux l\u00e9gislatives 2022 dans les Alpes-Maritimes relax\u00e9 par le tribunal - TRIBUNAL-NATURE<\/title>\n<meta name=\"description\" content=\"Cela se propage sur le web : Tweet contre Karim Benzema: Damien Rieu, candidat Reconqu\u00eate aux l\u00e9gislatives 2022 dans les Alpes-Maritimes relax\u00e9 par le tribunal article de TRIBUNAL-NATURE\" \/>\n<meta name=\"robots\" content=\"index, follow, max-snippet:-1, max-image-preview:large, max-video-preview:-1\" \/>\n<link rel=\"canonical\" href=\"https:\/\/www.tribunal-nature.org\/blog\/cela-se-propage-sur-le-web-tweet-contre-karim-benzema-damien-rieu-candidat-reconquete-aux-legislatives-2022-dans-les-alpes-maritimes-relaxe-par-le-tribunal\/\" \/>\n<meta property=\"og:locale\" content=\"fr_FR\" \/>\n<meta property=\"og:type\" content=\"article\" \/>\n<meta property=\"og:title\" content=\"Cela se propage sur le web : Tweet contre Karim Benzema: Damien Rieu, candidat Reconqu\u00eate aux l\u00e9gislatives 2022 dans les Alpes-Maritimes relax\u00e9 par le tribunal - TRIBUNAL-NATURE\" \/>\n<meta property=\"og:description\" content=\"Cela se propage sur le web : Tweet contre Karim Benzema: Damien Rieu, candidat Reconqu\u00eate aux l\u00e9gislatives 2022 dans les Alpes-Maritimes relax\u00e9 par le tribunal article de TRIBUNAL-NATURE\" \/>\n<meta property=\"og:url\" content=\"https:\/\/www.tribunal-nature.org\/blog\/cela-se-propage-sur-le-web-tweet-contre-karim-benzema-damien-rieu-candidat-reconquete-aux-legislatives-2022-dans-les-alpes-maritimes-relaxe-par-le-tribunal\/\" \/>\n<meta property=\"og:site_name\" content=\"TRIBUNAL-NATURE\" \/>\n<meta property=\"article:published_time\" content=\"2023-09-19T16:03:59+00:00\" \/>\n<meta name=\"author\" content=\"Isabelle LOUBEAU\" \/>\n<meta name=\"twitter:card\" content=\"summary_large_image\" \/>\n<meta name=\"twitter:label1\" content=\"\u00c9crit par\" \/>\n\t<meta name=\"twitter:data1\" content=\"Isabelle LOUBEAU\" \/>\n\t<meta name=\"twitter:label2\" content=\"Dur\u00e9e de lecture estim\u00e9e\" \/>\n\t<meta name=\"twitter:data2\" content=\"2 minutes\" \/>\n<script type=\"application\/ld+json\" class=\"yoast-schema-graph\">{\"@context\":\"https:\\\/\\\/schema.org\",\"@graph\":[{\"@type\":\"Article\",\"@id\":\"https:\\\/\\\/www.tribunal-nature.org\\\/blog\\\/cela-se-propage-sur-le-web-tweet-contre-karim-benzema-damien-rieu-candidat-reconquete-aux-legislatives-2022-dans-les-alpes-maritimes-relaxe-par-le-tribunal\\\/#article\",\"isPartOf\":{\"@id\":\"https:\\\/\\\/www.tribunal-nature.org\\\/blog\\\/cela-se-propage-sur-le-web-tweet-contre-karim-benzema-damien-rieu-candidat-reconquete-aux-legislatives-2022-dans-les-alpes-maritimes-relaxe-par-le-tribunal\\\/\"},\"author\":{\"name\":\"Isabelle LOUBEAU\",\"@id\":\"https:\\\/\\\/www.tribunal-nature.org\\\/blog\\\/#\\\/schema\\\/person\\\/55761caf7544da6b05b60523f2a0855f\"},\"headline\":\"Cela se propage sur le web : Tweet contre Karim Benzema: Damien Rieu, candidat Reconqu\u00eate aux l\u00e9gislatives 2022 dans les Alpes-Maritimes relax\u00e9 par le tribunal\",\"datePublished\":\"2023-09-19T16:03:59+00:00\",\"mainEntityOfPage\":{\"@id\":\"https:\\\/\\\/www.tribunal-nature.org\\\/blog\\\/cela-se-propage-sur-le-web-tweet-contre-karim-benzema-damien-rieu-candidat-reconquete-aux-legislatives-2022-dans-les-alpes-maritimes-relaxe-par-le-tribunal\\\/\"},\"wordCount\":498,\"publisher\":{\"@id\":\"https:\\\/\\\/www.tribunal-nature.org\\\/blog\\\/#organization\"},\"image\":{\"@id\":\"https:\\\/\\\/www.tribunal-nature.org\\\/blog\\\/cela-se-propage-sur-le-web-tweet-contre-karim-benzema-damien-rieu-candidat-reconquete-aux-legislatives-2022-dans-les-alpes-maritimes-relaxe-par-le-tribunal\\\/#primaryimage\"},\"thumbnailUrl\":\"https:\\\/\\\/www.tribunal-nature.org\\\/blog\\\/wp-content\\\/uploads\\\/2023\\\/09\\\/karim-benzema.jpg\",\"articleSection\":[\"Droit De L'Environnement:\"],\"inLanguage\":\"fr-FR\"},{\"@type\":\"WebPage\",\"@id\":\"https:\\\/\\\/www.tribunal-nature.org\\\/blog\\\/cela-se-propage-sur-le-web-tweet-contre-karim-benzema-damien-rieu-candidat-reconquete-aux-legislatives-2022-dans-les-alpes-maritimes-relaxe-par-le-tribunal\\\/\",\"url\":\"https:\\\/\\\/www.tribunal-nature.org\\\/blog\\\/cela-se-propage-sur-le-web-tweet-contre-karim-benzema-damien-rieu-candidat-reconquete-aux-legislatives-2022-dans-les-alpes-maritimes-relaxe-par-le-tribunal\\\/\",\"name\":\"Cela se propage sur le web : Tweet contre Karim Benzema: Damien Rieu, candidat Reconqu\u00eate aux l\u00e9gislatives 2022 dans les Alpes-Maritimes relax\u00e9 par le tribunal - TRIBUNAL-NATURE\",\"isPartOf\":{\"@id\":\"https:\\\/\\\/www.tribunal-nature.org\\\/blog\\\/#website\"},\"primaryImageOfPage\":{\"@id\":\"https:\\\/\\\/www.tribunal-nature.org\\\/blog\\\/cela-se-propage-sur-le-web-tweet-contre-karim-benzema-damien-rieu-candidat-reconquete-aux-legislatives-2022-dans-les-alpes-maritimes-relaxe-par-le-tribunal\\\/#primaryimage\"},\"image\":{\"@id\":\"https:\\\/\\\/www.tribunal-nature.org\\\/blog\\\/cela-se-propage-sur-le-web-tweet-contre-karim-benzema-damien-rieu-candidat-reconquete-aux-legislatives-2022-dans-les-alpes-maritimes-relaxe-par-le-tribunal\\\/#primaryimage\"},\"thumbnailUrl\":\"https:\\\/\\\/www.tribunal-nature.org\\\/blog\\\/wp-content\\\/uploads\\\/2023\\\/09\\\/karim-benzema.jpg\",\"datePublished\":\"2023-09-19T16:03:59+00:00\",\"description\":\"Cela se propage sur le web : Tweet contre Karim Benzema: Damien Rieu, candidat Reconqu\u00eate aux l\u00e9gislatives 2022 dans les Alpes-Maritimes relax\u00e9 par le tribunal article de TRIBUNAL-NATURE\",\"breadcrumb\":{\"@id\":\"https:\\\/\\\/www.tribunal-nature.org\\\/blog\\\/cela-se-propage-sur-le-web-tweet-contre-karim-benzema-damien-rieu-candidat-reconquete-aux-legislatives-2022-dans-les-alpes-maritimes-relaxe-par-le-tribunal\\\/#breadcrumb\"},\"inLanguage\":\"fr-FR\",\"potentialAction\":[{\"@type\":\"ReadAction\",\"target\":[\"https:\\\/\\\/www.tribunal-nature.org\\\/blog\\\/cela-se-propage-sur-le-web-tweet-contre-karim-benzema-damien-rieu-candidat-reconquete-aux-legislatives-2022-dans-les-alpes-maritimes-relaxe-par-le-tribunal\\\/\"]}]},{\"@type\":\"ImageObject\",\"inLanguage\":\"fr-FR\",\"@id\":\"https:\\\/\\\/www.tribunal-nature.org\\\/blog\\\/cela-se-propage-sur-le-web-tweet-contre-karim-benzema-damien-rieu-candidat-reconquete-aux-legislatives-2022-dans-les-alpes-maritimes-relaxe-par-le-tribunal\\\/#primaryimage\",\"url\":\"https:\\\/\\\/www.tribunal-nature.org\\\/blog\\\/wp-content\\\/uploads\\\/2023\\\/09\\\/karim-benzema.jpg\",\"contentUrl\":\"https:\\\/\\\/www.tribunal-nature.org\\\/blog\\\/wp-content\\\/uploads\\\/2023\\\/09\\\/karim-benzema.jpg\",\"width\":1494,\"height\":1835,\"caption\":\"karim benzema\"},{\"@type\":\"BreadcrumbList\",\"@id\":\"https:\\\/\\\/www.tribunal-nature.org\\\/blog\\\/cela-se-propage-sur-le-web-tweet-contre-karim-benzema-damien-rieu-candidat-reconquete-aux-legislatives-2022-dans-les-alpes-maritimes-relaxe-par-le-tribunal\\\/#breadcrumb\",\"itemListElement\":[{\"@type\":\"ListItem\",\"position\":1,\"name\":\"Accueil\",\"item\":\"https:\\\/\\\/www.tribunal-nature.org\\\/blog\\\/\"},{\"@type\":\"ListItem\",\"position\":2,\"name\":\"Cela se propage sur le web : Tweet contre Karim Benzema: Damien Rieu, candidat Reconqu\u00eate aux l\u00e9gislatives 2022 dans les Alpes-Maritimes relax\u00e9 par le tribunal\"}]},{\"@type\":\"WebSite\",\"@id\":\"https:\\\/\\\/www.tribunal-nature.org\\\/blog\\\/#website\",\"url\":\"https:\\\/\\\/www.tribunal-nature.org\\\/blog\\\/\",\"name\":\"TRIBUNAL-NATURE\",\"description\":\"Droit De L&#039;Environnement.\",\"publisher\":{\"@id\":\"https:\\\/\\\/www.tribunal-nature.org\\\/blog\\\/#organization\"},\"potentialAction\":[{\"@type\":\"SearchAction\",\"target\":{\"@type\":\"EntryPoint\",\"urlTemplate\":\"https:\\\/\\\/www.tribunal-nature.org\\\/blog\\\/?s={search_term_string}\"},\"query-input\":{\"@type\":\"PropertyValueSpecification\",\"valueRequired\":true,\"valueName\":\"search_term_string\"}}],\"inLanguage\":\"fr-FR\"},{\"@type\":\"Organization\",\"@id\":\"https:\\\/\\\/www.tribunal-nature.org\\\/blog\\\/#organization\",\"name\":\"tribunal-nature\",\"url\":\"https:\\\/\\\/www.tribunal-nature.org\\\/blog\\\/\",\"logo\":{\"@type\":\"ImageObject\",\"inLanguage\":\"fr-FR\",\"@id\":\"https:\\\/\\\/www.tribunal-nature.org\\\/blog\\\/#\\\/schema\\\/logo\\\/image\\\/\",\"url\":\"https:\\\/\\\/www.tribunal-nature.org\\\/blog\\\/wp-content\\\/uploads\\\/2022\\\/05\\\/logo-2.png\",\"contentUrl\":\"https:\\\/\\\/www.tribunal-nature.org\\\/blog\\\/wp-content\\\/uploads\\\/2022\\\/05\\\/logo-2.png\",\"width\":180,\"height\":180,\"caption\":\"tribunal-nature\"},\"image\":{\"@id\":\"https:\\\/\\\/www.tribunal-nature.org\\\/blog\\\/#\\\/schema\\\/logo\\\/image\\\/\"}},{\"@type\":\"Person\",\"@id\":\"https:\\\/\\\/www.tribunal-nature.org\\\/blog\\\/#\\\/schema\\\/person\\\/55761caf7544da6b05b60523f2a0855f\",\"name\":\"Isabelle LOUBEAU\",\"image\":{\"@type\":\"ImageObject\",\"inLanguage\":\"fr-FR\",\"@id\":\"https:\\\/\\\/secure.gravatar.com\\\/avatar\\\/b6912620aca78633bf5d50400888815d3b38a1118e82b94050843f411f3f5972?s=96&d=mm&r=g\",\"url\":\"https:\\\/\\\/secure.gravatar.com\\\/avatar\\\/b6912620aca78633bf5d50400888815d3b38a1118e82b94050843f411f3f5972?s=96&d=mm&r=g\",\"contentUrl\":\"https:\\\/\\\/secure.gravatar.com\\\/avatar\\\/b6912620aca78633bf5d50400888815d3b38a1118e82b94050843f411f3f5972?s=96&d=mm&r=g\",\"caption\":\"Isabelle LOUBEAU\"},\"url\":\"https:\\\/\\\/www.tribunal-nature.org\\\/blog\\\/author\\\/ureisabelle\\\/\"}]}<\/script>\n<!-- \/ Yoast SEO plugin. -->","yoast_head_json":{"title":"Cela se propage sur le web : Tweet contre Karim Benzema: Damien Rieu, candidat Reconqu\u00eate aux l\u00e9gislatives 2022 dans les Alpes-Maritimes relax\u00e9 par le tribunal - TRIBUNAL-NATURE","description":"Cela se propage sur le web : Tweet contre Karim Benzema: Damien Rieu, candidat Reconqu\u00eate aux l\u00e9gislatives 2022 dans les Alpes-Maritimes relax\u00e9 par le tribunal article de TRIBUNAL-NATURE","robots":{"index":"index","follow":"follow","max-snippet":"max-snippet:-1","max-image-preview":"max-image-preview:large","max-video-preview":"max-video-preview:-1"},"canonical":"https:\/\/www.tribunal-nature.org\/blog\/cela-se-propage-sur-le-web-tweet-contre-karim-benzema-damien-rieu-candidat-reconquete-aux-legislatives-2022-dans-les-alpes-maritimes-relaxe-par-le-tribunal\/","og_locale":"fr_FR","og_type":"article","og_title":"Cela se propage sur le web : Tweet contre Karim Benzema: Damien Rieu, candidat Reconqu\u00eate aux l\u00e9gislatives 2022 dans les Alpes-Maritimes relax\u00e9 par le tribunal - TRIBUNAL-NATURE","og_description":"Cela se propage sur le web : Tweet contre Karim Benzema: Damien Rieu, candidat Reconqu\u00eate aux l\u00e9gislatives 2022 dans les Alpes-Maritimes relax\u00e9 par le tribunal article de TRIBUNAL-NATURE","og_url":"https:\/\/www.tribunal-nature.org\/blog\/cela-se-propage-sur-le-web-tweet-contre-karim-benzema-damien-rieu-candidat-reconquete-aux-legislatives-2022-dans-les-alpes-maritimes-relaxe-par-le-tribunal\/","og_site_name":"TRIBUNAL-NATURE","article_published_time":"2023-09-19T16:03:59+00:00","author":"Isabelle LOUBEAU","twitter_card":"summary_large_image","twitter_misc":{"\u00c9crit par":"Isabelle LOUBEAU","Dur\u00e9e de lecture estim\u00e9e":"2 minutes"},"schema":{"@context":"https:\/\/schema.org","@graph":[{"@type":"Article","@id":"https:\/\/www.tribunal-nature.org\/blog\/cela-se-propage-sur-le-web-tweet-contre-karim-benzema-damien-rieu-candidat-reconquete-aux-legislatives-2022-dans-les-alpes-maritimes-relaxe-par-le-tribunal\/#article","isPartOf":{"@id":"https:\/\/www.tribunal-nature.org\/blog\/cela-se-propage-sur-le-web-tweet-contre-karim-benzema-damien-rieu-candidat-reconquete-aux-legislatives-2022-dans-les-alpes-maritimes-relaxe-par-le-tribunal\/"},"author":{"name":"Isabelle LOUBEAU","@id":"https:\/\/www.tribunal-nature.org\/blog\/#\/schema\/person\/55761caf7544da6b05b60523f2a0855f"},"headline":"Cela se propage sur le web : Tweet contre Karim Benzema: Damien Rieu, candidat Reconqu\u00eate aux l\u00e9gislatives 2022 dans les Alpes-Maritimes relax\u00e9 par le tribunal","datePublished":"2023-09-19T16:03:59+00:00","mainEntityOfPage":{"@id":"https:\/\/www.tribunal-nature.org\/blog\/cela-se-propage-sur-le-web-tweet-contre-karim-benzema-damien-rieu-candidat-reconquete-aux-legislatives-2022-dans-les-alpes-maritimes-relaxe-par-le-tribunal\/"},"wordCount":498,"publisher":{"@id":"https:\/\/www.tribunal-nature.org\/blog\/#organization"},"image":{"@id":"https:\/\/www.tribunal-nature.org\/blog\/cela-se-propage-sur-le-web-tweet-contre-karim-benzema-damien-rieu-candidat-reconquete-aux-legislatives-2022-dans-les-alpes-maritimes-relaxe-par-le-tribunal\/#primaryimage"},"thumbnailUrl":"https:\/\/www.tribunal-nature.org\/blog\/wp-content\/uploads\/2023\/09\/karim-benzema.jpg","articleSection":["Droit De L'Environnement:"],"inLanguage":"fr-FR"},{"@type":"WebPage","@id":"https:\/\/www.tribunal-nature.org\/blog\/cela-se-propage-sur-le-web-tweet-contre-karim-benzema-damien-rieu-candidat-reconquete-aux-legislatives-2022-dans-les-alpes-maritimes-relaxe-par-le-tribunal\/","url":"https:\/\/www.tribunal-nature.org\/blog\/cela-se-propage-sur-le-web-tweet-contre-karim-benzema-damien-rieu-candidat-reconquete-aux-legislatives-2022-dans-les-alpes-maritimes-relaxe-par-le-tribunal\/","name":"Cela se propage sur le web : Tweet contre Karim Benzema: Damien Rieu, candidat Reconqu\u00eate aux l\u00e9gislatives 2022 dans les Alpes-Maritimes relax\u00e9 par le tribunal - TRIBUNAL-NATURE","isPartOf":{"@id":"https:\/\/www.tribunal-nature.org\/blog\/#website"},"primaryImageOfPage":{"@id":"https:\/\/www.tribunal-nature.org\/blog\/cela-se-propage-sur-le-web-tweet-contre-karim-benzema-damien-rieu-candidat-reconquete-aux-legislatives-2022-dans-les-alpes-maritimes-relaxe-par-le-tribunal\/#primaryimage"},"image":{"@id":"https:\/\/www.tribunal-nature.org\/blog\/cela-se-propage-sur-le-web-tweet-contre-karim-benzema-damien-rieu-candidat-reconquete-aux-legislatives-2022-dans-les-alpes-maritimes-relaxe-par-le-tribunal\/#primaryimage"},"thumbnailUrl":"https:\/\/www.tribunal-nature.org\/blog\/wp-content\/uploads\/2023\/09\/karim-benzema.jpg","datePublished":"2023-09-19T16:03:59+00:00","description":"Cela se propage sur le web : Tweet contre Karim Benzema: Damien Rieu, candidat Reconqu\u00eate aux l\u00e9gislatives 2022 dans les Alpes-Maritimes relax\u00e9 par le tribunal article de TRIBUNAL-NATURE","breadcrumb":{"@id":"https:\/\/www.tribunal-nature.org\/blog\/cela-se-propage-sur-le-web-tweet-contre-karim-benzema-damien-rieu-candidat-reconquete-aux-legislatives-2022-dans-les-alpes-maritimes-relaxe-par-le-tribunal\/#breadcrumb"},"inLanguage":"fr-FR","potentialAction":[{"@type":"ReadAction","target":["https:\/\/www.tribunal-nature.org\/blog\/cela-se-propage-sur-le-web-tweet-contre-karim-benzema-damien-rieu-candidat-reconquete-aux-legislatives-2022-dans-les-alpes-maritimes-relaxe-par-le-tribunal\/"]}]},{"@type":"ImageObject","inLanguage":"fr-FR","@id":"https:\/\/www.tribunal-nature.org\/blog\/cela-se-propage-sur-le-web-tweet-contre-karim-benzema-damien-rieu-candidat-reconquete-aux-legislatives-2022-dans-les-alpes-maritimes-relaxe-par-le-tribunal\/#primaryimage","url":"https:\/\/www.tribunal-nature.org\/blog\/wp-content\/uploads\/2023\/09\/karim-benzema.jpg","contentUrl":"https:\/\/www.tribunal-nature.org\/blog\/wp-content\/uploads\/2023\/09\/karim-benzema.jpg","width":1494,"height":1835,"caption":"karim benzema"},{"@type":"BreadcrumbList","@id":"https:\/\/www.tribunal-nature.org\/blog\/cela-se-propage-sur-le-web-tweet-contre-karim-benzema-damien-rieu-candidat-reconquete-aux-legislatives-2022-dans-les-alpes-maritimes-relaxe-par-le-tribunal\/#breadcrumb","itemListElement":[{"@type":"ListItem","position":1,"name":"Accueil","item":"https:\/\/www.tribunal-nature.org\/blog\/"},{"@type":"ListItem","position":2,"name":"Cela se propage sur le web : Tweet contre Karim Benzema: Damien Rieu, candidat Reconqu\u00eate aux l\u00e9gislatives 2022 dans les Alpes-Maritimes relax\u00e9 par le tribunal"}]},{"@type":"WebSite","@id":"https:\/\/www.tribunal-nature.org\/blog\/#website","url":"https:\/\/www.tribunal-nature.org\/blog\/","name":"TRIBUNAL-NATURE","description":"Droit De L&#039;Environnement.","publisher":{"@id":"https:\/\/www.tribunal-nature.org\/blog\/#organization"},"potentialAction":[{"@type":"SearchAction","target":{"@type":"EntryPoint","urlTemplate":"https:\/\/www.tribunal-nature.org\/blog\/?s={search_term_string}"},"query-input":{"@type":"PropertyValueSpecification","valueRequired":true,"valueName":"search_term_string"}}],"inLanguage":"fr-FR"},{"@type":"Organization","@id":"https:\/\/www.tribunal-nature.org\/blog\/#organization","name":"tribunal-nature","url":"https:\/\/www.tribunal-nature.org\/blog\/","logo":{"@type":"ImageObject","inLanguage":"fr-FR","@id":"https:\/\/www.tribunal-nature.org\/blog\/#\/schema\/logo\/image\/","url":"https:\/\/www.tribunal-nature.org\/blog\/wp-content\/uploads\/2022\/05\/logo-2.png","contentUrl":"https:\/\/www.tribunal-nature.org\/blog\/wp-content\/uploads\/2022\/05\/logo-2.png","width":180,"height":180,"caption":"tribunal-nature"},"image":{"@id":"https:\/\/www.tribunal-nature.org\/blog\/#\/schema\/logo\/image\/"}},{"@type":"Person","@id":"https:\/\/www.tribunal-nature.org\/blog\/#\/schema\/person\/55761caf7544da6b05b60523f2a0855f","name":"Isabelle LOUBEAU","image":{"@type":"ImageObject","inLanguage":"fr-FR","@id":"https:\/\/secure.gravatar.com\/avatar\/b6912620aca78633bf5d50400888815d3b38a1118e82b94050843f411f3f5972?s=96&d=mm&r=g","url":"https:\/\/secure.gravatar.com\/avatar\/b6912620aca78633bf5d50400888815d3b38a1118e82b94050843f411f3f5972?s=96&d=mm&r=g","contentUrl":"https:\/\/secure.gravatar.com\/avatar\/b6912620aca78633bf5d50400888815d3b38a1118e82b94050843f411f3f5972?s=96&d=mm&r=g","caption":"Isabelle LOUBEAU"},"url":"https:\/\/www.tribunal-nature.org\/blog\/author\/ureisabelle\/"}]}},"_links":{"self":[{"href":"https:\/\/www.tribunal-nature.org\/blog\/wp-json\/wp\/v2\/posts\/618","targetHints":{"allow":["GET"]}}],"collection":[{"href":"https:\/\/www.tribunal-nature.org\/blog\/wp-json\/wp\/v2\/posts"}],"about":[{"href":"https:\/\/www.tribunal-nature.org\/blog\/wp-json\/wp\/v2\/types\/post"}],"author":[{"embeddable":true,"href":"https:\/\/www.tribunal-nature.org\/blog\/wp-json\/wp\/v2\/users\/3"}],"replies":[{"embeddable":true,"href":"https:\/\/www.tribunal-nature.org\/blog\/wp-json\/wp\/v2\/comments?post=618"}],"version-history":[{"count":0,"href":"https:\/\/www.tribunal-nature.org\/blog\/wp-json\/wp\/v2\/posts\/618\/revisions"}],"wp:featuredmedia":[{"embeddable":true,"href":"https:\/\/www.tribunal-nature.org\/blog\/wp-json\/wp\/v2\/media\/632"}],"wp:attachment":[{"href":"https:\/\/www.tribunal-nature.org\/blog\/wp-json\/wp\/v2\/media?parent=618"}],"wp:term":[{"taxonomy":"category","embeddable":true,"href":"https:\/\/www.tribunal-nature.org\/blog\/wp-json\/wp\/v2\/categories?post=618"},{"taxonomy":"post_tag","embeddable":true,"href":"https:\/\/www.tribunal-nature.org\/blog\/wp-json\/wp\/v2\/tags?post=618"}],"curies":[{"name":"wp","href":"https:\/\/api.w.org\/{rel}","templated":true}]}}