{"id":617,"date":"2023-09-18T00:20:49","date_gmt":"2023-09-17T22:20:49","guid":{"rendered":"https:\/\/www.tribunal-nature.org\/blog\/infos-pour-les-passionnes-un-detenu-mis-en-examen-pour-tentative-de-meurtre\/"},"modified":"2023-09-18T00:20:49","modified_gmt":"2023-09-17T22:20:49","slug":"infos-pour-les-passionnes-un-detenu-mis-en-examen-pour-tentative-de-meurtre","status":"publish","type":"post","link":"https:\/\/www.tribunal-nature.org\/blog\/infos-pour-les-passionnes-un-detenu-mis-en-examen-pour-tentative-de-meurtre\/","title":{"rendered":"Infos pour les passionn\u00e9s  : un d\u00e9tenu mis en examen pour tentative de meurtre"},"content":{"rendered":"<div>\n<p>Dans le cadre de notre r\u00f4le de vous alerter, nous publions ci-dessous un \u00e9ditorial vu sur le web ce jour. La th\u00e9matique est \u00abla justice\u00bb.<\/p>\n<p>Le titre troublant (un d\u00e9tenu mis en examen pour tentative de meurtre) est sans d\u00e9tour.<\/p>\n<p>Sachez que le r\u00e9dacteur (pr\u00e9sent\u00e9 sous le nom  d\u2019anonymat<br \/>\n) est positivement connu pour plusieurs autres encarts qu\u2019il a publi\u00e9s sur internet.<\/p>\n<p>Vous pouvez prendre connaissance de ces r\u00e9v\u00e9lations en toute tranquillit\u00e9.<\/p>\n<div>\n<p>Un d\u00e9tenu du centre p\u00e9nitentiaire du Val-de-Reuil, dans l\u2019Eure, a \u00e9t\u00e9 mis en examen dimanche pour tentative de meurtre apr\u00e8s l\u2019agression d\u2019un surveillant, a annonc\u00e9 dimanche soir le procureur de la R\u00e9publique d\u2019Evreux, R\u00e9mi Coutin\u00a0\u00a0<\/p>\n<p>\u00ab Le mis en cause \u00e0 \u00e9t\u00e9 mis en examen cet apr\u00e8s-midi (dimanche, NDLR), du chef de tentative de meurtre sur personne d\u00e9positaire de l\u2019autorit\u00e9 publique, et plac\u00e9 en d\u00e9tention provisoire \u00e0 la maison d\u2019arr\u00eat de Rouen \u00bb, a fait savoir le magistrat. Le d\u00e9tenu avait \u00e9t\u00e9 plac\u00e9 en garde \u00e0 vue samedi.\u00a0<\/p>\n<p>Les faits se sont produits vendredi lorsque le d\u00e9tenu de 26 ans, \u00ab suivi pour radicalisation \u00bb, a appel\u00e9 un surveillant pour un probl\u00e8me de t\u00e9l\u00e9phone fixe, avait indiqu\u00e9 samedi\u00a0R\u00e9mi Coutin.<\/p>\n<p>Pendant que le surveillant \u00ab v\u00e9rifiait le t\u00e9l\u00e9phone, le d\u00e9tenu (\u2026) a tent\u00e9 de l\u2019\u00e9trangler et de lui porter plusieurs coups avec ce qui semble \u00eatre \u00e0 ce stade un couteau artisanal \u00bb, avait d\u00e9taill\u00e9 le magistrat.<\/p>\n<h2>Il\u00a0purge une peine de 15 ans de prison<\/h2>\n<p>\u00ab Le surveillant est parvenu \u00e0 parer les coups et a d\u00e9clench\u00e9 son alarme. D\u2019autres surveillants sont intervenus et sont parvenus \u00e0 ma\u00eetriser l\u2019agresseur \u00bb, avait-il poursuivi.\u00a0<\/p>\n<p>Arriv\u00e9 en janvier \u00e0 Val-de-Reuil, le d\u00e9tenu \u00ab purge une peine de 15 ans de prison pour des faits de viol aggrav\u00e9 prononc\u00e9e par la cour d\u2019assise du Val-de-Marne en 2017 \u00bb, selon le procureur.<\/p>\n<p>Le 12 septembre dernier, le d\u00e9tenu \u00ab a aussi \u00e9cop\u00e9 d\u2019une peine de 18 mois ferme pour des violences contre des surveillants commises dans un \u00e9tablissement p\u00e9nitentiaire du Nord \u00bb, a ajout\u00e9\u00a0R\u00e9mi Coutin, pr\u00e9cisant que \u00ab l\u2019enqu\u00eate a \u00e9t\u00e9 confi\u00e9e \u00e0 la police judiciaire de Rouen \u00bb.<\/p>\n<p>Le magistrat n\u2019a pas apport\u00e9 de pr\u00e9cisions sur l\u2019\u00e9tat de sant\u00e9 du surveillant.<\/p>\n<\/div>\n<p>Bibliographie :<\/p>\n<p>Appel \u00e0 la justice de l\u2019\u00c9tat\/Troisi\u00e8me lettre \u00e0 milord Sidney,<a target=\"_blank\" rel=\"nofollow\" href=\"https:\/\/www.tribunal-nature.org\/blog\/goto\/https:\/\/fr.wikisource.org\/wiki\/Appel_%C3%A0_la_justice_de_l%E2%80%99%C3%89tat\/Troisi%C3%A8me_lettre_%C3%A0_milord_Sidney\"  target=\"_blank\" rel=\"noopener noreferrer nofollow\">(la couverture) <\/a><span><\/span>.<\/p>\n<p>Japonais\/Liste des articles,<a target=\"_blank\" rel=\"nofollow\" href=\"https:\/\/www.tribunal-nature.org\/blog\/goto\/https:\/\/fr.wikibooks.org\/wiki\/Japonais\/Liste_des_articles\"  target=\"_blank\" rel=\"noopener noreferrer nofollow\">(la couverture) <\/a><span><\/span>.<\/p>\n<p>Une question de justice,<a target=\"_blank\" rel=\"nofollow\" href=\"https:\/\/www.tribunal-nature.org\/blog\/goto\/https:\/\/www.kobo.com\/fr\/fr\/ebook\/une-question-de-justice\"  target=\"_blank\" rel=\"noopener noreferrer nofollow\">(la couverture) <\/a><span><\/span>.<\/p>\n<\/div>\n","protected":false},"excerpt":{"rendered":"<p>Dans le cadre de notre r\u00f4le de vous alerter, nous publions ci-dessous un \u00e9ditorial vu sur le web ce jour&#8230;.<\/p>\n","protected":false},"author":3,"featured_media":633,"comment_status":"closed","ping_status":"closed","sticky":false,"template":"","format":"standard","meta":{"footnotes":""},"categories":[2],"tags":[],"class_list":["post-617","post","type-post","status-publish","format-standard","has-post-thumbnail","hentry","category-droit-de-lenvironnement","wpcat-2-id"],"yoast_head":"<!-- This site is optimized with the Yoast SEO plugin v27.5 - https:\/\/yoast.com\/product\/yoast-seo-wordpress\/ -->\n<title>Infos pour les passionn\u00e9s : un d\u00e9tenu mis en examen pour tentative de meurtre - TRIBUNAL-NATURE<\/title>\n<meta name=\"description\" content=\"Infos pour les passionn\u00e9s : un d\u00e9tenu mis en examen pour tentative de meurtre article de TRIBUNAL-NATURE\" \/>\n<meta name=\"robots\" content=\"index, follow, max-snippet:-1, max-image-preview:large, max-video-preview:-1\" \/>\n<link rel=\"canonical\" href=\"https:\/\/www.tribunal-nature.org\/blog\/infos-pour-les-passionnes-un-detenu-mis-en-examen-pour-tentative-de-meurtre\/\" \/>\n<meta property=\"og:locale\" content=\"fr_FR\" \/>\n<meta property=\"og:type\" content=\"article\" \/>\n<meta property=\"og:title\" content=\"Infos pour les passionn\u00e9s : un d\u00e9tenu mis en examen pour tentative de meurtre - TRIBUNAL-NATURE\" \/>\n<meta property=\"og:description\" content=\"Infos pour les passionn\u00e9s : un d\u00e9tenu mis en examen pour tentative de meurtre article de TRIBUNAL-NATURE\" \/>\n<meta property=\"og:url\" content=\"https:\/\/www.tribunal-nature.org\/blog\/infos-pour-les-passionnes-un-detenu-mis-en-examen-pour-tentative-de-meurtre\/\" \/>\n<meta property=\"og:site_name\" content=\"TRIBUNAL-NATURE\" \/>\n<meta property=\"article:published_time\" content=\"2023-09-17T22:20:49+00:00\" \/>\n<meta name=\"author\" content=\"Isabelle LOUBEAU\" \/>\n<meta name=\"twitter:card\" content=\"summary_large_image\" \/>\n<meta name=\"twitter:label1\" content=\"\u00c9crit par\" \/>\n\t<meta name=\"twitter:data1\" content=\"Isabelle LOUBEAU\" \/>\n\t<meta name=\"twitter:label2\" content=\"Dur\u00e9e de lecture estim\u00e9e\" \/>\n\t<meta name=\"twitter:data2\" content=\"2 minutes\" \/>\n<script type=\"application\/ld+json\" class=\"yoast-schema-graph\">{\"@context\":\"https:\\\/\\\/schema.org\",\"@graph\":[{\"@type\":\"Article\",\"@id\":\"https:\\\/\\\/www.tribunal-nature.org\\\/blog\\\/infos-pour-les-passionnes-un-detenu-mis-en-examen-pour-tentative-de-meurtre\\\/#article\",\"isPartOf\":{\"@id\":\"https:\\\/\\\/www.tribunal-nature.org\\\/blog\\\/infos-pour-les-passionnes-un-detenu-mis-en-examen-pour-tentative-de-meurtre\\\/\"},\"author\":{\"name\":\"Isabelle LOUBEAU\",\"@id\":\"https:\\\/\\\/www.tribunal-nature.org\\\/blog\\\/#\\\/schema\\\/person\\\/55761caf7544da6b05b60523f2a0855f\"},\"headline\":\"Infos pour les passionn\u00e9s : un d\u00e9tenu mis en examen pour tentative de meurtre\",\"datePublished\":\"2023-09-17T22:20:49+00:00\",\"mainEntityOfPage\":{\"@id\":\"https:\\\/\\\/www.tribunal-nature.org\\\/blog\\\/infos-pour-les-passionnes-un-detenu-mis-en-examen-pour-tentative-de-meurtre\\\/\"},\"wordCount\":428,\"publisher\":{\"@id\":\"https:\\\/\\\/www.tribunal-nature.org\\\/blog\\\/#organization\"},\"image\":{\"@id\":\"https:\\\/\\\/www.tribunal-nature.org\\\/blog\\\/infos-pour-les-passionnes-un-detenu-mis-en-examen-pour-tentative-de-meurtre\\\/#primaryimage\"},\"thumbnailUrl\":\"https:\\\/\\\/www.tribunal-nature.org\\\/blog\\\/wp-content\\\/uploads\\\/2023\\\/09\\\/mis-en.jpg\",\"articleSection\":[\"Droit De L'Environnement:\"],\"inLanguage\":\"fr-FR\"},{\"@type\":\"WebPage\",\"@id\":\"https:\\\/\\\/www.tribunal-nature.org\\\/blog\\\/infos-pour-les-passionnes-un-detenu-mis-en-examen-pour-tentative-de-meurtre\\\/\",\"url\":\"https:\\\/\\\/www.tribunal-nature.org\\\/blog\\\/infos-pour-les-passionnes-un-detenu-mis-en-examen-pour-tentative-de-meurtre\\\/\",\"name\":\"Infos pour les passionn\u00e9s : un d\u00e9tenu mis en examen pour tentative de meurtre - TRIBUNAL-NATURE\",\"isPartOf\":{\"@id\":\"https:\\\/\\\/www.tribunal-nature.org\\\/blog\\\/#website\"},\"primaryImageOfPage\":{\"@id\":\"https:\\\/\\\/www.tribunal-nature.org\\\/blog\\\/infos-pour-les-passionnes-un-detenu-mis-en-examen-pour-tentative-de-meurtre\\\/#primaryimage\"},\"image\":{\"@id\":\"https:\\\/\\\/www.tribunal-nature.org\\\/blog\\\/infos-pour-les-passionnes-un-detenu-mis-en-examen-pour-tentative-de-meurtre\\\/#primaryimage\"},\"thumbnailUrl\":\"https:\\\/\\\/www.tribunal-nature.org\\\/blog\\\/wp-content\\\/uploads\\\/2023\\\/09\\\/mis-en.jpg\",\"datePublished\":\"2023-09-17T22:20:49+00:00\",\"description\":\"Infos pour les passionn\u00e9s : un d\u00e9tenu mis en examen pour tentative de meurtre article de TRIBUNAL-NATURE\",\"breadcrumb\":{\"@id\":\"https:\\\/\\\/www.tribunal-nature.org\\\/blog\\\/infos-pour-les-passionnes-un-detenu-mis-en-examen-pour-tentative-de-meurtre\\\/#breadcrumb\"},\"inLanguage\":\"fr-FR\",\"potentialAction\":[{\"@type\":\"ReadAction\",\"target\":[\"https:\\\/\\\/www.tribunal-nature.org\\\/blog\\\/infos-pour-les-passionnes-un-detenu-mis-en-examen-pour-tentative-de-meurtre\\\/\"]}]},{\"@type\":\"ImageObject\",\"inLanguage\":\"fr-FR\",\"@id\":\"https:\\\/\\\/www.tribunal-nature.org\\\/blog\\\/infos-pour-les-passionnes-un-detenu-mis-en-examen-pour-tentative-de-meurtre\\\/#primaryimage\",\"url\":\"https:\\\/\\\/www.tribunal-nature.org\\\/blog\\\/wp-content\\\/uploads\\\/2023\\\/09\\\/mis-en.jpg\",\"contentUrl\":\"https:\\\/\\\/www.tribunal-nature.org\\\/blog\\\/wp-content\\\/uploads\\\/2023\\\/09\\\/mis-en.jpg\",\"width\":1000,\"height\":500,\"caption\":\"mis en\"},{\"@type\":\"BreadcrumbList\",\"@id\":\"https:\\\/\\\/www.tribunal-nature.org\\\/blog\\\/infos-pour-les-passionnes-un-detenu-mis-en-examen-pour-tentative-de-meurtre\\\/#breadcrumb\",\"itemListElement\":[{\"@type\":\"ListItem\",\"position\":1,\"name\":\"Accueil\",\"item\":\"https:\\\/\\\/www.tribunal-nature.org\\\/blog\\\/\"},{\"@type\":\"ListItem\",\"position\":2,\"name\":\"Infos pour les passionn\u00e9s : un d\u00e9tenu mis en examen pour tentative de meurtre\"}]},{\"@type\":\"WebSite\",\"@id\":\"https:\\\/\\\/www.tribunal-nature.org\\\/blog\\\/#website\",\"url\":\"https:\\\/\\\/www.tribunal-nature.org\\\/blog\\\/\",\"name\":\"TRIBUNAL-NATURE\",\"description\":\"Droit De L&#039;Environnement.\",\"publisher\":{\"@id\":\"https:\\\/\\\/www.tribunal-nature.org\\\/blog\\\/#organization\"},\"potentialAction\":[{\"@type\":\"SearchAction\",\"target\":{\"@type\":\"EntryPoint\",\"urlTemplate\":\"https:\\\/\\\/www.tribunal-nature.org\\\/blog\\\/?s={search_term_string}\"},\"query-input\":{\"@type\":\"PropertyValueSpecification\",\"valueRequired\":true,\"valueName\":\"search_term_string\"}}],\"inLanguage\":\"fr-FR\"},{\"@type\":\"Organization\",\"@id\":\"https:\\\/\\\/www.tribunal-nature.org\\\/blog\\\/#organization\",\"name\":\"tribunal-nature\",\"url\":\"https:\\\/\\\/www.tribunal-nature.org\\\/blog\\\/\",\"logo\":{\"@type\":\"ImageObject\",\"inLanguage\":\"fr-FR\",\"@id\":\"https:\\\/\\\/www.tribunal-nature.org\\\/blog\\\/#\\\/schema\\\/logo\\\/image\\\/\",\"url\":\"https:\\\/\\\/www.tribunal-nature.org\\\/blog\\\/wp-content\\\/uploads\\\/2022\\\/05\\\/logo-2.png\",\"contentUrl\":\"https:\\\/\\\/www.tribunal-nature.org\\\/blog\\\/wp-content\\\/uploads\\\/2022\\\/05\\\/logo-2.png\",\"width\":180,\"height\":180,\"caption\":\"tribunal-nature\"},\"image\":{\"@id\":\"https:\\\/\\\/www.tribunal-nature.org\\\/blog\\\/#\\\/schema\\\/logo\\\/image\\\/\"}},{\"@type\":\"Person\",\"@id\":\"https:\\\/\\\/www.tribunal-nature.org\\\/blog\\\/#\\\/schema\\\/person\\\/55761caf7544da6b05b60523f2a0855f\",\"name\":\"Isabelle LOUBEAU\",\"image\":{\"@type\":\"ImageObject\",\"inLanguage\":\"fr-FR\",\"@id\":\"https:\\\/\\\/secure.gravatar.com\\\/avatar\\\/b6912620aca78633bf5d50400888815d3b38a1118e82b94050843f411f3f5972?s=96&d=mm&r=g\",\"url\":\"https:\\\/\\\/secure.gravatar.com\\\/avatar\\\/b6912620aca78633bf5d50400888815d3b38a1118e82b94050843f411f3f5972?s=96&d=mm&r=g\",\"contentUrl\":\"https:\\\/\\\/secure.gravatar.com\\\/avatar\\\/b6912620aca78633bf5d50400888815d3b38a1118e82b94050843f411f3f5972?s=96&d=mm&r=g\",\"caption\":\"Isabelle LOUBEAU\"},\"url\":\"https:\\\/\\\/www.tribunal-nature.org\\\/blog\\\/author\\\/ureisabelle\\\/\"}]}<\/script>\n<!-- \/ Yoast SEO plugin. -->","yoast_head_json":{"title":"Infos pour les passionn\u00e9s : un d\u00e9tenu mis en examen pour tentative de meurtre - TRIBUNAL-NATURE","description":"Infos pour les passionn\u00e9s : un d\u00e9tenu mis en examen pour tentative de meurtre article de TRIBUNAL-NATURE","robots":{"index":"index","follow":"follow","max-snippet":"max-snippet:-1","max-image-preview":"max-image-preview:large","max-video-preview":"max-video-preview:-1"},"canonical":"https:\/\/www.tribunal-nature.org\/blog\/infos-pour-les-passionnes-un-detenu-mis-en-examen-pour-tentative-de-meurtre\/","og_locale":"fr_FR","og_type":"article","og_title":"Infos pour les passionn\u00e9s : un d\u00e9tenu mis en examen pour tentative de meurtre - TRIBUNAL-NATURE","og_description":"Infos pour les passionn\u00e9s : un d\u00e9tenu mis en examen pour tentative de meurtre article de TRIBUNAL-NATURE","og_url":"https:\/\/www.tribunal-nature.org\/blog\/infos-pour-les-passionnes-un-detenu-mis-en-examen-pour-tentative-de-meurtre\/","og_site_name":"TRIBUNAL-NATURE","article_published_time":"2023-09-17T22:20:49+00:00","author":"Isabelle LOUBEAU","twitter_card":"summary_large_image","twitter_misc":{"\u00c9crit par":"Isabelle LOUBEAU","Dur\u00e9e de lecture estim\u00e9e":"2 minutes"},"schema":{"@context":"https:\/\/schema.org","@graph":[{"@type":"Article","@id":"https:\/\/www.tribunal-nature.org\/blog\/infos-pour-les-passionnes-un-detenu-mis-en-examen-pour-tentative-de-meurtre\/#article","isPartOf":{"@id":"https:\/\/www.tribunal-nature.org\/blog\/infos-pour-les-passionnes-un-detenu-mis-en-examen-pour-tentative-de-meurtre\/"},"author":{"name":"Isabelle LOUBEAU","@id":"https:\/\/www.tribunal-nature.org\/blog\/#\/schema\/person\/55761caf7544da6b05b60523f2a0855f"},"headline":"Infos pour les passionn\u00e9s : un d\u00e9tenu mis en examen pour tentative de meurtre","datePublished":"2023-09-17T22:20:49+00:00","mainEntityOfPage":{"@id":"https:\/\/www.tribunal-nature.org\/blog\/infos-pour-les-passionnes-un-detenu-mis-en-examen-pour-tentative-de-meurtre\/"},"wordCount":428,"publisher":{"@id":"https:\/\/www.tribunal-nature.org\/blog\/#organization"},"image":{"@id":"https:\/\/www.tribunal-nature.org\/blog\/infos-pour-les-passionnes-un-detenu-mis-en-examen-pour-tentative-de-meurtre\/#primaryimage"},"thumbnailUrl":"https:\/\/www.tribunal-nature.org\/blog\/wp-content\/uploads\/2023\/09\/mis-en.jpg","articleSection":["Droit De L'Environnement:"],"inLanguage":"fr-FR"},{"@type":"WebPage","@id":"https:\/\/www.tribunal-nature.org\/blog\/infos-pour-les-passionnes-un-detenu-mis-en-examen-pour-tentative-de-meurtre\/","url":"https:\/\/www.tribunal-nature.org\/blog\/infos-pour-les-passionnes-un-detenu-mis-en-examen-pour-tentative-de-meurtre\/","name":"Infos pour les passionn\u00e9s : un d\u00e9tenu mis en examen pour tentative de meurtre - TRIBUNAL-NATURE","isPartOf":{"@id":"https:\/\/www.tribunal-nature.org\/blog\/#website"},"primaryImageOfPage":{"@id":"https:\/\/www.tribunal-nature.org\/blog\/infos-pour-les-passionnes-un-detenu-mis-en-examen-pour-tentative-de-meurtre\/#primaryimage"},"image":{"@id":"https:\/\/www.tribunal-nature.org\/blog\/infos-pour-les-passionnes-un-detenu-mis-en-examen-pour-tentative-de-meurtre\/#primaryimage"},"thumbnailUrl":"https:\/\/www.tribunal-nature.org\/blog\/wp-content\/uploads\/2023\/09\/mis-en.jpg","datePublished":"2023-09-17T22:20:49+00:00","description":"Infos pour les passionn\u00e9s : un d\u00e9tenu mis en examen pour tentative de meurtre article de TRIBUNAL-NATURE","breadcrumb":{"@id":"https:\/\/www.tribunal-nature.org\/blog\/infos-pour-les-passionnes-un-detenu-mis-en-examen-pour-tentative-de-meurtre\/#breadcrumb"},"inLanguage":"fr-FR","potentialAction":[{"@type":"ReadAction","target":["https:\/\/www.tribunal-nature.org\/blog\/infos-pour-les-passionnes-un-detenu-mis-en-examen-pour-tentative-de-meurtre\/"]}]},{"@type":"ImageObject","inLanguage":"fr-FR","@id":"https:\/\/www.tribunal-nature.org\/blog\/infos-pour-les-passionnes-un-detenu-mis-en-examen-pour-tentative-de-meurtre\/#primaryimage","url":"https:\/\/www.tribunal-nature.org\/blog\/wp-content\/uploads\/2023\/09\/mis-en.jpg","contentUrl":"https:\/\/www.tribunal-nature.org\/blog\/wp-content\/uploads\/2023\/09\/mis-en.jpg","width":1000,"height":500,"caption":"mis en"},{"@type":"BreadcrumbList","@id":"https:\/\/www.tribunal-nature.org\/blog\/infos-pour-les-passionnes-un-detenu-mis-en-examen-pour-tentative-de-meurtre\/#breadcrumb","itemListElement":[{"@type":"ListItem","position":1,"name":"Accueil","item":"https:\/\/www.tribunal-nature.org\/blog\/"},{"@type":"ListItem","position":2,"name":"Infos pour les passionn\u00e9s : un d\u00e9tenu mis en examen pour tentative de meurtre"}]},{"@type":"WebSite","@id":"https:\/\/www.tribunal-nature.org\/blog\/#website","url":"https:\/\/www.tribunal-nature.org\/blog\/","name":"TRIBUNAL-NATURE","description":"Droit De L&#039;Environnement.","publisher":{"@id":"https:\/\/www.tribunal-nature.org\/blog\/#organization"},"potentialAction":[{"@type":"SearchAction","target":{"@type":"EntryPoint","urlTemplate":"https:\/\/www.tribunal-nature.org\/blog\/?s={search_term_string}"},"query-input":{"@type":"PropertyValueSpecification","valueRequired":true,"valueName":"search_term_string"}}],"inLanguage":"fr-FR"},{"@type":"Organization","@id":"https:\/\/www.tribunal-nature.org\/blog\/#organization","name":"tribunal-nature","url":"https:\/\/www.tribunal-nature.org\/blog\/","logo":{"@type":"ImageObject","inLanguage":"fr-FR","@id":"https:\/\/www.tribunal-nature.org\/blog\/#\/schema\/logo\/image\/","url":"https:\/\/www.tribunal-nature.org\/blog\/wp-content\/uploads\/2022\/05\/logo-2.png","contentUrl":"https:\/\/www.tribunal-nature.org\/blog\/wp-content\/uploads\/2022\/05\/logo-2.png","width":180,"height":180,"caption":"tribunal-nature"},"image":{"@id":"https:\/\/www.tribunal-nature.org\/blog\/#\/schema\/logo\/image\/"}},{"@type":"Person","@id":"https:\/\/www.tribunal-nature.org\/blog\/#\/schema\/person\/55761caf7544da6b05b60523f2a0855f","name":"Isabelle LOUBEAU","image":{"@type":"ImageObject","inLanguage":"fr-FR","@id":"https:\/\/secure.gravatar.com\/avatar\/b6912620aca78633bf5d50400888815d3b38a1118e82b94050843f411f3f5972?s=96&d=mm&r=g","url":"https:\/\/secure.gravatar.com\/avatar\/b6912620aca78633bf5d50400888815d3b38a1118e82b94050843f411f3f5972?s=96&d=mm&r=g","contentUrl":"https:\/\/secure.gravatar.com\/avatar\/b6912620aca78633bf5d50400888815d3b38a1118e82b94050843f411f3f5972?s=96&d=mm&r=g","caption":"Isabelle LOUBEAU"},"url":"https:\/\/www.tribunal-nature.org\/blog\/author\/ureisabelle\/"}]}},"_links":{"self":[{"href":"https:\/\/www.tribunal-nature.org\/blog\/wp-json\/wp\/v2\/posts\/617","targetHints":{"allow":["GET"]}}],"collection":[{"href":"https:\/\/www.tribunal-nature.org\/blog\/wp-json\/wp\/v2\/posts"}],"about":[{"href":"https:\/\/www.tribunal-nature.org\/blog\/wp-json\/wp\/v2\/types\/post"}],"author":[{"embeddable":true,"href":"https:\/\/www.tribunal-nature.org\/blog\/wp-json\/wp\/v2\/users\/3"}],"replies":[{"embeddable":true,"href":"https:\/\/www.tribunal-nature.org\/blog\/wp-json\/wp\/v2\/comments?post=617"}],"version-history":[{"count":0,"href":"https:\/\/www.tribunal-nature.org\/blog\/wp-json\/wp\/v2\/posts\/617\/revisions"}],"wp:featuredmedia":[{"embeddable":true,"href":"https:\/\/www.tribunal-nature.org\/blog\/wp-json\/wp\/v2\/media\/633"}],"wp:attachment":[{"href":"https:\/\/www.tribunal-nature.org\/blog\/wp-json\/wp\/v2\/media?parent=617"}],"wp:term":[{"taxonomy":"category","embeddable":true,"href":"https:\/\/www.tribunal-nature.org\/blog\/wp-json\/wp\/v2\/categories?post=617"},{"taxonomy":"post_tag","embeddable":true,"href":"https:\/\/www.tribunal-nature.org\/blog\/wp-json\/wp\/v2\/tags?post=617"}],"curies":[{"name":"wp","href":"https:\/\/api.w.org\/{rel}","templated":true}]}}