{"id":614,"date":"2023-09-09T21:06:10","date_gmt":"2023-09-09T19:06:10","guid":{"rendered":"https:\/\/www.tribunal-nature.org\/blog\/article-tout-frais-belgique-une-malade-en-fin-de-vie-aurait-ete-etouffee-par-des-soignants-la-justice-enquete\/"},"modified":"2023-09-09T21:06:10","modified_gmt":"2023-09-09T19:06:10","slug":"article-tout-frais-belgique-une-malade-en-fin-de-vie-aurait-ete-etouffee-par-des-soignants-la-justice-enquete","status":"publish","type":"post","link":"https:\/\/www.tribunal-nature.org\/blog\/article-tout-frais-belgique-une-malade-en-fin-de-vie-aurait-ete-etouffee-par-des-soignants-la-justice-enquete\/","title":{"rendered":"Article tout frais  : Belgique: une malade en fin de vie aurait \u00e9t\u00e9 \u00e9touff\u00e9e par des soignants, la justice enqu\u00eate"},"content":{"rendered":"<div>\n<p>Cet \u00e9ditorial, dont le propos est \u00ab\u00a0la justice\u00a0\u00bb, a \u00e9t\u00e9 relev\u00e9 sur internet, notre staff est heureux de vous en proposer l\u2019essentiel ci-dessous.<\/p>\n<p>Son titre  (Belgique: une malade en fin de vie aurait \u00e9t\u00e9 \u00e9touff\u00e9e par des soignants, la justice enqu\u00eate) est \u00e9vocateur.<\/p>\n<p> Annonc\u00e9 sous la signature \u00abd\u2019anonymat<br \/>\n\u00bb, l\u2019\u00e9crivain est connu et fiable pour plusieurs autres papiers qu\u2019il a publi\u00e9s sur internet.<\/p>\n<p>La cr\u00e9dibilit\u00e9 est ainsi parfaite en ce qui concerne cet article.<\/p>\n<p>Le papier a \u00e9t\u00e9 publi\u00e9 \u00e0 une date indiqu\u00e9e 2023-09-09 04:35:00.<\/p>\n<div id=\"\">\n<p>\t<r-article--chapo><\/r-article--chapo><\/p>\n<p>Une m\u00e8re de famille de 36 ans atteinte d\u2019un cancer avait demand\u00e9 \u00ab\u00a0\u00e0 partir\u00a0\u00bb. Mais les soignants charg\u00e9s de la s\u00e9dation auraient us\u00e9 un coussin pour l\u2019\u00e9touffer. Une enqu\u00eate est ouverte.<\/p>\n<\/p>\n<\/div>\n<div>\t<r-article--section><\/p>\n<p>Alexina, une femme d\u2019une trentaine d\u2019ann\u00e9es, atteinte d\u2019un cancer incurable, a fait l\u2019objet d\u2019une\u00a0 s\u00e9dation en Belgique\u00a0 en mars 2022. Malheureusement, celle-ci s\u2019est mal pass\u00e9e. La quantit\u00e9 de produits qui a \u00e9t\u00e9 inject\u00e9e dans son corps n\u2019\u00e9tait pas suffisante alors les soignants ont d\u00fb utiliser un coussin pour mettre fin \u00e0 la vie d\u2019Alexina d\u2019apr\u00e8s\u00a0 Sudinfo. Le parquet a \u00e9t\u00e9 averti deux jours avant ses fun\u00e9railles et il a demand\u00e9 une autopsie. Les analyses ont en effet d\u00e9cel\u00e9 des traces d\u2019\u00e9touffement.<\/p>\n<p><template class=\"js-sso--template\" data-user=\"anonyme\"><r-pub class=\"r-pub--inread r-pub--inread-article\"><i-pub id=\"r-pub--inread-article\"><!--   \/\/ builder=DFPTagBuilder, site=ENGPRM, pageType=node, context=\/Sections\/Le Courrier Picard abonn&eacute;\/Actualit&eacute;s\/France Monde, position=article_article, edition=, domain=www.courrier-picard.fr\n    \n --><\/i-pub><\/r-pub><\/template><\/p>\n<p><template class=\"js-sso--template\" data-user=\"connecte\"><r-pub class=\"r-pub--inread r-pub--inread-article\"><i-pub id=\"r-pub--inread-article\"><!--   \/\/ builder=DFPTagBuilder, site=ENGPRM, pageType=node, context=\/Sections\/Le Courrier Picard abonn&eacute;\/Actualit&eacute;s\/France Monde, position=article_article, edition=, domain=www.courrier-picard.fr\n    \n --><\/i-pub><\/r-pub><\/template><\/p>\n<\/p>\n<p> <!-- scald=39811072:full \"context\":\"full\",\"view_mode\":\"enacarbon_article_default\",\"scald_mediacontext\":\"full\",\"dpiservices\":false,\"digiteka_dmp_targeting\":1 --> <r-embed class=\"r-embed--digiteka\"> <template class=\"dmp-digiteka-b10ff994c51a27e2197e26c450c4da01\"> <iframe title=\"Digiteka\" class=\"lazy\" data-src=\"https:\/\/www.ultimedia.com\/deliver\/generic\/iframe\/src\/qkfk5lk\/showtitle\/1\/mdtk\/01338879\/zone\/30\/?tagparam=ROS-destination%3DFrance+Monde\" scrolling=\"no\" frameborder=\"0\" marginwidth=\"0\" marginheight=\"0\" hspace=\"0\" vspace=\"0\" style=\"z-index:1;\" allowfullscreen=\"true\" webkitallowfullscreen=\"true\" mozallowfullscreen=\"true\" width=\"100%\" height=\"400\" referrerpolicy=\"no-referrer-when-downgrade\" data-digiteka-sid=\"39811072\"> <\/iframe> <\/template> <\/r-embed> <\/p>\n<p> <!-- END scald=39811072 --> <\/p>\n<p>Le compagnon d\u2019Alexina et sa fille ont alors d\u00e9cid\u00e9 de porter plainte et de se constituer partie civile contre le m\u00e9decin et les deux infirmi\u00e8res.<\/p>\n<p><template class=\"js-sso--template\" data-user=\"abonne\"><r-pub class=\"r-pub--inread r-pub--inread-article\"><i-pub id=\"r-pub--inread-article\"><!--   \/\/ builder=DFPTagBuilder, site=ENGPRM, pageType=node, context=\/Sections\/Le Courrier Picard abonn&eacute;\/Actualit&eacute;s\/France Monde, position=article_article, edition=, domain=www.courrier-picard.fr\n    \n --><\/i-pub><\/r-pub><\/template><\/p>\n<\/p>\n<p><aside class=\"r-stories\"> <span class=\"r-stories--label\">\u00c0 lire aussi<\/span> Maroc: un tremblement de terre puissant fait au moins 1000 morts <\/aside>\n<\/p>\n<h3> Seul un m\u00e9decin peut pratiquer la s\u00e9dation <\/h3>\n<p>En Belgique, \u00ab seul un m\u00e9decin est autoris\u00e9 \u00e0 pratiquer ce geste. Il peut bien s\u00fbr \u00eatre aid\u00e9 par le personnel soignant. Mais le geste est un geste m\u00e9dical et uniquement m\u00e9dical. De plus, le m\u00e9decin qui va pratiquer ce geste important doit \u00eatre form\u00e9 et doit savoir quel produit administrer.<\/p>\n<\/p>\n<p><\/r-article--section><template class=\"js-sso--template\" data-user=\"anonyme\"><r-pub class=\"r-pub--inread r-imu\"><i-pub id=\"r-imu\"><!--   \/\/ builder=DFPTagBuilder, site=ENGPRM, pageType=node, context=\/Sections\/Le Courrier Picard abonn&eacute;\/Actualit&eacute;s\/France Monde, position=article_droite_haute_es, edition=, domain=www.courrier-picard.fr\n    \n --><\/p>\n<p><\/i-pub><\/r-pub><\/template><template class=\"js-sso--template\" data-user=\"connecte\"><r-pub class=\"r-pub--inread r-imu\"><i-pub id=\"r-imu\"><!--   \/\/ builder=DFPTagBuilder, site=ENGPRM, pageType=node, context=\/Sections\/Le Courrier Picard abonn&eacute;\/Actualit&eacute;s\/France Monde, position=article_droite_haute_es, edition=, domain=www.courrier-picard.fr\n    \n --><\/p>\n<p><\/i-pub><\/r-pub><\/template><r-article--section><template class=\"js-sso--template\" data-user=\"connecte\"><r-pub class=\"r-pub--inread gr-ads-inread\"><i-pub id=\"gr-ads-inread\"><!--   \/\/ builder=DFPTagBuilder, site=ENGPRM, pageType=node, context=\/Sections\/Le Courrier Picard abonn&eacute;\/Actualit&eacute;s\/France Monde, position=article_pave_medium, edition=, domain=www.courrier-picard.fr\n    \n --><\/p>\n<p><\/i-pub><\/r-pub><\/template><template class=\"js-sso--template\" data-user=\"connecte\"><r-pub class=\"r-pub--inread r-pub--inread-article\"><i-pub id=\"r-pub--inread-article\"><!--   \/\/ builder=DFPTagBuilder, site=ENGPRM, pageType=node, context=\/Sections\/Le Courrier Picard abonn&eacute;\/Actualit&eacute;s\/France Monde, position=article_pave_medium_es, edition=, domain=www.courrier-picard.fr\n    \n --><\/p>\n<p><\/i-pub><\/r-pub><\/template><\/p>\n<p> Sur le plan pratique, on donne un produit, un premier m\u00e9dicament qui relaxe et apaise, suivi d\u2019un m\u00e9dicament qui endort comme pour une anesth\u00e9sie g\u00e9n\u00e9rale. Cela suffit. Et si cela ne suffit pas, au bout de quelques minutes, le m\u00e9decin comp\u00e9tent va injecter du curare. La personne ne va pas se r\u00e9veiller et va s\u2019endormir paisiblement \u00bb a expliqu\u00e9 Jacques Brotchi, membre de la commission de contr\u00f4le et d\u2019\u00e9valuation sur l\u2019euthanasie belge, sur RTL Info.<\/p>\n<p>Pour lui, ce qui s\u2019est pass\u00e9 pour Alexina \u00ab n\u2019est pas une euthanasie. Le fait de qualifier cette situation horrible comme cela d\u00e9valorise le geste d\u2019euthanasie, qui est l\u2019accompagnement d\u2019une personne jusqu\u2019\u00e0 la fin sans douleur. De mani\u00e8re \u00e0 partir de fa\u00e7on sereine. (\u2026) La loi est tr\u00e8s pr\u00e9cise \u00e0 ce sujet et tout se passe bien. \u00bb<\/p>\n<\/p>\n<p><\/r-article--section>\n<\/div>\n<p><script type=\"didomi\/javascript\" data-vendor=\"didomi:facebook\">\n        window.fbAsyncInit = function() \n        FB.init(\n          appId : '265922303576773',\n          autoLogAppEvents : true,\n          xfbml : true,\n          version : 'v3.3'\n        );FB.Event.subscribe(\"comment.create\", function(resp) \n    if (typeof (fbComment) == 'function') \n      fbComment(resp, 'add');<\/script><\/p>\n<p>);FB.Event.subscribe(\u00ab\u00a0comment.remove\u00a0\u00bb, function(resp)<br \/>\n    if (typeof (fbComment) == &lsquo;function&rsquo;)<br \/>\n      fbComment(resp, &lsquo;delete&rsquo;);<\/p>\n<p>);<\/p>\n<p>        ;(function(d, s, id)<br \/>\n         var js, fjs = d.getElementsByTagName(s)[0];<br \/>\n         if(d.getElementById(id)) return;<br \/>\n         js = d.createElement(s); js.id = id;<br \/>\n         js.src=\u00a0\u00bb<br \/>\n         fjs.parentNode.insertBefore(js, fjs);<br \/>\n         (document, &lsquo;script&rsquo;, &lsquo;facebook-jssdk&rsquo;));<br \/>\n\/\/&#8211;&gt;<\/p>\n<p>Bibliographie :<\/p>\n<p>\u00c9tude historique sur l\u2019organisation de la justice dans l\u2019antiquit\u00e9 et les temps modernes,<a target=\"_blank\" rel=\"nofollow\" href=\"https:\/\/www.tribunal-nature.org\/blog\/goto\/https:\/\/fr.wikisource.org\/wiki\/%C3%89tude_historique_sur_l%E2%80%99organisation_de_la_justice_dans_l%E2%80%99antiquit%C3%A9_et_les_temps_modernes\"  target=\"_blank\" rel=\"noopener noreferrer nofollow\">Le livre <\/a><span><\/span>. Ouvrage de r\u00e9f\u00e9rence.<\/p>\n<p>La question de la justice chez Jacques Derrida,<a target=\"_blank\" rel=\"nofollow\" href=\"https:\/\/www.tribunal-nature.org\/blog\/goto\/https:\/\/www.kobo.com\/fr\/fr\/ebook\/la-question-de-la-justice-chez-jacques-derrida\"  target=\"_blank\" rel=\"noopener noreferrer nofollow\">A voir et \u00e0 lire. <\/a><span><\/span>. Disponible sur internet.<\/p>\n<p>M\u00eame les monstres,<a target=\"_blank\" rel=\"nofollow\" href=\"https:\/\/www.tribunal-nature.org\/blog\/goto\/https:\/\/booknode.com\/meme_les_monstres_02786075\"  target=\"_blank\" rel=\"noopener noreferrer nofollow\">Ouvrage <\/a><span><\/span>.<\/p>\n<\/div>\n","protected":false},"excerpt":{"rendered":"<p>Cet \u00e9ditorial, dont le propos est \u00ab\u00a0la justice\u00a0\u00bb, a \u00e9t\u00e9 relev\u00e9 sur internet, notre staff est heureux de vous en&#8230;<\/p>\n","protected":false},"author":3,"featured_media":636,"comment_status":"closed","ping_status":"closed","sticky":false,"template":"","format":"standard","meta":{"footnotes":""},"categories":[2],"tags":[],"class_list":["post-614","post","type-post","status-publish","format-standard","has-post-thumbnail","hentry","category-droit-de-lenvironnement","wpcat-2-id"],"yoast_head":"<!-- This site is optimized with the Yoast SEO plugin v27.5 - https:\/\/yoast.com\/product\/yoast-seo-wordpress\/ -->\n<title>Article tout frais : Belgique: une malade en fin de vie aurait \u00e9t\u00e9 \u00e9touff\u00e9e par des soignants, la justice enqu\u00eate - TRIBUNAL-NATURE<\/title>\n<meta name=\"description\" content=\"Article tout frais : Belgique: une malade en fin de vie aurait \u00e9t\u00e9 \u00e9touff\u00e9e par des soignants, la justice enqu\u00eate article de TRIBUNAL-NATURE\" \/>\n<meta name=\"robots\" content=\"index, follow, max-snippet:-1, max-image-preview:large, max-video-preview:-1\" \/>\n<link rel=\"canonical\" href=\"https:\/\/www.tribunal-nature.org\/blog\/article-tout-frais-belgique-une-malade-en-fin-de-vie-aurait-ete-etouffee-par-des-soignants-la-justice-enquete\/\" \/>\n<meta property=\"og:locale\" content=\"fr_FR\" \/>\n<meta property=\"og:type\" content=\"article\" \/>\n<meta property=\"og:title\" content=\"Article tout frais : Belgique: une malade en fin de vie aurait \u00e9t\u00e9 \u00e9touff\u00e9e par des soignants, la justice enqu\u00eate - TRIBUNAL-NATURE\" \/>\n<meta property=\"og:description\" content=\"Article tout frais : Belgique: une malade en fin de vie aurait \u00e9t\u00e9 \u00e9touff\u00e9e par des soignants, la justice enqu\u00eate article de TRIBUNAL-NATURE\" \/>\n<meta property=\"og:url\" content=\"https:\/\/www.tribunal-nature.org\/blog\/article-tout-frais-belgique-une-malade-en-fin-de-vie-aurait-ete-etouffee-par-des-soignants-la-justice-enquete\/\" \/>\n<meta property=\"og:site_name\" content=\"TRIBUNAL-NATURE\" \/>\n<meta property=\"article:published_time\" content=\"2023-09-09T19:06:10+00:00\" \/>\n<meta name=\"author\" content=\"Isabelle LOUBEAU\" \/>\n<meta name=\"twitter:card\" content=\"summary_large_image\" \/>\n<meta name=\"twitter:label1\" content=\"\u00c9crit par\" \/>\n\t<meta name=\"twitter:data1\" content=\"Isabelle LOUBEAU\" \/>\n\t<meta name=\"twitter:label2\" content=\"Dur\u00e9e de lecture estim\u00e9e\" \/>\n\t<meta name=\"twitter:data2\" content=\"3 minutes\" \/>\n<script type=\"application\/ld+json\" class=\"yoast-schema-graph\">{\"@context\":\"https:\\\/\\\/schema.org\",\"@graph\":[{\"@type\":\"Article\",\"@id\":\"https:\\\/\\\/www.tribunal-nature.org\\\/blog\\\/article-tout-frais-belgique-une-malade-en-fin-de-vie-aurait-ete-etouffee-par-des-soignants-la-justice-enquete\\\/#article\",\"isPartOf\":{\"@id\":\"https:\\\/\\\/www.tribunal-nature.org\\\/blog\\\/article-tout-frais-belgique-une-malade-en-fin-de-vie-aurait-ete-etouffee-par-des-soignants-la-justice-enquete\\\/\"},\"author\":{\"name\":\"Isabelle LOUBEAU\",\"@id\":\"https:\\\/\\\/www.tribunal-nature.org\\\/blog\\\/#\\\/schema\\\/person\\\/55761caf7544da6b05b60523f2a0855f\"},\"headline\":\"Article tout frais : Belgique: une malade en fin de vie aurait \u00e9t\u00e9 \u00e9touff\u00e9e par des soignants, la justice enqu\u00eate\",\"datePublished\":\"2023-09-09T19:06:10+00:00\",\"mainEntityOfPage\":{\"@id\":\"https:\\\/\\\/www.tribunal-nature.org\\\/blog\\\/article-tout-frais-belgique-une-malade-en-fin-de-vie-aurait-ete-etouffee-par-des-soignants-la-justice-enquete\\\/\"},\"wordCount\":589,\"publisher\":{\"@id\":\"https:\\\/\\\/www.tribunal-nature.org\\\/blog\\\/#organization\"},\"image\":{\"@id\":\"https:\\\/\\\/www.tribunal-nature.org\\\/blog\\\/article-tout-frais-belgique-une-malade-en-fin-de-vie-aurait-ete-etouffee-par-des-soignants-la-justice-enquete\\\/#primaryimage\"},\"thumbnailUrl\":\"https:\\\/\\\/www.tribunal-nature.org\\\/blog\\\/wp-content\\\/uploads\\\/2023\\\/09\\\/sur-internet.jpg\",\"articleSection\":[\"Droit De L'Environnement:\"],\"inLanguage\":\"fr-FR\"},{\"@type\":\"WebPage\",\"@id\":\"https:\\\/\\\/www.tribunal-nature.org\\\/blog\\\/article-tout-frais-belgique-une-malade-en-fin-de-vie-aurait-ete-etouffee-par-des-soignants-la-justice-enquete\\\/\",\"url\":\"https:\\\/\\\/www.tribunal-nature.org\\\/blog\\\/article-tout-frais-belgique-une-malade-en-fin-de-vie-aurait-ete-etouffee-par-des-soignants-la-justice-enquete\\\/\",\"name\":\"Article tout frais : Belgique: une malade en fin de vie aurait \u00e9t\u00e9 \u00e9touff\u00e9e par des soignants, la justice enqu\u00eate - TRIBUNAL-NATURE\",\"isPartOf\":{\"@id\":\"https:\\\/\\\/www.tribunal-nature.org\\\/blog\\\/#website\"},\"primaryImageOfPage\":{\"@id\":\"https:\\\/\\\/www.tribunal-nature.org\\\/blog\\\/article-tout-frais-belgique-une-malade-en-fin-de-vie-aurait-ete-etouffee-par-des-soignants-la-justice-enquete\\\/#primaryimage\"},\"image\":{\"@id\":\"https:\\\/\\\/www.tribunal-nature.org\\\/blog\\\/article-tout-frais-belgique-une-malade-en-fin-de-vie-aurait-ete-etouffee-par-des-soignants-la-justice-enquete\\\/#primaryimage\"},\"thumbnailUrl\":\"https:\\\/\\\/www.tribunal-nature.org\\\/blog\\\/wp-content\\\/uploads\\\/2023\\\/09\\\/sur-internet.jpg\",\"datePublished\":\"2023-09-09T19:06:10+00:00\",\"description\":\"Article tout frais : Belgique: une malade en fin de vie aurait \u00e9t\u00e9 \u00e9touff\u00e9e par des soignants, la justice enqu\u00eate article de TRIBUNAL-NATURE\",\"breadcrumb\":{\"@id\":\"https:\\\/\\\/www.tribunal-nature.org\\\/blog\\\/article-tout-frais-belgique-une-malade-en-fin-de-vie-aurait-ete-etouffee-par-des-soignants-la-justice-enquete\\\/#breadcrumb\"},\"inLanguage\":\"fr-FR\",\"potentialAction\":[{\"@type\":\"ReadAction\",\"target\":[\"https:\\\/\\\/www.tribunal-nature.org\\\/blog\\\/article-tout-frais-belgique-une-malade-en-fin-de-vie-aurait-ete-etouffee-par-des-soignants-la-justice-enquete\\\/\"]}]},{\"@type\":\"ImageObject\",\"inLanguage\":\"fr-FR\",\"@id\":\"https:\\\/\\\/www.tribunal-nature.org\\\/blog\\\/article-tout-frais-belgique-une-malade-en-fin-de-vie-aurait-ete-etouffee-par-des-soignants-la-justice-enquete\\\/#primaryimage\",\"url\":\"https:\\\/\\\/www.tribunal-nature.org\\\/blog\\\/wp-content\\\/uploads\\\/2023\\\/09\\\/sur-internet.jpg\",\"contentUrl\":\"https:\\\/\\\/www.tribunal-nature.org\\\/blog\\\/wp-content\\\/uploads\\\/2023\\\/09\\\/sur-internet.jpg\",\"width\":1128,\"height\":564,\"caption\":\"sur internet\"},{\"@type\":\"BreadcrumbList\",\"@id\":\"https:\\\/\\\/www.tribunal-nature.org\\\/blog\\\/article-tout-frais-belgique-une-malade-en-fin-de-vie-aurait-ete-etouffee-par-des-soignants-la-justice-enquete\\\/#breadcrumb\",\"itemListElement\":[{\"@type\":\"ListItem\",\"position\":1,\"name\":\"Accueil\",\"item\":\"https:\\\/\\\/www.tribunal-nature.org\\\/blog\\\/\"},{\"@type\":\"ListItem\",\"position\":2,\"name\":\"Article tout frais : Belgique: une malade en fin de vie aurait \u00e9t\u00e9 \u00e9touff\u00e9e par des soignants, la justice enqu\u00eate\"}]},{\"@type\":\"WebSite\",\"@id\":\"https:\\\/\\\/www.tribunal-nature.org\\\/blog\\\/#website\",\"url\":\"https:\\\/\\\/www.tribunal-nature.org\\\/blog\\\/\",\"name\":\"TRIBUNAL-NATURE\",\"description\":\"Droit De L&#039;Environnement.\",\"publisher\":{\"@id\":\"https:\\\/\\\/www.tribunal-nature.org\\\/blog\\\/#organization\"},\"potentialAction\":[{\"@type\":\"SearchAction\",\"target\":{\"@type\":\"EntryPoint\",\"urlTemplate\":\"https:\\\/\\\/www.tribunal-nature.org\\\/blog\\\/?s={search_term_string}\"},\"query-input\":{\"@type\":\"PropertyValueSpecification\",\"valueRequired\":true,\"valueName\":\"search_term_string\"}}],\"inLanguage\":\"fr-FR\"},{\"@type\":\"Organization\",\"@id\":\"https:\\\/\\\/www.tribunal-nature.org\\\/blog\\\/#organization\",\"name\":\"tribunal-nature\",\"url\":\"https:\\\/\\\/www.tribunal-nature.org\\\/blog\\\/\",\"logo\":{\"@type\":\"ImageObject\",\"inLanguage\":\"fr-FR\",\"@id\":\"https:\\\/\\\/www.tribunal-nature.org\\\/blog\\\/#\\\/schema\\\/logo\\\/image\\\/\",\"url\":\"https:\\\/\\\/www.tribunal-nature.org\\\/blog\\\/wp-content\\\/uploads\\\/2022\\\/05\\\/logo-2.png\",\"contentUrl\":\"https:\\\/\\\/www.tribunal-nature.org\\\/blog\\\/wp-content\\\/uploads\\\/2022\\\/05\\\/logo-2.png\",\"width\":180,\"height\":180,\"caption\":\"tribunal-nature\"},\"image\":{\"@id\":\"https:\\\/\\\/www.tribunal-nature.org\\\/blog\\\/#\\\/schema\\\/logo\\\/image\\\/\"}},{\"@type\":\"Person\",\"@id\":\"https:\\\/\\\/www.tribunal-nature.org\\\/blog\\\/#\\\/schema\\\/person\\\/55761caf7544da6b05b60523f2a0855f\",\"name\":\"Isabelle LOUBEAU\",\"image\":{\"@type\":\"ImageObject\",\"inLanguage\":\"fr-FR\",\"@id\":\"https:\\\/\\\/secure.gravatar.com\\\/avatar\\\/b6912620aca78633bf5d50400888815d3b38a1118e82b94050843f411f3f5972?s=96&d=mm&r=g\",\"url\":\"https:\\\/\\\/secure.gravatar.com\\\/avatar\\\/b6912620aca78633bf5d50400888815d3b38a1118e82b94050843f411f3f5972?s=96&d=mm&r=g\",\"contentUrl\":\"https:\\\/\\\/secure.gravatar.com\\\/avatar\\\/b6912620aca78633bf5d50400888815d3b38a1118e82b94050843f411f3f5972?s=96&d=mm&r=g\",\"caption\":\"Isabelle LOUBEAU\"},\"url\":\"https:\\\/\\\/www.tribunal-nature.org\\\/blog\\\/author\\\/ureisabelle\\\/\"}]}<\/script>\n<!-- \/ Yoast SEO plugin. -->","yoast_head_json":{"title":"Article tout frais : Belgique: une malade en fin de vie aurait \u00e9t\u00e9 \u00e9touff\u00e9e par des soignants, la justice enqu\u00eate - TRIBUNAL-NATURE","description":"Article tout frais : Belgique: une malade en fin de vie aurait \u00e9t\u00e9 \u00e9touff\u00e9e par des soignants, la justice enqu\u00eate article de TRIBUNAL-NATURE","robots":{"index":"index","follow":"follow","max-snippet":"max-snippet:-1","max-image-preview":"max-image-preview:large","max-video-preview":"max-video-preview:-1"},"canonical":"https:\/\/www.tribunal-nature.org\/blog\/article-tout-frais-belgique-une-malade-en-fin-de-vie-aurait-ete-etouffee-par-des-soignants-la-justice-enquete\/","og_locale":"fr_FR","og_type":"article","og_title":"Article tout frais : Belgique: une malade en fin de vie aurait \u00e9t\u00e9 \u00e9touff\u00e9e par des soignants, la justice enqu\u00eate - TRIBUNAL-NATURE","og_description":"Article tout frais : Belgique: une malade en fin de vie aurait \u00e9t\u00e9 \u00e9touff\u00e9e par des soignants, la justice enqu\u00eate article de TRIBUNAL-NATURE","og_url":"https:\/\/www.tribunal-nature.org\/blog\/article-tout-frais-belgique-une-malade-en-fin-de-vie-aurait-ete-etouffee-par-des-soignants-la-justice-enquete\/","og_site_name":"TRIBUNAL-NATURE","article_published_time":"2023-09-09T19:06:10+00:00","author":"Isabelle LOUBEAU","twitter_card":"summary_large_image","twitter_misc":{"\u00c9crit par":"Isabelle LOUBEAU","Dur\u00e9e de lecture estim\u00e9e":"3 minutes"},"schema":{"@context":"https:\/\/schema.org","@graph":[{"@type":"Article","@id":"https:\/\/www.tribunal-nature.org\/blog\/article-tout-frais-belgique-une-malade-en-fin-de-vie-aurait-ete-etouffee-par-des-soignants-la-justice-enquete\/#article","isPartOf":{"@id":"https:\/\/www.tribunal-nature.org\/blog\/article-tout-frais-belgique-une-malade-en-fin-de-vie-aurait-ete-etouffee-par-des-soignants-la-justice-enquete\/"},"author":{"name":"Isabelle LOUBEAU","@id":"https:\/\/www.tribunal-nature.org\/blog\/#\/schema\/person\/55761caf7544da6b05b60523f2a0855f"},"headline":"Article tout frais : Belgique: une malade en fin de vie aurait \u00e9t\u00e9 \u00e9touff\u00e9e par des soignants, la justice enqu\u00eate","datePublished":"2023-09-09T19:06:10+00:00","mainEntityOfPage":{"@id":"https:\/\/www.tribunal-nature.org\/blog\/article-tout-frais-belgique-une-malade-en-fin-de-vie-aurait-ete-etouffee-par-des-soignants-la-justice-enquete\/"},"wordCount":589,"publisher":{"@id":"https:\/\/www.tribunal-nature.org\/blog\/#organization"},"image":{"@id":"https:\/\/www.tribunal-nature.org\/blog\/article-tout-frais-belgique-une-malade-en-fin-de-vie-aurait-ete-etouffee-par-des-soignants-la-justice-enquete\/#primaryimage"},"thumbnailUrl":"https:\/\/www.tribunal-nature.org\/blog\/wp-content\/uploads\/2023\/09\/sur-internet.jpg","articleSection":["Droit De L'Environnement:"],"inLanguage":"fr-FR"},{"@type":"WebPage","@id":"https:\/\/www.tribunal-nature.org\/blog\/article-tout-frais-belgique-une-malade-en-fin-de-vie-aurait-ete-etouffee-par-des-soignants-la-justice-enquete\/","url":"https:\/\/www.tribunal-nature.org\/blog\/article-tout-frais-belgique-une-malade-en-fin-de-vie-aurait-ete-etouffee-par-des-soignants-la-justice-enquete\/","name":"Article tout frais : Belgique: une malade en fin de vie aurait \u00e9t\u00e9 \u00e9touff\u00e9e par des soignants, la justice enqu\u00eate - TRIBUNAL-NATURE","isPartOf":{"@id":"https:\/\/www.tribunal-nature.org\/blog\/#website"},"primaryImageOfPage":{"@id":"https:\/\/www.tribunal-nature.org\/blog\/article-tout-frais-belgique-une-malade-en-fin-de-vie-aurait-ete-etouffee-par-des-soignants-la-justice-enquete\/#primaryimage"},"image":{"@id":"https:\/\/www.tribunal-nature.org\/blog\/article-tout-frais-belgique-une-malade-en-fin-de-vie-aurait-ete-etouffee-par-des-soignants-la-justice-enquete\/#primaryimage"},"thumbnailUrl":"https:\/\/www.tribunal-nature.org\/blog\/wp-content\/uploads\/2023\/09\/sur-internet.jpg","datePublished":"2023-09-09T19:06:10+00:00","description":"Article tout frais : Belgique: une malade en fin de vie aurait \u00e9t\u00e9 \u00e9touff\u00e9e par des soignants, la justice enqu\u00eate article de TRIBUNAL-NATURE","breadcrumb":{"@id":"https:\/\/www.tribunal-nature.org\/blog\/article-tout-frais-belgique-une-malade-en-fin-de-vie-aurait-ete-etouffee-par-des-soignants-la-justice-enquete\/#breadcrumb"},"inLanguage":"fr-FR","potentialAction":[{"@type":"ReadAction","target":["https:\/\/www.tribunal-nature.org\/blog\/article-tout-frais-belgique-une-malade-en-fin-de-vie-aurait-ete-etouffee-par-des-soignants-la-justice-enquete\/"]}]},{"@type":"ImageObject","inLanguage":"fr-FR","@id":"https:\/\/www.tribunal-nature.org\/blog\/article-tout-frais-belgique-une-malade-en-fin-de-vie-aurait-ete-etouffee-par-des-soignants-la-justice-enquete\/#primaryimage","url":"https:\/\/www.tribunal-nature.org\/blog\/wp-content\/uploads\/2023\/09\/sur-internet.jpg","contentUrl":"https:\/\/www.tribunal-nature.org\/blog\/wp-content\/uploads\/2023\/09\/sur-internet.jpg","width":1128,"height":564,"caption":"sur internet"},{"@type":"BreadcrumbList","@id":"https:\/\/www.tribunal-nature.org\/blog\/article-tout-frais-belgique-une-malade-en-fin-de-vie-aurait-ete-etouffee-par-des-soignants-la-justice-enquete\/#breadcrumb","itemListElement":[{"@type":"ListItem","position":1,"name":"Accueil","item":"https:\/\/www.tribunal-nature.org\/blog\/"},{"@type":"ListItem","position":2,"name":"Article tout frais : Belgique: une malade en fin de vie aurait \u00e9t\u00e9 \u00e9touff\u00e9e par des soignants, la justice enqu\u00eate"}]},{"@type":"WebSite","@id":"https:\/\/www.tribunal-nature.org\/blog\/#website","url":"https:\/\/www.tribunal-nature.org\/blog\/","name":"TRIBUNAL-NATURE","description":"Droit De L&#039;Environnement.","publisher":{"@id":"https:\/\/www.tribunal-nature.org\/blog\/#organization"},"potentialAction":[{"@type":"SearchAction","target":{"@type":"EntryPoint","urlTemplate":"https:\/\/www.tribunal-nature.org\/blog\/?s={search_term_string}"},"query-input":{"@type":"PropertyValueSpecification","valueRequired":true,"valueName":"search_term_string"}}],"inLanguage":"fr-FR"},{"@type":"Organization","@id":"https:\/\/www.tribunal-nature.org\/blog\/#organization","name":"tribunal-nature","url":"https:\/\/www.tribunal-nature.org\/blog\/","logo":{"@type":"ImageObject","inLanguage":"fr-FR","@id":"https:\/\/www.tribunal-nature.org\/blog\/#\/schema\/logo\/image\/","url":"https:\/\/www.tribunal-nature.org\/blog\/wp-content\/uploads\/2022\/05\/logo-2.png","contentUrl":"https:\/\/www.tribunal-nature.org\/blog\/wp-content\/uploads\/2022\/05\/logo-2.png","width":180,"height":180,"caption":"tribunal-nature"},"image":{"@id":"https:\/\/www.tribunal-nature.org\/blog\/#\/schema\/logo\/image\/"}},{"@type":"Person","@id":"https:\/\/www.tribunal-nature.org\/blog\/#\/schema\/person\/55761caf7544da6b05b60523f2a0855f","name":"Isabelle LOUBEAU","image":{"@type":"ImageObject","inLanguage":"fr-FR","@id":"https:\/\/secure.gravatar.com\/avatar\/b6912620aca78633bf5d50400888815d3b38a1118e82b94050843f411f3f5972?s=96&d=mm&r=g","url":"https:\/\/secure.gravatar.com\/avatar\/b6912620aca78633bf5d50400888815d3b38a1118e82b94050843f411f3f5972?s=96&d=mm&r=g","contentUrl":"https:\/\/secure.gravatar.com\/avatar\/b6912620aca78633bf5d50400888815d3b38a1118e82b94050843f411f3f5972?s=96&d=mm&r=g","caption":"Isabelle LOUBEAU"},"url":"https:\/\/www.tribunal-nature.org\/blog\/author\/ureisabelle\/"}]}},"_links":{"self":[{"href":"https:\/\/www.tribunal-nature.org\/blog\/wp-json\/wp\/v2\/posts\/614","targetHints":{"allow":["GET"]}}],"collection":[{"href":"https:\/\/www.tribunal-nature.org\/blog\/wp-json\/wp\/v2\/posts"}],"about":[{"href":"https:\/\/www.tribunal-nature.org\/blog\/wp-json\/wp\/v2\/types\/post"}],"author":[{"embeddable":true,"href":"https:\/\/www.tribunal-nature.org\/blog\/wp-json\/wp\/v2\/users\/3"}],"replies":[{"embeddable":true,"href":"https:\/\/www.tribunal-nature.org\/blog\/wp-json\/wp\/v2\/comments?post=614"}],"version-history":[{"count":0,"href":"https:\/\/www.tribunal-nature.org\/blog\/wp-json\/wp\/v2\/posts\/614\/revisions"}],"wp:featuredmedia":[{"embeddable":true,"href":"https:\/\/www.tribunal-nature.org\/blog\/wp-json\/wp\/v2\/media\/636"}],"wp:attachment":[{"href":"https:\/\/www.tribunal-nature.org\/blog\/wp-json\/wp\/v2\/media?parent=614"}],"wp:term":[{"taxonomy":"category","embeddable":true,"href":"https:\/\/www.tribunal-nature.org\/blog\/wp-json\/wp\/v2\/categories?post=614"},{"taxonomy":"post_tag","embeddable":true,"href":"https:\/\/www.tribunal-nature.org\/blog\/wp-json\/wp\/v2\/tags?post=614"}],"curies":[{"name":"wp","href":"https:\/\/api.w.org\/{rel}","templated":true}]}}