{"id":601,"date":"2023-08-19T12:06:23","date_gmt":"2023-08-19T10:06:23","guid":{"rendered":"https:\/\/www.tribunal-nature.org\/blog\/infos-pour-les-fans-cnns-van-jones-is-forced-out-of-his-own-woke-criminal-justice-non-profit-after-spectacular-fallout-with-bosses-two-years-after-jeff-bezos-gave-him-100m-to-pu\/"},"modified":"2023-08-19T12:06:23","modified_gmt":"2023-08-19T10:06:23","slug":"infos-pour-les-fans-cnns-van-jones-is-forced-out-of-his-own-woke-criminal-justice-non-profit-after-spectacular-fallout-with-bosses-two-years-after-jeff-bezos-gave-him-100m-to-pu","status":"publish","type":"post","link":"https:\/\/www.tribunal-nature.org\/blog\/infos-pour-les-fans-cnns-van-jones-is-forced-out-of-his-own-woke-criminal-justice-non-profit-after-spectacular-fallout-with-bosses-two-years-after-jeff-bezos-gave-him-100m-to-pu\/","title":{"rendered":"Infos pour les fans  : CNN\u2019s Van Jones is forced out of his OWN woke criminal justice non-profit after spectacular fallout with bosses \u2013 two years after Jeff Bezos gave him $100M to pump into the charity"},"content":{"rendered":"<div><img width=\"580\" height=\"413\" src=\"https:\/\/www.tribunal-nature.org\/blog\/wp-content\/uploads\/2023\/08\/Infos-pour-les-fans-CNNs-Van-Jones-is-forced.jpg\" class=\"attachment-large size-large wp-post-image\" alt=\"Infos-pour-les-fans-CNNs-Van-Jones-is-forced\" decoding=\"async\" style=\"float:left; margin:0 15px 15px 0;\" loading=\"lazy\" srcset=\"https:\/\/www.tribunal-nature.org\/blog\/wp-content\/uploads\/2023\/08\/Infos-pour-les-fans-CNNs-Van-Jones-is-forced.jpg 634w, https:\/\/www.site.cdcl.xyz\/wp-content\/uploads\/2023\/08\/Infos-pour-les-fans-CNNs-Van-Jones-is-forced-300x213.jpg 300w\" sizes=\"auto, (max-width: 580px) 100vw, 580px\"><\/p>\n<p>Un fois de plus, ce site va porter \u00e0 votre connaissance un encart assez complet qui se propage sur internet. Le propos est \u00abla justice\u00bb.<\/p>\n<p>Son titre  (CNN\u2019s Van Jones is forced out of his OWN woke criminal justice non-profit after spectacular fallout with bosses \u2013 two years after Jeff Bezos gave him $100M to pump into the charity) condense tout le papier.<\/p>\n<p>Sachez que l\u2019\u00e9ditorialiste (identifi\u00e9 sous la signature  d\u2019anonymat<br \/>\n) est reconnu comme quelqu\u2019un de s\u00e9rieux.<\/p>\n<p>Ce texte peut de ce fait \u00eatre pris au s\u00e9rieux.<\/p>\n<p>Le texte a \u00e9t\u00e9 divulgu\u00e9 \u00e0 une date indiqu\u00e9e 2023-08-19 01:00:00.<\/p>\n<p>Texte d\u2019origine  : <\/p>\n<div id=\"js-article-text\" wp_automatic_readability=\"99.79133640553\">\n<h2>CNN\u2019s Van Jones is forced out of his OWN woke criminal justice non-profit after spectacular fallout with bosses \u2013 two years after Jeff Bezos gave him $100M to pump into the charity<\/h2>\n<ul class=\"mol-bullets-with-font\">\n<li class=\"class\"><strong>CNN commentator Van Jones has been pushed out of his own non-profit after a bust up in the senior ranks\u00a0<\/strong><\/li>\n<li class=\"class\"><strong>Jones was praised as an extraordinary leader and handed a $100 million by Jeff Bezos for his philanthropic endeavors in 2021\u00a0<\/strong><\/li>\n<li class=\"class\"><strong>The fallout stemmed from disagreements over the non-profits direction\u00a0<\/strong><\/li>\n<\/ul>\n<p class=\"author-section byline-plain\">By Alice Wright For Dailymail.Com <\/p>\n<p class=\"byline-section\"><span class=\"article-timestamp article-timestamp-published\"> <span class=\"article-timestamp-label\">Published:<\/span> <time datetime=\"2023-08-19T06:55:10+0100\"> 06:55 BST, 19 August 2023 <\/time> <\/span> | <span class=\"article-timestamp article-timestamp-updated\"> <span class=\"article-timestamp-label\">Updated:<\/span> <time datetime=\"2023-08-19T08:32:00+0100\"> 08:32 BST, 19 August 2023 <\/time> <\/span> <\/p>\n<p> <!-- ad: https:\/\/mads.dailymail.co.uk\/v8\/fr\/news\/none\/article\/other\/para_top.html --> <!-- CWV --><!--[if !IE]><!--> <link href=\"https:\/\/www.dailymail.co.uk\/static\/mol-fe\/static\/mol-fe-async-bundle\/7.2.0\/articleDefer.css\" media=\"all\" rel=\"stylesheet\" type=\"text\/css\"> <!--<![endif]--> <!--[if IE]>\n<link href=\"https:\/\/www.dailymail.co.uk\/static\/gunther\/1.17.0\/registration--.css\" media=\"screen\" rel=\"stylesheet\" type=\"text\/css\" \/>\n<![endif]--> <!--[if !IE]><!--> <link href=\"https:\/\/www.dailymail.co.uk\/static\/gunther\/17.18.0\/registration--.css\" media=\"all\" rel=\"stylesheet\" type=\"text\/css\"> <!--<![endif]--><!--[if IE]>\n<link href=\"https:\/\/www.dailymail.co.uk\/static\/gunther\/1.17.0\/all-ie8-9--.css\" media=\"all\" rel=\"stylesheet\" type=\"text\/css\" \/>\n<link href=\"https:\/\/www.dailymail.co.uk\/static\/gunther\/1.17.0\/all1-ie8-9--.css\" media=\"all\" rel=\"stylesheet\" type=\"text\/css\" \/>\n<![endif]--> <!--[if !IE]><!--> <link href=\"https:\/\/www.dailymail.co.uk\/static\/mol-fe\/static\/mol-fe-sync-bundle\/9.6.1\/desktop.css\" media=\"all\" rel=\"stylesheet\" type=\"text\/css\"> <link href=\"https:\/\/www.dailymail.co.uk\/static\/gunther\/17.18.1\/all--.css\" media=\"all\" rel=\"stylesheet\" type=\"text\/css\"><link href=\"https:\/\/www.dailymail.co.uk\/static\/gunther\/17.18.1\/all1--.css\" media=\"all\" rel=\"stylesheet\" type=\"text\/css\"> <!--<![endif]--><!--[if gte IE 8]><!--> <link rel=\"stylesheet\" type=\"text\/css\" media=\"screen\" href=\"https:\/\/www.dailymail.co.uk\/static\/mol-fe\/static\/mol-fe-fff\/2.4.1\/styles\/fff.css\"> <!--<![endif]-->  <!--[if IE 8]>\n\n<![endif]--> <!--[if IE 9]>\n\n<![endif]--> <!--[if IE]>\n\n<![endif]--> <!--[if !IE]> -->  <!--<![endif]--><\/p>\n<p>   <!-- SiteCatalyst code version: H.20.3.\n    Copyright 1997-2009 Omniture, Inc. More info available at\n    http:\/\/www.omniture.com -->  <\/p>\n<p>         <!-- End SiteCatalyst code version: H.20.3. -->  <!--[if IE]>\n\n<![endif]--> <!--[if !IE]> -->   <!--<![endif]--><!--[if IE]>\n  \n  <noscript><link rel=\"stylesheet\" href=\"https:\/\/www.dailymail.co.uk\/static\/gunther\/gunther-2159\/video_bundle--.css\"><\/noscript>\n  \n<![endif]--> <!--[if !IE]> --> <link rel=\"preload\" href=\"https:\/\/www.dailymail.co.uk\/static\/videoplayer\/7.2.0\/styles\/mol-fe-videoplayer.min.css\" as=\"style\" onload=\"this.rel=\" stylesheet=\"\"> <noscript><link rel=\"stylesheet\" href=\"https:\/\/www.dailymail.co.uk\/static\/videoplayer\/7.2.0\/styles\/mol-fe-videoplayer.min.css\"><\/noscript>  <!-- <![endif]-->   <!-- CWV --><\/p>\n<div itemprop=\"articleBody\" wp_automatic_readability=\"96.038430089943\">\n<p class=\"mol-para-with-font\">CNN commentator Van Jones has been pushed out of his own non-profit after a bust up in the senior ranks.<\/p>\n<p class=\"mol-para-with-font\">Jones was praised as an extraordinary leader and handed $100 million by Jeff Bezos for his\u00a0philanthropic endeavors in 2021, but now faces the humiliation of being turned out of his own organization.<\/p>\n<p class=\"mol-para-with-font\">The liberal left the board of Dream.org after a blowout with senior leadership, the Daily Beast reported.<\/p>\n<p class=\"mol-para-with-font\">The fallout stemmed from disagreements over the non-profits\u00a0direction, multiple sources with ties to the organization told the outlet.\u00a0Jones was forced out rather than leaving voluntarily the sources claimed.\u00a0<\/p>\n<div class=\"artSplitter mol-img-group\" style=\"style\" wp_automatic_readability=\"8\">\n<div class=\"mol-img\">\n<div class=\"image-wrap\"> <img decoding=\"async\" id=\"i-6f1e3ca82b282590\" src=\"https:\/\/www.tribunal-nature.org\/blog\/wp-content\/uploads\/2023\/08\/Relecture-de-leditorial-CNNs-Van-Jones-is-forced-out.jpg\" height=\"451\" width=\"634\" alt=\"Van Jones was praised as an extraordinary leader and handed a $100 million by Jeff Bezos for his philanthropic endeavors in 2021\" class=\"blkBorder img-share\" style=\"max-width:100%\"> <\/div>\n<p> <noscript> <img decoding=\"async\" id=\"i-6f1e3ca82b282590\" src=\"https:\/\/www.tribunal-nature.org\/blog\/wp-content\/uploads\/2023\/08\/Relecture-de-leditorial-CNNs-Van-Jones-is-forced-out.jpg\" height=\"451\" width=\"634\" alt=\"Van Jones was praised as an extraordinary leader and handed a $100 million by Jeff Bezos for his philanthropic endeavors in 2021\" class=\"blkBorder img-share\"> <\/noscript> <\/p>\n<\/div>\n<p class=\"imageCaption\">Van Jones was praised as an extraordinary leader and handed a $100 million by Jeff Bezos for his philanthropic endeavors in 2021<\/p>\n<\/div>\n<div class=\"artSplitter mol-img-group\" style=\"style\" wp_automatic_readability=\"8\">\n<div class=\"mol-img\">\n<div class=\"image-wrap\"> <img decoding=\"async\" loading=\"lazy\" id=\"i-1e0f02735e899728\" src=\"https:\/\/www.tribunal-nature.org\/blog\/wp-content\/uploads\/2023\/08\/Information-pour-les-fans-CNNs-Van-Jones-is-forced.jpg\" height=\"351\" width=\"634\" alt=\"Van Jones is best known as CNN's star commentator and has founded several non-profit organizations\" class=\"blkBorder img-share\" style=\"max-width:100%\"> <\/div>\n<p> <noscript> <img decoding=\"async\" loading=\"lazy\" id=\"i-1e0f02735e899728\" src=\"https:\/\/www.tribunal-nature.org\/blog\/wp-content\/uploads\/2023\/08\/Information-pour-les-fans-CNNs-Van-Jones-is-forced.jpg\" height=\"351\" width=\"634\" alt=\"Van Jones is best known as CNN's star commentator and has founded several non-profit organizations\" class=\"blkBorder img-share\"> <\/noscript> <\/p>\n<\/div>\n<p class=\"imageCaption\">Van Jones is best known as CNN\u2019s star commentator and has founded several non-profit organizations\u00a0<\/p>\n<\/div>\n<p class=\"mol-para-with-font\">It is not clear who the conflicts have been with but neither the board chair Jamie Lunder nor CEO Nisha Anand have made public statements following the reports.<\/p>\n<p class=\"mol-para-with-font\">A subsidiary of Dream.org is also reportedly laying off staff\u00a0despite Bezos\u2019 climate fund \u2013 a separate three-year, $10 million grant in 2020.<\/p>\n<p class=\"mol-para-with-font\">Several ex-employees said the group blew through the money with little to show for it, and\u00a0Bezos\u2019 nonprofit has not renewed the grant.<\/p>\n<p class=\"mol-para-with-font\">\u2018Quite a few people have questions about the fiscal stewardship that Dream.org has had,\u2019 CeCe Grant, Dream\u2019s former director of government affairs said.\u00a0<\/p>\n<p class=\"mol-para-with-font\">A spokesman for Jones did not deny he had been ousted from the board but said: \u2018Van continues to work within the justice innovation space and beyond.<\/p>\n<p class=\"mol-para-with-font\">\u2018He is a proud supporter of their work at every level.\u00a0With Dream.org\u2019s support, he is working to launch a new, complementary initiative, which will be announced soon.\u2019<\/p>\n<p class=\"mol-para-with-font\">A spokesman for Dream said Jones stopped running day-to-day affairs in 2019 but \u2018has continued to be a valuable resource for us, and we\u2019re excited to support the launch of his forthcoming initiative.\u2019<\/p>\n<div class=\"artSplitter mol-img-group\" style=\"style\" wp_automatic_readability=\"10\">\n<div class=\"mol-img\">\n<div class=\"image-wrap\"> <img decoding=\"async\" loading=\"lazy\" id=\"i-76944c78344a0ee7\" src=\"https:\/\/www.tribunal-nature.org\/blog\/wp-content\/uploads\/2023\/08\/Infos-pour-les-passionnes-CNNs-Van-Jones-is-forced.jpg\" height=\"636\" width=\"634\" alt=\"Jamie Lunder, Board Chair of Dream.org, has not made a public statement since Jones' reported ousting\" class=\"blkBorder img-share\" style=\"max-width:100%\"> <\/div>\n<p> <noscript> <img decoding=\"async\" loading=\"lazy\" id=\"i-76944c78344a0ee7\" src=\"https:\/\/www.tribunal-nature.org\/blog\/wp-content\/uploads\/2023\/08\/Infos-pour-les-passionnes-CNNs-Van-Jones-is-forced.jpg\" height=\"636\" width=\"634\" alt=\"Jamie Lunder, Board Chair of Dream.org, has not made a public statement since Jones' reported ousting\" class=\"blkBorder img-share\"> <\/noscript> <\/p>\n<\/div>\n<p class=\"imageCaption\">Jamie Lunder, Board Chair of Dream.org, has not made a public statement since Jones\u2019 reported ousting\u00a0<\/p>\n<\/div>\n<div class=\"artSplitter mol-img-group\" style=\"style\" wp_automatic_readability=\"9\">\n<div class=\"mol-img\">\n<div class=\"image-wrap\"> <img decoding=\"async\" loading=\"lazy\" id=\"i-37800bc220a9d32f\" src=\"https:\/\/www.tribunal-nature.org\/blog\/wp-content\/uploads\/2023\/08\/Retour-sur-leditorial-CNNs-Van-Jones-is-forced-out.jpg\" height=\"636\" width=\"634\" alt=\"Nisha Anand, Chief Executive Officer of Dream.org, has not spoken publicly on the matter\" class=\"blkBorder img-share\" style=\"max-width:100%\"> <\/div>\n<p> <noscript> <img decoding=\"async\" loading=\"lazy\" id=\"i-37800bc220a9d32f\" src=\"https:\/\/www.tribunal-nature.org\/blog\/wp-content\/uploads\/2023\/08\/Retour-sur-leditorial-CNNs-Van-Jones-is-forced-out.jpg\" height=\"636\" width=\"634\" alt=\"Nisha Anand, Chief Executive Officer of Dream.org, has not spoken publicly on the matter\" class=\"blkBorder img-share\"> <\/noscript> <\/p>\n<\/div>\n<p class=\"imageCaption\">Nisha Anand, Chief Executive Officer of Dream.org, has not spoken publicly on the matter\u00a0<\/p>\n<\/div>\n<div class=\"artSplitter mol-img-group\" style=\"style\" wp_automatic_readability=\"7\">\n<div class=\"mol-img\">\n<div class=\"image-wrap\"> <img decoding=\"async\" loading=\"lazy\" id=\"i-a61b31c0474c3b16\" src=\"https:\/\/www.tribunal-nature.org\/blog\/wp-content\/uploads\/2023\/08\/On-revient-sur-leditorial-CNNs-Van-Jones-is-forced.jpg\" height=\"423\" width=\"634\" alt=\"Van Jones was praised as an exceptional philanthropic leader by billionaire Jeff Bezos in 2021\" class=\"blkBorder img-share\" style=\"max-width:100%\"> <\/div>\n<p> <noscript> <img decoding=\"async\" loading=\"lazy\" id=\"i-a61b31c0474c3b16\" src=\"https:\/\/www.tribunal-nature.org\/blog\/wp-content\/uploads\/2023\/08\/On-revient-sur-leditorial-CNNs-Van-Jones-is-forced.jpg\" height=\"423\" width=\"634\" alt=\"Van Jones was praised as an exceptional philanthropic leader by billionaire Jeff Bezos in 2021\" class=\"blkBorder img-share\"> <\/noscript> <\/p>\n<\/div>\n<p class=\"imageCaption\">Van Jones was praised as an exceptional philanthropic leader by billionaire Jeff Bezos in 2021\u00a0<\/p>\n<\/div>\n<p class=\"mol-para-with-font\">Jones, 54, is a star commentator for CNN and has sparked numerous controversies over the years.<\/p>\n<p class=\"mol-para-with-font\">Earlier this year he\u00a0sparked a backlash\u00a0for suggesting the cops who beat Tyre Nichols to death in Memphis in January were \u2018driven by racism\u2019 \u2013 despite them all being black.<\/p>\n<p class=\"mol-para-with-font\">Jones wrote in the aftermath of the incident that\u00a0black people \u2018are not immune\u2019 to the effects of anti-black racism and that the narratives of police violence should never be as simple as \u2018white cop kills unarmed black man.\u2019<\/p>\n<p class=\"mol-para-with-font\">\u2018Society\u2019s message that Black people are inferior, unworthy and dangerous is pervasive,\u2019 Jones wrote.<\/p>\n<p class=\"mol-para-with-font\">\u2018Over many decades, numerous experiments have shown that these ideas can infiltrate Black minds as well as White. Self-hatred is a real thing.\u2019<\/p>\n<p class=\"mol-para-with-font\">He said this kind of thinking might lead a black store owner to \u2018regard customers of his same race with suspicion.\u2019<\/p>\n<p class=\"mol-para-with-font\">\u2018Black people can harbor anti-Black sentiments and can act on those feelings in harmful ways,\u2019 Jones added.<\/p>\n<p class=\"mol-para-with-font\">He went on to suggest that the problem is the black cops are \u2018socialized\u2019 in police departments which treat neighborhoods as \u2018war zones\u2019 and claims that the cops of all races \u2018internalize\u2019 the notion that few officers are punished for acts of brutality.<\/p>\n<p class=\"mol-para-with-font\">Jones co-founded the Ella Baker Center for Human Rights, which partly focuses on police brutality, and served as founding CEO of REFORM, which is working to reshape America\u2019s approach to prison sentencing.<\/p>\n<\/div>\n<p>            <!-- ad: https:\/\/mads.dailymail.co.uk\/v8\/fr\/news\/none\/article\/other\/inread_player.html --><\/p>\n<p><span class=\"mol-ads-label-container\"><span class=\"mol-ads-label\">Advertisement<\/span><\/span><\/p>\n<div class=\"column-content cleared\">\n<div class=\"shareArticles\">\n<h3 class=\"social-links-title\">Share or comment on this article:<br \/>\n                        <\/h3>\n<\/div>\n<\/div>\n<p>            <ad-slot position=\"smart_feed\"><\/ad-slot><\/p>\n<p>            <ad-slot position=\"after_article\"><\/ad-slot><\/p>\n<\/div>\n<p>Bibliographie :<\/p>\n<p>Droit fiscal\/Le r\u00e9gime communautaire des soci\u00e9t\u00e9s m\u00e8res,<a target=\"_blank\" rel=\"nofollow\" href=\"https:\/\/www.tribunal-nature.org\/blog\/goto\/https:\/\/fr.wikibooks.org\/wiki\/Droit_fiscal\/Le_r%C3%A9gime_communautaire_des_soci%C3%A9t%C3%A9s_m%C3%A8res\"  target=\"_blank\" rel=\"noopener noreferrer nofollow\">Le livre <\/a><span><\/span>.<\/p>\n<p>Images de la justice: Essai sur l\u2019iconographie judiciaire du Moyen \u00e2ge \u00e0 l\u2019\u00e2ge classique,<a target=\"_blank\" rel=\"nofollow\" href=\"https:\/\/www.tribunal-nature.org\/blog\/goto\/https:\/\/booknode.com\/images_de_la_justice_essai_sur_liconographie_judiciaire_du_moyen_age_a_lage_classique_01395885\"  target=\"_blank\" rel=\"noopener noreferrer nofollow\">Le livre <\/a><span><\/span>. Disponible dans toutes les bonnes librairies.<\/p>\n<p>Robert Badinter, l\u2019\u00e9preuve de la justice,<a target=\"_blank\" rel=\"nofollow\" href=\"https:\/\/www.tribunal-nature.org\/blog\/goto\/https:\/\/www.kobo.com\/fr\/fr\/ebook\/robert-badinter-l-epreuve-de-la-justice\"  target=\"_blank\" rel=\"noopener noreferrer nofollow\">Le livre <\/a><span><\/span>.<\/p>\n<\/div>\n","protected":false},"excerpt":{"rendered":"<p>Un fois de plus, ce site va porter \u00e0 votre connaissance un encart assez complet qui se propage sur internet&#8230;.<\/p>\n","protected":false},"author":3,"featured_media":602,"comment_status":"closed","ping_status":"closed","sticky":false,"template":"","format":"standard","meta":{"footnotes":""},"categories":[2],"tags":[],"class_list":["post-601","post","type-post","status-publish","format-standard","has-post-thumbnail","hentry","category-droit-de-lenvironnement","wpcat-2-id"],"yoast_head":"<!-- This site is optimized with the Yoast SEO plugin v27.5 - https:\/\/yoast.com\/product\/yoast-seo-wordpress\/ -->\n<title>Infos pour les fans : CNN\u2019s Van Jones is forced out of his OWN woke criminal justice non-profit after spectacular fallout with bosses \u2013 two years after Jeff Bezos gave him $100M to pump into the charity - TRIBUNAL-NATURE<\/title>\n<meta name=\"description\" content=\"Infos pour les fans : CNN\u2019s Van Jones is forced out of his OWN woke criminal justice non-profit after spectacular fallout with bosses \u2013 two years after Jeff Bezos gave him $100M to pump into the charity article de TRIBUNAL-NATURE\" \/>\n<meta name=\"robots\" content=\"index, follow, max-snippet:-1, max-image-preview:large, max-video-preview:-1\" \/>\n<link rel=\"canonical\" href=\"https:\/\/www.tribunal-nature.org\/blog\/infos-pour-les-fans-cnns-van-jones-is-forced-out-of-his-own-woke-criminal-justice-non-profit-after-spectacular-fallout-with-bosses-two-years-after-jeff-bezos-gave-him-100m-to-pu\/\" \/>\n<meta property=\"og:locale\" content=\"fr_FR\" \/>\n<meta property=\"og:type\" content=\"article\" \/>\n<meta property=\"og:title\" content=\"Infos pour les fans : CNN\u2019s Van Jones is forced out of his OWN woke criminal justice non-profit after spectacular fallout with bosses \u2013 two years after Jeff Bezos gave him $100M to pump into the charity - TRIBUNAL-NATURE\" \/>\n<meta property=\"og:description\" content=\"Infos pour les fans : CNN\u2019s Van Jones is forced out of his OWN woke criminal justice non-profit after spectacular fallout with bosses \u2013 two years after Jeff Bezos gave him $100M to pump into the charity article de TRIBUNAL-NATURE\" \/>\n<meta property=\"og:url\" content=\"https:\/\/www.tribunal-nature.org\/blog\/infos-pour-les-fans-cnns-van-jones-is-forced-out-of-his-own-woke-criminal-justice-non-profit-after-spectacular-fallout-with-bosses-two-years-after-jeff-bezos-gave-him-100m-to-pu\/\" \/>\n<meta property=\"og:site_name\" content=\"TRIBUNAL-NATURE\" \/>\n<meta property=\"article:published_time\" content=\"2023-08-19T10:06:23+00:00\" \/>\n<meta property=\"og:image\" content=\"https:\/\/www.tribunal-nature.org\/blog\/wp-content\/uploads\/2023\/08\/Infos-pour-les-fans-CNNs-Van-Jones-is-forced.jpg\" \/>\n<meta name=\"author\" content=\"Isabelle LOUBEAU\" \/>\n<meta name=\"twitter:card\" content=\"summary_large_image\" \/>\n<meta name=\"twitter:label1\" content=\"\u00c9crit par\" \/>\n\t<meta name=\"twitter:data1\" content=\"Isabelle LOUBEAU\" \/>\n\t<meta name=\"twitter:label2\" content=\"Dur\u00e9e de lecture estim\u00e9e\" \/>\n\t<meta name=\"twitter:data2\" content=\"4 minutes\" \/>\n<script type=\"application\/ld+json\" class=\"yoast-schema-graph\">{\"@context\":\"https:\\\/\\\/schema.org\",\"@graph\":[{\"@type\":\"Article\",\"@id\":\"https:\\\/\\\/www.tribunal-nature.org\\\/blog\\\/infos-pour-les-fans-cnns-van-jones-is-forced-out-of-his-own-woke-criminal-justice-non-profit-after-spectacular-fallout-with-bosses-two-years-after-jeff-bezos-gave-him-100m-to-pu\\\/#article\",\"isPartOf\":{\"@id\":\"https:\\\/\\\/www.tribunal-nature.org\\\/blog\\\/infos-pour-les-fans-cnns-van-jones-is-forced-out-of-his-own-woke-criminal-justice-non-profit-after-spectacular-fallout-with-bosses-two-years-after-jeff-bezos-gave-him-100m-to-pu\\\/\"},\"author\":{\"name\":\"Isabelle LOUBEAU\",\"@id\":\"https:\\\/\\\/www.tribunal-nature.org\\\/blog\\\/#\\\/schema\\\/person\\\/55761caf7544da6b05b60523f2a0855f\"},\"headline\":\"Infos pour les fans : CNN\u2019s Van Jones is forced out of his OWN woke criminal justice non-profit after spectacular fallout with bosses \u2013 two years after Jeff Bezos gave him $100M to pump into the charity\",\"datePublished\":\"2023-08-19T10:06:23+00:00\",\"mainEntityOfPage\":{\"@id\":\"https:\\\/\\\/www.tribunal-nature.org\\\/blog\\\/infos-pour-les-fans-cnns-van-jones-is-forced-out-of-his-own-woke-criminal-justice-non-profit-after-spectacular-fallout-with-bosses-two-years-after-jeff-bezos-gave-him-100m-to-pu\\\/\"},\"wordCount\":891,\"publisher\":{\"@id\":\"https:\\\/\\\/www.tribunal-nature.org\\\/blog\\\/#organization\"},\"image\":{\"@id\":\"https:\\\/\\\/www.tribunal-nature.org\\\/blog\\\/infos-pour-les-fans-cnns-van-jones-is-forced-out-of-his-own-woke-criminal-justice-non-profit-after-spectacular-fallout-with-bosses-two-years-after-jeff-bezos-gave-him-100m-to-pu\\\/#primaryimage\"},\"thumbnailUrl\":\"https:\\\/\\\/www.tribunal-nature.org\\\/blog\\\/wp-content\\\/uploads\\\/2023\\\/08\\\/Infos-pour-les-fans-CNNs-Van-Jones-is-forced.jpg\",\"articleSection\":[\"Droit De L'Environnement:\"],\"inLanguage\":\"fr-FR\"},{\"@type\":\"WebPage\",\"@id\":\"https:\\\/\\\/www.tribunal-nature.org\\\/blog\\\/infos-pour-les-fans-cnns-van-jones-is-forced-out-of-his-own-woke-criminal-justice-non-profit-after-spectacular-fallout-with-bosses-two-years-after-jeff-bezos-gave-him-100m-to-pu\\\/\",\"url\":\"https:\\\/\\\/www.tribunal-nature.org\\\/blog\\\/infos-pour-les-fans-cnns-van-jones-is-forced-out-of-his-own-woke-criminal-justice-non-profit-after-spectacular-fallout-with-bosses-two-years-after-jeff-bezos-gave-him-100m-to-pu\\\/\",\"name\":\"Infos pour les fans : CNN\u2019s Van Jones is forced out of his OWN woke criminal justice non-profit after spectacular fallout with bosses \u2013 two years after Jeff Bezos gave him $100M to pump into the charity - TRIBUNAL-NATURE\",\"isPartOf\":{\"@id\":\"https:\\\/\\\/www.tribunal-nature.org\\\/blog\\\/#website\"},\"primaryImageOfPage\":{\"@id\":\"https:\\\/\\\/www.tribunal-nature.org\\\/blog\\\/infos-pour-les-fans-cnns-van-jones-is-forced-out-of-his-own-woke-criminal-justice-non-profit-after-spectacular-fallout-with-bosses-two-years-after-jeff-bezos-gave-him-100m-to-pu\\\/#primaryimage\"},\"image\":{\"@id\":\"https:\\\/\\\/www.tribunal-nature.org\\\/blog\\\/infos-pour-les-fans-cnns-van-jones-is-forced-out-of-his-own-woke-criminal-justice-non-profit-after-spectacular-fallout-with-bosses-two-years-after-jeff-bezos-gave-him-100m-to-pu\\\/#primaryimage\"},\"thumbnailUrl\":\"https:\\\/\\\/www.tribunal-nature.org\\\/blog\\\/wp-content\\\/uploads\\\/2023\\\/08\\\/Infos-pour-les-fans-CNNs-Van-Jones-is-forced.jpg\",\"datePublished\":\"2023-08-19T10:06:23+00:00\",\"description\":\"Infos pour les fans : CNN\u2019s Van Jones is forced out of his OWN woke criminal justice non-profit after spectacular fallout with bosses \u2013 two years after Jeff Bezos gave him $100M to pump into the charity article de TRIBUNAL-NATURE\",\"breadcrumb\":{\"@id\":\"https:\\\/\\\/www.tribunal-nature.org\\\/blog\\\/infos-pour-les-fans-cnns-van-jones-is-forced-out-of-his-own-woke-criminal-justice-non-profit-after-spectacular-fallout-with-bosses-two-years-after-jeff-bezos-gave-him-100m-to-pu\\\/#breadcrumb\"},\"inLanguage\":\"fr-FR\",\"potentialAction\":[{\"@type\":\"ReadAction\",\"target\":[\"https:\\\/\\\/www.tribunal-nature.org\\\/blog\\\/infos-pour-les-fans-cnns-van-jones-is-forced-out-of-his-own-woke-criminal-justice-non-profit-after-spectacular-fallout-with-bosses-two-years-after-jeff-bezos-gave-him-100m-to-pu\\\/\"]}]},{\"@type\":\"ImageObject\",\"inLanguage\":\"fr-FR\",\"@id\":\"https:\\\/\\\/www.tribunal-nature.org\\\/blog\\\/infos-pour-les-fans-cnns-van-jones-is-forced-out-of-his-own-woke-criminal-justice-non-profit-after-spectacular-fallout-with-bosses-two-years-after-jeff-bezos-gave-him-100m-to-pu\\\/#primaryimage\",\"url\":\"https:\\\/\\\/www.tribunal-nature.org\\\/blog\\\/wp-content\\\/uploads\\\/2023\\\/08\\\/Infos-pour-les-fans-CNNs-Van-Jones-is-forced.jpg\",\"contentUrl\":\"https:\\\/\\\/www.tribunal-nature.org\\\/blog\\\/wp-content\\\/uploads\\\/2023\\\/08\\\/Infos-pour-les-fans-CNNs-Van-Jones-is-forced.jpg\",\"width\":634,\"height\":451,\"caption\":\"Infos pour les fans CNNs Van Jones is forced\"},{\"@type\":\"BreadcrumbList\",\"@id\":\"https:\\\/\\\/www.tribunal-nature.org\\\/blog\\\/infos-pour-les-fans-cnns-van-jones-is-forced-out-of-his-own-woke-criminal-justice-non-profit-after-spectacular-fallout-with-bosses-two-years-after-jeff-bezos-gave-him-100m-to-pu\\\/#breadcrumb\",\"itemListElement\":[{\"@type\":\"ListItem\",\"position\":1,\"name\":\"Accueil\",\"item\":\"https:\\\/\\\/www.tribunal-nature.org\\\/blog\\\/\"},{\"@type\":\"ListItem\",\"position\":2,\"name\":\"Infos pour les fans : CNN\u2019s Van Jones is forced out of his OWN woke criminal justice non-profit after spectacular fallout with bosses \u2013 two years after Jeff Bezos gave him $100M to pump into the charity\"}]},{\"@type\":\"WebSite\",\"@id\":\"https:\\\/\\\/www.tribunal-nature.org\\\/blog\\\/#website\",\"url\":\"https:\\\/\\\/www.tribunal-nature.org\\\/blog\\\/\",\"name\":\"TRIBUNAL-NATURE\",\"description\":\"Droit De L&#039;Environnement.\",\"publisher\":{\"@id\":\"https:\\\/\\\/www.tribunal-nature.org\\\/blog\\\/#organization\"},\"potentialAction\":[{\"@type\":\"SearchAction\",\"target\":{\"@type\":\"EntryPoint\",\"urlTemplate\":\"https:\\\/\\\/www.tribunal-nature.org\\\/blog\\\/?s={search_term_string}\"},\"query-input\":{\"@type\":\"PropertyValueSpecification\",\"valueRequired\":true,\"valueName\":\"search_term_string\"}}],\"inLanguage\":\"fr-FR\"},{\"@type\":\"Organization\",\"@id\":\"https:\\\/\\\/www.tribunal-nature.org\\\/blog\\\/#organization\",\"name\":\"tribunal-nature\",\"url\":\"https:\\\/\\\/www.tribunal-nature.org\\\/blog\\\/\",\"logo\":{\"@type\":\"ImageObject\",\"inLanguage\":\"fr-FR\",\"@id\":\"https:\\\/\\\/www.tribunal-nature.org\\\/blog\\\/#\\\/schema\\\/logo\\\/image\\\/\",\"url\":\"https:\\\/\\\/www.tribunal-nature.org\\\/blog\\\/wp-content\\\/uploads\\\/2022\\\/05\\\/logo-2.png\",\"contentUrl\":\"https:\\\/\\\/www.tribunal-nature.org\\\/blog\\\/wp-content\\\/uploads\\\/2022\\\/05\\\/logo-2.png\",\"width\":180,\"height\":180,\"caption\":\"tribunal-nature\"},\"image\":{\"@id\":\"https:\\\/\\\/www.tribunal-nature.org\\\/blog\\\/#\\\/schema\\\/logo\\\/image\\\/\"}},{\"@type\":\"Person\",\"@id\":\"https:\\\/\\\/www.tribunal-nature.org\\\/blog\\\/#\\\/schema\\\/person\\\/55761caf7544da6b05b60523f2a0855f\",\"name\":\"Isabelle LOUBEAU\",\"image\":{\"@type\":\"ImageObject\",\"inLanguage\":\"fr-FR\",\"@id\":\"https:\\\/\\\/secure.gravatar.com\\\/avatar\\\/b6912620aca78633bf5d50400888815d3b38a1118e82b94050843f411f3f5972?s=96&d=mm&r=g\",\"url\":\"https:\\\/\\\/secure.gravatar.com\\\/avatar\\\/b6912620aca78633bf5d50400888815d3b38a1118e82b94050843f411f3f5972?s=96&d=mm&r=g\",\"contentUrl\":\"https:\\\/\\\/secure.gravatar.com\\\/avatar\\\/b6912620aca78633bf5d50400888815d3b38a1118e82b94050843f411f3f5972?s=96&d=mm&r=g\",\"caption\":\"Isabelle LOUBEAU\"},\"url\":\"https:\\\/\\\/www.tribunal-nature.org\\\/blog\\\/author\\\/ureisabelle\\\/\"}]}<\/script>\n<!-- \/ Yoast SEO plugin. -->","yoast_head_json":{"title":"Infos pour les fans : CNN\u2019s Van Jones is forced out of his OWN woke criminal justice non-profit after spectacular fallout with bosses \u2013 two years after Jeff Bezos gave him $100M to pump into the charity - TRIBUNAL-NATURE","description":"Infos pour les fans : CNN\u2019s Van Jones is forced out of his OWN woke criminal justice non-profit after spectacular fallout with bosses \u2013 two years after Jeff Bezos gave him $100M to pump into the charity article de TRIBUNAL-NATURE","robots":{"index":"index","follow":"follow","max-snippet":"max-snippet:-1","max-image-preview":"max-image-preview:large","max-video-preview":"max-video-preview:-1"},"canonical":"https:\/\/www.tribunal-nature.org\/blog\/infos-pour-les-fans-cnns-van-jones-is-forced-out-of-his-own-woke-criminal-justice-non-profit-after-spectacular-fallout-with-bosses-two-years-after-jeff-bezos-gave-him-100m-to-pu\/","og_locale":"fr_FR","og_type":"article","og_title":"Infos pour les fans : CNN\u2019s Van Jones is forced out of his OWN woke criminal justice non-profit after spectacular fallout with bosses \u2013 two years after Jeff Bezos gave him $100M to pump into the charity - TRIBUNAL-NATURE","og_description":"Infos pour les fans : CNN\u2019s Van Jones is forced out of his OWN woke criminal justice non-profit after spectacular fallout with bosses \u2013 two years after Jeff Bezos gave him $100M to pump into the charity article de TRIBUNAL-NATURE","og_url":"https:\/\/www.tribunal-nature.org\/blog\/infos-pour-les-fans-cnns-van-jones-is-forced-out-of-his-own-woke-criminal-justice-non-profit-after-spectacular-fallout-with-bosses-two-years-after-jeff-bezos-gave-him-100m-to-pu\/","og_site_name":"TRIBUNAL-NATURE","article_published_time":"2023-08-19T10:06:23+00:00","og_image":[{"url":"https:\/\/www.tribunal-nature.org\/blog\/wp-content\/uploads\/2023\/08\/Infos-pour-les-fans-CNNs-Van-Jones-is-forced.jpg","type":"","width":"","height":""}],"author":"Isabelle LOUBEAU","twitter_card":"summary_large_image","twitter_misc":{"\u00c9crit par":"Isabelle LOUBEAU","Dur\u00e9e de lecture estim\u00e9e":"4 minutes"},"schema":{"@context":"https:\/\/schema.org","@graph":[{"@type":"Article","@id":"https:\/\/www.tribunal-nature.org\/blog\/infos-pour-les-fans-cnns-van-jones-is-forced-out-of-his-own-woke-criminal-justice-non-profit-after-spectacular-fallout-with-bosses-two-years-after-jeff-bezos-gave-him-100m-to-pu\/#article","isPartOf":{"@id":"https:\/\/www.tribunal-nature.org\/blog\/infos-pour-les-fans-cnns-van-jones-is-forced-out-of-his-own-woke-criminal-justice-non-profit-after-spectacular-fallout-with-bosses-two-years-after-jeff-bezos-gave-him-100m-to-pu\/"},"author":{"name":"Isabelle LOUBEAU","@id":"https:\/\/www.tribunal-nature.org\/blog\/#\/schema\/person\/55761caf7544da6b05b60523f2a0855f"},"headline":"Infos pour les fans : CNN\u2019s Van Jones is forced out of his OWN woke criminal justice non-profit after spectacular fallout with bosses \u2013 two years after Jeff Bezos gave him $100M to pump into the charity","datePublished":"2023-08-19T10:06:23+00:00","mainEntityOfPage":{"@id":"https:\/\/www.tribunal-nature.org\/blog\/infos-pour-les-fans-cnns-van-jones-is-forced-out-of-his-own-woke-criminal-justice-non-profit-after-spectacular-fallout-with-bosses-two-years-after-jeff-bezos-gave-him-100m-to-pu\/"},"wordCount":891,"publisher":{"@id":"https:\/\/www.tribunal-nature.org\/blog\/#organization"},"image":{"@id":"https:\/\/www.tribunal-nature.org\/blog\/infos-pour-les-fans-cnns-van-jones-is-forced-out-of-his-own-woke-criminal-justice-non-profit-after-spectacular-fallout-with-bosses-two-years-after-jeff-bezos-gave-him-100m-to-pu\/#primaryimage"},"thumbnailUrl":"https:\/\/www.tribunal-nature.org\/blog\/wp-content\/uploads\/2023\/08\/Infos-pour-les-fans-CNNs-Van-Jones-is-forced.jpg","articleSection":["Droit De L'Environnement:"],"inLanguage":"fr-FR"},{"@type":"WebPage","@id":"https:\/\/www.tribunal-nature.org\/blog\/infos-pour-les-fans-cnns-van-jones-is-forced-out-of-his-own-woke-criminal-justice-non-profit-after-spectacular-fallout-with-bosses-two-years-after-jeff-bezos-gave-him-100m-to-pu\/","url":"https:\/\/www.tribunal-nature.org\/blog\/infos-pour-les-fans-cnns-van-jones-is-forced-out-of-his-own-woke-criminal-justice-non-profit-after-spectacular-fallout-with-bosses-two-years-after-jeff-bezos-gave-him-100m-to-pu\/","name":"Infos pour les fans : CNN\u2019s Van Jones is forced out of his OWN woke criminal justice non-profit after spectacular fallout with bosses \u2013 two years after Jeff Bezos gave him $100M to pump into the charity - TRIBUNAL-NATURE","isPartOf":{"@id":"https:\/\/www.tribunal-nature.org\/blog\/#website"},"primaryImageOfPage":{"@id":"https:\/\/www.tribunal-nature.org\/blog\/infos-pour-les-fans-cnns-van-jones-is-forced-out-of-his-own-woke-criminal-justice-non-profit-after-spectacular-fallout-with-bosses-two-years-after-jeff-bezos-gave-him-100m-to-pu\/#primaryimage"},"image":{"@id":"https:\/\/www.tribunal-nature.org\/blog\/infos-pour-les-fans-cnns-van-jones-is-forced-out-of-his-own-woke-criminal-justice-non-profit-after-spectacular-fallout-with-bosses-two-years-after-jeff-bezos-gave-him-100m-to-pu\/#primaryimage"},"thumbnailUrl":"https:\/\/www.tribunal-nature.org\/blog\/wp-content\/uploads\/2023\/08\/Infos-pour-les-fans-CNNs-Van-Jones-is-forced.jpg","datePublished":"2023-08-19T10:06:23+00:00","description":"Infos pour les fans : CNN\u2019s Van Jones is forced out of his OWN woke criminal justice non-profit after spectacular fallout with bosses \u2013 two years after Jeff Bezos gave him $100M to pump into the charity article de TRIBUNAL-NATURE","breadcrumb":{"@id":"https:\/\/www.tribunal-nature.org\/blog\/infos-pour-les-fans-cnns-van-jones-is-forced-out-of-his-own-woke-criminal-justice-non-profit-after-spectacular-fallout-with-bosses-two-years-after-jeff-bezos-gave-him-100m-to-pu\/#breadcrumb"},"inLanguage":"fr-FR","potentialAction":[{"@type":"ReadAction","target":["https:\/\/www.tribunal-nature.org\/blog\/infos-pour-les-fans-cnns-van-jones-is-forced-out-of-his-own-woke-criminal-justice-non-profit-after-spectacular-fallout-with-bosses-two-years-after-jeff-bezos-gave-him-100m-to-pu\/"]}]},{"@type":"ImageObject","inLanguage":"fr-FR","@id":"https:\/\/www.tribunal-nature.org\/blog\/infos-pour-les-fans-cnns-van-jones-is-forced-out-of-his-own-woke-criminal-justice-non-profit-after-spectacular-fallout-with-bosses-two-years-after-jeff-bezos-gave-him-100m-to-pu\/#primaryimage","url":"https:\/\/www.tribunal-nature.org\/blog\/wp-content\/uploads\/2023\/08\/Infos-pour-les-fans-CNNs-Van-Jones-is-forced.jpg","contentUrl":"https:\/\/www.tribunal-nature.org\/blog\/wp-content\/uploads\/2023\/08\/Infos-pour-les-fans-CNNs-Van-Jones-is-forced.jpg","width":634,"height":451,"caption":"Infos pour les fans CNNs Van Jones is forced"},{"@type":"BreadcrumbList","@id":"https:\/\/www.tribunal-nature.org\/blog\/infos-pour-les-fans-cnns-van-jones-is-forced-out-of-his-own-woke-criminal-justice-non-profit-after-spectacular-fallout-with-bosses-two-years-after-jeff-bezos-gave-him-100m-to-pu\/#breadcrumb","itemListElement":[{"@type":"ListItem","position":1,"name":"Accueil","item":"https:\/\/www.tribunal-nature.org\/blog\/"},{"@type":"ListItem","position":2,"name":"Infos pour les fans : CNN\u2019s Van Jones is forced out of his OWN woke criminal justice non-profit after spectacular fallout with bosses \u2013 two years after Jeff Bezos gave him $100M to pump into the charity"}]},{"@type":"WebSite","@id":"https:\/\/www.tribunal-nature.org\/blog\/#website","url":"https:\/\/www.tribunal-nature.org\/blog\/","name":"TRIBUNAL-NATURE","description":"Droit De L&#039;Environnement.","publisher":{"@id":"https:\/\/www.tribunal-nature.org\/blog\/#organization"},"potentialAction":[{"@type":"SearchAction","target":{"@type":"EntryPoint","urlTemplate":"https:\/\/www.tribunal-nature.org\/blog\/?s={search_term_string}"},"query-input":{"@type":"PropertyValueSpecification","valueRequired":true,"valueName":"search_term_string"}}],"inLanguage":"fr-FR"},{"@type":"Organization","@id":"https:\/\/www.tribunal-nature.org\/blog\/#organization","name":"tribunal-nature","url":"https:\/\/www.tribunal-nature.org\/blog\/","logo":{"@type":"ImageObject","inLanguage":"fr-FR","@id":"https:\/\/www.tribunal-nature.org\/blog\/#\/schema\/logo\/image\/","url":"https:\/\/www.tribunal-nature.org\/blog\/wp-content\/uploads\/2022\/05\/logo-2.png","contentUrl":"https:\/\/www.tribunal-nature.org\/blog\/wp-content\/uploads\/2022\/05\/logo-2.png","width":180,"height":180,"caption":"tribunal-nature"},"image":{"@id":"https:\/\/www.tribunal-nature.org\/blog\/#\/schema\/logo\/image\/"}},{"@type":"Person","@id":"https:\/\/www.tribunal-nature.org\/blog\/#\/schema\/person\/55761caf7544da6b05b60523f2a0855f","name":"Isabelle LOUBEAU","image":{"@type":"ImageObject","inLanguage":"fr-FR","@id":"https:\/\/secure.gravatar.com\/avatar\/b6912620aca78633bf5d50400888815d3b38a1118e82b94050843f411f3f5972?s=96&d=mm&r=g","url":"https:\/\/secure.gravatar.com\/avatar\/b6912620aca78633bf5d50400888815d3b38a1118e82b94050843f411f3f5972?s=96&d=mm&r=g","contentUrl":"https:\/\/secure.gravatar.com\/avatar\/b6912620aca78633bf5d50400888815d3b38a1118e82b94050843f411f3f5972?s=96&d=mm&r=g","caption":"Isabelle LOUBEAU"},"url":"https:\/\/www.tribunal-nature.org\/blog\/author\/ureisabelle\/"}]}},"_links":{"self":[{"href":"https:\/\/www.tribunal-nature.org\/blog\/wp-json\/wp\/v2\/posts\/601","targetHints":{"allow":["GET"]}}],"collection":[{"href":"https:\/\/www.tribunal-nature.org\/blog\/wp-json\/wp\/v2\/posts"}],"about":[{"href":"https:\/\/www.tribunal-nature.org\/blog\/wp-json\/wp\/v2\/types\/post"}],"author":[{"embeddable":true,"href":"https:\/\/www.tribunal-nature.org\/blog\/wp-json\/wp\/v2\/users\/3"}],"replies":[{"embeddable":true,"href":"https:\/\/www.tribunal-nature.org\/blog\/wp-json\/wp\/v2\/comments?post=601"}],"version-history":[{"count":0,"href":"https:\/\/www.tribunal-nature.org\/blog\/wp-json\/wp\/v2\/posts\/601\/revisions"}],"wp:featuredmedia":[{"embeddable":true,"href":"https:\/\/www.tribunal-nature.org\/blog\/wp-json\/wp\/v2\/media\/602"}],"wp:attachment":[{"href":"https:\/\/www.tribunal-nature.org\/blog\/wp-json\/wp\/v2\/media?parent=601"}],"wp:term":[{"taxonomy":"category","embeddable":true,"href":"https:\/\/www.tribunal-nature.org\/blog\/wp-json\/wp\/v2\/categories?post=601"},{"taxonomy":"post_tag","embeddable":true,"href":"https:\/\/www.tribunal-nature.org\/blog\/wp-json\/wp\/v2\/tags?post=601"}],"curies":[{"name":"wp","href":"https:\/\/api.w.org\/{rel}","templated":true}]}}