{"id":590,"date":"2023-08-14T00:02:27","date_gmt":"2023-08-13T22:02:27","guid":{"rendered":"https:\/\/www.tribunal-nature.org\/blog\/que-penser-de-ce-texte-pour-lui-la-menace-etait-evidente\/"},"modified":"2023-08-14T00:02:27","modified_gmt":"2023-08-13T22:02:27","slug":"que-penser-de-ce-texte-pour-lui-la-menace-etait-evidente","status":"publish","type":"post","link":"https:\/\/www.tribunal-nature.org\/blog\/que-penser-de-ce-texte-pour-lui-la-menace-etait-evidente\/","title":{"rendered":"Que penser de ce texte  : \u00ab\u00a0Pour lui, la menace \u00e9tait \u00e9vidente\u00a0\u00bb"},"content":{"rendered":"<div>\n<p>Voil\u00e0 qui va vous satisfaire : Un  nouveau papier que nous venons de trouver sur internet et que nous vous proposons ci-dessous. Le propos est \u00ab\u00a0la justice\u00a0\u00bb.<\/p>\n<p>Le titre  (\u00ab\u00a0Pour lui, la menace \u00e9tait \u00e9vidente\u00a0\u00bb) est \u00e9vocateur.<\/p>\n<p>Sachez que le journaliste (annonc\u00e9 sous la signature  d\u2019anonymat<br \/>\n) est positivement connu pour plusieurs autres papiers qu\u2019il a publi\u00e9s sur internet.<\/p>\n<p><strong>Quel est l\u2019\u00e9tat d\u2019esprit de votre client, mis en examen, sous contr\u00f4le judiciaire, comme deux autres de ses coll\u00e8gues\u2009?<\/strong><\/p>\n<p>Sur le plan humain, il est catastroph\u00e9 par la mort de cet homme. D\u2019un point de vue professionnel, il appartient au RAID\u2009: il \u00e9tait en mission ponctuelle pour r\u00e9tablir l\u2019ordre pendant cette troisi\u00e8me nuit d\u2019\u00e9meutes. Il explique qu\u2019il y avait un danger caract\u00e9ris\u00e9 par le cheminement de ce scooter, qui l\u2019a pouss\u00e9 \u00e0 faire feu.<\/p>\n<div>\n<p><strong>Quels \u00e9l\u00e9ments de contexte donne votre clientpour expliquer son geste\u2009?<\/strong><\/p>\n<p>Le contexte est national, avec des \u00e9meutes d\u2019une grande violence\u2009; \u00e0 Marseille, c\u2019\u00e9tait un \u00e9tat de quasi-insurrection. Il avait \u00e9t\u00e9 demand\u00e9 aux forces de l\u2019ordre de faire sp\u00e9cifiquement attention aux scooters suspect\u00e9s de communiquer entre eux et d\u2019\u00e9ventuellement diriger ces pillages.Il est alors 0\u202fh\u202f58, le scooter re\u00e7oit l\u2019ordre de s\u2019arr\u00eater et n\u2019obtemp\u00e8re pas en remontant la colonne du RAID. Le m\u00e9tier de mon client est alors d\u2019assurer la protection de ses coll\u00e8gues depuis la tourelle du blind\u00e9 dans laquelle il se trouve\u2009: pour lui, la menace \u00e9tait \u00e9vidente.<\/p>\n<p><strong>La famille de la victime, et notamment sa femme, affirme qu\u2019il ne participait pas aux \u00e9meutes. Comment recevez-vous ces t\u00e9moignages\u2009?<\/strong><\/p>\n<div class=\"lmn-inread lmn-desk\">\n    <span>La suite apr\u00e8s cette publicit\u00e9<\/span>\n<\/div>\n<p>Ce sont des gens \u00e9cras\u00e9s par la douleur, c\u2019est \u00e9videmment compr\u00e9hensible. Mais le communiqu\u00e9 du parquet rappelle des faits\u2009: la victime \u00e9tait sur son scooter, a tent\u00e9 de voler le sac d\u2019un pilleur, avant de remonter la colonne \u00e0 contresens sur le trottoir. Il participait objectivement aux troubles.<\/p>\n<p><strong>Quels sont aujourd\u2019hui les enjeux de l\u2019enqu\u00eate en cours\u2009?<\/strong><\/p>\n<p>Trois policiers ont reconnu avoir tir\u00e9. La balistique \u00e9clairera les responsabilit\u00e9s de chacun. Ensuite, l\u2019enqu\u00eate permettra ou non de caract\u00e9riser le danger \u00e9voqu\u00e9, pour savoir si la riposte \u00e9tait n\u00e9cessaire et proportionn\u00e9e.<\/p>\n<\/div>\n<p>Bibliographie :<\/p>\n<p>Action socialiste\/L\u2019Id\u00e9al de Justice,<a target=\"_blank\" rel=\"nofollow\" href=\"https:\/\/www.tribunal-nature.org\/blog\/goto\/https:\/\/fr.wikisource.org\/wiki\/Action_socialiste\/L%E2%80%99Id%C3%A9al_de_Justice\"  target=\"_blank\" rel=\"noopener noreferrer nofollow\">(la couverture) <\/a><span><\/span>.<\/p>\n<p>Justice et fraternit\u00e9,<a target=\"_blank\" rel=\"nofollow\" href=\"https:\/\/www.tribunal-nature.org\/blog\/goto\/https:\/\/fr.wikisource.org\/wiki\/Justice_et_fraternit%C3%A9\"  target=\"_blank\" rel=\"noopener noreferrer nofollow\">(la couverture) <\/a><span><\/span>. Disponible \u00e0 l\u2019achat sur les plateformes Amazon, Fnac, Cultura \u2026.<\/p>\n<p>Pr\u00e9cis d\u2019\u00e9pist\u00e9mologie\/Applications,<a target=\"_blank\" rel=\"nofollow\" href=\"https:\/\/www.tribunal-nature.org\/blog\/goto\/https:\/\/fr.wikibooks.org\/wiki\/Pr%C3%A9cis_d%27%C3%A9pist%C3%A9mologie\/Applications\"  target=\"_blank\" rel=\"noopener noreferrer nofollow\">(la couverture) <\/a><span><\/span>. Disponible \u00e0 l\u2019achat sur les plateformes Amazon, Fnac, Cultura \u2026.<\/p>\n<\/div>\n","protected":false},"excerpt":{"rendered":"<p>Voil\u00e0 qui va vous satisfaire : Un nouveau papier que nous venons de trouver sur internet et que nous vous&#8230;<\/p>\n","protected":false},"author":3,"featured_media":648,"comment_status":"closed","ping_status":"closed","sticky":false,"template":"","format":"standard","meta":{"footnotes":""},"categories":[2],"tags":[],"class_list":["post-590","post","type-post","status-publish","format-standard","has-post-thumbnail","hentry","category-droit-de-lenvironnement","wpcat-2-id"],"yoast_head":"<!-- This site is optimized with the Yoast SEO plugin v27.5 - https:\/\/yoast.com\/product\/yoast-seo-wordpress\/ -->\n<title>Que penser de ce texte : \u00ab\u00a0Pour lui, la menace \u00e9tait \u00e9vidente\u00a0\u00bb - TRIBUNAL-NATURE<\/title>\n<meta name=\"description\" content=\"Que penser de ce texte : \u00ab\u00a0Pour lui, la menace \u00e9tait \u00e9vidente\u00a0\u00bb article de TRIBUNAL-NATURE\" \/>\n<meta name=\"robots\" content=\"index, follow, max-snippet:-1, max-image-preview:large, max-video-preview:-1\" \/>\n<link rel=\"canonical\" href=\"https:\/\/www.tribunal-nature.org\/blog\/que-penser-de-ce-texte-pour-lui-la-menace-etait-evidente\/\" \/>\n<meta property=\"og:locale\" content=\"fr_FR\" \/>\n<meta property=\"og:type\" content=\"article\" \/>\n<meta property=\"og:title\" content=\"Que penser de ce texte : \u00ab\u00a0Pour lui, la menace \u00e9tait \u00e9vidente\u00a0\u00bb - TRIBUNAL-NATURE\" \/>\n<meta property=\"og:description\" content=\"Que penser de ce texte : \u00ab\u00a0Pour lui, la menace \u00e9tait \u00e9vidente\u00a0\u00bb article de TRIBUNAL-NATURE\" \/>\n<meta property=\"og:url\" content=\"https:\/\/www.tribunal-nature.org\/blog\/que-penser-de-ce-texte-pour-lui-la-menace-etait-evidente\/\" \/>\n<meta property=\"og:site_name\" content=\"TRIBUNAL-NATURE\" \/>\n<meta property=\"article:published_time\" content=\"2023-08-13T22:02:27+00:00\" \/>\n<meta name=\"author\" content=\"Isabelle LOUBEAU\" \/>\n<meta name=\"twitter:card\" content=\"summary_large_image\" \/>\n<meta name=\"twitter:label1\" content=\"\u00c9crit par\" \/>\n\t<meta name=\"twitter:data1\" content=\"Isabelle LOUBEAU\" \/>\n\t<meta name=\"twitter:label2\" content=\"Dur\u00e9e de lecture estim\u00e9e\" \/>\n\t<meta name=\"twitter:data2\" content=\"2 minutes\" \/>\n<script type=\"application\/ld+json\" class=\"yoast-schema-graph\">{\"@context\":\"https:\\\/\\\/schema.org\",\"@graph\":[{\"@type\":\"Article\",\"@id\":\"https:\\\/\\\/www.tribunal-nature.org\\\/blog\\\/que-penser-de-ce-texte-pour-lui-la-menace-etait-evidente\\\/#article\",\"isPartOf\":{\"@id\":\"https:\\\/\\\/www.tribunal-nature.org\\\/blog\\\/que-penser-de-ce-texte-pour-lui-la-menace-etait-evidente\\\/\"},\"author\":{\"name\":\"Isabelle LOUBEAU\",\"@id\":\"https:\\\/\\\/www.tribunal-nature.org\\\/blog\\\/#\\\/schema\\\/person\\\/55761caf7544da6b05b60523f2a0855f\"},\"headline\":\"Que penser de ce texte : \u00ab\u00a0Pour lui, la menace \u00e9tait \u00e9vidente\u00a0\u00bb\",\"datePublished\":\"2023-08-13T22:02:27+00:00\",\"mainEntityOfPage\":{\"@id\":\"https:\\\/\\\/www.tribunal-nature.org\\\/blog\\\/que-penser-de-ce-texte-pour-lui-la-menace-etait-evidente\\\/\"},\"wordCount\":440,\"publisher\":{\"@id\":\"https:\\\/\\\/www.tribunal-nature.org\\\/blog\\\/#organization\"},\"image\":{\"@id\":\"https:\\\/\\\/www.tribunal-nature.org\\\/blog\\\/que-penser-de-ce-texte-pour-lui-la-menace-etait-evidente\\\/#primaryimage\"},\"thumbnailUrl\":\"https:\\\/\\\/www.tribunal-nature.org\\\/blog\\\/wp-content\\\/uploads\\\/2023\\\/09\\\/sur-internet-1.jpg\",\"articleSection\":[\"Droit De L'Environnement:\"],\"inLanguage\":\"fr-FR\"},{\"@type\":\"WebPage\",\"@id\":\"https:\\\/\\\/www.tribunal-nature.org\\\/blog\\\/que-penser-de-ce-texte-pour-lui-la-menace-etait-evidente\\\/\",\"url\":\"https:\\\/\\\/www.tribunal-nature.org\\\/blog\\\/que-penser-de-ce-texte-pour-lui-la-menace-etait-evidente\\\/\",\"name\":\"Que penser de ce texte : \u00ab\u00a0Pour lui, la menace \u00e9tait \u00e9vidente\u00a0\u00bb - TRIBUNAL-NATURE\",\"isPartOf\":{\"@id\":\"https:\\\/\\\/www.tribunal-nature.org\\\/blog\\\/#website\"},\"primaryImageOfPage\":{\"@id\":\"https:\\\/\\\/www.tribunal-nature.org\\\/blog\\\/que-penser-de-ce-texte-pour-lui-la-menace-etait-evidente\\\/#primaryimage\"},\"image\":{\"@id\":\"https:\\\/\\\/www.tribunal-nature.org\\\/blog\\\/que-penser-de-ce-texte-pour-lui-la-menace-etait-evidente\\\/#primaryimage\"},\"thumbnailUrl\":\"https:\\\/\\\/www.tribunal-nature.org\\\/blog\\\/wp-content\\\/uploads\\\/2023\\\/09\\\/sur-internet-1.jpg\",\"datePublished\":\"2023-08-13T22:02:27+00:00\",\"description\":\"Que penser de ce texte : \u00ab\u00a0Pour lui, la menace \u00e9tait \u00e9vidente\u00a0\u00bb article de TRIBUNAL-NATURE\",\"breadcrumb\":{\"@id\":\"https:\\\/\\\/www.tribunal-nature.org\\\/blog\\\/que-penser-de-ce-texte-pour-lui-la-menace-etait-evidente\\\/#breadcrumb\"},\"inLanguage\":\"fr-FR\",\"potentialAction\":[{\"@type\":\"ReadAction\",\"target\":[\"https:\\\/\\\/www.tribunal-nature.org\\\/blog\\\/que-penser-de-ce-texte-pour-lui-la-menace-etait-evidente\\\/\"]}]},{\"@type\":\"ImageObject\",\"inLanguage\":\"fr-FR\",\"@id\":\"https:\\\/\\\/www.tribunal-nature.org\\\/blog\\\/que-penser-de-ce-texte-pour-lui-la-menace-etait-evidente\\\/#primaryimage\",\"url\":\"https:\\\/\\\/www.tribunal-nature.org\\\/blog\\\/wp-content\\\/uploads\\\/2023\\\/09\\\/sur-internet-1.jpg\",\"contentUrl\":\"https:\\\/\\\/www.tribunal-nature.org\\\/blog\\\/wp-content\\\/uploads\\\/2023\\\/09\\\/sur-internet-1.jpg\",\"width\":1128,\"height\":564,\"caption\":\"sur internet\"},{\"@type\":\"BreadcrumbList\",\"@id\":\"https:\\\/\\\/www.tribunal-nature.org\\\/blog\\\/que-penser-de-ce-texte-pour-lui-la-menace-etait-evidente\\\/#breadcrumb\",\"itemListElement\":[{\"@type\":\"ListItem\",\"position\":1,\"name\":\"Accueil\",\"item\":\"https:\\\/\\\/www.tribunal-nature.org\\\/blog\\\/\"},{\"@type\":\"ListItem\",\"position\":2,\"name\":\"Que penser de ce texte : \u00ab\u00a0Pour lui, la menace \u00e9tait \u00e9vidente\u00a0\u00bb\"}]},{\"@type\":\"WebSite\",\"@id\":\"https:\\\/\\\/www.tribunal-nature.org\\\/blog\\\/#website\",\"url\":\"https:\\\/\\\/www.tribunal-nature.org\\\/blog\\\/\",\"name\":\"TRIBUNAL-NATURE\",\"description\":\"Droit De L&#039;Environnement.\",\"publisher\":{\"@id\":\"https:\\\/\\\/www.tribunal-nature.org\\\/blog\\\/#organization\"},\"potentialAction\":[{\"@type\":\"SearchAction\",\"target\":{\"@type\":\"EntryPoint\",\"urlTemplate\":\"https:\\\/\\\/www.tribunal-nature.org\\\/blog\\\/?s={search_term_string}\"},\"query-input\":{\"@type\":\"PropertyValueSpecification\",\"valueRequired\":true,\"valueName\":\"search_term_string\"}}],\"inLanguage\":\"fr-FR\"},{\"@type\":\"Organization\",\"@id\":\"https:\\\/\\\/www.tribunal-nature.org\\\/blog\\\/#organization\",\"name\":\"tribunal-nature\",\"url\":\"https:\\\/\\\/www.tribunal-nature.org\\\/blog\\\/\",\"logo\":{\"@type\":\"ImageObject\",\"inLanguage\":\"fr-FR\",\"@id\":\"https:\\\/\\\/www.tribunal-nature.org\\\/blog\\\/#\\\/schema\\\/logo\\\/image\\\/\",\"url\":\"https:\\\/\\\/www.tribunal-nature.org\\\/blog\\\/wp-content\\\/uploads\\\/2022\\\/05\\\/logo-2.png\",\"contentUrl\":\"https:\\\/\\\/www.tribunal-nature.org\\\/blog\\\/wp-content\\\/uploads\\\/2022\\\/05\\\/logo-2.png\",\"width\":180,\"height\":180,\"caption\":\"tribunal-nature\"},\"image\":{\"@id\":\"https:\\\/\\\/www.tribunal-nature.org\\\/blog\\\/#\\\/schema\\\/logo\\\/image\\\/\"}},{\"@type\":\"Person\",\"@id\":\"https:\\\/\\\/www.tribunal-nature.org\\\/blog\\\/#\\\/schema\\\/person\\\/55761caf7544da6b05b60523f2a0855f\",\"name\":\"Isabelle LOUBEAU\",\"image\":{\"@type\":\"ImageObject\",\"inLanguage\":\"fr-FR\",\"@id\":\"https:\\\/\\\/secure.gravatar.com\\\/avatar\\\/b6912620aca78633bf5d50400888815d3b38a1118e82b94050843f411f3f5972?s=96&d=mm&r=g\",\"url\":\"https:\\\/\\\/secure.gravatar.com\\\/avatar\\\/b6912620aca78633bf5d50400888815d3b38a1118e82b94050843f411f3f5972?s=96&d=mm&r=g\",\"contentUrl\":\"https:\\\/\\\/secure.gravatar.com\\\/avatar\\\/b6912620aca78633bf5d50400888815d3b38a1118e82b94050843f411f3f5972?s=96&d=mm&r=g\",\"caption\":\"Isabelle LOUBEAU\"},\"url\":\"https:\\\/\\\/www.tribunal-nature.org\\\/blog\\\/author\\\/ureisabelle\\\/\"}]}<\/script>\n<!-- \/ Yoast SEO plugin. -->","yoast_head_json":{"title":"Que penser de ce texte : \u00ab\u00a0Pour lui, la menace \u00e9tait \u00e9vidente\u00a0\u00bb - TRIBUNAL-NATURE","description":"Que penser de ce texte : \u00ab\u00a0Pour lui, la menace \u00e9tait \u00e9vidente\u00a0\u00bb article de TRIBUNAL-NATURE","robots":{"index":"index","follow":"follow","max-snippet":"max-snippet:-1","max-image-preview":"max-image-preview:large","max-video-preview":"max-video-preview:-1"},"canonical":"https:\/\/www.tribunal-nature.org\/blog\/que-penser-de-ce-texte-pour-lui-la-menace-etait-evidente\/","og_locale":"fr_FR","og_type":"article","og_title":"Que penser de ce texte : \u00ab\u00a0Pour lui, la menace \u00e9tait \u00e9vidente\u00a0\u00bb - TRIBUNAL-NATURE","og_description":"Que penser de ce texte : \u00ab\u00a0Pour lui, la menace \u00e9tait \u00e9vidente\u00a0\u00bb article de TRIBUNAL-NATURE","og_url":"https:\/\/www.tribunal-nature.org\/blog\/que-penser-de-ce-texte-pour-lui-la-menace-etait-evidente\/","og_site_name":"TRIBUNAL-NATURE","article_published_time":"2023-08-13T22:02:27+00:00","author":"Isabelle LOUBEAU","twitter_card":"summary_large_image","twitter_misc":{"\u00c9crit par":"Isabelle LOUBEAU","Dur\u00e9e de lecture estim\u00e9e":"2 minutes"},"schema":{"@context":"https:\/\/schema.org","@graph":[{"@type":"Article","@id":"https:\/\/www.tribunal-nature.org\/blog\/que-penser-de-ce-texte-pour-lui-la-menace-etait-evidente\/#article","isPartOf":{"@id":"https:\/\/www.tribunal-nature.org\/blog\/que-penser-de-ce-texte-pour-lui-la-menace-etait-evidente\/"},"author":{"name":"Isabelle LOUBEAU","@id":"https:\/\/www.tribunal-nature.org\/blog\/#\/schema\/person\/55761caf7544da6b05b60523f2a0855f"},"headline":"Que penser de ce texte : \u00ab\u00a0Pour lui, la menace \u00e9tait \u00e9vidente\u00a0\u00bb","datePublished":"2023-08-13T22:02:27+00:00","mainEntityOfPage":{"@id":"https:\/\/www.tribunal-nature.org\/blog\/que-penser-de-ce-texte-pour-lui-la-menace-etait-evidente\/"},"wordCount":440,"publisher":{"@id":"https:\/\/www.tribunal-nature.org\/blog\/#organization"},"image":{"@id":"https:\/\/www.tribunal-nature.org\/blog\/que-penser-de-ce-texte-pour-lui-la-menace-etait-evidente\/#primaryimage"},"thumbnailUrl":"https:\/\/www.tribunal-nature.org\/blog\/wp-content\/uploads\/2023\/09\/sur-internet-1.jpg","articleSection":["Droit De L'Environnement:"],"inLanguage":"fr-FR"},{"@type":"WebPage","@id":"https:\/\/www.tribunal-nature.org\/blog\/que-penser-de-ce-texte-pour-lui-la-menace-etait-evidente\/","url":"https:\/\/www.tribunal-nature.org\/blog\/que-penser-de-ce-texte-pour-lui-la-menace-etait-evidente\/","name":"Que penser de ce texte : \u00ab\u00a0Pour lui, la menace \u00e9tait \u00e9vidente\u00a0\u00bb - TRIBUNAL-NATURE","isPartOf":{"@id":"https:\/\/www.tribunal-nature.org\/blog\/#website"},"primaryImageOfPage":{"@id":"https:\/\/www.tribunal-nature.org\/blog\/que-penser-de-ce-texte-pour-lui-la-menace-etait-evidente\/#primaryimage"},"image":{"@id":"https:\/\/www.tribunal-nature.org\/blog\/que-penser-de-ce-texte-pour-lui-la-menace-etait-evidente\/#primaryimage"},"thumbnailUrl":"https:\/\/www.tribunal-nature.org\/blog\/wp-content\/uploads\/2023\/09\/sur-internet-1.jpg","datePublished":"2023-08-13T22:02:27+00:00","description":"Que penser de ce texte : \u00ab\u00a0Pour lui, la menace \u00e9tait \u00e9vidente\u00a0\u00bb article de TRIBUNAL-NATURE","breadcrumb":{"@id":"https:\/\/www.tribunal-nature.org\/blog\/que-penser-de-ce-texte-pour-lui-la-menace-etait-evidente\/#breadcrumb"},"inLanguage":"fr-FR","potentialAction":[{"@type":"ReadAction","target":["https:\/\/www.tribunal-nature.org\/blog\/que-penser-de-ce-texte-pour-lui-la-menace-etait-evidente\/"]}]},{"@type":"ImageObject","inLanguage":"fr-FR","@id":"https:\/\/www.tribunal-nature.org\/blog\/que-penser-de-ce-texte-pour-lui-la-menace-etait-evidente\/#primaryimage","url":"https:\/\/www.tribunal-nature.org\/blog\/wp-content\/uploads\/2023\/09\/sur-internet-1.jpg","contentUrl":"https:\/\/www.tribunal-nature.org\/blog\/wp-content\/uploads\/2023\/09\/sur-internet-1.jpg","width":1128,"height":564,"caption":"sur internet"},{"@type":"BreadcrumbList","@id":"https:\/\/www.tribunal-nature.org\/blog\/que-penser-de-ce-texte-pour-lui-la-menace-etait-evidente\/#breadcrumb","itemListElement":[{"@type":"ListItem","position":1,"name":"Accueil","item":"https:\/\/www.tribunal-nature.org\/blog\/"},{"@type":"ListItem","position":2,"name":"Que penser de ce texte : \u00ab\u00a0Pour lui, la menace \u00e9tait \u00e9vidente\u00a0\u00bb"}]},{"@type":"WebSite","@id":"https:\/\/www.tribunal-nature.org\/blog\/#website","url":"https:\/\/www.tribunal-nature.org\/blog\/","name":"TRIBUNAL-NATURE","description":"Droit De L&#039;Environnement.","publisher":{"@id":"https:\/\/www.tribunal-nature.org\/blog\/#organization"},"potentialAction":[{"@type":"SearchAction","target":{"@type":"EntryPoint","urlTemplate":"https:\/\/www.tribunal-nature.org\/blog\/?s={search_term_string}"},"query-input":{"@type":"PropertyValueSpecification","valueRequired":true,"valueName":"search_term_string"}}],"inLanguage":"fr-FR"},{"@type":"Organization","@id":"https:\/\/www.tribunal-nature.org\/blog\/#organization","name":"tribunal-nature","url":"https:\/\/www.tribunal-nature.org\/blog\/","logo":{"@type":"ImageObject","inLanguage":"fr-FR","@id":"https:\/\/www.tribunal-nature.org\/blog\/#\/schema\/logo\/image\/","url":"https:\/\/www.tribunal-nature.org\/blog\/wp-content\/uploads\/2022\/05\/logo-2.png","contentUrl":"https:\/\/www.tribunal-nature.org\/blog\/wp-content\/uploads\/2022\/05\/logo-2.png","width":180,"height":180,"caption":"tribunal-nature"},"image":{"@id":"https:\/\/www.tribunal-nature.org\/blog\/#\/schema\/logo\/image\/"}},{"@type":"Person","@id":"https:\/\/www.tribunal-nature.org\/blog\/#\/schema\/person\/55761caf7544da6b05b60523f2a0855f","name":"Isabelle LOUBEAU","image":{"@type":"ImageObject","inLanguage":"fr-FR","@id":"https:\/\/secure.gravatar.com\/avatar\/b6912620aca78633bf5d50400888815d3b38a1118e82b94050843f411f3f5972?s=96&d=mm&r=g","url":"https:\/\/secure.gravatar.com\/avatar\/b6912620aca78633bf5d50400888815d3b38a1118e82b94050843f411f3f5972?s=96&d=mm&r=g","contentUrl":"https:\/\/secure.gravatar.com\/avatar\/b6912620aca78633bf5d50400888815d3b38a1118e82b94050843f411f3f5972?s=96&d=mm&r=g","caption":"Isabelle LOUBEAU"},"url":"https:\/\/www.tribunal-nature.org\/blog\/author\/ureisabelle\/"}]}},"_links":{"self":[{"href":"https:\/\/www.tribunal-nature.org\/blog\/wp-json\/wp\/v2\/posts\/590","targetHints":{"allow":["GET"]}}],"collection":[{"href":"https:\/\/www.tribunal-nature.org\/blog\/wp-json\/wp\/v2\/posts"}],"about":[{"href":"https:\/\/www.tribunal-nature.org\/blog\/wp-json\/wp\/v2\/types\/post"}],"author":[{"embeddable":true,"href":"https:\/\/www.tribunal-nature.org\/blog\/wp-json\/wp\/v2\/users\/3"}],"replies":[{"embeddable":true,"href":"https:\/\/www.tribunal-nature.org\/blog\/wp-json\/wp\/v2\/comments?post=590"}],"version-history":[{"count":0,"href":"https:\/\/www.tribunal-nature.org\/blog\/wp-json\/wp\/v2\/posts\/590\/revisions"}],"wp:featuredmedia":[{"embeddable":true,"href":"https:\/\/www.tribunal-nature.org\/blog\/wp-json\/wp\/v2\/media\/648"}],"wp:attachment":[{"href":"https:\/\/www.tribunal-nature.org\/blog\/wp-json\/wp\/v2\/media?parent=590"}],"wp:term":[{"taxonomy":"category","embeddable":true,"href":"https:\/\/www.tribunal-nature.org\/blog\/wp-json\/wp\/v2\/categories?post=590"},{"taxonomy":"post_tag","embeddable":true,"href":"https:\/\/www.tribunal-nature.org\/blog\/wp-json\/wp\/v2\/tags?post=590"}],"curies":[{"name":"wp","href":"https:\/\/api.w.org\/{rel}","templated":true}]}}