{"id":588,"date":"2023-08-10T09:07:19","date_gmt":"2023-08-10T07:07:19","guid":{"rendered":"https:\/\/www.tribunal-nature.org\/blog\/on-revient-sur-ledito-a-amiens-il-ne-sait-pas-pourquoi-il-a-voulu-incendier-la-maternite-le-tribunal-le-condamne-a-trois-ans-ferme\/"},"modified":"2023-08-10T09:07:19","modified_gmt":"2023-08-10T07:07:19","slug":"on-revient-sur-ledito-a-amiens-il-ne-sait-pas-pourquoi-il-a-voulu-incendier-la-maternite-le-tribunal-le-condamne-a-trois-ans-ferme","status":"publish","type":"post","link":"https:\/\/www.tribunal-nature.org\/blog\/on-revient-sur-ledito-a-amiens-il-ne-sait-pas-pourquoi-il-a-voulu-incendier-la-maternite-le-tribunal-le-condamne-a-trois-ans-ferme\/","title":{"rendered":"On revient sur l\u2019\u00e9dito  : \u00c0 Amiens, il \u00abne sait pas\u00bb pourquoi il a voulu incendier la maternit\u00e9, le tribunal le condamne \u00e0 trois ans ferme"},"content":{"rendered":"<div>\n<p>Ce post, dont le sujet est \u00ab\u00a0la justice\u00a0\u00bb, vient d\u2019\u00eatre rep\u00e9r\u00e9 sur le web, notre r\u00e9daction est heureuse de vous en reproduire l\u2019essentiel ici.<\/p>\n<p>Son titre troublant (\u00c0 Amiens, il \u00abne sait pas\u00bb pourquoi il a voulu incendier la maternit\u00e9, le tribunal le condamne \u00e0 trois ans ferme) parle de lui-m\u00eame.<\/p>\n<p> Pr\u00e9sent\u00e9 sous la signature \u00abd\u2019anonymat<br \/>\n\u00bb, l\u2019\u00e9crivain est positivement connu.<\/p>\n<p>Vous pouvez lire ces informations en toute s\u00e9curit\u00e9.<\/p>\n<p>L\u2019article a \u00e9t\u00e9 divulgu\u00e9 \u00e0 une date not\u00e9e 2023-08-09 16:03:00.<\/p>\n<div id=\"\">\n<p>\t<r-article--chapo><\/r-article--chapo><\/p>\n<p>L\u2019homme de 31 ans avait d\u00e9j\u00e0 s\u00e9vi dans la clinique Victor-Pauchet en volant des patientes dans leur chambre. Il n\u2019explique pas pourquoi il a d\u00e9clench\u00e9 deux d\u00e9buts d\u2019incendie lundi 7 ao\u00fbt. Jug\u00e9 ce mercredi 9, il a \u00e9cop\u00e9 de 5 ans de prison dont 3 ans ferme.<\/p>\n<\/p>\n<p><span class=\"r-article--payant\"><br \/>\n  <r-icon class=\"r-icon--abonne\"><\/r-icon> Article r\u00e9serv\u00e9 aux abonn\u00e9s<\/span><\/p>\n<\/div>\n<p><script type=\"didomi\/javascript\" data-vendor=\"didomi:facebook\">\n        window.fbAsyncInit = function() \n        FB.init(\n          appId : '265922303576773',\n          autoLogAppEvents : true,\n          xfbml : true,\n          version : 'v3.3'\n        );FB.Event.subscribe(\"comment.create\", function(resp) \n    if (typeof (fbComment) == 'function') \n      fbComment(resp, 'add');<\/script><\/p>\n<p>);FB.Event.subscribe(\u00ab\u00a0comment.remove\u00a0\u00bb, function(resp)<br \/>\n    if (typeof (fbComment) == &lsquo;function&rsquo;)<br \/>\n      fbComment(resp, &lsquo;delete&rsquo;);<\/p>\n<p>);<\/p>\n<p>        ;(function(d, s, id)<br \/>\n         var js, fjs = d.getElementsByTagName(s)[0];<br \/>\n         if(d.getElementById(id)) return;<br \/>\n         js = d.createElement(s); js.id = id;<br \/>\n         js.src=\u00a0\u00bb<br \/>\n         fjs.parentNode.insertBefore(js, fjs);<br \/>\n         (document, &lsquo;script&rsquo;, &lsquo;facebook-jssdk&rsquo;));<br \/>\n\/\/&#8211;&gt;<\/p>\n<p>Parutions sur le m\u00eame objet:<\/p>\n<p>Dictionnaire de la Justice,<a target=\"_blank\" rel=\"nofollow\" href=\"https:\/\/www.tribunal-nature.org\/blog\/goto\/https:\/\/booknode.com\/dictionnaire_de_la_justice_02166015\"  target=\"_blank\" rel=\"noopener noreferrer nofollow\">A voir et \u00e0 lire. <\/a><span><\/span>.<\/p>\n<p>J\u2019\u00e9tais \u00e0 sa merci,<a target=\"_blank\" rel=\"nofollow\" href=\"https:\/\/www.tribunal-nature.org\/blog\/goto\/https:\/\/booknode.com\/jetais_a_sa_merci_01363123\"  target=\"_blank\" rel=\"noopener noreferrer nofollow\">Ouvrage <\/a><span><\/span>.<\/p>\n<p>M\u00e9diateurs et Avocats : Ennemis ? Alli\u00e9s ?,<a target=\"_blank\" rel=\"nofollow\" href=\"https:\/\/www.tribunal-nature.org\/blog\/goto\/https:\/\/booknode.com\/mediateurs_et_avocats_ennemis_allies_01289363\"  target=\"_blank\" rel=\"noopener noreferrer nofollow\">A voir et \u00e0 lire. <\/a><span><\/span>.<\/p>\n<\/div>\n","protected":false},"excerpt":{"rendered":"<p>Ce post, dont le sujet est \u00ab\u00a0la justice\u00a0\u00bb, vient d\u2019\u00eatre rep\u00e9r\u00e9 sur le web, notre r\u00e9daction est heureuse de vous&#8230;<\/p>\n","protected":false},"author":3,"featured_media":650,"comment_status":"closed","ping_status":"closed","sticky":false,"template":"","format":"standard","meta":{"footnotes":""},"categories":[2],"tags":[],"class_list":["post-588","post","type-post","status-publish","format-standard","has-post-thumbnail","hentry","category-droit-de-lenvironnement","wpcat-2-id"],"yoast_head":"<!-- This site is optimized with the Yoast SEO plugin v27.5 - https:\/\/yoast.com\/product\/yoast-seo-wordpress\/ -->\n<title>On revient sur l\u2019\u00e9dito : \u00c0 Amiens, il \u00abne sait pas\u00bb pourquoi il a voulu incendier la maternit\u00e9, le tribunal le condamne \u00e0 trois ans ferme - TRIBUNAL-NATURE<\/title>\n<meta name=\"description\" content=\"On revient sur l\u2019\u00e9dito : \u00c0 Amiens, il \u00abne sait pas\u00bb pourquoi il a voulu incendier la maternit\u00e9, le tribunal le condamne \u00e0 trois ans ferme article de TRIBUNAL-NATURE\" \/>\n<meta name=\"robots\" content=\"index, follow, max-snippet:-1, max-image-preview:large, max-video-preview:-1\" \/>\n<link rel=\"canonical\" href=\"https:\/\/www.tribunal-nature.org\/blog\/on-revient-sur-ledito-a-amiens-il-ne-sait-pas-pourquoi-il-a-voulu-incendier-la-maternite-le-tribunal-le-condamne-a-trois-ans-ferme\/\" \/>\n<meta property=\"og:locale\" content=\"fr_FR\" \/>\n<meta property=\"og:type\" content=\"article\" \/>\n<meta property=\"og:title\" content=\"On revient sur l\u2019\u00e9dito : \u00c0 Amiens, il \u00abne sait pas\u00bb pourquoi il a voulu incendier la maternit\u00e9, le tribunal le condamne \u00e0 trois ans ferme - TRIBUNAL-NATURE\" \/>\n<meta property=\"og:description\" content=\"On revient sur l\u2019\u00e9dito : \u00c0 Amiens, il \u00abne sait pas\u00bb pourquoi il a voulu incendier la maternit\u00e9, le tribunal le condamne \u00e0 trois ans ferme article de TRIBUNAL-NATURE\" \/>\n<meta property=\"og:url\" content=\"https:\/\/www.tribunal-nature.org\/blog\/on-revient-sur-ledito-a-amiens-il-ne-sait-pas-pourquoi-il-a-voulu-incendier-la-maternite-le-tribunal-le-condamne-a-trois-ans-ferme\/\" \/>\n<meta property=\"og:site_name\" content=\"TRIBUNAL-NATURE\" \/>\n<meta property=\"article:published_time\" content=\"2023-08-10T07:07:19+00:00\" \/>\n<meta name=\"author\" content=\"Isabelle LOUBEAU\" \/>\n<meta name=\"twitter:card\" content=\"summary_large_image\" \/>\n<meta name=\"twitter:label1\" content=\"\u00c9crit par\" \/>\n\t<meta name=\"twitter:data1\" content=\"Isabelle LOUBEAU\" \/>\n\t<meta name=\"twitter:label2\" content=\"Dur\u00e9e de lecture estim\u00e9e\" \/>\n\t<meta name=\"twitter:data2\" content=\"1 minute\" \/>\n<script type=\"application\/ld+json\" class=\"yoast-schema-graph\">{\"@context\":\"https:\\\/\\\/schema.org\",\"@graph\":[{\"@type\":\"Article\",\"@id\":\"https:\\\/\\\/www.tribunal-nature.org\\\/blog\\\/on-revient-sur-ledito-a-amiens-il-ne-sait-pas-pourquoi-il-a-voulu-incendier-la-maternite-le-tribunal-le-condamne-a-trois-ans-ferme\\\/#article\",\"isPartOf\":{\"@id\":\"https:\\\/\\\/www.tribunal-nature.org\\\/blog\\\/on-revient-sur-ledito-a-amiens-il-ne-sait-pas-pourquoi-il-a-voulu-incendier-la-maternite-le-tribunal-le-condamne-a-trois-ans-ferme\\\/\"},\"author\":{\"name\":\"Isabelle LOUBEAU\",\"@id\":\"https:\\\/\\\/www.tribunal-nature.org\\\/blog\\\/#\\\/schema\\\/person\\\/55761caf7544da6b05b60523f2a0855f\"},\"headline\":\"On revient sur l\u2019\u00e9dito : \u00c0 Amiens, il \u00abne sait pas\u00bb pourquoi il a voulu incendier la maternit\u00e9, le tribunal le condamne \u00e0 trois ans ferme\",\"datePublished\":\"2023-08-10T07:07:19+00:00\",\"mainEntityOfPage\":{\"@id\":\"https:\\\/\\\/www.tribunal-nature.org\\\/blog\\\/on-revient-sur-ledito-a-amiens-il-ne-sait-pas-pourquoi-il-a-voulu-incendier-la-maternite-le-tribunal-le-condamne-a-trois-ans-ferme\\\/\"},\"wordCount\":244,\"publisher\":{\"@id\":\"https:\\\/\\\/www.tribunal-nature.org\\\/blog\\\/#organization\"},\"image\":{\"@id\":\"https:\\\/\\\/www.tribunal-nature.org\\\/blog\\\/on-revient-sur-ledito-a-amiens-il-ne-sait-pas-pourquoi-il-a-voulu-incendier-la-maternite-le-tribunal-le-condamne-a-trois-ans-ferme\\\/#primaryimage\"},\"thumbnailUrl\":\"https:\\\/\\\/www.tribunal-nature.org\\\/blog\\\/wp-content\\\/uploads\\\/2023\\\/09\\\/sur-le-3.jpg\",\"articleSection\":[\"Droit De L'Environnement:\"],\"inLanguage\":\"fr-FR\"},{\"@type\":\"WebPage\",\"@id\":\"https:\\\/\\\/www.tribunal-nature.org\\\/blog\\\/on-revient-sur-ledito-a-amiens-il-ne-sait-pas-pourquoi-il-a-voulu-incendier-la-maternite-le-tribunal-le-condamne-a-trois-ans-ferme\\\/\",\"url\":\"https:\\\/\\\/www.tribunal-nature.org\\\/blog\\\/on-revient-sur-ledito-a-amiens-il-ne-sait-pas-pourquoi-il-a-voulu-incendier-la-maternite-le-tribunal-le-condamne-a-trois-ans-ferme\\\/\",\"name\":\"On revient sur l\u2019\u00e9dito : \u00c0 Amiens, il \u00abne sait pas\u00bb pourquoi il a voulu incendier la maternit\u00e9, le tribunal le condamne \u00e0 trois ans ferme - TRIBUNAL-NATURE\",\"isPartOf\":{\"@id\":\"https:\\\/\\\/www.tribunal-nature.org\\\/blog\\\/#website\"},\"primaryImageOfPage\":{\"@id\":\"https:\\\/\\\/www.tribunal-nature.org\\\/blog\\\/on-revient-sur-ledito-a-amiens-il-ne-sait-pas-pourquoi-il-a-voulu-incendier-la-maternite-le-tribunal-le-condamne-a-trois-ans-ferme\\\/#primaryimage\"},\"image\":{\"@id\":\"https:\\\/\\\/www.tribunal-nature.org\\\/blog\\\/on-revient-sur-ledito-a-amiens-il-ne-sait-pas-pourquoi-il-a-voulu-incendier-la-maternite-le-tribunal-le-condamne-a-trois-ans-ferme\\\/#primaryimage\"},\"thumbnailUrl\":\"https:\\\/\\\/www.tribunal-nature.org\\\/blog\\\/wp-content\\\/uploads\\\/2023\\\/09\\\/sur-le-3.jpg\",\"datePublished\":\"2023-08-10T07:07:19+00:00\",\"description\":\"On revient sur l\u2019\u00e9dito : \u00c0 Amiens, il \u00abne sait pas\u00bb pourquoi il a voulu incendier la maternit\u00e9, le tribunal le condamne \u00e0 trois ans ferme article de TRIBUNAL-NATURE\",\"breadcrumb\":{\"@id\":\"https:\\\/\\\/www.tribunal-nature.org\\\/blog\\\/on-revient-sur-ledito-a-amiens-il-ne-sait-pas-pourquoi-il-a-voulu-incendier-la-maternite-le-tribunal-le-condamne-a-trois-ans-ferme\\\/#breadcrumb\"},\"inLanguage\":\"fr-FR\",\"potentialAction\":[{\"@type\":\"ReadAction\",\"target\":[\"https:\\\/\\\/www.tribunal-nature.org\\\/blog\\\/on-revient-sur-ledito-a-amiens-il-ne-sait-pas-pourquoi-il-a-voulu-incendier-la-maternite-le-tribunal-le-condamne-a-trois-ans-ferme\\\/\"]}]},{\"@type\":\"ImageObject\",\"inLanguage\":\"fr-FR\",\"@id\":\"https:\\\/\\\/www.tribunal-nature.org\\\/blog\\\/on-revient-sur-ledito-a-amiens-il-ne-sait-pas-pourquoi-il-a-voulu-incendier-la-maternite-le-tribunal-le-condamne-a-trois-ans-ferme\\\/#primaryimage\",\"url\":\"https:\\\/\\\/www.tribunal-nature.org\\\/blog\\\/wp-content\\\/uploads\\\/2023\\\/09\\\/sur-le-3.jpg\",\"contentUrl\":\"https:\\\/\\\/www.tribunal-nature.org\\\/blog\\\/wp-content\\\/uploads\\\/2023\\\/09\\\/sur-le-3.jpg\",\"width\":800,\"height\":450,\"caption\":\"sur le\"},{\"@type\":\"BreadcrumbList\",\"@id\":\"https:\\\/\\\/www.tribunal-nature.org\\\/blog\\\/on-revient-sur-ledito-a-amiens-il-ne-sait-pas-pourquoi-il-a-voulu-incendier-la-maternite-le-tribunal-le-condamne-a-trois-ans-ferme\\\/#breadcrumb\",\"itemListElement\":[{\"@type\":\"ListItem\",\"position\":1,\"name\":\"Accueil\",\"item\":\"https:\\\/\\\/www.tribunal-nature.org\\\/blog\\\/\"},{\"@type\":\"ListItem\",\"position\":2,\"name\":\"On revient sur l\u2019\u00e9dito : \u00c0 Amiens, il \u00abne sait pas\u00bb pourquoi il a voulu incendier la maternit\u00e9, le tribunal le condamne \u00e0 trois ans ferme\"}]},{\"@type\":\"WebSite\",\"@id\":\"https:\\\/\\\/www.tribunal-nature.org\\\/blog\\\/#website\",\"url\":\"https:\\\/\\\/www.tribunal-nature.org\\\/blog\\\/\",\"name\":\"TRIBUNAL-NATURE\",\"description\":\"Droit De L&#039;Environnement.\",\"publisher\":{\"@id\":\"https:\\\/\\\/www.tribunal-nature.org\\\/blog\\\/#organization\"},\"potentialAction\":[{\"@type\":\"SearchAction\",\"target\":{\"@type\":\"EntryPoint\",\"urlTemplate\":\"https:\\\/\\\/www.tribunal-nature.org\\\/blog\\\/?s={search_term_string}\"},\"query-input\":{\"@type\":\"PropertyValueSpecification\",\"valueRequired\":true,\"valueName\":\"search_term_string\"}}],\"inLanguage\":\"fr-FR\"},{\"@type\":\"Organization\",\"@id\":\"https:\\\/\\\/www.tribunal-nature.org\\\/blog\\\/#organization\",\"name\":\"tribunal-nature\",\"url\":\"https:\\\/\\\/www.tribunal-nature.org\\\/blog\\\/\",\"logo\":{\"@type\":\"ImageObject\",\"inLanguage\":\"fr-FR\",\"@id\":\"https:\\\/\\\/www.tribunal-nature.org\\\/blog\\\/#\\\/schema\\\/logo\\\/image\\\/\",\"url\":\"https:\\\/\\\/www.tribunal-nature.org\\\/blog\\\/wp-content\\\/uploads\\\/2022\\\/05\\\/logo-2.png\",\"contentUrl\":\"https:\\\/\\\/www.tribunal-nature.org\\\/blog\\\/wp-content\\\/uploads\\\/2022\\\/05\\\/logo-2.png\",\"width\":180,\"height\":180,\"caption\":\"tribunal-nature\"},\"image\":{\"@id\":\"https:\\\/\\\/www.tribunal-nature.org\\\/blog\\\/#\\\/schema\\\/logo\\\/image\\\/\"}},{\"@type\":\"Person\",\"@id\":\"https:\\\/\\\/www.tribunal-nature.org\\\/blog\\\/#\\\/schema\\\/person\\\/55761caf7544da6b05b60523f2a0855f\",\"name\":\"Isabelle LOUBEAU\",\"image\":{\"@type\":\"ImageObject\",\"inLanguage\":\"fr-FR\",\"@id\":\"https:\\\/\\\/secure.gravatar.com\\\/avatar\\\/b6912620aca78633bf5d50400888815d3b38a1118e82b94050843f411f3f5972?s=96&d=mm&r=g\",\"url\":\"https:\\\/\\\/secure.gravatar.com\\\/avatar\\\/b6912620aca78633bf5d50400888815d3b38a1118e82b94050843f411f3f5972?s=96&d=mm&r=g\",\"contentUrl\":\"https:\\\/\\\/secure.gravatar.com\\\/avatar\\\/b6912620aca78633bf5d50400888815d3b38a1118e82b94050843f411f3f5972?s=96&d=mm&r=g\",\"caption\":\"Isabelle LOUBEAU\"},\"url\":\"https:\\\/\\\/www.tribunal-nature.org\\\/blog\\\/author\\\/ureisabelle\\\/\"}]}<\/script>\n<!-- \/ Yoast SEO plugin. -->","yoast_head_json":{"title":"On revient sur l\u2019\u00e9dito : \u00c0 Amiens, il \u00abne sait pas\u00bb pourquoi il a voulu incendier la maternit\u00e9, le tribunal le condamne \u00e0 trois ans ferme - TRIBUNAL-NATURE","description":"On revient sur l\u2019\u00e9dito : \u00c0 Amiens, il \u00abne sait pas\u00bb pourquoi il a voulu incendier la maternit\u00e9, le tribunal le condamne \u00e0 trois ans ferme article de TRIBUNAL-NATURE","robots":{"index":"index","follow":"follow","max-snippet":"max-snippet:-1","max-image-preview":"max-image-preview:large","max-video-preview":"max-video-preview:-1"},"canonical":"https:\/\/www.tribunal-nature.org\/blog\/on-revient-sur-ledito-a-amiens-il-ne-sait-pas-pourquoi-il-a-voulu-incendier-la-maternite-le-tribunal-le-condamne-a-trois-ans-ferme\/","og_locale":"fr_FR","og_type":"article","og_title":"On revient sur l\u2019\u00e9dito : \u00c0 Amiens, il \u00abne sait pas\u00bb pourquoi il a voulu incendier la maternit\u00e9, le tribunal le condamne \u00e0 trois ans ferme - TRIBUNAL-NATURE","og_description":"On revient sur l\u2019\u00e9dito : \u00c0 Amiens, il \u00abne sait pas\u00bb pourquoi il a voulu incendier la maternit\u00e9, le tribunal le condamne \u00e0 trois ans ferme article de TRIBUNAL-NATURE","og_url":"https:\/\/www.tribunal-nature.org\/blog\/on-revient-sur-ledito-a-amiens-il-ne-sait-pas-pourquoi-il-a-voulu-incendier-la-maternite-le-tribunal-le-condamne-a-trois-ans-ferme\/","og_site_name":"TRIBUNAL-NATURE","article_published_time":"2023-08-10T07:07:19+00:00","author":"Isabelle LOUBEAU","twitter_card":"summary_large_image","twitter_misc":{"\u00c9crit par":"Isabelle LOUBEAU","Dur\u00e9e de lecture estim\u00e9e":"1 minute"},"schema":{"@context":"https:\/\/schema.org","@graph":[{"@type":"Article","@id":"https:\/\/www.tribunal-nature.org\/blog\/on-revient-sur-ledito-a-amiens-il-ne-sait-pas-pourquoi-il-a-voulu-incendier-la-maternite-le-tribunal-le-condamne-a-trois-ans-ferme\/#article","isPartOf":{"@id":"https:\/\/www.tribunal-nature.org\/blog\/on-revient-sur-ledito-a-amiens-il-ne-sait-pas-pourquoi-il-a-voulu-incendier-la-maternite-le-tribunal-le-condamne-a-trois-ans-ferme\/"},"author":{"name":"Isabelle LOUBEAU","@id":"https:\/\/www.tribunal-nature.org\/blog\/#\/schema\/person\/55761caf7544da6b05b60523f2a0855f"},"headline":"On revient sur l\u2019\u00e9dito : \u00c0 Amiens, il \u00abne sait pas\u00bb pourquoi il a voulu incendier la maternit\u00e9, le tribunal le condamne \u00e0 trois ans ferme","datePublished":"2023-08-10T07:07:19+00:00","mainEntityOfPage":{"@id":"https:\/\/www.tribunal-nature.org\/blog\/on-revient-sur-ledito-a-amiens-il-ne-sait-pas-pourquoi-il-a-voulu-incendier-la-maternite-le-tribunal-le-condamne-a-trois-ans-ferme\/"},"wordCount":244,"publisher":{"@id":"https:\/\/www.tribunal-nature.org\/blog\/#organization"},"image":{"@id":"https:\/\/www.tribunal-nature.org\/blog\/on-revient-sur-ledito-a-amiens-il-ne-sait-pas-pourquoi-il-a-voulu-incendier-la-maternite-le-tribunal-le-condamne-a-trois-ans-ferme\/#primaryimage"},"thumbnailUrl":"https:\/\/www.tribunal-nature.org\/blog\/wp-content\/uploads\/2023\/09\/sur-le-3.jpg","articleSection":["Droit De L'Environnement:"],"inLanguage":"fr-FR"},{"@type":"WebPage","@id":"https:\/\/www.tribunal-nature.org\/blog\/on-revient-sur-ledito-a-amiens-il-ne-sait-pas-pourquoi-il-a-voulu-incendier-la-maternite-le-tribunal-le-condamne-a-trois-ans-ferme\/","url":"https:\/\/www.tribunal-nature.org\/blog\/on-revient-sur-ledito-a-amiens-il-ne-sait-pas-pourquoi-il-a-voulu-incendier-la-maternite-le-tribunal-le-condamne-a-trois-ans-ferme\/","name":"On revient sur l\u2019\u00e9dito : \u00c0 Amiens, il \u00abne sait pas\u00bb pourquoi il a voulu incendier la maternit\u00e9, le tribunal le condamne \u00e0 trois ans ferme - TRIBUNAL-NATURE","isPartOf":{"@id":"https:\/\/www.tribunal-nature.org\/blog\/#website"},"primaryImageOfPage":{"@id":"https:\/\/www.tribunal-nature.org\/blog\/on-revient-sur-ledito-a-amiens-il-ne-sait-pas-pourquoi-il-a-voulu-incendier-la-maternite-le-tribunal-le-condamne-a-trois-ans-ferme\/#primaryimage"},"image":{"@id":"https:\/\/www.tribunal-nature.org\/blog\/on-revient-sur-ledito-a-amiens-il-ne-sait-pas-pourquoi-il-a-voulu-incendier-la-maternite-le-tribunal-le-condamne-a-trois-ans-ferme\/#primaryimage"},"thumbnailUrl":"https:\/\/www.tribunal-nature.org\/blog\/wp-content\/uploads\/2023\/09\/sur-le-3.jpg","datePublished":"2023-08-10T07:07:19+00:00","description":"On revient sur l\u2019\u00e9dito : \u00c0 Amiens, il \u00abne sait pas\u00bb pourquoi il a voulu incendier la maternit\u00e9, le tribunal le condamne \u00e0 trois ans ferme article de TRIBUNAL-NATURE","breadcrumb":{"@id":"https:\/\/www.tribunal-nature.org\/blog\/on-revient-sur-ledito-a-amiens-il-ne-sait-pas-pourquoi-il-a-voulu-incendier-la-maternite-le-tribunal-le-condamne-a-trois-ans-ferme\/#breadcrumb"},"inLanguage":"fr-FR","potentialAction":[{"@type":"ReadAction","target":["https:\/\/www.tribunal-nature.org\/blog\/on-revient-sur-ledito-a-amiens-il-ne-sait-pas-pourquoi-il-a-voulu-incendier-la-maternite-le-tribunal-le-condamne-a-trois-ans-ferme\/"]}]},{"@type":"ImageObject","inLanguage":"fr-FR","@id":"https:\/\/www.tribunal-nature.org\/blog\/on-revient-sur-ledito-a-amiens-il-ne-sait-pas-pourquoi-il-a-voulu-incendier-la-maternite-le-tribunal-le-condamne-a-trois-ans-ferme\/#primaryimage","url":"https:\/\/www.tribunal-nature.org\/blog\/wp-content\/uploads\/2023\/09\/sur-le-3.jpg","contentUrl":"https:\/\/www.tribunal-nature.org\/blog\/wp-content\/uploads\/2023\/09\/sur-le-3.jpg","width":800,"height":450,"caption":"sur le"},{"@type":"BreadcrumbList","@id":"https:\/\/www.tribunal-nature.org\/blog\/on-revient-sur-ledito-a-amiens-il-ne-sait-pas-pourquoi-il-a-voulu-incendier-la-maternite-le-tribunal-le-condamne-a-trois-ans-ferme\/#breadcrumb","itemListElement":[{"@type":"ListItem","position":1,"name":"Accueil","item":"https:\/\/www.tribunal-nature.org\/blog\/"},{"@type":"ListItem","position":2,"name":"On revient sur l\u2019\u00e9dito : \u00c0 Amiens, il \u00abne sait pas\u00bb pourquoi il a voulu incendier la maternit\u00e9, le tribunal le condamne \u00e0 trois ans ferme"}]},{"@type":"WebSite","@id":"https:\/\/www.tribunal-nature.org\/blog\/#website","url":"https:\/\/www.tribunal-nature.org\/blog\/","name":"TRIBUNAL-NATURE","description":"Droit De L&#039;Environnement.","publisher":{"@id":"https:\/\/www.tribunal-nature.org\/blog\/#organization"},"potentialAction":[{"@type":"SearchAction","target":{"@type":"EntryPoint","urlTemplate":"https:\/\/www.tribunal-nature.org\/blog\/?s={search_term_string}"},"query-input":{"@type":"PropertyValueSpecification","valueRequired":true,"valueName":"search_term_string"}}],"inLanguage":"fr-FR"},{"@type":"Organization","@id":"https:\/\/www.tribunal-nature.org\/blog\/#organization","name":"tribunal-nature","url":"https:\/\/www.tribunal-nature.org\/blog\/","logo":{"@type":"ImageObject","inLanguage":"fr-FR","@id":"https:\/\/www.tribunal-nature.org\/blog\/#\/schema\/logo\/image\/","url":"https:\/\/www.tribunal-nature.org\/blog\/wp-content\/uploads\/2022\/05\/logo-2.png","contentUrl":"https:\/\/www.tribunal-nature.org\/blog\/wp-content\/uploads\/2022\/05\/logo-2.png","width":180,"height":180,"caption":"tribunal-nature"},"image":{"@id":"https:\/\/www.tribunal-nature.org\/blog\/#\/schema\/logo\/image\/"}},{"@type":"Person","@id":"https:\/\/www.tribunal-nature.org\/blog\/#\/schema\/person\/55761caf7544da6b05b60523f2a0855f","name":"Isabelle LOUBEAU","image":{"@type":"ImageObject","inLanguage":"fr-FR","@id":"https:\/\/secure.gravatar.com\/avatar\/b6912620aca78633bf5d50400888815d3b38a1118e82b94050843f411f3f5972?s=96&d=mm&r=g","url":"https:\/\/secure.gravatar.com\/avatar\/b6912620aca78633bf5d50400888815d3b38a1118e82b94050843f411f3f5972?s=96&d=mm&r=g","contentUrl":"https:\/\/secure.gravatar.com\/avatar\/b6912620aca78633bf5d50400888815d3b38a1118e82b94050843f411f3f5972?s=96&d=mm&r=g","caption":"Isabelle LOUBEAU"},"url":"https:\/\/www.tribunal-nature.org\/blog\/author\/ureisabelle\/"}]}},"_links":{"self":[{"href":"https:\/\/www.tribunal-nature.org\/blog\/wp-json\/wp\/v2\/posts\/588","targetHints":{"allow":["GET"]}}],"collection":[{"href":"https:\/\/www.tribunal-nature.org\/blog\/wp-json\/wp\/v2\/posts"}],"about":[{"href":"https:\/\/www.tribunal-nature.org\/blog\/wp-json\/wp\/v2\/types\/post"}],"author":[{"embeddable":true,"href":"https:\/\/www.tribunal-nature.org\/blog\/wp-json\/wp\/v2\/users\/3"}],"replies":[{"embeddable":true,"href":"https:\/\/www.tribunal-nature.org\/blog\/wp-json\/wp\/v2\/comments?post=588"}],"version-history":[{"count":0,"href":"https:\/\/www.tribunal-nature.org\/blog\/wp-json\/wp\/v2\/posts\/588\/revisions"}],"wp:featuredmedia":[{"embeddable":true,"href":"https:\/\/www.tribunal-nature.org\/blog\/wp-json\/wp\/v2\/media\/650"}],"wp:attachment":[{"href":"https:\/\/www.tribunal-nature.org\/blog\/wp-json\/wp\/v2\/media?parent=588"}],"wp:term":[{"taxonomy":"category","embeddable":true,"href":"https:\/\/www.tribunal-nature.org\/blog\/wp-json\/wp\/v2\/categories?post=588"},{"taxonomy":"post_tag","embeddable":true,"href":"https:\/\/www.tribunal-nature.org\/blog\/wp-json\/wp\/v2\/tags?post=588"}],"curies":[{"name":"wp","href":"https:\/\/api.w.org\/{rel}","templated":true}]}}