{"id":530,"date":"2023-06-19T06:03:57","date_gmt":"2023-06-19T04:03:57","guid":{"rendered":"https:\/\/www.tribunal-nature.org\/blog\/ca-se-propage-sur-le-web-mere-de-famille-egorgee-dans-les-yvelines-le-mari-sera-presente-devant-la-justice-ce-lundi\/"},"modified":"2023-06-19T06:03:57","modified_gmt":"2023-06-19T04:03:57","slug":"ca-se-propage-sur-le-web-mere-de-famille-egorgee-dans-les-yvelines-le-mari-sera-presente-devant-la-justice-ce-lundi","status":"publish","type":"post","link":"https:\/\/www.tribunal-nature.org\/blog\/ca-se-propage-sur-le-web-mere-de-famille-egorgee-dans-les-yvelines-le-mari-sera-presente-devant-la-justice-ce-lundi\/","title":{"rendered":"Ca se propage sur le web  : M\u00e8re de famille \u00e9gorg\u00e9e dans les Yvelines\u00a0: le mari sera pr\u00e9sent\u00e9 devant la justice ce lundi"},"content":{"rendered":"<div>\n<p>Ce post, dont le propos est \u00ab\u00a0la justice\u00a0\u00bb, a \u00e9t\u00e9 remarqu\u00e9 sur internet, notre staff est heureux de vous en reproduire le contenu principal plus bas.<\/p>\n<p>Le titre  (M\u00e8re de famille \u00e9gorg\u00e9e dans les Yvelines\u00a0: le mari sera pr\u00e9sent\u00e9 devant la justice ce lundi) est \u00e9vocateur.<\/p>\n<p> Annonc\u00e9 sous la signature \u00abd\u2019anonymat<br \/>\n\u00bb, l\u2019\u00e9crivain est connu et fiable.<\/p>\n<p>Il n\u2019y a pas de raison de douter du s\u00e9rieux de ces r\u00e9v\u00e9lations.<\/p>\n<p>L\u2019article mentionn\u00e9 : <\/p>\n<div>\n<section class=\"content\">\n<p class=\"paragraph text_align_left\">L\u2019homme de 32 ans qui a t\u00e9l\u00e9phon\u00e9 \u00e0 la police samedi matin \u00e0 Meulan (Yvelines) pour indiquer qu\u2019il venait d\u2019\u00e9gorger sa femme doit \u00eatre pr\u00e9sent\u00e9 ce lundi matin devant la justice, \u00e0 Versailles, en vue de sa mise en examen pour \u00ab\u00a0homicide volontaire par conjoint\u00a0\u00bb.<\/p>\n<\/section>\n<section class=\"content\">\n<p class=\"paragraph text_align_left\">Son \u00e9pouse, \u00e2g\u00e9e de 29 ans, a succomb\u00e9 \u00e0 des blessures \u00e0 la gorge inflig\u00e9es avec un couteau dans l\u2019appartement familial de la rue Georges-Clemenceau, \u00e0 proximit\u00e9 du centre-ville. Le drame s\u2019est nou\u00e9 en pr\u00e9sence du b\u00e9b\u00e9 du couple, \u00e2g\u00e9 de 4 mois. Le nourrisson a imm\u00e9diatement \u00e9t\u00e9 pris en charge par les services de l\u2019Aide sociale \u00e0 l\u2019enfance (ASE).<\/p>\n<\/section>\n<p><span data-filled=\"true\"><\/span><\/p>\n<section class=\"content\">\n<p class=\"paragraph text_align_left\">Au cours de son audition, le mari, inconnu des services de police et sans aucun ant\u00e9c\u00e9dent judiciaire, a \u00e9videmment reconnu les faits, puisqu\u2019il avait lui m\u00eame alert\u00e9 la police le matin m\u00eame.<\/p>\n<\/section>\n<section class=\"content\">\n<h2 class=\"inline_title margin_bottom_md margin_top_xxl\">Il soup\u00e7onnait une relation extraconjugale<\/h2>\n<\/section>\n<section class=\"content\">\n<p class=\"paragraph text_align_left\">\u00ab\u00a0Il ne semble pas se souvenir pr\u00e9cis\u00e9ment de la mani\u00e8re dont les faits se sont d\u00e9roul\u00e9s, d\u00e9taille ce dimanche soir Maryvonne Caillibotte, procureure de la R\u00e9publique \u00e0 Versailles. Il soup\u00e7onnait visiblement son \u00e9pouse d\u2019entretenir une relation extraconjugale. Ces jeunes parents n\u2019\u00e9taient pas isol\u00e9s\u00a0: ils entretenaient l\u2019un et l\u2019autre des liens avec leur famille et leurs amis.\u00a0\u00bb<\/p>\n<\/section>\n<section class=\"content\">\n<p class=\"paragraph text_align_left\">Les premi\u00e8res auditions des proches et du voisinage ont permis de mettre en avant des \u00ab\u00a0disputes r\u00e9guli\u00e8res, mais qui n\u2019avaient jamais fait l\u2019objet de main courante\u00a0\u00bb.<\/p>\n<\/section>\n<p><span data-filled=\"true\"><\/span><\/p>\n<section class=\"content\">\n<p class=\"paragraph text_align_left\">Samedi matin, les secours ont \u00e9t\u00e9 alert\u00e9s vers 8h30. Un passant, qui avait entendu des cris, a compos\u00e9 le 17 pour donner l\u2019alerte. Quelques minutes plus tard, c\u2019est le mari lui-m\u00eame qui t\u00e9l\u00e9phonait \u00e0 la police pour expliquer le geste qu\u2019il venait de commettre. Deux couteaux \u00ab\u00a0ordinaires\u00a0\u00bb, susceptibles de correspondre aux blessures mortelles ont \u00e9t\u00e9 saisis dans l\u2019appartement par les enqu\u00eateurs.<\/p>\n<\/section>\n<\/div>\n<p>Parutions sur un propos similaire:<\/p>\n<p>Droit des soci\u00e9t\u00e9s\/La disparition par voie de dissolution,<a target=\"_blank\" rel=\"nofollow\" href=\"https:\/\/www.tribunal-nature.org\/blog\/goto\/https:\/\/fr.wikibooks.org\/wiki\/Droit_des_soci%C3%A9t%C3%A9s\/La_disparition_par_voie_de_dissolution\"  target=\"_blank\" rel=\"noopener noreferrer nofollow\">Le livre <\/a><span><\/span>.<\/p>\n<p>Justice,<a target=\"_blank\" rel=\"nofollow\" href=\"https:\/\/www.tribunal-nature.org\/blog\/goto\/https:\/\/www.kobo.com\/fr\/fr\/ebook\/justice-133\"  target=\"_blank\" rel=\"noopener noreferrer nofollow\">A voir et \u00e0 lire. <\/a><span><\/span>. Disponible sur internet.<\/p>\n<p>Pr\u00e9cis d\u2019\u00e9pist\u00e9mologie\/R\u00e9f\u00e9rences,<a target=\"_blank\" rel=\"nofollow\" href=\"https:\/\/www.tribunal-nature.org\/blog\/goto\/https:\/\/fr.wikibooks.org\/wiki\/Pr%C3%A9cis_d%27%C3%A9pist%C3%A9mologie\/R%C3%A9f%C3%A9rences\"  target=\"_blank\" rel=\"noopener noreferrer nofollow\">Le livre <\/a><span><\/span>. Disponible dans toutes les bonnes librairies.<\/p>\n<\/div>\n","protected":false},"excerpt":{"rendered":"<p>Ce post, dont le propos est \u00ab\u00a0la justice\u00a0\u00bb, a \u00e9t\u00e9 remarqu\u00e9 sur internet, notre staff est heureux de vous en&#8230;<\/p>\n","protected":false},"author":3,"featured_media":674,"comment_status":"closed","ping_status":"closed","sticky":false,"template":"","format":"standard","meta":{"footnotes":""},"categories":[2],"tags":[],"class_list":["post-530","post","type-post","status-publish","format-standard","has-post-thumbnail","hentry","category-droit-de-lenvironnement","wpcat-2-id"],"yoast_head":"<!-- This site is optimized with the Yoast SEO plugin v27.5 - https:\/\/yoast.com\/product\/yoast-seo-wordpress\/ -->\n<title>Ca se propage sur le web : M\u00e8re de famille \u00e9gorg\u00e9e dans les Yvelines\u00a0: le mari sera pr\u00e9sent\u00e9 devant la justice ce lundi - TRIBUNAL-NATURE<\/title>\n<meta name=\"description\" content=\"Ca se propage sur le web : M\u00e8re de famille \u00e9gorg\u00e9e dans les Yvelines\u00a0: le mari sera pr\u00e9sent\u00e9 devant la justice ce lundi article de TRIBUNAL-NATURE\" \/>\n<meta name=\"robots\" content=\"index, follow, max-snippet:-1, max-image-preview:large, max-video-preview:-1\" \/>\n<link rel=\"canonical\" href=\"https:\/\/www.tribunal-nature.org\/blog\/ca-se-propage-sur-le-web-mere-de-famille-egorgee-dans-les-yvelines-le-mari-sera-presente-devant-la-justice-ce-lundi\/\" \/>\n<meta property=\"og:locale\" content=\"fr_FR\" \/>\n<meta property=\"og:type\" content=\"article\" \/>\n<meta property=\"og:title\" content=\"Ca se propage sur le web : M\u00e8re de famille \u00e9gorg\u00e9e dans les Yvelines\u00a0: le mari sera pr\u00e9sent\u00e9 devant la justice ce lundi - TRIBUNAL-NATURE\" \/>\n<meta property=\"og:description\" content=\"Ca se propage sur le web : M\u00e8re de famille \u00e9gorg\u00e9e dans les Yvelines\u00a0: le mari sera pr\u00e9sent\u00e9 devant la justice ce lundi article de TRIBUNAL-NATURE\" \/>\n<meta property=\"og:url\" content=\"https:\/\/www.tribunal-nature.org\/blog\/ca-se-propage-sur-le-web-mere-de-famille-egorgee-dans-les-yvelines-le-mari-sera-presente-devant-la-justice-ce-lundi\/\" \/>\n<meta property=\"og:site_name\" content=\"TRIBUNAL-NATURE\" \/>\n<meta property=\"article:published_time\" content=\"2023-06-19T04:03:57+00:00\" \/>\n<meta name=\"author\" content=\"Isabelle LOUBEAU\" \/>\n<meta name=\"twitter:card\" content=\"summary_large_image\" \/>\n<meta name=\"twitter:label1\" content=\"\u00c9crit par\" \/>\n\t<meta name=\"twitter:data1\" content=\"Isabelle LOUBEAU\" \/>\n\t<meta name=\"twitter:label2\" content=\"Dur\u00e9e de lecture estim\u00e9e\" \/>\n\t<meta name=\"twitter:data2\" content=\"2 minutes\" \/>\n<script type=\"application\/ld+json\" class=\"yoast-schema-graph\">{\"@context\":\"https:\\\/\\\/schema.org\",\"@graph\":[{\"@type\":\"Article\",\"@id\":\"https:\\\/\\\/www.tribunal-nature.org\\\/blog\\\/ca-se-propage-sur-le-web-mere-de-famille-egorgee-dans-les-yvelines-le-mari-sera-presente-devant-la-justice-ce-lundi\\\/#article\",\"isPartOf\":{\"@id\":\"https:\\\/\\\/www.tribunal-nature.org\\\/blog\\\/ca-se-propage-sur-le-web-mere-de-famille-egorgee-dans-les-yvelines-le-mari-sera-presente-devant-la-justice-ce-lundi\\\/\"},\"author\":{\"name\":\"Isabelle LOUBEAU\",\"@id\":\"https:\\\/\\\/www.tribunal-nature.org\\\/blog\\\/#\\\/schema\\\/person\\\/55761caf7544da6b05b60523f2a0855f\"},\"headline\":\"Ca se propage sur le web : M\u00e8re de famille \u00e9gorg\u00e9e dans les Yvelines\u00a0: le mari sera pr\u00e9sent\u00e9 devant la justice ce lundi\",\"datePublished\":\"2023-06-19T04:03:57+00:00\",\"mainEntityOfPage\":{\"@id\":\"https:\\\/\\\/www.tribunal-nature.org\\\/blog\\\/ca-se-propage-sur-le-web-mere-de-famille-egorgee-dans-les-yvelines-le-mari-sera-presente-devant-la-justice-ce-lundi\\\/\"},\"wordCount\":468,\"publisher\":{\"@id\":\"https:\\\/\\\/www.tribunal-nature.org\\\/blog\\\/#organization\"},\"image\":{\"@id\":\"https:\\\/\\\/www.tribunal-nature.org\\\/blog\\\/ca-se-propage-sur-le-web-mere-de-famille-egorgee-dans-les-yvelines-le-mari-sera-presente-devant-la-justice-ce-lundi\\\/#primaryimage\"},\"thumbnailUrl\":\"https:\\\/\\\/www.tribunal-nature.org\\\/blog\\\/wp-content\\\/uploads\\\/2023\\\/09\\\/le-mari-1.jpg\",\"articleSection\":[\"Droit De L'Environnement:\"],\"inLanguage\":\"fr-FR\"},{\"@type\":\"WebPage\",\"@id\":\"https:\\\/\\\/www.tribunal-nature.org\\\/blog\\\/ca-se-propage-sur-le-web-mere-de-famille-egorgee-dans-les-yvelines-le-mari-sera-presente-devant-la-justice-ce-lundi\\\/\",\"url\":\"https:\\\/\\\/www.tribunal-nature.org\\\/blog\\\/ca-se-propage-sur-le-web-mere-de-famille-egorgee-dans-les-yvelines-le-mari-sera-presente-devant-la-justice-ce-lundi\\\/\",\"name\":\"Ca se propage sur le web : M\u00e8re de famille \u00e9gorg\u00e9e dans les Yvelines\u00a0: le mari sera pr\u00e9sent\u00e9 devant la justice ce lundi - TRIBUNAL-NATURE\",\"isPartOf\":{\"@id\":\"https:\\\/\\\/www.tribunal-nature.org\\\/blog\\\/#website\"},\"primaryImageOfPage\":{\"@id\":\"https:\\\/\\\/www.tribunal-nature.org\\\/blog\\\/ca-se-propage-sur-le-web-mere-de-famille-egorgee-dans-les-yvelines-le-mari-sera-presente-devant-la-justice-ce-lundi\\\/#primaryimage\"},\"image\":{\"@id\":\"https:\\\/\\\/www.tribunal-nature.org\\\/blog\\\/ca-se-propage-sur-le-web-mere-de-famille-egorgee-dans-les-yvelines-le-mari-sera-presente-devant-la-justice-ce-lundi\\\/#primaryimage\"},\"thumbnailUrl\":\"https:\\\/\\\/www.tribunal-nature.org\\\/blog\\\/wp-content\\\/uploads\\\/2023\\\/09\\\/le-mari-1.jpg\",\"datePublished\":\"2023-06-19T04:03:57+00:00\",\"description\":\"Ca se propage sur le web : M\u00e8re de famille \u00e9gorg\u00e9e dans les Yvelines\u00a0: le mari sera pr\u00e9sent\u00e9 devant la justice ce lundi article de TRIBUNAL-NATURE\",\"breadcrumb\":{\"@id\":\"https:\\\/\\\/www.tribunal-nature.org\\\/blog\\\/ca-se-propage-sur-le-web-mere-de-famille-egorgee-dans-les-yvelines-le-mari-sera-presente-devant-la-justice-ce-lundi\\\/#breadcrumb\"},\"inLanguage\":\"fr-FR\",\"potentialAction\":[{\"@type\":\"ReadAction\",\"target\":[\"https:\\\/\\\/www.tribunal-nature.org\\\/blog\\\/ca-se-propage-sur-le-web-mere-de-famille-egorgee-dans-les-yvelines-le-mari-sera-presente-devant-la-justice-ce-lundi\\\/\"]}]},{\"@type\":\"ImageObject\",\"inLanguage\":\"fr-FR\",\"@id\":\"https:\\\/\\\/www.tribunal-nature.org\\\/blog\\\/ca-se-propage-sur-le-web-mere-de-famille-egorgee-dans-les-yvelines-le-mari-sera-presente-devant-la-justice-ce-lundi\\\/#primaryimage\",\"url\":\"https:\\\/\\\/www.tribunal-nature.org\\\/blog\\\/wp-content\\\/uploads\\\/2023\\\/09\\\/le-mari-1.jpg\",\"contentUrl\":\"https:\\\/\\\/www.tribunal-nature.org\\\/blog\\\/wp-content\\\/uploads\\\/2023\\\/09\\\/le-mari-1.jpg\",\"width\":600,\"height\":971,\"caption\":\"le mari\"},{\"@type\":\"BreadcrumbList\",\"@id\":\"https:\\\/\\\/www.tribunal-nature.org\\\/blog\\\/ca-se-propage-sur-le-web-mere-de-famille-egorgee-dans-les-yvelines-le-mari-sera-presente-devant-la-justice-ce-lundi\\\/#breadcrumb\",\"itemListElement\":[{\"@type\":\"ListItem\",\"position\":1,\"name\":\"Accueil\",\"item\":\"https:\\\/\\\/www.tribunal-nature.org\\\/blog\\\/\"},{\"@type\":\"ListItem\",\"position\":2,\"name\":\"Ca se propage sur le web : M\u00e8re de famille \u00e9gorg\u00e9e dans les Yvelines\u00a0: le mari sera pr\u00e9sent\u00e9 devant la justice ce lundi\"}]},{\"@type\":\"WebSite\",\"@id\":\"https:\\\/\\\/www.tribunal-nature.org\\\/blog\\\/#website\",\"url\":\"https:\\\/\\\/www.tribunal-nature.org\\\/blog\\\/\",\"name\":\"TRIBUNAL-NATURE\",\"description\":\"Droit De L&#039;Environnement.\",\"publisher\":{\"@id\":\"https:\\\/\\\/www.tribunal-nature.org\\\/blog\\\/#organization\"},\"potentialAction\":[{\"@type\":\"SearchAction\",\"target\":{\"@type\":\"EntryPoint\",\"urlTemplate\":\"https:\\\/\\\/www.tribunal-nature.org\\\/blog\\\/?s={search_term_string}\"},\"query-input\":{\"@type\":\"PropertyValueSpecification\",\"valueRequired\":true,\"valueName\":\"search_term_string\"}}],\"inLanguage\":\"fr-FR\"},{\"@type\":\"Organization\",\"@id\":\"https:\\\/\\\/www.tribunal-nature.org\\\/blog\\\/#organization\",\"name\":\"tribunal-nature\",\"url\":\"https:\\\/\\\/www.tribunal-nature.org\\\/blog\\\/\",\"logo\":{\"@type\":\"ImageObject\",\"inLanguage\":\"fr-FR\",\"@id\":\"https:\\\/\\\/www.tribunal-nature.org\\\/blog\\\/#\\\/schema\\\/logo\\\/image\\\/\",\"url\":\"https:\\\/\\\/www.tribunal-nature.org\\\/blog\\\/wp-content\\\/uploads\\\/2022\\\/05\\\/logo-2.png\",\"contentUrl\":\"https:\\\/\\\/www.tribunal-nature.org\\\/blog\\\/wp-content\\\/uploads\\\/2022\\\/05\\\/logo-2.png\",\"width\":180,\"height\":180,\"caption\":\"tribunal-nature\"},\"image\":{\"@id\":\"https:\\\/\\\/www.tribunal-nature.org\\\/blog\\\/#\\\/schema\\\/logo\\\/image\\\/\"}},{\"@type\":\"Person\",\"@id\":\"https:\\\/\\\/www.tribunal-nature.org\\\/blog\\\/#\\\/schema\\\/person\\\/55761caf7544da6b05b60523f2a0855f\",\"name\":\"Isabelle LOUBEAU\",\"image\":{\"@type\":\"ImageObject\",\"inLanguage\":\"fr-FR\",\"@id\":\"https:\\\/\\\/secure.gravatar.com\\\/avatar\\\/b6912620aca78633bf5d50400888815d3b38a1118e82b94050843f411f3f5972?s=96&d=mm&r=g\",\"url\":\"https:\\\/\\\/secure.gravatar.com\\\/avatar\\\/b6912620aca78633bf5d50400888815d3b38a1118e82b94050843f411f3f5972?s=96&d=mm&r=g\",\"contentUrl\":\"https:\\\/\\\/secure.gravatar.com\\\/avatar\\\/b6912620aca78633bf5d50400888815d3b38a1118e82b94050843f411f3f5972?s=96&d=mm&r=g\",\"caption\":\"Isabelle LOUBEAU\"},\"url\":\"https:\\\/\\\/www.tribunal-nature.org\\\/blog\\\/author\\\/ureisabelle\\\/\"}]}<\/script>\n<!-- \/ Yoast SEO plugin. -->","yoast_head_json":{"title":"Ca se propage sur le web : M\u00e8re de famille \u00e9gorg\u00e9e dans les Yvelines\u00a0: le mari sera pr\u00e9sent\u00e9 devant la justice ce lundi - TRIBUNAL-NATURE","description":"Ca se propage sur le web : M\u00e8re de famille \u00e9gorg\u00e9e dans les Yvelines\u00a0: le mari sera pr\u00e9sent\u00e9 devant la justice ce lundi article de TRIBUNAL-NATURE","robots":{"index":"index","follow":"follow","max-snippet":"max-snippet:-1","max-image-preview":"max-image-preview:large","max-video-preview":"max-video-preview:-1"},"canonical":"https:\/\/www.tribunal-nature.org\/blog\/ca-se-propage-sur-le-web-mere-de-famille-egorgee-dans-les-yvelines-le-mari-sera-presente-devant-la-justice-ce-lundi\/","og_locale":"fr_FR","og_type":"article","og_title":"Ca se propage sur le web : M\u00e8re de famille \u00e9gorg\u00e9e dans les Yvelines\u00a0: le mari sera pr\u00e9sent\u00e9 devant la justice ce lundi - TRIBUNAL-NATURE","og_description":"Ca se propage sur le web : M\u00e8re de famille \u00e9gorg\u00e9e dans les Yvelines\u00a0: le mari sera pr\u00e9sent\u00e9 devant la justice ce lundi article de TRIBUNAL-NATURE","og_url":"https:\/\/www.tribunal-nature.org\/blog\/ca-se-propage-sur-le-web-mere-de-famille-egorgee-dans-les-yvelines-le-mari-sera-presente-devant-la-justice-ce-lundi\/","og_site_name":"TRIBUNAL-NATURE","article_published_time":"2023-06-19T04:03:57+00:00","author":"Isabelle LOUBEAU","twitter_card":"summary_large_image","twitter_misc":{"\u00c9crit par":"Isabelle LOUBEAU","Dur\u00e9e de lecture estim\u00e9e":"2 minutes"},"schema":{"@context":"https:\/\/schema.org","@graph":[{"@type":"Article","@id":"https:\/\/www.tribunal-nature.org\/blog\/ca-se-propage-sur-le-web-mere-de-famille-egorgee-dans-les-yvelines-le-mari-sera-presente-devant-la-justice-ce-lundi\/#article","isPartOf":{"@id":"https:\/\/www.tribunal-nature.org\/blog\/ca-se-propage-sur-le-web-mere-de-famille-egorgee-dans-les-yvelines-le-mari-sera-presente-devant-la-justice-ce-lundi\/"},"author":{"name":"Isabelle LOUBEAU","@id":"https:\/\/www.tribunal-nature.org\/blog\/#\/schema\/person\/55761caf7544da6b05b60523f2a0855f"},"headline":"Ca se propage sur le web : M\u00e8re de famille \u00e9gorg\u00e9e dans les Yvelines\u00a0: le mari sera pr\u00e9sent\u00e9 devant la justice ce lundi","datePublished":"2023-06-19T04:03:57+00:00","mainEntityOfPage":{"@id":"https:\/\/www.tribunal-nature.org\/blog\/ca-se-propage-sur-le-web-mere-de-famille-egorgee-dans-les-yvelines-le-mari-sera-presente-devant-la-justice-ce-lundi\/"},"wordCount":468,"publisher":{"@id":"https:\/\/www.tribunal-nature.org\/blog\/#organization"},"image":{"@id":"https:\/\/www.tribunal-nature.org\/blog\/ca-se-propage-sur-le-web-mere-de-famille-egorgee-dans-les-yvelines-le-mari-sera-presente-devant-la-justice-ce-lundi\/#primaryimage"},"thumbnailUrl":"https:\/\/www.tribunal-nature.org\/blog\/wp-content\/uploads\/2023\/09\/le-mari-1.jpg","articleSection":["Droit De L'Environnement:"],"inLanguage":"fr-FR"},{"@type":"WebPage","@id":"https:\/\/www.tribunal-nature.org\/blog\/ca-se-propage-sur-le-web-mere-de-famille-egorgee-dans-les-yvelines-le-mari-sera-presente-devant-la-justice-ce-lundi\/","url":"https:\/\/www.tribunal-nature.org\/blog\/ca-se-propage-sur-le-web-mere-de-famille-egorgee-dans-les-yvelines-le-mari-sera-presente-devant-la-justice-ce-lundi\/","name":"Ca se propage sur le web : M\u00e8re de famille \u00e9gorg\u00e9e dans les Yvelines\u00a0: le mari sera pr\u00e9sent\u00e9 devant la justice ce lundi - TRIBUNAL-NATURE","isPartOf":{"@id":"https:\/\/www.tribunal-nature.org\/blog\/#website"},"primaryImageOfPage":{"@id":"https:\/\/www.tribunal-nature.org\/blog\/ca-se-propage-sur-le-web-mere-de-famille-egorgee-dans-les-yvelines-le-mari-sera-presente-devant-la-justice-ce-lundi\/#primaryimage"},"image":{"@id":"https:\/\/www.tribunal-nature.org\/blog\/ca-se-propage-sur-le-web-mere-de-famille-egorgee-dans-les-yvelines-le-mari-sera-presente-devant-la-justice-ce-lundi\/#primaryimage"},"thumbnailUrl":"https:\/\/www.tribunal-nature.org\/blog\/wp-content\/uploads\/2023\/09\/le-mari-1.jpg","datePublished":"2023-06-19T04:03:57+00:00","description":"Ca se propage sur le web : M\u00e8re de famille \u00e9gorg\u00e9e dans les Yvelines\u00a0: le mari sera pr\u00e9sent\u00e9 devant la justice ce lundi article de TRIBUNAL-NATURE","breadcrumb":{"@id":"https:\/\/www.tribunal-nature.org\/blog\/ca-se-propage-sur-le-web-mere-de-famille-egorgee-dans-les-yvelines-le-mari-sera-presente-devant-la-justice-ce-lundi\/#breadcrumb"},"inLanguage":"fr-FR","potentialAction":[{"@type":"ReadAction","target":["https:\/\/www.tribunal-nature.org\/blog\/ca-se-propage-sur-le-web-mere-de-famille-egorgee-dans-les-yvelines-le-mari-sera-presente-devant-la-justice-ce-lundi\/"]}]},{"@type":"ImageObject","inLanguage":"fr-FR","@id":"https:\/\/www.tribunal-nature.org\/blog\/ca-se-propage-sur-le-web-mere-de-famille-egorgee-dans-les-yvelines-le-mari-sera-presente-devant-la-justice-ce-lundi\/#primaryimage","url":"https:\/\/www.tribunal-nature.org\/blog\/wp-content\/uploads\/2023\/09\/le-mari-1.jpg","contentUrl":"https:\/\/www.tribunal-nature.org\/blog\/wp-content\/uploads\/2023\/09\/le-mari-1.jpg","width":600,"height":971,"caption":"le mari"},{"@type":"BreadcrumbList","@id":"https:\/\/www.tribunal-nature.org\/blog\/ca-se-propage-sur-le-web-mere-de-famille-egorgee-dans-les-yvelines-le-mari-sera-presente-devant-la-justice-ce-lundi\/#breadcrumb","itemListElement":[{"@type":"ListItem","position":1,"name":"Accueil","item":"https:\/\/www.tribunal-nature.org\/blog\/"},{"@type":"ListItem","position":2,"name":"Ca se propage sur le web : M\u00e8re de famille \u00e9gorg\u00e9e dans les Yvelines\u00a0: le mari sera pr\u00e9sent\u00e9 devant la justice ce lundi"}]},{"@type":"WebSite","@id":"https:\/\/www.tribunal-nature.org\/blog\/#website","url":"https:\/\/www.tribunal-nature.org\/blog\/","name":"TRIBUNAL-NATURE","description":"Droit De L&#039;Environnement.","publisher":{"@id":"https:\/\/www.tribunal-nature.org\/blog\/#organization"},"potentialAction":[{"@type":"SearchAction","target":{"@type":"EntryPoint","urlTemplate":"https:\/\/www.tribunal-nature.org\/blog\/?s={search_term_string}"},"query-input":{"@type":"PropertyValueSpecification","valueRequired":true,"valueName":"search_term_string"}}],"inLanguage":"fr-FR"},{"@type":"Organization","@id":"https:\/\/www.tribunal-nature.org\/blog\/#organization","name":"tribunal-nature","url":"https:\/\/www.tribunal-nature.org\/blog\/","logo":{"@type":"ImageObject","inLanguage":"fr-FR","@id":"https:\/\/www.tribunal-nature.org\/blog\/#\/schema\/logo\/image\/","url":"https:\/\/www.tribunal-nature.org\/blog\/wp-content\/uploads\/2022\/05\/logo-2.png","contentUrl":"https:\/\/www.tribunal-nature.org\/blog\/wp-content\/uploads\/2022\/05\/logo-2.png","width":180,"height":180,"caption":"tribunal-nature"},"image":{"@id":"https:\/\/www.tribunal-nature.org\/blog\/#\/schema\/logo\/image\/"}},{"@type":"Person","@id":"https:\/\/www.tribunal-nature.org\/blog\/#\/schema\/person\/55761caf7544da6b05b60523f2a0855f","name":"Isabelle LOUBEAU","image":{"@type":"ImageObject","inLanguage":"fr-FR","@id":"https:\/\/secure.gravatar.com\/avatar\/b6912620aca78633bf5d50400888815d3b38a1118e82b94050843f411f3f5972?s=96&d=mm&r=g","url":"https:\/\/secure.gravatar.com\/avatar\/b6912620aca78633bf5d50400888815d3b38a1118e82b94050843f411f3f5972?s=96&d=mm&r=g","contentUrl":"https:\/\/secure.gravatar.com\/avatar\/b6912620aca78633bf5d50400888815d3b38a1118e82b94050843f411f3f5972?s=96&d=mm&r=g","caption":"Isabelle LOUBEAU"},"url":"https:\/\/www.tribunal-nature.org\/blog\/author\/ureisabelle\/"}]}},"_links":{"self":[{"href":"https:\/\/www.tribunal-nature.org\/blog\/wp-json\/wp\/v2\/posts\/530","targetHints":{"allow":["GET"]}}],"collection":[{"href":"https:\/\/www.tribunal-nature.org\/blog\/wp-json\/wp\/v2\/posts"}],"about":[{"href":"https:\/\/www.tribunal-nature.org\/blog\/wp-json\/wp\/v2\/types\/post"}],"author":[{"embeddable":true,"href":"https:\/\/www.tribunal-nature.org\/blog\/wp-json\/wp\/v2\/users\/3"}],"replies":[{"embeddable":true,"href":"https:\/\/www.tribunal-nature.org\/blog\/wp-json\/wp\/v2\/comments?post=530"}],"version-history":[{"count":0,"href":"https:\/\/www.tribunal-nature.org\/blog\/wp-json\/wp\/v2\/posts\/530\/revisions"}],"wp:featuredmedia":[{"embeddable":true,"href":"https:\/\/www.tribunal-nature.org\/blog\/wp-json\/wp\/v2\/media\/674"}],"wp:attachment":[{"href":"https:\/\/www.tribunal-nature.org\/blog\/wp-json\/wp\/v2\/media?parent=530"}],"wp:term":[{"taxonomy":"category","embeddable":true,"href":"https:\/\/www.tribunal-nature.org\/blog\/wp-json\/wp\/v2\/categories?post=530"},{"taxonomy":"post_tag","embeddable":true,"href":"https:\/\/www.tribunal-nature.org\/blog\/wp-json\/wp\/v2\/tags?post=530"}],"curies":[{"name":"wp","href":"https:\/\/api.w.org\/{rel}","templated":true}]}}