{"id":519,"date":"2023-06-06T15:08:13","date_gmt":"2023-06-06T13:08:13","guid":{"rendered":"https:\/\/www.tribunal-nature.org\/blog\/conference-annuelle-du-utrecht-center-for-accountability-and-liability-law-ucall-sur-autonomy-algorithms-and-accountability-societe-europeenne-de-droit-international\/"},"modified":"2023-06-06T15:08:13","modified_gmt":"2023-06-06T13:08:13","slug":"conference-annuelle-du-utrecht-center-for-accountability-and-liability-law-ucall-sur-autonomy-algorithms-and-accountability-societe-europeenne-de-droit-international","status":"publish","type":"post","link":"https:\/\/www.tribunal-nature.org\/blog\/conference-annuelle-du-utrecht-center-for-accountability-and-liability-law-ucall-sur-autonomy-algorithms-and-accountability-societe-europeenne-de-droit-international\/","title":{"rendered":"Conf\u00e9rence annuelle du Utrecht Center for Accountability and Liability Law (UCALL) sur \u00ab Autonomy, Algorithms and Accountability \u00bb \u2013 Soci\u00e9t\u00e9 europ\u00e9enne de droit international"},"content":{"rendered":"<div><img width=\"580\" height=\"105\" src=\"https:\/\/www.tribunal-nature.org\/blog\/wp-content\/uploads\/2023\/06\/Conference-annuelle-du-Utrecht-Center-for-Accountability-and-Liability-Law.png\" class=\"attachment-large size-large wp-post-image\" alt=\"Conference-annuelle-du-Utrecht-Center-for-Accountability-and-Liability-Law\" decoding=\"async\" loading=\"lazy\" style=\"float:left; margin:0 15px 15px 0;\" srcset=\"https:\/\/www.tribunal-nature.org\/blog\/wp-content\/uploads\/2023\/06\/Conference-annuelle-du-Utrecht-Center-for-Accountability-and-Liability-Law.png 1024w, https:\/\/www.site.cdcl.xyz\/wp-content\/uploads\/2023\/06\/Conference-annuelle-du-Utrecht-Center-for-Accountability-and-Liability-Law-300x54.png 300w, https:\/\/www.site.cdcl.xyz\/wp-content\/uploads\/2023\/06\/Conference-annuelle-du-Utrecht-Center-for-Accountability-and-Liability-Law-768x140.png 768w\" sizes=\"auto, (max-width: 580px) 100vw, 580px\"><\/p>\n<div>\n<p><img decoding=\"async\" loading=\"lazy\" class=\"aligncenter wp-image-35837\" src=\"https:\/\/www.tribunal-nature.org\/blog\/wp-content\/uploads\/2023\/06\/Conference-annuelle-du-Utrecht-Center-for-Accountability-and-Liability-Law.png\" alt=\"Conference-annuelle-du-Utrecht-Center-for-Accountability-and-Liability-Law\" width=\"579\" height=\"105\"><\/p>\n<p>Les 9 et 10 novembre 2023, le Centre d\u2019Utrecht pour le droit de la responsabilit\u00e9 et de la responsabilit\u00e9 (UCALL) organisera sa conf\u00e9rence annuelle sur les d\u00e9fis que pose l\u2019intelligence artificielle pour la responsabilit\u00e9, la responsabilit\u00e9 et le droit.<\/p>\n<p>Le th\u00e8me central de la Conf\u00e9rence annuelle Ucall 2023 est de savoir comment et dans quelle mesure ces notions doivent \u00eatre adapt\u00e9es aux algorithmes fonctionnant de mani\u00e8re autonome et \u00e0 l\u2019intelligence artificielle.  Nous sollicitons des articles de tous les domaines du droit o\u00f9 les notions de responsabilit\u00e9 et de responsabilit\u00e9 sont pertinentes\u00a0: droit international, droit europ\u00e9en et droit national, couvrant des domaines tels que le droit p\u00e9nal, le droit administratif, le droit des contrats, le droit de la responsabilit\u00e9 d\u00e9lictuelle, le droit constitutionnel et le droit des droits de l\u2019homme, examinant l\u2019impact de l\u2019IA, des algorithmes et de l\u2019apprentissage automatique sur les doctrines fondamentales de la responsabilit\u00e9 et de la responsabilit\u00e9 dans ces domaines respectifs.  Nous accueillons les articles th\u00e9matiques ainsi que les contributions multidimensionnelles et interdisciplinaires.<\/p>\n<p><span style=\"text-decoration: underline;\">comment s\u2019inscrire<\/span><\/p>\n<p>L\u2019appel \u00e0 contributions est maintenant disponible ici.  Veuillez envoyer votre r\u00e9sum\u00e9 de communication, avec un maximum de 500 mots, avant <strong>20 juin<\/strong> \u00e0 UCALL-Studentassistent@uu.nl.  La conf\u00e9rence aura lieu \u00e0 Utrecht, aux Pays-Bas.  Toute question concernant la conf\u00e9rence ou cet appel \u00e0 communications peut \u00eatre pos\u00e9e \u00e0 la m\u00eame adresse e-mail.<\/p>\n<p>Le Utrecht Center for Accountability and Liability Law (UCALL) est un groupe de chercheurs universitaires au sein de la facult\u00e9 de droit de l\u2019Universit\u00e9 d\u2019Utrecht, qui ont d\u00e9cid\u00e9 de mener ensemble des recherches multidisciplinaires sur les limites et les impossibilit\u00e9s de la (propre) responsabilit\u00e9 et responsabilit\u00e9 aux Pays-Bas, en Europe, et au-del\u00e0.  En savoir plus sur UCALL ici.<\/p>\n<p style=\"text-align: center;\">DEMANDE DE PAPIERS<\/p>\n<\/div>\n<\/div>\n","protected":false},"excerpt":{"rendered":"<p>Les 9 et 10 novembre 2023, le Centre d\u2019Utrecht pour le droit de la responsabilit\u00e9 et de la responsabilit\u00e9 (UCALL)&#8230;<\/p>\n","protected":false},"author":3,"featured_media":520,"comment_status":"closed","ping_status":"closed","sticky":false,"template":"","format":"standard","meta":{"footnotes":""},"categories":[2],"tags":[],"class_list":["post-519","post","type-post","status-publish","format-standard","has-post-thumbnail","hentry","category-droit-de-lenvironnement","wpcat-2-id"],"yoast_head":"<!-- This site is optimized with the Yoast SEO plugin v27.5 - https:\/\/yoast.com\/product\/yoast-seo-wordpress\/ -->\n<title>Conf\u00e9rence annuelle du Utrecht Center for Accountability and Liability Law (UCALL) sur \u00ab Autonomy, Algorithms and Accountability \u00bb \u2013 Soci\u00e9t\u00e9 europ\u00e9enne de droit international - TRIBUNAL-NATURE<\/title>\n<meta name=\"description\" content=\"Conf\u00e9rence annuelle du Utrecht Center for Accountability and Liability Law (UCALL) sur \u00ab Autonomy, Algorithms and Accountability \u00bb \u2013 Soci\u00e9t\u00e9 europ\u00e9enne de droit international article de TRIBUNAL-NATURE\" \/>\n<meta name=\"robots\" content=\"index, follow, max-snippet:-1, max-image-preview:large, max-video-preview:-1\" \/>\n<link rel=\"canonical\" href=\"https:\/\/www.tribunal-nature.org\/blog\/conference-annuelle-du-utrecht-center-for-accountability-and-liability-law-ucall-sur-autonomy-algorithms-and-accountability-societe-europeenne-de-droit-international\/\" \/>\n<meta property=\"og:locale\" content=\"fr_FR\" \/>\n<meta property=\"og:type\" content=\"article\" \/>\n<meta property=\"og:title\" content=\"Conf\u00e9rence annuelle du Utrecht Center for Accountability and Liability Law (UCALL) sur \u00ab Autonomy, Algorithms and Accountability \u00bb \u2013 Soci\u00e9t\u00e9 europ\u00e9enne de droit international - TRIBUNAL-NATURE\" \/>\n<meta property=\"og:description\" content=\"Conf\u00e9rence annuelle du Utrecht Center for Accountability and Liability Law (UCALL) sur \u00ab Autonomy, Algorithms and Accountability \u00bb \u2013 Soci\u00e9t\u00e9 europ\u00e9enne de droit international article de TRIBUNAL-NATURE\" \/>\n<meta property=\"og:url\" content=\"https:\/\/www.tribunal-nature.org\/blog\/conference-annuelle-du-utrecht-center-for-accountability-and-liability-law-ucall-sur-autonomy-algorithms-and-accountability-societe-europeenne-de-droit-international\/\" \/>\n<meta property=\"og:site_name\" content=\"TRIBUNAL-NATURE\" \/>\n<meta property=\"article:published_time\" content=\"2023-06-06T13:08:13+00:00\" \/>\n<meta property=\"og:image\" content=\"https:\/\/www.tribunal-nature.org\/blog\/wp-content\/uploads\/2023\/06\/Conference-annuelle-du-Utrecht-Center-for-Accountability-and-Liability-Law.png\" \/>\n<meta name=\"author\" content=\"Isabelle LOUBEAU\" \/>\n<meta name=\"twitter:card\" content=\"summary_large_image\" \/>\n<meta name=\"twitter:label1\" content=\"\u00c9crit par\" \/>\n\t<meta name=\"twitter:data1\" content=\"Isabelle LOUBEAU\" \/>\n\t<meta name=\"twitter:label2\" content=\"Dur\u00e9e de lecture estim\u00e9e\" \/>\n\t<meta name=\"twitter:data2\" content=\"1 minute\" \/>\n<script type=\"application\/ld+json\" class=\"yoast-schema-graph\">{\"@context\":\"https:\\\/\\\/schema.org\",\"@graph\":[{\"@type\":\"Article\",\"@id\":\"https:\\\/\\\/www.tribunal-nature.org\\\/blog\\\/conference-annuelle-du-utrecht-center-for-accountability-and-liability-law-ucall-sur-autonomy-algorithms-and-accountability-societe-europeenne-de-droit-international\\\/#article\",\"isPartOf\":{\"@id\":\"https:\\\/\\\/www.tribunal-nature.org\\\/blog\\\/conference-annuelle-du-utrecht-center-for-accountability-and-liability-law-ucall-sur-autonomy-algorithms-and-accountability-societe-europeenne-de-droit-international\\\/\"},\"author\":{\"name\":\"Isabelle LOUBEAU\",\"@id\":\"https:\\\/\\\/www.tribunal-nature.org\\\/blog\\\/#\\\/schema\\\/person\\\/55761caf7544da6b05b60523f2a0855f\"},\"headline\":\"Conf\u00e9rence annuelle du Utrecht Center for Accountability and Liability Law (UCALL) sur \u00ab Autonomy, Algorithms and Accountability \u00bb \u2013 Soci\u00e9t\u00e9 europ\u00e9enne de droit international\",\"datePublished\":\"2023-06-06T13:08:13+00:00\",\"mainEntityOfPage\":{\"@id\":\"https:\\\/\\\/www.tribunal-nature.org\\\/blog\\\/conference-annuelle-du-utrecht-center-for-accountability-and-liability-law-ucall-sur-autonomy-algorithms-and-accountability-societe-europeenne-de-droit-international\\\/\"},\"wordCount\":321,\"publisher\":{\"@id\":\"https:\\\/\\\/www.tribunal-nature.org\\\/blog\\\/#organization\"},\"image\":{\"@id\":\"https:\\\/\\\/www.tribunal-nature.org\\\/blog\\\/conference-annuelle-du-utrecht-center-for-accountability-and-liability-law-ucall-sur-autonomy-algorithms-and-accountability-societe-europeenne-de-droit-international\\\/#primaryimage\"},\"thumbnailUrl\":\"https:\\\/\\\/www.tribunal-nature.org\\\/blog\\\/wp-content\\\/uploads\\\/2023\\\/06\\\/Conference-annuelle-du-Utrecht-Center-for-Accountability-and-Liability-Law.png\",\"articleSection\":[\"Droit De L'Environnement:\"],\"inLanguage\":\"fr-FR\"},{\"@type\":\"WebPage\",\"@id\":\"https:\\\/\\\/www.tribunal-nature.org\\\/blog\\\/conference-annuelle-du-utrecht-center-for-accountability-and-liability-law-ucall-sur-autonomy-algorithms-and-accountability-societe-europeenne-de-droit-international\\\/\",\"url\":\"https:\\\/\\\/www.tribunal-nature.org\\\/blog\\\/conference-annuelle-du-utrecht-center-for-accountability-and-liability-law-ucall-sur-autonomy-algorithms-and-accountability-societe-europeenne-de-droit-international\\\/\",\"name\":\"Conf\u00e9rence annuelle du Utrecht Center for Accountability and Liability Law (UCALL) sur \u00ab Autonomy, Algorithms and Accountability \u00bb \u2013 Soci\u00e9t\u00e9 europ\u00e9enne de droit international - TRIBUNAL-NATURE\",\"isPartOf\":{\"@id\":\"https:\\\/\\\/www.tribunal-nature.org\\\/blog\\\/#website\"},\"primaryImageOfPage\":{\"@id\":\"https:\\\/\\\/www.tribunal-nature.org\\\/blog\\\/conference-annuelle-du-utrecht-center-for-accountability-and-liability-law-ucall-sur-autonomy-algorithms-and-accountability-societe-europeenne-de-droit-international\\\/#primaryimage\"},\"image\":{\"@id\":\"https:\\\/\\\/www.tribunal-nature.org\\\/blog\\\/conference-annuelle-du-utrecht-center-for-accountability-and-liability-law-ucall-sur-autonomy-algorithms-and-accountability-societe-europeenne-de-droit-international\\\/#primaryimage\"},\"thumbnailUrl\":\"https:\\\/\\\/www.tribunal-nature.org\\\/blog\\\/wp-content\\\/uploads\\\/2023\\\/06\\\/Conference-annuelle-du-Utrecht-Center-for-Accountability-and-Liability-Law.png\",\"datePublished\":\"2023-06-06T13:08:13+00:00\",\"description\":\"Conf\u00e9rence annuelle du Utrecht Center for Accountability and Liability Law (UCALL) sur \u00ab Autonomy, Algorithms and Accountability \u00bb \u2013 Soci\u00e9t\u00e9 europ\u00e9enne de droit international article de TRIBUNAL-NATURE\",\"breadcrumb\":{\"@id\":\"https:\\\/\\\/www.tribunal-nature.org\\\/blog\\\/conference-annuelle-du-utrecht-center-for-accountability-and-liability-law-ucall-sur-autonomy-algorithms-and-accountability-societe-europeenne-de-droit-international\\\/#breadcrumb\"},\"inLanguage\":\"fr-FR\",\"potentialAction\":[{\"@type\":\"ReadAction\",\"target\":[\"https:\\\/\\\/www.tribunal-nature.org\\\/blog\\\/conference-annuelle-du-utrecht-center-for-accountability-and-liability-law-ucall-sur-autonomy-algorithms-and-accountability-societe-europeenne-de-droit-international\\\/\"]}]},{\"@type\":\"ImageObject\",\"inLanguage\":\"fr-FR\",\"@id\":\"https:\\\/\\\/www.tribunal-nature.org\\\/blog\\\/conference-annuelle-du-utrecht-center-for-accountability-and-liability-law-ucall-sur-autonomy-algorithms-and-accountability-societe-europeenne-de-droit-international\\\/#primaryimage\",\"url\":\"https:\\\/\\\/www.tribunal-nature.org\\\/blog\\\/wp-content\\\/uploads\\\/2023\\\/06\\\/Conference-annuelle-du-Utrecht-Center-for-Accountability-and-Liability-Law.png\",\"contentUrl\":\"https:\\\/\\\/www.tribunal-nature.org\\\/blog\\\/wp-content\\\/uploads\\\/2023\\\/06\\\/Conference-annuelle-du-Utrecht-Center-for-Accountability-and-Liability-Law.png\",\"width\":1024,\"height\":186,\"caption\":\"Conference annuelle du Utrecht Center for Accountability and Liability Law\"},{\"@type\":\"BreadcrumbList\",\"@id\":\"https:\\\/\\\/www.tribunal-nature.org\\\/blog\\\/conference-annuelle-du-utrecht-center-for-accountability-and-liability-law-ucall-sur-autonomy-algorithms-and-accountability-societe-europeenne-de-droit-international\\\/#breadcrumb\",\"itemListElement\":[{\"@type\":\"ListItem\",\"position\":1,\"name\":\"Accueil\",\"item\":\"https:\\\/\\\/www.tribunal-nature.org\\\/blog\\\/\"},{\"@type\":\"ListItem\",\"position\":2,\"name\":\"Conf\u00e9rence annuelle du Utrecht Center for Accountability and Liability Law (UCALL) sur \u00ab Autonomy, Algorithms and Accountability \u00bb \u2013 Soci\u00e9t\u00e9 europ\u00e9enne de droit international\"}]},{\"@type\":\"WebSite\",\"@id\":\"https:\\\/\\\/www.tribunal-nature.org\\\/blog\\\/#website\",\"url\":\"https:\\\/\\\/www.tribunal-nature.org\\\/blog\\\/\",\"name\":\"TRIBUNAL-NATURE\",\"description\":\"Droit De L&#039;Environnement.\",\"publisher\":{\"@id\":\"https:\\\/\\\/www.tribunal-nature.org\\\/blog\\\/#organization\"},\"potentialAction\":[{\"@type\":\"SearchAction\",\"target\":{\"@type\":\"EntryPoint\",\"urlTemplate\":\"https:\\\/\\\/www.tribunal-nature.org\\\/blog\\\/?s={search_term_string}\"},\"query-input\":{\"@type\":\"PropertyValueSpecification\",\"valueRequired\":true,\"valueName\":\"search_term_string\"}}],\"inLanguage\":\"fr-FR\"},{\"@type\":\"Organization\",\"@id\":\"https:\\\/\\\/www.tribunal-nature.org\\\/blog\\\/#organization\",\"name\":\"tribunal-nature\",\"url\":\"https:\\\/\\\/www.tribunal-nature.org\\\/blog\\\/\",\"logo\":{\"@type\":\"ImageObject\",\"inLanguage\":\"fr-FR\",\"@id\":\"https:\\\/\\\/www.tribunal-nature.org\\\/blog\\\/#\\\/schema\\\/logo\\\/image\\\/\",\"url\":\"https:\\\/\\\/www.tribunal-nature.org\\\/blog\\\/wp-content\\\/uploads\\\/2022\\\/05\\\/logo-2.png\",\"contentUrl\":\"https:\\\/\\\/www.tribunal-nature.org\\\/blog\\\/wp-content\\\/uploads\\\/2022\\\/05\\\/logo-2.png\",\"width\":180,\"height\":180,\"caption\":\"tribunal-nature\"},\"image\":{\"@id\":\"https:\\\/\\\/www.tribunal-nature.org\\\/blog\\\/#\\\/schema\\\/logo\\\/image\\\/\"}},{\"@type\":\"Person\",\"@id\":\"https:\\\/\\\/www.tribunal-nature.org\\\/blog\\\/#\\\/schema\\\/person\\\/55761caf7544da6b05b60523f2a0855f\",\"name\":\"Isabelle LOUBEAU\",\"image\":{\"@type\":\"ImageObject\",\"inLanguage\":\"fr-FR\",\"@id\":\"https:\\\/\\\/secure.gravatar.com\\\/avatar\\\/b6912620aca78633bf5d50400888815d3b38a1118e82b94050843f411f3f5972?s=96&d=mm&r=g\",\"url\":\"https:\\\/\\\/secure.gravatar.com\\\/avatar\\\/b6912620aca78633bf5d50400888815d3b38a1118e82b94050843f411f3f5972?s=96&d=mm&r=g\",\"contentUrl\":\"https:\\\/\\\/secure.gravatar.com\\\/avatar\\\/b6912620aca78633bf5d50400888815d3b38a1118e82b94050843f411f3f5972?s=96&d=mm&r=g\",\"caption\":\"Isabelle LOUBEAU\"},\"url\":\"https:\\\/\\\/www.tribunal-nature.org\\\/blog\\\/author\\\/ureisabelle\\\/\"}]}<\/script>\n<!-- \/ Yoast SEO plugin. -->","yoast_head_json":{"title":"Conf\u00e9rence annuelle du Utrecht Center for Accountability and Liability Law (UCALL) sur \u00ab Autonomy, Algorithms and Accountability \u00bb \u2013 Soci\u00e9t\u00e9 europ\u00e9enne de droit international - TRIBUNAL-NATURE","description":"Conf\u00e9rence annuelle du Utrecht Center for Accountability and Liability Law (UCALL) sur \u00ab Autonomy, Algorithms and Accountability \u00bb \u2013 Soci\u00e9t\u00e9 europ\u00e9enne de droit international article de TRIBUNAL-NATURE","robots":{"index":"index","follow":"follow","max-snippet":"max-snippet:-1","max-image-preview":"max-image-preview:large","max-video-preview":"max-video-preview:-1"},"canonical":"https:\/\/www.tribunal-nature.org\/blog\/conference-annuelle-du-utrecht-center-for-accountability-and-liability-law-ucall-sur-autonomy-algorithms-and-accountability-societe-europeenne-de-droit-international\/","og_locale":"fr_FR","og_type":"article","og_title":"Conf\u00e9rence annuelle du Utrecht Center for Accountability and Liability Law (UCALL) sur \u00ab Autonomy, Algorithms and Accountability \u00bb \u2013 Soci\u00e9t\u00e9 europ\u00e9enne de droit international - TRIBUNAL-NATURE","og_description":"Conf\u00e9rence annuelle du Utrecht Center for Accountability and Liability Law (UCALL) sur \u00ab Autonomy, Algorithms and Accountability \u00bb \u2013 Soci\u00e9t\u00e9 europ\u00e9enne de droit international article de TRIBUNAL-NATURE","og_url":"https:\/\/www.tribunal-nature.org\/blog\/conference-annuelle-du-utrecht-center-for-accountability-and-liability-law-ucall-sur-autonomy-algorithms-and-accountability-societe-europeenne-de-droit-international\/","og_site_name":"TRIBUNAL-NATURE","article_published_time":"2023-06-06T13:08:13+00:00","og_image":[{"url":"https:\/\/www.tribunal-nature.org\/blog\/wp-content\/uploads\/2023\/06\/Conference-annuelle-du-Utrecht-Center-for-Accountability-and-Liability-Law.png","type":"","width":"","height":""}],"author":"Isabelle LOUBEAU","twitter_card":"summary_large_image","twitter_misc":{"\u00c9crit par":"Isabelle LOUBEAU","Dur\u00e9e de lecture estim\u00e9e":"1 minute"},"schema":{"@context":"https:\/\/schema.org","@graph":[{"@type":"Article","@id":"https:\/\/www.tribunal-nature.org\/blog\/conference-annuelle-du-utrecht-center-for-accountability-and-liability-law-ucall-sur-autonomy-algorithms-and-accountability-societe-europeenne-de-droit-international\/#article","isPartOf":{"@id":"https:\/\/www.tribunal-nature.org\/blog\/conference-annuelle-du-utrecht-center-for-accountability-and-liability-law-ucall-sur-autonomy-algorithms-and-accountability-societe-europeenne-de-droit-international\/"},"author":{"name":"Isabelle LOUBEAU","@id":"https:\/\/www.tribunal-nature.org\/blog\/#\/schema\/person\/55761caf7544da6b05b60523f2a0855f"},"headline":"Conf\u00e9rence annuelle du Utrecht Center for Accountability and Liability Law (UCALL) sur \u00ab Autonomy, Algorithms and Accountability \u00bb \u2013 Soci\u00e9t\u00e9 europ\u00e9enne de droit international","datePublished":"2023-06-06T13:08:13+00:00","mainEntityOfPage":{"@id":"https:\/\/www.tribunal-nature.org\/blog\/conference-annuelle-du-utrecht-center-for-accountability-and-liability-law-ucall-sur-autonomy-algorithms-and-accountability-societe-europeenne-de-droit-international\/"},"wordCount":321,"publisher":{"@id":"https:\/\/www.tribunal-nature.org\/blog\/#organization"},"image":{"@id":"https:\/\/www.tribunal-nature.org\/blog\/conference-annuelle-du-utrecht-center-for-accountability-and-liability-law-ucall-sur-autonomy-algorithms-and-accountability-societe-europeenne-de-droit-international\/#primaryimage"},"thumbnailUrl":"https:\/\/www.tribunal-nature.org\/blog\/wp-content\/uploads\/2023\/06\/Conference-annuelle-du-Utrecht-Center-for-Accountability-and-Liability-Law.png","articleSection":["Droit De L'Environnement:"],"inLanguage":"fr-FR"},{"@type":"WebPage","@id":"https:\/\/www.tribunal-nature.org\/blog\/conference-annuelle-du-utrecht-center-for-accountability-and-liability-law-ucall-sur-autonomy-algorithms-and-accountability-societe-europeenne-de-droit-international\/","url":"https:\/\/www.tribunal-nature.org\/blog\/conference-annuelle-du-utrecht-center-for-accountability-and-liability-law-ucall-sur-autonomy-algorithms-and-accountability-societe-europeenne-de-droit-international\/","name":"Conf\u00e9rence annuelle du Utrecht Center for Accountability and Liability Law (UCALL) sur \u00ab Autonomy, Algorithms and Accountability \u00bb \u2013 Soci\u00e9t\u00e9 europ\u00e9enne de droit international - TRIBUNAL-NATURE","isPartOf":{"@id":"https:\/\/www.tribunal-nature.org\/blog\/#website"},"primaryImageOfPage":{"@id":"https:\/\/www.tribunal-nature.org\/blog\/conference-annuelle-du-utrecht-center-for-accountability-and-liability-law-ucall-sur-autonomy-algorithms-and-accountability-societe-europeenne-de-droit-international\/#primaryimage"},"image":{"@id":"https:\/\/www.tribunal-nature.org\/blog\/conference-annuelle-du-utrecht-center-for-accountability-and-liability-law-ucall-sur-autonomy-algorithms-and-accountability-societe-europeenne-de-droit-international\/#primaryimage"},"thumbnailUrl":"https:\/\/www.tribunal-nature.org\/blog\/wp-content\/uploads\/2023\/06\/Conference-annuelle-du-Utrecht-Center-for-Accountability-and-Liability-Law.png","datePublished":"2023-06-06T13:08:13+00:00","description":"Conf\u00e9rence annuelle du Utrecht Center for Accountability and Liability Law (UCALL) sur \u00ab Autonomy, Algorithms and Accountability \u00bb \u2013 Soci\u00e9t\u00e9 europ\u00e9enne de droit international article de TRIBUNAL-NATURE","breadcrumb":{"@id":"https:\/\/www.tribunal-nature.org\/blog\/conference-annuelle-du-utrecht-center-for-accountability-and-liability-law-ucall-sur-autonomy-algorithms-and-accountability-societe-europeenne-de-droit-international\/#breadcrumb"},"inLanguage":"fr-FR","potentialAction":[{"@type":"ReadAction","target":["https:\/\/www.tribunal-nature.org\/blog\/conference-annuelle-du-utrecht-center-for-accountability-and-liability-law-ucall-sur-autonomy-algorithms-and-accountability-societe-europeenne-de-droit-international\/"]}]},{"@type":"ImageObject","inLanguage":"fr-FR","@id":"https:\/\/www.tribunal-nature.org\/blog\/conference-annuelle-du-utrecht-center-for-accountability-and-liability-law-ucall-sur-autonomy-algorithms-and-accountability-societe-europeenne-de-droit-international\/#primaryimage","url":"https:\/\/www.tribunal-nature.org\/blog\/wp-content\/uploads\/2023\/06\/Conference-annuelle-du-Utrecht-Center-for-Accountability-and-Liability-Law.png","contentUrl":"https:\/\/www.tribunal-nature.org\/blog\/wp-content\/uploads\/2023\/06\/Conference-annuelle-du-Utrecht-Center-for-Accountability-and-Liability-Law.png","width":1024,"height":186,"caption":"Conference annuelle du Utrecht Center for Accountability and Liability Law"},{"@type":"BreadcrumbList","@id":"https:\/\/www.tribunal-nature.org\/blog\/conference-annuelle-du-utrecht-center-for-accountability-and-liability-law-ucall-sur-autonomy-algorithms-and-accountability-societe-europeenne-de-droit-international\/#breadcrumb","itemListElement":[{"@type":"ListItem","position":1,"name":"Accueil","item":"https:\/\/www.tribunal-nature.org\/blog\/"},{"@type":"ListItem","position":2,"name":"Conf\u00e9rence annuelle du Utrecht Center for Accountability and Liability Law (UCALL) sur \u00ab Autonomy, Algorithms and Accountability \u00bb \u2013 Soci\u00e9t\u00e9 europ\u00e9enne de droit international"}]},{"@type":"WebSite","@id":"https:\/\/www.tribunal-nature.org\/blog\/#website","url":"https:\/\/www.tribunal-nature.org\/blog\/","name":"TRIBUNAL-NATURE","description":"Droit De L&#039;Environnement.","publisher":{"@id":"https:\/\/www.tribunal-nature.org\/blog\/#organization"},"potentialAction":[{"@type":"SearchAction","target":{"@type":"EntryPoint","urlTemplate":"https:\/\/www.tribunal-nature.org\/blog\/?s={search_term_string}"},"query-input":{"@type":"PropertyValueSpecification","valueRequired":true,"valueName":"search_term_string"}}],"inLanguage":"fr-FR"},{"@type":"Organization","@id":"https:\/\/www.tribunal-nature.org\/blog\/#organization","name":"tribunal-nature","url":"https:\/\/www.tribunal-nature.org\/blog\/","logo":{"@type":"ImageObject","inLanguage":"fr-FR","@id":"https:\/\/www.tribunal-nature.org\/blog\/#\/schema\/logo\/image\/","url":"https:\/\/www.tribunal-nature.org\/blog\/wp-content\/uploads\/2022\/05\/logo-2.png","contentUrl":"https:\/\/www.tribunal-nature.org\/blog\/wp-content\/uploads\/2022\/05\/logo-2.png","width":180,"height":180,"caption":"tribunal-nature"},"image":{"@id":"https:\/\/www.tribunal-nature.org\/blog\/#\/schema\/logo\/image\/"}},{"@type":"Person","@id":"https:\/\/www.tribunal-nature.org\/blog\/#\/schema\/person\/55761caf7544da6b05b60523f2a0855f","name":"Isabelle LOUBEAU","image":{"@type":"ImageObject","inLanguage":"fr-FR","@id":"https:\/\/secure.gravatar.com\/avatar\/b6912620aca78633bf5d50400888815d3b38a1118e82b94050843f411f3f5972?s=96&d=mm&r=g","url":"https:\/\/secure.gravatar.com\/avatar\/b6912620aca78633bf5d50400888815d3b38a1118e82b94050843f411f3f5972?s=96&d=mm&r=g","contentUrl":"https:\/\/secure.gravatar.com\/avatar\/b6912620aca78633bf5d50400888815d3b38a1118e82b94050843f411f3f5972?s=96&d=mm&r=g","caption":"Isabelle LOUBEAU"},"url":"https:\/\/www.tribunal-nature.org\/blog\/author\/ureisabelle\/"}]}},"_links":{"self":[{"href":"https:\/\/www.tribunal-nature.org\/blog\/wp-json\/wp\/v2\/posts\/519","targetHints":{"allow":["GET"]}}],"collection":[{"href":"https:\/\/www.tribunal-nature.org\/blog\/wp-json\/wp\/v2\/posts"}],"about":[{"href":"https:\/\/www.tribunal-nature.org\/blog\/wp-json\/wp\/v2\/types\/post"}],"author":[{"embeddable":true,"href":"https:\/\/www.tribunal-nature.org\/blog\/wp-json\/wp\/v2\/users\/3"}],"replies":[{"embeddable":true,"href":"https:\/\/www.tribunal-nature.org\/blog\/wp-json\/wp\/v2\/comments?post=519"}],"version-history":[{"count":0,"href":"https:\/\/www.tribunal-nature.org\/blog\/wp-json\/wp\/v2\/posts\/519\/revisions"}],"wp:featuredmedia":[{"embeddable":true,"href":"https:\/\/www.tribunal-nature.org\/blog\/wp-json\/wp\/v2\/media\/520"}],"wp:attachment":[{"href":"https:\/\/www.tribunal-nature.org\/blog\/wp-json\/wp\/v2\/media?parent=519"}],"wp:term":[{"taxonomy":"category","embeddable":true,"href":"https:\/\/www.tribunal-nature.org\/blog\/wp-json\/wp\/v2\/categories?post=519"},{"taxonomy":"post_tag","embeddable":true,"href":"https:\/\/www.tribunal-nature.org\/blog\/wp-json\/wp\/v2\/tags?post=519"}],"curies":[{"name":"wp","href":"https:\/\/api.w.org\/{rel}","templated":true}]}}