{"id":499,"date":"2023-05-15T15:12:01","date_gmt":"2023-05-15T13:12:01","guid":{"rendered":"https:\/\/www.tribunal-nature.org\/blog\/que-retenir-de-ce-texte-non-les-peines-netaient-pas-trop-legeres-le-tribunal-repond-aux-reactions\/"},"modified":"2023-05-15T15:12:01","modified_gmt":"2023-05-15T13:12:01","slug":"que-retenir-de-ce-texte-non-les-peines-netaient-pas-trop-legeres-le-tribunal-repond-aux-reactions","status":"publish","type":"post","link":"https:\/\/www.tribunal-nature.org\/blog\/que-retenir-de-ce-texte-non-les-peines-netaient-pas-trop-legeres-le-tribunal-repond-aux-reactions\/","title":{"rendered":"Que retenir de ce texte  : Non ! les peines n\u2019\u00e9taient pas trop l\u00e9g\u00e8res, le tribunal r\u00e9pond aux r\u00e9actions"},"content":{"rendered":"<div>\n<p>Un fois de plus, ce site va porter \u00e0 votre connaissance un texte qui a \u00e9t\u00e9 trouv\u00e9 sur internet. La th\u00e9matique est \u00abla justice\u00bb.<\/p>\n<p>Son titre  (Non ! les peines n\u2019\u00e9taient pas trop l\u00e9g\u00e8res, le tribunal r\u00e9pond aux r\u00e9actions) est \u00e9vocateur.<\/p>\n<p> Pr\u00e9sent\u00e9 sous le nom \u00abd\u2019anonymat<br \/>\n\u00bb, le journaliste est connu et fiable pour d\u2019autres posts qu\u2019il a publi\u00e9s sur internet.<\/p>\n<p>Vous pouvez ainsi faire confiance aux infos qu\u2019il divulgue.<\/p>\n<p>Sachez que la date d\u2019\u00e9dition est 2023-05-15 06:21:00.<\/p>\n<div>\n<p>L\u2019\u00e9v\u00e9nement est rarissime. Le c<span class=\"css-901oao css-16my406 r-poiln3 r-bcqeeo r-qvutc0\">ompte twitter de la pr\u00e9sidence du tribunal judiciaire de Chalon-sur-Sa\u00f4ne a publi\u00e9 ce lundi un communiqu\u00e9 de presse en r\u00e9ponse aux commentaires tenus apr\u00e8s l\u2019\u00e9nonc\u00e9 du jugement dans le proc\u00e8s de la belle-m\u00e8re des enfants morts noy\u00e9s, dans le lac des Pr\u00e9s Saint-Jean \u00e0 Chalon en 2018.<\/span><\/p>\n<p><span class=\"css-901oao css-16my406 r-poiln3 r-bcqeeo r-qvutc0\">Ce communiqu\u00e9 explique en d\u00e9tail les \u00e9l\u00e9ments juridiques ayant amen\u00e9 le tribunal a prendre sa d\u00e9cision.<\/span><\/p>\n<p><span class=\"css-901oao css-16my406 r-poiln3 r-bcqeeo r-qvutc0\">Apr\u00e8s un bref rappel des faits et de la peine prononc\u00e9e. \u00ab la premi\u00e8re pr\u00e9venue, la belle-m\u00e8re des enfants, a \u00e9t\u00e9 d\u00e9clar\u00e9e coupable du d\u00e9lit d\u2019homicide involontaire, le tribunal correctionnel retenant que les faits avaient trouv\u00e9 leur origine dans un d\u00e9faut de surveillance, cause directe du d\u00e9c\u00e8s des trois enfants par noyade. (\u2026) En r\u00e9pression, le tribunal correctionnel l\u2019a condamn\u00e9e \u00e0 la peine de trois ann\u00e9es d\u2019emprisonnement, et par stricte application (\u2026) du code p\u00e9nal, a dit qu\u2019il serait sursis \u00e0 ex\u00e9cution de cette peine\u00a0\u00bb. Quant au maire de Chalon, lui aussi poursuivi, il avait \u00e9t\u00e9 relax\u00e9.<br \/><\/span><\/p>\n<p><span class=\"css-901oao css-16my406 r-poiln3 r-bcqeeo r-qvutc0\">Ces d\u00e9cisions avaient suscit\u00e9 des r\u00e9actions parfois vives critiquant sa suppos\u00e9e trop grande mansu\u00e9tude. C\u2019est pourquoi la pr\u00e9sidence du tribunal de Chalon entend r\u00e9pondre point par point \u00e0 ces accusations.<\/span><\/p>\n<p><span class=\"css-901oao css-16my406 r-poiln3 r-bcqeeo r-qvutc0\">Pour autant, le communiqu\u00e9 prend le soin de pr\u00e9ciser que la r\u00e9action de la m\u00e8re des enfants est \u00ab humainement \u00e9minemment l\u00e9gitime comte-tenu de la douleur, et la d\u00e9tresse endur\u00e9es depuis pr\u00e8s de 5 ann\u00e9es \u00e0 la suite de la perte de trois de ses enfants\u00a0\u00bb. \u00ab Nul ne peut lui reprocher son indignation et chacun comprend qu\u2019aucune d\u00e9cision ne puisse apaiser sa souffrance\u00a0\u00bb.<br \/><\/span><\/p>\n<h2><span class=\"css-901oao css-16my406 r-poiln3 r-bcqeeo r-qvutc0\">Les propos des avocats dans le viseur<\/span><\/h2>\n<p><span class=\"css-901oao css-16my406 r-poiln3 r-bcqeeo r-qvutc0\">En revanche, ce sont les r\u00e9actions des avocats impliqu\u00e9s dans ce proc\u00e8s qui \u00ab justifient\u00a0\u00bb aux yeux de la pr\u00e9sidence du tribunal de Chalon \u00ab\u00a0 que soient rappel\u00e9s certains principes fondamentaux du droit p\u00e9nal\u00a0\u00bb.<br \/><\/span><\/p>\n<p><span class=\"css-901oao css-16my406 r-poiln3 r-bcqeeo r-qvutc0\">Le communiqu\u00e9 rappelle ainsi avec pr\u00e9cision les r\u00e8gles juridiques qui ont servi de fondement \u00e0 la d\u00e9cision. Ainsi, le tribunal correctionnel \u00ab tenu de statuer en droit\u00a0\u00bb souligne le communiqu\u00e9, \u00ab a tir\u00e9 toutes cons\u00e9quences l\u00e9gales de ses constatations, les \u00e9l\u00e9ments constitutifs de l\u2019infraction n\u2019\u00e9tant pas r\u00e9unis\u00a0\u00bb.<br \/><\/span><\/p>\n<p><span class=\"css-901oao css-16my406 r-poiln3 r-bcqeeo r-qvutc0\">Les remarques, tant de l\u2019avocat de la d\u00e9fense que de celui de la partie civile, concernant la peine prononc\u00e9e \u00e0 l\u2019encontre de la belle-m\u00e8re sont \u00e9galement jug\u00e9es \u00ab d\u00e9plac\u00e9es\u00a0\u00bb et \u00ab en contradiction manifeste avec les principes du droit p\u00e9nal\u00a0\u00bb.<br \/><\/span><\/p>\n<p><span class=\"css-901oao css-16my406 r-poiln3 r-bcqeeo r-qvutc0\">Le communiqu\u00e9 pr\u00e9cise ainsi que \u00ab le quantum encouru en r\u00e9pression d\u2019une infraction n\u2019est pas d\u00e9multipli\u00e9 par le nombre de victimes\u00a0\u00bb. Le communiqu\u00e9 vise ainsi les propos de Me Trabal, avocat de la m\u00e8re des trois enfants qui estimait dans une vid\u00e9o publi\u00e9e sur Le JSL que \u00ab un an de sursis par enfant, c\u2019est ridiculement faible, c\u2019est une insulte \u00e0 leur m\u00e9moire\u00a0\u00bb. Un avis d\u00e9nonc\u00e9 par le communiqu\u00e9 qui le juge \u00ab juridiquement totalement d\u00e9nu\u00e9 de sens\u00a0\u00bb.<br \/><\/span><\/p>\n<p><span class=\"css-901oao css-16my406 r-poiln3 r-bcqeeo r-qvutc0\">Quant aux propos du m\u00eame avocat estimant les r\u00e9quisitions \u00ab extr\u00eamement basses\u00a0\u00bb et qu\u2019il avait esp\u00e9r\u00e9 voir le tribunal \u00ab aller au del\u00e0\u00a0\u00bb, ils sont eux-aussi corrig\u00e9s avec vigueur par la pr\u00e9sidence du tribunal de Chalon. \u00ab Nul professionnel du droit ne pouvait s\u2019attendre \u00e0 ce que le tribunal pusse aller \u00ab au dessus des r\u00e9quisitions\u00a0\u00bb alors qu\u2019elles \u00e9taient \u00e0 hauteur du maximum pr\u00e9vu par le l\u00e9gislateur.<br \/><\/span><\/p>\n<p><span class=\"css-901oao css-16my406 r-poiln3 r-bcqeeo r-qvutc0\">\u00ab Certes marqu\u00e9s par l\u2019\u00e9motion entourant le dossier, ces propos sont rigoureusement \u00e9loign\u00e9s de ce que devraient \u00eatre les seuls commentaires techniques ou paroles tendant \u00e0 la r\u00e9formation d\u2019une d\u00e9cision et portent atteinte \u00e0 la s\u00e9r\u00e9nit\u00e9 devant entourer le jugement de faits aussi tragiques\u00a0\u00bb, tacle encore le communiqu\u00e9 de la pr\u00e9sidence du tribunal de Chalon en conclusion.<br \/><\/span><\/p>\n<p>\u00a0<\/p>\n<\/div>\n<p>Livres sur un th\u00e8me similaire:<\/p>\n<p>Droit commercial\/L\u2019entreprise commerciale individuelle\/Le commer\u00e7ant,<a target=\"_blank\" rel=\"nofollow\" href=\"https:\/\/www.tribunal-nature.org\/blog\/goto\/https:\/\/fr.wikibooks.org\/wiki\/Droit_commercial\/L%27entreprise_commerciale_individuelle\/Le_commer%C3%A7ant\"  target=\"_blank\" rel=\"noopener noreferrer nofollow\">Le livre <\/a><span><\/span>.<\/p>\n<p>L\u2019enfant et son juge : la justice des mineurs au quotidien,<a target=\"_blank\" rel=\"nofollow\" href=\"https:\/\/www.tribunal-nature.org\/blog\/goto\/https:\/\/booknode.com\/lenfant_et_son_juge_la_justice_des_mineurs_au_quotidien_042701\"  target=\"_blank\" rel=\"noopener noreferrer nofollow\">Clicker Ici <\/a><span><\/span>. Disponible dans toutes les bonnes biblioth\u00e8ques de votre d\u00e9partement.<\/p>\n<p>Prison et r\u00e9cidive : des peines de plus en plus longues, la soci\u00e9t\u00e9 est-elle vraiment mieux prot\u00e9g\u00e9e ?,<a target=\"_blank\" rel=\"nofollow\" href=\"https:\/\/www.tribunal-nature.org\/blog\/goto\/https:\/\/booknode.com\/prison_et_recidive_des_peines_de_plus_en_plus_longues_la_societe_est_elle_vraiment_mieux_protegee_049220\"  target=\"_blank\" rel=\"noopener noreferrer nofollow\">A voir et \u00e0 lire. <\/a><span><\/span>. Disponible sur internet.<\/p>\n<\/div>\n","protected":false},"excerpt":{"rendered":"<p>Un fois de plus, ce site va porter \u00e0 votre connaissance un texte qui a \u00e9t\u00e9 trouv\u00e9 sur internet. La&#8230;<\/p>\n","protected":false},"author":3,"featured_media":691,"comment_status":"closed","ping_status":"closed","sticky":false,"template":"","format":"standard","meta":{"footnotes":""},"categories":[2],"tags":[],"class_list":["post-499","post","type-post","status-publish","format-standard","has-post-thumbnail","hentry","category-droit-de-lenvironnement","wpcat-2-id"],"yoast_head":"<!-- This site is optimized with the Yoast SEO plugin v27.5 - https:\/\/yoast.com\/product\/yoast-seo-wordpress\/ -->\n<title>Que retenir de ce texte : Non ! les peines n\u2019\u00e9taient pas trop l\u00e9g\u00e8res, le tribunal r\u00e9pond aux r\u00e9actions - TRIBUNAL-NATURE<\/title>\n<meta name=\"description\" content=\"Que retenir de ce texte : Non ! les peines n\u2019\u00e9taient pas trop l\u00e9g\u00e8res, le tribunal r\u00e9pond aux r\u00e9actions article de TRIBUNAL-NATURE\" \/>\n<meta name=\"robots\" content=\"index, follow, max-snippet:-1, max-image-preview:large, max-video-preview:-1\" \/>\n<link rel=\"canonical\" href=\"https:\/\/www.tribunal-nature.org\/blog\/que-retenir-de-ce-texte-non-les-peines-netaient-pas-trop-legeres-le-tribunal-repond-aux-reactions\/\" \/>\n<meta property=\"og:locale\" content=\"fr_FR\" \/>\n<meta property=\"og:type\" content=\"article\" \/>\n<meta property=\"og:title\" content=\"Que retenir de ce texte : Non ! les peines n\u2019\u00e9taient pas trop l\u00e9g\u00e8res, le tribunal r\u00e9pond aux r\u00e9actions - TRIBUNAL-NATURE\" \/>\n<meta property=\"og:description\" content=\"Que retenir de ce texte : Non ! les peines n\u2019\u00e9taient pas trop l\u00e9g\u00e8res, le tribunal r\u00e9pond aux r\u00e9actions article de TRIBUNAL-NATURE\" \/>\n<meta property=\"og:url\" content=\"https:\/\/www.tribunal-nature.org\/blog\/que-retenir-de-ce-texte-non-les-peines-netaient-pas-trop-legeres-le-tribunal-repond-aux-reactions\/\" \/>\n<meta property=\"og:site_name\" content=\"TRIBUNAL-NATURE\" \/>\n<meta property=\"article:published_time\" content=\"2023-05-15T13:12:01+00:00\" \/>\n<meta name=\"author\" content=\"Isabelle LOUBEAU\" \/>\n<meta name=\"twitter:card\" content=\"summary_large_image\" \/>\n<meta name=\"twitter:label1\" content=\"\u00c9crit par\" \/>\n\t<meta name=\"twitter:data1\" content=\"Isabelle LOUBEAU\" \/>\n\t<meta name=\"twitter:label2\" content=\"Dur\u00e9e de lecture estim\u00e9e\" \/>\n\t<meta name=\"twitter:data2\" content=\"4 minutes\" \/>\n<script type=\"application\/ld+json\" class=\"yoast-schema-graph\">{\"@context\":\"https:\\\/\\\/schema.org\",\"@graph\":[{\"@type\":\"Article\",\"@id\":\"https:\\\/\\\/www.tribunal-nature.org\\\/blog\\\/que-retenir-de-ce-texte-non-les-peines-netaient-pas-trop-legeres-le-tribunal-repond-aux-reactions\\\/#article\",\"isPartOf\":{\"@id\":\"https:\\\/\\\/www.tribunal-nature.org\\\/blog\\\/que-retenir-de-ce-texte-non-les-peines-netaient-pas-trop-legeres-le-tribunal-repond-aux-reactions\\\/\"},\"author\":{\"name\":\"Isabelle LOUBEAU\",\"@id\":\"https:\\\/\\\/www.tribunal-nature.org\\\/blog\\\/#\\\/schema\\\/person\\\/55761caf7544da6b05b60523f2a0855f\"},\"headline\":\"Que retenir de ce texte : Non ! les peines n\u2019\u00e9taient pas trop l\u00e9g\u00e8res, le tribunal r\u00e9pond aux r\u00e9actions\",\"datePublished\":\"2023-05-15T13:12:01+00:00\",\"mainEntityOfPage\":{\"@id\":\"https:\\\/\\\/www.tribunal-nature.org\\\/blog\\\/que-retenir-de-ce-texte-non-les-peines-netaient-pas-trop-legeres-le-tribunal-repond-aux-reactions\\\/\"},\"wordCount\":842,\"publisher\":{\"@id\":\"https:\\\/\\\/www.tribunal-nature.org\\\/blog\\\/#organization\"},\"image\":{\"@id\":\"https:\\\/\\\/www.tribunal-nature.org\\\/blog\\\/que-retenir-de-ce-texte-non-les-peines-netaient-pas-trop-legeres-le-tribunal-repond-aux-reactions\\\/#primaryimage\"},\"thumbnailUrl\":\"https:\\\/\\\/www.tribunal-nature.org\\\/blog\\\/wp-content\\\/uploads\\\/2023\\\/09\\\/le-tribunal-1.jpg\",\"articleSection\":[\"Droit De L'Environnement:\"],\"inLanguage\":\"fr-FR\"},{\"@type\":\"WebPage\",\"@id\":\"https:\\\/\\\/www.tribunal-nature.org\\\/blog\\\/que-retenir-de-ce-texte-non-les-peines-netaient-pas-trop-legeres-le-tribunal-repond-aux-reactions\\\/\",\"url\":\"https:\\\/\\\/www.tribunal-nature.org\\\/blog\\\/que-retenir-de-ce-texte-non-les-peines-netaient-pas-trop-legeres-le-tribunal-repond-aux-reactions\\\/\",\"name\":\"Que retenir de ce texte : Non ! les peines n\u2019\u00e9taient pas trop l\u00e9g\u00e8res, le tribunal r\u00e9pond aux r\u00e9actions - TRIBUNAL-NATURE\",\"isPartOf\":{\"@id\":\"https:\\\/\\\/www.tribunal-nature.org\\\/blog\\\/#website\"},\"primaryImageOfPage\":{\"@id\":\"https:\\\/\\\/www.tribunal-nature.org\\\/blog\\\/que-retenir-de-ce-texte-non-les-peines-netaient-pas-trop-legeres-le-tribunal-repond-aux-reactions\\\/#primaryimage\"},\"image\":{\"@id\":\"https:\\\/\\\/www.tribunal-nature.org\\\/blog\\\/que-retenir-de-ce-texte-non-les-peines-netaient-pas-trop-legeres-le-tribunal-repond-aux-reactions\\\/#primaryimage\"},\"thumbnailUrl\":\"https:\\\/\\\/www.tribunal-nature.org\\\/blog\\\/wp-content\\\/uploads\\\/2023\\\/09\\\/le-tribunal-1.jpg\",\"datePublished\":\"2023-05-15T13:12:01+00:00\",\"description\":\"Que retenir de ce texte : Non ! les peines n\u2019\u00e9taient pas trop l\u00e9g\u00e8res, le tribunal r\u00e9pond aux r\u00e9actions article de TRIBUNAL-NATURE\",\"breadcrumb\":{\"@id\":\"https:\\\/\\\/www.tribunal-nature.org\\\/blog\\\/que-retenir-de-ce-texte-non-les-peines-netaient-pas-trop-legeres-le-tribunal-repond-aux-reactions\\\/#breadcrumb\"},\"inLanguage\":\"fr-FR\",\"potentialAction\":[{\"@type\":\"ReadAction\",\"target\":[\"https:\\\/\\\/www.tribunal-nature.org\\\/blog\\\/que-retenir-de-ce-texte-non-les-peines-netaient-pas-trop-legeres-le-tribunal-repond-aux-reactions\\\/\"]}]},{\"@type\":\"ImageObject\",\"inLanguage\":\"fr-FR\",\"@id\":\"https:\\\/\\\/www.tribunal-nature.org\\\/blog\\\/que-retenir-de-ce-texte-non-les-peines-netaient-pas-trop-legeres-le-tribunal-repond-aux-reactions\\\/#primaryimage\",\"url\":\"https:\\\/\\\/www.tribunal-nature.org\\\/blog\\\/wp-content\\\/uploads\\\/2023\\\/09\\\/le-tribunal-1.jpg\",\"contentUrl\":\"https:\\\/\\\/www.tribunal-nature.org\\\/blog\\\/wp-content\\\/uploads\\\/2023\\\/09\\\/le-tribunal-1.jpg\",\"width\":400,\"height\":400,\"caption\":\"le tribunal\"},{\"@type\":\"BreadcrumbList\",\"@id\":\"https:\\\/\\\/www.tribunal-nature.org\\\/blog\\\/que-retenir-de-ce-texte-non-les-peines-netaient-pas-trop-legeres-le-tribunal-repond-aux-reactions\\\/#breadcrumb\",\"itemListElement\":[{\"@type\":\"ListItem\",\"position\":1,\"name\":\"Accueil\",\"item\":\"https:\\\/\\\/www.tribunal-nature.org\\\/blog\\\/\"},{\"@type\":\"ListItem\",\"position\":2,\"name\":\"Que retenir de ce texte : Non ! les peines n\u2019\u00e9taient pas trop l\u00e9g\u00e8res, le tribunal r\u00e9pond aux r\u00e9actions\"}]},{\"@type\":\"WebSite\",\"@id\":\"https:\\\/\\\/www.tribunal-nature.org\\\/blog\\\/#website\",\"url\":\"https:\\\/\\\/www.tribunal-nature.org\\\/blog\\\/\",\"name\":\"TRIBUNAL-NATURE\",\"description\":\"Droit De L&#039;Environnement.\",\"publisher\":{\"@id\":\"https:\\\/\\\/www.tribunal-nature.org\\\/blog\\\/#organization\"},\"potentialAction\":[{\"@type\":\"SearchAction\",\"target\":{\"@type\":\"EntryPoint\",\"urlTemplate\":\"https:\\\/\\\/www.tribunal-nature.org\\\/blog\\\/?s={search_term_string}\"},\"query-input\":{\"@type\":\"PropertyValueSpecification\",\"valueRequired\":true,\"valueName\":\"search_term_string\"}}],\"inLanguage\":\"fr-FR\"},{\"@type\":\"Organization\",\"@id\":\"https:\\\/\\\/www.tribunal-nature.org\\\/blog\\\/#organization\",\"name\":\"tribunal-nature\",\"url\":\"https:\\\/\\\/www.tribunal-nature.org\\\/blog\\\/\",\"logo\":{\"@type\":\"ImageObject\",\"inLanguage\":\"fr-FR\",\"@id\":\"https:\\\/\\\/www.tribunal-nature.org\\\/blog\\\/#\\\/schema\\\/logo\\\/image\\\/\",\"url\":\"https:\\\/\\\/www.tribunal-nature.org\\\/blog\\\/wp-content\\\/uploads\\\/2022\\\/05\\\/logo-2.png\",\"contentUrl\":\"https:\\\/\\\/www.tribunal-nature.org\\\/blog\\\/wp-content\\\/uploads\\\/2022\\\/05\\\/logo-2.png\",\"width\":180,\"height\":180,\"caption\":\"tribunal-nature\"},\"image\":{\"@id\":\"https:\\\/\\\/www.tribunal-nature.org\\\/blog\\\/#\\\/schema\\\/logo\\\/image\\\/\"}},{\"@type\":\"Person\",\"@id\":\"https:\\\/\\\/www.tribunal-nature.org\\\/blog\\\/#\\\/schema\\\/person\\\/55761caf7544da6b05b60523f2a0855f\",\"name\":\"Isabelle LOUBEAU\",\"image\":{\"@type\":\"ImageObject\",\"inLanguage\":\"fr-FR\",\"@id\":\"https:\\\/\\\/secure.gravatar.com\\\/avatar\\\/b6912620aca78633bf5d50400888815d3b38a1118e82b94050843f411f3f5972?s=96&d=mm&r=g\",\"url\":\"https:\\\/\\\/secure.gravatar.com\\\/avatar\\\/b6912620aca78633bf5d50400888815d3b38a1118e82b94050843f411f3f5972?s=96&d=mm&r=g\",\"contentUrl\":\"https:\\\/\\\/secure.gravatar.com\\\/avatar\\\/b6912620aca78633bf5d50400888815d3b38a1118e82b94050843f411f3f5972?s=96&d=mm&r=g\",\"caption\":\"Isabelle LOUBEAU\"},\"url\":\"https:\\\/\\\/www.tribunal-nature.org\\\/blog\\\/author\\\/ureisabelle\\\/\"}]}<\/script>\n<!-- \/ Yoast SEO plugin. -->","yoast_head_json":{"title":"Que retenir de ce texte : Non ! les peines n\u2019\u00e9taient pas trop l\u00e9g\u00e8res, le tribunal r\u00e9pond aux r\u00e9actions - TRIBUNAL-NATURE","description":"Que retenir de ce texte : Non ! les peines n\u2019\u00e9taient pas trop l\u00e9g\u00e8res, le tribunal r\u00e9pond aux r\u00e9actions article de TRIBUNAL-NATURE","robots":{"index":"index","follow":"follow","max-snippet":"max-snippet:-1","max-image-preview":"max-image-preview:large","max-video-preview":"max-video-preview:-1"},"canonical":"https:\/\/www.tribunal-nature.org\/blog\/que-retenir-de-ce-texte-non-les-peines-netaient-pas-trop-legeres-le-tribunal-repond-aux-reactions\/","og_locale":"fr_FR","og_type":"article","og_title":"Que retenir de ce texte : Non ! les peines n\u2019\u00e9taient pas trop l\u00e9g\u00e8res, le tribunal r\u00e9pond aux r\u00e9actions - TRIBUNAL-NATURE","og_description":"Que retenir de ce texte : Non ! les peines n\u2019\u00e9taient pas trop l\u00e9g\u00e8res, le tribunal r\u00e9pond aux r\u00e9actions article de TRIBUNAL-NATURE","og_url":"https:\/\/www.tribunal-nature.org\/blog\/que-retenir-de-ce-texte-non-les-peines-netaient-pas-trop-legeres-le-tribunal-repond-aux-reactions\/","og_site_name":"TRIBUNAL-NATURE","article_published_time":"2023-05-15T13:12:01+00:00","author":"Isabelle LOUBEAU","twitter_card":"summary_large_image","twitter_misc":{"\u00c9crit par":"Isabelle LOUBEAU","Dur\u00e9e de lecture estim\u00e9e":"4 minutes"},"schema":{"@context":"https:\/\/schema.org","@graph":[{"@type":"Article","@id":"https:\/\/www.tribunal-nature.org\/blog\/que-retenir-de-ce-texte-non-les-peines-netaient-pas-trop-legeres-le-tribunal-repond-aux-reactions\/#article","isPartOf":{"@id":"https:\/\/www.tribunal-nature.org\/blog\/que-retenir-de-ce-texte-non-les-peines-netaient-pas-trop-legeres-le-tribunal-repond-aux-reactions\/"},"author":{"name":"Isabelle LOUBEAU","@id":"https:\/\/www.tribunal-nature.org\/blog\/#\/schema\/person\/55761caf7544da6b05b60523f2a0855f"},"headline":"Que retenir de ce texte : Non ! les peines n\u2019\u00e9taient pas trop l\u00e9g\u00e8res, le tribunal r\u00e9pond aux r\u00e9actions","datePublished":"2023-05-15T13:12:01+00:00","mainEntityOfPage":{"@id":"https:\/\/www.tribunal-nature.org\/blog\/que-retenir-de-ce-texte-non-les-peines-netaient-pas-trop-legeres-le-tribunal-repond-aux-reactions\/"},"wordCount":842,"publisher":{"@id":"https:\/\/www.tribunal-nature.org\/blog\/#organization"},"image":{"@id":"https:\/\/www.tribunal-nature.org\/blog\/que-retenir-de-ce-texte-non-les-peines-netaient-pas-trop-legeres-le-tribunal-repond-aux-reactions\/#primaryimage"},"thumbnailUrl":"https:\/\/www.tribunal-nature.org\/blog\/wp-content\/uploads\/2023\/09\/le-tribunal-1.jpg","articleSection":["Droit De L'Environnement:"],"inLanguage":"fr-FR"},{"@type":"WebPage","@id":"https:\/\/www.tribunal-nature.org\/blog\/que-retenir-de-ce-texte-non-les-peines-netaient-pas-trop-legeres-le-tribunal-repond-aux-reactions\/","url":"https:\/\/www.tribunal-nature.org\/blog\/que-retenir-de-ce-texte-non-les-peines-netaient-pas-trop-legeres-le-tribunal-repond-aux-reactions\/","name":"Que retenir de ce texte : Non ! les peines n\u2019\u00e9taient pas trop l\u00e9g\u00e8res, le tribunal r\u00e9pond aux r\u00e9actions - TRIBUNAL-NATURE","isPartOf":{"@id":"https:\/\/www.tribunal-nature.org\/blog\/#website"},"primaryImageOfPage":{"@id":"https:\/\/www.tribunal-nature.org\/blog\/que-retenir-de-ce-texte-non-les-peines-netaient-pas-trop-legeres-le-tribunal-repond-aux-reactions\/#primaryimage"},"image":{"@id":"https:\/\/www.tribunal-nature.org\/blog\/que-retenir-de-ce-texte-non-les-peines-netaient-pas-trop-legeres-le-tribunal-repond-aux-reactions\/#primaryimage"},"thumbnailUrl":"https:\/\/www.tribunal-nature.org\/blog\/wp-content\/uploads\/2023\/09\/le-tribunal-1.jpg","datePublished":"2023-05-15T13:12:01+00:00","description":"Que retenir de ce texte : Non ! les peines n\u2019\u00e9taient pas trop l\u00e9g\u00e8res, le tribunal r\u00e9pond aux r\u00e9actions article de TRIBUNAL-NATURE","breadcrumb":{"@id":"https:\/\/www.tribunal-nature.org\/blog\/que-retenir-de-ce-texte-non-les-peines-netaient-pas-trop-legeres-le-tribunal-repond-aux-reactions\/#breadcrumb"},"inLanguage":"fr-FR","potentialAction":[{"@type":"ReadAction","target":["https:\/\/www.tribunal-nature.org\/blog\/que-retenir-de-ce-texte-non-les-peines-netaient-pas-trop-legeres-le-tribunal-repond-aux-reactions\/"]}]},{"@type":"ImageObject","inLanguage":"fr-FR","@id":"https:\/\/www.tribunal-nature.org\/blog\/que-retenir-de-ce-texte-non-les-peines-netaient-pas-trop-legeres-le-tribunal-repond-aux-reactions\/#primaryimage","url":"https:\/\/www.tribunal-nature.org\/blog\/wp-content\/uploads\/2023\/09\/le-tribunal-1.jpg","contentUrl":"https:\/\/www.tribunal-nature.org\/blog\/wp-content\/uploads\/2023\/09\/le-tribunal-1.jpg","width":400,"height":400,"caption":"le tribunal"},{"@type":"BreadcrumbList","@id":"https:\/\/www.tribunal-nature.org\/blog\/que-retenir-de-ce-texte-non-les-peines-netaient-pas-trop-legeres-le-tribunal-repond-aux-reactions\/#breadcrumb","itemListElement":[{"@type":"ListItem","position":1,"name":"Accueil","item":"https:\/\/www.tribunal-nature.org\/blog\/"},{"@type":"ListItem","position":2,"name":"Que retenir de ce texte : Non ! les peines n\u2019\u00e9taient pas trop l\u00e9g\u00e8res, le tribunal r\u00e9pond aux r\u00e9actions"}]},{"@type":"WebSite","@id":"https:\/\/www.tribunal-nature.org\/blog\/#website","url":"https:\/\/www.tribunal-nature.org\/blog\/","name":"TRIBUNAL-NATURE","description":"Droit De L&#039;Environnement.","publisher":{"@id":"https:\/\/www.tribunal-nature.org\/blog\/#organization"},"potentialAction":[{"@type":"SearchAction","target":{"@type":"EntryPoint","urlTemplate":"https:\/\/www.tribunal-nature.org\/blog\/?s={search_term_string}"},"query-input":{"@type":"PropertyValueSpecification","valueRequired":true,"valueName":"search_term_string"}}],"inLanguage":"fr-FR"},{"@type":"Organization","@id":"https:\/\/www.tribunal-nature.org\/blog\/#organization","name":"tribunal-nature","url":"https:\/\/www.tribunal-nature.org\/blog\/","logo":{"@type":"ImageObject","inLanguage":"fr-FR","@id":"https:\/\/www.tribunal-nature.org\/blog\/#\/schema\/logo\/image\/","url":"https:\/\/www.tribunal-nature.org\/blog\/wp-content\/uploads\/2022\/05\/logo-2.png","contentUrl":"https:\/\/www.tribunal-nature.org\/blog\/wp-content\/uploads\/2022\/05\/logo-2.png","width":180,"height":180,"caption":"tribunal-nature"},"image":{"@id":"https:\/\/www.tribunal-nature.org\/blog\/#\/schema\/logo\/image\/"}},{"@type":"Person","@id":"https:\/\/www.tribunal-nature.org\/blog\/#\/schema\/person\/55761caf7544da6b05b60523f2a0855f","name":"Isabelle LOUBEAU","image":{"@type":"ImageObject","inLanguage":"fr-FR","@id":"https:\/\/secure.gravatar.com\/avatar\/b6912620aca78633bf5d50400888815d3b38a1118e82b94050843f411f3f5972?s=96&d=mm&r=g","url":"https:\/\/secure.gravatar.com\/avatar\/b6912620aca78633bf5d50400888815d3b38a1118e82b94050843f411f3f5972?s=96&d=mm&r=g","contentUrl":"https:\/\/secure.gravatar.com\/avatar\/b6912620aca78633bf5d50400888815d3b38a1118e82b94050843f411f3f5972?s=96&d=mm&r=g","caption":"Isabelle LOUBEAU"},"url":"https:\/\/www.tribunal-nature.org\/blog\/author\/ureisabelle\/"}]}},"_links":{"self":[{"href":"https:\/\/www.tribunal-nature.org\/blog\/wp-json\/wp\/v2\/posts\/499","targetHints":{"allow":["GET"]}}],"collection":[{"href":"https:\/\/www.tribunal-nature.org\/blog\/wp-json\/wp\/v2\/posts"}],"about":[{"href":"https:\/\/www.tribunal-nature.org\/blog\/wp-json\/wp\/v2\/types\/post"}],"author":[{"embeddable":true,"href":"https:\/\/www.tribunal-nature.org\/blog\/wp-json\/wp\/v2\/users\/3"}],"replies":[{"embeddable":true,"href":"https:\/\/www.tribunal-nature.org\/blog\/wp-json\/wp\/v2\/comments?post=499"}],"version-history":[{"count":0,"href":"https:\/\/www.tribunal-nature.org\/blog\/wp-json\/wp\/v2\/posts\/499\/revisions"}],"wp:featuredmedia":[{"embeddable":true,"href":"https:\/\/www.tribunal-nature.org\/blog\/wp-json\/wp\/v2\/media\/691"}],"wp:attachment":[{"href":"https:\/\/www.tribunal-nature.org\/blog\/wp-json\/wp\/v2\/media?parent=499"}],"wp:term":[{"taxonomy":"category","embeddable":true,"href":"https:\/\/www.tribunal-nature.org\/blog\/wp-json\/wp\/v2\/categories?post=499"},{"taxonomy":"post_tag","embeddable":true,"href":"https:\/\/www.tribunal-nature.org\/blog\/wp-json\/wp\/v2\/tags?post=499"}],"curies":[{"name":"wp","href":"https:\/\/api.w.org\/{rel}","templated":true}]}}