{"id":453,"date":"2023-04-08T06:04:35","date_gmt":"2023-04-08T04:04:35","guid":{"rendered":"https:\/\/www.tribunal-nature.org\/blog\/a-voir-ce-papier-le-principal-avocat-de-twitter-claque-la-porte\/"},"modified":"2023-04-08T06:04:35","modified_gmt":"2023-04-08T04:04:35","slug":"a-voir-ce-papier-le-principal-avocat-de-twitter-claque-la-porte","status":"publish","type":"post","link":"https:\/\/www.tribunal-nature.org\/blog\/a-voir-ce-papier-le-principal-avocat-de-twitter-claque-la-porte\/","title":{"rendered":"A voir ce papier  : Le principal avocat de Twitter claque la porte"},"content":{"rendered":"<div>\n<p>Nous d\u00e9voilons un tout nouvel article qui va s\u2019additionner \u00e0 notre revue de presse sur \u00ab\u00a0la justice\u00a0\u00bb.<\/p>\n<p>Le titre  (Le principal avocat de Twitter claque la porte) r\u00e9sume tout le papier.<\/p>\n<p>Le chroniqueur (identifi\u00e9 sous la signature  d\u2019anonymat<br \/>\n) est positivement connu.<\/p>\n<p>Les r\u00e9v\u00e9lations \u00e9dit\u00e9es sont par cons\u00e9quent estim\u00e9es v\u00e9ritables.<\/p>\n<p>Sachez que la date de publication est 2023-04-07 08:47:00.<\/p>\n<p>L\u2019article source dont il s\u2019agit : <\/p>\n<div>\n<p>L\u2019avocat a d\u00e9missionn\u00e9 le 6 avril alors qu\u2019il \u00e9tait au coeur des pourparlers opposant Twitter \u00e0 la Federal Trade Commission.<\/p>\n<p>Les d\u00e9missions en cascade continuent chez Twitter. La derni\u00e8re\u00a0en date est celle de l\u2019un des principaux avocats du r\u00e9seau social, Christian Dowell. A la t\u00eate du service juridique, il \u00e9tait notamment au coeur des r\u00e9centes discussions entre Twitter et la Federal Trade Commission (FTC) concernant la protection de la vie priv\u00e9e des utilisateurs, rapporte le <i>New York Times<\/i>.<\/p>\n<p>Il avait rejoint Twitter en 2020 apr\u00e8s un passage chez Facebook. A son arriv\u00e9e, il \u00e9tait charg\u00e9 des questions de produits avant d\u2019\u00eatre promu en d\u00e9cembre comme chef du service juridique, charg\u00e9 de superviser les produits de Twitter.<\/p>\n<p>Sa d\u00e9mission fait suite \u00e0 une s\u00e9rie de d\u00e9parts et de licenciements de responsables juridiques au sein du r\u00e9seau social.\u00a0 Le jour de son rachat de Twitter, Elon Musk a licenci\u00e9 Vijaya Gadde, alors directrice juridique de l\u2019entreprise, et son avocat g\u00e9n\u00e9ral, Sean Edgett.<\/p>\n<p>En mai 2022, Twitter a pay\u00e9 une amende de 150 millions de dollars inflig\u00e9e par la FTC, pour non-respect de la protection des donn\u00e9es personnelles de ses utilisateurs. La sanction s\u2019est accompagn\u00e9e d\u2019un volet de recommandations que Twitter devait mettre en place.<\/p>\n<p>Mais ces derniers mois, la Commission a acc\u00e9l\u00e9r\u00e9 son enqu\u00eate apr\u00e8s la d\u00e9mission soudaine de trois cadres de Twitter charg\u00e9s de la protection de la vie priv\u00e9e, de la s\u00e9curit\u00e9 et de la conformit\u00e9.<\/p>\n<p>L\u2019arriv\u00e9e de Twitter Blue et les Twitter Files n\u2019ont \u00e9galement pas du tout rassur\u00e9 la FTC: ils n\u2019ont\u00a0pas fait l\u2019objet d\u2019un examen approfondi, alors m\u00eame que l\u2019accord conclu entre Twitter et la FTC le rendait obligatoire.<\/p>\n<blockquote class=\"embed embed_quote\">\n<p><span>\u00ab\u00a0Nous suivons les r\u00e9cents d\u00e9veloppements chez Twitter avec beaucoup d\u2019inqui\u00e9tude. Aucun directeur g\u00e9n\u00e9ral ou entreprise n\u2019est au-dessus de la loi\u00a0\u00bb, avait d\u00e9clar\u00e9 un porte-parole de la FTC en novembre dernier, alors que Twitter avait re\u00e7u un avertissement.<\/span><\/p>\n<\/blockquote>\n<p>Pour le moment, aucun successeur n\u2019aurait \u00e9t\u00e9 d\u00e9sign\u00e9 \u00e0 la place de Christian Dowell.<\/p>\n<\/div>\n<p>Ce objet vous a captiv\u00e9 vous aimerez aussi ces publications :<\/p>\n<p>Appel \u00e0 la justice de l\u2019\u00c9tat\/Questions du baron Mas\u00e8res,<a target=\"_blank\" rel=\"nofollow\" href=\"https:\/\/www.tribunal-nature.org\/blog\/goto\/https:\/\/fr.wikisource.org\/wiki\/Appel_%C3%A0_la_justice_de_l%E2%80%99%C3%89tat\/Questions_du_baron_Mas%C3%A8res\"  target=\"_blank\" rel=\"noopener noreferrer nofollow\">A voir et \u00e0 lire. <\/a><span><\/span>.<\/p>\n<p>Justice League \u2013 Tome 5 \u2013 La guerre des ligues,<a target=\"_blank\" rel=\"nofollow\" href=\"https:\/\/www.tribunal-nature.org\/blog\/goto\/https:\/\/www.kobo.com\/fr\/fr\/ebook\/justice-league-tome-5-la-guerre-des-ligues\"  target=\"_blank\" rel=\"noopener noreferrer nofollow\">Le livre <\/a><span><\/span>. Disponible dans toutes les bonnes librairies.<\/p>\n<p>Saint Louis,<a target=\"_blank\" rel=\"nofollow\" href=\"https:\/\/www.tribunal-nature.org\/blog\/goto\/https:\/\/www.kobo.com\/fr\/fr\/ebook\/saint-louis-un-roi-chretien-a-la-base-de-la-justice-moderne\"  target=\"_blank\" rel=\"noopener noreferrer nofollow\">(la couverture) <\/a><span><\/span>. Disponible \u00e0 l\u2019achat sur les plateformes Amazon, Fnac, Cultura \u2026.<\/p>\n<\/div>\n","protected":false},"excerpt":{"rendered":"<p>Nous d\u00e9voilons un tout nouvel article qui va s\u2019additionner \u00e0 notre revue de presse sur \u00ab\u00a0la justice\u00a0\u00bb. Le titre (Le&#8230;<\/p>\n","protected":false},"author":3,"featured_media":716,"comment_status":"closed","ping_status":"closed","sticky":false,"template":"","format":"standard","meta":{"footnotes":""},"categories":[2],"tags":[],"class_list":["post-453","post","type-post","status-publish","format-standard","has-post-thumbnail","hentry","category-droit-de-lenvironnement","wpcat-2-id"],"yoast_head":"<!-- This site is optimized with the Yoast SEO plugin v27.5 - https:\/\/yoast.com\/product\/yoast-seo-wordpress\/ -->\n<title>A voir ce papier : Le principal avocat de Twitter claque la porte - TRIBUNAL-NATURE<\/title>\n<meta name=\"description\" content=\"A voir ce papier : Le principal avocat de Twitter claque la porte article de TRIBUNAL-NATURE\" \/>\n<meta name=\"robots\" content=\"index, follow, max-snippet:-1, max-image-preview:large, max-video-preview:-1\" \/>\n<link rel=\"canonical\" href=\"https:\/\/www.tribunal-nature.org\/blog\/a-voir-ce-papier-le-principal-avocat-de-twitter-claque-la-porte\/\" \/>\n<meta property=\"og:locale\" content=\"fr_FR\" \/>\n<meta property=\"og:type\" content=\"article\" \/>\n<meta property=\"og:title\" content=\"A voir ce papier : Le principal avocat de Twitter claque la porte - TRIBUNAL-NATURE\" \/>\n<meta property=\"og:description\" content=\"A voir ce papier : Le principal avocat de Twitter claque la porte article de TRIBUNAL-NATURE\" \/>\n<meta property=\"og:url\" content=\"https:\/\/www.tribunal-nature.org\/blog\/a-voir-ce-papier-le-principal-avocat-de-twitter-claque-la-porte\/\" \/>\n<meta property=\"og:site_name\" content=\"TRIBUNAL-NATURE\" \/>\n<meta property=\"article:published_time\" content=\"2023-04-08T04:04:35+00:00\" \/>\n<meta name=\"author\" content=\"Isabelle LOUBEAU\" \/>\n<meta name=\"twitter:card\" content=\"summary_large_image\" \/>\n<meta name=\"twitter:label1\" content=\"\u00c9crit par\" \/>\n\t<meta name=\"twitter:data1\" content=\"Isabelle LOUBEAU\" \/>\n\t<meta name=\"twitter:label2\" content=\"Dur\u00e9e de lecture estim\u00e9e\" \/>\n\t<meta name=\"twitter:data2\" content=\"2 minutes\" \/>\n<script type=\"application\/ld+json\" class=\"yoast-schema-graph\">{\"@context\":\"https:\\\/\\\/schema.org\",\"@graph\":[{\"@type\":\"Article\",\"@id\":\"https:\\\/\\\/www.tribunal-nature.org\\\/blog\\\/a-voir-ce-papier-le-principal-avocat-de-twitter-claque-la-porte\\\/#article\",\"isPartOf\":{\"@id\":\"https:\\\/\\\/www.tribunal-nature.org\\\/blog\\\/a-voir-ce-papier-le-principal-avocat-de-twitter-claque-la-porte\\\/\"},\"author\":{\"name\":\"Isabelle LOUBEAU\",\"@id\":\"https:\\\/\\\/www.tribunal-nature.org\\\/blog\\\/#\\\/schema\\\/person\\\/55761caf7544da6b05b60523f2a0855f\"},\"headline\":\"A voir ce papier : Le principal avocat de Twitter claque la porte\",\"datePublished\":\"2023-04-08T04:04:35+00:00\",\"mainEntityOfPage\":{\"@id\":\"https:\\\/\\\/www.tribunal-nature.org\\\/blog\\\/a-voir-ce-papier-le-principal-avocat-de-twitter-claque-la-porte\\\/\"},\"wordCount\":510,\"publisher\":{\"@id\":\"https:\\\/\\\/www.tribunal-nature.org\\\/blog\\\/#organization\"},\"image\":{\"@id\":\"https:\\\/\\\/www.tribunal-nature.org\\\/blog\\\/a-voir-ce-papier-le-principal-avocat-de-twitter-claque-la-porte\\\/#primaryimage\"},\"thumbnailUrl\":\"https:\\\/\\\/www.tribunal-nature.org\\\/blog\\\/wp-content\\\/uploads\\\/2023\\\/09\\\/coeur-des.jpg\",\"articleSection\":[\"Droit De L'Environnement:\"],\"inLanguage\":\"fr-FR\"},{\"@type\":\"WebPage\",\"@id\":\"https:\\\/\\\/www.tribunal-nature.org\\\/blog\\\/a-voir-ce-papier-le-principal-avocat-de-twitter-claque-la-porte\\\/\",\"url\":\"https:\\\/\\\/www.tribunal-nature.org\\\/blog\\\/a-voir-ce-papier-le-principal-avocat-de-twitter-claque-la-porte\\\/\",\"name\":\"A voir ce papier : Le principal avocat de Twitter claque la porte - TRIBUNAL-NATURE\",\"isPartOf\":{\"@id\":\"https:\\\/\\\/www.tribunal-nature.org\\\/blog\\\/#website\"},\"primaryImageOfPage\":{\"@id\":\"https:\\\/\\\/www.tribunal-nature.org\\\/blog\\\/a-voir-ce-papier-le-principal-avocat-de-twitter-claque-la-porte\\\/#primaryimage\"},\"image\":{\"@id\":\"https:\\\/\\\/www.tribunal-nature.org\\\/blog\\\/a-voir-ce-papier-le-principal-avocat-de-twitter-claque-la-porte\\\/#primaryimage\"},\"thumbnailUrl\":\"https:\\\/\\\/www.tribunal-nature.org\\\/blog\\\/wp-content\\\/uploads\\\/2023\\\/09\\\/coeur-des.jpg\",\"datePublished\":\"2023-04-08T04:04:35+00:00\",\"description\":\"A voir ce papier : Le principal avocat de Twitter claque la porte article de TRIBUNAL-NATURE\",\"breadcrumb\":{\"@id\":\"https:\\\/\\\/www.tribunal-nature.org\\\/blog\\\/a-voir-ce-papier-le-principal-avocat-de-twitter-claque-la-porte\\\/#breadcrumb\"},\"inLanguage\":\"fr-FR\",\"potentialAction\":[{\"@type\":\"ReadAction\",\"target\":[\"https:\\\/\\\/www.tribunal-nature.org\\\/blog\\\/a-voir-ce-papier-le-principal-avocat-de-twitter-claque-la-porte\\\/\"]}]},{\"@type\":\"ImageObject\",\"inLanguage\":\"fr-FR\",\"@id\":\"https:\\\/\\\/www.tribunal-nature.org\\\/blog\\\/a-voir-ce-papier-le-principal-avocat-de-twitter-claque-la-porte\\\/#primaryimage\",\"url\":\"https:\\\/\\\/www.tribunal-nature.org\\\/blog\\\/wp-content\\\/uploads\\\/2023\\\/09\\\/coeur-des.jpg\",\"contentUrl\":\"https:\\\/\\\/www.tribunal-nature.org\\\/blog\\\/wp-content\\\/uploads\\\/2023\\\/09\\\/coeur-des.jpg\",\"width\":715,\"height\":536,\"caption\":\"coeur des\"},{\"@type\":\"BreadcrumbList\",\"@id\":\"https:\\\/\\\/www.tribunal-nature.org\\\/blog\\\/a-voir-ce-papier-le-principal-avocat-de-twitter-claque-la-porte\\\/#breadcrumb\",\"itemListElement\":[{\"@type\":\"ListItem\",\"position\":1,\"name\":\"Accueil\",\"item\":\"https:\\\/\\\/www.tribunal-nature.org\\\/blog\\\/\"},{\"@type\":\"ListItem\",\"position\":2,\"name\":\"A voir ce papier : Le principal avocat de Twitter claque la porte\"}]},{\"@type\":\"WebSite\",\"@id\":\"https:\\\/\\\/www.tribunal-nature.org\\\/blog\\\/#website\",\"url\":\"https:\\\/\\\/www.tribunal-nature.org\\\/blog\\\/\",\"name\":\"TRIBUNAL-NATURE\",\"description\":\"Droit De L&#039;Environnement.\",\"publisher\":{\"@id\":\"https:\\\/\\\/www.tribunal-nature.org\\\/blog\\\/#organization\"},\"potentialAction\":[{\"@type\":\"SearchAction\",\"target\":{\"@type\":\"EntryPoint\",\"urlTemplate\":\"https:\\\/\\\/www.tribunal-nature.org\\\/blog\\\/?s={search_term_string}\"},\"query-input\":{\"@type\":\"PropertyValueSpecification\",\"valueRequired\":true,\"valueName\":\"search_term_string\"}}],\"inLanguage\":\"fr-FR\"},{\"@type\":\"Organization\",\"@id\":\"https:\\\/\\\/www.tribunal-nature.org\\\/blog\\\/#organization\",\"name\":\"tribunal-nature\",\"url\":\"https:\\\/\\\/www.tribunal-nature.org\\\/blog\\\/\",\"logo\":{\"@type\":\"ImageObject\",\"inLanguage\":\"fr-FR\",\"@id\":\"https:\\\/\\\/www.tribunal-nature.org\\\/blog\\\/#\\\/schema\\\/logo\\\/image\\\/\",\"url\":\"https:\\\/\\\/www.tribunal-nature.org\\\/blog\\\/wp-content\\\/uploads\\\/2022\\\/05\\\/logo-2.png\",\"contentUrl\":\"https:\\\/\\\/www.tribunal-nature.org\\\/blog\\\/wp-content\\\/uploads\\\/2022\\\/05\\\/logo-2.png\",\"width\":180,\"height\":180,\"caption\":\"tribunal-nature\"},\"image\":{\"@id\":\"https:\\\/\\\/www.tribunal-nature.org\\\/blog\\\/#\\\/schema\\\/logo\\\/image\\\/\"}},{\"@type\":\"Person\",\"@id\":\"https:\\\/\\\/www.tribunal-nature.org\\\/blog\\\/#\\\/schema\\\/person\\\/55761caf7544da6b05b60523f2a0855f\",\"name\":\"Isabelle LOUBEAU\",\"image\":{\"@type\":\"ImageObject\",\"inLanguage\":\"fr-FR\",\"@id\":\"https:\\\/\\\/secure.gravatar.com\\\/avatar\\\/b6912620aca78633bf5d50400888815d3b38a1118e82b94050843f411f3f5972?s=96&d=mm&r=g\",\"url\":\"https:\\\/\\\/secure.gravatar.com\\\/avatar\\\/b6912620aca78633bf5d50400888815d3b38a1118e82b94050843f411f3f5972?s=96&d=mm&r=g\",\"contentUrl\":\"https:\\\/\\\/secure.gravatar.com\\\/avatar\\\/b6912620aca78633bf5d50400888815d3b38a1118e82b94050843f411f3f5972?s=96&d=mm&r=g\",\"caption\":\"Isabelle LOUBEAU\"},\"url\":\"https:\\\/\\\/www.tribunal-nature.org\\\/blog\\\/author\\\/ureisabelle\\\/\"}]}<\/script>\n<!-- \/ Yoast SEO plugin. -->","yoast_head_json":{"title":"A voir ce papier : Le principal avocat de Twitter claque la porte - TRIBUNAL-NATURE","description":"A voir ce papier : Le principal avocat de Twitter claque la porte article de TRIBUNAL-NATURE","robots":{"index":"index","follow":"follow","max-snippet":"max-snippet:-1","max-image-preview":"max-image-preview:large","max-video-preview":"max-video-preview:-1"},"canonical":"https:\/\/www.tribunal-nature.org\/blog\/a-voir-ce-papier-le-principal-avocat-de-twitter-claque-la-porte\/","og_locale":"fr_FR","og_type":"article","og_title":"A voir ce papier : Le principal avocat de Twitter claque la porte - TRIBUNAL-NATURE","og_description":"A voir ce papier : Le principal avocat de Twitter claque la porte article de TRIBUNAL-NATURE","og_url":"https:\/\/www.tribunal-nature.org\/blog\/a-voir-ce-papier-le-principal-avocat-de-twitter-claque-la-porte\/","og_site_name":"TRIBUNAL-NATURE","article_published_time":"2023-04-08T04:04:35+00:00","author":"Isabelle LOUBEAU","twitter_card":"summary_large_image","twitter_misc":{"\u00c9crit par":"Isabelle LOUBEAU","Dur\u00e9e de lecture estim\u00e9e":"2 minutes"},"schema":{"@context":"https:\/\/schema.org","@graph":[{"@type":"Article","@id":"https:\/\/www.tribunal-nature.org\/blog\/a-voir-ce-papier-le-principal-avocat-de-twitter-claque-la-porte\/#article","isPartOf":{"@id":"https:\/\/www.tribunal-nature.org\/blog\/a-voir-ce-papier-le-principal-avocat-de-twitter-claque-la-porte\/"},"author":{"name":"Isabelle LOUBEAU","@id":"https:\/\/www.tribunal-nature.org\/blog\/#\/schema\/person\/55761caf7544da6b05b60523f2a0855f"},"headline":"A voir ce papier : Le principal avocat de Twitter claque la porte","datePublished":"2023-04-08T04:04:35+00:00","mainEntityOfPage":{"@id":"https:\/\/www.tribunal-nature.org\/blog\/a-voir-ce-papier-le-principal-avocat-de-twitter-claque-la-porte\/"},"wordCount":510,"publisher":{"@id":"https:\/\/www.tribunal-nature.org\/blog\/#organization"},"image":{"@id":"https:\/\/www.tribunal-nature.org\/blog\/a-voir-ce-papier-le-principal-avocat-de-twitter-claque-la-porte\/#primaryimage"},"thumbnailUrl":"https:\/\/www.tribunal-nature.org\/blog\/wp-content\/uploads\/2023\/09\/coeur-des.jpg","articleSection":["Droit De L'Environnement:"],"inLanguage":"fr-FR"},{"@type":"WebPage","@id":"https:\/\/www.tribunal-nature.org\/blog\/a-voir-ce-papier-le-principal-avocat-de-twitter-claque-la-porte\/","url":"https:\/\/www.tribunal-nature.org\/blog\/a-voir-ce-papier-le-principal-avocat-de-twitter-claque-la-porte\/","name":"A voir ce papier : Le principal avocat de Twitter claque la porte - TRIBUNAL-NATURE","isPartOf":{"@id":"https:\/\/www.tribunal-nature.org\/blog\/#website"},"primaryImageOfPage":{"@id":"https:\/\/www.tribunal-nature.org\/blog\/a-voir-ce-papier-le-principal-avocat-de-twitter-claque-la-porte\/#primaryimage"},"image":{"@id":"https:\/\/www.tribunal-nature.org\/blog\/a-voir-ce-papier-le-principal-avocat-de-twitter-claque-la-porte\/#primaryimage"},"thumbnailUrl":"https:\/\/www.tribunal-nature.org\/blog\/wp-content\/uploads\/2023\/09\/coeur-des.jpg","datePublished":"2023-04-08T04:04:35+00:00","description":"A voir ce papier : Le principal avocat de Twitter claque la porte article de TRIBUNAL-NATURE","breadcrumb":{"@id":"https:\/\/www.tribunal-nature.org\/blog\/a-voir-ce-papier-le-principal-avocat-de-twitter-claque-la-porte\/#breadcrumb"},"inLanguage":"fr-FR","potentialAction":[{"@type":"ReadAction","target":["https:\/\/www.tribunal-nature.org\/blog\/a-voir-ce-papier-le-principal-avocat-de-twitter-claque-la-porte\/"]}]},{"@type":"ImageObject","inLanguage":"fr-FR","@id":"https:\/\/www.tribunal-nature.org\/blog\/a-voir-ce-papier-le-principal-avocat-de-twitter-claque-la-porte\/#primaryimage","url":"https:\/\/www.tribunal-nature.org\/blog\/wp-content\/uploads\/2023\/09\/coeur-des.jpg","contentUrl":"https:\/\/www.tribunal-nature.org\/blog\/wp-content\/uploads\/2023\/09\/coeur-des.jpg","width":715,"height":536,"caption":"coeur des"},{"@type":"BreadcrumbList","@id":"https:\/\/www.tribunal-nature.org\/blog\/a-voir-ce-papier-le-principal-avocat-de-twitter-claque-la-porte\/#breadcrumb","itemListElement":[{"@type":"ListItem","position":1,"name":"Accueil","item":"https:\/\/www.tribunal-nature.org\/blog\/"},{"@type":"ListItem","position":2,"name":"A voir ce papier : Le principal avocat de Twitter claque la porte"}]},{"@type":"WebSite","@id":"https:\/\/www.tribunal-nature.org\/blog\/#website","url":"https:\/\/www.tribunal-nature.org\/blog\/","name":"TRIBUNAL-NATURE","description":"Droit De L&#039;Environnement.","publisher":{"@id":"https:\/\/www.tribunal-nature.org\/blog\/#organization"},"potentialAction":[{"@type":"SearchAction","target":{"@type":"EntryPoint","urlTemplate":"https:\/\/www.tribunal-nature.org\/blog\/?s={search_term_string}"},"query-input":{"@type":"PropertyValueSpecification","valueRequired":true,"valueName":"search_term_string"}}],"inLanguage":"fr-FR"},{"@type":"Organization","@id":"https:\/\/www.tribunal-nature.org\/blog\/#organization","name":"tribunal-nature","url":"https:\/\/www.tribunal-nature.org\/blog\/","logo":{"@type":"ImageObject","inLanguage":"fr-FR","@id":"https:\/\/www.tribunal-nature.org\/blog\/#\/schema\/logo\/image\/","url":"https:\/\/www.tribunal-nature.org\/blog\/wp-content\/uploads\/2022\/05\/logo-2.png","contentUrl":"https:\/\/www.tribunal-nature.org\/blog\/wp-content\/uploads\/2022\/05\/logo-2.png","width":180,"height":180,"caption":"tribunal-nature"},"image":{"@id":"https:\/\/www.tribunal-nature.org\/blog\/#\/schema\/logo\/image\/"}},{"@type":"Person","@id":"https:\/\/www.tribunal-nature.org\/blog\/#\/schema\/person\/55761caf7544da6b05b60523f2a0855f","name":"Isabelle LOUBEAU","image":{"@type":"ImageObject","inLanguage":"fr-FR","@id":"https:\/\/secure.gravatar.com\/avatar\/b6912620aca78633bf5d50400888815d3b38a1118e82b94050843f411f3f5972?s=96&d=mm&r=g","url":"https:\/\/secure.gravatar.com\/avatar\/b6912620aca78633bf5d50400888815d3b38a1118e82b94050843f411f3f5972?s=96&d=mm&r=g","contentUrl":"https:\/\/secure.gravatar.com\/avatar\/b6912620aca78633bf5d50400888815d3b38a1118e82b94050843f411f3f5972?s=96&d=mm&r=g","caption":"Isabelle LOUBEAU"},"url":"https:\/\/www.tribunal-nature.org\/blog\/author\/ureisabelle\/"}]}},"_links":{"self":[{"href":"https:\/\/www.tribunal-nature.org\/blog\/wp-json\/wp\/v2\/posts\/453","targetHints":{"allow":["GET"]}}],"collection":[{"href":"https:\/\/www.tribunal-nature.org\/blog\/wp-json\/wp\/v2\/posts"}],"about":[{"href":"https:\/\/www.tribunal-nature.org\/blog\/wp-json\/wp\/v2\/types\/post"}],"author":[{"embeddable":true,"href":"https:\/\/www.tribunal-nature.org\/blog\/wp-json\/wp\/v2\/users\/3"}],"replies":[{"embeddable":true,"href":"https:\/\/www.tribunal-nature.org\/blog\/wp-json\/wp\/v2\/comments?post=453"}],"version-history":[{"count":0,"href":"https:\/\/www.tribunal-nature.org\/blog\/wp-json\/wp\/v2\/posts\/453\/revisions"}],"wp:featuredmedia":[{"embeddable":true,"href":"https:\/\/www.tribunal-nature.org\/blog\/wp-json\/wp\/v2\/media\/716"}],"wp:attachment":[{"href":"https:\/\/www.tribunal-nature.org\/blog\/wp-json\/wp\/v2\/media?parent=453"}],"wp:term":[{"taxonomy":"category","embeddable":true,"href":"https:\/\/www.tribunal-nature.org\/blog\/wp-json\/wp\/v2\/categories?post=453"},{"taxonomy":"post_tag","embeddable":true,"href":"https:\/\/www.tribunal-nature.org\/blog\/wp-json\/wp\/v2\/tags?post=453"}],"curies":[{"name":"wp","href":"https:\/\/api.w.org\/{rel}","templated":true}]}}