{"id":446,"date":"2023-03-31T18:15:10","date_gmt":"2023-03-31T16:15:10","guid":{"rendered":"https:\/\/www.tribunal-nature.org\/blog\/discours-dadieu-et-heritage-de-john-vervaele-dans-le-domaine-de-lapplication-des-lois-de-lue-eu-law-enforcement\/"},"modified":"2023-03-31T18:15:10","modified_gmt":"2023-03-31T16:15:10","slug":"discours-dadieu-et-heritage-de-john-vervaele-dans-le-domaine-de-lapplication-des-lois-de-lue-eu-law-enforcement","status":"publish","type":"post","link":"https:\/\/www.tribunal-nature.org\/blog\/discours-dadieu-et-heritage-de-john-vervaele-dans-le-domaine-de-lapplication-des-lois-de-lue-eu-law-enforcement\/","title":{"rendered":"Discours d\u2019adieu et h\u00e9ritage de John Vervaele dans le domaine de l\u2019application des lois de l\u2019UE \u2013 EU Law Enforcement"},"content":{"rendered":"<div>\n<div>\n<p>Le 10 mars 2023, le prof.  John Vervaele a prononc\u00e9 son discours d\u2019adieu \u00ab Vers une r\u00e9\u00e9valuation europ\u00e9enne de l\u2019application des sanctions \u00bb \u00e0 l\u2019Aula de l\u2019Universit\u00e9 d\u2019Utrecht.  Dans cet article de blog, je discute des id\u00e9es principales de son discours et de sa carri\u00e8re \u2013 l\u2019europ\u00e9anisation de l\u2019application de la loi de l\u2019UE \u2013 \u200b\u200bet, de cette mani\u00e8re, je vise \u00e0 exprimer ma gratitude personnelle au prof.  Vervaele.  Ce fut un grand honneur et un plaisir de travailler avec vous, John\u00a0!<\/p>\n<p><span id=\"more-8496\"><\/span><\/p>\n<p><em>Les trente derni\u00e8res ann\u00e9es d\u2019europ\u00e9anisation de l\u2019application des lois de l\u2019UE<\/em><\/p>\n<p><em> <\/em><\/p>\n<p>Cela a d\u00fb \u00eatre les trente ann\u00e9es les plus excitantes de l\u2019int\u00e9gration europ\u00e9enne (du moins jusqu\u2019\u00e0 pr\u00e9sent) pour le prof.  John Vervaele pour travailler. Depuis sa nomination dans les ann\u00e9es 1990 et jusqu\u2019\u00e0 aujourd\u2019hui, l\u2019int\u00e9gration de l\u2019UE a connu un \u00e9lan incroyable dans son int\u00e9gration de l\u2019application, bien que cela ne se refl\u00e8te pas n\u00e9cessairement dans les trait\u00e9s et les strat\u00e9gies d\u2019application coh\u00e9rentes.  Comme il le souligne dans son discours inspirant, cela comprend un \u00e9largissement des domaines politiques harmonis\u00e9s de l\u2019UE et de nouvelles t\u00e2ches europ\u00e9ennes en mati\u00e8re d\u2019application de la loi punitive\u00a0;  l\u2019harmonisation des lois administratives et p\u00e9nales, notamment sur la protection de l\u2019environnement, et les garanties ;  le d\u00e9veloppement d\u2019instruments de coop\u00e9ration horizontale;  le d\u00e9veloppement d\u2019agences europ\u00e9ennes d\u2019ex\u00e9cution et d\u2019instances judiciaires europ\u00e9ennes d\u2019ex\u00e9cution.  Ces trente ann\u00e9es ont vu le transfert des pouvoirs d\u2019ex\u00e9cution directe les plus \u00e9tendus jusqu\u2019\u00e0 pr\u00e9sent aux agences de l\u2019UE (l\u2019Autorit\u00e9 europ\u00e9enne des march\u00e9s financiers (AEMF)), la cr\u00e9ation r\u00e9cente du Parquet europ\u00e9en (EPPO, voir \u00e9galement la publication de John sur la responsabilit\u00e9 du Parquet europ\u00e9en dans \u00ab\u00a0La police par les autorit\u00e9s de l\u2019UE\u00a0\u00bb, EE, 2017) et d\u2019autres innovations institutionnelles, dont nous avons \u00e9galement discut\u00e9 avec John une fois \u00e0 Rome.  Il est int\u00e9ressant de noter que l\u2019ESMA est devenue la plus puissante des agences de l\u2019UE car elle jouit, entre autres, des pouvoirs n\u00e9cessaires pour \u00eatre impliqu\u00e9e dans toutes les \u00e9tapes de l\u2019application en relation avec des participants sp\u00e9cifiques des march\u00e9s financiers\u00a0;  les \u00e9tapes sont <em>surveiller la conformit\u00e9, enqu\u00eater sur les \u00e9ventuelles violations et sanctionner en cas de non-conformit\u00e9<\/em>.  En fait, cette structuration utile des \u00e9tapes de l\u2019application, qui peut \u00e9galement servir \u00e0 des fins de (re)conception et d\u2019\u00e9valuation utiles pour les lois et la recherche, a \u00e9t\u00e9 l\u2019un des h\u00e9ritages que nous avons re\u00e7us du prof.  Le travail de Vervaele (voir son 1999 (sur la d\u00e9finition) et d\u2019autres publications ici).<\/p>\n<p><em>Perspectives d\u2019avenir<\/em><\/p>\n<p><em> <\/em><\/p>\n<p>De toute \u00e9vidence, un universitaire et un expert aussi exceptionnel dans le domaine de l\u2019application des lois de l\u2019UE ne pouvait pas quitter la chaire de ce professeur sans nous donner au moins un indice sur la direction \u00e0 prendre dans nos recherches et dans la pratique (\u00e0 comprendre au sens large).  Jean plaide pour <em>un <\/em><em>R\u00e9\u00e9valuation europ\u00e9enne de l\u2019application des lois punitives<\/em><em>    via une approche politique fonctionnelle<\/em>, \u00ab\u00a0dans lequel l\u2019UE et les \u00c9tats membres d\u00e9finissent les domaines politiques prioritaires qui n\u00e9cessitent une approche europ\u00e9enne de l\u2019application de la loi punitive, bas\u00e9e sur une approche en cha\u00eene de l\u2019application administrative \u00e0 l\u2019application p\u00e9nale et int\u00e9grant ainsi le double r\u00e9gime d\u2019application\u00a0\u00bb (p. 46 de son discours) .  Il plaide pour l\u2019utilisation de la r\u00e9glementation pour assurer une application uniforme, l\u2019harmonisation proc\u00e9durale de la surveillance administrative europ\u00e9enne, les pouvoirs d\u2019enqu\u00eate et les garanties, \u00e9galement pour le Parquet europ\u00e9en.  Il plaide pour la n\u00e9cessit\u00e9 de r\u00e9seaux d\u2019application, d\u2019\u00e9quipes d\u2019application mixtes et d\u2019autres possibilit\u00e9s de r\u00e9unir les autorit\u00e9s de surveillance nationales et, le cas \u00e9ch\u00e9ant, de l\u2019UE pour \u00e9laborer des politiques d\u2019application, des manuels, partager les meilleures pratiques et assurer la coordination.  Ces d\u00e9veloppements manquent cependant d\u2019une approche coh\u00e9rente au niveau de l\u2019UE, une strat\u00e9gie que John souligne \u00e9galement dans cet ouvrage et son discours d\u2019adieu.<\/p>\n<p>En effet, il est urgent de r\u00e9\u00e9valuer l\u2019application de la loi punitive dans l\u2019UE ainsi que de cr\u00e9er une id\u00e9e, une strat\u00e9gie et une th\u00e9orie plus g\u00e9n\u00e9rales et globales sur l\u2019application de la loi dans l\u2019UE (voir \u00e9galement mon r\u00e9cent article \u00e0 ce sujet dans SEW, novembre 2022) .  Comment assurer la bonne ex\u00e9cution des t\u00e2ches d\u2019ex\u00e9cution partag\u00e9es et l\u2019\u00c9tat de droit et les valeurs d\u00e9mocratiques dans l\u2019UE\u00a0?  Quels mod\u00e8les d\u2019application pourraient \u00eatre optimaux et dans quelles circonstances ?  Quelle pourrait \u00eatre la combinaison la plus optimale de divers m\u00e9canismes d\u2019application \u2013 publics et priv\u00e9s, administratifs et p\u00e9naux, etc.  (Sur la derni\u00e8re question, voir un num\u00e9ro sp\u00e9cial co-\u00e9dit\u00e9 par John Vervaele \u2013 Regulation and Enforcement in the EU: Regimes, Strategies and Styles, Utrecht Law Review, d\u00e9cembre 2014).  Ce sont les questions que nous devons tous aborder et d\u00e9battre, \u00e9galement gr\u00e2ce \u00e0 la construction des publications et du soutien de rich John, \u00e9galement pour le prochain \u00ab\u00a0Research Handbook on the Enforcement of EU Law\u00a0\u00bb (EE, \u00e0 para\u00eetre en septembre 2023).<\/p>\n<p>Pour r\u00e9pondre \u00e0 toutes ces questions, nous avons clairement besoin d\u2019un bon personnel \u2013 le personnel actuel de divers bureaux publics, des chercheurs et des professionnels pertinents et \u00e9volutifs gr\u00e2ce \u00e0 des programmes de formation innovants qui pourraient fournir des \u00ab\u00a0avocats critiques pour cet avenir\u00a0\u00bb (p. 48 de son discours).  En fait, John a contribu\u00e9 \u00e0 \u00e9duquer et \u00e0 impliquer tous ces groupes dans son travail \u2013 les praticiens actuels de divers domaines (juridiques), d\u2019origines professionnelles, ethniques et autres, et les \u00e9tudiants d\u2019un grand nombre d\u2019universit\u00e9s \u00e0 travers le monde (enseignement dans un grand nombre de langues diff\u00e9rentes que John parle\u00a0!) et des chercheurs du monde entier et de sa base \u00e0 la facult\u00e9 de droit d\u2019Utrecht et ses centres de recherche, en particulier le RENFORCE.  \u00c0 la lumi\u00e8re de ses nombreuses nominations prestigieuses (voir la liste ici), il a \u00e9galement, en tant que membre \u00e9minent de son conseil consultatif, apport\u00e9 un grand soutien \u00e0 la cr\u00e9ation et au fonctionnement du r\u00e9seau Jean Monnet sur l\u2019application du droit de l\u2019UE (EULEN), un initiative de neuf universit\u00e9s europ\u00e9ennes financ\u00e9e par l\u2019UE en 2019-2023 pour promouvoir et soutenir la recherche, l\u2019enseignement et la pratique dans le domaine de l\u2019application du droit de l\u2019UE.<\/p>\n<p><em>final<\/em><\/p>\n<p><em> <\/em><\/p>\n<p>John Vervaele commence son discours d\u2019adieu en soulignant le fait que lorsqu\u2019il pronon\u00e7ait son discours inaugural en 1994, l\u2019application du droit p\u00e9nal punitif (dans l\u2019UE) n\u2019\u00e9tait \u00e9tudi\u00e9e que par quelques-uns, m\u00eame si l\u2019europ\u00e9anisation de l\u2019application du droit punitif national a \u00e9t\u00e9 en cours depuis un certain temps, depuis les ann\u00e9es 1960 d\u00e9j\u00e0 !  (p.7 de son discours).  Compte tenu de toutes les transformations (mentionn\u00e9es ci-dessus) et de la rapidit\u00e9 et de la vari\u00e9t\u00e9 de l\u2019europ\u00e9anisation de l\u2019ex\u00e9cution, il est clair que ce domaine et cette pratique acad\u00e9miques n\u2019auraient jamais \u00e9volu\u00e9 aussi loin si ce n\u2019\u00e9tait pas gr\u00e2ce \u00e0 une \u00e9quipe aussi excellente, d\u00e9vou\u00e9e et \u00ab\u00a0tout- autour d\u2019un \u00e9rudit comme l\u2019a \u00e9t\u00e9 John Vervaele.  Une r\u00e9alisation remarquable, \u00e0 vie!  Merci beaucoup, John\u00a0!  <\/p>\n<p><img loading=\"lazy\" decoding=\"async\" class=\"alignnone  wp-image-8497\" src=\"https:\/\/www.tribunal-nature.org\/blog\/wp-content\/uploads\/2023\/03\/Discours-dadieu-et-heritage-de-John-Vervaele-dans-le-domaine.jpg\" alt=\"\" width=\"591\" height=\"591\"><\/p>\n<div class=\"abh_box abh_box_down abh_box_business\">\n<div class=\"abh_tab_content\">\n<section class=\"vcard author abh_about_tab abh_tab\" itemscope=\"\" itemprop=\"author\" itemtype=\"http:\/\/schema.org\/Person\" style=\"display:block\">\n<div class=\"abh_image\" itemscope=\"\" itemtype=\"http:\/\/schema.org\/ImageObject\"> <img width=\"250\" height=\"250\" src=\"https:\/\/www.tribunal-nature.org\/blog\/wp-content\/uploads\/2023\/03\/1680270698_408_Discours-dadieu-et-heritage-de-John-Vervaele-dans-le-domaine.jpg\" class=\"avatar avatar-250 photo\" alt=\"\" decoding=\"async\" loading=\"lazy\"> <\/div>\n<div class=\"abh_text\">\n<div class=\"description note abh_description\" itemprop=\"description\">Miroslava Scholten est professeure associ\u00e9e d\u2019application de la loi de l\u2019UE \u00e0 l\u2019Universit\u00e9 d\u2019Utrecht et membre du Centre d\u2019Utrecht pour la r\u00e9glementation et l\u2019application en Europe (RENFORCE).<\/div>\n<\/div>\n<\/section>\n<section class=\"abh_posts_tab abh_tab\">\n<div class=\"abh_image\"><img width=\"250\" height=\"250\" src=\"https:\/\/www.tribunal-nature.org\/blog\/wp-content\/uploads\/2023\/03\/1680270698_408_Discours-dadieu-et-heritage-de-John-Vervaele-dans-le-domaine.jpg\" class=\"avatar avatar-250 photo\" alt=\"\" decoding=\"async\" loading=\"lazy\"><\/div>\n<div class=\"abh_text\">\n<div class=\"abh_name\" style=\"font-size:14px !important;\">Derniers messages de Miroslava Scholten <span class=\"abh_allposts\">(voir tout)<\/span><\/div>\n<\/div>\n<\/section>\n<\/div>\n<\/div>\n<p><!-- AddThis Advanced Settings above via filter on the_content --><!-- AddThis Advanced Settings below via filter on the_content --><!-- AddThis Advanced Settings generic via filter on the_content --><!-- AddThis Share Buttons above via filter on the_content --><!-- AddThis Share Buttons below via filter on the_content --><!-- AddThis Share Buttons generic via filter on the_content --><\/p>\n<div class=\"author-info\">\n<div class=\"author-avatar\">\n\t\t<img width=\"42\" height=\"42\" src=\"https:\/\/www.tribunal-nature.org\/blog\/wp-content\/uploads\/2023\/03\/1680270698_111_Discours-dadieu-et-heritage-de-John-Vervaele-dans-le-domaine.jpg\" class=\"avatar avatar-42 photo\" alt=\"\" decoding=\"async\" loading=\"lazy\">\t<\/div>\n<p><!-- .author-avatar --><\/p>\n<p>\t<!-- .author-description -->\n<\/p>\n<\/div>\n<p><!-- .author-info -->\n\t<\/p>\n<\/div>\n<\/div>\n","protected":false},"excerpt":{"rendered":"<p>Le 10 mars 2023, le prof. John Vervaele a prononc\u00e9 son discours d\u2019adieu \u00ab Vers une r\u00e9\u00e9valuation europ\u00e9enne de l\u2019application&#8230;<\/p>\n","protected":false},"author":3,"featured_media":447,"comment_status":"closed","ping_status":"closed","sticky":false,"template":"","format":"standard","meta":{"footnotes":""},"categories":[2],"tags":[],"class_list":["post-446","post","type-post","status-publish","format-standard","has-post-thumbnail","hentry","category-droit-de-lenvironnement","wpcat-2-id"],"yoast_head":"<!-- This site is optimized with the Yoast SEO plugin v27.5 - https:\/\/yoast.com\/product\/yoast-seo-wordpress\/ -->\n<title>Discours d\u2019adieu et h\u00e9ritage de John Vervaele dans le domaine de l\u2019application des lois de l\u2019UE \u2013 EU Law Enforcement - TRIBUNAL-NATURE<\/title>\n<meta name=\"description\" content=\"Discours d\u2019adieu et h\u00e9ritage de John Vervaele dans le domaine de l\u2019application des lois de l\u2019UE \u2013 EU Law Enforcement article de TRIBUNAL-NATURE\" \/>\n<meta name=\"robots\" content=\"index, follow, max-snippet:-1, max-image-preview:large, max-video-preview:-1\" \/>\n<link rel=\"canonical\" href=\"https:\/\/www.tribunal-nature.org\/blog\/discours-dadieu-et-heritage-de-john-vervaele-dans-le-domaine-de-lapplication-des-lois-de-lue-eu-law-enforcement\/\" \/>\n<meta property=\"og:locale\" content=\"fr_FR\" \/>\n<meta property=\"og:type\" content=\"article\" \/>\n<meta property=\"og:title\" content=\"Discours d\u2019adieu et h\u00e9ritage de John Vervaele dans le domaine de l\u2019application des lois de l\u2019UE \u2013 EU Law Enforcement - TRIBUNAL-NATURE\" \/>\n<meta property=\"og:description\" content=\"Discours d\u2019adieu et h\u00e9ritage de John Vervaele dans le domaine de l\u2019application des lois de l\u2019UE \u2013 EU Law Enforcement article de TRIBUNAL-NATURE\" \/>\n<meta property=\"og:url\" content=\"https:\/\/www.tribunal-nature.org\/blog\/discours-dadieu-et-heritage-de-john-vervaele-dans-le-domaine-de-lapplication-des-lois-de-lue-eu-law-enforcement\/\" \/>\n<meta property=\"og:site_name\" content=\"TRIBUNAL-NATURE\" \/>\n<meta property=\"article:published_time\" content=\"2023-03-31T16:15:10+00:00\" \/>\n<meta property=\"og:image\" content=\"https:\/\/www.tribunal-nature.org\/blog\/wp-content\/uploads\/2023\/03\/Discours-dadieu-et-heritage-de-John-Vervaele-dans-le-domaine.jpg\" \/>\n<meta name=\"author\" content=\"Isabelle LOUBEAU\" \/>\n<meta name=\"twitter:card\" content=\"summary_large_image\" \/>\n<meta name=\"twitter:label1\" content=\"\u00c9crit par\" \/>\n\t<meta name=\"twitter:data1\" content=\"Isabelle LOUBEAU\" \/>\n\t<meta name=\"twitter:label2\" content=\"Dur\u00e9e de lecture estim\u00e9e\" \/>\n\t<meta name=\"twitter:data2\" content=\"7 minutes\" \/>\n<script type=\"application\/ld+json\" class=\"yoast-schema-graph\">{\"@context\":\"https:\\\/\\\/schema.org\",\"@graph\":[{\"@type\":\"Article\",\"@id\":\"https:\\\/\\\/www.tribunal-nature.org\\\/blog\\\/discours-dadieu-et-heritage-de-john-vervaele-dans-le-domaine-de-lapplication-des-lois-de-lue-eu-law-enforcement\\\/#article\",\"isPartOf\":{\"@id\":\"https:\\\/\\\/www.tribunal-nature.org\\\/blog\\\/discours-dadieu-et-heritage-de-john-vervaele-dans-le-domaine-de-lapplication-des-lois-de-lue-eu-law-enforcement\\\/\"},\"author\":{\"name\":\"Isabelle LOUBEAU\",\"@id\":\"https:\\\/\\\/www.tribunal-nature.org\\\/blog\\\/#\\\/schema\\\/person\\\/55761caf7544da6b05b60523f2a0855f\"},\"headline\":\"Discours d\u2019adieu et h\u00e9ritage de John Vervaele dans le domaine de l\u2019application des lois de l\u2019UE \u2013 EU Law Enforcement\",\"datePublished\":\"2023-03-31T16:15:10+00:00\",\"mainEntityOfPage\":{\"@id\":\"https:\\\/\\\/www.tribunal-nature.org\\\/blog\\\/discours-dadieu-et-heritage-de-john-vervaele-dans-le-domaine-de-lapplication-des-lois-de-lue-eu-law-enforcement\\\/\"},\"wordCount\":1344,\"publisher\":{\"@id\":\"https:\\\/\\\/www.tribunal-nature.org\\\/blog\\\/#organization\"},\"image\":{\"@id\":\"https:\\\/\\\/www.tribunal-nature.org\\\/blog\\\/discours-dadieu-et-heritage-de-john-vervaele-dans-le-domaine-de-lapplication-des-lois-de-lue-eu-law-enforcement\\\/#primaryimage\"},\"thumbnailUrl\":\"https:\\\/\\\/www.tribunal-nature.org\\\/blog\\\/wp-content\\\/uploads\\\/2023\\\/03\\\/Discours-dadieu-et-heritage-de-John-Vervaele-dans-le-domaine.jpg\",\"articleSection\":[\"Droit De L'Environnement:\"],\"inLanguage\":\"fr-FR\"},{\"@type\":\"WebPage\",\"@id\":\"https:\\\/\\\/www.tribunal-nature.org\\\/blog\\\/discours-dadieu-et-heritage-de-john-vervaele-dans-le-domaine-de-lapplication-des-lois-de-lue-eu-law-enforcement\\\/\",\"url\":\"https:\\\/\\\/www.tribunal-nature.org\\\/blog\\\/discours-dadieu-et-heritage-de-john-vervaele-dans-le-domaine-de-lapplication-des-lois-de-lue-eu-law-enforcement\\\/\",\"name\":\"Discours d\u2019adieu et h\u00e9ritage de John Vervaele dans le domaine de l\u2019application des lois de l\u2019UE \u2013 EU Law Enforcement - TRIBUNAL-NATURE\",\"isPartOf\":{\"@id\":\"https:\\\/\\\/www.tribunal-nature.org\\\/blog\\\/#website\"},\"primaryImageOfPage\":{\"@id\":\"https:\\\/\\\/www.tribunal-nature.org\\\/blog\\\/discours-dadieu-et-heritage-de-john-vervaele-dans-le-domaine-de-lapplication-des-lois-de-lue-eu-law-enforcement\\\/#primaryimage\"},\"image\":{\"@id\":\"https:\\\/\\\/www.tribunal-nature.org\\\/blog\\\/discours-dadieu-et-heritage-de-john-vervaele-dans-le-domaine-de-lapplication-des-lois-de-lue-eu-law-enforcement\\\/#primaryimage\"},\"thumbnailUrl\":\"https:\\\/\\\/www.tribunal-nature.org\\\/blog\\\/wp-content\\\/uploads\\\/2023\\\/03\\\/Discours-dadieu-et-heritage-de-John-Vervaele-dans-le-domaine.jpg\",\"datePublished\":\"2023-03-31T16:15:10+00:00\",\"description\":\"Discours d\u2019adieu et h\u00e9ritage de John Vervaele dans le domaine de l\u2019application des lois de l\u2019UE \u2013 EU Law Enforcement article de TRIBUNAL-NATURE\",\"breadcrumb\":{\"@id\":\"https:\\\/\\\/www.tribunal-nature.org\\\/blog\\\/discours-dadieu-et-heritage-de-john-vervaele-dans-le-domaine-de-lapplication-des-lois-de-lue-eu-law-enforcement\\\/#breadcrumb\"},\"inLanguage\":\"fr-FR\",\"potentialAction\":[{\"@type\":\"ReadAction\",\"target\":[\"https:\\\/\\\/www.tribunal-nature.org\\\/blog\\\/discours-dadieu-et-heritage-de-john-vervaele-dans-le-domaine-de-lapplication-des-lois-de-lue-eu-law-enforcement\\\/\"]}]},{\"@type\":\"ImageObject\",\"inLanguage\":\"fr-FR\",\"@id\":\"https:\\\/\\\/www.tribunal-nature.org\\\/blog\\\/discours-dadieu-et-heritage-de-john-vervaele-dans-le-domaine-de-lapplication-des-lois-de-lue-eu-law-enforcement\\\/#primaryimage\",\"url\":\"https:\\\/\\\/www.tribunal-nature.org\\\/blog\\\/wp-content\\\/uploads\\\/2023\\\/03\\\/Discours-dadieu-et-heritage-de-John-Vervaele-dans-le-domaine.jpg\",\"contentUrl\":\"https:\\\/\\\/www.tribunal-nature.org\\\/blog\\\/wp-content\\\/uploads\\\/2023\\\/03\\\/Discours-dadieu-et-heritage-de-John-Vervaele-dans-le-domaine.jpg\",\"width\":300,\"height\":300,\"caption\":\"Discours dadieu et heritage de John Vervaele dans le domaine\"},{\"@type\":\"BreadcrumbList\",\"@id\":\"https:\\\/\\\/www.tribunal-nature.org\\\/blog\\\/discours-dadieu-et-heritage-de-john-vervaele-dans-le-domaine-de-lapplication-des-lois-de-lue-eu-law-enforcement\\\/#breadcrumb\",\"itemListElement\":[{\"@type\":\"ListItem\",\"position\":1,\"name\":\"Accueil\",\"item\":\"https:\\\/\\\/www.tribunal-nature.org\\\/blog\\\/\"},{\"@type\":\"ListItem\",\"position\":2,\"name\":\"Discours d\u2019adieu et h\u00e9ritage de John Vervaele dans le domaine de l\u2019application des lois de l\u2019UE \u2013 EU Law Enforcement\"}]},{\"@type\":\"WebSite\",\"@id\":\"https:\\\/\\\/www.tribunal-nature.org\\\/blog\\\/#website\",\"url\":\"https:\\\/\\\/www.tribunal-nature.org\\\/blog\\\/\",\"name\":\"TRIBUNAL-NATURE\",\"description\":\"Droit De L&#039;Environnement.\",\"publisher\":{\"@id\":\"https:\\\/\\\/www.tribunal-nature.org\\\/blog\\\/#organization\"},\"potentialAction\":[{\"@type\":\"SearchAction\",\"target\":{\"@type\":\"EntryPoint\",\"urlTemplate\":\"https:\\\/\\\/www.tribunal-nature.org\\\/blog\\\/?s={search_term_string}\"},\"query-input\":{\"@type\":\"PropertyValueSpecification\",\"valueRequired\":true,\"valueName\":\"search_term_string\"}}],\"inLanguage\":\"fr-FR\"},{\"@type\":\"Organization\",\"@id\":\"https:\\\/\\\/www.tribunal-nature.org\\\/blog\\\/#organization\",\"name\":\"tribunal-nature\",\"url\":\"https:\\\/\\\/www.tribunal-nature.org\\\/blog\\\/\",\"logo\":{\"@type\":\"ImageObject\",\"inLanguage\":\"fr-FR\",\"@id\":\"https:\\\/\\\/www.tribunal-nature.org\\\/blog\\\/#\\\/schema\\\/logo\\\/image\\\/\",\"url\":\"https:\\\/\\\/www.tribunal-nature.org\\\/blog\\\/wp-content\\\/uploads\\\/2022\\\/05\\\/logo-2.png\",\"contentUrl\":\"https:\\\/\\\/www.tribunal-nature.org\\\/blog\\\/wp-content\\\/uploads\\\/2022\\\/05\\\/logo-2.png\",\"width\":180,\"height\":180,\"caption\":\"tribunal-nature\"},\"image\":{\"@id\":\"https:\\\/\\\/www.tribunal-nature.org\\\/blog\\\/#\\\/schema\\\/logo\\\/image\\\/\"}},{\"@type\":\"Person\",\"@id\":\"https:\\\/\\\/www.tribunal-nature.org\\\/blog\\\/#\\\/schema\\\/person\\\/55761caf7544da6b05b60523f2a0855f\",\"name\":\"Isabelle LOUBEAU\",\"image\":{\"@type\":\"ImageObject\",\"inLanguage\":\"fr-FR\",\"@id\":\"https:\\\/\\\/secure.gravatar.com\\\/avatar\\\/b6912620aca78633bf5d50400888815d3b38a1118e82b94050843f411f3f5972?s=96&d=mm&r=g\",\"url\":\"https:\\\/\\\/secure.gravatar.com\\\/avatar\\\/b6912620aca78633bf5d50400888815d3b38a1118e82b94050843f411f3f5972?s=96&d=mm&r=g\",\"contentUrl\":\"https:\\\/\\\/secure.gravatar.com\\\/avatar\\\/b6912620aca78633bf5d50400888815d3b38a1118e82b94050843f411f3f5972?s=96&d=mm&r=g\",\"caption\":\"Isabelle LOUBEAU\"},\"url\":\"https:\\\/\\\/www.tribunal-nature.org\\\/blog\\\/author\\\/ureisabelle\\\/\"}]}<\/script>\n<!-- \/ Yoast SEO plugin. -->","yoast_head_json":{"title":"Discours d\u2019adieu et h\u00e9ritage de John Vervaele dans le domaine de l\u2019application des lois de l\u2019UE \u2013 EU Law Enforcement - TRIBUNAL-NATURE","description":"Discours d\u2019adieu et h\u00e9ritage de John Vervaele dans le domaine de l\u2019application des lois de l\u2019UE \u2013 EU Law Enforcement article de TRIBUNAL-NATURE","robots":{"index":"index","follow":"follow","max-snippet":"max-snippet:-1","max-image-preview":"max-image-preview:large","max-video-preview":"max-video-preview:-1"},"canonical":"https:\/\/www.tribunal-nature.org\/blog\/discours-dadieu-et-heritage-de-john-vervaele-dans-le-domaine-de-lapplication-des-lois-de-lue-eu-law-enforcement\/","og_locale":"fr_FR","og_type":"article","og_title":"Discours d\u2019adieu et h\u00e9ritage de John Vervaele dans le domaine de l\u2019application des lois de l\u2019UE \u2013 EU Law Enforcement - TRIBUNAL-NATURE","og_description":"Discours d\u2019adieu et h\u00e9ritage de John Vervaele dans le domaine de l\u2019application des lois de l\u2019UE \u2013 EU Law Enforcement article de TRIBUNAL-NATURE","og_url":"https:\/\/www.tribunal-nature.org\/blog\/discours-dadieu-et-heritage-de-john-vervaele-dans-le-domaine-de-lapplication-des-lois-de-lue-eu-law-enforcement\/","og_site_name":"TRIBUNAL-NATURE","article_published_time":"2023-03-31T16:15:10+00:00","og_image":[{"url":"https:\/\/www.tribunal-nature.org\/blog\/wp-content\/uploads\/2023\/03\/Discours-dadieu-et-heritage-de-John-Vervaele-dans-le-domaine.jpg","type":"","width":"","height":""}],"author":"Isabelle LOUBEAU","twitter_card":"summary_large_image","twitter_misc":{"\u00c9crit par":"Isabelle LOUBEAU","Dur\u00e9e de lecture estim\u00e9e":"7 minutes"},"schema":{"@context":"https:\/\/schema.org","@graph":[{"@type":"Article","@id":"https:\/\/www.tribunal-nature.org\/blog\/discours-dadieu-et-heritage-de-john-vervaele-dans-le-domaine-de-lapplication-des-lois-de-lue-eu-law-enforcement\/#article","isPartOf":{"@id":"https:\/\/www.tribunal-nature.org\/blog\/discours-dadieu-et-heritage-de-john-vervaele-dans-le-domaine-de-lapplication-des-lois-de-lue-eu-law-enforcement\/"},"author":{"name":"Isabelle LOUBEAU","@id":"https:\/\/www.tribunal-nature.org\/blog\/#\/schema\/person\/55761caf7544da6b05b60523f2a0855f"},"headline":"Discours d\u2019adieu et h\u00e9ritage de John Vervaele dans le domaine de l\u2019application des lois de l\u2019UE \u2013 EU Law Enforcement","datePublished":"2023-03-31T16:15:10+00:00","mainEntityOfPage":{"@id":"https:\/\/www.tribunal-nature.org\/blog\/discours-dadieu-et-heritage-de-john-vervaele-dans-le-domaine-de-lapplication-des-lois-de-lue-eu-law-enforcement\/"},"wordCount":1344,"publisher":{"@id":"https:\/\/www.tribunal-nature.org\/blog\/#organization"},"image":{"@id":"https:\/\/www.tribunal-nature.org\/blog\/discours-dadieu-et-heritage-de-john-vervaele-dans-le-domaine-de-lapplication-des-lois-de-lue-eu-law-enforcement\/#primaryimage"},"thumbnailUrl":"https:\/\/www.tribunal-nature.org\/blog\/wp-content\/uploads\/2023\/03\/Discours-dadieu-et-heritage-de-John-Vervaele-dans-le-domaine.jpg","articleSection":["Droit De L'Environnement:"],"inLanguage":"fr-FR"},{"@type":"WebPage","@id":"https:\/\/www.tribunal-nature.org\/blog\/discours-dadieu-et-heritage-de-john-vervaele-dans-le-domaine-de-lapplication-des-lois-de-lue-eu-law-enforcement\/","url":"https:\/\/www.tribunal-nature.org\/blog\/discours-dadieu-et-heritage-de-john-vervaele-dans-le-domaine-de-lapplication-des-lois-de-lue-eu-law-enforcement\/","name":"Discours d\u2019adieu et h\u00e9ritage de John Vervaele dans le domaine de l\u2019application des lois de l\u2019UE \u2013 EU Law Enforcement - TRIBUNAL-NATURE","isPartOf":{"@id":"https:\/\/www.tribunal-nature.org\/blog\/#website"},"primaryImageOfPage":{"@id":"https:\/\/www.tribunal-nature.org\/blog\/discours-dadieu-et-heritage-de-john-vervaele-dans-le-domaine-de-lapplication-des-lois-de-lue-eu-law-enforcement\/#primaryimage"},"image":{"@id":"https:\/\/www.tribunal-nature.org\/blog\/discours-dadieu-et-heritage-de-john-vervaele-dans-le-domaine-de-lapplication-des-lois-de-lue-eu-law-enforcement\/#primaryimage"},"thumbnailUrl":"https:\/\/www.tribunal-nature.org\/blog\/wp-content\/uploads\/2023\/03\/Discours-dadieu-et-heritage-de-John-Vervaele-dans-le-domaine.jpg","datePublished":"2023-03-31T16:15:10+00:00","description":"Discours d\u2019adieu et h\u00e9ritage de John Vervaele dans le domaine de l\u2019application des lois de l\u2019UE \u2013 EU Law Enforcement article de TRIBUNAL-NATURE","breadcrumb":{"@id":"https:\/\/www.tribunal-nature.org\/blog\/discours-dadieu-et-heritage-de-john-vervaele-dans-le-domaine-de-lapplication-des-lois-de-lue-eu-law-enforcement\/#breadcrumb"},"inLanguage":"fr-FR","potentialAction":[{"@type":"ReadAction","target":["https:\/\/www.tribunal-nature.org\/blog\/discours-dadieu-et-heritage-de-john-vervaele-dans-le-domaine-de-lapplication-des-lois-de-lue-eu-law-enforcement\/"]}]},{"@type":"ImageObject","inLanguage":"fr-FR","@id":"https:\/\/www.tribunal-nature.org\/blog\/discours-dadieu-et-heritage-de-john-vervaele-dans-le-domaine-de-lapplication-des-lois-de-lue-eu-law-enforcement\/#primaryimage","url":"https:\/\/www.tribunal-nature.org\/blog\/wp-content\/uploads\/2023\/03\/Discours-dadieu-et-heritage-de-John-Vervaele-dans-le-domaine.jpg","contentUrl":"https:\/\/www.tribunal-nature.org\/blog\/wp-content\/uploads\/2023\/03\/Discours-dadieu-et-heritage-de-John-Vervaele-dans-le-domaine.jpg","width":300,"height":300,"caption":"Discours dadieu et heritage de John Vervaele dans le domaine"},{"@type":"BreadcrumbList","@id":"https:\/\/www.tribunal-nature.org\/blog\/discours-dadieu-et-heritage-de-john-vervaele-dans-le-domaine-de-lapplication-des-lois-de-lue-eu-law-enforcement\/#breadcrumb","itemListElement":[{"@type":"ListItem","position":1,"name":"Accueil","item":"https:\/\/www.tribunal-nature.org\/blog\/"},{"@type":"ListItem","position":2,"name":"Discours d\u2019adieu et h\u00e9ritage de John Vervaele dans le domaine de l\u2019application des lois de l\u2019UE \u2013 EU Law Enforcement"}]},{"@type":"WebSite","@id":"https:\/\/www.tribunal-nature.org\/blog\/#website","url":"https:\/\/www.tribunal-nature.org\/blog\/","name":"TRIBUNAL-NATURE","description":"Droit De L&#039;Environnement.","publisher":{"@id":"https:\/\/www.tribunal-nature.org\/blog\/#organization"},"potentialAction":[{"@type":"SearchAction","target":{"@type":"EntryPoint","urlTemplate":"https:\/\/www.tribunal-nature.org\/blog\/?s={search_term_string}"},"query-input":{"@type":"PropertyValueSpecification","valueRequired":true,"valueName":"search_term_string"}}],"inLanguage":"fr-FR"},{"@type":"Organization","@id":"https:\/\/www.tribunal-nature.org\/blog\/#organization","name":"tribunal-nature","url":"https:\/\/www.tribunal-nature.org\/blog\/","logo":{"@type":"ImageObject","inLanguage":"fr-FR","@id":"https:\/\/www.tribunal-nature.org\/blog\/#\/schema\/logo\/image\/","url":"https:\/\/www.tribunal-nature.org\/blog\/wp-content\/uploads\/2022\/05\/logo-2.png","contentUrl":"https:\/\/www.tribunal-nature.org\/blog\/wp-content\/uploads\/2022\/05\/logo-2.png","width":180,"height":180,"caption":"tribunal-nature"},"image":{"@id":"https:\/\/www.tribunal-nature.org\/blog\/#\/schema\/logo\/image\/"}},{"@type":"Person","@id":"https:\/\/www.tribunal-nature.org\/blog\/#\/schema\/person\/55761caf7544da6b05b60523f2a0855f","name":"Isabelle LOUBEAU","image":{"@type":"ImageObject","inLanguage":"fr-FR","@id":"https:\/\/secure.gravatar.com\/avatar\/b6912620aca78633bf5d50400888815d3b38a1118e82b94050843f411f3f5972?s=96&d=mm&r=g","url":"https:\/\/secure.gravatar.com\/avatar\/b6912620aca78633bf5d50400888815d3b38a1118e82b94050843f411f3f5972?s=96&d=mm&r=g","contentUrl":"https:\/\/secure.gravatar.com\/avatar\/b6912620aca78633bf5d50400888815d3b38a1118e82b94050843f411f3f5972?s=96&d=mm&r=g","caption":"Isabelle LOUBEAU"},"url":"https:\/\/www.tribunal-nature.org\/blog\/author\/ureisabelle\/"}]}},"_links":{"self":[{"href":"https:\/\/www.tribunal-nature.org\/blog\/wp-json\/wp\/v2\/posts\/446","targetHints":{"allow":["GET"]}}],"collection":[{"href":"https:\/\/www.tribunal-nature.org\/blog\/wp-json\/wp\/v2\/posts"}],"about":[{"href":"https:\/\/www.tribunal-nature.org\/blog\/wp-json\/wp\/v2\/types\/post"}],"author":[{"embeddable":true,"href":"https:\/\/www.tribunal-nature.org\/blog\/wp-json\/wp\/v2\/users\/3"}],"replies":[{"embeddable":true,"href":"https:\/\/www.tribunal-nature.org\/blog\/wp-json\/wp\/v2\/comments?post=446"}],"version-history":[{"count":0,"href":"https:\/\/www.tribunal-nature.org\/blog\/wp-json\/wp\/v2\/posts\/446\/revisions"}],"wp:featuredmedia":[{"embeddable":true,"href":"https:\/\/www.tribunal-nature.org\/blog\/wp-json\/wp\/v2\/media\/447"}],"wp:attachment":[{"href":"https:\/\/www.tribunal-nature.org\/blog\/wp-json\/wp\/v2\/media?parent=446"}],"wp:term":[{"taxonomy":"category","embeddable":true,"href":"https:\/\/www.tribunal-nature.org\/blog\/wp-json\/wp\/v2\/categories?post=446"},{"taxonomy":"post_tag","embeddable":true,"href":"https:\/\/www.tribunal-nature.org\/blog\/wp-json\/wp\/v2\/tags?post=446"}],"curies":[{"name":"wp","href":"https:\/\/api.w.org\/{rel}","templated":true}]}}