{"id":437,"date":"2023-03-23T06:05:23","date_gmt":"2023-03-23T05:05:23","guid":{"rendered":"https:\/\/www.tribunal-nature.org\/blog\/a-retenir-ce-papier-lucas-drape-avocat-linterprofessionnalite-contribue-a-linteret-public\/"},"modified":"2023-03-23T06:05:23","modified_gmt":"2023-03-23T05:05:23","slug":"a-retenir-ce-papier-lucas-drape-avocat-linterprofessionnalite-contribue-a-linteret-public","status":"publish","type":"post","link":"https:\/\/www.tribunal-nature.org\/blog\/a-retenir-ce-papier-lucas-drape-avocat-linterprofessionnalite-contribue-a-linteret-public\/","title":{"rendered":"A retenir ce papier  : Lucas Drap\u00e9, avocat : \u00ab L\u2019interprofessionnalit\u00e9 contribue \u00e0 l\u2019int\u00e9r\u00eat public \u00bb"},"content":{"rendered":"<div>\n<p>Nous allons porter \u00e0 votre connaissance ce post qui vient d\u2019\u00eatre publi\u00e9, dont la th\u00e9matique est \u00abla justice\u00bb.<\/p>\n<p>Son titre  (Lucas Drap\u00e9, avocat : \u00ab L\u2019interprofessionnalit\u00e9 contribue \u00e0 l\u2019int\u00e9r\u00eat public \u00bb) est sans confusion.<\/p>\n<p>Sachez que le chroniqueur (identifi\u00e9 sous le nom  d\u2019anonymat<br \/>\n) est reconnu comme quelqu\u2019un de s\u00e9rieux.<\/p>\n<p>Les r\u00e9v\u00e9lations \u00e9dit\u00e9es sont par cons\u00e9quent \u00e9valu\u00e9es conformes.<\/p>\n<div>\n<p><strong>Vous avez fond\u00e9 Drap\u00e9 Associ\u00e9s en 2019. Quel est votre prochain projet\u00a0?<\/strong><br class=\"autobr\"><br \/>\nAvec d\u2019autres acteurs toulousains venus du chiffre et du droit, nous avons le projet de monter une association interprofessionnelle. Nomm\u00e9e Origo, ses statuts devraient \u00eatre d\u00e9pos\u00e9s prochainement. Je souhaite y prendre part activement dans un double objectif\u00a0: d\u2019une part se hisser au plus haut niveau, car mieux on s\u2019entoure et plus les dossiers sont int\u00e9ressants, mais aussi et surtout agir au b\u00e9n\u00e9fice de l\u2019int\u00e9r\u00eat public. Les conseils d\u2019experts sont on\u00e9reux. Or, sur un certain nombre de th\u00e9matiques simples ou r\u00e9currentes, ils pourraient facilement \u00eatre mutualis\u00e9s. Nous nous r\u00e9unirons r\u00e9guli\u00e8rement pour discuter des enjeux majeurs de nos clients entreprises et l\u2019association aura une mission d\u2019information sur ses sujets d\u2019entrepreneuriat, de droit, de fiscalit\u00e9\u2026<\/p>\n<p><strong>Lire par ailleurs\u00a0: <\/strong> Mathieu Piau, syndicat ECF\u00a0: \u00ab\u00a0Le statut des entreprises individuelles change et offre de nouveaux avantages\u00a0\u00bb<\/p>\n<p><strong>Quel est votre principale probl\u00e9matique clients actuellement\u00a0? <\/strong> <br class=\"autobr\"><br \/>\nLe secteur bancaire pose beaucoup de difficult\u00e9s. De fa\u00e7on assez syst\u00e9matique depuis quelques mois, nous faisons face \u00e0 des probl\u00e8mes de r\u00e9activit\u00e9 bancaire sur des sujets de rachats d\u2019entreprise. Sur les six derniers mois, les ventes ont tr\u00e8s souvent \u00e9t\u00e9 retard\u00e9es, deux ont m\u00eame capot\u00e9. M\u00eame si les particuliers sont les plus impact\u00e9s, les taux des emprunts professionnels ont tripl\u00e9 depuis l\u2019an dernier et les banquiers font beaucoup plus attention aux pr\u00e9visionnels qu\u2019avant, ils ne pr\u00eatent plus aux m\u00eames conditions et plus autant. <br class=\"autobr\"><br \/>\nEn parall\u00e8le, les acheteurs freinent car les options d\u2019achats sont moins int\u00e9ressantes et le taux d\u2019int\u00e9r\u00eat est devenu un \u00e9l\u00e9ment de n\u00e9gociation beaucoup plus important qu\u2019avant. Nous avons un r\u00f4le \u00e0 jouer\u00a0: l\u2019avocat peut et doit \u00eatre force de proposition dans ces situations, par exemple en pr\u00e9voyant des modalit\u00e9s de paiement particuli\u00e8res.<\/p>\n<p><strong>Comment voyez-vous l\u2019\u00e9volution du cabinet\u00a0?<\/strong> <br class=\"autobr\"><br \/>\nAvec trois associ\u00e9s et une collaboratrice, nous sommes une structure familiale sp\u00e9cialis\u00e9e en structuration d\u2019entreprise, optimisation fiscale et contentieux fiscal, des activit\u00e9s ax\u00e9es sur le chef d\u2019entreprise. Nous fonctionnons uniquement \u00e0 la recommandation et ne cherchons pas de nouveaux prospects. La tension se situe plut\u00f4t du c\u00f4t\u00e9 du recrutement\u00a0: le march\u00e9 de l\u2019emploi reste tendu, il est toujours aussi compliqu\u00e9 de trouver de nouveaux collaborateurs. <br class=\"autobr\"><br \/>\nPar ailleurs, une petite disposition fiscale en projet vient bouleverser les professions lib\u00e9rales\u00a0: d\u00e8s 2024, dans le calcul de l\u2019imp\u00f4t sur le revenu, l\u2019abattement de 10\u00a0% devrait \u00eatre r\u00e9serv\u00e9 aux seuls g\u00e9rants pouvant justifier d\u2019un lien de subordination, ce qui exclut la plupart des g\u00e9rants de SEL (Soci\u00e9t\u00e9 d\u2019exercice lib\u00e9ral) unipersonnelles. Une mesure justifi\u00e9e par la volont\u00e9 de supprimer les niches les unes apr\u00e8s les autres, compr\u00e9hensible \u00e0 certains \u00e9gards, mais \u00e0 laquelle il nous faudra toutefois nous adapter.<br class=\"autobr\"><br \/>\n<i>Propos recueillis par Marie-Dominique Lacour<\/i><\/p>\n<p>Sur la photo\u00a0: Lucas Drap\u00e9. Cr\u00e9dits\u00a0: Drap\u00e9 &amp; Associ\u00e9s.<\/p>\n<\/div>\n<p>Livres sur un sujet comparable:<\/p>\n<p>De la justice dans la R\u00e9volution et dans l\u2019\u00c9glise\/Quatri\u00e8me \u00c9tude,<a target=\"_blank\" rel=\"nofollow\" href=\"https:\/\/www.tribunal-nature.org\/blog\/goto\/https:\/\/fr.wikisource.org\/wiki\/De_la_justice_dans_la_R%C3%A9volution_et_dans_l%E2%80%99%C3%89glise\/Quatri%C3%A8me_%C3%89tude\"  target=\"_blank\" rel=\"noopener noreferrer nofollow\">Le livre <\/a><span><\/span>.<\/p>\n<p>La Grande Chasse aux sorci\u00e8res, du Moyen \u00c2ge aux Temps modernes,<a target=\"_blank\" rel=\"nofollow\" href=\"https:\/\/www.tribunal-nature.org\/blog\/goto\/https:\/\/fr.wikibooks.org\/wiki\/La_Grande_Chasse_aux_sorci%C3%A8res,_du_Moyen_%C3%82ge_aux_Temps_modernes\"  target=\"_blank\" rel=\"noopener noreferrer nofollow\">A voir et \u00e0 lire. <\/a><span><\/span>.<\/p>\n<p>Une Justice politique,<a target=\"_blank\" rel=\"nofollow\" href=\"https:\/\/www.tribunal-nature.org\/blog\/goto\/https:\/\/www.kobo.com\/fr\/fr\/ebook\/une-justice-politique\"  target=\"_blank\" rel=\"noopener noreferrer nofollow\">Ouvrage <\/a><span><\/span>. A emprunter en biblioth\u00e8que.<\/p>\n<\/div>\n","protected":false},"excerpt":{"rendered":"<p>Nous allons porter \u00e0 votre connaissance ce post qui vient d\u2019\u00eatre publi\u00e9, dont la th\u00e9matique est \u00abla justice\u00bb. Son titre&#8230;<\/p>\n","protected":false},"author":3,"featured_media":728,"comment_status":"closed","ping_status":"closed","sticky":false,"template":"","format":"standard","meta":{"footnotes":""},"categories":[2],"tags":[],"class_list":["post-437","post","type-post","status-publish","format-standard","has-post-thumbnail","hentry","category-droit-de-lenvironnement","wpcat-2-id"],"yoast_head":"<!-- This site is optimized with the Yoast SEO plugin v27.5 - https:\/\/yoast.com\/product\/yoast-seo-wordpress\/ -->\n<title>A retenir ce papier : Lucas Drap\u00e9, avocat : \u00ab L\u2019interprofessionnalit\u00e9 contribue \u00e0 l\u2019int\u00e9r\u00eat public \u00bb - TRIBUNAL-NATURE<\/title>\n<meta name=\"description\" content=\"A retenir ce papier : Lucas Drap\u00e9, avocat : \u00ab L\u2019interprofessionnalit\u00e9 contribue \u00e0 l\u2019int\u00e9r\u00eat public \u00bb article de TRIBUNAL-NATURE\" \/>\n<meta name=\"robots\" content=\"index, follow, max-snippet:-1, max-image-preview:large, max-video-preview:-1\" \/>\n<link rel=\"canonical\" href=\"https:\/\/www.tribunal-nature.org\/blog\/a-retenir-ce-papier-lucas-drape-avocat-linterprofessionnalite-contribue-a-linteret-public\/\" \/>\n<meta property=\"og:locale\" content=\"fr_FR\" \/>\n<meta property=\"og:type\" content=\"article\" \/>\n<meta property=\"og:title\" content=\"A retenir ce papier : Lucas Drap\u00e9, avocat : \u00ab L\u2019interprofessionnalit\u00e9 contribue \u00e0 l\u2019int\u00e9r\u00eat public \u00bb - TRIBUNAL-NATURE\" \/>\n<meta property=\"og:description\" content=\"A retenir ce papier : Lucas Drap\u00e9, avocat : \u00ab L\u2019interprofessionnalit\u00e9 contribue \u00e0 l\u2019int\u00e9r\u00eat public \u00bb article de TRIBUNAL-NATURE\" \/>\n<meta property=\"og:url\" content=\"https:\/\/www.tribunal-nature.org\/blog\/a-retenir-ce-papier-lucas-drape-avocat-linterprofessionnalite-contribue-a-linteret-public\/\" \/>\n<meta property=\"og:site_name\" content=\"TRIBUNAL-NATURE\" \/>\n<meta property=\"article:published_time\" content=\"2023-03-23T05:05:23+00:00\" \/>\n<meta name=\"author\" content=\"Isabelle LOUBEAU\" \/>\n<meta name=\"twitter:card\" content=\"summary_large_image\" \/>\n<meta name=\"twitter:label1\" content=\"\u00c9crit par\" \/>\n\t<meta name=\"twitter:data1\" content=\"Isabelle LOUBEAU\" \/>\n\t<meta name=\"twitter:label2\" content=\"Dur\u00e9e de lecture estim\u00e9e\" \/>\n\t<meta name=\"twitter:data2\" content=\"3 minutes\" \/>\n<script type=\"application\/ld+json\" class=\"yoast-schema-graph\">{\"@context\":\"https:\\\/\\\/schema.org\",\"@graph\":[{\"@type\":\"Article\",\"@id\":\"https:\\\/\\\/www.tribunal-nature.org\\\/blog\\\/a-retenir-ce-papier-lucas-drape-avocat-linterprofessionnalite-contribue-a-linteret-public\\\/#article\",\"isPartOf\":{\"@id\":\"https:\\\/\\\/www.tribunal-nature.org\\\/blog\\\/a-retenir-ce-papier-lucas-drape-avocat-linterprofessionnalite-contribue-a-linteret-public\\\/\"},\"author\":{\"name\":\"Isabelle LOUBEAU\",\"@id\":\"https:\\\/\\\/www.tribunal-nature.org\\\/blog\\\/#\\\/schema\\\/person\\\/55761caf7544da6b05b60523f2a0855f\"},\"headline\":\"A retenir ce papier : Lucas Drap\u00e9, avocat : \u00ab L\u2019interprofessionnalit\u00e9 contribue \u00e0 l\u2019int\u00e9r\u00eat public \u00bb\",\"datePublished\":\"2023-03-23T05:05:23+00:00\",\"mainEntityOfPage\":{\"@id\":\"https:\\\/\\\/www.tribunal-nature.org\\\/blog\\\/a-retenir-ce-papier-lucas-drape-avocat-linterprofessionnalite-contribue-a-linteret-public\\\/\"},\"wordCount\":649,\"publisher\":{\"@id\":\"https:\\\/\\\/www.tribunal-nature.org\\\/blog\\\/#organization\"},\"image\":{\"@id\":\"https:\\\/\\\/www.tribunal-nature.org\\\/blog\\\/a-retenir-ce-papier-lucas-drape-avocat-linterprofessionnalite-contribue-a-linteret-public\\\/#primaryimage\"},\"thumbnailUrl\":\"https:\\\/\\\/www.tribunal-nature.org\\\/blog\\\/wp-content\\\/uploads\\\/2023\\\/09\\\/lucas-drape.jpg\",\"articleSection\":[\"Droit De L'Environnement:\"],\"inLanguage\":\"fr-FR\"},{\"@type\":\"WebPage\",\"@id\":\"https:\\\/\\\/www.tribunal-nature.org\\\/blog\\\/a-retenir-ce-papier-lucas-drape-avocat-linterprofessionnalite-contribue-a-linteret-public\\\/\",\"url\":\"https:\\\/\\\/www.tribunal-nature.org\\\/blog\\\/a-retenir-ce-papier-lucas-drape-avocat-linterprofessionnalite-contribue-a-linteret-public\\\/\",\"name\":\"A retenir ce papier : Lucas Drap\u00e9, avocat : \u00ab L\u2019interprofessionnalit\u00e9 contribue \u00e0 l\u2019int\u00e9r\u00eat public \u00bb - TRIBUNAL-NATURE\",\"isPartOf\":{\"@id\":\"https:\\\/\\\/www.tribunal-nature.org\\\/blog\\\/#website\"},\"primaryImageOfPage\":{\"@id\":\"https:\\\/\\\/www.tribunal-nature.org\\\/blog\\\/a-retenir-ce-papier-lucas-drape-avocat-linterprofessionnalite-contribue-a-linteret-public\\\/#primaryimage\"},\"image\":{\"@id\":\"https:\\\/\\\/www.tribunal-nature.org\\\/blog\\\/a-retenir-ce-papier-lucas-drape-avocat-linterprofessionnalite-contribue-a-linteret-public\\\/#primaryimage\"},\"thumbnailUrl\":\"https:\\\/\\\/www.tribunal-nature.org\\\/blog\\\/wp-content\\\/uploads\\\/2023\\\/09\\\/lucas-drape.jpg\",\"datePublished\":\"2023-03-23T05:05:23+00:00\",\"description\":\"A retenir ce papier : Lucas Drap\u00e9, avocat : \u00ab L\u2019interprofessionnalit\u00e9 contribue \u00e0 l\u2019int\u00e9r\u00eat public \u00bb article de TRIBUNAL-NATURE\",\"breadcrumb\":{\"@id\":\"https:\\\/\\\/www.tribunal-nature.org\\\/blog\\\/a-retenir-ce-papier-lucas-drape-avocat-linterprofessionnalite-contribue-a-linteret-public\\\/#breadcrumb\"},\"inLanguage\":\"fr-FR\",\"potentialAction\":[{\"@type\":\"ReadAction\",\"target\":[\"https:\\\/\\\/www.tribunal-nature.org\\\/blog\\\/a-retenir-ce-papier-lucas-drape-avocat-linterprofessionnalite-contribue-a-linteret-public\\\/\"]}]},{\"@type\":\"ImageObject\",\"inLanguage\":\"fr-FR\",\"@id\":\"https:\\\/\\\/www.tribunal-nature.org\\\/blog\\\/a-retenir-ce-papier-lucas-drape-avocat-linterprofessionnalite-contribue-a-linteret-public\\\/#primaryimage\",\"url\":\"https:\\\/\\\/www.tribunal-nature.org\\\/blog\\\/wp-content\\\/uploads\\\/2023\\\/09\\\/lucas-drape.jpg\",\"contentUrl\":\"https:\\\/\\\/www.tribunal-nature.org\\\/blog\\\/wp-content\\\/uploads\\\/2023\\\/09\\\/lucas-drape.jpg\",\"width\":800,\"height\":400,\"caption\":\"lucas drape\"},{\"@type\":\"BreadcrumbList\",\"@id\":\"https:\\\/\\\/www.tribunal-nature.org\\\/blog\\\/a-retenir-ce-papier-lucas-drape-avocat-linterprofessionnalite-contribue-a-linteret-public\\\/#breadcrumb\",\"itemListElement\":[{\"@type\":\"ListItem\",\"position\":1,\"name\":\"Accueil\",\"item\":\"https:\\\/\\\/www.tribunal-nature.org\\\/blog\\\/\"},{\"@type\":\"ListItem\",\"position\":2,\"name\":\"A retenir ce papier : Lucas Drap\u00e9, avocat : \u00ab L\u2019interprofessionnalit\u00e9 contribue \u00e0 l\u2019int\u00e9r\u00eat public \u00bb\"}]},{\"@type\":\"WebSite\",\"@id\":\"https:\\\/\\\/www.tribunal-nature.org\\\/blog\\\/#website\",\"url\":\"https:\\\/\\\/www.tribunal-nature.org\\\/blog\\\/\",\"name\":\"TRIBUNAL-NATURE\",\"description\":\"Droit De L&#039;Environnement.\",\"publisher\":{\"@id\":\"https:\\\/\\\/www.tribunal-nature.org\\\/blog\\\/#organization\"},\"potentialAction\":[{\"@type\":\"SearchAction\",\"target\":{\"@type\":\"EntryPoint\",\"urlTemplate\":\"https:\\\/\\\/www.tribunal-nature.org\\\/blog\\\/?s={search_term_string}\"},\"query-input\":{\"@type\":\"PropertyValueSpecification\",\"valueRequired\":true,\"valueName\":\"search_term_string\"}}],\"inLanguage\":\"fr-FR\"},{\"@type\":\"Organization\",\"@id\":\"https:\\\/\\\/www.tribunal-nature.org\\\/blog\\\/#organization\",\"name\":\"tribunal-nature\",\"url\":\"https:\\\/\\\/www.tribunal-nature.org\\\/blog\\\/\",\"logo\":{\"@type\":\"ImageObject\",\"inLanguage\":\"fr-FR\",\"@id\":\"https:\\\/\\\/www.tribunal-nature.org\\\/blog\\\/#\\\/schema\\\/logo\\\/image\\\/\",\"url\":\"https:\\\/\\\/www.tribunal-nature.org\\\/blog\\\/wp-content\\\/uploads\\\/2022\\\/05\\\/logo-2.png\",\"contentUrl\":\"https:\\\/\\\/www.tribunal-nature.org\\\/blog\\\/wp-content\\\/uploads\\\/2022\\\/05\\\/logo-2.png\",\"width\":180,\"height\":180,\"caption\":\"tribunal-nature\"},\"image\":{\"@id\":\"https:\\\/\\\/www.tribunal-nature.org\\\/blog\\\/#\\\/schema\\\/logo\\\/image\\\/\"}},{\"@type\":\"Person\",\"@id\":\"https:\\\/\\\/www.tribunal-nature.org\\\/blog\\\/#\\\/schema\\\/person\\\/55761caf7544da6b05b60523f2a0855f\",\"name\":\"Isabelle LOUBEAU\",\"image\":{\"@type\":\"ImageObject\",\"inLanguage\":\"fr-FR\",\"@id\":\"https:\\\/\\\/secure.gravatar.com\\\/avatar\\\/b6912620aca78633bf5d50400888815d3b38a1118e82b94050843f411f3f5972?s=96&d=mm&r=g\",\"url\":\"https:\\\/\\\/secure.gravatar.com\\\/avatar\\\/b6912620aca78633bf5d50400888815d3b38a1118e82b94050843f411f3f5972?s=96&d=mm&r=g\",\"contentUrl\":\"https:\\\/\\\/secure.gravatar.com\\\/avatar\\\/b6912620aca78633bf5d50400888815d3b38a1118e82b94050843f411f3f5972?s=96&d=mm&r=g\",\"caption\":\"Isabelle LOUBEAU\"},\"url\":\"https:\\\/\\\/www.tribunal-nature.org\\\/blog\\\/author\\\/ureisabelle\\\/\"}]}<\/script>\n<!-- \/ Yoast SEO plugin. -->","yoast_head_json":{"title":"A retenir ce papier : Lucas Drap\u00e9, avocat : \u00ab L\u2019interprofessionnalit\u00e9 contribue \u00e0 l\u2019int\u00e9r\u00eat public \u00bb - TRIBUNAL-NATURE","description":"A retenir ce papier : Lucas Drap\u00e9, avocat : \u00ab L\u2019interprofessionnalit\u00e9 contribue \u00e0 l\u2019int\u00e9r\u00eat public \u00bb article de TRIBUNAL-NATURE","robots":{"index":"index","follow":"follow","max-snippet":"max-snippet:-1","max-image-preview":"max-image-preview:large","max-video-preview":"max-video-preview:-1"},"canonical":"https:\/\/www.tribunal-nature.org\/blog\/a-retenir-ce-papier-lucas-drape-avocat-linterprofessionnalite-contribue-a-linteret-public\/","og_locale":"fr_FR","og_type":"article","og_title":"A retenir ce papier : Lucas Drap\u00e9, avocat : \u00ab L\u2019interprofessionnalit\u00e9 contribue \u00e0 l\u2019int\u00e9r\u00eat public \u00bb - TRIBUNAL-NATURE","og_description":"A retenir ce papier : Lucas Drap\u00e9, avocat : \u00ab L\u2019interprofessionnalit\u00e9 contribue \u00e0 l\u2019int\u00e9r\u00eat public \u00bb article de TRIBUNAL-NATURE","og_url":"https:\/\/www.tribunal-nature.org\/blog\/a-retenir-ce-papier-lucas-drape-avocat-linterprofessionnalite-contribue-a-linteret-public\/","og_site_name":"TRIBUNAL-NATURE","article_published_time":"2023-03-23T05:05:23+00:00","author":"Isabelle LOUBEAU","twitter_card":"summary_large_image","twitter_misc":{"\u00c9crit par":"Isabelle LOUBEAU","Dur\u00e9e de lecture estim\u00e9e":"3 minutes"},"schema":{"@context":"https:\/\/schema.org","@graph":[{"@type":"Article","@id":"https:\/\/www.tribunal-nature.org\/blog\/a-retenir-ce-papier-lucas-drape-avocat-linterprofessionnalite-contribue-a-linteret-public\/#article","isPartOf":{"@id":"https:\/\/www.tribunal-nature.org\/blog\/a-retenir-ce-papier-lucas-drape-avocat-linterprofessionnalite-contribue-a-linteret-public\/"},"author":{"name":"Isabelle LOUBEAU","@id":"https:\/\/www.tribunal-nature.org\/blog\/#\/schema\/person\/55761caf7544da6b05b60523f2a0855f"},"headline":"A retenir ce papier : Lucas Drap\u00e9, avocat : \u00ab L\u2019interprofessionnalit\u00e9 contribue \u00e0 l\u2019int\u00e9r\u00eat public \u00bb","datePublished":"2023-03-23T05:05:23+00:00","mainEntityOfPage":{"@id":"https:\/\/www.tribunal-nature.org\/blog\/a-retenir-ce-papier-lucas-drape-avocat-linterprofessionnalite-contribue-a-linteret-public\/"},"wordCount":649,"publisher":{"@id":"https:\/\/www.tribunal-nature.org\/blog\/#organization"},"image":{"@id":"https:\/\/www.tribunal-nature.org\/blog\/a-retenir-ce-papier-lucas-drape-avocat-linterprofessionnalite-contribue-a-linteret-public\/#primaryimage"},"thumbnailUrl":"https:\/\/www.tribunal-nature.org\/blog\/wp-content\/uploads\/2023\/09\/lucas-drape.jpg","articleSection":["Droit De L'Environnement:"],"inLanguage":"fr-FR"},{"@type":"WebPage","@id":"https:\/\/www.tribunal-nature.org\/blog\/a-retenir-ce-papier-lucas-drape-avocat-linterprofessionnalite-contribue-a-linteret-public\/","url":"https:\/\/www.tribunal-nature.org\/blog\/a-retenir-ce-papier-lucas-drape-avocat-linterprofessionnalite-contribue-a-linteret-public\/","name":"A retenir ce papier : Lucas Drap\u00e9, avocat : \u00ab L\u2019interprofessionnalit\u00e9 contribue \u00e0 l\u2019int\u00e9r\u00eat public \u00bb - TRIBUNAL-NATURE","isPartOf":{"@id":"https:\/\/www.tribunal-nature.org\/blog\/#website"},"primaryImageOfPage":{"@id":"https:\/\/www.tribunal-nature.org\/blog\/a-retenir-ce-papier-lucas-drape-avocat-linterprofessionnalite-contribue-a-linteret-public\/#primaryimage"},"image":{"@id":"https:\/\/www.tribunal-nature.org\/blog\/a-retenir-ce-papier-lucas-drape-avocat-linterprofessionnalite-contribue-a-linteret-public\/#primaryimage"},"thumbnailUrl":"https:\/\/www.tribunal-nature.org\/blog\/wp-content\/uploads\/2023\/09\/lucas-drape.jpg","datePublished":"2023-03-23T05:05:23+00:00","description":"A retenir ce papier : Lucas Drap\u00e9, avocat : \u00ab L\u2019interprofessionnalit\u00e9 contribue \u00e0 l\u2019int\u00e9r\u00eat public \u00bb article de TRIBUNAL-NATURE","breadcrumb":{"@id":"https:\/\/www.tribunal-nature.org\/blog\/a-retenir-ce-papier-lucas-drape-avocat-linterprofessionnalite-contribue-a-linteret-public\/#breadcrumb"},"inLanguage":"fr-FR","potentialAction":[{"@type":"ReadAction","target":["https:\/\/www.tribunal-nature.org\/blog\/a-retenir-ce-papier-lucas-drape-avocat-linterprofessionnalite-contribue-a-linteret-public\/"]}]},{"@type":"ImageObject","inLanguage":"fr-FR","@id":"https:\/\/www.tribunal-nature.org\/blog\/a-retenir-ce-papier-lucas-drape-avocat-linterprofessionnalite-contribue-a-linteret-public\/#primaryimage","url":"https:\/\/www.tribunal-nature.org\/blog\/wp-content\/uploads\/2023\/09\/lucas-drape.jpg","contentUrl":"https:\/\/www.tribunal-nature.org\/blog\/wp-content\/uploads\/2023\/09\/lucas-drape.jpg","width":800,"height":400,"caption":"lucas drape"},{"@type":"BreadcrumbList","@id":"https:\/\/www.tribunal-nature.org\/blog\/a-retenir-ce-papier-lucas-drape-avocat-linterprofessionnalite-contribue-a-linteret-public\/#breadcrumb","itemListElement":[{"@type":"ListItem","position":1,"name":"Accueil","item":"https:\/\/www.tribunal-nature.org\/blog\/"},{"@type":"ListItem","position":2,"name":"A retenir ce papier : Lucas Drap\u00e9, avocat : \u00ab L\u2019interprofessionnalit\u00e9 contribue \u00e0 l\u2019int\u00e9r\u00eat public \u00bb"}]},{"@type":"WebSite","@id":"https:\/\/www.tribunal-nature.org\/blog\/#website","url":"https:\/\/www.tribunal-nature.org\/blog\/","name":"TRIBUNAL-NATURE","description":"Droit De L&#039;Environnement.","publisher":{"@id":"https:\/\/www.tribunal-nature.org\/blog\/#organization"},"potentialAction":[{"@type":"SearchAction","target":{"@type":"EntryPoint","urlTemplate":"https:\/\/www.tribunal-nature.org\/blog\/?s={search_term_string}"},"query-input":{"@type":"PropertyValueSpecification","valueRequired":true,"valueName":"search_term_string"}}],"inLanguage":"fr-FR"},{"@type":"Organization","@id":"https:\/\/www.tribunal-nature.org\/blog\/#organization","name":"tribunal-nature","url":"https:\/\/www.tribunal-nature.org\/blog\/","logo":{"@type":"ImageObject","inLanguage":"fr-FR","@id":"https:\/\/www.tribunal-nature.org\/blog\/#\/schema\/logo\/image\/","url":"https:\/\/www.tribunal-nature.org\/blog\/wp-content\/uploads\/2022\/05\/logo-2.png","contentUrl":"https:\/\/www.tribunal-nature.org\/blog\/wp-content\/uploads\/2022\/05\/logo-2.png","width":180,"height":180,"caption":"tribunal-nature"},"image":{"@id":"https:\/\/www.tribunal-nature.org\/blog\/#\/schema\/logo\/image\/"}},{"@type":"Person","@id":"https:\/\/www.tribunal-nature.org\/blog\/#\/schema\/person\/55761caf7544da6b05b60523f2a0855f","name":"Isabelle LOUBEAU","image":{"@type":"ImageObject","inLanguage":"fr-FR","@id":"https:\/\/secure.gravatar.com\/avatar\/b6912620aca78633bf5d50400888815d3b38a1118e82b94050843f411f3f5972?s=96&d=mm&r=g","url":"https:\/\/secure.gravatar.com\/avatar\/b6912620aca78633bf5d50400888815d3b38a1118e82b94050843f411f3f5972?s=96&d=mm&r=g","contentUrl":"https:\/\/secure.gravatar.com\/avatar\/b6912620aca78633bf5d50400888815d3b38a1118e82b94050843f411f3f5972?s=96&d=mm&r=g","caption":"Isabelle LOUBEAU"},"url":"https:\/\/www.tribunal-nature.org\/blog\/author\/ureisabelle\/"}]}},"_links":{"self":[{"href":"https:\/\/www.tribunal-nature.org\/blog\/wp-json\/wp\/v2\/posts\/437","targetHints":{"allow":["GET"]}}],"collection":[{"href":"https:\/\/www.tribunal-nature.org\/blog\/wp-json\/wp\/v2\/posts"}],"about":[{"href":"https:\/\/www.tribunal-nature.org\/blog\/wp-json\/wp\/v2\/types\/post"}],"author":[{"embeddable":true,"href":"https:\/\/www.tribunal-nature.org\/blog\/wp-json\/wp\/v2\/users\/3"}],"replies":[{"embeddable":true,"href":"https:\/\/www.tribunal-nature.org\/blog\/wp-json\/wp\/v2\/comments?post=437"}],"version-history":[{"count":0,"href":"https:\/\/www.tribunal-nature.org\/blog\/wp-json\/wp\/v2\/posts\/437\/revisions"}],"wp:featuredmedia":[{"embeddable":true,"href":"https:\/\/www.tribunal-nature.org\/blog\/wp-json\/wp\/v2\/media\/728"}],"wp:attachment":[{"href":"https:\/\/www.tribunal-nature.org\/blog\/wp-json\/wp\/v2\/media?parent=437"}],"wp:term":[{"taxonomy":"category","embeddable":true,"href":"https:\/\/www.tribunal-nature.org\/blog\/wp-json\/wp\/v2\/categories?post=437"},{"taxonomy":"post_tag","embeddable":true,"href":"https:\/\/www.tribunal-nature.org\/blog\/wp-json\/wp\/v2\/tags?post=437"}],"curies":[{"name":"wp","href":"https:\/\/api.w.org\/{rel}","templated":true}]}}