{"id":401,"date":"2023-03-03T03:02:34","date_gmt":"2023-03-03T02:02:34","guid":{"rendered":"https:\/\/www.tribunal-nature.org\/blog\/a-decouvrir-un-maire-au-tribunal-pour-avoir-fait-abattre-des-chevres-en-divagation\/"},"modified":"2023-03-03T03:02:34","modified_gmt":"2023-03-03T02:02:34","slug":"a-decouvrir-un-maire-au-tribunal-pour-avoir-fait-abattre-des-chevres-en-divagation","status":"publish","type":"post","link":"https:\/\/www.tribunal-nature.org\/blog\/a-decouvrir-un-maire-au-tribunal-pour-avoir-fait-abattre-des-chevres-en-divagation\/","title":{"rendered":"A d\u00e9couvrir   : un maire au tribunal pour avoir fait abattre des ch\u00e8vres en divagation"},"content":{"rendered":"<div>\n<p>Je m\u2019empresse de tout vous r\u00e9v\u00e9ler sur cet \u00e9ditorial qui vient de para\u00eetre, dont la th\u00e9matique est \u00abla justice\u00bb.<\/p>\n<p>Son titre s\u00e9duisant (un maire au tribunal pour avoir fait abattre des ch\u00e8vres en divagation) est \u00e9vocateur.<\/p>\n<p>Sachez que le chroniqueur (annonc\u00e9 sous le nom  d\u2019anonymat<br \/>\n) est reconnu comme quelqu\u2019un de s\u00e9rieux pour plusieurs autres \u00e9ditoriaux qu\u2019il a publi\u00e9s sur internet.<\/p>\n<p>Il n\u2019y a aucune raison de douter de la fiabilit\u00e9 de ces r\u00e9v\u00e9lations.<\/p>\n<p>Voil\u00e0 ll\u2019article mentionn\u00e9 : <\/p>\n<div>\n<p>G\u00e9rard Tardy, 84 ans, est poursuivi pour complicit\u00e9 de trois d\u00e9lits\u00a0: \u00ab atteinte volontaire \u00e0 la vie d\u2019animaux domestiques ou apprivois\u00e9s \u00bb, \u00ab abattage en dehors d\u2019un abattoir dans des conditions illicites \u00bb et \u00ab mise \u00e0 mort d\u2019animaux sans pr\u00e9caution pour leur \u00e9viter de souffrir \u00bb, a indiqu\u00e9 le procureur de la R\u00e9publique de Saint-Etienne.<\/p>\n<p>Le pr\u00e9sident de l\u2019Association de chasse agr\u00e9\u00e9e de Lorette, Marvin Chiaramonte, \u00e0 la t\u00eate du groupe de chasseurs ayant proc\u00e9d\u00e9 \u00e0 l\u2019abattage des 11 ch\u00e8vres au fusil de chasse, sera quant \u00e0 lui jug\u00e9 le 20 juin prochain. Il est \u00e9galement poursuivi pour \u00ab non-remise de cadavres d\u2019animaux \u00e0 une soci\u00e9t\u00e9 d\u2019\u00e9quarrissage \u00bb.<\/p>\n<h2>Plusieurs associations parties civiles<\/h2>\n<p>Le cimeti\u00e8re de Lorette, ville de 4 800 habitants, \u00e9tait r\u00e9guli\u00e8rement d\u00e9grad\u00e9 par un troupeau de ch\u00e8vres sauvages qui se nourrissaient de fleurs et de plantes d\u2019ornement des tombes. En d\u00e9cembre 2021, les habitants avaient \u00e9t\u00e9 invit\u00e9s deux dimanches cons\u00e9cutifs par leur maire \u00e0 ne pas se promener \u00e0 proximit\u00e9.<\/p>\n<p>L\u2019\u00e9motion provoqu\u00e9e par la m\u00e9thode radicale employ\u00e9e par le premier magistrat de la commune avait conduit plusieurs associations de d\u00e9fense des animaux \u00e0 organiser une op\u00e9ration de sauvetage des ch\u00e8vres et du bouc survivant.<\/p>\n<p>La Soci\u00e9t\u00e9 protectrice des animaux (SPA) de Saint-Etienne, ainsi que les associations Anima et Le Cercle de Pan se sont constitu\u00e9es partie civile en vue du proc\u00e8s, pr\u00e9cise le parquet st\u00e9phanois.<\/p>\n<\/div>\n<p>Bibliographie :<\/p>\n<p>Festin de haines,<a target=\"_blank\" rel=\"nofollow\" href=\"https:\/\/www.tribunal-nature.org\/blog\/goto\/https:\/\/booknode.com\/festin_de_haines_0974683\"  target=\"_blank\" rel=\"noopener noreferrer nofollow\">(la couverture) <\/a><span><\/span>.<\/p>\n<p>Justice,<a target=\"_blank\" rel=\"nofollow\" href=\"https:\/\/www.tribunal-nature.org\/blog\/goto\/https:\/\/www.kobo.com\/fr\/fr\/ebook\/justice-93\"  target=\"_blank\" rel=\"noopener noreferrer nofollow\">Le livre <\/a><span><\/span>.<\/p>\n<p>Paroles de palais de justice,<a target=\"_blank\" rel=\"nofollow\" href=\"https:\/\/www.tribunal-nature.org\/blog\/goto\/https:\/\/booknode.com\/paroles_de_palais_de_justice_03318502\"  target=\"_blank\" rel=\"noopener noreferrer nofollow\">A voir et \u00e0 lire. <\/a><span><\/span>.<\/p>\n<\/div>\n","protected":false},"excerpt":{"rendered":"<p>Je m\u2019empresse de tout vous r\u00e9v\u00e9ler sur cet \u00e9ditorial qui vient de para\u00eetre, dont la th\u00e9matique est \u00abla justice\u00bb. Son&#8230;<\/p>\n","protected":false},"author":3,"featured_media":413,"comment_status":"closed","ping_status":"closed","sticky":false,"template":"","format":"standard","meta":{"footnotes":""},"categories":[2],"tags":[],"class_list":["post-401","post","type-post","status-publish","format-standard","has-post-thumbnail","hentry","category-droit-de-lenvironnement","wpcat-2-id"],"yoast_head":"<!-- This site is optimized with the Yoast SEO plugin v27.5 - https:\/\/yoast.com\/product\/yoast-seo-wordpress\/ -->\n<title>A d\u00e9couvrir  : un maire au tribunal pour avoir fait abattre des ch\u00e8vres en divagation - TRIBUNAL-NATURE<\/title>\n<meta name=\"description\" content=\"A d\u00e9couvrir  : un maire au tribunal pour avoir fait abattre des ch\u00e8vres en divagation article de TRIBUNAL-NATURE\" \/>\n<meta name=\"robots\" content=\"index, follow, max-snippet:-1, max-image-preview:large, max-video-preview:-1\" \/>\n<link rel=\"canonical\" href=\"https:\/\/www.tribunal-nature.org\/blog\/a-decouvrir-un-maire-au-tribunal-pour-avoir-fait-abattre-des-chevres-en-divagation\/\" \/>\n<meta property=\"og:locale\" content=\"fr_FR\" \/>\n<meta property=\"og:type\" content=\"article\" \/>\n<meta property=\"og:title\" content=\"A d\u00e9couvrir  : un maire au tribunal pour avoir fait abattre des ch\u00e8vres en divagation - TRIBUNAL-NATURE\" \/>\n<meta property=\"og:description\" content=\"A d\u00e9couvrir  : un maire au tribunal pour avoir fait abattre des ch\u00e8vres en divagation article de TRIBUNAL-NATURE\" \/>\n<meta property=\"og:url\" content=\"https:\/\/www.tribunal-nature.org\/blog\/a-decouvrir-un-maire-au-tribunal-pour-avoir-fait-abattre-des-chevres-en-divagation\/\" \/>\n<meta property=\"og:site_name\" content=\"TRIBUNAL-NATURE\" \/>\n<meta property=\"article:published_time\" content=\"2023-03-03T02:02:34+00:00\" \/>\n<meta name=\"author\" content=\"Isabelle LOUBEAU\" \/>\n<meta name=\"twitter:card\" content=\"summary_large_image\" \/>\n<meta name=\"twitter:label1\" content=\"\u00c9crit par\" \/>\n\t<meta name=\"twitter:data1\" content=\"Isabelle LOUBEAU\" \/>\n\t<meta name=\"twitter:label2\" content=\"Dur\u00e9e de lecture estim\u00e9e\" \/>\n\t<meta name=\"twitter:data2\" content=\"2 minutes\" \/>\n<script type=\"application\/ld+json\" class=\"yoast-schema-graph\">{\"@context\":\"https:\\\/\\\/schema.org\",\"@graph\":[{\"@type\":\"Article\",\"@id\":\"https:\\\/\\\/www.tribunal-nature.org\\\/blog\\\/a-decouvrir-un-maire-au-tribunal-pour-avoir-fait-abattre-des-chevres-en-divagation\\\/#article\",\"isPartOf\":{\"@id\":\"https:\\\/\\\/www.tribunal-nature.org\\\/blog\\\/a-decouvrir-un-maire-au-tribunal-pour-avoir-fait-abattre-des-chevres-en-divagation\\\/\"},\"author\":{\"name\":\"Isabelle LOUBEAU\",\"@id\":\"https:\\\/\\\/www.tribunal-nature.org\\\/blog\\\/#\\\/schema\\\/person\\\/55761caf7544da6b05b60523f2a0855f\"},\"headline\":\"A d\u00e9couvrir : un maire au tribunal pour avoir fait abattre des ch\u00e8vres en divagation\",\"datePublished\":\"2023-03-03T02:02:34+00:00\",\"mainEntityOfPage\":{\"@id\":\"https:\\\/\\\/www.tribunal-nature.org\\\/blog\\\/a-decouvrir-un-maire-au-tribunal-pour-avoir-fait-abattre-des-chevres-en-divagation\\\/\"},\"wordCount\":370,\"publisher\":{\"@id\":\"https:\\\/\\\/www.tribunal-nature.org\\\/blog\\\/#organization\"},\"image\":{\"@id\":\"https:\\\/\\\/www.tribunal-nature.org\\\/blog\\\/a-decouvrir-un-maire-au-tribunal-pour-avoir-fait-abattre-des-chevres-en-divagation\\\/#primaryimage\"},\"thumbnailUrl\":\"https:\\\/\\\/www.tribunal-nature.org\\\/blog\\\/wp-content\\\/uploads\\\/2023\\\/03\\\/des-chevres.jpg\",\"articleSection\":[\"Droit De L'Environnement:\"],\"inLanguage\":\"fr-FR\"},{\"@type\":\"WebPage\",\"@id\":\"https:\\\/\\\/www.tribunal-nature.org\\\/blog\\\/a-decouvrir-un-maire-au-tribunal-pour-avoir-fait-abattre-des-chevres-en-divagation\\\/\",\"url\":\"https:\\\/\\\/www.tribunal-nature.org\\\/blog\\\/a-decouvrir-un-maire-au-tribunal-pour-avoir-fait-abattre-des-chevres-en-divagation\\\/\",\"name\":\"A d\u00e9couvrir : un maire au tribunal pour avoir fait abattre des ch\u00e8vres en divagation - TRIBUNAL-NATURE\",\"isPartOf\":{\"@id\":\"https:\\\/\\\/www.tribunal-nature.org\\\/blog\\\/#website\"},\"primaryImageOfPage\":{\"@id\":\"https:\\\/\\\/www.tribunal-nature.org\\\/blog\\\/a-decouvrir-un-maire-au-tribunal-pour-avoir-fait-abattre-des-chevres-en-divagation\\\/#primaryimage\"},\"image\":{\"@id\":\"https:\\\/\\\/www.tribunal-nature.org\\\/blog\\\/a-decouvrir-un-maire-au-tribunal-pour-avoir-fait-abattre-des-chevres-en-divagation\\\/#primaryimage\"},\"thumbnailUrl\":\"https:\\\/\\\/www.tribunal-nature.org\\\/blog\\\/wp-content\\\/uploads\\\/2023\\\/03\\\/des-chevres.jpg\",\"datePublished\":\"2023-03-03T02:02:34+00:00\",\"description\":\"A d\u00e9couvrir : un maire au tribunal pour avoir fait abattre des ch\u00e8vres en divagation article de TRIBUNAL-NATURE\",\"breadcrumb\":{\"@id\":\"https:\\\/\\\/www.tribunal-nature.org\\\/blog\\\/a-decouvrir-un-maire-au-tribunal-pour-avoir-fait-abattre-des-chevres-en-divagation\\\/#breadcrumb\"},\"inLanguage\":\"fr-FR\",\"potentialAction\":[{\"@type\":\"ReadAction\",\"target\":[\"https:\\\/\\\/www.tribunal-nature.org\\\/blog\\\/a-decouvrir-un-maire-au-tribunal-pour-avoir-fait-abattre-des-chevres-en-divagation\\\/\"]}]},{\"@type\":\"ImageObject\",\"inLanguage\":\"fr-FR\",\"@id\":\"https:\\\/\\\/www.tribunal-nature.org\\\/blog\\\/a-decouvrir-un-maire-au-tribunal-pour-avoir-fait-abattre-des-chevres-en-divagation\\\/#primaryimage\",\"url\":\"https:\\\/\\\/www.tribunal-nature.org\\\/blog\\\/wp-content\\\/uploads\\\/2023\\\/03\\\/des-chevres.jpg\",\"contentUrl\":\"https:\\\/\\\/www.tribunal-nature.org\\\/blog\\\/wp-content\\\/uploads\\\/2023\\\/03\\\/des-chevres.jpg\",\"width\":650,\"height\":400,\"caption\":\"des chevres\"},{\"@type\":\"BreadcrumbList\",\"@id\":\"https:\\\/\\\/www.tribunal-nature.org\\\/blog\\\/a-decouvrir-un-maire-au-tribunal-pour-avoir-fait-abattre-des-chevres-en-divagation\\\/#breadcrumb\",\"itemListElement\":[{\"@type\":\"ListItem\",\"position\":1,\"name\":\"Accueil\",\"item\":\"https:\\\/\\\/www.tribunal-nature.org\\\/blog\\\/\"},{\"@type\":\"ListItem\",\"position\":2,\"name\":\"A d\u00e9couvrir : un maire au tribunal pour avoir fait abattre des ch\u00e8vres en divagation\"}]},{\"@type\":\"WebSite\",\"@id\":\"https:\\\/\\\/www.tribunal-nature.org\\\/blog\\\/#website\",\"url\":\"https:\\\/\\\/www.tribunal-nature.org\\\/blog\\\/\",\"name\":\"TRIBUNAL-NATURE\",\"description\":\"Droit De L&#039;Environnement.\",\"publisher\":{\"@id\":\"https:\\\/\\\/www.tribunal-nature.org\\\/blog\\\/#organization\"},\"potentialAction\":[{\"@type\":\"SearchAction\",\"target\":{\"@type\":\"EntryPoint\",\"urlTemplate\":\"https:\\\/\\\/www.tribunal-nature.org\\\/blog\\\/?s={search_term_string}\"},\"query-input\":{\"@type\":\"PropertyValueSpecification\",\"valueRequired\":true,\"valueName\":\"search_term_string\"}}],\"inLanguage\":\"fr-FR\"},{\"@type\":\"Organization\",\"@id\":\"https:\\\/\\\/www.tribunal-nature.org\\\/blog\\\/#organization\",\"name\":\"tribunal-nature\",\"url\":\"https:\\\/\\\/www.tribunal-nature.org\\\/blog\\\/\",\"logo\":{\"@type\":\"ImageObject\",\"inLanguage\":\"fr-FR\",\"@id\":\"https:\\\/\\\/www.tribunal-nature.org\\\/blog\\\/#\\\/schema\\\/logo\\\/image\\\/\",\"url\":\"https:\\\/\\\/www.tribunal-nature.org\\\/blog\\\/wp-content\\\/uploads\\\/2022\\\/05\\\/logo-2.png\",\"contentUrl\":\"https:\\\/\\\/www.tribunal-nature.org\\\/blog\\\/wp-content\\\/uploads\\\/2022\\\/05\\\/logo-2.png\",\"width\":180,\"height\":180,\"caption\":\"tribunal-nature\"},\"image\":{\"@id\":\"https:\\\/\\\/www.tribunal-nature.org\\\/blog\\\/#\\\/schema\\\/logo\\\/image\\\/\"}},{\"@type\":\"Person\",\"@id\":\"https:\\\/\\\/www.tribunal-nature.org\\\/blog\\\/#\\\/schema\\\/person\\\/55761caf7544da6b05b60523f2a0855f\",\"name\":\"Isabelle LOUBEAU\",\"image\":{\"@type\":\"ImageObject\",\"inLanguage\":\"fr-FR\",\"@id\":\"https:\\\/\\\/secure.gravatar.com\\\/avatar\\\/b6912620aca78633bf5d50400888815d3b38a1118e82b94050843f411f3f5972?s=96&d=mm&r=g\",\"url\":\"https:\\\/\\\/secure.gravatar.com\\\/avatar\\\/b6912620aca78633bf5d50400888815d3b38a1118e82b94050843f411f3f5972?s=96&d=mm&r=g\",\"contentUrl\":\"https:\\\/\\\/secure.gravatar.com\\\/avatar\\\/b6912620aca78633bf5d50400888815d3b38a1118e82b94050843f411f3f5972?s=96&d=mm&r=g\",\"caption\":\"Isabelle LOUBEAU\"},\"url\":\"https:\\\/\\\/www.tribunal-nature.org\\\/blog\\\/author\\\/ureisabelle\\\/\"}]}<\/script>\n<!-- \/ Yoast SEO plugin. -->","yoast_head_json":{"title":"A d\u00e9couvrir  : un maire au tribunal pour avoir fait abattre des ch\u00e8vres en divagation - TRIBUNAL-NATURE","description":"A d\u00e9couvrir  : un maire au tribunal pour avoir fait abattre des ch\u00e8vres en divagation article de TRIBUNAL-NATURE","robots":{"index":"index","follow":"follow","max-snippet":"max-snippet:-1","max-image-preview":"max-image-preview:large","max-video-preview":"max-video-preview:-1"},"canonical":"https:\/\/www.tribunal-nature.org\/blog\/a-decouvrir-un-maire-au-tribunal-pour-avoir-fait-abattre-des-chevres-en-divagation\/","og_locale":"fr_FR","og_type":"article","og_title":"A d\u00e9couvrir  : un maire au tribunal pour avoir fait abattre des ch\u00e8vres en divagation - TRIBUNAL-NATURE","og_description":"A d\u00e9couvrir  : un maire au tribunal pour avoir fait abattre des ch\u00e8vres en divagation article de TRIBUNAL-NATURE","og_url":"https:\/\/www.tribunal-nature.org\/blog\/a-decouvrir-un-maire-au-tribunal-pour-avoir-fait-abattre-des-chevres-en-divagation\/","og_site_name":"TRIBUNAL-NATURE","article_published_time":"2023-03-03T02:02:34+00:00","author":"Isabelle LOUBEAU","twitter_card":"summary_large_image","twitter_misc":{"\u00c9crit par":"Isabelle LOUBEAU","Dur\u00e9e de lecture estim\u00e9e":"2 minutes"},"schema":{"@context":"https:\/\/schema.org","@graph":[{"@type":"Article","@id":"https:\/\/www.tribunal-nature.org\/blog\/a-decouvrir-un-maire-au-tribunal-pour-avoir-fait-abattre-des-chevres-en-divagation\/#article","isPartOf":{"@id":"https:\/\/www.tribunal-nature.org\/blog\/a-decouvrir-un-maire-au-tribunal-pour-avoir-fait-abattre-des-chevres-en-divagation\/"},"author":{"name":"Isabelle LOUBEAU","@id":"https:\/\/www.tribunal-nature.org\/blog\/#\/schema\/person\/55761caf7544da6b05b60523f2a0855f"},"headline":"A d\u00e9couvrir : un maire au tribunal pour avoir fait abattre des ch\u00e8vres en divagation","datePublished":"2023-03-03T02:02:34+00:00","mainEntityOfPage":{"@id":"https:\/\/www.tribunal-nature.org\/blog\/a-decouvrir-un-maire-au-tribunal-pour-avoir-fait-abattre-des-chevres-en-divagation\/"},"wordCount":370,"publisher":{"@id":"https:\/\/www.tribunal-nature.org\/blog\/#organization"},"image":{"@id":"https:\/\/www.tribunal-nature.org\/blog\/a-decouvrir-un-maire-au-tribunal-pour-avoir-fait-abattre-des-chevres-en-divagation\/#primaryimage"},"thumbnailUrl":"https:\/\/www.tribunal-nature.org\/blog\/wp-content\/uploads\/2023\/03\/des-chevres.jpg","articleSection":["Droit De L'Environnement:"],"inLanguage":"fr-FR"},{"@type":"WebPage","@id":"https:\/\/www.tribunal-nature.org\/blog\/a-decouvrir-un-maire-au-tribunal-pour-avoir-fait-abattre-des-chevres-en-divagation\/","url":"https:\/\/www.tribunal-nature.org\/blog\/a-decouvrir-un-maire-au-tribunal-pour-avoir-fait-abattre-des-chevres-en-divagation\/","name":"A d\u00e9couvrir : un maire au tribunal pour avoir fait abattre des ch\u00e8vres en divagation - TRIBUNAL-NATURE","isPartOf":{"@id":"https:\/\/www.tribunal-nature.org\/blog\/#website"},"primaryImageOfPage":{"@id":"https:\/\/www.tribunal-nature.org\/blog\/a-decouvrir-un-maire-au-tribunal-pour-avoir-fait-abattre-des-chevres-en-divagation\/#primaryimage"},"image":{"@id":"https:\/\/www.tribunal-nature.org\/blog\/a-decouvrir-un-maire-au-tribunal-pour-avoir-fait-abattre-des-chevres-en-divagation\/#primaryimage"},"thumbnailUrl":"https:\/\/www.tribunal-nature.org\/blog\/wp-content\/uploads\/2023\/03\/des-chevres.jpg","datePublished":"2023-03-03T02:02:34+00:00","description":"A d\u00e9couvrir : un maire au tribunal pour avoir fait abattre des ch\u00e8vres en divagation article de TRIBUNAL-NATURE","breadcrumb":{"@id":"https:\/\/www.tribunal-nature.org\/blog\/a-decouvrir-un-maire-au-tribunal-pour-avoir-fait-abattre-des-chevres-en-divagation\/#breadcrumb"},"inLanguage":"fr-FR","potentialAction":[{"@type":"ReadAction","target":["https:\/\/www.tribunal-nature.org\/blog\/a-decouvrir-un-maire-au-tribunal-pour-avoir-fait-abattre-des-chevres-en-divagation\/"]}]},{"@type":"ImageObject","inLanguage":"fr-FR","@id":"https:\/\/www.tribunal-nature.org\/blog\/a-decouvrir-un-maire-au-tribunal-pour-avoir-fait-abattre-des-chevres-en-divagation\/#primaryimage","url":"https:\/\/www.tribunal-nature.org\/blog\/wp-content\/uploads\/2023\/03\/des-chevres.jpg","contentUrl":"https:\/\/www.tribunal-nature.org\/blog\/wp-content\/uploads\/2023\/03\/des-chevres.jpg","width":650,"height":400,"caption":"des chevres"},{"@type":"BreadcrumbList","@id":"https:\/\/www.tribunal-nature.org\/blog\/a-decouvrir-un-maire-au-tribunal-pour-avoir-fait-abattre-des-chevres-en-divagation\/#breadcrumb","itemListElement":[{"@type":"ListItem","position":1,"name":"Accueil","item":"https:\/\/www.tribunal-nature.org\/blog\/"},{"@type":"ListItem","position":2,"name":"A d\u00e9couvrir : un maire au tribunal pour avoir fait abattre des ch\u00e8vres en divagation"}]},{"@type":"WebSite","@id":"https:\/\/www.tribunal-nature.org\/blog\/#website","url":"https:\/\/www.tribunal-nature.org\/blog\/","name":"TRIBUNAL-NATURE","description":"Droit De L&#039;Environnement.","publisher":{"@id":"https:\/\/www.tribunal-nature.org\/blog\/#organization"},"potentialAction":[{"@type":"SearchAction","target":{"@type":"EntryPoint","urlTemplate":"https:\/\/www.tribunal-nature.org\/blog\/?s={search_term_string}"},"query-input":{"@type":"PropertyValueSpecification","valueRequired":true,"valueName":"search_term_string"}}],"inLanguage":"fr-FR"},{"@type":"Organization","@id":"https:\/\/www.tribunal-nature.org\/blog\/#organization","name":"tribunal-nature","url":"https:\/\/www.tribunal-nature.org\/blog\/","logo":{"@type":"ImageObject","inLanguage":"fr-FR","@id":"https:\/\/www.tribunal-nature.org\/blog\/#\/schema\/logo\/image\/","url":"https:\/\/www.tribunal-nature.org\/blog\/wp-content\/uploads\/2022\/05\/logo-2.png","contentUrl":"https:\/\/www.tribunal-nature.org\/blog\/wp-content\/uploads\/2022\/05\/logo-2.png","width":180,"height":180,"caption":"tribunal-nature"},"image":{"@id":"https:\/\/www.tribunal-nature.org\/blog\/#\/schema\/logo\/image\/"}},{"@type":"Person","@id":"https:\/\/www.tribunal-nature.org\/blog\/#\/schema\/person\/55761caf7544da6b05b60523f2a0855f","name":"Isabelle LOUBEAU","image":{"@type":"ImageObject","inLanguage":"fr-FR","@id":"https:\/\/secure.gravatar.com\/avatar\/b6912620aca78633bf5d50400888815d3b38a1118e82b94050843f411f3f5972?s=96&d=mm&r=g","url":"https:\/\/secure.gravatar.com\/avatar\/b6912620aca78633bf5d50400888815d3b38a1118e82b94050843f411f3f5972?s=96&d=mm&r=g","contentUrl":"https:\/\/secure.gravatar.com\/avatar\/b6912620aca78633bf5d50400888815d3b38a1118e82b94050843f411f3f5972?s=96&d=mm&r=g","caption":"Isabelle LOUBEAU"},"url":"https:\/\/www.tribunal-nature.org\/blog\/author\/ureisabelle\/"}]}},"_links":{"self":[{"href":"https:\/\/www.tribunal-nature.org\/blog\/wp-json\/wp\/v2\/posts\/401","targetHints":{"allow":["GET"]}}],"collection":[{"href":"https:\/\/www.tribunal-nature.org\/blog\/wp-json\/wp\/v2\/posts"}],"about":[{"href":"https:\/\/www.tribunal-nature.org\/blog\/wp-json\/wp\/v2\/types\/post"}],"author":[{"embeddable":true,"href":"https:\/\/www.tribunal-nature.org\/blog\/wp-json\/wp\/v2\/users\/3"}],"replies":[{"embeddable":true,"href":"https:\/\/www.tribunal-nature.org\/blog\/wp-json\/wp\/v2\/comments?post=401"}],"version-history":[{"count":0,"href":"https:\/\/www.tribunal-nature.org\/blog\/wp-json\/wp\/v2\/posts\/401\/revisions"}],"wp:featuredmedia":[{"embeddable":true,"href":"https:\/\/www.tribunal-nature.org\/blog\/wp-json\/wp\/v2\/media\/413"}],"wp:attachment":[{"href":"https:\/\/www.tribunal-nature.org\/blog\/wp-json\/wp\/v2\/media?parent=401"}],"wp:term":[{"taxonomy":"category","embeddable":true,"href":"https:\/\/www.tribunal-nature.org\/blog\/wp-json\/wp\/v2\/categories?post=401"},{"taxonomy":"post_tag","embeddable":true,"href":"https:\/\/www.tribunal-nature.org\/blog\/wp-json\/wp\/v2\/tags?post=401"}],"curies":[{"name":"wp","href":"https:\/\/api.w.org\/{rel}","templated":true}]}}