{"id":396,"date":"2023-02-25T21:01:02","date_gmt":"2023-02-25T20:01:02","guid":{"rendered":"https:\/\/www.tribunal-nature.org\/blog\/on-revient-sur-leditorial-leleve-ne-reconnait-pas-etre-lauteur-conscient-et-lucide-de-ce-drame-affirme-son-avocat\/"},"modified":"2023-02-25T21:01:02","modified_gmt":"2023-02-25T20:01:02","slug":"on-revient-sur-leditorial-leleve-ne-reconnait-pas-etre-lauteur-conscient-et-lucide-de-ce-drame-affirme-son-avocat","status":"publish","type":"post","link":"https:\/\/www.tribunal-nature.org\/blog\/on-revient-sur-leditorial-leleve-ne-reconnait-pas-etre-lauteur-conscient-et-lucide-de-ce-drame-affirme-son-avocat\/","title":{"rendered":"On revient sur l\u2019\u00e9ditorial  : l\u2019\u00e9l\u00e8ve \u00ab\u00a0ne reconna\u00eet pas \u00eatre l\u2019auteur conscient et lucide de ce drame\u00a0\u00bb, affirme son avocat"},"content":{"rendered":"<div>\n<p>Cet article, dont la th\u00e9matique est \u00ab\u00a0la justice\u00a0\u00bb, a \u00e9t\u00e9 trouv\u00e9 sur le web, notre staff est heureux de vous en proposer l\u2019essentiel dans cette publication.<\/p>\n<p>Son titre troublant (l\u2019\u00e9l\u00e8ve \u00ab\u00a0ne reconna\u00eet pas \u00eatre l\u2019auteur conscient et lucide de ce drame\u00a0\u00bb, affirme son avocat) est parlant.<\/p>\n<p>L\u2019\u00e9ditorialiste (annonc\u00e9 sous le nom  d\u2019anonymat<br \/>\n) est positivement connu.<\/p>\n<p>Les infos publi\u00e9es sont de ce fait estim\u00e9es v\u00e9ridiques.<\/p>\n<p>La date de publication est 2023-02-25 01:04:00.<\/p>\n<div id=\"js--content\">\n<p>\n  L\u2019\u00e9l\u00e8ve a \u00e9t\u00e9 mis en examen pour \u00ab\u00a0assassinat\u00a0\u00bb et plac\u00e9 en d\u00e9tention provisoire vendredi. Le procureur de la R\u00e9publique \u00e0 Bayonne s\u2019est justifi\u00e9 en affirmant que l\u2019adolescent \u00e9tait \u00ab\u00a0accessible \u00e0 une responsabilit\u00e9 p\u00e9nale\u00a0\u00bb.\n<\/p>\n<section class=\"c-signature \">\n<p>  <span class=\"text-only-for-screen-reader\">Article r\u00e9dig\u00e9 par <\/span><\/p>\n<div class=\"c-signature__images\">\n<picture class=\"picture-wrapper\"><source type=\"image\/webp\"><\/source><source><\/source>\n<\/picture><\/div>\n<\/section>\n<div class=\"c-time\">\n<p>\n    <span class=\"publication-date__published\"><br \/>\n      Publi\u00e9 <time datetime=\"2023-02-25T10:04:06+01:00\">le 25\/02\/2023 10:04<\/time><br \/>\n    <\/span>\n    <\/p>\n<p>\n    Temps de lecture :  <span>1 min.<\/span>\n  <\/p>\n<\/div>\n<div class=\"c-body\">\n<p>Le lyc\u00e9en de 16 ans soup\u00e7onn\u00e9 d\u2019avoir poignard\u00e9 mortellement sa professeure d\u2019espagnol mercredi 22 f\u00e9vrier dans son lyc\u00e9e de Saint-Jean-de-Luz (Pyr\u00e9n\u00e9es-Atlantiques)<em> \u00ab\u00a0ne reconna\u00eet pas \u00eatre l\u2019auteur conscient et lucide de ce drame\u00a0\u00bb<\/em>, affirme son avocat. Thierry Sagardoytho, invit\u00e9 samedi 25 f\u00e9vrier sur franceinfo, souligne que c\u2019est l\u00e0 <em>\u00ab\u00a0toute la question de ce dossier\u00a0\u00bb<\/em>, alors que l\u2019\u00e9l\u00e8ve a \u00e9t\u00e9 mis en examen la veille pour \u00ab\u00a0assassinat\u00a0\u00bb et plac\u00e9 en d\u00e9tention provisoire.<\/p>\n<p>L\u2019avocat r\u00e9agit vivement aux propos du procureur de la R\u00e9publique \u00e0 Bayonne, tenus jeudi 23 f\u00e9vrier. J\u00e9r\u00f4me Bourrier a affirm\u00e9 lors d\u2019une conf\u00e9rence de presse que <em>\u00ab\u00a0l\u2019adolescent appara\u00eet accessible \u00e0 une responsabilit\u00e9 p\u00e9nale sous r\u00e9serve des expertises qui devront \u00eatre ordonn\u00e9es et d\u2019une possible alt\u00e9ration de son discernement\u00a0\u00bb<\/em>.\u00a0<\/p>\n<blockquote class=\"ftvi_content_quote\">\n<p class=\"ftvi_citation_quote\">\u00ab\u00a0Dans une affaire de cette gravit\u00e9, quand on n\u2019est pas certain ou quand on ne sait pas, on se tait\u202f!\u00a0\u00bb<\/p>\n<div><cite class=\"ftvi_citation_author\">Me Thierry Sagardoytho<\/cite><\/p>\n<p class=\"ftvi_citation_source\">sur franceinfo<\/p>\n<\/div>\n<\/blockquote>\n<p><em>\u00ab\u00a0Nous sommes dans un dossier dans lequel l\u2019expert\u00a0\u00bb<\/em> sollicit\u00e9 dans un premier temps <em>\u00ab\u00a0s\u2019est aventur\u00e9 \u00e0 dire qu\u2019\u00e0 son avis, il n\u2019y avait pas d\u2019abolition, sans consultation du dossier psychiatrique ant\u00e9rieur, sans consid\u00e9ration des m\u00e9dicaments que ce gamin prenait et sans consid\u00e9ration de ce qu\u2019il a pu d\u00e9clarer aux policiers\u00a0\u00bb<\/em>, poursuit l\u2019avocat du suspect. Pour Thierry Sagardoytho, <em>\u00ab\u00a0ce n\u2019est vraiment pas s\u00e9rieux\u00a0\u00bb.<\/em><\/p>\n<p><strong>&gt;&gt; \u00ab\u00a0Elle \u00e9tait ador\u00e9e de ses \u00e9l\u00e8ves et elle les aimait\u00a0\u00bb, t\u00e9moigne le compagnon de l\u2019enseignante tu\u00e9e<\/strong><\/p>\n<p>Or, le <em>\u00ab\u00a0jeune homme\u00a0\u00bb<\/em> au c\u0153ur de l\u2019affaire <em>\u00ab\u00a0a per\u00e7u des indices de dangerosit\u00e9 sur sa personne \u00e0 travers des regards, \u00e0 travers des choses anodines\u00a0\u00bb<\/em>, explique son conseil.<em> \u00ab\u00a0Ce sont des choses qui questionnent et naturellement, la psychiatrie devra s\u2019y attacher particuli\u00e8rement\u00a0\u00bb<\/em>, ajoute-t-il. Me Thierry Sagardoytho tient \u00e0 rappeler que son client <em>\u00ab\u00a0parle \u00e0 la troisi\u00e8me personne\u00a0\u00bb<\/em>. <em>\u00ab\u00a0Ce n\u2019est pas la fa\u00e7on habituelle de d\u00e9crire les choses\u00a0\u00bb<\/em>, souligne-t-il.<\/p>\n<\/div>\n<section class=\"social-zone\">\n<p><noscript><\/p>\n<p>  <\/noscript><\/p>\n<p>          <span class=\"ftvi-btn__label\">Voir les commentaires<\/span><\/p>\n<div class=\"social-zone__wrapper\">\n<p class=\"text-only-for-screen-reader\">Partager l\u2019article sur les r\u00e9seaux sociaux :<\/p>\n<p class=\"social-zone__sentence\" aria-hidden=\"true\">Partager\u00a0:<\/p>\n<ul class=\"social-zone__list\">\n<li class=\"social-zone__item\">\n<p>    <button class=\"social twitter social--medium ftvi-click\" data-click-value=\"content::share::twitter::\/faits-divers\/professeure-poignardee-par-un-eleve-a-saint-jean-de-luz\/enseignante-tuee-a-saint-jean-de-luz-l-eleve-ne-reconnait-pas-etre-l-auteur-conscient-et-lucide-de-ce-drame-affirme-son-avocat_5679119.html\" title=\"Partager sur Twitter\" data-type=\"twitter\" data-anchor=\"\"><br \/>\n    <span aria-hidden=\"true\" class=\"social__title--hidden\">Partager sur Twitter<\/span><br \/>\n  <\/button><\/p>\n<\/li>\n<li class=\"social-zone__item\">\n<p>    <button class=\"social facebook social--medium ftvi-click\" data-click-value=\"content::share::facebook::\/faits-divers\/professeure-poignardee-par-un-eleve-a-saint-jean-de-luz\/enseignante-tuee-a-saint-jean-de-luz-l-eleve-ne-reconnait-pas-etre-l-auteur-conscient-et-lucide-de-ce-drame-affirme-son-avocat_5679119.html\" title=\"Partager sur Facebook\" data-type=\"facebook\" data-anchor=\"\"><br \/>\n    <span aria-hidden=\"true\" class=\"social__title--hidden\">Partager sur Facebook<\/span><br \/>\n  <\/button><\/p>\n<\/li>\n<li class=\"social-zone__item\">\n<p>    <button class=\"social email social--medium ftvi-click\" data-click-value=\"content::share::email::\/faits-divers\/professeure-poignardee-par-un-eleve-a-saint-jean-de-luz\/enseignante-tuee-a-saint-jean-de-luz-l-eleve-ne-reconnait-pas-etre-l-auteur-conscient-et-lucide-de-ce-drame-affirme-son-avocat_5679119.html\" title=\"Partager par mail\" data-type=\"email\" data-anchor=\"\"><br \/>\n    <span aria-hidden=\"true\" class=\"social__title--hidden\">Partager par mail<\/span><br \/>\n  <\/button><\/p>\n<\/li>\n<li class=\"social-zone__item\">\n<p>    <button class=\"social share social--medium ftvi-click\" data-click-value=\"content::share::share::\/faits-divers\/professeure-poignardee-par-un-eleve-a-saint-jean-de-luz\/enseignante-tuee-a-saint-jean-de-luz-l-eleve-ne-reconnait-pas-etre-l-auteur-conscient-et-lucide-de-ce-drame-affirme-son-avocat_5679119.html\" title=\"Partager le lien\" data-type=\"share\" data-anchor=\"\"><br \/>\n    <span aria-hidden=\"true\" class=\"social__title--hidden\">Partager le lien<\/span><br \/>\n  <\/button><\/p>\n<\/li>\n<\/ul>\n<\/div>\n<\/section>\n<\/div>\n<p><script type=\"didomi\/javascript\" data-vendor=\"c:facebookp-jUyJUEY9\" defer>\n        !function(f,b,e,v,n,t,s)\n        if(f.fbq)return;n=f.fbq=function()n.callMethod?\n        n.callMethod.apply(n,arguments):n.queue.push(arguments);\n        if(!f._fbq)f._fbq=n;n.push=n;n.loaded=!0;n.version='2.0';\n        n.queue=[];t=b.createElement(e);t.async=!0;\n        t.src=v;s=b.getElementsByTagName(e)[0];\n        s.parentNode.insertBefore(t,s)(window, document,'script',\n        '\n        fbq('init', '1407895342825011');\n        fbq('track', 'PageView');\n    <\/script><\/p>\n<p>Livres sur le m\u00eame th\u00e8me:<\/p>\n<p>\u00c9tude historique sur l\u2019organisation de la justice dans l\u2019antiquit\u00e9 et les temps modernes\/01,<a target=\"_blank\" rel=\"nofollow\" href=\"https:\/\/www.tribunal-nature.org\/blog\/goto\/https:\/\/fr.wikisource.org\/wiki\/%C3%89tude_historique_sur_l%E2%80%99organisation_de_la_justice_dans_l%E2%80%99antiquit%C3%A9_et_les_temps_modernes\/01\"  target=\"_blank\" rel=\"noopener noreferrer nofollow\">(la couverture) <\/a><span><\/span>. Disponible \u00e0 l\u2019achat sur les plateformes Amazon, Fnac, Cultura \u2026.<\/p>\n<p>La parole contraire,<a target=\"_blank\" rel=\"nofollow\" href=\"https:\/\/www.tribunal-nature.org\/blog\/goto\/https:\/\/booknode.com\/la_parole_contraire_01501614\"  target=\"_blank\" rel=\"noopener noreferrer nofollow\">Clicker Ici <\/a><span><\/span>. Disponible dans toutes les bonnes biblioth\u00e8ques de votre d\u00e9partement.<\/p>\n<p>P\u00e9nologie : ex\u00e9cution des sanctions adultes et mineurs,<a target=\"_blank\" rel=\"nofollow\" href=\"https:\/\/www.tribunal-nature.org\/blog\/goto\/https:\/\/booknode.com\/penologie_execution_des_sanctions_adultes_et_mineurs_023859\"  target=\"_blank\" rel=\"noopener noreferrer nofollow\">A voir et \u00e0 lire. <\/a><span><\/span>.<\/p>\n<\/div>\n","protected":false},"excerpt":{"rendered":"<p>Cet article, dont la th\u00e9matique est \u00ab\u00a0la justice\u00a0\u00bb, a \u00e9t\u00e9 trouv\u00e9 sur le web, notre staff est heureux de vous&#8230;<\/p>\n","protected":false},"author":3,"featured_media":418,"comment_status":"closed","ping_status":"closed","sticky":false,"template":"","format":"standard","meta":{"footnotes":""},"categories":[2],"tags":[],"class_list":["post-396","post","type-post","status-publish","format-standard","has-post-thumbnail","hentry","category-droit-de-lenvironnement","wpcat-2-id"],"yoast_head":"<!-- This site is optimized with the Yoast SEO plugin v27.5 - https:\/\/yoast.com\/product\/yoast-seo-wordpress\/ -->\n<title>On revient sur l\u2019\u00e9ditorial : l\u2019\u00e9l\u00e8ve \u00ab\u00a0ne reconna\u00eet pas \u00eatre l\u2019auteur conscient et lucide de ce drame\u00a0\u00bb, affirme son avocat - TRIBUNAL-NATURE<\/title>\n<meta name=\"description\" content=\"On revient sur l\u2019\u00e9ditorial : l\u2019\u00e9l\u00e8ve \u00ab\u00a0ne reconna\u00eet pas \u00eatre l\u2019auteur conscient et lucide de ce drame\u00a0\u00bb, affirme son avocat article de TRIBUNAL-NATURE\" \/>\n<meta name=\"robots\" content=\"index, follow, max-snippet:-1, max-image-preview:large, max-video-preview:-1\" \/>\n<link rel=\"canonical\" href=\"https:\/\/www.tribunal-nature.org\/blog\/on-revient-sur-leditorial-leleve-ne-reconnait-pas-etre-lauteur-conscient-et-lucide-de-ce-drame-affirme-son-avocat\/\" \/>\n<meta property=\"og:locale\" content=\"fr_FR\" \/>\n<meta property=\"og:type\" content=\"article\" \/>\n<meta property=\"og:title\" content=\"On revient sur l\u2019\u00e9ditorial : l\u2019\u00e9l\u00e8ve \u00ab\u00a0ne reconna\u00eet pas \u00eatre l\u2019auteur conscient et lucide de ce drame\u00a0\u00bb, affirme son avocat - TRIBUNAL-NATURE\" \/>\n<meta property=\"og:description\" content=\"On revient sur l\u2019\u00e9ditorial : l\u2019\u00e9l\u00e8ve \u00ab\u00a0ne reconna\u00eet pas \u00eatre l\u2019auteur conscient et lucide de ce drame\u00a0\u00bb, affirme son avocat article de TRIBUNAL-NATURE\" \/>\n<meta property=\"og:url\" content=\"https:\/\/www.tribunal-nature.org\/blog\/on-revient-sur-leditorial-leleve-ne-reconnait-pas-etre-lauteur-conscient-et-lucide-de-ce-drame-affirme-son-avocat\/\" \/>\n<meta property=\"og:site_name\" content=\"TRIBUNAL-NATURE\" \/>\n<meta property=\"article:published_time\" content=\"2023-02-25T20:01:02+00:00\" \/>\n<meta name=\"author\" content=\"Isabelle LOUBEAU\" \/>\n<meta name=\"twitter:card\" content=\"summary_large_image\" \/>\n<meta name=\"twitter:label1\" content=\"\u00c9crit par\" \/>\n\t<meta name=\"twitter:data1\" content=\"Isabelle LOUBEAU\" \/>\n\t<meta name=\"twitter:label2\" content=\"Dur\u00e9e de lecture estim\u00e9e\" \/>\n\t<meta name=\"twitter:data2\" content=\"3 minutes\" \/>\n<script type=\"application\/ld+json\" class=\"yoast-schema-graph\">{\"@context\":\"https:\\\/\\\/schema.org\",\"@graph\":[{\"@type\":\"Article\",\"@id\":\"https:\\\/\\\/www.tribunal-nature.org\\\/blog\\\/on-revient-sur-leditorial-leleve-ne-reconnait-pas-etre-lauteur-conscient-et-lucide-de-ce-drame-affirme-son-avocat\\\/#article\",\"isPartOf\":{\"@id\":\"https:\\\/\\\/www.tribunal-nature.org\\\/blog\\\/on-revient-sur-leditorial-leleve-ne-reconnait-pas-etre-lauteur-conscient-et-lucide-de-ce-drame-affirme-son-avocat\\\/\"},\"author\":{\"name\":\"Isabelle LOUBEAU\",\"@id\":\"https:\\\/\\\/www.tribunal-nature.org\\\/blog\\\/#\\\/schema\\\/person\\\/55761caf7544da6b05b60523f2a0855f\"},\"headline\":\"On revient sur l\u2019\u00e9ditorial : l\u2019\u00e9l\u00e8ve \u00ab\u00a0ne reconna\u00eet pas \u00eatre l\u2019auteur conscient et lucide de ce drame\u00a0\u00bb, affirme son avocat\",\"datePublished\":\"2023-02-25T20:01:02+00:00\",\"mainEntityOfPage\":{\"@id\":\"https:\\\/\\\/www.tribunal-nature.org\\\/blog\\\/on-revient-sur-leditorial-leleve-ne-reconnait-pas-etre-lauteur-conscient-et-lucide-de-ce-drame-affirme-son-avocat\\\/\"},\"wordCount\":579,\"publisher\":{\"@id\":\"https:\\\/\\\/www.tribunal-nature.org\\\/blog\\\/#organization\"},\"image\":{\"@id\":\"https:\\\/\\\/www.tribunal-nature.org\\\/blog\\\/on-revient-sur-leditorial-leleve-ne-reconnait-pas-etre-lauteur-conscient-et-lucide-de-ce-drame-affirme-son-avocat\\\/#primaryimage\"},\"thumbnailUrl\":\"https:\\\/\\\/www.tribunal-nature.org\\\/blog\\\/wp-content\\\/uploads\\\/2023\\\/03\\\/thierry-sagardoytho.jpg\",\"articleSection\":[\"Droit De L'Environnement:\"],\"inLanguage\":\"fr-FR\"},{\"@type\":\"WebPage\",\"@id\":\"https:\\\/\\\/www.tribunal-nature.org\\\/blog\\\/on-revient-sur-leditorial-leleve-ne-reconnait-pas-etre-lauteur-conscient-et-lucide-de-ce-drame-affirme-son-avocat\\\/\",\"url\":\"https:\\\/\\\/www.tribunal-nature.org\\\/blog\\\/on-revient-sur-leditorial-leleve-ne-reconnait-pas-etre-lauteur-conscient-et-lucide-de-ce-drame-affirme-son-avocat\\\/\",\"name\":\"On revient sur l\u2019\u00e9ditorial : l\u2019\u00e9l\u00e8ve \u00ab\u00a0ne reconna\u00eet pas \u00eatre l\u2019auteur conscient et lucide de ce drame\u00a0\u00bb, affirme son avocat - TRIBUNAL-NATURE\",\"isPartOf\":{\"@id\":\"https:\\\/\\\/www.tribunal-nature.org\\\/blog\\\/#website\"},\"primaryImageOfPage\":{\"@id\":\"https:\\\/\\\/www.tribunal-nature.org\\\/blog\\\/on-revient-sur-leditorial-leleve-ne-reconnait-pas-etre-lauteur-conscient-et-lucide-de-ce-drame-affirme-son-avocat\\\/#primaryimage\"},\"image\":{\"@id\":\"https:\\\/\\\/www.tribunal-nature.org\\\/blog\\\/on-revient-sur-leditorial-leleve-ne-reconnait-pas-etre-lauteur-conscient-et-lucide-de-ce-drame-affirme-son-avocat\\\/#primaryimage\"},\"thumbnailUrl\":\"https:\\\/\\\/www.tribunal-nature.org\\\/blog\\\/wp-content\\\/uploads\\\/2023\\\/03\\\/thierry-sagardoytho.jpg\",\"datePublished\":\"2023-02-25T20:01:02+00:00\",\"description\":\"On revient sur l\u2019\u00e9ditorial : l\u2019\u00e9l\u00e8ve \u00ab\u00a0ne reconna\u00eet pas \u00eatre l\u2019auteur conscient et lucide de ce drame\u00a0\u00bb, affirme son avocat article de TRIBUNAL-NATURE\",\"breadcrumb\":{\"@id\":\"https:\\\/\\\/www.tribunal-nature.org\\\/blog\\\/on-revient-sur-leditorial-leleve-ne-reconnait-pas-etre-lauteur-conscient-et-lucide-de-ce-drame-affirme-son-avocat\\\/#breadcrumb\"},\"inLanguage\":\"fr-FR\",\"potentialAction\":[{\"@type\":\"ReadAction\",\"target\":[\"https:\\\/\\\/www.tribunal-nature.org\\\/blog\\\/on-revient-sur-leditorial-leleve-ne-reconnait-pas-etre-lauteur-conscient-et-lucide-de-ce-drame-affirme-son-avocat\\\/\"]}]},{\"@type\":\"ImageObject\",\"inLanguage\":\"fr-FR\",\"@id\":\"https:\\\/\\\/www.tribunal-nature.org\\\/blog\\\/on-revient-sur-leditorial-leleve-ne-reconnait-pas-etre-lauteur-conscient-et-lucide-de-ce-drame-affirme-son-avocat\\\/#primaryimage\",\"url\":\"https:\\\/\\\/www.tribunal-nature.org\\\/blog\\\/wp-content\\\/uploads\\\/2023\\\/03\\\/thierry-sagardoytho.jpg\",\"contentUrl\":\"https:\\\/\\\/www.tribunal-nature.org\\\/blog\\\/wp-content\\\/uploads\\\/2023\\\/03\\\/thierry-sagardoytho.jpg\",\"width\":192,\"height\":192,\"caption\":\"thierry sagardoytho\"},{\"@type\":\"BreadcrumbList\",\"@id\":\"https:\\\/\\\/www.tribunal-nature.org\\\/blog\\\/on-revient-sur-leditorial-leleve-ne-reconnait-pas-etre-lauteur-conscient-et-lucide-de-ce-drame-affirme-son-avocat\\\/#breadcrumb\",\"itemListElement\":[{\"@type\":\"ListItem\",\"position\":1,\"name\":\"Accueil\",\"item\":\"https:\\\/\\\/www.tribunal-nature.org\\\/blog\\\/\"},{\"@type\":\"ListItem\",\"position\":2,\"name\":\"On revient sur l\u2019\u00e9ditorial : l\u2019\u00e9l\u00e8ve \u00ab\u00a0ne reconna\u00eet pas \u00eatre l\u2019auteur conscient et lucide de ce drame\u00a0\u00bb, affirme son avocat\"}]},{\"@type\":\"WebSite\",\"@id\":\"https:\\\/\\\/www.tribunal-nature.org\\\/blog\\\/#website\",\"url\":\"https:\\\/\\\/www.tribunal-nature.org\\\/blog\\\/\",\"name\":\"TRIBUNAL-NATURE\",\"description\":\"Droit De L&#039;Environnement.\",\"publisher\":{\"@id\":\"https:\\\/\\\/www.tribunal-nature.org\\\/blog\\\/#organization\"},\"potentialAction\":[{\"@type\":\"SearchAction\",\"target\":{\"@type\":\"EntryPoint\",\"urlTemplate\":\"https:\\\/\\\/www.tribunal-nature.org\\\/blog\\\/?s={search_term_string}\"},\"query-input\":{\"@type\":\"PropertyValueSpecification\",\"valueRequired\":true,\"valueName\":\"search_term_string\"}}],\"inLanguage\":\"fr-FR\"},{\"@type\":\"Organization\",\"@id\":\"https:\\\/\\\/www.tribunal-nature.org\\\/blog\\\/#organization\",\"name\":\"tribunal-nature\",\"url\":\"https:\\\/\\\/www.tribunal-nature.org\\\/blog\\\/\",\"logo\":{\"@type\":\"ImageObject\",\"inLanguage\":\"fr-FR\",\"@id\":\"https:\\\/\\\/www.tribunal-nature.org\\\/blog\\\/#\\\/schema\\\/logo\\\/image\\\/\",\"url\":\"https:\\\/\\\/www.tribunal-nature.org\\\/blog\\\/wp-content\\\/uploads\\\/2022\\\/05\\\/logo-2.png\",\"contentUrl\":\"https:\\\/\\\/www.tribunal-nature.org\\\/blog\\\/wp-content\\\/uploads\\\/2022\\\/05\\\/logo-2.png\",\"width\":180,\"height\":180,\"caption\":\"tribunal-nature\"},\"image\":{\"@id\":\"https:\\\/\\\/www.tribunal-nature.org\\\/blog\\\/#\\\/schema\\\/logo\\\/image\\\/\"}},{\"@type\":\"Person\",\"@id\":\"https:\\\/\\\/www.tribunal-nature.org\\\/blog\\\/#\\\/schema\\\/person\\\/55761caf7544da6b05b60523f2a0855f\",\"name\":\"Isabelle LOUBEAU\",\"image\":{\"@type\":\"ImageObject\",\"inLanguage\":\"fr-FR\",\"@id\":\"https:\\\/\\\/secure.gravatar.com\\\/avatar\\\/b6912620aca78633bf5d50400888815d3b38a1118e82b94050843f411f3f5972?s=96&d=mm&r=g\",\"url\":\"https:\\\/\\\/secure.gravatar.com\\\/avatar\\\/b6912620aca78633bf5d50400888815d3b38a1118e82b94050843f411f3f5972?s=96&d=mm&r=g\",\"contentUrl\":\"https:\\\/\\\/secure.gravatar.com\\\/avatar\\\/b6912620aca78633bf5d50400888815d3b38a1118e82b94050843f411f3f5972?s=96&d=mm&r=g\",\"caption\":\"Isabelle LOUBEAU\"},\"url\":\"https:\\\/\\\/www.tribunal-nature.org\\\/blog\\\/author\\\/ureisabelle\\\/\"}]}<\/script>\n<!-- \/ Yoast SEO plugin. -->","yoast_head_json":{"title":"On revient sur l\u2019\u00e9ditorial : l\u2019\u00e9l\u00e8ve \u00ab\u00a0ne reconna\u00eet pas \u00eatre l\u2019auteur conscient et lucide de ce drame\u00a0\u00bb, affirme son avocat - TRIBUNAL-NATURE","description":"On revient sur l\u2019\u00e9ditorial : l\u2019\u00e9l\u00e8ve \u00ab\u00a0ne reconna\u00eet pas \u00eatre l\u2019auteur conscient et lucide de ce drame\u00a0\u00bb, affirme son avocat article de TRIBUNAL-NATURE","robots":{"index":"index","follow":"follow","max-snippet":"max-snippet:-1","max-image-preview":"max-image-preview:large","max-video-preview":"max-video-preview:-1"},"canonical":"https:\/\/www.tribunal-nature.org\/blog\/on-revient-sur-leditorial-leleve-ne-reconnait-pas-etre-lauteur-conscient-et-lucide-de-ce-drame-affirme-son-avocat\/","og_locale":"fr_FR","og_type":"article","og_title":"On revient sur l\u2019\u00e9ditorial : l\u2019\u00e9l\u00e8ve \u00ab\u00a0ne reconna\u00eet pas \u00eatre l\u2019auteur conscient et lucide de ce drame\u00a0\u00bb, affirme son avocat - TRIBUNAL-NATURE","og_description":"On revient sur l\u2019\u00e9ditorial : l\u2019\u00e9l\u00e8ve \u00ab\u00a0ne reconna\u00eet pas \u00eatre l\u2019auteur conscient et lucide de ce drame\u00a0\u00bb, affirme son avocat article de TRIBUNAL-NATURE","og_url":"https:\/\/www.tribunal-nature.org\/blog\/on-revient-sur-leditorial-leleve-ne-reconnait-pas-etre-lauteur-conscient-et-lucide-de-ce-drame-affirme-son-avocat\/","og_site_name":"TRIBUNAL-NATURE","article_published_time":"2023-02-25T20:01:02+00:00","author":"Isabelle LOUBEAU","twitter_card":"summary_large_image","twitter_misc":{"\u00c9crit par":"Isabelle LOUBEAU","Dur\u00e9e de lecture estim\u00e9e":"3 minutes"},"schema":{"@context":"https:\/\/schema.org","@graph":[{"@type":"Article","@id":"https:\/\/www.tribunal-nature.org\/blog\/on-revient-sur-leditorial-leleve-ne-reconnait-pas-etre-lauteur-conscient-et-lucide-de-ce-drame-affirme-son-avocat\/#article","isPartOf":{"@id":"https:\/\/www.tribunal-nature.org\/blog\/on-revient-sur-leditorial-leleve-ne-reconnait-pas-etre-lauteur-conscient-et-lucide-de-ce-drame-affirme-son-avocat\/"},"author":{"name":"Isabelle LOUBEAU","@id":"https:\/\/www.tribunal-nature.org\/blog\/#\/schema\/person\/55761caf7544da6b05b60523f2a0855f"},"headline":"On revient sur l\u2019\u00e9ditorial : l\u2019\u00e9l\u00e8ve \u00ab\u00a0ne reconna\u00eet pas \u00eatre l\u2019auteur conscient et lucide de ce drame\u00a0\u00bb, affirme son avocat","datePublished":"2023-02-25T20:01:02+00:00","mainEntityOfPage":{"@id":"https:\/\/www.tribunal-nature.org\/blog\/on-revient-sur-leditorial-leleve-ne-reconnait-pas-etre-lauteur-conscient-et-lucide-de-ce-drame-affirme-son-avocat\/"},"wordCount":579,"publisher":{"@id":"https:\/\/www.tribunal-nature.org\/blog\/#organization"},"image":{"@id":"https:\/\/www.tribunal-nature.org\/blog\/on-revient-sur-leditorial-leleve-ne-reconnait-pas-etre-lauteur-conscient-et-lucide-de-ce-drame-affirme-son-avocat\/#primaryimage"},"thumbnailUrl":"https:\/\/www.tribunal-nature.org\/blog\/wp-content\/uploads\/2023\/03\/thierry-sagardoytho.jpg","articleSection":["Droit De L'Environnement:"],"inLanguage":"fr-FR"},{"@type":"WebPage","@id":"https:\/\/www.tribunal-nature.org\/blog\/on-revient-sur-leditorial-leleve-ne-reconnait-pas-etre-lauteur-conscient-et-lucide-de-ce-drame-affirme-son-avocat\/","url":"https:\/\/www.tribunal-nature.org\/blog\/on-revient-sur-leditorial-leleve-ne-reconnait-pas-etre-lauteur-conscient-et-lucide-de-ce-drame-affirme-son-avocat\/","name":"On revient sur l\u2019\u00e9ditorial : l\u2019\u00e9l\u00e8ve \u00ab\u00a0ne reconna\u00eet pas \u00eatre l\u2019auteur conscient et lucide de ce drame\u00a0\u00bb, affirme son avocat - TRIBUNAL-NATURE","isPartOf":{"@id":"https:\/\/www.tribunal-nature.org\/blog\/#website"},"primaryImageOfPage":{"@id":"https:\/\/www.tribunal-nature.org\/blog\/on-revient-sur-leditorial-leleve-ne-reconnait-pas-etre-lauteur-conscient-et-lucide-de-ce-drame-affirme-son-avocat\/#primaryimage"},"image":{"@id":"https:\/\/www.tribunal-nature.org\/blog\/on-revient-sur-leditorial-leleve-ne-reconnait-pas-etre-lauteur-conscient-et-lucide-de-ce-drame-affirme-son-avocat\/#primaryimage"},"thumbnailUrl":"https:\/\/www.tribunal-nature.org\/blog\/wp-content\/uploads\/2023\/03\/thierry-sagardoytho.jpg","datePublished":"2023-02-25T20:01:02+00:00","description":"On revient sur l\u2019\u00e9ditorial : l\u2019\u00e9l\u00e8ve \u00ab\u00a0ne reconna\u00eet pas \u00eatre l\u2019auteur conscient et lucide de ce drame\u00a0\u00bb, affirme son avocat article de TRIBUNAL-NATURE","breadcrumb":{"@id":"https:\/\/www.tribunal-nature.org\/blog\/on-revient-sur-leditorial-leleve-ne-reconnait-pas-etre-lauteur-conscient-et-lucide-de-ce-drame-affirme-son-avocat\/#breadcrumb"},"inLanguage":"fr-FR","potentialAction":[{"@type":"ReadAction","target":["https:\/\/www.tribunal-nature.org\/blog\/on-revient-sur-leditorial-leleve-ne-reconnait-pas-etre-lauteur-conscient-et-lucide-de-ce-drame-affirme-son-avocat\/"]}]},{"@type":"ImageObject","inLanguage":"fr-FR","@id":"https:\/\/www.tribunal-nature.org\/blog\/on-revient-sur-leditorial-leleve-ne-reconnait-pas-etre-lauteur-conscient-et-lucide-de-ce-drame-affirme-son-avocat\/#primaryimage","url":"https:\/\/www.tribunal-nature.org\/blog\/wp-content\/uploads\/2023\/03\/thierry-sagardoytho.jpg","contentUrl":"https:\/\/www.tribunal-nature.org\/blog\/wp-content\/uploads\/2023\/03\/thierry-sagardoytho.jpg","width":192,"height":192,"caption":"thierry sagardoytho"},{"@type":"BreadcrumbList","@id":"https:\/\/www.tribunal-nature.org\/blog\/on-revient-sur-leditorial-leleve-ne-reconnait-pas-etre-lauteur-conscient-et-lucide-de-ce-drame-affirme-son-avocat\/#breadcrumb","itemListElement":[{"@type":"ListItem","position":1,"name":"Accueil","item":"https:\/\/www.tribunal-nature.org\/blog\/"},{"@type":"ListItem","position":2,"name":"On revient sur l\u2019\u00e9ditorial : l\u2019\u00e9l\u00e8ve \u00ab\u00a0ne reconna\u00eet pas \u00eatre l\u2019auteur conscient et lucide de ce drame\u00a0\u00bb, affirme son avocat"}]},{"@type":"WebSite","@id":"https:\/\/www.tribunal-nature.org\/blog\/#website","url":"https:\/\/www.tribunal-nature.org\/blog\/","name":"TRIBUNAL-NATURE","description":"Droit De L&#039;Environnement.","publisher":{"@id":"https:\/\/www.tribunal-nature.org\/blog\/#organization"},"potentialAction":[{"@type":"SearchAction","target":{"@type":"EntryPoint","urlTemplate":"https:\/\/www.tribunal-nature.org\/blog\/?s={search_term_string}"},"query-input":{"@type":"PropertyValueSpecification","valueRequired":true,"valueName":"search_term_string"}}],"inLanguage":"fr-FR"},{"@type":"Organization","@id":"https:\/\/www.tribunal-nature.org\/blog\/#organization","name":"tribunal-nature","url":"https:\/\/www.tribunal-nature.org\/blog\/","logo":{"@type":"ImageObject","inLanguage":"fr-FR","@id":"https:\/\/www.tribunal-nature.org\/blog\/#\/schema\/logo\/image\/","url":"https:\/\/www.tribunal-nature.org\/blog\/wp-content\/uploads\/2022\/05\/logo-2.png","contentUrl":"https:\/\/www.tribunal-nature.org\/blog\/wp-content\/uploads\/2022\/05\/logo-2.png","width":180,"height":180,"caption":"tribunal-nature"},"image":{"@id":"https:\/\/www.tribunal-nature.org\/blog\/#\/schema\/logo\/image\/"}},{"@type":"Person","@id":"https:\/\/www.tribunal-nature.org\/blog\/#\/schema\/person\/55761caf7544da6b05b60523f2a0855f","name":"Isabelle LOUBEAU","image":{"@type":"ImageObject","inLanguage":"fr-FR","@id":"https:\/\/secure.gravatar.com\/avatar\/b6912620aca78633bf5d50400888815d3b38a1118e82b94050843f411f3f5972?s=96&d=mm&r=g","url":"https:\/\/secure.gravatar.com\/avatar\/b6912620aca78633bf5d50400888815d3b38a1118e82b94050843f411f3f5972?s=96&d=mm&r=g","contentUrl":"https:\/\/secure.gravatar.com\/avatar\/b6912620aca78633bf5d50400888815d3b38a1118e82b94050843f411f3f5972?s=96&d=mm&r=g","caption":"Isabelle LOUBEAU"},"url":"https:\/\/www.tribunal-nature.org\/blog\/author\/ureisabelle\/"}]}},"_links":{"self":[{"href":"https:\/\/www.tribunal-nature.org\/blog\/wp-json\/wp\/v2\/posts\/396","targetHints":{"allow":["GET"]}}],"collection":[{"href":"https:\/\/www.tribunal-nature.org\/blog\/wp-json\/wp\/v2\/posts"}],"about":[{"href":"https:\/\/www.tribunal-nature.org\/blog\/wp-json\/wp\/v2\/types\/post"}],"author":[{"embeddable":true,"href":"https:\/\/www.tribunal-nature.org\/blog\/wp-json\/wp\/v2\/users\/3"}],"replies":[{"embeddable":true,"href":"https:\/\/www.tribunal-nature.org\/blog\/wp-json\/wp\/v2\/comments?post=396"}],"version-history":[{"count":0,"href":"https:\/\/www.tribunal-nature.org\/blog\/wp-json\/wp\/v2\/posts\/396\/revisions"}],"wp:featuredmedia":[{"embeddable":true,"href":"https:\/\/www.tribunal-nature.org\/blog\/wp-json\/wp\/v2\/media\/418"}],"wp:attachment":[{"href":"https:\/\/www.tribunal-nature.org\/blog\/wp-json\/wp\/v2\/media?parent=396"}],"wp:term":[{"taxonomy":"category","embeddable":true,"href":"https:\/\/www.tribunal-nature.org\/blog\/wp-json\/wp\/v2\/categories?post=396"},{"taxonomy":"post_tag","embeddable":true,"href":"https:\/\/www.tribunal-nature.org\/blog\/wp-json\/wp\/v2\/tags?post=396"}],"curies":[{"name":"wp","href":"https:\/\/api.w.org\/{rel}","templated":true}]}}