{"id":387,"date":"2023-02-15T09:01:58","date_gmt":"2023-02-15T08:01:58","guid":{"rendered":"https:\/\/www.tribunal-nature.org\/blog\/edito-tout-frais-affaire-pierre-palmade-tout-savoir-sur-mourad-battikh-lavocat-des-victimes\/"},"modified":"2023-02-15T09:01:58","modified_gmt":"2023-02-15T08:01:58","slug":"edito-tout-frais-affaire-pierre-palmade-tout-savoir-sur-mourad-battikh-lavocat-des-victimes","status":"publish","type":"post","link":"https:\/\/www.tribunal-nature.org\/blog\/edito-tout-frais-affaire-pierre-palmade-tout-savoir-sur-mourad-battikh-lavocat-des-victimes\/","title":{"rendered":"Edito tout frais  : Affaire Pierre Palmade : tout savoir sur Mourad Battikh, l\u2019avocat des victimes"},"content":{"rendered":"<div>\n<p>Nous venons de remarquer ce texte sur le propos \u00ab\u00a0la justice\u00a0\u00bb. Avec r\u00e9gal nous vous en livrons l\u2019essentiel ci-dessous.<\/p>\n<p>Le titre troublant (Affaire Pierre Palmade : tout savoir sur Mourad Battikh, l\u2019avocat des victimes) en dit long.<\/p>\n<p> Identifi\u00e9 sous la signature \u00abd\u2019anonymat<br \/>\n\u00bb, l\u2019\u00e9ditorialiste est positivement connu pour d\u2019autres \u00e9ditoriaux qu\u2019il a publi\u00e9s sur le web.<\/p>\n<p>Vous pouvez par cons\u00e9quent faire confiance \u00e0 cette actualit\u00e9.<\/p>\n<p>Sachez que la date d\u2019\u00e9dition est 2023-02-14 23:30:00.<\/p>\n<div>\n<p class=\"dm_article-chapeau\">Fr\u00e9quemment invit\u00e9 sur les plateaux de t\u00e9l\u00e9vision, Mourad Battikh est l\u2019un des avocats les plus m\u00e9diatis\u00e9s du moment. De l\u2019affaire Jubillar \u00e0 celle entourant le meurtre de Sihem Belouahmia, le trentenaire repr\u00e9sente aujourd\u2019hui les victimes de l\u2019accident impliquant l\u2019humoriste Pierre Palmade.<\/p>\n<p>Un visage de plus en plus connu du grand public. Ce mardi 14 f\u00e9vrier, Me Mourad Battikh, avocat de la famille des victimes de l\u2019accident impliquant l\u2019humoriste Pierre Palmade, a pris la parole depuis son cabinet parisien pour expliquer \u00abce qu\u2019il s\u2019est pass\u00e9 pour les victimes\u00bb, \u00abdonner des nouvelles de leur \u00e9tat de sant\u00e9\u00bb et \u00abce qu\u2019elles attendent de la justice\u00bb.<\/p>\n<p>Mais ce n\u2019est pas la premi\u00e8re fois que l\u2019avocat s\u2019empare d\u2019une affaire \u00abm\u00e9diatis\u00e9e\u00bb. Fr\u00e9quemment invit\u00e9 sur les plateaux de t\u00e9l\u00e9vision, le trentenaire originaire de Melun (Seine-et-Marne) s\u2019impose dans le paysage m\u00e9diatique.<\/p>\n<h2 class=\"dm_article-paragraph-title\">\nUn parcours scolaire \u00e9clectique<\/h2>\n<p>\u00c2g\u00e9 aujourd\u2019hui de 37 ans, le Melunais a effectu\u00e9 ses \u00e9tudes \u00e0 la facult\u00e9 Assas-Melun en Seine-et-Marne o\u00f9 il a obtenu un dipl\u00f4me d\u2019\u00e9tudes universitaires g\u00e9n\u00e9rales (DEUG) en droit. Puis, il a pass\u00e9 une licence de sciences politiques \u00e0 Paris.<\/p>\n<p>Apr\u00e8s un master de relations internationales en Angleterre, le trentenaire a obtenu le dipl\u00f4me d\u2019administrateur d\u2019\u00e9lections \u00e0 la Sorbonne. Un titre qui a permis \u00e0 l\u2019avocat d\u2019entrer \u00e0 la Commission nationale des comptes de campagne et du financement politique, explique Actu.fr.<\/p>\n<div class=\"embed\">\n<div class=\"node-embed-image\">\n<img decoding=\"async\" loading=\"lazy\" alt=\"\" class=\"lazy-loaded\" data-icon=\"\" height=\"210\" src=\"https:\/\/www.tribunal-nature.org\/blog\/wp-content\/uploads\/2023\/02\/Derniere-actu-toute-fraiche-Affaire-Pierre-Palmade-tout.jpg\" title=\"Ma\u00eetre Mourad Battikh a organis\u00e9 une conf\u00e9rence de presse ce mardi.  [CNEWS]\" width=\"375\"><noscript><img decoding=\"async\" loading=\"lazy\" src=\"https:\/\/www.tribunal-nature.org\/blog\/wp-content\/uploads\/2023\/02\/Derniere-actu-toute-fraiche-Affaire-Pierre-Palmade-tout.jpg\" width=\"375\" height=\"210\" alt=\"\" title=\"Ma\u00eetre Mourad Battikh a organis\u00e9 une conf\u00e9rence de presse ce mardi.  [CNEWS]\"><\/noscript><\/div>\n<\/div>\n<p>Mais apr\u00e8s des ann\u00e9es d\u2019\u00e9tudes, Mourad Battikh se tourne finalement vers le droit dans le but d\u2019\u00ab\u0153uvrer pour la justice. Toutefois, \u00abil a fallu le temps que \u00e7a mature jusqu\u2019\u00e0 ce que le d\u00e9clic se fasse pour que j\u2019apporte ma pierre \u00e0 l\u2019\u00e9difice\u00bb, a-t-il d\u00e9clar\u00e9.<\/p>\n<p>Finalement, le Melunais obtient le concours d\u2019avocat du premier coup et pr\u00eate serment en 2018 au barreau de Paris.<\/p>\n<h2 class=\"dm_article-paragraph-title\">\nVictorieux au concours d\u2019\u00e9loquence<\/h2>\n<p>En 2019, le jeune avocat \u00e9tait parmi les 12 candidats sur 250 ayant acc\u00e9d\u00e9 au titre supr\u00eame de secr\u00e9taire de conf\u00e9rence dans le cadre du concours d\u2019\u00e9loquence \u00e0 Paris. Lors de la finale, qui s\u2019est d\u00e9roul\u00e9e \u00e0 la cour d\u2019appel de Paris, il a d\u00fb plaider durant dix minutes sur le th\u00e8me \u00abfaut-il mettre l\u2019amour \u00e0 la machine ?\u00bb.<\/p>\n<p>Un discours convaincant et une victoire pr\u00e9cieuse qui ont permis \u00e0 Mourad Battikh\u00a0de s\u2019assurer une belle notori\u00e9t\u00e9 et d\u2019acc\u00e9der aux dossiers criminels et aux affaires de terrorisme, sur d\u00e9signation du b\u00e2tonnier de Paris.<\/p>\n<div class=\"embed\">\n<div class=\"node-embed-image\">\n<img decoding=\"async\" loading=\"lazy\" alt=\"\" class=\"lazy-loaded\" data-icon=\"\" height=\"210\" src=\"https:\/\/www.tribunal-nature.org\/blog\/wp-content\/uploads\/2023\/02\/A-retenir-cette-page-web-Affaire-Pierre-Palmade.jpg\" title=\"Le corps sans vie de Sihem a \u00e9t\u00e9 retrouv\u00e9 ce jeudi 2 f\u00e9vrier.   [CNEWS]\" width=\"375\"><noscript><img decoding=\"async\" loading=\"lazy\" src=\"https:\/\/www.tribunal-nature.org\/blog\/wp-content\/uploads\/2023\/02\/A-retenir-cette-page-web-Affaire-Pierre-Palmade.jpg\" width=\"375\" height=\"210\" alt=\"\" title=\"Le corps sans vie de Sihem a \u00e9t\u00e9 retrouv\u00e9 ce jeudi 2 f\u00e9vrier.   [CNEWS]\"><\/noscript><\/div>\n<\/div>\n<h2 class=\"dm_article-paragraph-title\">\n500 dossiers actuellement trait\u00e9s<\/h2>\n<p>Me Mourad Battikh traite actuellement pr\u00e8s de 500 dossiers. N\u00e9anmoins, certains sont plus \u00abm\u00e9diatis\u00e9s\u00bb que d\u2019autres. L\u2019avocat s\u2019est d\u2019ailleurs fait remarquer d\u00e8s 2019 dans une premi\u00e8re affaire qui a fait le tour des r\u00e9seaux sociaux. \u00c0 l\u2019\u00e9poque, le trentenaire avait soutenu un collectif de lyc\u00e9ens somm\u00e9s de se mettre \u00e0 genoux par la police en marge d\u2019une manifestation lyc\u00e9enne, \u00e0 Mantes-la-Jolie, dans les Yvelines.<\/p>\n<p>Un an plus tard, il s\u2019est illustr\u00e9 dans l\u2019affaire Delphine Jubillar o\u00f9 il \u00e9tait l\u2019avocat d\u2019oncles et cousins de l\u2019infirmi\u00e8re disparue.<\/p>\n<p>Me Mourad Battikh \u00e9tait \u00e9galement l\u2019avocat d\u2019Aminata Diallo apr\u00e8s l\u2019agression de la footballeuse du PSG Kheira Hamraoui. Durant cette affaire, il avait balay\u00e9 l\u2019hypoth\u00e8se d\u2019un guet-apens orchestr\u00e9 par sa cliente afin de profiter d\u2019une blessure d\u2019Hamraoui qui \u00e9volue au m\u00eame poste qu\u2019elle.<\/p>\n<p>Plus r\u00e9cemment, il est devenu aussi l\u2019avocat de la famille de Sihem Belouamia, une jeune adolescente dont le corps a \u00e9t\u00e9 retrouv\u00e9 sans vie le 2 f\u00e9vrier dans une for\u00eat du Gard apr\u00e8s que son meurtrier pr\u00e9sum\u00e9 est pass\u00e9 aux aveux.<\/p>\n<\/div>\n<p>Bibliographie :<\/p>\n<p>Droit de l\u2019ex\u00e9cution des peines 2007-2008,<a target=\"_blank\" rel=\"nofollow\" href=\"https:\/\/www.tribunal-nature.org\/blog\/goto\/https:\/\/booknode.com\/droit_de_lexecution_des_peines_2007_2008_048238\"  target=\"_blank\" rel=\"noopener noreferrer nofollow\">Ouvrage <\/a><span><\/span>.<\/p>\n<p>La justice et son public,<a target=\"_blank\" rel=\"nofollow\" href=\"https:\/\/www.tribunal-nature.org\/blog\/goto\/https:\/\/www.kobo.com\/fr\/fr\/ebook\/la-justice-et-son-public\"  target=\"_blank\" rel=\"noopener noreferrer nofollow\">(la couverture) <\/a><span><\/span>. Disponible \u00e0 l\u2019achat sur les plateformes Amazon, Fnac, Cultura \u2026.<\/p>\n<p>Pourquoi je suis devenu\u2026 juge pour enfants,<a target=\"_blank\" rel=\"nofollow\" href=\"https:\/\/www.tribunal-nature.org\/blog\/goto\/https:\/\/booknode.com\/pourquoi_je_suis_devenu_juge_pour_enfants_020019\"  target=\"_blank\" rel=\"noopener noreferrer nofollow\">A voir et \u00e0 lire. <\/a><span><\/span>. Disponible sur internet.<\/p>\n<\/div>\n","protected":false},"excerpt":{"rendered":"<p>Nous venons de remarquer ce texte sur le propos \u00ab\u00a0la justice\u00a0\u00bb. Avec r\u00e9gal nous vous en livrons l\u2019essentiel ci-dessous. Le&#8230;<\/p>\n","protected":false},"author":3,"featured_media":388,"comment_status":"closed","ping_status":"closed","sticky":false,"template":"","format":"standard","meta":{"footnotes":""},"categories":[2],"tags":[],"class_list":["post-387","post","type-post","status-publish","format-standard","has-post-thumbnail","hentry","category-droit-de-lenvironnement","wpcat-2-id"],"yoast_head":"<!-- This site is optimized with the Yoast SEO plugin v27.5 - https:\/\/yoast.com\/product\/yoast-seo-wordpress\/ -->\n<title>Edito tout frais : Affaire Pierre Palmade : tout savoir sur Mourad Battikh, l\u2019avocat des victimes - TRIBUNAL-NATURE<\/title>\n<meta name=\"description\" content=\"Edito tout frais : Affaire Pierre Palmade : tout savoir sur Mourad Battikh, l\u2019avocat des victimes article de TRIBUNAL-NATURE\" \/>\n<meta name=\"robots\" content=\"index, follow, max-snippet:-1, max-image-preview:large, max-video-preview:-1\" \/>\n<link rel=\"canonical\" href=\"https:\/\/www.tribunal-nature.org\/blog\/edito-tout-frais-affaire-pierre-palmade-tout-savoir-sur-mourad-battikh-lavocat-des-victimes\/\" \/>\n<meta property=\"og:locale\" content=\"fr_FR\" \/>\n<meta property=\"og:type\" content=\"article\" \/>\n<meta property=\"og:title\" content=\"Edito tout frais : Affaire Pierre Palmade : tout savoir sur Mourad Battikh, l\u2019avocat des victimes - TRIBUNAL-NATURE\" \/>\n<meta property=\"og:description\" content=\"Edito tout frais : Affaire Pierre Palmade : tout savoir sur Mourad Battikh, l\u2019avocat des victimes article de TRIBUNAL-NATURE\" \/>\n<meta property=\"og:url\" content=\"https:\/\/www.tribunal-nature.org\/blog\/edito-tout-frais-affaire-pierre-palmade-tout-savoir-sur-mourad-battikh-lavocat-des-victimes\/\" \/>\n<meta property=\"og:site_name\" content=\"TRIBUNAL-NATURE\" \/>\n<meta property=\"article:published_time\" content=\"2023-02-15T08:01:58+00:00\" \/>\n<meta property=\"og:image\" content=\"https:\/\/www.tribunal-nature.org\/blog\/wp-content\/uploads\/2023\/02\/Derniere-actu-toute-fraiche-Affaire-Pierre-Palmade-tout.jpg\" \/>\n<meta name=\"author\" content=\"Isabelle LOUBEAU\" \/>\n<meta name=\"twitter:card\" content=\"summary_large_image\" \/>\n<meta name=\"twitter:label1\" content=\"\u00c9crit par\" \/>\n\t<meta name=\"twitter:data1\" content=\"Isabelle LOUBEAU\" \/>\n\t<meta name=\"twitter:label2\" content=\"Dur\u00e9e de lecture estim\u00e9e\" \/>\n\t<meta name=\"twitter:data2\" content=\"4 minutes\" \/>\n<script type=\"application\/ld+json\" class=\"yoast-schema-graph\">{\"@context\":\"https:\\\/\\\/schema.org\",\"@graph\":[{\"@type\":\"Article\",\"@id\":\"https:\\\/\\\/www.tribunal-nature.org\\\/blog\\\/edito-tout-frais-affaire-pierre-palmade-tout-savoir-sur-mourad-battikh-lavocat-des-victimes\\\/#article\",\"isPartOf\":{\"@id\":\"https:\\\/\\\/www.tribunal-nature.org\\\/blog\\\/edito-tout-frais-affaire-pierre-palmade-tout-savoir-sur-mourad-battikh-lavocat-des-victimes\\\/\"},\"author\":{\"name\":\"Isabelle LOUBEAU\",\"@id\":\"https:\\\/\\\/www.tribunal-nature.org\\\/blog\\\/#\\\/schema\\\/person\\\/55761caf7544da6b05b60523f2a0855f\"},\"headline\":\"Edito tout frais : Affaire Pierre Palmade : tout savoir sur Mourad Battikh, l\u2019avocat des victimes\",\"datePublished\":\"2023-02-15T08:01:58+00:00\",\"mainEntityOfPage\":{\"@id\":\"https:\\\/\\\/www.tribunal-nature.org\\\/blog\\\/edito-tout-frais-affaire-pierre-palmade-tout-savoir-sur-mourad-battikh-lavocat-des-victimes\\\/\"},\"wordCount\":771,\"publisher\":{\"@id\":\"https:\\\/\\\/www.tribunal-nature.org\\\/blog\\\/#organization\"},\"image\":{\"@id\":\"https:\\\/\\\/www.tribunal-nature.org\\\/blog\\\/edito-tout-frais-affaire-pierre-palmade-tout-savoir-sur-mourad-battikh-lavocat-des-victimes\\\/#primaryimage\"},\"thumbnailUrl\":\"https:\\\/\\\/www.tribunal-nature.org\\\/blog\\\/wp-content\\\/uploads\\\/2023\\\/02\\\/Derniere-actu-toute-fraiche-Affaire-Pierre-Palmade-tout.jpg\",\"articleSection\":[\"Droit De L'Environnement:\"],\"inLanguage\":\"fr-FR\"},{\"@type\":\"WebPage\",\"@id\":\"https:\\\/\\\/www.tribunal-nature.org\\\/blog\\\/edito-tout-frais-affaire-pierre-palmade-tout-savoir-sur-mourad-battikh-lavocat-des-victimes\\\/\",\"url\":\"https:\\\/\\\/www.tribunal-nature.org\\\/blog\\\/edito-tout-frais-affaire-pierre-palmade-tout-savoir-sur-mourad-battikh-lavocat-des-victimes\\\/\",\"name\":\"Edito tout frais : Affaire Pierre Palmade : tout savoir sur Mourad Battikh, l\u2019avocat des victimes - TRIBUNAL-NATURE\",\"isPartOf\":{\"@id\":\"https:\\\/\\\/www.tribunal-nature.org\\\/blog\\\/#website\"},\"primaryImageOfPage\":{\"@id\":\"https:\\\/\\\/www.tribunal-nature.org\\\/blog\\\/edito-tout-frais-affaire-pierre-palmade-tout-savoir-sur-mourad-battikh-lavocat-des-victimes\\\/#primaryimage\"},\"image\":{\"@id\":\"https:\\\/\\\/www.tribunal-nature.org\\\/blog\\\/edito-tout-frais-affaire-pierre-palmade-tout-savoir-sur-mourad-battikh-lavocat-des-victimes\\\/#primaryimage\"},\"thumbnailUrl\":\"https:\\\/\\\/www.tribunal-nature.org\\\/blog\\\/wp-content\\\/uploads\\\/2023\\\/02\\\/Derniere-actu-toute-fraiche-Affaire-Pierre-Palmade-tout.jpg\",\"datePublished\":\"2023-02-15T08:01:58+00:00\",\"description\":\"Edito tout frais : Affaire Pierre Palmade : tout savoir sur Mourad Battikh, l\u2019avocat des victimes article de TRIBUNAL-NATURE\",\"breadcrumb\":{\"@id\":\"https:\\\/\\\/www.tribunal-nature.org\\\/blog\\\/edito-tout-frais-affaire-pierre-palmade-tout-savoir-sur-mourad-battikh-lavocat-des-victimes\\\/#breadcrumb\"},\"inLanguage\":\"fr-FR\",\"potentialAction\":[{\"@type\":\"ReadAction\",\"target\":[\"https:\\\/\\\/www.tribunal-nature.org\\\/blog\\\/edito-tout-frais-affaire-pierre-palmade-tout-savoir-sur-mourad-battikh-lavocat-des-victimes\\\/\"]}]},{\"@type\":\"ImageObject\",\"inLanguage\":\"fr-FR\",\"@id\":\"https:\\\/\\\/www.tribunal-nature.org\\\/blog\\\/edito-tout-frais-affaire-pierre-palmade-tout-savoir-sur-mourad-battikh-lavocat-des-victimes\\\/#primaryimage\",\"url\":\"https:\\\/\\\/www.tribunal-nature.org\\\/blog\\\/wp-content\\\/uploads\\\/2023\\\/02\\\/Derniere-actu-toute-fraiche-Affaire-Pierre-Palmade-tout.jpg\",\"contentUrl\":\"https:\\\/\\\/www.tribunal-nature.org\\\/blog\\\/wp-content\\\/uploads\\\/2023\\\/02\\\/Derniere-actu-toute-fraiche-Affaire-Pierre-Palmade-tout.jpg\",\"width\":375,\"height\":210,\"caption\":\"Derniere actu toute fraiche Affaire Pierre Palmade tout\"},{\"@type\":\"BreadcrumbList\",\"@id\":\"https:\\\/\\\/www.tribunal-nature.org\\\/blog\\\/edito-tout-frais-affaire-pierre-palmade-tout-savoir-sur-mourad-battikh-lavocat-des-victimes\\\/#breadcrumb\",\"itemListElement\":[{\"@type\":\"ListItem\",\"position\":1,\"name\":\"Accueil\",\"item\":\"https:\\\/\\\/www.tribunal-nature.org\\\/blog\\\/\"},{\"@type\":\"ListItem\",\"position\":2,\"name\":\"Edito tout frais : Affaire Pierre Palmade : tout savoir sur Mourad Battikh, l\u2019avocat des victimes\"}]},{\"@type\":\"WebSite\",\"@id\":\"https:\\\/\\\/www.tribunal-nature.org\\\/blog\\\/#website\",\"url\":\"https:\\\/\\\/www.tribunal-nature.org\\\/blog\\\/\",\"name\":\"TRIBUNAL-NATURE\",\"description\":\"Droit De L&#039;Environnement.\",\"publisher\":{\"@id\":\"https:\\\/\\\/www.tribunal-nature.org\\\/blog\\\/#organization\"},\"potentialAction\":[{\"@type\":\"SearchAction\",\"target\":{\"@type\":\"EntryPoint\",\"urlTemplate\":\"https:\\\/\\\/www.tribunal-nature.org\\\/blog\\\/?s={search_term_string}\"},\"query-input\":{\"@type\":\"PropertyValueSpecification\",\"valueRequired\":true,\"valueName\":\"search_term_string\"}}],\"inLanguage\":\"fr-FR\"},{\"@type\":\"Organization\",\"@id\":\"https:\\\/\\\/www.tribunal-nature.org\\\/blog\\\/#organization\",\"name\":\"tribunal-nature\",\"url\":\"https:\\\/\\\/www.tribunal-nature.org\\\/blog\\\/\",\"logo\":{\"@type\":\"ImageObject\",\"inLanguage\":\"fr-FR\",\"@id\":\"https:\\\/\\\/www.tribunal-nature.org\\\/blog\\\/#\\\/schema\\\/logo\\\/image\\\/\",\"url\":\"https:\\\/\\\/www.tribunal-nature.org\\\/blog\\\/wp-content\\\/uploads\\\/2022\\\/05\\\/logo-2.png\",\"contentUrl\":\"https:\\\/\\\/www.tribunal-nature.org\\\/blog\\\/wp-content\\\/uploads\\\/2022\\\/05\\\/logo-2.png\",\"width\":180,\"height\":180,\"caption\":\"tribunal-nature\"},\"image\":{\"@id\":\"https:\\\/\\\/www.tribunal-nature.org\\\/blog\\\/#\\\/schema\\\/logo\\\/image\\\/\"}},{\"@type\":\"Person\",\"@id\":\"https:\\\/\\\/www.tribunal-nature.org\\\/blog\\\/#\\\/schema\\\/person\\\/55761caf7544da6b05b60523f2a0855f\",\"name\":\"Isabelle LOUBEAU\",\"image\":{\"@type\":\"ImageObject\",\"inLanguage\":\"fr-FR\",\"@id\":\"https:\\\/\\\/secure.gravatar.com\\\/avatar\\\/b6912620aca78633bf5d50400888815d3b38a1118e82b94050843f411f3f5972?s=96&d=mm&r=g\",\"url\":\"https:\\\/\\\/secure.gravatar.com\\\/avatar\\\/b6912620aca78633bf5d50400888815d3b38a1118e82b94050843f411f3f5972?s=96&d=mm&r=g\",\"contentUrl\":\"https:\\\/\\\/secure.gravatar.com\\\/avatar\\\/b6912620aca78633bf5d50400888815d3b38a1118e82b94050843f411f3f5972?s=96&d=mm&r=g\",\"caption\":\"Isabelle LOUBEAU\"},\"url\":\"https:\\\/\\\/www.tribunal-nature.org\\\/blog\\\/author\\\/ureisabelle\\\/\"}]}<\/script>\n<!-- \/ Yoast SEO plugin. -->","yoast_head_json":{"title":"Edito tout frais : Affaire Pierre Palmade : tout savoir sur Mourad Battikh, l\u2019avocat des victimes - TRIBUNAL-NATURE","description":"Edito tout frais : Affaire Pierre Palmade : tout savoir sur Mourad Battikh, l\u2019avocat des victimes article de TRIBUNAL-NATURE","robots":{"index":"index","follow":"follow","max-snippet":"max-snippet:-1","max-image-preview":"max-image-preview:large","max-video-preview":"max-video-preview:-1"},"canonical":"https:\/\/www.tribunal-nature.org\/blog\/edito-tout-frais-affaire-pierre-palmade-tout-savoir-sur-mourad-battikh-lavocat-des-victimes\/","og_locale":"fr_FR","og_type":"article","og_title":"Edito tout frais : Affaire Pierre Palmade : tout savoir sur Mourad Battikh, l\u2019avocat des victimes - TRIBUNAL-NATURE","og_description":"Edito tout frais : Affaire Pierre Palmade : tout savoir sur Mourad Battikh, l\u2019avocat des victimes article de TRIBUNAL-NATURE","og_url":"https:\/\/www.tribunal-nature.org\/blog\/edito-tout-frais-affaire-pierre-palmade-tout-savoir-sur-mourad-battikh-lavocat-des-victimes\/","og_site_name":"TRIBUNAL-NATURE","article_published_time":"2023-02-15T08:01:58+00:00","og_image":[{"url":"https:\/\/www.tribunal-nature.org\/blog\/wp-content\/uploads\/2023\/02\/Derniere-actu-toute-fraiche-Affaire-Pierre-Palmade-tout.jpg","type":"","width":"","height":""}],"author":"Isabelle LOUBEAU","twitter_card":"summary_large_image","twitter_misc":{"\u00c9crit par":"Isabelle LOUBEAU","Dur\u00e9e de lecture estim\u00e9e":"4 minutes"},"schema":{"@context":"https:\/\/schema.org","@graph":[{"@type":"Article","@id":"https:\/\/www.tribunal-nature.org\/blog\/edito-tout-frais-affaire-pierre-palmade-tout-savoir-sur-mourad-battikh-lavocat-des-victimes\/#article","isPartOf":{"@id":"https:\/\/www.tribunal-nature.org\/blog\/edito-tout-frais-affaire-pierre-palmade-tout-savoir-sur-mourad-battikh-lavocat-des-victimes\/"},"author":{"name":"Isabelle LOUBEAU","@id":"https:\/\/www.tribunal-nature.org\/blog\/#\/schema\/person\/55761caf7544da6b05b60523f2a0855f"},"headline":"Edito tout frais : Affaire Pierre Palmade : tout savoir sur Mourad Battikh, l\u2019avocat des victimes","datePublished":"2023-02-15T08:01:58+00:00","mainEntityOfPage":{"@id":"https:\/\/www.tribunal-nature.org\/blog\/edito-tout-frais-affaire-pierre-palmade-tout-savoir-sur-mourad-battikh-lavocat-des-victimes\/"},"wordCount":771,"publisher":{"@id":"https:\/\/www.tribunal-nature.org\/blog\/#organization"},"image":{"@id":"https:\/\/www.tribunal-nature.org\/blog\/edito-tout-frais-affaire-pierre-palmade-tout-savoir-sur-mourad-battikh-lavocat-des-victimes\/#primaryimage"},"thumbnailUrl":"https:\/\/www.tribunal-nature.org\/blog\/wp-content\/uploads\/2023\/02\/Derniere-actu-toute-fraiche-Affaire-Pierre-Palmade-tout.jpg","articleSection":["Droit De L'Environnement:"],"inLanguage":"fr-FR"},{"@type":"WebPage","@id":"https:\/\/www.tribunal-nature.org\/blog\/edito-tout-frais-affaire-pierre-palmade-tout-savoir-sur-mourad-battikh-lavocat-des-victimes\/","url":"https:\/\/www.tribunal-nature.org\/blog\/edito-tout-frais-affaire-pierre-palmade-tout-savoir-sur-mourad-battikh-lavocat-des-victimes\/","name":"Edito tout frais : Affaire Pierre Palmade : tout savoir sur Mourad Battikh, l\u2019avocat des victimes - TRIBUNAL-NATURE","isPartOf":{"@id":"https:\/\/www.tribunal-nature.org\/blog\/#website"},"primaryImageOfPage":{"@id":"https:\/\/www.tribunal-nature.org\/blog\/edito-tout-frais-affaire-pierre-palmade-tout-savoir-sur-mourad-battikh-lavocat-des-victimes\/#primaryimage"},"image":{"@id":"https:\/\/www.tribunal-nature.org\/blog\/edito-tout-frais-affaire-pierre-palmade-tout-savoir-sur-mourad-battikh-lavocat-des-victimes\/#primaryimage"},"thumbnailUrl":"https:\/\/www.tribunal-nature.org\/blog\/wp-content\/uploads\/2023\/02\/Derniere-actu-toute-fraiche-Affaire-Pierre-Palmade-tout.jpg","datePublished":"2023-02-15T08:01:58+00:00","description":"Edito tout frais : Affaire Pierre Palmade : tout savoir sur Mourad Battikh, l\u2019avocat des victimes article de TRIBUNAL-NATURE","breadcrumb":{"@id":"https:\/\/www.tribunal-nature.org\/blog\/edito-tout-frais-affaire-pierre-palmade-tout-savoir-sur-mourad-battikh-lavocat-des-victimes\/#breadcrumb"},"inLanguage":"fr-FR","potentialAction":[{"@type":"ReadAction","target":["https:\/\/www.tribunal-nature.org\/blog\/edito-tout-frais-affaire-pierre-palmade-tout-savoir-sur-mourad-battikh-lavocat-des-victimes\/"]}]},{"@type":"ImageObject","inLanguage":"fr-FR","@id":"https:\/\/www.tribunal-nature.org\/blog\/edito-tout-frais-affaire-pierre-palmade-tout-savoir-sur-mourad-battikh-lavocat-des-victimes\/#primaryimage","url":"https:\/\/www.tribunal-nature.org\/blog\/wp-content\/uploads\/2023\/02\/Derniere-actu-toute-fraiche-Affaire-Pierre-Palmade-tout.jpg","contentUrl":"https:\/\/www.tribunal-nature.org\/blog\/wp-content\/uploads\/2023\/02\/Derniere-actu-toute-fraiche-Affaire-Pierre-Palmade-tout.jpg","width":375,"height":210,"caption":"Derniere actu toute fraiche Affaire Pierre Palmade tout"},{"@type":"BreadcrumbList","@id":"https:\/\/www.tribunal-nature.org\/blog\/edito-tout-frais-affaire-pierre-palmade-tout-savoir-sur-mourad-battikh-lavocat-des-victimes\/#breadcrumb","itemListElement":[{"@type":"ListItem","position":1,"name":"Accueil","item":"https:\/\/www.tribunal-nature.org\/blog\/"},{"@type":"ListItem","position":2,"name":"Edito tout frais : Affaire Pierre Palmade : tout savoir sur Mourad Battikh, l\u2019avocat des victimes"}]},{"@type":"WebSite","@id":"https:\/\/www.tribunal-nature.org\/blog\/#website","url":"https:\/\/www.tribunal-nature.org\/blog\/","name":"TRIBUNAL-NATURE","description":"Droit De L&#039;Environnement.","publisher":{"@id":"https:\/\/www.tribunal-nature.org\/blog\/#organization"},"potentialAction":[{"@type":"SearchAction","target":{"@type":"EntryPoint","urlTemplate":"https:\/\/www.tribunal-nature.org\/blog\/?s={search_term_string}"},"query-input":{"@type":"PropertyValueSpecification","valueRequired":true,"valueName":"search_term_string"}}],"inLanguage":"fr-FR"},{"@type":"Organization","@id":"https:\/\/www.tribunal-nature.org\/blog\/#organization","name":"tribunal-nature","url":"https:\/\/www.tribunal-nature.org\/blog\/","logo":{"@type":"ImageObject","inLanguage":"fr-FR","@id":"https:\/\/www.tribunal-nature.org\/blog\/#\/schema\/logo\/image\/","url":"https:\/\/www.tribunal-nature.org\/blog\/wp-content\/uploads\/2022\/05\/logo-2.png","contentUrl":"https:\/\/www.tribunal-nature.org\/blog\/wp-content\/uploads\/2022\/05\/logo-2.png","width":180,"height":180,"caption":"tribunal-nature"},"image":{"@id":"https:\/\/www.tribunal-nature.org\/blog\/#\/schema\/logo\/image\/"}},{"@type":"Person","@id":"https:\/\/www.tribunal-nature.org\/blog\/#\/schema\/person\/55761caf7544da6b05b60523f2a0855f","name":"Isabelle LOUBEAU","image":{"@type":"ImageObject","inLanguage":"fr-FR","@id":"https:\/\/secure.gravatar.com\/avatar\/b6912620aca78633bf5d50400888815d3b38a1118e82b94050843f411f3f5972?s=96&d=mm&r=g","url":"https:\/\/secure.gravatar.com\/avatar\/b6912620aca78633bf5d50400888815d3b38a1118e82b94050843f411f3f5972?s=96&d=mm&r=g","contentUrl":"https:\/\/secure.gravatar.com\/avatar\/b6912620aca78633bf5d50400888815d3b38a1118e82b94050843f411f3f5972?s=96&d=mm&r=g","caption":"Isabelle LOUBEAU"},"url":"https:\/\/www.tribunal-nature.org\/blog\/author\/ureisabelle\/"}]}},"_links":{"self":[{"href":"https:\/\/www.tribunal-nature.org\/blog\/wp-json\/wp\/v2\/posts\/387","targetHints":{"allow":["GET"]}}],"collection":[{"href":"https:\/\/www.tribunal-nature.org\/blog\/wp-json\/wp\/v2\/posts"}],"about":[{"href":"https:\/\/www.tribunal-nature.org\/blog\/wp-json\/wp\/v2\/types\/post"}],"author":[{"embeddable":true,"href":"https:\/\/www.tribunal-nature.org\/blog\/wp-json\/wp\/v2\/users\/3"}],"replies":[{"embeddable":true,"href":"https:\/\/www.tribunal-nature.org\/blog\/wp-json\/wp\/v2\/comments?post=387"}],"version-history":[{"count":0,"href":"https:\/\/www.tribunal-nature.org\/blog\/wp-json\/wp\/v2\/posts\/387\/revisions"}],"wp:featuredmedia":[{"embeddable":true,"href":"https:\/\/www.tribunal-nature.org\/blog\/wp-json\/wp\/v2\/media\/388"}],"wp:attachment":[{"href":"https:\/\/www.tribunal-nature.org\/blog\/wp-json\/wp\/v2\/media?parent=387"}],"wp:term":[{"taxonomy":"category","embeddable":true,"href":"https:\/\/www.tribunal-nature.org\/blog\/wp-json\/wp\/v2\/categories?post=387"},{"taxonomy":"post_tag","embeddable":true,"href":"https:\/\/www.tribunal-nature.org\/blog\/wp-json\/wp\/v2\/tags?post=387"}],"curies":[{"name":"wp","href":"https:\/\/api.w.org\/{rel}","templated":true}]}}