{"id":385,"date":"2023-02-12T00:03:55","date_gmt":"2023-02-11T23:03:55","guid":{"rendered":"https:\/\/www.tribunal-nature.org\/blog\/retour-sur-larticle-un-reglement-de-comptes-de-septuagenaires-devant-le-tribunal-judiciaire-de-brest-brest\/"},"modified":"2023-02-12T00:03:55","modified_gmt":"2023-02-11T23:03:55","slug":"retour-sur-larticle-un-reglement-de-comptes-de-septuagenaires-devant-le-tribunal-judiciaire-de-brest-brest","status":"publish","type":"post","link":"https:\/\/www.tribunal-nature.org\/blog\/retour-sur-larticle-un-reglement-de-comptes-de-septuagenaires-devant-le-tribunal-judiciaire-de-brest-brest\/","title":{"rendered":"Retour sur l\u2019article  : Un r\u00e8glement de comptes de septuag\u00e9naires devant le tribunal judiciaire de Brest \u2013 Brest"},"content":{"rendered":"<div>\n<p>Sur cette publication, un tout nouvel article qui va \u00e9tendre notre revue de presse sur \u00ab\u00a0la justice\u00a0\u00bb.<\/p>\n<p>Le titre s\u00e9duisant (Un r\u00e8glement de comptes de septuag\u00e9naires devant le tribunal judiciaire de Brest \u2013 Brest) en dit long.<\/p>\n<p>Sachez que le r\u00e9dacteur (annonc\u00e9 sous le nom  d\u2019anonymat<br \/>\n) est connu et fiable pour plusieurs autres encarts qu\u2019il a publi\u00e9s sur le web.<\/p>\n<p>Vous pouvez prendre connaissance de ces infos en toute tranquillit\u00e9.<\/p>\n<p>L\u2019article mentionn\u00e9 : <\/p>\n<div>\n    <!-- Poool (noscript) --><br \/>\n    <noscript><br \/>\n        <iframe class=\"noscript-poool\" src=\"https:\/\/poool.host\/ns.html?id=ARY86-MOL8E-Y0GA8-GQB3T\"><\/iframe><br \/>\n    <\/noscript><br \/>\n    <!-- End Poool (noscript) --><\/p>\n<p>Poursuivi pour des violences conjugales commises le 6 septembre 2022 \u00e0 Plabennec, un homme de 71 ans s\u2019est pr\u00e9sent\u00e9 \u00e0 la barre du tribunal judiciaire de Brest, ce vendredi 10\u00a0f\u00e9vrier 2023.<\/p>\n<p>Le couple qui vient de f\u00eater ses noces d\u2019or (50 ans de mariage) a du plomb dans l\u2019aile depuis longtemps. Peut-on citer la phrase du g\u00e9n\u00e9ral De Gaulle \u00ab\u00a0La vieillesse est un naufrage\u00a0\u00bb pour un ancien officier de marine\u00a0? Les enfants des septuag\u00e9naires sont cat\u00e9goriques\u00a0: \u00ab\u00a0Depuis vingt ans, nos parents ont une relation toxique\u00a0!\u00a0\u00bb. L\u2019avis est partag\u00e9 par le voisinage des retrait\u00e9s\u00a0: \u00ab\u00a0Les disputes sont r\u00e9guli\u00e8res\u00a0\u00bb. Le jour de trop, c\u2019est lors du d\u00e9pannage de la chaudi\u00e8re du domicile conjugal. L\u2019homme accompagne le technicien pendant les travaux car \u00ab\u00a0la technique est son domaine r\u00e9serv\u00e9\u00a0\u00bb. Mais voil\u00e0 qu\u2019elle intervient \u00e0 la fin de l\u2019intervention pour apporter \u00ab\u00a0son grain de sel\u00a0\u00bb, selon lui. Le chauffagiste confie plus tard avoir senti \u00ab\u00a0une ambiance d\u00e9l\u00e9t\u00e8re\u00a0\u00bb, avant de confirmer avoir entendu ces paroles de l\u2019\u00e9pouse\u00a0: \u00ab\u00a0Arr\u00eate de me frapper\u00a0!\u00a0\u00bb. La plainte de la femme pour \u00ab\u00a0un coup dans le dos\u00a0\u00bb est d\u00e8s lors plausible. D\u2019autant plus d\u2019ailleurs que son mari a \u00e9t\u00e9 d\u00e9j\u00e0 condamn\u00e9 en 2013 et 2019 pour des violences conjugales \u00e0 son endroit. \u00c0 la barre, le septuag\u00e9naire, \u00ab\u00a0habitu\u00e9 \u00e0 donner des ordres\u00a0\u00bb selon ses enfants, bredouille devant la pr\u00e9sidente de l\u2019audience, Nathalie Le\u00a0Borgne.<\/p>\n<h2>Une sage peine<\/h2>\n<p>Usant d\u2019une grande diplomatie, la magistrate sent que l\u2019affaire est complexe. La discussion s\u2019\u00e9tire entre deux \u00eatres esseul\u00e9s\u00a0: elle, qui affirme \u00ab\u00a0Je ne veux pas divorcer car je n\u2019aime pas les soir\u00e9es solitaires\u00a0\u00bb, et lui, qui d\u00e9plore avoir \u00e9t\u00e9 absent pendant sa carri\u00e8re militaire \u00ab\u00a0pour avoir d\u00e9sormais du mal \u00e0 trouver sa place\u00a0\u00bb, d\u2019autant plus que sa femme se plaint de ne plus \u00ab\u00a0avoir un homme depuis son op\u00e9ration de la prostate\u00a0\u00bb. Par-dessus les violences conjugales all\u00e9gu\u00e9es, un flot de confidences intimes inonde la juridiction. L\u2019avocate de la d\u00e9fense, Me Anne-Sophie Plantec, endigue les vagues \u00e0 l\u2019\u00e2me par des mots justes qui aplanissent les d\u00e9bats par une peine de prison de six mois avec sursis, conform\u00e9ment aux r\u00e9quisitions de la repr\u00e9sentante du parquet, Isabelle Johanny.<\/p>\n<\/p>\n<p><center><span class=\"buttonOutline\">Plus d\u2019articles sur la Justice<\/span><\/center><\/div>\n<p><script> window.fbAsyncInit = function()  FB.init( appId : '380464435710462', xfbml : true, version : 'v3.2', cookie : true ); ; (function(d, s, id) var js, fjs = d.getElementsByTagName(s)[0]; if (d.getElementById(id)) return; js = d.createElement(s); js.id = id; js.src = \" fjs.parentNode.insertBefore(js, fjs); (document, 'script', 'facebook-jssdk')); <\/script><\/p>\n<p>Lecture:<\/p>\n<p>Appel \u00e0 la justice de l\u2019\u00c9tat\/Questions du baron Mas\u00e8res,<a target=\"_blank\" rel=\"nofollow\" href=\"https:\/\/www.tribunal-nature.org\/blog\/goto\/https:\/\/fr.wikisource.org\/wiki\/Appel_%C3%A0_la_justice_de_l%E2%80%99%C3%89tat\/Questions_du_baron_Mas%C3%A8res\"  target=\"_blank\" rel=\"noopener noreferrer nofollow\">A voir et \u00e0 lire. <\/a><span><\/span>.<\/p>\n<p>Les juridictions et juges de proximit\u00e9: Leur r\u00f4le concret en mati\u00e8re d\u2019acc\u00e8s \u00e0 la justice des petits litiges civils,<a target=\"_blank\" rel=\"nofollow\" href=\"https:\/\/www.tribunal-nature.org\/blog\/goto\/https:\/\/www.kobo.com\/fr\/fr\/ebook\/les-juridictions-et-juges-de-proximite-leur-role-concret-en-matiere-d-acces-a-la-justice-des-petits-litiges-civils\"  target=\"_blank\" rel=\"noopener noreferrer nofollow\">(la couverture) <\/a><span><\/span>.<\/p>\n<p>Photographie\/Soci\u00e9t\u00e9s et Organisations\/\u00c9diteurs de cartes postales\/Andr\u00e9 Boucher,<a target=\"_blank\" rel=\"nofollow\" href=\"https:\/\/www.tribunal-nature.org\/blog\/goto\/https:\/\/fr.wikibooks.org\/wiki\/Photographie\/Soci%C3%A9t%C3%A9s_et_Organisations\/%C3%89diteurs_de_cartes_postales\/Andr%C3%A9_Boucher\"  target=\"_blank\" rel=\"noopener noreferrer nofollow\">Clicker Ici <\/a><span><\/span>.<\/p>\n<\/div>\n","protected":false},"excerpt":{"rendered":"<p>Sur cette publication, un tout nouvel article qui va \u00e9tendre notre revue de presse sur \u00ab\u00a0la justice\u00a0\u00bb. Le titre s\u00e9duisant&#8230;<\/p>\n","protected":false},"author":3,"featured_media":423,"comment_status":"closed","ping_status":"closed","sticky":false,"template":"","format":"standard","meta":{"footnotes":""},"categories":[2],"tags":[],"class_list":["post-385","post","type-post","status-publish","format-standard","has-post-thumbnail","hentry","category-droit-de-lenvironnement","wpcat-2-id"],"yoast_head":"<!-- This site is optimized with the Yoast SEO plugin v27.5 - https:\/\/yoast.com\/product\/yoast-seo-wordpress\/ -->\n<title>Retour sur l\u2019article : Un r\u00e8glement de comptes de septuag\u00e9naires devant le tribunal judiciaire de Brest \u2013 Brest - TRIBUNAL-NATURE<\/title>\n<meta name=\"description\" content=\"Retour sur l\u2019article : Un r\u00e8glement de comptes de septuag\u00e9naires devant le tribunal judiciaire de Brest \u2013 Brest article de TRIBUNAL-NATURE\" \/>\n<meta name=\"robots\" content=\"index, follow, max-snippet:-1, max-image-preview:large, max-video-preview:-1\" \/>\n<link rel=\"canonical\" href=\"https:\/\/www.tribunal-nature.org\/blog\/retour-sur-larticle-un-reglement-de-comptes-de-septuagenaires-devant-le-tribunal-judiciaire-de-brest-brest\/\" \/>\n<meta property=\"og:locale\" content=\"fr_FR\" \/>\n<meta property=\"og:type\" content=\"article\" \/>\n<meta property=\"og:title\" content=\"Retour sur l\u2019article : Un r\u00e8glement de comptes de septuag\u00e9naires devant le tribunal judiciaire de Brest \u2013 Brest - TRIBUNAL-NATURE\" \/>\n<meta property=\"og:description\" content=\"Retour sur l\u2019article : Un r\u00e8glement de comptes de septuag\u00e9naires devant le tribunal judiciaire de Brest \u2013 Brest article de TRIBUNAL-NATURE\" \/>\n<meta property=\"og:url\" content=\"https:\/\/www.tribunal-nature.org\/blog\/retour-sur-larticle-un-reglement-de-comptes-de-septuagenaires-devant-le-tribunal-judiciaire-de-brest-brest\/\" \/>\n<meta property=\"og:site_name\" content=\"TRIBUNAL-NATURE\" \/>\n<meta property=\"article:published_time\" content=\"2023-02-11T23:03:55+00:00\" \/>\n<meta name=\"author\" content=\"Isabelle LOUBEAU\" \/>\n<meta name=\"twitter:card\" content=\"summary_large_image\" \/>\n<meta name=\"twitter:label1\" content=\"\u00c9crit par\" \/>\n\t<meta name=\"twitter:data1\" content=\"Isabelle LOUBEAU\" \/>\n\t<meta name=\"twitter:label2\" content=\"Dur\u00e9e de lecture estim\u00e9e\" \/>\n\t<meta name=\"twitter:data2\" content=\"3 minutes\" \/>\n<script type=\"application\/ld+json\" class=\"yoast-schema-graph\">{\"@context\":\"https:\\\/\\\/schema.org\",\"@graph\":[{\"@type\":\"Article\",\"@id\":\"https:\\\/\\\/www.tribunal-nature.org\\\/blog\\\/retour-sur-larticle-un-reglement-de-comptes-de-septuagenaires-devant-le-tribunal-judiciaire-de-brest-brest\\\/#article\",\"isPartOf\":{\"@id\":\"https:\\\/\\\/www.tribunal-nature.org\\\/blog\\\/retour-sur-larticle-un-reglement-de-comptes-de-septuagenaires-devant-le-tribunal-judiciaire-de-brest-brest\\\/\"},\"author\":{\"name\":\"Isabelle LOUBEAU\",\"@id\":\"https:\\\/\\\/www.tribunal-nature.org\\\/blog\\\/#\\\/schema\\\/person\\\/55761caf7544da6b05b60523f2a0855f\"},\"headline\":\"Retour sur l\u2019article : Un r\u00e8glement de comptes de septuag\u00e9naires devant le tribunal judiciaire de Brest \u2013 Brest\",\"datePublished\":\"2023-02-11T23:03:55+00:00\",\"mainEntityOfPage\":{\"@id\":\"https:\\\/\\\/www.tribunal-nature.org\\\/blog\\\/retour-sur-larticle-un-reglement-de-comptes-de-septuagenaires-devant-le-tribunal-judiciaire-de-brest-brest\\\/\"},\"wordCount\":547,\"publisher\":{\"@id\":\"https:\\\/\\\/www.tribunal-nature.org\\\/blog\\\/#organization\"},\"image\":{\"@id\":\"https:\\\/\\\/www.tribunal-nature.org\\\/blog\\\/retour-sur-larticle-un-reglement-de-comptes-de-septuagenaires-devant-le-tribunal-judiciaire-de-brest-brest\\\/#primaryimage\"},\"thumbnailUrl\":\"https:\\\/\\\/www.tribunal-nature.org\\\/blog\\\/wp-content\\\/uploads\\\/2023\\\/03\\\/violences-conjugales.jpg\",\"articleSection\":[\"Droit De L'Environnement:\"],\"inLanguage\":\"fr-FR\"},{\"@type\":\"WebPage\",\"@id\":\"https:\\\/\\\/www.tribunal-nature.org\\\/blog\\\/retour-sur-larticle-un-reglement-de-comptes-de-septuagenaires-devant-le-tribunal-judiciaire-de-brest-brest\\\/\",\"url\":\"https:\\\/\\\/www.tribunal-nature.org\\\/blog\\\/retour-sur-larticle-un-reglement-de-comptes-de-septuagenaires-devant-le-tribunal-judiciaire-de-brest-brest\\\/\",\"name\":\"Retour sur l\u2019article : Un r\u00e8glement de comptes de septuag\u00e9naires devant le tribunal judiciaire de Brest \u2013 Brest - TRIBUNAL-NATURE\",\"isPartOf\":{\"@id\":\"https:\\\/\\\/www.tribunal-nature.org\\\/blog\\\/#website\"},\"primaryImageOfPage\":{\"@id\":\"https:\\\/\\\/www.tribunal-nature.org\\\/blog\\\/retour-sur-larticle-un-reglement-de-comptes-de-septuagenaires-devant-le-tribunal-judiciaire-de-brest-brest\\\/#primaryimage\"},\"image\":{\"@id\":\"https:\\\/\\\/www.tribunal-nature.org\\\/blog\\\/retour-sur-larticle-un-reglement-de-comptes-de-septuagenaires-devant-le-tribunal-judiciaire-de-brest-brest\\\/#primaryimage\"},\"thumbnailUrl\":\"https:\\\/\\\/www.tribunal-nature.org\\\/blog\\\/wp-content\\\/uploads\\\/2023\\\/03\\\/violences-conjugales.jpg\",\"datePublished\":\"2023-02-11T23:03:55+00:00\",\"description\":\"Retour sur l\u2019article : Un r\u00e8glement de comptes de septuag\u00e9naires devant le tribunal judiciaire de Brest \u2013 Brest article de TRIBUNAL-NATURE\",\"breadcrumb\":{\"@id\":\"https:\\\/\\\/www.tribunal-nature.org\\\/blog\\\/retour-sur-larticle-un-reglement-de-comptes-de-septuagenaires-devant-le-tribunal-judiciaire-de-brest-brest\\\/#breadcrumb\"},\"inLanguage\":\"fr-FR\",\"potentialAction\":[{\"@type\":\"ReadAction\",\"target\":[\"https:\\\/\\\/www.tribunal-nature.org\\\/blog\\\/retour-sur-larticle-un-reglement-de-comptes-de-septuagenaires-devant-le-tribunal-judiciaire-de-brest-brest\\\/\"]}]},{\"@type\":\"ImageObject\",\"inLanguage\":\"fr-FR\",\"@id\":\"https:\\\/\\\/www.tribunal-nature.org\\\/blog\\\/retour-sur-larticle-un-reglement-de-comptes-de-septuagenaires-devant-le-tribunal-judiciaire-de-brest-brest\\\/#primaryimage\",\"url\":\"https:\\\/\\\/www.tribunal-nature.org\\\/blog\\\/wp-content\\\/uploads\\\/2023\\\/03\\\/violences-conjugales.jpg\",\"contentUrl\":\"https:\\\/\\\/www.tribunal-nature.org\\\/blog\\\/wp-content\\\/uploads\\\/2023\\\/03\\\/violences-conjugales.jpg\",\"width\":1200,\"height\":666,\"caption\":\"violences conjugales\"},{\"@type\":\"BreadcrumbList\",\"@id\":\"https:\\\/\\\/www.tribunal-nature.org\\\/blog\\\/retour-sur-larticle-un-reglement-de-comptes-de-septuagenaires-devant-le-tribunal-judiciaire-de-brest-brest\\\/#breadcrumb\",\"itemListElement\":[{\"@type\":\"ListItem\",\"position\":1,\"name\":\"Accueil\",\"item\":\"https:\\\/\\\/www.tribunal-nature.org\\\/blog\\\/\"},{\"@type\":\"ListItem\",\"position\":2,\"name\":\"Retour sur l\u2019article : Un r\u00e8glement de comptes de septuag\u00e9naires devant le tribunal judiciaire de Brest \u2013 Brest\"}]},{\"@type\":\"WebSite\",\"@id\":\"https:\\\/\\\/www.tribunal-nature.org\\\/blog\\\/#website\",\"url\":\"https:\\\/\\\/www.tribunal-nature.org\\\/blog\\\/\",\"name\":\"TRIBUNAL-NATURE\",\"description\":\"Droit De L&#039;Environnement.\",\"publisher\":{\"@id\":\"https:\\\/\\\/www.tribunal-nature.org\\\/blog\\\/#organization\"},\"potentialAction\":[{\"@type\":\"SearchAction\",\"target\":{\"@type\":\"EntryPoint\",\"urlTemplate\":\"https:\\\/\\\/www.tribunal-nature.org\\\/blog\\\/?s={search_term_string}\"},\"query-input\":{\"@type\":\"PropertyValueSpecification\",\"valueRequired\":true,\"valueName\":\"search_term_string\"}}],\"inLanguage\":\"fr-FR\"},{\"@type\":\"Organization\",\"@id\":\"https:\\\/\\\/www.tribunal-nature.org\\\/blog\\\/#organization\",\"name\":\"tribunal-nature\",\"url\":\"https:\\\/\\\/www.tribunal-nature.org\\\/blog\\\/\",\"logo\":{\"@type\":\"ImageObject\",\"inLanguage\":\"fr-FR\",\"@id\":\"https:\\\/\\\/www.tribunal-nature.org\\\/blog\\\/#\\\/schema\\\/logo\\\/image\\\/\",\"url\":\"https:\\\/\\\/www.tribunal-nature.org\\\/blog\\\/wp-content\\\/uploads\\\/2022\\\/05\\\/logo-2.png\",\"contentUrl\":\"https:\\\/\\\/www.tribunal-nature.org\\\/blog\\\/wp-content\\\/uploads\\\/2022\\\/05\\\/logo-2.png\",\"width\":180,\"height\":180,\"caption\":\"tribunal-nature\"},\"image\":{\"@id\":\"https:\\\/\\\/www.tribunal-nature.org\\\/blog\\\/#\\\/schema\\\/logo\\\/image\\\/\"}},{\"@type\":\"Person\",\"@id\":\"https:\\\/\\\/www.tribunal-nature.org\\\/blog\\\/#\\\/schema\\\/person\\\/55761caf7544da6b05b60523f2a0855f\",\"name\":\"Isabelle LOUBEAU\",\"image\":{\"@type\":\"ImageObject\",\"inLanguage\":\"fr-FR\",\"@id\":\"https:\\\/\\\/secure.gravatar.com\\\/avatar\\\/b6912620aca78633bf5d50400888815d3b38a1118e82b94050843f411f3f5972?s=96&d=mm&r=g\",\"url\":\"https:\\\/\\\/secure.gravatar.com\\\/avatar\\\/b6912620aca78633bf5d50400888815d3b38a1118e82b94050843f411f3f5972?s=96&d=mm&r=g\",\"contentUrl\":\"https:\\\/\\\/secure.gravatar.com\\\/avatar\\\/b6912620aca78633bf5d50400888815d3b38a1118e82b94050843f411f3f5972?s=96&d=mm&r=g\",\"caption\":\"Isabelle LOUBEAU\"},\"url\":\"https:\\\/\\\/www.tribunal-nature.org\\\/blog\\\/author\\\/ureisabelle\\\/\"}]}<\/script>\n<!-- \/ Yoast SEO plugin. -->","yoast_head_json":{"title":"Retour sur l\u2019article : Un r\u00e8glement de comptes de septuag\u00e9naires devant le tribunal judiciaire de Brest \u2013 Brest - TRIBUNAL-NATURE","description":"Retour sur l\u2019article : Un r\u00e8glement de comptes de septuag\u00e9naires devant le tribunal judiciaire de Brest \u2013 Brest article de TRIBUNAL-NATURE","robots":{"index":"index","follow":"follow","max-snippet":"max-snippet:-1","max-image-preview":"max-image-preview:large","max-video-preview":"max-video-preview:-1"},"canonical":"https:\/\/www.tribunal-nature.org\/blog\/retour-sur-larticle-un-reglement-de-comptes-de-septuagenaires-devant-le-tribunal-judiciaire-de-brest-brest\/","og_locale":"fr_FR","og_type":"article","og_title":"Retour sur l\u2019article : Un r\u00e8glement de comptes de septuag\u00e9naires devant le tribunal judiciaire de Brest \u2013 Brest - TRIBUNAL-NATURE","og_description":"Retour sur l\u2019article : Un r\u00e8glement de comptes de septuag\u00e9naires devant le tribunal judiciaire de Brest \u2013 Brest article de TRIBUNAL-NATURE","og_url":"https:\/\/www.tribunal-nature.org\/blog\/retour-sur-larticle-un-reglement-de-comptes-de-septuagenaires-devant-le-tribunal-judiciaire-de-brest-brest\/","og_site_name":"TRIBUNAL-NATURE","article_published_time":"2023-02-11T23:03:55+00:00","author":"Isabelle LOUBEAU","twitter_card":"summary_large_image","twitter_misc":{"\u00c9crit par":"Isabelle LOUBEAU","Dur\u00e9e de lecture estim\u00e9e":"3 minutes"},"schema":{"@context":"https:\/\/schema.org","@graph":[{"@type":"Article","@id":"https:\/\/www.tribunal-nature.org\/blog\/retour-sur-larticle-un-reglement-de-comptes-de-septuagenaires-devant-le-tribunal-judiciaire-de-brest-brest\/#article","isPartOf":{"@id":"https:\/\/www.tribunal-nature.org\/blog\/retour-sur-larticle-un-reglement-de-comptes-de-septuagenaires-devant-le-tribunal-judiciaire-de-brest-brest\/"},"author":{"name":"Isabelle LOUBEAU","@id":"https:\/\/www.tribunal-nature.org\/blog\/#\/schema\/person\/55761caf7544da6b05b60523f2a0855f"},"headline":"Retour sur l\u2019article : Un r\u00e8glement de comptes de septuag\u00e9naires devant le tribunal judiciaire de Brest \u2013 Brest","datePublished":"2023-02-11T23:03:55+00:00","mainEntityOfPage":{"@id":"https:\/\/www.tribunal-nature.org\/blog\/retour-sur-larticle-un-reglement-de-comptes-de-septuagenaires-devant-le-tribunal-judiciaire-de-brest-brest\/"},"wordCount":547,"publisher":{"@id":"https:\/\/www.tribunal-nature.org\/blog\/#organization"},"image":{"@id":"https:\/\/www.tribunal-nature.org\/blog\/retour-sur-larticle-un-reglement-de-comptes-de-septuagenaires-devant-le-tribunal-judiciaire-de-brest-brest\/#primaryimage"},"thumbnailUrl":"https:\/\/www.tribunal-nature.org\/blog\/wp-content\/uploads\/2023\/03\/violences-conjugales.jpg","articleSection":["Droit De L'Environnement:"],"inLanguage":"fr-FR"},{"@type":"WebPage","@id":"https:\/\/www.tribunal-nature.org\/blog\/retour-sur-larticle-un-reglement-de-comptes-de-septuagenaires-devant-le-tribunal-judiciaire-de-brest-brest\/","url":"https:\/\/www.tribunal-nature.org\/blog\/retour-sur-larticle-un-reglement-de-comptes-de-septuagenaires-devant-le-tribunal-judiciaire-de-brest-brest\/","name":"Retour sur l\u2019article : Un r\u00e8glement de comptes de septuag\u00e9naires devant le tribunal judiciaire de Brest \u2013 Brest - TRIBUNAL-NATURE","isPartOf":{"@id":"https:\/\/www.tribunal-nature.org\/blog\/#website"},"primaryImageOfPage":{"@id":"https:\/\/www.tribunal-nature.org\/blog\/retour-sur-larticle-un-reglement-de-comptes-de-septuagenaires-devant-le-tribunal-judiciaire-de-brest-brest\/#primaryimage"},"image":{"@id":"https:\/\/www.tribunal-nature.org\/blog\/retour-sur-larticle-un-reglement-de-comptes-de-septuagenaires-devant-le-tribunal-judiciaire-de-brest-brest\/#primaryimage"},"thumbnailUrl":"https:\/\/www.tribunal-nature.org\/blog\/wp-content\/uploads\/2023\/03\/violences-conjugales.jpg","datePublished":"2023-02-11T23:03:55+00:00","description":"Retour sur l\u2019article : Un r\u00e8glement de comptes de septuag\u00e9naires devant le tribunal judiciaire de Brest \u2013 Brest article de TRIBUNAL-NATURE","breadcrumb":{"@id":"https:\/\/www.tribunal-nature.org\/blog\/retour-sur-larticle-un-reglement-de-comptes-de-septuagenaires-devant-le-tribunal-judiciaire-de-brest-brest\/#breadcrumb"},"inLanguage":"fr-FR","potentialAction":[{"@type":"ReadAction","target":["https:\/\/www.tribunal-nature.org\/blog\/retour-sur-larticle-un-reglement-de-comptes-de-septuagenaires-devant-le-tribunal-judiciaire-de-brest-brest\/"]}]},{"@type":"ImageObject","inLanguage":"fr-FR","@id":"https:\/\/www.tribunal-nature.org\/blog\/retour-sur-larticle-un-reglement-de-comptes-de-septuagenaires-devant-le-tribunal-judiciaire-de-brest-brest\/#primaryimage","url":"https:\/\/www.tribunal-nature.org\/blog\/wp-content\/uploads\/2023\/03\/violences-conjugales.jpg","contentUrl":"https:\/\/www.tribunal-nature.org\/blog\/wp-content\/uploads\/2023\/03\/violences-conjugales.jpg","width":1200,"height":666,"caption":"violences conjugales"},{"@type":"BreadcrumbList","@id":"https:\/\/www.tribunal-nature.org\/blog\/retour-sur-larticle-un-reglement-de-comptes-de-septuagenaires-devant-le-tribunal-judiciaire-de-brest-brest\/#breadcrumb","itemListElement":[{"@type":"ListItem","position":1,"name":"Accueil","item":"https:\/\/www.tribunal-nature.org\/blog\/"},{"@type":"ListItem","position":2,"name":"Retour sur l\u2019article : Un r\u00e8glement de comptes de septuag\u00e9naires devant le tribunal judiciaire de Brest \u2013 Brest"}]},{"@type":"WebSite","@id":"https:\/\/www.tribunal-nature.org\/blog\/#website","url":"https:\/\/www.tribunal-nature.org\/blog\/","name":"TRIBUNAL-NATURE","description":"Droit De L&#039;Environnement.","publisher":{"@id":"https:\/\/www.tribunal-nature.org\/blog\/#organization"},"potentialAction":[{"@type":"SearchAction","target":{"@type":"EntryPoint","urlTemplate":"https:\/\/www.tribunal-nature.org\/blog\/?s={search_term_string}"},"query-input":{"@type":"PropertyValueSpecification","valueRequired":true,"valueName":"search_term_string"}}],"inLanguage":"fr-FR"},{"@type":"Organization","@id":"https:\/\/www.tribunal-nature.org\/blog\/#organization","name":"tribunal-nature","url":"https:\/\/www.tribunal-nature.org\/blog\/","logo":{"@type":"ImageObject","inLanguage":"fr-FR","@id":"https:\/\/www.tribunal-nature.org\/blog\/#\/schema\/logo\/image\/","url":"https:\/\/www.tribunal-nature.org\/blog\/wp-content\/uploads\/2022\/05\/logo-2.png","contentUrl":"https:\/\/www.tribunal-nature.org\/blog\/wp-content\/uploads\/2022\/05\/logo-2.png","width":180,"height":180,"caption":"tribunal-nature"},"image":{"@id":"https:\/\/www.tribunal-nature.org\/blog\/#\/schema\/logo\/image\/"}},{"@type":"Person","@id":"https:\/\/www.tribunal-nature.org\/blog\/#\/schema\/person\/55761caf7544da6b05b60523f2a0855f","name":"Isabelle LOUBEAU","image":{"@type":"ImageObject","inLanguage":"fr-FR","@id":"https:\/\/secure.gravatar.com\/avatar\/b6912620aca78633bf5d50400888815d3b38a1118e82b94050843f411f3f5972?s=96&d=mm&r=g","url":"https:\/\/secure.gravatar.com\/avatar\/b6912620aca78633bf5d50400888815d3b38a1118e82b94050843f411f3f5972?s=96&d=mm&r=g","contentUrl":"https:\/\/secure.gravatar.com\/avatar\/b6912620aca78633bf5d50400888815d3b38a1118e82b94050843f411f3f5972?s=96&d=mm&r=g","caption":"Isabelle LOUBEAU"},"url":"https:\/\/www.tribunal-nature.org\/blog\/author\/ureisabelle\/"}]}},"_links":{"self":[{"href":"https:\/\/www.tribunal-nature.org\/blog\/wp-json\/wp\/v2\/posts\/385","targetHints":{"allow":["GET"]}}],"collection":[{"href":"https:\/\/www.tribunal-nature.org\/blog\/wp-json\/wp\/v2\/posts"}],"about":[{"href":"https:\/\/www.tribunal-nature.org\/blog\/wp-json\/wp\/v2\/types\/post"}],"author":[{"embeddable":true,"href":"https:\/\/www.tribunal-nature.org\/blog\/wp-json\/wp\/v2\/users\/3"}],"replies":[{"embeddable":true,"href":"https:\/\/www.tribunal-nature.org\/blog\/wp-json\/wp\/v2\/comments?post=385"}],"version-history":[{"count":0,"href":"https:\/\/www.tribunal-nature.org\/blog\/wp-json\/wp\/v2\/posts\/385\/revisions"}],"wp:featuredmedia":[{"embeddable":true,"href":"https:\/\/www.tribunal-nature.org\/blog\/wp-json\/wp\/v2\/media\/423"}],"wp:attachment":[{"href":"https:\/\/www.tribunal-nature.org\/blog\/wp-json\/wp\/v2\/media?parent=385"}],"wp:term":[{"taxonomy":"category","embeddable":true,"href":"https:\/\/www.tribunal-nature.org\/blog\/wp-json\/wp\/v2\/categories?post=385"},{"taxonomy":"post_tag","embeddable":true,"href":"https:\/\/www.tribunal-nature.org\/blog\/wp-json\/wp\/v2\/tags?post=385"}],"curies":[{"name":"wp","href":"https:\/\/api.w.org\/{rel}","templated":true}]}}