{"id":379,"date":"2023-02-07T03:00:24","date_gmt":"2023-02-07T02:00:24","guid":{"rendered":"https:\/\/www.tribunal-nature.org\/blog\/cela-se-propage-sur-le-web-en-direct-justice-un-avocat-demande-une-enquete-du-ministere-dans-une-procedure-ouverte-depuis-24-ans\/"},"modified":"2023-02-07T03:00:24","modified_gmt":"2023-02-07T02:00:24","slug":"cela-se-propage-sur-le-web-en-direct-justice-un-avocat-demande-une-enquete-du-ministere-dans-une-procedure-ouverte-depuis-24-ans","status":"publish","type":"post","link":"https:\/\/www.tribunal-nature.org\/blog\/cela-se-propage-sur-le-web-en-direct-justice-un-avocat-demande-une-enquete-du-ministere-dans-une-procedure-ouverte-depuis-24-ans\/","title":{"rendered":"Cela se propage sur le web  : En direct | Justice : un avocat demande une enqu\u00eate du minist\u00e8re dans une proc\u00e9dure ouverte depuis 24 ans"},"content":{"rendered":"<div>\n<p>Voici l\u2019essentiel d\u2019un article que je viens de identifier sur internet. Le sujet va ouvertement vous plaire. Car le th\u00e8me est \u00ab\u00a0la justice\u00a0\u00bb.<\/p>\n<p>Son titre s\u00e9duisant (En direct | Justice : un avocat demande une enqu\u00eate du minist\u00e8re dans une proc\u00e9dure ouverte depuis 24 ans) est \u00e9vocateur.<\/p>\n<p>Sachez que le chroniqueur (identifi\u00e9 sous le nom  d\u2019anonymat<br \/>\n) est positivement connu pour plusieurs autres textes qu\u2019il a publi\u00e9s sur le web.<\/p>\n<p>La fiabilit\u00e9 est ainsi s\u00e9rieuse en ce qui concerne ce papier.<\/p>\n<p>Sachez que la date de parution est 2023-02-06 12:32:00.<\/p>\n<p>Voil\u00e0 lle texte  : <\/p>\n<div>\n<p class=\"text-article\">Des parties civiles dans l\u2019affaire de l\u2019Institut Aubert, li\u00e9e \u00e0 la scientologie, ont demand\u00e9 ce lundi au garde des Sceaux d\u2019ordonner une enqu\u00eate de l\u2019Inspection g\u00e9n\u00e9rale de la justice (IGJ) sur les <em>\u00ab\u00a0dysfonctionnements\u00a0\u00bb<\/em> de cette affaire, dont le proc\u00e8s doit enfin s\u2019ouvrir mercredi, 24 ans apr\u00e8s le d\u00e9but de l\u2019instruction.<\/p>\n<p class=\"text-article\">L\u2019Institut Aubert, une ancienne \u00e9cole priv\u00e9e de Vincennes (Val-de-Marne), est accus\u00e9 d\u2019avoir appliqu\u00e9 \u00e0 l\u2019insu de parents d\u2019\u00e9l\u00e8ves des pr\u00e9ceptes de l\u2019Eglise de scientologie, class\u00e9e en France parmi les sectes par plusieurs rapports parlementaires.<\/p>\n<p class=\"text-article\">Instruite \u00e0 Cr\u00e9teil depuis 1999, cette affaire, pass\u00e9e entre les mains de dix juges d\u2019instruction, avait conduit en 2012 au renvoi devant un tribunal de trois personnes puis, sept ans plus tard, de deux autres personnes et d\u2019une association scientologue. Il a fallu attendre encore trois ans pour que son proc\u00e8s soit audienc\u00e9.<\/p>\n<p class=\"text-article\">C\u2019est une v\u00e9ritable <em>\u00ab\u00a0maltraitance judiciaire envers les justiciables\u00a0\u00bb<\/em>, a d\u00e9nonc\u00e9, dans un courrier adress\u00e9 lundi au garde des Sceaux, Me Olivier Morice, qui repr\u00e9sente plusieurs anciennes \u00e9l\u00e8ves et leurs parents.<\/p>\n<p class=\"text-article\"><em>\u00ab\u00a0Rien ne vient justifier un tel traitement, puisque cette affaire ne pr\u00e9sentait aucun caract\u00e8re complexe\u00a0\u00bb<\/em>, \u00e9crit-il \u00e9galement dans son courrier, consult\u00e9 par l\u2019AFP.<\/p>\n<p class=\"text-article\">Contact\u00e9 lundi par l\u2019AFP, le parquet de Cr\u00e9teil n\u2019a pas comment\u00e9 cette demande de saisine de l\u2019IGJ.<\/p>\n<p class=\"text-article\">Devant la Cour europ\u00e9enne des droits de l\u2019Homme, le gouvernement fran\u00e7ais avait reconnu en mars 2022 que l\u2019instruction de cette affaire avait <em>\u00ab\u00a0m\u00e9connu les dispositions\u00a0\u00bb<\/em> de la Convention europ\u00e9enne des droits de l\u2019Homme sur la dur\u00e9e raisonnable d\u2019une proc\u00e9dure p\u00e9nale.<\/p>\n<p class=\"text-article\">Le gouvernement s\u2019\u00e9tait ainsi engag\u00e9 \u00e0 verser 39 500 euros aux quatre requ\u00e9rants qui avaient saisi la CEDH.<\/p>\n<p class=\"text-article\"><em>\u00ab\u00a0Le d\u00e9lai anormalement long de la proc\u00e9dure r\u00e9sulte de multiples facteurs, notamment de la pluralit\u00e9 de juridictions ayant eu \u00e0 en conna\u00eetre. En tout \u00e9tat de cause, il ne saurait \u00eatre r\u00e9duit \u00e0 une question d\u2019audiencement\u00a0\u00bb<\/em>, avaient alors r\u00e9agi les chefs de juridiction du tribunal de Cr\u00e9teil.<\/p>\n<p class=\"text-article\">Le proc\u00e8s devait se tenir en octobre 2022, mais a \u00e9t\u00e9 renvoy\u00e9 au 8 f\u00e9vrier 2023, dans l\u2019attente d\u2019un arr\u00eat de la Cour de cassation sur la longueur excessive de certaines proc\u00e9dures p\u00e9nales.<\/p>\n<p class=\"text-article\">Depuis, cet arr\u00eat a \u00e9t\u00e9 rendu. La plus haute juridiction de l\u2019ordre judiciaire a ainsi estim\u00e9, en novembre dernier, que la dur\u00e9e d\u00e9raisonnable d\u2019une enqu\u00eate ou l\u2019audiencement tardif devant un tribunal ouvrait le droit aux justiciables de solliciter une r\u00e9paration financi\u00e8re, mais n\u2019invalidait pas la proc\u00e9dure p\u00e9nale.<\/p>\n<p class=\"text-article\">Cette jurisprudence clairement \u00e9tablie, le proc\u00e8s de l\u2019Institut Aubert peut commencer mercredi.<\/p>\n<\/div>\n<p>Bibliographie :<\/p>\n<p>Appel \u00e0 la justice de l\u2019\u00c9tat\/Troisi\u00e8me lettre \u00e0 milord Sidney,<a target=\"_blank\" rel=\"nofollow\" href=\"https:\/\/www.tribunal-nature.org\/blog\/goto\/https:\/\/fr.wikisource.org\/wiki\/Appel_%C3%A0_la_justice_de_l%E2%80%99%C3%89tat\/Troisi%C3%A8me_lettre_%C3%A0_milord_Sidney\"  target=\"_blank\" rel=\"noopener noreferrer nofollow\">(la couverture) <\/a><span><\/span>.<\/p>\n<p>Justice : un magistrat d\u00e9pose\u2026,<a target=\"_blank\" rel=\"nofollow\" href=\"https:\/\/www.tribunal-nature.org\/blog\/goto\/https:\/\/www.kobo.com\/fr\/fr\/ebook\/justice-un-magistrat-depose-1\"  target=\"_blank\" rel=\"noopener noreferrer nofollow\">Clicker Ici <\/a><span><\/span>.<\/p>\n<p>Reste la justice,<a target=\"_blank\" rel=\"nofollow\" href=\"https:\/\/www.tribunal-nature.org\/blog\/goto\/https:\/\/booknode.com\/reste_la_justice_03037443\"  target=\"_blank\" rel=\"noopener noreferrer nofollow\">A voir et \u00e0 lire. <\/a><span><\/span>. Disponible sur internet.<\/p>\n<\/div>\n","protected":false},"excerpt":{"rendered":"<p>Voici l\u2019essentiel d\u2019un article que je viens de identifier sur internet. Le sujet va ouvertement vous plaire. Car le th\u00e8me&#8230;<\/p>\n","protected":false},"author":3,"featured_media":425,"comment_status":"closed","ping_status":"closed","sticky":false,"template":"","format":"standard","meta":{"footnotes":""},"categories":[2],"tags":[],"class_list":["post-379","post","type-post","status-publish","format-standard","has-post-thumbnail","hentry","category-droit-de-lenvironnement","wpcat-2-id"],"yoast_head":"<!-- This site is optimized with the Yoast SEO plugin v27.5 - https:\/\/yoast.com\/product\/yoast-seo-wordpress\/ -->\n<title>Cela se propage sur le web : En direct | Justice : un avocat demande une enqu\u00eate du minist\u00e8re dans une proc\u00e9dure ouverte depuis 24 ans - TRIBUNAL-NATURE<\/title>\n<meta name=\"description\" content=\"Cela se propage sur le web : En direct | Justice : un avocat demande une enqu\u00eate du minist\u00e8re dans une proc\u00e9dure ouverte depuis 24 ans article de TRIBUNAL-NATURE\" \/>\n<meta name=\"robots\" content=\"index, follow, max-snippet:-1, max-image-preview:large, max-video-preview:-1\" \/>\n<link rel=\"canonical\" href=\"https:\/\/www.tribunal-nature.org\/blog\/cela-se-propage-sur-le-web-en-direct-justice-un-avocat-demande-une-enquete-du-ministere-dans-une-procedure-ouverte-depuis-24-ans\/\" \/>\n<meta property=\"og:locale\" content=\"fr_FR\" \/>\n<meta property=\"og:type\" content=\"article\" \/>\n<meta property=\"og:title\" content=\"Cela se propage sur le web : En direct | Justice : un avocat demande une enqu\u00eate du minist\u00e8re dans une proc\u00e9dure ouverte depuis 24 ans - TRIBUNAL-NATURE\" \/>\n<meta property=\"og:description\" content=\"Cela se propage sur le web : En direct | Justice : un avocat demande une enqu\u00eate du minist\u00e8re dans une proc\u00e9dure ouverte depuis 24 ans article de TRIBUNAL-NATURE\" \/>\n<meta property=\"og:url\" content=\"https:\/\/www.tribunal-nature.org\/blog\/cela-se-propage-sur-le-web-en-direct-justice-un-avocat-demande-une-enquete-du-ministere-dans-une-procedure-ouverte-depuis-24-ans\/\" \/>\n<meta property=\"og:site_name\" content=\"TRIBUNAL-NATURE\" \/>\n<meta property=\"article:published_time\" content=\"2023-02-07T02:00:24+00:00\" \/>\n<meta name=\"author\" content=\"Isabelle LOUBEAU\" \/>\n<meta name=\"twitter:card\" content=\"summary_large_image\" \/>\n<meta name=\"twitter:label1\" content=\"\u00c9crit par\" \/>\n\t<meta name=\"twitter:data1\" content=\"Isabelle LOUBEAU\" \/>\n\t<meta name=\"twitter:label2\" content=\"Dur\u00e9e de lecture estim\u00e9e\" \/>\n\t<meta name=\"twitter:data2\" content=\"3 minutes\" \/>\n<script type=\"application\/ld+json\" class=\"yoast-schema-graph\">{\"@context\":\"https:\\\/\\\/schema.org\",\"@graph\":[{\"@type\":\"Article\",\"@id\":\"https:\\\/\\\/www.tribunal-nature.org\\\/blog\\\/cela-se-propage-sur-le-web-en-direct-justice-un-avocat-demande-une-enquete-du-ministere-dans-une-procedure-ouverte-depuis-24-ans\\\/#article\",\"isPartOf\":{\"@id\":\"https:\\\/\\\/www.tribunal-nature.org\\\/blog\\\/cela-se-propage-sur-le-web-en-direct-justice-un-avocat-demande-une-enquete-du-ministere-dans-une-procedure-ouverte-depuis-24-ans\\\/\"},\"author\":{\"name\":\"Isabelle LOUBEAU\",\"@id\":\"https:\\\/\\\/www.tribunal-nature.org\\\/blog\\\/#\\\/schema\\\/person\\\/55761caf7544da6b05b60523f2a0855f\"},\"headline\":\"Cela se propage sur le web : En direct | Justice : un avocat demande une enqu\u00eate du minist\u00e8re dans une proc\u00e9dure ouverte depuis 24 ans\",\"datePublished\":\"2023-02-07T02:00:24+00:00\",\"mainEntityOfPage\":{\"@id\":\"https:\\\/\\\/www.tribunal-nature.org\\\/blog\\\/cela-se-propage-sur-le-web-en-direct-justice-un-avocat-demande-une-enquete-du-ministere-dans-une-procedure-ouverte-depuis-24-ans\\\/\"},\"wordCount\":626,\"publisher\":{\"@id\":\"https:\\\/\\\/www.tribunal-nature.org\\\/blog\\\/#organization\"},\"image\":{\"@id\":\"https:\\\/\\\/www.tribunal-nature.org\\\/blog\\\/cela-se-propage-sur-le-web-en-direct-justice-un-avocat-demande-une-enquete-du-ministere-dans-une-procedure-ouverte-depuis-24-ans\\\/#primaryimage\"},\"thumbnailUrl\":\"https:\\\/\\\/www.tribunal-nature.org\\\/blog\\\/wp-content\\\/uploads\\\/2023\\\/03\\\/cette-affaire.jpg\",\"articleSection\":[\"Droit De L'Environnement:\"],\"inLanguage\":\"fr-FR\"},{\"@type\":\"WebPage\",\"@id\":\"https:\\\/\\\/www.tribunal-nature.org\\\/blog\\\/cela-se-propage-sur-le-web-en-direct-justice-un-avocat-demande-une-enquete-du-ministere-dans-une-procedure-ouverte-depuis-24-ans\\\/\",\"url\":\"https:\\\/\\\/www.tribunal-nature.org\\\/blog\\\/cela-se-propage-sur-le-web-en-direct-justice-un-avocat-demande-une-enquete-du-ministere-dans-une-procedure-ouverte-depuis-24-ans\\\/\",\"name\":\"Cela se propage sur le web : En direct | Justice : un avocat demande une enqu\u00eate du minist\u00e8re dans une proc\u00e9dure ouverte depuis 24 ans - TRIBUNAL-NATURE\",\"isPartOf\":{\"@id\":\"https:\\\/\\\/www.tribunal-nature.org\\\/blog\\\/#website\"},\"primaryImageOfPage\":{\"@id\":\"https:\\\/\\\/www.tribunal-nature.org\\\/blog\\\/cela-se-propage-sur-le-web-en-direct-justice-un-avocat-demande-une-enquete-du-ministere-dans-une-procedure-ouverte-depuis-24-ans\\\/#primaryimage\"},\"image\":{\"@id\":\"https:\\\/\\\/www.tribunal-nature.org\\\/blog\\\/cela-se-propage-sur-le-web-en-direct-justice-un-avocat-demande-une-enquete-du-ministere-dans-une-procedure-ouverte-depuis-24-ans\\\/#primaryimage\"},\"thumbnailUrl\":\"https:\\\/\\\/www.tribunal-nature.org\\\/blog\\\/wp-content\\\/uploads\\\/2023\\\/03\\\/cette-affaire.jpg\",\"datePublished\":\"2023-02-07T02:00:24+00:00\",\"description\":\"Cela se propage sur le web : En direct | Justice : un avocat demande une enqu\u00eate du minist\u00e8re dans une proc\u00e9dure ouverte depuis 24 ans article de TRIBUNAL-NATURE\",\"breadcrumb\":{\"@id\":\"https:\\\/\\\/www.tribunal-nature.org\\\/blog\\\/cela-se-propage-sur-le-web-en-direct-justice-un-avocat-demande-une-enquete-du-ministere-dans-une-procedure-ouverte-depuis-24-ans\\\/#breadcrumb\"},\"inLanguage\":\"fr-FR\",\"potentialAction\":[{\"@type\":\"ReadAction\",\"target\":[\"https:\\\/\\\/www.tribunal-nature.org\\\/blog\\\/cela-se-propage-sur-le-web-en-direct-justice-un-avocat-demande-une-enquete-du-ministere-dans-une-procedure-ouverte-depuis-24-ans\\\/\"]}]},{\"@type\":\"ImageObject\",\"inLanguage\":\"fr-FR\",\"@id\":\"https:\\\/\\\/www.tribunal-nature.org\\\/blog\\\/cela-se-propage-sur-le-web-en-direct-justice-un-avocat-demande-une-enquete-du-ministere-dans-une-procedure-ouverte-depuis-24-ans\\\/#primaryimage\",\"url\":\"https:\\\/\\\/www.tribunal-nature.org\\\/blog\\\/wp-content\\\/uploads\\\/2023\\\/03\\\/cette-affaire.jpg\",\"contentUrl\":\"https:\\\/\\\/www.tribunal-nature.org\\\/blog\\\/wp-content\\\/uploads\\\/2023\\\/03\\\/cette-affaire.jpg\",\"width\":660,\"height\":287,\"caption\":\"cette affaire\"},{\"@type\":\"BreadcrumbList\",\"@id\":\"https:\\\/\\\/www.tribunal-nature.org\\\/blog\\\/cela-se-propage-sur-le-web-en-direct-justice-un-avocat-demande-une-enquete-du-ministere-dans-une-procedure-ouverte-depuis-24-ans\\\/#breadcrumb\",\"itemListElement\":[{\"@type\":\"ListItem\",\"position\":1,\"name\":\"Accueil\",\"item\":\"https:\\\/\\\/www.tribunal-nature.org\\\/blog\\\/\"},{\"@type\":\"ListItem\",\"position\":2,\"name\":\"Cela se propage sur le web : En direct | Justice : un avocat demande une enqu\u00eate du minist\u00e8re dans une proc\u00e9dure ouverte depuis 24 ans\"}]},{\"@type\":\"WebSite\",\"@id\":\"https:\\\/\\\/www.tribunal-nature.org\\\/blog\\\/#website\",\"url\":\"https:\\\/\\\/www.tribunal-nature.org\\\/blog\\\/\",\"name\":\"TRIBUNAL-NATURE\",\"description\":\"Droit De L&#039;Environnement.\",\"publisher\":{\"@id\":\"https:\\\/\\\/www.tribunal-nature.org\\\/blog\\\/#organization\"},\"potentialAction\":[{\"@type\":\"SearchAction\",\"target\":{\"@type\":\"EntryPoint\",\"urlTemplate\":\"https:\\\/\\\/www.tribunal-nature.org\\\/blog\\\/?s={search_term_string}\"},\"query-input\":{\"@type\":\"PropertyValueSpecification\",\"valueRequired\":true,\"valueName\":\"search_term_string\"}}],\"inLanguage\":\"fr-FR\"},{\"@type\":\"Organization\",\"@id\":\"https:\\\/\\\/www.tribunal-nature.org\\\/blog\\\/#organization\",\"name\":\"tribunal-nature\",\"url\":\"https:\\\/\\\/www.tribunal-nature.org\\\/blog\\\/\",\"logo\":{\"@type\":\"ImageObject\",\"inLanguage\":\"fr-FR\",\"@id\":\"https:\\\/\\\/www.tribunal-nature.org\\\/blog\\\/#\\\/schema\\\/logo\\\/image\\\/\",\"url\":\"https:\\\/\\\/www.tribunal-nature.org\\\/blog\\\/wp-content\\\/uploads\\\/2022\\\/05\\\/logo-2.png\",\"contentUrl\":\"https:\\\/\\\/www.tribunal-nature.org\\\/blog\\\/wp-content\\\/uploads\\\/2022\\\/05\\\/logo-2.png\",\"width\":180,\"height\":180,\"caption\":\"tribunal-nature\"},\"image\":{\"@id\":\"https:\\\/\\\/www.tribunal-nature.org\\\/blog\\\/#\\\/schema\\\/logo\\\/image\\\/\"}},{\"@type\":\"Person\",\"@id\":\"https:\\\/\\\/www.tribunal-nature.org\\\/blog\\\/#\\\/schema\\\/person\\\/55761caf7544da6b05b60523f2a0855f\",\"name\":\"Isabelle LOUBEAU\",\"image\":{\"@type\":\"ImageObject\",\"inLanguage\":\"fr-FR\",\"@id\":\"https:\\\/\\\/secure.gravatar.com\\\/avatar\\\/b6912620aca78633bf5d50400888815d3b38a1118e82b94050843f411f3f5972?s=96&d=mm&r=g\",\"url\":\"https:\\\/\\\/secure.gravatar.com\\\/avatar\\\/b6912620aca78633bf5d50400888815d3b38a1118e82b94050843f411f3f5972?s=96&d=mm&r=g\",\"contentUrl\":\"https:\\\/\\\/secure.gravatar.com\\\/avatar\\\/b6912620aca78633bf5d50400888815d3b38a1118e82b94050843f411f3f5972?s=96&d=mm&r=g\",\"caption\":\"Isabelle LOUBEAU\"},\"url\":\"https:\\\/\\\/www.tribunal-nature.org\\\/blog\\\/author\\\/ureisabelle\\\/\"}]}<\/script>\n<!-- \/ Yoast SEO plugin. -->","yoast_head_json":{"title":"Cela se propage sur le web : En direct | Justice : un avocat demande une enqu\u00eate du minist\u00e8re dans une proc\u00e9dure ouverte depuis 24 ans - TRIBUNAL-NATURE","description":"Cela se propage sur le web : En direct | Justice : un avocat demande une enqu\u00eate du minist\u00e8re dans une proc\u00e9dure ouverte depuis 24 ans article de TRIBUNAL-NATURE","robots":{"index":"index","follow":"follow","max-snippet":"max-snippet:-1","max-image-preview":"max-image-preview:large","max-video-preview":"max-video-preview:-1"},"canonical":"https:\/\/www.tribunal-nature.org\/blog\/cela-se-propage-sur-le-web-en-direct-justice-un-avocat-demande-une-enquete-du-ministere-dans-une-procedure-ouverte-depuis-24-ans\/","og_locale":"fr_FR","og_type":"article","og_title":"Cela se propage sur le web : En direct | Justice : un avocat demande une enqu\u00eate du minist\u00e8re dans une proc\u00e9dure ouverte depuis 24 ans - TRIBUNAL-NATURE","og_description":"Cela se propage sur le web : En direct | Justice : un avocat demande une enqu\u00eate du minist\u00e8re dans une proc\u00e9dure ouverte depuis 24 ans article de TRIBUNAL-NATURE","og_url":"https:\/\/www.tribunal-nature.org\/blog\/cela-se-propage-sur-le-web-en-direct-justice-un-avocat-demande-une-enquete-du-ministere-dans-une-procedure-ouverte-depuis-24-ans\/","og_site_name":"TRIBUNAL-NATURE","article_published_time":"2023-02-07T02:00:24+00:00","author":"Isabelle LOUBEAU","twitter_card":"summary_large_image","twitter_misc":{"\u00c9crit par":"Isabelle LOUBEAU","Dur\u00e9e de lecture estim\u00e9e":"3 minutes"},"schema":{"@context":"https:\/\/schema.org","@graph":[{"@type":"Article","@id":"https:\/\/www.tribunal-nature.org\/blog\/cela-se-propage-sur-le-web-en-direct-justice-un-avocat-demande-une-enquete-du-ministere-dans-une-procedure-ouverte-depuis-24-ans\/#article","isPartOf":{"@id":"https:\/\/www.tribunal-nature.org\/blog\/cela-se-propage-sur-le-web-en-direct-justice-un-avocat-demande-une-enquete-du-ministere-dans-une-procedure-ouverte-depuis-24-ans\/"},"author":{"name":"Isabelle LOUBEAU","@id":"https:\/\/www.tribunal-nature.org\/blog\/#\/schema\/person\/55761caf7544da6b05b60523f2a0855f"},"headline":"Cela se propage sur le web : En direct | Justice : un avocat demande une enqu\u00eate du minist\u00e8re dans une proc\u00e9dure ouverte depuis 24 ans","datePublished":"2023-02-07T02:00:24+00:00","mainEntityOfPage":{"@id":"https:\/\/www.tribunal-nature.org\/blog\/cela-se-propage-sur-le-web-en-direct-justice-un-avocat-demande-une-enquete-du-ministere-dans-une-procedure-ouverte-depuis-24-ans\/"},"wordCount":626,"publisher":{"@id":"https:\/\/www.tribunal-nature.org\/blog\/#organization"},"image":{"@id":"https:\/\/www.tribunal-nature.org\/blog\/cela-se-propage-sur-le-web-en-direct-justice-un-avocat-demande-une-enquete-du-ministere-dans-une-procedure-ouverte-depuis-24-ans\/#primaryimage"},"thumbnailUrl":"https:\/\/www.tribunal-nature.org\/blog\/wp-content\/uploads\/2023\/03\/cette-affaire.jpg","articleSection":["Droit De L'Environnement:"],"inLanguage":"fr-FR"},{"@type":"WebPage","@id":"https:\/\/www.tribunal-nature.org\/blog\/cela-se-propage-sur-le-web-en-direct-justice-un-avocat-demande-une-enquete-du-ministere-dans-une-procedure-ouverte-depuis-24-ans\/","url":"https:\/\/www.tribunal-nature.org\/blog\/cela-se-propage-sur-le-web-en-direct-justice-un-avocat-demande-une-enquete-du-ministere-dans-une-procedure-ouverte-depuis-24-ans\/","name":"Cela se propage sur le web : En direct | Justice : un avocat demande une enqu\u00eate du minist\u00e8re dans une proc\u00e9dure ouverte depuis 24 ans - TRIBUNAL-NATURE","isPartOf":{"@id":"https:\/\/www.tribunal-nature.org\/blog\/#website"},"primaryImageOfPage":{"@id":"https:\/\/www.tribunal-nature.org\/blog\/cela-se-propage-sur-le-web-en-direct-justice-un-avocat-demande-une-enquete-du-ministere-dans-une-procedure-ouverte-depuis-24-ans\/#primaryimage"},"image":{"@id":"https:\/\/www.tribunal-nature.org\/blog\/cela-se-propage-sur-le-web-en-direct-justice-un-avocat-demande-une-enquete-du-ministere-dans-une-procedure-ouverte-depuis-24-ans\/#primaryimage"},"thumbnailUrl":"https:\/\/www.tribunal-nature.org\/blog\/wp-content\/uploads\/2023\/03\/cette-affaire.jpg","datePublished":"2023-02-07T02:00:24+00:00","description":"Cela se propage sur le web : En direct | Justice : un avocat demande une enqu\u00eate du minist\u00e8re dans une proc\u00e9dure ouverte depuis 24 ans article de TRIBUNAL-NATURE","breadcrumb":{"@id":"https:\/\/www.tribunal-nature.org\/blog\/cela-se-propage-sur-le-web-en-direct-justice-un-avocat-demande-une-enquete-du-ministere-dans-une-procedure-ouverte-depuis-24-ans\/#breadcrumb"},"inLanguage":"fr-FR","potentialAction":[{"@type":"ReadAction","target":["https:\/\/www.tribunal-nature.org\/blog\/cela-se-propage-sur-le-web-en-direct-justice-un-avocat-demande-une-enquete-du-ministere-dans-une-procedure-ouverte-depuis-24-ans\/"]}]},{"@type":"ImageObject","inLanguage":"fr-FR","@id":"https:\/\/www.tribunal-nature.org\/blog\/cela-se-propage-sur-le-web-en-direct-justice-un-avocat-demande-une-enquete-du-ministere-dans-une-procedure-ouverte-depuis-24-ans\/#primaryimage","url":"https:\/\/www.tribunal-nature.org\/blog\/wp-content\/uploads\/2023\/03\/cette-affaire.jpg","contentUrl":"https:\/\/www.tribunal-nature.org\/blog\/wp-content\/uploads\/2023\/03\/cette-affaire.jpg","width":660,"height":287,"caption":"cette affaire"},{"@type":"BreadcrumbList","@id":"https:\/\/www.tribunal-nature.org\/blog\/cela-se-propage-sur-le-web-en-direct-justice-un-avocat-demande-une-enquete-du-ministere-dans-une-procedure-ouverte-depuis-24-ans\/#breadcrumb","itemListElement":[{"@type":"ListItem","position":1,"name":"Accueil","item":"https:\/\/www.tribunal-nature.org\/blog\/"},{"@type":"ListItem","position":2,"name":"Cela se propage sur le web : En direct | Justice : un avocat demande une enqu\u00eate du minist\u00e8re dans une proc\u00e9dure ouverte depuis 24 ans"}]},{"@type":"WebSite","@id":"https:\/\/www.tribunal-nature.org\/blog\/#website","url":"https:\/\/www.tribunal-nature.org\/blog\/","name":"TRIBUNAL-NATURE","description":"Droit De L&#039;Environnement.","publisher":{"@id":"https:\/\/www.tribunal-nature.org\/blog\/#organization"},"potentialAction":[{"@type":"SearchAction","target":{"@type":"EntryPoint","urlTemplate":"https:\/\/www.tribunal-nature.org\/blog\/?s={search_term_string}"},"query-input":{"@type":"PropertyValueSpecification","valueRequired":true,"valueName":"search_term_string"}}],"inLanguage":"fr-FR"},{"@type":"Organization","@id":"https:\/\/www.tribunal-nature.org\/blog\/#organization","name":"tribunal-nature","url":"https:\/\/www.tribunal-nature.org\/blog\/","logo":{"@type":"ImageObject","inLanguage":"fr-FR","@id":"https:\/\/www.tribunal-nature.org\/blog\/#\/schema\/logo\/image\/","url":"https:\/\/www.tribunal-nature.org\/blog\/wp-content\/uploads\/2022\/05\/logo-2.png","contentUrl":"https:\/\/www.tribunal-nature.org\/blog\/wp-content\/uploads\/2022\/05\/logo-2.png","width":180,"height":180,"caption":"tribunal-nature"},"image":{"@id":"https:\/\/www.tribunal-nature.org\/blog\/#\/schema\/logo\/image\/"}},{"@type":"Person","@id":"https:\/\/www.tribunal-nature.org\/blog\/#\/schema\/person\/55761caf7544da6b05b60523f2a0855f","name":"Isabelle LOUBEAU","image":{"@type":"ImageObject","inLanguage":"fr-FR","@id":"https:\/\/secure.gravatar.com\/avatar\/b6912620aca78633bf5d50400888815d3b38a1118e82b94050843f411f3f5972?s=96&d=mm&r=g","url":"https:\/\/secure.gravatar.com\/avatar\/b6912620aca78633bf5d50400888815d3b38a1118e82b94050843f411f3f5972?s=96&d=mm&r=g","contentUrl":"https:\/\/secure.gravatar.com\/avatar\/b6912620aca78633bf5d50400888815d3b38a1118e82b94050843f411f3f5972?s=96&d=mm&r=g","caption":"Isabelle LOUBEAU"},"url":"https:\/\/www.tribunal-nature.org\/blog\/author\/ureisabelle\/"}]}},"_links":{"self":[{"href":"https:\/\/www.tribunal-nature.org\/blog\/wp-json\/wp\/v2\/posts\/379","targetHints":{"allow":["GET"]}}],"collection":[{"href":"https:\/\/www.tribunal-nature.org\/blog\/wp-json\/wp\/v2\/posts"}],"about":[{"href":"https:\/\/www.tribunal-nature.org\/blog\/wp-json\/wp\/v2\/types\/post"}],"author":[{"embeddable":true,"href":"https:\/\/www.tribunal-nature.org\/blog\/wp-json\/wp\/v2\/users\/3"}],"replies":[{"embeddable":true,"href":"https:\/\/www.tribunal-nature.org\/blog\/wp-json\/wp\/v2\/comments?post=379"}],"version-history":[{"count":0,"href":"https:\/\/www.tribunal-nature.org\/blog\/wp-json\/wp\/v2\/posts\/379\/revisions"}],"wp:featuredmedia":[{"embeddable":true,"href":"https:\/\/www.tribunal-nature.org\/blog\/wp-json\/wp\/v2\/media\/425"}],"wp:attachment":[{"href":"https:\/\/www.tribunal-nature.org\/blog\/wp-json\/wp\/v2\/media?parent=379"}],"wp:term":[{"taxonomy":"category","embeddable":true,"href":"https:\/\/www.tribunal-nature.org\/blog\/wp-json\/wp\/v2\/categories?post=379"},{"taxonomy":"post_tag","embeddable":true,"href":"https:\/\/www.tribunal-nature.org\/blog\/wp-json\/wp\/v2\/tags?post=379"}],"curies":[{"name":"wp","href":"https:\/\/api.w.org\/{rel}","templated":true}]}}