{"id":372,"date":"2023-02-03T21:03:09","date_gmt":"2023-02-03T20:03:09","guid":{"rendered":"https:\/\/www.tribunal-nature.org\/blog\/que-penser-de-ce-papier-lavocat-de-la-famille-fait-de-nouvelles-revelations-sur-la-disparition-de-sihem\/"},"modified":"2023-02-03T21:03:09","modified_gmt":"2023-02-03T20:03:09","slug":"que-penser-de-ce-papier-lavocat-de-la-famille-fait-de-nouvelles-revelations-sur-la-disparition-de-sihem","status":"publish","type":"post","link":"https:\/\/www.tribunal-nature.org\/blog\/que-penser-de-ce-papier-lavocat-de-la-famille-fait-de-nouvelles-revelations-sur-la-disparition-de-sihem\/","title":{"rendered":"Que penser de ce papier  : L\u2019avocat de la famille fait de nouvelles r\u00e9v\u00e9lations sur la disparition de Sihem"},"content":{"rendered":"<div><img width=\"580\" height=\"494\" src=\"https:\/\/www.tribunal-nature.org\/blog\/wp-content\/uploads\/2023\/02\/Que-penser-de-ce-papier-Lavocat-de-la-famille.jpg\" class=\"attachment-large size-large wp-post-image\" alt=\"Que-penser-de-ce-papier-Lavocat-de-la-famille\" decoding=\"async\" loading=\"lazy\" style=\"float:left; margin:0 15px 15px 0;\" srcset=\"https:\/\/www.tribunal-nature.org\/blog\/wp-content\/uploads\/2023\/02\/Que-penser-de-ce-papier-Lavocat-de-la-famille.jpg 762w, https:\/\/www.site.cdcl.xyz\/wp-content\/uploads\/2023\/02\/Que-penser-de-ce-papier-Lavocat-de-la-famille-300x256.jpg 300w\" sizes=\"auto, (max-width: 580px) 100vw, 580px\"><\/p>\n<p>Dans le cadre de notre r\u00f4le d\u2019information, nous publions ci-dessous un article vu sur internet il y a peu. La th\u00e9matique est \u00abla justice\u00bb.<\/p>\n<p>Le titre saisissant (L\u2019avocat de la famille fait de nouvelles r\u00e9v\u00e9lations sur la disparition de Sihem) parle de lui-m\u00eame.<\/p>\n<p> Pr\u00e9sent\u00e9 sous le nom \u00abd\u2019anonymat<br \/>\n\u00bb, le r\u00e9dacteur est reconnu comme quelqu\u2019un de s\u00e9rieux.<\/p>\n<p>La fiabilit\u00e9 est en cons\u00e9quence imp\u00e9rieuse en ce qui concerne ce post.<\/p>\n<p>L\u2019encart a \u00e9t\u00e9 publi\u00e9 \u00e0 une date mentionn\u00e9e 2023-02-03 10:22:00.<\/p>\n<p>Texte original  : <\/p>\n<div id=\"\">\n<ol class=\"col-12 d-flex justify-content-start align-items-start mb-2 p-0 tdn-breadcrumb\" itemscope=\"\" itemtype=\"http:\/\/schema.org\/BreadcrumbList\" style=\"list-style-type: none; font-size: 16px;\">\n<li itemprop=\"itemListElement\" itemscope=\"\" itemtype=\"http:\/\/schema.org\/ListItem\" class=\"mr-1 d-flex align-items-center\">\n<p>\n<span itemprop=\"name\" class=\"mx-1\">TDN<\/span> <span class=\"ml-1\">&gt;<\/span><\/p>\n<p><meta itemprop=\"position\" content=\"1\">\n<\/p>\n<\/li>\n<li itemprop=\"itemListElement\" itemscope=\"\" itemtype=\"http:\/\/schema.org\/ListItem\" class=\"mr-1 d-flex align-items-center\">\n<p><span itemprop=\"name\" class=\"mx-1\">Actualit\u00e9<\/span><\/p>\n<p><meta itemprop=\"position\" content=\"2\">\n<\/p>\n<\/li>\n<\/ol>\n<div style=\"font-size: 14px;\" class=\"mb-2\">\nPubli\u00e9 par<\/p>\n<p><b style=\"color: var(--secondary-color);\"><br \/>\nMathilde <\/b><\/p>\n<p><b>le 03 F\u00e9v 2023 \u00e0 18:23<\/b>\n<\/p>\n<\/div>\n<p>Le corps de <strong>Sihem<\/strong>, a \u00e9t\u00e9 retrouv\u00e9 dans une for\u00eat ce jeudi 2 f\u00e9vrier, non loin d\u2019Al\u00e8s, l\u00e0 o\u00f9 la jeune fille r\u00e9sidait. Lors d\u2019une conf\u00e9rence de presse, <strong>l\u2019avocat<\/strong> de la famille a apport\u00e9 quelques <strong>pr\u00e9cisions<\/strong>.<br \/><b><\/b><\/p>\n<p><b>&gt;&gt;&gt;<\/b><strong>\u00c0 lire aussi : Affaire Jubillar : l\u2019enqu\u00eate bient\u00f4t boucl\u00e9e et C\u00e9dric lib\u00e9r\u00e9 ?<\/strong><\/p>\n<div class=\"code-block code-block-10\" style=\"margin: 8px auto; text-align: center; display: block; clear: both;\">\n<div class=\"ai-rotate ai-unprocessed\" data-shares=\"WzgwLDEwMF0=\" style=\"position: relative;\">\n<p><center><i>Les vid\u00e9os du jour \u00e0 ne pas manquer<\/i><\/center><\/p>\n<div class=\"ai-rotate-option\" style=\"visibility: hidden; position: absolute; top: 0; left: 0; width: 100%; height: 100%;\" data-index=\"2\" data-name=\"VklPVVNMWQ==\">\n<center><i>Les vid\u00e9os du jour \u00e0 ne pas manquer<\/i><\/center>\n<\/div>\n<\/div>\n<\/div>\n<h2>Les r\u00e9v\u00e9lations de l\u2019avocat de la famille de Sihem<\/h2>\n<p>Dans la nuit du 1er au 2 f\u00e9vrier, le <strong>corps de Sihem Belouahmia<\/strong>, qui avait disparu depuis le 26 janvier dernier, a \u00e9t\u00e9 d\u00e9couvert. <strong>Mahfoud H.<\/strong>, en garde \u00e0 vue depuis quelques jours, a fini par indiquer aux enqu\u00eateurs l\u2019endroit o\u00f9 il avait laiss\u00e9 la <strong>jeune fille de 18 ans<\/strong>. Mahfoud H., \u00e2g\u00e9 de 39 ans, a expliqu\u00e9 \u00eatre pass\u00e9 \u00e0 l\u2019acte suite \u00e0 une <em>\u00ab\u00a0dispute sur fond de relation amoureuse\u00a0\u00bb<\/em>. L\u2019avocat de la famille<strong> de Sihem<\/strong>, s\u2019est exprim\u00e9 lors d\u2019une <strong>conf\u00e9rence de presse<\/strong>. Une nouvelle enqu\u00eate qui nous rappelle l\u2019affaire Lola\u2026<\/p>\n<div id=\"attachment_830683\" style=\"width: 772px\" class=\"wp-caption alignnone\"><img loading=\"lazy\" aria-describedby=\"caption-attachment-830683\" decoding=\"async\" class=\"size-full wp-image-830683\" src=\"https:\/\/www.tribunal-nature.org\/blog\/wp-content\/uploads\/2023\/02\/Ca-circule-sur-le-web-Lavocat-de-la-famille.jpg\" alt=\"Sihem meurtre suspect jeune fille d\u00e9c\u00e8s avocat\" width=\"762\" height=\"649\"><\/p>\n<p id=\"caption-attachment-830683\" class=\"wp-caption-text\">@Lib\u00e9ration \u2013 Facebook<\/p>\n<\/div>\n<p>Dans un premier temps, il a \u00e9voqu\u00e9 cette <strong>relation amoureuse<\/strong> dont personne n\u2019avait connaissance. Il a pr\u00e9cis\u00e9 que pour le moment, l\u2019hypoth\u00e8se de cette <strong>relation amoureuse<\/strong> n\u2019\u00e9tait que la version du <strong>suspect<\/strong> et qu\u2019il est <em>\u00ab\u00a0tout \u00e0 fait probable qu\u2019elle n\u2019ait jamais exist\u00e9\u00a0\u00bb<\/em>. Il a \u00e9galement ajout\u00e9 : <em>\u00ab\u00a0Sihem voyait Mahfoud H. <strong>comme une ni\u00e8ce voit un oncle<\/strong>, comme une petite s\u0153ur qui voit un grand fr\u00e8re [\u2026] Elle gardait les enfants de sa cousine tr\u00e8s r\u00e9guli\u00e8rement. Sa cousine qui est donc l\u2019ex-femme de cet individu.\u00a0\u00bb<\/em><br \/><b><\/b><\/p>\n<p><b>&gt;&gt;&gt;<\/b><strong>\u00c0 lire aussi : Enl\u00e8vement : Des images chocs montrent un homme forc\u00e9 \u00e0 rentrer dans un coffre<\/strong><\/p>\n<h2>Une autopsie qui devrait en r\u00e9v\u00e9ler davantage<\/h2>\n<p>De leurs c\u00f4t\u00e9s, les proches de la <strong>jeune fille de 18 ans<\/strong>, avaient toujours espoir de la retrouver en vie. Pour rappel, l\u2019adolescente s\u2019est <strong>volatilis\u00e9e le 26 janvier<\/strong> dernier et depuis, une <strong>enqu\u00eate<\/strong> avait \u00e9t\u00e9 ouverte. Ce mercredi, la piste d\u2019un <em>\u00ab\u00a0enl\u00e8vement avec s\u00e9questration\u00a0\u00bb<\/em> avait \u00e9t\u00e9 privil\u00e9gi\u00e9e, et Mahfoud H. s\u2019est retrouv\u00e9 <strong>en garde \u00e0 vue<\/strong>. Apr\u00e8s avoir ni\u00e9 les faits pendant plusieurs jours, il a finalement avou\u00e9 avoir <em>\u00ab\u00a0commis une erreur\u00a0\u00bb<\/em>. <strong>L\u2019avocat de la famille<\/strong> a pr\u00e9cis\u00e9 : <em>\u00ab\u00a0C\u2019est une jeune fille qui \u00e9tait lyc\u00e9enne, qui avait la vie devant elle. Elle avait le projet d\u2019\u00e9tudes sup\u00e9rieures, peut-\u00eatre \u00e0 Paris, de monter sur la capitale. Elle \u00e9tait tr\u00e8s proche de sa famille. Plus globalement, elle \u00e9tait tr\u00e8s proche de tous ceux \u00e0 qui elle pouvait rendre service.\u00a0\u00bb<\/em><\/p>\n<p>Pour la famille, la <em><strong>situation est tr\u00e8s compliqu\u00e9e<\/strong><\/em>, ils ont \u00ab\u00a0un sentiment de col\u00e8re, profond, d\u2019injustice abyssale, mais ils ont aussi cette qu\u00eate de v\u00e9rit\u00e9, de justice, de compr\u00e9hension.\u00a0\u00bb a-t-il ajout\u00e9.<\/p>\n<p>Ce vendredi 3 f\u00e9vrier, une <strong>autopsie<\/strong> aura lieu pour <strong>d\u00e9terminer les causes de la mort<\/strong>.<\/p>\n<p>\u00c0 suivre.. En attendant, d\u00e9couvrez quelques informations sur le profil de C\u00e9dric Jubillar\u2026<br \/><b><\/b><\/p>\n<p><b>&gt;&gt;&gt;<\/b><strong>\u00c0 lire aussi : Disparition d\u2019un c\u00e9l\u00e8bre youtubeur \u00e0 34 ans dans des circonstances myst\u00e9rieuses<\/strong><\/p>\n<\/div>\n<p><script async defer src=\"https:\/\/platform.instagram.com\/en_US\/embeds.js\"><\/script><\/p>\n<p>Publications sur le m\u00eame th\u00e8me:<\/p>\n<p>Grec ancien\/Dieux\/Dic\u00e9,<a target=\"_blank\" rel=\"nofollow\" href=\"https:\/\/www.tribunal-nature.org\/blog\/goto\/https:\/\/fr.wikibooks.org\/wiki\/Grec_ancien\/Dieux\/Dic%C3%A9\"  target=\"_blank\" rel=\"noopener noreferrer nofollow\">Le livre <\/a><span><\/span>. Ouvrage de r\u00e9f\u00e9rence.<\/p>\n<p>Les t\u00e9moins devant la justice,<a target=\"_blank\" rel=\"nofollow\" href=\"https:\/\/www.tribunal-nature.org\/blog\/goto\/https:\/\/www.kobo.com\/fr\/fr\/ebook\/les-temoins-devant-la-justice-1\"  target=\"_blank\" rel=\"noopener noreferrer nofollow\">Le livre <\/a><span><\/span>.<\/p>\n<p>Une justice \u00e0 la d\u00e9rive,<a target=\"_blank\" rel=\"nofollow\" href=\"https:\/\/www.tribunal-nature.org\/blog\/goto\/https:\/\/www.kobo.com\/fr\/fr\/ebook\/une-justice-a-la-derive\"  target=\"_blank\" rel=\"noopener noreferrer nofollow\">Clicker Ici <\/a><span><\/span>.<\/p>\n<\/div>\n","protected":false},"excerpt":{"rendered":"<p>Dans le cadre de notre r\u00f4le d\u2019information, nous publions ci-dessous un article vu sur internet il y a peu. La&#8230;<\/p>\n","protected":false},"author":3,"featured_media":373,"comment_status":"closed","ping_status":"closed","sticky":false,"template":"","format":"standard","meta":{"footnotes":""},"categories":[2],"tags":[],"class_list":["post-372","post","type-post","status-publish","format-standard","has-post-thumbnail","hentry","category-droit-de-lenvironnement","wpcat-2-id"],"yoast_head":"<!-- This site is optimized with the Yoast SEO plugin v27.5 - https:\/\/yoast.com\/product\/yoast-seo-wordpress\/ -->\n<title>Que penser de ce papier : L\u2019avocat de la famille fait de nouvelles r\u00e9v\u00e9lations sur la disparition de Sihem - TRIBUNAL-NATURE<\/title>\n<meta name=\"description\" content=\"Que penser de ce papier : L\u2019avocat de la famille fait de nouvelles r\u00e9v\u00e9lations sur la disparition de Sihem article de TRIBUNAL-NATURE\" \/>\n<meta name=\"robots\" content=\"index, follow, max-snippet:-1, max-image-preview:large, max-video-preview:-1\" \/>\n<link rel=\"canonical\" href=\"https:\/\/www.tribunal-nature.org\/blog\/que-penser-de-ce-papier-lavocat-de-la-famille-fait-de-nouvelles-revelations-sur-la-disparition-de-sihem\/\" \/>\n<meta property=\"og:locale\" content=\"fr_FR\" \/>\n<meta property=\"og:type\" content=\"article\" \/>\n<meta property=\"og:title\" content=\"Que penser de ce papier : L\u2019avocat de la famille fait de nouvelles r\u00e9v\u00e9lations sur la disparition de Sihem - TRIBUNAL-NATURE\" \/>\n<meta property=\"og:description\" content=\"Que penser de ce papier : L\u2019avocat de la famille fait de nouvelles r\u00e9v\u00e9lations sur la disparition de Sihem article de TRIBUNAL-NATURE\" \/>\n<meta property=\"og:url\" content=\"https:\/\/www.tribunal-nature.org\/blog\/que-penser-de-ce-papier-lavocat-de-la-famille-fait-de-nouvelles-revelations-sur-la-disparition-de-sihem\/\" \/>\n<meta property=\"og:site_name\" content=\"TRIBUNAL-NATURE\" \/>\n<meta property=\"article:published_time\" content=\"2023-02-03T20:03:09+00:00\" \/>\n<meta property=\"og:image\" content=\"https:\/\/www.tribunal-nature.org\/blog\/wp-content\/uploads\/2023\/02\/Que-penser-de-ce-papier-Lavocat-de-la-famille.jpg\" \/>\n<meta name=\"author\" content=\"Isabelle LOUBEAU\" \/>\n<meta name=\"twitter:card\" content=\"summary_large_image\" \/>\n<meta name=\"twitter:label1\" content=\"\u00c9crit par\" \/>\n\t<meta name=\"twitter:data1\" content=\"Isabelle LOUBEAU\" \/>\n\t<meta name=\"twitter:label2\" content=\"Dur\u00e9e de lecture estim\u00e9e\" \/>\n\t<meta name=\"twitter:data2\" content=\"3 minutes\" \/>\n<script type=\"application\/ld+json\" class=\"yoast-schema-graph\">{\"@context\":\"https:\\\/\\\/schema.org\",\"@graph\":[{\"@type\":\"Article\",\"@id\":\"https:\\\/\\\/www.tribunal-nature.org\\\/blog\\\/que-penser-de-ce-papier-lavocat-de-la-famille-fait-de-nouvelles-revelations-sur-la-disparition-de-sihem\\\/#article\",\"isPartOf\":{\"@id\":\"https:\\\/\\\/www.tribunal-nature.org\\\/blog\\\/que-penser-de-ce-papier-lavocat-de-la-famille-fait-de-nouvelles-revelations-sur-la-disparition-de-sihem\\\/\"},\"author\":{\"name\":\"Isabelle LOUBEAU\",\"@id\":\"https:\\\/\\\/www.tribunal-nature.org\\\/blog\\\/#\\\/schema\\\/person\\\/55761caf7544da6b05b60523f2a0855f\"},\"headline\":\"Que penser de ce papier : L\u2019avocat de la famille fait de nouvelles r\u00e9v\u00e9lations sur la disparition de Sihem\",\"datePublished\":\"2023-02-03T20:03:09+00:00\",\"mainEntityOfPage\":{\"@id\":\"https:\\\/\\\/www.tribunal-nature.org\\\/blog\\\/que-penser-de-ce-papier-lavocat-de-la-famille-fait-de-nouvelles-revelations-sur-la-disparition-de-sihem\\\/\"},\"wordCount\":703,\"publisher\":{\"@id\":\"https:\\\/\\\/www.tribunal-nature.org\\\/blog\\\/#organization\"},\"image\":{\"@id\":\"https:\\\/\\\/www.tribunal-nature.org\\\/blog\\\/que-penser-de-ce-papier-lavocat-de-la-famille-fait-de-nouvelles-revelations-sur-la-disparition-de-sihem\\\/#primaryimage\"},\"thumbnailUrl\":\"https:\\\/\\\/www.tribunal-nature.org\\\/blog\\\/wp-content\\\/uploads\\\/2023\\\/02\\\/Que-penser-de-ce-papier-Lavocat-de-la-famille.jpg\",\"articleSection\":[\"Droit De L'Environnement:\"],\"inLanguage\":\"fr-FR\"},{\"@type\":\"WebPage\",\"@id\":\"https:\\\/\\\/www.tribunal-nature.org\\\/blog\\\/que-penser-de-ce-papier-lavocat-de-la-famille-fait-de-nouvelles-revelations-sur-la-disparition-de-sihem\\\/\",\"url\":\"https:\\\/\\\/www.tribunal-nature.org\\\/blog\\\/que-penser-de-ce-papier-lavocat-de-la-famille-fait-de-nouvelles-revelations-sur-la-disparition-de-sihem\\\/\",\"name\":\"Que penser de ce papier : L\u2019avocat de la famille fait de nouvelles r\u00e9v\u00e9lations sur la disparition de Sihem - TRIBUNAL-NATURE\",\"isPartOf\":{\"@id\":\"https:\\\/\\\/www.tribunal-nature.org\\\/blog\\\/#website\"},\"primaryImageOfPage\":{\"@id\":\"https:\\\/\\\/www.tribunal-nature.org\\\/blog\\\/que-penser-de-ce-papier-lavocat-de-la-famille-fait-de-nouvelles-revelations-sur-la-disparition-de-sihem\\\/#primaryimage\"},\"image\":{\"@id\":\"https:\\\/\\\/www.tribunal-nature.org\\\/blog\\\/que-penser-de-ce-papier-lavocat-de-la-famille-fait-de-nouvelles-revelations-sur-la-disparition-de-sihem\\\/#primaryimage\"},\"thumbnailUrl\":\"https:\\\/\\\/www.tribunal-nature.org\\\/blog\\\/wp-content\\\/uploads\\\/2023\\\/02\\\/Que-penser-de-ce-papier-Lavocat-de-la-famille.jpg\",\"datePublished\":\"2023-02-03T20:03:09+00:00\",\"description\":\"Que penser de ce papier : L\u2019avocat de la famille fait de nouvelles r\u00e9v\u00e9lations sur la disparition de Sihem article de TRIBUNAL-NATURE\",\"breadcrumb\":{\"@id\":\"https:\\\/\\\/www.tribunal-nature.org\\\/blog\\\/que-penser-de-ce-papier-lavocat-de-la-famille-fait-de-nouvelles-revelations-sur-la-disparition-de-sihem\\\/#breadcrumb\"},\"inLanguage\":\"fr-FR\",\"potentialAction\":[{\"@type\":\"ReadAction\",\"target\":[\"https:\\\/\\\/www.tribunal-nature.org\\\/blog\\\/que-penser-de-ce-papier-lavocat-de-la-famille-fait-de-nouvelles-revelations-sur-la-disparition-de-sihem\\\/\"]}]},{\"@type\":\"ImageObject\",\"inLanguage\":\"fr-FR\",\"@id\":\"https:\\\/\\\/www.tribunal-nature.org\\\/blog\\\/que-penser-de-ce-papier-lavocat-de-la-famille-fait-de-nouvelles-revelations-sur-la-disparition-de-sihem\\\/#primaryimage\",\"url\":\"https:\\\/\\\/www.tribunal-nature.org\\\/blog\\\/wp-content\\\/uploads\\\/2023\\\/02\\\/Que-penser-de-ce-papier-Lavocat-de-la-famille.jpg\",\"contentUrl\":\"https:\\\/\\\/www.tribunal-nature.org\\\/blog\\\/wp-content\\\/uploads\\\/2023\\\/02\\\/Que-penser-de-ce-papier-Lavocat-de-la-famille.jpg\",\"width\":762,\"height\":649,\"caption\":\"Que penser de ce papier Lavocat de la famille\"},{\"@type\":\"BreadcrumbList\",\"@id\":\"https:\\\/\\\/www.tribunal-nature.org\\\/blog\\\/que-penser-de-ce-papier-lavocat-de-la-famille-fait-de-nouvelles-revelations-sur-la-disparition-de-sihem\\\/#breadcrumb\",\"itemListElement\":[{\"@type\":\"ListItem\",\"position\":1,\"name\":\"Accueil\",\"item\":\"https:\\\/\\\/www.tribunal-nature.org\\\/blog\\\/\"},{\"@type\":\"ListItem\",\"position\":2,\"name\":\"Que penser de ce papier : L\u2019avocat de la famille fait de nouvelles r\u00e9v\u00e9lations sur la disparition de Sihem\"}]},{\"@type\":\"WebSite\",\"@id\":\"https:\\\/\\\/www.tribunal-nature.org\\\/blog\\\/#website\",\"url\":\"https:\\\/\\\/www.tribunal-nature.org\\\/blog\\\/\",\"name\":\"TRIBUNAL-NATURE\",\"description\":\"Droit De L&#039;Environnement.\",\"publisher\":{\"@id\":\"https:\\\/\\\/www.tribunal-nature.org\\\/blog\\\/#organization\"},\"potentialAction\":[{\"@type\":\"SearchAction\",\"target\":{\"@type\":\"EntryPoint\",\"urlTemplate\":\"https:\\\/\\\/www.tribunal-nature.org\\\/blog\\\/?s={search_term_string}\"},\"query-input\":{\"@type\":\"PropertyValueSpecification\",\"valueRequired\":true,\"valueName\":\"search_term_string\"}}],\"inLanguage\":\"fr-FR\"},{\"@type\":\"Organization\",\"@id\":\"https:\\\/\\\/www.tribunal-nature.org\\\/blog\\\/#organization\",\"name\":\"tribunal-nature\",\"url\":\"https:\\\/\\\/www.tribunal-nature.org\\\/blog\\\/\",\"logo\":{\"@type\":\"ImageObject\",\"inLanguage\":\"fr-FR\",\"@id\":\"https:\\\/\\\/www.tribunal-nature.org\\\/blog\\\/#\\\/schema\\\/logo\\\/image\\\/\",\"url\":\"https:\\\/\\\/www.tribunal-nature.org\\\/blog\\\/wp-content\\\/uploads\\\/2022\\\/05\\\/logo-2.png\",\"contentUrl\":\"https:\\\/\\\/www.tribunal-nature.org\\\/blog\\\/wp-content\\\/uploads\\\/2022\\\/05\\\/logo-2.png\",\"width\":180,\"height\":180,\"caption\":\"tribunal-nature\"},\"image\":{\"@id\":\"https:\\\/\\\/www.tribunal-nature.org\\\/blog\\\/#\\\/schema\\\/logo\\\/image\\\/\"}},{\"@type\":\"Person\",\"@id\":\"https:\\\/\\\/www.tribunal-nature.org\\\/blog\\\/#\\\/schema\\\/person\\\/55761caf7544da6b05b60523f2a0855f\",\"name\":\"Isabelle LOUBEAU\",\"image\":{\"@type\":\"ImageObject\",\"inLanguage\":\"fr-FR\",\"@id\":\"https:\\\/\\\/secure.gravatar.com\\\/avatar\\\/b6912620aca78633bf5d50400888815d3b38a1118e82b94050843f411f3f5972?s=96&d=mm&r=g\",\"url\":\"https:\\\/\\\/secure.gravatar.com\\\/avatar\\\/b6912620aca78633bf5d50400888815d3b38a1118e82b94050843f411f3f5972?s=96&d=mm&r=g\",\"contentUrl\":\"https:\\\/\\\/secure.gravatar.com\\\/avatar\\\/b6912620aca78633bf5d50400888815d3b38a1118e82b94050843f411f3f5972?s=96&d=mm&r=g\",\"caption\":\"Isabelle LOUBEAU\"},\"url\":\"https:\\\/\\\/www.tribunal-nature.org\\\/blog\\\/author\\\/ureisabelle\\\/\"}]}<\/script>\n<!-- \/ Yoast SEO plugin. -->","yoast_head_json":{"title":"Que penser de ce papier : L\u2019avocat de la famille fait de nouvelles r\u00e9v\u00e9lations sur la disparition de Sihem - TRIBUNAL-NATURE","description":"Que penser de ce papier : L\u2019avocat de la famille fait de nouvelles r\u00e9v\u00e9lations sur la disparition de Sihem article de TRIBUNAL-NATURE","robots":{"index":"index","follow":"follow","max-snippet":"max-snippet:-1","max-image-preview":"max-image-preview:large","max-video-preview":"max-video-preview:-1"},"canonical":"https:\/\/www.tribunal-nature.org\/blog\/que-penser-de-ce-papier-lavocat-de-la-famille-fait-de-nouvelles-revelations-sur-la-disparition-de-sihem\/","og_locale":"fr_FR","og_type":"article","og_title":"Que penser de ce papier : L\u2019avocat de la famille fait de nouvelles r\u00e9v\u00e9lations sur la disparition de Sihem - TRIBUNAL-NATURE","og_description":"Que penser de ce papier : L\u2019avocat de la famille fait de nouvelles r\u00e9v\u00e9lations sur la disparition de Sihem article de TRIBUNAL-NATURE","og_url":"https:\/\/www.tribunal-nature.org\/blog\/que-penser-de-ce-papier-lavocat-de-la-famille-fait-de-nouvelles-revelations-sur-la-disparition-de-sihem\/","og_site_name":"TRIBUNAL-NATURE","article_published_time":"2023-02-03T20:03:09+00:00","og_image":[{"url":"https:\/\/www.tribunal-nature.org\/blog\/wp-content\/uploads\/2023\/02\/Que-penser-de-ce-papier-Lavocat-de-la-famille.jpg","type":"","width":"","height":""}],"author":"Isabelle LOUBEAU","twitter_card":"summary_large_image","twitter_misc":{"\u00c9crit par":"Isabelle LOUBEAU","Dur\u00e9e de lecture estim\u00e9e":"3 minutes"},"schema":{"@context":"https:\/\/schema.org","@graph":[{"@type":"Article","@id":"https:\/\/www.tribunal-nature.org\/blog\/que-penser-de-ce-papier-lavocat-de-la-famille-fait-de-nouvelles-revelations-sur-la-disparition-de-sihem\/#article","isPartOf":{"@id":"https:\/\/www.tribunal-nature.org\/blog\/que-penser-de-ce-papier-lavocat-de-la-famille-fait-de-nouvelles-revelations-sur-la-disparition-de-sihem\/"},"author":{"name":"Isabelle LOUBEAU","@id":"https:\/\/www.tribunal-nature.org\/blog\/#\/schema\/person\/55761caf7544da6b05b60523f2a0855f"},"headline":"Que penser de ce papier : L\u2019avocat de la famille fait de nouvelles r\u00e9v\u00e9lations sur la disparition de Sihem","datePublished":"2023-02-03T20:03:09+00:00","mainEntityOfPage":{"@id":"https:\/\/www.tribunal-nature.org\/blog\/que-penser-de-ce-papier-lavocat-de-la-famille-fait-de-nouvelles-revelations-sur-la-disparition-de-sihem\/"},"wordCount":703,"publisher":{"@id":"https:\/\/www.tribunal-nature.org\/blog\/#organization"},"image":{"@id":"https:\/\/www.tribunal-nature.org\/blog\/que-penser-de-ce-papier-lavocat-de-la-famille-fait-de-nouvelles-revelations-sur-la-disparition-de-sihem\/#primaryimage"},"thumbnailUrl":"https:\/\/www.tribunal-nature.org\/blog\/wp-content\/uploads\/2023\/02\/Que-penser-de-ce-papier-Lavocat-de-la-famille.jpg","articleSection":["Droit De L'Environnement:"],"inLanguage":"fr-FR"},{"@type":"WebPage","@id":"https:\/\/www.tribunal-nature.org\/blog\/que-penser-de-ce-papier-lavocat-de-la-famille-fait-de-nouvelles-revelations-sur-la-disparition-de-sihem\/","url":"https:\/\/www.tribunal-nature.org\/blog\/que-penser-de-ce-papier-lavocat-de-la-famille-fait-de-nouvelles-revelations-sur-la-disparition-de-sihem\/","name":"Que penser de ce papier : L\u2019avocat de la famille fait de nouvelles r\u00e9v\u00e9lations sur la disparition de Sihem - TRIBUNAL-NATURE","isPartOf":{"@id":"https:\/\/www.tribunal-nature.org\/blog\/#website"},"primaryImageOfPage":{"@id":"https:\/\/www.tribunal-nature.org\/blog\/que-penser-de-ce-papier-lavocat-de-la-famille-fait-de-nouvelles-revelations-sur-la-disparition-de-sihem\/#primaryimage"},"image":{"@id":"https:\/\/www.tribunal-nature.org\/blog\/que-penser-de-ce-papier-lavocat-de-la-famille-fait-de-nouvelles-revelations-sur-la-disparition-de-sihem\/#primaryimage"},"thumbnailUrl":"https:\/\/www.tribunal-nature.org\/blog\/wp-content\/uploads\/2023\/02\/Que-penser-de-ce-papier-Lavocat-de-la-famille.jpg","datePublished":"2023-02-03T20:03:09+00:00","description":"Que penser de ce papier : L\u2019avocat de la famille fait de nouvelles r\u00e9v\u00e9lations sur la disparition de Sihem article de TRIBUNAL-NATURE","breadcrumb":{"@id":"https:\/\/www.tribunal-nature.org\/blog\/que-penser-de-ce-papier-lavocat-de-la-famille-fait-de-nouvelles-revelations-sur-la-disparition-de-sihem\/#breadcrumb"},"inLanguage":"fr-FR","potentialAction":[{"@type":"ReadAction","target":["https:\/\/www.tribunal-nature.org\/blog\/que-penser-de-ce-papier-lavocat-de-la-famille-fait-de-nouvelles-revelations-sur-la-disparition-de-sihem\/"]}]},{"@type":"ImageObject","inLanguage":"fr-FR","@id":"https:\/\/www.tribunal-nature.org\/blog\/que-penser-de-ce-papier-lavocat-de-la-famille-fait-de-nouvelles-revelations-sur-la-disparition-de-sihem\/#primaryimage","url":"https:\/\/www.tribunal-nature.org\/blog\/wp-content\/uploads\/2023\/02\/Que-penser-de-ce-papier-Lavocat-de-la-famille.jpg","contentUrl":"https:\/\/www.tribunal-nature.org\/blog\/wp-content\/uploads\/2023\/02\/Que-penser-de-ce-papier-Lavocat-de-la-famille.jpg","width":762,"height":649,"caption":"Que penser de ce papier Lavocat de la famille"},{"@type":"BreadcrumbList","@id":"https:\/\/www.tribunal-nature.org\/blog\/que-penser-de-ce-papier-lavocat-de-la-famille-fait-de-nouvelles-revelations-sur-la-disparition-de-sihem\/#breadcrumb","itemListElement":[{"@type":"ListItem","position":1,"name":"Accueil","item":"https:\/\/www.tribunal-nature.org\/blog\/"},{"@type":"ListItem","position":2,"name":"Que penser de ce papier : L\u2019avocat de la famille fait de nouvelles r\u00e9v\u00e9lations sur la disparition de Sihem"}]},{"@type":"WebSite","@id":"https:\/\/www.tribunal-nature.org\/blog\/#website","url":"https:\/\/www.tribunal-nature.org\/blog\/","name":"TRIBUNAL-NATURE","description":"Droit De L&#039;Environnement.","publisher":{"@id":"https:\/\/www.tribunal-nature.org\/blog\/#organization"},"potentialAction":[{"@type":"SearchAction","target":{"@type":"EntryPoint","urlTemplate":"https:\/\/www.tribunal-nature.org\/blog\/?s={search_term_string}"},"query-input":{"@type":"PropertyValueSpecification","valueRequired":true,"valueName":"search_term_string"}}],"inLanguage":"fr-FR"},{"@type":"Organization","@id":"https:\/\/www.tribunal-nature.org\/blog\/#organization","name":"tribunal-nature","url":"https:\/\/www.tribunal-nature.org\/blog\/","logo":{"@type":"ImageObject","inLanguage":"fr-FR","@id":"https:\/\/www.tribunal-nature.org\/blog\/#\/schema\/logo\/image\/","url":"https:\/\/www.tribunal-nature.org\/blog\/wp-content\/uploads\/2022\/05\/logo-2.png","contentUrl":"https:\/\/www.tribunal-nature.org\/blog\/wp-content\/uploads\/2022\/05\/logo-2.png","width":180,"height":180,"caption":"tribunal-nature"},"image":{"@id":"https:\/\/www.tribunal-nature.org\/blog\/#\/schema\/logo\/image\/"}},{"@type":"Person","@id":"https:\/\/www.tribunal-nature.org\/blog\/#\/schema\/person\/55761caf7544da6b05b60523f2a0855f","name":"Isabelle LOUBEAU","image":{"@type":"ImageObject","inLanguage":"fr-FR","@id":"https:\/\/secure.gravatar.com\/avatar\/b6912620aca78633bf5d50400888815d3b38a1118e82b94050843f411f3f5972?s=96&d=mm&r=g","url":"https:\/\/secure.gravatar.com\/avatar\/b6912620aca78633bf5d50400888815d3b38a1118e82b94050843f411f3f5972?s=96&d=mm&r=g","contentUrl":"https:\/\/secure.gravatar.com\/avatar\/b6912620aca78633bf5d50400888815d3b38a1118e82b94050843f411f3f5972?s=96&d=mm&r=g","caption":"Isabelle LOUBEAU"},"url":"https:\/\/www.tribunal-nature.org\/blog\/author\/ureisabelle\/"}]}},"_links":{"self":[{"href":"https:\/\/www.tribunal-nature.org\/blog\/wp-json\/wp\/v2\/posts\/372","targetHints":{"allow":["GET"]}}],"collection":[{"href":"https:\/\/www.tribunal-nature.org\/blog\/wp-json\/wp\/v2\/posts"}],"about":[{"href":"https:\/\/www.tribunal-nature.org\/blog\/wp-json\/wp\/v2\/types\/post"}],"author":[{"embeddable":true,"href":"https:\/\/www.tribunal-nature.org\/blog\/wp-json\/wp\/v2\/users\/3"}],"replies":[{"embeddable":true,"href":"https:\/\/www.tribunal-nature.org\/blog\/wp-json\/wp\/v2\/comments?post=372"}],"version-history":[{"count":0,"href":"https:\/\/www.tribunal-nature.org\/blog\/wp-json\/wp\/v2\/posts\/372\/revisions"}],"wp:featuredmedia":[{"embeddable":true,"href":"https:\/\/www.tribunal-nature.org\/blog\/wp-json\/wp\/v2\/media\/373"}],"wp:attachment":[{"href":"https:\/\/www.tribunal-nature.org\/blog\/wp-json\/wp\/v2\/media?parent=372"}],"wp:term":[{"taxonomy":"category","embeddable":true,"href":"https:\/\/www.tribunal-nature.org\/blog\/wp-json\/wp\/v2\/categories?post=372"},{"taxonomy":"post_tag","embeddable":true,"href":"https:\/\/www.tribunal-nature.org\/blog\/wp-json\/wp\/v2\/tags?post=372"}],"curies":[{"name":"wp","href":"https:\/\/api.w.org\/{rel}","templated":true}]}}