{"id":370,"date":"2023-01-26T21:03:12","date_gmt":"2023-01-26T20:03:12","guid":{"rendered":"https:\/\/www.tribunal-nature.org\/blog\/edito-tout-frais-aya-nakamura-et-son-ex-vladimir-boudnikoff-au-tribunal-ils-disent-tout-de-leur-dispute-qui-a-degenere-le-diaporama\/"},"modified":"2023-01-26T21:03:12","modified_gmt":"2023-01-26T20:03:12","slug":"edito-tout-frais-aya-nakamura-et-son-ex-vladimir-boudnikoff-au-tribunal-ils-disent-tout-de-leur-dispute-qui-a-degenere-le-diaporama","status":"publish","type":"post","link":"https:\/\/www.tribunal-nature.org\/blog\/edito-tout-frais-aya-nakamura-et-son-ex-vladimir-boudnikoff-au-tribunal-ils-disent-tout-de-leur-dispute-qui-a-degenere-le-diaporama\/","title":{"rendered":"Edito tout frais  : Aya Nakamura et son ex Vladimir Boudnikoff au tribunal : ils disent tout de leur \u00ab\u00a0dispute qui a d\u00e9g\u00e9n\u00e9r\u00e9\u00a0\u00bb : le diaporama"},"content":{"rendered":"<div>\n<p>A voir, cet \u00e9ditorial sur internet dont le sujet est \u00ab\u00a0la justice\u00a0\u00bb et qui est susceptible de vous r\u00e9jouir.<\/p>\n<p>Le titre  (Aya Nakamura et son ex Vladimir Boudnikoff au tribunal : ils disent tout de leur \u00ab\u00a0dispute qui a d\u00e9g\u00e9n\u00e9r\u00e9\u00a0\u00bb : le diaporama) est sans \u00e9quivoque.<\/p>\n<p> Identifi\u00e9 sous la signature \u00abd\u2019anonymat<br \/>\n\u00bb, l\u2019auteur est positivement connu.<\/p>\n<p>Les r\u00e9v\u00e9lations publi\u00e9es sont par cons\u00e9quent r\u00e9put\u00e9es v\u00e9ritables.<\/p>\n<p>Sachez que la date d\u2019\u00e9dition est 2023-01-26 10:38:00.<\/p>\n<div>\n<div>\n<p>1 \/ 19<\/p>\n<p>Aya Nakamura et son ex Vladimir Boudnikoff au tribunal : ils disent tout de leur \u00ab\u00a0dispute qui a d\u00e9g\u00e9n\u00e9r\u00e9\u00a0\u00bb\n<\/p>\n<\/div>\n<div>\n<p>2 \/ 19<\/p>\n<p>Vladimir Boudnikoff et sa compagne Aya Nakamura \u2013 Mont\u00e9e des marches du film \u00a0\u00bb Armageddon Time \u00a0\u00bb lors du 75\u00e8me Festival International du Film de Cannes. \u00a9 Cyril Moreau \/ Bestimage<br \/>\n<span> \u00a9 BestImage, Cyril Moreau<\/span>\n<\/p>\n<\/div>\n<div>\n<p>3 \/ 19<\/p>\n<p>Exclusif \u2013 Aya Nakamura \u2013 People lors de la Fashion Week \u00e0 Paris le 20 janvier 2023. People during Fashion Week in Paris on January 20, 2023.<br \/>\n<span> \u00a9 BestImage<\/span>\n<\/p>\n<\/div>\n<div>\n<p>4 \/ 19<\/p>\n<p>Vladimir Boudnikoff et sa compagne Aya Nakamura \u2013 Mont\u00e9e des marches du film \u00a0\u00bb Armageddon Time \u00a0\u00bb lors du 75\u00e8me Festival International du Film de Cannes. Le 19 mai 2022 \u00a9 Rachid Bellak \/ Bestimage<br \/>\n<span> \u00a9 BestImage, Rachid Bellak<\/span>\n<\/p>\n<\/div>\n<div>\n<p>5 \/ 19<\/p>\n<p>Exclusif \u2013 Aya Nakamura \u2013 People lors de la Fashion Week \u00e0 Paris le 20 janvier 2023. People during Fashion Week in Paris on January 20, 2023.<br \/>\n<span> \u00a9 BestImage<\/span>\n<\/p>\n<\/div>\n<div>\n<p>6 \/ 19<\/p>\n<p>Vladimir Boudnikoff et sa compagne Aya Nakamura \u2013 Mont\u00e9e des marches du film \u00a0\u00bb Armageddon Time \u00a0\u00bb lors du 75\u00e8me Festival International du Film de Cannes. Le 19 mai 2022 \u00a9 Cyril Moreau \/ Bestimage<br \/>\n<span> \u00a9 BestImage, Cyril Moreau<\/span>\n<\/p>\n<\/div>\n<div>\n<p>7 \/ 19<\/p>\n<p>Exclusif \u2013 Aya Nakamura \u2013 People lors de la Fashion Week \u00e0 Paris le 20 janvier 2023. People during Fashion Week in Paris on January 20, 2023.<br \/>\n<span> \u00a9 BestImage<\/span>\n<\/p>\n<\/div>\n<div>\n<p>8 \/ 19<\/p>\n<p>Vladimir Boudnikoff et sa compagne Aya Nakamura \u2013 Mont\u00e9e des marches du film \u00a0\u00bb Armageddon Time \u00a0\u00bb lors du 75\u00e8me Festival International du Film de Cannes. Le 19 mai 2022 \u00a9 Dominique Jacovides \/ Bestimage<br \/>\n<span> \u00a9 BestImage, Dominique Jacovides<\/span>\n<\/p>\n<\/div>\n<div>\n<p>9 \/ 19<\/p>\n<p>Aya Nakamura \u2013 People au match de Basketball Paris NBA 2023 entre les Pistons de Detroit et les Bulls de Chicago \u00e0 l\u2019Accor Arena Bercy le 19 janvier 2023. \u00a9 Veeren\/Bestimage<br \/>\n<span> \u00a9 BestImage, Veeren<\/span>\n<\/p>\n<\/div>\n<div>\n<p>10 \/ 19<\/p>\n<p>Vladimir Boudnikoff et sa compagne Aya Nakamura \u2013 Mont\u00e9e des marches du film \u00a0\u00bb Armageddon Time \u00a0\u00bb lors du 75\u00e8me Festival International du Film de Cannes. Le 19 mai 2022 \u00a9 Dominique Jacovides \/ Bestimage<br \/>\n<span> \u00a9 BestImage, Dominique Jacovides<\/span>\n<\/p>\n<\/div>\n<div>\n<p>11 \/ 19<\/p>\n<p>Aya Nakamura \u2013 Les c\u00e9l\u00e9brit\u00e9s au photocall du d\u00e9fil\u00e9 Jacquemus pour la pr\u00e9sentatation de la toute derni\u00e8re collection \u00ab\u00a0Le Raphia\u00a0\u00bb au Bourget, Seine-Saint-Denis (93), France, le 12 d\u00e9cembre 2022. \u00a9 Veeren-Clovis\/Bestimage<br \/>\n<span> \u00a9 BestImage, Veeren-Clovis<\/span>\n<\/p>\n<\/div>\n<div>\n<p>12 \/ 19<\/p>\n<p>Aya Nakamura sur sc\u00e8ne lors de la 24\u00e8me c\u00e9r\u00e9monie des \u00ab\u00a0NRJ Music Awards (NMA)\u00a0\u00bb au Palais des Festivals \u00e0 Cannes, le 18 novembre 2022. \u00a9 Dylan Meiffret\/Nice-Matin\/Bestimage<br \/>\n<span> \u00a9 BestImage, Dylan Meiffret<\/span>\n<\/p>\n<\/div>\n<div>\n<p>13 \/ 19<\/p>\n<p>Vladimir Boudnikoff et sa compagne Aya Nakamura \u2013 Mont\u00e9e des marches du film \u00a0\u00bb Armageddon Time \u00a0\u00bb lors du 75\u00e8me Festival International du Film de Cannes. Le 19 mai 2022 \u00a9 Cyril Moreau \/ Bestimage<br \/>\n<span> \u00a9 BestImage, Cyril Moreau<\/span>\n<\/p>\n<\/div>\n<div>\n<p>14 \/ 19<\/p>\n<p>Vladimir Boudnikoff et sa compagne Aya Nakamura \u2013 Mont\u00e9e des marches du film \u00a0\u00bb Armageddon Time \u00a0\u00bb lors du 75\u00e8me Festival International du Film de Cannes. Le 19 mai 2022 \u00a9 Cyril Moreau \/ Bestimage<br \/>\n<span> \u00a9 BestImage, Cyril Moreau<\/span>\n<\/p>\n<\/div>\n<div>\n<p>15 \/ 19<\/p>\n<p>Aya Nakamura au photocall de la 24\u00e8me \u00e9dition des \u00ab\u00a0NRJ Music Awards (NMA)\u00a0\u00bb au Palais des Festivals \u00e0 Cannes le 18 novembre 2022. \u00a9 Rahid Bellak \/ Bestimage<br \/>\n<span> \u00a9 BestImage, Rahid Bellak<\/span>\n<\/p>\n<\/div>\n<div>\n<p>16 \/ 19<\/p>\n<p>Vladimir Boudnikoff et sa compagne Aya Nakamura \u2013 Mont\u00e9e des marches du film \u00a0\u00bb Armageddon Time \u00a0\u00bb lors du 75\u00e8me Festival International du Film de Cannes. Le 19 mai 2022 \u00a9 Cyril Moreau \/ Bestimage<br \/>\n<span> \u00a9 BestImage, Cyril Moreau<\/span>\n<\/p>\n<\/div>\n<div>\n<p>17 \/ 19<\/p>\n<p>Aya Nakamura \u2013 Les c\u00e9l\u00e9brit\u00e9s \u00e0 la sortie du d\u00e9fil\u00e9 Balenciaga \u00ab\u00a0Collection Haute-Couture Automne\/Hiver 2021-2022\u00a0\u00bb \u00e0 Paris, le 7 juillet 2021. \u00a9 Clovis-Veeren\/Bestimage<br \/>\n<span> \u00a9 BestImage, Clovis-Veeren<\/span>\n<\/p>\n<\/div>\n<div>\n<p>18 \/ 19<\/p>\n<p>Vladimir Boudnikoff et sa compagne Aya Nakamura \u2013 Mont\u00e9e des marches du film \u00a0\u00bb Armageddon Time \u00a0\u00bb lors du 75\u00e8me Festival International du Film de Cannes. Le 19 mai 2022 \u00a9 Cyril Moreau \/ Bestimage<br \/>\n<span> \u00a9 BestImage, Cyril Moreau<\/span>\n<\/p>\n<\/div>\n<div>\n<p>19 \/ 19<\/p>\n<p>\nVladimir Boudnikoff et sa compagne Aya Nakamura \u2013 Mont\u00e9e des marches du film \u00a0\u00bb Armageddon Time \u00a0\u00bb lors du 75\u00e8me Festival International du Film de Cannes. Le 19 mai 2022 \u00a9 Cyril Moreau \/ Bestimage<br \/>\n<span> \u00a9 BestImage, Cyril Moreau<\/span>\n<\/p>\n<\/div>\n<\/div>\n<p>Bibliographie :<\/p>\n<p>Et ce sera justice,<a target=\"_blank\" rel=\"nofollow\" href=\"https:\/\/www.tribunal-nature.org\/blog\/goto\/https:\/\/www.kobo.com\/fr\/fr\/ebook\/et-ce-sera-justice-2\"  target=\"_blank\" rel=\"noopener noreferrer nofollow\">Clicker Ici <\/a><span><\/span>.<\/p>\n<p>Histoire du droit p\u00e9nal en Europe,<a target=\"_blank\" rel=\"nofollow\" href=\"https:\/\/www.tribunal-nature.org\/blog\/goto\/https:\/\/booknode.com\/histoire_du_droit_penal_en_europe_035024\"  target=\"_blank\" rel=\"noopener noreferrer nofollow\">Clicker Ici <\/a><span><\/span>. Disponible dans toutes les bonnes biblioth\u00e8ques de votre d\u00e9partement.<\/p>\n<p>M\u00e9diateurs et Avocats : Ennemis ? Alli\u00e9s ?,<a target=\"_blank\" rel=\"nofollow\" href=\"https:\/\/www.tribunal-nature.org\/blog\/goto\/https:\/\/booknode.com\/mediateurs_et_avocats_ennemis_allies_01289363\"  target=\"_blank\" rel=\"noopener noreferrer nofollow\">A voir et \u00e0 lire. <\/a><span><\/span>.<\/p>\n<\/div>\n","protected":false},"excerpt":{"rendered":"<p>A voir, cet \u00e9ditorial sur internet dont le sujet est \u00ab\u00a0la justice\u00a0\u00bb et qui est susceptible de vous r\u00e9jouir. Le&#8230;<\/p>\n","protected":false},"author":3,"featured_media":736,"comment_status":"closed","ping_status":"closed","sticky":false,"template":"","format":"standard","meta":{"footnotes":""},"categories":[2],"tags":[],"class_list":["post-370","post","type-post","status-publish","format-standard","has-post-thumbnail","hentry","category-droit-de-lenvironnement","wpcat-2-id"],"yoast_head":"<!-- This site is optimized with the Yoast SEO plugin v27.5 - https:\/\/yoast.com\/product\/yoast-seo-wordpress\/ -->\n<title>Edito tout frais : Aya Nakamura et son ex Vladimir Boudnikoff au tribunal : ils disent tout de leur \u00ab\u00a0dispute qui a d\u00e9g\u00e9n\u00e9r\u00e9\u00a0\u00bb : le diaporama - TRIBUNAL-NATURE<\/title>\n<meta name=\"description\" content=\"Edito tout frais : Aya Nakamura et son ex Vladimir Boudnikoff au tribunal : ils disent tout de leur \u00ab\u00a0dispute qui a d\u00e9g\u00e9n\u00e9r\u00e9\u00a0\u00bb : le diaporama article de TRIBUNAL-NATURE\" \/>\n<meta name=\"robots\" content=\"index, follow, max-snippet:-1, max-image-preview:large, max-video-preview:-1\" \/>\n<link rel=\"canonical\" href=\"https:\/\/www.tribunal-nature.org\/blog\/edito-tout-frais-aya-nakamura-et-son-ex-vladimir-boudnikoff-au-tribunal-ils-disent-tout-de-leur-dispute-qui-a-degenere-le-diaporama\/\" \/>\n<meta property=\"og:locale\" content=\"fr_FR\" \/>\n<meta property=\"og:type\" content=\"article\" \/>\n<meta property=\"og:title\" content=\"Edito tout frais : Aya Nakamura et son ex Vladimir Boudnikoff au tribunal : ils disent tout de leur \u00ab\u00a0dispute qui a d\u00e9g\u00e9n\u00e9r\u00e9\u00a0\u00bb : le diaporama - TRIBUNAL-NATURE\" \/>\n<meta property=\"og:description\" content=\"Edito tout frais : Aya Nakamura et son ex Vladimir Boudnikoff au tribunal : ils disent tout de leur \u00ab\u00a0dispute qui a d\u00e9g\u00e9n\u00e9r\u00e9\u00a0\u00bb : le diaporama article de TRIBUNAL-NATURE\" \/>\n<meta property=\"og:url\" content=\"https:\/\/www.tribunal-nature.org\/blog\/edito-tout-frais-aya-nakamura-et-son-ex-vladimir-boudnikoff-au-tribunal-ils-disent-tout-de-leur-dispute-qui-a-degenere-le-diaporama\/\" \/>\n<meta property=\"og:site_name\" content=\"TRIBUNAL-NATURE\" \/>\n<meta property=\"article:published_time\" content=\"2023-01-26T20:03:12+00:00\" \/>\n<meta name=\"author\" content=\"Isabelle LOUBEAU\" \/>\n<meta name=\"twitter:card\" content=\"summary_large_image\" \/>\n<meta name=\"twitter:label1\" content=\"\u00c9crit par\" \/>\n\t<meta name=\"twitter:data1\" content=\"Isabelle LOUBEAU\" \/>\n\t<meta name=\"twitter:label2\" content=\"Dur\u00e9e de lecture estim\u00e9e\" \/>\n\t<meta name=\"twitter:data2\" content=\"3 minutes\" \/>\n<script type=\"application\/ld+json\" class=\"yoast-schema-graph\">{\"@context\":\"https:\\\/\\\/schema.org\",\"@graph\":[{\"@type\":\"Article\",\"@id\":\"https:\\\/\\\/www.tribunal-nature.org\\\/blog\\\/edito-tout-frais-aya-nakamura-et-son-ex-vladimir-boudnikoff-au-tribunal-ils-disent-tout-de-leur-dispute-qui-a-degenere-le-diaporama\\\/#article\",\"isPartOf\":{\"@id\":\"https:\\\/\\\/www.tribunal-nature.org\\\/blog\\\/edito-tout-frais-aya-nakamura-et-son-ex-vladimir-boudnikoff-au-tribunal-ils-disent-tout-de-leur-dispute-qui-a-degenere-le-diaporama\\\/\"},\"author\":{\"name\":\"Isabelle LOUBEAU\",\"@id\":\"https:\\\/\\\/www.tribunal-nature.org\\\/blog\\\/#\\\/schema\\\/person\\\/55761caf7544da6b05b60523f2a0855f\"},\"headline\":\"Edito tout frais : Aya Nakamura et son ex Vladimir Boudnikoff au tribunal : ils disent tout de leur \u00ab\u00a0dispute qui a d\u00e9g\u00e9n\u00e9r\u00e9\u00a0\u00bb : le diaporama\",\"datePublished\":\"2023-01-26T20:03:12+00:00\",\"mainEntityOfPage\":{\"@id\":\"https:\\\/\\\/www.tribunal-nature.org\\\/blog\\\/edito-tout-frais-aya-nakamura-et-son-ex-vladimir-boudnikoff-au-tribunal-ils-disent-tout-de-leur-dispute-qui-a-degenere-le-diaporama\\\/\"},\"wordCount\":696,\"publisher\":{\"@id\":\"https:\\\/\\\/www.tribunal-nature.org\\\/blog\\\/#organization\"},\"image\":{\"@id\":\"https:\\\/\\\/www.tribunal-nature.org\\\/blog\\\/edito-tout-frais-aya-nakamura-et-son-ex-vladimir-boudnikoff-au-tribunal-ils-disent-tout-de-leur-dispute-qui-a-degenere-le-diaporama\\\/#primaryimage\"},\"thumbnailUrl\":\"https:\\\/\\\/www.tribunal-nature.org\\\/blog\\\/wp-content\\\/uploads\\\/2023\\\/09\\\/aya-nakamura.jpg\",\"articleSection\":[\"Droit De L'Environnement:\"],\"inLanguage\":\"fr-FR\"},{\"@type\":\"WebPage\",\"@id\":\"https:\\\/\\\/www.tribunal-nature.org\\\/blog\\\/edito-tout-frais-aya-nakamura-et-son-ex-vladimir-boudnikoff-au-tribunal-ils-disent-tout-de-leur-dispute-qui-a-degenere-le-diaporama\\\/\",\"url\":\"https:\\\/\\\/www.tribunal-nature.org\\\/blog\\\/edito-tout-frais-aya-nakamura-et-son-ex-vladimir-boudnikoff-au-tribunal-ils-disent-tout-de-leur-dispute-qui-a-degenere-le-diaporama\\\/\",\"name\":\"Edito tout frais : Aya Nakamura et son ex Vladimir Boudnikoff au tribunal : ils disent tout de leur \u00ab\u00a0dispute qui a d\u00e9g\u00e9n\u00e9r\u00e9\u00a0\u00bb : le diaporama - TRIBUNAL-NATURE\",\"isPartOf\":{\"@id\":\"https:\\\/\\\/www.tribunal-nature.org\\\/blog\\\/#website\"},\"primaryImageOfPage\":{\"@id\":\"https:\\\/\\\/www.tribunal-nature.org\\\/blog\\\/edito-tout-frais-aya-nakamura-et-son-ex-vladimir-boudnikoff-au-tribunal-ils-disent-tout-de-leur-dispute-qui-a-degenere-le-diaporama\\\/#primaryimage\"},\"image\":{\"@id\":\"https:\\\/\\\/www.tribunal-nature.org\\\/blog\\\/edito-tout-frais-aya-nakamura-et-son-ex-vladimir-boudnikoff-au-tribunal-ils-disent-tout-de-leur-dispute-qui-a-degenere-le-diaporama\\\/#primaryimage\"},\"thumbnailUrl\":\"https:\\\/\\\/www.tribunal-nature.org\\\/blog\\\/wp-content\\\/uploads\\\/2023\\\/09\\\/aya-nakamura.jpg\",\"datePublished\":\"2023-01-26T20:03:12+00:00\",\"description\":\"Edito tout frais : Aya Nakamura et son ex Vladimir Boudnikoff au tribunal : ils disent tout de leur \u00ab\u00a0dispute qui a d\u00e9g\u00e9n\u00e9r\u00e9\u00a0\u00bb : le diaporama article de TRIBUNAL-NATURE\",\"breadcrumb\":{\"@id\":\"https:\\\/\\\/www.tribunal-nature.org\\\/blog\\\/edito-tout-frais-aya-nakamura-et-son-ex-vladimir-boudnikoff-au-tribunal-ils-disent-tout-de-leur-dispute-qui-a-degenere-le-diaporama\\\/#breadcrumb\"},\"inLanguage\":\"fr-FR\",\"potentialAction\":[{\"@type\":\"ReadAction\",\"target\":[\"https:\\\/\\\/www.tribunal-nature.org\\\/blog\\\/edito-tout-frais-aya-nakamura-et-son-ex-vladimir-boudnikoff-au-tribunal-ils-disent-tout-de-leur-dispute-qui-a-degenere-le-diaporama\\\/\"]}]},{\"@type\":\"ImageObject\",\"inLanguage\":\"fr-FR\",\"@id\":\"https:\\\/\\\/www.tribunal-nature.org\\\/blog\\\/edito-tout-frais-aya-nakamura-et-son-ex-vladimir-boudnikoff-au-tribunal-ils-disent-tout-de-leur-dispute-qui-a-degenere-le-diaporama\\\/#primaryimage\",\"url\":\"https:\\\/\\\/www.tribunal-nature.org\\\/blog\\\/wp-content\\\/uploads\\\/2023\\\/09\\\/aya-nakamura.jpg\",\"contentUrl\":\"https:\\\/\\\/www.tribunal-nature.org\\\/blog\\\/wp-content\\\/uploads\\\/2023\\\/09\\\/aya-nakamura.jpg\",\"width\":1200,\"height\":1200,\"caption\":\"aya nakamura\"},{\"@type\":\"BreadcrumbList\",\"@id\":\"https:\\\/\\\/www.tribunal-nature.org\\\/blog\\\/edito-tout-frais-aya-nakamura-et-son-ex-vladimir-boudnikoff-au-tribunal-ils-disent-tout-de-leur-dispute-qui-a-degenere-le-diaporama\\\/#breadcrumb\",\"itemListElement\":[{\"@type\":\"ListItem\",\"position\":1,\"name\":\"Accueil\",\"item\":\"https:\\\/\\\/www.tribunal-nature.org\\\/blog\\\/\"},{\"@type\":\"ListItem\",\"position\":2,\"name\":\"Edito tout frais : Aya Nakamura et son ex Vladimir Boudnikoff au tribunal : ils disent tout de leur \u00ab\u00a0dispute qui a d\u00e9g\u00e9n\u00e9r\u00e9\u00a0\u00bb : le diaporama\"}]},{\"@type\":\"WebSite\",\"@id\":\"https:\\\/\\\/www.tribunal-nature.org\\\/blog\\\/#website\",\"url\":\"https:\\\/\\\/www.tribunal-nature.org\\\/blog\\\/\",\"name\":\"TRIBUNAL-NATURE\",\"description\":\"Droit De L&#039;Environnement.\",\"publisher\":{\"@id\":\"https:\\\/\\\/www.tribunal-nature.org\\\/blog\\\/#organization\"},\"potentialAction\":[{\"@type\":\"SearchAction\",\"target\":{\"@type\":\"EntryPoint\",\"urlTemplate\":\"https:\\\/\\\/www.tribunal-nature.org\\\/blog\\\/?s={search_term_string}\"},\"query-input\":{\"@type\":\"PropertyValueSpecification\",\"valueRequired\":true,\"valueName\":\"search_term_string\"}}],\"inLanguage\":\"fr-FR\"},{\"@type\":\"Organization\",\"@id\":\"https:\\\/\\\/www.tribunal-nature.org\\\/blog\\\/#organization\",\"name\":\"tribunal-nature\",\"url\":\"https:\\\/\\\/www.tribunal-nature.org\\\/blog\\\/\",\"logo\":{\"@type\":\"ImageObject\",\"inLanguage\":\"fr-FR\",\"@id\":\"https:\\\/\\\/www.tribunal-nature.org\\\/blog\\\/#\\\/schema\\\/logo\\\/image\\\/\",\"url\":\"https:\\\/\\\/www.tribunal-nature.org\\\/blog\\\/wp-content\\\/uploads\\\/2022\\\/05\\\/logo-2.png\",\"contentUrl\":\"https:\\\/\\\/www.tribunal-nature.org\\\/blog\\\/wp-content\\\/uploads\\\/2022\\\/05\\\/logo-2.png\",\"width\":180,\"height\":180,\"caption\":\"tribunal-nature\"},\"image\":{\"@id\":\"https:\\\/\\\/www.tribunal-nature.org\\\/blog\\\/#\\\/schema\\\/logo\\\/image\\\/\"}},{\"@type\":\"Person\",\"@id\":\"https:\\\/\\\/www.tribunal-nature.org\\\/blog\\\/#\\\/schema\\\/person\\\/55761caf7544da6b05b60523f2a0855f\",\"name\":\"Isabelle LOUBEAU\",\"image\":{\"@type\":\"ImageObject\",\"inLanguage\":\"fr-FR\",\"@id\":\"https:\\\/\\\/secure.gravatar.com\\\/avatar\\\/b6912620aca78633bf5d50400888815d3b38a1118e82b94050843f411f3f5972?s=96&d=mm&r=g\",\"url\":\"https:\\\/\\\/secure.gravatar.com\\\/avatar\\\/b6912620aca78633bf5d50400888815d3b38a1118e82b94050843f411f3f5972?s=96&d=mm&r=g\",\"contentUrl\":\"https:\\\/\\\/secure.gravatar.com\\\/avatar\\\/b6912620aca78633bf5d50400888815d3b38a1118e82b94050843f411f3f5972?s=96&d=mm&r=g\",\"caption\":\"Isabelle LOUBEAU\"},\"url\":\"https:\\\/\\\/www.tribunal-nature.org\\\/blog\\\/author\\\/ureisabelle\\\/\"}]}<\/script>\n<!-- \/ Yoast SEO plugin. -->","yoast_head_json":{"title":"Edito tout frais : Aya Nakamura et son ex Vladimir Boudnikoff au tribunal : ils disent tout de leur \u00ab\u00a0dispute qui a d\u00e9g\u00e9n\u00e9r\u00e9\u00a0\u00bb : le diaporama - TRIBUNAL-NATURE","description":"Edito tout frais : Aya Nakamura et son ex Vladimir Boudnikoff au tribunal : ils disent tout de leur \u00ab\u00a0dispute qui a d\u00e9g\u00e9n\u00e9r\u00e9\u00a0\u00bb : le diaporama article de TRIBUNAL-NATURE","robots":{"index":"index","follow":"follow","max-snippet":"max-snippet:-1","max-image-preview":"max-image-preview:large","max-video-preview":"max-video-preview:-1"},"canonical":"https:\/\/www.tribunal-nature.org\/blog\/edito-tout-frais-aya-nakamura-et-son-ex-vladimir-boudnikoff-au-tribunal-ils-disent-tout-de-leur-dispute-qui-a-degenere-le-diaporama\/","og_locale":"fr_FR","og_type":"article","og_title":"Edito tout frais : Aya Nakamura et son ex Vladimir Boudnikoff au tribunal : ils disent tout de leur \u00ab\u00a0dispute qui a d\u00e9g\u00e9n\u00e9r\u00e9\u00a0\u00bb : le diaporama - TRIBUNAL-NATURE","og_description":"Edito tout frais : Aya Nakamura et son ex Vladimir Boudnikoff au tribunal : ils disent tout de leur \u00ab\u00a0dispute qui a d\u00e9g\u00e9n\u00e9r\u00e9\u00a0\u00bb : le diaporama article de TRIBUNAL-NATURE","og_url":"https:\/\/www.tribunal-nature.org\/blog\/edito-tout-frais-aya-nakamura-et-son-ex-vladimir-boudnikoff-au-tribunal-ils-disent-tout-de-leur-dispute-qui-a-degenere-le-diaporama\/","og_site_name":"TRIBUNAL-NATURE","article_published_time":"2023-01-26T20:03:12+00:00","author":"Isabelle LOUBEAU","twitter_card":"summary_large_image","twitter_misc":{"\u00c9crit par":"Isabelle LOUBEAU","Dur\u00e9e de lecture estim\u00e9e":"3 minutes"},"schema":{"@context":"https:\/\/schema.org","@graph":[{"@type":"Article","@id":"https:\/\/www.tribunal-nature.org\/blog\/edito-tout-frais-aya-nakamura-et-son-ex-vladimir-boudnikoff-au-tribunal-ils-disent-tout-de-leur-dispute-qui-a-degenere-le-diaporama\/#article","isPartOf":{"@id":"https:\/\/www.tribunal-nature.org\/blog\/edito-tout-frais-aya-nakamura-et-son-ex-vladimir-boudnikoff-au-tribunal-ils-disent-tout-de-leur-dispute-qui-a-degenere-le-diaporama\/"},"author":{"name":"Isabelle LOUBEAU","@id":"https:\/\/www.tribunal-nature.org\/blog\/#\/schema\/person\/55761caf7544da6b05b60523f2a0855f"},"headline":"Edito tout frais : Aya Nakamura et son ex Vladimir Boudnikoff au tribunal : ils disent tout de leur \u00ab\u00a0dispute qui a d\u00e9g\u00e9n\u00e9r\u00e9\u00a0\u00bb : le diaporama","datePublished":"2023-01-26T20:03:12+00:00","mainEntityOfPage":{"@id":"https:\/\/www.tribunal-nature.org\/blog\/edito-tout-frais-aya-nakamura-et-son-ex-vladimir-boudnikoff-au-tribunal-ils-disent-tout-de-leur-dispute-qui-a-degenere-le-diaporama\/"},"wordCount":696,"publisher":{"@id":"https:\/\/www.tribunal-nature.org\/blog\/#organization"},"image":{"@id":"https:\/\/www.tribunal-nature.org\/blog\/edito-tout-frais-aya-nakamura-et-son-ex-vladimir-boudnikoff-au-tribunal-ils-disent-tout-de-leur-dispute-qui-a-degenere-le-diaporama\/#primaryimage"},"thumbnailUrl":"https:\/\/www.tribunal-nature.org\/blog\/wp-content\/uploads\/2023\/09\/aya-nakamura.jpg","articleSection":["Droit De L'Environnement:"],"inLanguage":"fr-FR"},{"@type":"WebPage","@id":"https:\/\/www.tribunal-nature.org\/blog\/edito-tout-frais-aya-nakamura-et-son-ex-vladimir-boudnikoff-au-tribunal-ils-disent-tout-de-leur-dispute-qui-a-degenere-le-diaporama\/","url":"https:\/\/www.tribunal-nature.org\/blog\/edito-tout-frais-aya-nakamura-et-son-ex-vladimir-boudnikoff-au-tribunal-ils-disent-tout-de-leur-dispute-qui-a-degenere-le-diaporama\/","name":"Edito tout frais : Aya Nakamura et son ex Vladimir Boudnikoff au tribunal : ils disent tout de leur \u00ab\u00a0dispute qui a d\u00e9g\u00e9n\u00e9r\u00e9\u00a0\u00bb : le diaporama - TRIBUNAL-NATURE","isPartOf":{"@id":"https:\/\/www.tribunal-nature.org\/blog\/#website"},"primaryImageOfPage":{"@id":"https:\/\/www.tribunal-nature.org\/blog\/edito-tout-frais-aya-nakamura-et-son-ex-vladimir-boudnikoff-au-tribunal-ils-disent-tout-de-leur-dispute-qui-a-degenere-le-diaporama\/#primaryimage"},"image":{"@id":"https:\/\/www.tribunal-nature.org\/blog\/edito-tout-frais-aya-nakamura-et-son-ex-vladimir-boudnikoff-au-tribunal-ils-disent-tout-de-leur-dispute-qui-a-degenere-le-diaporama\/#primaryimage"},"thumbnailUrl":"https:\/\/www.tribunal-nature.org\/blog\/wp-content\/uploads\/2023\/09\/aya-nakamura.jpg","datePublished":"2023-01-26T20:03:12+00:00","description":"Edito tout frais : Aya Nakamura et son ex Vladimir Boudnikoff au tribunal : ils disent tout de leur \u00ab\u00a0dispute qui a d\u00e9g\u00e9n\u00e9r\u00e9\u00a0\u00bb : le diaporama article de TRIBUNAL-NATURE","breadcrumb":{"@id":"https:\/\/www.tribunal-nature.org\/blog\/edito-tout-frais-aya-nakamura-et-son-ex-vladimir-boudnikoff-au-tribunal-ils-disent-tout-de-leur-dispute-qui-a-degenere-le-diaporama\/#breadcrumb"},"inLanguage":"fr-FR","potentialAction":[{"@type":"ReadAction","target":["https:\/\/www.tribunal-nature.org\/blog\/edito-tout-frais-aya-nakamura-et-son-ex-vladimir-boudnikoff-au-tribunal-ils-disent-tout-de-leur-dispute-qui-a-degenere-le-diaporama\/"]}]},{"@type":"ImageObject","inLanguage":"fr-FR","@id":"https:\/\/www.tribunal-nature.org\/blog\/edito-tout-frais-aya-nakamura-et-son-ex-vladimir-boudnikoff-au-tribunal-ils-disent-tout-de-leur-dispute-qui-a-degenere-le-diaporama\/#primaryimage","url":"https:\/\/www.tribunal-nature.org\/blog\/wp-content\/uploads\/2023\/09\/aya-nakamura.jpg","contentUrl":"https:\/\/www.tribunal-nature.org\/blog\/wp-content\/uploads\/2023\/09\/aya-nakamura.jpg","width":1200,"height":1200,"caption":"aya nakamura"},{"@type":"BreadcrumbList","@id":"https:\/\/www.tribunal-nature.org\/blog\/edito-tout-frais-aya-nakamura-et-son-ex-vladimir-boudnikoff-au-tribunal-ils-disent-tout-de-leur-dispute-qui-a-degenere-le-diaporama\/#breadcrumb","itemListElement":[{"@type":"ListItem","position":1,"name":"Accueil","item":"https:\/\/www.tribunal-nature.org\/blog\/"},{"@type":"ListItem","position":2,"name":"Edito tout frais : Aya Nakamura et son ex Vladimir Boudnikoff au tribunal : ils disent tout de leur \u00ab\u00a0dispute qui a d\u00e9g\u00e9n\u00e9r\u00e9\u00a0\u00bb : le diaporama"}]},{"@type":"WebSite","@id":"https:\/\/www.tribunal-nature.org\/blog\/#website","url":"https:\/\/www.tribunal-nature.org\/blog\/","name":"TRIBUNAL-NATURE","description":"Droit De L&#039;Environnement.","publisher":{"@id":"https:\/\/www.tribunal-nature.org\/blog\/#organization"},"potentialAction":[{"@type":"SearchAction","target":{"@type":"EntryPoint","urlTemplate":"https:\/\/www.tribunal-nature.org\/blog\/?s={search_term_string}"},"query-input":{"@type":"PropertyValueSpecification","valueRequired":true,"valueName":"search_term_string"}}],"inLanguage":"fr-FR"},{"@type":"Organization","@id":"https:\/\/www.tribunal-nature.org\/blog\/#organization","name":"tribunal-nature","url":"https:\/\/www.tribunal-nature.org\/blog\/","logo":{"@type":"ImageObject","inLanguage":"fr-FR","@id":"https:\/\/www.tribunal-nature.org\/blog\/#\/schema\/logo\/image\/","url":"https:\/\/www.tribunal-nature.org\/blog\/wp-content\/uploads\/2022\/05\/logo-2.png","contentUrl":"https:\/\/www.tribunal-nature.org\/blog\/wp-content\/uploads\/2022\/05\/logo-2.png","width":180,"height":180,"caption":"tribunal-nature"},"image":{"@id":"https:\/\/www.tribunal-nature.org\/blog\/#\/schema\/logo\/image\/"}},{"@type":"Person","@id":"https:\/\/www.tribunal-nature.org\/blog\/#\/schema\/person\/55761caf7544da6b05b60523f2a0855f","name":"Isabelle LOUBEAU","image":{"@type":"ImageObject","inLanguage":"fr-FR","@id":"https:\/\/secure.gravatar.com\/avatar\/b6912620aca78633bf5d50400888815d3b38a1118e82b94050843f411f3f5972?s=96&d=mm&r=g","url":"https:\/\/secure.gravatar.com\/avatar\/b6912620aca78633bf5d50400888815d3b38a1118e82b94050843f411f3f5972?s=96&d=mm&r=g","contentUrl":"https:\/\/secure.gravatar.com\/avatar\/b6912620aca78633bf5d50400888815d3b38a1118e82b94050843f411f3f5972?s=96&d=mm&r=g","caption":"Isabelle LOUBEAU"},"url":"https:\/\/www.tribunal-nature.org\/blog\/author\/ureisabelle\/"}]}},"_links":{"self":[{"href":"https:\/\/www.tribunal-nature.org\/blog\/wp-json\/wp\/v2\/posts\/370","targetHints":{"allow":["GET"]}}],"collection":[{"href":"https:\/\/www.tribunal-nature.org\/blog\/wp-json\/wp\/v2\/posts"}],"about":[{"href":"https:\/\/www.tribunal-nature.org\/blog\/wp-json\/wp\/v2\/types\/post"}],"author":[{"embeddable":true,"href":"https:\/\/www.tribunal-nature.org\/blog\/wp-json\/wp\/v2\/users\/3"}],"replies":[{"embeddable":true,"href":"https:\/\/www.tribunal-nature.org\/blog\/wp-json\/wp\/v2\/comments?post=370"}],"version-history":[{"count":0,"href":"https:\/\/www.tribunal-nature.org\/blog\/wp-json\/wp\/v2\/posts\/370\/revisions"}],"wp:featuredmedia":[{"embeddable":true,"href":"https:\/\/www.tribunal-nature.org\/blog\/wp-json\/wp\/v2\/media\/736"}],"wp:attachment":[{"href":"https:\/\/www.tribunal-nature.org\/blog\/wp-json\/wp\/v2\/media?parent=370"}],"wp:term":[{"taxonomy":"category","embeddable":true,"href":"https:\/\/www.tribunal-nature.org\/blog\/wp-json\/wp\/v2\/categories?post=370"},{"taxonomy":"post_tag","embeddable":true,"href":"https:\/\/www.tribunal-nature.org\/blog\/wp-json\/wp\/v2\/tags?post=370"}],"curies":[{"name":"wp","href":"https:\/\/api.w.org\/{rel}","templated":true}]}}