{"id":368,"date":"2023-01-24T21:03:16","date_gmt":"2023-01-24T20:03:16","guid":{"rendered":"https:\/\/www.tribunal-nature.org\/blog\/la-commission-presente-une-nouvelle-donne-pour-les-pollinisateurs\/"},"modified":"2023-01-24T21:03:16","modified_gmt":"2023-01-24T20:03:16","slug":"la-commission-presente-une-nouvelle-donne-pour-les-pollinisateurs","status":"publish","type":"post","link":"https:\/\/www.tribunal-nature.org\/blog\/la-commission-presente-une-nouvelle-donne-pour-les-pollinisateurs\/","title":{"rendered":"La Commission pr\u00e9sente \u00ab\u00a0Une nouvelle donne pour les pollinisateurs\u00a0\u00bb"},"content":{"rendered":"<div>\n<div><meta charset=\"utf-8\"><meta http-equiv=\"x-ua-compatible\" content=\"ie=edge\"><meta name=\"viewport\" content=\"width=device-width, initial-scale=1\"><link href=\"https:\/\/eulawlive.com\/app\/images\/favicon.png\" rel=\"icon\"><meta property=\"twitter:image\" content=\"https:\/\/eulawlive.com\/app\/uploads\/linkedin_new.png\"><meta property=\"og:image\" name=\"og:image\" content=\"https:\/\/eulawlive.com\/app\/uploads\/linkedin_new.png\"><meta name=\"twitter:image\" content=\"https:\/\/eulawlive.com\/app\/uploads\/linkedin_new.png\"><meta name=\"og:image\" content=\"https:\/\/eulawlive.com\/app\/uploads\/linkedin_new.png\"><link type=\"text\/css\" media=\"all\" href=\"https:\/\/eulawlive.com\/app\/cache\/autoptimize\/css\/autoptimize_d3fbde7aca775aed5c5e3a68ba5d632f.css\" rel=\"stylesheet\"><title>La Commission pr\u00e9sente \u00ab\u00a0Une nouvelle donne pour les pollinisateurs\u00a0\u00bb \u2013 EU Law Live<\/title><meta name=\"robots\" content=\"max-snippet:-1, max-image-preview:large, max-video-preview:-1\"><link rel=\"canonical\" href=\"https:\/\/eulawlive.com\/commission-presents-a-new-deal-for-pollinators\/\"><meta property=\"og:locale\" content=\"en_GB\"><meta property=\"og:type\" content=\"article\"><meta property=\"og:title\" content=\"Commission presents 'A New Deal for Pollinators' - EU Law Live\"><meta property=\"og:description\" content=\"Today, the Commission presented \u2018A New Deal for Pollinators\u2019 to tackle one of the biggest concerns: the alarming decline in wild pollinating insects in Europe. It complements the Commission\u2019s \u2026 \u00a0 Read more\"><meta property=\"og:url\" content=\"https:\/\/eulawlive.com\/commission-presents-a-new-deal-for-pollinators\/\"><meta property=\"og:site_name\" content=\"EU Law Live\"><meta property=\"article:tag\" content=\"News\"><meta property=\"article:section\" content=\"Consumer, Health &amp; Environment\"><meta property=\"article:published_time\" content=\"2023-01-24T16:30:35+00:00\"><meta property=\"article:modified_time\" content=\"2023-01-24T16:27:47+00:00\"><meta property=\"og:updated_time\" content=\"2023-01-24T16:27:47+00:00\"><meta property=\"og:image\" content=\"https:\/\/eulawlive.com\/app\/uploads\/linkedin_new.png\"><meta property=\"og:image:secure_url\" content=\"https:\/\/eulawlive.com\/app\/uploads\/linkedin_new.png\"><meta property=\"og:image:width\" content=\"494\"><meta property=\"og:image:height\" content=\"237\"><link rel=\"dns-prefetch\" href=\"https:\/\/code.jquery.com\"><meta property=\"og:image\" content=\"https:\/\/eulawlive.com\/logo-final.jpg\"><meta property=\"twitter:image\" content=\"https:\/\/eulawlive.com\/app\/uploads\/linkedin_new.png\"><meta property=\"og:image\" name=\"og:image\" content=\"https:\/\/eulawlive.com\/app\/uploads\/linkedin_new.png\"><meta name=\"twitter:image\" content=\"https:\/\/eulawlive.com\/app\/uploads\/linkedin_new.png\"><meta name=\"og:image\" content=\"https:\/\/eulawlive.com\/app\/uploads\/linkedin_new.png\"> <noscript><iframe loading=\"lazy\" src=\"https:\/\/www.googletagmanager.com\/ns.html?id=GTM-MGMJW89\" height=\"0\" width=\"0\" style=\"display:none;visibility:hidden\"><\/iframe><\/noscript>   <\/p>\n<div class=\"wrap\" role=\"document\">\n<div class=\"content\"> <main class=\"main\" style=\"background: url('https:\/\/eulawlive.com\/app\/images\/fondo-body-up.png');background-repeat: no-repeat;background-position: top center;background-size: 918px;\"> <\/p>\n<div class=\"container contenidos-editor-posts\">\n<div class=\"row\">\n<div class=\"col-12 col-lg-11 mx-auto\">\n<div class=\"d-none d-lg-block\">\n<div class=\"fz-10 ff-titilliumweb bg-light border user-post-cat text-center ml-4 mt-4 mt-xl-0 ml-xl-0 d-none\">\n<div class=\"position-relative h-100\">\n<div class=\"position-absolute center-all w-100\">\n<div class=\"pt-1\"> <img decoding=\"async\" class=\"user-image-post-cat mb-2 img-fluid\" src=\"https:\/\/www.tribunal-nature.org\/blog\/wp-content\/uploads\/2023\/01\/European-Environment-Agency-warns-of-dangerous-effects-of-land-take.png\"> <\/div>\n<\/div>\n<\/div>\n<\/div>\n<\/div>\n<div class=\"row d-lg-none\">\n<div class=\"col-lg-11\">\n<div class=\"fz-10 ff-titilliumweb user-post-cat text-center mt-4 mt-xl-0 d-none\">\n<div class=\"position-relative h-100\">\n<div class=\"position-absolute center-all w-100\">\n<div class=\"pt-1\"> <img decoding=\"async\" class=\"user-image-post-cat mb-2 img-fluid\" src=\"https:\/\/www.tribunal-nature.org\/blog\/wp-content\/uploads\/2023\/01\/European-Environment-Agency-warns-of-dangerous-effects-of-land-take.png\"> <\/div>\n<\/div>\n<\/div>\n<\/div>\n<\/div>\n<\/div>\n<div class=\"row\">\n<div class=\"col-12 col-lg-10 mx-auto border-md-left mb-5\">\n<div class=\"row\">\n<p> <span class=\"text-gray ff-titilliumweb text-uppercase pr-2\">    24 janvier 2023 <\/span> <\/p>\n<p> <span class=\"text-primary ff-titilliumweb text-uppercase\">    Consommateurs, sant\u00e9 et environnement <\/span> <\/p>\n<\/div>\n<div class=\"row\">\n<div class=\"col-12 col-md-11 ml-md-auto\">\n<div class=\"ff-titilliumweb text-justify position-relative no-content\">\n<div class=\"no-pointer\">\n<p>Aujourd\u2019hui, la Commission a pr\u00e9sent\u00e9 \u00ab\u00a0Une nouvelle donne pour les pollinisateurs\u00a0\u00bb afin de s\u2019attaquer \u00e0 l\u2019une des principales pr\u00e9occupations\u00a0: le d\u00e9clin alarmant des insectes pollinisateurs sauvages en Europe.  Il compl\u00e8te la proposition de la Commission relative \u00e0 une loi sur la restauration de la nature et constitue un \u00e9l\u00e9ment cl\u00e9 de la strat\u00e9gie pour la biodiversit\u00e9 2030, de la strat\u00e9gie de la ferme \u00e0 la table et du pacte vert europ\u00e9en.<\/p>\n<p>L\u2019accord r\u00e9vise l\u2019initiative de l\u2019UE sur les pollinisateurs de 2018 et d\u00e9finit les mesures \u00e0 prendre par l\u2019UE et les \u00c9tats membres pour inverser le d\u00e9clin des pollinisateurs d\u2019ici 2030. Entre autres, le New Deal pour les pollinisateurs comprend une meilleure conservation des esp\u00e8ces et des habitats gr\u00e2ce \u00e0 l\u2019identification des pollinisateurs typiques des habitats prot\u00e9g\u00e9s au titre de la directive Habitats\u00a0;  la restauration des habitats en agriculture<\/p>\n<\/div>\n<\/div>\n<\/div>\n<\/div>\n<\/div>\n<\/div>\n<\/div>\n<\/div>\n<\/div>\n<p><\/main> <\/div>\n<\/div>\n<div id=\"cookies-hidden\" class=\"position-fixed bg-white py-1 px-3 overflow-x-hidden pointer\" style=\"right: 0; bottom: 0;border: 1px solid var(--primary);\" data-toggle=\"modal\" data-target=\"#configCookies\"> <img decoding=\"async\" class=\"d-inline-block\" src=\"https:\/\/www.tribunal-nature.org\/blog\/wp-content\/uploads\/2023\/01\/La-Commission-envoie-une-communication-des-griefs-a-Apple-sur.png\" style=\"max-width: 18px;\"> <span class=\"text-primary fz-18 pl-2\">biscuits<\/span> <\/div>\n<\/p>\n<\/div>\n<\/div>\n","protected":false},"excerpt":{"rendered":"<p>La Commission pr\u00e9sente \u00ab\u00a0Une nouvelle donne pour les pollinisateurs\u00a0\u00bb \u2013 EU Law Live 24 janvier 2023 Consommateurs, sant\u00e9 et environnement&#8230;<\/p>\n","protected":false},"author":3,"featured_media":369,"comment_status":"closed","ping_status":"closed","sticky":false,"template":"","format":"standard","meta":{"footnotes":""},"categories":[2],"tags":[],"class_list":["post-368","post","type-post","status-publish","format-standard","has-post-thumbnail","hentry","category-droit-de-lenvironnement","wpcat-2-id"],"yoast_head":"<!-- This site is optimized with the Yoast SEO plugin v27.5 - https:\/\/yoast.com\/product\/yoast-seo-wordpress\/ -->\n<title>La Commission pr\u00e9sente \u00ab\u00a0Une nouvelle donne pour les pollinisateurs\u00a0\u00bb - TRIBUNAL-NATURE<\/title>\n<meta name=\"description\" content=\"La Commission pr\u00e9sente \u00ab\u00a0Une nouvelle donne pour les pollinisateurs\u00a0\u00bb article de TRIBUNAL-NATURE\" \/>\n<meta name=\"robots\" content=\"index, follow, max-snippet:-1, max-image-preview:large, max-video-preview:-1\" \/>\n<link rel=\"canonical\" href=\"https:\/\/www.tribunal-nature.org\/blog\/la-commission-presente-une-nouvelle-donne-pour-les-pollinisateurs\/\" \/>\n<meta property=\"og:locale\" content=\"fr_FR\" \/>\n<meta property=\"og:type\" content=\"article\" \/>\n<meta property=\"og:title\" content=\"La Commission pr\u00e9sente \u00ab\u00a0Une nouvelle donne pour les pollinisateurs\u00a0\u00bb - TRIBUNAL-NATURE\" \/>\n<meta property=\"og:description\" content=\"La Commission pr\u00e9sente \u00ab\u00a0Une nouvelle donne pour les pollinisateurs\u00a0\u00bb article de TRIBUNAL-NATURE\" \/>\n<meta property=\"og:url\" content=\"https:\/\/www.tribunal-nature.org\/blog\/la-commission-presente-une-nouvelle-donne-pour-les-pollinisateurs\/\" \/>\n<meta property=\"og:site_name\" content=\"TRIBUNAL-NATURE\" \/>\n<meta property=\"article:published_time\" content=\"2023-01-24T20:03:16+00:00\" \/>\n<meta property=\"og:image\" content=\"https:\/\/www.tribunal-nature.org\/blog\/wp-content\/uploads\/2023\/01\/European-Environment-Agency-warns-of-dangerous-effects-of-land-take.png\" \/>\n<meta name=\"author\" content=\"Isabelle LOUBEAU\" \/>\n<meta name=\"twitter:card\" content=\"summary_large_image\" \/>\n<meta name=\"twitter:label1\" content=\"\u00c9crit par\" \/>\n\t<meta name=\"twitter:data1\" content=\"Isabelle LOUBEAU\" \/>\n\t<meta name=\"twitter:label2\" content=\"Dur\u00e9e de lecture estim\u00e9e\" \/>\n\t<meta name=\"twitter:data2\" content=\"1 minute\" \/>\n<script type=\"application\/ld+json\" class=\"yoast-schema-graph\">{\"@context\":\"https:\\\/\\\/schema.org\",\"@graph\":[{\"@type\":\"Article\",\"@id\":\"https:\\\/\\\/www.tribunal-nature.org\\\/blog\\\/la-commission-presente-une-nouvelle-donne-pour-les-pollinisateurs\\\/#article\",\"isPartOf\":{\"@id\":\"https:\\\/\\\/www.tribunal-nature.org\\\/blog\\\/la-commission-presente-une-nouvelle-donne-pour-les-pollinisateurs\\\/\"},\"author\":{\"name\":\"Isabelle LOUBEAU\",\"@id\":\"https:\\\/\\\/www.tribunal-nature.org\\\/blog\\\/#\\\/schema\\\/person\\\/55761caf7544da6b05b60523f2a0855f\"},\"headline\":\"La Commission pr\u00e9sente \u00ab\u00a0Une nouvelle donne pour les pollinisateurs\u00a0\u00bb\",\"datePublished\":\"2023-01-24T20:03:16+00:00\",\"mainEntityOfPage\":{\"@id\":\"https:\\\/\\\/www.tribunal-nature.org\\\/blog\\\/la-commission-presente-une-nouvelle-donne-pour-les-pollinisateurs\\\/\"},\"wordCount\":184,\"publisher\":{\"@id\":\"https:\\\/\\\/www.tribunal-nature.org\\\/blog\\\/#organization\"},\"image\":{\"@id\":\"https:\\\/\\\/www.tribunal-nature.org\\\/blog\\\/la-commission-presente-une-nouvelle-donne-pour-les-pollinisateurs\\\/#primaryimage\"},\"thumbnailUrl\":\"https:\\\/\\\/www.tribunal-nature.org\\\/blog\\\/wp-content\\\/uploads\\\/2023\\\/01\\\/European-Environment-Agency-warns-of-dangerous-effects-of-land-take.png\",\"articleSection\":[\"Droit De L'Environnement:\"],\"inLanguage\":\"fr-FR\"},{\"@type\":\"WebPage\",\"@id\":\"https:\\\/\\\/www.tribunal-nature.org\\\/blog\\\/la-commission-presente-une-nouvelle-donne-pour-les-pollinisateurs\\\/\",\"url\":\"https:\\\/\\\/www.tribunal-nature.org\\\/blog\\\/la-commission-presente-une-nouvelle-donne-pour-les-pollinisateurs\\\/\",\"name\":\"La Commission pr\u00e9sente \u00ab\u00a0Une nouvelle donne pour les pollinisateurs\u00a0\u00bb - TRIBUNAL-NATURE\",\"isPartOf\":{\"@id\":\"https:\\\/\\\/www.tribunal-nature.org\\\/blog\\\/#website\"},\"primaryImageOfPage\":{\"@id\":\"https:\\\/\\\/www.tribunal-nature.org\\\/blog\\\/la-commission-presente-une-nouvelle-donne-pour-les-pollinisateurs\\\/#primaryimage\"},\"image\":{\"@id\":\"https:\\\/\\\/www.tribunal-nature.org\\\/blog\\\/la-commission-presente-une-nouvelle-donne-pour-les-pollinisateurs\\\/#primaryimage\"},\"thumbnailUrl\":\"https:\\\/\\\/www.tribunal-nature.org\\\/blog\\\/wp-content\\\/uploads\\\/2023\\\/01\\\/European-Environment-Agency-warns-of-dangerous-effects-of-land-take.png\",\"datePublished\":\"2023-01-24T20:03:16+00:00\",\"description\":\"La Commission pr\u00e9sente \u00ab\u00a0Une nouvelle donne pour les pollinisateurs\u00a0\u00bb article de TRIBUNAL-NATURE\",\"breadcrumb\":{\"@id\":\"https:\\\/\\\/www.tribunal-nature.org\\\/blog\\\/la-commission-presente-une-nouvelle-donne-pour-les-pollinisateurs\\\/#breadcrumb\"},\"inLanguage\":\"fr-FR\",\"potentialAction\":[{\"@type\":\"ReadAction\",\"target\":[\"https:\\\/\\\/www.tribunal-nature.org\\\/blog\\\/la-commission-presente-une-nouvelle-donne-pour-les-pollinisateurs\\\/\"]}]},{\"@type\":\"ImageObject\",\"inLanguage\":\"fr-FR\",\"@id\":\"https:\\\/\\\/www.tribunal-nature.org\\\/blog\\\/la-commission-presente-une-nouvelle-donne-pour-les-pollinisateurs\\\/#primaryimage\",\"url\":\"https:\\\/\\\/www.tribunal-nature.org\\\/blog\\\/wp-content\\\/uploads\\\/2023\\\/01\\\/European-Environment-Agency-warns-of-dangerous-effects-of-land-take.png\",\"contentUrl\":\"https:\\\/\\\/www.tribunal-nature.org\\\/blog\\\/wp-content\\\/uploads\\\/2023\\\/01\\\/European-Environment-Agency-warns-of-dangerous-effects-of-land-take.png\",\"width\":80,\"height\":80,\"caption\":\"European Environment Agency warns of dangerous effects of land take\"},{\"@type\":\"BreadcrumbList\",\"@id\":\"https:\\\/\\\/www.tribunal-nature.org\\\/blog\\\/la-commission-presente-une-nouvelle-donne-pour-les-pollinisateurs\\\/#breadcrumb\",\"itemListElement\":[{\"@type\":\"ListItem\",\"position\":1,\"name\":\"Accueil\",\"item\":\"https:\\\/\\\/www.tribunal-nature.org\\\/blog\\\/\"},{\"@type\":\"ListItem\",\"position\":2,\"name\":\"La Commission pr\u00e9sente \u00ab\u00a0Une nouvelle donne pour les pollinisateurs\u00a0\u00bb\"}]},{\"@type\":\"WebSite\",\"@id\":\"https:\\\/\\\/www.tribunal-nature.org\\\/blog\\\/#website\",\"url\":\"https:\\\/\\\/www.tribunal-nature.org\\\/blog\\\/\",\"name\":\"TRIBUNAL-NATURE\",\"description\":\"Droit De L&#039;Environnement.\",\"publisher\":{\"@id\":\"https:\\\/\\\/www.tribunal-nature.org\\\/blog\\\/#organization\"},\"potentialAction\":[{\"@type\":\"SearchAction\",\"target\":{\"@type\":\"EntryPoint\",\"urlTemplate\":\"https:\\\/\\\/www.tribunal-nature.org\\\/blog\\\/?s={search_term_string}\"},\"query-input\":{\"@type\":\"PropertyValueSpecification\",\"valueRequired\":true,\"valueName\":\"search_term_string\"}}],\"inLanguage\":\"fr-FR\"},{\"@type\":\"Organization\",\"@id\":\"https:\\\/\\\/www.tribunal-nature.org\\\/blog\\\/#organization\",\"name\":\"tribunal-nature\",\"url\":\"https:\\\/\\\/www.tribunal-nature.org\\\/blog\\\/\",\"logo\":{\"@type\":\"ImageObject\",\"inLanguage\":\"fr-FR\",\"@id\":\"https:\\\/\\\/www.tribunal-nature.org\\\/blog\\\/#\\\/schema\\\/logo\\\/image\\\/\",\"url\":\"https:\\\/\\\/www.tribunal-nature.org\\\/blog\\\/wp-content\\\/uploads\\\/2022\\\/05\\\/logo-2.png\",\"contentUrl\":\"https:\\\/\\\/www.tribunal-nature.org\\\/blog\\\/wp-content\\\/uploads\\\/2022\\\/05\\\/logo-2.png\",\"width\":180,\"height\":180,\"caption\":\"tribunal-nature\"},\"image\":{\"@id\":\"https:\\\/\\\/www.tribunal-nature.org\\\/blog\\\/#\\\/schema\\\/logo\\\/image\\\/\"}},{\"@type\":\"Person\",\"@id\":\"https:\\\/\\\/www.tribunal-nature.org\\\/blog\\\/#\\\/schema\\\/person\\\/55761caf7544da6b05b60523f2a0855f\",\"name\":\"Isabelle LOUBEAU\",\"image\":{\"@type\":\"ImageObject\",\"inLanguage\":\"fr-FR\",\"@id\":\"https:\\\/\\\/secure.gravatar.com\\\/avatar\\\/b6912620aca78633bf5d50400888815d3b38a1118e82b94050843f411f3f5972?s=96&d=mm&r=g\",\"url\":\"https:\\\/\\\/secure.gravatar.com\\\/avatar\\\/b6912620aca78633bf5d50400888815d3b38a1118e82b94050843f411f3f5972?s=96&d=mm&r=g\",\"contentUrl\":\"https:\\\/\\\/secure.gravatar.com\\\/avatar\\\/b6912620aca78633bf5d50400888815d3b38a1118e82b94050843f411f3f5972?s=96&d=mm&r=g\",\"caption\":\"Isabelle LOUBEAU\"},\"url\":\"https:\\\/\\\/www.tribunal-nature.org\\\/blog\\\/author\\\/ureisabelle\\\/\"}]}<\/script>\n<!-- \/ Yoast SEO plugin. -->","yoast_head_json":{"title":"La Commission pr\u00e9sente \u00ab\u00a0Une nouvelle donne pour les pollinisateurs\u00a0\u00bb - TRIBUNAL-NATURE","description":"La Commission pr\u00e9sente \u00ab\u00a0Une nouvelle donne pour les pollinisateurs\u00a0\u00bb article de TRIBUNAL-NATURE","robots":{"index":"index","follow":"follow","max-snippet":"max-snippet:-1","max-image-preview":"max-image-preview:large","max-video-preview":"max-video-preview:-1"},"canonical":"https:\/\/www.tribunal-nature.org\/blog\/la-commission-presente-une-nouvelle-donne-pour-les-pollinisateurs\/","og_locale":"fr_FR","og_type":"article","og_title":"La Commission pr\u00e9sente \u00ab\u00a0Une nouvelle donne pour les pollinisateurs\u00a0\u00bb - TRIBUNAL-NATURE","og_description":"La Commission pr\u00e9sente \u00ab\u00a0Une nouvelle donne pour les pollinisateurs\u00a0\u00bb article de TRIBUNAL-NATURE","og_url":"https:\/\/www.tribunal-nature.org\/blog\/la-commission-presente-une-nouvelle-donne-pour-les-pollinisateurs\/","og_site_name":"TRIBUNAL-NATURE","article_published_time":"2023-01-24T20:03:16+00:00","og_image":[{"url":"https:\/\/www.tribunal-nature.org\/blog\/wp-content\/uploads\/2023\/01\/European-Environment-Agency-warns-of-dangerous-effects-of-land-take.png","type":"","width":"","height":""}],"author":"Isabelle LOUBEAU","twitter_card":"summary_large_image","twitter_misc":{"\u00c9crit par":"Isabelle LOUBEAU","Dur\u00e9e de lecture estim\u00e9e":"1 minute"},"schema":{"@context":"https:\/\/schema.org","@graph":[{"@type":"Article","@id":"https:\/\/www.tribunal-nature.org\/blog\/la-commission-presente-une-nouvelle-donne-pour-les-pollinisateurs\/#article","isPartOf":{"@id":"https:\/\/www.tribunal-nature.org\/blog\/la-commission-presente-une-nouvelle-donne-pour-les-pollinisateurs\/"},"author":{"name":"Isabelle LOUBEAU","@id":"https:\/\/www.tribunal-nature.org\/blog\/#\/schema\/person\/55761caf7544da6b05b60523f2a0855f"},"headline":"La Commission pr\u00e9sente \u00ab\u00a0Une nouvelle donne pour les pollinisateurs\u00a0\u00bb","datePublished":"2023-01-24T20:03:16+00:00","mainEntityOfPage":{"@id":"https:\/\/www.tribunal-nature.org\/blog\/la-commission-presente-une-nouvelle-donne-pour-les-pollinisateurs\/"},"wordCount":184,"publisher":{"@id":"https:\/\/www.tribunal-nature.org\/blog\/#organization"},"image":{"@id":"https:\/\/www.tribunal-nature.org\/blog\/la-commission-presente-une-nouvelle-donne-pour-les-pollinisateurs\/#primaryimage"},"thumbnailUrl":"https:\/\/www.tribunal-nature.org\/blog\/wp-content\/uploads\/2023\/01\/European-Environment-Agency-warns-of-dangerous-effects-of-land-take.png","articleSection":["Droit De L'Environnement:"],"inLanguage":"fr-FR"},{"@type":"WebPage","@id":"https:\/\/www.tribunal-nature.org\/blog\/la-commission-presente-une-nouvelle-donne-pour-les-pollinisateurs\/","url":"https:\/\/www.tribunal-nature.org\/blog\/la-commission-presente-une-nouvelle-donne-pour-les-pollinisateurs\/","name":"La Commission pr\u00e9sente \u00ab\u00a0Une nouvelle donne pour les pollinisateurs\u00a0\u00bb - TRIBUNAL-NATURE","isPartOf":{"@id":"https:\/\/www.tribunal-nature.org\/blog\/#website"},"primaryImageOfPage":{"@id":"https:\/\/www.tribunal-nature.org\/blog\/la-commission-presente-une-nouvelle-donne-pour-les-pollinisateurs\/#primaryimage"},"image":{"@id":"https:\/\/www.tribunal-nature.org\/blog\/la-commission-presente-une-nouvelle-donne-pour-les-pollinisateurs\/#primaryimage"},"thumbnailUrl":"https:\/\/www.tribunal-nature.org\/blog\/wp-content\/uploads\/2023\/01\/European-Environment-Agency-warns-of-dangerous-effects-of-land-take.png","datePublished":"2023-01-24T20:03:16+00:00","description":"La Commission pr\u00e9sente \u00ab\u00a0Une nouvelle donne pour les pollinisateurs\u00a0\u00bb article de TRIBUNAL-NATURE","breadcrumb":{"@id":"https:\/\/www.tribunal-nature.org\/blog\/la-commission-presente-une-nouvelle-donne-pour-les-pollinisateurs\/#breadcrumb"},"inLanguage":"fr-FR","potentialAction":[{"@type":"ReadAction","target":["https:\/\/www.tribunal-nature.org\/blog\/la-commission-presente-une-nouvelle-donne-pour-les-pollinisateurs\/"]}]},{"@type":"ImageObject","inLanguage":"fr-FR","@id":"https:\/\/www.tribunal-nature.org\/blog\/la-commission-presente-une-nouvelle-donne-pour-les-pollinisateurs\/#primaryimage","url":"https:\/\/www.tribunal-nature.org\/blog\/wp-content\/uploads\/2023\/01\/European-Environment-Agency-warns-of-dangerous-effects-of-land-take.png","contentUrl":"https:\/\/www.tribunal-nature.org\/blog\/wp-content\/uploads\/2023\/01\/European-Environment-Agency-warns-of-dangerous-effects-of-land-take.png","width":80,"height":80,"caption":"European Environment Agency warns of dangerous effects of land take"},{"@type":"BreadcrumbList","@id":"https:\/\/www.tribunal-nature.org\/blog\/la-commission-presente-une-nouvelle-donne-pour-les-pollinisateurs\/#breadcrumb","itemListElement":[{"@type":"ListItem","position":1,"name":"Accueil","item":"https:\/\/www.tribunal-nature.org\/blog\/"},{"@type":"ListItem","position":2,"name":"La Commission pr\u00e9sente \u00ab\u00a0Une nouvelle donne pour les pollinisateurs\u00a0\u00bb"}]},{"@type":"WebSite","@id":"https:\/\/www.tribunal-nature.org\/blog\/#website","url":"https:\/\/www.tribunal-nature.org\/blog\/","name":"TRIBUNAL-NATURE","description":"Droit De L&#039;Environnement.","publisher":{"@id":"https:\/\/www.tribunal-nature.org\/blog\/#organization"},"potentialAction":[{"@type":"SearchAction","target":{"@type":"EntryPoint","urlTemplate":"https:\/\/www.tribunal-nature.org\/blog\/?s={search_term_string}"},"query-input":{"@type":"PropertyValueSpecification","valueRequired":true,"valueName":"search_term_string"}}],"inLanguage":"fr-FR"},{"@type":"Organization","@id":"https:\/\/www.tribunal-nature.org\/blog\/#organization","name":"tribunal-nature","url":"https:\/\/www.tribunal-nature.org\/blog\/","logo":{"@type":"ImageObject","inLanguage":"fr-FR","@id":"https:\/\/www.tribunal-nature.org\/blog\/#\/schema\/logo\/image\/","url":"https:\/\/www.tribunal-nature.org\/blog\/wp-content\/uploads\/2022\/05\/logo-2.png","contentUrl":"https:\/\/www.tribunal-nature.org\/blog\/wp-content\/uploads\/2022\/05\/logo-2.png","width":180,"height":180,"caption":"tribunal-nature"},"image":{"@id":"https:\/\/www.tribunal-nature.org\/blog\/#\/schema\/logo\/image\/"}},{"@type":"Person","@id":"https:\/\/www.tribunal-nature.org\/blog\/#\/schema\/person\/55761caf7544da6b05b60523f2a0855f","name":"Isabelle LOUBEAU","image":{"@type":"ImageObject","inLanguage":"fr-FR","@id":"https:\/\/secure.gravatar.com\/avatar\/b6912620aca78633bf5d50400888815d3b38a1118e82b94050843f411f3f5972?s=96&d=mm&r=g","url":"https:\/\/secure.gravatar.com\/avatar\/b6912620aca78633bf5d50400888815d3b38a1118e82b94050843f411f3f5972?s=96&d=mm&r=g","contentUrl":"https:\/\/secure.gravatar.com\/avatar\/b6912620aca78633bf5d50400888815d3b38a1118e82b94050843f411f3f5972?s=96&d=mm&r=g","caption":"Isabelle LOUBEAU"},"url":"https:\/\/www.tribunal-nature.org\/blog\/author\/ureisabelle\/"}]}},"_links":{"self":[{"href":"https:\/\/www.tribunal-nature.org\/blog\/wp-json\/wp\/v2\/posts\/368","targetHints":{"allow":["GET"]}}],"collection":[{"href":"https:\/\/www.tribunal-nature.org\/blog\/wp-json\/wp\/v2\/posts"}],"about":[{"href":"https:\/\/www.tribunal-nature.org\/blog\/wp-json\/wp\/v2\/types\/post"}],"author":[{"embeddable":true,"href":"https:\/\/www.tribunal-nature.org\/blog\/wp-json\/wp\/v2\/users\/3"}],"replies":[{"embeddable":true,"href":"https:\/\/www.tribunal-nature.org\/blog\/wp-json\/wp\/v2\/comments?post=368"}],"version-history":[{"count":0,"href":"https:\/\/www.tribunal-nature.org\/blog\/wp-json\/wp\/v2\/posts\/368\/revisions"}],"wp:featuredmedia":[{"embeddable":true,"href":"https:\/\/www.tribunal-nature.org\/blog\/wp-json\/wp\/v2\/media\/369"}],"wp:attachment":[{"href":"https:\/\/www.tribunal-nature.org\/blog\/wp-json\/wp\/v2\/media?parent=368"}],"wp:term":[{"taxonomy":"category","embeddable":true,"href":"https:\/\/www.tribunal-nature.org\/blog\/wp-json\/wp\/v2\/categories?post=368"},{"taxonomy":"post_tag","embeddable":true,"href":"https:\/\/www.tribunal-nature.org\/blog\/wp-json\/wp\/v2\/tags?post=368"}],"curies":[{"name":"wp","href":"https:\/\/api.w.org\/{rel}","templated":true}]}}