{"id":362,"date":"2023-01-18T18:04:47","date_gmt":"2023-01-18T17:04:47","guid":{"rendered":"https:\/\/www.tribunal-nature.org\/blog\/bilan-de-lannee-2022-reveillez-vous-la-guerre-a-commence\/"},"modified":"2023-01-18T18:04:47","modified_gmt":"2023-01-18T17:04:47","slug":"bilan-de-lannee-2022-reveillez-vous-la-guerre-a-commence","status":"publish","type":"post","link":"https:\/\/www.tribunal-nature.org\/blog\/bilan-de-lannee-2022-reveillez-vous-la-guerre-a-commence\/","title":{"rendered":"Bilan de l\u2019ann\u00e9e 2022 : \u00ab\u00a0R\u00e9veillez-vous, la guerre a commenc\u00e9\u00a0\u00bb"},"content":{"rendered":"<div>\n<div id=\"pryc-wp-acctp-original-content\">\n<p>Le 24 f\u00e9vrier 2022, les Ukrainiens se sont r\u00e9veill\u00e9s \u00e0 peu pr\u00e8s \u00e0 la m\u00eame heure.  Il n\u2019y avait pas de caf\u00e9 ni de bisous de la part des proches.  Il y a eu des explosions.  Bombes largu\u00e9es sur la t\u00eate des Ukrainiens.  Des missiles d\u00e9truisant des villes ukrainiennes et prenant des vies humaines.  Chaque Ukrainien se souviendra toujours de son \u00ab R\u00e9veillez-vous, la guerre a commenc\u00e9 \u00bb.  Chaque Ukrainien n\u2019oubliera jamais ce petit matin.<\/p>\n<p>Qu\u2019est-ce qui a suivi?  Beaucoup sont all\u00e9s au service militaire.  Beaucoup ont commenc\u00e9 \u00e0 faire du b\u00e9n\u00e9volat.  Beaucoup de gens ont fui leurs maisons avec de petits sacs \u00e0 dos sur les \u00e9paules contenant toute leur vie.<\/p>\n<p>Ce qui a uni tous les Ukrainiens, c\u2019est qu\u2019en cet horrible 24 f\u00e9vrier, le temps s\u2019est arr\u00eat\u00e9.<\/p>\n<p>Le travail habituel s\u2019est arr\u00eat\u00e9.  L\u2019\u00e9ducation habituelle s\u2019est arr\u00eat\u00e9e.  Les loisirs et passe-temps habituels ont cess\u00e9.  Les probl\u00e8mes de routine qui d\u00e9rangeaient les gens la veille n\u2019existaient plus.<\/p>\n<p>Les cabinets d\u2019avocats en Ukraine se sont principalement tourn\u00e9s vers le travail \u00e0 distance, mais pour de nombreux cabinets, il s\u2019agissait en fait d\u2019un arr\u00eat du travail habituel<span class=\"wpel-icon wpel-image wpel-icon-3\"><\/span> car leurs employ\u00e9s \u00e9vacuaient soit vers des endroits plus s\u00fbrs, souvent \u00e0 l\u2019\u00e9tranger, soit dans des abris anti-bombes avec peu ou pas de connexion Internet.  De nombreux employ\u00e9s ont commenc\u00e9 \u00e0 faire du b\u00e9n\u00e9volat ou sont all\u00e9s au service militaire.<\/p>\n<p><strong>L\u2019impact des premi\u00e8res semaines de l\u2019invasion \u00e0 grande \u00e9chelle de l\u2019arbitrage en Ukraine<\/strong><\/p>\n<p>Inutile de dire que l\u2019arbitrage en Ukraine s\u2019est pour la plupart arr\u00eat\u00e9 \u00e9galement.<\/p>\n<p>Au cours des premi\u00e8res semaines de l\u2019invasion \u00e0 grande \u00e9chelle, les affaires d\u2019arbitrage en cours dans lesquelles l\u2019Ukraine et des entit\u00e9s \u00e9tatiques ukrainiennes \u00e9taient parties \u2013 commerciales et d\u2019investissement \u2013 \u200b\u200bont \u00e9t\u00e9 suspendues.  Il n\u2019y avait probablement qu\u2019une seule exception \u00e0 ces suspensions ou cessations : les cas o\u00f9 la Russie ou des entreprises russes \u00e9taient d\u00e9fenderesses.<\/p>\n<p>A notre connaissance, les proc\u00e9dures d\u2019arbitrage auxquelles \u00e9taient parties des entreprises ukrainiennes ont suivi le m\u00eame chemin.  Sous les attaques de missiles et les bombardements russes, le r\u00e8glement des diff\u00e9rends en attente a tout simplement disparu de l\u2019ordre du jour.<\/p>\n<p>Le 24 f\u00e9vrier 2022, en raison de la d\u00e9claration de la loi martiale en Ukraine, deux institutions d\u2019arbitrage ukrainiennes \u2013 la Cour d\u2019arbitrage commercial international (\u00ab\u00a0<em>l\u2019ICAC<\/em>\u00ab\u00a0) et la Commission d\u2019arbitrage maritime (\u00ab\u00a0<em>l\u2019UMAC<\/em>\u00ab\u00a0) \u00e0 la Chambre de commerce et d\u2019industrie ukrainienne a suspendu ses activit\u00e9s jusqu\u2019\u00e0 nouvel ordre<span class=\"wpel-icon wpel-image wpel-icon-3\"><\/span>.  De plus, l\u2019ICAC et l\u2019UMAC ont expuls\u00e9<span class=\"wpel-icon wpel-image wpel-icon-3\"><\/span> Arbitres russes et bi\u00e9lorusses des listes de recommandation d\u2019arbitres.<\/p>\n<p>L\u2019Association ukrainienne d\u2019arbitrage s\u2019est jointe \u00e0 l\u2019appel urgent \u00e0 l\u2019action<span class=\"wpel-icon wpel-image wpel-icon-3\"><\/span> et l\u2019appel des avocats ukrainiens \u00e0 la communaut\u00e9 internationale pour emp\u00eacher le g\u00e9nocide des Ukrainiens par la Russie.<\/p>\n<p><strong>Position globale et r\u00e9ponse de la communaut\u00e9 internationale de l\u2019arbitrage<\/strong><\/p>\n<p>Depuis les premi\u00e8res semaines de la guerre, l\u2019Ukraine et le peuple ukrainien ont re\u00e7u un soutien sans pr\u00e9c\u00e9dent de la communaut\u00e9 internationale.  Les fronti\u00e8res des \u00c9tats voisins de l\u2019Ukraine ont \u00e9t\u00e9 inond\u00e9es de volontaires fournissant de la nourriture et de l\u2019eau, des installations sanitaires, des endroits pour se r\u00e9chauffer et dormir, des navettes vers diverses r\u00e9gions d\u2019Europe et au-del\u00e0.  Les Ukrainiens ont \u00e9t\u00e9 accueillis comme des membres de la famille et soutenus comme les meilleurs amis.<\/p>\n<p>Les cabinets d\u2019avocats individuels et les r\u00e9seaux professionnels mondiaux ont publi\u00e9 plusieurs guides et lanc\u00e9 des centres d\u2019assistance pour fournir des conseils juridiques aux Ukrainiens \u00e0 l\u2019\u00e9tranger.<span class=\"wpel-icon wpel-image wpel-icon-3\"><\/span>.  Ils couvraient diverses questions, allant du franchissement de la fronti\u00e8re sans passeport \u00e0 l\u2019enregistrement dans le pays d\u2019accueil, en passant par l\u2019ouverture de comptes bancaires et l\u2019obtention de soins m\u00e9dicaux.<\/p>\n<p>La communaut\u00e9 internationale de l\u2019arbitrage n\u2019a pas fait exception \u2013 la contribution des praticiens de l\u2019arbitrage, et en particulier des praticiennes de l\u2019arbitrage, a \u00e9t\u00e9 formidable.  L\u2019une des initiatives remarquables qui a commenc\u00e9 et se poursuit encore avec une immense implication de la communaut\u00e9 internationale de l\u2019arbitrage est United For Ukraine<span class=\"wpel-icon wpel-image wpel-icon-3\"><\/span>, initialement lanc\u00e9 comme plate-forme de secours d\u2019urgence quelques jours apr\u00e8s le d\u00e9clenchement de la guerre \u00e0 grande \u00e9chelle.  Il visait \u00e0 r\u00e9pondre aux besoins en mati\u00e8re de logement et de conseils juridiques des Ukrainiens fuyant la guerre et cherchant refuge en dehors de l\u2019Ukraine.  Peu \u00e0 peu, la plate-forme s\u2019est d\u00e9velopp\u00e9e pour couvrir une grande vari\u00e9t\u00e9 de besoins des Ukrainiens.  Cela comprend des informations, un soutien organisationnel et financier dans les domaines de l\u2019immigration, du logement, de l\u2019\u00e9ducation, de l\u2019emploi, de la sant\u00e9, de la garde d\u2019enfants, des soins aux animaux domestiques et bien d\u2019autres.  L\u2019initiative est finalement devenue une ONG soutenue par Google, AirBnB et International Rescue Committee, pour n\u2019en nommer que quelques-uns.  Elle est constitu\u00e9e en Suisse, mais ses repr\u00e9sentants et services sont r\u00e9partis dans plus de 20 pays en Europe.<\/p>\n<p>Et bien s\u00fbr, des cabinets d\u2019avocats internationaux et locaux ont ouvert leurs portes aux praticiens du droit ukrainiens, en particulier les pratiques d\u2019arbitrage international, qui \u00e9taient d\u00e9j\u00e0 habitu\u00e9es et pr\u00eates \u00e0 accueillir des avocats \u00e9trangers qualifi\u00e9s.  Les cabinets d\u2019avocats du monde entier ont ouvert de nombreux postes pour les avocats ukrainiens, \u00e0 la fois sous la forme de d\u00e9tachements temporaires, d\u2019emplois permanents ou d\u2019autres arrangements.  De nombreux cabinets d\u2019avocats combinaient offres d\u2019emploi et logement gratuit.  Ces opportunit\u00e9s n\u2019\u00e9taient pas r\u00e9serv\u00e9es aux seuls professionnels exp\u00e9riment\u00e9s.  Des opportunit\u00e9s multiples, sinon plus grandes, ouvertes aux jeunes avocats et \u00e9tudiants qui n\u2019en sont qu\u2019au d\u00e9but de leur carri\u00e8re professionnelle.<\/p>\n<p>\u00c9tudiants Safe Harbor 4UA<span class=\"wpel-icon wpel-image wpel-icon-3\"><\/span> est une autre initiative men\u00e9e par la communaut\u00e9 internationale de l\u2019arbitrage.  Il a vu le jour dans les premiers jours de la guerre et a commenc\u00e9 \u00e0 \u00e9vacuer les \u00e9tudiants en quelques jours.  L\u2019initiative est ouverte aux \u00e9tudiants en droit ukrainiens qui \u00e9taient d\u2019anciens ou d\u2019actuels participants \u00e0 des proc\u00e8s fictifs internationaux et dont les \u00e9tudes ont \u00e9t\u00e9 affect\u00e9es par la guerre.  L\u2019initiative a mis \u00e0 profit les relations et l\u2019acc\u00e8s \u00e0 un vaste r\u00e9seau de cabinets d\u2019avocats ayant des pratiques d\u2019arbitrage pour aider les \u00e9tudiants en droit ukrainiens \u00e0 trouver des stages dans toute l\u2019Europe.  Les opportunit\u00e9s offertes variaient des stages \u00e0 distance pour les \u00e9tudiants qui ne pouvaient pas voyager en dehors de l\u2019Ukraine (principalement des \u00e9tudiants de sexe masculin qui ne peuvent pas quitter l\u2019Ukraine en vertu de la loi martiale) aux \u00ab\u00a0forfaits\u00a0\u00bb de stage sur place qui comprenaient l\u2019opportunit\u00e9 de stage elle-m\u00eame combin\u00e9e avec l\u2019h\u00e9bergement, l\u2019assistance logistique de voyage , et une r\u00e9mun\u00e9ration pour couvrir les frais de subsistance de l\u2019\u00e9tudiant.  L\u2019initiative a re\u00e7u un large soutien gr\u00e2ce aux stages propos\u00e9s par de nombreux cabinets d\u2019avocats, entreprises et institutions, l\u2019Institut allemand d\u2019arbitrage (DIS)<span class=\"wpel-icon wpel-image wpel-icon-3\"><\/span> \u00e9tant l\u2019un des nombreux.<\/p>\n<p>Des universit\u00e9s du monde entier ont accord\u00e9 des bourses aux \u00e9tudiants ukrainiens souhaitant poursuivre leurs \u00e9tudes, alors que la guerre en Ukraine les a perturb\u00e9s.  Oxford a lanc\u00e9 son programme de bourses pour les dipl\u00f4m\u00e9s d\u00e9plac\u00e9s par la guerre en Ukraine en mai 2022 \u2013 le programme a re\u00e7u un financement pour continuer<span class=\"wpel-icon wpel-image wpel-icon-3\"><\/span> pour l\u2019ann\u00e9e acad\u00e9mique 2023\/24.  La facult\u00e9 de droit de l\u2019Universit\u00e9 de Pittsburgh a institu\u00e9 le projet d\u2019assistance juridique ukrainien<span class=\"wpel-icon wpel-image wpel-icon-3\"><\/span>, dont une partie comprenait des bourses pour les \u00e9tudiants en droit ukrainiens afin qu\u2019ils obtiennent leur dipl\u00f4me de ma\u00eetrise en droit au Centre d\u2019\u00e9ducation juridique internationale.  La communaut\u00e9 scientifique a lanc\u00e9 une initiative distincte #ScienceForUkraine<span class=\"wpel-icon wpel-image wpel-icon-3\"><\/span> rassembler et partager les informations dispers\u00e9es sur les diff\u00e9rentes opportunit\u00e9s de soutien disponibles au niveau universitaire, national et international pour les chercheurs et \u00e9tudiants ukrainiens.<\/p>\n<p>La liste ci-dessus n\u2019est qu\u2019une infime partie du soutien tangible que les Ukrainiens ont re\u00e7u de la communaut\u00e9 professionnelle \u00e0 travers le monde.  Aucun espace d\u2019impression ne sera jamais suffisant pour tout r\u00e9pertorier.<\/p>\n<p>Et surtout, les gens du monde entier ont fait d\u2019\u00e9normes efforts de sensibilisation.  Pour faire conna\u00eetre et agir leurs communaut\u00e9s, alors que les gouvernements h\u00e9sitaient parfois \u00e0 prendre des mesures d\u00e9cisives.<\/p>\n<p>L\u2019International Bar Association s\u2019est exprim\u00e9e<span class=\"wpel-icon wpel-image wpel-icon-3\"><\/span> et condamn\u00e9 l\u2019invasion russe de l\u2019Ukraine.  L\u2019IBA a invit\u00e9 le pr\u00e9sident de l\u2019Ukraine<span class=\"wpel-icon wpel-image wpel-icon-3\"><\/span> prendre la parole lors de la c\u00e9r\u00e9monie d\u2019ouverture de la conf\u00e9rence annuelle de l\u2019IBA \u00e0 Miami l\u2019ann\u00e9e derni\u00e8re.<\/p>\n<p>La Chambre de commerce internationale (CCI) a publi\u00e9 une d\u00e9claration<span class=\"wpel-icon wpel-image wpel-icon-3\"><\/span> condamnant la violation du droit international par la Russie dans les termes les plus forts possibles au premier jour de la guerre \u00e0 grande \u00e9chelle.  L\u2019ICC a en outre lanc\u00e9 le Centre d\u2019entrepreneuriat ICC pour l\u2019Ukraine<span class=\"wpel-icon wpel-image wpel-icon-3\"><\/span> pour renforcer la r\u00e9silience des PME ukrainiennes et soutenir les r\u00e9fugi\u00e9s.<\/p>\n<p>L\u2019American Bar Association s\u2019est jointe \u00e0 la communaut\u00e9 mondiale pour condamner les actions du pr\u00e9sident russe Vladimir Poutine en Ukraine et a lanc\u00e9 le projet de r\u00e9ponse \u00e0 l\u2019Ukraine<span class=\"wpel-icon wpel-image wpel-icon-3\"><\/span> Offrir un soutien juridique pro bono.<\/p>\n<p>Le Chartered Institute of Arbitrators a condamn\u00e9<span class=\"wpel-icon wpel-image wpel-icon-3\"><\/span> dans les termes les plus forts l\u2019invasion de l\u2019Ukraine par la Russie en violation du principe protecteur du droit international interdisant l\u2019usage de la menace de la force contre un autre \u00c9tat.<\/p>\n<p>L\u2019Association internationale des jeunes avocats a \u00e9t\u00e9 l\u2019une des organisations les plus actives pour soutenir les Ukrainiens dans leur lutte contre la Russie.  Au d\u00e9but de l\u2019invasion, les membres de l\u2019AIJA ont cr\u00e9\u00e9 un groupe de travail sp\u00e9cial collectant de l\u2019argent et des dons, offrant des opportunit\u00e9s d\u2019emploi aux avocats ukrainiens et \u00e0 leurs familles.  Depuis lors, l\u2019AIJA s\u2019est engag\u00e9e dans de multiples nouvelles initiatives, notamment la documentation d\u2019atrocit\u00e9s et la constitution de dossiers contre les auteurs de crimes de guerre en coop\u00e9ration avec TRIAL International et l\u2019Association du Barreau de Varsovie (Project Sunflowers<span class=\"wpel-icon wpel-image wpel-icon-3\"><\/span>).<\/p>\n<p>La mouche dans la pommade \u00e9tait la position \u00ab h\u00e9sitante \u00bb de certaines organisations internationales r\u00e9unissant des praticiens du r\u00e8glement des diff\u00e9rends internationaux ainsi que l\u2019\u00e2pre d\u00e9bat sur les d\u00e9l\u00e9gations russes \u00e0 des tribunaux fictifs internationaux tels que Frankfurt Investment Arbitration Moot Court, Willem C. Vis Arbitration Moot Court, et Philip C Jessup (notre blog d\u2019information) Moot Court.<\/p>\n<p><strong>***<\/strong><\/p>\n<p>Au cours des premi\u00e8res semaines de l\u2019invasion russe \u00e0 grande \u00e9chelle, les Ukrainiens ont fait preuve de r\u00e9silience et ont entrepris des efforts pour encourager et engager la communaut\u00e9 internationale, y compris la communaut\u00e9 de l\u2019arbitrage, \u00e0 faire entendre leur voix, \u00e0 agir et \u00e0 soutenir l\u2019Ukraine et les Ukrainiens.  La contribution et la r\u00e9ponse de la communaut\u00e9 de l\u2019arbitrage ont \u00e9t\u00e9 palpables.<\/p>\n<p>De nombreux autres d\u00e9veloppements li\u00e9s \u00e0 l\u2019arbitrage ont suivi la r\u00e9ponse imm\u00e9diate, plus tard en 2022 \u2013 les discussions sur la cr\u00e9ation d\u2019une commission des r\u00e9clamations Russie-Ukraine, les d\u00e9bats sur les questions de l\u2019immunit\u00e9 juridictionnelle et la notification appropri\u00e9e de la F\u00e9d\u00e9ration de Russie dans les proc\u00e9dures judiciaires, pour n\u2019en nommer que quelques-uns.  Nous discuterons de ces d\u00e9veloppements ult\u00e9rieurs dans un prochain article de blog.<\/p>\n<hr>\n<p><em>Oksana Karel et Daryna Hrebeniuk sont qualifi\u00e9es en Ukraine et ont rejoint Hogan Lovells en mai 2022 en provenance d\u2019Arzinger, une entreprise ukrainienne.<\/em><\/p>\n<p><!-- PRyC WP: Add custom content to bottom of post\/page: Standard Content START --><\/p>\n<\/div>\n<\/div>\n","protected":false},"excerpt":{"rendered":"<p>Le 24 f\u00e9vrier 2022, les Ukrainiens se sont r\u00e9veill\u00e9s \u00e0 peu pr\u00e8s \u00e0 la m\u00eame heure. Il n\u2019y avait pas&#8230;<\/p>\n","protected":false},"author":3,"featured_media":742,"comment_status":"closed","ping_status":"closed","sticky":false,"template":"","format":"standard","meta":{"footnotes":""},"categories":[2],"tags":[],"class_list":["post-362","post","type-post","status-publish","format-standard","has-post-thumbnail","hentry","category-droit-de-lenvironnement","wpcat-2-id"],"yoast_head":"<!-- This site is optimized with the Yoast SEO plugin v27.5 - https:\/\/yoast.com\/product\/yoast-seo-wordpress\/ -->\n<title>Bilan de l\u2019ann\u00e9e 2022 : \u00ab\u00a0R\u00e9veillez-vous, la guerre a commenc\u00e9\u00a0\u00bb - TRIBUNAL-NATURE<\/title>\n<meta name=\"description\" content=\"Bilan de l\u2019ann\u00e9e 2022 : \u00ab\u00a0R\u00e9veillez-vous, la guerre a commenc\u00e9\u00a0\u00bb article de TRIBUNAL-NATURE\" \/>\n<meta name=\"robots\" content=\"index, follow, max-snippet:-1, max-image-preview:large, max-video-preview:-1\" \/>\n<link rel=\"canonical\" href=\"https:\/\/www.tribunal-nature.org\/blog\/bilan-de-lannee-2022-reveillez-vous-la-guerre-a-commence\/\" \/>\n<meta property=\"og:locale\" content=\"fr_FR\" \/>\n<meta property=\"og:type\" content=\"article\" \/>\n<meta property=\"og:title\" content=\"Bilan de l\u2019ann\u00e9e 2022 : \u00ab\u00a0R\u00e9veillez-vous, la guerre a commenc\u00e9\u00a0\u00bb - TRIBUNAL-NATURE\" \/>\n<meta property=\"og:description\" content=\"Bilan de l\u2019ann\u00e9e 2022 : \u00ab\u00a0R\u00e9veillez-vous, la guerre a commenc\u00e9\u00a0\u00bb article de TRIBUNAL-NATURE\" \/>\n<meta property=\"og:url\" content=\"https:\/\/www.tribunal-nature.org\/blog\/bilan-de-lannee-2022-reveillez-vous-la-guerre-a-commence\/\" \/>\n<meta property=\"og:site_name\" content=\"TRIBUNAL-NATURE\" \/>\n<meta property=\"article:published_time\" content=\"2023-01-18T17:04:47+00:00\" \/>\n<meta name=\"author\" content=\"Isabelle LOUBEAU\" \/>\n<meta name=\"twitter:card\" content=\"summary_large_image\" \/>\n<meta name=\"twitter:label1\" content=\"\u00c9crit par\" \/>\n\t<meta name=\"twitter:data1\" content=\"Isabelle LOUBEAU\" \/>\n\t<meta name=\"twitter:label2\" content=\"Dur\u00e9e de lecture estim\u00e9e\" \/>\n\t<meta name=\"twitter:data2\" content=\"10 minutes\" \/>\n<script type=\"application\/ld+json\" class=\"yoast-schema-graph\">{\"@context\":\"https:\\\/\\\/schema.org\",\"@graph\":[{\"@type\":\"Article\",\"@id\":\"https:\\\/\\\/www.tribunal-nature.org\\\/blog\\\/bilan-de-lannee-2022-reveillez-vous-la-guerre-a-commence\\\/#article\",\"isPartOf\":{\"@id\":\"https:\\\/\\\/www.tribunal-nature.org\\\/blog\\\/bilan-de-lannee-2022-reveillez-vous-la-guerre-a-commence\\\/\"},\"author\":{\"name\":\"Isabelle LOUBEAU\",\"@id\":\"https:\\\/\\\/www.tribunal-nature.org\\\/blog\\\/#\\\/schema\\\/person\\\/55761caf7544da6b05b60523f2a0855f\"},\"headline\":\"Bilan de l\u2019ann\u00e9e 2022 : \u00ab\u00a0R\u00e9veillez-vous, la guerre a commenc\u00e9\u00a0\u00bb\",\"datePublished\":\"2023-01-18T17:04:47+00:00\",\"mainEntityOfPage\":{\"@id\":\"https:\\\/\\\/www.tribunal-nature.org\\\/blog\\\/bilan-de-lannee-2022-reveillez-vous-la-guerre-a-commence\\\/\"},\"wordCount\":1984,\"publisher\":{\"@id\":\"https:\\\/\\\/www.tribunal-nature.org\\\/blog\\\/#organization\"},\"image\":{\"@id\":\"https:\\\/\\\/www.tribunal-nature.org\\\/blog\\\/bilan-de-lannee-2022-reveillez-vous-la-guerre-a-commence\\\/#primaryimage\"},\"thumbnailUrl\":\"https:\\\/\\\/www.tribunal-nature.org\\\/blog\\\/wp-content\\\/uploads\\\/2023\\\/09\\\/en-ukraine.jpg\",\"articleSection\":[\"Droit De L'Environnement:\"],\"inLanguage\":\"fr-FR\"},{\"@type\":\"WebPage\",\"@id\":\"https:\\\/\\\/www.tribunal-nature.org\\\/blog\\\/bilan-de-lannee-2022-reveillez-vous-la-guerre-a-commence\\\/\",\"url\":\"https:\\\/\\\/www.tribunal-nature.org\\\/blog\\\/bilan-de-lannee-2022-reveillez-vous-la-guerre-a-commence\\\/\",\"name\":\"Bilan de l\u2019ann\u00e9e 2022 : \u00ab\u00a0R\u00e9veillez-vous, la guerre a commenc\u00e9\u00a0\u00bb - TRIBUNAL-NATURE\",\"isPartOf\":{\"@id\":\"https:\\\/\\\/www.tribunal-nature.org\\\/blog\\\/#website\"},\"primaryImageOfPage\":{\"@id\":\"https:\\\/\\\/www.tribunal-nature.org\\\/blog\\\/bilan-de-lannee-2022-reveillez-vous-la-guerre-a-commence\\\/#primaryimage\"},\"image\":{\"@id\":\"https:\\\/\\\/www.tribunal-nature.org\\\/blog\\\/bilan-de-lannee-2022-reveillez-vous-la-guerre-a-commence\\\/#primaryimage\"},\"thumbnailUrl\":\"https:\\\/\\\/www.tribunal-nature.org\\\/blog\\\/wp-content\\\/uploads\\\/2023\\\/09\\\/en-ukraine.jpg\",\"datePublished\":\"2023-01-18T17:04:47+00:00\",\"description\":\"Bilan de l\u2019ann\u00e9e 2022 : \u00ab\u00a0R\u00e9veillez-vous, la guerre a commenc\u00e9\u00a0\u00bb article de TRIBUNAL-NATURE\",\"breadcrumb\":{\"@id\":\"https:\\\/\\\/www.tribunal-nature.org\\\/blog\\\/bilan-de-lannee-2022-reveillez-vous-la-guerre-a-commence\\\/#breadcrumb\"},\"inLanguage\":\"fr-FR\",\"potentialAction\":[{\"@type\":\"ReadAction\",\"target\":[\"https:\\\/\\\/www.tribunal-nature.org\\\/blog\\\/bilan-de-lannee-2022-reveillez-vous-la-guerre-a-commence\\\/\"]}]},{\"@type\":\"ImageObject\",\"inLanguage\":\"fr-FR\",\"@id\":\"https:\\\/\\\/www.tribunal-nature.org\\\/blog\\\/bilan-de-lannee-2022-reveillez-vous-la-guerre-a-commence\\\/#primaryimage\",\"url\":\"https:\\\/\\\/www.tribunal-nature.org\\\/blog\\\/wp-content\\\/uploads\\\/2023\\\/09\\\/en-ukraine.jpg\",\"contentUrl\":\"https:\\\/\\\/www.tribunal-nature.org\\\/blog\\\/wp-content\\\/uploads\\\/2023\\\/09\\\/en-ukraine.jpg\",\"width\":2000,\"height\":1000,\"caption\":\"en ukraine\"},{\"@type\":\"BreadcrumbList\",\"@id\":\"https:\\\/\\\/www.tribunal-nature.org\\\/blog\\\/bilan-de-lannee-2022-reveillez-vous-la-guerre-a-commence\\\/#breadcrumb\",\"itemListElement\":[{\"@type\":\"ListItem\",\"position\":1,\"name\":\"Accueil\",\"item\":\"https:\\\/\\\/www.tribunal-nature.org\\\/blog\\\/\"},{\"@type\":\"ListItem\",\"position\":2,\"name\":\"Bilan de l\u2019ann\u00e9e 2022 : \u00ab\u00a0R\u00e9veillez-vous, la guerre a commenc\u00e9\u00a0\u00bb\"}]},{\"@type\":\"WebSite\",\"@id\":\"https:\\\/\\\/www.tribunal-nature.org\\\/blog\\\/#website\",\"url\":\"https:\\\/\\\/www.tribunal-nature.org\\\/blog\\\/\",\"name\":\"TRIBUNAL-NATURE\",\"description\":\"Droit De L&#039;Environnement.\",\"publisher\":{\"@id\":\"https:\\\/\\\/www.tribunal-nature.org\\\/blog\\\/#organization\"},\"potentialAction\":[{\"@type\":\"SearchAction\",\"target\":{\"@type\":\"EntryPoint\",\"urlTemplate\":\"https:\\\/\\\/www.tribunal-nature.org\\\/blog\\\/?s={search_term_string}\"},\"query-input\":{\"@type\":\"PropertyValueSpecification\",\"valueRequired\":true,\"valueName\":\"search_term_string\"}}],\"inLanguage\":\"fr-FR\"},{\"@type\":\"Organization\",\"@id\":\"https:\\\/\\\/www.tribunal-nature.org\\\/blog\\\/#organization\",\"name\":\"tribunal-nature\",\"url\":\"https:\\\/\\\/www.tribunal-nature.org\\\/blog\\\/\",\"logo\":{\"@type\":\"ImageObject\",\"inLanguage\":\"fr-FR\",\"@id\":\"https:\\\/\\\/www.tribunal-nature.org\\\/blog\\\/#\\\/schema\\\/logo\\\/image\\\/\",\"url\":\"https:\\\/\\\/www.tribunal-nature.org\\\/blog\\\/wp-content\\\/uploads\\\/2022\\\/05\\\/logo-2.png\",\"contentUrl\":\"https:\\\/\\\/www.tribunal-nature.org\\\/blog\\\/wp-content\\\/uploads\\\/2022\\\/05\\\/logo-2.png\",\"width\":180,\"height\":180,\"caption\":\"tribunal-nature\"},\"image\":{\"@id\":\"https:\\\/\\\/www.tribunal-nature.org\\\/blog\\\/#\\\/schema\\\/logo\\\/image\\\/\"}},{\"@type\":\"Person\",\"@id\":\"https:\\\/\\\/www.tribunal-nature.org\\\/blog\\\/#\\\/schema\\\/person\\\/55761caf7544da6b05b60523f2a0855f\",\"name\":\"Isabelle LOUBEAU\",\"image\":{\"@type\":\"ImageObject\",\"inLanguage\":\"fr-FR\",\"@id\":\"https:\\\/\\\/secure.gravatar.com\\\/avatar\\\/b6912620aca78633bf5d50400888815d3b38a1118e82b94050843f411f3f5972?s=96&d=mm&r=g\",\"url\":\"https:\\\/\\\/secure.gravatar.com\\\/avatar\\\/b6912620aca78633bf5d50400888815d3b38a1118e82b94050843f411f3f5972?s=96&d=mm&r=g\",\"contentUrl\":\"https:\\\/\\\/secure.gravatar.com\\\/avatar\\\/b6912620aca78633bf5d50400888815d3b38a1118e82b94050843f411f3f5972?s=96&d=mm&r=g\",\"caption\":\"Isabelle LOUBEAU\"},\"url\":\"https:\\\/\\\/www.tribunal-nature.org\\\/blog\\\/author\\\/ureisabelle\\\/\"}]}<\/script>\n<!-- \/ Yoast SEO plugin. -->","yoast_head_json":{"title":"Bilan de l\u2019ann\u00e9e 2022 : \u00ab\u00a0R\u00e9veillez-vous, la guerre a commenc\u00e9\u00a0\u00bb - TRIBUNAL-NATURE","description":"Bilan de l\u2019ann\u00e9e 2022 : \u00ab\u00a0R\u00e9veillez-vous, la guerre a commenc\u00e9\u00a0\u00bb article de TRIBUNAL-NATURE","robots":{"index":"index","follow":"follow","max-snippet":"max-snippet:-1","max-image-preview":"max-image-preview:large","max-video-preview":"max-video-preview:-1"},"canonical":"https:\/\/www.tribunal-nature.org\/blog\/bilan-de-lannee-2022-reveillez-vous-la-guerre-a-commence\/","og_locale":"fr_FR","og_type":"article","og_title":"Bilan de l\u2019ann\u00e9e 2022 : \u00ab\u00a0R\u00e9veillez-vous, la guerre a commenc\u00e9\u00a0\u00bb - TRIBUNAL-NATURE","og_description":"Bilan de l\u2019ann\u00e9e 2022 : \u00ab\u00a0R\u00e9veillez-vous, la guerre a commenc\u00e9\u00a0\u00bb article de TRIBUNAL-NATURE","og_url":"https:\/\/www.tribunal-nature.org\/blog\/bilan-de-lannee-2022-reveillez-vous-la-guerre-a-commence\/","og_site_name":"TRIBUNAL-NATURE","article_published_time":"2023-01-18T17:04:47+00:00","author":"Isabelle LOUBEAU","twitter_card":"summary_large_image","twitter_misc":{"\u00c9crit par":"Isabelle LOUBEAU","Dur\u00e9e de lecture estim\u00e9e":"10 minutes"},"schema":{"@context":"https:\/\/schema.org","@graph":[{"@type":"Article","@id":"https:\/\/www.tribunal-nature.org\/blog\/bilan-de-lannee-2022-reveillez-vous-la-guerre-a-commence\/#article","isPartOf":{"@id":"https:\/\/www.tribunal-nature.org\/blog\/bilan-de-lannee-2022-reveillez-vous-la-guerre-a-commence\/"},"author":{"name":"Isabelle LOUBEAU","@id":"https:\/\/www.tribunal-nature.org\/blog\/#\/schema\/person\/55761caf7544da6b05b60523f2a0855f"},"headline":"Bilan de l\u2019ann\u00e9e 2022 : \u00ab\u00a0R\u00e9veillez-vous, la guerre a commenc\u00e9\u00a0\u00bb","datePublished":"2023-01-18T17:04:47+00:00","mainEntityOfPage":{"@id":"https:\/\/www.tribunal-nature.org\/blog\/bilan-de-lannee-2022-reveillez-vous-la-guerre-a-commence\/"},"wordCount":1984,"publisher":{"@id":"https:\/\/www.tribunal-nature.org\/blog\/#organization"},"image":{"@id":"https:\/\/www.tribunal-nature.org\/blog\/bilan-de-lannee-2022-reveillez-vous-la-guerre-a-commence\/#primaryimage"},"thumbnailUrl":"https:\/\/www.tribunal-nature.org\/blog\/wp-content\/uploads\/2023\/09\/en-ukraine.jpg","articleSection":["Droit De L'Environnement:"],"inLanguage":"fr-FR"},{"@type":"WebPage","@id":"https:\/\/www.tribunal-nature.org\/blog\/bilan-de-lannee-2022-reveillez-vous-la-guerre-a-commence\/","url":"https:\/\/www.tribunal-nature.org\/blog\/bilan-de-lannee-2022-reveillez-vous-la-guerre-a-commence\/","name":"Bilan de l\u2019ann\u00e9e 2022 : \u00ab\u00a0R\u00e9veillez-vous, la guerre a commenc\u00e9\u00a0\u00bb - TRIBUNAL-NATURE","isPartOf":{"@id":"https:\/\/www.tribunal-nature.org\/blog\/#website"},"primaryImageOfPage":{"@id":"https:\/\/www.tribunal-nature.org\/blog\/bilan-de-lannee-2022-reveillez-vous-la-guerre-a-commence\/#primaryimage"},"image":{"@id":"https:\/\/www.tribunal-nature.org\/blog\/bilan-de-lannee-2022-reveillez-vous-la-guerre-a-commence\/#primaryimage"},"thumbnailUrl":"https:\/\/www.tribunal-nature.org\/blog\/wp-content\/uploads\/2023\/09\/en-ukraine.jpg","datePublished":"2023-01-18T17:04:47+00:00","description":"Bilan de l\u2019ann\u00e9e 2022 : \u00ab\u00a0R\u00e9veillez-vous, la guerre a commenc\u00e9\u00a0\u00bb article de TRIBUNAL-NATURE","breadcrumb":{"@id":"https:\/\/www.tribunal-nature.org\/blog\/bilan-de-lannee-2022-reveillez-vous-la-guerre-a-commence\/#breadcrumb"},"inLanguage":"fr-FR","potentialAction":[{"@type":"ReadAction","target":["https:\/\/www.tribunal-nature.org\/blog\/bilan-de-lannee-2022-reveillez-vous-la-guerre-a-commence\/"]}]},{"@type":"ImageObject","inLanguage":"fr-FR","@id":"https:\/\/www.tribunal-nature.org\/blog\/bilan-de-lannee-2022-reveillez-vous-la-guerre-a-commence\/#primaryimage","url":"https:\/\/www.tribunal-nature.org\/blog\/wp-content\/uploads\/2023\/09\/en-ukraine.jpg","contentUrl":"https:\/\/www.tribunal-nature.org\/blog\/wp-content\/uploads\/2023\/09\/en-ukraine.jpg","width":2000,"height":1000,"caption":"en ukraine"},{"@type":"BreadcrumbList","@id":"https:\/\/www.tribunal-nature.org\/blog\/bilan-de-lannee-2022-reveillez-vous-la-guerre-a-commence\/#breadcrumb","itemListElement":[{"@type":"ListItem","position":1,"name":"Accueil","item":"https:\/\/www.tribunal-nature.org\/blog\/"},{"@type":"ListItem","position":2,"name":"Bilan de l\u2019ann\u00e9e 2022 : \u00ab\u00a0R\u00e9veillez-vous, la guerre a commenc\u00e9\u00a0\u00bb"}]},{"@type":"WebSite","@id":"https:\/\/www.tribunal-nature.org\/blog\/#website","url":"https:\/\/www.tribunal-nature.org\/blog\/","name":"TRIBUNAL-NATURE","description":"Droit De L&#039;Environnement.","publisher":{"@id":"https:\/\/www.tribunal-nature.org\/blog\/#organization"},"potentialAction":[{"@type":"SearchAction","target":{"@type":"EntryPoint","urlTemplate":"https:\/\/www.tribunal-nature.org\/blog\/?s={search_term_string}"},"query-input":{"@type":"PropertyValueSpecification","valueRequired":true,"valueName":"search_term_string"}}],"inLanguage":"fr-FR"},{"@type":"Organization","@id":"https:\/\/www.tribunal-nature.org\/blog\/#organization","name":"tribunal-nature","url":"https:\/\/www.tribunal-nature.org\/blog\/","logo":{"@type":"ImageObject","inLanguage":"fr-FR","@id":"https:\/\/www.tribunal-nature.org\/blog\/#\/schema\/logo\/image\/","url":"https:\/\/www.tribunal-nature.org\/blog\/wp-content\/uploads\/2022\/05\/logo-2.png","contentUrl":"https:\/\/www.tribunal-nature.org\/blog\/wp-content\/uploads\/2022\/05\/logo-2.png","width":180,"height":180,"caption":"tribunal-nature"},"image":{"@id":"https:\/\/www.tribunal-nature.org\/blog\/#\/schema\/logo\/image\/"}},{"@type":"Person","@id":"https:\/\/www.tribunal-nature.org\/blog\/#\/schema\/person\/55761caf7544da6b05b60523f2a0855f","name":"Isabelle LOUBEAU","image":{"@type":"ImageObject","inLanguage":"fr-FR","@id":"https:\/\/secure.gravatar.com\/avatar\/b6912620aca78633bf5d50400888815d3b38a1118e82b94050843f411f3f5972?s=96&d=mm&r=g","url":"https:\/\/secure.gravatar.com\/avatar\/b6912620aca78633bf5d50400888815d3b38a1118e82b94050843f411f3f5972?s=96&d=mm&r=g","contentUrl":"https:\/\/secure.gravatar.com\/avatar\/b6912620aca78633bf5d50400888815d3b38a1118e82b94050843f411f3f5972?s=96&d=mm&r=g","caption":"Isabelle LOUBEAU"},"url":"https:\/\/www.tribunal-nature.org\/blog\/author\/ureisabelle\/"}]}},"_links":{"self":[{"href":"https:\/\/www.tribunal-nature.org\/blog\/wp-json\/wp\/v2\/posts\/362","targetHints":{"allow":["GET"]}}],"collection":[{"href":"https:\/\/www.tribunal-nature.org\/blog\/wp-json\/wp\/v2\/posts"}],"about":[{"href":"https:\/\/www.tribunal-nature.org\/blog\/wp-json\/wp\/v2\/types\/post"}],"author":[{"embeddable":true,"href":"https:\/\/www.tribunal-nature.org\/blog\/wp-json\/wp\/v2\/users\/3"}],"replies":[{"embeddable":true,"href":"https:\/\/www.tribunal-nature.org\/blog\/wp-json\/wp\/v2\/comments?post=362"}],"version-history":[{"count":0,"href":"https:\/\/www.tribunal-nature.org\/blog\/wp-json\/wp\/v2\/posts\/362\/revisions"}],"wp:featuredmedia":[{"embeddable":true,"href":"https:\/\/www.tribunal-nature.org\/blog\/wp-json\/wp\/v2\/media\/742"}],"wp:attachment":[{"href":"https:\/\/www.tribunal-nature.org\/blog\/wp-json\/wp\/v2\/media?parent=362"}],"wp:term":[{"taxonomy":"category","embeddable":true,"href":"https:\/\/www.tribunal-nature.org\/blog\/wp-json\/wp\/v2\/categories?post=362"},{"taxonomy":"post_tag","embeddable":true,"href":"https:\/\/www.tribunal-nature.org\/blog\/wp-json\/wp\/v2\/tags?post=362"}],"curies":[{"name":"wp","href":"https:\/\/api.w.org\/{rel}","templated":true}]}}