{"id":360,"date":"2023-01-16T09:01:31","date_gmt":"2023-01-16T08:01:31","guid":{"rendered":"https:\/\/www.tribunal-nature.org\/blog\/sur-internet-tribunal-de-perpignan-une-reaction-dillegitime-defense\/"},"modified":"2023-01-16T09:01:31","modified_gmt":"2023-01-16T08:01:31","slug":"sur-internet-tribunal-de-perpignan-une-reaction-dillegitime-defense","status":"publish","type":"post","link":"https:\/\/www.tribunal-nature.org\/blog\/sur-internet-tribunal-de-perpignan-une-reaction-dillegitime-defense\/","title":{"rendered":"Sur internet  : Tribunal de Perpignan : \u00ab\u00a0Une r\u00e9action d\u2019ill\u00e9gitime d\u00e9fense\u00a0\u00bb"},"content":{"rendered":"<div>\n<p>Ce \u00ab\u00a0papier\u00a0\u00bb, dont le th\u00e8me est \u00ab\u00a0la justice\u00a0\u00bb, vient d\u2019\u00eatre relev\u00e9 sur le web, notre staff est heureux de vous en produire l\u2019essentiel ci-dessous.<\/p>\n<p>Le titre troublant (Tribunal de Perpignan : \u00ab\u00a0Une r\u00e9action d\u2019ill\u00e9gitime d\u00e9fense\u00a0\u00bb) en dit long.<\/p>\n<p> Identifi\u00e9 sous le nom \u00abd\u2019anonymat<br \/>\n\u00bb, le pigiste est reconnu comme quelqu\u2019un de s\u00e9rieux.<\/p>\n<p>Vous pouvez ainsi vous fier aux r\u00e9v\u00e9lations qu\u2019il communique.<\/p>\n<p>La date d\u2019\u00e9dition est 2023-01-15 09:32:00.<\/p>\n<p>\n                                                                Il fait beaucoup plus vieux que ses 35 ans. Il est vrai qu\u2019il souffre d\u2019une tr\u00e8s profonde d\u00e9pression et qu\u2019il est affect\u00e9 d\u2019un alcoolisme profond. Mais le plus terrible, c\u2019est qu\u2019il rend la vie impossible \u00e0 toute sa famille, on peut m\u00eame dire qu\u2019il leur fait tr\u00e8s peur.\n                            <\/p>\n<div rel=\"js-article-content\">\n<p>Ce\u00a023 d\u00e9cembre, il se rend au domicile paternel \u00e0 Th\u00e9za pour y apporter son linge sale. Mais le p\u00e8re lui refuse l\u2019acc\u00e8s car la veille, il est arriv\u00e9 ivre et a invectiv\u00e9 chaque personne qu\u2019il croisait. Alors, il se met \u00e0\u00a0frapper sur la baie vitr\u00e9e, jusqu\u2019\u00e0 ce que son fr\u00e8re, apr\u00e8s avoir tent\u00e9 de le\u00a0raisonner, l\u2019empoigne et le force \u00e0 repartir. Il s\u2019en va mais ce n\u2019est que pour mieux revenir, arm\u00e9 d\u2019un couteau. Il\u00a0fait mine de se tailler les veines puis se met \u00e0 hurler :<em> \u00ab\u00a0Je vais tous vous tuer\u00a0\u00bb.<\/em> C\u2019est encore son fr\u00e8re, aid\u00e9 d\u2019un ami, qui r\u00e9ussit \u00e0 le ma\u00eetriser et \u00e0 lui faire l\u00e2cher\u00a0son arme. La gendarmerie arrive sur ces entre-faits. Il est d\u00e9f\u00e9r\u00e9 et renvoy\u00e9 devant le tribunal.<\/p>\n<p><!-- Pub DFP Position [outstream] --><\/p>\n<p>Face aux juges, il se victimise. il n\u2019a agi\u00a0que parce qu\u2019il avait \u00e9t\u00e9 repouss\u00e9 puis frapp\u00e9.<\/p>\n<p><!-- Pub DFP Position [article] --><\/p>\n<p><em>\u00ab\u00a0\u00c0 jeun il est adorable,<\/em> dira sa s\u0153ur, <em>mais sous l\u2019effet de l\u2019alcool, il est fou et dangereux\u00a0\u00bb.<\/em><\/p>\n<p>Le jour des faits, il avait pr\u00e8s de 1,4 g d\u2019alcool par litre de sang.<\/p>\n<p><em>\u00ab\u00a0Vous avez d\u00e9j\u00e0 \u00e9t\u00e9 condamn\u00e9 deux fois pour violences, vous \u00eates suivi par un juge et par un psychiatre, sous le coup de deux sursis probatoires<\/em>, reproche avec v\u00e9h\u00e9mence la pr\u00e9sidente.<em> Alors que faire ?\u00a0\u00bb<\/em><\/p>\n<p>Le procureur demande\u00a0la r\u00e9vocation partielle des sursis, et 4 mois ferme.<\/p>\n<p>M<sup>e<\/sup> Vachet\u00a0 d\u00e9fend le pr\u00e9venu mais pense aussi \u00e0 sa famille : <em>\u00ab\u00a0Il est \u00e0 la lisi\u00e8re de la psychiatrie. Les \u00e9v\u00e9nements de ce 23 d\u00e9cembre ont engendr\u00e9 sa r\u00e9action \u00ab\u00a0d\u2019ill\u00e9gitime d\u00e9fense\u00a0\u00bb. Mais il ne s\u2019agissait pas de violences cibl\u00e9es. Sa famille ne demande qu\u2019une chose, c\u2019est qu\u2019il soit soign\u00e9 en h\u00f4pital psychiatrique. Or j\u2019ai ici un accord m\u00e9dical sur une admission\u2026\u00a0\u00bb<\/em><\/p>\n<p>Le tribunal doit cependant condamner : 2 mois am\u00e9nageables et une r\u00e9vocation partielle du sursis \u00e0 hauteur de 3 mois.<\/p>\n<\/div>\n<p>Ce th\u00e8me apporte des r\u00e9ponses \u00e0 vos recherches vous aimerez \u00e9galement ces ouvrages:<\/p>\n<p>Droit processuel : une science de la reconstruction des liens de droit,<a target=\"_blank\" rel=\"nofollow\" href=\"https:\/\/www.tribunal-nature.org\/blog\/goto\/https:\/\/booknode.com\/droit_processuel_une_science_de_la_reconstruction_des_liens_de_droit_051753\"  target=\"_blank\" rel=\"noopener noreferrer nofollow\">Clicker Ici <\/a><span><\/span>.<\/p>\n<p>La Justice pour les Nuls, 3e,<a target=\"_blank\" rel=\"nofollow\" href=\"https:\/\/www.tribunal-nature.org\/blog\/goto\/https:\/\/www.kobo.com\/fr\/fr\/ebook\/la-justice-pour-les-nuls-3e\"  target=\"_blank\" rel=\"noopener noreferrer nofollow\">(la couverture) <\/a><span><\/span>.<\/p>\n<p>Pour lire Platon\/Platon et les mythes,<a target=\"_blank\" rel=\"nofollow\" href=\"https:\/\/www.tribunal-nature.org\/blog\/goto\/https:\/\/fr.wikibooks.org\/wiki\/Pour_lire_Platon\/Platon_et_les_mythes\"  target=\"_blank\" rel=\"noopener noreferrer nofollow\">(la couverture) <\/a><span><\/span>.<\/p>\n<\/div>\n","protected":false},"excerpt":{"rendered":"<p>Ce \u00ab\u00a0papier\u00a0\u00bb, dont le th\u00e8me est \u00ab\u00a0la justice\u00a0\u00bb, vient d\u2019\u00eatre relev\u00e9 sur le web, notre staff est heureux de vous&#8230;<\/p>\n","protected":false},"author":3,"featured_media":744,"comment_status":"closed","ping_status":"closed","sticky":false,"template":"","format":"standard","meta":{"footnotes":""},"categories":[2],"tags":[],"class_list":["post-360","post","type-post","status-publish","format-standard","has-post-thumbnail","hentry","category-droit-de-lenvironnement","wpcat-2-id"],"yoast_head":"<!-- This site is optimized with the Yoast SEO plugin v27.5 - https:\/\/yoast.com\/product\/yoast-seo-wordpress\/ -->\n<title>Sur internet : Tribunal de Perpignan : \u00ab\u00a0Une r\u00e9action d\u2019ill\u00e9gitime d\u00e9fense\u00a0\u00bb - TRIBUNAL-NATURE<\/title>\n<meta name=\"description\" content=\"Sur internet : Tribunal de Perpignan : \u00ab\u00a0Une r\u00e9action d\u2019ill\u00e9gitime d\u00e9fense\u00a0\u00bb article de TRIBUNAL-NATURE\" \/>\n<meta name=\"robots\" content=\"index, follow, max-snippet:-1, max-image-preview:large, max-video-preview:-1\" \/>\n<link rel=\"canonical\" href=\"https:\/\/www.tribunal-nature.org\/blog\/sur-internet-tribunal-de-perpignan-une-reaction-dillegitime-defense\/\" \/>\n<meta property=\"og:locale\" content=\"fr_FR\" \/>\n<meta property=\"og:type\" content=\"article\" \/>\n<meta property=\"og:title\" content=\"Sur internet : Tribunal de Perpignan : \u00ab\u00a0Une r\u00e9action d\u2019ill\u00e9gitime d\u00e9fense\u00a0\u00bb - TRIBUNAL-NATURE\" \/>\n<meta property=\"og:description\" content=\"Sur internet : Tribunal de Perpignan : \u00ab\u00a0Une r\u00e9action d\u2019ill\u00e9gitime d\u00e9fense\u00a0\u00bb article de TRIBUNAL-NATURE\" \/>\n<meta property=\"og:url\" content=\"https:\/\/www.tribunal-nature.org\/blog\/sur-internet-tribunal-de-perpignan-une-reaction-dillegitime-defense\/\" \/>\n<meta property=\"og:site_name\" content=\"TRIBUNAL-NATURE\" \/>\n<meta property=\"article:published_time\" content=\"2023-01-16T08:01:31+00:00\" \/>\n<meta name=\"author\" content=\"Isabelle LOUBEAU\" \/>\n<meta name=\"twitter:card\" content=\"summary_large_image\" \/>\n<meta name=\"twitter:label1\" content=\"\u00c9crit par\" \/>\n\t<meta name=\"twitter:data1\" content=\"Isabelle LOUBEAU\" \/>\n\t<meta name=\"twitter:label2\" content=\"Dur\u00e9e de lecture estim\u00e9e\" \/>\n\t<meta name=\"twitter:data2\" content=\"3 minutes\" \/>\n<script type=\"application\/ld+json\" class=\"yoast-schema-graph\">{\"@context\":\"https:\\\/\\\/schema.org\",\"@graph\":[{\"@type\":\"Article\",\"@id\":\"https:\\\/\\\/www.tribunal-nature.org\\\/blog\\\/sur-internet-tribunal-de-perpignan-une-reaction-dillegitime-defense\\\/#article\",\"isPartOf\":{\"@id\":\"https:\\\/\\\/www.tribunal-nature.org\\\/blog\\\/sur-internet-tribunal-de-perpignan-une-reaction-dillegitime-defense\\\/\"},\"author\":{\"name\":\"Isabelle LOUBEAU\",\"@id\":\"https:\\\/\\\/www.tribunal-nature.org\\\/blog\\\/#\\\/schema\\\/person\\\/55761caf7544da6b05b60523f2a0855f\"},\"headline\":\"Sur internet : Tribunal de Perpignan : \u00ab\u00a0Une r\u00e9action d\u2019ill\u00e9gitime d\u00e9fense\u00a0\u00bb\",\"datePublished\":\"2023-01-16T08:01:31+00:00\",\"mainEntityOfPage\":{\"@id\":\"https:\\\/\\\/www.tribunal-nature.org\\\/blog\\\/sur-internet-tribunal-de-perpignan-une-reaction-dillegitime-defense\\\/\"},\"wordCount\":533,\"publisher\":{\"@id\":\"https:\\\/\\\/www.tribunal-nature.org\\\/blog\\\/#organization\"},\"image\":{\"@id\":\"https:\\\/\\\/www.tribunal-nature.org\\\/blog\\\/sur-internet-tribunal-de-perpignan-une-reaction-dillegitime-defense\\\/#primaryimage\"},\"thumbnailUrl\":\"https:\\\/\\\/www.tribunal-nature.org\\\/blog\\\/wp-content\\\/uploads\\\/2023\\\/09\\\/il-est.webp\",\"articleSection\":[\"Droit De L'Environnement:\"],\"inLanguage\":\"fr-FR\"},{\"@type\":\"WebPage\",\"@id\":\"https:\\\/\\\/www.tribunal-nature.org\\\/blog\\\/sur-internet-tribunal-de-perpignan-une-reaction-dillegitime-defense\\\/\",\"url\":\"https:\\\/\\\/www.tribunal-nature.org\\\/blog\\\/sur-internet-tribunal-de-perpignan-une-reaction-dillegitime-defense\\\/\",\"name\":\"Sur internet : Tribunal de Perpignan : \u00ab\u00a0Une r\u00e9action d\u2019ill\u00e9gitime d\u00e9fense\u00a0\u00bb - TRIBUNAL-NATURE\",\"isPartOf\":{\"@id\":\"https:\\\/\\\/www.tribunal-nature.org\\\/blog\\\/#website\"},\"primaryImageOfPage\":{\"@id\":\"https:\\\/\\\/www.tribunal-nature.org\\\/blog\\\/sur-internet-tribunal-de-perpignan-une-reaction-dillegitime-defense\\\/#primaryimage\"},\"image\":{\"@id\":\"https:\\\/\\\/www.tribunal-nature.org\\\/blog\\\/sur-internet-tribunal-de-perpignan-une-reaction-dillegitime-defense\\\/#primaryimage\"},\"thumbnailUrl\":\"https:\\\/\\\/www.tribunal-nature.org\\\/blog\\\/wp-content\\\/uploads\\\/2023\\\/09\\\/il-est.webp\",\"datePublished\":\"2023-01-16T08:01:31+00:00\",\"description\":\"Sur internet : Tribunal de Perpignan : \u00ab\u00a0Une r\u00e9action d\u2019ill\u00e9gitime d\u00e9fense\u00a0\u00bb article de TRIBUNAL-NATURE\",\"breadcrumb\":{\"@id\":\"https:\\\/\\\/www.tribunal-nature.org\\\/blog\\\/sur-internet-tribunal-de-perpignan-une-reaction-dillegitime-defense\\\/#breadcrumb\"},\"inLanguage\":\"fr-FR\",\"potentialAction\":[{\"@type\":\"ReadAction\",\"target\":[\"https:\\\/\\\/www.tribunal-nature.org\\\/blog\\\/sur-internet-tribunal-de-perpignan-une-reaction-dillegitime-defense\\\/\"]}]},{\"@type\":\"ImageObject\",\"inLanguage\":\"fr-FR\",\"@id\":\"https:\\\/\\\/www.tribunal-nature.org\\\/blog\\\/sur-internet-tribunal-de-perpignan-une-reaction-dillegitime-defense\\\/#primaryimage\",\"url\":\"https:\\\/\\\/www.tribunal-nature.org\\\/blog\\\/wp-content\\\/uploads\\\/2023\\\/09\\\/il-est.webp\",\"contentUrl\":\"https:\\\/\\\/www.tribunal-nature.org\\\/blog\\\/wp-content\\\/uploads\\\/2023\\\/09\\\/il-est.webp\",\"width\":1800,\"height\":1200,\"caption\":\"il est\"},{\"@type\":\"BreadcrumbList\",\"@id\":\"https:\\\/\\\/www.tribunal-nature.org\\\/blog\\\/sur-internet-tribunal-de-perpignan-une-reaction-dillegitime-defense\\\/#breadcrumb\",\"itemListElement\":[{\"@type\":\"ListItem\",\"position\":1,\"name\":\"Accueil\",\"item\":\"https:\\\/\\\/www.tribunal-nature.org\\\/blog\\\/\"},{\"@type\":\"ListItem\",\"position\":2,\"name\":\"Sur internet : Tribunal de Perpignan : \u00ab\u00a0Une r\u00e9action d\u2019ill\u00e9gitime d\u00e9fense\u00a0\u00bb\"}]},{\"@type\":\"WebSite\",\"@id\":\"https:\\\/\\\/www.tribunal-nature.org\\\/blog\\\/#website\",\"url\":\"https:\\\/\\\/www.tribunal-nature.org\\\/blog\\\/\",\"name\":\"TRIBUNAL-NATURE\",\"description\":\"Droit De L&#039;Environnement.\",\"publisher\":{\"@id\":\"https:\\\/\\\/www.tribunal-nature.org\\\/blog\\\/#organization\"},\"potentialAction\":[{\"@type\":\"SearchAction\",\"target\":{\"@type\":\"EntryPoint\",\"urlTemplate\":\"https:\\\/\\\/www.tribunal-nature.org\\\/blog\\\/?s={search_term_string}\"},\"query-input\":{\"@type\":\"PropertyValueSpecification\",\"valueRequired\":true,\"valueName\":\"search_term_string\"}}],\"inLanguage\":\"fr-FR\"},{\"@type\":\"Organization\",\"@id\":\"https:\\\/\\\/www.tribunal-nature.org\\\/blog\\\/#organization\",\"name\":\"tribunal-nature\",\"url\":\"https:\\\/\\\/www.tribunal-nature.org\\\/blog\\\/\",\"logo\":{\"@type\":\"ImageObject\",\"inLanguage\":\"fr-FR\",\"@id\":\"https:\\\/\\\/www.tribunal-nature.org\\\/blog\\\/#\\\/schema\\\/logo\\\/image\\\/\",\"url\":\"https:\\\/\\\/www.tribunal-nature.org\\\/blog\\\/wp-content\\\/uploads\\\/2022\\\/05\\\/logo-2.png\",\"contentUrl\":\"https:\\\/\\\/www.tribunal-nature.org\\\/blog\\\/wp-content\\\/uploads\\\/2022\\\/05\\\/logo-2.png\",\"width\":180,\"height\":180,\"caption\":\"tribunal-nature\"},\"image\":{\"@id\":\"https:\\\/\\\/www.tribunal-nature.org\\\/blog\\\/#\\\/schema\\\/logo\\\/image\\\/\"}},{\"@type\":\"Person\",\"@id\":\"https:\\\/\\\/www.tribunal-nature.org\\\/blog\\\/#\\\/schema\\\/person\\\/55761caf7544da6b05b60523f2a0855f\",\"name\":\"Isabelle LOUBEAU\",\"image\":{\"@type\":\"ImageObject\",\"inLanguage\":\"fr-FR\",\"@id\":\"https:\\\/\\\/secure.gravatar.com\\\/avatar\\\/b6912620aca78633bf5d50400888815d3b38a1118e82b94050843f411f3f5972?s=96&d=mm&r=g\",\"url\":\"https:\\\/\\\/secure.gravatar.com\\\/avatar\\\/b6912620aca78633bf5d50400888815d3b38a1118e82b94050843f411f3f5972?s=96&d=mm&r=g\",\"contentUrl\":\"https:\\\/\\\/secure.gravatar.com\\\/avatar\\\/b6912620aca78633bf5d50400888815d3b38a1118e82b94050843f411f3f5972?s=96&d=mm&r=g\",\"caption\":\"Isabelle LOUBEAU\"},\"url\":\"https:\\\/\\\/www.tribunal-nature.org\\\/blog\\\/author\\\/ureisabelle\\\/\"}]}<\/script>\n<!-- \/ Yoast SEO plugin. -->","yoast_head_json":{"title":"Sur internet : Tribunal de Perpignan : \u00ab\u00a0Une r\u00e9action d\u2019ill\u00e9gitime d\u00e9fense\u00a0\u00bb - TRIBUNAL-NATURE","description":"Sur internet : Tribunal de Perpignan : \u00ab\u00a0Une r\u00e9action d\u2019ill\u00e9gitime d\u00e9fense\u00a0\u00bb article de TRIBUNAL-NATURE","robots":{"index":"index","follow":"follow","max-snippet":"max-snippet:-1","max-image-preview":"max-image-preview:large","max-video-preview":"max-video-preview:-1"},"canonical":"https:\/\/www.tribunal-nature.org\/blog\/sur-internet-tribunal-de-perpignan-une-reaction-dillegitime-defense\/","og_locale":"fr_FR","og_type":"article","og_title":"Sur internet : Tribunal de Perpignan : \u00ab\u00a0Une r\u00e9action d\u2019ill\u00e9gitime d\u00e9fense\u00a0\u00bb - TRIBUNAL-NATURE","og_description":"Sur internet : Tribunal de Perpignan : \u00ab\u00a0Une r\u00e9action d\u2019ill\u00e9gitime d\u00e9fense\u00a0\u00bb article de TRIBUNAL-NATURE","og_url":"https:\/\/www.tribunal-nature.org\/blog\/sur-internet-tribunal-de-perpignan-une-reaction-dillegitime-defense\/","og_site_name":"TRIBUNAL-NATURE","article_published_time":"2023-01-16T08:01:31+00:00","author":"Isabelle LOUBEAU","twitter_card":"summary_large_image","twitter_misc":{"\u00c9crit par":"Isabelle LOUBEAU","Dur\u00e9e de lecture estim\u00e9e":"3 minutes"},"schema":{"@context":"https:\/\/schema.org","@graph":[{"@type":"Article","@id":"https:\/\/www.tribunal-nature.org\/blog\/sur-internet-tribunal-de-perpignan-une-reaction-dillegitime-defense\/#article","isPartOf":{"@id":"https:\/\/www.tribunal-nature.org\/blog\/sur-internet-tribunal-de-perpignan-une-reaction-dillegitime-defense\/"},"author":{"name":"Isabelle LOUBEAU","@id":"https:\/\/www.tribunal-nature.org\/blog\/#\/schema\/person\/55761caf7544da6b05b60523f2a0855f"},"headline":"Sur internet : Tribunal de Perpignan : \u00ab\u00a0Une r\u00e9action d\u2019ill\u00e9gitime d\u00e9fense\u00a0\u00bb","datePublished":"2023-01-16T08:01:31+00:00","mainEntityOfPage":{"@id":"https:\/\/www.tribunal-nature.org\/blog\/sur-internet-tribunal-de-perpignan-une-reaction-dillegitime-defense\/"},"wordCount":533,"publisher":{"@id":"https:\/\/www.tribunal-nature.org\/blog\/#organization"},"image":{"@id":"https:\/\/www.tribunal-nature.org\/blog\/sur-internet-tribunal-de-perpignan-une-reaction-dillegitime-defense\/#primaryimage"},"thumbnailUrl":"https:\/\/www.tribunal-nature.org\/blog\/wp-content\/uploads\/2023\/09\/il-est.webp","articleSection":["Droit De L'Environnement:"],"inLanguage":"fr-FR"},{"@type":"WebPage","@id":"https:\/\/www.tribunal-nature.org\/blog\/sur-internet-tribunal-de-perpignan-une-reaction-dillegitime-defense\/","url":"https:\/\/www.tribunal-nature.org\/blog\/sur-internet-tribunal-de-perpignan-une-reaction-dillegitime-defense\/","name":"Sur internet : Tribunal de Perpignan : \u00ab\u00a0Une r\u00e9action d\u2019ill\u00e9gitime d\u00e9fense\u00a0\u00bb - TRIBUNAL-NATURE","isPartOf":{"@id":"https:\/\/www.tribunal-nature.org\/blog\/#website"},"primaryImageOfPage":{"@id":"https:\/\/www.tribunal-nature.org\/blog\/sur-internet-tribunal-de-perpignan-une-reaction-dillegitime-defense\/#primaryimage"},"image":{"@id":"https:\/\/www.tribunal-nature.org\/blog\/sur-internet-tribunal-de-perpignan-une-reaction-dillegitime-defense\/#primaryimage"},"thumbnailUrl":"https:\/\/www.tribunal-nature.org\/blog\/wp-content\/uploads\/2023\/09\/il-est.webp","datePublished":"2023-01-16T08:01:31+00:00","description":"Sur internet : Tribunal de Perpignan : \u00ab\u00a0Une r\u00e9action d\u2019ill\u00e9gitime d\u00e9fense\u00a0\u00bb article de TRIBUNAL-NATURE","breadcrumb":{"@id":"https:\/\/www.tribunal-nature.org\/blog\/sur-internet-tribunal-de-perpignan-une-reaction-dillegitime-defense\/#breadcrumb"},"inLanguage":"fr-FR","potentialAction":[{"@type":"ReadAction","target":["https:\/\/www.tribunal-nature.org\/blog\/sur-internet-tribunal-de-perpignan-une-reaction-dillegitime-defense\/"]}]},{"@type":"ImageObject","inLanguage":"fr-FR","@id":"https:\/\/www.tribunal-nature.org\/blog\/sur-internet-tribunal-de-perpignan-une-reaction-dillegitime-defense\/#primaryimage","url":"https:\/\/www.tribunal-nature.org\/blog\/wp-content\/uploads\/2023\/09\/il-est.webp","contentUrl":"https:\/\/www.tribunal-nature.org\/blog\/wp-content\/uploads\/2023\/09\/il-est.webp","width":1800,"height":1200,"caption":"il est"},{"@type":"BreadcrumbList","@id":"https:\/\/www.tribunal-nature.org\/blog\/sur-internet-tribunal-de-perpignan-une-reaction-dillegitime-defense\/#breadcrumb","itemListElement":[{"@type":"ListItem","position":1,"name":"Accueil","item":"https:\/\/www.tribunal-nature.org\/blog\/"},{"@type":"ListItem","position":2,"name":"Sur internet : Tribunal de Perpignan : \u00ab\u00a0Une r\u00e9action d\u2019ill\u00e9gitime d\u00e9fense\u00a0\u00bb"}]},{"@type":"WebSite","@id":"https:\/\/www.tribunal-nature.org\/blog\/#website","url":"https:\/\/www.tribunal-nature.org\/blog\/","name":"TRIBUNAL-NATURE","description":"Droit De L&#039;Environnement.","publisher":{"@id":"https:\/\/www.tribunal-nature.org\/blog\/#organization"},"potentialAction":[{"@type":"SearchAction","target":{"@type":"EntryPoint","urlTemplate":"https:\/\/www.tribunal-nature.org\/blog\/?s={search_term_string}"},"query-input":{"@type":"PropertyValueSpecification","valueRequired":true,"valueName":"search_term_string"}}],"inLanguage":"fr-FR"},{"@type":"Organization","@id":"https:\/\/www.tribunal-nature.org\/blog\/#organization","name":"tribunal-nature","url":"https:\/\/www.tribunal-nature.org\/blog\/","logo":{"@type":"ImageObject","inLanguage":"fr-FR","@id":"https:\/\/www.tribunal-nature.org\/blog\/#\/schema\/logo\/image\/","url":"https:\/\/www.tribunal-nature.org\/blog\/wp-content\/uploads\/2022\/05\/logo-2.png","contentUrl":"https:\/\/www.tribunal-nature.org\/blog\/wp-content\/uploads\/2022\/05\/logo-2.png","width":180,"height":180,"caption":"tribunal-nature"},"image":{"@id":"https:\/\/www.tribunal-nature.org\/blog\/#\/schema\/logo\/image\/"}},{"@type":"Person","@id":"https:\/\/www.tribunal-nature.org\/blog\/#\/schema\/person\/55761caf7544da6b05b60523f2a0855f","name":"Isabelle LOUBEAU","image":{"@type":"ImageObject","inLanguage":"fr-FR","@id":"https:\/\/secure.gravatar.com\/avatar\/b6912620aca78633bf5d50400888815d3b38a1118e82b94050843f411f3f5972?s=96&d=mm&r=g","url":"https:\/\/secure.gravatar.com\/avatar\/b6912620aca78633bf5d50400888815d3b38a1118e82b94050843f411f3f5972?s=96&d=mm&r=g","contentUrl":"https:\/\/secure.gravatar.com\/avatar\/b6912620aca78633bf5d50400888815d3b38a1118e82b94050843f411f3f5972?s=96&d=mm&r=g","caption":"Isabelle LOUBEAU"},"url":"https:\/\/www.tribunal-nature.org\/blog\/author\/ureisabelle\/"}]}},"_links":{"self":[{"href":"https:\/\/www.tribunal-nature.org\/blog\/wp-json\/wp\/v2\/posts\/360","targetHints":{"allow":["GET"]}}],"collection":[{"href":"https:\/\/www.tribunal-nature.org\/blog\/wp-json\/wp\/v2\/posts"}],"about":[{"href":"https:\/\/www.tribunal-nature.org\/blog\/wp-json\/wp\/v2\/types\/post"}],"author":[{"embeddable":true,"href":"https:\/\/www.tribunal-nature.org\/blog\/wp-json\/wp\/v2\/users\/3"}],"replies":[{"embeddable":true,"href":"https:\/\/www.tribunal-nature.org\/blog\/wp-json\/wp\/v2\/comments?post=360"}],"version-history":[{"count":0,"href":"https:\/\/www.tribunal-nature.org\/blog\/wp-json\/wp\/v2\/posts\/360\/revisions"}],"wp:featuredmedia":[{"embeddable":true,"href":"https:\/\/www.tribunal-nature.org\/blog\/wp-json\/wp\/v2\/media\/744"}],"wp:attachment":[{"href":"https:\/\/www.tribunal-nature.org\/blog\/wp-json\/wp\/v2\/media?parent=360"}],"wp:term":[{"taxonomy":"category","embeddable":true,"href":"https:\/\/www.tribunal-nature.org\/blog\/wp-json\/wp\/v2\/categories?post=360"},{"taxonomy":"post_tag","embeddable":true,"href":"https:\/\/www.tribunal-nature.org\/blog\/wp-json\/wp\/v2\/tags?post=360"}],"curies":[{"name":"wp","href":"https:\/\/api.w.org\/{rel}","templated":true}]}}