{"id":358,"date":"2023-01-14T00:00:23","date_gmt":"2023-01-13T23:00:23","guid":{"rendered":"https:\/\/www.tribunal-nature.org\/blog\/decouvrez-cet-editorial-tribunal-de-perpignan-le-jour-prevu-pour-son-mariage-il-est-condamne-a-15-mois-ferme\/"},"modified":"2023-01-14T00:00:23","modified_gmt":"2023-01-13T23:00:23","slug":"decouvrez-cet-editorial-tribunal-de-perpignan-le-jour-prevu-pour-son-mariage-il-est-condamne-a-15-mois-ferme","status":"publish","type":"post","link":"https:\/\/www.tribunal-nature.org\/blog\/decouvrez-cet-editorial-tribunal-de-perpignan-le-jour-prevu-pour-son-mariage-il-est-condamne-a-15-mois-ferme\/","title":{"rendered":"Decouvrez cet \u00e9ditorial  : Tribunal de Perpignan : le jour pr\u00e9vu pour son mariage, il est condamn\u00e9 \u00e0 15 mois ferme"},"content":{"rendered":"<div>\n<p>Je vais tout vous r\u00e9v\u00e9ler sur ce texte qui vient de para\u00eetre, dont la th\u00e9matique est \u00abla justice\u00bb.<\/p>\n<p>Son titre  (Tribunal de Perpignan : le jour pr\u00e9vu pour son mariage, il est condamn\u00e9 \u00e0 15 mois ferme) en dit long.<\/p>\n<p> Identifi\u00e9 sous le nom \u00abd\u2019anonymat<br \/>\n\u00bb, l\u2019auteur est connu et fiable.<\/p>\n<p>Il n\u2019y a aucune raison de ne pas croire du s\u00e9rieux de ces informations.<\/p>\n<p>\n                                                                Intercept\u00e9s avec 40 kg de drogue \u00e0 leur retour d\u2019Espagne, les deux ressortissants roumains ont eu beau pr\u00e9tendre ignorer la pr\u00e9sence de la marijuana dans leur camion, ils ont \u00e9t\u00e9 reconnus coupables de trafic. L\u2019un d\u2019eux devait se marier au moment m\u00eame o\u00f9 sa condamnation a \u00e9t\u00e9 prononc\u00e9e.\n                            <\/p>\n<div rel=\"js-article-content\">\n<p>Alin, 22 ans, et Mo\u00efse, 20 ans ont\u00a0\u00e9t\u00e9 chercher \u00e0 Barcelone des colis \u00e0 destination de particuliers allemands.\u00a0Ils doivent les livrer dans l\u2019entrep\u00f4t de la soci\u00e9t\u00e9 de livraison \u00e0 domicile qui les emploie.<\/p>\n<p><!-- Pub DFP Position [outstream] --><\/p>\n<p>Arriv\u00e9s au p\u00e9age du Boulou, ils sont contr\u00f4l\u00e9s par les douanes. Ils n\u2019ont aucune lettre de voiture en leur possession, de quoi attiser la curiosit\u00e9 des limiers qui d\u00e9couvrent tr\u00e8s vite des cartons diff\u00e9rents des autres au fonds du fourgon. Ils contiennent 40 kg de \u00ab\u00a0beuh\u00a0\u00bb.\u00a0<\/p>\n<p><!-- Pub DFP Position [article] --><\/p>\n<p>Face au tribunal, les deux jeunes gens expriment leur incr\u00e9dulit\u00e9 :\u00a0ils ignoraient totalement ce qu\u2019ils transportaient.<\/p>\n<p>Les enqu\u00eateurs ont constat\u00e9 qu\u2019ils ont effectu\u00e9 plusieurs trajets Allemagne-Espagne\u00a0ces derniers temps, alors qu\u2019ils ne travaillaient pas.\u00a0<\/p>\n<p><em>\u00ab\u00a0Des voyages d\u2019agr\u00e9ments pour aller voir une copine et acheter des v\u00eatements\u00a0\u00bb.\u00a0<\/em><\/p>\n<p><em>\u00ab\u00a0Avec le v\u00e9hicule de servic<\/em>e, s\u2019\u00e9tonne la pr\u00e9sidente,<em> juste quelques heures sur place et on repart. Vu\u00a0la conjoncture, \u00e7a revient un peu cher. Et vous vous installez\u00a0dans le m\u00eame h\u00f4tel que celui utilis\u00e9 lors du trajet\u00a0au cours duquel vous avez \u00e9t\u00e9 arr\u00eat\u00e9s\u00a0\u00bb.<\/em><\/p>\n<p>Et puis, il y a cette \u00e9trange prise en charge des colis. Sur un parking un homme est venu\u00a0prendre le\u00a0fourgon et le leur a ramen\u00e9 charg\u00e9 un peu plus tard\u2026<\/p>\n<p><em>\u00ab\u00a0Ils n\u2019ont\u00a0pas v\u00e9rifi\u00e9 leur chargement qui est sous leur responsabilit\u00e9<\/em>, reproche le procureur. <em>Ils ont multipli\u00e9 les mensonges sur leurs voyages et leurs motivations. Ils savaient parfaitement qu\u2019ils transportaient quelque chose d\u2019ill\u00e9gal<\/em>\u00ab\u00a0. Et de requ\u00e9rir 18 mois ferme.<\/p>\n<p><em>\u00ab\u00a0Une l\u00e9g\u00e8ret\u00e9 bl\u00e2mable commise car ils sont sous l\u2019emprise du patron. Mais pouvaient-ils vraiment v\u00e9rifier le contenu de paquets ferm\u00e9, destin\u00e9s \u00e0 des particuliers?\u00a0\u00bb <\/em>Les arguments de M<sup>es<\/sup>\u00a0Nassier et Vachet sont bien s\u00fbr pertinents mais pas assez pour infl\u00e9chir le tribunal : 15 mois ferme et 70 000 \u20ac\u00a0d\u2019amende douani\u00e8re, une peine prononc\u00e9e alors que l\u2019un des deux devait se marier\u2026<\/p>\n<\/div>\n<p>Bibliographie :<\/p>\n<p>B\u00e9b\u00e9 Bleu,<a target=\"_blank\" rel=\"nofollow\" href=\"https:\/\/www.tribunal-nature.org\/blog\/goto\/https:\/\/booknode.com\/bebe_bleu_0159512\"  target=\"_blank\" rel=\"noopener noreferrer nofollow\">Le livre <\/a><span><\/span>. Ouvrage de r\u00e9f\u00e9rence.<\/p>\n<p>Le Service public de la justice,<a target=\"_blank\" rel=\"nofollow\" href=\"https:\/\/www.tribunal-nature.org\/blog\/goto\/https:\/\/www.kobo.com\/fr\/fr\/ebook\/le-service-public-de-la-justice\"  target=\"_blank\" rel=\"noopener noreferrer nofollow\">A voir et \u00e0 lire. <\/a><span><\/span>. Disponible sur internet.<\/p>\n<p>Valeurs et justice,<a target=\"_blank\" rel=\"nofollow\" href=\"https:\/\/www.tribunal-nature.org\/blog\/goto\/https:\/\/www.kobo.com\/fr\/fr\/ebook\/valeurs-et-justice\"  target=\"_blank\" rel=\"noopener noreferrer nofollow\">A voir et \u00e0 lire. <\/a><span><\/span>.<\/p>\n<\/div>\n","protected":false},"excerpt":{"rendered":"<p>Je vais tout vous r\u00e9v\u00e9ler sur ce texte qui vient de para\u00eetre, dont la th\u00e9matique est \u00abla justice\u00bb. Son titre&#8230;<\/p>\n","protected":false},"author":3,"featured_media":746,"comment_status":"closed","ping_status":"closed","sticky":false,"template":"","format":"standard","meta":{"footnotes":""},"categories":[2],"tags":[],"class_list":["post-358","post","type-post","status-publish","format-standard","has-post-thumbnail","hentry","category-droit-de-lenvironnement","wpcat-2-id"],"yoast_head":"<!-- This site is optimized with the Yoast SEO plugin v27.5 - https:\/\/yoast.com\/product\/yoast-seo-wordpress\/ -->\n<title>Decouvrez cet \u00e9ditorial : Tribunal de Perpignan : le jour pr\u00e9vu pour son mariage, il est condamn\u00e9 \u00e0 15 mois ferme - TRIBUNAL-NATURE<\/title>\n<meta name=\"description\" content=\"Decouvrez cet \u00e9ditorial : Tribunal de Perpignan : le jour pr\u00e9vu pour son mariage, il est condamn\u00e9 \u00e0 15 mois ferme article de TRIBUNAL-NATURE\" \/>\n<meta name=\"robots\" content=\"index, follow, max-snippet:-1, max-image-preview:large, max-video-preview:-1\" \/>\n<link rel=\"canonical\" href=\"https:\/\/www.tribunal-nature.org\/blog\/decouvrez-cet-editorial-tribunal-de-perpignan-le-jour-prevu-pour-son-mariage-il-est-condamne-a-15-mois-ferme\/\" \/>\n<meta property=\"og:locale\" content=\"fr_FR\" \/>\n<meta property=\"og:type\" content=\"article\" \/>\n<meta property=\"og:title\" content=\"Decouvrez cet \u00e9ditorial : Tribunal de Perpignan : le jour pr\u00e9vu pour son mariage, il est condamn\u00e9 \u00e0 15 mois ferme - TRIBUNAL-NATURE\" \/>\n<meta property=\"og:description\" content=\"Decouvrez cet \u00e9ditorial : Tribunal de Perpignan : le jour pr\u00e9vu pour son mariage, il est condamn\u00e9 \u00e0 15 mois ferme article de TRIBUNAL-NATURE\" \/>\n<meta property=\"og:url\" content=\"https:\/\/www.tribunal-nature.org\/blog\/decouvrez-cet-editorial-tribunal-de-perpignan-le-jour-prevu-pour-son-mariage-il-est-condamne-a-15-mois-ferme\/\" \/>\n<meta property=\"og:site_name\" content=\"TRIBUNAL-NATURE\" \/>\n<meta property=\"article:published_time\" content=\"2023-01-13T23:00:23+00:00\" \/>\n<meta name=\"author\" content=\"Isabelle LOUBEAU\" \/>\n<meta name=\"twitter:card\" content=\"summary_large_image\" \/>\n<meta name=\"twitter:label1\" content=\"\u00c9crit par\" \/>\n\t<meta name=\"twitter:data1\" content=\"Isabelle LOUBEAU\" \/>\n\t<meta name=\"twitter:label2\" content=\"Dur\u00e9e de lecture estim\u00e9e\" \/>\n\t<meta name=\"twitter:data2\" content=\"2 minutes\" \/>\n<script type=\"application\/ld+json\" class=\"yoast-schema-graph\">{\"@context\":\"https:\\\/\\\/schema.org\",\"@graph\":[{\"@type\":\"Article\",\"@id\":\"https:\\\/\\\/www.tribunal-nature.org\\\/blog\\\/decouvrez-cet-editorial-tribunal-de-perpignan-le-jour-prevu-pour-son-mariage-il-est-condamne-a-15-mois-ferme\\\/#article\",\"isPartOf\":{\"@id\":\"https:\\\/\\\/www.tribunal-nature.org\\\/blog\\\/decouvrez-cet-editorial-tribunal-de-perpignan-le-jour-prevu-pour-son-mariage-il-est-condamne-a-15-mois-ferme\\\/\"},\"author\":{\"name\":\"Isabelle LOUBEAU\",\"@id\":\"https:\\\/\\\/www.tribunal-nature.org\\\/blog\\\/#\\\/schema\\\/person\\\/55761caf7544da6b05b60523f2a0855f\"},\"headline\":\"Decouvrez cet \u00e9ditorial : Tribunal de Perpignan : le jour pr\u00e9vu pour son mariage, il est condamn\u00e9 \u00e0 15 mois ferme\",\"datePublished\":\"2023-01-13T23:00:23+00:00\",\"mainEntityOfPage\":{\"@id\":\"https:\\\/\\\/www.tribunal-nature.org\\\/blog\\\/decouvrez-cet-editorial-tribunal-de-perpignan-le-jour-prevu-pour-son-mariage-il-est-condamne-a-15-mois-ferme\\\/\"},\"wordCount\":511,\"publisher\":{\"@id\":\"https:\\\/\\\/www.tribunal-nature.org\\\/blog\\\/#organization\"},\"image\":{\"@id\":\"https:\\\/\\\/www.tribunal-nature.org\\\/blog\\\/decouvrez-cet-editorial-tribunal-de-perpignan-le-jour-prevu-pour-son-mariage-il-est-condamne-a-15-mois-ferme\\\/#primaryimage\"},\"thumbnailUrl\":\"https:\\\/\\\/www.tribunal-nature.org\\\/blog\\\/wp-content\\\/uploads\\\/2023\\\/09\\\/qu-ils.jpg\",\"articleSection\":[\"Droit De L'Environnement:\"],\"inLanguage\":\"fr-FR\"},{\"@type\":\"WebPage\",\"@id\":\"https:\\\/\\\/www.tribunal-nature.org\\\/blog\\\/decouvrez-cet-editorial-tribunal-de-perpignan-le-jour-prevu-pour-son-mariage-il-est-condamne-a-15-mois-ferme\\\/\",\"url\":\"https:\\\/\\\/www.tribunal-nature.org\\\/blog\\\/decouvrez-cet-editorial-tribunal-de-perpignan-le-jour-prevu-pour-son-mariage-il-est-condamne-a-15-mois-ferme\\\/\",\"name\":\"Decouvrez cet \u00e9ditorial : Tribunal de Perpignan : le jour pr\u00e9vu pour son mariage, il est condamn\u00e9 \u00e0 15 mois ferme - TRIBUNAL-NATURE\",\"isPartOf\":{\"@id\":\"https:\\\/\\\/www.tribunal-nature.org\\\/blog\\\/#website\"},\"primaryImageOfPage\":{\"@id\":\"https:\\\/\\\/www.tribunal-nature.org\\\/blog\\\/decouvrez-cet-editorial-tribunal-de-perpignan-le-jour-prevu-pour-son-mariage-il-est-condamne-a-15-mois-ferme\\\/#primaryimage\"},\"image\":{\"@id\":\"https:\\\/\\\/www.tribunal-nature.org\\\/blog\\\/decouvrez-cet-editorial-tribunal-de-perpignan-le-jour-prevu-pour-son-mariage-il-est-condamne-a-15-mois-ferme\\\/#primaryimage\"},\"thumbnailUrl\":\"https:\\\/\\\/www.tribunal-nature.org\\\/blog\\\/wp-content\\\/uploads\\\/2023\\\/09\\\/qu-ils.jpg\",\"datePublished\":\"2023-01-13T23:00:23+00:00\",\"description\":\"Decouvrez cet \u00e9ditorial : Tribunal de Perpignan : le jour pr\u00e9vu pour son mariage, il est condamn\u00e9 \u00e0 15 mois ferme article de TRIBUNAL-NATURE\",\"breadcrumb\":{\"@id\":\"https:\\\/\\\/www.tribunal-nature.org\\\/blog\\\/decouvrez-cet-editorial-tribunal-de-perpignan-le-jour-prevu-pour-son-mariage-il-est-condamne-a-15-mois-ferme\\\/#breadcrumb\"},\"inLanguage\":\"fr-FR\",\"potentialAction\":[{\"@type\":\"ReadAction\",\"target\":[\"https:\\\/\\\/www.tribunal-nature.org\\\/blog\\\/decouvrez-cet-editorial-tribunal-de-perpignan-le-jour-prevu-pour-son-mariage-il-est-condamne-a-15-mois-ferme\\\/\"]}]},{\"@type\":\"ImageObject\",\"inLanguage\":\"fr-FR\",\"@id\":\"https:\\\/\\\/www.tribunal-nature.org\\\/blog\\\/decouvrez-cet-editorial-tribunal-de-perpignan-le-jour-prevu-pour-son-mariage-il-est-condamne-a-15-mois-ferme\\\/#primaryimage\",\"url\":\"https:\\\/\\\/www.tribunal-nature.org\\\/blog\\\/wp-content\\\/uploads\\\/2023\\\/09\\\/qu-ils.jpg\",\"contentUrl\":\"https:\\\/\\\/www.tribunal-nature.org\\\/blog\\\/wp-content\\\/uploads\\\/2023\\\/09\\\/qu-ils.jpg\",\"width\":770,\"height\":513,\"caption\":\"qu ils\"},{\"@type\":\"BreadcrumbList\",\"@id\":\"https:\\\/\\\/www.tribunal-nature.org\\\/blog\\\/decouvrez-cet-editorial-tribunal-de-perpignan-le-jour-prevu-pour-son-mariage-il-est-condamne-a-15-mois-ferme\\\/#breadcrumb\",\"itemListElement\":[{\"@type\":\"ListItem\",\"position\":1,\"name\":\"Accueil\",\"item\":\"https:\\\/\\\/www.tribunal-nature.org\\\/blog\\\/\"},{\"@type\":\"ListItem\",\"position\":2,\"name\":\"Decouvrez cet \u00e9ditorial : Tribunal de Perpignan : le jour pr\u00e9vu pour son mariage, il est condamn\u00e9 \u00e0 15 mois ferme\"}]},{\"@type\":\"WebSite\",\"@id\":\"https:\\\/\\\/www.tribunal-nature.org\\\/blog\\\/#website\",\"url\":\"https:\\\/\\\/www.tribunal-nature.org\\\/blog\\\/\",\"name\":\"TRIBUNAL-NATURE\",\"description\":\"Droit De L&#039;Environnement.\",\"publisher\":{\"@id\":\"https:\\\/\\\/www.tribunal-nature.org\\\/blog\\\/#organization\"},\"potentialAction\":[{\"@type\":\"SearchAction\",\"target\":{\"@type\":\"EntryPoint\",\"urlTemplate\":\"https:\\\/\\\/www.tribunal-nature.org\\\/blog\\\/?s={search_term_string}\"},\"query-input\":{\"@type\":\"PropertyValueSpecification\",\"valueRequired\":true,\"valueName\":\"search_term_string\"}}],\"inLanguage\":\"fr-FR\"},{\"@type\":\"Organization\",\"@id\":\"https:\\\/\\\/www.tribunal-nature.org\\\/blog\\\/#organization\",\"name\":\"tribunal-nature\",\"url\":\"https:\\\/\\\/www.tribunal-nature.org\\\/blog\\\/\",\"logo\":{\"@type\":\"ImageObject\",\"inLanguage\":\"fr-FR\",\"@id\":\"https:\\\/\\\/www.tribunal-nature.org\\\/blog\\\/#\\\/schema\\\/logo\\\/image\\\/\",\"url\":\"https:\\\/\\\/www.tribunal-nature.org\\\/blog\\\/wp-content\\\/uploads\\\/2022\\\/05\\\/logo-2.png\",\"contentUrl\":\"https:\\\/\\\/www.tribunal-nature.org\\\/blog\\\/wp-content\\\/uploads\\\/2022\\\/05\\\/logo-2.png\",\"width\":180,\"height\":180,\"caption\":\"tribunal-nature\"},\"image\":{\"@id\":\"https:\\\/\\\/www.tribunal-nature.org\\\/blog\\\/#\\\/schema\\\/logo\\\/image\\\/\"}},{\"@type\":\"Person\",\"@id\":\"https:\\\/\\\/www.tribunal-nature.org\\\/blog\\\/#\\\/schema\\\/person\\\/55761caf7544da6b05b60523f2a0855f\",\"name\":\"Isabelle LOUBEAU\",\"image\":{\"@type\":\"ImageObject\",\"inLanguage\":\"fr-FR\",\"@id\":\"https:\\\/\\\/secure.gravatar.com\\\/avatar\\\/b6912620aca78633bf5d50400888815d3b38a1118e82b94050843f411f3f5972?s=96&d=mm&r=g\",\"url\":\"https:\\\/\\\/secure.gravatar.com\\\/avatar\\\/b6912620aca78633bf5d50400888815d3b38a1118e82b94050843f411f3f5972?s=96&d=mm&r=g\",\"contentUrl\":\"https:\\\/\\\/secure.gravatar.com\\\/avatar\\\/b6912620aca78633bf5d50400888815d3b38a1118e82b94050843f411f3f5972?s=96&d=mm&r=g\",\"caption\":\"Isabelle LOUBEAU\"},\"url\":\"https:\\\/\\\/www.tribunal-nature.org\\\/blog\\\/author\\\/ureisabelle\\\/\"}]}<\/script>\n<!-- \/ Yoast SEO plugin. -->","yoast_head_json":{"title":"Decouvrez cet \u00e9ditorial : Tribunal de Perpignan : le jour pr\u00e9vu pour son mariage, il est condamn\u00e9 \u00e0 15 mois ferme - TRIBUNAL-NATURE","description":"Decouvrez cet \u00e9ditorial : Tribunal de Perpignan : le jour pr\u00e9vu pour son mariage, il est condamn\u00e9 \u00e0 15 mois ferme article de TRIBUNAL-NATURE","robots":{"index":"index","follow":"follow","max-snippet":"max-snippet:-1","max-image-preview":"max-image-preview:large","max-video-preview":"max-video-preview:-1"},"canonical":"https:\/\/www.tribunal-nature.org\/blog\/decouvrez-cet-editorial-tribunal-de-perpignan-le-jour-prevu-pour-son-mariage-il-est-condamne-a-15-mois-ferme\/","og_locale":"fr_FR","og_type":"article","og_title":"Decouvrez cet \u00e9ditorial : Tribunal de Perpignan : le jour pr\u00e9vu pour son mariage, il est condamn\u00e9 \u00e0 15 mois ferme - TRIBUNAL-NATURE","og_description":"Decouvrez cet \u00e9ditorial : Tribunal de Perpignan : le jour pr\u00e9vu pour son mariage, il est condamn\u00e9 \u00e0 15 mois ferme article de TRIBUNAL-NATURE","og_url":"https:\/\/www.tribunal-nature.org\/blog\/decouvrez-cet-editorial-tribunal-de-perpignan-le-jour-prevu-pour-son-mariage-il-est-condamne-a-15-mois-ferme\/","og_site_name":"TRIBUNAL-NATURE","article_published_time":"2023-01-13T23:00:23+00:00","author":"Isabelle LOUBEAU","twitter_card":"summary_large_image","twitter_misc":{"\u00c9crit par":"Isabelle LOUBEAU","Dur\u00e9e de lecture estim\u00e9e":"2 minutes"},"schema":{"@context":"https:\/\/schema.org","@graph":[{"@type":"Article","@id":"https:\/\/www.tribunal-nature.org\/blog\/decouvrez-cet-editorial-tribunal-de-perpignan-le-jour-prevu-pour-son-mariage-il-est-condamne-a-15-mois-ferme\/#article","isPartOf":{"@id":"https:\/\/www.tribunal-nature.org\/blog\/decouvrez-cet-editorial-tribunal-de-perpignan-le-jour-prevu-pour-son-mariage-il-est-condamne-a-15-mois-ferme\/"},"author":{"name":"Isabelle LOUBEAU","@id":"https:\/\/www.tribunal-nature.org\/blog\/#\/schema\/person\/55761caf7544da6b05b60523f2a0855f"},"headline":"Decouvrez cet \u00e9ditorial : Tribunal de Perpignan : le jour pr\u00e9vu pour son mariage, il est condamn\u00e9 \u00e0 15 mois ferme","datePublished":"2023-01-13T23:00:23+00:00","mainEntityOfPage":{"@id":"https:\/\/www.tribunal-nature.org\/blog\/decouvrez-cet-editorial-tribunal-de-perpignan-le-jour-prevu-pour-son-mariage-il-est-condamne-a-15-mois-ferme\/"},"wordCount":511,"publisher":{"@id":"https:\/\/www.tribunal-nature.org\/blog\/#organization"},"image":{"@id":"https:\/\/www.tribunal-nature.org\/blog\/decouvrez-cet-editorial-tribunal-de-perpignan-le-jour-prevu-pour-son-mariage-il-est-condamne-a-15-mois-ferme\/#primaryimage"},"thumbnailUrl":"https:\/\/www.tribunal-nature.org\/blog\/wp-content\/uploads\/2023\/09\/qu-ils.jpg","articleSection":["Droit De L'Environnement:"],"inLanguage":"fr-FR"},{"@type":"WebPage","@id":"https:\/\/www.tribunal-nature.org\/blog\/decouvrez-cet-editorial-tribunal-de-perpignan-le-jour-prevu-pour-son-mariage-il-est-condamne-a-15-mois-ferme\/","url":"https:\/\/www.tribunal-nature.org\/blog\/decouvrez-cet-editorial-tribunal-de-perpignan-le-jour-prevu-pour-son-mariage-il-est-condamne-a-15-mois-ferme\/","name":"Decouvrez cet \u00e9ditorial : Tribunal de Perpignan : le jour pr\u00e9vu pour son mariage, il est condamn\u00e9 \u00e0 15 mois ferme - TRIBUNAL-NATURE","isPartOf":{"@id":"https:\/\/www.tribunal-nature.org\/blog\/#website"},"primaryImageOfPage":{"@id":"https:\/\/www.tribunal-nature.org\/blog\/decouvrez-cet-editorial-tribunal-de-perpignan-le-jour-prevu-pour-son-mariage-il-est-condamne-a-15-mois-ferme\/#primaryimage"},"image":{"@id":"https:\/\/www.tribunal-nature.org\/blog\/decouvrez-cet-editorial-tribunal-de-perpignan-le-jour-prevu-pour-son-mariage-il-est-condamne-a-15-mois-ferme\/#primaryimage"},"thumbnailUrl":"https:\/\/www.tribunal-nature.org\/blog\/wp-content\/uploads\/2023\/09\/qu-ils.jpg","datePublished":"2023-01-13T23:00:23+00:00","description":"Decouvrez cet \u00e9ditorial : Tribunal de Perpignan : le jour pr\u00e9vu pour son mariage, il est condamn\u00e9 \u00e0 15 mois ferme article de TRIBUNAL-NATURE","breadcrumb":{"@id":"https:\/\/www.tribunal-nature.org\/blog\/decouvrez-cet-editorial-tribunal-de-perpignan-le-jour-prevu-pour-son-mariage-il-est-condamne-a-15-mois-ferme\/#breadcrumb"},"inLanguage":"fr-FR","potentialAction":[{"@type":"ReadAction","target":["https:\/\/www.tribunal-nature.org\/blog\/decouvrez-cet-editorial-tribunal-de-perpignan-le-jour-prevu-pour-son-mariage-il-est-condamne-a-15-mois-ferme\/"]}]},{"@type":"ImageObject","inLanguage":"fr-FR","@id":"https:\/\/www.tribunal-nature.org\/blog\/decouvrez-cet-editorial-tribunal-de-perpignan-le-jour-prevu-pour-son-mariage-il-est-condamne-a-15-mois-ferme\/#primaryimage","url":"https:\/\/www.tribunal-nature.org\/blog\/wp-content\/uploads\/2023\/09\/qu-ils.jpg","contentUrl":"https:\/\/www.tribunal-nature.org\/blog\/wp-content\/uploads\/2023\/09\/qu-ils.jpg","width":770,"height":513,"caption":"qu ils"},{"@type":"BreadcrumbList","@id":"https:\/\/www.tribunal-nature.org\/blog\/decouvrez-cet-editorial-tribunal-de-perpignan-le-jour-prevu-pour-son-mariage-il-est-condamne-a-15-mois-ferme\/#breadcrumb","itemListElement":[{"@type":"ListItem","position":1,"name":"Accueil","item":"https:\/\/www.tribunal-nature.org\/blog\/"},{"@type":"ListItem","position":2,"name":"Decouvrez cet \u00e9ditorial : Tribunal de Perpignan : le jour pr\u00e9vu pour son mariage, il est condamn\u00e9 \u00e0 15 mois ferme"}]},{"@type":"WebSite","@id":"https:\/\/www.tribunal-nature.org\/blog\/#website","url":"https:\/\/www.tribunal-nature.org\/blog\/","name":"TRIBUNAL-NATURE","description":"Droit De L&#039;Environnement.","publisher":{"@id":"https:\/\/www.tribunal-nature.org\/blog\/#organization"},"potentialAction":[{"@type":"SearchAction","target":{"@type":"EntryPoint","urlTemplate":"https:\/\/www.tribunal-nature.org\/blog\/?s={search_term_string}"},"query-input":{"@type":"PropertyValueSpecification","valueRequired":true,"valueName":"search_term_string"}}],"inLanguage":"fr-FR"},{"@type":"Organization","@id":"https:\/\/www.tribunal-nature.org\/blog\/#organization","name":"tribunal-nature","url":"https:\/\/www.tribunal-nature.org\/blog\/","logo":{"@type":"ImageObject","inLanguage":"fr-FR","@id":"https:\/\/www.tribunal-nature.org\/blog\/#\/schema\/logo\/image\/","url":"https:\/\/www.tribunal-nature.org\/blog\/wp-content\/uploads\/2022\/05\/logo-2.png","contentUrl":"https:\/\/www.tribunal-nature.org\/blog\/wp-content\/uploads\/2022\/05\/logo-2.png","width":180,"height":180,"caption":"tribunal-nature"},"image":{"@id":"https:\/\/www.tribunal-nature.org\/blog\/#\/schema\/logo\/image\/"}},{"@type":"Person","@id":"https:\/\/www.tribunal-nature.org\/blog\/#\/schema\/person\/55761caf7544da6b05b60523f2a0855f","name":"Isabelle LOUBEAU","image":{"@type":"ImageObject","inLanguage":"fr-FR","@id":"https:\/\/secure.gravatar.com\/avatar\/b6912620aca78633bf5d50400888815d3b38a1118e82b94050843f411f3f5972?s=96&d=mm&r=g","url":"https:\/\/secure.gravatar.com\/avatar\/b6912620aca78633bf5d50400888815d3b38a1118e82b94050843f411f3f5972?s=96&d=mm&r=g","contentUrl":"https:\/\/secure.gravatar.com\/avatar\/b6912620aca78633bf5d50400888815d3b38a1118e82b94050843f411f3f5972?s=96&d=mm&r=g","caption":"Isabelle LOUBEAU"},"url":"https:\/\/www.tribunal-nature.org\/blog\/author\/ureisabelle\/"}]}},"_links":{"self":[{"href":"https:\/\/www.tribunal-nature.org\/blog\/wp-json\/wp\/v2\/posts\/358","targetHints":{"allow":["GET"]}}],"collection":[{"href":"https:\/\/www.tribunal-nature.org\/blog\/wp-json\/wp\/v2\/posts"}],"about":[{"href":"https:\/\/www.tribunal-nature.org\/blog\/wp-json\/wp\/v2\/types\/post"}],"author":[{"embeddable":true,"href":"https:\/\/www.tribunal-nature.org\/blog\/wp-json\/wp\/v2\/users\/3"}],"replies":[{"embeddable":true,"href":"https:\/\/www.tribunal-nature.org\/blog\/wp-json\/wp\/v2\/comments?post=358"}],"version-history":[{"count":0,"href":"https:\/\/www.tribunal-nature.org\/blog\/wp-json\/wp\/v2\/posts\/358\/revisions"}],"wp:featuredmedia":[{"embeddable":true,"href":"https:\/\/www.tribunal-nature.org\/blog\/wp-json\/wp\/v2\/media\/746"}],"wp:attachment":[{"href":"https:\/\/www.tribunal-nature.org\/blog\/wp-json\/wp\/v2\/media?parent=358"}],"wp:term":[{"taxonomy":"category","embeddable":true,"href":"https:\/\/www.tribunal-nature.org\/blog\/wp-json\/wp\/v2\/categories?post=358"},{"taxonomy":"post_tag","embeddable":true,"href":"https:\/\/www.tribunal-nature.org\/blog\/wp-json\/wp\/v2\/tags?post=358"}],"curies":[{"name":"wp","href":"https:\/\/api.w.org\/{rel}","templated":true}]}}