{"id":352,"date":"2023-01-07T03:01:03","date_gmt":"2023-01-07T02:01:03","guid":{"rendered":"https:\/\/www.tribunal-nature.org\/blog\/article-tout-frais-proces-bollore-la-defense-demande-le-remplacement-de-lavocat-general-breves-lantenne\/"},"modified":"2023-01-07T03:01:03","modified_gmt":"2023-01-07T02:01:03","slug":"article-tout-frais-proces-bollore-la-defense-demande-le-remplacement-de-lavocat-general-breves-lantenne","status":"publish","type":"post","link":"https:\/\/www.tribunal-nature.org\/blog\/article-tout-frais-proces-bollore-la-defense-demande-le-remplacement-de-lavocat-general-breves-lantenne\/","title":{"rendered":"Article tout frais  : Proc\u00e8s Bollor\u00e9 : la d\u00e9fense demande le remplacement de l\u2019avocat g\u00e9n\u00e9ral | Br\u00e8ves | L\u2019Antenne"},"content":{"rendered":"<div>\n<p>En consultant internet j\u2019ai vu un post qui va vous plaire. Sa th\u00e9matique est \u00ab\u00a0la justice\u00a0\u00bb.<\/p>\n<p>Son titre troublant (Proc\u00e8s Bollor\u00e9 : la d\u00e9fense demande le remplacement de l\u2019avocat g\u00e9n\u00e9ral | Br\u00e8ves | L\u2019Antenne) r\u00e9sume tout le texte.<\/p>\n<p>Le journaliste (annonc\u00e9 sous la signature  d\u2019anonymat<br \/>\n) est connu et fiable pour plusieurs autres textes qu\u2019il a publi\u00e9s sur le web.<\/p>\n<p>Les infos \u00e9dit\u00e9es sont par cons\u00e9quent jug\u00e9es valables.<\/p>\n<div id=\"mod_12076185\">\n<div class=\"cel1\">\n<h3 class=\"titre\">\n\t\t\t <span class=\"titre_a\"><br \/>\n\t\t\t\t Proc\u00e8s Bollor\u00e9 : la d\u00e9fense demande le remplacement de l\u2019avocat g\u00e9n\u00e9ral<br \/>\n\t\t\t <\/span><span class=\"date\">\u00a006\/01\/2023<\/span><br \/>\n\t\t <\/h3>\n<p>\n\t\t\t L\u2019homme d\u2019affaires Vincent Bollor\u00e9, qui conteste sa mise en examen pour corruption au Togo, a obtenu le 5 janvier un nouveau renvoi de l\u2019audience devant la cour d\u2019appel de Paris, faisant valoir que l\u2019avocat g\u00e9n\u00e9ral, Serge Mackowiak, aurait eu, selon la presse, des liens anciens avec Anticor. <br \/>La d\u00e9fense a donc demand\u00e9 son remplacement. L\u2019audience a \u00e9t\u00e9 renvoy\u00e9e, pour la troisi\u00e8me fois, au 24 janvier. Le parquet g\u00e9n\u00e9ral pourrait d\u00e9signer d\u2019ici-l\u00e0 un autre magistrat pour le repr\u00e9senter. <br \/>Selon des articles du \u00ab\u00a0Canard encha\u00een\u00e9\u00a0\u00bb et du \u00ab\u00a0Point\u00a0\u00bb de 2020 et 2021, Serge Mackowiak, candidat aux derni\u00e8res \u00e9lections municipales de Capbreton, dans les Landes, aurait demand\u00e9 en 2018 \u00e0 Anticor de d\u00e9poser plainte pour favoritisme contre le maire sortant de la ville.\n\t\t <\/p>\n<p>\t\t <br class=\"clear\">\n\t <\/p>\n<\/div>\n<\/div>\n<p>Publications:<\/p>\n<p>\u00a0\u00bb Je ne parlerai qu\u2019\u00e0 ma juge \u00ab\u00a0. Voyage au coeur de la justice des enfants,<a target=\"_blank\" rel=\"nofollow\" href=\"https:\/\/www.tribunal-nature.org\/blog\/goto\/https:\/\/www.kobo.com\/fr\/fr\/ebook\/je-ne-parlerai-qu-a-ma-juge-voyage-au-coeur-de-la-justice-des-enfants-2\"  target=\"_blank\" rel=\"noopener noreferrer nofollow\">Le livre <\/a><span><\/span>.<\/p>\n<p>La d\u00e9fense dans la peau,<a target=\"_blank\" rel=\"nofollow\" href=\"https:\/\/www.tribunal-nature.org\/blog\/goto\/https:\/\/booknode.com\/la_defense_dans_la_peau_0807063\"  target=\"_blank\" rel=\"noopener noreferrer nofollow\">(la couverture) <\/a><span><\/span>.<\/p>\n<p>Robert Badinter, l\u2019\u00e9preuve de la justice,<a target=\"_blank\" rel=\"nofollow\" href=\"https:\/\/www.tribunal-nature.org\/blog\/goto\/https:\/\/www.kobo.com\/fr\/fr\/ebook\/robert-badinter-l-epreuve-de-la-justice\"  target=\"_blank\" rel=\"noopener noreferrer nofollow\">Le livre <\/a><span><\/span>. Ouvrage de r\u00e9f\u00e9rence.<\/p>\n<\/div>\n","protected":false},"excerpt":{"rendered":"<p>En consultant internet j\u2019ai vu un post qui va vous plaire. Sa th\u00e9matique est \u00ab\u00a0la justice\u00a0\u00bb. Son titre troublant (Proc\u00e8s&#8230;<\/p>\n","protected":false},"author":3,"featured_media":750,"comment_status":"closed","ping_status":"closed","sticky":false,"template":"","format":"standard","meta":{"footnotes":""},"categories":[2],"tags":[],"class_list":["post-352","post","type-post","status-publish","format-standard","has-post-thumbnail","hentry","category-droit-de-lenvironnement","wpcat-2-id"],"yoast_head":"<!-- This site is optimized with the Yoast SEO plugin v27.5 - https:\/\/yoast.com\/product\/yoast-seo-wordpress\/ -->\n<title>Article tout frais : Proc\u00e8s Bollor\u00e9 : la d\u00e9fense demande le remplacement de l\u2019avocat g\u00e9n\u00e9ral | Br\u00e8ves | L\u2019Antenne - TRIBUNAL-NATURE<\/title>\n<meta name=\"description\" content=\"Article tout frais : Proc\u00e8s Bollor\u00e9 : la d\u00e9fense demande le remplacement de l\u2019avocat g\u00e9n\u00e9ral | Br\u00e8ves | L\u2019Antenne article de TRIBUNAL-NATURE\" \/>\n<meta name=\"robots\" content=\"index, follow, max-snippet:-1, max-image-preview:large, max-video-preview:-1\" \/>\n<link rel=\"canonical\" href=\"https:\/\/www.tribunal-nature.org\/blog\/article-tout-frais-proces-bollore-la-defense-demande-le-remplacement-de-lavocat-general-breves-lantenne\/\" \/>\n<meta property=\"og:locale\" content=\"fr_FR\" \/>\n<meta property=\"og:type\" content=\"article\" \/>\n<meta property=\"og:title\" content=\"Article tout frais : Proc\u00e8s Bollor\u00e9 : la d\u00e9fense demande le remplacement de l\u2019avocat g\u00e9n\u00e9ral | Br\u00e8ves | L\u2019Antenne - TRIBUNAL-NATURE\" \/>\n<meta property=\"og:description\" content=\"Article tout frais : Proc\u00e8s Bollor\u00e9 : la d\u00e9fense demande le remplacement de l\u2019avocat g\u00e9n\u00e9ral | Br\u00e8ves | L\u2019Antenne article de TRIBUNAL-NATURE\" \/>\n<meta property=\"og:url\" content=\"https:\/\/www.tribunal-nature.org\/blog\/article-tout-frais-proces-bollore-la-defense-demande-le-remplacement-de-lavocat-general-breves-lantenne\/\" \/>\n<meta property=\"og:site_name\" content=\"TRIBUNAL-NATURE\" \/>\n<meta property=\"article:published_time\" content=\"2023-01-07T02:01:03+00:00\" \/>\n<meta name=\"author\" content=\"Isabelle LOUBEAU\" \/>\n<meta name=\"twitter:card\" content=\"summary_large_image\" \/>\n<meta name=\"twitter:label1\" content=\"\u00c9crit par\" \/>\n\t<meta name=\"twitter:data1\" content=\"Isabelle LOUBEAU\" \/>\n\t<meta name=\"twitter:label2\" content=\"Dur\u00e9e de lecture estim\u00e9e\" \/>\n\t<meta name=\"twitter:data2\" content=\"1 minute\" \/>\n<script type=\"application\/ld+json\" class=\"yoast-schema-graph\">{\"@context\":\"https:\\\/\\\/schema.org\",\"@graph\":[{\"@type\":\"Article\",\"@id\":\"https:\\\/\\\/www.tribunal-nature.org\\\/blog\\\/article-tout-frais-proces-bollore-la-defense-demande-le-remplacement-de-lavocat-general-breves-lantenne\\\/#article\",\"isPartOf\":{\"@id\":\"https:\\\/\\\/www.tribunal-nature.org\\\/blog\\\/article-tout-frais-proces-bollore-la-defense-demande-le-remplacement-de-lavocat-general-breves-lantenne\\\/\"},\"author\":{\"name\":\"Isabelle LOUBEAU\",\"@id\":\"https:\\\/\\\/www.tribunal-nature.org\\\/blog\\\/#\\\/schema\\\/person\\\/55761caf7544da6b05b60523f2a0855f\"},\"headline\":\"Article tout frais : Proc\u00e8s Bollor\u00e9 : la d\u00e9fense demande le remplacement de l\u2019avocat g\u00e9n\u00e9ral | Br\u00e8ves | L\u2019Antenne\",\"datePublished\":\"2023-01-07T02:01:03+00:00\",\"mainEntityOfPage\":{\"@id\":\"https:\\\/\\\/www.tribunal-nature.org\\\/blog\\\/article-tout-frais-proces-bollore-la-defense-demande-le-remplacement-de-lavocat-general-breves-lantenne\\\/\"},\"wordCount\":289,\"publisher\":{\"@id\":\"https:\\\/\\\/www.tribunal-nature.org\\\/blog\\\/#organization\"},\"image\":{\"@id\":\"https:\\\/\\\/www.tribunal-nature.org\\\/blog\\\/article-tout-frais-proces-bollore-la-defense-demande-le-remplacement-de-lavocat-general-breves-lantenne\\\/#primaryimage\"},\"thumbnailUrl\":\"https:\\\/\\\/www.tribunal-nature.org\\\/blog\\\/wp-content\\\/uploads\\\/2023\\\/09\\\/proces-bollore.jpg\",\"articleSection\":[\"Droit De L'Environnement:\"],\"inLanguage\":\"fr-FR\"},{\"@type\":\"WebPage\",\"@id\":\"https:\\\/\\\/www.tribunal-nature.org\\\/blog\\\/article-tout-frais-proces-bollore-la-defense-demande-le-remplacement-de-lavocat-general-breves-lantenne\\\/\",\"url\":\"https:\\\/\\\/www.tribunal-nature.org\\\/blog\\\/article-tout-frais-proces-bollore-la-defense-demande-le-remplacement-de-lavocat-general-breves-lantenne\\\/\",\"name\":\"Article tout frais : Proc\u00e8s Bollor\u00e9 : la d\u00e9fense demande le remplacement de l\u2019avocat g\u00e9n\u00e9ral | Br\u00e8ves | L\u2019Antenne - TRIBUNAL-NATURE\",\"isPartOf\":{\"@id\":\"https:\\\/\\\/www.tribunal-nature.org\\\/blog\\\/#website\"},\"primaryImageOfPage\":{\"@id\":\"https:\\\/\\\/www.tribunal-nature.org\\\/blog\\\/article-tout-frais-proces-bollore-la-defense-demande-le-remplacement-de-lavocat-general-breves-lantenne\\\/#primaryimage\"},\"image\":{\"@id\":\"https:\\\/\\\/www.tribunal-nature.org\\\/blog\\\/article-tout-frais-proces-bollore-la-defense-demande-le-remplacement-de-lavocat-general-breves-lantenne\\\/#primaryimage\"},\"thumbnailUrl\":\"https:\\\/\\\/www.tribunal-nature.org\\\/blog\\\/wp-content\\\/uploads\\\/2023\\\/09\\\/proces-bollore.jpg\",\"datePublished\":\"2023-01-07T02:01:03+00:00\",\"description\":\"Article tout frais : Proc\u00e8s Bollor\u00e9 : la d\u00e9fense demande le remplacement de l\u2019avocat g\u00e9n\u00e9ral | Br\u00e8ves | L\u2019Antenne article de TRIBUNAL-NATURE\",\"breadcrumb\":{\"@id\":\"https:\\\/\\\/www.tribunal-nature.org\\\/blog\\\/article-tout-frais-proces-bollore-la-defense-demande-le-remplacement-de-lavocat-general-breves-lantenne\\\/#breadcrumb\"},\"inLanguage\":\"fr-FR\",\"potentialAction\":[{\"@type\":\"ReadAction\",\"target\":[\"https:\\\/\\\/www.tribunal-nature.org\\\/blog\\\/article-tout-frais-proces-bollore-la-defense-demande-le-remplacement-de-lavocat-general-breves-lantenne\\\/\"]}]},{\"@type\":\"ImageObject\",\"inLanguage\":\"fr-FR\",\"@id\":\"https:\\\/\\\/www.tribunal-nature.org\\\/blog\\\/article-tout-frais-proces-bollore-la-defense-demande-le-remplacement-de-lavocat-general-breves-lantenne\\\/#primaryimage\",\"url\":\"https:\\\/\\\/www.tribunal-nature.org\\\/blog\\\/wp-content\\\/uploads\\\/2023\\\/09\\\/proces-bollore.jpg\",\"contentUrl\":\"https:\\\/\\\/www.tribunal-nature.org\\\/blog\\\/wp-content\\\/uploads\\\/2023\\\/09\\\/proces-bollore.jpg\",\"width\":1440,\"height\":960,\"caption\":\"proces bollore\"},{\"@type\":\"BreadcrumbList\",\"@id\":\"https:\\\/\\\/www.tribunal-nature.org\\\/blog\\\/article-tout-frais-proces-bollore-la-defense-demande-le-remplacement-de-lavocat-general-breves-lantenne\\\/#breadcrumb\",\"itemListElement\":[{\"@type\":\"ListItem\",\"position\":1,\"name\":\"Accueil\",\"item\":\"https:\\\/\\\/www.tribunal-nature.org\\\/blog\\\/\"},{\"@type\":\"ListItem\",\"position\":2,\"name\":\"Article tout frais : Proc\u00e8s Bollor\u00e9 : la d\u00e9fense demande le remplacement de l\u2019avocat g\u00e9n\u00e9ral | Br\u00e8ves | L\u2019Antenne\"}]},{\"@type\":\"WebSite\",\"@id\":\"https:\\\/\\\/www.tribunal-nature.org\\\/blog\\\/#website\",\"url\":\"https:\\\/\\\/www.tribunal-nature.org\\\/blog\\\/\",\"name\":\"TRIBUNAL-NATURE\",\"description\":\"Droit De L&#039;Environnement.\",\"publisher\":{\"@id\":\"https:\\\/\\\/www.tribunal-nature.org\\\/blog\\\/#organization\"},\"potentialAction\":[{\"@type\":\"SearchAction\",\"target\":{\"@type\":\"EntryPoint\",\"urlTemplate\":\"https:\\\/\\\/www.tribunal-nature.org\\\/blog\\\/?s={search_term_string}\"},\"query-input\":{\"@type\":\"PropertyValueSpecification\",\"valueRequired\":true,\"valueName\":\"search_term_string\"}}],\"inLanguage\":\"fr-FR\"},{\"@type\":\"Organization\",\"@id\":\"https:\\\/\\\/www.tribunal-nature.org\\\/blog\\\/#organization\",\"name\":\"tribunal-nature\",\"url\":\"https:\\\/\\\/www.tribunal-nature.org\\\/blog\\\/\",\"logo\":{\"@type\":\"ImageObject\",\"inLanguage\":\"fr-FR\",\"@id\":\"https:\\\/\\\/www.tribunal-nature.org\\\/blog\\\/#\\\/schema\\\/logo\\\/image\\\/\",\"url\":\"https:\\\/\\\/www.tribunal-nature.org\\\/blog\\\/wp-content\\\/uploads\\\/2022\\\/05\\\/logo-2.png\",\"contentUrl\":\"https:\\\/\\\/www.tribunal-nature.org\\\/blog\\\/wp-content\\\/uploads\\\/2022\\\/05\\\/logo-2.png\",\"width\":180,\"height\":180,\"caption\":\"tribunal-nature\"},\"image\":{\"@id\":\"https:\\\/\\\/www.tribunal-nature.org\\\/blog\\\/#\\\/schema\\\/logo\\\/image\\\/\"}},{\"@type\":\"Person\",\"@id\":\"https:\\\/\\\/www.tribunal-nature.org\\\/blog\\\/#\\\/schema\\\/person\\\/55761caf7544da6b05b60523f2a0855f\",\"name\":\"Isabelle LOUBEAU\",\"image\":{\"@type\":\"ImageObject\",\"inLanguage\":\"fr-FR\",\"@id\":\"https:\\\/\\\/secure.gravatar.com\\\/avatar\\\/b6912620aca78633bf5d50400888815d3b38a1118e82b94050843f411f3f5972?s=96&d=mm&r=g\",\"url\":\"https:\\\/\\\/secure.gravatar.com\\\/avatar\\\/b6912620aca78633bf5d50400888815d3b38a1118e82b94050843f411f3f5972?s=96&d=mm&r=g\",\"contentUrl\":\"https:\\\/\\\/secure.gravatar.com\\\/avatar\\\/b6912620aca78633bf5d50400888815d3b38a1118e82b94050843f411f3f5972?s=96&d=mm&r=g\",\"caption\":\"Isabelle LOUBEAU\"},\"url\":\"https:\\\/\\\/www.tribunal-nature.org\\\/blog\\\/author\\\/ureisabelle\\\/\"}]}<\/script>\n<!-- \/ Yoast SEO plugin. -->","yoast_head_json":{"title":"Article tout frais : Proc\u00e8s Bollor\u00e9 : la d\u00e9fense demande le remplacement de l\u2019avocat g\u00e9n\u00e9ral | Br\u00e8ves | L\u2019Antenne - TRIBUNAL-NATURE","description":"Article tout frais : Proc\u00e8s Bollor\u00e9 : la d\u00e9fense demande le remplacement de l\u2019avocat g\u00e9n\u00e9ral | Br\u00e8ves | L\u2019Antenne article de TRIBUNAL-NATURE","robots":{"index":"index","follow":"follow","max-snippet":"max-snippet:-1","max-image-preview":"max-image-preview:large","max-video-preview":"max-video-preview:-1"},"canonical":"https:\/\/www.tribunal-nature.org\/blog\/article-tout-frais-proces-bollore-la-defense-demande-le-remplacement-de-lavocat-general-breves-lantenne\/","og_locale":"fr_FR","og_type":"article","og_title":"Article tout frais : Proc\u00e8s Bollor\u00e9 : la d\u00e9fense demande le remplacement de l\u2019avocat g\u00e9n\u00e9ral | Br\u00e8ves | L\u2019Antenne - TRIBUNAL-NATURE","og_description":"Article tout frais : Proc\u00e8s Bollor\u00e9 : la d\u00e9fense demande le remplacement de l\u2019avocat g\u00e9n\u00e9ral | Br\u00e8ves | L\u2019Antenne article de TRIBUNAL-NATURE","og_url":"https:\/\/www.tribunal-nature.org\/blog\/article-tout-frais-proces-bollore-la-defense-demande-le-remplacement-de-lavocat-general-breves-lantenne\/","og_site_name":"TRIBUNAL-NATURE","article_published_time":"2023-01-07T02:01:03+00:00","author":"Isabelle LOUBEAU","twitter_card":"summary_large_image","twitter_misc":{"\u00c9crit par":"Isabelle LOUBEAU","Dur\u00e9e de lecture estim\u00e9e":"1 minute"},"schema":{"@context":"https:\/\/schema.org","@graph":[{"@type":"Article","@id":"https:\/\/www.tribunal-nature.org\/blog\/article-tout-frais-proces-bollore-la-defense-demande-le-remplacement-de-lavocat-general-breves-lantenne\/#article","isPartOf":{"@id":"https:\/\/www.tribunal-nature.org\/blog\/article-tout-frais-proces-bollore-la-defense-demande-le-remplacement-de-lavocat-general-breves-lantenne\/"},"author":{"name":"Isabelle LOUBEAU","@id":"https:\/\/www.tribunal-nature.org\/blog\/#\/schema\/person\/55761caf7544da6b05b60523f2a0855f"},"headline":"Article tout frais : Proc\u00e8s Bollor\u00e9 : la d\u00e9fense demande le remplacement de l\u2019avocat g\u00e9n\u00e9ral | Br\u00e8ves | L\u2019Antenne","datePublished":"2023-01-07T02:01:03+00:00","mainEntityOfPage":{"@id":"https:\/\/www.tribunal-nature.org\/blog\/article-tout-frais-proces-bollore-la-defense-demande-le-remplacement-de-lavocat-general-breves-lantenne\/"},"wordCount":289,"publisher":{"@id":"https:\/\/www.tribunal-nature.org\/blog\/#organization"},"image":{"@id":"https:\/\/www.tribunal-nature.org\/blog\/article-tout-frais-proces-bollore-la-defense-demande-le-remplacement-de-lavocat-general-breves-lantenne\/#primaryimage"},"thumbnailUrl":"https:\/\/www.tribunal-nature.org\/blog\/wp-content\/uploads\/2023\/09\/proces-bollore.jpg","articleSection":["Droit De L'Environnement:"],"inLanguage":"fr-FR"},{"@type":"WebPage","@id":"https:\/\/www.tribunal-nature.org\/blog\/article-tout-frais-proces-bollore-la-defense-demande-le-remplacement-de-lavocat-general-breves-lantenne\/","url":"https:\/\/www.tribunal-nature.org\/blog\/article-tout-frais-proces-bollore-la-defense-demande-le-remplacement-de-lavocat-general-breves-lantenne\/","name":"Article tout frais : Proc\u00e8s Bollor\u00e9 : la d\u00e9fense demande le remplacement de l\u2019avocat g\u00e9n\u00e9ral | Br\u00e8ves | L\u2019Antenne - TRIBUNAL-NATURE","isPartOf":{"@id":"https:\/\/www.tribunal-nature.org\/blog\/#website"},"primaryImageOfPage":{"@id":"https:\/\/www.tribunal-nature.org\/blog\/article-tout-frais-proces-bollore-la-defense-demande-le-remplacement-de-lavocat-general-breves-lantenne\/#primaryimage"},"image":{"@id":"https:\/\/www.tribunal-nature.org\/blog\/article-tout-frais-proces-bollore-la-defense-demande-le-remplacement-de-lavocat-general-breves-lantenne\/#primaryimage"},"thumbnailUrl":"https:\/\/www.tribunal-nature.org\/blog\/wp-content\/uploads\/2023\/09\/proces-bollore.jpg","datePublished":"2023-01-07T02:01:03+00:00","description":"Article tout frais : Proc\u00e8s Bollor\u00e9 : la d\u00e9fense demande le remplacement de l\u2019avocat g\u00e9n\u00e9ral | Br\u00e8ves | L\u2019Antenne article de TRIBUNAL-NATURE","breadcrumb":{"@id":"https:\/\/www.tribunal-nature.org\/blog\/article-tout-frais-proces-bollore-la-defense-demande-le-remplacement-de-lavocat-general-breves-lantenne\/#breadcrumb"},"inLanguage":"fr-FR","potentialAction":[{"@type":"ReadAction","target":["https:\/\/www.tribunal-nature.org\/blog\/article-tout-frais-proces-bollore-la-defense-demande-le-remplacement-de-lavocat-general-breves-lantenne\/"]}]},{"@type":"ImageObject","inLanguage":"fr-FR","@id":"https:\/\/www.tribunal-nature.org\/blog\/article-tout-frais-proces-bollore-la-defense-demande-le-remplacement-de-lavocat-general-breves-lantenne\/#primaryimage","url":"https:\/\/www.tribunal-nature.org\/blog\/wp-content\/uploads\/2023\/09\/proces-bollore.jpg","contentUrl":"https:\/\/www.tribunal-nature.org\/blog\/wp-content\/uploads\/2023\/09\/proces-bollore.jpg","width":1440,"height":960,"caption":"proces bollore"},{"@type":"BreadcrumbList","@id":"https:\/\/www.tribunal-nature.org\/blog\/article-tout-frais-proces-bollore-la-defense-demande-le-remplacement-de-lavocat-general-breves-lantenne\/#breadcrumb","itemListElement":[{"@type":"ListItem","position":1,"name":"Accueil","item":"https:\/\/www.tribunal-nature.org\/blog\/"},{"@type":"ListItem","position":2,"name":"Article tout frais : Proc\u00e8s Bollor\u00e9 : la d\u00e9fense demande le remplacement de l\u2019avocat g\u00e9n\u00e9ral | Br\u00e8ves | L\u2019Antenne"}]},{"@type":"WebSite","@id":"https:\/\/www.tribunal-nature.org\/blog\/#website","url":"https:\/\/www.tribunal-nature.org\/blog\/","name":"TRIBUNAL-NATURE","description":"Droit De L&#039;Environnement.","publisher":{"@id":"https:\/\/www.tribunal-nature.org\/blog\/#organization"},"potentialAction":[{"@type":"SearchAction","target":{"@type":"EntryPoint","urlTemplate":"https:\/\/www.tribunal-nature.org\/blog\/?s={search_term_string}"},"query-input":{"@type":"PropertyValueSpecification","valueRequired":true,"valueName":"search_term_string"}}],"inLanguage":"fr-FR"},{"@type":"Organization","@id":"https:\/\/www.tribunal-nature.org\/blog\/#organization","name":"tribunal-nature","url":"https:\/\/www.tribunal-nature.org\/blog\/","logo":{"@type":"ImageObject","inLanguage":"fr-FR","@id":"https:\/\/www.tribunal-nature.org\/blog\/#\/schema\/logo\/image\/","url":"https:\/\/www.tribunal-nature.org\/blog\/wp-content\/uploads\/2022\/05\/logo-2.png","contentUrl":"https:\/\/www.tribunal-nature.org\/blog\/wp-content\/uploads\/2022\/05\/logo-2.png","width":180,"height":180,"caption":"tribunal-nature"},"image":{"@id":"https:\/\/www.tribunal-nature.org\/blog\/#\/schema\/logo\/image\/"}},{"@type":"Person","@id":"https:\/\/www.tribunal-nature.org\/blog\/#\/schema\/person\/55761caf7544da6b05b60523f2a0855f","name":"Isabelle LOUBEAU","image":{"@type":"ImageObject","inLanguage":"fr-FR","@id":"https:\/\/secure.gravatar.com\/avatar\/b6912620aca78633bf5d50400888815d3b38a1118e82b94050843f411f3f5972?s=96&d=mm&r=g","url":"https:\/\/secure.gravatar.com\/avatar\/b6912620aca78633bf5d50400888815d3b38a1118e82b94050843f411f3f5972?s=96&d=mm&r=g","contentUrl":"https:\/\/secure.gravatar.com\/avatar\/b6912620aca78633bf5d50400888815d3b38a1118e82b94050843f411f3f5972?s=96&d=mm&r=g","caption":"Isabelle LOUBEAU"},"url":"https:\/\/www.tribunal-nature.org\/blog\/author\/ureisabelle\/"}]}},"_links":{"self":[{"href":"https:\/\/www.tribunal-nature.org\/blog\/wp-json\/wp\/v2\/posts\/352","targetHints":{"allow":["GET"]}}],"collection":[{"href":"https:\/\/www.tribunal-nature.org\/blog\/wp-json\/wp\/v2\/posts"}],"about":[{"href":"https:\/\/www.tribunal-nature.org\/blog\/wp-json\/wp\/v2\/types\/post"}],"author":[{"embeddable":true,"href":"https:\/\/www.tribunal-nature.org\/blog\/wp-json\/wp\/v2\/users\/3"}],"replies":[{"embeddable":true,"href":"https:\/\/www.tribunal-nature.org\/blog\/wp-json\/wp\/v2\/comments?post=352"}],"version-history":[{"count":0,"href":"https:\/\/www.tribunal-nature.org\/blog\/wp-json\/wp\/v2\/posts\/352\/revisions"}],"wp:featuredmedia":[{"embeddable":true,"href":"https:\/\/www.tribunal-nature.org\/blog\/wp-json\/wp\/v2\/media\/750"}],"wp:attachment":[{"href":"https:\/\/www.tribunal-nature.org\/blog\/wp-json\/wp\/v2\/media?parent=352"}],"wp:term":[{"taxonomy":"category","embeddable":true,"href":"https:\/\/www.tribunal-nature.org\/blog\/wp-json\/wp\/v2\/categories?post=352"},{"taxonomy":"post_tag","embeddable":true,"href":"https:\/\/www.tribunal-nature.org\/blog\/wp-json\/wp\/v2\/tags?post=352"}],"curies":[{"name":"wp","href":"https:\/\/api.w.org\/{rel}","templated":true}]}}