{"id":351,"date":"2023-01-05T15:02:12","date_gmt":"2023-01-05T14:02:12","guid":{"rendered":"https:\/\/www.tribunal-nature.org\/blog\/revue-de-presse-internet-dupond-moretti-veut-diviser-par-deux-le-delai-de-traitement-des-procedures-civiles\/"},"modified":"2023-01-05T15:02:12","modified_gmt":"2023-01-05T14:02:12","slug":"revue-de-presse-internet-dupond-moretti-veut-diviser-par-deux-le-delai-de-traitement-des-procedures-civiles","status":"publish","type":"post","link":"https:\/\/www.tribunal-nature.org\/blog\/revue-de-presse-internet-dupond-moretti-veut-diviser-par-deux-le-delai-de-traitement-des-procedures-civiles\/","title":{"rendered":"Revue de presse internet  : Dupond-Moretti veut \u00abdiviser par deux\u00bb le d\u00e9lai de traitement des proc\u00e9dures civiles"},"content":{"rendered":"<div>\n<p>Ce post, dont le sujet est \u00ab\u00a0la justice\u00a0\u00bb, vient d\u2019\u00eatre remarqu\u00e9 sur internet, notre r\u00e9daction est heureuse de vous en produire l\u2019essentiel dans cette publication.<\/p>\n<p>Son titre  (Dupond-Moretti veut \u00abdiviser par deux\u00bb le d\u00e9lai de traitement des proc\u00e9dures civiles) est parlant.<\/p>\n<p> Annonc\u00e9 sous le nom \u00abd\u2019anonymat<br \/>\n\u00bb, l\u2019\u00e9crivain est connu et fiable.<\/p>\n<p>Les r\u00e9v\u00e9lations concern\u00e9es sont de ce fait estim\u00e9es conformes.<\/p>\n<p>Texte original  : <\/p>\n<div data-fgtcs-crosslinks=\"contextuel\">\n<style data-emotion=\"css 1yhrhcj\"><![CDATA[.css-1yhrhcjfont-family:noto-serif,serif;font-weight:normal;color:#163860;.css-1yhrhcj a-webkit-text-decoration:none;text-decoration:none;.css-1yhrhcj a-webkit-transition:color 0.3s ease-out 0s;transition:color 0.3s ease-out 0s;.css-1yhrhcj a:hovercolor:#1f66ba;]]&gt;<\/style>\n\n\n\n\n<p class=\"description\">Le garde des Sceaux \u00c9ric Dupond-Moretti va s\u2019engager ce jeudi 5 janvier \u00e0 porter le budget de la Justice de 9,6 \u00e0 11 milliards d\u2019euros en 2027 lors de la pr\u00e9sentation de son \u00abplan d\u2019actions\u00bb issu des \u00c9tats g\u00e9n\u00e9raux.<\/p>\n\n\n<\/div>\n\n\n\n\n<p>Publications:<\/p>\n\n\n\n\n<p>Des d\u00e9lits et des peines,<a target=\"_blank\" rel=\"nofollow\" href=\"https:\/\/www.tribunal-nature.org\/blog\/goto\/https:\/\/booknode.com\/des_delits_et_des_peines_0272872\"  target=\"_blank\" rel=\"noopener noreferrer nofollow\">Le livre <\/a><span><\/span>. Ouvrage de r\u00e9f\u00e9rence.<\/p>\n\n\n\n\n<p>Histoire de la France m\u00e9di\u00e9vale\/Les ch\u00e2teaux forts,<a target=\"_blank\" rel=\"nofollow\" href=\"https:\/\/www.tribunal-nature.org\/blog\/goto\/https:\/\/fr.wikibooks.org\/wiki\/Histoire_de_la_France_m%C3%A9di%C3%A9vale\/Les_ch%C3%A2teaux_forts\"  target=\"_blank\" rel=\"noopener noreferrer nofollow\">Ouvrage <\/a><span><\/span>. A emprunter en biblioth\u00e8que.<\/p>\n\n\n\n\n<p>Pour lire Platon,<a target=\"_blank\" rel=\"nofollow\" href=\"https:\/\/www.tribunal-nature.org\/blog\/goto\/https:\/\/fr.wikibooks.org\/wiki\/Pour_lire_Platon\"  target=\"_blank\" rel=\"noopener noreferrer nofollow\">Clicker Ici <\/a><span><\/span>. Disponible dans toutes les bonnes biblioth\u00e8ques de votre d\u00e9partement.<\/p>\n\n<\/div>\n\n\n<\/p>\n","protected":false},"excerpt":{"rendered":"<p>Ce post, dont le sujet est \u00ab\u00a0la justice\u00a0\u00bb, vient d\u2019\u00eatre remarqu\u00e9 sur internet, notre r\u00e9daction est heureuse de vous en&#8230;<\/p>\n","protected":false},"author":3,"featured_media":751,"comment_status":"closed","ping_status":"closed","sticky":false,"template":"","format":"standard","meta":{"footnotes":""},"categories":[2],"tags":[],"class_list":["post-351","post","type-post","status-publish","format-standard","has-post-thumbnail","hentry","category-droit-de-lenvironnement","wpcat-2-id"],"yoast_head":"<!-- This site is optimized with the Yoast SEO plugin v27.5 - https:\/\/yoast.com\/product\/yoast-seo-wordpress\/ -->\n<title>Revue de presse internet : Dupond-Moretti veut \u00abdiviser par deux\u00bb le d\u00e9lai de traitement des proc\u00e9dures civiles - TRIBUNAL-NATURE<\/title>\n<meta name=\"description\" content=\"Revue de presse internet : Dupond-Moretti veut \u00abdiviser par deux\u00bb le d\u00e9lai de traitement des proc\u00e9dures civiles article de TRIBUNAL-NATURE\" \/>\n<meta name=\"robots\" content=\"index, follow, max-snippet:-1, max-image-preview:large, max-video-preview:-1\" \/>\n<link rel=\"canonical\" href=\"https:\/\/www.tribunal-nature.org\/blog\/revue-de-presse-internet-dupond-moretti-veut-diviser-par-deux-le-delai-de-traitement-des-procedures-civiles\/\" \/>\n<meta property=\"og:locale\" content=\"fr_FR\" \/>\n<meta property=\"og:type\" content=\"article\" \/>\n<meta property=\"og:title\" content=\"Revue de presse internet : Dupond-Moretti veut \u00abdiviser par deux\u00bb le d\u00e9lai de traitement des proc\u00e9dures civiles - TRIBUNAL-NATURE\" \/>\n<meta property=\"og:description\" content=\"Revue de presse internet : Dupond-Moretti veut \u00abdiviser par deux\u00bb le d\u00e9lai de traitement des proc\u00e9dures civiles article de TRIBUNAL-NATURE\" \/>\n<meta property=\"og:url\" content=\"https:\/\/www.tribunal-nature.org\/blog\/revue-de-presse-internet-dupond-moretti-veut-diviser-par-deux-le-delai-de-traitement-des-procedures-civiles\/\" \/>\n<meta property=\"og:site_name\" content=\"TRIBUNAL-NATURE\" \/>\n<meta property=\"article:published_time\" content=\"2023-01-05T14:02:12+00:00\" \/>\n<meta name=\"author\" content=\"Isabelle LOUBEAU\" \/>\n<meta name=\"twitter:card\" content=\"summary_large_image\" \/>\n<meta name=\"twitter:label1\" content=\"\u00c9crit par\" \/>\n\t<meta name=\"twitter:data1\" content=\"Isabelle LOUBEAU\" \/>\n\t<meta name=\"twitter:label2\" content=\"Dur\u00e9e de lecture estim\u00e9e\" \/>\n\t<meta name=\"twitter:data2\" content=\"1 minute\" \/>\n<script type=\"application\/ld+json\" class=\"yoast-schema-graph\">{\"@context\":\"https:\\\/\\\/schema.org\",\"@graph\":[{\"@type\":\"Article\",\"@id\":\"https:\\\/\\\/www.tribunal-nature.org\\\/blog\\\/revue-de-presse-internet-dupond-moretti-veut-diviser-par-deux-le-delai-de-traitement-des-procedures-civiles\\\/#article\",\"isPartOf\":{\"@id\":\"https:\\\/\\\/www.tribunal-nature.org\\\/blog\\\/revue-de-presse-internet-dupond-moretti-veut-diviser-par-deux-le-delai-de-traitement-des-procedures-civiles\\\/\"},\"author\":{\"name\":\"Isabelle LOUBEAU\",\"@id\":\"https:\\\/\\\/www.tribunal-nature.org\\\/blog\\\/#\\\/schema\\\/person\\\/55761caf7544da6b05b60523f2a0855f\"},\"headline\":\"Revue de presse internet : Dupond-Moretti veut \u00abdiviser par deux\u00bb le d\u00e9lai de traitement des proc\u00e9dures civiles\",\"datePublished\":\"2023-01-05T14:02:12+00:00\",\"mainEntityOfPage\":{\"@id\":\"https:\\\/\\\/www.tribunal-nature.org\\\/blog\\\/revue-de-presse-internet-dupond-moretti-veut-diviser-par-deux-le-delai-de-traitement-des-procedures-civiles\\\/\"},\"wordCount\":177,\"publisher\":{\"@id\":\"https:\\\/\\\/www.tribunal-nature.org\\\/blog\\\/#organization\"},\"image\":{\"@id\":\"https:\\\/\\\/www.tribunal-nature.org\\\/blog\\\/revue-de-presse-internet-dupond-moretti-veut-diviser-par-deux-le-delai-de-traitement-des-procedures-civiles\\\/#primaryimage\"},\"thumbnailUrl\":\"https:\\\/\\\/www.tribunal-nature.org\\\/blog\\\/wp-content\\\/uploads\\\/2023\\\/09\\\/ce-post-1.jpg\",\"articleSection\":[\"Droit De L'Environnement:\"],\"inLanguage\":\"fr-FR\"},{\"@type\":\"WebPage\",\"@id\":\"https:\\\/\\\/www.tribunal-nature.org\\\/blog\\\/revue-de-presse-internet-dupond-moretti-veut-diviser-par-deux-le-delai-de-traitement-des-procedures-civiles\\\/\",\"url\":\"https:\\\/\\\/www.tribunal-nature.org\\\/blog\\\/revue-de-presse-internet-dupond-moretti-veut-diviser-par-deux-le-delai-de-traitement-des-procedures-civiles\\\/\",\"name\":\"Revue de presse internet : Dupond-Moretti veut \u00abdiviser par deux\u00bb le d\u00e9lai de traitement des proc\u00e9dures civiles - TRIBUNAL-NATURE\",\"isPartOf\":{\"@id\":\"https:\\\/\\\/www.tribunal-nature.org\\\/blog\\\/#website\"},\"primaryImageOfPage\":{\"@id\":\"https:\\\/\\\/www.tribunal-nature.org\\\/blog\\\/revue-de-presse-internet-dupond-moretti-veut-diviser-par-deux-le-delai-de-traitement-des-procedures-civiles\\\/#primaryimage\"},\"image\":{\"@id\":\"https:\\\/\\\/www.tribunal-nature.org\\\/blog\\\/revue-de-presse-internet-dupond-moretti-veut-diviser-par-deux-le-delai-de-traitement-des-procedures-civiles\\\/#primaryimage\"},\"thumbnailUrl\":\"https:\\\/\\\/www.tribunal-nature.org\\\/blog\\\/wp-content\\\/uploads\\\/2023\\\/09\\\/ce-post-1.jpg\",\"datePublished\":\"2023-01-05T14:02:12+00:00\",\"description\":\"Revue de presse internet : Dupond-Moretti veut \u00abdiviser par deux\u00bb le d\u00e9lai de traitement des proc\u00e9dures civiles article de TRIBUNAL-NATURE\",\"breadcrumb\":{\"@id\":\"https:\\\/\\\/www.tribunal-nature.org\\\/blog\\\/revue-de-presse-internet-dupond-moretti-veut-diviser-par-deux-le-delai-de-traitement-des-procedures-civiles\\\/#breadcrumb\"},\"inLanguage\":\"fr-FR\",\"potentialAction\":[{\"@type\":\"ReadAction\",\"target\":[\"https:\\\/\\\/www.tribunal-nature.org\\\/blog\\\/revue-de-presse-internet-dupond-moretti-veut-diviser-par-deux-le-delai-de-traitement-des-procedures-civiles\\\/\"]}]},{\"@type\":\"ImageObject\",\"inLanguage\":\"fr-FR\",\"@id\":\"https:\\\/\\\/www.tribunal-nature.org\\\/blog\\\/revue-de-presse-internet-dupond-moretti-veut-diviser-par-deux-le-delai-de-traitement-des-procedures-civiles\\\/#primaryimage\",\"url\":\"https:\\\/\\\/www.tribunal-nature.org\\\/blog\\\/wp-content\\\/uploads\\\/2023\\\/09\\\/ce-post-1.jpg\",\"contentUrl\":\"https:\\\/\\\/www.tribunal-nature.org\\\/blog\\\/wp-content\\\/uploads\\\/2023\\\/09\\\/ce-post-1.jpg\",\"width\":174,\"height\":208,\"caption\":\"ce post\"},{\"@type\":\"BreadcrumbList\",\"@id\":\"https:\\\/\\\/www.tribunal-nature.org\\\/blog\\\/revue-de-presse-internet-dupond-moretti-veut-diviser-par-deux-le-delai-de-traitement-des-procedures-civiles\\\/#breadcrumb\",\"itemListElement\":[{\"@type\":\"ListItem\",\"position\":1,\"name\":\"Accueil\",\"item\":\"https:\\\/\\\/www.tribunal-nature.org\\\/blog\\\/\"},{\"@type\":\"ListItem\",\"position\":2,\"name\":\"Revue de presse internet : Dupond-Moretti veut \u00abdiviser par deux\u00bb le d\u00e9lai de traitement des proc\u00e9dures civiles\"}]},{\"@type\":\"WebSite\",\"@id\":\"https:\\\/\\\/www.tribunal-nature.org\\\/blog\\\/#website\",\"url\":\"https:\\\/\\\/www.tribunal-nature.org\\\/blog\\\/\",\"name\":\"TRIBUNAL-NATURE\",\"description\":\"Droit De L&#039;Environnement.\",\"publisher\":{\"@id\":\"https:\\\/\\\/www.tribunal-nature.org\\\/blog\\\/#organization\"},\"potentialAction\":[{\"@type\":\"SearchAction\",\"target\":{\"@type\":\"EntryPoint\",\"urlTemplate\":\"https:\\\/\\\/www.tribunal-nature.org\\\/blog\\\/?s={search_term_string}\"},\"query-input\":{\"@type\":\"PropertyValueSpecification\",\"valueRequired\":true,\"valueName\":\"search_term_string\"}}],\"inLanguage\":\"fr-FR\"},{\"@type\":\"Organization\",\"@id\":\"https:\\\/\\\/www.tribunal-nature.org\\\/blog\\\/#organization\",\"name\":\"tribunal-nature\",\"url\":\"https:\\\/\\\/www.tribunal-nature.org\\\/blog\\\/\",\"logo\":{\"@type\":\"ImageObject\",\"inLanguage\":\"fr-FR\",\"@id\":\"https:\\\/\\\/www.tribunal-nature.org\\\/blog\\\/#\\\/schema\\\/logo\\\/image\\\/\",\"url\":\"https:\\\/\\\/www.tribunal-nature.org\\\/blog\\\/wp-content\\\/uploads\\\/2022\\\/05\\\/logo-2.png\",\"contentUrl\":\"https:\\\/\\\/www.tribunal-nature.org\\\/blog\\\/wp-content\\\/uploads\\\/2022\\\/05\\\/logo-2.png\",\"width\":180,\"height\":180,\"caption\":\"tribunal-nature\"},\"image\":{\"@id\":\"https:\\\/\\\/www.tribunal-nature.org\\\/blog\\\/#\\\/schema\\\/logo\\\/image\\\/\"}},{\"@type\":\"Person\",\"@id\":\"https:\\\/\\\/www.tribunal-nature.org\\\/blog\\\/#\\\/schema\\\/person\\\/55761caf7544da6b05b60523f2a0855f\",\"name\":\"Isabelle LOUBEAU\",\"image\":{\"@type\":\"ImageObject\",\"inLanguage\":\"fr-FR\",\"@id\":\"https:\\\/\\\/secure.gravatar.com\\\/avatar\\\/b6912620aca78633bf5d50400888815d3b38a1118e82b94050843f411f3f5972?s=96&d=mm&r=g\",\"url\":\"https:\\\/\\\/secure.gravatar.com\\\/avatar\\\/b6912620aca78633bf5d50400888815d3b38a1118e82b94050843f411f3f5972?s=96&d=mm&r=g\",\"contentUrl\":\"https:\\\/\\\/secure.gravatar.com\\\/avatar\\\/b6912620aca78633bf5d50400888815d3b38a1118e82b94050843f411f3f5972?s=96&d=mm&r=g\",\"caption\":\"Isabelle LOUBEAU\"},\"url\":\"https:\\\/\\\/www.tribunal-nature.org\\\/blog\\\/author\\\/ureisabelle\\\/\"}]}<\/script>\n<!-- \/ Yoast SEO plugin. -->","yoast_head_json":{"title":"Revue de presse internet : Dupond-Moretti veut \u00abdiviser par deux\u00bb le d\u00e9lai de traitement des proc\u00e9dures civiles - TRIBUNAL-NATURE","description":"Revue de presse internet : Dupond-Moretti veut \u00abdiviser par deux\u00bb le d\u00e9lai de traitement des proc\u00e9dures civiles article de TRIBUNAL-NATURE","robots":{"index":"index","follow":"follow","max-snippet":"max-snippet:-1","max-image-preview":"max-image-preview:large","max-video-preview":"max-video-preview:-1"},"canonical":"https:\/\/www.tribunal-nature.org\/blog\/revue-de-presse-internet-dupond-moretti-veut-diviser-par-deux-le-delai-de-traitement-des-procedures-civiles\/","og_locale":"fr_FR","og_type":"article","og_title":"Revue de presse internet : Dupond-Moretti veut \u00abdiviser par deux\u00bb le d\u00e9lai de traitement des proc\u00e9dures civiles - TRIBUNAL-NATURE","og_description":"Revue de presse internet : Dupond-Moretti veut \u00abdiviser par deux\u00bb le d\u00e9lai de traitement des proc\u00e9dures civiles article de TRIBUNAL-NATURE","og_url":"https:\/\/www.tribunal-nature.org\/blog\/revue-de-presse-internet-dupond-moretti-veut-diviser-par-deux-le-delai-de-traitement-des-procedures-civiles\/","og_site_name":"TRIBUNAL-NATURE","article_published_time":"2023-01-05T14:02:12+00:00","author":"Isabelle LOUBEAU","twitter_card":"summary_large_image","twitter_misc":{"\u00c9crit par":"Isabelle LOUBEAU","Dur\u00e9e de lecture estim\u00e9e":"1 minute"},"schema":{"@context":"https:\/\/schema.org","@graph":[{"@type":"Article","@id":"https:\/\/www.tribunal-nature.org\/blog\/revue-de-presse-internet-dupond-moretti-veut-diviser-par-deux-le-delai-de-traitement-des-procedures-civiles\/#article","isPartOf":{"@id":"https:\/\/www.tribunal-nature.org\/blog\/revue-de-presse-internet-dupond-moretti-veut-diviser-par-deux-le-delai-de-traitement-des-procedures-civiles\/"},"author":{"name":"Isabelle LOUBEAU","@id":"https:\/\/www.tribunal-nature.org\/blog\/#\/schema\/person\/55761caf7544da6b05b60523f2a0855f"},"headline":"Revue de presse internet : Dupond-Moretti veut \u00abdiviser par deux\u00bb le d\u00e9lai de traitement des proc\u00e9dures civiles","datePublished":"2023-01-05T14:02:12+00:00","mainEntityOfPage":{"@id":"https:\/\/www.tribunal-nature.org\/blog\/revue-de-presse-internet-dupond-moretti-veut-diviser-par-deux-le-delai-de-traitement-des-procedures-civiles\/"},"wordCount":177,"publisher":{"@id":"https:\/\/www.tribunal-nature.org\/blog\/#organization"},"image":{"@id":"https:\/\/www.tribunal-nature.org\/blog\/revue-de-presse-internet-dupond-moretti-veut-diviser-par-deux-le-delai-de-traitement-des-procedures-civiles\/#primaryimage"},"thumbnailUrl":"https:\/\/www.tribunal-nature.org\/blog\/wp-content\/uploads\/2023\/09\/ce-post-1.jpg","articleSection":["Droit De L'Environnement:"],"inLanguage":"fr-FR"},{"@type":"WebPage","@id":"https:\/\/www.tribunal-nature.org\/blog\/revue-de-presse-internet-dupond-moretti-veut-diviser-par-deux-le-delai-de-traitement-des-procedures-civiles\/","url":"https:\/\/www.tribunal-nature.org\/blog\/revue-de-presse-internet-dupond-moretti-veut-diviser-par-deux-le-delai-de-traitement-des-procedures-civiles\/","name":"Revue de presse internet : Dupond-Moretti veut \u00abdiviser par deux\u00bb le d\u00e9lai de traitement des proc\u00e9dures civiles - TRIBUNAL-NATURE","isPartOf":{"@id":"https:\/\/www.tribunal-nature.org\/blog\/#website"},"primaryImageOfPage":{"@id":"https:\/\/www.tribunal-nature.org\/blog\/revue-de-presse-internet-dupond-moretti-veut-diviser-par-deux-le-delai-de-traitement-des-procedures-civiles\/#primaryimage"},"image":{"@id":"https:\/\/www.tribunal-nature.org\/blog\/revue-de-presse-internet-dupond-moretti-veut-diviser-par-deux-le-delai-de-traitement-des-procedures-civiles\/#primaryimage"},"thumbnailUrl":"https:\/\/www.tribunal-nature.org\/blog\/wp-content\/uploads\/2023\/09\/ce-post-1.jpg","datePublished":"2023-01-05T14:02:12+00:00","description":"Revue de presse internet : Dupond-Moretti veut \u00abdiviser par deux\u00bb le d\u00e9lai de traitement des proc\u00e9dures civiles article de TRIBUNAL-NATURE","breadcrumb":{"@id":"https:\/\/www.tribunal-nature.org\/blog\/revue-de-presse-internet-dupond-moretti-veut-diviser-par-deux-le-delai-de-traitement-des-procedures-civiles\/#breadcrumb"},"inLanguage":"fr-FR","potentialAction":[{"@type":"ReadAction","target":["https:\/\/www.tribunal-nature.org\/blog\/revue-de-presse-internet-dupond-moretti-veut-diviser-par-deux-le-delai-de-traitement-des-procedures-civiles\/"]}]},{"@type":"ImageObject","inLanguage":"fr-FR","@id":"https:\/\/www.tribunal-nature.org\/blog\/revue-de-presse-internet-dupond-moretti-veut-diviser-par-deux-le-delai-de-traitement-des-procedures-civiles\/#primaryimage","url":"https:\/\/www.tribunal-nature.org\/blog\/wp-content\/uploads\/2023\/09\/ce-post-1.jpg","contentUrl":"https:\/\/www.tribunal-nature.org\/blog\/wp-content\/uploads\/2023\/09\/ce-post-1.jpg","width":174,"height":208,"caption":"ce post"},{"@type":"BreadcrumbList","@id":"https:\/\/www.tribunal-nature.org\/blog\/revue-de-presse-internet-dupond-moretti-veut-diviser-par-deux-le-delai-de-traitement-des-procedures-civiles\/#breadcrumb","itemListElement":[{"@type":"ListItem","position":1,"name":"Accueil","item":"https:\/\/www.tribunal-nature.org\/blog\/"},{"@type":"ListItem","position":2,"name":"Revue de presse internet : Dupond-Moretti veut \u00abdiviser par deux\u00bb le d\u00e9lai de traitement des proc\u00e9dures civiles"}]},{"@type":"WebSite","@id":"https:\/\/www.tribunal-nature.org\/blog\/#website","url":"https:\/\/www.tribunal-nature.org\/blog\/","name":"TRIBUNAL-NATURE","description":"Droit De L&#039;Environnement.","publisher":{"@id":"https:\/\/www.tribunal-nature.org\/blog\/#organization"},"potentialAction":[{"@type":"SearchAction","target":{"@type":"EntryPoint","urlTemplate":"https:\/\/www.tribunal-nature.org\/blog\/?s={search_term_string}"},"query-input":{"@type":"PropertyValueSpecification","valueRequired":true,"valueName":"search_term_string"}}],"inLanguage":"fr-FR"},{"@type":"Organization","@id":"https:\/\/www.tribunal-nature.org\/blog\/#organization","name":"tribunal-nature","url":"https:\/\/www.tribunal-nature.org\/blog\/","logo":{"@type":"ImageObject","inLanguage":"fr-FR","@id":"https:\/\/www.tribunal-nature.org\/blog\/#\/schema\/logo\/image\/","url":"https:\/\/www.tribunal-nature.org\/blog\/wp-content\/uploads\/2022\/05\/logo-2.png","contentUrl":"https:\/\/www.tribunal-nature.org\/blog\/wp-content\/uploads\/2022\/05\/logo-2.png","width":180,"height":180,"caption":"tribunal-nature"},"image":{"@id":"https:\/\/www.tribunal-nature.org\/blog\/#\/schema\/logo\/image\/"}},{"@type":"Person","@id":"https:\/\/www.tribunal-nature.org\/blog\/#\/schema\/person\/55761caf7544da6b05b60523f2a0855f","name":"Isabelle LOUBEAU","image":{"@type":"ImageObject","inLanguage":"fr-FR","@id":"https:\/\/secure.gravatar.com\/avatar\/b6912620aca78633bf5d50400888815d3b38a1118e82b94050843f411f3f5972?s=96&d=mm&r=g","url":"https:\/\/secure.gravatar.com\/avatar\/b6912620aca78633bf5d50400888815d3b38a1118e82b94050843f411f3f5972?s=96&d=mm&r=g","contentUrl":"https:\/\/secure.gravatar.com\/avatar\/b6912620aca78633bf5d50400888815d3b38a1118e82b94050843f411f3f5972?s=96&d=mm&r=g","caption":"Isabelle LOUBEAU"},"url":"https:\/\/www.tribunal-nature.org\/blog\/author\/ureisabelle\/"}]}},"_links":{"self":[{"href":"https:\/\/www.tribunal-nature.org\/blog\/wp-json\/wp\/v2\/posts\/351","targetHints":{"allow":["GET"]}}],"collection":[{"href":"https:\/\/www.tribunal-nature.org\/blog\/wp-json\/wp\/v2\/posts"}],"about":[{"href":"https:\/\/www.tribunal-nature.org\/blog\/wp-json\/wp\/v2\/types\/post"}],"author":[{"embeddable":true,"href":"https:\/\/www.tribunal-nature.org\/blog\/wp-json\/wp\/v2\/users\/3"}],"replies":[{"embeddable":true,"href":"https:\/\/www.tribunal-nature.org\/blog\/wp-json\/wp\/v2\/comments?post=351"}],"version-history":[{"count":0,"href":"https:\/\/www.tribunal-nature.org\/blog\/wp-json\/wp\/v2\/posts\/351\/revisions"}],"wp:featuredmedia":[{"embeddable":true,"href":"https:\/\/www.tribunal-nature.org\/blog\/wp-json\/wp\/v2\/media\/751"}],"wp:attachment":[{"href":"https:\/\/www.tribunal-nature.org\/blog\/wp-json\/wp\/v2\/media?parent=351"}],"wp:term":[{"taxonomy":"category","embeddable":true,"href":"https:\/\/www.tribunal-nature.org\/blog\/wp-json\/wp\/v2\/categories?post=351"},{"taxonomy":"post_tag","embeddable":true,"href":"https:\/\/www.tribunal-nature.org\/blog\/wp-json\/wp\/v2\/tags?post=351"}],"curies":[{"name":"wp","href":"https:\/\/api.w.org\/{rel}","templated":true}]}}