{"id":348,"date":"2023-01-03T21:11:54","date_gmt":"2023-01-03T20:11:54","guid":{"rendered":"https:\/\/www.tribunal-nature.org\/blog\/a-connaitre-ce-texte-catherine-bruere-quitte-la-presidence-du-tribunal-judiciaire-de-sarreguemines\/"},"modified":"2023-01-03T21:11:54","modified_gmt":"2023-01-03T20:11:54","slug":"a-connaitre-ce-texte-catherine-bruere-quitte-la-presidence-du-tribunal-judiciaire-de-sarreguemines","status":"publish","type":"post","link":"https:\/\/www.tribunal-nature.org\/blog\/a-connaitre-ce-texte-catherine-bruere-quitte-la-presidence-du-tribunal-judiciaire-de-sarreguemines\/","title":{"rendered":"A conna\u00eetre ce texte  : Catherine Bru\u00e8re quitte la pr\u00e9sidence du tribunal judiciaire de Sarreguemines"},"content":{"rendered":"<div>\n<p>Nos r\u00e9dacteurs ont rep\u00e9r\u00e9 un encart sur le web dont la th\u00e9matique est \u00abla justice\u00bb.<\/p>\n<p>Son titre  (Catherine Bru\u00e8re quitte la pr\u00e9sidence du tribunal judiciaire de Sarreguemines) est sans d\u00e9tour.<\/p>\n<p>Sachez que le chroniqueur (identifi\u00e9 sous la signature  d\u2019anonymat<br \/>\n) est positivement connu pour plusieurs autres papiers qu\u2019il a publi\u00e9s sur internet.<\/p>\n<p>Il n\u2019y a pas de raison de douter du s\u00e9rieux de ces infos.<\/p>\n<p>Sachez que la date de parution est 2023-01-03 08:57:00.<\/p>\n<p>Voil\u00e0 ll\u2019article dont il s\u2019agit : <\/p>\n<p>Catherine Bru\u00e8re quitte la pr\u00e9sidence du tribunal judiciaire de Sarreguemines. Par d\u00e9cret du 27 d\u00e9cembre 2022 , elle a \u00e9t\u00e9 nomm\u00e9e pr\u00e9sidente du tribunal judiciaire de Tours, en Indre-et-Loire. Durant \u2026<\/p>\n<p>Parutions sur le m\u00eame propos:<\/p>\n<p>Droit p\u00e9nal g\u00e9n\u00e9ral (5\u00e8me \u00e9dition),<a target=\"_blank\" rel=\"nofollow\" href=\"https:\/\/www.tribunal-nature.org\/blog\/goto\/https:\/\/booknode.com\/droit_penal_general_5eme_edition_03369236\"  target=\"_blank\" rel=\"noopener noreferrer nofollow\">A voir et \u00e0 lire. <\/a><span><\/span>.<\/p>\n<p>La Justice et le Mal,<a target=\"_blank\" rel=\"nofollow\" href=\"https:\/\/www.tribunal-nature.org\/blog\/goto\/https:\/\/www.kobo.com\/fr\/fr\/ebook\/la-justice-et-le-mal\"  target=\"_blank\" rel=\"noopener noreferrer nofollow\">Clicker Ici <\/a><span><\/span>.<\/p>\n<p>Pr\u00e9cis d\u2019\u00e9pist\u00e9mologie\/Applications,<a target=\"_blank\" rel=\"nofollow\" href=\"https:\/\/www.tribunal-nature.org\/blog\/goto\/https:\/\/fr.wikibooks.org\/wiki\/Pr%C3%A9cis_d%27%C3%A9pist%C3%A9mologie\/Applications\"  target=\"_blank\" rel=\"noopener noreferrer nofollow\">(la couverture) <\/a><span><\/span>.<\/p>\n<\/div>\n","protected":false},"excerpt":{"rendered":"<p>Nos r\u00e9dacteurs ont rep\u00e9r\u00e9 un encart sur le web dont la th\u00e9matique est \u00abla justice\u00bb. Son titre (Catherine Bru\u00e8re quitte&#8230;<\/p>\n","protected":false},"author":3,"featured_media":754,"comment_status":"closed","ping_status":"closed","sticky":false,"template":"","format":"standard","meta":{"footnotes":""},"categories":[2],"tags":[],"class_list":["post-348","post","type-post","status-publish","format-standard","has-post-thumbnail","hentry","category-droit-de-lenvironnement","wpcat-2-id"],"yoast_head":"<!-- This site is optimized with the Yoast SEO plugin v27.5 - https:\/\/yoast.com\/product\/yoast-seo-wordpress\/ -->\n<title>A conna\u00eetre ce texte : Catherine Bru\u00e8re quitte la pr\u00e9sidence du tribunal judiciaire de Sarreguemines - TRIBUNAL-NATURE<\/title>\n<meta name=\"description\" content=\"A conna\u00eetre ce texte : Catherine Bru\u00e8re quitte la pr\u00e9sidence du tribunal judiciaire de Sarreguemines article de TRIBUNAL-NATURE\" \/>\n<meta name=\"robots\" content=\"index, follow, max-snippet:-1, max-image-preview:large, max-video-preview:-1\" \/>\n<link rel=\"canonical\" href=\"https:\/\/www.tribunal-nature.org\/blog\/a-connaitre-ce-texte-catherine-bruere-quitte-la-presidence-du-tribunal-judiciaire-de-sarreguemines\/\" \/>\n<meta property=\"og:locale\" content=\"fr_FR\" \/>\n<meta property=\"og:type\" content=\"article\" \/>\n<meta property=\"og:title\" content=\"A conna\u00eetre ce texte : Catherine Bru\u00e8re quitte la pr\u00e9sidence du tribunal judiciaire de Sarreguemines - TRIBUNAL-NATURE\" \/>\n<meta property=\"og:description\" content=\"A conna\u00eetre ce texte : Catherine Bru\u00e8re quitte la pr\u00e9sidence du tribunal judiciaire de Sarreguemines article de TRIBUNAL-NATURE\" \/>\n<meta property=\"og:url\" content=\"https:\/\/www.tribunal-nature.org\/blog\/a-connaitre-ce-texte-catherine-bruere-quitte-la-presidence-du-tribunal-judiciaire-de-sarreguemines\/\" \/>\n<meta property=\"og:site_name\" content=\"TRIBUNAL-NATURE\" \/>\n<meta property=\"article:published_time\" content=\"2023-01-03T20:11:54+00:00\" \/>\n<meta name=\"author\" content=\"Isabelle LOUBEAU\" \/>\n<meta name=\"twitter:card\" content=\"summary_large_image\" \/>\n<meta name=\"twitter:label1\" content=\"\u00c9crit par\" \/>\n\t<meta name=\"twitter:data1\" content=\"Isabelle LOUBEAU\" \/>\n\t<meta name=\"twitter:label2\" content=\"Dur\u00e9e de lecture estim\u00e9e\" \/>\n\t<meta name=\"twitter:data2\" content=\"1 minute\" \/>\n<script type=\"application\/ld+json\" class=\"yoast-schema-graph\">{\"@context\":\"https:\\\/\\\/schema.org\",\"@graph\":[{\"@type\":\"Article\",\"@id\":\"https:\\\/\\\/www.tribunal-nature.org\\\/blog\\\/a-connaitre-ce-texte-catherine-bruere-quitte-la-presidence-du-tribunal-judiciaire-de-sarreguemines\\\/#article\",\"isPartOf\":{\"@id\":\"https:\\\/\\\/www.tribunal-nature.org\\\/blog\\\/a-connaitre-ce-texte-catherine-bruere-quitte-la-presidence-du-tribunal-judiciaire-de-sarreguemines\\\/\"},\"author\":{\"name\":\"Isabelle LOUBEAU\",\"@id\":\"https:\\\/\\\/www.tribunal-nature.org\\\/blog\\\/#\\\/schema\\\/person\\\/55761caf7544da6b05b60523f2a0855f\"},\"headline\":\"A conna\u00eetre ce texte : Catherine Bru\u00e8re quitte la pr\u00e9sidence du tribunal judiciaire de Sarreguemines\",\"datePublished\":\"2023-01-03T20:11:54+00:00\",\"mainEntityOfPage\":{\"@id\":\"https:\\\/\\\/www.tribunal-nature.org\\\/blog\\\/a-connaitre-ce-texte-catherine-bruere-quitte-la-presidence-du-tribunal-judiciaire-de-sarreguemines\\\/\"},\"wordCount\":174,\"publisher\":{\"@id\":\"https:\\\/\\\/www.tribunal-nature.org\\\/blog\\\/#organization\"},\"image\":{\"@id\":\"https:\\\/\\\/www.tribunal-nature.org\\\/blog\\\/a-connaitre-ce-texte-catherine-bruere-quitte-la-presidence-du-tribunal-judiciaire-de-sarreguemines\\\/#primaryimage\"},\"thumbnailUrl\":\"https:\\\/\\\/www.tribunal-nature.org\\\/blog\\\/wp-content\\\/uploads\\\/2023\\\/09\\\/du-tribunal.jpg\",\"articleSection\":[\"Droit De L'Environnement:\"],\"inLanguage\":\"fr-FR\"},{\"@type\":\"WebPage\",\"@id\":\"https:\\\/\\\/www.tribunal-nature.org\\\/blog\\\/a-connaitre-ce-texte-catherine-bruere-quitte-la-presidence-du-tribunal-judiciaire-de-sarreguemines\\\/\",\"url\":\"https:\\\/\\\/www.tribunal-nature.org\\\/blog\\\/a-connaitre-ce-texte-catherine-bruere-quitte-la-presidence-du-tribunal-judiciaire-de-sarreguemines\\\/\",\"name\":\"A conna\u00eetre ce texte : Catherine Bru\u00e8re quitte la pr\u00e9sidence du tribunal judiciaire de Sarreguemines - TRIBUNAL-NATURE\",\"isPartOf\":{\"@id\":\"https:\\\/\\\/www.tribunal-nature.org\\\/blog\\\/#website\"},\"primaryImageOfPage\":{\"@id\":\"https:\\\/\\\/www.tribunal-nature.org\\\/blog\\\/a-connaitre-ce-texte-catherine-bruere-quitte-la-presidence-du-tribunal-judiciaire-de-sarreguemines\\\/#primaryimage\"},\"image\":{\"@id\":\"https:\\\/\\\/www.tribunal-nature.org\\\/blog\\\/a-connaitre-ce-texte-catherine-bruere-quitte-la-presidence-du-tribunal-judiciaire-de-sarreguemines\\\/#primaryimage\"},\"thumbnailUrl\":\"https:\\\/\\\/www.tribunal-nature.org\\\/blog\\\/wp-content\\\/uploads\\\/2023\\\/09\\\/du-tribunal.jpg\",\"datePublished\":\"2023-01-03T20:11:54+00:00\",\"description\":\"A conna\u00eetre ce texte : Catherine Bru\u00e8re quitte la pr\u00e9sidence du tribunal judiciaire de Sarreguemines article de TRIBUNAL-NATURE\",\"breadcrumb\":{\"@id\":\"https:\\\/\\\/www.tribunal-nature.org\\\/blog\\\/a-connaitre-ce-texte-catherine-bruere-quitte-la-presidence-du-tribunal-judiciaire-de-sarreguemines\\\/#breadcrumb\"},\"inLanguage\":\"fr-FR\",\"potentialAction\":[{\"@type\":\"ReadAction\",\"target\":[\"https:\\\/\\\/www.tribunal-nature.org\\\/blog\\\/a-connaitre-ce-texte-catherine-bruere-quitte-la-presidence-du-tribunal-judiciaire-de-sarreguemines\\\/\"]}]},{\"@type\":\"ImageObject\",\"inLanguage\":\"fr-FR\",\"@id\":\"https:\\\/\\\/www.tribunal-nature.org\\\/blog\\\/a-connaitre-ce-texte-catherine-bruere-quitte-la-presidence-du-tribunal-judiciaire-de-sarreguemines\\\/#primaryimage\",\"url\":\"https:\\\/\\\/www.tribunal-nature.org\\\/blog\\\/wp-content\\\/uploads\\\/2023\\\/09\\\/du-tribunal.jpg\",\"contentUrl\":\"https:\\\/\\\/www.tribunal-nature.org\\\/blog\\\/wp-content\\\/uploads\\\/2023\\\/09\\\/du-tribunal.jpg\",\"width\":400,\"height\":400,\"caption\":\"du tribunal\"},{\"@type\":\"BreadcrumbList\",\"@id\":\"https:\\\/\\\/www.tribunal-nature.org\\\/blog\\\/a-connaitre-ce-texte-catherine-bruere-quitte-la-presidence-du-tribunal-judiciaire-de-sarreguemines\\\/#breadcrumb\",\"itemListElement\":[{\"@type\":\"ListItem\",\"position\":1,\"name\":\"Accueil\",\"item\":\"https:\\\/\\\/www.tribunal-nature.org\\\/blog\\\/\"},{\"@type\":\"ListItem\",\"position\":2,\"name\":\"A conna\u00eetre ce texte : Catherine Bru\u00e8re quitte la pr\u00e9sidence du tribunal judiciaire de Sarreguemines\"}]},{\"@type\":\"WebSite\",\"@id\":\"https:\\\/\\\/www.tribunal-nature.org\\\/blog\\\/#website\",\"url\":\"https:\\\/\\\/www.tribunal-nature.org\\\/blog\\\/\",\"name\":\"TRIBUNAL-NATURE\",\"description\":\"Droit De L&#039;Environnement.\",\"publisher\":{\"@id\":\"https:\\\/\\\/www.tribunal-nature.org\\\/blog\\\/#organization\"},\"potentialAction\":[{\"@type\":\"SearchAction\",\"target\":{\"@type\":\"EntryPoint\",\"urlTemplate\":\"https:\\\/\\\/www.tribunal-nature.org\\\/blog\\\/?s={search_term_string}\"},\"query-input\":{\"@type\":\"PropertyValueSpecification\",\"valueRequired\":true,\"valueName\":\"search_term_string\"}}],\"inLanguage\":\"fr-FR\"},{\"@type\":\"Organization\",\"@id\":\"https:\\\/\\\/www.tribunal-nature.org\\\/blog\\\/#organization\",\"name\":\"tribunal-nature\",\"url\":\"https:\\\/\\\/www.tribunal-nature.org\\\/blog\\\/\",\"logo\":{\"@type\":\"ImageObject\",\"inLanguage\":\"fr-FR\",\"@id\":\"https:\\\/\\\/www.tribunal-nature.org\\\/blog\\\/#\\\/schema\\\/logo\\\/image\\\/\",\"url\":\"https:\\\/\\\/www.tribunal-nature.org\\\/blog\\\/wp-content\\\/uploads\\\/2022\\\/05\\\/logo-2.png\",\"contentUrl\":\"https:\\\/\\\/www.tribunal-nature.org\\\/blog\\\/wp-content\\\/uploads\\\/2022\\\/05\\\/logo-2.png\",\"width\":180,\"height\":180,\"caption\":\"tribunal-nature\"},\"image\":{\"@id\":\"https:\\\/\\\/www.tribunal-nature.org\\\/blog\\\/#\\\/schema\\\/logo\\\/image\\\/\"}},{\"@type\":\"Person\",\"@id\":\"https:\\\/\\\/www.tribunal-nature.org\\\/blog\\\/#\\\/schema\\\/person\\\/55761caf7544da6b05b60523f2a0855f\",\"name\":\"Isabelle LOUBEAU\",\"image\":{\"@type\":\"ImageObject\",\"inLanguage\":\"fr-FR\",\"@id\":\"https:\\\/\\\/secure.gravatar.com\\\/avatar\\\/b6912620aca78633bf5d50400888815d3b38a1118e82b94050843f411f3f5972?s=96&d=mm&r=g\",\"url\":\"https:\\\/\\\/secure.gravatar.com\\\/avatar\\\/b6912620aca78633bf5d50400888815d3b38a1118e82b94050843f411f3f5972?s=96&d=mm&r=g\",\"contentUrl\":\"https:\\\/\\\/secure.gravatar.com\\\/avatar\\\/b6912620aca78633bf5d50400888815d3b38a1118e82b94050843f411f3f5972?s=96&d=mm&r=g\",\"caption\":\"Isabelle LOUBEAU\"},\"url\":\"https:\\\/\\\/www.tribunal-nature.org\\\/blog\\\/author\\\/ureisabelle\\\/\"}]}<\/script>\n<!-- \/ Yoast SEO plugin. -->","yoast_head_json":{"title":"A conna\u00eetre ce texte : Catherine Bru\u00e8re quitte la pr\u00e9sidence du tribunal judiciaire de Sarreguemines - TRIBUNAL-NATURE","description":"A conna\u00eetre ce texte : Catherine Bru\u00e8re quitte la pr\u00e9sidence du tribunal judiciaire de Sarreguemines article de TRIBUNAL-NATURE","robots":{"index":"index","follow":"follow","max-snippet":"max-snippet:-1","max-image-preview":"max-image-preview:large","max-video-preview":"max-video-preview:-1"},"canonical":"https:\/\/www.tribunal-nature.org\/blog\/a-connaitre-ce-texte-catherine-bruere-quitte-la-presidence-du-tribunal-judiciaire-de-sarreguemines\/","og_locale":"fr_FR","og_type":"article","og_title":"A conna\u00eetre ce texte : Catherine Bru\u00e8re quitte la pr\u00e9sidence du tribunal judiciaire de Sarreguemines - TRIBUNAL-NATURE","og_description":"A conna\u00eetre ce texte : Catherine Bru\u00e8re quitte la pr\u00e9sidence du tribunal judiciaire de Sarreguemines article de TRIBUNAL-NATURE","og_url":"https:\/\/www.tribunal-nature.org\/blog\/a-connaitre-ce-texte-catherine-bruere-quitte-la-presidence-du-tribunal-judiciaire-de-sarreguemines\/","og_site_name":"TRIBUNAL-NATURE","article_published_time":"2023-01-03T20:11:54+00:00","author":"Isabelle LOUBEAU","twitter_card":"summary_large_image","twitter_misc":{"\u00c9crit par":"Isabelle LOUBEAU","Dur\u00e9e de lecture estim\u00e9e":"1 minute"},"schema":{"@context":"https:\/\/schema.org","@graph":[{"@type":"Article","@id":"https:\/\/www.tribunal-nature.org\/blog\/a-connaitre-ce-texte-catherine-bruere-quitte-la-presidence-du-tribunal-judiciaire-de-sarreguemines\/#article","isPartOf":{"@id":"https:\/\/www.tribunal-nature.org\/blog\/a-connaitre-ce-texte-catherine-bruere-quitte-la-presidence-du-tribunal-judiciaire-de-sarreguemines\/"},"author":{"name":"Isabelle LOUBEAU","@id":"https:\/\/www.tribunal-nature.org\/blog\/#\/schema\/person\/55761caf7544da6b05b60523f2a0855f"},"headline":"A conna\u00eetre ce texte : Catherine Bru\u00e8re quitte la pr\u00e9sidence du tribunal judiciaire de Sarreguemines","datePublished":"2023-01-03T20:11:54+00:00","mainEntityOfPage":{"@id":"https:\/\/www.tribunal-nature.org\/blog\/a-connaitre-ce-texte-catherine-bruere-quitte-la-presidence-du-tribunal-judiciaire-de-sarreguemines\/"},"wordCount":174,"publisher":{"@id":"https:\/\/www.tribunal-nature.org\/blog\/#organization"},"image":{"@id":"https:\/\/www.tribunal-nature.org\/blog\/a-connaitre-ce-texte-catherine-bruere-quitte-la-presidence-du-tribunal-judiciaire-de-sarreguemines\/#primaryimage"},"thumbnailUrl":"https:\/\/www.tribunal-nature.org\/blog\/wp-content\/uploads\/2023\/09\/du-tribunal.jpg","articleSection":["Droit De L'Environnement:"],"inLanguage":"fr-FR"},{"@type":"WebPage","@id":"https:\/\/www.tribunal-nature.org\/blog\/a-connaitre-ce-texte-catherine-bruere-quitte-la-presidence-du-tribunal-judiciaire-de-sarreguemines\/","url":"https:\/\/www.tribunal-nature.org\/blog\/a-connaitre-ce-texte-catherine-bruere-quitte-la-presidence-du-tribunal-judiciaire-de-sarreguemines\/","name":"A conna\u00eetre ce texte : Catherine Bru\u00e8re quitte la pr\u00e9sidence du tribunal judiciaire de Sarreguemines - TRIBUNAL-NATURE","isPartOf":{"@id":"https:\/\/www.tribunal-nature.org\/blog\/#website"},"primaryImageOfPage":{"@id":"https:\/\/www.tribunal-nature.org\/blog\/a-connaitre-ce-texte-catherine-bruere-quitte-la-presidence-du-tribunal-judiciaire-de-sarreguemines\/#primaryimage"},"image":{"@id":"https:\/\/www.tribunal-nature.org\/blog\/a-connaitre-ce-texte-catherine-bruere-quitte-la-presidence-du-tribunal-judiciaire-de-sarreguemines\/#primaryimage"},"thumbnailUrl":"https:\/\/www.tribunal-nature.org\/blog\/wp-content\/uploads\/2023\/09\/du-tribunal.jpg","datePublished":"2023-01-03T20:11:54+00:00","description":"A conna\u00eetre ce texte : Catherine Bru\u00e8re quitte la pr\u00e9sidence du tribunal judiciaire de Sarreguemines article de TRIBUNAL-NATURE","breadcrumb":{"@id":"https:\/\/www.tribunal-nature.org\/blog\/a-connaitre-ce-texte-catherine-bruere-quitte-la-presidence-du-tribunal-judiciaire-de-sarreguemines\/#breadcrumb"},"inLanguage":"fr-FR","potentialAction":[{"@type":"ReadAction","target":["https:\/\/www.tribunal-nature.org\/blog\/a-connaitre-ce-texte-catherine-bruere-quitte-la-presidence-du-tribunal-judiciaire-de-sarreguemines\/"]}]},{"@type":"ImageObject","inLanguage":"fr-FR","@id":"https:\/\/www.tribunal-nature.org\/blog\/a-connaitre-ce-texte-catherine-bruere-quitte-la-presidence-du-tribunal-judiciaire-de-sarreguemines\/#primaryimage","url":"https:\/\/www.tribunal-nature.org\/blog\/wp-content\/uploads\/2023\/09\/du-tribunal.jpg","contentUrl":"https:\/\/www.tribunal-nature.org\/blog\/wp-content\/uploads\/2023\/09\/du-tribunal.jpg","width":400,"height":400,"caption":"du tribunal"},{"@type":"BreadcrumbList","@id":"https:\/\/www.tribunal-nature.org\/blog\/a-connaitre-ce-texte-catherine-bruere-quitte-la-presidence-du-tribunal-judiciaire-de-sarreguemines\/#breadcrumb","itemListElement":[{"@type":"ListItem","position":1,"name":"Accueil","item":"https:\/\/www.tribunal-nature.org\/blog\/"},{"@type":"ListItem","position":2,"name":"A conna\u00eetre ce texte : Catherine Bru\u00e8re quitte la pr\u00e9sidence du tribunal judiciaire de Sarreguemines"}]},{"@type":"WebSite","@id":"https:\/\/www.tribunal-nature.org\/blog\/#website","url":"https:\/\/www.tribunal-nature.org\/blog\/","name":"TRIBUNAL-NATURE","description":"Droit De L&#039;Environnement.","publisher":{"@id":"https:\/\/www.tribunal-nature.org\/blog\/#organization"},"potentialAction":[{"@type":"SearchAction","target":{"@type":"EntryPoint","urlTemplate":"https:\/\/www.tribunal-nature.org\/blog\/?s={search_term_string}"},"query-input":{"@type":"PropertyValueSpecification","valueRequired":true,"valueName":"search_term_string"}}],"inLanguage":"fr-FR"},{"@type":"Organization","@id":"https:\/\/www.tribunal-nature.org\/blog\/#organization","name":"tribunal-nature","url":"https:\/\/www.tribunal-nature.org\/blog\/","logo":{"@type":"ImageObject","inLanguage":"fr-FR","@id":"https:\/\/www.tribunal-nature.org\/blog\/#\/schema\/logo\/image\/","url":"https:\/\/www.tribunal-nature.org\/blog\/wp-content\/uploads\/2022\/05\/logo-2.png","contentUrl":"https:\/\/www.tribunal-nature.org\/blog\/wp-content\/uploads\/2022\/05\/logo-2.png","width":180,"height":180,"caption":"tribunal-nature"},"image":{"@id":"https:\/\/www.tribunal-nature.org\/blog\/#\/schema\/logo\/image\/"}},{"@type":"Person","@id":"https:\/\/www.tribunal-nature.org\/blog\/#\/schema\/person\/55761caf7544da6b05b60523f2a0855f","name":"Isabelle LOUBEAU","image":{"@type":"ImageObject","inLanguage":"fr-FR","@id":"https:\/\/secure.gravatar.com\/avatar\/b6912620aca78633bf5d50400888815d3b38a1118e82b94050843f411f3f5972?s=96&d=mm&r=g","url":"https:\/\/secure.gravatar.com\/avatar\/b6912620aca78633bf5d50400888815d3b38a1118e82b94050843f411f3f5972?s=96&d=mm&r=g","contentUrl":"https:\/\/secure.gravatar.com\/avatar\/b6912620aca78633bf5d50400888815d3b38a1118e82b94050843f411f3f5972?s=96&d=mm&r=g","caption":"Isabelle LOUBEAU"},"url":"https:\/\/www.tribunal-nature.org\/blog\/author\/ureisabelle\/"}]}},"_links":{"self":[{"href":"https:\/\/www.tribunal-nature.org\/blog\/wp-json\/wp\/v2\/posts\/348","targetHints":{"allow":["GET"]}}],"collection":[{"href":"https:\/\/www.tribunal-nature.org\/blog\/wp-json\/wp\/v2\/posts"}],"about":[{"href":"https:\/\/www.tribunal-nature.org\/blog\/wp-json\/wp\/v2\/types\/post"}],"author":[{"embeddable":true,"href":"https:\/\/www.tribunal-nature.org\/blog\/wp-json\/wp\/v2\/users\/3"}],"replies":[{"embeddable":true,"href":"https:\/\/www.tribunal-nature.org\/blog\/wp-json\/wp\/v2\/comments?post=348"}],"version-history":[{"count":0,"href":"https:\/\/www.tribunal-nature.org\/blog\/wp-json\/wp\/v2\/posts\/348\/revisions"}],"wp:featuredmedia":[{"embeddable":true,"href":"https:\/\/www.tribunal-nature.org\/blog\/wp-json\/wp\/v2\/media\/754"}],"wp:attachment":[{"href":"https:\/\/www.tribunal-nature.org\/blog\/wp-json\/wp\/v2\/media?parent=348"}],"wp:term":[{"taxonomy":"category","embeddable":true,"href":"https:\/\/www.tribunal-nature.org\/blog\/wp-json\/wp\/v2\/categories?post=348"},{"taxonomy":"post_tag","embeddable":true,"href":"https:\/\/www.tribunal-nature.org\/blog\/wp-json\/wp\/v2\/tags?post=348"}],"curies":[{"name":"wp","href":"https:\/\/api.w.org\/{rel}","templated":true}]}}