{"id":312,"date":"2022-11-23T06:06:34","date_gmt":"2022-11-23T05:06:34","guid":{"rendered":"https:\/\/www.tribunal-nature.org\/blog\/on-revient-sur-leditorial-magistrats-avocats-et-greffiers-ont-manifeste-contre-une-justice-au-rabais\/"},"modified":"2022-11-23T06:06:34","modified_gmt":"2022-11-23T05:06:34","slug":"on-revient-sur-leditorial-magistrats-avocats-et-greffiers-ont-manifeste-contre-une-justice-au-rabais","status":"publish","type":"post","link":"https:\/\/www.tribunal-nature.org\/blog\/on-revient-sur-leditorial-magistrats-avocats-et-greffiers-ont-manifeste-contre-une-justice-au-rabais\/","title":{"rendered":"On revient sur l\u2019\u00e9ditorial  : Magistrats, avocats et greffiers ont manifest\u00e9 contre une \u00ab\u00a0justice au rabais\u00a0\u00bb"},"content":{"rendered":"<div><img width=\"580\" height=\"387\" src=\"https:\/\/www.tribunal-nature.org\/blog\/wp-content\/uploads\/2022\/11\/On-revient-sur-leditorial-Magistrats-avocats-et-greffiers-ont.jpg\" class=\"attachment-large size-large wp-post-image\" alt=\"On-revient-sur-leditorial-Magistrats-avocats-et-greffiers-ont\" decoding=\"async\" loading=\"lazy\" style=\"float:left; margin:0 15px 15px 0;\" srcset=\"https:\/\/www.tribunal-nature.org\/blog\/wp-content\/uploads\/2022\/11\/On-revient-sur-leditorial-Magistrats-avocats-et-greffiers-ont.jpg 664w, https:\/\/www.site.cdcl.xyz\/wp-content\/uploads\/2022\/11\/On-revient-sur-leditorial-Magistrats-avocats-et-greffiers-ont-300x200.jpg 300w\" sizes=\"auto, (max-width: 580px) 100vw, 580px\"><\/p>\n<p>Notre \u00e9quipe vient de d\u00e9couvrir cet \u00e9ditorial sur la th\u00e9matique \u00ab\u00a0la justice\u00a0\u00bb. Avec r\u00e9gal nous vous en diffusons l\u2019essentiel ci-dessous.<\/p>\n<p>Son titre  (Magistrats, avocats et greffiers ont manifest\u00e9 contre une \u00ab\u00a0justice au rabais\u00a0\u00bb) est sans ambages.<\/p>\n<p> Identifi\u00e9 sous le nom \u00abd\u2019anonymat<br \/>\n\u00bb, l\u2019\u00e9crivain est connu et fiable pour plusieurs autres \u00e9ditoriaux qu\u2019il a publi\u00e9s sur le web.<\/p>\n<p>Vous pouvez en cons\u00e9quence faire confiance \u00e0 cette parution.<\/p>\n<p>La date de parution est 2022-11-22 09:52:00.<\/p>\n<p>Texte source  : <\/p>\n<div id=\"\">\n<figure class=\"article__media\"> <img decoding=\"async\" loading=\"lazy\" src=\"https:\/\/www.tribunal-nature.org\/blog\/wp-content\/uploads\/2022\/11\/A-lire-Magistrats-avocats-et-greffiers-ont-manifeste-contre.jpg\" alt=\"Un pr\u00e9sident de cour d\u2019appel (au centre) et des magistrats lors d\u2019un rassemblement du monde judiciaire appelant \u00e0 davantage de moyens, au palais de justice des Batignolles, \u00e0 Paris, le 22 novembre 2022. \" width=\"664\" height=\"443\"> <noscript> <img decoding=\"async\" src=\"https:\/\/www.tribunal-nature.org\/blog\/wp-content\/uploads\/2022\/11\/A-lire-Magistrats-avocats-et-greffiers-ont-manifeste-contre.jpg\" alt=\"Un pr\u00e9sident de cour d\u2019appel (au centre) et des magistrats lors d\u2019un rassemblement du monde judiciaire appelant \u00e0 davantage de moyens, au palais de justice des Batignolles, \u00e0 Paris, le 22 novembre 2022. \"> <\/noscript><figcaption class=\"article__legend\" aria-hidden=\"true\">Un pr\u00e9sident de cour d\u2019appel (au centre) et des magistrats lors d\u2019un rassemblement du monde judiciaire appelant \u00e0 davantage de moyens, au palais de justice des Batignolles, \u00e0 Paris, le 22 novembre 2022.  <span class=\"article__credit\" aria-hidden=\"true\">EMMANUEL DUNAND \/ AFP<\/span>  <\/figcaption><\/figure>\n<p class=\"article__paragraph \">Pour les magistrats, greffiers et avocats, le compte n\u2019y est toujours pas. Un an apr\u00e8s la publication, dans les colonnes du <em>Monde<\/em>, de la\u00a0tribune des 3\u00a0000\u00a0magistrats et d\u2019une centaine de greffiers, qui fustigeait une <em>\u00ab\u00a0justice au rabais\u00a0\u00bb<\/em>,<em> <\/em>une journ\u00e9e de<em> \u00ab\u00a0mobilisation g\u00e9n\u00e9rale\u00a0\u00bb <\/em>a \u00e9t\u00e9 organis\u00e9e, mardi 22\u00a0novembre, par dix-neuf organisations syndicales ou professionnelles. A Paris, rendez-vous a \u00e9t\u00e9 donn\u00e9 devant le tribunal judiciaire, o\u00f9 environ 200 personnes se sont retrouv\u00e9es, \u00e0 la mi-journ\u00e9e.<\/p>\n<p class=\"article__paragraph \">Pour les personnels mobilis\u00e9s, trop peu de choses ont chang\u00e9 en douze mois. Et ce, m\u00eame si le budget conna\u00eet une troisi\u00e8me hausse d\u2019affil\u00e9e et que le ministre de la justice, Eric Dupond-Moretti, a annonc\u00e9, entre autres, le recrutement de 1\u00a0500 magistrats et de 1\u00a0500 greffiers sur le quinquennat.<\/p>\n<p class=\"article__paragraph \"><em>\u00ab\u00a0Un an apr\u00e8s la tribune, la justice n\u2019est toujours pas r\u00e9par\u00e9e, les chiffres ne sont pas bons\u00a0\u00bb<\/em>, avance Ludovic Friat, tout nouveau pr\u00e9sident de l\u2019Union syndicale des magistrats, organisation majoritaire et qui se pr\u00e9sente comme apolitique. <em>\u00ab<\/em>\u00a0<em>On prend en compte les avanc\u00e9es et le fait que le politique s\u2019est saisi du probl\u00e8me. Mais, dans les juridictions, on ne voit pas d\u2019am\u00e9lioration\u00a0\u00bb<\/em>,<em> <\/em>pr\u00e9cise-t-il.<\/p>\n<h2 class=\"article__sub-title\">\u00ab\u00a0Mal-\u00eatre g\u00e9n\u00e9ralis\u00e9\u00a0\u00bb<\/h2>\n<p class=\"article__paragraph \">A ses yeux, la hausse du budget et les recrutements cachent, de la part de la chancellerie, une volont\u00e9 de gagner en <em>\u00ab\u00a0productivit\u00e9\u00a0\u00bb<\/em>. <em>\u00ab\u00a0On ne veut plus un empilement de r\u00e9formes sans les moyens aff\u00e9rents\u00a0\u00bb<\/em>, ajoute-t-il, \u00e9voquant un<em> \u00ab\u00a0mal-\u00eatre g\u00e9n\u00e9ralis\u00e9\u00a0\u00bb<\/em> et un nombre de<em> \u00ab\u00a0burn-out\u00a0\u00bb<\/em> en hausse.<\/p>\n<p class=\"article__paragraph \">Ses coll\u00e8gues du Syndicat de la magistrature (SM, gauche) veulent aussi alerter sur les <em>\u00ab\u00a0moyens insuffisants, malgr\u00e9 les annonces\u00a0\u00bb<\/em>. Sa pr\u00e9sidente, Kim Reuflet, mentionne le <em>\u00ab\u00a0gouffre\u00a0\u00bb <\/em>entre les recrutements annonc\u00e9s par M. Dupond-Moretti et la r\u00e9alit\u00e9 des besoins\u00a0: <em>\u00ab\u00a0Les chefs de juridiction avaient \u00e9valu\u00e9 qu\u2019il manquait 5\u00a0000 magistrats. On est loin du compte\u00a0\u00bb<\/em>, avance M<sup>me<\/sup>\u00a0Reuflet.<\/p>\n<section class=\"catcher catcher--inline\"><span class=\"catcher__title catcher__title--hide\">Lire aussi :<\/span><span class=\"catcher__desc\">  <span class=\"icon__premium\"><span class=\"sr-only\">Article r\u00e9serv\u00e9 \u00e0 nos abonn\u00e9s<\/span><\/span>  R\u00e9unie en congr\u00e8s, l\u2019Union syndicale des magistrats ne d\u00e9sarme pas contre Eric Dupond-Moretti <\/span> <\/section>\n<p class=\"article__paragraph \">Elle d\u00e9plore, comme M. Friat, les <em>\u00ab\u00a0conditions de travail\u00a0tr\u00e8s difficiles\u00a0\u00bb<\/em>, les <em>\u00ab\u00a0audiences qui se terminent \u00e0 2\u00a0heures du matin <\/em>[et]<em> les comparutions imm\u00e9diates \u00e0 la cha\u00eene\u00a0\u00bb<\/em>. Des difficult\u00e9s qui, selon elle, ont de lourdes cons\u00e9quences, notamment en droit civil. <em>\u00ab\u00a0On est surcharg\u00e9s de dossiers et on doit \u00eatre mobilis\u00e9s sur les comparutions imm\u00e9diates. R\u00e9sultat\u00a0: on doit faire des sacrifices, notamment en ce qui concerne le contentieux familial et les prud\u2019hommes.\u00a0\u00bb<\/em><\/p>\n<p class=\"article__paragraph \">Les avocats aussi regrettent le manque de moyens humains, notamment pour la justice prud\u2019homale. <em>\u00ab\u00a0On passe notre temps \u00e0 faire de la proc\u00e9dure. Il faut plus de magistrats et plus de greffiers. Les d\u00e9lais\u00a0sont de plus en plus longs\u00a0\u00bb<\/em>, observe M<sup>e<\/sup> Savine Bernard, du Syndicat des avocats de France.<\/p>\n<p><strong>Il vous reste 42.61% de cet article \u00e0 lire. La suite est r\u00e9serv\u00e9e aux abonn\u00e9s.<\/strong><\/p>\n<\/div>\n<p>Parutions:<\/p>\n<p>Appel \u00e0 la justice de l\u2019\u00c9tat\/Pr\u00e9face,<a target=\"_blank\" rel=\"nofollow\" href=\"https:\/\/www.tribunal-nature.org\/blog\/goto\/https:\/\/fr.wikisource.org\/wiki\/Appel_%C3%A0_la_justice_de_l%E2%80%99%C3%89tat\/Pr%C3%A9face\"  target=\"_blank\" rel=\"noopener noreferrer nofollow\">(la couverture) <\/a><span><\/span>. Disponible \u00e0 l\u2019achat sur les plateformes Amazon, Fnac, Cultura \u2026.<\/p>\n<p>Justice League \u2013 Tome 2 \u2013 L\u2019odyss\u00e9e du mal,<a target=\"_blank\" rel=\"nofollow\" href=\"https:\/\/www.tribunal-nature.org\/blog\/goto\/https:\/\/www.kobo.com\/fr\/fr\/ebook\/justice-league-tome-2-l-odyssee-du-mal\"  target=\"_blank\" rel=\"noopener noreferrer nofollow\">(la couverture) <\/a><span><\/span>.<\/p>\n<p>Petit trait\u00e9 de l\u2019\u00e9crit judiciaire 2008-2009,<a target=\"_blank\" rel=\"nofollow\" href=\"https:\/\/www.tribunal-nature.org\/blog\/goto\/https:\/\/booknode.com\/petit_traite_de_lecrit_judiciaire_2008_2009_039730\"  target=\"_blank\" rel=\"noopener noreferrer nofollow\">(la couverture) <\/a><span><\/span>.<\/p>\n<\/div>\n","protected":false},"excerpt":{"rendered":"<p>Notre \u00e9quipe vient de d\u00e9couvrir cet \u00e9ditorial sur la th\u00e9matique \u00ab\u00a0la justice\u00a0\u00bb. Avec r\u00e9gal nous vous en diffusons l\u2019essentiel ci-dessous&#8230;.<\/p>\n","protected":false},"author":3,"featured_media":313,"comment_status":"closed","ping_status":"closed","sticky":false,"template":"","format":"standard","meta":{"footnotes":""},"categories":[2],"tags":[],"class_list":["post-312","post","type-post","status-publish","format-standard","has-post-thumbnail","hentry","category-droit-de-lenvironnement","wpcat-2-id"],"yoast_head":"<!-- This site is optimized with the Yoast SEO plugin v27.5 - https:\/\/yoast.com\/product\/yoast-seo-wordpress\/ -->\n<title>On revient sur l\u2019\u00e9ditorial : Magistrats, avocats et greffiers ont manifest\u00e9 contre une \u00ab\u00a0justice au rabais\u00a0\u00bb - TRIBUNAL-NATURE<\/title>\n<meta name=\"description\" content=\"On revient sur l\u2019\u00e9ditorial : Magistrats, avocats et greffiers ont manifest\u00e9 contre une \u00ab\u00a0justice au rabais\u00a0\u00bb article de TRIBUNAL-NATURE\" \/>\n<meta name=\"robots\" content=\"index, follow, max-snippet:-1, max-image-preview:large, max-video-preview:-1\" \/>\n<link rel=\"canonical\" href=\"https:\/\/www.tribunal-nature.org\/blog\/on-revient-sur-leditorial-magistrats-avocats-et-greffiers-ont-manifeste-contre-une-justice-au-rabais\/\" \/>\n<meta property=\"og:locale\" content=\"fr_FR\" \/>\n<meta property=\"og:type\" content=\"article\" \/>\n<meta property=\"og:title\" content=\"On revient sur l\u2019\u00e9ditorial : Magistrats, avocats et greffiers ont manifest\u00e9 contre une \u00ab\u00a0justice au rabais\u00a0\u00bb - TRIBUNAL-NATURE\" \/>\n<meta property=\"og:description\" content=\"On revient sur l\u2019\u00e9ditorial : Magistrats, avocats et greffiers ont manifest\u00e9 contre une \u00ab\u00a0justice au rabais\u00a0\u00bb article de TRIBUNAL-NATURE\" \/>\n<meta property=\"og:url\" content=\"https:\/\/www.tribunal-nature.org\/blog\/on-revient-sur-leditorial-magistrats-avocats-et-greffiers-ont-manifeste-contre-une-justice-au-rabais\/\" \/>\n<meta property=\"og:site_name\" content=\"TRIBUNAL-NATURE\" \/>\n<meta property=\"article:published_time\" content=\"2022-11-23T05:06:34+00:00\" \/>\n<meta property=\"og:image\" content=\"https:\/\/www.tribunal-nature.org\/blog\/wp-content\/uploads\/2022\/11\/On-revient-sur-leditorial-Magistrats-avocats-et-greffiers-ont.jpg\" \/>\n<meta name=\"author\" content=\"Isabelle LOUBEAU\" \/>\n<meta name=\"twitter:card\" content=\"summary_large_image\" \/>\n<meta name=\"twitter:label1\" content=\"\u00c9crit par\" \/>\n\t<meta name=\"twitter:data1\" content=\"Isabelle LOUBEAU\" \/>\n\t<meta name=\"twitter:label2\" content=\"Dur\u00e9e de lecture estim\u00e9e\" \/>\n\t<meta name=\"twitter:data2\" content=\"3 minutes\" \/>\n<script type=\"application\/ld+json\" class=\"yoast-schema-graph\">{\"@context\":\"https:\\\/\\\/schema.org\",\"@graph\":[{\"@type\":\"Article\",\"@id\":\"https:\\\/\\\/www.tribunal-nature.org\\\/blog\\\/on-revient-sur-leditorial-magistrats-avocats-et-greffiers-ont-manifeste-contre-une-justice-au-rabais\\\/#article\",\"isPartOf\":{\"@id\":\"https:\\\/\\\/www.tribunal-nature.org\\\/blog\\\/on-revient-sur-leditorial-magistrats-avocats-et-greffiers-ont-manifeste-contre-une-justice-au-rabais\\\/\"},\"author\":{\"name\":\"Isabelle LOUBEAU\",\"@id\":\"https:\\\/\\\/www.tribunal-nature.org\\\/blog\\\/#\\\/schema\\\/person\\\/55761caf7544da6b05b60523f2a0855f\"},\"headline\":\"On revient sur l\u2019\u00e9ditorial : Magistrats, avocats et greffiers ont manifest\u00e9 contre une \u00ab\u00a0justice au rabais\u00a0\u00bb\",\"datePublished\":\"2022-11-23T05:06:34+00:00\",\"mainEntityOfPage\":{\"@id\":\"https:\\\/\\\/www.tribunal-nature.org\\\/blog\\\/on-revient-sur-leditorial-magistrats-avocats-et-greffiers-ont-manifeste-contre-une-justice-au-rabais\\\/\"},\"wordCount\":671,\"publisher\":{\"@id\":\"https:\\\/\\\/www.tribunal-nature.org\\\/blog\\\/#organization\"},\"image\":{\"@id\":\"https:\\\/\\\/www.tribunal-nature.org\\\/blog\\\/on-revient-sur-leditorial-magistrats-avocats-et-greffiers-ont-manifeste-contre-une-justice-au-rabais\\\/#primaryimage\"},\"thumbnailUrl\":\"https:\\\/\\\/www.tribunal-nature.org\\\/blog\\\/wp-content\\\/uploads\\\/2022\\\/11\\\/On-revient-sur-leditorial-Magistrats-avocats-et-greffiers-ont.jpg\",\"articleSection\":[\"Droit De L'Environnement:\"],\"inLanguage\":\"fr-FR\"},{\"@type\":\"WebPage\",\"@id\":\"https:\\\/\\\/www.tribunal-nature.org\\\/blog\\\/on-revient-sur-leditorial-magistrats-avocats-et-greffiers-ont-manifeste-contre-une-justice-au-rabais\\\/\",\"url\":\"https:\\\/\\\/www.tribunal-nature.org\\\/blog\\\/on-revient-sur-leditorial-magistrats-avocats-et-greffiers-ont-manifeste-contre-une-justice-au-rabais\\\/\",\"name\":\"On revient sur l\u2019\u00e9ditorial : Magistrats, avocats et greffiers ont manifest\u00e9 contre une \u00ab\u00a0justice au rabais\u00a0\u00bb - TRIBUNAL-NATURE\",\"isPartOf\":{\"@id\":\"https:\\\/\\\/www.tribunal-nature.org\\\/blog\\\/#website\"},\"primaryImageOfPage\":{\"@id\":\"https:\\\/\\\/www.tribunal-nature.org\\\/blog\\\/on-revient-sur-leditorial-magistrats-avocats-et-greffiers-ont-manifeste-contre-une-justice-au-rabais\\\/#primaryimage\"},\"image\":{\"@id\":\"https:\\\/\\\/www.tribunal-nature.org\\\/blog\\\/on-revient-sur-leditorial-magistrats-avocats-et-greffiers-ont-manifeste-contre-une-justice-au-rabais\\\/#primaryimage\"},\"thumbnailUrl\":\"https:\\\/\\\/www.tribunal-nature.org\\\/blog\\\/wp-content\\\/uploads\\\/2022\\\/11\\\/On-revient-sur-leditorial-Magistrats-avocats-et-greffiers-ont.jpg\",\"datePublished\":\"2022-11-23T05:06:34+00:00\",\"description\":\"On revient sur l\u2019\u00e9ditorial : Magistrats, avocats et greffiers ont manifest\u00e9 contre une \u00ab\u00a0justice au rabais\u00a0\u00bb article de TRIBUNAL-NATURE\",\"breadcrumb\":{\"@id\":\"https:\\\/\\\/www.tribunal-nature.org\\\/blog\\\/on-revient-sur-leditorial-magistrats-avocats-et-greffiers-ont-manifeste-contre-une-justice-au-rabais\\\/#breadcrumb\"},\"inLanguage\":\"fr-FR\",\"potentialAction\":[{\"@type\":\"ReadAction\",\"target\":[\"https:\\\/\\\/www.tribunal-nature.org\\\/blog\\\/on-revient-sur-leditorial-magistrats-avocats-et-greffiers-ont-manifeste-contre-une-justice-au-rabais\\\/\"]}]},{\"@type\":\"ImageObject\",\"inLanguage\":\"fr-FR\",\"@id\":\"https:\\\/\\\/www.tribunal-nature.org\\\/blog\\\/on-revient-sur-leditorial-magistrats-avocats-et-greffiers-ont-manifeste-contre-une-justice-au-rabais\\\/#primaryimage\",\"url\":\"https:\\\/\\\/www.tribunal-nature.org\\\/blog\\\/wp-content\\\/uploads\\\/2022\\\/11\\\/On-revient-sur-leditorial-Magistrats-avocats-et-greffiers-ont.jpg\",\"contentUrl\":\"https:\\\/\\\/www.tribunal-nature.org\\\/blog\\\/wp-content\\\/uploads\\\/2022\\\/11\\\/On-revient-sur-leditorial-Magistrats-avocats-et-greffiers-ont.jpg\",\"width\":664,\"height\":443,\"caption\":\"On revient sur leditorial Magistrats avocats et greffiers ont\"},{\"@type\":\"BreadcrumbList\",\"@id\":\"https:\\\/\\\/www.tribunal-nature.org\\\/blog\\\/on-revient-sur-leditorial-magistrats-avocats-et-greffiers-ont-manifeste-contre-une-justice-au-rabais\\\/#breadcrumb\",\"itemListElement\":[{\"@type\":\"ListItem\",\"position\":1,\"name\":\"Accueil\",\"item\":\"https:\\\/\\\/www.tribunal-nature.org\\\/blog\\\/\"},{\"@type\":\"ListItem\",\"position\":2,\"name\":\"On revient sur l\u2019\u00e9ditorial : Magistrats, avocats et greffiers ont manifest\u00e9 contre une \u00ab\u00a0justice au rabais\u00a0\u00bb\"}]},{\"@type\":\"WebSite\",\"@id\":\"https:\\\/\\\/www.tribunal-nature.org\\\/blog\\\/#website\",\"url\":\"https:\\\/\\\/www.tribunal-nature.org\\\/blog\\\/\",\"name\":\"TRIBUNAL-NATURE\",\"description\":\"Droit De L&#039;Environnement.\",\"publisher\":{\"@id\":\"https:\\\/\\\/www.tribunal-nature.org\\\/blog\\\/#organization\"},\"potentialAction\":[{\"@type\":\"SearchAction\",\"target\":{\"@type\":\"EntryPoint\",\"urlTemplate\":\"https:\\\/\\\/www.tribunal-nature.org\\\/blog\\\/?s={search_term_string}\"},\"query-input\":{\"@type\":\"PropertyValueSpecification\",\"valueRequired\":true,\"valueName\":\"search_term_string\"}}],\"inLanguage\":\"fr-FR\"},{\"@type\":\"Organization\",\"@id\":\"https:\\\/\\\/www.tribunal-nature.org\\\/blog\\\/#organization\",\"name\":\"tribunal-nature\",\"url\":\"https:\\\/\\\/www.tribunal-nature.org\\\/blog\\\/\",\"logo\":{\"@type\":\"ImageObject\",\"inLanguage\":\"fr-FR\",\"@id\":\"https:\\\/\\\/www.tribunal-nature.org\\\/blog\\\/#\\\/schema\\\/logo\\\/image\\\/\",\"url\":\"https:\\\/\\\/www.tribunal-nature.org\\\/blog\\\/wp-content\\\/uploads\\\/2022\\\/05\\\/logo-2.png\",\"contentUrl\":\"https:\\\/\\\/www.tribunal-nature.org\\\/blog\\\/wp-content\\\/uploads\\\/2022\\\/05\\\/logo-2.png\",\"width\":180,\"height\":180,\"caption\":\"tribunal-nature\"},\"image\":{\"@id\":\"https:\\\/\\\/www.tribunal-nature.org\\\/blog\\\/#\\\/schema\\\/logo\\\/image\\\/\"}},{\"@type\":\"Person\",\"@id\":\"https:\\\/\\\/www.tribunal-nature.org\\\/blog\\\/#\\\/schema\\\/person\\\/55761caf7544da6b05b60523f2a0855f\",\"name\":\"Isabelle LOUBEAU\",\"image\":{\"@type\":\"ImageObject\",\"inLanguage\":\"fr-FR\",\"@id\":\"https:\\\/\\\/secure.gravatar.com\\\/avatar\\\/b6912620aca78633bf5d50400888815d3b38a1118e82b94050843f411f3f5972?s=96&d=mm&r=g\",\"url\":\"https:\\\/\\\/secure.gravatar.com\\\/avatar\\\/b6912620aca78633bf5d50400888815d3b38a1118e82b94050843f411f3f5972?s=96&d=mm&r=g\",\"contentUrl\":\"https:\\\/\\\/secure.gravatar.com\\\/avatar\\\/b6912620aca78633bf5d50400888815d3b38a1118e82b94050843f411f3f5972?s=96&d=mm&r=g\",\"caption\":\"Isabelle LOUBEAU\"},\"url\":\"https:\\\/\\\/www.tribunal-nature.org\\\/blog\\\/author\\\/ureisabelle\\\/\"}]}<\/script>\n<!-- \/ Yoast SEO plugin. -->","yoast_head_json":{"title":"On revient sur l\u2019\u00e9ditorial : Magistrats, avocats et greffiers ont manifest\u00e9 contre une \u00ab\u00a0justice au rabais\u00a0\u00bb - TRIBUNAL-NATURE","description":"On revient sur l\u2019\u00e9ditorial : Magistrats, avocats et greffiers ont manifest\u00e9 contre une \u00ab\u00a0justice au rabais\u00a0\u00bb article de TRIBUNAL-NATURE","robots":{"index":"index","follow":"follow","max-snippet":"max-snippet:-1","max-image-preview":"max-image-preview:large","max-video-preview":"max-video-preview:-1"},"canonical":"https:\/\/www.tribunal-nature.org\/blog\/on-revient-sur-leditorial-magistrats-avocats-et-greffiers-ont-manifeste-contre-une-justice-au-rabais\/","og_locale":"fr_FR","og_type":"article","og_title":"On revient sur l\u2019\u00e9ditorial : Magistrats, avocats et greffiers ont manifest\u00e9 contre une \u00ab\u00a0justice au rabais\u00a0\u00bb - TRIBUNAL-NATURE","og_description":"On revient sur l\u2019\u00e9ditorial : Magistrats, avocats et greffiers ont manifest\u00e9 contre une \u00ab\u00a0justice au rabais\u00a0\u00bb article de TRIBUNAL-NATURE","og_url":"https:\/\/www.tribunal-nature.org\/blog\/on-revient-sur-leditorial-magistrats-avocats-et-greffiers-ont-manifeste-contre-une-justice-au-rabais\/","og_site_name":"TRIBUNAL-NATURE","article_published_time":"2022-11-23T05:06:34+00:00","og_image":[{"url":"https:\/\/www.tribunal-nature.org\/blog\/wp-content\/uploads\/2022\/11\/On-revient-sur-leditorial-Magistrats-avocats-et-greffiers-ont.jpg","type":"","width":"","height":""}],"author":"Isabelle LOUBEAU","twitter_card":"summary_large_image","twitter_misc":{"\u00c9crit par":"Isabelle LOUBEAU","Dur\u00e9e de lecture estim\u00e9e":"3 minutes"},"schema":{"@context":"https:\/\/schema.org","@graph":[{"@type":"Article","@id":"https:\/\/www.tribunal-nature.org\/blog\/on-revient-sur-leditorial-magistrats-avocats-et-greffiers-ont-manifeste-contre-une-justice-au-rabais\/#article","isPartOf":{"@id":"https:\/\/www.tribunal-nature.org\/blog\/on-revient-sur-leditorial-magistrats-avocats-et-greffiers-ont-manifeste-contre-une-justice-au-rabais\/"},"author":{"name":"Isabelle LOUBEAU","@id":"https:\/\/www.tribunal-nature.org\/blog\/#\/schema\/person\/55761caf7544da6b05b60523f2a0855f"},"headline":"On revient sur l\u2019\u00e9ditorial : Magistrats, avocats et greffiers ont manifest\u00e9 contre une \u00ab\u00a0justice au rabais\u00a0\u00bb","datePublished":"2022-11-23T05:06:34+00:00","mainEntityOfPage":{"@id":"https:\/\/www.tribunal-nature.org\/blog\/on-revient-sur-leditorial-magistrats-avocats-et-greffiers-ont-manifeste-contre-une-justice-au-rabais\/"},"wordCount":671,"publisher":{"@id":"https:\/\/www.tribunal-nature.org\/blog\/#organization"},"image":{"@id":"https:\/\/www.tribunal-nature.org\/blog\/on-revient-sur-leditorial-magistrats-avocats-et-greffiers-ont-manifeste-contre-une-justice-au-rabais\/#primaryimage"},"thumbnailUrl":"https:\/\/www.tribunal-nature.org\/blog\/wp-content\/uploads\/2022\/11\/On-revient-sur-leditorial-Magistrats-avocats-et-greffiers-ont.jpg","articleSection":["Droit De L'Environnement:"],"inLanguage":"fr-FR"},{"@type":"WebPage","@id":"https:\/\/www.tribunal-nature.org\/blog\/on-revient-sur-leditorial-magistrats-avocats-et-greffiers-ont-manifeste-contre-une-justice-au-rabais\/","url":"https:\/\/www.tribunal-nature.org\/blog\/on-revient-sur-leditorial-magistrats-avocats-et-greffiers-ont-manifeste-contre-une-justice-au-rabais\/","name":"On revient sur l\u2019\u00e9ditorial : Magistrats, avocats et greffiers ont manifest\u00e9 contre une \u00ab\u00a0justice au rabais\u00a0\u00bb - TRIBUNAL-NATURE","isPartOf":{"@id":"https:\/\/www.tribunal-nature.org\/blog\/#website"},"primaryImageOfPage":{"@id":"https:\/\/www.tribunal-nature.org\/blog\/on-revient-sur-leditorial-magistrats-avocats-et-greffiers-ont-manifeste-contre-une-justice-au-rabais\/#primaryimage"},"image":{"@id":"https:\/\/www.tribunal-nature.org\/blog\/on-revient-sur-leditorial-magistrats-avocats-et-greffiers-ont-manifeste-contre-une-justice-au-rabais\/#primaryimage"},"thumbnailUrl":"https:\/\/www.tribunal-nature.org\/blog\/wp-content\/uploads\/2022\/11\/On-revient-sur-leditorial-Magistrats-avocats-et-greffiers-ont.jpg","datePublished":"2022-11-23T05:06:34+00:00","description":"On revient sur l\u2019\u00e9ditorial : Magistrats, avocats et greffiers ont manifest\u00e9 contre une \u00ab\u00a0justice au rabais\u00a0\u00bb article de TRIBUNAL-NATURE","breadcrumb":{"@id":"https:\/\/www.tribunal-nature.org\/blog\/on-revient-sur-leditorial-magistrats-avocats-et-greffiers-ont-manifeste-contre-une-justice-au-rabais\/#breadcrumb"},"inLanguage":"fr-FR","potentialAction":[{"@type":"ReadAction","target":["https:\/\/www.tribunal-nature.org\/blog\/on-revient-sur-leditorial-magistrats-avocats-et-greffiers-ont-manifeste-contre-une-justice-au-rabais\/"]}]},{"@type":"ImageObject","inLanguage":"fr-FR","@id":"https:\/\/www.tribunal-nature.org\/blog\/on-revient-sur-leditorial-magistrats-avocats-et-greffiers-ont-manifeste-contre-une-justice-au-rabais\/#primaryimage","url":"https:\/\/www.tribunal-nature.org\/blog\/wp-content\/uploads\/2022\/11\/On-revient-sur-leditorial-Magistrats-avocats-et-greffiers-ont.jpg","contentUrl":"https:\/\/www.tribunal-nature.org\/blog\/wp-content\/uploads\/2022\/11\/On-revient-sur-leditorial-Magistrats-avocats-et-greffiers-ont.jpg","width":664,"height":443,"caption":"On revient sur leditorial Magistrats avocats et greffiers ont"},{"@type":"BreadcrumbList","@id":"https:\/\/www.tribunal-nature.org\/blog\/on-revient-sur-leditorial-magistrats-avocats-et-greffiers-ont-manifeste-contre-une-justice-au-rabais\/#breadcrumb","itemListElement":[{"@type":"ListItem","position":1,"name":"Accueil","item":"https:\/\/www.tribunal-nature.org\/blog\/"},{"@type":"ListItem","position":2,"name":"On revient sur l\u2019\u00e9ditorial : Magistrats, avocats et greffiers ont manifest\u00e9 contre une \u00ab\u00a0justice au rabais\u00a0\u00bb"}]},{"@type":"WebSite","@id":"https:\/\/www.tribunal-nature.org\/blog\/#website","url":"https:\/\/www.tribunal-nature.org\/blog\/","name":"TRIBUNAL-NATURE","description":"Droit De L&#039;Environnement.","publisher":{"@id":"https:\/\/www.tribunal-nature.org\/blog\/#organization"},"potentialAction":[{"@type":"SearchAction","target":{"@type":"EntryPoint","urlTemplate":"https:\/\/www.tribunal-nature.org\/blog\/?s={search_term_string}"},"query-input":{"@type":"PropertyValueSpecification","valueRequired":true,"valueName":"search_term_string"}}],"inLanguage":"fr-FR"},{"@type":"Organization","@id":"https:\/\/www.tribunal-nature.org\/blog\/#organization","name":"tribunal-nature","url":"https:\/\/www.tribunal-nature.org\/blog\/","logo":{"@type":"ImageObject","inLanguage":"fr-FR","@id":"https:\/\/www.tribunal-nature.org\/blog\/#\/schema\/logo\/image\/","url":"https:\/\/www.tribunal-nature.org\/blog\/wp-content\/uploads\/2022\/05\/logo-2.png","contentUrl":"https:\/\/www.tribunal-nature.org\/blog\/wp-content\/uploads\/2022\/05\/logo-2.png","width":180,"height":180,"caption":"tribunal-nature"},"image":{"@id":"https:\/\/www.tribunal-nature.org\/blog\/#\/schema\/logo\/image\/"}},{"@type":"Person","@id":"https:\/\/www.tribunal-nature.org\/blog\/#\/schema\/person\/55761caf7544da6b05b60523f2a0855f","name":"Isabelle LOUBEAU","image":{"@type":"ImageObject","inLanguage":"fr-FR","@id":"https:\/\/secure.gravatar.com\/avatar\/b6912620aca78633bf5d50400888815d3b38a1118e82b94050843f411f3f5972?s=96&d=mm&r=g","url":"https:\/\/secure.gravatar.com\/avatar\/b6912620aca78633bf5d50400888815d3b38a1118e82b94050843f411f3f5972?s=96&d=mm&r=g","contentUrl":"https:\/\/secure.gravatar.com\/avatar\/b6912620aca78633bf5d50400888815d3b38a1118e82b94050843f411f3f5972?s=96&d=mm&r=g","caption":"Isabelle LOUBEAU"},"url":"https:\/\/www.tribunal-nature.org\/blog\/author\/ureisabelle\/"}]}},"_links":{"self":[{"href":"https:\/\/www.tribunal-nature.org\/blog\/wp-json\/wp\/v2\/posts\/312","targetHints":{"allow":["GET"]}}],"collection":[{"href":"https:\/\/www.tribunal-nature.org\/blog\/wp-json\/wp\/v2\/posts"}],"about":[{"href":"https:\/\/www.tribunal-nature.org\/blog\/wp-json\/wp\/v2\/types\/post"}],"author":[{"embeddable":true,"href":"https:\/\/www.tribunal-nature.org\/blog\/wp-json\/wp\/v2\/users\/3"}],"replies":[{"embeddable":true,"href":"https:\/\/www.tribunal-nature.org\/blog\/wp-json\/wp\/v2\/comments?post=312"}],"version-history":[{"count":0,"href":"https:\/\/www.tribunal-nature.org\/blog\/wp-json\/wp\/v2\/posts\/312\/revisions"}],"wp:featuredmedia":[{"embeddable":true,"href":"https:\/\/www.tribunal-nature.org\/blog\/wp-json\/wp\/v2\/media\/313"}],"wp:attachment":[{"href":"https:\/\/www.tribunal-nature.org\/blog\/wp-json\/wp\/v2\/media?parent=312"}],"wp:term":[{"taxonomy":"category","embeddable":true,"href":"https:\/\/www.tribunal-nature.org\/blog\/wp-json\/wp\/v2\/categories?post=312"},{"taxonomy":"post_tag","embeddable":true,"href":"https:\/\/www.tribunal-nature.org\/blog\/wp-json\/wp\/v2\/tags?post=312"}],"curies":[{"name":"wp","href":"https:\/\/api.w.org\/{rel}","templated":true}]}}