{"id":309,"date":"2022-11-21T15:11:36","date_gmt":"2022-11-21T14:11:36","guid":{"rendered":"https:\/\/www.tribunal-nature.org\/blog\/des-records-legislatifs-en-baisse-en-islande-au-liechtenstein-et-en-norvege-concernant-le-droit-du-marche-interieur-en-vertu-des-regles-de-leee\/"},"modified":"2022-11-21T15:11:36","modified_gmt":"2022-11-21T14:11:36","slug":"des-records-legislatifs-en-baisse-en-islande-au-liechtenstein-et-en-norvege-concernant-le-droit-du-marche-interieur-en-vertu-des-regles-de-leee","status":"publish","type":"post","link":"https:\/\/www.tribunal-nature.org\/blog\/des-records-legislatifs-en-baisse-en-islande-au-liechtenstein-et-en-norvege-concernant-le-droit-du-marche-interieur-en-vertu-des-regles-de-leee\/","title":{"rendered":"Des records l\u00e9gislatifs en baisse en Islande, au Liechtenstein et en Norv\u00e8ge concernant le droit du march\u00e9 int\u00e9rieur en vertu des r\u00e8gles de l\u2019EEE"},"content":{"rendered":"<div>\n<div><meta charset=\"utf-8\"><meta http-equiv=\"x-ua-compatible\" content=\"ie=edge\"><meta name=\"viewport\" content=\"width=device-width, initial-scale=1\"><link href=\"https:\/\/eulawlive.com\/app\/images\/favicon.png\" rel=\"icon\"><meta property=\"twitter:image\" content=\"https:\/\/eulawlive.com\/app\/uploads\/linkedin_new.png\"><meta property=\"og:image\" name=\"og:image\" content=\"https:\/\/eulawlive.com\/app\/uploads\/linkedin_new.png\"><meta name=\"twitter:image\" content=\"https:\/\/eulawlive.com\/app\/uploads\/linkedin_new.png\"><meta name=\"og:image\" content=\"https:\/\/eulawlive.com\/app\/uploads\/linkedin_new.png\"><link type=\"text\/css\" media=\"all\" href=\"https:\/\/eulawlive.com\/app\/cache\/autoptimize\/css\/autoptimize_48d85061040b350e4007fca2eb9a8adc.css\" rel=\"stylesheet\"><title>Les records l\u00e9gislatifs de l\u2019Islande, du Liechtenstein et de la Norv\u00e8ge en baisse concernant le droit du march\u00e9 int\u00e9rieur conform\u00e9ment aux r\u00e8gles de l\u2019EEE \u2013 EU Law Live<\/title><meta name=\"robots\" content=\"max-snippet:-1, max-image-preview:large, max-video-preview:-1\"><link rel=\"canonical\" href=\"https:\/\/eulawlive.com\/slipping-legislative-records-of-iceland-liechtenstein-and-norway-concerning-internal-market-law-under-eea-rules\/\"><meta property=\"og:locale\" content=\"en_GB\"><meta property=\"og:type\" content=\"article\"><meta property=\"og:title\" content=\"Slipping legislative records of Iceland, Liechtenstein and Norway concerning Internal Market law under EEA rules - EU Law Live\"><meta property=\"og:description\" content=\"The EFTA Surveillance Authority has observed that Iceland, Liechtenstein and Norway have still not implemented many Directives (and Regulations where relevant) in their national legal systems, as required under \u2026 \u00a0 Read more\"><meta property=\"og:url\" content=\"https:\/\/eulawlive.com\/slipping-legislative-records-of-iceland-liechtenstein-and-norway-concerning-internal-market-law-under-eea-rules\/\"><meta property=\"og:site_name\" content=\"EU Law Live\"><meta property=\"article:tag\" content=\"News\"><meta property=\"article:section\" content=\"Internal Market\"><meta property=\"article:published_time\" content=\"2022-11-21T12:00:57+00:00\"><meta property=\"article:modified_time\" content=\"2022-11-21T11:17:52+00:00\"><meta property=\"og:updated_time\" content=\"2022-11-21T11:17:52+00:00\"><meta property=\"og:image\" content=\"https:\/\/eulawlive.com\/app\/uploads\/linkedin_new.png\"><meta property=\"og:image:secure_url\" content=\"https:\/\/eulawlive.com\/app\/uploads\/linkedin_new.png\"><meta property=\"og:image:width\" content=\"494\"><meta property=\"og:image:height\" content=\"237\"><link rel=\"dns-prefetch\" href=\"https:\/\/code.jquery.com\"><meta property=\"og:image\" content=\"https:\/\/eulawlive.com\/logo-final.jpg\"><meta property=\"twitter:image\" content=\"https:\/\/eulawlive.com\/app\/uploads\/linkedin_new.png\"><meta property=\"og:image\" name=\"og:image\" content=\"https:\/\/eulawlive.com\/app\/uploads\/linkedin_new.png\"><meta name=\"twitter:image\" content=\"https:\/\/eulawlive.com\/app\/uploads\/linkedin_new.png\"><meta name=\"og:image\" content=\"https:\/\/eulawlive.com\/app\/uploads\/linkedin_new.png\"> <noscript><iframe loading=\"lazy\" src=\"https:\/\/www.googletagmanager.com\/ns.html?id=GTM-MGMJW89\" height=\"0\" width=\"0\" style=\"display:none;visibility:hidden\"><\/iframe><\/noscript>   <\/p>\n<div class=\"wrap\" role=\"document\">\n<div class=\"content\"> <main class=\"main\" style=\"background: url('https:\/\/eulawlive.com\/app\/images\/fondo-body-up.png');background-repeat: no-repeat;background-position: top center;background-size: 918px;\"> <\/p>\n<div class=\"container contenidos-editor-posts\">\n<div class=\"row\">\n<div class=\"col-12 col-lg-11 mx-auto\">\n<div class=\"d-none d-lg-block\">\n<div class=\"fz-10 ff-titilliumweb bg-light border user-post-cat text-center ml-4 mt-4 mt-xl-0 ml-xl-0 d-none\">\n<div class=\"position-relative h-100\">\n<div class=\"position-absolute center-all w-100\">\n<div class=\"pt-1\"> <img decoding=\"async\" class=\"user-image-post-cat mb-2 img-fluid\" src=\"https:\/\/www.tribunal-nature.org\/blog\/wp-content\/uploads\/2022\/11\/1652271694_428_Le-Tribunal-confirme-partiellement-la-demande-denrichissement-sans-cause-de.png\"> <img decoding=\"async\" class=\"user-image-post-cat mb-2 img-fluid\" src=\"https:\/\/www.tribunal-nature.org\/blog\/wp-content\/uploads\/2022\/11\/AG-Campos-Sanchez-Bordona-en-vertu-du-droit-de-lUE-les.png\"> <\/div>\n<\/div>\n<\/div>\n<\/div>\n<\/div>\n<div class=\"row d-lg-none\">\n<div class=\"col-lg-11\">\n<div class=\"fz-10 ff-titilliumweb user-post-cat text-center mt-4 mt-xl-0 d-none\">\n<div class=\"position-relative h-100\">\n<div class=\"position-absolute center-all w-100\">\n<div class=\"pt-1\"> <img decoding=\"async\" class=\"user-image-post-cat mb-2 img-fluid\" src=\"https:\/\/www.tribunal-nature.org\/blog\/wp-content\/uploads\/2022\/11\/1652271694_428_Le-Tribunal-confirme-partiellement-la-demande-denrichissement-sans-cause-de.png\"><img decoding=\"async\" class=\"user-image-post-cat mb-2 img-fluid\" src=\"https:\/\/www.tribunal-nature.org\/blog\/wp-content\/uploads\/2022\/11\/AG-Campos-Sanchez-Bordona-en-vertu-du-droit-de-lUE-les.png\"> <\/div>\n<\/div>\n<\/div>\n<\/div>\n<\/div>\n<\/div>\n<div class=\"row\">\n<div class=\"col-12 col-lg-10 mx-auto border-md-left mb-5\">\n<div class=\"row\">\n<p> <span class=\"text-gray ff-titilliumweb text-uppercase pr-2\">    21 novembre 2022 <\/span> <\/p>\n<p> <span class=\"text-primary ff-titilliumweb text-uppercase\">    droit institutionnel <i class=\"fa fa-circle text-primary fz-4 pr-2 pl-1\" aria-hidden=\"true\" style=\"vertical-align: 3px;\"><\/i>March\u00e9 interne <\/span> <\/p>\n<\/div>\n<div class=\"row\">\n<div class=\"col-12 col-md-11 ml-md-auto\">\n<div class=\"ff-titilliumweb text-justify position-relative no-content\">\n<div class=\"no-pointer\">\n<p>Dans son 50e tableau d\u2019affichage du march\u00e9 int\u00e9rieur, l\u2019Autorit\u00e9 de surveillance AELE a observ\u00e9 que l\u2019Islande, le Liechtenstein et la Norv\u00e8ge n\u2019avaient toujours pas transpos\u00e9 de nombreuses directives (et r\u00e8glements, le cas \u00e9ch\u00e9ant) dans leurs syst\u00e8mes juridiques nationaux, comme l\u2019exige l\u2019accord EEE.<\/p>\n<p>Il rappelle que la transposition de la l\u00e9gislation relative au march\u00e9 int\u00e9rieur dans les d\u00e9lais convenus est importante pour pr\u00e9server la croissance et les emplois au sein du march\u00e9 int\u00e9rieur, atteindre les objectifs politiques et prot\u00e9ger son homog\u00e9n\u00e9it\u00e9.<\/p>\n<p>Le tableau de bord montre un \u00ab\u00a0d\u00e9ficit de transposition\u00a0\u00bb de 1,3\u00a0%, d\u00e9crit comme le \u00ab\u00a0le plus \u00e9lev\u00e9 depuis novembre 2014\u00a0\u00bb.<\/p>\n<p>L\u2019Islande est notamment point\u00e9e du doigt pour sa non-transposition de certaines directives sur les services financiers, ainsi que sur l\u2019alimentation et la f<\/p>\n<\/div>\n<\/div>\n<\/div>\n<\/div>\n<\/div>\n<\/div>\n<\/div>\n<\/div>\n<\/div>\n<p><\/main> <\/div>\n<\/div>\n<div id=\"cookies-hidden\" class=\"position-fixed bg-white py-1 px-3 overflow-x-hidden pointer\" style=\"right: 0; bottom: 0;border: 1px solid var(--primary);\" data-toggle=\"modal\" data-target=\"#configCookies\"> <img decoding=\"async\" class=\"d-inline-block\" src=\"https:\/\/www.tribunal-nature.org\/blog\/wp-content\/uploads\/2022\/11\/La-Commission-envoie-une-communication-des-griefs-a-Apple-sur.png\" style=\"max-width: 18px;\"> <span class=\"text-primary fz-18 pl-2\">biscuits<\/span> <\/div>\n<\/p>\n<\/div>\n<\/div>\n","protected":false},"excerpt":{"rendered":"<p>Les records l\u00e9gislatifs de l\u2019Islande, du Liechtenstein et de la Norv\u00e8ge en baisse concernant le droit du march\u00e9 int\u00e9rieur conform\u00e9ment&#8230;<\/p>\n","protected":false},"author":3,"featured_media":310,"comment_status":"closed","ping_status":"closed","sticky":false,"template":"","format":"standard","meta":{"footnotes":""},"categories":[2],"tags":[],"class_list":["post-309","post","type-post","status-publish","format-standard","has-post-thumbnail","hentry","category-droit-de-lenvironnement","wpcat-2-id"],"yoast_head":"<!-- This site is optimized with the Yoast SEO plugin v27.5 - https:\/\/yoast.com\/product\/yoast-seo-wordpress\/ -->\n<title>Des records l\u00e9gislatifs en baisse en Islande, au Liechtenstein et en Norv\u00e8ge concernant le droit du march\u00e9 int\u00e9rieur en vertu des r\u00e8gles de l\u2019EEE - TRIBUNAL-NATURE<\/title>\n<meta name=\"description\" content=\"Des records l\u00e9gislatifs en baisse en Islande, au Liechtenstein et en Norv\u00e8ge concernant le droit du march\u00e9 int\u00e9rieur en vertu des r\u00e8gles de l\u2019EEE article de TRIBUNAL-NATURE\" \/>\n<meta name=\"robots\" content=\"index, follow, max-snippet:-1, max-image-preview:large, max-video-preview:-1\" \/>\n<link rel=\"canonical\" href=\"https:\/\/www.tribunal-nature.org\/blog\/des-records-legislatifs-en-baisse-en-islande-au-liechtenstein-et-en-norvege-concernant-le-droit-du-marche-interieur-en-vertu-des-regles-de-leee\/\" \/>\n<meta property=\"og:locale\" content=\"fr_FR\" \/>\n<meta property=\"og:type\" content=\"article\" \/>\n<meta property=\"og:title\" content=\"Des records l\u00e9gislatifs en baisse en Islande, au Liechtenstein et en Norv\u00e8ge concernant le droit du march\u00e9 int\u00e9rieur en vertu des r\u00e8gles de l\u2019EEE - TRIBUNAL-NATURE\" \/>\n<meta property=\"og:description\" content=\"Des records l\u00e9gislatifs en baisse en Islande, au Liechtenstein et en Norv\u00e8ge concernant le droit du march\u00e9 int\u00e9rieur en vertu des r\u00e8gles de l\u2019EEE article de TRIBUNAL-NATURE\" \/>\n<meta property=\"og:url\" content=\"https:\/\/www.tribunal-nature.org\/blog\/des-records-legislatifs-en-baisse-en-islande-au-liechtenstein-et-en-norvege-concernant-le-droit-du-marche-interieur-en-vertu-des-regles-de-leee\/\" \/>\n<meta property=\"og:site_name\" content=\"TRIBUNAL-NATURE\" \/>\n<meta property=\"article:published_time\" content=\"2022-11-21T14:11:36+00:00\" \/>\n<meta property=\"og:image\" content=\"https:\/\/www.tribunal-nature.org\/blog\/wp-content\/uploads\/2022\/11\/1652271694_428_Le-Tribunal-confirme-partiellement-la-demande-denrichissement-sans-cause-de.png\" \/>\n<meta name=\"author\" content=\"Isabelle LOUBEAU\" \/>\n<meta name=\"twitter:card\" content=\"summary_large_image\" \/>\n<meta name=\"twitter:label1\" content=\"\u00c9crit par\" \/>\n\t<meta name=\"twitter:data1\" content=\"Isabelle LOUBEAU\" \/>\n\t<meta name=\"twitter:label2\" content=\"Dur\u00e9e de lecture estim\u00e9e\" \/>\n\t<meta name=\"twitter:data2\" content=\"1 minute\" \/>\n<script type=\"application\/ld+json\" class=\"yoast-schema-graph\">{\"@context\":\"https:\\\/\\\/schema.org\",\"@graph\":[{\"@type\":\"Article\",\"@id\":\"https:\\\/\\\/www.tribunal-nature.org\\\/blog\\\/des-records-legislatifs-en-baisse-en-islande-au-liechtenstein-et-en-norvege-concernant-le-droit-du-marche-interieur-en-vertu-des-regles-de-leee\\\/#article\",\"isPartOf\":{\"@id\":\"https:\\\/\\\/www.tribunal-nature.org\\\/blog\\\/des-records-legislatifs-en-baisse-en-islande-au-liechtenstein-et-en-norvege-concernant-le-droit-du-marche-interieur-en-vertu-des-regles-de-leee\\\/\"},\"author\":{\"name\":\"Isabelle LOUBEAU\",\"@id\":\"https:\\\/\\\/www.tribunal-nature.org\\\/blog\\\/#\\\/schema\\\/person\\\/55761caf7544da6b05b60523f2a0855f\"},\"headline\":\"Des records l\u00e9gislatifs en baisse en Islande, au Liechtenstein et en Norv\u00e8ge concernant le droit du march\u00e9 int\u00e9rieur en vertu des r\u00e8gles de l\u2019EEE\",\"datePublished\":\"2022-11-21T14:11:36+00:00\",\"mainEntityOfPage\":{\"@id\":\"https:\\\/\\\/www.tribunal-nature.org\\\/blog\\\/des-records-legislatifs-en-baisse-en-islande-au-liechtenstein-et-en-norvege-concernant-le-droit-du-marche-interieur-en-vertu-des-regles-de-leee\\\/\"},\"wordCount\":214,\"publisher\":{\"@id\":\"https:\\\/\\\/www.tribunal-nature.org\\\/blog\\\/#organization\"},\"image\":{\"@id\":\"https:\\\/\\\/www.tribunal-nature.org\\\/blog\\\/des-records-legislatifs-en-baisse-en-islande-au-liechtenstein-et-en-norvege-concernant-le-droit-du-marche-interieur-en-vertu-des-regles-de-leee\\\/#primaryimage\"},\"thumbnailUrl\":\"https:\\\/\\\/www.tribunal-nature.org\\\/blog\\\/wp-content\\\/uploads\\\/2022\\\/11\\\/1652271694_428_Le-Tribunal-confirme-partiellement-la-demande-denrichissement-sans-cause-de.png\",\"articleSection\":[\"Droit De L'Environnement:\"],\"inLanguage\":\"fr-FR\"},{\"@type\":\"WebPage\",\"@id\":\"https:\\\/\\\/www.tribunal-nature.org\\\/blog\\\/des-records-legislatifs-en-baisse-en-islande-au-liechtenstein-et-en-norvege-concernant-le-droit-du-marche-interieur-en-vertu-des-regles-de-leee\\\/\",\"url\":\"https:\\\/\\\/www.tribunal-nature.org\\\/blog\\\/des-records-legislatifs-en-baisse-en-islande-au-liechtenstein-et-en-norvege-concernant-le-droit-du-marche-interieur-en-vertu-des-regles-de-leee\\\/\",\"name\":\"Des records l\u00e9gislatifs en baisse en Islande, au Liechtenstein et en Norv\u00e8ge concernant le droit du march\u00e9 int\u00e9rieur en vertu des r\u00e8gles de l\u2019EEE - TRIBUNAL-NATURE\",\"isPartOf\":{\"@id\":\"https:\\\/\\\/www.tribunal-nature.org\\\/blog\\\/#website\"},\"primaryImageOfPage\":{\"@id\":\"https:\\\/\\\/www.tribunal-nature.org\\\/blog\\\/des-records-legislatifs-en-baisse-en-islande-au-liechtenstein-et-en-norvege-concernant-le-droit-du-marche-interieur-en-vertu-des-regles-de-leee\\\/#primaryimage\"},\"image\":{\"@id\":\"https:\\\/\\\/www.tribunal-nature.org\\\/blog\\\/des-records-legislatifs-en-baisse-en-islande-au-liechtenstein-et-en-norvege-concernant-le-droit-du-marche-interieur-en-vertu-des-regles-de-leee\\\/#primaryimage\"},\"thumbnailUrl\":\"https:\\\/\\\/www.tribunal-nature.org\\\/blog\\\/wp-content\\\/uploads\\\/2022\\\/11\\\/1652271694_428_Le-Tribunal-confirme-partiellement-la-demande-denrichissement-sans-cause-de.png\",\"datePublished\":\"2022-11-21T14:11:36+00:00\",\"description\":\"Des records l\u00e9gislatifs en baisse en Islande, au Liechtenstein et en Norv\u00e8ge concernant le droit du march\u00e9 int\u00e9rieur en vertu des r\u00e8gles de l\u2019EEE article de TRIBUNAL-NATURE\",\"breadcrumb\":{\"@id\":\"https:\\\/\\\/www.tribunal-nature.org\\\/blog\\\/des-records-legislatifs-en-baisse-en-islande-au-liechtenstein-et-en-norvege-concernant-le-droit-du-marche-interieur-en-vertu-des-regles-de-leee\\\/#breadcrumb\"},\"inLanguage\":\"fr-FR\",\"potentialAction\":[{\"@type\":\"ReadAction\",\"target\":[\"https:\\\/\\\/www.tribunal-nature.org\\\/blog\\\/des-records-legislatifs-en-baisse-en-islande-au-liechtenstein-et-en-norvege-concernant-le-droit-du-marche-interieur-en-vertu-des-regles-de-leee\\\/\"]}]},{\"@type\":\"ImageObject\",\"inLanguage\":\"fr-FR\",\"@id\":\"https:\\\/\\\/www.tribunal-nature.org\\\/blog\\\/des-records-legislatifs-en-baisse-en-islande-au-liechtenstein-et-en-norvege-concernant-le-droit-du-marche-interieur-en-vertu-des-regles-de-leee\\\/#primaryimage\",\"url\":\"https:\\\/\\\/www.tribunal-nature.org\\\/blog\\\/wp-content\\\/uploads\\\/2022\\\/11\\\/1652271694_428_Le-Tribunal-confirme-partiellement-la-demande-denrichissement-sans-cause-de.png\",\"contentUrl\":\"https:\\\/\\\/www.tribunal-nature.org\\\/blog\\\/wp-content\\\/uploads\\\/2022\\\/11\\\/1652271694_428_Le-Tribunal-confirme-partiellement-la-demande-denrichissement-sans-cause-de.png\",\"width\":80,\"height\":80,\"caption\":\"1652271694 428 Le Tribunal confirme partiellement la demande denrichissement sans cause de\"},{\"@type\":\"BreadcrumbList\",\"@id\":\"https:\\\/\\\/www.tribunal-nature.org\\\/blog\\\/des-records-legislatifs-en-baisse-en-islande-au-liechtenstein-et-en-norvege-concernant-le-droit-du-marche-interieur-en-vertu-des-regles-de-leee\\\/#breadcrumb\",\"itemListElement\":[{\"@type\":\"ListItem\",\"position\":1,\"name\":\"Accueil\",\"item\":\"https:\\\/\\\/www.tribunal-nature.org\\\/blog\\\/\"},{\"@type\":\"ListItem\",\"position\":2,\"name\":\"Des records l\u00e9gislatifs en baisse en Islande, au Liechtenstein et en Norv\u00e8ge concernant le droit du march\u00e9 int\u00e9rieur en vertu des r\u00e8gles de l\u2019EEE\"}]},{\"@type\":\"WebSite\",\"@id\":\"https:\\\/\\\/www.tribunal-nature.org\\\/blog\\\/#website\",\"url\":\"https:\\\/\\\/www.tribunal-nature.org\\\/blog\\\/\",\"name\":\"TRIBUNAL-NATURE\",\"description\":\"Droit De L&#039;Environnement.\",\"publisher\":{\"@id\":\"https:\\\/\\\/www.tribunal-nature.org\\\/blog\\\/#organization\"},\"potentialAction\":[{\"@type\":\"SearchAction\",\"target\":{\"@type\":\"EntryPoint\",\"urlTemplate\":\"https:\\\/\\\/www.tribunal-nature.org\\\/blog\\\/?s={search_term_string}\"},\"query-input\":{\"@type\":\"PropertyValueSpecification\",\"valueRequired\":true,\"valueName\":\"search_term_string\"}}],\"inLanguage\":\"fr-FR\"},{\"@type\":\"Organization\",\"@id\":\"https:\\\/\\\/www.tribunal-nature.org\\\/blog\\\/#organization\",\"name\":\"tribunal-nature\",\"url\":\"https:\\\/\\\/www.tribunal-nature.org\\\/blog\\\/\",\"logo\":{\"@type\":\"ImageObject\",\"inLanguage\":\"fr-FR\",\"@id\":\"https:\\\/\\\/www.tribunal-nature.org\\\/blog\\\/#\\\/schema\\\/logo\\\/image\\\/\",\"url\":\"https:\\\/\\\/www.tribunal-nature.org\\\/blog\\\/wp-content\\\/uploads\\\/2022\\\/05\\\/logo-2.png\",\"contentUrl\":\"https:\\\/\\\/www.tribunal-nature.org\\\/blog\\\/wp-content\\\/uploads\\\/2022\\\/05\\\/logo-2.png\",\"width\":180,\"height\":180,\"caption\":\"tribunal-nature\"},\"image\":{\"@id\":\"https:\\\/\\\/www.tribunal-nature.org\\\/blog\\\/#\\\/schema\\\/logo\\\/image\\\/\"}},{\"@type\":\"Person\",\"@id\":\"https:\\\/\\\/www.tribunal-nature.org\\\/blog\\\/#\\\/schema\\\/person\\\/55761caf7544da6b05b60523f2a0855f\",\"name\":\"Isabelle LOUBEAU\",\"image\":{\"@type\":\"ImageObject\",\"inLanguage\":\"fr-FR\",\"@id\":\"https:\\\/\\\/secure.gravatar.com\\\/avatar\\\/b6912620aca78633bf5d50400888815d3b38a1118e82b94050843f411f3f5972?s=96&d=mm&r=g\",\"url\":\"https:\\\/\\\/secure.gravatar.com\\\/avatar\\\/b6912620aca78633bf5d50400888815d3b38a1118e82b94050843f411f3f5972?s=96&d=mm&r=g\",\"contentUrl\":\"https:\\\/\\\/secure.gravatar.com\\\/avatar\\\/b6912620aca78633bf5d50400888815d3b38a1118e82b94050843f411f3f5972?s=96&d=mm&r=g\",\"caption\":\"Isabelle LOUBEAU\"},\"url\":\"https:\\\/\\\/www.tribunal-nature.org\\\/blog\\\/author\\\/ureisabelle\\\/\"}]}<\/script>\n<!-- \/ Yoast SEO plugin. -->","yoast_head_json":{"title":"Des records l\u00e9gislatifs en baisse en Islande, au Liechtenstein et en Norv\u00e8ge concernant le droit du march\u00e9 int\u00e9rieur en vertu des r\u00e8gles de l\u2019EEE - TRIBUNAL-NATURE","description":"Des records l\u00e9gislatifs en baisse en Islande, au Liechtenstein et en Norv\u00e8ge concernant le droit du march\u00e9 int\u00e9rieur en vertu des r\u00e8gles de l\u2019EEE article de TRIBUNAL-NATURE","robots":{"index":"index","follow":"follow","max-snippet":"max-snippet:-1","max-image-preview":"max-image-preview:large","max-video-preview":"max-video-preview:-1"},"canonical":"https:\/\/www.tribunal-nature.org\/blog\/des-records-legislatifs-en-baisse-en-islande-au-liechtenstein-et-en-norvege-concernant-le-droit-du-marche-interieur-en-vertu-des-regles-de-leee\/","og_locale":"fr_FR","og_type":"article","og_title":"Des records l\u00e9gislatifs en baisse en Islande, au Liechtenstein et en Norv\u00e8ge concernant le droit du march\u00e9 int\u00e9rieur en vertu des r\u00e8gles de l\u2019EEE - TRIBUNAL-NATURE","og_description":"Des records l\u00e9gislatifs en baisse en Islande, au Liechtenstein et en Norv\u00e8ge concernant le droit du march\u00e9 int\u00e9rieur en vertu des r\u00e8gles de l\u2019EEE article de TRIBUNAL-NATURE","og_url":"https:\/\/www.tribunal-nature.org\/blog\/des-records-legislatifs-en-baisse-en-islande-au-liechtenstein-et-en-norvege-concernant-le-droit-du-marche-interieur-en-vertu-des-regles-de-leee\/","og_site_name":"TRIBUNAL-NATURE","article_published_time":"2022-11-21T14:11:36+00:00","og_image":[{"url":"https:\/\/www.tribunal-nature.org\/blog\/wp-content\/uploads\/2022\/11\/1652271694_428_Le-Tribunal-confirme-partiellement-la-demande-denrichissement-sans-cause-de.png","type":"","width":"","height":""}],"author":"Isabelle LOUBEAU","twitter_card":"summary_large_image","twitter_misc":{"\u00c9crit par":"Isabelle LOUBEAU","Dur\u00e9e de lecture estim\u00e9e":"1 minute"},"schema":{"@context":"https:\/\/schema.org","@graph":[{"@type":"Article","@id":"https:\/\/www.tribunal-nature.org\/blog\/des-records-legislatifs-en-baisse-en-islande-au-liechtenstein-et-en-norvege-concernant-le-droit-du-marche-interieur-en-vertu-des-regles-de-leee\/#article","isPartOf":{"@id":"https:\/\/www.tribunal-nature.org\/blog\/des-records-legislatifs-en-baisse-en-islande-au-liechtenstein-et-en-norvege-concernant-le-droit-du-marche-interieur-en-vertu-des-regles-de-leee\/"},"author":{"name":"Isabelle LOUBEAU","@id":"https:\/\/www.tribunal-nature.org\/blog\/#\/schema\/person\/55761caf7544da6b05b60523f2a0855f"},"headline":"Des records l\u00e9gislatifs en baisse en Islande, au Liechtenstein et en Norv\u00e8ge concernant le droit du march\u00e9 int\u00e9rieur en vertu des r\u00e8gles de l\u2019EEE","datePublished":"2022-11-21T14:11:36+00:00","mainEntityOfPage":{"@id":"https:\/\/www.tribunal-nature.org\/blog\/des-records-legislatifs-en-baisse-en-islande-au-liechtenstein-et-en-norvege-concernant-le-droit-du-marche-interieur-en-vertu-des-regles-de-leee\/"},"wordCount":214,"publisher":{"@id":"https:\/\/www.tribunal-nature.org\/blog\/#organization"},"image":{"@id":"https:\/\/www.tribunal-nature.org\/blog\/des-records-legislatifs-en-baisse-en-islande-au-liechtenstein-et-en-norvege-concernant-le-droit-du-marche-interieur-en-vertu-des-regles-de-leee\/#primaryimage"},"thumbnailUrl":"https:\/\/www.tribunal-nature.org\/blog\/wp-content\/uploads\/2022\/11\/1652271694_428_Le-Tribunal-confirme-partiellement-la-demande-denrichissement-sans-cause-de.png","articleSection":["Droit De L'Environnement:"],"inLanguage":"fr-FR"},{"@type":"WebPage","@id":"https:\/\/www.tribunal-nature.org\/blog\/des-records-legislatifs-en-baisse-en-islande-au-liechtenstein-et-en-norvege-concernant-le-droit-du-marche-interieur-en-vertu-des-regles-de-leee\/","url":"https:\/\/www.tribunal-nature.org\/blog\/des-records-legislatifs-en-baisse-en-islande-au-liechtenstein-et-en-norvege-concernant-le-droit-du-marche-interieur-en-vertu-des-regles-de-leee\/","name":"Des records l\u00e9gislatifs en baisse en Islande, au Liechtenstein et en Norv\u00e8ge concernant le droit du march\u00e9 int\u00e9rieur en vertu des r\u00e8gles de l\u2019EEE - TRIBUNAL-NATURE","isPartOf":{"@id":"https:\/\/www.tribunal-nature.org\/blog\/#website"},"primaryImageOfPage":{"@id":"https:\/\/www.tribunal-nature.org\/blog\/des-records-legislatifs-en-baisse-en-islande-au-liechtenstein-et-en-norvege-concernant-le-droit-du-marche-interieur-en-vertu-des-regles-de-leee\/#primaryimage"},"image":{"@id":"https:\/\/www.tribunal-nature.org\/blog\/des-records-legislatifs-en-baisse-en-islande-au-liechtenstein-et-en-norvege-concernant-le-droit-du-marche-interieur-en-vertu-des-regles-de-leee\/#primaryimage"},"thumbnailUrl":"https:\/\/www.tribunal-nature.org\/blog\/wp-content\/uploads\/2022\/11\/1652271694_428_Le-Tribunal-confirme-partiellement-la-demande-denrichissement-sans-cause-de.png","datePublished":"2022-11-21T14:11:36+00:00","description":"Des records l\u00e9gislatifs en baisse en Islande, au Liechtenstein et en Norv\u00e8ge concernant le droit du march\u00e9 int\u00e9rieur en vertu des r\u00e8gles de l\u2019EEE article de TRIBUNAL-NATURE","breadcrumb":{"@id":"https:\/\/www.tribunal-nature.org\/blog\/des-records-legislatifs-en-baisse-en-islande-au-liechtenstein-et-en-norvege-concernant-le-droit-du-marche-interieur-en-vertu-des-regles-de-leee\/#breadcrumb"},"inLanguage":"fr-FR","potentialAction":[{"@type":"ReadAction","target":["https:\/\/www.tribunal-nature.org\/blog\/des-records-legislatifs-en-baisse-en-islande-au-liechtenstein-et-en-norvege-concernant-le-droit-du-marche-interieur-en-vertu-des-regles-de-leee\/"]}]},{"@type":"ImageObject","inLanguage":"fr-FR","@id":"https:\/\/www.tribunal-nature.org\/blog\/des-records-legislatifs-en-baisse-en-islande-au-liechtenstein-et-en-norvege-concernant-le-droit-du-marche-interieur-en-vertu-des-regles-de-leee\/#primaryimage","url":"https:\/\/www.tribunal-nature.org\/blog\/wp-content\/uploads\/2022\/11\/1652271694_428_Le-Tribunal-confirme-partiellement-la-demande-denrichissement-sans-cause-de.png","contentUrl":"https:\/\/www.tribunal-nature.org\/blog\/wp-content\/uploads\/2022\/11\/1652271694_428_Le-Tribunal-confirme-partiellement-la-demande-denrichissement-sans-cause-de.png","width":80,"height":80,"caption":"1652271694 428 Le Tribunal confirme partiellement la demande denrichissement sans cause de"},{"@type":"BreadcrumbList","@id":"https:\/\/www.tribunal-nature.org\/blog\/des-records-legislatifs-en-baisse-en-islande-au-liechtenstein-et-en-norvege-concernant-le-droit-du-marche-interieur-en-vertu-des-regles-de-leee\/#breadcrumb","itemListElement":[{"@type":"ListItem","position":1,"name":"Accueil","item":"https:\/\/www.tribunal-nature.org\/blog\/"},{"@type":"ListItem","position":2,"name":"Des records l\u00e9gislatifs en baisse en Islande, au Liechtenstein et en Norv\u00e8ge concernant le droit du march\u00e9 int\u00e9rieur en vertu des r\u00e8gles de l\u2019EEE"}]},{"@type":"WebSite","@id":"https:\/\/www.tribunal-nature.org\/blog\/#website","url":"https:\/\/www.tribunal-nature.org\/blog\/","name":"TRIBUNAL-NATURE","description":"Droit De L&#039;Environnement.","publisher":{"@id":"https:\/\/www.tribunal-nature.org\/blog\/#organization"},"potentialAction":[{"@type":"SearchAction","target":{"@type":"EntryPoint","urlTemplate":"https:\/\/www.tribunal-nature.org\/blog\/?s={search_term_string}"},"query-input":{"@type":"PropertyValueSpecification","valueRequired":true,"valueName":"search_term_string"}}],"inLanguage":"fr-FR"},{"@type":"Organization","@id":"https:\/\/www.tribunal-nature.org\/blog\/#organization","name":"tribunal-nature","url":"https:\/\/www.tribunal-nature.org\/blog\/","logo":{"@type":"ImageObject","inLanguage":"fr-FR","@id":"https:\/\/www.tribunal-nature.org\/blog\/#\/schema\/logo\/image\/","url":"https:\/\/www.tribunal-nature.org\/blog\/wp-content\/uploads\/2022\/05\/logo-2.png","contentUrl":"https:\/\/www.tribunal-nature.org\/blog\/wp-content\/uploads\/2022\/05\/logo-2.png","width":180,"height":180,"caption":"tribunal-nature"},"image":{"@id":"https:\/\/www.tribunal-nature.org\/blog\/#\/schema\/logo\/image\/"}},{"@type":"Person","@id":"https:\/\/www.tribunal-nature.org\/blog\/#\/schema\/person\/55761caf7544da6b05b60523f2a0855f","name":"Isabelle LOUBEAU","image":{"@type":"ImageObject","inLanguage":"fr-FR","@id":"https:\/\/secure.gravatar.com\/avatar\/b6912620aca78633bf5d50400888815d3b38a1118e82b94050843f411f3f5972?s=96&d=mm&r=g","url":"https:\/\/secure.gravatar.com\/avatar\/b6912620aca78633bf5d50400888815d3b38a1118e82b94050843f411f3f5972?s=96&d=mm&r=g","contentUrl":"https:\/\/secure.gravatar.com\/avatar\/b6912620aca78633bf5d50400888815d3b38a1118e82b94050843f411f3f5972?s=96&d=mm&r=g","caption":"Isabelle LOUBEAU"},"url":"https:\/\/www.tribunal-nature.org\/blog\/author\/ureisabelle\/"}]}},"_links":{"self":[{"href":"https:\/\/www.tribunal-nature.org\/blog\/wp-json\/wp\/v2\/posts\/309","targetHints":{"allow":["GET"]}}],"collection":[{"href":"https:\/\/www.tribunal-nature.org\/blog\/wp-json\/wp\/v2\/posts"}],"about":[{"href":"https:\/\/www.tribunal-nature.org\/blog\/wp-json\/wp\/v2\/types\/post"}],"author":[{"embeddable":true,"href":"https:\/\/www.tribunal-nature.org\/blog\/wp-json\/wp\/v2\/users\/3"}],"replies":[{"embeddable":true,"href":"https:\/\/www.tribunal-nature.org\/blog\/wp-json\/wp\/v2\/comments?post=309"}],"version-history":[{"count":0,"href":"https:\/\/www.tribunal-nature.org\/blog\/wp-json\/wp\/v2\/posts\/309\/revisions"}],"wp:featuredmedia":[{"embeddable":true,"href":"https:\/\/www.tribunal-nature.org\/blog\/wp-json\/wp\/v2\/media\/310"}],"wp:attachment":[{"href":"https:\/\/www.tribunal-nature.org\/blog\/wp-json\/wp\/v2\/media?parent=309"}],"wp:term":[{"taxonomy":"category","embeddable":true,"href":"https:\/\/www.tribunal-nature.org\/blog\/wp-json\/wp\/v2\/categories?post=309"},{"taxonomy":"post_tag","embeddable":true,"href":"https:\/\/www.tribunal-nature.org\/blog\/wp-json\/wp\/v2\/tags?post=309"}],"curies":[{"name":"wp","href":"https:\/\/api.w.org\/{rel}","templated":true}]}}