{"id":300,"date":"2022-11-11T15:08:10","date_gmt":"2022-11-11T14:08:10","guid":{"rendered":"https:\/\/www.tribunal-nature.org\/blog\/editorial-tout-frais-un-policier-tue-dans-une-attaque-au-couteau-a-bruxelles-la-justice-antiterroriste-saisie\/"},"modified":"2022-11-11T15:08:10","modified_gmt":"2022-11-11T14:08:10","slug":"editorial-tout-frais-un-policier-tue-dans-une-attaque-au-couteau-a-bruxelles-la-justice-antiterroriste-saisie","status":"publish","type":"post","link":"https:\/\/www.tribunal-nature.org\/blog\/editorial-tout-frais-un-policier-tue-dans-une-attaque-au-couteau-a-bruxelles-la-justice-antiterroriste-saisie\/","title":{"rendered":"Editorial tout frais  : Un policier tu\u00e9 dans une attaque au couteau \u00e0 Bruxelles, la justice antiterroriste saisie"},"content":{"rendered":"<div>\n<p>Nous allons mettre en pleine lumi\u00e8re ce texte qui vient de para\u00eetre, dont le propos est \u00abla justice\u00bb.<\/p>\n<p>Son titre saisissant (Un policier tu\u00e9 dans une attaque au couteau \u00e0 Bruxelles, la justice antiterroriste saisie) est sans ambigu\u00eft\u00e9.<\/p>\n<p>Sachez que le journaliste (pr\u00e9sent\u00e9 sous le nom  d\u2019anonymat<br \/>\n) est positivement connu.<\/p>\n<p>La confiance est de ce fait majeure concernant cet encart.<\/p>\n<p>Sachez que la date d\u2019\u00e9dition est 2022-11-10 13:50:00.<\/p>\n<p>Voil\u00e0 ll\u2019article en question : <\/p>\n<div id=\"\">\n<p class=\"article__paragraph \">Un policier a succomb\u00e9 \u00e0 ses blessures apr\u00e8s avoir \u00e9t\u00e9 attaqu\u00e9 au couteau, jeudi 10\u00a0novembre au soir, \u00e0 Bruxelles, a fait savoir le parquet de Bruxelles. Le suspect de l\u2019agression a \u00e9t\u00e9 bless\u00e9 lors de son interpellation et est actuellement hospitalis\u00e9.<\/p>\n<p class=\"article__paragraph \">Le parquet f\u00e9d\u00e9ral belge, comp\u00e9tent en mati\u00e8re de criminalit\u00e9 organis\u00e9e et de terrorisme, a d\u00e9clar\u00e9 que la justice antiterroriste avait \u00e9t\u00e9 saisie de l\u2019enqu\u00eate.<\/p>\n<p class=\"article__paragraph \"><em>\u00ab\u00a0Nous avons repris le dossier car il y a une suspicion de motif terroriste, ce qui devra bien s\u00fbr \u00eatre confirm\u00e9 ou infirm\u00e9 par l\u2019enqu\u00eate\u00a0\u00bb<\/em>, a d\u00e9clar\u00e9 \u00e0 l\u2019Agence France-Presse (AFP) Eric Van Duyse, porte-parole du parquet f\u00e9d\u00e9ral.<\/p>\n<section class=\"catcher catcher--inline\"><span class=\"catcher__title catcher__title--hide\">Lire aussi :<\/span><span class=\"catcher__desc\">  <span class=\"icon__premium\"><span class=\"sr-only\">Article r\u00e9serv\u00e9 \u00e0 nos abonn\u00e9s<\/span><\/span>  La Belgique embarrass\u00e9e par l\u2019extradition vers les Etats-Unis du djihadiste Nizar Trabelsi <\/span> <\/section>\n<h2 class=\"article__sub-title\">\u00ab\u00a0Une violence inacceptable\u00a0\u00bb<\/h2>\n<p class=\"article__paragraph \">Les faits se sont produits vers 19\u00a0h\u00a015 dans la commune bruxelloise de Schaerbeek, dans le quartier de la gare Bruxelles-Nord. Pour un motif qui reste \u00e0 \u00e9claircir, un homme arm\u00e9 d\u2019un couteau s\u2019en est pris \u00e0 une patrouille de deux policiers, leur portant des coups. Ces derniers ont alors appel\u00e9 des renforts et un agent d\u2019une autre patrouille a utilis\u00e9 son arme \u00e0 feu pour <em>\u00ab\u00a0neutraliser l\u2019agresseur\u00a0\u00bb<\/em>, selon l\u2019agence de presse belge Belga.<\/p>\n<p class=\"article__paragraph \">D\u2019apr\u00e8s plusieurs m\u00e9dias, le suspect aurait subi des blessures par balles au niveau des jambes et de l\u2019abdomen. Les deux policiers bless\u00e9s ont \u00e9t\u00e9 transport\u00e9s \u00e0 l\u2019h\u00f4pital\u00a0; l\u2019un des deux agents, touch\u00e9 au cou, n\u2019a pas surv\u00e9cu.<\/p>\n<section class=\"catcher catcher--inline\"><span class=\"catcher__title catcher__title--hide\">Lire aussi :<\/span><span class=\"catcher__desc\">  <span class=\"icon__premium\"><span class=\"sr-only\">Article r\u00e9serv\u00e9 \u00e0 nos abonn\u00e9s<\/span><\/span>  En Belgique, une victime des attentats de 2016 en grande souffrance psychique a obtenu l\u2019euthanasie <\/span> <\/section>\n<p class=\"article__paragraph \">La ministre belge de l\u2019int\u00e9rieur Annelies Verlinden a condamn\u00e9 <a target=\"_blank\" rel=\"nofollow\" href=\"https:\/\/www.tribunal-nature.org\/blog\/goto\/https:\/\/twitter.com\/AnneliesVl\/status\/1590796626267762688?cxt=HHwWgMCjqc3G0pMsAAAA\" rel=\"nofollow noopener\" target=\"_blank\"  title=\"Nouvelle fen\u00eatre\">dans un tweet<\/a> un <em>\u00ab\u00a0drame horrible\u00a0\u00bb<\/em>, <em>\u00ab\u00a0une violence inacceptable\u00a0\u00bb<\/em>. Le premier ministre Alexander De Croo a rendu hommage au policier tu\u00e9 et \u00e0 toute une profession <em>\u00ab\u00a0qui risque sa vie au quotidien pour assurer la s\u00e9curit\u00e9 de nos citoyens\u00a0\u00bb<\/em>.<\/p>\n<p class=\"article__paragraph \"><em>\u00ab\u00a0Mon espoir sinc\u00e8re est que son coll\u00e8gue hospitalis\u00e9 se portera bien\u00a0\u00bb<\/em>, a-t-il ajout\u00e9.<\/p>\n<h2 class=\"article__sub-title\">\u00ab\u00a0Menaces contre la police\u00a0\u00bb<\/h2>\n<p class=\"article__paragraph \">Selon plusieurs journaux belges, le suspect avait <em>\u00ab\u00a0prof\u00e9r\u00e9 des menaces contre la police\u00a0\u00bb<\/em> plus t\u00f4t dans la journ\u00e9e dans un commissariat d\u2019une autre commune bruxelloise, sans \u00eatre inqui\u00e9t\u00e9.<\/p>\n<p class=\"article__paragraph \">Depuis 2016, ann\u00e9e des attentats djihadistes de Bruxelles (32 morts le 22\u00a0mars), la Belgique a \u00e9t\u00e9 le th\u00e9\u00e2tre de plusieurs agressions contre des militaires ou des policiers.<\/p>\n<p class=\"article__paragraph \">La derni\u00e8re attaque consid\u00e9r\u00e9e comme<em> \u00ab\u00a0terroriste\u00a0\u00bb<\/em> s\u2019est produite \u00e0 Li\u00e8ge (Est) le 29\u00a0mai\u00a02018, quand Benjamin Herman, d\u00e9linquant radicalis\u00e9 de 31\u00a0ans a tu\u00e9 par balles deux polici\u00e8res et un \u00e9tudiant en criant plusieurs fois <em>\u00ab\u00a0Allah Akbar\u00a0\u00bb<\/em> (<em>\u00ab\u00a0Dieu est le plus grand\u00a0\u00bb<\/em>). Il a ensuite \u00e9t\u00e9 abattu par les forces de l\u2019ordre.<\/p>\n<section class=\"catcher catcher--inline\"><span class=\"catcher__title catcher__title--hide\">Lire aussi :<\/span><span class=\"catcher__desc\">  Belgique\u00a0: l\u2019attentat de Li\u00e8ge revendiqu\u00e9 par l\u2019organisation Etat islamique <\/span> <\/section>\n<p class=\"article__paragraph \">Le 25\u00a0ao\u00fbt\u00a02017, un homme de trente ans d\u2019origine somalienne a agress\u00e9 des soldats au couteau \u2013 blessant l\u00e9g\u00e8rement d\u2019un d\u2019eux \u2013, en criant aussi <em>\u00ab\u00a0Allah Akbar\u00a0\u00bb<\/em> en plein centre-ville de Bruxelles. Il a \u00e9galement \u00e9t\u00e9 abattu. Un an auparavant, le 6\u00a0ao\u00fbt\u00a02016, un Alg\u00e9rien vivant en Belgique avait attaqu\u00e9 \u00e0 la machette deux polici\u00e8res devant l\u2019h\u00f4tel de police de Charleroi (sud) aux cris de <em>\u00ab\u00a0Allah Akbar\u00a0\u00bb<\/em>, les blessant au visage et au cou avant d\u2019\u00eatre abattu. Le groupe Etat islamique (EI) avait revendiqu\u00e9 cette attaque le lendemain.<\/p>\n<section class=\"author\">\n<p class=\"author__detail\">  <span class=\"author__name\">Le Monde avec AFP<\/span>  <\/p>\n<\/section>\n<section class=\"article__reactions\">         <\/section>\n<\/div>\n<p><script async src=\"\/\/platform.twitter.com\/widgets.js\" charset=\"utf-8\"><\/script><\/p>\n<p>Ce th\u00e8me vous a captiv\u00e9 vous aimerez pareillement ces ouvrages:<\/p>\n<p>Droit administratif\/La jurisprudence\/Comment r\u00e9diger une fiche d\u2019arr\u00eat,<a target=\"_blank\" rel=\"nofollow\" href=\"https:\/\/www.tribunal-nature.org\/blog\/goto\/https:\/\/fr.wikibooks.org\/wiki\/Droit_administratif\/La_jurisprudence\/Comment_r%C3%A9diger_une_fiche_d%27arr%C3%AAt\"  target=\"_blank\" rel=\"noopener noreferrer nofollow\">Ouvrage <\/a><span><\/span>.<\/p>\n<p>Le petit livre de la justice,<a target=\"_blank\" rel=\"nofollow\" href=\"https:\/\/www.tribunal-nature.org\/blog\/goto\/https:\/\/booknode.com\/le_petit_livre_de_la_justice_01817743\"  target=\"_blank\" rel=\"noopener noreferrer nofollow\">Le livre <\/a><span><\/span>. Ouvrage de r\u00e9f\u00e9rence.<\/p>\n<p>Syst\u00e8mes juridiques communautaires\/Les actes de droit d\u00e9riv\u00e9 dans les autres piliers de l\u2019Union europ\u00e9enne,<a target=\"_blank\" rel=\"nofollow\" href=\"https:\/\/www.tribunal-nature.org\/blog\/goto\/https:\/\/fr.wikibooks.org\/wiki\/Syst%C3%A8mes_juridiques_communautaires\/Les_actes_de_droit_d%C3%A9riv%C3%A9_dans_les_autres_piliers_de_l%27Union_europ%C3%A9enne\"  target=\"_blank\" rel=\"noopener noreferrer nofollow\">Le livre <\/a><span><\/span>.<\/p>\n<\/div>\n","protected":false},"excerpt":{"rendered":"<p>Nous allons mettre en pleine lumi\u00e8re ce texte qui vient de para\u00eetre, dont le propos est \u00abla justice\u00bb. Son titre&#8230;<\/p>\n","protected":false},"author":3,"featured_media":301,"comment_status":"closed","ping_status":"closed","sticky":false,"template":"","format":"standard","meta":{"footnotes":""},"categories":[2],"tags":[],"class_list":["post-300","post","type-post","status-publish","format-standard","has-post-thumbnail","hentry","category-droit-de-lenvironnement","wpcat-2-id"],"yoast_head":"<!-- This site is optimized with the Yoast SEO plugin v27.5 - https:\/\/yoast.com\/product\/yoast-seo-wordpress\/ -->\n<title>Editorial tout frais : Un policier tu\u00e9 dans une attaque au couteau \u00e0 Bruxelles, la justice antiterroriste saisie - TRIBUNAL-NATURE<\/title>\n<meta name=\"description\" content=\"Editorial tout frais : Un policier tu\u00e9 dans une attaque au couteau \u00e0 Bruxelles, la justice antiterroriste saisie article de TRIBUNAL-NATURE\" \/>\n<meta name=\"robots\" content=\"index, follow, max-snippet:-1, max-image-preview:large, max-video-preview:-1\" \/>\n<link rel=\"canonical\" href=\"https:\/\/www.tribunal-nature.org\/blog\/editorial-tout-frais-un-policier-tue-dans-une-attaque-au-couteau-a-bruxelles-la-justice-antiterroriste-saisie\/\" \/>\n<meta property=\"og:locale\" content=\"fr_FR\" \/>\n<meta property=\"og:type\" content=\"article\" \/>\n<meta property=\"og:title\" content=\"Editorial tout frais : Un policier tu\u00e9 dans une attaque au couteau \u00e0 Bruxelles, la justice antiterroriste saisie - TRIBUNAL-NATURE\" \/>\n<meta property=\"og:description\" content=\"Editorial tout frais : Un policier tu\u00e9 dans une attaque au couteau \u00e0 Bruxelles, la justice antiterroriste saisie article de TRIBUNAL-NATURE\" \/>\n<meta property=\"og:url\" content=\"https:\/\/www.tribunal-nature.org\/blog\/editorial-tout-frais-un-policier-tue-dans-une-attaque-au-couteau-a-bruxelles-la-justice-antiterroriste-saisie\/\" \/>\n<meta property=\"og:site_name\" content=\"TRIBUNAL-NATURE\" \/>\n<meta property=\"article:published_time\" content=\"2022-11-11T14:08:10+00:00\" \/>\n<meta property=\"og:image\" content=\"https:\/\/www.tribunal-nature.org\/blog\/wp-content\/uploads\/2022\/11\/de-l.jpg\" \/>\n\t<meta property=\"og:image:width\" content=\"2047\" \/>\n\t<meta property=\"og:image:height\" content=\"1336\" \/>\n\t<meta property=\"og:image:type\" content=\"image\/jpeg\" \/>\n<meta name=\"author\" content=\"Isabelle LOUBEAU\" \/>\n<meta name=\"twitter:card\" content=\"summary_large_image\" \/>\n<meta name=\"twitter:label1\" content=\"\u00c9crit par\" \/>\n\t<meta name=\"twitter:data1\" content=\"Isabelle LOUBEAU\" \/>\n\t<meta name=\"twitter:label2\" content=\"Dur\u00e9e de lecture estim\u00e9e\" \/>\n\t<meta name=\"twitter:data2\" content=\"4 minutes\" \/>\n<script type=\"application\/ld+json\" class=\"yoast-schema-graph\">{\"@context\":\"https:\\\/\\\/schema.org\",\"@graph\":[{\"@type\":\"Article\",\"@id\":\"https:\\\/\\\/www.tribunal-nature.org\\\/blog\\\/editorial-tout-frais-un-policier-tue-dans-une-attaque-au-couteau-a-bruxelles-la-justice-antiterroriste-saisie\\\/#article\",\"isPartOf\":{\"@id\":\"https:\\\/\\\/www.tribunal-nature.org\\\/blog\\\/editorial-tout-frais-un-policier-tue-dans-une-attaque-au-couteau-a-bruxelles-la-justice-antiterroriste-saisie\\\/\"},\"author\":{\"name\":\"Isabelle LOUBEAU\",\"@id\":\"https:\\\/\\\/www.tribunal-nature.org\\\/blog\\\/#\\\/schema\\\/person\\\/55761caf7544da6b05b60523f2a0855f\"},\"headline\":\"Editorial tout frais : Un policier tu\u00e9 dans une attaque au couteau \u00e0 Bruxelles, la justice antiterroriste saisie\",\"datePublished\":\"2022-11-11T14:08:10+00:00\",\"mainEntityOfPage\":{\"@id\":\"https:\\\/\\\/www.tribunal-nature.org\\\/blog\\\/editorial-tout-frais-un-policier-tue-dans-une-attaque-au-couteau-a-bruxelles-la-justice-antiterroriste-saisie\\\/\"},\"wordCount\":738,\"publisher\":{\"@id\":\"https:\\\/\\\/www.tribunal-nature.org\\\/blog\\\/#organization\"},\"image\":{\"@id\":\"https:\\\/\\\/www.tribunal-nature.org\\\/blog\\\/editorial-tout-frais-un-policier-tue-dans-une-attaque-au-couteau-a-bruxelles-la-justice-antiterroriste-saisie\\\/#primaryimage\"},\"thumbnailUrl\":\"https:\\\/\\\/www.tribunal-nature.org\\\/blog\\\/wp-content\\\/uploads\\\/2022\\\/11\\\/de-l.jpg\",\"articleSection\":[\"Droit De L'Environnement:\"],\"inLanguage\":\"fr-FR\"},{\"@type\":\"WebPage\",\"@id\":\"https:\\\/\\\/www.tribunal-nature.org\\\/blog\\\/editorial-tout-frais-un-policier-tue-dans-une-attaque-au-couteau-a-bruxelles-la-justice-antiterroriste-saisie\\\/\",\"url\":\"https:\\\/\\\/www.tribunal-nature.org\\\/blog\\\/editorial-tout-frais-un-policier-tue-dans-une-attaque-au-couteau-a-bruxelles-la-justice-antiterroriste-saisie\\\/\",\"name\":\"Editorial tout frais : Un policier tu\u00e9 dans une attaque au couteau \u00e0 Bruxelles, la justice antiterroriste saisie - TRIBUNAL-NATURE\",\"isPartOf\":{\"@id\":\"https:\\\/\\\/www.tribunal-nature.org\\\/blog\\\/#website\"},\"primaryImageOfPage\":{\"@id\":\"https:\\\/\\\/www.tribunal-nature.org\\\/blog\\\/editorial-tout-frais-un-policier-tue-dans-une-attaque-au-couteau-a-bruxelles-la-justice-antiterroriste-saisie\\\/#primaryimage\"},\"image\":{\"@id\":\"https:\\\/\\\/www.tribunal-nature.org\\\/blog\\\/editorial-tout-frais-un-policier-tue-dans-une-attaque-au-couteau-a-bruxelles-la-justice-antiterroriste-saisie\\\/#primaryimage\"},\"thumbnailUrl\":\"https:\\\/\\\/www.tribunal-nature.org\\\/blog\\\/wp-content\\\/uploads\\\/2022\\\/11\\\/de-l.jpg\",\"datePublished\":\"2022-11-11T14:08:10+00:00\",\"description\":\"Editorial tout frais : Un policier tu\u00e9 dans une attaque au couteau \u00e0 Bruxelles, la justice antiterroriste saisie article de TRIBUNAL-NATURE\",\"breadcrumb\":{\"@id\":\"https:\\\/\\\/www.tribunal-nature.org\\\/blog\\\/editorial-tout-frais-un-policier-tue-dans-une-attaque-au-couteau-a-bruxelles-la-justice-antiterroriste-saisie\\\/#breadcrumb\"},\"inLanguage\":\"fr-FR\",\"potentialAction\":[{\"@type\":\"ReadAction\",\"target\":[\"https:\\\/\\\/www.tribunal-nature.org\\\/blog\\\/editorial-tout-frais-un-policier-tue-dans-une-attaque-au-couteau-a-bruxelles-la-justice-antiterroriste-saisie\\\/\"]}]},{\"@type\":\"ImageObject\",\"inLanguage\":\"fr-FR\",\"@id\":\"https:\\\/\\\/www.tribunal-nature.org\\\/blog\\\/editorial-tout-frais-un-policier-tue-dans-une-attaque-au-couteau-a-bruxelles-la-justice-antiterroriste-saisie\\\/#primaryimage\",\"url\":\"https:\\\/\\\/www.tribunal-nature.org\\\/blog\\\/wp-content\\\/uploads\\\/2022\\\/11\\\/de-l.jpg\",\"contentUrl\":\"https:\\\/\\\/www.tribunal-nature.org\\\/blog\\\/wp-content\\\/uploads\\\/2022\\\/11\\\/de-l.jpg\",\"width\":2047,\"height\":1336,\"caption\":\"de l\"},{\"@type\":\"BreadcrumbList\",\"@id\":\"https:\\\/\\\/www.tribunal-nature.org\\\/blog\\\/editorial-tout-frais-un-policier-tue-dans-une-attaque-au-couteau-a-bruxelles-la-justice-antiterroriste-saisie\\\/#breadcrumb\",\"itemListElement\":[{\"@type\":\"ListItem\",\"position\":1,\"name\":\"Accueil\",\"item\":\"https:\\\/\\\/www.tribunal-nature.org\\\/blog\\\/\"},{\"@type\":\"ListItem\",\"position\":2,\"name\":\"Editorial tout frais : Un policier tu\u00e9 dans une attaque au couteau \u00e0 Bruxelles, la justice antiterroriste saisie\"}]},{\"@type\":\"WebSite\",\"@id\":\"https:\\\/\\\/www.tribunal-nature.org\\\/blog\\\/#website\",\"url\":\"https:\\\/\\\/www.tribunal-nature.org\\\/blog\\\/\",\"name\":\"TRIBUNAL-NATURE\",\"description\":\"Droit De L&#039;Environnement.\",\"publisher\":{\"@id\":\"https:\\\/\\\/www.tribunal-nature.org\\\/blog\\\/#organization\"},\"potentialAction\":[{\"@type\":\"SearchAction\",\"target\":{\"@type\":\"EntryPoint\",\"urlTemplate\":\"https:\\\/\\\/www.tribunal-nature.org\\\/blog\\\/?s={search_term_string}\"},\"query-input\":{\"@type\":\"PropertyValueSpecification\",\"valueRequired\":true,\"valueName\":\"search_term_string\"}}],\"inLanguage\":\"fr-FR\"},{\"@type\":\"Organization\",\"@id\":\"https:\\\/\\\/www.tribunal-nature.org\\\/blog\\\/#organization\",\"name\":\"tribunal-nature\",\"url\":\"https:\\\/\\\/www.tribunal-nature.org\\\/blog\\\/\",\"logo\":{\"@type\":\"ImageObject\",\"inLanguage\":\"fr-FR\",\"@id\":\"https:\\\/\\\/www.tribunal-nature.org\\\/blog\\\/#\\\/schema\\\/logo\\\/image\\\/\",\"url\":\"https:\\\/\\\/www.tribunal-nature.org\\\/blog\\\/wp-content\\\/uploads\\\/2022\\\/05\\\/logo-2.png\",\"contentUrl\":\"https:\\\/\\\/www.tribunal-nature.org\\\/blog\\\/wp-content\\\/uploads\\\/2022\\\/05\\\/logo-2.png\",\"width\":180,\"height\":180,\"caption\":\"tribunal-nature\"},\"image\":{\"@id\":\"https:\\\/\\\/www.tribunal-nature.org\\\/blog\\\/#\\\/schema\\\/logo\\\/image\\\/\"}},{\"@type\":\"Person\",\"@id\":\"https:\\\/\\\/www.tribunal-nature.org\\\/blog\\\/#\\\/schema\\\/person\\\/55761caf7544da6b05b60523f2a0855f\",\"name\":\"Isabelle LOUBEAU\",\"image\":{\"@type\":\"ImageObject\",\"inLanguage\":\"fr-FR\",\"@id\":\"https:\\\/\\\/secure.gravatar.com\\\/avatar\\\/b6912620aca78633bf5d50400888815d3b38a1118e82b94050843f411f3f5972?s=96&d=mm&r=g\",\"url\":\"https:\\\/\\\/secure.gravatar.com\\\/avatar\\\/b6912620aca78633bf5d50400888815d3b38a1118e82b94050843f411f3f5972?s=96&d=mm&r=g\",\"contentUrl\":\"https:\\\/\\\/secure.gravatar.com\\\/avatar\\\/b6912620aca78633bf5d50400888815d3b38a1118e82b94050843f411f3f5972?s=96&d=mm&r=g\",\"caption\":\"Isabelle LOUBEAU\"},\"url\":\"https:\\\/\\\/www.tribunal-nature.org\\\/blog\\\/author\\\/ureisabelle\\\/\"}]}<\/script>\n<!-- \/ Yoast SEO plugin. -->","yoast_head_json":{"title":"Editorial tout frais : Un policier tu\u00e9 dans une attaque au couteau \u00e0 Bruxelles, la justice antiterroriste saisie - TRIBUNAL-NATURE","description":"Editorial tout frais : Un policier tu\u00e9 dans une attaque au couteau \u00e0 Bruxelles, la justice antiterroriste saisie article de TRIBUNAL-NATURE","robots":{"index":"index","follow":"follow","max-snippet":"max-snippet:-1","max-image-preview":"max-image-preview:large","max-video-preview":"max-video-preview:-1"},"canonical":"https:\/\/www.tribunal-nature.org\/blog\/editorial-tout-frais-un-policier-tue-dans-une-attaque-au-couteau-a-bruxelles-la-justice-antiterroriste-saisie\/","og_locale":"fr_FR","og_type":"article","og_title":"Editorial tout frais : Un policier tu\u00e9 dans une attaque au couteau \u00e0 Bruxelles, la justice antiterroriste saisie - TRIBUNAL-NATURE","og_description":"Editorial tout frais : Un policier tu\u00e9 dans une attaque au couteau \u00e0 Bruxelles, la justice antiterroriste saisie article de TRIBUNAL-NATURE","og_url":"https:\/\/www.tribunal-nature.org\/blog\/editorial-tout-frais-un-policier-tue-dans-une-attaque-au-couteau-a-bruxelles-la-justice-antiterroriste-saisie\/","og_site_name":"TRIBUNAL-NATURE","article_published_time":"2022-11-11T14:08:10+00:00","og_image":[{"width":2047,"height":1336,"url":"https:\/\/www.tribunal-nature.org\/blog\/wp-content\/uploads\/2022\/11\/de-l.jpg","type":"image\/jpeg"}],"author":"Isabelle LOUBEAU","twitter_card":"summary_large_image","twitter_misc":{"\u00c9crit par":"Isabelle LOUBEAU","Dur\u00e9e de lecture estim\u00e9e":"4 minutes"},"schema":{"@context":"https:\/\/schema.org","@graph":[{"@type":"Article","@id":"https:\/\/www.tribunal-nature.org\/blog\/editorial-tout-frais-un-policier-tue-dans-une-attaque-au-couteau-a-bruxelles-la-justice-antiterroriste-saisie\/#article","isPartOf":{"@id":"https:\/\/www.tribunal-nature.org\/blog\/editorial-tout-frais-un-policier-tue-dans-une-attaque-au-couteau-a-bruxelles-la-justice-antiterroriste-saisie\/"},"author":{"name":"Isabelle LOUBEAU","@id":"https:\/\/www.tribunal-nature.org\/blog\/#\/schema\/person\/55761caf7544da6b05b60523f2a0855f"},"headline":"Editorial tout frais : Un policier tu\u00e9 dans une attaque au couteau \u00e0 Bruxelles, la justice antiterroriste saisie","datePublished":"2022-11-11T14:08:10+00:00","mainEntityOfPage":{"@id":"https:\/\/www.tribunal-nature.org\/blog\/editorial-tout-frais-un-policier-tue-dans-une-attaque-au-couteau-a-bruxelles-la-justice-antiterroriste-saisie\/"},"wordCount":738,"publisher":{"@id":"https:\/\/www.tribunal-nature.org\/blog\/#organization"},"image":{"@id":"https:\/\/www.tribunal-nature.org\/blog\/editorial-tout-frais-un-policier-tue-dans-une-attaque-au-couteau-a-bruxelles-la-justice-antiterroriste-saisie\/#primaryimage"},"thumbnailUrl":"https:\/\/www.tribunal-nature.org\/blog\/wp-content\/uploads\/2022\/11\/de-l.jpg","articleSection":["Droit De L'Environnement:"],"inLanguage":"fr-FR"},{"@type":"WebPage","@id":"https:\/\/www.tribunal-nature.org\/blog\/editorial-tout-frais-un-policier-tue-dans-une-attaque-au-couteau-a-bruxelles-la-justice-antiterroriste-saisie\/","url":"https:\/\/www.tribunal-nature.org\/blog\/editorial-tout-frais-un-policier-tue-dans-une-attaque-au-couteau-a-bruxelles-la-justice-antiterroriste-saisie\/","name":"Editorial tout frais : Un policier tu\u00e9 dans une attaque au couteau \u00e0 Bruxelles, la justice antiterroriste saisie - TRIBUNAL-NATURE","isPartOf":{"@id":"https:\/\/www.tribunal-nature.org\/blog\/#website"},"primaryImageOfPage":{"@id":"https:\/\/www.tribunal-nature.org\/blog\/editorial-tout-frais-un-policier-tue-dans-une-attaque-au-couteau-a-bruxelles-la-justice-antiterroriste-saisie\/#primaryimage"},"image":{"@id":"https:\/\/www.tribunal-nature.org\/blog\/editorial-tout-frais-un-policier-tue-dans-une-attaque-au-couteau-a-bruxelles-la-justice-antiterroriste-saisie\/#primaryimage"},"thumbnailUrl":"https:\/\/www.tribunal-nature.org\/blog\/wp-content\/uploads\/2022\/11\/de-l.jpg","datePublished":"2022-11-11T14:08:10+00:00","description":"Editorial tout frais : Un policier tu\u00e9 dans une attaque au couteau \u00e0 Bruxelles, la justice antiterroriste saisie article de TRIBUNAL-NATURE","breadcrumb":{"@id":"https:\/\/www.tribunal-nature.org\/blog\/editorial-tout-frais-un-policier-tue-dans-une-attaque-au-couteau-a-bruxelles-la-justice-antiterroriste-saisie\/#breadcrumb"},"inLanguage":"fr-FR","potentialAction":[{"@type":"ReadAction","target":["https:\/\/www.tribunal-nature.org\/blog\/editorial-tout-frais-un-policier-tue-dans-une-attaque-au-couteau-a-bruxelles-la-justice-antiterroriste-saisie\/"]}]},{"@type":"ImageObject","inLanguage":"fr-FR","@id":"https:\/\/www.tribunal-nature.org\/blog\/editorial-tout-frais-un-policier-tue-dans-une-attaque-au-couteau-a-bruxelles-la-justice-antiterroriste-saisie\/#primaryimage","url":"https:\/\/www.tribunal-nature.org\/blog\/wp-content\/uploads\/2022\/11\/de-l.jpg","contentUrl":"https:\/\/www.tribunal-nature.org\/blog\/wp-content\/uploads\/2022\/11\/de-l.jpg","width":2047,"height":1336,"caption":"de l"},{"@type":"BreadcrumbList","@id":"https:\/\/www.tribunal-nature.org\/blog\/editorial-tout-frais-un-policier-tue-dans-une-attaque-au-couteau-a-bruxelles-la-justice-antiterroriste-saisie\/#breadcrumb","itemListElement":[{"@type":"ListItem","position":1,"name":"Accueil","item":"https:\/\/www.tribunal-nature.org\/blog\/"},{"@type":"ListItem","position":2,"name":"Editorial tout frais : Un policier tu\u00e9 dans une attaque au couteau \u00e0 Bruxelles, la justice antiterroriste saisie"}]},{"@type":"WebSite","@id":"https:\/\/www.tribunal-nature.org\/blog\/#website","url":"https:\/\/www.tribunal-nature.org\/blog\/","name":"TRIBUNAL-NATURE","description":"Droit De L&#039;Environnement.","publisher":{"@id":"https:\/\/www.tribunal-nature.org\/blog\/#organization"},"potentialAction":[{"@type":"SearchAction","target":{"@type":"EntryPoint","urlTemplate":"https:\/\/www.tribunal-nature.org\/blog\/?s={search_term_string}"},"query-input":{"@type":"PropertyValueSpecification","valueRequired":true,"valueName":"search_term_string"}}],"inLanguage":"fr-FR"},{"@type":"Organization","@id":"https:\/\/www.tribunal-nature.org\/blog\/#organization","name":"tribunal-nature","url":"https:\/\/www.tribunal-nature.org\/blog\/","logo":{"@type":"ImageObject","inLanguage":"fr-FR","@id":"https:\/\/www.tribunal-nature.org\/blog\/#\/schema\/logo\/image\/","url":"https:\/\/www.tribunal-nature.org\/blog\/wp-content\/uploads\/2022\/05\/logo-2.png","contentUrl":"https:\/\/www.tribunal-nature.org\/blog\/wp-content\/uploads\/2022\/05\/logo-2.png","width":180,"height":180,"caption":"tribunal-nature"},"image":{"@id":"https:\/\/www.tribunal-nature.org\/blog\/#\/schema\/logo\/image\/"}},{"@type":"Person","@id":"https:\/\/www.tribunal-nature.org\/blog\/#\/schema\/person\/55761caf7544da6b05b60523f2a0855f","name":"Isabelle LOUBEAU","image":{"@type":"ImageObject","inLanguage":"fr-FR","@id":"https:\/\/secure.gravatar.com\/avatar\/b6912620aca78633bf5d50400888815d3b38a1118e82b94050843f411f3f5972?s=96&d=mm&r=g","url":"https:\/\/secure.gravatar.com\/avatar\/b6912620aca78633bf5d50400888815d3b38a1118e82b94050843f411f3f5972?s=96&d=mm&r=g","contentUrl":"https:\/\/secure.gravatar.com\/avatar\/b6912620aca78633bf5d50400888815d3b38a1118e82b94050843f411f3f5972?s=96&d=mm&r=g","caption":"Isabelle LOUBEAU"},"url":"https:\/\/www.tribunal-nature.org\/blog\/author\/ureisabelle\/"}]}},"_links":{"self":[{"href":"https:\/\/www.tribunal-nature.org\/blog\/wp-json\/wp\/v2\/posts\/300","targetHints":{"allow":["GET"]}}],"collection":[{"href":"https:\/\/www.tribunal-nature.org\/blog\/wp-json\/wp\/v2\/posts"}],"about":[{"href":"https:\/\/www.tribunal-nature.org\/blog\/wp-json\/wp\/v2\/types\/post"}],"author":[{"embeddable":true,"href":"https:\/\/www.tribunal-nature.org\/blog\/wp-json\/wp\/v2\/users\/3"}],"replies":[{"embeddable":true,"href":"https:\/\/www.tribunal-nature.org\/blog\/wp-json\/wp\/v2\/comments?post=300"}],"version-history":[{"count":0,"href":"https:\/\/www.tribunal-nature.org\/blog\/wp-json\/wp\/v2\/posts\/300\/revisions"}],"wp:featuredmedia":[{"embeddable":true,"href":"https:\/\/www.tribunal-nature.org\/blog\/wp-json\/wp\/v2\/media\/301"}],"wp:attachment":[{"href":"https:\/\/www.tribunal-nature.org\/blog\/wp-json\/wp\/v2\/media?parent=300"}],"wp:term":[{"taxonomy":"category","embeddable":true,"href":"https:\/\/www.tribunal-nature.org\/blog\/wp-json\/wp\/v2\/categories?post=300"},{"taxonomy":"post_tag","embeddable":true,"href":"https:\/\/www.tribunal-nature.org\/blog\/wp-json\/wp\/v2\/tags?post=300"}],"curies":[{"name":"wp","href":"https:\/\/api.w.org\/{rel}","templated":true}]}}