{"id":232,"date":"2022-09-28T12:01:24","date_gmt":"2022-09-28T10:01:24","guid":{"rendered":"https:\/\/www.tribunal-nature.org\/blog\/nhesitez-plus-devant-le-droit-administratif\/"},"modified":"2022-09-28T12:01:24","modified_gmt":"2022-09-28T10:01:24","slug":"nhesitez-plus-devant-le-droit-administratif","status":"publish","type":"post","link":"https:\/\/www.tribunal-nature.org\/blog\/nhesitez-plus-devant-le-droit-administratif\/","title":{"rendered":"N\u2019h\u00e9sitez plus devant le droit administratif !"},"content":{"rendered":"<div><img decoding=\"async\" width=\"457\" height=\"648\" src=\"https:\/\/www.tribunal-nature.org\/blog\/wp-content\/uploads\/2022\/09\/Nhesitez-plus-devant-le-droit-administratif.jpg\" class=\"attachment-large size-large wp-post-image\" alt=\"Nhesitez-plus-devant-le-droit-administratif\" loading=\"lazy\" style=\"float:left; margin:0 15px 15px 0;\" srcset=\"https:\/\/www.tribunal-nature.org\/blog\/wp-content\/uploads\/2022\/09\/Nhesitez-plus-devant-le-droit-administratif.jpg 457w, https:\/\/www.site.cdcl.xyz\/wp-content\/uploads\/2022\/09\/Nhesitez-plus-devant-le-droit-administratif-212x300.jpg 212w\" sizes=\"auto, (max-width: 457px) 100vw, 457px\"><\/p>\n<div>\n\t<br \/>\n\t\t<title>N\u2019h\u00e9sitez plus devant le droit administratif !  |  (notre blog d\u2019information)<\/title><br \/>\n\t\t<meta charset=\"UTF-8\"><!-- bei Offline-Anwendung auf ISO-8859-1 umstellen --><br \/>\n\t\t<meta http-equiv=\"X-UA-Compatible\" content=\"IE=edge\"><!-- IE, Anti-Quirks --><br \/>\n\t\t<meta http-equiv=\"Content-Type\" content=\"text\/html; charset=UTF-8\"><br \/>\n\t\t<meta name=\"viewport\" content=\"width=device-width, user-scalable=yes\"><br \/>\n\t\t<meta name=\"geo.placename\" content=\"He&amp;szligbr\u00fchlstra\u00dfe 69A, 70565 Stuttgart, Deutschland\"><br \/>\n\t\t<meta name=\"geo.position\" content=\"48.723100;9.119260\"><br \/>\n\t\t<meta name=\"geo.region\" content=\"DE-Baden-W\u00fcrttemberg\"><br \/>\n\t\t<meta name=\"ICBM\" content=\"48.723100, 9.119260\">\n\t\t<link rel=\"shortcut icon\" href=\"https:\/\/blog.kohlhammer.de\/wp-content\/themes\/kohlhammer-blog-theme-2016\/favicon.ico\">\n\t\t<link rel=\"apple-touch-icon\" href=\"https:\/\/blog.kohlhammer.de\/wp-content\/themes\/kohlhammer-blog-theme-2016\/apple-touch-icon-57x57.png\">\n\t\t<link rel=\"apple-touch-icon\" href=\"https:\/\/blog.kohlhammer.de\/wp-content\/themes\/kohlhammer-blog-theme-2016\/apple-touch-icon-72x72.png\">\n\t\t<link rel=\"apple-touch-icon\" href=\"https:\/\/blog.kohlhammer.de\/wp-content\/themes\/kohlhammer-blog-theme-2016\/apple-touch-icon-114x114.png\">\n\t\t<link rel=\"stylesheet\" href=\"https:\/\/blog.kohlhammer.de\/wp-content\/themes\/kohlhammer-blog-theme-2016\/style-lp_bonhoeffer.css?v=1655278021\">\n\t\t<meta property=\"og:type\" content=\"article\"><br \/>\n<br \/>\n\t\t<!--<meta property=\"og:image\" content=\"\" \/>--><br \/>\n<br \/>\n\t\t<meta property=\"og:title\" content=\"Kohlhammer Blog | Keine Scheu mehr vor Verwaltungsrecht!\"><br \/>\n<br \/>\n\t\t<meta property=\"og:url\" content=\"https:\/\/blog.kohlhammer.de\/recht\/keine-scheu-mehr-vor-verwaltungsrecht\/\"><br \/>\n<br \/>\n\t\t<meta property=\"og:description\" content=\"Das \u00d6ffentliche Recht und speziell das Verwaltungsrecht gilt bei vielen Studenten als nicht als besonders beliebt. Eine gelungene Eiweisung f\u00fcr die ersten Schritte im Verwaltungsrecht bietet nun das Werk aus der Reihe Kompass Recht.\">\n\t\t<link rel=\"pingback\" href=\"https:\/\/blog.kohlhammer.de\/xmlrpc.php\">\n\t\t<meta name=\"robots\" content=\"max-image-preview:large\">\n<link rel=\"dns-prefetch\" href=\"https:\/\/code.jquery.com\">\n<link rel=\"dns-prefetch\" href=\"https:\/\/s.w.org\">\n<link rel=\"alternate\" type=\"application\/rss+xml\" title=\"Kohlhammer Blog \u00bb Feed\" href=\"https:\/\/blog.kohlhammer.de\/feed\/\">\n<link rel=\"alternate\" type=\"application\/rss+xml\" title=\"Kohlhammer Blog \u00bb Kommentar-Feed\" href=\"https:\/\/blog.kohlhammer.de\/comments\/feed\/\">\n<link rel=\"stylesheet\" id=\"wp-block-library-css\" href=\"https:\/\/blog.kohlhammer.de\/wp-includes\/css\/dist\/block-library\/style.min.css?ver=5.8.3\" type=\"text\/css\" media=\"all\">\n<link rel=\"stylesheet\" id=\"borlabs-cookie-css\" href=\"https:\/\/blog.kohlhammer.de\/wp-content\/cache\/borlabs-cookie\/borlabs-cookie_1_de.css?ver=2.2.53-1610972\" type=\"text\/css\" media=\"all\">\n<link rel=\"https:\/\/api.w.org\/\" href=\"https:\/\/blog.kohlhammer.de\/wp-json\/\"><link rel=\"alternate\" type=\"application\/json\" href=\"https:\/\/blog.kohlhammer.de\/wp-json\/wp\/v2\/posts\/12389\"><link rel=\"EditURI\" type=\"application\/rsd+xml\" title=\"RSD\" href=\"https:\/\/blog.kohlhammer.de\/xmlrpc.php?rsd\">\n<link rel=\"wlwmanifest\" type=\"application\/wlwmanifest+xml\" href=\"https:\/\/blog.kohlhammer.de\/wp-includes\/wlwmanifest.xml\">\n<link rel=\"canonical\" href=\"https:\/\/blog.kohlhammer.de\/recht\/keine-scheu-mehr-vor-verwaltungsrecht\/\">\n<link rel=\"shortlink\" href=\"https:\/\/blog.kohlhammer.de\/?p=12389\">\n<link rel=\"alternate\" type=\"application\/json+oembed\" href=\"https:\/\/blog.kohlhammer.de\/wp-json\/oembed\/1.0\/embed?url=https%3A%2F%2Fblog.kohlhammer.de%2Frecht%2Fkeine-scheu-mehr-vor-verwaltungsrecht%2F\">\n<link rel=\"alternate\" type=\"text\/xml+oembed\" href=\"https:\/\/blog.kohlhammer.de\/wp-json\/oembed\/1.0\/embed?url=https%3A%2F%2Fblog.kohlhammer.de%2Frecht%2Fkeine-scheu-mehr-vor-verwaltungsrecht%2F&amp;format=xml\">\n\t<\/p>\n<header>\n<div id=\"logo\"><\/div>\n<\/header>\n<div id=\"intro\">\n<p style=\"font-size: 1.5em; font-weight: bold; line-height: 110%;\">Le droit public et surtout le droit administratif n\u2019est pas particuli\u00e8rement populaire aupr\u00e8s de nombreux \u00e9tudiants.<\/p>\n<\/div>\n<div class=\"bib\">\n<div id=\"cover\" class=\"clr\"><img decoding=\"async\" src=\"https:\/\/www.tribunal-nature.org\/blog\/wp-content\/uploads\/2022\/09\/Nhesitez-plus-devant-le-droit-administratif.jpg\" alt=\"Image de couverture du livre\"><span class=\"badge\">Nouveau!<\/span><\/div>\n<p>Annette Zimmermann-Kreher\/Simone Wunderle<br \/><strong>loi administrative<\/strong><\/p>\n<p><i>2022. 150 p.  9 figures, 5 tableaux,<br \/>y compris le mat\u00e9riel de t\u00e9l\u00e9chargement.  billet \u20ac 26,\u2013<br \/>ISBN 978-3-17-040866-1<br \/>boussole droite<\/i><\/p>\n<\/div>\n<div id=\"detail\">\n<p><strong><span style=\"font-size: revert; color: initial;\">Le droit administratif a un r\u00e9gime particulier<\/span><\/strong><\/p>\n<p>Cela commence par le fait que le syst\u00e8me doit \u00eatre compris puis appliqu\u00e9 au traitement des dossiers.  Contrairement aux examens de droit civil ou p\u00e9nal, l\u2019aspect proc\u00e9dural doit \u00e9galement \u00eatre pris en compte ici.  A cet \u00e9gard, la structure syst\u00e9matique des types de poursuites est importante.<\/p>\n<p><strong>La nouvelle \u00e9dition supprime les barri\u00e8res \u00e0 l\u2019entr\u00e9e<\/strong><\/p>\n<p>La 2e \u00e9dition de Droit administratif de la s\u00e9rie Kompass Law propose d\u00e9sormais un enseignement r\u00e9ussi pour les premiers pas en droit administratif.<br \/>Dans ce livre, les auteurs donnent une introduction structur\u00e9e au droit administratif g\u00e9n\u00e9ral, \u00e0 ses sources juridiques et \u00e0 sa terminologie et traitent \u00e9galement des formes d\u2019action administrative, des exigences de l\u00e9galit\u00e9 d\u2019un acte administratif et de l\u2019efficacit\u00e9, de l\u2019annulation et de l\u2019ex\u00e9cution correspondantes.<br \/>Des exemples \u00e9claircissent le sujet autrement un peu sec et illustrent les processus de prise de d\u00e9cision et les formes d\u2019action dans l\u2019administration publique, en particulier dans les domaines de la construction, de la police et d\u2019autres lois r\u00e9glementaires.<\/p>\n<p><strong>Mat\u00e9riel de t\u00e9l\u00e9chargement utile<\/strong><\/p>\n<p>Les documents t\u00e9l\u00e9chargeables sont particuli\u00e8rement utiles pour travailler sur le sujet :<br \/>Des sch\u00e9mas de test et des aper\u00e7us ainsi que plusieurs cas pratiques avec des solutions offrent ici une aide pr\u00e9cieuse.  La d\u00e9cision, en tant que forme d\u2019action la plus importante dans l\u2019administration publique, est trait\u00e9e dans un chapitre de t\u00e9l\u00e9chargement s\u00e9par\u00e9.<\/p>\n<p>Le livre est bien adapt\u00e9 aux \u00e9tudiants en d\u00e9but de semestre, aux personnes qui changent de carri\u00e8re dans l\u2019administration et aux praticiens pour l\u2019enseignement compact des bases du droit administratif.<\/p>\n<hr>\n<figure class=\"size-small left\"><img decoding=\"async\" loading=\"lazy\" class=\"alignleft\" style=\"border: black; border-width: 1px; border-style: solid;\" src=\"https:\/\/www.tribunal-nature.org\/blog\/wp-content\/uploads\/2022\/09\/1664350558_893_Nhesitez-plus-devant-le-droit-administratif.jpg\" alt=\"\" width=\"711\" height=\"150\"><\/figure>\n<\/div>\n<p><!--googleoff: all--><!--googleon: all--><\/p>\n<p style=\"width:100%;float:left;clear:both;margin-top:2em;\"><svg style=\"width:4em;height:4em;float:left;clear:both;margin:-.75em 1em 1em 0\" viewbox=\"0 0 70 57\">\n<rect x=\"0.75\" y=\"15.75\" fill=\"#fff\" width=\"60.5\" height=\"40.5\"><\/rect>\n<path d=\"M60.5,16.5v39h-59v-39H60.5 M62,15H0v42h62V15L62,15z\"><\/path>\n<path d=\"M39.77,36.5C42.41,38.8,56.55,51.13,59,53.35c0.39,0.36,0.78,1.12,1.09,2.15H1.9c0.36-1.16,0.76-1.84,1.05-2.1l19.34-16.9\n\tH39.77 M40.33,35h-18.6L1.97,52.27C1.01,53.11,0.36,55.05,0,57h62c-0.35-1.86-0.98-3.85-1.99-4.76C57.27,49.76,40.33,35,40.33,35\n\tL40.33,35z\"><\/path>\n<path fill=\"#fff\" d=\"M30.99,41.25c-1.83,0-3.55-0.53-4.82-1.5c0,0-21.41-16.8-21.95-17.23c-2.06-1.62-2.99-5.15-3.32-6.78h60.21\n\tc-0.33,1.64-1.26,5.21-3.31,6.77c-0.53,0.41-21.1,16.54-21.98,17.23C34.55,40.71,32.83,41.25,30.99,41.25L30.99,41.25z\"><\/path>\n<path d=\"M60.18,16.5c-0.46,1.83-1.36,4.31-2.84,5.43c-0.54,0.41-21.11,16.55-21.97,17.22c-1.13,0.86-2.73,1.35-4.38,1.35\n\tc-1.65,0-3.24-0.49-4.35-1.33c0,0-21.42-16.81-21.96-17.23c-1.47-1.16-2.38-3.62-2.85-5.44H60.18 M62,15H0c0,0,0.77,5.78,3.75,8.12\n\tc0.54,0.42,21.96,17.23,21.96,17.23c1.45,1.1,3.36,1.65,5.28,1.65c1.92,0,3.84-0.55,5.29-1.66c0,0,21.43-16.81,21.97-17.22\n\tC61.23,20.85,62,15,62,15L62,15z\"><\/path>\n<ellipse fill=\"#002C76\" cx=\"57.7\" cy=\"12.39\" rx=\"12.3\" ry=\"12.39\"><\/ellipse>\n<path fill=\"#fff\" d=\"M54.91,4.32v6.11l5.72-6.11h4.02l-5.72,5.82l6.27,8.92h-4.04l-4.41-6.63l-1.84,1.88v4.75H51.7V4.32H54.91z\"><\/path>\n<\/svg>Tiens-toi \u00e0 jour \u2013 <br \/>Abonnez-vous \u00e0 la newsletter Kohlhammer<\/p>\n<footer>W. Kohlhammer GmbH \u22c5 He\u00dfbr\u00fchlstr.  69 \u22c5 70565 Stuttgart<br \/>Politique de confidentialit\u00e9 \u22c5 Mentions l\u00e9gales<\/footer>\n<\/p>\n<\/div>\n<\/div>\n","protected":false},"excerpt":{"rendered":"<p>N\u2019h\u00e9sitez plus devant le droit administratif ! | (notre blog d\u2019information) Le droit public et surtout le droit administratif n\u2019est&#8230;<\/p>\n","protected":false},"author":3,"featured_media":234,"comment_status":"closed","ping_status":"closed","sticky":false,"template":"","format":"standard","meta":{"footnotes":""},"categories":[2],"tags":[],"class_list":["post-232","post","type-post","status-publish","format-standard","has-post-thumbnail","hentry","category-droit-de-lenvironnement","wpcat-2-id"],"yoast_head":"<!-- This site is optimized with the Yoast SEO plugin v27.5 - https:\/\/yoast.com\/product\/yoast-seo-wordpress\/ -->\n<title>N\u2019h\u00e9sitez plus devant le droit administratif ! - TRIBUNAL-NATURE<\/title>\n<meta name=\"description\" content=\"N\u2019h\u00e9sitez plus devant le droit administratif ! article de TRIBUNAL-NATURE\" \/>\n<meta name=\"robots\" content=\"index, follow, max-snippet:-1, max-image-preview:large, max-video-preview:-1\" \/>\n<link rel=\"canonical\" href=\"https:\/\/www.tribunal-nature.org\/blog\/nhesitez-plus-devant-le-droit-administratif\/\" \/>\n<meta property=\"og:locale\" content=\"fr_FR\" \/>\n<meta property=\"og:type\" content=\"article\" \/>\n<meta property=\"og:title\" content=\"N\u2019h\u00e9sitez plus devant le droit administratif ! - TRIBUNAL-NATURE\" \/>\n<meta property=\"og:description\" content=\"N\u2019h\u00e9sitez plus devant le droit administratif ! article de TRIBUNAL-NATURE\" \/>\n<meta property=\"og:url\" content=\"https:\/\/www.tribunal-nature.org\/blog\/nhesitez-plus-devant-le-droit-administratif\/\" \/>\n<meta property=\"og:site_name\" content=\"TRIBUNAL-NATURE\" \/>\n<meta property=\"article:published_time\" content=\"2022-09-28T10:01:24+00:00\" \/>\n<meta property=\"og:image\" content=\"https:\/\/www.tribunal-nature.org\/blog\/wp-content\/uploads\/2022\/09\/droit-administratif-scaled.jpg\" \/>\n\t<meta property=\"og:image:width\" content=\"2560\" \/>\n\t<meta property=\"og:image:height\" content=\"1923\" \/>\n\t<meta property=\"og:image:type\" content=\"image\/jpeg\" \/>\n<meta name=\"author\" content=\"Isabelle LOUBEAU\" \/>\n<meta name=\"twitter:card\" content=\"summary_large_image\" \/>\n<meta name=\"twitter:label1\" content=\"\u00c9crit par\" \/>\n\t<meta name=\"twitter:data1\" content=\"Isabelle LOUBEAU\" \/>\n\t<meta name=\"twitter:label2\" content=\"Dur\u00e9e de lecture estim\u00e9e\" \/>\n\t<meta name=\"twitter:data2\" content=\"2 minutes\" \/>\n<script type=\"application\/ld+json\" class=\"yoast-schema-graph\">{\"@context\":\"https:\\\/\\\/schema.org\",\"@graph\":[{\"@type\":\"Article\",\"@id\":\"https:\\\/\\\/www.tribunal-nature.org\\\/blog\\\/nhesitez-plus-devant-le-droit-administratif\\\/#article\",\"isPartOf\":{\"@id\":\"https:\\\/\\\/www.tribunal-nature.org\\\/blog\\\/nhesitez-plus-devant-le-droit-administratif\\\/\"},\"author\":{\"name\":\"Isabelle LOUBEAU\",\"@id\":\"https:\\\/\\\/www.tribunal-nature.org\\\/blog\\\/#\\\/schema\\\/person\\\/55761caf7544da6b05b60523f2a0855f\"},\"headline\":\"N\u2019h\u00e9sitez plus devant le droit administratif !\",\"datePublished\":\"2022-09-28T10:01:24+00:00\",\"mainEntityOfPage\":{\"@id\":\"https:\\\/\\\/www.tribunal-nature.org\\\/blog\\\/nhesitez-plus-devant-le-droit-administratif\\\/\"},\"wordCount\":381,\"publisher\":{\"@id\":\"https:\\\/\\\/www.tribunal-nature.org\\\/blog\\\/#organization\"},\"image\":{\"@id\":\"https:\\\/\\\/www.tribunal-nature.org\\\/blog\\\/nhesitez-plus-devant-le-droit-administratif\\\/#primaryimage\"},\"thumbnailUrl\":\"https:\\\/\\\/www.tribunal-nature.org\\\/blog\\\/wp-content\\\/uploads\\\/2022\\\/09\\\/Nhesitez-plus-devant-le-droit-administratif.jpg\",\"articleSection\":[\"Droit De L'Environnement:\"],\"inLanguage\":\"fr-FR\"},{\"@type\":\"WebPage\",\"@id\":\"https:\\\/\\\/www.tribunal-nature.org\\\/blog\\\/nhesitez-plus-devant-le-droit-administratif\\\/\",\"url\":\"https:\\\/\\\/www.tribunal-nature.org\\\/blog\\\/nhesitez-plus-devant-le-droit-administratif\\\/\",\"name\":\"N\u2019h\u00e9sitez plus devant le droit administratif ! - TRIBUNAL-NATURE\",\"isPartOf\":{\"@id\":\"https:\\\/\\\/www.tribunal-nature.org\\\/blog\\\/#website\"},\"primaryImageOfPage\":{\"@id\":\"https:\\\/\\\/www.tribunal-nature.org\\\/blog\\\/nhesitez-plus-devant-le-droit-administratif\\\/#primaryimage\"},\"image\":{\"@id\":\"https:\\\/\\\/www.tribunal-nature.org\\\/blog\\\/nhesitez-plus-devant-le-droit-administratif\\\/#primaryimage\"},\"thumbnailUrl\":\"https:\\\/\\\/www.tribunal-nature.org\\\/blog\\\/wp-content\\\/uploads\\\/2022\\\/09\\\/Nhesitez-plus-devant-le-droit-administratif.jpg\",\"datePublished\":\"2022-09-28T10:01:24+00:00\",\"description\":\"N\u2019h\u00e9sitez plus devant le droit administratif ! article de TRIBUNAL-NATURE\",\"breadcrumb\":{\"@id\":\"https:\\\/\\\/www.tribunal-nature.org\\\/blog\\\/nhesitez-plus-devant-le-droit-administratif\\\/#breadcrumb\"},\"inLanguage\":\"fr-FR\",\"potentialAction\":[{\"@type\":\"ReadAction\",\"target\":[\"https:\\\/\\\/www.tribunal-nature.org\\\/blog\\\/nhesitez-plus-devant-le-droit-administratif\\\/\"]}]},{\"@type\":\"ImageObject\",\"inLanguage\":\"fr-FR\",\"@id\":\"https:\\\/\\\/www.tribunal-nature.org\\\/blog\\\/nhesitez-plus-devant-le-droit-administratif\\\/#primaryimage\",\"url\":\"https:\\\/\\\/www.tribunal-nature.org\\\/blog\\\/wp-content\\\/uploads\\\/2022\\\/09\\\/Nhesitez-plus-devant-le-droit-administratif.jpg\",\"contentUrl\":\"https:\\\/\\\/www.tribunal-nature.org\\\/blog\\\/wp-content\\\/uploads\\\/2022\\\/09\\\/Nhesitez-plus-devant-le-droit-administratif.jpg\",\"width\":457,\"height\":648,\"caption\":\"Nhesitez plus devant le droit administratif\"},{\"@type\":\"BreadcrumbList\",\"@id\":\"https:\\\/\\\/www.tribunal-nature.org\\\/blog\\\/nhesitez-plus-devant-le-droit-administratif\\\/#breadcrumb\",\"itemListElement\":[{\"@type\":\"ListItem\",\"position\":1,\"name\":\"Accueil\",\"item\":\"https:\\\/\\\/www.tribunal-nature.org\\\/blog\\\/\"},{\"@type\":\"ListItem\",\"position\":2,\"name\":\"N\u2019h\u00e9sitez plus devant le droit administratif !\"}]},{\"@type\":\"WebSite\",\"@id\":\"https:\\\/\\\/www.tribunal-nature.org\\\/blog\\\/#website\",\"url\":\"https:\\\/\\\/www.tribunal-nature.org\\\/blog\\\/\",\"name\":\"TRIBUNAL-NATURE\",\"description\":\"Droit De L&#039;Environnement.\",\"publisher\":{\"@id\":\"https:\\\/\\\/www.tribunal-nature.org\\\/blog\\\/#organization\"},\"potentialAction\":[{\"@type\":\"SearchAction\",\"target\":{\"@type\":\"EntryPoint\",\"urlTemplate\":\"https:\\\/\\\/www.tribunal-nature.org\\\/blog\\\/?s={search_term_string}\"},\"query-input\":{\"@type\":\"PropertyValueSpecification\",\"valueRequired\":true,\"valueName\":\"search_term_string\"}}],\"inLanguage\":\"fr-FR\"},{\"@type\":\"Organization\",\"@id\":\"https:\\\/\\\/www.tribunal-nature.org\\\/blog\\\/#organization\",\"name\":\"tribunal-nature\",\"url\":\"https:\\\/\\\/www.tribunal-nature.org\\\/blog\\\/\",\"logo\":{\"@type\":\"ImageObject\",\"inLanguage\":\"fr-FR\",\"@id\":\"https:\\\/\\\/www.tribunal-nature.org\\\/blog\\\/#\\\/schema\\\/logo\\\/image\\\/\",\"url\":\"https:\\\/\\\/www.tribunal-nature.org\\\/blog\\\/wp-content\\\/uploads\\\/2022\\\/05\\\/logo-2.png\",\"contentUrl\":\"https:\\\/\\\/www.tribunal-nature.org\\\/blog\\\/wp-content\\\/uploads\\\/2022\\\/05\\\/logo-2.png\",\"width\":180,\"height\":180,\"caption\":\"tribunal-nature\"},\"image\":{\"@id\":\"https:\\\/\\\/www.tribunal-nature.org\\\/blog\\\/#\\\/schema\\\/logo\\\/image\\\/\"}},{\"@type\":\"Person\",\"@id\":\"https:\\\/\\\/www.tribunal-nature.org\\\/blog\\\/#\\\/schema\\\/person\\\/55761caf7544da6b05b60523f2a0855f\",\"name\":\"Isabelle LOUBEAU\",\"image\":{\"@type\":\"ImageObject\",\"inLanguage\":\"fr-FR\",\"@id\":\"https:\\\/\\\/secure.gravatar.com\\\/avatar\\\/b6912620aca78633bf5d50400888815d3b38a1118e82b94050843f411f3f5972?s=96&d=mm&r=g\",\"url\":\"https:\\\/\\\/secure.gravatar.com\\\/avatar\\\/b6912620aca78633bf5d50400888815d3b38a1118e82b94050843f411f3f5972?s=96&d=mm&r=g\",\"contentUrl\":\"https:\\\/\\\/secure.gravatar.com\\\/avatar\\\/b6912620aca78633bf5d50400888815d3b38a1118e82b94050843f411f3f5972?s=96&d=mm&r=g\",\"caption\":\"Isabelle LOUBEAU\"},\"url\":\"https:\\\/\\\/www.tribunal-nature.org\\\/blog\\\/author\\\/ureisabelle\\\/\"}]}<\/script>\n<!-- \/ Yoast SEO plugin. -->","yoast_head_json":{"title":"N\u2019h\u00e9sitez plus devant le droit administratif ! - TRIBUNAL-NATURE","description":"N\u2019h\u00e9sitez plus devant le droit administratif ! article de TRIBUNAL-NATURE","robots":{"index":"index","follow":"follow","max-snippet":"max-snippet:-1","max-image-preview":"max-image-preview:large","max-video-preview":"max-video-preview:-1"},"canonical":"https:\/\/www.tribunal-nature.org\/blog\/nhesitez-plus-devant-le-droit-administratif\/","og_locale":"fr_FR","og_type":"article","og_title":"N\u2019h\u00e9sitez plus devant le droit administratif ! - TRIBUNAL-NATURE","og_description":"N\u2019h\u00e9sitez plus devant le droit administratif ! article de TRIBUNAL-NATURE","og_url":"https:\/\/www.tribunal-nature.org\/blog\/nhesitez-plus-devant-le-droit-administratif\/","og_site_name":"TRIBUNAL-NATURE","article_published_time":"2022-09-28T10:01:24+00:00","og_image":[{"width":2560,"height":1923,"url":"https:\/\/www.tribunal-nature.org\/blog\/wp-content\/uploads\/2022\/09\/droit-administratif-scaled.jpg","type":"image\/jpeg"}],"author":"Isabelle LOUBEAU","twitter_card":"summary_large_image","twitter_misc":{"\u00c9crit par":"Isabelle LOUBEAU","Dur\u00e9e de lecture estim\u00e9e":"2 minutes"},"schema":{"@context":"https:\/\/schema.org","@graph":[{"@type":"Article","@id":"https:\/\/www.tribunal-nature.org\/blog\/nhesitez-plus-devant-le-droit-administratif\/#article","isPartOf":{"@id":"https:\/\/www.tribunal-nature.org\/blog\/nhesitez-plus-devant-le-droit-administratif\/"},"author":{"name":"Isabelle LOUBEAU","@id":"https:\/\/www.tribunal-nature.org\/blog\/#\/schema\/person\/55761caf7544da6b05b60523f2a0855f"},"headline":"N\u2019h\u00e9sitez plus devant le droit administratif !","datePublished":"2022-09-28T10:01:24+00:00","mainEntityOfPage":{"@id":"https:\/\/www.tribunal-nature.org\/blog\/nhesitez-plus-devant-le-droit-administratif\/"},"wordCount":381,"publisher":{"@id":"https:\/\/www.tribunal-nature.org\/blog\/#organization"},"image":{"@id":"https:\/\/www.tribunal-nature.org\/blog\/nhesitez-plus-devant-le-droit-administratif\/#primaryimage"},"thumbnailUrl":"https:\/\/www.tribunal-nature.org\/blog\/wp-content\/uploads\/2022\/09\/Nhesitez-plus-devant-le-droit-administratif.jpg","articleSection":["Droit De L'Environnement:"],"inLanguage":"fr-FR"},{"@type":"WebPage","@id":"https:\/\/www.tribunal-nature.org\/blog\/nhesitez-plus-devant-le-droit-administratif\/","url":"https:\/\/www.tribunal-nature.org\/blog\/nhesitez-plus-devant-le-droit-administratif\/","name":"N\u2019h\u00e9sitez plus devant le droit administratif ! - TRIBUNAL-NATURE","isPartOf":{"@id":"https:\/\/www.tribunal-nature.org\/blog\/#website"},"primaryImageOfPage":{"@id":"https:\/\/www.tribunal-nature.org\/blog\/nhesitez-plus-devant-le-droit-administratif\/#primaryimage"},"image":{"@id":"https:\/\/www.tribunal-nature.org\/blog\/nhesitez-plus-devant-le-droit-administratif\/#primaryimage"},"thumbnailUrl":"https:\/\/www.tribunal-nature.org\/blog\/wp-content\/uploads\/2022\/09\/Nhesitez-plus-devant-le-droit-administratif.jpg","datePublished":"2022-09-28T10:01:24+00:00","description":"N\u2019h\u00e9sitez plus devant le droit administratif ! article de TRIBUNAL-NATURE","breadcrumb":{"@id":"https:\/\/www.tribunal-nature.org\/blog\/nhesitez-plus-devant-le-droit-administratif\/#breadcrumb"},"inLanguage":"fr-FR","potentialAction":[{"@type":"ReadAction","target":["https:\/\/www.tribunal-nature.org\/blog\/nhesitez-plus-devant-le-droit-administratif\/"]}]},{"@type":"ImageObject","inLanguage":"fr-FR","@id":"https:\/\/www.tribunal-nature.org\/blog\/nhesitez-plus-devant-le-droit-administratif\/#primaryimage","url":"https:\/\/www.tribunal-nature.org\/blog\/wp-content\/uploads\/2022\/09\/Nhesitez-plus-devant-le-droit-administratif.jpg","contentUrl":"https:\/\/www.tribunal-nature.org\/blog\/wp-content\/uploads\/2022\/09\/Nhesitez-plus-devant-le-droit-administratif.jpg","width":457,"height":648,"caption":"Nhesitez plus devant le droit administratif"},{"@type":"BreadcrumbList","@id":"https:\/\/www.tribunal-nature.org\/blog\/nhesitez-plus-devant-le-droit-administratif\/#breadcrumb","itemListElement":[{"@type":"ListItem","position":1,"name":"Accueil","item":"https:\/\/www.tribunal-nature.org\/blog\/"},{"@type":"ListItem","position":2,"name":"N\u2019h\u00e9sitez plus devant le droit administratif !"}]},{"@type":"WebSite","@id":"https:\/\/www.tribunal-nature.org\/blog\/#website","url":"https:\/\/www.tribunal-nature.org\/blog\/","name":"TRIBUNAL-NATURE","description":"Droit De L&#039;Environnement.","publisher":{"@id":"https:\/\/www.tribunal-nature.org\/blog\/#organization"},"potentialAction":[{"@type":"SearchAction","target":{"@type":"EntryPoint","urlTemplate":"https:\/\/www.tribunal-nature.org\/blog\/?s={search_term_string}"},"query-input":{"@type":"PropertyValueSpecification","valueRequired":true,"valueName":"search_term_string"}}],"inLanguage":"fr-FR"},{"@type":"Organization","@id":"https:\/\/www.tribunal-nature.org\/blog\/#organization","name":"tribunal-nature","url":"https:\/\/www.tribunal-nature.org\/blog\/","logo":{"@type":"ImageObject","inLanguage":"fr-FR","@id":"https:\/\/www.tribunal-nature.org\/blog\/#\/schema\/logo\/image\/","url":"https:\/\/www.tribunal-nature.org\/blog\/wp-content\/uploads\/2022\/05\/logo-2.png","contentUrl":"https:\/\/www.tribunal-nature.org\/blog\/wp-content\/uploads\/2022\/05\/logo-2.png","width":180,"height":180,"caption":"tribunal-nature"},"image":{"@id":"https:\/\/www.tribunal-nature.org\/blog\/#\/schema\/logo\/image\/"}},{"@type":"Person","@id":"https:\/\/www.tribunal-nature.org\/blog\/#\/schema\/person\/55761caf7544da6b05b60523f2a0855f","name":"Isabelle LOUBEAU","image":{"@type":"ImageObject","inLanguage":"fr-FR","@id":"https:\/\/secure.gravatar.com\/avatar\/b6912620aca78633bf5d50400888815d3b38a1118e82b94050843f411f3f5972?s=96&d=mm&r=g","url":"https:\/\/secure.gravatar.com\/avatar\/b6912620aca78633bf5d50400888815d3b38a1118e82b94050843f411f3f5972?s=96&d=mm&r=g","contentUrl":"https:\/\/secure.gravatar.com\/avatar\/b6912620aca78633bf5d50400888815d3b38a1118e82b94050843f411f3f5972?s=96&d=mm&r=g","caption":"Isabelle LOUBEAU"},"url":"https:\/\/www.tribunal-nature.org\/blog\/author\/ureisabelle\/"}]}},"_links":{"self":[{"href":"https:\/\/www.tribunal-nature.org\/blog\/wp-json\/wp\/v2\/posts\/232","targetHints":{"allow":["GET"]}}],"collection":[{"href":"https:\/\/www.tribunal-nature.org\/blog\/wp-json\/wp\/v2\/posts"}],"about":[{"href":"https:\/\/www.tribunal-nature.org\/blog\/wp-json\/wp\/v2\/types\/post"}],"author":[{"embeddable":true,"href":"https:\/\/www.tribunal-nature.org\/blog\/wp-json\/wp\/v2\/users\/3"}],"replies":[{"embeddable":true,"href":"https:\/\/www.tribunal-nature.org\/blog\/wp-json\/wp\/v2\/comments?post=232"}],"version-history":[{"count":0,"href":"https:\/\/www.tribunal-nature.org\/blog\/wp-json\/wp\/v2\/posts\/232\/revisions"}],"wp:featuredmedia":[{"embeddable":true,"href":"https:\/\/www.tribunal-nature.org\/blog\/wp-json\/wp\/v2\/media\/234"}],"wp:attachment":[{"href":"https:\/\/www.tribunal-nature.org\/blog\/wp-json\/wp\/v2\/media?parent=232"}],"wp:term":[{"taxonomy":"category","embeddable":true,"href":"https:\/\/www.tribunal-nature.org\/blog\/wp-json\/wp\/v2\/categories?post=232"},{"taxonomy":"post_tag","embeddable":true,"href":"https:\/\/www.tribunal-nature.org\/blog\/wp-json\/wp\/v2\/tags?post=232"}],"curies":[{"name":"wp","href":"https:\/\/api.w.org\/{rel}","templated":true}]}}