{"id":222,"date":"2022-09-19T18:00:09","date_gmt":"2022-09-19T16:00:09","guid":{"rendered":"https:\/\/www.tribunal-nature.org\/blog\/siofra-oleary-elue-presidente-de-la-cour-europeenne-des-droits-de-lhomme\/"},"modified":"2022-09-19T18:00:09","modified_gmt":"2022-09-19T16:00:09","slug":"siofra-oleary-elue-presidente-de-la-cour-europeenne-des-droits-de-lhomme","status":"publish","type":"post","link":"https:\/\/www.tribunal-nature.org\/blog\/siofra-oleary-elue-presidente-de-la-cour-europeenne-des-droits-de-lhomme\/","title":{"rendered":"S\u00edofra O\u2019Leary \u00e9lue pr\u00e9sidente de la Cour europ\u00e9enne des droits de l\u2019homme"},"content":{"rendered":"<div>\n<div><meta charset=\"utf-8\"><meta http-equiv=\"x-ua-compatible\" content=\"ie=edge\"><meta name=\"viewport\" content=\"width=device-width, initial-scale=1\"><link href=\"https:\/\/eulawlive.com\/app\/images\/favicon.png\" rel=\"icon\"><meta property=\"twitter:image\" content=\"https:\/\/eulawlive.com\/app\/uploads\/linkedin_new.png\"><meta property=\"og:image\" name=\"og:image\" content=\"https:\/\/eulawlive.com\/app\/uploads\/linkedin_new.png\"><meta name=\"twitter:image\" content=\"https:\/\/eulawlive.com\/app\/uploads\/linkedin_new.png\"><meta name=\"og:image\" content=\"https:\/\/eulawlive.com\/app\/uploads\/linkedin_new.png\"><link type=\"text\/css\" media=\"all\" href=\"https:\/\/eulawlive.com\/app\/cache\/autoptimize\/css\/autoptimize_bf52da92fb62ee8d67702544c8a3893a.css\" rel=\"stylesheet\"><title>S\u00edofra O\u2019Leary \u00e9lue pr\u00e9sidente de la Cour europ\u00e9enne des droits de l\u2019homme \u2013 EU Law Live<\/title><meta name=\"robots\" content=\"max-snippet:-1, max-image-preview:large, max-video-preview:-1\"><link rel=\"canonical\" href=\"https:\/\/eulawlive.com\/siofra-oleary-elected-as-president-of-european-court-of-human-rights\/\"><meta property=\"og:locale\" content=\"en_GB\"><meta property=\"og:type\" content=\"article\"><meta property=\"og:title\" content=\"S\u00edofra O\u2019Leary elected as President of European Court of Human Rights\u00a0 - EU Law Live\"><meta property=\"og:description\" content=\"The European Court of Human Rights has today elected S\u00edofra O\u2019Leary (Ireland) as its new President, succeeding Rober Spano (Iceland). She will take up office on 1 November 2022. \u2026 \u00a0 Read more\"><meta property=\"og:url\" content=\"https:\/\/eulawlive.com\/siofra-oleary-elected-as-president-of-european-court-of-human-rights\/\"><meta property=\"og:site_name\" content=\"EU Law Live\"><meta property=\"article:tag\" content=\"News\"><meta property=\"article:section\" content=\"Human Rights\"><meta property=\"article:published_time\" content=\"2022-09-19T14:45:16+00:00\"><meta property=\"article:modified_time\" content=\"2022-09-19T14:31:23+00:00\"><meta property=\"og:updated_time\" content=\"2022-09-19T14:31:23+00:00\"><meta property=\"og:image\" content=\"https:\/\/eulawlive.com\/app\/uploads\/linkedin_new.png\"><meta property=\"og:image:secure_url\" content=\"https:\/\/eulawlive.com\/app\/uploads\/linkedin_new.png\"><meta property=\"og:image:width\" content=\"494\"><meta property=\"og:image:height\" content=\"237\"><link rel=\"dns-prefetch\" href=\"https:\/\/code.jquery.com\"><meta property=\"og:image\" content=\"https:\/\/eulawlive.com\/logo-final.jpg\"><meta property=\"twitter:image\" content=\"https:\/\/eulawlive.com\/app\/uploads\/linkedin_new.png\"><meta property=\"og:image\" name=\"og:image\" content=\"https:\/\/eulawlive.com\/app\/uploads\/linkedin_new.png\"><meta name=\"twitter:image\" content=\"https:\/\/eulawlive.com\/app\/uploads\/linkedin_new.png\"><meta name=\"og:image\" content=\"https:\/\/eulawlive.com\/app\/uploads\/linkedin_new.png\"> <noscript><iframe loading=\"lazy\" src=\"https:\/\/www.googletagmanager.com\/ns.html?id=GTM-MGMJW89\" height=\"0\" width=\"0\" style=\"display:none;visibility:hidden\"><\/iframe><\/noscript>   <\/p>\n<div class=\"wrap\" role=\"document\">\n<div class=\"content\"> <main class=\"main\" style=\"background: url('https:\/\/eulawlive.com\/app\/images\/fondo-body-up.png');background-repeat: no-repeat;background-position: top center;background-size: 918px;\"> <\/p>\n<div class=\"container contenidos-editor-posts\">\n<div class=\"row\">\n<div class=\"col-12 col-lg-11 mx-auto\">\n<div class=\"d-none d-lg-block\">\n<div class=\"fz-10 ff-titilliumweb bg-light border user-post-cat text-center ml-4 mt-4 mt-xl-0 ml-xl-0 d-none\">\n<div class=\"position-relative h-100\">\n<div class=\"position-absolute center-all w-100\">\n<div class=\"pt-1\"> <img decoding=\"async\" class=\"user-image-post-cat mb-2 img-fluid\" src=\"https:\/\/www.tribunal-nature.org\/blog\/wp-content\/uploads\/2022\/09\/1652858322_757_Tribune-Nous-sommes-une-famille-La-Cour-de-justice-ajoute.png\"> <\/div>\n<\/div>\n<\/div>\n<\/div>\n<\/div>\n<div class=\"row d-lg-none\">\n<div class=\"col-lg-11\">\n<div class=\"fz-10 ff-titilliumweb user-post-cat text-center mt-4 mt-xl-0 d-none\">\n<div class=\"position-relative h-100\">\n<div class=\"position-absolute center-all w-100\">\n<div class=\"pt-1\"> <img decoding=\"async\" class=\"user-image-post-cat mb-2 img-fluid\" src=\"https:\/\/www.tribunal-nature.org\/blog\/wp-content\/uploads\/2022\/09\/1652858322_757_Tribune-Nous-sommes-une-famille-La-Cour-de-justice-ajoute.png\"> <\/div>\n<\/div>\n<\/div>\n<\/div>\n<\/div>\n<\/div>\n<div class=\"row\">\n<div class=\"col-12 col-lg-10 mx-auto border-md-left mb-5\">\n<div class=\"row\">\n<p> <span class=\"text-gray ff-titilliumweb text-uppercase pr-2\">    19 septembre 2022 <\/span> <\/p>\n<p> <span class=\"text-primary ff-titilliumweb text-uppercase\">    Droits humains <\/span> <\/p>\n<\/div>\n<div class=\"row\">\n<div class=\"col-12 col-md-11 ml-md-auto\">\n<div class=\"ff-titilliumweb text-justify\">\n<p><span style=\"font-weight: 400;\">La Cour europ\u00e9enne des droits de l\u2019homme a \u00e9lu aujourd\u2019hui S\u00edofra O\u2019Leary (Irlande) \u00e0 sa nouvelle pr\u00e9sidence, succ\u00e9dant \u00e0 Rober Spano (Islande).  Elle prendra ses fonctions le 1er novembre 2022.<\/span><\/p>\n<p><span style=\"font-weight: 400;\">S\u00edofra O\u2019Leary est la premi\u00e8re femme pr\u00e9sidente de la Cour europ\u00e9enne des droits de l\u2019homme.  Elle est juge \u00e0 la Cour depuis le 2 juillet 2015 et vice-pr\u00e9sidente de la Cour depuis le 2 janvier 2022.<\/span><\/p>\n<p><span style=\"font-weight: 400;\">Le CV de S\u00edofra O\u2019Leary est accessible <\/span><span style=\"font-weight: 400;\">ici<\/span><span style=\"font-weight: 400;\">. <\/span><\/p>\n<p><span style=\"font-weight: 400;\">Lire le communiqu\u00e9 de presse de la Cour <\/span><span style=\"font-weight: 400;\">ici<\/span><span style=\"font-weight: 400;\">.<\/span><\/p>\n<\/div>\n<\/div>\n<\/div>\n<\/div>\n<\/div>\n<\/div>\n<\/div>\n<\/div>\n<p><\/main> <\/div>\n<\/div>\n<div id=\"cookies-hidden\" class=\"position-fixed bg-white py-1 px-3 overflow-x-hidden pointer\" style=\"right: 0; bottom: 0;border: 1px solid var(--primary);\" data-toggle=\"modal\" data-target=\"#configCookies\"> <img decoding=\"async\" class=\"d-inline-block\" src=\"https:\/\/www.tribunal-nature.org\/blog\/wp-content\/uploads\/2022\/09\/La-Commission-envoie-une-communication-des-griefs-a-Apple-sur-2.png\" style=\"max-width: 18px;\"> <span class=\"text-primary fz-18 pl-2\">biscuits<\/span> <\/div>\n<\/p>\n<\/div>\n<\/div>\n","protected":false},"excerpt":{"rendered":"<p>S\u00edofra O\u2019Leary \u00e9lue pr\u00e9sidente de la Cour europ\u00e9enne des droits de l\u2019homme \u2013 EU Law Live 19 septembre 2022 Droits&#8230;<\/p>\n","protected":false},"author":3,"featured_media":224,"comment_status":"closed","ping_status":"closed","sticky":false,"template":"","format":"standard","meta":{"footnotes":""},"categories":[2],"tags":[],"class_list":["post-222","post","type-post","status-publish","format-standard","has-post-thumbnail","hentry","category-droit-de-lenvironnement","wpcat-2-id"],"yoast_head":"<!-- This site is optimized with the Yoast SEO plugin v27.5 - https:\/\/yoast.com\/product\/yoast-seo-wordpress\/ -->\n<title>S\u00edofra O\u2019Leary \u00e9lue pr\u00e9sidente de la Cour europ\u00e9enne des droits de l\u2019homme - TRIBUNAL-NATURE<\/title>\n<meta name=\"description\" content=\"S\u00edofra O\u2019Leary \u00e9lue pr\u00e9sidente de la Cour europ\u00e9enne des droits de l\u2019homme article de TRIBUNAL-NATURE\" \/>\n<meta name=\"robots\" content=\"index, follow, max-snippet:-1, max-image-preview:large, max-video-preview:-1\" \/>\n<link rel=\"canonical\" href=\"https:\/\/www.tribunal-nature.org\/blog\/siofra-oleary-elue-presidente-de-la-cour-europeenne-des-droits-de-lhomme\/\" \/>\n<meta property=\"og:locale\" content=\"fr_FR\" \/>\n<meta property=\"og:type\" content=\"article\" \/>\n<meta property=\"og:title\" content=\"S\u00edofra O\u2019Leary \u00e9lue pr\u00e9sidente de la Cour europ\u00e9enne des droits de l\u2019homme - TRIBUNAL-NATURE\" \/>\n<meta property=\"og:description\" content=\"S\u00edofra O\u2019Leary \u00e9lue pr\u00e9sidente de la Cour europ\u00e9enne des droits de l\u2019homme article de TRIBUNAL-NATURE\" \/>\n<meta property=\"og:url\" content=\"https:\/\/www.tribunal-nature.org\/blog\/siofra-oleary-elue-presidente-de-la-cour-europeenne-des-droits-de-lhomme\/\" \/>\n<meta property=\"og:site_name\" content=\"TRIBUNAL-NATURE\" \/>\n<meta property=\"article:published_time\" content=\"2022-09-19T16:00:09+00:00\" \/>\n<meta property=\"og:image\" content=\"https:\/\/www.tribunal-nature.org\/blog\/wp-content\/uploads\/2022\/09\/la-cour.jpg\" \/>\n\t<meta property=\"og:image:width\" content=\"1920\" \/>\n\t<meta property=\"og:image:height\" content=\"1280\" \/>\n\t<meta property=\"og:image:type\" content=\"image\/jpeg\" \/>\n<meta name=\"author\" content=\"Isabelle LOUBEAU\" \/>\n<meta name=\"twitter:card\" content=\"summary_large_image\" \/>\n<meta name=\"twitter:label1\" content=\"\u00c9crit par\" \/>\n\t<meta name=\"twitter:data1\" content=\"Isabelle LOUBEAU\" \/>\n\t<meta name=\"twitter:label2\" content=\"Dur\u00e9e de lecture estim\u00e9e\" \/>\n\t<meta name=\"twitter:data2\" content=\"1 minute\" \/>\n<script type=\"application\/ld+json\" class=\"yoast-schema-graph\">{\"@context\":\"https:\\\/\\\/schema.org\",\"@graph\":[{\"@type\":\"Article\",\"@id\":\"https:\\\/\\\/www.tribunal-nature.org\\\/blog\\\/siofra-oleary-elue-presidente-de-la-cour-europeenne-des-droits-de-lhomme\\\/#article\",\"isPartOf\":{\"@id\":\"https:\\\/\\\/www.tribunal-nature.org\\\/blog\\\/siofra-oleary-elue-presidente-de-la-cour-europeenne-des-droits-de-lhomme\\\/\"},\"author\":{\"name\":\"Isabelle LOUBEAU\",\"@id\":\"https:\\\/\\\/www.tribunal-nature.org\\\/blog\\\/#\\\/schema\\\/person\\\/55761caf7544da6b05b60523f2a0855f\"},\"headline\":\"S\u00edofra O\u2019Leary \u00e9lue pr\u00e9sidente de la Cour europ\u00e9enne des droits de l\u2019homme\",\"datePublished\":\"2022-09-19T16:00:09+00:00\",\"mainEntityOfPage\":{\"@id\":\"https:\\\/\\\/www.tribunal-nature.org\\\/blog\\\/siofra-oleary-elue-presidente-de-la-cour-europeenne-des-droits-de-lhomme\\\/\"},\"wordCount\":132,\"publisher\":{\"@id\":\"https:\\\/\\\/www.tribunal-nature.org\\\/blog\\\/#organization\"},\"image\":{\"@id\":\"https:\\\/\\\/www.tribunal-nature.org\\\/blog\\\/siofra-oleary-elue-presidente-de-la-cour-europeenne-des-droits-de-lhomme\\\/#primaryimage\"},\"thumbnailUrl\":\"https:\\\/\\\/www.tribunal-nature.org\\\/blog\\\/wp-content\\\/uploads\\\/2022\\\/09\\\/1652858322_757_Tribune-Nous-sommes-une-famille-La-Cour-de-justice-ajoute.png\",\"articleSection\":[\"Droit De L'Environnement:\"],\"inLanguage\":\"fr-FR\"},{\"@type\":\"WebPage\",\"@id\":\"https:\\\/\\\/www.tribunal-nature.org\\\/blog\\\/siofra-oleary-elue-presidente-de-la-cour-europeenne-des-droits-de-lhomme\\\/\",\"url\":\"https:\\\/\\\/www.tribunal-nature.org\\\/blog\\\/siofra-oleary-elue-presidente-de-la-cour-europeenne-des-droits-de-lhomme\\\/\",\"name\":\"S\u00edofra O\u2019Leary \u00e9lue pr\u00e9sidente de la Cour europ\u00e9enne des droits de l\u2019homme - TRIBUNAL-NATURE\",\"isPartOf\":{\"@id\":\"https:\\\/\\\/www.tribunal-nature.org\\\/blog\\\/#website\"},\"primaryImageOfPage\":{\"@id\":\"https:\\\/\\\/www.tribunal-nature.org\\\/blog\\\/siofra-oleary-elue-presidente-de-la-cour-europeenne-des-droits-de-lhomme\\\/#primaryimage\"},\"image\":{\"@id\":\"https:\\\/\\\/www.tribunal-nature.org\\\/blog\\\/siofra-oleary-elue-presidente-de-la-cour-europeenne-des-droits-de-lhomme\\\/#primaryimage\"},\"thumbnailUrl\":\"https:\\\/\\\/www.tribunal-nature.org\\\/blog\\\/wp-content\\\/uploads\\\/2022\\\/09\\\/1652858322_757_Tribune-Nous-sommes-une-famille-La-Cour-de-justice-ajoute.png\",\"datePublished\":\"2022-09-19T16:00:09+00:00\",\"description\":\"S\u00edofra O\u2019Leary \u00e9lue pr\u00e9sidente de la Cour europ\u00e9enne des droits de l\u2019homme article de TRIBUNAL-NATURE\",\"breadcrumb\":{\"@id\":\"https:\\\/\\\/www.tribunal-nature.org\\\/blog\\\/siofra-oleary-elue-presidente-de-la-cour-europeenne-des-droits-de-lhomme\\\/#breadcrumb\"},\"inLanguage\":\"fr-FR\",\"potentialAction\":[{\"@type\":\"ReadAction\",\"target\":[\"https:\\\/\\\/www.tribunal-nature.org\\\/blog\\\/siofra-oleary-elue-presidente-de-la-cour-europeenne-des-droits-de-lhomme\\\/\"]}]},{\"@type\":\"ImageObject\",\"inLanguage\":\"fr-FR\",\"@id\":\"https:\\\/\\\/www.tribunal-nature.org\\\/blog\\\/siofra-oleary-elue-presidente-de-la-cour-europeenne-des-droits-de-lhomme\\\/#primaryimage\",\"url\":\"https:\\\/\\\/www.tribunal-nature.org\\\/blog\\\/wp-content\\\/uploads\\\/2022\\\/09\\\/1652858322_757_Tribune-Nous-sommes-une-famille-La-Cour-de-justice-ajoute.png\",\"contentUrl\":\"https:\\\/\\\/www.tribunal-nature.org\\\/blog\\\/wp-content\\\/uploads\\\/2022\\\/09\\\/1652858322_757_Tribune-Nous-sommes-une-famille-La-Cour-de-justice-ajoute.png\",\"width\":100,\"height\":100,\"caption\":\"1652858322 757 Tribune Nous sommes une famille La Cour de justice ajoute\"},{\"@type\":\"BreadcrumbList\",\"@id\":\"https:\\\/\\\/www.tribunal-nature.org\\\/blog\\\/siofra-oleary-elue-presidente-de-la-cour-europeenne-des-droits-de-lhomme\\\/#breadcrumb\",\"itemListElement\":[{\"@type\":\"ListItem\",\"position\":1,\"name\":\"Accueil\",\"item\":\"https:\\\/\\\/www.tribunal-nature.org\\\/blog\\\/\"},{\"@type\":\"ListItem\",\"position\":2,\"name\":\"S\u00edofra O\u2019Leary \u00e9lue pr\u00e9sidente de la Cour europ\u00e9enne des droits de l\u2019homme\"}]},{\"@type\":\"WebSite\",\"@id\":\"https:\\\/\\\/www.tribunal-nature.org\\\/blog\\\/#website\",\"url\":\"https:\\\/\\\/www.tribunal-nature.org\\\/blog\\\/\",\"name\":\"TRIBUNAL-NATURE\",\"description\":\"Droit De L&#039;Environnement.\",\"publisher\":{\"@id\":\"https:\\\/\\\/www.tribunal-nature.org\\\/blog\\\/#organization\"},\"potentialAction\":[{\"@type\":\"SearchAction\",\"target\":{\"@type\":\"EntryPoint\",\"urlTemplate\":\"https:\\\/\\\/www.tribunal-nature.org\\\/blog\\\/?s={search_term_string}\"},\"query-input\":{\"@type\":\"PropertyValueSpecification\",\"valueRequired\":true,\"valueName\":\"search_term_string\"}}],\"inLanguage\":\"fr-FR\"},{\"@type\":\"Organization\",\"@id\":\"https:\\\/\\\/www.tribunal-nature.org\\\/blog\\\/#organization\",\"name\":\"tribunal-nature\",\"url\":\"https:\\\/\\\/www.tribunal-nature.org\\\/blog\\\/\",\"logo\":{\"@type\":\"ImageObject\",\"inLanguage\":\"fr-FR\",\"@id\":\"https:\\\/\\\/www.tribunal-nature.org\\\/blog\\\/#\\\/schema\\\/logo\\\/image\\\/\",\"url\":\"https:\\\/\\\/www.tribunal-nature.org\\\/blog\\\/wp-content\\\/uploads\\\/2022\\\/05\\\/logo-2.png\",\"contentUrl\":\"https:\\\/\\\/www.tribunal-nature.org\\\/blog\\\/wp-content\\\/uploads\\\/2022\\\/05\\\/logo-2.png\",\"width\":180,\"height\":180,\"caption\":\"tribunal-nature\"},\"image\":{\"@id\":\"https:\\\/\\\/www.tribunal-nature.org\\\/blog\\\/#\\\/schema\\\/logo\\\/image\\\/\"}},{\"@type\":\"Person\",\"@id\":\"https:\\\/\\\/www.tribunal-nature.org\\\/blog\\\/#\\\/schema\\\/person\\\/55761caf7544da6b05b60523f2a0855f\",\"name\":\"Isabelle LOUBEAU\",\"image\":{\"@type\":\"ImageObject\",\"inLanguage\":\"fr-FR\",\"@id\":\"https:\\\/\\\/secure.gravatar.com\\\/avatar\\\/b6912620aca78633bf5d50400888815d3b38a1118e82b94050843f411f3f5972?s=96&d=mm&r=g\",\"url\":\"https:\\\/\\\/secure.gravatar.com\\\/avatar\\\/b6912620aca78633bf5d50400888815d3b38a1118e82b94050843f411f3f5972?s=96&d=mm&r=g\",\"contentUrl\":\"https:\\\/\\\/secure.gravatar.com\\\/avatar\\\/b6912620aca78633bf5d50400888815d3b38a1118e82b94050843f411f3f5972?s=96&d=mm&r=g\",\"caption\":\"Isabelle LOUBEAU\"},\"url\":\"https:\\\/\\\/www.tribunal-nature.org\\\/blog\\\/author\\\/ureisabelle\\\/\"}]}<\/script>\n<!-- \/ Yoast SEO plugin. -->","yoast_head_json":{"title":"S\u00edofra O\u2019Leary \u00e9lue pr\u00e9sidente de la Cour europ\u00e9enne des droits de l\u2019homme - TRIBUNAL-NATURE","description":"S\u00edofra O\u2019Leary \u00e9lue pr\u00e9sidente de la Cour europ\u00e9enne des droits de l\u2019homme article de TRIBUNAL-NATURE","robots":{"index":"index","follow":"follow","max-snippet":"max-snippet:-1","max-image-preview":"max-image-preview:large","max-video-preview":"max-video-preview:-1"},"canonical":"https:\/\/www.tribunal-nature.org\/blog\/siofra-oleary-elue-presidente-de-la-cour-europeenne-des-droits-de-lhomme\/","og_locale":"fr_FR","og_type":"article","og_title":"S\u00edofra O\u2019Leary \u00e9lue pr\u00e9sidente de la Cour europ\u00e9enne des droits de l\u2019homme - TRIBUNAL-NATURE","og_description":"S\u00edofra O\u2019Leary \u00e9lue pr\u00e9sidente de la Cour europ\u00e9enne des droits de l\u2019homme article de TRIBUNAL-NATURE","og_url":"https:\/\/www.tribunal-nature.org\/blog\/siofra-oleary-elue-presidente-de-la-cour-europeenne-des-droits-de-lhomme\/","og_site_name":"TRIBUNAL-NATURE","article_published_time":"2022-09-19T16:00:09+00:00","og_image":[{"width":1920,"height":1280,"url":"https:\/\/www.tribunal-nature.org\/blog\/wp-content\/uploads\/2022\/09\/la-cour.jpg","type":"image\/jpeg"}],"author":"Isabelle LOUBEAU","twitter_card":"summary_large_image","twitter_misc":{"\u00c9crit par":"Isabelle LOUBEAU","Dur\u00e9e de lecture estim\u00e9e":"1 minute"},"schema":{"@context":"https:\/\/schema.org","@graph":[{"@type":"Article","@id":"https:\/\/www.tribunal-nature.org\/blog\/siofra-oleary-elue-presidente-de-la-cour-europeenne-des-droits-de-lhomme\/#article","isPartOf":{"@id":"https:\/\/www.tribunal-nature.org\/blog\/siofra-oleary-elue-presidente-de-la-cour-europeenne-des-droits-de-lhomme\/"},"author":{"name":"Isabelle LOUBEAU","@id":"https:\/\/www.tribunal-nature.org\/blog\/#\/schema\/person\/55761caf7544da6b05b60523f2a0855f"},"headline":"S\u00edofra O\u2019Leary \u00e9lue pr\u00e9sidente de la Cour europ\u00e9enne des droits de l\u2019homme","datePublished":"2022-09-19T16:00:09+00:00","mainEntityOfPage":{"@id":"https:\/\/www.tribunal-nature.org\/blog\/siofra-oleary-elue-presidente-de-la-cour-europeenne-des-droits-de-lhomme\/"},"wordCount":132,"publisher":{"@id":"https:\/\/www.tribunal-nature.org\/blog\/#organization"},"image":{"@id":"https:\/\/www.tribunal-nature.org\/blog\/siofra-oleary-elue-presidente-de-la-cour-europeenne-des-droits-de-lhomme\/#primaryimage"},"thumbnailUrl":"https:\/\/www.tribunal-nature.org\/blog\/wp-content\/uploads\/2022\/09\/1652858322_757_Tribune-Nous-sommes-une-famille-La-Cour-de-justice-ajoute.png","articleSection":["Droit De L'Environnement:"],"inLanguage":"fr-FR"},{"@type":"WebPage","@id":"https:\/\/www.tribunal-nature.org\/blog\/siofra-oleary-elue-presidente-de-la-cour-europeenne-des-droits-de-lhomme\/","url":"https:\/\/www.tribunal-nature.org\/blog\/siofra-oleary-elue-presidente-de-la-cour-europeenne-des-droits-de-lhomme\/","name":"S\u00edofra O\u2019Leary \u00e9lue pr\u00e9sidente de la Cour europ\u00e9enne des droits de l\u2019homme - TRIBUNAL-NATURE","isPartOf":{"@id":"https:\/\/www.tribunal-nature.org\/blog\/#website"},"primaryImageOfPage":{"@id":"https:\/\/www.tribunal-nature.org\/blog\/siofra-oleary-elue-presidente-de-la-cour-europeenne-des-droits-de-lhomme\/#primaryimage"},"image":{"@id":"https:\/\/www.tribunal-nature.org\/blog\/siofra-oleary-elue-presidente-de-la-cour-europeenne-des-droits-de-lhomme\/#primaryimage"},"thumbnailUrl":"https:\/\/www.tribunal-nature.org\/blog\/wp-content\/uploads\/2022\/09\/1652858322_757_Tribune-Nous-sommes-une-famille-La-Cour-de-justice-ajoute.png","datePublished":"2022-09-19T16:00:09+00:00","description":"S\u00edofra O\u2019Leary \u00e9lue pr\u00e9sidente de la Cour europ\u00e9enne des droits de l\u2019homme article de TRIBUNAL-NATURE","breadcrumb":{"@id":"https:\/\/www.tribunal-nature.org\/blog\/siofra-oleary-elue-presidente-de-la-cour-europeenne-des-droits-de-lhomme\/#breadcrumb"},"inLanguage":"fr-FR","potentialAction":[{"@type":"ReadAction","target":["https:\/\/www.tribunal-nature.org\/blog\/siofra-oleary-elue-presidente-de-la-cour-europeenne-des-droits-de-lhomme\/"]}]},{"@type":"ImageObject","inLanguage":"fr-FR","@id":"https:\/\/www.tribunal-nature.org\/blog\/siofra-oleary-elue-presidente-de-la-cour-europeenne-des-droits-de-lhomme\/#primaryimage","url":"https:\/\/www.tribunal-nature.org\/blog\/wp-content\/uploads\/2022\/09\/1652858322_757_Tribune-Nous-sommes-une-famille-La-Cour-de-justice-ajoute.png","contentUrl":"https:\/\/www.tribunal-nature.org\/blog\/wp-content\/uploads\/2022\/09\/1652858322_757_Tribune-Nous-sommes-une-famille-La-Cour-de-justice-ajoute.png","width":100,"height":100,"caption":"1652858322 757 Tribune Nous sommes une famille La Cour de justice ajoute"},{"@type":"BreadcrumbList","@id":"https:\/\/www.tribunal-nature.org\/blog\/siofra-oleary-elue-presidente-de-la-cour-europeenne-des-droits-de-lhomme\/#breadcrumb","itemListElement":[{"@type":"ListItem","position":1,"name":"Accueil","item":"https:\/\/www.tribunal-nature.org\/blog\/"},{"@type":"ListItem","position":2,"name":"S\u00edofra O\u2019Leary \u00e9lue pr\u00e9sidente de la Cour europ\u00e9enne des droits de l\u2019homme"}]},{"@type":"WebSite","@id":"https:\/\/www.tribunal-nature.org\/blog\/#website","url":"https:\/\/www.tribunal-nature.org\/blog\/","name":"TRIBUNAL-NATURE","description":"Droit De L&#039;Environnement.","publisher":{"@id":"https:\/\/www.tribunal-nature.org\/blog\/#organization"},"potentialAction":[{"@type":"SearchAction","target":{"@type":"EntryPoint","urlTemplate":"https:\/\/www.tribunal-nature.org\/blog\/?s={search_term_string}"},"query-input":{"@type":"PropertyValueSpecification","valueRequired":true,"valueName":"search_term_string"}}],"inLanguage":"fr-FR"},{"@type":"Organization","@id":"https:\/\/www.tribunal-nature.org\/blog\/#organization","name":"tribunal-nature","url":"https:\/\/www.tribunal-nature.org\/blog\/","logo":{"@type":"ImageObject","inLanguage":"fr-FR","@id":"https:\/\/www.tribunal-nature.org\/blog\/#\/schema\/logo\/image\/","url":"https:\/\/www.tribunal-nature.org\/blog\/wp-content\/uploads\/2022\/05\/logo-2.png","contentUrl":"https:\/\/www.tribunal-nature.org\/blog\/wp-content\/uploads\/2022\/05\/logo-2.png","width":180,"height":180,"caption":"tribunal-nature"},"image":{"@id":"https:\/\/www.tribunal-nature.org\/blog\/#\/schema\/logo\/image\/"}},{"@type":"Person","@id":"https:\/\/www.tribunal-nature.org\/blog\/#\/schema\/person\/55761caf7544da6b05b60523f2a0855f","name":"Isabelle LOUBEAU","image":{"@type":"ImageObject","inLanguage":"fr-FR","@id":"https:\/\/secure.gravatar.com\/avatar\/b6912620aca78633bf5d50400888815d3b38a1118e82b94050843f411f3f5972?s=96&d=mm&r=g","url":"https:\/\/secure.gravatar.com\/avatar\/b6912620aca78633bf5d50400888815d3b38a1118e82b94050843f411f3f5972?s=96&d=mm&r=g","contentUrl":"https:\/\/secure.gravatar.com\/avatar\/b6912620aca78633bf5d50400888815d3b38a1118e82b94050843f411f3f5972?s=96&d=mm&r=g","caption":"Isabelle LOUBEAU"},"url":"https:\/\/www.tribunal-nature.org\/blog\/author\/ureisabelle\/"}]}},"_links":{"self":[{"href":"https:\/\/www.tribunal-nature.org\/blog\/wp-json\/wp\/v2\/posts\/222","targetHints":{"allow":["GET"]}}],"collection":[{"href":"https:\/\/www.tribunal-nature.org\/blog\/wp-json\/wp\/v2\/posts"}],"about":[{"href":"https:\/\/www.tribunal-nature.org\/blog\/wp-json\/wp\/v2\/types\/post"}],"author":[{"embeddable":true,"href":"https:\/\/www.tribunal-nature.org\/blog\/wp-json\/wp\/v2\/users\/3"}],"replies":[{"embeddable":true,"href":"https:\/\/www.tribunal-nature.org\/blog\/wp-json\/wp\/v2\/comments?post=222"}],"version-history":[{"count":0,"href":"https:\/\/www.tribunal-nature.org\/blog\/wp-json\/wp\/v2\/posts\/222\/revisions"}],"wp:featuredmedia":[{"embeddable":true,"href":"https:\/\/www.tribunal-nature.org\/blog\/wp-json\/wp\/v2\/media\/224"}],"wp:attachment":[{"href":"https:\/\/www.tribunal-nature.org\/blog\/wp-json\/wp\/v2\/media?parent=222"}],"wp:term":[{"taxonomy":"category","embeddable":true,"href":"https:\/\/www.tribunal-nature.org\/blog\/wp-json\/wp\/v2\/categories?post=222"},{"taxonomy":"post_tag","embeddable":true,"href":"https:\/\/www.tribunal-nature.org\/blog\/wp-json\/wp\/v2\/tags?post=222"}],"curies":[{"name":"wp","href":"https:\/\/api.w.org\/{rel}","templated":true}]}}