{"id":220,"date":"2022-09-19T03:02:34","date_gmt":"2022-09-19T01:02:34","guid":{"rendered":"https:\/\/www.tribunal-nature.org\/blog\/sur-le-web-ukraine-la-presidence-de-lunion-europeenne-reclame-un-tribunal-special-pour-les-massacres-dans-la-ville-dizioum\/"},"modified":"2022-09-19T03:02:34","modified_gmt":"2022-09-19T01:02:34","slug":"sur-le-web-ukraine-la-presidence-de-lunion-europeenne-reclame-un-tribunal-special-pour-les-massacres-dans-la-ville-dizioum","status":"publish","type":"post","link":"https:\/\/www.tribunal-nature.org\/blog\/sur-le-web-ukraine-la-presidence-de-lunion-europeenne-reclame-un-tribunal-special-pour-les-massacres-dans-la-ville-dizioum\/","title":{"rendered":"Sur le web  : Ukraine : la pr\u00e9sidence de l\u2019Union europ\u00e9enne r\u00e9clame un tribunal sp\u00e9cial pour les massacres dans la ville d\u2019Izioum"},"content":{"rendered":"<div>\n<p>Voici l\u2019essentiel d\u2019un \u00ab papier journalistique \u00bb que notre \u00e9quipe vient de voir sur le web. Le sujet va positivement vous satisfaire. Car la th\u00e9matique est \u00ab\u00a0la justice\u00a0\u00bb.<\/p>\n<p>Son titre  (Ukraine : la pr\u00e9sidence de l\u2019Union europ\u00e9enne r\u00e9clame un tribunal sp\u00e9cial pour les massacres dans la ville d\u2019Izioum) est parlant.<\/p>\n<p> Pr\u00e9sent\u00e9 sous la signature \u00abd\u2019anonymat<br \/>\n\u00bb, l\u2019\u00e9crivain est reconnu comme quelqu\u2019un de s\u00e9rieux pour plusieurs autres textes qu\u2019il a publi\u00e9s sur internet.<\/p>\n<p>Vous pouvez lire ces informations en toute confiance.<\/p>\n<p>L\u2019\u00e9ditorial a \u00e9t\u00e9 diffus\u00e9 \u00e0 une date not\u00e9e 2022-09-18 12:39:00.<\/p>\n<p>La pr\u00e9sidence tch\u00e8que de l\u2019Union europ\u00e9enne souhaite que puisse se cr\u00e9er un tribunal international sp\u00e9cial apr\u00e8s la d\u00e9couverte de centaines de corps enterr\u00e9s pr\u00e8s d\u2019Izioum.<\/p>\n<div>\n<p class=\"MsoNormal\">La pr\u00e9sidence tch\u00e8que de l\u2019Union europ\u00e9enne souhaite que puisse se cr\u00e9er un tribunal international sp\u00e9cial apr\u00e8s la d\u00e9couverte de centaines de corps enterr\u00e9s pr\u00e8s d\u2019Izioum, selon des informations d\u2019Euronews. La ville a \u00e9t\u00e9 reprise aux Russes dans l\u2019Est de l\u2019Ukraine, o\u00f9 les combats continuent.\u00a0<\/p>\n<p class=\"MsoNormal\">\u00ab\u00a0Au XXIe si\u00e8cle, de telles attaques contre la population civile sont impensables et odieuses. J\u2019appelle \u00e0 la cr\u00e9ation rapide d\u2019un tribunal international sp\u00e9cial\u00a0\u00bb, a d\u00e9clar\u00e9 samedi sur Twitter le ministre tch\u00e8que des Affaires \u00e9trang\u00e8res, Jan Lipavsky, dont le pays assure la pr\u00e9sidence tournante de l\u2019Union europ\u00e9enne.<\/p>\n<p class=\"MsoNormal\">Les autorit\u00e9s ukrainiennes ont fait \u00e9tat vendredi de \u00ab\u00a0450 corps de civils portant des traces de mort violente et de torture\u00a0\u00bb enterr\u00e9s dans un bois \u00e0 la p\u00e9riph\u00e9rie d\u2019Izioum.<\/p>\n<p class=\"MsoNormal\">\u00ab\u00a0Plus de 10 chambres de torture ont d\u00e9j\u00e0 \u00e9t\u00e9 d\u00e9couvertes dans diff\u00e9rentes villes lib\u00e9r\u00e9es dans la r\u00e9gion de Kharkiv\u00a0\u00bb, o\u00f9 se trouve Izioum, selon le pr\u00e9sident ukrainien Volodymyr Zelensky.<\/p>\n<p class=\"MsoNormal\">L\u2019annonce de cette d\u00e9couverte macabre a soulev\u00e9 une nouvelle vague d\u2019indignation en Occident, un peu plus de cinq mois apr\u00e8s que l\u2019arm\u00e9e russe, chass\u00e9e des environs de Kyiv, avait laiss\u00e9 derri\u00e8re elle des centaines de cadavres de civils, dont un certain nombre portaient des traces de tortures et d\u2019ex\u00e9cutions sommaires, notamment dans la localit\u00e9 de Boutcha.<\/p>\n<p class=\"MsoNormal\">La pr\u00e9sidente de la Commission europ\u00e9enne Ursula von der Leyen a d\u00e9clar\u00e9 souhaiter la comparution du pr\u00e9sident russe Vladimir Poutine devant la justice internationale pour crimes de guerre.<\/p>\n<\/div>\n<p><script type=\"5b5b7ae2b3c6c212d27078cb-application\/javascript\">\n                    !function(f,b,e,v,n,t,s)\n                    if(f.fbq)return;n=f.fbq=function()n.callMethod?\n                    n.callMethod.apply(n,arguments):n.queue.push(arguments);\n                    if(!f._fbq)f._fbq=n;n.push=n;n.loaded=!0;n.version='2.0';\n                    n.queue=[];t=b.createElement(e);t.async=!0;\n                    t.src=v;s=b.getElementsByTagName(e)[0];\n                    s.parentNode.insertBefore(t,s)(window, document,'script',\n                    '\n                    fbq('init', '519216399362243');\n                    fbq('track', 'PageView');\n                <\/script><\/p>\n<p>A lire sur un objet similaire:<\/p>\n<p>Confidences d\u2019un maton,<a target=\"_blank\" rel=\"nofollow\" href=\"https:\/\/www.tribunal-nature.org\/blog\/goto\/https:\/\/booknode.com\/confidences_dun_maton_01696844\"  target=\"_blank\" rel=\"noopener noreferrer nofollow\">Clicker Ici <\/a><span><\/span>.<\/p>\n<p>Introduction g\u00e9n\u00e9rale au droit,<a target=\"_blank\" rel=\"nofollow\" href=\"https:\/\/www.tribunal-nature.org\/blog\/goto\/https:\/\/booknode.com\/introduction_generale_au_droit_01773795\"  target=\"_blank\" rel=\"noopener noreferrer nofollow\">Le livre <\/a><span><\/span>.<\/p>\n<p>Un combat pour la justice,<a target=\"_blank\" rel=\"nofollow\" href=\"https:\/\/www.tribunal-nature.org\/blog\/goto\/https:\/\/www.kobo.com\/fr\/fr\/ebook\/un-combat-pour-la-justice\"  target=\"_blank\" rel=\"noopener noreferrer nofollow\">Ouvrage <\/a><span><\/span>.<\/p>\n<\/div>\n","protected":false},"excerpt":{"rendered":"<p>Voici l\u2019essentiel d\u2019un \u00ab papier journalistique \u00bb que notre \u00e9quipe vient de voir sur le web. Le sujet va positivement&#8230;<\/p>\n","protected":false},"author":3,"featured_media":221,"comment_status":"closed","ping_status":"closed","sticky":false,"template":"","format":"standard","meta":{"footnotes":""},"categories":[2],"tags":[],"class_list":["post-220","post","type-post","status-publish","format-standard","has-post-thumbnail","hentry","category-droit-de-lenvironnement","wpcat-2-id"],"yoast_head":"<!-- This site is optimized with the Yoast SEO plugin v27.5 - https:\/\/yoast.com\/product\/yoast-seo-wordpress\/ -->\n<title>Sur le web : Ukraine : la pr\u00e9sidence de l\u2019Union europ\u00e9enne r\u00e9clame un tribunal sp\u00e9cial pour les massacres dans la ville d\u2019Izioum - TRIBUNAL-NATURE<\/title>\n<meta name=\"description\" content=\"Sur le web : Ukraine : la pr\u00e9sidence de l\u2019Union europ\u00e9enne r\u00e9clame un tribunal sp\u00e9cial pour les massacres dans la ville d\u2019Izioum article de TRIBUNAL-NATURE\" \/>\n<meta name=\"robots\" content=\"index, follow, max-snippet:-1, max-image-preview:large, max-video-preview:-1\" \/>\n<link rel=\"canonical\" href=\"https:\/\/www.tribunal-nature.org\/blog\/sur-le-web-ukraine-la-presidence-de-lunion-europeenne-reclame-un-tribunal-special-pour-les-massacres-dans-la-ville-dizioum\/\" \/>\n<meta property=\"og:locale\" content=\"fr_FR\" \/>\n<meta property=\"og:type\" content=\"article\" \/>\n<meta property=\"og:title\" content=\"Sur le web : Ukraine : la pr\u00e9sidence de l\u2019Union europ\u00e9enne r\u00e9clame un tribunal sp\u00e9cial pour les massacres dans la ville d\u2019Izioum - TRIBUNAL-NATURE\" \/>\n<meta property=\"og:description\" content=\"Sur le web : Ukraine : la pr\u00e9sidence de l\u2019Union europ\u00e9enne r\u00e9clame un tribunal sp\u00e9cial pour les massacres dans la ville d\u2019Izioum article de TRIBUNAL-NATURE\" \/>\n<meta property=\"og:url\" content=\"https:\/\/www.tribunal-nature.org\/blog\/sur-le-web-ukraine-la-presidence-de-lunion-europeenne-reclame-un-tribunal-special-pour-les-massacres-dans-la-ville-dizioum\/\" \/>\n<meta property=\"og:site_name\" content=\"TRIBUNAL-NATURE\" \/>\n<meta property=\"article:published_time\" content=\"2022-09-19T01:02:34+00:00\" \/>\n<meta property=\"og:image\" content=\"https:\/\/www.tribunal-nature.org\/blog\/wp-content\/uploads\/2022\/09\/la-pr-scaled.jpg\" \/>\n\t<meta property=\"og:image:width\" content=\"2560\" \/>\n\t<meta property=\"og:image:height\" content=\"1920\" \/>\n\t<meta property=\"og:image:type\" content=\"image\/jpeg\" \/>\n<meta name=\"author\" content=\"Isabelle LOUBEAU\" \/>\n<meta name=\"twitter:card\" content=\"summary_large_image\" \/>\n<meta name=\"twitter:label1\" content=\"\u00c9crit par\" \/>\n\t<meta name=\"twitter:data1\" content=\"Isabelle LOUBEAU\" \/>\n\t<meta name=\"twitter:label2\" content=\"Dur\u00e9e de lecture estim\u00e9e\" \/>\n\t<meta name=\"twitter:data2\" content=\"2 minutes\" \/>\n<script type=\"application\/ld+json\" class=\"yoast-schema-graph\">{\"@context\":\"https:\\\/\\\/schema.org\",\"@graph\":[{\"@type\":\"Article\",\"@id\":\"https:\\\/\\\/www.tribunal-nature.org\\\/blog\\\/sur-le-web-ukraine-la-presidence-de-lunion-europeenne-reclame-un-tribunal-special-pour-les-massacres-dans-la-ville-dizioum\\\/#article\",\"isPartOf\":{\"@id\":\"https:\\\/\\\/www.tribunal-nature.org\\\/blog\\\/sur-le-web-ukraine-la-presidence-de-lunion-europeenne-reclame-un-tribunal-special-pour-les-massacres-dans-la-ville-dizioum\\\/\"},\"author\":{\"name\":\"Isabelle LOUBEAU\",\"@id\":\"https:\\\/\\\/www.tribunal-nature.org\\\/blog\\\/#\\\/schema\\\/person\\\/55761caf7544da6b05b60523f2a0855f\"},\"headline\":\"Sur le web : Ukraine : la pr\u00e9sidence de l\u2019Union europ\u00e9enne r\u00e9clame un tribunal sp\u00e9cial pour les massacres dans la ville d\u2019Izioum\",\"datePublished\":\"2022-09-19T01:02:34+00:00\",\"mainEntityOfPage\":{\"@id\":\"https:\\\/\\\/www.tribunal-nature.org\\\/blog\\\/sur-le-web-ukraine-la-presidence-de-lunion-europeenne-reclame-un-tribunal-special-pour-les-massacres-dans-la-ville-dizioum\\\/\"},\"wordCount\":470,\"publisher\":{\"@id\":\"https:\\\/\\\/www.tribunal-nature.org\\\/blog\\\/#organization\"},\"image\":{\"@id\":\"https:\\\/\\\/www.tribunal-nature.org\\\/blog\\\/sur-le-web-ukraine-la-presidence-de-lunion-europeenne-reclame-un-tribunal-special-pour-les-massacres-dans-la-ville-dizioum\\\/#primaryimage\"},\"thumbnailUrl\":\"https:\\\/\\\/www.tribunal-nature.org\\\/blog\\\/wp-content\\\/uploads\\\/2022\\\/09\\\/la-pr-scaled.jpg\",\"articleSection\":[\"Droit De L'Environnement:\"],\"inLanguage\":\"fr-FR\"},{\"@type\":\"WebPage\",\"@id\":\"https:\\\/\\\/www.tribunal-nature.org\\\/blog\\\/sur-le-web-ukraine-la-presidence-de-lunion-europeenne-reclame-un-tribunal-special-pour-les-massacres-dans-la-ville-dizioum\\\/\",\"url\":\"https:\\\/\\\/www.tribunal-nature.org\\\/blog\\\/sur-le-web-ukraine-la-presidence-de-lunion-europeenne-reclame-un-tribunal-special-pour-les-massacres-dans-la-ville-dizioum\\\/\",\"name\":\"Sur le web : Ukraine : la pr\u00e9sidence de l\u2019Union europ\u00e9enne r\u00e9clame un tribunal sp\u00e9cial pour les massacres dans la ville d\u2019Izioum - TRIBUNAL-NATURE\",\"isPartOf\":{\"@id\":\"https:\\\/\\\/www.tribunal-nature.org\\\/blog\\\/#website\"},\"primaryImageOfPage\":{\"@id\":\"https:\\\/\\\/www.tribunal-nature.org\\\/blog\\\/sur-le-web-ukraine-la-presidence-de-lunion-europeenne-reclame-un-tribunal-special-pour-les-massacres-dans-la-ville-dizioum\\\/#primaryimage\"},\"image\":{\"@id\":\"https:\\\/\\\/www.tribunal-nature.org\\\/blog\\\/sur-le-web-ukraine-la-presidence-de-lunion-europeenne-reclame-un-tribunal-special-pour-les-massacres-dans-la-ville-dizioum\\\/#primaryimage\"},\"thumbnailUrl\":\"https:\\\/\\\/www.tribunal-nature.org\\\/blog\\\/wp-content\\\/uploads\\\/2022\\\/09\\\/la-pr-scaled.jpg\",\"datePublished\":\"2022-09-19T01:02:34+00:00\",\"description\":\"Sur le web : Ukraine : la pr\u00e9sidence de l\u2019Union europ\u00e9enne r\u00e9clame un tribunal sp\u00e9cial pour les massacres dans la ville d\u2019Izioum article de TRIBUNAL-NATURE\",\"breadcrumb\":{\"@id\":\"https:\\\/\\\/www.tribunal-nature.org\\\/blog\\\/sur-le-web-ukraine-la-presidence-de-lunion-europeenne-reclame-un-tribunal-special-pour-les-massacres-dans-la-ville-dizioum\\\/#breadcrumb\"},\"inLanguage\":\"fr-FR\",\"potentialAction\":[{\"@type\":\"ReadAction\",\"target\":[\"https:\\\/\\\/www.tribunal-nature.org\\\/blog\\\/sur-le-web-ukraine-la-presidence-de-lunion-europeenne-reclame-un-tribunal-special-pour-les-massacres-dans-la-ville-dizioum\\\/\"]}]},{\"@type\":\"ImageObject\",\"inLanguage\":\"fr-FR\",\"@id\":\"https:\\\/\\\/www.tribunal-nature.org\\\/blog\\\/sur-le-web-ukraine-la-presidence-de-lunion-europeenne-reclame-un-tribunal-special-pour-les-massacres-dans-la-ville-dizioum\\\/#primaryimage\",\"url\":\"https:\\\/\\\/www.tribunal-nature.org\\\/blog\\\/wp-content\\\/uploads\\\/2022\\\/09\\\/la-pr-scaled.jpg\",\"contentUrl\":\"https:\\\/\\\/www.tribunal-nature.org\\\/blog\\\/wp-content\\\/uploads\\\/2022\\\/09\\\/la-pr-scaled.jpg\",\"width\":2560,\"height\":1920,\"caption\":\"la pr\"},{\"@type\":\"BreadcrumbList\",\"@id\":\"https:\\\/\\\/www.tribunal-nature.org\\\/blog\\\/sur-le-web-ukraine-la-presidence-de-lunion-europeenne-reclame-un-tribunal-special-pour-les-massacres-dans-la-ville-dizioum\\\/#breadcrumb\",\"itemListElement\":[{\"@type\":\"ListItem\",\"position\":1,\"name\":\"Accueil\",\"item\":\"https:\\\/\\\/www.tribunal-nature.org\\\/blog\\\/\"},{\"@type\":\"ListItem\",\"position\":2,\"name\":\"Sur le web : Ukraine : la pr\u00e9sidence de l\u2019Union europ\u00e9enne r\u00e9clame un tribunal sp\u00e9cial pour les massacres dans la ville d\u2019Izioum\"}]},{\"@type\":\"WebSite\",\"@id\":\"https:\\\/\\\/www.tribunal-nature.org\\\/blog\\\/#website\",\"url\":\"https:\\\/\\\/www.tribunal-nature.org\\\/blog\\\/\",\"name\":\"TRIBUNAL-NATURE\",\"description\":\"Droit De L&#039;Environnement.\",\"publisher\":{\"@id\":\"https:\\\/\\\/www.tribunal-nature.org\\\/blog\\\/#organization\"},\"potentialAction\":[{\"@type\":\"SearchAction\",\"target\":{\"@type\":\"EntryPoint\",\"urlTemplate\":\"https:\\\/\\\/www.tribunal-nature.org\\\/blog\\\/?s={search_term_string}\"},\"query-input\":{\"@type\":\"PropertyValueSpecification\",\"valueRequired\":true,\"valueName\":\"search_term_string\"}}],\"inLanguage\":\"fr-FR\"},{\"@type\":\"Organization\",\"@id\":\"https:\\\/\\\/www.tribunal-nature.org\\\/blog\\\/#organization\",\"name\":\"tribunal-nature\",\"url\":\"https:\\\/\\\/www.tribunal-nature.org\\\/blog\\\/\",\"logo\":{\"@type\":\"ImageObject\",\"inLanguage\":\"fr-FR\",\"@id\":\"https:\\\/\\\/www.tribunal-nature.org\\\/blog\\\/#\\\/schema\\\/logo\\\/image\\\/\",\"url\":\"https:\\\/\\\/www.tribunal-nature.org\\\/blog\\\/wp-content\\\/uploads\\\/2022\\\/05\\\/logo-2.png\",\"contentUrl\":\"https:\\\/\\\/www.tribunal-nature.org\\\/blog\\\/wp-content\\\/uploads\\\/2022\\\/05\\\/logo-2.png\",\"width\":180,\"height\":180,\"caption\":\"tribunal-nature\"},\"image\":{\"@id\":\"https:\\\/\\\/www.tribunal-nature.org\\\/blog\\\/#\\\/schema\\\/logo\\\/image\\\/\"}},{\"@type\":\"Person\",\"@id\":\"https:\\\/\\\/www.tribunal-nature.org\\\/blog\\\/#\\\/schema\\\/person\\\/55761caf7544da6b05b60523f2a0855f\",\"name\":\"Isabelle LOUBEAU\",\"image\":{\"@type\":\"ImageObject\",\"inLanguage\":\"fr-FR\",\"@id\":\"https:\\\/\\\/secure.gravatar.com\\\/avatar\\\/b6912620aca78633bf5d50400888815d3b38a1118e82b94050843f411f3f5972?s=96&d=mm&r=g\",\"url\":\"https:\\\/\\\/secure.gravatar.com\\\/avatar\\\/b6912620aca78633bf5d50400888815d3b38a1118e82b94050843f411f3f5972?s=96&d=mm&r=g\",\"contentUrl\":\"https:\\\/\\\/secure.gravatar.com\\\/avatar\\\/b6912620aca78633bf5d50400888815d3b38a1118e82b94050843f411f3f5972?s=96&d=mm&r=g\",\"caption\":\"Isabelle LOUBEAU\"},\"url\":\"https:\\\/\\\/www.tribunal-nature.org\\\/blog\\\/author\\\/ureisabelle\\\/\"}]}<\/script>\n<!-- \/ Yoast SEO plugin. -->","yoast_head_json":{"title":"Sur le web : Ukraine : la pr\u00e9sidence de l\u2019Union europ\u00e9enne r\u00e9clame un tribunal sp\u00e9cial pour les massacres dans la ville d\u2019Izioum - TRIBUNAL-NATURE","description":"Sur le web : Ukraine : la pr\u00e9sidence de l\u2019Union europ\u00e9enne r\u00e9clame un tribunal sp\u00e9cial pour les massacres dans la ville d\u2019Izioum article de TRIBUNAL-NATURE","robots":{"index":"index","follow":"follow","max-snippet":"max-snippet:-1","max-image-preview":"max-image-preview:large","max-video-preview":"max-video-preview:-1"},"canonical":"https:\/\/www.tribunal-nature.org\/blog\/sur-le-web-ukraine-la-presidence-de-lunion-europeenne-reclame-un-tribunal-special-pour-les-massacres-dans-la-ville-dizioum\/","og_locale":"fr_FR","og_type":"article","og_title":"Sur le web : Ukraine : la pr\u00e9sidence de l\u2019Union europ\u00e9enne r\u00e9clame un tribunal sp\u00e9cial pour les massacres dans la ville d\u2019Izioum - TRIBUNAL-NATURE","og_description":"Sur le web : Ukraine : la pr\u00e9sidence de l\u2019Union europ\u00e9enne r\u00e9clame un tribunal sp\u00e9cial pour les massacres dans la ville d\u2019Izioum article de TRIBUNAL-NATURE","og_url":"https:\/\/www.tribunal-nature.org\/blog\/sur-le-web-ukraine-la-presidence-de-lunion-europeenne-reclame-un-tribunal-special-pour-les-massacres-dans-la-ville-dizioum\/","og_site_name":"TRIBUNAL-NATURE","article_published_time":"2022-09-19T01:02:34+00:00","og_image":[{"width":2560,"height":1920,"url":"https:\/\/www.tribunal-nature.org\/blog\/wp-content\/uploads\/2022\/09\/la-pr-scaled.jpg","type":"image\/jpeg"}],"author":"Isabelle LOUBEAU","twitter_card":"summary_large_image","twitter_misc":{"\u00c9crit par":"Isabelle LOUBEAU","Dur\u00e9e de lecture estim\u00e9e":"2 minutes"},"schema":{"@context":"https:\/\/schema.org","@graph":[{"@type":"Article","@id":"https:\/\/www.tribunal-nature.org\/blog\/sur-le-web-ukraine-la-presidence-de-lunion-europeenne-reclame-un-tribunal-special-pour-les-massacres-dans-la-ville-dizioum\/#article","isPartOf":{"@id":"https:\/\/www.tribunal-nature.org\/blog\/sur-le-web-ukraine-la-presidence-de-lunion-europeenne-reclame-un-tribunal-special-pour-les-massacres-dans-la-ville-dizioum\/"},"author":{"name":"Isabelle LOUBEAU","@id":"https:\/\/www.tribunal-nature.org\/blog\/#\/schema\/person\/55761caf7544da6b05b60523f2a0855f"},"headline":"Sur le web : Ukraine : la pr\u00e9sidence de l\u2019Union europ\u00e9enne r\u00e9clame un tribunal sp\u00e9cial pour les massacres dans la ville d\u2019Izioum","datePublished":"2022-09-19T01:02:34+00:00","mainEntityOfPage":{"@id":"https:\/\/www.tribunal-nature.org\/blog\/sur-le-web-ukraine-la-presidence-de-lunion-europeenne-reclame-un-tribunal-special-pour-les-massacres-dans-la-ville-dizioum\/"},"wordCount":470,"publisher":{"@id":"https:\/\/www.tribunal-nature.org\/blog\/#organization"},"image":{"@id":"https:\/\/www.tribunal-nature.org\/blog\/sur-le-web-ukraine-la-presidence-de-lunion-europeenne-reclame-un-tribunal-special-pour-les-massacres-dans-la-ville-dizioum\/#primaryimage"},"thumbnailUrl":"https:\/\/www.tribunal-nature.org\/blog\/wp-content\/uploads\/2022\/09\/la-pr-scaled.jpg","articleSection":["Droit De L'Environnement:"],"inLanguage":"fr-FR"},{"@type":"WebPage","@id":"https:\/\/www.tribunal-nature.org\/blog\/sur-le-web-ukraine-la-presidence-de-lunion-europeenne-reclame-un-tribunal-special-pour-les-massacres-dans-la-ville-dizioum\/","url":"https:\/\/www.tribunal-nature.org\/blog\/sur-le-web-ukraine-la-presidence-de-lunion-europeenne-reclame-un-tribunal-special-pour-les-massacres-dans-la-ville-dizioum\/","name":"Sur le web : Ukraine : la pr\u00e9sidence de l\u2019Union europ\u00e9enne r\u00e9clame un tribunal sp\u00e9cial pour les massacres dans la ville d\u2019Izioum - TRIBUNAL-NATURE","isPartOf":{"@id":"https:\/\/www.tribunal-nature.org\/blog\/#website"},"primaryImageOfPage":{"@id":"https:\/\/www.tribunal-nature.org\/blog\/sur-le-web-ukraine-la-presidence-de-lunion-europeenne-reclame-un-tribunal-special-pour-les-massacres-dans-la-ville-dizioum\/#primaryimage"},"image":{"@id":"https:\/\/www.tribunal-nature.org\/blog\/sur-le-web-ukraine-la-presidence-de-lunion-europeenne-reclame-un-tribunal-special-pour-les-massacres-dans-la-ville-dizioum\/#primaryimage"},"thumbnailUrl":"https:\/\/www.tribunal-nature.org\/blog\/wp-content\/uploads\/2022\/09\/la-pr-scaled.jpg","datePublished":"2022-09-19T01:02:34+00:00","description":"Sur le web : Ukraine : la pr\u00e9sidence de l\u2019Union europ\u00e9enne r\u00e9clame un tribunal sp\u00e9cial pour les massacres dans la ville d\u2019Izioum article de TRIBUNAL-NATURE","breadcrumb":{"@id":"https:\/\/www.tribunal-nature.org\/blog\/sur-le-web-ukraine-la-presidence-de-lunion-europeenne-reclame-un-tribunal-special-pour-les-massacres-dans-la-ville-dizioum\/#breadcrumb"},"inLanguage":"fr-FR","potentialAction":[{"@type":"ReadAction","target":["https:\/\/www.tribunal-nature.org\/blog\/sur-le-web-ukraine-la-presidence-de-lunion-europeenne-reclame-un-tribunal-special-pour-les-massacres-dans-la-ville-dizioum\/"]}]},{"@type":"ImageObject","inLanguage":"fr-FR","@id":"https:\/\/www.tribunal-nature.org\/blog\/sur-le-web-ukraine-la-presidence-de-lunion-europeenne-reclame-un-tribunal-special-pour-les-massacres-dans-la-ville-dizioum\/#primaryimage","url":"https:\/\/www.tribunal-nature.org\/blog\/wp-content\/uploads\/2022\/09\/la-pr-scaled.jpg","contentUrl":"https:\/\/www.tribunal-nature.org\/blog\/wp-content\/uploads\/2022\/09\/la-pr-scaled.jpg","width":2560,"height":1920,"caption":"la pr"},{"@type":"BreadcrumbList","@id":"https:\/\/www.tribunal-nature.org\/blog\/sur-le-web-ukraine-la-presidence-de-lunion-europeenne-reclame-un-tribunal-special-pour-les-massacres-dans-la-ville-dizioum\/#breadcrumb","itemListElement":[{"@type":"ListItem","position":1,"name":"Accueil","item":"https:\/\/www.tribunal-nature.org\/blog\/"},{"@type":"ListItem","position":2,"name":"Sur le web : Ukraine : la pr\u00e9sidence de l\u2019Union europ\u00e9enne r\u00e9clame un tribunal sp\u00e9cial pour les massacres dans la ville d\u2019Izioum"}]},{"@type":"WebSite","@id":"https:\/\/www.tribunal-nature.org\/blog\/#website","url":"https:\/\/www.tribunal-nature.org\/blog\/","name":"TRIBUNAL-NATURE","description":"Droit De L&#039;Environnement.","publisher":{"@id":"https:\/\/www.tribunal-nature.org\/blog\/#organization"},"potentialAction":[{"@type":"SearchAction","target":{"@type":"EntryPoint","urlTemplate":"https:\/\/www.tribunal-nature.org\/blog\/?s={search_term_string}"},"query-input":{"@type":"PropertyValueSpecification","valueRequired":true,"valueName":"search_term_string"}}],"inLanguage":"fr-FR"},{"@type":"Organization","@id":"https:\/\/www.tribunal-nature.org\/blog\/#organization","name":"tribunal-nature","url":"https:\/\/www.tribunal-nature.org\/blog\/","logo":{"@type":"ImageObject","inLanguage":"fr-FR","@id":"https:\/\/www.tribunal-nature.org\/blog\/#\/schema\/logo\/image\/","url":"https:\/\/www.tribunal-nature.org\/blog\/wp-content\/uploads\/2022\/05\/logo-2.png","contentUrl":"https:\/\/www.tribunal-nature.org\/blog\/wp-content\/uploads\/2022\/05\/logo-2.png","width":180,"height":180,"caption":"tribunal-nature"},"image":{"@id":"https:\/\/www.tribunal-nature.org\/blog\/#\/schema\/logo\/image\/"}},{"@type":"Person","@id":"https:\/\/www.tribunal-nature.org\/blog\/#\/schema\/person\/55761caf7544da6b05b60523f2a0855f","name":"Isabelle LOUBEAU","image":{"@type":"ImageObject","inLanguage":"fr-FR","@id":"https:\/\/secure.gravatar.com\/avatar\/b6912620aca78633bf5d50400888815d3b38a1118e82b94050843f411f3f5972?s=96&d=mm&r=g","url":"https:\/\/secure.gravatar.com\/avatar\/b6912620aca78633bf5d50400888815d3b38a1118e82b94050843f411f3f5972?s=96&d=mm&r=g","contentUrl":"https:\/\/secure.gravatar.com\/avatar\/b6912620aca78633bf5d50400888815d3b38a1118e82b94050843f411f3f5972?s=96&d=mm&r=g","caption":"Isabelle LOUBEAU"},"url":"https:\/\/www.tribunal-nature.org\/blog\/author\/ureisabelle\/"}]}},"_links":{"self":[{"href":"https:\/\/www.tribunal-nature.org\/blog\/wp-json\/wp\/v2\/posts\/220","targetHints":{"allow":["GET"]}}],"collection":[{"href":"https:\/\/www.tribunal-nature.org\/blog\/wp-json\/wp\/v2\/posts"}],"about":[{"href":"https:\/\/www.tribunal-nature.org\/blog\/wp-json\/wp\/v2\/types\/post"}],"author":[{"embeddable":true,"href":"https:\/\/www.tribunal-nature.org\/blog\/wp-json\/wp\/v2\/users\/3"}],"replies":[{"embeddable":true,"href":"https:\/\/www.tribunal-nature.org\/blog\/wp-json\/wp\/v2\/comments?post=220"}],"version-history":[{"count":0,"href":"https:\/\/www.tribunal-nature.org\/blog\/wp-json\/wp\/v2\/posts\/220\/revisions"}],"wp:featuredmedia":[{"embeddable":true,"href":"https:\/\/www.tribunal-nature.org\/blog\/wp-json\/wp\/v2\/media\/221"}],"wp:attachment":[{"href":"https:\/\/www.tribunal-nature.org\/blog\/wp-json\/wp\/v2\/media?parent=220"}],"wp:term":[{"taxonomy":"category","embeddable":true,"href":"https:\/\/www.tribunal-nature.org\/blog\/wp-json\/wp\/v2\/categories?post=220"},{"taxonomy":"post_tag","embeddable":true,"href":"https:\/\/www.tribunal-nature.org\/blog\/wp-json\/wp\/v2\/tags?post=220"}],"curies":[{"name":"wp","href":"https:\/\/api.w.org\/{rel}","templated":true}]}}