{"id":215,"date":"2022-09-17T00:14:00","date_gmt":"2022-09-16T22:14:00","guid":{"rendered":"https:\/\/www.tribunal-nature.org\/blog\/sur-le-web-incidents-avant-nice-cologne-lavocat-du-supporter-parisien-remis-en-liberte-denonce-le-traitement-de-son-client\/"},"modified":"2022-09-17T00:14:00","modified_gmt":"2022-09-16T22:14:00","slug":"sur-le-web-incidents-avant-nice-cologne-lavocat-du-supporter-parisien-remis-en-liberte-denonce-le-traitement-de-son-client","status":"publish","type":"post","link":"https:\/\/www.tribunal-nature.org\/blog\/sur-le-web-incidents-avant-nice-cologne-lavocat-du-supporter-parisien-remis-en-liberte-denonce-le-traitement-de-son-client\/","title":{"rendered":"Sur le web  : Incidents avant Nice-Cologne : l&rsquo;avocat du supporter parisien remis en libert\u00e9 d\u00e9nonce le traitement de son client"},"content":{"rendered":"<div>\n<p>Sur cette parution, un nouvel article qui va grossir notre revue de presse sur \u00ab\u00a0la justice\u00a0\u00bb.<\/p>\n<p>Le titre  (Incidents avant Nice-Cologne : l&rsquo;avocat du supporter parisien remis en libert\u00e9 d\u00e9nonce le traitement de son client) parle de lui-m\u00eame.<\/p>\n<p>Sachez que le journaliste (pr\u00e9sent\u00e9 sous la signature  d\u2019anonymat<br \/>\n) est connu et fiable.<\/p>\n<p>Le texte peut donc \u00eatre pris au s\u00e9rieux.<\/p>\n<p>L\u2019article a \u00e9t\u00e9 \u00e9dit\u00e9 \u00e0 une date indiqu\u00e9e 2022-09-16 12:47:03.<\/p>\n<p>Au lendemain de la remise en libert\u00e9 du supporter parisien qui avait chut\u00e9 d\u2019une tribune de l\u2019Allianz Riviera il y a 9 jours, son avocat regrette la mani\u00e8re dont cette proc\u00e9dure a \u00e9t\u00e9 men\u00e9e.<\/p>\n<p>A lire sur un th\u00e8me \u00e9quivalent:<\/p>\n<p>Droit des soci\u00e9t\u00e9s\/Les soci\u00e9t\u00e9s commerciales non immatricul\u00e9es,<a target=\"_blank\" rel=\"nofollow\" href=\"https:\/\/www.tribunal-nature.org\/blog\/goto\/https:\/\/fr.wikibooks.org\/wiki\/Droit_des_soci%C3%A9t%C3%A9s\/Les_soci%C3%A9t%C3%A9s_commerciales_non_immatricul%C3%A9es\"  target=\"_blank\" rel=\"noopener noreferrer nofollow\">A voir et \u00e0 lire. <\/a><span><\/span>.<\/p>\n<p>L\u2019Encyclop\u00e9die\/1re \u00e9dition\/EX\u00c9CUTEUR DE LA HAUTE JUSTICE,<a target=\"_blank\" rel=\"nofollow\" href=\"https:\/\/www.tribunal-nature.org\/blog\/goto\/https:\/\/fr.wikisource.org\/wiki\/L%E2%80%99Encyclop%C3%A9die\/1re_%C3%A9dition\/EX%C3%89CUTEUR_DE_LA_HAUTE_JUSTICE\"  target=\"_blank\" rel=\"noopener noreferrer nofollow\">Clicker Ici <\/a><span><\/span>.<\/p>\n<p>Une justice \u00e0 la d\u00e9rive,<a target=\"_blank\" rel=\"nofollow\" href=\"https:\/\/www.tribunal-nature.org\/blog\/goto\/https:\/\/www.kobo.com\/fr\/fr\/ebook\/une-justice-a-la-derive\"  target=\"_blank\" rel=\"noopener noreferrer nofollow\">Clicker Ici <\/a><span><\/span>.<\/p>\n<\/div>\n","protected":false},"excerpt":{"rendered":"<p>Sur cette parution, un nouvel article qui va grossir notre revue de presse sur \u00ab\u00a0la justice\u00a0\u00bb. Le titre (Incidents avant&#8230;<\/p>\n","protected":false},"author":3,"featured_media":216,"comment_status":"closed","ping_status":"closed","sticky":false,"template":"","format":"standard","meta":{"footnotes":""},"categories":[2],"tags":[],"class_list":["post-215","post","type-post","status-publish","format-standard","has-post-thumbnail","hentry","category-droit-de-lenvironnement","wpcat-2-id"],"yoast_head":"<!-- This site is optimized with the Yoast SEO plugin v27.5 - https:\/\/yoast.com\/product\/yoast-seo-wordpress\/ -->\n<title>Sur le web : Incidents avant Nice-Cologne : l&#039;avocat du supporter parisien remis en libert\u00e9 d\u00e9nonce le traitement de son client - TRIBUNAL-NATURE<\/title>\n<meta name=\"description\" content=\"Sur le web : Incidents avant Nice-Cologne : l&#039;avocat du supporter parisien remis en libert\u00e9 d\u00e9nonce le traitement de son client article de TRIBUNAL-NATURE\" \/>\n<meta name=\"robots\" content=\"index, follow, max-snippet:-1, max-image-preview:large, max-video-preview:-1\" \/>\n<link rel=\"canonical\" href=\"https:\/\/www.tribunal-nature.org\/blog\/sur-le-web-incidents-avant-nice-cologne-lavocat-du-supporter-parisien-remis-en-liberte-denonce-le-traitement-de-son-client\/\" \/>\n<meta property=\"og:locale\" content=\"fr_FR\" \/>\n<meta property=\"og:type\" content=\"article\" \/>\n<meta property=\"og:title\" content=\"Sur le web : Incidents avant Nice-Cologne : l&#039;avocat du supporter parisien remis en libert\u00e9 d\u00e9nonce le traitement de son client - TRIBUNAL-NATURE\" \/>\n<meta property=\"og:description\" content=\"Sur le web : Incidents avant Nice-Cologne : l&#039;avocat du supporter parisien remis en libert\u00e9 d\u00e9nonce le traitement de son client article de TRIBUNAL-NATURE\" \/>\n<meta property=\"og:url\" content=\"https:\/\/www.tribunal-nature.org\/blog\/sur-le-web-incidents-avant-nice-cologne-lavocat-du-supporter-parisien-remis-en-liberte-denonce-le-traitement-de-son-client\/\" \/>\n<meta property=\"og:site_name\" content=\"TRIBUNAL-NATURE\" \/>\n<meta property=\"article:published_time\" content=\"2022-09-16T22:14:00+00:00\" \/>\n<meta property=\"og:image\" content=\"https:\/\/www.tribunal-nature.org\/blog\/wp-content\/uploads\/2022\/09\/du-supporter-scaled.jpg\" \/>\n\t<meta property=\"og:image:width\" content=\"2560\" \/>\n\t<meta property=\"og:image:height\" content=\"1707\" \/>\n\t<meta property=\"og:image:type\" content=\"image\/jpeg\" \/>\n<meta name=\"author\" content=\"Isabelle LOUBEAU\" \/>\n<meta name=\"twitter:card\" content=\"summary_large_image\" \/>\n<meta name=\"twitter:label1\" content=\"\u00c9crit par\" \/>\n\t<meta name=\"twitter:data1\" content=\"Isabelle LOUBEAU\" \/>\n\t<meta name=\"twitter:label2\" content=\"Dur\u00e9e de lecture estim\u00e9e\" \/>\n\t<meta name=\"twitter:data2\" content=\"1 minute\" \/>\n<script type=\"application\/ld+json\" class=\"yoast-schema-graph\">{\"@context\":\"https:\\\/\\\/schema.org\",\"@graph\":[{\"@type\":\"Article\",\"@id\":\"https:\\\/\\\/www.tribunal-nature.org\\\/blog\\\/sur-le-web-incidents-avant-nice-cologne-lavocat-du-supporter-parisien-remis-en-liberte-denonce-le-traitement-de-son-client\\\/#article\",\"isPartOf\":{\"@id\":\"https:\\\/\\\/www.tribunal-nature.org\\\/blog\\\/sur-le-web-incidents-avant-nice-cologne-lavocat-du-supporter-parisien-remis-en-liberte-denonce-le-traitement-de-son-client\\\/\"},\"author\":{\"name\":\"Isabelle LOUBEAU\",\"@id\":\"https:\\\/\\\/www.tribunal-nature.org\\\/blog\\\/#\\\/schema\\\/person\\\/55761caf7544da6b05b60523f2a0855f\"},\"headline\":\"Sur le web : Incidents avant Nice-Cologne : l&rsquo;avocat du supporter parisien remis en libert\u00e9 d\u00e9nonce le traitement de son client\",\"datePublished\":\"2022-09-16T22:14:00+00:00\",\"mainEntityOfPage\":{\"@id\":\"https:\\\/\\\/www.tribunal-nature.org\\\/blog\\\/sur-le-web-incidents-avant-nice-cologne-lavocat-du-supporter-parisien-remis-en-liberte-denonce-le-traitement-de-son-client\\\/\"},\"wordCount\":178,\"publisher\":{\"@id\":\"https:\\\/\\\/www.tribunal-nature.org\\\/blog\\\/#organization\"},\"image\":{\"@id\":\"https:\\\/\\\/www.tribunal-nature.org\\\/blog\\\/sur-le-web-incidents-avant-nice-cologne-lavocat-du-supporter-parisien-remis-en-liberte-denonce-le-traitement-de-son-client\\\/#primaryimage\"},\"thumbnailUrl\":\"https:\\\/\\\/www.tribunal-nature.org\\\/blog\\\/wp-content\\\/uploads\\\/2022\\\/09\\\/du-supporter-scaled.jpg\",\"articleSection\":[\"Droit De L'Environnement:\"],\"inLanguage\":\"fr-FR\"},{\"@type\":\"WebPage\",\"@id\":\"https:\\\/\\\/www.tribunal-nature.org\\\/blog\\\/sur-le-web-incidents-avant-nice-cologne-lavocat-du-supporter-parisien-remis-en-liberte-denonce-le-traitement-de-son-client\\\/\",\"url\":\"https:\\\/\\\/www.tribunal-nature.org\\\/blog\\\/sur-le-web-incidents-avant-nice-cologne-lavocat-du-supporter-parisien-remis-en-liberte-denonce-le-traitement-de-son-client\\\/\",\"name\":\"Sur le web : Incidents avant Nice-Cologne : l'avocat du supporter parisien remis en libert\u00e9 d\u00e9nonce le traitement de son client - TRIBUNAL-NATURE\",\"isPartOf\":{\"@id\":\"https:\\\/\\\/www.tribunal-nature.org\\\/blog\\\/#website\"},\"primaryImageOfPage\":{\"@id\":\"https:\\\/\\\/www.tribunal-nature.org\\\/blog\\\/sur-le-web-incidents-avant-nice-cologne-lavocat-du-supporter-parisien-remis-en-liberte-denonce-le-traitement-de-son-client\\\/#primaryimage\"},\"image\":{\"@id\":\"https:\\\/\\\/www.tribunal-nature.org\\\/blog\\\/sur-le-web-incidents-avant-nice-cologne-lavocat-du-supporter-parisien-remis-en-liberte-denonce-le-traitement-de-son-client\\\/#primaryimage\"},\"thumbnailUrl\":\"https:\\\/\\\/www.tribunal-nature.org\\\/blog\\\/wp-content\\\/uploads\\\/2022\\\/09\\\/du-supporter-scaled.jpg\",\"datePublished\":\"2022-09-16T22:14:00+00:00\",\"description\":\"Sur le web : Incidents avant Nice-Cologne : l'avocat du supporter parisien remis en libert\u00e9 d\u00e9nonce le traitement de son client article de TRIBUNAL-NATURE\",\"breadcrumb\":{\"@id\":\"https:\\\/\\\/www.tribunal-nature.org\\\/blog\\\/sur-le-web-incidents-avant-nice-cologne-lavocat-du-supporter-parisien-remis-en-liberte-denonce-le-traitement-de-son-client\\\/#breadcrumb\"},\"inLanguage\":\"fr-FR\",\"potentialAction\":[{\"@type\":\"ReadAction\",\"target\":[\"https:\\\/\\\/www.tribunal-nature.org\\\/blog\\\/sur-le-web-incidents-avant-nice-cologne-lavocat-du-supporter-parisien-remis-en-liberte-denonce-le-traitement-de-son-client\\\/\"]}]},{\"@type\":\"ImageObject\",\"inLanguage\":\"fr-FR\",\"@id\":\"https:\\\/\\\/www.tribunal-nature.org\\\/blog\\\/sur-le-web-incidents-avant-nice-cologne-lavocat-du-supporter-parisien-remis-en-liberte-denonce-le-traitement-de-son-client\\\/#primaryimage\",\"url\":\"https:\\\/\\\/www.tribunal-nature.org\\\/blog\\\/wp-content\\\/uploads\\\/2022\\\/09\\\/du-supporter-scaled.jpg\",\"contentUrl\":\"https:\\\/\\\/www.tribunal-nature.org\\\/blog\\\/wp-content\\\/uploads\\\/2022\\\/09\\\/du-supporter-scaled.jpg\",\"width\":2560,\"height\":1707,\"caption\":\"du supporter\"},{\"@type\":\"BreadcrumbList\",\"@id\":\"https:\\\/\\\/www.tribunal-nature.org\\\/blog\\\/sur-le-web-incidents-avant-nice-cologne-lavocat-du-supporter-parisien-remis-en-liberte-denonce-le-traitement-de-son-client\\\/#breadcrumb\",\"itemListElement\":[{\"@type\":\"ListItem\",\"position\":1,\"name\":\"Accueil\",\"item\":\"https:\\\/\\\/www.tribunal-nature.org\\\/blog\\\/\"},{\"@type\":\"ListItem\",\"position\":2,\"name\":\"Sur le web : Incidents avant Nice-Cologne : l&rsquo;avocat du supporter parisien remis en libert\u00e9 d\u00e9nonce le traitement de son client\"}]},{\"@type\":\"WebSite\",\"@id\":\"https:\\\/\\\/www.tribunal-nature.org\\\/blog\\\/#website\",\"url\":\"https:\\\/\\\/www.tribunal-nature.org\\\/blog\\\/\",\"name\":\"TRIBUNAL-NATURE\",\"description\":\"Droit De L&#039;Environnement.\",\"publisher\":{\"@id\":\"https:\\\/\\\/www.tribunal-nature.org\\\/blog\\\/#organization\"},\"potentialAction\":[{\"@type\":\"SearchAction\",\"target\":{\"@type\":\"EntryPoint\",\"urlTemplate\":\"https:\\\/\\\/www.tribunal-nature.org\\\/blog\\\/?s={search_term_string}\"},\"query-input\":{\"@type\":\"PropertyValueSpecification\",\"valueRequired\":true,\"valueName\":\"search_term_string\"}}],\"inLanguage\":\"fr-FR\"},{\"@type\":\"Organization\",\"@id\":\"https:\\\/\\\/www.tribunal-nature.org\\\/blog\\\/#organization\",\"name\":\"tribunal-nature\",\"url\":\"https:\\\/\\\/www.tribunal-nature.org\\\/blog\\\/\",\"logo\":{\"@type\":\"ImageObject\",\"inLanguage\":\"fr-FR\",\"@id\":\"https:\\\/\\\/www.tribunal-nature.org\\\/blog\\\/#\\\/schema\\\/logo\\\/image\\\/\",\"url\":\"https:\\\/\\\/www.tribunal-nature.org\\\/blog\\\/wp-content\\\/uploads\\\/2022\\\/05\\\/logo-2.png\",\"contentUrl\":\"https:\\\/\\\/www.tribunal-nature.org\\\/blog\\\/wp-content\\\/uploads\\\/2022\\\/05\\\/logo-2.png\",\"width\":180,\"height\":180,\"caption\":\"tribunal-nature\"},\"image\":{\"@id\":\"https:\\\/\\\/www.tribunal-nature.org\\\/blog\\\/#\\\/schema\\\/logo\\\/image\\\/\"}},{\"@type\":\"Person\",\"@id\":\"https:\\\/\\\/www.tribunal-nature.org\\\/blog\\\/#\\\/schema\\\/person\\\/55761caf7544da6b05b60523f2a0855f\",\"name\":\"Isabelle LOUBEAU\",\"image\":{\"@type\":\"ImageObject\",\"inLanguage\":\"fr-FR\",\"@id\":\"https:\\\/\\\/secure.gravatar.com\\\/avatar\\\/b6912620aca78633bf5d50400888815d3b38a1118e82b94050843f411f3f5972?s=96&d=mm&r=g\",\"url\":\"https:\\\/\\\/secure.gravatar.com\\\/avatar\\\/b6912620aca78633bf5d50400888815d3b38a1118e82b94050843f411f3f5972?s=96&d=mm&r=g\",\"contentUrl\":\"https:\\\/\\\/secure.gravatar.com\\\/avatar\\\/b6912620aca78633bf5d50400888815d3b38a1118e82b94050843f411f3f5972?s=96&d=mm&r=g\",\"caption\":\"Isabelle LOUBEAU\"},\"url\":\"https:\\\/\\\/www.tribunal-nature.org\\\/blog\\\/author\\\/ureisabelle\\\/\"}]}<\/script>\n<!-- \/ Yoast SEO plugin. -->","yoast_head_json":{"title":"Sur le web : Incidents avant Nice-Cologne : l'avocat du supporter parisien remis en libert\u00e9 d\u00e9nonce le traitement de son client - TRIBUNAL-NATURE","description":"Sur le web : Incidents avant Nice-Cologne : l'avocat du supporter parisien remis en libert\u00e9 d\u00e9nonce le traitement de son client article de TRIBUNAL-NATURE","robots":{"index":"index","follow":"follow","max-snippet":"max-snippet:-1","max-image-preview":"max-image-preview:large","max-video-preview":"max-video-preview:-1"},"canonical":"https:\/\/www.tribunal-nature.org\/blog\/sur-le-web-incidents-avant-nice-cologne-lavocat-du-supporter-parisien-remis-en-liberte-denonce-le-traitement-de-son-client\/","og_locale":"fr_FR","og_type":"article","og_title":"Sur le web : Incidents avant Nice-Cologne : l'avocat du supporter parisien remis en libert\u00e9 d\u00e9nonce le traitement de son client - TRIBUNAL-NATURE","og_description":"Sur le web : Incidents avant Nice-Cologne : l'avocat du supporter parisien remis en libert\u00e9 d\u00e9nonce le traitement de son client article de TRIBUNAL-NATURE","og_url":"https:\/\/www.tribunal-nature.org\/blog\/sur-le-web-incidents-avant-nice-cologne-lavocat-du-supporter-parisien-remis-en-liberte-denonce-le-traitement-de-son-client\/","og_site_name":"TRIBUNAL-NATURE","article_published_time":"2022-09-16T22:14:00+00:00","og_image":[{"width":2560,"height":1707,"url":"https:\/\/www.tribunal-nature.org\/blog\/wp-content\/uploads\/2022\/09\/du-supporter-scaled.jpg","type":"image\/jpeg"}],"author":"Isabelle LOUBEAU","twitter_card":"summary_large_image","twitter_misc":{"\u00c9crit par":"Isabelle LOUBEAU","Dur\u00e9e de lecture estim\u00e9e":"1 minute"},"schema":{"@context":"https:\/\/schema.org","@graph":[{"@type":"Article","@id":"https:\/\/www.tribunal-nature.org\/blog\/sur-le-web-incidents-avant-nice-cologne-lavocat-du-supporter-parisien-remis-en-liberte-denonce-le-traitement-de-son-client\/#article","isPartOf":{"@id":"https:\/\/www.tribunal-nature.org\/blog\/sur-le-web-incidents-avant-nice-cologne-lavocat-du-supporter-parisien-remis-en-liberte-denonce-le-traitement-de-son-client\/"},"author":{"name":"Isabelle LOUBEAU","@id":"https:\/\/www.tribunal-nature.org\/blog\/#\/schema\/person\/55761caf7544da6b05b60523f2a0855f"},"headline":"Sur le web : Incidents avant Nice-Cologne : l&rsquo;avocat du supporter parisien remis en libert\u00e9 d\u00e9nonce le traitement de son client","datePublished":"2022-09-16T22:14:00+00:00","mainEntityOfPage":{"@id":"https:\/\/www.tribunal-nature.org\/blog\/sur-le-web-incidents-avant-nice-cologne-lavocat-du-supporter-parisien-remis-en-liberte-denonce-le-traitement-de-son-client\/"},"wordCount":178,"publisher":{"@id":"https:\/\/www.tribunal-nature.org\/blog\/#organization"},"image":{"@id":"https:\/\/www.tribunal-nature.org\/blog\/sur-le-web-incidents-avant-nice-cologne-lavocat-du-supporter-parisien-remis-en-liberte-denonce-le-traitement-de-son-client\/#primaryimage"},"thumbnailUrl":"https:\/\/www.tribunal-nature.org\/blog\/wp-content\/uploads\/2022\/09\/du-supporter-scaled.jpg","articleSection":["Droit De L'Environnement:"],"inLanguage":"fr-FR"},{"@type":"WebPage","@id":"https:\/\/www.tribunal-nature.org\/blog\/sur-le-web-incidents-avant-nice-cologne-lavocat-du-supporter-parisien-remis-en-liberte-denonce-le-traitement-de-son-client\/","url":"https:\/\/www.tribunal-nature.org\/blog\/sur-le-web-incidents-avant-nice-cologne-lavocat-du-supporter-parisien-remis-en-liberte-denonce-le-traitement-de-son-client\/","name":"Sur le web : Incidents avant Nice-Cologne : l'avocat du supporter parisien remis en libert\u00e9 d\u00e9nonce le traitement de son client - TRIBUNAL-NATURE","isPartOf":{"@id":"https:\/\/www.tribunal-nature.org\/blog\/#website"},"primaryImageOfPage":{"@id":"https:\/\/www.tribunal-nature.org\/blog\/sur-le-web-incidents-avant-nice-cologne-lavocat-du-supporter-parisien-remis-en-liberte-denonce-le-traitement-de-son-client\/#primaryimage"},"image":{"@id":"https:\/\/www.tribunal-nature.org\/blog\/sur-le-web-incidents-avant-nice-cologne-lavocat-du-supporter-parisien-remis-en-liberte-denonce-le-traitement-de-son-client\/#primaryimage"},"thumbnailUrl":"https:\/\/www.tribunal-nature.org\/blog\/wp-content\/uploads\/2022\/09\/du-supporter-scaled.jpg","datePublished":"2022-09-16T22:14:00+00:00","description":"Sur le web : Incidents avant Nice-Cologne : l'avocat du supporter parisien remis en libert\u00e9 d\u00e9nonce le traitement de son client article de TRIBUNAL-NATURE","breadcrumb":{"@id":"https:\/\/www.tribunal-nature.org\/blog\/sur-le-web-incidents-avant-nice-cologne-lavocat-du-supporter-parisien-remis-en-liberte-denonce-le-traitement-de-son-client\/#breadcrumb"},"inLanguage":"fr-FR","potentialAction":[{"@type":"ReadAction","target":["https:\/\/www.tribunal-nature.org\/blog\/sur-le-web-incidents-avant-nice-cologne-lavocat-du-supporter-parisien-remis-en-liberte-denonce-le-traitement-de-son-client\/"]}]},{"@type":"ImageObject","inLanguage":"fr-FR","@id":"https:\/\/www.tribunal-nature.org\/blog\/sur-le-web-incidents-avant-nice-cologne-lavocat-du-supporter-parisien-remis-en-liberte-denonce-le-traitement-de-son-client\/#primaryimage","url":"https:\/\/www.tribunal-nature.org\/blog\/wp-content\/uploads\/2022\/09\/du-supporter-scaled.jpg","contentUrl":"https:\/\/www.tribunal-nature.org\/blog\/wp-content\/uploads\/2022\/09\/du-supporter-scaled.jpg","width":2560,"height":1707,"caption":"du supporter"},{"@type":"BreadcrumbList","@id":"https:\/\/www.tribunal-nature.org\/blog\/sur-le-web-incidents-avant-nice-cologne-lavocat-du-supporter-parisien-remis-en-liberte-denonce-le-traitement-de-son-client\/#breadcrumb","itemListElement":[{"@type":"ListItem","position":1,"name":"Accueil","item":"https:\/\/www.tribunal-nature.org\/blog\/"},{"@type":"ListItem","position":2,"name":"Sur le web : Incidents avant Nice-Cologne : l&rsquo;avocat du supporter parisien remis en libert\u00e9 d\u00e9nonce le traitement de son client"}]},{"@type":"WebSite","@id":"https:\/\/www.tribunal-nature.org\/blog\/#website","url":"https:\/\/www.tribunal-nature.org\/blog\/","name":"TRIBUNAL-NATURE","description":"Droit De L&#039;Environnement.","publisher":{"@id":"https:\/\/www.tribunal-nature.org\/blog\/#organization"},"potentialAction":[{"@type":"SearchAction","target":{"@type":"EntryPoint","urlTemplate":"https:\/\/www.tribunal-nature.org\/blog\/?s={search_term_string}"},"query-input":{"@type":"PropertyValueSpecification","valueRequired":true,"valueName":"search_term_string"}}],"inLanguage":"fr-FR"},{"@type":"Organization","@id":"https:\/\/www.tribunal-nature.org\/blog\/#organization","name":"tribunal-nature","url":"https:\/\/www.tribunal-nature.org\/blog\/","logo":{"@type":"ImageObject","inLanguage":"fr-FR","@id":"https:\/\/www.tribunal-nature.org\/blog\/#\/schema\/logo\/image\/","url":"https:\/\/www.tribunal-nature.org\/blog\/wp-content\/uploads\/2022\/05\/logo-2.png","contentUrl":"https:\/\/www.tribunal-nature.org\/blog\/wp-content\/uploads\/2022\/05\/logo-2.png","width":180,"height":180,"caption":"tribunal-nature"},"image":{"@id":"https:\/\/www.tribunal-nature.org\/blog\/#\/schema\/logo\/image\/"}},{"@type":"Person","@id":"https:\/\/www.tribunal-nature.org\/blog\/#\/schema\/person\/55761caf7544da6b05b60523f2a0855f","name":"Isabelle LOUBEAU","image":{"@type":"ImageObject","inLanguage":"fr-FR","@id":"https:\/\/secure.gravatar.com\/avatar\/b6912620aca78633bf5d50400888815d3b38a1118e82b94050843f411f3f5972?s=96&d=mm&r=g","url":"https:\/\/secure.gravatar.com\/avatar\/b6912620aca78633bf5d50400888815d3b38a1118e82b94050843f411f3f5972?s=96&d=mm&r=g","contentUrl":"https:\/\/secure.gravatar.com\/avatar\/b6912620aca78633bf5d50400888815d3b38a1118e82b94050843f411f3f5972?s=96&d=mm&r=g","caption":"Isabelle LOUBEAU"},"url":"https:\/\/www.tribunal-nature.org\/blog\/author\/ureisabelle\/"}]}},"_links":{"self":[{"href":"https:\/\/www.tribunal-nature.org\/blog\/wp-json\/wp\/v2\/posts\/215","targetHints":{"allow":["GET"]}}],"collection":[{"href":"https:\/\/www.tribunal-nature.org\/blog\/wp-json\/wp\/v2\/posts"}],"about":[{"href":"https:\/\/www.tribunal-nature.org\/blog\/wp-json\/wp\/v2\/types\/post"}],"author":[{"embeddable":true,"href":"https:\/\/www.tribunal-nature.org\/blog\/wp-json\/wp\/v2\/users\/3"}],"replies":[{"embeddable":true,"href":"https:\/\/www.tribunal-nature.org\/blog\/wp-json\/wp\/v2\/comments?post=215"}],"version-history":[{"count":0,"href":"https:\/\/www.tribunal-nature.org\/blog\/wp-json\/wp\/v2\/posts\/215\/revisions"}],"wp:featuredmedia":[{"embeddable":true,"href":"https:\/\/www.tribunal-nature.org\/blog\/wp-json\/wp\/v2\/media\/216"}],"wp:attachment":[{"href":"https:\/\/www.tribunal-nature.org\/blog\/wp-json\/wp\/v2\/media?parent=215"}],"wp:term":[{"taxonomy":"category","embeddable":true,"href":"https:\/\/www.tribunal-nature.org\/blog\/wp-json\/wp\/v2\/categories?post=215"},{"taxonomy":"post_tag","embeddable":true,"href":"https:\/\/www.tribunal-nature.org\/blog\/wp-json\/wp\/v2\/tags?post=215"}],"curies":[{"name":"wp","href":"https:\/\/api.w.org\/{rel}","templated":true}]}}