{"id":172,"date":"2022-08-16T09:04:25","date_gmt":"2022-08-16T07:04:25","guid":{"rendered":"https:\/\/www.tribunal-nature.org\/blog\/ne-manquez-pas-cet-article-les-procureurs-americains-sopposent-a-la-publication-des-raisons-de-la-perquisition-chez-trump\/"},"modified":"2022-08-16T09:04:25","modified_gmt":"2022-08-16T07:04:25","slug":"ne-manquez-pas-cet-article-les-procureurs-americains-sopposent-a-la-publication-des-raisons-de-la-perquisition-chez-trump","status":"publish","type":"post","link":"https:\/\/www.tribunal-nature.org\/blog\/ne-manquez-pas-cet-article-les-procureurs-americains-sopposent-a-la-publication-des-raisons-de-la-perquisition-chez-trump\/","title":{"rendered":"Ne manquez pas cet article  : Les procureurs am\u00e9ricains s\u2019opposent \u00e0 la publication des raisons de la perquisition chez Trump"},"content":{"rendered":"<div>\n<p>Voil\u00e0 un nouvel \u00e9ditorial qui va s\u2019additionner \u00e0 notre revue de presse sur \u00ab\u00a0la justice\u00a0\u00bb.<\/p>\n<p>Le titre  (Les procureurs am\u00e9ricains s\u2019opposent \u00e0 la publication des raisons de la perquisition chez Trump) parle de lui-m\u00eame.<\/p>\n<p> Pr\u00e9sent\u00e9 sous la signature \u00abd\u2019anonymat<br \/>\n\u00bb, l\u2019\u00e9ditorialiste est positivement connu pour d\u2019autres posts qu\u2019il a publi\u00e9s sur le web.<\/p>\n<p>Vous pouvez donc vous fier aux infos qu\u2019il donne.<\/p>\n<p>Le papier a \u00e9t\u00e9 publi\u00e9 \u00e0 une date not\u00e9e 2022-08-16 00:45:00.<\/p>\n<p>Voil\u00e0 lle texte  : <\/p>\n<div>\n<p>Le minist\u00e8re am\u00e9ricain de la Justice s\u00a0\u00bbest oppos\u00e9 lundi \u00e0 la publication d\u2019un document judiciaire cens\u00e9 donner les raisons qui ont pouss\u00e9 les enqu\u00eateurs f\u00e9d\u00e9raux \u00e0 mener une perquisition in\u00e9dite chez l\u2019ancien pr\u00e9sident Donald Trump la semaine derni\u00e8re.\n<\/p>\n<p>L\u2019op\u00e9ration de la police f\u00e9d\u00e9rale dans sa r\u00e9sidence de Mar-a-Lago, en Floride \u2013 une premi\u00e8re pour un ex-pr\u00e9sident \u2013 a provoqu\u00e9 une temp\u00eate politique, M. Trump et ses partisans d\u00e9non\u00e7ant une \u00ab\u00a0chasse aux sorci\u00e8res\u00a0\u00bb. Plusieurs organisations, dont des m\u00e9dias, avaient demand\u00e9 \u00e0 un juge de publier un document judiciaire dans lequel les enqu\u00eateurs expliquent habituellement pourquoi la perquisition \u00e9tait n\u00e9cessaire. Le minist\u00e8re de la Justice a assur\u00e9 lundi qu\u2019une telle publication \u00ab\u00a0nuirait de mani\u00e8re irr\u00e9parable \u00e0 l\u2019enqu\u00eate p\u00e9nale en cours\u00a0\u00bb, selon un document judiciaire.<\/p>\n<p>Vendredi, \u00e0 la demande des procureurs cette fois-ci, un juge avait rendu publics le mandat autorisant la perquisition et une liste des documents saisis. Mais, \u00e0 l\u2019inverse des premiers, le document dont la publication \u00e9tait cette fois demand\u00e9e contient \u00ab\u00a0des informations tr\u00e8s sensibles sur des t\u00e9moins\u00a0\u00bb, des techniques utilis\u00e9es par la police et des faits \u00ab\u00a0extr\u00eamement importants sur l\u2019enqu\u00eate\u00a0\u00bb, a estim\u00e9 le minist\u00e8re.<\/p>\n<p>Sa publication pourrait r\u00e9v\u00e9ler la strat\u00e9gie des enqu\u00eateurs et \u00ab\u00a0compromettre (la r\u00e9ussite) de prochaines \u00e9tapes de l\u2019investigation\u00a0\u00bb, a-t-il ajout\u00e9. Selon les documents r\u00e9v\u00e9l\u00e9s vendredi, la justice soup\u00e7onne le r\u00e9publicain d\u2019avoir viol\u00e9 une loi am\u00e9ricaine sur l\u2019espionnage qui encadre tr\u00e8s strictement la d\u00e9tention de documents confidentiels. La liste des objets saisis mentionne de nombreux documents class\u00e9s \u00ab\u00a0top secret\u00a0\u00bb.<\/p>\n<p>Donald Trump, pressenti pour se relancer dans la course \u00e0 la Maison Blanche pour 2024, a assur\u00e9 que ces documents avaient \u00e9t\u00e9 d\u00e9classifi\u00e9s. Lundi, en indiquant avoir vu ses passeports saisis lors de la perquisition, le r\u00e9publicain s\u2019est dit victime d\u2019une \u00ab\u00a0attaque contre un opposant politique comme on n\u2019en a jamais vu dans notre pays\u00a0\u00bb.<\/p>\n<\/div>\n<p>Le minist\u00e8re am\u00e9ricain de la Justice s\u2019est oppos\u00e9 lundi \u00e0 la publication d\u2019un document judiciaire cens\u00e9 donner les raisons qui ont pouss\u00e9 les enqu\u00eateurs f\u00e9d\u00e9raux \u00e0 mener une perquisition in\u00e9dite chez l\u2019ancien pr\u00e9sident Donald Trump la semaine derni\u00e8re.<br \/>L\u2019op\u00e9ration de la police f\u00e9d\u00e9rale dans sa r\u00e9sidence de Mar-a-Lago, en Floride \u2013 une premi\u00e8re pour un ex-pr\u00e9sident \u2013 a\u2026<\/p>\n<p><script>\n        !function(f,b,e,v,n,t,s)\n        if(f.fbq)return;n=f.fbq=function()n.callMethod?\n            n.callMethod.apply(n,arguments):n.queue.push(arguments);\n            if(!f._fbq)f._fbq=n;n.push=n;n.loaded=!0;n.version='2.0';\n            n.queue=[];t=b.createElement(e);t.async=!0;\n            t.src=v;s=b.getElementsByTagName(e)[0];\n            s.parentNode.insertBefore(t,s)(window,document,'script',\n            '\n        fbq('init', '355941738321791');\n        fbq('track', 'PageView');\n    <\/script><\/p>\n<p>Ce th\u00e8me vous a captiv\u00e9 vous adorerez tout autant ces ouvrages:<\/p>\n<p>De la justice dans la R\u00e9volution et dans l\u2019\u00c9glise,<a target=\"_blank\" rel=\"nofollow\" href=\"https:\/\/www.tribunal-nature.org\/blog\/goto\/https:\/\/fr.wikisource.org\/wiki\/De_la_justice_dans_la_R%C3%A9volution_et_dans_l%E2%80%99%C3%89glise\"  target=\"_blank\" rel=\"noopener noreferrer nofollow\">Le livre <\/a><span><\/span>.<\/p>\n<p>L\u2019Encyclop\u00e9die\/1re \u00e9dition\/EX\u00c9CUTEUR DE LA HAUTE JUSTICE,<a target=\"_blank\" rel=\"nofollow\" href=\"https:\/\/www.tribunal-nature.org\/blog\/goto\/https:\/\/fr.wikisource.org\/wiki\/L%E2%80%99Encyclop%C3%A9die\/1re_%C3%A9dition\/EX%C3%89CUTEUR_DE_LA_HAUTE_JUSTICE\"  target=\"_blank\" rel=\"noopener noreferrer nofollow\">Clicker Ici <\/a><span><\/span>.<\/p>\n<p>Sociologie de la d\u00e9linquance et de la justice p\u00e9nale \u2013 Nouvelle \u00e9dition actualis\u00e9e,<a target=\"_blank\" rel=\"nofollow\" href=\"https:\/\/www.tribunal-nature.org\/blog\/goto\/https:\/\/www.kobo.com\/fr\/fr\/ebook\/sociologie-de-la-delinquance-et-de-la-justice-penale-nouvelle-edition-actualisee-3\"  target=\"_blank\" rel=\"noopener noreferrer nofollow\">Ouvrage <\/a><span><\/span>.<\/p>\n<\/div>\n","protected":false},"excerpt":{"rendered":"<p>Voil\u00e0 un nouvel \u00e9ditorial qui va s\u2019additionner \u00e0 notre revue de presse sur \u00ab\u00a0la justice\u00a0\u00bb. Le titre (Les procureurs am\u00e9ricains&#8230;<\/p>\n","protected":false},"author":3,"featured_media":173,"comment_status":"closed","ping_status":"closed","sticky":false,"template":"","format":"standard","meta":{"footnotes":""},"categories":[2],"tags":[],"class_list":["post-172","post","type-post","status-publish","format-standard","has-post-thumbnail","hentry","category-droit-de-lenvironnement","wpcat-2-id"],"yoast_head":"<!-- This site is optimized with the Yoast SEO plugin v27.5 - https:\/\/yoast.com\/product\/yoast-seo-wordpress\/ -->\n<title>Ne manquez pas cet article : Les procureurs am\u00e9ricains s\u2019opposent \u00e0 la publication des raisons de la perquisition chez Trump - TRIBUNAL-NATURE<\/title>\n<meta name=\"description\" content=\"Ne manquez pas cet article : Les procureurs am\u00e9ricains s\u2019opposent \u00e0 la publication des raisons de la perquisition chez Trump article de TRIBUNAL-NATURE\" \/>\n<meta name=\"robots\" content=\"index, follow, max-snippet:-1, max-image-preview:large, max-video-preview:-1\" \/>\n<link rel=\"canonical\" href=\"https:\/\/www.tribunal-nature.org\/blog\/ne-manquez-pas-cet-article-les-procureurs-americains-sopposent-a-la-publication-des-raisons-de-la-perquisition-chez-trump\/\" \/>\n<meta property=\"og:locale\" content=\"fr_FR\" \/>\n<meta property=\"og:type\" content=\"article\" \/>\n<meta property=\"og:title\" content=\"Ne manquez pas cet article : Les procureurs am\u00e9ricains s\u2019opposent \u00e0 la publication des raisons de la perquisition chez Trump - TRIBUNAL-NATURE\" \/>\n<meta property=\"og:description\" content=\"Ne manquez pas cet article : Les procureurs am\u00e9ricains s\u2019opposent \u00e0 la publication des raisons de la perquisition chez Trump article de TRIBUNAL-NATURE\" \/>\n<meta property=\"og:url\" content=\"https:\/\/www.tribunal-nature.org\/blog\/ne-manquez-pas-cet-article-les-procureurs-americains-sopposent-a-la-publication-des-raisons-de-la-perquisition-chez-trump\/\" \/>\n<meta property=\"og:site_name\" content=\"TRIBUNAL-NATURE\" \/>\n<meta property=\"article:published_time\" content=\"2022-08-16T07:04:25+00:00\" \/>\n<meta property=\"og:image\" content=\"https:\/\/www.tribunal-nature.org\/blog\/wp-content\/uploads\/2022\/08\/de-la-scaled.jpg\" \/>\n\t<meta property=\"og:image:width\" content=\"1707\" \/>\n\t<meta property=\"og:image:height\" content=\"2560\" \/>\n\t<meta property=\"og:image:type\" content=\"image\/jpeg\" \/>\n<meta name=\"author\" content=\"Isabelle LOUBEAU\" \/>\n<meta name=\"twitter:card\" content=\"summary_large_image\" \/>\n<meta name=\"twitter:label1\" content=\"\u00c9crit par\" \/>\n\t<meta name=\"twitter:data1\" content=\"Isabelle LOUBEAU\" \/>\n\t<meta name=\"twitter:label2\" content=\"Dur\u00e9e de lecture estim\u00e9e\" \/>\n\t<meta name=\"twitter:data2\" content=\"3 minutes\" \/>\n<script type=\"application\/ld+json\" class=\"yoast-schema-graph\">{\"@context\":\"https:\\\/\\\/schema.org\",\"@graph\":[{\"@type\":\"Article\",\"@id\":\"https:\\\/\\\/www.tribunal-nature.org\\\/blog\\\/ne-manquez-pas-cet-article-les-procureurs-americains-sopposent-a-la-publication-des-raisons-de-la-perquisition-chez-trump\\\/#article\",\"isPartOf\":{\"@id\":\"https:\\\/\\\/www.tribunal-nature.org\\\/blog\\\/ne-manquez-pas-cet-article-les-procureurs-americains-sopposent-a-la-publication-des-raisons-de-la-perquisition-chez-trump\\\/\"},\"author\":{\"name\":\"Isabelle LOUBEAU\",\"@id\":\"https:\\\/\\\/www.tribunal-nature.org\\\/blog\\\/#\\\/schema\\\/person\\\/55761caf7544da6b05b60523f2a0855f\"},\"headline\":\"Ne manquez pas cet article : Les procureurs am\u00e9ricains s\u2019opposent \u00e0 la publication des raisons de la perquisition chez Trump\",\"datePublished\":\"2022-08-16T07:04:25+00:00\",\"mainEntityOfPage\":{\"@id\":\"https:\\\/\\\/www.tribunal-nature.org\\\/blog\\\/ne-manquez-pas-cet-article-les-procureurs-americains-sopposent-a-la-publication-des-raisons-de-la-perquisition-chez-trump\\\/\"},\"wordCount\":581,\"publisher\":{\"@id\":\"https:\\\/\\\/www.tribunal-nature.org\\\/blog\\\/#organization\"},\"image\":{\"@id\":\"https:\\\/\\\/www.tribunal-nature.org\\\/blog\\\/ne-manquez-pas-cet-article-les-procureurs-americains-sopposent-a-la-publication-des-raisons-de-la-perquisition-chez-trump\\\/#primaryimage\"},\"thumbnailUrl\":\"https:\\\/\\\/www.tribunal-nature.org\\\/blog\\\/wp-content\\\/uploads\\\/2022\\\/08\\\/de-la-scaled.jpg\",\"articleSection\":[\"Droit De L'Environnement:\"],\"inLanguage\":\"fr-FR\"},{\"@type\":\"WebPage\",\"@id\":\"https:\\\/\\\/www.tribunal-nature.org\\\/blog\\\/ne-manquez-pas-cet-article-les-procureurs-americains-sopposent-a-la-publication-des-raisons-de-la-perquisition-chez-trump\\\/\",\"url\":\"https:\\\/\\\/www.tribunal-nature.org\\\/blog\\\/ne-manquez-pas-cet-article-les-procureurs-americains-sopposent-a-la-publication-des-raisons-de-la-perquisition-chez-trump\\\/\",\"name\":\"Ne manquez pas cet article : Les procureurs am\u00e9ricains s\u2019opposent \u00e0 la publication des raisons de la perquisition chez Trump - TRIBUNAL-NATURE\",\"isPartOf\":{\"@id\":\"https:\\\/\\\/www.tribunal-nature.org\\\/blog\\\/#website\"},\"primaryImageOfPage\":{\"@id\":\"https:\\\/\\\/www.tribunal-nature.org\\\/blog\\\/ne-manquez-pas-cet-article-les-procureurs-americains-sopposent-a-la-publication-des-raisons-de-la-perquisition-chez-trump\\\/#primaryimage\"},\"image\":{\"@id\":\"https:\\\/\\\/www.tribunal-nature.org\\\/blog\\\/ne-manquez-pas-cet-article-les-procureurs-americains-sopposent-a-la-publication-des-raisons-de-la-perquisition-chez-trump\\\/#primaryimage\"},\"thumbnailUrl\":\"https:\\\/\\\/www.tribunal-nature.org\\\/blog\\\/wp-content\\\/uploads\\\/2022\\\/08\\\/de-la-scaled.jpg\",\"datePublished\":\"2022-08-16T07:04:25+00:00\",\"description\":\"Ne manquez pas cet article : Les procureurs am\u00e9ricains s\u2019opposent \u00e0 la publication des raisons de la perquisition chez Trump article de TRIBUNAL-NATURE\",\"breadcrumb\":{\"@id\":\"https:\\\/\\\/www.tribunal-nature.org\\\/blog\\\/ne-manquez-pas-cet-article-les-procureurs-americains-sopposent-a-la-publication-des-raisons-de-la-perquisition-chez-trump\\\/#breadcrumb\"},\"inLanguage\":\"fr-FR\",\"potentialAction\":[{\"@type\":\"ReadAction\",\"target\":[\"https:\\\/\\\/www.tribunal-nature.org\\\/blog\\\/ne-manquez-pas-cet-article-les-procureurs-americains-sopposent-a-la-publication-des-raisons-de-la-perquisition-chez-trump\\\/\"]}]},{\"@type\":\"ImageObject\",\"inLanguage\":\"fr-FR\",\"@id\":\"https:\\\/\\\/www.tribunal-nature.org\\\/blog\\\/ne-manquez-pas-cet-article-les-procureurs-americains-sopposent-a-la-publication-des-raisons-de-la-perquisition-chez-trump\\\/#primaryimage\",\"url\":\"https:\\\/\\\/www.tribunal-nature.org\\\/blog\\\/wp-content\\\/uploads\\\/2022\\\/08\\\/de-la-scaled.jpg\",\"contentUrl\":\"https:\\\/\\\/www.tribunal-nature.org\\\/blog\\\/wp-content\\\/uploads\\\/2022\\\/08\\\/de-la-scaled.jpg\",\"width\":1707,\"height\":2560,\"caption\":\"de la\"},{\"@type\":\"BreadcrumbList\",\"@id\":\"https:\\\/\\\/www.tribunal-nature.org\\\/blog\\\/ne-manquez-pas-cet-article-les-procureurs-americains-sopposent-a-la-publication-des-raisons-de-la-perquisition-chez-trump\\\/#breadcrumb\",\"itemListElement\":[{\"@type\":\"ListItem\",\"position\":1,\"name\":\"Accueil\",\"item\":\"https:\\\/\\\/www.tribunal-nature.org\\\/blog\\\/\"},{\"@type\":\"ListItem\",\"position\":2,\"name\":\"Ne manquez pas cet article : Les procureurs am\u00e9ricains s\u2019opposent \u00e0 la publication des raisons de la perquisition chez Trump\"}]},{\"@type\":\"WebSite\",\"@id\":\"https:\\\/\\\/www.tribunal-nature.org\\\/blog\\\/#website\",\"url\":\"https:\\\/\\\/www.tribunal-nature.org\\\/blog\\\/\",\"name\":\"TRIBUNAL-NATURE\",\"description\":\"Droit De L&#039;Environnement.\",\"publisher\":{\"@id\":\"https:\\\/\\\/www.tribunal-nature.org\\\/blog\\\/#organization\"},\"potentialAction\":[{\"@type\":\"SearchAction\",\"target\":{\"@type\":\"EntryPoint\",\"urlTemplate\":\"https:\\\/\\\/www.tribunal-nature.org\\\/blog\\\/?s={search_term_string}\"},\"query-input\":{\"@type\":\"PropertyValueSpecification\",\"valueRequired\":true,\"valueName\":\"search_term_string\"}}],\"inLanguage\":\"fr-FR\"},{\"@type\":\"Organization\",\"@id\":\"https:\\\/\\\/www.tribunal-nature.org\\\/blog\\\/#organization\",\"name\":\"tribunal-nature\",\"url\":\"https:\\\/\\\/www.tribunal-nature.org\\\/blog\\\/\",\"logo\":{\"@type\":\"ImageObject\",\"inLanguage\":\"fr-FR\",\"@id\":\"https:\\\/\\\/www.tribunal-nature.org\\\/blog\\\/#\\\/schema\\\/logo\\\/image\\\/\",\"url\":\"https:\\\/\\\/www.tribunal-nature.org\\\/blog\\\/wp-content\\\/uploads\\\/2022\\\/05\\\/logo-2.png\",\"contentUrl\":\"https:\\\/\\\/www.tribunal-nature.org\\\/blog\\\/wp-content\\\/uploads\\\/2022\\\/05\\\/logo-2.png\",\"width\":180,\"height\":180,\"caption\":\"tribunal-nature\"},\"image\":{\"@id\":\"https:\\\/\\\/www.tribunal-nature.org\\\/blog\\\/#\\\/schema\\\/logo\\\/image\\\/\"}},{\"@type\":\"Person\",\"@id\":\"https:\\\/\\\/www.tribunal-nature.org\\\/blog\\\/#\\\/schema\\\/person\\\/55761caf7544da6b05b60523f2a0855f\",\"name\":\"Isabelle LOUBEAU\",\"image\":{\"@type\":\"ImageObject\",\"inLanguage\":\"fr-FR\",\"@id\":\"https:\\\/\\\/secure.gravatar.com\\\/avatar\\\/b6912620aca78633bf5d50400888815d3b38a1118e82b94050843f411f3f5972?s=96&d=mm&r=g\",\"url\":\"https:\\\/\\\/secure.gravatar.com\\\/avatar\\\/b6912620aca78633bf5d50400888815d3b38a1118e82b94050843f411f3f5972?s=96&d=mm&r=g\",\"contentUrl\":\"https:\\\/\\\/secure.gravatar.com\\\/avatar\\\/b6912620aca78633bf5d50400888815d3b38a1118e82b94050843f411f3f5972?s=96&d=mm&r=g\",\"caption\":\"Isabelle LOUBEAU\"},\"url\":\"https:\\\/\\\/www.tribunal-nature.org\\\/blog\\\/author\\\/ureisabelle\\\/\"}]}<\/script>\n<!-- \/ Yoast SEO plugin. -->","yoast_head_json":{"title":"Ne manquez pas cet article : Les procureurs am\u00e9ricains s\u2019opposent \u00e0 la publication des raisons de la perquisition chez Trump - TRIBUNAL-NATURE","description":"Ne manquez pas cet article : Les procureurs am\u00e9ricains s\u2019opposent \u00e0 la publication des raisons de la perquisition chez Trump article de TRIBUNAL-NATURE","robots":{"index":"index","follow":"follow","max-snippet":"max-snippet:-1","max-image-preview":"max-image-preview:large","max-video-preview":"max-video-preview:-1"},"canonical":"https:\/\/www.tribunal-nature.org\/blog\/ne-manquez-pas-cet-article-les-procureurs-americains-sopposent-a-la-publication-des-raisons-de-la-perquisition-chez-trump\/","og_locale":"fr_FR","og_type":"article","og_title":"Ne manquez pas cet article : Les procureurs am\u00e9ricains s\u2019opposent \u00e0 la publication des raisons de la perquisition chez Trump - TRIBUNAL-NATURE","og_description":"Ne manquez pas cet article : Les procureurs am\u00e9ricains s\u2019opposent \u00e0 la publication des raisons de la perquisition chez Trump article de TRIBUNAL-NATURE","og_url":"https:\/\/www.tribunal-nature.org\/blog\/ne-manquez-pas-cet-article-les-procureurs-americains-sopposent-a-la-publication-des-raisons-de-la-perquisition-chez-trump\/","og_site_name":"TRIBUNAL-NATURE","article_published_time":"2022-08-16T07:04:25+00:00","og_image":[{"width":1707,"height":2560,"url":"https:\/\/www.tribunal-nature.org\/blog\/wp-content\/uploads\/2022\/08\/de-la-scaled.jpg","type":"image\/jpeg"}],"author":"Isabelle LOUBEAU","twitter_card":"summary_large_image","twitter_misc":{"\u00c9crit par":"Isabelle LOUBEAU","Dur\u00e9e de lecture estim\u00e9e":"3 minutes"},"schema":{"@context":"https:\/\/schema.org","@graph":[{"@type":"Article","@id":"https:\/\/www.tribunal-nature.org\/blog\/ne-manquez-pas-cet-article-les-procureurs-americains-sopposent-a-la-publication-des-raisons-de-la-perquisition-chez-trump\/#article","isPartOf":{"@id":"https:\/\/www.tribunal-nature.org\/blog\/ne-manquez-pas-cet-article-les-procureurs-americains-sopposent-a-la-publication-des-raisons-de-la-perquisition-chez-trump\/"},"author":{"name":"Isabelle LOUBEAU","@id":"https:\/\/www.tribunal-nature.org\/blog\/#\/schema\/person\/55761caf7544da6b05b60523f2a0855f"},"headline":"Ne manquez pas cet article : Les procureurs am\u00e9ricains s\u2019opposent \u00e0 la publication des raisons de la perquisition chez Trump","datePublished":"2022-08-16T07:04:25+00:00","mainEntityOfPage":{"@id":"https:\/\/www.tribunal-nature.org\/blog\/ne-manquez-pas-cet-article-les-procureurs-americains-sopposent-a-la-publication-des-raisons-de-la-perquisition-chez-trump\/"},"wordCount":581,"publisher":{"@id":"https:\/\/www.tribunal-nature.org\/blog\/#organization"},"image":{"@id":"https:\/\/www.tribunal-nature.org\/blog\/ne-manquez-pas-cet-article-les-procureurs-americains-sopposent-a-la-publication-des-raisons-de-la-perquisition-chez-trump\/#primaryimage"},"thumbnailUrl":"https:\/\/www.tribunal-nature.org\/blog\/wp-content\/uploads\/2022\/08\/de-la-scaled.jpg","articleSection":["Droit De L'Environnement:"],"inLanguage":"fr-FR"},{"@type":"WebPage","@id":"https:\/\/www.tribunal-nature.org\/blog\/ne-manquez-pas-cet-article-les-procureurs-americains-sopposent-a-la-publication-des-raisons-de-la-perquisition-chez-trump\/","url":"https:\/\/www.tribunal-nature.org\/blog\/ne-manquez-pas-cet-article-les-procureurs-americains-sopposent-a-la-publication-des-raisons-de-la-perquisition-chez-trump\/","name":"Ne manquez pas cet article : Les procureurs am\u00e9ricains s\u2019opposent \u00e0 la publication des raisons de la perquisition chez Trump - TRIBUNAL-NATURE","isPartOf":{"@id":"https:\/\/www.tribunal-nature.org\/blog\/#website"},"primaryImageOfPage":{"@id":"https:\/\/www.tribunal-nature.org\/blog\/ne-manquez-pas-cet-article-les-procureurs-americains-sopposent-a-la-publication-des-raisons-de-la-perquisition-chez-trump\/#primaryimage"},"image":{"@id":"https:\/\/www.tribunal-nature.org\/blog\/ne-manquez-pas-cet-article-les-procureurs-americains-sopposent-a-la-publication-des-raisons-de-la-perquisition-chez-trump\/#primaryimage"},"thumbnailUrl":"https:\/\/www.tribunal-nature.org\/blog\/wp-content\/uploads\/2022\/08\/de-la-scaled.jpg","datePublished":"2022-08-16T07:04:25+00:00","description":"Ne manquez pas cet article : Les procureurs am\u00e9ricains s\u2019opposent \u00e0 la publication des raisons de la perquisition chez Trump article de TRIBUNAL-NATURE","breadcrumb":{"@id":"https:\/\/www.tribunal-nature.org\/blog\/ne-manquez-pas-cet-article-les-procureurs-americains-sopposent-a-la-publication-des-raisons-de-la-perquisition-chez-trump\/#breadcrumb"},"inLanguage":"fr-FR","potentialAction":[{"@type":"ReadAction","target":["https:\/\/www.tribunal-nature.org\/blog\/ne-manquez-pas-cet-article-les-procureurs-americains-sopposent-a-la-publication-des-raisons-de-la-perquisition-chez-trump\/"]}]},{"@type":"ImageObject","inLanguage":"fr-FR","@id":"https:\/\/www.tribunal-nature.org\/blog\/ne-manquez-pas-cet-article-les-procureurs-americains-sopposent-a-la-publication-des-raisons-de-la-perquisition-chez-trump\/#primaryimage","url":"https:\/\/www.tribunal-nature.org\/blog\/wp-content\/uploads\/2022\/08\/de-la-scaled.jpg","contentUrl":"https:\/\/www.tribunal-nature.org\/blog\/wp-content\/uploads\/2022\/08\/de-la-scaled.jpg","width":1707,"height":2560,"caption":"de la"},{"@type":"BreadcrumbList","@id":"https:\/\/www.tribunal-nature.org\/blog\/ne-manquez-pas-cet-article-les-procureurs-americains-sopposent-a-la-publication-des-raisons-de-la-perquisition-chez-trump\/#breadcrumb","itemListElement":[{"@type":"ListItem","position":1,"name":"Accueil","item":"https:\/\/www.tribunal-nature.org\/blog\/"},{"@type":"ListItem","position":2,"name":"Ne manquez pas cet article : Les procureurs am\u00e9ricains s\u2019opposent \u00e0 la publication des raisons de la perquisition chez Trump"}]},{"@type":"WebSite","@id":"https:\/\/www.tribunal-nature.org\/blog\/#website","url":"https:\/\/www.tribunal-nature.org\/blog\/","name":"TRIBUNAL-NATURE","description":"Droit De L&#039;Environnement.","publisher":{"@id":"https:\/\/www.tribunal-nature.org\/blog\/#organization"},"potentialAction":[{"@type":"SearchAction","target":{"@type":"EntryPoint","urlTemplate":"https:\/\/www.tribunal-nature.org\/blog\/?s={search_term_string}"},"query-input":{"@type":"PropertyValueSpecification","valueRequired":true,"valueName":"search_term_string"}}],"inLanguage":"fr-FR"},{"@type":"Organization","@id":"https:\/\/www.tribunal-nature.org\/blog\/#organization","name":"tribunal-nature","url":"https:\/\/www.tribunal-nature.org\/blog\/","logo":{"@type":"ImageObject","inLanguage":"fr-FR","@id":"https:\/\/www.tribunal-nature.org\/blog\/#\/schema\/logo\/image\/","url":"https:\/\/www.tribunal-nature.org\/blog\/wp-content\/uploads\/2022\/05\/logo-2.png","contentUrl":"https:\/\/www.tribunal-nature.org\/blog\/wp-content\/uploads\/2022\/05\/logo-2.png","width":180,"height":180,"caption":"tribunal-nature"},"image":{"@id":"https:\/\/www.tribunal-nature.org\/blog\/#\/schema\/logo\/image\/"}},{"@type":"Person","@id":"https:\/\/www.tribunal-nature.org\/blog\/#\/schema\/person\/55761caf7544da6b05b60523f2a0855f","name":"Isabelle LOUBEAU","image":{"@type":"ImageObject","inLanguage":"fr-FR","@id":"https:\/\/secure.gravatar.com\/avatar\/b6912620aca78633bf5d50400888815d3b38a1118e82b94050843f411f3f5972?s=96&d=mm&r=g","url":"https:\/\/secure.gravatar.com\/avatar\/b6912620aca78633bf5d50400888815d3b38a1118e82b94050843f411f3f5972?s=96&d=mm&r=g","contentUrl":"https:\/\/secure.gravatar.com\/avatar\/b6912620aca78633bf5d50400888815d3b38a1118e82b94050843f411f3f5972?s=96&d=mm&r=g","caption":"Isabelle LOUBEAU"},"url":"https:\/\/www.tribunal-nature.org\/blog\/author\/ureisabelle\/"}]}},"_links":{"self":[{"href":"https:\/\/www.tribunal-nature.org\/blog\/wp-json\/wp\/v2\/posts\/172","targetHints":{"allow":["GET"]}}],"collection":[{"href":"https:\/\/www.tribunal-nature.org\/blog\/wp-json\/wp\/v2\/posts"}],"about":[{"href":"https:\/\/www.tribunal-nature.org\/blog\/wp-json\/wp\/v2\/types\/post"}],"author":[{"embeddable":true,"href":"https:\/\/www.tribunal-nature.org\/blog\/wp-json\/wp\/v2\/users\/3"}],"replies":[{"embeddable":true,"href":"https:\/\/www.tribunal-nature.org\/blog\/wp-json\/wp\/v2\/comments?post=172"}],"version-history":[{"count":0,"href":"https:\/\/www.tribunal-nature.org\/blog\/wp-json\/wp\/v2\/posts\/172\/revisions"}],"wp:featuredmedia":[{"embeddable":true,"href":"https:\/\/www.tribunal-nature.org\/blog\/wp-json\/wp\/v2\/media\/173"}],"wp:attachment":[{"href":"https:\/\/www.tribunal-nature.org\/blog\/wp-json\/wp\/v2\/media?parent=172"}],"wp:term":[{"taxonomy":"category","embeddable":true,"href":"https:\/\/www.tribunal-nature.org\/blog\/wp-json\/wp\/v2\/categories?post=172"},{"taxonomy":"post_tag","embeddable":true,"href":"https:\/\/www.tribunal-nature.org\/blog\/wp-json\/wp\/v2\/tags?post=172"}],"curies":[{"name":"wp","href":"https:\/\/api.w.org\/{rel}","templated":true}]}}