{"id":1697,"date":"2026-04-29T15:04:21","date_gmt":"2026-04-29T13:04:21","guid":{"rendered":"https:\/\/www.tribunal-nature.org\/blog\/le-tribunal-se-prononce-sur-la-qualification-des-chutes-de-tabac-brut-comme-tabac-a-fumer-aux-fins-des-accises\/"},"modified":"2026-04-29T15:04:21","modified_gmt":"2026-04-29T13:04:21","slug":"le-tribunal-se-prononce-sur-la-qualification-des-chutes-de-tabac-brut-comme-tabac-a-fumer-aux-fins-des-accises","status":"publish","type":"post","link":"https:\/\/www.tribunal-nature.org\/blog\/le-tribunal-se-prononce-sur-la-qualification-des-chutes-de-tabac-brut-comme-tabac-a-fumer-aux-fins-des-accises\/","title":{"rendered":"Le Tribunal se prononce sur la qualification des chutes de tabac brut comme tabac \u00e0 fumer aux fins des accises"},"content":{"rendered":"<div>\n<div><meta charset=\"utf-8\"><meta http-equiv=\"x-ua-compatible\" content=\"ie=edge\"><meta name=\"viewport\" content=\"width=device-width, initial-scale=1\"><link href=\"https:\/\/eulawlive.com\/app\/images\/favicon.png\" rel=\"icon\"><meta property=\"twitter:image\" content=\"https:\/\/eulawlive.com\/app\/images\/linkedin-eulawlive-new-2024.png\"><meta property=\"og:image\" name=\"og:image\" content=\"https:\/\/eulawlive.com\/app\/images\/linkedin-eulawlive-new-2024.png\"><meta name=\"twitter:image\" content=\"https:\/\/eulawlive.com\/app\/images\/linkedin-eulawlive-new-2024.png\"><meta name=\"og:image\" content=\"https:\/\/eulawlive.com\/app\/images\/linkedin-eulawlive-new-2024.png\"><link type=\"text\/css\" media=\"all\" href=\"https:\/\/eulawlive.com\/app\/cache\/autoptimize\/css\/autoptimize_95b35c48fecb7a8de52650dc21a7cd4b.css\" rel=\"stylesheet\"><title>Le Tribunal se prononce sur la classification des chutes de tabac brut comme tabac \u00e0 fumer aux fins des accises \u2013 EU Law Live<\/title><meta name=\"robots\" content=\"max-snippet:-1, max-image-preview:large, max-video-preview:-1\"><link rel=\"canonical\" href=\"https:\/\/eulawlive.com\/the-general-court-rules-on-classification-of-raw-tobacco-scraps-as-smoking-tobacco-for-excise-duty-purposes\/\"><meta property=\"og:locale\" content=\"en_GB\"><meta property=\"og:type\" content=\"article\"><meta property=\"og:title\" content=\"The General Court rules on classification of raw tobacco scraps as smoking tobacco for excise duty purposes - EU Law Live\"><meta property=\"og:description\" content=\"The General Court has delivered a preliminary ruling on the interpretation of Article 5(1)(a) of Directive 2011\/64\/EU on the structure and rates of excise duty applicable to manufactured tobacco \u2026\"><meta property=\"og:url\" content=\"https:\/\/eulawlive.com\/the-general-court-rules-on-classification-of-raw-tobacco-scraps-as-smoking-tobacco-for-excise-duty-purposes\/\"><meta property=\"og:site_name\" content=\"EU Law Live\"><meta property=\"article:tag\" content=\"News\"><meta property=\"article:section\" content=\"Tax\"><meta property=\"article:published_time\" content=\"2026-04-29T09:30:28+00:00\"><meta property=\"article:modified_time\" content=\"2026-04-29T09:24:44+00:00\"><meta property=\"og:updated_time\" content=\"2026-04-29T09:24:44+00:00\"><meta property=\"og:image\" content=\"https:\/\/eulawlive.com\/app\/uploads\/linkedin_new.png\"><meta property=\"og:image:secure_url\" content=\"https:\/\/eulawlive.com\/app\/uploads\/linkedin_new.png\"><meta property=\"og:image:width\" content=\"450\"><meta property=\"og:image:height\" content=\"265\"><link rel=\"dns-prefetch\" href=\"https:\/\/code.jquery.com\"><meta property=\"og:image\" content=\"https:\/\/eulawlive.com\/logo-final.jpg\"><meta property=\"twitter:image\" content=\"https:\/\/eulawlive.com\/app\/images\/linkedin-eulawlive-new-2024.png\"><meta property=\"og:image\" name=\"og:image\" content=\"https:\/\/eulawlive.com\/app\/images\/linkedin-eulawlive-new-2024.png\"><meta name=\"twitter:image\" content=\"https:\/\/eulawlive.com\/app\/images\/linkedin-eulawlive-new-2024.png\"><meta name=\"og:image\" content=\"https:\/\/eulawlive.com\/app\/images\/linkedin-eulawlive-new-2024.png\">  <noscript><iframe src=\"https:\/\/www.googletagmanager.com\/ns.html?id=GTM-MGMJW89\" height=\"0\" width=\"0\" style=\"display:none;visibility:hidden\"><\/iframe><\/noscript>  <\/p>\n<nav id=\"sidenav\" class=\"pos-f t-0 r-0 ovy-s bg-cream-light transition-all py-30 px-30 zi-100 no-scrollbar\"><\/nav>\n<div class=\"wrap\" role=\"document\">\n<div class=\"content\"> <main class=\"main\" id=\"printableArea\"> <\/p>\n<div class=\"box mx-a contenidos-editor-posts mt-25 mt-lg-75\">\n<div class=\"d-f fxw-w\">\n<div class=\"col-print col-12 col-md-11 col-lg-10 col-xl-9 col-xxl-8 col-xxxl-7 mx-a mt-30 mb-25 px-15\">\n<div class=\"\">\n<p>    March\u00e9 int\u00e9rieur \u2013 Fiscalit\u00e9 <\/p>\n<p> <time class=\"updated ff-opensauce tt-u fz-11 fw-500 d-ib mb-20\" datetime=\"2026-04-29T09:30:28+00:00\">    Avril <span> 29, <span> 2026 <\/span><\/span><\/time> <\/p>\n<div class=\"contenidos ta-j\">\n<div class=\"ff-titilliumweb text-justify pos-r no-content\">\n<div class=\"no-pointer mb-45\">\n<p>Le Tribunal a rendu une question pr\u00e9judicielle sur l&rsquo;interpr\u00e9tation de l&rsquo;article 5, paragraphe 1, sous a), de la directive 2011\/64\/UE relative \u00e0 la structure et aux taux des accises applicables aux tabacs manufactur\u00e9s dans l&rsquo;affaire T\u2011194\/25 Scrap-Transporteur. L&rsquo;arr\u00eat concernait la classification des chutes de tabac brutes et non coup\u00e9es aux fins des droits d&rsquo;accises en vertu du droit de l&rsquo;UE.<\/p>\n<p>L&rsquo;affaire est n\u00e9e de la saisie en Allemagne en f\u00e9vrier 2017 de sept cartons de feuilles de tabac, pesant au total 1 225 kilogrammes, transport\u00e9s par Scrap-Transporteur pour le compte d&rsquo;une entreprise souhaitant utiliser ces marchandises dans la fabrication de tabac pour pipe \u00e0 eau. Les autorit\u00e9s douani\u00e8res allemandes ont consid\u00e9r\u00e9 les marchandises comme du tabac \u00e0 fumer soumis \u00e0 la taxe sur le tabac. Le transporteur de ferraille a contest\u00e9 le fait qu&rsquo;un<\/p>\n<\/div>\n<\/div>\n<\/div>\n<\/div>\n<\/div>\n<\/div>\n<\/div>\n<p><\/main> <\/div>\n<\/div>\n<div id=\"cookies-hidden\" class=\"pos-f bg-cream-light py-5 px-12 ovx-h cur-p bdrs-4 open-modal\" style=\"right: 3px; bottom:3px;border: 1px solid #bb7f72;\" data-toggle=\"modal\" data-modal=\"configCookies\"> <img decoding=\"async\" class=\"d-inline-block\" src=\"https:\/\/www.tribunal-nature.org\/blog\/wp-content\/uploads\/2026\/04\/La-Commission-envoie-une-communication-des-griefs-a-Apple-sur-1.png\" style=\"max-width: 16px;vertical-align: -3px;\"> <span class=\"text-primary fz-14 pl-5 c-brown\">Cookies<\/span> <\/div>\n<\/p>\n<\/div>\n<\/div>\n","protected":false},"excerpt":{"rendered":"<p>Le Tribunal se prononce sur la classification des chutes de tabac brut comme tabac \u00e0 fumer aux fins des accises&#8230;<\/p>\n","protected":false},"author":3,"featured_media":1698,"comment_status":"closed","ping_status":"closed","sticky":false,"template":"","format":"standard","meta":{"footnotes":""},"categories":[2],"tags":[],"class_list":["post-1697","post","type-post","status-publish","format-standard","has-post-thumbnail","hentry","category-droit-de-lenvironnement","wpcat-2-id"],"yoast_head":"<!-- This site is optimized with the Yoast SEO plugin v27.5 - https:\/\/yoast.com\/product\/yoast-seo-wordpress\/ -->\n<title>Le Tribunal se prononce sur la qualification des chutes de tabac brut comme tabac \u00e0 fumer aux fins des accises - TRIBUNAL-NATURE<\/title>\n<meta name=\"description\" content=\"Le Tribunal se prononce sur la qualification des chutes de tabac brut comme tabac \u00e0 fumer aux fins des accises article de TRIBUNAL-NATURE\" \/>\n<meta name=\"robots\" content=\"index, follow, max-snippet:-1, max-image-preview:large, max-video-preview:-1\" \/>\n<link rel=\"canonical\" href=\"https:\/\/www.tribunal-nature.org\/blog\/le-tribunal-se-prononce-sur-la-qualification-des-chutes-de-tabac-brut-comme-tabac-a-fumer-aux-fins-des-accises\/\" \/>\n<meta property=\"og:locale\" content=\"fr_FR\" \/>\n<meta property=\"og:type\" content=\"article\" \/>\n<meta property=\"og:title\" content=\"Le Tribunal se prononce sur la qualification des chutes de tabac brut comme tabac \u00e0 fumer aux fins des accises - TRIBUNAL-NATURE\" \/>\n<meta property=\"og:description\" content=\"Le Tribunal se prononce sur la qualification des chutes de tabac brut comme tabac \u00e0 fumer aux fins des accises article de TRIBUNAL-NATURE\" \/>\n<meta property=\"og:url\" content=\"https:\/\/www.tribunal-nature.org\/blog\/le-tribunal-se-prononce-sur-la-qualification-des-chutes-de-tabac-brut-comme-tabac-a-fumer-aux-fins-des-accises\/\" \/>\n<meta property=\"og:site_name\" content=\"TRIBUNAL-NATURE\" \/>\n<meta property=\"article:published_time\" content=\"2026-04-29T13:04:21+00:00\" \/>\n<meta property=\"og:image\" content=\"https:\/\/www.tribunal-nature.org\/blog\/wp-content\/uploads\/2026\/04\/La-Commission-envoie-une-communication-des-griefs-a-Apple-sur-1.png\" \/>\n<meta name=\"author\" content=\"Isabelle LOUBEAU\" \/>\n<meta name=\"twitter:card\" content=\"summary_large_image\" \/>\n<meta name=\"twitter:label1\" content=\"\u00c9crit par\" \/>\n\t<meta name=\"twitter:data1\" content=\"Isabelle LOUBEAU\" \/>\n\t<meta name=\"twitter:label2\" content=\"Dur\u00e9e de lecture estim\u00e9e\" \/>\n\t<meta name=\"twitter:data2\" content=\"1 minute\" \/>\n<script type=\"application\/ld+json\" class=\"yoast-schema-graph\">{\"@context\":\"https:\\\/\\\/schema.org\",\"@graph\":[{\"@type\":\"Article\",\"@id\":\"https:\\\/\\\/www.tribunal-nature.org\\\/blog\\\/le-tribunal-se-prononce-sur-la-qualification-des-chutes-de-tabac-brut-comme-tabac-a-fumer-aux-fins-des-accises\\\/#article\",\"isPartOf\":{\"@id\":\"https:\\\/\\\/www.tribunal-nature.org\\\/blog\\\/le-tribunal-se-prononce-sur-la-qualification-des-chutes-de-tabac-brut-comme-tabac-a-fumer-aux-fins-des-accises\\\/\"},\"author\":{\"name\":\"Isabelle LOUBEAU\",\"@id\":\"https:\\\/\\\/www.tribunal-nature.org\\\/blog\\\/#\\\/schema\\\/person\\\/55761caf7544da6b05b60523f2a0855f\"},\"headline\":\"Le Tribunal se prononce sur la qualification des chutes de tabac brut comme tabac \u00e0 fumer aux fins des accises\",\"datePublished\":\"2026-04-29T13:04:21+00:00\",\"mainEntityOfPage\":{\"@id\":\"https:\\\/\\\/www.tribunal-nature.org\\\/blog\\\/le-tribunal-se-prononce-sur-la-qualification-des-chutes-de-tabac-brut-comme-tabac-a-fumer-aux-fins-des-accises\\\/\"},\"wordCount\":192,\"publisher\":{\"@id\":\"https:\\\/\\\/www.tribunal-nature.org\\\/blog\\\/#organization\"},\"image\":{\"@id\":\"https:\\\/\\\/www.tribunal-nature.org\\\/blog\\\/le-tribunal-se-prononce-sur-la-qualification-des-chutes-de-tabac-brut-comme-tabac-a-fumer-aux-fins-des-accises\\\/#primaryimage\"},\"thumbnailUrl\":\"https:\\\/\\\/www.tribunal-nature.org\\\/blog\\\/wp-content\\\/uploads\\\/2026\\\/04\\\/La-Commission-envoie-une-communication-des-griefs-a-Apple-sur-1.png\",\"articleSection\":[\"Droit De L'Environnement:\"],\"inLanguage\":\"fr-FR\"},{\"@type\":\"WebPage\",\"@id\":\"https:\\\/\\\/www.tribunal-nature.org\\\/blog\\\/le-tribunal-se-prononce-sur-la-qualification-des-chutes-de-tabac-brut-comme-tabac-a-fumer-aux-fins-des-accises\\\/\",\"url\":\"https:\\\/\\\/www.tribunal-nature.org\\\/blog\\\/le-tribunal-se-prononce-sur-la-qualification-des-chutes-de-tabac-brut-comme-tabac-a-fumer-aux-fins-des-accises\\\/\",\"name\":\"Le Tribunal se prononce sur la qualification des chutes de tabac brut comme tabac \u00e0 fumer aux fins des accises - TRIBUNAL-NATURE\",\"isPartOf\":{\"@id\":\"https:\\\/\\\/www.tribunal-nature.org\\\/blog\\\/#website\"},\"primaryImageOfPage\":{\"@id\":\"https:\\\/\\\/www.tribunal-nature.org\\\/blog\\\/le-tribunal-se-prononce-sur-la-qualification-des-chutes-de-tabac-brut-comme-tabac-a-fumer-aux-fins-des-accises\\\/#primaryimage\"},\"image\":{\"@id\":\"https:\\\/\\\/www.tribunal-nature.org\\\/blog\\\/le-tribunal-se-prononce-sur-la-qualification-des-chutes-de-tabac-brut-comme-tabac-a-fumer-aux-fins-des-accises\\\/#primaryimage\"},\"thumbnailUrl\":\"https:\\\/\\\/www.tribunal-nature.org\\\/blog\\\/wp-content\\\/uploads\\\/2026\\\/04\\\/La-Commission-envoie-une-communication-des-griefs-a-Apple-sur-1.png\",\"datePublished\":\"2026-04-29T13:04:21+00:00\",\"description\":\"Le Tribunal se prononce sur la qualification des chutes de tabac brut comme tabac \u00e0 fumer aux fins des accises article de TRIBUNAL-NATURE\",\"breadcrumb\":{\"@id\":\"https:\\\/\\\/www.tribunal-nature.org\\\/blog\\\/le-tribunal-se-prononce-sur-la-qualification-des-chutes-de-tabac-brut-comme-tabac-a-fumer-aux-fins-des-accises\\\/#breadcrumb\"},\"inLanguage\":\"fr-FR\",\"potentialAction\":[{\"@type\":\"ReadAction\",\"target\":[\"https:\\\/\\\/www.tribunal-nature.org\\\/blog\\\/le-tribunal-se-prononce-sur-la-qualification-des-chutes-de-tabac-brut-comme-tabac-a-fumer-aux-fins-des-accises\\\/\"]}]},{\"@type\":\"ImageObject\",\"inLanguage\":\"fr-FR\",\"@id\":\"https:\\\/\\\/www.tribunal-nature.org\\\/blog\\\/le-tribunal-se-prononce-sur-la-qualification-des-chutes-de-tabac-brut-comme-tabac-a-fumer-aux-fins-des-accises\\\/#primaryimage\",\"url\":\"https:\\\/\\\/www.tribunal-nature.org\\\/blog\\\/wp-content\\\/uploads\\\/2026\\\/04\\\/La-Commission-envoie-une-communication-des-griefs-a-Apple-sur-1.png\",\"contentUrl\":\"https:\\\/\\\/www.tribunal-nature.org\\\/blog\\\/wp-content\\\/uploads\\\/2026\\\/04\\\/La-Commission-envoie-une-communication-des-griefs-a-Apple-sur-1.png\",\"width\":32,\"height\":32,\"caption\":\"La Commission envoie une communication des griefs a Apple sur 1\"},{\"@type\":\"BreadcrumbList\",\"@id\":\"https:\\\/\\\/www.tribunal-nature.org\\\/blog\\\/le-tribunal-se-prononce-sur-la-qualification-des-chutes-de-tabac-brut-comme-tabac-a-fumer-aux-fins-des-accises\\\/#breadcrumb\",\"itemListElement\":[{\"@type\":\"ListItem\",\"position\":1,\"name\":\"Accueil\",\"item\":\"https:\\\/\\\/www.tribunal-nature.org\\\/blog\\\/\"},{\"@type\":\"ListItem\",\"position\":2,\"name\":\"Le Tribunal se prononce sur la qualification des chutes de tabac brut comme tabac \u00e0 fumer aux fins des accises\"}]},{\"@type\":\"WebSite\",\"@id\":\"https:\\\/\\\/www.tribunal-nature.org\\\/blog\\\/#website\",\"url\":\"https:\\\/\\\/www.tribunal-nature.org\\\/blog\\\/\",\"name\":\"TRIBUNAL-NATURE\",\"description\":\"Droit De L&#039;Environnement.\",\"publisher\":{\"@id\":\"https:\\\/\\\/www.tribunal-nature.org\\\/blog\\\/#organization\"},\"potentialAction\":[{\"@type\":\"SearchAction\",\"target\":{\"@type\":\"EntryPoint\",\"urlTemplate\":\"https:\\\/\\\/www.tribunal-nature.org\\\/blog\\\/?s={search_term_string}\"},\"query-input\":{\"@type\":\"PropertyValueSpecification\",\"valueRequired\":true,\"valueName\":\"search_term_string\"}}],\"inLanguage\":\"fr-FR\"},{\"@type\":\"Organization\",\"@id\":\"https:\\\/\\\/www.tribunal-nature.org\\\/blog\\\/#organization\",\"name\":\"tribunal-nature\",\"url\":\"https:\\\/\\\/www.tribunal-nature.org\\\/blog\\\/\",\"logo\":{\"@type\":\"ImageObject\",\"inLanguage\":\"fr-FR\",\"@id\":\"https:\\\/\\\/www.tribunal-nature.org\\\/blog\\\/#\\\/schema\\\/logo\\\/image\\\/\",\"url\":\"https:\\\/\\\/www.tribunal-nature.org\\\/blog\\\/wp-content\\\/uploads\\\/2022\\\/05\\\/logo-2.png\",\"contentUrl\":\"https:\\\/\\\/www.tribunal-nature.org\\\/blog\\\/wp-content\\\/uploads\\\/2022\\\/05\\\/logo-2.png\",\"width\":180,\"height\":180,\"caption\":\"tribunal-nature\"},\"image\":{\"@id\":\"https:\\\/\\\/www.tribunal-nature.org\\\/blog\\\/#\\\/schema\\\/logo\\\/image\\\/\"}},{\"@type\":\"Person\",\"@id\":\"https:\\\/\\\/www.tribunal-nature.org\\\/blog\\\/#\\\/schema\\\/person\\\/55761caf7544da6b05b60523f2a0855f\",\"name\":\"Isabelle LOUBEAU\",\"image\":{\"@type\":\"ImageObject\",\"inLanguage\":\"fr-FR\",\"@id\":\"https:\\\/\\\/secure.gravatar.com\\\/avatar\\\/b6912620aca78633bf5d50400888815d3b38a1118e82b94050843f411f3f5972?s=96&d=mm&r=g\",\"url\":\"https:\\\/\\\/secure.gravatar.com\\\/avatar\\\/b6912620aca78633bf5d50400888815d3b38a1118e82b94050843f411f3f5972?s=96&d=mm&r=g\",\"contentUrl\":\"https:\\\/\\\/secure.gravatar.com\\\/avatar\\\/b6912620aca78633bf5d50400888815d3b38a1118e82b94050843f411f3f5972?s=96&d=mm&r=g\",\"caption\":\"Isabelle LOUBEAU\"},\"url\":\"https:\\\/\\\/www.tribunal-nature.org\\\/blog\\\/author\\\/ureisabelle\\\/\"}]}<\/script>\n<!-- \/ Yoast SEO plugin. -->","yoast_head_json":{"title":"Le Tribunal se prononce sur la qualification des chutes de tabac brut comme tabac \u00e0 fumer aux fins des accises - TRIBUNAL-NATURE","description":"Le Tribunal se prononce sur la qualification des chutes de tabac brut comme tabac \u00e0 fumer aux fins des accises article de TRIBUNAL-NATURE","robots":{"index":"index","follow":"follow","max-snippet":"max-snippet:-1","max-image-preview":"max-image-preview:large","max-video-preview":"max-video-preview:-1"},"canonical":"https:\/\/www.tribunal-nature.org\/blog\/le-tribunal-se-prononce-sur-la-qualification-des-chutes-de-tabac-brut-comme-tabac-a-fumer-aux-fins-des-accises\/","og_locale":"fr_FR","og_type":"article","og_title":"Le Tribunal se prononce sur la qualification des chutes de tabac brut comme tabac \u00e0 fumer aux fins des accises - TRIBUNAL-NATURE","og_description":"Le Tribunal se prononce sur la qualification des chutes de tabac brut comme tabac \u00e0 fumer aux fins des accises article de TRIBUNAL-NATURE","og_url":"https:\/\/www.tribunal-nature.org\/blog\/le-tribunal-se-prononce-sur-la-qualification-des-chutes-de-tabac-brut-comme-tabac-a-fumer-aux-fins-des-accises\/","og_site_name":"TRIBUNAL-NATURE","article_published_time":"2026-04-29T13:04:21+00:00","og_image":[{"url":"https:\/\/www.tribunal-nature.org\/blog\/wp-content\/uploads\/2026\/04\/La-Commission-envoie-une-communication-des-griefs-a-Apple-sur-1.png","type":"","width":"","height":""}],"author":"Isabelle LOUBEAU","twitter_card":"summary_large_image","twitter_misc":{"\u00c9crit par":"Isabelle LOUBEAU","Dur\u00e9e de lecture estim\u00e9e":"1 minute"},"schema":{"@context":"https:\/\/schema.org","@graph":[{"@type":"Article","@id":"https:\/\/www.tribunal-nature.org\/blog\/le-tribunal-se-prononce-sur-la-qualification-des-chutes-de-tabac-brut-comme-tabac-a-fumer-aux-fins-des-accises\/#article","isPartOf":{"@id":"https:\/\/www.tribunal-nature.org\/blog\/le-tribunal-se-prononce-sur-la-qualification-des-chutes-de-tabac-brut-comme-tabac-a-fumer-aux-fins-des-accises\/"},"author":{"name":"Isabelle LOUBEAU","@id":"https:\/\/www.tribunal-nature.org\/blog\/#\/schema\/person\/55761caf7544da6b05b60523f2a0855f"},"headline":"Le Tribunal se prononce sur la qualification des chutes de tabac brut comme tabac \u00e0 fumer aux fins des accises","datePublished":"2026-04-29T13:04:21+00:00","mainEntityOfPage":{"@id":"https:\/\/www.tribunal-nature.org\/blog\/le-tribunal-se-prononce-sur-la-qualification-des-chutes-de-tabac-brut-comme-tabac-a-fumer-aux-fins-des-accises\/"},"wordCount":192,"publisher":{"@id":"https:\/\/www.tribunal-nature.org\/blog\/#organization"},"image":{"@id":"https:\/\/www.tribunal-nature.org\/blog\/le-tribunal-se-prononce-sur-la-qualification-des-chutes-de-tabac-brut-comme-tabac-a-fumer-aux-fins-des-accises\/#primaryimage"},"thumbnailUrl":"https:\/\/www.tribunal-nature.org\/blog\/wp-content\/uploads\/2026\/04\/La-Commission-envoie-une-communication-des-griefs-a-Apple-sur-1.png","articleSection":["Droit De L'Environnement:"],"inLanguage":"fr-FR"},{"@type":"WebPage","@id":"https:\/\/www.tribunal-nature.org\/blog\/le-tribunal-se-prononce-sur-la-qualification-des-chutes-de-tabac-brut-comme-tabac-a-fumer-aux-fins-des-accises\/","url":"https:\/\/www.tribunal-nature.org\/blog\/le-tribunal-se-prononce-sur-la-qualification-des-chutes-de-tabac-brut-comme-tabac-a-fumer-aux-fins-des-accises\/","name":"Le Tribunal se prononce sur la qualification des chutes de tabac brut comme tabac \u00e0 fumer aux fins des accises - TRIBUNAL-NATURE","isPartOf":{"@id":"https:\/\/www.tribunal-nature.org\/blog\/#website"},"primaryImageOfPage":{"@id":"https:\/\/www.tribunal-nature.org\/blog\/le-tribunal-se-prononce-sur-la-qualification-des-chutes-de-tabac-brut-comme-tabac-a-fumer-aux-fins-des-accises\/#primaryimage"},"image":{"@id":"https:\/\/www.tribunal-nature.org\/blog\/le-tribunal-se-prononce-sur-la-qualification-des-chutes-de-tabac-brut-comme-tabac-a-fumer-aux-fins-des-accises\/#primaryimage"},"thumbnailUrl":"https:\/\/www.tribunal-nature.org\/blog\/wp-content\/uploads\/2026\/04\/La-Commission-envoie-une-communication-des-griefs-a-Apple-sur-1.png","datePublished":"2026-04-29T13:04:21+00:00","description":"Le Tribunal se prononce sur la qualification des chutes de tabac brut comme tabac \u00e0 fumer aux fins des accises article de TRIBUNAL-NATURE","breadcrumb":{"@id":"https:\/\/www.tribunal-nature.org\/blog\/le-tribunal-se-prononce-sur-la-qualification-des-chutes-de-tabac-brut-comme-tabac-a-fumer-aux-fins-des-accises\/#breadcrumb"},"inLanguage":"fr-FR","potentialAction":[{"@type":"ReadAction","target":["https:\/\/www.tribunal-nature.org\/blog\/le-tribunal-se-prononce-sur-la-qualification-des-chutes-de-tabac-brut-comme-tabac-a-fumer-aux-fins-des-accises\/"]}]},{"@type":"ImageObject","inLanguage":"fr-FR","@id":"https:\/\/www.tribunal-nature.org\/blog\/le-tribunal-se-prononce-sur-la-qualification-des-chutes-de-tabac-brut-comme-tabac-a-fumer-aux-fins-des-accises\/#primaryimage","url":"https:\/\/www.tribunal-nature.org\/blog\/wp-content\/uploads\/2026\/04\/La-Commission-envoie-une-communication-des-griefs-a-Apple-sur-1.png","contentUrl":"https:\/\/www.tribunal-nature.org\/blog\/wp-content\/uploads\/2026\/04\/La-Commission-envoie-une-communication-des-griefs-a-Apple-sur-1.png","width":32,"height":32,"caption":"La Commission envoie une communication des griefs a Apple sur 1"},{"@type":"BreadcrumbList","@id":"https:\/\/www.tribunal-nature.org\/blog\/le-tribunal-se-prononce-sur-la-qualification-des-chutes-de-tabac-brut-comme-tabac-a-fumer-aux-fins-des-accises\/#breadcrumb","itemListElement":[{"@type":"ListItem","position":1,"name":"Accueil","item":"https:\/\/www.tribunal-nature.org\/blog\/"},{"@type":"ListItem","position":2,"name":"Le Tribunal se prononce sur la qualification des chutes de tabac brut comme tabac \u00e0 fumer aux fins des accises"}]},{"@type":"WebSite","@id":"https:\/\/www.tribunal-nature.org\/blog\/#website","url":"https:\/\/www.tribunal-nature.org\/blog\/","name":"TRIBUNAL-NATURE","description":"Droit De L&#039;Environnement.","publisher":{"@id":"https:\/\/www.tribunal-nature.org\/blog\/#organization"},"potentialAction":[{"@type":"SearchAction","target":{"@type":"EntryPoint","urlTemplate":"https:\/\/www.tribunal-nature.org\/blog\/?s={search_term_string}"},"query-input":{"@type":"PropertyValueSpecification","valueRequired":true,"valueName":"search_term_string"}}],"inLanguage":"fr-FR"},{"@type":"Organization","@id":"https:\/\/www.tribunal-nature.org\/blog\/#organization","name":"tribunal-nature","url":"https:\/\/www.tribunal-nature.org\/blog\/","logo":{"@type":"ImageObject","inLanguage":"fr-FR","@id":"https:\/\/www.tribunal-nature.org\/blog\/#\/schema\/logo\/image\/","url":"https:\/\/www.tribunal-nature.org\/blog\/wp-content\/uploads\/2022\/05\/logo-2.png","contentUrl":"https:\/\/www.tribunal-nature.org\/blog\/wp-content\/uploads\/2022\/05\/logo-2.png","width":180,"height":180,"caption":"tribunal-nature"},"image":{"@id":"https:\/\/www.tribunal-nature.org\/blog\/#\/schema\/logo\/image\/"}},{"@type":"Person","@id":"https:\/\/www.tribunal-nature.org\/blog\/#\/schema\/person\/55761caf7544da6b05b60523f2a0855f","name":"Isabelle LOUBEAU","image":{"@type":"ImageObject","inLanguage":"fr-FR","@id":"https:\/\/secure.gravatar.com\/avatar\/b6912620aca78633bf5d50400888815d3b38a1118e82b94050843f411f3f5972?s=96&d=mm&r=g","url":"https:\/\/secure.gravatar.com\/avatar\/b6912620aca78633bf5d50400888815d3b38a1118e82b94050843f411f3f5972?s=96&d=mm&r=g","contentUrl":"https:\/\/secure.gravatar.com\/avatar\/b6912620aca78633bf5d50400888815d3b38a1118e82b94050843f411f3f5972?s=96&d=mm&r=g","caption":"Isabelle LOUBEAU"},"url":"https:\/\/www.tribunal-nature.org\/blog\/author\/ureisabelle\/"}]}},"_links":{"self":[{"href":"https:\/\/www.tribunal-nature.org\/blog\/wp-json\/wp\/v2\/posts\/1697","targetHints":{"allow":["GET"]}}],"collection":[{"href":"https:\/\/www.tribunal-nature.org\/blog\/wp-json\/wp\/v2\/posts"}],"about":[{"href":"https:\/\/www.tribunal-nature.org\/blog\/wp-json\/wp\/v2\/types\/post"}],"author":[{"embeddable":true,"href":"https:\/\/www.tribunal-nature.org\/blog\/wp-json\/wp\/v2\/users\/3"}],"replies":[{"embeddable":true,"href":"https:\/\/www.tribunal-nature.org\/blog\/wp-json\/wp\/v2\/comments?post=1697"}],"version-history":[{"count":0,"href":"https:\/\/www.tribunal-nature.org\/blog\/wp-json\/wp\/v2\/posts\/1697\/revisions"}],"wp:featuredmedia":[{"embeddable":true,"href":"https:\/\/www.tribunal-nature.org\/blog\/wp-json\/wp\/v2\/media\/1698"}],"wp:attachment":[{"href":"https:\/\/www.tribunal-nature.org\/blog\/wp-json\/wp\/v2\/media?parent=1697"}],"wp:term":[{"taxonomy":"category","embeddable":true,"href":"https:\/\/www.tribunal-nature.org\/blog\/wp-json\/wp\/v2\/categories?post=1697"},{"taxonomy":"post_tag","embeddable":true,"href":"https:\/\/www.tribunal-nature.org\/blog\/wp-json\/wp\/v2\/tags?post=1697"}],"curies":[{"name":"wp","href":"https:\/\/api.w.org\/{rel}","templated":true}]}}